{"id":9855,"date":"2023-03-08T09:26:51","date_gmt":"2023-03-08T08:26:51","guid":{"rendered":"https:\/\/lehrer-werden-in-sachsen.de\/stage\/?p=9855"},"modified":"2025-10-10T12:00:02","modified_gmt":"2025-10-10T10:00:02","slug":"ethik-als-lehramtsfach","status":"publish","type":"post","link":"https:\/\/lehrer-werden-in-sachsen.de\/stage\/ethik-als-lehramtsfach\/","title":{"rendered":"Was macht Ethik als Lehramtsfach aus?"},"content":{"rendered":"\t\t<div data-elementor-type=\"wp-post\" data-elementor-id=\"9855\" class=\"elementor elementor-9855\" data-elementor-post-type=\"post\">\n\t\t\t\t\t\t<section class=\"elementor-section elementor-top-section elementor-element elementor-element-59d4dc7 elementor-section-boxed elementor-section-height-default elementor-section-height-default\" data-id=\"59d4dc7\" data-element_type=\"section\" data-e-type=\"section\">\n\t\t\t\t\t\t<div class=\"elementor-container elementor-column-gap-default\">\n\t\t\t\t\t<div class=\"elementor-column elementor-col-100 elementor-top-column elementor-element elementor-element-a408cab\" data-id=\"a408cab\" data-element_type=\"column\" data-e-type=\"column\">\n\t\t\t<div class=\"elementor-widget-wrap elementor-element-populated\">\n\t\t\t\t\t\t<div class=\"elementor-element elementor-element-6131845 elementor-widget elementor-widget-heading\" data-id=\"6131845\" data-element_type=\"widget\" data-e-type=\"widget\" data-widget_type=\"heading.default\">\n\t\t\t\t<div class=\"elementor-widget-container\">\n\t\t\t\t\t<h2 class=\"elementor-heading-title elementor-size-default\">Mit den Philosophen von morgen zusammenarbeiten<\/h2>\t\t\t\t<\/div>\n\t\t\t\t<\/div>\n\t\t\t\t\t<\/div>\n\t\t<\/div>\n\t\t\t\t\t<\/div>\n\t\t<\/section>\n\t\t\t\t<section class=\"elementor-section elementor-top-section elementor-element elementor-element-e57083f elementor-section-boxed elementor-section-height-default elementor-section-height-default\" data-id=\"e57083f\" data-element_type=\"section\" data-e-type=\"section\">\n\t\t\t\t\t\t<div class=\"elementor-container elementor-column-gap-default\">\n\t\t\t\t\t<div class=\"elementor-column elementor-col-100 elementor-top-column elementor-element elementor-element-56bd201\" data-id=\"56bd201\" data-element_type=\"column\" data-e-type=\"column\">\n\t\t\t<div class=\"elementor-widget-wrap elementor-element-populated\">\n\t\t\t\t\t\t<div class=\"elementor-element elementor-element-4e40972 elementor-widget elementor-widget-text-editor\" data-id=\"4e40972\" data-element_type=\"widget\" data-e-type=\"widget\" data-widget_type=\"text-editor.default\">\n\t\t\t\t<div class=\"elementor-widget-container\">\n\t\t\t\t\t\t\t\t\t<p><strong>Dich faszinieren die gro\u00dfen Fragen der Menschheit? Du denkst gerne \u00fcber den Sinn der Dinge nach und gr\u00e4bst dich mit Begeisterung in komplexe Themen und Texte rein? Dann ist Ethik mit gro\u00dfer Wahrscheinlichkeit das richtige Lehramtsfach f\u00fcr dich.<\/strong><\/p>\t\t\t\t\t\t\t\t<\/div>\n\t\t\t\t<\/div>\n\t\t\t\t\t<\/div>\n\t\t<\/div>\n\t\t\t\t\t<\/div>\n\t\t<\/section>\n\t\t\t\t<section class=\"elementor-section elementor-top-section elementor-element elementor-element-b99ea21 elementor-section-boxed elementor-section-height-default elementor-section-height-default\" data-id=\"b99ea21\" data-element_type=\"section\" data-e-type=\"section\">\n\t\t\t\t\t\t<div class=\"elementor-container elementor-column-gap-default\">\n\t\t\t\t\t<div class=\"elementor-column elementor-col-100 elementor-top-column elementor-element elementor-element-5de90f6\" data-id=\"5de90f6\" data-element_type=\"column\" data-e-type=\"column\">\n\t\t\t<div class=\"elementor-widget-wrap elementor-element-populated\">\n\t\t\t\t\t\t\t<\/div>\n\t\t<\/div>\n\t\t\t\t\t<\/div>\n\t\t<\/section>\n\t\t\t\t<section class=\"elementor-section elementor-top-section elementor-element elementor-element-0287271 elementor-section-boxed elementor-section-height-default elementor-section-height-default\" data-id=\"0287271\" data-element_type=\"section\" data-e-type=\"section\">\n\t\t\t\t\t\t<div class=\"elementor-container elementor-column-gap-default\">\n\t\t\t\t\t<div class=\"elementor-column elementor-col-100 elementor-top-column elementor-element elementor-element-924569d\" data-id=\"924569d\" data-element_type=\"column\" data-e-type=\"column\">\n\t\t\t<div class=\"elementor-widget-wrap elementor-element-populated\">\n\t\t\t\t\t\t<div class=\"elementor-element elementor-element-0380894 elementor-widget elementor-widget-heading\" data-id=\"0380894\" data-element_type=\"widget\" data-e-type=\"widget\" data-widget_type=\"heading.default\">\n\t\t\t\t<div class=\"elementor-widget-container\">\n\t\t\t\t\t<h2 class=\"elementor-heading-title elementor-size-default\">3 Gr\u00fcnde f\u00fcr Ethik als Lehramtsfach<\/h2>\t\t\t\t<\/div>\n\t\t\t\t<\/div>\n\t\t\t\t\t<\/div>\n\t\t<\/div>\n\t\t\t\t\t<\/div>\n\t\t<\/section>\n\t\t\t\t<section class=\"elementor-section elementor-top-section elementor-element elementor-element-650f75c elementor-section-boxed elementor-section-height-default elementor-section-height-default\" data-id=\"650f75c\" data-element_type=\"section\" data-e-type=\"section\">\n\t\t\t\t\t\t<div class=\"elementor-container elementor-column-gap-default\">\n\t\t\t\t\t<div class=\"elementor-column elementor-col-100 elementor-top-column elementor-element elementor-element-9b6518a\" data-id=\"9b6518a\" data-element_type=\"column\" data-e-type=\"column\">\n\t\t\t<div class=\"elementor-widget-wrap elementor-element-populated\">\n\t\t\t\t\t\t<div class=\"elementor-element elementor-element-490d66d elementor-widget elementor-widget-text-editor\" data-id=\"490d66d\" data-element_type=\"widget\" data-e-type=\"widget\" data-widget_type=\"text-editor.default\">\n\t\t\t\t<div class=\"elementor-widget-container\">\n\t\t\t\t\t\t\t\t\t<ol><li><strong>Du hast es im Unterricht nur mit Naturtalenten zu tun. <\/strong>Kinder sind bereits von Natur aus Philosophen. Sie fasziniert und besch\u00e4ftigt das Leben von klein an. Sie staunen \u00fcber Erscheinungen und hinterfragen sie, wenn diese f\u00fcr sie nicht erkl\u00e4rbar sind. Sie stellen von sich aus bereits zahlreiche ethische Fragen zur Existenz, zum Wesen von Gut und B\u00f6se oder zu einem gelungenen Leben. Du hast es also leicht, sie f\u00fcr dein Fach zu begeistern, kannst gemeinsam mit ihnen philosophieren und sie dabei unterst\u00fctzen, m\u00f6gliche Antworten auf ihre Fragen zu finden.<br \/><br \/><\/li><li><strong>In Ethik gibt es kein \u201erichtig\u201c und \u201efalsch\u201c. <\/strong>Als Ethiklehrerin oder -lehrer \u00fcbernimmst du f\u00fcr die Sch\u00fclerinnen und Sch\u00fcler vor allem eine beratende Funktion. Du unterst\u00fctzt sie dabei, ihre gro\u00dfen Fragen an die Welt f\u00fcr sich zu betrachten, gibst ihnen Impulse, \u00f6ffnest Grenzen und sensibilisierst sie f\u00fcr andere Denkweisen \u2013 eine wichtige und verantwortungsvolle Aufgabe, die viele T\u00fcren \u00f6ffnen und damit die Gemeinschaft weiterbringen kann.<br \/><br \/><\/li><li><strong>Der Unterricht steckt voller \u00dcberraschungen und bringt dich selbst weiter.<\/strong>\u00a0Obwohl deine Sch\u00fclerinnen und Sch\u00fcler h\u00e4ufig noch keine Vorstellung vom Philosophiebegriff per se haben und der Unterricht mit ihnen sicherlich nicht auf dem fachlichen Niveau der Seminardiskussionen in der Uni sein wird, er\u00f6ffnen ihre Fragestellungen mitrei\u00dfende philosophische Gespr\u00e4chsdimensionen. Du wirst erleben, dass auch in den J\u00fcngsten dabei schon ganz viel Weisheit steckt und sie dich vermutlich \u00f6fter mit ihren Antworten verbl\u00fcfft und nachdenklich zur\u00fccklassen<\/li><\/ol>\t\t\t\t\t\t\t\t<\/div>\n\t\t\t\t<\/div>\n\t\t\t\t\t<\/div>\n\t\t<\/div>\n\t\t\t\t\t<\/div>\n\t\t<\/section>\n\t\t\t\t<section class=\"elementor-section elementor-top-section elementor-element elementor-element-a9b6b50 elementor-section-boxed elementor-section-height-default elementor-section-height-default\" data-id=\"a9b6b50\" data-element_type=\"section\" data-e-type=\"section\">\n\t\t\t\t\t\t<div class=\"elementor-container elementor-column-gap-default\">\n\t\t\t\t\t<div class=\"elementor-column elementor-col-100 elementor-top-column elementor-element elementor-element-ad12ff0\" data-id=\"ad12ff0\" data-element_type=\"column\" data-e-type=\"column\">\n\t\t\t<div class=\"elementor-widget-wrap elementor-element-populated\">\n\t\t\t\t\t\t\t<\/div>\n\t\t<\/div>\n\t\t\t\t\t<\/div>\n\t\t<\/section>\n\t\t\t\t<section class=\"elementor-section elementor-top-section elementor-element elementor-element-3ef7197 elementor-section-boxed elementor-section-height-default elementor-section-height-default\" data-id=\"3ef7197\" data-element_type=\"section\" data-e-type=\"section\">\n\t\t\t\t\t\t<div class=\"elementor-container elementor-column-gap-default\">\n\t\t\t\t\t<div class=\"elementor-column elementor-col-100 elementor-top-column elementor-element elementor-element-db434a6\" data-id=\"db434a6\" data-element_type=\"column\" data-e-type=\"column\">\n\t\t\t<div class=\"elementor-widget-wrap elementor-element-populated\">\n\t\t\t\t\t\t<div class=\"elementor-element elementor-element-a483500 elementor-widget elementor-widget-heading\" data-id=\"a483500\" data-element_type=\"widget\" data-e-type=\"widget\" data-widget_type=\"heading.default\">\n\t\t\t\t<div class=\"elementor-widget-container\">\n\t\t\t\t\t<h2 class=\"elementor-heading-title elementor-size-default\">Das Ethikstudium <\/h2>\t\t\t\t<\/div>\n\t\t\t\t<\/div>\n\t\t\t\t\t<\/div>\n\t\t<\/div>\n\t\t\t\t\t<\/div>\n\t\t<\/section>\n\t\t\t\t<section class=\"elementor-section elementor-top-section elementor-element elementor-element-ab852f0 elementor-section-boxed elementor-section-height-default elementor-section-height-default\" data-id=\"ab852f0\" data-element_type=\"section\" data-e-type=\"section\">\n\t\t\t\t\t\t<div class=\"elementor-container elementor-column-gap-default\">\n\t\t\t\t\t<div class=\"elementor-column elementor-col-100 elementor-top-column elementor-element elementor-element-91f91d3\" data-id=\"91f91d3\" data-element_type=\"column\" data-e-type=\"column\">\n\t\t\t<div class=\"elementor-widget-wrap elementor-element-populated\">\n\t\t\t\t\t\t<div class=\"elementor-element elementor-element-4899578 elementor-widget elementor-widget-text-editor\" data-id=\"4899578\" data-element_type=\"widget\" data-e-type=\"widget\" data-widget_type=\"text-editor.default\">\n\t\t\t\t<div class=\"elementor-widget-container\">\n\t\t\t\t\t\t\t\t\t<p class=\"paragraph\" style=\"vertical-align: baseline;\"><span class=\"normaltextrun\"><span style=\"color: #202122; background: white;\">Das Lehramtsfach Ethik \/ Philosophie kannst du an allen drei Universit\u00e4ten Sachsens studieren. Dresden und Leipzig bieten Studieng\u00e4nge f\u00fcr die Schulformen Grundschule, Oberschule und Gymnasium; an der Universit\u00e4t Chemnitz kannst du Ethik \/ Philosophie f\u00fcr die Schulform Grundschule studieren.\u00a0Grunds\u00e4tzlich ist das Ziel dieses Faches, die Welt und dadurch die Rolle des Menschen in ihr zu verstehen. Das Studium teilt sich in<b> <\/b>die drei Bereiche<b> Praktische Philosophie, Theoretische Philosophie <\/b>und<b> Fachdidaktik <\/b>auf.<\/span><\/span> <span class=\"normaltextrun\"><span style=\"color: #202122; background: white;\">Die praktische Philosophie dreht sich um die menschliche Praxis, also um Themen wie Politik, Ethik oder Recht. Die Inhalte sind unter anderem:\u00a0zentrale Theorien der philosophischen Ethik<\/span><\/span><span class=\"eop\"><span style=\"color: #202122;\">, <\/span><\/span><span class=\"normaltextrun\"><span style=\"color: #202122; background: white;\">Willensfreiheit, Verantwortlichkeit und Gewissen<\/span><\/span><span class=\"eop\"><span style=\"color: #202122;\">, <\/span><\/span><span class=\"normaltextrun\"><span style=\"color: #202122; background: white;\">Menschenrechte, Freiheit, Gleichheit, Gerechtigkeit<\/span><\/span><span class=\"eop\"><span style=\"color: #202122;\"> und <\/span><\/span><span class=\"normaltextrun\"><span style=\"color: #202122; background: white;\">Weltreligionen<\/span><\/span><span class=\"eop\"><span style=\"color: #202122;\">.<br \/><br \/><\/span><\/span><\/p><p class=\"paragraph\" style=\"vertical-align: baseline;\"><span class=\"normaltextrun\"><span style=\"color: #202122; background: white;\">Die theoretische Philosophie befasst sich mit dem Verst\u00e4ndnis der Welt. Sie umfasst Teilbereiche wie Metaphysik, Erkenntnistheorie und Sprachphilosophie. Dazu z\u00e4hlen unter anderem:\u00a0ethische, politische und sozialphilosophische Theorien in Geschichte und Gegenwart<\/span><\/span><span class=\"eop\"><span style=\"color: #202122;\">. Du wirst dich hier auch mit <\/span><\/span><span class=\"normaltextrun\"><span style=\"color: #202122; background: white;\">Erkenntnis- und Wissenschaftstheorie, Theorien der Wahrheit und Objektivit\u00e4t, Philosophie des Geistes, Sprachphilosophie, Ontologie, Logik und Argumentationstheorie<\/span><\/span><span class=\"eop\"><span style=\"color: #202122;\">\u00a0besch\u00e4ftigen. Und du lernst mehr zu<\/span><\/span> <span class=\"normaltextrun\"><span style=\"color: #202122; background: white;\">Ph\u00e4nomenologie, Hermeneutik, Pragmatismus, analytischer Philosophie, Konstruktivismus und Dialektik<\/span><\/span><span class=\"eop\"><span style=\"color: #202122;\">.<br \/><br \/><\/span><\/span><\/p><p class=\"paragraph\" style=\"vertical-align: baseline;\"><span class=\"eop\"><span style=\"color: #202122;\">Schlie\u00dflich wirst du i<\/span><\/span><span class=\"normaltextrun\"><span style=\"color: #202122; background: white;\">m dritten Bereich, der Fachdidaktik, an das Philosophieren mit Kindern und Jugendlichen herangef\u00fchrt und lernst konkret, wie du Ethik sp\u00e4ter an deine Sch\u00fclerinnen und Sch\u00fcler vermitteln kannst. Du erh\u00e4ltst methodisches Wissen f\u00fcr die Planung, Durchf\u00fchrung und Auswertung deines Ethikunterrichts. Hier geht es also konkret um<\/span><\/span> <span class=\"normaltextrun\"><span style=\"color: #202122; background: white;\">Inhalte, Lehr- und Lernziele und Medien\u00a0<\/span><\/span><span class=\"eop\"><span style=\"color: #202122;\">sowie <\/span><\/span><span class=\"normaltextrun\"><span style=\"color: #202122; background: white;\">Vorbereitung, Gestaltung und Nachbereitung von Unterrichtseinheiten<\/span><\/span><span class=\"eop\"><span style=\"color: #202122;\">.<\/span><\/span><\/p>\t\t\t\t\t\t\t\t<\/div>\n\t\t\t\t<\/div>\n\t\t\t\t\t<\/div>\n\t\t<\/div>\n\t\t\t\t\t<\/div>\n\t\t<\/section>\n\t\t\t\t<section class=\"elementor-section elementor-top-section elementor-element elementor-element-66203f5 elementor-section-boxed elementor-section-height-default elementor-section-height-default\" data-id=\"66203f5\" data-element_type=\"section\" data-e-type=\"section\">\n\t\t\t\t\t\t<div class=\"elementor-container elementor-column-gap-default\">\n\t\t\t\t\t<div class=\"elementor-column elementor-col-100 elementor-top-column elementor-element elementor-element-bfb6811\" data-id=\"bfb6811\" data-element_type=\"column\" data-e-type=\"column\">\n\t\t\t<div class=\"elementor-widget-wrap elementor-element-populated\">\n\t\t\t\t\t\t\t<\/div>\n\t\t<\/div>\n\t\t\t\t\t<\/div>\n\t\t<\/section>\n\t\t\t\t<section class=\"elementor-section elementor-top-section elementor-element elementor-element-9194b14 elementor-section-boxed elementor-section-height-default elementor-section-height-default\" data-id=\"9194b14\" data-element_type=\"section\" data-e-type=\"section\">\n\t\t\t\t\t\t<div class=\"elementor-container elementor-column-gap-default\">\n\t\t\t\t\t<div class=\"elementor-column elementor-col-100 elementor-top-column elementor-element elementor-element-551798a\" data-id=\"551798a\" data-element_type=\"column\" data-e-type=\"column\">\n\t\t\t<div class=\"elementor-widget-wrap elementor-element-populated\">\n\t\t\t\t\t\t<div class=\"elementor-element elementor-element-103e556 elementor-widget elementor-widget-heading\" data-id=\"103e556\" data-element_type=\"widget\" data-e-type=\"widget\" data-widget_type=\"heading.default\">\n\t\t\t\t<div class=\"elementor-widget-container\">\n\t\t\t\t\t<h2 class=\"elementor-heading-title elementor-size-default\">Welche Voraussetzungen musst du f\u00fcr das Studium der Ethik\/ Philosophie erf\u00fcllen?   <\/h2>\t\t\t\t<\/div>\n\t\t\t\t<\/div>\n\t\t\t\t\t<\/div>\n\t\t<\/div>\n\t\t\t\t\t<\/div>\n\t\t<\/section>\n\t\t\t\t<section class=\"elementor-section elementor-top-section elementor-element elementor-element-7f4f6c4 elementor-section-boxed elementor-section-height-default elementor-section-height-default\" data-id=\"7f4f6c4\" data-element_type=\"section\" data-e-type=\"section\">\n\t\t\t\t\t\t<div class=\"elementor-container elementor-column-gap-default\">\n\t\t\t\t\t<div class=\"elementor-column elementor-col-100 elementor-top-column elementor-element elementor-element-1a06e33\" data-id=\"1a06e33\" data-element_type=\"column\" data-e-type=\"column\">\n\t\t\t<div class=\"elementor-widget-wrap elementor-element-populated\">\n\t\t\t\t\t\t<div class=\"elementor-element elementor-element-57d66d3 elementor-widget elementor-widget-text-editor\" data-id=\"57d66d3\" data-element_type=\"widget\" data-e-type=\"widget\" data-widget_type=\"text-editor.default\">\n\t\t\t\t<div class=\"elementor-widget-container\">\n\t\t\t\t\t\t\t\t\t<ul><li>Allgemeine Hochschulreife (Abitur) oder Fachgebundene Hochschule bzw. Fachhochschulreife (Fachabitur) oder einen vergleichbaren Schulabschluss oder eine bestimmte berufliche Qualifikation\u00a0<\/li><li>Nachweis \u00fcber Englischkenntnisse<\/li><li>Du solltest die F\u00e4higkeit mitbringen, dich in komplexe Ideen einzuarbeiten.<\/li><li>Du solltest viel Freude an Textarbeit haben.<\/li><li>Analytische F\u00e4higkeiten sind grunds\u00e4tzlich von Vorteil.<\/li><\/ul>\t\t\t\t\t\t\t\t<\/div>\n\t\t\t\t<\/div>\n\t\t\t\t\t<\/div>\n\t\t<\/div>\n\t\t\t\t\t<\/div>\n\t\t<\/section>\n\t\t\t\t<section class=\"elementor-section elementor-top-section elementor-element elementor-element-2de7dae elementor-section-boxed elementor-section-height-default elementor-section-height-default\" data-id=\"2de7dae\" data-element_type=\"section\" data-e-type=\"section\">\n\t\t\t\t\t\t<div class=\"elementor-container elementor-column-gap-default\">\n\t\t\t\t\t<div class=\"elementor-column elementor-col-100 elementor-top-column elementor-element elementor-element-f656443\" data-id=\"f656443\" data-element_type=\"column\" data-e-type=\"column\">\n\t\t\t<div class=\"elementor-widget-wrap elementor-element-populated\">\n\t\t\t\t\t\t\t<\/div>\n\t\t<\/div>\n\t\t\t\t\t<\/div>\n\t\t<\/section>\n\t\t\t\t<section class=\"elementor-section elementor-top-section elementor-element elementor-element-32cdc3c elementor-section-boxed elementor-section-height-default elementor-section-height-default\" data-id=\"32cdc3c\" data-element_type=\"section\" data-e-type=\"section\">\n\t\t\t\t\t\t<div class=\"elementor-container elementor-column-gap-default\">\n\t\t\t\t\t<div class=\"elementor-column elementor-col-100 elementor-top-column elementor-element elementor-element-c1cd103\" data-id=\"c1cd103\" data-element_type=\"column\" data-e-type=\"column\">\n\t\t\t<div class=\"elementor-widget-wrap elementor-element-populated\">\n\t\t\t\t\t\t<div class=\"elementor-element elementor-element-98d6a78 elementor-widget elementor-widget-heading\" data-id=\"98d6a78\" data-element_type=\"widget\" data-e-type=\"widget\" data-widget_type=\"heading.default\">\n\t\t\t\t<div class=\"elementor-widget-container\">\n\t\t\t\t\t<h2 class=\"elementor-heading-title elementor-size-default\">Neugierig geworden?<\/h2>\t\t\t\t<\/div>\n\t\t\t\t<\/div>\n\t\t\t\t\t<\/div>\n\t\t<\/div>\n\t\t\t\t\t<\/div>\n\t\t<\/section>\n\t\t\t\t<section class=\"elementor-section elementor-top-section elementor-element elementor-element-cabbf8b elementor-section-boxed elementor-section-height-default elementor-section-height-default\" data-id=\"cabbf8b\" data-element_type=\"section\" data-e-type=\"section\">\n\t\t\t\t\t\t<div class=\"elementor-container elementor-column-gap-default\">\n\t\t\t\t\t<div class=\"elementor-column elementor-col-100 elementor-top-column elementor-element elementor-element-e201c90\" data-id=\"e201c90\" data-element_type=\"column\" data-e-type=\"column\">\n\t\t\t<div class=\"elementor-widget-wrap elementor-element-populated\">\n\t\t\t\t\t\t<div class=\"elementor-element elementor-element-66f9587 elementor-widget elementor-widget-text-editor\" data-id=\"66f9587\" data-element_type=\"widget\" data-e-type=\"widget\" data-widget_type=\"text-editor.default\">\n\t\t\t\t<div class=\"elementor-widget-container\">\n\t\t\t\t\t\t\t\t\t<p>Wir haben eine angehende Ethiklehrerin zu ihrem Studium befragt. Vor ihrem <a href=\"https:\/\/lehrer-werden-in-sachsen.de\\\\\/kims-einstieg-ins-abenteuer-lehramt\/\" title=\"Kims Einstieg ins Abenteuer Lehramt\">Blockpraktikum\u00a0<\/a> hat uns Kim bereits erkl\u00e4rt, weswegen sie Sport und vor allem Ethik auf Lehramt studiert: \u201eIch habe meinen Gegenpol Philosophie, also das Schulfach Ethik, wo ich mich zur\u00fcckziehen und viele Texte und gro\u00dfe Gedanken lesen, diskutieren und weiterspinnen kann. Ich habe mir fest vorgenommen, als Lehrerin keine Menschen \u00e4ndern zu wollen, sondern ihnen vor allem neue Perspektiven zu zeigen und zu er\u00f6ffnen. Genau daf\u00fcr sind meine beiden F\u00e4cher ideal geeignet.\u201c Ihr Traumberuf Lehrerin hat sich durch ihr Blockpraktikum nur best\u00e4tigt.<\/p><p><a href=\"https:\/\/lehrer-werden-in-sachsen.de\\\\\/kims-abenteuerreise-lehramt\/\" title=\"Kims Abenteuerreise Lehramt\">Hier<\/a>\u00a0kannst du die pers\u00f6nlichen Erfahrungen von Kim nachlesen. Vielleicht k\u00f6nnen dir ihre Einblicke bei der Entscheidung helfen, ob Ethik \/ Philosophie das Richtige f\u00fcr dich ist!<\/p>\t\t\t\t\t\t\t\t<\/div>\n\t\t\t\t<\/div>\n\t\t\t\t\t<\/div>\n\t\t<\/div>\n\t\t\t\t\t<\/div>\n\t\t<\/section>\n\t\t\t\t<section class=\"elementor-section elementor-top-section elementor-element elementor-element-ed2936b elementor-section-boxed elementor-section-height-default elementor-section-height-default\" data-id=\"ed2936b\" data-element_type=\"section\" data-e-type=\"section\">\n\t\t\t\t\t\t<div class=\"elementor-container elementor-column-gap-default\">\n\t\t\t\t\t<div class=\"elementor-column elementor-col-100 elementor-top-column elementor-element elementor-element-495c38a\" data-id=\"495c38a\" data-element_type=\"column\" data-e-type=\"column\">\n\t\t\t<div class=\"elementor-widget-wrap elementor-element-populated\">\n\t\t\t\t\t\t<div class=\"elementor-element elementor-element-25f36ed elementor-widget elementor-widget-text-editor\" data-id=\"25f36ed\" data-element_type=\"widget\" data-e-type=\"widget\" data-widget_type=\"text-editor.default\">\n\t\t\t\t<div class=\"elementor-widget-container\">\n\t\t\t\t\t\t\t\t\t<h3>Du bist dir noch unsicher, welches Fach wirklich zu dir passt? Dann mach jetzt unser <a href=\"https:\/\/lehrer-werden-in-sachsen.de\\\\\/faecher-waehlen\/faecher-quiz\/\" title=\"F\u00e4cherquiz\">F\u00e4cherquiz<\/a> und finde dein Lieblingsfach.<\/h3>\t\t\t\t\t\t\t\t<\/div>\n\t\t\t\t<\/div>\n\t\t\t\t\t<\/div>\n\t\t<\/div>\n\t\t\t\t\t<\/div>\n\t\t<\/section>\n\t\t\t\t<\/div>\n\t\t","protected":false},"excerpt":{"rendered":"<p>Mit den Philosophen von morgen zusammenarbeiten. Ob Ethik als Lehramtsfach f\u00fcr dich die richtige Wahl ist, erf\u00e4hrst du in diesem Blogbeitrag.<\/p>\n","protected":false},"author":13,"featured_media":9856,"comment_status":"closed","ping_status":"closed","sticky":false,"template":"","format":"standard","meta":{"footnotes":""},"categories":[46],"tags":[94,199],"class_list":["post-9855","post","type-post","status-publish","format-standard","has-post-thumbnail","hentry","category-blog","tag-lehramtsstudium","tag-schulfach"],"yoast_head":"<!-- This site is optimized with the Yoast SEO plugin v27.3 - https:\/\/yoast.com\/product\/yoast-seo-wordpress\/ -->\n<title>LEHRERIN SACHSEN | Ethik als Lehramtsfach<\/title>\n<meta name=\"description\" content=\"Mit den Philosophen von morgen zusammenarbeiten - erfahre hier, ob Ethik als Lehramtsfach die richtige Wahl f\u00fcr dich ist.\" \/>\n<meta name=\"robots\" content=\"index, follow, max-snippet:-1, max-image-preview:large, max-video-preview:-1\" \/>\n<link rel=\"canonical\" href=\"https:\/\/lehrer-werden-in-sachsen.de\/ethik-als-lehramtsfach\/\" \/>\n<meta property=\"og:locale\" content=\"de_DE\" \/>\n<meta property=\"og:type\" content=\"article\" \/>\n<meta property=\"og:title\" content=\"LEHRERIN SACHSEN | Ethik als Lehramtsfach\" \/>\n<meta property=\"og:description\" content=\"Mit den Philosophen von morgen zusammenarbeiten - erfahre hier, ob Ethik als Lehramtsfach die richtige Wahl f\u00fcr dich ist.\" \/>\n<meta property=\"og:url\" content=\"https:\/\/lehrer-werden-in-sachsen.de\/ethik-als-lehramtsfach\/\" \/>\n<meta property=\"og:site_name\" content=\"LEHRERIN SACHSEN\" \/>\n<meta property=\"article:published_time\" content=\"2023-03-08T08:26:51+00:00\" \/>\n<meta property=\"article:modified_time\" content=\"2025-10-10T10:00:02+00:00\" \/>\n<meta property=\"og:image\" content=\"https:\/\/lehrer-werden-in-sachsen.de\/wp-content\/uploads\/2023\/03\/lehrer-schuler-laptop-nah-2.jpeg\" \/>\n\t<meta property=\"og:image:width\" content=\"1920\" \/>\n\t<meta property=\"og:image:height\" content=\"970\" \/>\n\t<meta property=\"og:image:type\" content=\"image\/jpeg\" \/>\n<meta name=\"author\" content=\"Maria Kretschmann\" \/>\n<meta name=\"twitter:card\" content=\"summary_large_image\" \/>\n<meta name=\"twitter:label1\" content=\"Verfasst von\" \/>\n\t<meta name=\"twitter:data1\" content=\"Maria Kretschmann\" \/>\n\t<meta name=\"twitter:label2\" content=\"Gesch\u00e4tzte Lesezeit\" \/>\n\t<meta name=\"twitter:data2\" content=\"5\u00a0Minuten\" \/>\n<script type=\"application\/ld+json\" class=\"yoast-schema-graph\">{\"@context\":\"https:\\\/\\\/schema.org\",\"@graph\":[{\"@type\":\"Article\",\"@id\":\"https:\\\/\\\/lehrer-werden-in-sachsen.de\\\/ethik-als-lehramtsfach\\\/#article\",\"isPartOf\":{\"@id\":\"https:\\\/\\\/lehrer-werden-in-sachsen.de\\\/ethik-als-lehramtsfach\\\/\"},\"author\":{\"name\":\"Maria Kretschmann\",\"@id\":\"https:\\\/\\\/lehrer-werden-in-sachsen.de\\\/#\\\/schema\\\/person\\\/4a127ffcfbf4e52ff0f66dcd7b4a5cc1\"},\"headline\":\"Was macht Ethik als Lehramtsfach aus?\",\"datePublished\":\"2023-03-08T08:26:51+00:00\",\"dateModified\":\"2025-10-10T10:00:02+00:00\",\"mainEntityOfPage\":{\"@id\":\"https:\\\/\\\/lehrer-werden-in-sachsen.de\\\/ethik-als-lehramtsfach\\\/\"},\"wordCount\":779,\"publisher\":{\"@id\":\"https:\\\/\\\/lehrer-werden-in-sachsen.de\\\/#organization\"},\"image\":{\"@id\":\"https:\\\/\\\/lehrer-werden-in-sachsen.de\\\/ethik-als-lehramtsfach\\\/#primaryimage\"},\"thumbnailUrl\":\"https:\\\/\\\/lehrer-werden-in-sachsen.de\\\/stage\\\/wp-content\\\/uploads\\\/2023\\\/03\\\/lehrer-schuler-laptop-nah-2.jpeg\",\"keywords\":[\"Lehramtsstudium\",\"Schulfach\"],\"articleSection\":[\"Blog\"],\"inLanguage\":\"de\"},{\"@type\":\"WebPage\",\"@id\":\"https:\\\/\\\/lehrer-werden-in-sachsen.de\\\/ethik-als-lehramtsfach\\\/\",\"url\":\"https:\\\/\\\/lehrer-werden-in-sachsen.de\\\/ethik-als-lehramtsfach\\\/\",\"name\":\"LEHRERIN SACHSEN | Ethik als Lehramtsfach\",\"isPartOf\":{\"@id\":\"https:\\\/\\\/lehrer-werden-in-sachsen.de\\\/#website\"},\"primaryImageOfPage\":{\"@id\":\"https:\\\/\\\/lehrer-werden-in-sachsen.de\\\/ethik-als-lehramtsfach\\\/#primaryimage\"},\"image\":{\"@id\":\"https:\\\/\\\/lehrer-werden-in-sachsen.de\\\/ethik-als-lehramtsfach\\\/#primaryimage\"},\"thumbnailUrl\":\"https:\\\/\\\/lehrer-werden-in-sachsen.de\\\/stage\\\/wp-content\\\/uploads\\\/2023\\\/03\\\/lehrer-schuler-laptop-nah-2.jpeg\",\"datePublished\":\"2023-03-08T08:26:51+00:00\",\"dateModified\":\"2025-10-10T10:00:02+00:00\",\"description\":\"Mit den Philosophen von morgen zusammenarbeiten - erfahre hier, ob Ethik als Lehramtsfach die richtige Wahl f\u00fcr dich ist.\",\"breadcrumb\":{\"@id\":\"https:\\\/\\\/lehrer-werden-in-sachsen.de\\\/ethik-als-lehramtsfach\\\/#breadcrumb\"},\"inLanguage\":\"de\",\"potentialAction\":[{\"@type\":\"ReadAction\",\"target\":[\"https:\\\/\\\/lehrer-werden-in-sachsen.de\\\/ethik-als-lehramtsfach\\\/\"]}]},{\"@type\":\"ImageObject\",\"inLanguage\":\"de\",\"@id\":\"https:\\\/\\\/lehrer-werden-in-sachsen.de\\\/ethik-als-lehramtsfach\\\/#primaryimage\",\"url\":\"https:\\\/\\\/lehrer-werden-in-sachsen.de\\\/stage\\\/wp-content\\\/uploads\\\/2023\\\/03\\\/lehrer-schuler-laptop-nah-2.jpeg\",\"contentUrl\":\"https:\\\/\\\/lehrer-werden-in-sachsen.de\\\/stage\\\/wp-content\\\/uploads\\\/2023\\\/03\\\/lehrer-schuler-laptop-nah-2.jpeg\",\"width\":1920,\"height\":970,\"caption\":\"Lehrer zeigt Sch\u00fclern auf einem Laptop w\u00e4hrend einer Unterrichtsstunde in einem modernen Raum.\"},{\"@type\":\"BreadcrumbList\",\"@id\":\"https:\\\/\\\/lehrer-werden-in-sachsen.de\\\/ethik-als-lehramtsfach\\\/#breadcrumb\",\"itemListElement\":[{\"@type\":\"ListItem\",\"position\":1,\"name\":\"Startseite\",\"item\":\"https:\\\/\\\/lehrer-werden-in-sachsen.de\\\/\"},{\"@type\":\"ListItem\",\"position\":2,\"name\":\"Was macht Ethik als Lehramtsfach aus?\"}]},{\"@type\":\"WebSite\",\"@id\":\"https:\\\/\\\/lehrer-werden-in-sachsen.de\\\/#website\",\"url\":\"https:\\\/\\\/lehrer-werden-in-sachsen.de\\\/\",\"name\":\"LEHRERIN SACHSEN\",\"description\":\"Eine Klasse f\u00fcr sich.\",\"publisher\":{\"@id\":\"https:\\\/\\\/lehrer-werden-in-sachsen.de\\\/#organization\"},\"potentialAction\":[{\"@type\":\"SearchAction\",\"target\":{\"@type\":\"EntryPoint\",\"urlTemplate\":\"https:\\\/\\\/lehrer-werden-in-sachsen.de\\\/?s={search_term_string}\"},\"query-input\":{\"@type\":\"PropertyValueSpecification\",\"valueRequired\":true,\"valueName\":\"search_term_string\"}}],\"inLanguage\":\"de\"},{\"@type\":\"Organization\",\"@id\":\"https:\\\/\\\/lehrer-werden-in-sachsen.de\\\/#organization\",\"name\":\"LEHRERIN SACHSEN\",\"url\":\"https:\\\/\\\/lehrer-werden-in-sachsen.de\\\/\",\"logo\":{\"@type\":\"ImageObject\",\"inLanguage\":\"de\",\"@id\":\"https:\\\/\\\/lehrer-werden-in-sachsen.de\\\/#\\\/schema\\\/logo\\\/image\\\/\",\"url\":\"https:\\\/\\\/lehrer-werden-in-sachsen.de\\\/stage\\\/wp-content\\\/uploads\\\/2022\\\/02\\\/SMK_Leherin-Sachsen-Marke_RGB_Violett-Orange.svg\",\"contentUrl\":\"https:\\\/\\\/lehrer-werden-in-sachsen.de\\\/stage\\\/wp-content\\\/uploads\\\/2022\\\/02\\\/SMK_Leherin-Sachsen-Marke_RGB_Violett-Orange.svg\",\"caption\":\"LEHRERIN SACHSEN\"},\"image\":{\"@id\":\"https:\\\/\\\/lehrer-werden-in-sachsen.de\\\/#\\\/schema\\\/logo\\\/image\\\/\"}},{\"@type\":\"Person\",\"@id\":\"https:\\\/\\\/lehrer-werden-in-sachsen.de\\\/#\\\/schema\\\/person\\\/4a127ffcfbf4e52ff0f66dcd7b4a5cc1\",\"name\":\"Maria Kretschmann\",\"image\":{\"@type\":\"ImageObject\",\"inLanguage\":\"de\",\"@id\":\"https:\\\/\\\/secure.gravatar.com\\\/avatar\\\/785963a239158e0d036c182ccde6b24c2d0822b83af8ab1b3773045a106114df?s=96&d=mm&r=g\",\"url\":\"https:\\\/\\\/secure.gravatar.com\\\/avatar\\\/785963a239158e0d036c182ccde6b24c2d0822b83af8ab1b3773045a106114df?s=96&d=mm&r=g\",\"contentUrl\":\"https:\\\/\\\/secure.gravatar.com\\\/avatar\\\/785963a239158e0d036c182ccde6b24c2d0822b83af8ab1b3773045a106114df?s=96&d=mm&r=g\",\"caption\":\"Maria Kretschmann\"},\"url\":\"https:\\\/\\\/lehrer-werden-in-sachsen.de\\\/stage\\\/author\\\/maria-kretschmann\\\/\"}]}<\/script>\n<!-- \/ Yoast SEO plugin. -->","yoast_head_json":{"title":"LEHRERIN SACHSEN | Ethik als Lehramtsfach","description":"Mit den Philosophen von morgen zusammenarbeiten - erfahre hier, ob Ethik als Lehramtsfach die richtige Wahl f\u00fcr dich ist.","robots":{"index":"index","follow":"follow","max-snippet":"max-snippet:-1","max-image-preview":"max-image-preview:large","max-video-preview":"max-video-preview:-1"},"canonical":"https:\/\/lehrer-werden-in-sachsen.de\/ethik-als-lehramtsfach\/","og_locale":"de_DE","og_type":"article","og_title":"LEHRERIN SACHSEN | Ethik als Lehramtsfach","og_description":"Mit den Philosophen von morgen zusammenarbeiten - erfahre hier, ob Ethik als Lehramtsfach die richtige Wahl f\u00fcr dich ist.","og_url":"https:\/\/lehrer-werden-in-sachsen.de\/ethik-als-lehramtsfach\/","og_site_name":"LEHRERIN SACHSEN","article_published_time":"2023-03-08T08:26:51+00:00","article_modified_time":"2025-10-10T10:00:02+00:00","og_image":[{"width":1920,"height":970,"url":"https:\/\/lehrer-werden-in-sachsen.de\/wp-content\/uploads\/2023\/03\/lehrer-schuler-laptop-nah-2.jpeg","type":"image\/jpeg"}],"author":"Maria Kretschmann","twitter_card":"summary_large_image","twitter_misc":{"Verfasst von":"Maria Kretschmann","Gesch\u00e4tzte Lesezeit":"5\u00a0Minuten"},"schema":{"@context":"https:\/\/schema.org","@graph":[{"@type":"Article","@id":"https:\/\/lehrer-werden-in-sachsen.de\/ethik-als-lehramtsfach\/#article","isPartOf":{"@id":"https:\/\/lehrer-werden-in-sachsen.de\/ethik-als-lehramtsfach\/"},"author":{"name":"Maria Kretschmann","@id":"https:\/\/lehrer-werden-in-sachsen.de\/#\/schema\/person\/4a127ffcfbf4e52ff0f66dcd7b4a5cc1"},"headline":"Was macht Ethik als Lehramtsfach aus?","datePublished":"2023-03-08T08:26:51+00:00","dateModified":"2025-10-10T10:00:02+00:00","mainEntityOfPage":{"@id":"https:\/\/lehrer-werden-in-sachsen.de\/ethik-als-lehramtsfach\/"},"wordCount":779,"publisher":{"@id":"https:\/\/lehrer-werden-in-sachsen.de\/#organization"},"image":{"@id":"https:\/\/lehrer-werden-in-sachsen.de\/ethik-als-lehramtsfach\/#primaryimage"},"thumbnailUrl":"https:\/\/lehrer-werden-in-sachsen.de\/stage\/wp-content\/uploads\/2023\/03\/lehrer-schuler-laptop-nah-2.jpeg","keywords":["Lehramtsstudium","Schulfach"],"articleSection":["Blog"],"inLanguage":"de"},{"@type":"WebPage","@id":"https:\/\/lehrer-werden-in-sachsen.de\/ethik-als-lehramtsfach\/","url":"https:\/\/lehrer-werden-in-sachsen.de\/ethik-als-lehramtsfach\/","name":"LEHRERIN SACHSEN | Ethik als Lehramtsfach","isPartOf":{"@id":"https:\/\/lehrer-werden-in-sachsen.de\/#website"},"primaryImageOfPage":{"@id":"https:\/\/lehrer-werden-in-sachsen.de\/ethik-als-lehramtsfach\/#primaryimage"},"image":{"@id":"https:\/\/lehrer-werden-in-sachsen.de\/ethik-als-lehramtsfach\/#primaryimage"},"thumbnailUrl":"https:\/\/lehrer-werden-in-sachsen.de\/stage\/wp-content\/uploads\/2023\/03\/lehrer-schuler-laptop-nah-2.jpeg","datePublished":"2023-03-08T08:26:51+00:00","dateModified":"2025-10-10T10:00:02+00:00","description":"Mit den Philosophen von morgen zusammenarbeiten - erfahre hier, ob Ethik als Lehramtsfach die richtige Wahl f\u00fcr dich ist.","breadcrumb":{"@id":"https:\/\/lehrer-werden-in-sachsen.de\/ethik-als-lehramtsfach\/#breadcrumb"},"inLanguage":"de","potentialAction":[{"@type":"ReadAction","target":["https:\/\/lehrer-werden-in-sachsen.de\/ethik-als-lehramtsfach\/"]}]},{"@type":"ImageObject","inLanguage":"de","@id":"https:\/\/lehrer-werden-in-sachsen.de\/ethik-als-lehramtsfach\/#primaryimage","url":"https:\/\/lehrer-werden-in-sachsen.de\/stage\/wp-content\/uploads\/2023\/03\/lehrer-schuler-laptop-nah-2.jpeg","contentUrl":"https:\/\/lehrer-werden-in-sachsen.de\/stage\/wp-content\/uploads\/2023\/03\/lehrer-schuler-laptop-nah-2.jpeg","width":1920,"height":970,"caption":"Lehrer zeigt Sch\u00fclern auf einem Laptop w\u00e4hrend einer Unterrichtsstunde in einem modernen Raum."},{"@type":"BreadcrumbList","@id":"https:\/\/lehrer-werden-in-sachsen.de\/ethik-als-lehramtsfach\/#breadcrumb","itemListElement":[{"@type":"ListItem","position":1,"name":"Startseite","item":"https:\/\/lehrer-werden-in-sachsen.de\/"},{"@type":"ListItem","position":2,"name":"Was macht Ethik als Lehramtsfach aus?"}]},{"@type":"WebSite","@id":"https:\/\/lehrer-werden-in-sachsen.de\/#website","url":"https:\/\/lehrer-werden-in-sachsen.de\/","name":"LEHRERIN SACHSEN","description":"Eine Klasse f\u00fcr sich.","publisher":{"@id":"https:\/\/lehrer-werden-in-sachsen.de\/#organization"},"potentialAction":[{"@type":"SearchAction","target":{"@type":"EntryPoint","urlTemplate":"https:\/\/lehrer-werden-in-sachsen.de\/?s={search_term_string}"},"query-input":{"@type":"PropertyValueSpecification","valueRequired":true,"valueName":"search_term_string"}}],"inLanguage":"de"},{"@type":"Organization","@id":"https:\/\/lehrer-werden-in-sachsen.de\/#organization","name":"LEHRERIN SACHSEN","url":"https:\/\/lehrer-werden-in-sachsen.de\/","logo":{"@type":"ImageObject","inLanguage":"de","@id":"https:\/\/lehrer-werden-in-sachsen.de\/#\/schema\/logo\/image\/","url":"https:\/\/lehrer-werden-in-sachsen.de\/stage\/wp-content\/uploads\/2022\/02\/SMK_Leherin-Sachsen-Marke_RGB_Violett-Orange.svg","contentUrl":"https:\/\/lehrer-werden-in-sachsen.de\/stage\/wp-content\/uploads\/2022\/02\/SMK_Leherin-Sachsen-Marke_RGB_Violett-Orange.svg","caption":"LEHRERIN SACHSEN"},"image":{"@id":"https:\/\/lehrer-werden-in-sachsen.de\/#\/schema\/logo\/image\/"}},{"@type":"Person","@id":"https:\/\/lehrer-werden-in-sachsen.de\/#\/schema\/person\/4a127ffcfbf4e52ff0f66dcd7b4a5cc1","name":"Maria Kretschmann","image":{"@type":"ImageObject","inLanguage":"de","@id":"https:\/\/secure.gravatar.com\/avatar\/785963a239158e0d036c182ccde6b24c2d0822b83af8ab1b3773045a106114df?s=96&d=mm&r=g","url":"https:\/\/secure.gravatar.com\/avatar\/785963a239158e0d036c182ccde6b24c2d0822b83af8ab1b3773045a106114df?s=96&d=mm&r=g","contentUrl":"https:\/\/secure.gravatar.com\/avatar\/785963a239158e0d036c182ccde6b24c2d0822b83af8ab1b3773045a106114df?s=96&d=mm&r=g","caption":"Maria Kretschmann"},"url":"https:\/\/lehrer-werden-in-sachsen.de\/stage\/author\/maria-kretschmann\/"}]}},"_links":{"self":[{"href":"https:\/\/lehrer-werden-in-sachsen.de\/stage\/wp-json\/wp\/v2\/posts\/9855","targetHints":{"allow":["GET"]}}],"collection":[{"href":"https:\/\/lehrer-werden-in-sachsen.de\/stage\/wp-json\/wp\/v2\/posts"}],"about":[{"href":"https:\/\/lehrer-werden-in-sachsen.de\/stage\/wp-json\/wp\/v2\/types\/post"}],"author":[{"embeddable":true,"href":"https:\/\/lehrer-werden-in-sachsen.de\/stage\/wp-json\/wp\/v2\/users\/13"}],"replies":[{"embeddable":true,"href":"https:\/\/lehrer-werden-in-sachsen.de\/stage\/wp-json\/wp\/v2\/comments?post=9855"}],"version-history":[{"count":21,"href":"https:\/\/lehrer-werden-in-sachsen.de\/stage\/wp-json\/wp\/v2\/posts\/9855\/revisions"}],"predecessor-version":[{"id":23941,"href":"https:\/\/lehrer-werden-in-sachsen.de\/stage\/wp-json\/wp\/v2\/posts\/9855\/revisions\/23941"}],"wp:featuredmedia":[{"embeddable":true,"href":"https:\/\/lehrer-werden-in-sachsen.de\/stage\/wp-json\/wp\/v2\/media\/9856"}],"wp:attachment":[{"href":"https:\/\/lehrer-werden-in-sachsen.de\/stage\/wp-json\/wp\/v2\/media?parent=9855"}],"wp:term":[{"taxonomy":"category","embeddable":true,"href":"https:\/\/lehrer-werden-in-sachsen.de\/stage\/wp-json\/wp\/v2\/categories?post=9855"},{"taxonomy":"post_tag","embeddable":true,"href":"https:\/\/lehrer-werden-in-sachsen.de\/stage\/wp-json\/wp\/v2\/tags?post=9855"}],"curies":[{"name":"wp","href":"https:\/\/api.w.org\/{rel}","templated":true}]}}