{"id":9495,"date":"2023-02-22T15:55:53","date_gmt":"2023-02-22T14:55:53","guid":{"rendered":"https:\/\/lehrer-werden-in-sachsen.de\/stage\/?p=9495"},"modified":"2025-10-10T12:39:23","modified_gmt":"2025-10-10T10:39:23","slug":"grundschule-sachsen-junghannss","status":"publish","type":"post","link":"https:\/\/lehrer-werden-in-sachsen.de\/stage\/grundschule-sachsen-junghannss\/","title":{"rendered":"Michael Junghann\u00df ist Grundschullehrer auf dem Land &#8211; \u201eIn der Grundschule legen wir die Basis f\u00fcr unsere Demokratie!&#8220;"},"content":{"rendered":"\t\t<div data-elementor-type=\"wp-post\" data-elementor-id=\"9495\" class=\"elementor elementor-9495\" data-elementor-post-type=\"post\">\n\t\t\t\t\t\t<section class=\"elementor-section elementor-top-section elementor-element elementor-element-77dc2d3 elementor-section-boxed elementor-section-height-default elementor-section-height-default\" data-id=\"77dc2d3\" data-element_type=\"section\" data-e-type=\"section\">\n\t\t\t\t\t\t<div class=\"elementor-container elementor-column-gap-default\">\n\t\t\t\t\t<div class=\"elementor-column elementor-col-100 elementor-top-column elementor-element elementor-element-db24ebd\" data-id=\"db24ebd\" data-element_type=\"column\" data-e-type=\"column\">\n\t\t\t<div class=\"elementor-widget-wrap elementor-element-populated\">\n\t\t\t\t\t\t<div class=\"elementor-element elementor-element-8cb6e5f elementor-widget elementor-widget-text-editor\" data-id=\"8cb6e5f\" data-element_type=\"widget\" data-e-type=\"widget\" data-widget_type=\"text-editor.default\">\n\t\t\t\t<div class=\"elementor-widget-container\">\n\t\t\t\t\t\t\t\t\t<p><strong><span lang=\"DE-DE\" xml:lang=\"DE-DE\" data-contrast=\"auto\"><span data-ccp-parastyle=\"paragraph\" data-ccp-parastyle-defn=\"{&quot;ObjectId&quot;:&quot;60942290-e78b-4ff5-a5ea-a9fab01d8f75|15&quot;,&quot;ClassId&quot;:1073872969,&quot;Properties&quot;:[469775450,&quot;paragraph&quot;,201340122,&quot;2&quot;,134233614,&quot;true&quot;,469778129,&quot;paragraph&quot;,335572020,&quot;1&quot;,201342448,&quot;1&quot;,469777841,&quot;Calibri&quot;,469777842,&quot;Calibri&quot;,469777843,&quot;Calibri&quot;,469777844,&quot;Calibri&quot;,469769226,&quot;Calibri&quot;,335559705,&quot;1031&quot;,335559740,&quot;240&quot;,201341983,&quot;0&quot;,134233118,&quot;true&quot;,134233117,&quot;true&quot;,469778324,&quot;Normal&quot;]}\">Nach einigen Jahren in der freien Wirtschaft ging es f\u00fcr Michael Junghann\u00df zur\u00fcck zum Ursprung. In diesem Jahr schlie\u00dft er seinen Vorbereitungsdienst an einer s\u00e4chsischen Grundschule ab und <\/span><span data-ccp-parastyle=\"paragraph\">\u00fcbernimmt dann als<\/span><span data-ccp-parastyle=\"paragraph\"> vollausgebildeter Lehrer <\/span><span data-ccp-parastyle=\"paragraph\">die Leitung einer ersten Klasse <\/span><span data-ccp-parastyle=\"paragraph\">\u2013 ganz so, wie eigentlich es immer sein Plan war.\u00a0<\/span><\/span><span data-ccp-props=\"{&quot;134233117&quot;:false,&quot;134233118&quot;:false,&quot;201341983&quot;:0,&quot;335559738&quot;:0,&quot;335559739&quot;:0,&quot;335559740&quot;:240}\">\u00a0<\/span><\/strong><\/p><p><span data-contrast=\"auto\">\u201eEigentlich wollte ich schon seit der zweiten Klasse Lehrer werden\u201c, erz\u00e4hlt Michael Junghann\u00df. \u201eIch wurde sogar damals von meinen Mitsch\u00fclern als Herr Lehrer angesprochen\u201c, sagt er lachend. Gerade beendet er seinen Vorbereitungsdienst und \u00fcbernimmt danach eine Grundschulklasse als Klassenlehrer. Doch bis dahin war es ein langer und kurvenreicher Weg.\u00a0<\/span><span data-ccp-props=\"{&quot;201341983&quot;:0,&quot;335559739&quot;:160,&quot;335559740&quot;:259}\">\u00a0<\/span><\/p><p><span data-contrast=\"auto\">Nach dem Abitur im <a href=\"https:\/\/lehrer-werden-in-sachsen.de\\\\\/sachsen-erleben\/landkreis-saechsische-schweiz-osterzgebirge\/\" title=\"Sachsen erleben - Landkreis S\u00e4chsische Schweiz\/Osterzgebirge\">s\u00e4chsischen Neustadt<\/a> an der tschechischen Grenze geht Junghann\u00df f\u00fcr zwei Jahre zur Bundeswehr. Danach zieht es ihn nach Dresden, wo er geboren wurde und aufwuchs bevor er mit seinen Eltern in die Kleinstadt zog. \u201eIch wollte einfach unbedingt nach Dresden, weil ich diese Stadt liebe. Es ist so sch\u00f6n zum Wohnen, die Leute sind nett. Vor allem, wenn man wei\u00df, wie man sie nehmen muss<\/span><span style=\"color: var( --e-global-color-text ); font-family: var( --e-global-typography-text-font-family ), Sans-serif; font-size: var( --e-global-typography-text-font-size ); font-weight: var( --e-global-typography-text-font-weight );\">\u201c<\/span><span style=\"font-family: inherit; font-size: inherit; font-style: inherit; font-variant-ligatures: inherit; font-variant-caps: inherit; font-weight: inherit; color: var( --e-global-color-text );\" data-contrast=\"auto\">, scherzt Junghann\u00df. \u00dcberhaupt lacht er viel, nimmt vieles mit Humor &#8211; man kann sich vorstellen, dass seine Sch\u00fclerinnen und Sch\u00fcler ihn sch\u00e4tzen. Etwas ernster f\u00fcgt er hinzu: \u201eAu\u00dferdem: Wenn alle hier abhauen, dann wird es ja nicht besser!\u201c<\/span><span style=\"font-family: inherit; font-size: inherit; font-style: inherit; font-variant-ligatures: inherit; font-variant-caps: inherit; font-weight: inherit; color: var( --e-global-color-text );\" data-ccp-props=\"{&quot;201341983&quot;:0,&quot;335559739&quot;:160,&quot;335559740&quot;:259}\">\u00a0<\/span><\/p>\t\t\t\t\t\t\t\t<\/div>\n\t\t\t\t<\/div>\n\t\t\t\t\t<\/div>\n\t\t<\/div>\n\t\t\t\t\t<\/div>\n\t\t<\/section>\n\t\t\t\t<section class=\"elementor-section elementor-top-section elementor-element elementor-element-b99ea21 elementor-section-boxed elementor-section-height-default elementor-section-height-default\" data-id=\"b99ea21\" data-element_type=\"section\" data-e-type=\"section\">\n\t\t\t\t\t\t<div class=\"elementor-container elementor-column-gap-default\">\n\t\t\t\t\t<div class=\"elementor-column elementor-col-100 elementor-top-column elementor-element elementor-element-5de90f6\" data-id=\"5de90f6\" data-element_type=\"column\" data-e-type=\"column\">\n\t\t\t<div class=\"elementor-widget-wrap elementor-element-populated\">\n\t\t\t\t\t\t\t<\/div>\n\t\t<\/div>\n\t\t\t\t\t<\/div>\n\t\t<\/section>\n\t\t\t\t<section class=\"elementor-section elementor-top-section elementor-element elementor-element-0287271 elementor-section-boxed elementor-section-height-default elementor-section-height-default\" data-id=\"0287271\" data-element_type=\"section\" data-e-type=\"section\">\n\t\t\t\t\t\t<div class=\"elementor-container elementor-column-gap-default\">\n\t\t\t\t\t<div class=\"elementor-column elementor-col-100 elementor-top-column elementor-element elementor-element-924569d\" data-id=\"924569d\" data-element_type=\"column\" data-e-type=\"column\">\n\t\t\t<div class=\"elementor-widget-wrap elementor-element-populated\">\n\t\t\t\t\t\t<div class=\"elementor-element elementor-element-0380894 elementor-widget elementor-widget-heading\" data-id=\"0380894\" data-element_type=\"widget\" data-e-type=\"widget\" data-widget_type=\"heading.default\">\n\t\t\t\t<div class=\"elementor-widget-container\">\n\t\t\t\t\t<h2 class=\"elementor-heading-title elementor-size-default\">Im Ethikunterricht stehen die Kinder im Fokus <span style=\"font-size: 24px;font-weight: 400\">\u2013&nbsp;<\/span>ganz nach Junghann\u00df\u2018 Idealvorstellung<\/h2>\t\t\t\t<\/div>\n\t\t\t\t<\/div>\n\t\t\t\t\t<\/div>\n\t\t<\/div>\n\t\t\t\t\t<\/div>\n\t\t<\/section>\n\t\t\t\t<section class=\"elementor-section elementor-top-section elementor-element elementor-element-650f75c elementor-section-boxed elementor-section-height-default elementor-section-height-default\" data-id=\"650f75c\" data-element_type=\"section\" data-e-type=\"section\">\n\t\t\t\t\t\t<div class=\"elementor-container elementor-column-gap-default\">\n\t\t\t\t\t<div class=\"elementor-column elementor-col-100 elementor-top-column elementor-element elementor-element-9b6518a\" data-id=\"9b6518a\" data-element_type=\"column\" data-e-type=\"column\">\n\t\t\t<div class=\"elementor-widget-wrap elementor-element-populated\">\n\t\t\t\t\t\t<div class=\"elementor-element elementor-element-490d66d elementor-widget elementor-widget-text-editor\" data-id=\"490d66d\" data-element_type=\"widget\" data-e-type=\"widget\" data-widget_type=\"text-editor.default\">\n\t\t\t\t<div class=\"elementor-widget-container\">\n\t\t\t\t\t\t\t\t\t<p>Mit Kindern konnte er schon immer gut, und weil der Bedarf an m\u00e4nnlichen Lehrkr\u00e4ften an Grundschulen so hoch ist, nahm er 2006 sein Studium zum Grundschullehramt an der <a href=\"https:\/\/tu-dresden.de\/\" title=\"TU Dresden\" target=\"_blank\" rel=\"noopener\">TU Dresden<\/a> auf. Neben den drei Grundschulf\u00e4chern Deutsch, Mathe und Sachunterricht schrieb er sich f\u00fcr Philosophie\/Ethik als Erg\u00e4nzungsfach ein. \u201eIm Ethikunterricht stehen die Kinder im Fokus. Das war genau das, was ich wollte.\u201c Das Philosophiestudium beeindruckt ihn, bringt ihn auch privat stark ins Reflektieren.<\/p><p>Bis heute bezeichnet Junghann\u00df sich als Idealist. Als junger Mann will er etwas bewirken, engagiert sich im Fachschaftsrat, kn\u00fcpft zahlreiche Kontakte. Seine Ausbildung als Lehrer h\u00e4tte er eigentlich 2011 abschlie\u00dfen k\u00f6nnen. Direkt danach zur\u00fcck an die Schule zu gehen, konnte er sich jedoch nicht vorstellen: \u201eDas machen viele und das ist auch toll. Aber ich wollte noch etwas sehen von der Welt und bin ein Jahr nach Australien gegangen.\u201c<\/p>\t\t\t\t\t\t\t\t<\/div>\n\t\t\t\t<\/div>\n\t\t\t\t\t<\/div>\n\t\t<\/div>\n\t\t\t\t\t<\/div>\n\t\t<\/section>\n\t\t\t\t<section class=\"elementor-section elementor-top-section elementor-element elementor-element-a9b6b50 elementor-section-boxed elementor-section-height-default elementor-section-height-default\" data-id=\"a9b6b50\" data-element_type=\"section\" data-e-type=\"section\">\n\t\t\t\t\t\t<div class=\"elementor-container elementor-column-gap-default\">\n\t\t\t\t\t<div class=\"elementor-column elementor-col-100 elementor-top-column elementor-element elementor-element-ad12ff0\" data-id=\"ad12ff0\" data-element_type=\"column\" data-e-type=\"column\">\n\t\t\t<div class=\"elementor-widget-wrap elementor-element-populated\">\n\t\t\t\t\t\t\t<\/div>\n\t\t<\/div>\n\t\t\t\t\t<\/div>\n\t\t<\/section>\n\t\t\t\t<section class=\"elementor-section elementor-top-section elementor-element elementor-element-3ef7197 elementor-section-boxed elementor-section-height-default elementor-section-height-default\" data-id=\"3ef7197\" data-element_type=\"section\" data-e-type=\"section\">\n\t\t\t\t\t\t<div class=\"elementor-container elementor-column-gap-default\">\n\t\t\t\t\t<div class=\"elementor-column elementor-col-100 elementor-top-column elementor-element elementor-element-db434a6\" data-id=\"db434a6\" data-element_type=\"column\" data-e-type=\"column\">\n\t\t\t<div class=\"elementor-widget-wrap elementor-element-populated\">\n\t\t\t\t\t\t<div class=\"elementor-element elementor-element-a483500 elementor-widget elementor-widget-heading\" data-id=\"a483500\" data-element_type=\"widget\" data-e-type=\"widget\" data-widget_type=\"heading.default\">\n\t\t\t\t<div class=\"elementor-widget-container\">\n\t\t\t\t\t<h2 class=\"elementor-heading-title elementor-size-default\">Vor dem Schuldienst noch einmal f\u00fcr l\u00e4ngere Zeit ins Ausland<\/h2>\t\t\t\t<\/div>\n\t\t\t\t<\/div>\n\t\t\t\t\t<\/div>\n\t\t<\/div>\n\t\t\t\t\t<\/div>\n\t\t<\/section>\n\t\t\t\t<section class=\"elementor-section elementor-top-section elementor-element elementor-element-ab852f0 elementor-section-boxed elementor-section-height-default elementor-section-height-default\" data-id=\"ab852f0\" data-element_type=\"section\" data-e-type=\"section\">\n\t\t\t\t\t\t<div class=\"elementor-container elementor-column-gap-default\">\n\t\t\t\t\t<div class=\"elementor-column elementor-col-100 elementor-top-column elementor-element elementor-element-91f91d3\" data-id=\"91f91d3\" data-element_type=\"column\" data-e-type=\"column\">\n\t\t\t<div class=\"elementor-widget-wrap elementor-element-populated\">\n\t\t\t\t\t\t<div class=\"elementor-element elementor-element-4899578 elementor-widget elementor-widget-text-editor\" data-id=\"4899578\" data-element_type=\"widget\" data-e-type=\"widget\" data-widget_type=\"text-editor.default\">\n\t\t\t\t<div class=\"elementor-widget-container\">\n\t\t\t\t\t\t\t\t\t<p><span data-contrast=\"auto\">Diese Zeit im Ausland erweitert seinen Horizont; er nimmt vieles f\u00fcr sich pers\u00f6nlich mit: Empathie, auf Menschen zuzugehen, auch wenn die Verst\u00e4ndigung schwierig ist. Heute n\u00fctzten ihm diese Erfahrungen im Umgang mit Kindern, berichtet er.<\/span><span data-ccp-props=\"{&quot;201341983&quot;:0,&quot;335559739&quot;:160,&quot;335559740&quot;:259}\">\u00a0<\/span><\/p><p>\u00a0<\/p><p><span data-contrast=\"auto\">Australien aber ist teuer. Als Junghann\u00df zur\u00fcckkehrt, ist erst einmal das Geld knapp. Zuerst verdingt er sich als Tutor an der <\/span><span data-contrast=\"auto\">TU Dresden<\/span><span data-contrast=\"auto\">, erledigt dann immer mehr Promo-Jobs in der Gastronomie. Auch dort n\u00fctzt es ihm, dass er leicht auf Fremde zugehen kann. 2014 nimmt er einen Job bei einer Agentur an, bevor er ein Jahr sp\u00e4ter sein Erstes Staatsexamen schreibt. Durch einen ungl\u00fccklichen Zufall kann er seinen Vorbereitungsdienst nicht direkt anschlie\u00dfen. Also bleibt er erst einmal im Sales Marketing. Nur f\u00fcr ein Jahr, bis er im darauffolgenden sein Referendariat beginnen kann \u2013 denkt er. Doch es kommt anders: Er bleibt, kommt in der Branche viel herum.<\/span><span data-ccp-props=\"{&quot;201341983&quot;:0,&quot;335559739&quot;:160,&quot;335559740&quot;:259}\">\u00a0<\/span><\/p>\t\t\t\t\t\t\t\t<\/div>\n\t\t\t\t<\/div>\n\t\t\t\t\t<\/div>\n\t\t<\/div>\n\t\t\t\t\t<\/div>\n\t\t<\/section>\n\t\t\t\t<section class=\"elementor-section elementor-top-section elementor-element elementor-element-66203f5 elementor-section-boxed elementor-section-height-default elementor-section-height-default\" data-id=\"66203f5\" data-element_type=\"section\" data-e-type=\"section\">\n\t\t\t\t\t\t<div class=\"elementor-container elementor-column-gap-default\">\n\t\t\t\t\t<div class=\"elementor-column elementor-col-100 elementor-top-column elementor-element elementor-element-bfb6811\" data-id=\"bfb6811\" data-element_type=\"column\" data-e-type=\"column\">\n\t\t\t<div class=\"elementor-widget-wrap elementor-element-populated\">\n\t\t\t\t\t\t\t<\/div>\n\t\t<\/div>\n\t\t\t\t\t<\/div>\n\t\t<\/section>\n\t\t\t\t<section class=\"elementor-section elementor-top-section elementor-element elementor-element-9194b14 elementor-section-boxed elementor-section-height-default elementor-section-height-default\" data-id=\"9194b14\" data-element_type=\"section\" data-e-type=\"section\">\n\t\t\t\t\t\t<div class=\"elementor-container elementor-column-gap-default\">\n\t\t\t\t\t<div class=\"elementor-column elementor-col-100 elementor-top-column elementor-element elementor-element-551798a\" data-id=\"551798a\" data-element_type=\"column\" data-e-type=\"column\">\n\t\t\t<div class=\"elementor-widget-wrap elementor-element-populated\">\n\t\t\t\t\t\t<div class=\"elementor-element elementor-element-103e556 elementor-widget elementor-widget-heading\" data-id=\"103e556\" data-element_type=\"widget\" data-e-type=\"widget\" data-widget_type=\"heading.default\">\n\t\t\t\t<div class=\"elementor-widget-container\">\n\t\t\t\t\t<h2 class=\"elementor-heading-title elementor-size-default\">Die Geburt seiner Tochter l\u00e4sst ihn innehalten<\/h2>\t\t\t\t<\/div>\n\t\t\t\t<\/div>\n\t\t\t\t\t<\/div>\n\t\t<\/div>\n\t\t\t\t\t<\/div>\n\t\t<\/section>\n\t\t\t\t<section class=\"elementor-section elementor-top-section elementor-element elementor-element-7f4f6c4 elementor-section-boxed elementor-section-height-default elementor-section-height-default\" data-id=\"7f4f6c4\" data-element_type=\"section\" data-e-type=\"section\">\n\t\t\t\t\t\t<div class=\"elementor-container elementor-column-gap-default\">\n\t\t\t\t\t<div class=\"elementor-column elementor-col-100 elementor-top-column elementor-element elementor-element-1a06e33\" data-id=\"1a06e33\" data-element_type=\"column\" data-e-type=\"column\">\n\t\t\t<div class=\"elementor-widget-wrap elementor-element-populated\">\n\t\t\t\t\t\t<div class=\"elementor-element elementor-element-57d66d3 elementor-widget elementor-widget-text-editor\" data-id=\"57d66d3\" data-element_type=\"widget\" data-e-type=\"widget\" data-widget_type=\"text-editor.default\">\n\t\t\t\t<div class=\"elementor-widget-container\">\n\t\t\t\t\t\t\t\t\t<p><span class=\"TextRun SCXW151103137 BCX8\" lang=\"DE-DE\" xml:lang=\"DE-DE\" data-contrast=\"auto\"><span class=\"NormalTextRun SCXW151103137 BCX8\" data-ccp-charstyle=\"normaltextrun\" data-ccp-charstyle-defn=\"{&quot;ObjectId&quot;:&quot;60942290-e78b-4ff5-a5ea-a9fab01d8f75|16&quot;,&quot;ClassId&quot;:1073872969,&quot;Properties&quot;:[469775450,&quot;normaltextrun&quot;,201340122,&quot;1&quot;,134233614,&quot;true&quot;,469778129,&quot;normaltextrun&quot;,335572020,&quot;1&quot;,469778324,&quot;Default Paragraph Font&quot;]}\">Ein gro\u00dfer Schritt in die Zukunft: <\/span><span class=\"NormalTextRun SCXW151103137 BCX8\" data-ccp-charstyle=\"normaltextrun\">2020 <\/span><span class=\"NormalTextRun SCXW151103137 BCX8\" data-ccp-charstyle=\"normaltextrun\">arbeitet<\/span><span class=\"NormalTextRun SCXW151103137 BCX8\" data-ccp-charstyle=\"normaltextrun\"> Junghann\u00df <\/span><span class=\"NormalTextRun SCXW151103137 BCX8\" data-ccp-charstyle=\"normaltextrun\">als <\/span><span class=\"NormalTextRun SCXW151103137 BCX8\" data-ccp-charstyle=\"normaltextrun\">Gebietsverkaufsleiter in Leipzig\/Dresden f\u00fcr eine Spirituosenfirma<\/span><span class=\"NormalTextRun SCXW151103137 BCX8\" data-ccp-charstyle=\"normaltextrun\">&nbsp;als seine<\/span><span class=\"NormalTextRun SCXW151103137 BCX8\" data-ccp-charstyle=\"normaltextrun\"> Tochter<\/span><span class=\"NormalTextRun SCXW151103137 BCX8\" data-ccp-charstyle=\"normaltextrun\"> zur Welt kommt. Durch die Zeit mit ih<\/span><span class=\"NormalTextRun SCXW151103137 BCX8\" data-ccp-charstyle=\"normaltextrun\">r<\/span><span class=\"NormalTextRun SCXW151103137 BCX8\" data-ccp-charstyle=\"normaltextrun\"> beginnt er, sich auf sein <\/span><span class=\"NormalTextRun SCXW151103137 BCX8\" data-ccp-charstyle=\"normaltextrun\">urspr\u00fcngliche<\/span><span class=\"NormalTextRun SCXW151103137 BCX8\" data-ccp-charstyle=\"normaltextrun\">s Vorhaben <\/span><span class=\"NormalTextRun SCXW151103137 BCX8\" data-ccp-charstyle=\"normaltextrun\">zur\u00fcckzubesinnen<\/span><span class=\"NormalTextRun SCXW151103137 BCX8\" data-ccp-charstyle=\"normaltextrun\">. <\/span><span class=\"NormalTextRun SCXW151103137 BCX8\" data-ccp-charstyle=\"normaltextrun\">In <\/span><span class=\"NormalTextRun SCXW151103137 BCX8\" data-ccp-charstyle=\"normaltextrun\">ihm <\/span><span class=\"NormalTextRun SCXW151103137 BCX8\" data-ccp-charstyle=\"normaltextrun\">regt sich eine Stimme: \u201eIch <\/span><span class=\"NormalTextRun ContextualSpellingAndGrammarErrorV2Themed SCXW151103137 BCX8\" data-ccp-charstyle=\"normaltextrun\">hab<\/span><span class=\"NormalTextRun ContextualSpellingAndGrammarErrorV2Themed SCXW151103137 BCX8\" data-ccp-charstyle=\"normaltextrun\">\u2018<\/span><span class=\"NormalTextRun SCXW151103137 BCX8\" data-ccp-charstyle=\"normaltextrun\"> das doch mal studiert<\/span><span class=\"NormalTextRun SCXW151103137 BCX8\" data-ccp-charstyle=\"normaltextrun\">!<\/span><span class=\"NormalTextRun SCXW151103137 BCX8\" data-ccp-charstyle=\"normaltextrun\"> S<\/span><span class=\"NormalTextRun SCXW151103137 BCX8\" data-ccp-charstyle=\"normaltextrun\">eit der zw<\/span><span class=\"NormalTextRun SCXW151103137 BCX8\" data-ccp-charstyle=\"normaltextrun\">e<\/span><span class=\"NormalTextRun SCXW151103137 BCX8\" data-ccp-charstyle=\"normaltextrun\">iten Klasse will ich mit Kindern arbeiten <\/span><span class=\"NormalTextRun SCXW151103137 BCX8\" data-ccp-charstyle=\"normaltextrun\">und bin <\/span><span class=\"NormalTextRun SCXW151103137 BCX8\" data-ccp-charstyle=\"normaltextrun\">dann irgendwie <\/span><span class=\"NormalTextRun SCXW151103137 BCX8\" data-ccp-charstyle=\"normaltextrun\">auf Umwege geraten<\/span><span class=\"NormalTextRun SCXW151103137 BCX8\" data-ccp-charstyle=\"normaltextrun\">.\u201c&nbsp;<\/span><\/span><span class=\"EOP SCXW151103137 BCX8\" data-ccp-props=\"{&quot;201341983&quot;:0,&quot;335559739&quot;:160,&quot;335559740&quot;:259}\">&nbsp;<\/span><\/p>\t\t\t\t\t\t\t\t<\/div>\n\t\t\t\t<\/div>\n\t\t\t\t\t<\/div>\n\t\t<\/div>\n\t\t\t\t\t<\/div>\n\t\t<\/section>\n\t\t\t\t<section class=\"elementor-section elementor-top-section elementor-element elementor-element-2de7dae elementor-section-boxed elementor-section-height-default elementor-section-height-default\" data-id=\"2de7dae\" data-element_type=\"section\" data-e-type=\"section\">\n\t\t\t\t\t\t<div class=\"elementor-container elementor-column-gap-default\">\n\t\t\t\t\t<div class=\"elementor-column elementor-col-100 elementor-top-column elementor-element elementor-element-f656443\" data-id=\"f656443\" data-element_type=\"column\" data-e-type=\"column\">\n\t\t\t<div class=\"elementor-widget-wrap elementor-element-populated\">\n\t\t\t\t\t\t\t<\/div>\n\t\t<\/div>\n\t\t\t\t\t<\/div>\n\t\t<\/section>\n\t\t\t\t<section class=\"elementor-section elementor-top-section elementor-element elementor-element-2224740 elementor-section-boxed elementor-section-height-default elementor-section-height-default\" data-id=\"2224740\" data-element_type=\"section\" data-e-type=\"section\">\n\t\t\t\t\t\t<div class=\"elementor-container elementor-column-gap-default\">\n\t\t\t\t\t<div class=\"elementor-column elementor-col-100 elementor-top-column elementor-element elementor-element-6c1bfab\" data-id=\"6c1bfab\" data-element_type=\"column\" data-e-type=\"column\">\n\t\t\t<div class=\"elementor-widget-wrap elementor-element-populated\">\n\t\t\t\t\t\t<div class=\"elementor-element elementor-element-dc7fbcd elementor-widget elementor-widget-heading\" data-id=\"dc7fbcd\" data-element_type=\"widget\" data-e-type=\"widget\" data-widget_type=\"heading.default\">\n\t\t\t\t<div class=\"elementor-widget-container\">\n\t\t\t\t\t<h2 class=\"elementor-heading-title elementor-size-default\">Ein anderes Bundesland als Sachsen kam f\u00fcr Junghann\u00df nie infrage<\/h2>\t\t\t\t<\/div>\n\t\t\t\t<\/div>\n\t\t\t\t\t<\/div>\n\t\t<\/div>\n\t\t\t\t\t<\/div>\n\t\t<\/section>\n\t\t\t\t<section class=\"elementor-section elementor-top-section elementor-element elementor-element-6ad0fbe elementor-section-boxed elementor-section-height-default elementor-section-height-default\" data-id=\"6ad0fbe\" data-element_type=\"section\" data-e-type=\"section\">\n\t\t\t\t\t\t<div class=\"elementor-container elementor-column-gap-default\">\n\t\t\t\t\t<div class=\"elementor-column elementor-col-100 elementor-top-column elementor-element elementor-element-b861de1\" data-id=\"b861de1\" data-element_type=\"column\" data-e-type=\"column\">\n\t\t\t<div class=\"elementor-widget-wrap elementor-element-populated\">\n\t\t\t\t\t\t<div class=\"elementor-element elementor-element-a69fa0b elementor-widget elementor-widget-text-editor\" data-id=\"a69fa0b\" data-element_type=\"widget\" data-e-type=\"widget\" data-widget_type=\"text-editor.default\">\n\t\t\t\t<div class=\"elementor-widget-container\">\n\t\t\t\t\t\t\t\t\t<p><span data-contrast=\"auto\">Missen m\u00f6chte er diese Erfahrungen um nichts in der Welt: \u201eAlles, was ich privat und beruflich erleben und sehen wollte, habe ich gehabt!\u201c Immer wieder wird er gefragt, warum er nicht in Hamburg oder Berlin lebe. Doch schon zu Studienbeginn kam ein anderes Bundesland f\u00fcr Junghann\u00df nicht infrage: \u201eIch wollte immer in Sachsen bleiben, denn das ist mein Zuhause. Ich werde hier einfach gebraucht!\u201c\u00a0<\/span><\/p><p><span data-ccp-props=\"{&quot;201341983&quot;:0,&quot;335559739&quot;:160,&quot;335559740&quot;:259}\">\u00a0<\/span><\/p><p><span data-contrast=\"auto\">Jetzt sei es f\u00fcr ihn an der Zeit, sich seiner eigentlichen Aufgabe zu widmen &#8211; Kindern die Welt zu zeigen. Also bewirbt sich Junghann\u00df f\u00fcr seinen Vorbereitungsdienst, den er an einer Schule auf dem Land leistet &#8211; denn gerade dort bed\u00fcrfe es moderner Strukturen und der Unterst\u00fctzung von Heterogenit\u00e4t. \u201eWeltoffenheit und Demokratieerziehung sind Grunds\u00e4tze, die schon in der Grundschule die Basis f\u00fcr unsere Demokratie legen!\u201c <\/span><span data-ccp-props=\"{&quot;201341983&quot;:0,&quot;335559739&quot;:160,&quot;335559740&quot;:259}\">\u00a0<\/span><\/p>\t\t\t\t\t\t\t\t<\/div>\n\t\t\t\t<\/div>\n\t\t\t\t\t<\/div>\n\t\t<\/div>\n\t\t\t\t\t<\/div>\n\t\t<\/section>\n\t\t\t\t<section class=\"elementor-section elementor-top-section elementor-element elementor-element-a33e933 elementor-section-boxed elementor-section-height-default elementor-section-height-default\" data-id=\"a33e933\" data-element_type=\"section\" data-e-type=\"section\">\n\t\t\t\t\t\t<div class=\"elementor-container elementor-column-gap-default\">\n\t\t\t\t\t<div class=\"elementor-column elementor-col-100 elementor-top-column elementor-element elementor-element-96c2dd0\" data-id=\"96c2dd0\" data-element_type=\"column\" data-e-type=\"column\">\n\t\t\t<div class=\"elementor-widget-wrap elementor-element-populated\">\n\t\t\t\t\t\t\t<\/div>\n\t\t<\/div>\n\t\t\t\t\t<\/div>\n\t\t<\/section>\n\t\t\t\t<section class=\"elementor-section elementor-top-section elementor-element elementor-element-eac742e elementor-section-boxed elementor-section-height-default elementor-section-height-default\" data-id=\"eac742e\" data-element_type=\"section\" data-e-type=\"section\">\n\t\t\t\t\t\t<div class=\"elementor-container elementor-column-gap-default\">\n\t\t\t\t\t<div class=\"elementor-column elementor-col-100 elementor-top-column elementor-element elementor-element-5160beb\" data-id=\"5160beb\" data-element_type=\"column\" data-e-type=\"column\">\n\t\t\t<div class=\"elementor-widget-wrap elementor-element-populated\">\n\t\t\t\t\t\t<div class=\"elementor-element elementor-element-41db26d elementor-widget elementor-widget-heading\" data-id=\"41db26d\" data-element_type=\"widget\" data-e-type=\"widget\" data-widget_type=\"heading.default\">\n\t\t\t\t<div class=\"elementor-widget-container\">\n\t\t\t\t\t<h2 class=\"elementor-heading-title elementor-size-default\">Grundschulkinder bed\u00fcrften dringend m\u00e4nnlicher Vorbilder<\/h2>\t\t\t\t<\/div>\n\t\t\t\t<\/div>\n\t\t\t\t\t<\/div>\n\t\t<\/div>\n\t\t\t\t\t<\/div>\n\t\t<\/section>\n\t\t\t\t<section class=\"elementor-section elementor-top-section elementor-element elementor-element-8cf43a2 elementor-section-boxed elementor-section-height-default elementor-section-height-default\" data-id=\"8cf43a2\" data-element_type=\"section\" data-e-type=\"section\">\n\t\t\t\t\t\t<div class=\"elementor-container elementor-column-gap-default\">\n\t\t\t\t\t<div class=\"elementor-column elementor-col-100 elementor-top-column elementor-element elementor-element-d3ab063\" data-id=\"d3ab063\" data-element_type=\"column\" data-e-type=\"column\">\n\t\t\t<div class=\"elementor-widget-wrap elementor-element-populated\">\n\t\t\t\t\t\t<div class=\"elementor-element elementor-element-ce99192 elementor-widget elementor-widget-text-editor\" data-id=\"ce99192\" data-element_type=\"widget\" data-e-type=\"widget\" data-widget_type=\"text-editor.default\">\n\t\t\t\t<div class=\"elementor-widget-container\">\n\t\t\t\t\t\t\t\t\t<p><span data-contrast=\"auto\">\u201eDa kann man noch was bewegen, gerade als eines der wenigen m\u00e4nnlichen Vorbilder.\u201c Viele Kinder erlebten in ihren ersten Jahren ausschlie\u00dflich Frauen im erzieherischen Umfeld. Gerade im Sinne der Gleichstellung und Gleichberechtigung war f\u00fcr Junghann\u00df daher klar, dass er als Lehrer an die Grundschule m\u00fcsse. Und aufs s\u00e4chsische Land: \u201eGerade die brauchen jemanden, der da ein wenig frischen Wind reinbringt.\u201c<\/span><span data-ccp-props=\"{&quot;134233117&quot;:false,&quot;134233118&quot;:false,&quot;201341983&quot;:0,&quot;335559738&quot;:0,&quot;335559739&quot;:0,&quot;335559740&quot;:240}\">\u00a0<\/span><\/p><p><span data-ccp-props=\"{&quot;134233117&quot;:false,&quot;134233118&quot;:false,&quot;201341983&quot;:0,&quot;335559738&quot;:0,&quot;335559739&quot;:0,&quot;335559740&quot;:240}\">\u00a0<\/span><\/p><p><span data-contrast=\"auto\">Etwa indem er seinen Sch\u00fclerinnen und Sch\u00fclern ganz selbstverst\u00e4ndlich beibringe, Dinge zu hinterfragen. Geschlechterklischees zum Beispiel: \u201eWenn ich etwa mit einem rosafarbenen Hemd in die Schule gehe, finden die Sch\u00fclerinnen und Sch\u00fcler das v\u00f6llig verr\u00fcckt. \u201aHaben Sie ein Frauenhemd an, Herr Junghann\u00df?\u2018, fragen sie dann. Und ich sage: \u201aRosa ist doch eine sch\u00f6ne Farbe, und wenn es mir gef\u00e4llt, darf ich das doch auch tragen, oder?\u2018 Das sehen die Kinder dann ein.\u201c<\/span><span data-ccp-props=\"{&quot;134233117&quot;:false,&quot;134233118&quot;:false,&quot;201341983&quot;:0,&quot;335559738&quot;:0,&quot;335559739&quot;:0,&quot;335559740&quot;:240}\">\u00a0<\/span><\/p>\t\t\t\t\t\t\t\t<\/div>\n\t\t\t\t<\/div>\n\t\t\t\t\t<\/div>\n\t\t<\/div>\n\t\t\t\t\t<\/div>\n\t\t<\/section>\n\t\t\t\t<section class=\"elementor-section elementor-top-section elementor-element elementor-element-4294c12 elementor-section-boxed elementor-section-height-default elementor-section-height-default\" data-id=\"4294c12\" data-element_type=\"section\" data-e-type=\"section\">\n\t\t\t\t\t\t<div class=\"elementor-container elementor-column-gap-default\">\n\t\t\t\t\t<div class=\"elementor-column elementor-col-100 elementor-top-column elementor-element elementor-element-7195378\" data-id=\"7195378\" data-element_type=\"column\" data-e-type=\"column\">\n\t\t\t<div class=\"elementor-widget-wrap elementor-element-populated\">\n\t\t\t\t\t\t\t<\/div>\n\t\t<\/div>\n\t\t\t\t\t<\/div>\n\t\t<\/section>\n\t\t\t\t<section class=\"elementor-section elementor-top-section elementor-element elementor-element-ea6c959 elementor-section-boxed elementor-section-height-default elementor-section-height-default\" data-id=\"ea6c959\" data-element_type=\"section\" data-e-type=\"section\">\n\t\t\t\t\t\t<div class=\"elementor-container elementor-column-gap-default\">\n\t\t\t\t\t<div class=\"elementor-column elementor-col-100 elementor-top-column elementor-element elementor-element-2cea6c1\" data-id=\"2cea6c1\" data-element_type=\"column\" data-e-type=\"column\">\n\t\t\t<div class=\"elementor-widget-wrap elementor-element-populated\">\n\t\t\t\t\t\t<div class=\"elementor-element elementor-element-54cecfb elementor-widget elementor-widget-heading\" data-id=\"54cecfb\" data-element_type=\"widget\" data-e-type=\"widget\" data-widget_type=\"heading.default\">\n\t\t\t\t<div class=\"elementor-widget-container\">\n\t\t\t\t\t<h2 class=\"elementor-heading-title elementor-size-default\">Der Lehrer ist Lernpartner und Unterst\u00fctzer in der Pers\u00f6nlichkeitsentwicklung<\/h2>\t\t\t\t<\/div>\n\t\t\t\t<\/div>\n\t\t\t\t\t<\/div>\n\t\t<\/div>\n\t\t\t\t\t<\/div>\n\t\t<\/section>\n\t\t\t\t<section class=\"elementor-section elementor-top-section elementor-element elementor-element-0c29ce5 elementor-section-boxed elementor-section-height-default elementor-section-height-default\" data-id=\"0c29ce5\" data-element_type=\"section\" data-e-type=\"section\">\n\t\t\t\t\t\t<div class=\"elementor-container elementor-column-gap-default\">\n\t\t\t\t\t<div class=\"elementor-column elementor-col-100 elementor-top-column elementor-element elementor-element-3f0f4ec\" data-id=\"3f0f4ec\" data-element_type=\"column\" data-e-type=\"column\">\n\t\t\t<div class=\"elementor-widget-wrap elementor-element-populated\">\n\t\t\t\t\t\t<div class=\"elementor-element elementor-element-e6c13e5 elementor-widget elementor-widget-text-editor\" data-id=\"e6c13e5\" data-element_type=\"widget\" data-e-type=\"widget\" data-widget_type=\"text-editor.default\">\n\t\t\t\t<div class=\"elementor-widget-container\">\n\t\t\t\t\t\t\t\t\t<p><span data-contrast=\"auto\">Ohnehin begreife er sich nicht allein als Wissensvermittler und Lernpartner. Die Pers\u00f6nlichkeitsentwicklung und das Selbstbewusstsein seiner Sch\u00fctzlinge zu st\u00e4rken, st\u00fcnden f\u00fcr ihn an erster Stelle: \u201eDie Kinder wissen jetzt schon, was sie alles nicht d\u00fcrfen. Das m\u00f6chte ich umdrehen. Was hei\u00dft zum Beispiel \u201alieb sein\u2018 in den Klassenregeln und was kannst du aktiv daf\u00fcr tun? Diese Art der positiven Affirmation ist mir extrem wichtig. Es wird immer nach Fehlern gesucht, aber wir m\u00fcssen doch die St\u00e4rken festigen.\u201c\u00a0<\/span><span data-ccp-props=\"{&quot;134233117&quot;:false,&quot;134233118&quot;:false,&quot;201341983&quot;:0,&quot;335559738&quot;:0,&quot;335559739&quot;:0,&quot;335559740&quot;:240}\">\u00a0<\/span><\/p><p><span data-ccp-props=\"{&quot;134233117&quot;:false,&quot;134233118&quot;:false,&quot;201341983&quot;:0,&quot;335559738&quot;:0,&quot;335559739&quot;:0,&quot;335559740&quot;:240}\">\u00a0<\/span><\/p><p><span data-contrast=\"auto\">Lehrerinnen und Lehrer tragen dazu einen gro\u00dfen Teil bei, das m\u00fcsse aber endlich auch in der Gesellschaft ankommen: \u201eFr\u00fcher dachte ich in meiner Naivit\u00e4t: Lehrer arbeiten vormittags und haben nachmittags frei. Aber das ist nat\u00fcrlich absolut nicht wahr. Wir arbeiten viel und hart!\u201c Allein f\u00fcr die Organisation rund um den Unterricht ginge viel Zeit drauf. \u201eEigentlich brauche ich eine Sekret\u00e4rin.\u201c<\/span><span data-ccp-props=\"{&quot;134233117&quot;:false,&quot;134233118&quot;:false,&quot;201341983&quot;:0,&quot;335559738&quot;:0,&quot;335559739&quot;:0,&quot;335559740&quot;:240}\">\u00a0<\/span><\/p>\t\t\t\t\t\t\t\t<\/div>\n\t\t\t\t<\/div>\n\t\t\t\t\t<\/div>\n\t\t<\/div>\n\t\t\t\t\t<\/div>\n\t\t<\/section>\n\t\t\t\t<section class=\"elementor-section elementor-top-section elementor-element elementor-element-39bc760 elementor-section-boxed elementor-section-height-default elementor-section-height-default\" data-id=\"39bc760\" data-element_type=\"section\" data-e-type=\"section\">\n\t\t\t\t\t\t<div class=\"elementor-container elementor-column-gap-default\">\n\t\t\t\t\t<div class=\"elementor-column elementor-col-100 elementor-top-column elementor-element elementor-element-58162c1\" data-id=\"58162c1\" data-element_type=\"column\" data-e-type=\"column\">\n\t\t\t<div class=\"elementor-widget-wrap elementor-element-populated\">\n\t\t\t\t\t\t\t<\/div>\n\t\t<\/div>\n\t\t\t\t\t<\/div>\n\t\t<\/section>\n\t\t\t\t<section class=\"elementor-section elementor-top-section elementor-element elementor-element-f6937f8 elementor-section-boxed elementor-section-height-default elementor-section-height-default\" data-id=\"f6937f8\" data-element_type=\"section\" data-e-type=\"section\">\n\t\t\t\t\t\t<div class=\"elementor-container elementor-column-gap-default\">\n\t\t\t\t\t<div class=\"elementor-column elementor-col-100 elementor-top-column elementor-element elementor-element-2ec3d0c\" data-id=\"2ec3d0c\" data-element_type=\"column\" data-e-type=\"column\">\n\t\t\t<div class=\"elementor-widget-wrap elementor-element-populated\">\n\t\t\t\t\t\t<div class=\"elementor-element elementor-element-c0d4a59 elementor-widget elementor-widget-heading\" data-id=\"c0d4a59\" data-element_type=\"widget\" data-e-type=\"widget\" data-widget_type=\"heading.default\">\n\t\t\t\t<div class=\"elementor-widget-container\">\n\t\t\t\t\t<h2 class=\"elementor-heading-title elementor-size-default\">Lehrer brauchen mehr gesellschaftliche Anerkennung<\/h2>\t\t\t\t<\/div>\n\t\t\t\t<\/div>\n\t\t\t\t\t<\/div>\n\t\t<\/div>\n\t\t\t\t\t<\/div>\n\t\t<\/section>\n\t\t\t\t<section class=\"elementor-section elementor-top-section elementor-element elementor-element-50e38bc elementor-section-boxed elementor-section-height-default elementor-section-height-default\" data-id=\"50e38bc\" data-element_type=\"section\" data-e-type=\"section\">\n\t\t\t\t\t\t<div class=\"elementor-container elementor-column-gap-default\">\n\t\t\t\t\t<div class=\"elementor-column elementor-col-100 elementor-top-column elementor-element elementor-element-a2d89c6\" data-id=\"a2d89c6\" data-element_type=\"column\" data-e-type=\"column\">\n\t\t\t<div class=\"elementor-widget-wrap elementor-element-populated\">\n\t\t\t\t\t\t<div class=\"elementor-element elementor-element-44dbb7b elementor-widget elementor-widget-text-editor\" data-id=\"44dbb7b\" data-element_type=\"widget\" data-e-type=\"widget\" data-widget_type=\"text-editor.default\">\n\t\t\t\t<div class=\"elementor-widget-container\">\n\t\t\t\t\t\t\t\t\t<p><span data-contrast=\"auto\">Trotzdem ist Grundschullehrer nach wie vor Junghann\u00df\u2018 Traumberuf, und er genie\u00dft es, f\u00fcr seine Sch\u00fclerinnen und Sch\u00fcler da zu sein, ihnen ernsthaft zuzuh\u00f6ren. Bindung stehe f\u00fcr ihn vor Erziehung und Bildung: \u201e\u00dcberall m\u00fcssen Kinder funktionieren, aber ich lasse sie gern auch Kind sein.\u201c Ann\u00e4herung und Austausch seien im Kollegium sein Credo: \u201eIch will eine Verbindung sein zwischen allen &#8211; alten Lehrern, neuen Lehrern, Sch\u00fclern und Eltern.\u201c Dass er ein guter Lehrer ist, daran zweifelt man kaum. Er hat immerhin seit der 2. Klasse daf\u00fcr ge\u00fcbt.<\/span><span data-ccp-props=\"{&quot;134233117&quot;:false,&quot;134233118&quot;:false,&quot;201341983&quot;:0,&quot;335559738&quot;:0,&quot;335559739&quot;:0,&quot;335559740&quot;:240}\">&nbsp;<\/span><\/p>\t\t\t\t\t\t\t\t<\/div>\n\t\t\t\t<\/div>\n\t\t\t\t\t<\/div>\n\t\t<\/div>\n\t\t\t\t\t<\/div>\n\t\t<\/section>\n\t\t\t\t<section class=\"elementor-section elementor-top-section elementor-element elementor-element-32cdc3c elementor-section-boxed elementor-section-height-default elementor-section-height-default\" data-id=\"32cdc3c\" data-element_type=\"section\" data-e-type=\"section\">\n\t\t\t\t\t\t<div class=\"elementor-container elementor-column-gap-default\">\n\t\t\t\t\t<div class=\"elementor-column elementor-col-100 elementor-top-column elementor-element elementor-element-c1cd103\" data-id=\"c1cd103\" data-element_type=\"column\" data-e-type=\"column\">\n\t\t\t<div class=\"elementor-widget-wrap elementor-element-populated\">\n\t\t\t\t\t\t<div class=\"elementor-element elementor-element-98d6a78 elementor-widget elementor-widget-heading\" data-id=\"98d6a78\" data-element_type=\"widget\" data-e-type=\"widget\" data-widget_type=\"heading.default\">\n\t\t\t\t<div class=\"elementor-widget-container\">\n\t\t\t\t\t<h2 class=\"elementor-heading-title elementor-size-default\">Du interessierst dich auch f\u00fcr den Schuldienst auf dem s\u00e4chsischen Land? Hier findest du viele Gr\u00fcnde, die daf\u00fcr sprechen.<\/h2>\t\t\t\t<\/div>\n\t\t\t\t<\/div>\n\t\t\t\t\t<\/div>\n\t\t<\/div>\n\t\t\t\t\t<\/div>\n\t\t<\/section>\n\t\t\t\t<section class=\"elementor-section elementor-top-section elementor-element elementor-element-4ceec11 elementor-section-boxed elementor-section-height-default elementor-section-height-default\" data-id=\"4ceec11\" data-element_type=\"section\" data-e-type=\"section\">\n\t\t\t\t\t\t<div class=\"elementor-container elementor-column-gap-default\">\n\t\t\t\t\t<div class=\"elementor-column elementor-col-100 elementor-top-column elementor-element elementor-element-78b527f\" data-id=\"78b527f\" data-element_type=\"column\" data-e-type=\"column\">\n\t\t\t<div class=\"elementor-widget-wrap elementor-element-populated\">\n\t\t\t\t\t\t<div class=\"elementor-element elementor-element-8a8f4a4 elementor-widget elementor-widget-button\" data-id=\"8a8f4a4\" data-element_type=\"widget\" data-e-type=\"widget\" data-widget_type=\"button.default\">\n\t\t\t\t<div class=\"elementor-widget-container\">\n\t\t\t\t\t\t\t\t\t<div class=\"elementor-button-wrapper\">\n\t\t\t\t\t<a class=\"elementor-button elementor-button-link elementor-size-sm\" href=\"https:\/\/lehrer-werden-in-sachsen.de\/sachsen-erleben\/#gruende-fuer-das-land\" target=\"_blank\" title=\"Sachsen erleben - Gr\u00fcnde f\u00fcr das Land\">\n\t\t\t\t\t\t<span class=\"elementor-button-content-wrapper\">\n\t\t\t\t\t\t\t\t\t<span class=\"elementor-button-text\">12 Argumente f\u00fcr die Arbeit auf dem s\u00e4chsischen Land<\/span>\n\t\t\t\t\t<\/span>\n\t\t\t\t\t<\/a>\n\t\t\t\t<\/div>\n\t\t\t\t\t\t\t\t<\/div>\n\t\t\t\t<\/div>\n\t\t\t\t\t<\/div>\n\t\t<\/div>\n\t\t\t\t\t<\/div>\n\t\t<\/section>\n\t\t\t\t<\/div>\n\t\t","protected":false},"excerpt":{"rendered":"<p>Michael Junghann\u00df hat lange in der freien Wirtschaft gearbeitet und wird nun Grundschullehrer auf dem s\u00e4chsischen Land. Er hatte gute Gr\u00fcnde f\u00fcr seinen Wechsel.<\/p>\n","protected":false},"author":13,"featured_media":9448,"comment_status":"closed","ping_status":"closed","sticky":false,"template":"","format":"standard","meta":{"footnotes":""},"categories":[46],"tags":[202,109,210],"class_list":["post-9495","post","type-post","status-publish","format-standard","has-post-thumbnail","hentry","category-blog","tag-berufseinstieg","tag-grundschule","tag-saechsische-regionen"],"yoast_head":"<!-- This site is optimized with the Yoast SEO plugin v27.3 - https:\/\/yoast.com\/product\/yoast-seo-wordpress\/ -->\n<title>LEHRERIN SACHSEN | Grundschullehrer auf dem s\u00e4chsischen Land<\/title>\n<meta name=\"description\" content=\"Michael Junghann\u00df arbeitete lange in der freien Wirtschaft. Nun wird er Grundschullehrer auf dem s\u00e4chsischen Land und erl\u00e4utert seine Gr\u00fcnde.\" \/>\n<meta name=\"robots\" content=\"index, follow, max-snippet:-1, max-image-preview:large, max-video-preview:-1\" \/>\n<link rel=\"canonical\" href=\"https:\/\/lehrer-werden-in-sachsen.de\/grundschule-sachsen-junghannss\/\" \/>\n<meta property=\"og:locale\" content=\"de_DE\" \/>\n<meta property=\"og:type\" content=\"article\" \/>\n<meta property=\"og:title\" content=\"LEHRERIN SACHSEN | Grundschullehrer auf dem s\u00e4chsischen Land\" \/>\n<meta property=\"og:description\" content=\"Michael Junghann\u00df arbeitete lange in der freien Wirtschaft. Nun wird er Grundschullehrer auf dem s\u00e4chsischen Land und erl\u00e4utert seine Gr\u00fcnde.\" \/>\n<meta property=\"og:url\" content=\"https:\/\/lehrer-werden-in-sachsen.de\/grundschule-sachsen-junghannss\/\" \/>\n<meta property=\"og:site_name\" content=\"LEHRERIN SACHSEN\" \/>\n<meta property=\"article:published_time\" content=\"2023-02-22T14:55:53+00:00\" \/>\n<meta property=\"article:modified_time\" content=\"2025-10-10T10:39:23+00:00\" \/>\n<meta property=\"og:image\" content=\"https:\/\/lehrer-werden-in-sachsen.de\/wp-content\/uploads\/2023\/02\/SMK-Blog-Header-Michael-Junghanns_1920x970px-1-1.png\" \/>\n\t<meta property=\"og:image:width\" content=\"1920\" \/>\n\t<meta property=\"og:image:height\" content=\"970\" \/>\n\t<meta property=\"og:image:type\" content=\"image\/png\" \/>\n<meta name=\"author\" content=\"Maria Kretschmann\" \/>\n<meta name=\"twitter:card\" content=\"summary_large_image\" \/>\n<meta name=\"twitter:label1\" content=\"Verfasst von\" \/>\n\t<meta name=\"twitter:data1\" content=\"Maria Kretschmann\" \/>\n\t<meta name=\"twitter:label2\" content=\"Gesch\u00e4tzte Lesezeit\" \/>\n\t<meta name=\"twitter:data2\" content=\"7\u00a0Minuten\" \/>\n<script type=\"application\/ld+json\" class=\"yoast-schema-graph\">{\"@context\":\"https:\\\/\\\/schema.org\",\"@graph\":[{\"@type\":\"Article\",\"@id\":\"https:\\\/\\\/lehrer-werden-in-sachsen.de\\\/grundschule-sachsen-junghannss\\\/#article\",\"isPartOf\":{\"@id\":\"https:\\\/\\\/lehrer-werden-in-sachsen.de\\\/grundschule-sachsen-junghannss\\\/\"},\"author\":{\"name\":\"Maria Kretschmann\",\"@id\":\"https:\\\/\\\/lehrer-werden-in-sachsen.de\\\/#\\\/schema\\\/person\\\/4a127ffcfbf4e52ff0f66dcd7b4a5cc1\"},\"headline\":\"Michael Junghann\u00df ist Grundschullehrer auf dem Land &#8211; \u201eIn der Grundschule legen wir die Basis f\u00fcr unsere Demokratie!&#8220;\",\"datePublished\":\"2023-02-22T14:55:53+00:00\",\"dateModified\":\"2025-10-10T10:39:23+00:00\",\"mainEntityOfPage\":{\"@id\":\"https:\\\/\\\/lehrer-werden-in-sachsen.de\\\/grundschule-sachsen-junghannss\\\/\"},\"wordCount\":1235,\"publisher\":{\"@id\":\"https:\\\/\\\/lehrer-werden-in-sachsen.de\\\/#organization\"},\"image\":{\"@id\":\"https:\\\/\\\/lehrer-werden-in-sachsen.de\\\/grundschule-sachsen-junghannss\\\/#primaryimage\"},\"thumbnailUrl\":\"https:\\\/\\\/lehrer-werden-in-sachsen.de\\\/stage\\\/wp-content\\\/uploads\\\/2023\\\/02\\\/SMK-Blog-Header-Michael-Junghanns_1920x970px-1-1.png\",\"keywords\":[\"Berufseinstieg\",\"Grundschule\",\"S\u00e4chsische Regionen\"],\"articleSection\":[\"Blog\"],\"inLanguage\":\"de\"},{\"@type\":\"WebPage\",\"@id\":\"https:\\\/\\\/lehrer-werden-in-sachsen.de\\\/grundschule-sachsen-junghannss\\\/\",\"url\":\"https:\\\/\\\/lehrer-werden-in-sachsen.de\\\/grundschule-sachsen-junghannss\\\/\",\"name\":\"LEHRERIN SACHSEN | Grundschullehrer auf dem s\u00e4chsischen Land\",\"isPartOf\":{\"@id\":\"https:\\\/\\\/lehrer-werden-in-sachsen.de\\\/#website\"},\"primaryImageOfPage\":{\"@id\":\"https:\\\/\\\/lehrer-werden-in-sachsen.de\\\/grundschule-sachsen-junghannss\\\/#primaryimage\"},\"image\":{\"@id\":\"https:\\\/\\\/lehrer-werden-in-sachsen.de\\\/grundschule-sachsen-junghannss\\\/#primaryimage\"},\"thumbnailUrl\":\"https:\\\/\\\/lehrer-werden-in-sachsen.de\\\/stage\\\/wp-content\\\/uploads\\\/2023\\\/02\\\/SMK-Blog-Header-Michael-Junghanns_1920x970px-1-1.png\",\"datePublished\":\"2023-02-22T14:55:53+00:00\",\"dateModified\":\"2025-10-10T10:39:23+00:00\",\"description\":\"Michael Junghann\u00df arbeitete lange in der freien Wirtschaft. Nun wird er Grundschullehrer auf dem s\u00e4chsischen Land und erl\u00e4utert seine Gr\u00fcnde.\",\"breadcrumb\":{\"@id\":\"https:\\\/\\\/lehrer-werden-in-sachsen.de\\\/grundschule-sachsen-junghannss\\\/#breadcrumb\"},\"inLanguage\":\"de\",\"potentialAction\":[{\"@type\":\"ReadAction\",\"target\":[\"https:\\\/\\\/lehrer-werden-in-sachsen.de\\\/grundschule-sachsen-junghannss\\\/\"]}]},{\"@type\":\"ImageObject\",\"inLanguage\":\"de\",\"@id\":\"https:\\\/\\\/lehrer-werden-in-sachsen.de\\\/grundschule-sachsen-junghannss\\\/#primaryimage\",\"url\":\"https:\\\/\\\/lehrer-werden-in-sachsen.de\\\/stage\\\/wp-content\\\/uploads\\\/2023\\\/02\\\/SMK-Blog-Header-Michael-Junghanns_1920x970px-1-1.png\",\"contentUrl\":\"https:\\\/\\\/lehrer-werden-in-sachsen.de\\\/stage\\\/wp-content\\\/uploads\\\/2023\\\/02\\\/SMK-Blog-Header-Michael-Junghanns_1920x970px-1-1.png\",\"width\":1920,\"height\":970,\"caption\":\"Michael Junghann\u00df ist Grundschllehrer auf dem s\u00e4chsischen Land\"},{\"@type\":\"BreadcrumbList\",\"@id\":\"https:\\\/\\\/lehrer-werden-in-sachsen.de\\\/grundschule-sachsen-junghannss\\\/#breadcrumb\",\"itemListElement\":[{\"@type\":\"ListItem\",\"position\":1,\"name\":\"Startseite\",\"item\":\"https:\\\/\\\/lehrer-werden-in-sachsen.de\\\/\"},{\"@type\":\"ListItem\",\"position\":2,\"name\":\"Michael Junghann\u00df ist Grundschullehrer auf dem Land &#8211; \u201eIn der Grundschule legen wir die Basis f\u00fcr unsere Demokratie!&#8220;\"}]},{\"@type\":\"WebSite\",\"@id\":\"https:\\\/\\\/lehrer-werden-in-sachsen.de\\\/#website\",\"url\":\"https:\\\/\\\/lehrer-werden-in-sachsen.de\\\/\",\"name\":\"LEHRERIN SACHSEN\",\"description\":\"Eine Klasse f\u00fcr sich.\",\"publisher\":{\"@id\":\"https:\\\/\\\/lehrer-werden-in-sachsen.de\\\/#organization\"},\"potentialAction\":[{\"@type\":\"SearchAction\",\"target\":{\"@type\":\"EntryPoint\",\"urlTemplate\":\"https:\\\/\\\/lehrer-werden-in-sachsen.de\\\/?s={search_term_string}\"},\"query-input\":{\"@type\":\"PropertyValueSpecification\",\"valueRequired\":true,\"valueName\":\"search_term_string\"}}],\"inLanguage\":\"de\"},{\"@type\":\"Organization\",\"@id\":\"https:\\\/\\\/lehrer-werden-in-sachsen.de\\\/#organization\",\"name\":\"LEHRERIN SACHSEN\",\"url\":\"https:\\\/\\\/lehrer-werden-in-sachsen.de\\\/\",\"logo\":{\"@type\":\"ImageObject\",\"inLanguage\":\"de\",\"@id\":\"https:\\\/\\\/lehrer-werden-in-sachsen.de\\\/#\\\/schema\\\/logo\\\/image\\\/\",\"url\":\"https:\\\/\\\/lehrer-werden-in-sachsen.de\\\/stage\\\/wp-content\\\/uploads\\\/2022\\\/02\\\/SMK_Leherin-Sachsen-Marke_RGB_Violett-Orange.svg\",\"contentUrl\":\"https:\\\/\\\/lehrer-werden-in-sachsen.de\\\/stage\\\/wp-content\\\/uploads\\\/2022\\\/02\\\/SMK_Leherin-Sachsen-Marke_RGB_Violett-Orange.svg\",\"caption\":\"LEHRERIN SACHSEN\"},\"image\":{\"@id\":\"https:\\\/\\\/lehrer-werden-in-sachsen.de\\\/#\\\/schema\\\/logo\\\/image\\\/\"}},{\"@type\":\"Person\",\"@id\":\"https:\\\/\\\/lehrer-werden-in-sachsen.de\\\/#\\\/schema\\\/person\\\/4a127ffcfbf4e52ff0f66dcd7b4a5cc1\",\"name\":\"Maria Kretschmann\",\"image\":{\"@type\":\"ImageObject\",\"inLanguage\":\"de\",\"@id\":\"https:\\\/\\\/secure.gravatar.com\\\/avatar\\\/785963a239158e0d036c182ccde6b24c2d0822b83af8ab1b3773045a106114df?s=96&d=mm&r=g\",\"url\":\"https:\\\/\\\/secure.gravatar.com\\\/avatar\\\/785963a239158e0d036c182ccde6b24c2d0822b83af8ab1b3773045a106114df?s=96&d=mm&r=g\",\"contentUrl\":\"https:\\\/\\\/secure.gravatar.com\\\/avatar\\\/785963a239158e0d036c182ccde6b24c2d0822b83af8ab1b3773045a106114df?s=96&d=mm&r=g\",\"caption\":\"Maria Kretschmann\"},\"url\":\"https:\\\/\\\/lehrer-werden-in-sachsen.de\\\/stage\\\/author\\\/maria-kretschmann\\\/\"}]}<\/script>\n<!-- \/ Yoast SEO plugin. -->","yoast_head_json":{"title":"LEHRERIN SACHSEN | Grundschullehrer auf dem s\u00e4chsischen Land","description":"Michael Junghann\u00df arbeitete lange in der freien Wirtschaft. Nun wird er Grundschullehrer auf dem s\u00e4chsischen Land und erl\u00e4utert seine Gr\u00fcnde.","robots":{"index":"index","follow":"follow","max-snippet":"max-snippet:-1","max-image-preview":"max-image-preview:large","max-video-preview":"max-video-preview:-1"},"canonical":"https:\/\/lehrer-werden-in-sachsen.de\/grundschule-sachsen-junghannss\/","og_locale":"de_DE","og_type":"article","og_title":"LEHRERIN SACHSEN | Grundschullehrer auf dem s\u00e4chsischen Land","og_description":"Michael Junghann\u00df arbeitete lange in der freien Wirtschaft. Nun wird er Grundschullehrer auf dem s\u00e4chsischen Land und erl\u00e4utert seine Gr\u00fcnde.","og_url":"https:\/\/lehrer-werden-in-sachsen.de\/grundschule-sachsen-junghannss\/","og_site_name":"LEHRERIN SACHSEN","article_published_time":"2023-02-22T14:55:53+00:00","article_modified_time":"2025-10-10T10:39:23+00:00","og_image":[{"width":1920,"height":970,"url":"https:\/\/lehrer-werden-in-sachsen.de\/wp-content\/uploads\/2023\/02\/SMK-Blog-Header-Michael-Junghanns_1920x970px-1-1.png","type":"image\/png"}],"author":"Maria Kretschmann","twitter_card":"summary_large_image","twitter_misc":{"Verfasst von":"Maria Kretschmann","Gesch\u00e4tzte Lesezeit":"7\u00a0Minuten"},"schema":{"@context":"https:\/\/schema.org","@graph":[{"@type":"Article","@id":"https:\/\/lehrer-werden-in-sachsen.de\/grundschule-sachsen-junghannss\/#article","isPartOf":{"@id":"https:\/\/lehrer-werden-in-sachsen.de\/grundschule-sachsen-junghannss\/"},"author":{"name":"Maria Kretschmann","@id":"https:\/\/lehrer-werden-in-sachsen.de\/#\/schema\/person\/4a127ffcfbf4e52ff0f66dcd7b4a5cc1"},"headline":"Michael Junghann\u00df ist Grundschullehrer auf dem Land &#8211; \u201eIn der Grundschule legen wir die Basis f\u00fcr unsere Demokratie!&#8220;","datePublished":"2023-02-22T14:55:53+00:00","dateModified":"2025-10-10T10:39:23+00:00","mainEntityOfPage":{"@id":"https:\/\/lehrer-werden-in-sachsen.de\/grundschule-sachsen-junghannss\/"},"wordCount":1235,"publisher":{"@id":"https:\/\/lehrer-werden-in-sachsen.de\/#organization"},"image":{"@id":"https:\/\/lehrer-werden-in-sachsen.de\/grundschule-sachsen-junghannss\/#primaryimage"},"thumbnailUrl":"https:\/\/lehrer-werden-in-sachsen.de\/stage\/wp-content\/uploads\/2023\/02\/SMK-Blog-Header-Michael-Junghanns_1920x970px-1-1.png","keywords":["Berufseinstieg","Grundschule","S\u00e4chsische Regionen"],"articleSection":["Blog"],"inLanguage":"de"},{"@type":"WebPage","@id":"https:\/\/lehrer-werden-in-sachsen.de\/grundschule-sachsen-junghannss\/","url":"https:\/\/lehrer-werden-in-sachsen.de\/grundschule-sachsen-junghannss\/","name":"LEHRERIN SACHSEN | Grundschullehrer auf dem s\u00e4chsischen Land","isPartOf":{"@id":"https:\/\/lehrer-werden-in-sachsen.de\/#website"},"primaryImageOfPage":{"@id":"https:\/\/lehrer-werden-in-sachsen.de\/grundschule-sachsen-junghannss\/#primaryimage"},"image":{"@id":"https:\/\/lehrer-werden-in-sachsen.de\/grundschule-sachsen-junghannss\/#primaryimage"},"thumbnailUrl":"https:\/\/lehrer-werden-in-sachsen.de\/stage\/wp-content\/uploads\/2023\/02\/SMK-Blog-Header-Michael-Junghanns_1920x970px-1-1.png","datePublished":"2023-02-22T14:55:53+00:00","dateModified":"2025-10-10T10:39:23+00:00","description":"Michael Junghann\u00df arbeitete lange in der freien Wirtschaft. Nun wird er Grundschullehrer auf dem s\u00e4chsischen Land und erl\u00e4utert seine Gr\u00fcnde.","breadcrumb":{"@id":"https:\/\/lehrer-werden-in-sachsen.de\/grundschule-sachsen-junghannss\/#breadcrumb"},"inLanguage":"de","potentialAction":[{"@type":"ReadAction","target":["https:\/\/lehrer-werden-in-sachsen.de\/grundschule-sachsen-junghannss\/"]}]},{"@type":"ImageObject","inLanguage":"de","@id":"https:\/\/lehrer-werden-in-sachsen.de\/grundschule-sachsen-junghannss\/#primaryimage","url":"https:\/\/lehrer-werden-in-sachsen.de\/stage\/wp-content\/uploads\/2023\/02\/SMK-Blog-Header-Michael-Junghanns_1920x970px-1-1.png","contentUrl":"https:\/\/lehrer-werden-in-sachsen.de\/stage\/wp-content\/uploads\/2023\/02\/SMK-Blog-Header-Michael-Junghanns_1920x970px-1-1.png","width":1920,"height":970,"caption":"Michael Junghann\u00df ist Grundschllehrer auf dem s\u00e4chsischen Land"},{"@type":"BreadcrumbList","@id":"https:\/\/lehrer-werden-in-sachsen.de\/grundschule-sachsen-junghannss\/#breadcrumb","itemListElement":[{"@type":"ListItem","position":1,"name":"Startseite","item":"https:\/\/lehrer-werden-in-sachsen.de\/"},{"@type":"ListItem","position":2,"name":"Michael Junghann\u00df ist Grundschullehrer auf dem Land &#8211; \u201eIn der Grundschule legen wir die Basis f\u00fcr unsere Demokratie!&#8220;"}]},{"@type":"WebSite","@id":"https:\/\/lehrer-werden-in-sachsen.de\/#website","url":"https:\/\/lehrer-werden-in-sachsen.de\/","name":"LEHRERIN SACHSEN","description":"Eine Klasse f\u00fcr sich.","publisher":{"@id":"https:\/\/lehrer-werden-in-sachsen.de\/#organization"},"potentialAction":[{"@type":"SearchAction","target":{"@type":"EntryPoint","urlTemplate":"https:\/\/lehrer-werden-in-sachsen.de\/?s={search_term_string}"},"query-input":{"@type":"PropertyValueSpecification","valueRequired":true,"valueName":"search_term_string"}}],"inLanguage":"de"},{"@type":"Organization","@id":"https:\/\/lehrer-werden-in-sachsen.de\/#organization","name":"LEHRERIN SACHSEN","url":"https:\/\/lehrer-werden-in-sachsen.de\/","logo":{"@type":"ImageObject","inLanguage":"de","@id":"https:\/\/lehrer-werden-in-sachsen.de\/#\/schema\/logo\/image\/","url":"https:\/\/lehrer-werden-in-sachsen.de\/stage\/wp-content\/uploads\/2022\/02\/SMK_Leherin-Sachsen-Marke_RGB_Violett-Orange.svg","contentUrl":"https:\/\/lehrer-werden-in-sachsen.de\/stage\/wp-content\/uploads\/2022\/02\/SMK_Leherin-Sachsen-Marke_RGB_Violett-Orange.svg","caption":"LEHRERIN SACHSEN"},"image":{"@id":"https:\/\/lehrer-werden-in-sachsen.de\/#\/schema\/logo\/image\/"}},{"@type":"Person","@id":"https:\/\/lehrer-werden-in-sachsen.de\/#\/schema\/person\/4a127ffcfbf4e52ff0f66dcd7b4a5cc1","name":"Maria Kretschmann","image":{"@type":"ImageObject","inLanguage":"de","@id":"https:\/\/secure.gravatar.com\/avatar\/785963a239158e0d036c182ccde6b24c2d0822b83af8ab1b3773045a106114df?s=96&d=mm&r=g","url":"https:\/\/secure.gravatar.com\/avatar\/785963a239158e0d036c182ccde6b24c2d0822b83af8ab1b3773045a106114df?s=96&d=mm&r=g","contentUrl":"https:\/\/secure.gravatar.com\/avatar\/785963a239158e0d036c182ccde6b24c2d0822b83af8ab1b3773045a106114df?s=96&d=mm&r=g","caption":"Maria Kretschmann"},"url":"https:\/\/lehrer-werden-in-sachsen.de\/stage\/author\/maria-kretschmann\/"}]}},"_links":{"self":[{"href":"https:\/\/lehrer-werden-in-sachsen.de\/stage\/wp-json\/wp\/v2\/posts\/9495","targetHints":{"allow":["GET"]}}],"collection":[{"href":"https:\/\/lehrer-werden-in-sachsen.de\/stage\/wp-json\/wp\/v2\/posts"}],"about":[{"href":"https:\/\/lehrer-werden-in-sachsen.de\/stage\/wp-json\/wp\/v2\/types\/post"}],"author":[{"embeddable":true,"href":"https:\/\/lehrer-werden-in-sachsen.de\/stage\/wp-json\/wp\/v2\/users\/13"}],"replies":[{"embeddable":true,"href":"https:\/\/lehrer-werden-in-sachsen.de\/stage\/wp-json\/wp\/v2\/comments?post=9495"}],"version-history":[{"count":123,"href":"https:\/\/lehrer-werden-in-sachsen.de\/stage\/wp-json\/wp\/v2\/posts\/9495\/revisions"}],"predecessor-version":[{"id":23943,"href":"https:\/\/lehrer-werden-in-sachsen.de\/stage\/wp-json\/wp\/v2\/posts\/9495\/revisions\/23943"}],"wp:featuredmedia":[{"embeddable":true,"href":"https:\/\/lehrer-werden-in-sachsen.de\/stage\/wp-json\/wp\/v2\/media\/9448"}],"wp:attachment":[{"href":"https:\/\/lehrer-werden-in-sachsen.de\/stage\/wp-json\/wp\/v2\/media?parent=9495"}],"wp:term":[{"taxonomy":"category","embeddable":true,"href":"https:\/\/lehrer-werden-in-sachsen.de\/stage\/wp-json\/wp\/v2\/categories?post=9495"},{"taxonomy":"post_tag","embeddable":true,"href":"https:\/\/lehrer-werden-in-sachsen.de\/stage\/wp-json\/wp\/v2\/tags?post=9495"}],"curies":[{"name":"wp","href":"https:\/\/api.w.org\/{rel}","templated":true}]}}