{"id":9393,"date":"2023-01-25T10:59:00","date_gmt":"2023-01-25T09:59:00","guid":{"rendered":"https:\/\/lehrer-werden-in-sachsen.de\/stage\/?p=9393"},"modified":"2025-10-10T12:03:15","modified_gmt":"2025-10-10T10:03:15","slug":"lehramtsstudium-in-sachsen-sonderpaedagogik","status":"publish","type":"post","link":"https:\/\/lehrer-werden-in-sachsen.de\/stage\/lehramtsstudium-in-sachsen-sonderpaedagogik\/","title":{"rendered":"Was ist eigentlich Sonderp\u00e4dagogik?"},"content":{"rendered":"\t\t<div data-elementor-type=\"wp-post\" data-elementor-id=\"9393\" class=\"elementor elementor-9393\" data-elementor-post-type=\"post\">\n\t\t\t\t\t\t<section class=\"elementor-section elementor-top-section elementor-element elementor-element-0123194 elementor-section-boxed elementor-section-height-default elementor-section-height-default\" data-id=\"0123194\" data-element_type=\"section\" data-e-type=\"section\">\n\t\t\t\t\t\t<div class=\"elementor-container elementor-column-gap-default\">\n\t\t\t\t\t<div class=\"elementor-column elementor-col-100 elementor-top-column elementor-element elementor-element-b846746\" data-id=\"b846746\" data-element_type=\"column\" data-e-type=\"column\">\n\t\t\t<div class=\"elementor-widget-wrap elementor-element-populated\">\n\t\t\t\t\t\t<div class=\"elementor-element elementor-element-70fcbf7 elementor-widget elementor-widget-heading\" data-id=\"70fcbf7\" data-element_type=\"widget\" data-e-type=\"widget\" data-widget_type=\"heading.default\">\n\t\t\t\t<div class=\"elementor-widget-container\">\n\t\t\t\t\t<h2 class=\"elementor-heading-title elementor-size-default\">Mehr als nur Unterrichten an F\u00f6rderschulen <\/h2>\t\t\t\t<\/div>\n\t\t\t\t<\/div>\n\t\t\t\t\t<\/div>\n\t\t<\/div>\n\t\t\t\t\t<\/div>\n\t\t<\/section>\n\t\t\t\t<section class=\"elementor-section elementor-top-section elementor-element elementor-element-1ad615f elementor-section-boxed elementor-section-height-default elementor-section-height-default\" data-id=\"1ad615f\" data-element_type=\"section\" data-e-type=\"section\">\n\t\t\t\t\t\t<div class=\"elementor-container elementor-column-gap-default\">\n\t\t\t\t\t<div class=\"elementor-column elementor-col-100 elementor-top-column elementor-element elementor-element-a450d8d\" data-id=\"a450d8d\" data-element_type=\"column\" data-e-type=\"column\">\n\t\t\t<div class=\"elementor-widget-wrap elementor-element-populated\">\n\t\t\t\t\t\t<div class=\"elementor-element elementor-element-068da89 elementor-widget elementor-widget-spacer\" data-id=\"068da89\" data-element_type=\"widget\" data-e-type=\"widget\" data-widget_type=\"spacer.default\">\n\t\t\t\t<div class=\"elementor-widget-container\">\n\t\t\t\t\t\t\t<div class=\"elementor-spacer\">\n\t\t\t<div class=\"elementor-spacer-inner\"><\/div>\n\t\t<\/div>\n\t\t\t\t\t\t<\/div>\n\t\t\t\t<\/div>\n\t\t\t\t\t<\/div>\n\t\t<\/div>\n\t\t\t\t\t<\/div>\n\t\t<\/section>\n\t\t\t\t<section class=\"elementor-section elementor-top-section elementor-element elementor-element-12adafa elementor-section-boxed elementor-section-height-default elementor-section-height-default\" data-id=\"12adafa\" data-element_type=\"section\" data-e-type=\"section\">\n\t\t\t\t\t\t<div class=\"elementor-container elementor-column-gap-default\">\n\t\t\t\t\t<div class=\"elementor-column elementor-col-100 elementor-top-column elementor-element elementor-element-cad945c\" data-id=\"cad945c\" data-element_type=\"column\" data-e-type=\"column\">\n\t\t\t<div class=\"elementor-widget-wrap elementor-element-populated\">\n\t\t\t\t\t\t<div class=\"elementor-element elementor-element-942c733 elementor-widget elementor-widget-text-editor\" data-id=\"942c733\" data-element_type=\"widget\" data-e-type=\"widget\" data-widget_type=\"text-editor.default\">\n\t\t\t\t<div class=\"elementor-widget-container\">\n\t\t\t\t\t\t\t\t\t<p><strong>Die Sonderp\u00e4dagogik umfasst eine Vielzahl von Aufgaben und bedeutet nicht nur das Unterrichten von Sch\u00fclerinnen und Sch\u00fclern mit F\u00f6rderbedarf, sondern auch deren Begleitung in ein selbstbestimmtes Leben. Lehrerinnen und Lehrer der Sonderp\u00e4dagogik wissen um die besonderen Lehr- und Lernsituationen der Kinder mit den unterschiedlichen Beeintr\u00e4chtigungen. Diese k\u00f6nnen in kognitiven, sozialen, emotionalen, k\u00f6rperlichen oder motorischen Entwicklungsbereichen vorliegen.<\/strong><\/p><p>\u00a0<\/p><p>Lehrerinnen und Lehrer der Sonderp\u00e4dagogik kennen F\u00f6rderma\u00dfnahmen, gestalten und planen den gemeinsamen Unterricht mit oder arbeiten an spezifischen F\u00f6rderzentren. Zudem beraten und begleiten sie auf der Grundlage sonderp\u00e4dagogischer und diagnostischer Erkenntnisse im inklusiven Unterricht. Sie entwickeln inklusive Schulkonzepte mit, um den Sch\u00fclerinnen und Sch\u00fclern die Teilhabe an Bildung und den Einstieg in ein Berufsleben zu gew\u00e4hrleisten.<\/p>\t\t\t\t\t\t\t\t<\/div>\n\t\t\t\t<\/div>\n\t\t\t\t\t<\/div>\n\t\t<\/div>\n\t\t\t\t\t<\/div>\n\t\t<\/section>\n\t\t\t\t<section class=\"elementor-section elementor-top-section elementor-element elementor-element-0cf8280 elementor-section-boxed elementor-section-height-default elementor-section-height-default\" data-id=\"0cf8280\" data-element_type=\"section\" data-e-type=\"section\">\n\t\t\t\t\t\t<div class=\"elementor-container elementor-column-gap-default\">\n\t\t\t\t\t<div class=\"elementor-column elementor-col-100 elementor-top-column elementor-element elementor-element-49ec284\" data-id=\"49ec284\" data-element_type=\"column\" data-e-type=\"column\">\n\t\t\t<div class=\"elementor-widget-wrap elementor-element-populated\">\n\t\t\t\t\t\t<div class=\"elementor-element elementor-element-8bdcb6c elementor-widget elementor-widget-heading\" data-id=\"8bdcb6c\" data-element_type=\"widget\" data-e-type=\"widget\" data-widget_type=\"heading.default\">\n\t\t\t\t<div class=\"elementor-widget-container\">\n\t\t\t\t\t<h3 class=\"elementor-heading-title elementor-size-default\">Wie werde ich eine sonderp\u00e4dagogisch ausgebildete Lehrkraft?<\/h3>\t\t\t\t<\/div>\n\t\t\t\t<\/div>\n\t\t\t\t<div class=\"elementor-element elementor-element-302c3e3 elementor-widget elementor-widget-text-editor\" data-id=\"302c3e3\" data-element_type=\"widget\" data-e-type=\"widget\" data-widget_type=\"text-editor.default\">\n\t\t\t\t<div class=\"elementor-widget-container\">\n\t\t\t\t\t\t\t\t\t<p>Wenn du Lehrerin oder Lehrer f\u00fcr Sonderp\u00e4dagogik und inklusive P\u00e4dagogik werden m\u00f6chtest, steht dir eine mehrstufige Ausbildung bevor. Die Grundausbildung ist das Lehramtsstudium der Sonderp\u00e4dagogik, das mit einem Master oder Staatsexamen abschlie\u00dft. Darauf folgt der <a href=\"https:\/\/lehrer-werden-in-sachsen.de\\\\\/infos-zum-vorbereitungsdienst\/\" title=\"Infos zum Vorbereitungsdienst\">Vorbereitungsdienst<\/a>, das sogenannte Referendariat. Im Studienbereich der Sonderp\u00e4dagogik\/inklusive P\u00e4dagogik spezialisierst du dich im Lehramtsstudium auf die <a href=\"https:\/\/lehrer-werden-in-sachsen.de\\\\\/infos-finden\/schulart-finden\/\" title=\"Schulart finden\">Schulformen<\/a> F\u00f6rderschule sowie allgemeinbildende Schulen inklusiver Ausrichtung. Teil des Studiums ist <strong>ein Unterrichtsfach der Oberschule<\/strong> (Biologie, Chemie, Deutsch, Englisch, Ethik\/Philosophie, Evangelische Religion, Geschichte, Informatik, Kunst, Mathematik, Musik, Physik, Sport oder Wirtschaft-Technik-Haushalt\/Soziales) <strong>oder die<\/strong> <strong>Grundschuldidaktiken<\/strong> (Deutsch\/ Mathematik\/Sachunterricht und Kunst oder Musik oder Sport oder Werken). Die <strong>Bildungswissenschaften<\/strong> sind dar\u00fcber hinaus immer Teil jedes Lehramtsstudienganges. Zus\u00e4tzlich w\u00e4hlst du im Studium der Sonderp\u00e4dagogik <strong>zwei F\u00f6rderschwerpunkte<\/strong>.<\/p>\t\t\t\t\t\t\t\t<\/div>\n\t\t\t\t<\/div>\n\t\t\t\t<div class=\"elementor-element elementor-element-f93e430 elementor-widget elementor-widget-heading\" data-id=\"f93e430\" data-element_type=\"widget\" data-e-type=\"widget\" data-widget_type=\"heading.default\">\n\t\t\t\t<div class=\"elementor-widget-container\">\n\t\t\t\t\t<h3 class=\"elementor-heading-title elementor-size-default\">Welche F\u00f6rderschwerpunkte stehen zur Auswahl?<\/h3>\t\t\t\t<\/div>\n\t\t\t\t<\/div>\n\t\t\t\t<div class=\"elementor-element elementor-element-6eca972 elementor-widget elementor-widget-text-editor\" data-id=\"6eca972\" data-element_type=\"widget\" data-e-type=\"widget\" data-widget_type=\"text-editor.default\">\n\t\t\t\t<div class=\"elementor-widget-container\">\n\t\t\t\t\t\t\t\t\t<ul><li>Emotional-Soziale Entwicklung<\/li><li>Geistige Entwicklung<\/li><li>K\u00f6rperlich-Motorische Entwicklung<\/li><li>Lernen<\/li><li>Sprache und Kommunikation<\/li><li>H\u00f6ren<\/li><li>Sehen<\/li><\/ul>\t\t\t\t\t\t\t\t<\/div>\n\t\t\t\t<\/div>\n\t\t\t\t\t<\/div>\n\t\t<\/div>\n\t\t\t\t\t<\/div>\n\t\t<\/section>\n\t\t\t\t<section class=\"elementor-section elementor-top-section elementor-element elementor-element-3185f44 elementor-section-boxed elementor-section-height-default elementor-section-height-default\" data-id=\"3185f44\" data-element_type=\"section\" data-e-type=\"section\">\n\t\t\t\t\t\t<div class=\"elementor-container elementor-column-gap-default\">\n\t\t\t\t\t<div class=\"elementor-column elementor-col-100 elementor-top-column elementor-element elementor-element-28064c1\" data-id=\"28064c1\" data-element_type=\"column\" data-e-type=\"column\">\n\t\t\t<div class=\"elementor-widget-wrap elementor-element-populated\">\n\t\t\t\t\t\t<div class=\"elementor-element elementor-element-88424a8 elementor-widget elementor-widget-heading\" data-id=\"88424a8\" data-element_type=\"widget\" data-e-type=\"widget\" data-widget_type=\"heading.default\">\n\t\t\t\t<div class=\"elementor-widget-container\">\n\t\t\t\t\t<h3 class=\"elementor-heading-title elementor-size-default\">Was muss ich f\u00fcr das Studium mitbringen?<\/h3>\t\t\t\t<\/div>\n\t\t\t\t<\/div>\n\t\t\t\t\t<\/div>\n\t\t<\/div>\n\t\t\t\t\t<\/div>\n\t\t<\/section>\n\t\t\t\t<section class=\"elementor-section elementor-top-section elementor-element elementor-element-20624e9 elementor-section-boxed elementor-section-height-default elementor-section-height-default\" data-id=\"20624e9\" data-element_type=\"section\" data-e-type=\"section\">\n\t\t\t\t\t\t<div class=\"elementor-container elementor-column-gap-default\">\n\t\t\t\t\t<div class=\"elementor-column elementor-col-100 elementor-top-column elementor-element elementor-element-06ed095\" data-id=\"06ed095\" data-element_type=\"column\" data-e-type=\"column\">\n\t\t\t<div class=\"elementor-widget-wrap elementor-element-populated\">\n\t\t\t\t\t\t<div class=\"elementor-element elementor-element-f1e7f94 elementor-widget elementor-widget-text-editor\" data-id=\"f1e7f94\" data-element_type=\"widget\" data-e-type=\"widget\" data-widget_type=\"text-editor.default\">\n\t\t\t\t<div class=\"elementor-widget-container\">\n\t\t\t\t\t\t\t\t\t<p>Voraussetzung ist die Allgemeine Hochschulreife bzw. Fachgebundene Hochschulreife. Aber auch praktische Erfahrung musst du sp\u00e4testens bei der Immatrikulation vorweisen k\u00f6nnen: vorab musst du ein Sozialpraktikum in einer beliebigen Kinder-, Jugend- oder Sozialeinrichtung im Umfang von <strong>vier Wochen absolviert haben<\/strong>. Dar\u00fcber hinaus ist ein phoniatrisches Gutachten notwendig. Dieses wird von einer Fach\u00e4rztin oder einem Facharzt f\u00fcr Phoniatrie und P\u00e4daudiologie oder von der Fach\u00e4rztin oder dem Facharzt f\u00fcr Hals-Nasen-Ohren-Heilkunde mit der Subspezialisierung Stimm- und Sprachst\u00f6rungen ausgestellt. Dadurch bescheinigen sie, dass du \u00fcber eine uneingeschr\u00e4nkte Stimm- und Sprechfunktion verf\u00fcgst. Aufgrund der stimmlichen Belastung im Lehramt stellt diese Funktion eine Schl\u00fcsselqualifikation f\u00fcr den Lehrberuf dar.<\/p><p>Je nach Fach k\u00f6nnen noch weitere Voraussetzungen wie Sprachkenntnisse oder Eignungstests (zum Beispiel in Kunst, Musik und Sport) auf dich zukommen. Neben den festgelegten Zugangsvoraussetzungen kannst du auch mithilfe eines <a href=\"https:\/\/lehrer-werden-in-sachsen.de\\\\\/lisas-fsj-paedagogik\/\" title=\"FSJ P\u00e4dagogik\">FSJ P\u00e4dagogik<\/a> herausfinden, ob du f\u00fcr die Sonderp\u00e4dagogik geeignet bist. Denn gerade f\u00fcr diesen Beruf solltest du besonders gut mit Menschen umgehen k\u00f6nnen und eine stark ausgepr\u00e4gte soziale Ader ist von gro\u00dfem Vorteil. Das sagt zumindest Mirko Altmann in unserem Interview. Und er muss es wissen! Denn er ist schon seit vielen Jahren im Beruf. Die pers\u00f6nlichen Erfahrungen eines Sonderp\u00e4dagogen kannst du direkt <a href=\"https:\/\/lehrer-werden-in-sachsen.de\\\\\/foerderpadagoge-aus-leidenschaft\/\" title=\"F\u00f6rderp\u00e4dagoge aus Leidenschaft\">hier<\/a> nachlesen.<\/p><p>Du interessierst dich f\u00fcr ein FSJ P\u00e4dagogik? Weitere Infos sind <a href=\"https:\/\/lehrer-werden-in-sachsen.de\\\\\/infos-zur-beruflichen-orientierung\/\" title=\"Infos zur beruflichen Orientierung\">hier<\/a>.<\/p>\t\t\t\t\t\t\t\t<\/div>\n\t\t\t\t<\/div>\n\t\t\t\t\t<\/div>\n\t\t<\/div>\n\t\t\t\t\t<\/div>\n\t\t<\/section>\n\t\t\t\t<section class=\"elementor-section elementor-top-section elementor-element elementor-element-800d7fe elementor-section-boxed elementor-section-height-default elementor-section-height-default\" data-id=\"800d7fe\" data-element_type=\"section\" data-e-type=\"section\">\n\t\t\t\t\t\t<div class=\"elementor-container elementor-column-gap-default\">\n\t\t\t\t\t<div class=\"elementor-column elementor-col-100 elementor-top-column elementor-element elementor-element-6d27c63\" data-id=\"6d27c63\" data-element_type=\"column\" data-e-type=\"column\">\n\t\t\t<div class=\"elementor-widget-wrap elementor-element-populated\">\n\t\t\t\t\t\t<div class=\"elementor-element elementor-element-d2395b6 elementor-widget elementor-widget-spacer\" data-id=\"d2395b6\" data-element_type=\"widget\" data-e-type=\"widget\" data-widget_type=\"spacer.default\">\n\t\t\t\t<div class=\"elementor-widget-container\">\n\t\t\t\t\t\t\t<div class=\"elementor-spacer\">\n\t\t\t<div class=\"elementor-spacer-inner\"><\/div>\n\t\t<\/div>\n\t\t\t\t\t\t<\/div>\n\t\t\t\t<\/div>\n\t\t\t\t\t<\/div>\n\t\t<\/div>\n\t\t\t\t\t<\/div>\n\t\t<\/section>\n\t\t\t\t<section class=\"elementor-section elementor-top-section elementor-element elementor-element-5df1a5b elementor-section-boxed elementor-section-height-default elementor-section-height-default\" data-id=\"5df1a5b\" data-element_type=\"section\" data-e-type=\"section\">\n\t\t\t\t\t\t<div class=\"elementor-container elementor-column-gap-default\">\n\t\t\t\t\t<div class=\"elementor-column elementor-col-100 elementor-top-column elementor-element elementor-element-8b2f1ab\" data-id=\"8b2f1ab\" data-element_type=\"column\" data-e-type=\"column\">\n\t\t\t<div class=\"elementor-widget-wrap elementor-element-populated\">\n\t\t\t\t\t\t\t<\/div>\n\t\t<\/div>\n\t\t\t\t\t<\/div>\n\t\t<\/section>\n\t\t\t\t<section class=\"elementor-section elementor-top-section elementor-element elementor-element-32cdc3c elementor-section-boxed elementor-section-height-default elementor-section-height-default\" data-id=\"32cdc3c\" data-element_type=\"section\" data-e-type=\"section\">\n\t\t\t\t\t\t<div class=\"elementor-container elementor-column-gap-default\">\n\t\t\t\t\t<div class=\"elementor-column elementor-col-100 elementor-top-column elementor-element elementor-element-c1cd103\" data-id=\"c1cd103\" data-element_type=\"column\" data-e-type=\"column\">\n\t\t\t<div class=\"elementor-widget-wrap elementor-element-populated\">\n\t\t\t\t\t\t<div class=\"elementor-element elementor-element-98d6a78 elementor-widget elementor-widget-heading\" data-id=\"98d6a78\" data-element_type=\"widget\" data-e-type=\"widget\" data-widget_type=\"heading.default\">\n\t\t\t\t<div class=\"elementor-widget-container\">\n\t\t\t\t\t<h2 class=\"elementor-heading-title elementor-size-default\">Du suchst weitere Infos zum Lehramtsstudium? Dann wirf' hier einen Blick hinein:<\/h2>\t\t\t\t<\/div>\n\t\t\t\t<\/div>\n\t\t\t\t\t<\/div>\n\t\t<\/div>\n\t\t\t\t\t<\/div>\n\t\t<\/section>\n\t\t\t\t<section class=\"elementor-section elementor-top-section elementor-element elementor-element-4ceec11 elementor-section-boxed elementor-section-height-default elementor-section-height-default\" data-id=\"4ceec11\" data-element_type=\"section\" data-e-type=\"section\">\n\t\t\t\t\t\t<div class=\"elementor-container elementor-column-gap-default\">\n\t\t\t\t\t<div class=\"elementor-column elementor-col-100 elementor-top-column elementor-element elementor-element-78b527f\" data-id=\"78b527f\" data-element_type=\"column\" data-e-type=\"column\">\n\t\t\t<div class=\"elementor-widget-wrap elementor-element-populated\">\n\t\t\t\t\t\t<div class=\"elementor-element elementor-element-8a8f4a4 elementor-widget elementor-widget-button\" data-id=\"8a8f4a4\" data-element_type=\"widget\" data-e-type=\"widget\" data-widget_type=\"button.default\">\n\t\t\t\t<div class=\"elementor-widget-container\">\n\t\t\t\t\t\t\t\t\t<div class=\"elementor-button-wrapper\">\n\t\t\t\t\t<a class=\"elementor-button elementor-button-link elementor-size-sm\" href=\"https:\/\/lehrer-werden-in-sachsen.de\/infos-zum-lehramtsstudium\/\" target=\"_blank\" title=\"Infos zum Lehramtsstudium\">\n\t\t\t\t\t\t<span class=\"elementor-button-content-wrapper\">\n\t\t\t\t\t\t\t\t\t<span class=\"elementor-button-text\">Mehr Infos<\/span>\n\t\t\t\t\t<\/span>\n\t\t\t\t\t<\/a>\n\t\t\t\t<\/div>\n\t\t\t\t\t\t\t\t<\/div>\n\t\t\t\t<\/div>\n\t\t\t\t\t<\/div>\n\t\t<\/div>\n\t\t\t\t\t<\/div>\n\t\t<\/section>\n\t\t\t\t<\/div>\n\t\t","protected":false},"excerpt":{"rendered":"<p>Das Unterrichten von Sch\u00fclerinnen und Sch\u00fclern mit F\u00f6rderbedarf ist eine besondere und wichtige Aufgabe. Eine sonderp\u00e4dagogisch ausgebildete Lehrkraft muss daher einiges mitbringen.<\/p>\n","protected":false},"author":13,"featured_media":9401,"comment_status":"closed","ping_status":"closed","sticky":false,"template":"","format":"standard","meta":{"footnotes":""},"categories":[46],"tags":[205,101,94],"class_list":["post-9393","post","type-post","status-publish","format-standard","has-post-thumbnail","hentry","category-blog","tag-bedarf","tag-forderschule","tag-lehramtsstudium"],"yoast_head":"<!-- This site is optimized with the Yoast SEO plugin v27.3 - https:\/\/yoast.com\/product\/yoast-seo-wordpress\/ -->\n<title>LEHRERIN SACHSEN | Sonderp\u00e4dagogik<\/title>\n<meta name=\"description\" content=\"Das Unterrichten von Sch\u00fclerinnen und Sch\u00fclern mit F\u00f6rderbedarf ist eine besondere und wichtige Aufgabe. Eine sonderp\u00e4dagogisch ausgebildete Lehrkraft muss daher einiges mitbringen.\" \/>\n<meta name=\"robots\" content=\"index, follow, max-snippet:-1, max-image-preview:large, max-video-preview:-1\" \/>\n<link rel=\"canonical\" href=\"https:\/\/lehrer-werden-in-sachsen.de\/lehramtsstudium-in-sachsen-sonderpaedagogik\/\" \/>\n<meta property=\"og:locale\" content=\"de_DE\" \/>\n<meta property=\"og:type\" content=\"article\" \/>\n<meta property=\"og:title\" content=\"LEHRERIN SACHSEN | Sonderp\u00e4dagogik\" \/>\n<meta property=\"og:description\" content=\"Das Unterrichten von Sch\u00fclerinnen und Sch\u00fclern mit F\u00f6rderbedarf ist eine besondere und wichtige Aufgabe. Eine sonderp\u00e4dagogisch ausgebildete Lehrkraft muss daher einiges mitbringen.\" \/>\n<meta property=\"og:url\" content=\"https:\/\/lehrer-werden-in-sachsen.de\/lehramtsstudium-in-sachsen-sonderpaedagogik\/\" \/>\n<meta property=\"og:site_name\" content=\"LEHRERIN SACHSEN\" \/>\n<meta property=\"article:published_time\" content=\"2023-01-25T09:59:00+00:00\" \/>\n<meta property=\"article:modified_time\" content=\"2025-10-10T10:03:15+00:00\" \/>\n<meta property=\"og:image\" content=\"https:\/\/lehrer-werden-in-sachsen.de\/wp-content\/uploads\/2023\/01\/schulflur-lehrer-im-gesprach.jpg\" \/>\n\t<meta property=\"og:image:width\" content=\"1920\" \/>\n\t<meta property=\"og:image:height\" content=\"970\" \/>\n\t<meta property=\"og:image:type\" content=\"image\/jpeg\" \/>\n<meta name=\"author\" content=\"Maria Kretschmann\" \/>\n<meta name=\"twitter:card\" content=\"summary_large_image\" \/>\n<meta name=\"twitter:label1\" content=\"Verfasst von\" \/>\n\t<meta name=\"twitter:data1\" content=\"Maria Kretschmann\" \/>\n\t<meta name=\"twitter:label2\" content=\"Gesch\u00e4tzte Lesezeit\" \/>\n\t<meta name=\"twitter:data2\" content=\"3\u00a0Minuten\" \/>\n<script type=\"application\/ld+json\" class=\"yoast-schema-graph\">{\"@context\":\"https:\\\/\\\/schema.org\",\"@graph\":[{\"@type\":\"Article\",\"@id\":\"https:\\\/\\\/lehrer-werden-in-sachsen.de\\\/lehramtsstudium-in-sachsen-sonderpaedagogik\\\/#article\",\"isPartOf\":{\"@id\":\"https:\\\/\\\/lehrer-werden-in-sachsen.de\\\/lehramtsstudium-in-sachsen-sonderpaedagogik\\\/\"},\"author\":{\"name\":\"Maria Kretschmann\",\"@id\":\"https:\\\/\\\/lehrer-werden-in-sachsen.de\\\/#\\\/schema\\\/person\\\/4a127ffcfbf4e52ff0f66dcd7b4a5cc1\"},\"headline\":\"Was ist eigentlich Sonderp\u00e4dagogik?\",\"datePublished\":\"2023-01-25T09:59:00+00:00\",\"dateModified\":\"2025-10-10T10:03:15+00:00\",\"mainEntityOfPage\":{\"@id\":\"https:\\\/\\\/lehrer-werden-in-sachsen.de\\\/lehramtsstudium-in-sachsen-sonderpaedagogik\\\/\"},\"wordCount\":553,\"publisher\":{\"@id\":\"https:\\\/\\\/lehrer-werden-in-sachsen.de\\\/#organization\"},\"image\":{\"@id\":\"https:\\\/\\\/lehrer-werden-in-sachsen.de\\\/lehramtsstudium-in-sachsen-sonderpaedagogik\\\/#primaryimage\"},\"thumbnailUrl\":\"https:\\\/\\\/lehrer-werden-in-sachsen.de\\\/stage\\\/wp-content\\\/uploads\\\/2023\\\/01\\\/schulflur-lehrer-im-gesprach.jpg\",\"keywords\":[\"Bedarf\",\"F\u00f6rderschule\",\"Lehramtsstudium\"],\"articleSection\":[\"Blog\"],\"inLanguage\":\"de\"},{\"@type\":\"WebPage\",\"@id\":\"https:\\\/\\\/lehrer-werden-in-sachsen.de\\\/lehramtsstudium-in-sachsen-sonderpaedagogik\\\/\",\"url\":\"https:\\\/\\\/lehrer-werden-in-sachsen.de\\\/lehramtsstudium-in-sachsen-sonderpaedagogik\\\/\",\"name\":\"LEHRERIN SACHSEN | Sonderp\u00e4dagogik\",\"isPartOf\":{\"@id\":\"https:\\\/\\\/lehrer-werden-in-sachsen.de\\\/#website\"},\"primaryImageOfPage\":{\"@id\":\"https:\\\/\\\/lehrer-werden-in-sachsen.de\\\/lehramtsstudium-in-sachsen-sonderpaedagogik\\\/#primaryimage\"},\"image\":{\"@id\":\"https:\\\/\\\/lehrer-werden-in-sachsen.de\\\/lehramtsstudium-in-sachsen-sonderpaedagogik\\\/#primaryimage\"},\"thumbnailUrl\":\"https:\\\/\\\/lehrer-werden-in-sachsen.de\\\/stage\\\/wp-content\\\/uploads\\\/2023\\\/01\\\/schulflur-lehrer-im-gesprach.jpg\",\"datePublished\":\"2023-01-25T09:59:00+00:00\",\"dateModified\":\"2025-10-10T10:03:15+00:00\",\"description\":\"Das Unterrichten von Sch\u00fclerinnen und Sch\u00fclern mit F\u00f6rderbedarf ist eine besondere und wichtige Aufgabe. Eine sonderp\u00e4dagogisch ausgebildete Lehrkraft muss daher einiges mitbringen.\",\"breadcrumb\":{\"@id\":\"https:\\\/\\\/lehrer-werden-in-sachsen.de\\\/lehramtsstudium-in-sachsen-sonderpaedagogik\\\/#breadcrumb\"},\"inLanguage\":\"de\",\"potentialAction\":[{\"@type\":\"ReadAction\",\"target\":[\"https:\\\/\\\/lehrer-werden-in-sachsen.de\\\/lehramtsstudium-in-sachsen-sonderpaedagogik\\\/\"]}]},{\"@type\":\"ImageObject\",\"inLanguage\":\"de\",\"@id\":\"https:\\\/\\\/lehrer-werden-in-sachsen.de\\\/lehramtsstudium-in-sachsen-sonderpaedagogik\\\/#primaryimage\",\"url\":\"https:\\\/\\\/lehrer-werden-in-sachsen.de\\\/stage\\\/wp-content\\\/uploads\\\/2023\\\/01\\\/schulflur-lehrer-im-gesprach.jpg\",\"contentUrl\":\"https:\\\/\\\/lehrer-werden-in-sachsen.de\\\/stage\\\/wp-content\\\/uploads\\\/2023\\\/01\\\/schulflur-lehrer-im-gesprach.jpg\",\"width\":1920,\"height\":970,\"caption\":\"Zwei Lehrer stehen im Flur einer Schule und betrachten gemeinsam Unterlagen.\"},{\"@type\":\"BreadcrumbList\",\"@id\":\"https:\\\/\\\/lehrer-werden-in-sachsen.de\\\/lehramtsstudium-in-sachsen-sonderpaedagogik\\\/#breadcrumb\",\"itemListElement\":[{\"@type\":\"ListItem\",\"position\":1,\"name\":\"Startseite\",\"item\":\"https:\\\/\\\/lehrer-werden-in-sachsen.de\\\/\"},{\"@type\":\"ListItem\",\"position\":2,\"name\":\"Was ist eigentlich Sonderp\u00e4dagogik?\"}]},{\"@type\":\"WebSite\",\"@id\":\"https:\\\/\\\/lehrer-werden-in-sachsen.de\\\/#website\",\"url\":\"https:\\\/\\\/lehrer-werden-in-sachsen.de\\\/\",\"name\":\"LEHRERIN SACHSEN\",\"description\":\"Eine Klasse f\u00fcr sich.\",\"publisher\":{\"@id\":\"https:\\\/\\\/lehrer-werden-in-sachsen.de\\\/#organization\"},\"potentialAction\":[{\"@type\":\"SearchAction\",\"target\":{\"@type\":\"EntryPoint\",\"urlTemplate\":\"https:\\\/\\\/lehrer-werden-in-sachsen.de\\\/?s={search_term_string}\"},\"query-input\":{\"@type\":\"PropertyValueSpecification\",\"valueRequired\":true,\"valueName\":\"search_term_string\"}}],\"inLanguage\":\"de\"},{\"@type\":\"Organization\",\"@id\":\"https:\\\/\\\/lehrer-werden-in-sachsen.de\\\/#organization\",\"name\":\"LEHRERIN SACHSEN\",\"url\":\"https:\\\/\\\/lehrer-werden-in-sachsen.de\\\/\",\"logo\":{\"@type\":\"ImageObject\",\"inLanguage\":\"de\",\"@id\":\"https:\\\/\\\/lehrer-werden-in-sachsen.de\\\/#\\\/schema\\\/logo\\\/image\\\/\",\"url\":\"https:\\\/\\\/lehrer-werden-in-sachsen.de\\\/stage\\\/wp-content\\\/uploads\\\/2022\\\/02\\\/SMK_Leherin-Sachsen-Marke_RGB_Violett-Orange.svg\",\"contentUrl\":\"https:\\\/\\\/lehrer-werden-in-sachsen.de\\\/stage\\\/wp-content\\\/uploads\\\/2022\\\/02\\\/SMK_Leherin-Sachsen-Marke_RGB_Violett-Orange.svg\",\"caption\":\"LEHRERIN SACHSEN\"},\"image\":{\"@id\":\"https:\\\/\\\/lehrer-werden-in-sachsen.de\\\/#\\\/schema\\\/logo\\\/image\\\/\"}},{\"@type\":\"Person\",\"@id\":\"https:\\\/\\\/lehrer-werden-in-sachsen.de\\\/#\\\/schema\\\/person\\\/4a127ffcfbf4e52ff0f66dcd7b4a5cc1\",\"name\":\"Maria Kretschmann\",\"image\":{\"@type\":\"ImageObject\",\"inLanguage\":\"de\",\"@id\":\"https:\\\/\\\/secure.gravatar.com\\\/avatar\\\/785963a239158e0d036c182ccde6b24c2d0822b83af8ab1b3773045a106114df?s=96&d=mm&r=g\",\"url\":\"https:\\\/\\\/secure.gravatar.com\\\/avatar\\\/785963a239158e0d036c182ccde6b24c2d0822b83af8ab1b3773045a106114df?s=96&d=mm&r=g\",\"contentUrl\":\"https:\\\/\\\/secure.gravatar.com\\\/avatar\\\/785963a239158e0d036c182ccde6b24c2d0822b83af8ab1b3773045a106114df?s=96&d=mm&r=g\",\"caption\":\"Maria Kretschmann\"},\"url\":\"https:\\\/\\\/lehrer-werden-in-sachsen.de\\\/stage\\\/author\\\/maria-kretschmann\\\/\"}]}<\/script>\n<!-- \/ Yoast SEO plugin. -->","yoast_head_json":{"title":"LEHRERIN SACHSEN | Sonderp\u00e4dagogik","description":"Das Unterrichten von Sch\u00fclerinnen und Sch\u00fclern mit F\u00f6rderbedarf ist eine besondere und wichtige Aufgabe. Eine sonderp\u00e4dagogisch ausgebildete Lehrkraft muss daher einiges mitbringen.","robots":{"index":"index","follow":"follow","max-snippet":"max-snippet:-1","max-image-preview":"max-image-preview:large","max-video-preview":"max-video-preview:-1"},"canonical":"https:\/\/lehrer-werden-in-sachsen.de\/lehramtsstudium-in-sachsen-sonderpaedagogik\/","og_locale":"de_DE","og_type":"article","og_title":"LEHRERIN SACHSEN | Sonderp\u00e4dagogik","og_description":"Das Unterrichten von Sch\u00fclerinnen und Sch\u00fclern mit F\u00f6rderbedarf ist eine besondere und wichtige Aufgabe. Eine sonderp\u00e4dagogisch ausgebildete Lehrkraft muss daher einiges mitbringen.","og_url":"https:\/\/lehrer-werden-in-sachsen.de\/lehramtsstudium-in-sachsen-sonderpaedagogik\/","og_site_name":"LEHRERIN SACHSEN","article_published_time":"2023-01-25T09:59:00+00:00","article_modified_time":"2025-10-10T10:03:15+00:00","og_image":[{"width":1920,"height":970,"url":"https:\/\/lehrer-werden-in-sachsen.de\/wp-content\/uploads\/2023\/01\/schulflur-lehrer-im-gesprach.jpg","type":"image\/jpeg"}],"author":"Maria Kretschmann","twitter_card":"summary_large_image","twitter_misc":{"Verfasst von":"Maria Kretschmann","Gesch\u00e4tzte Lesezeit":"3\u00a0Minuten"},"schema":{"@context":"https:\/\/schema.org","@graph":[{"@type":"Article","@id":"https:\/\/lehrer-werden-in-sachsen.de\/lehramtsstudium-in-sachsen-sonderpaedagogik\/#article","isPartOf":{"@id":"https:\/\/lehrer-werden-in-sachsen.de\/lehramtsstudium-in-sachsen-sonderpaedagogik\/"},"author":{"name":"Maria Kretschmann","@id":"https:\/\/lehrer-werden-in-sachsen.de\/#\/schema\/person\/4a127ffcfbf4e52ff0f66dcd7b4a5cc1"},"headline":"Was ist eigentlich Sonderp\u00e4dagogik?","datePublished":"2023-01-25T09:59:00+00:00","dateModified":"2025-10-10T10:03:15+00:00","mainEntityOfPage":{"@id":"https:\/\/lehrer-werden-in-sachsen.de\/lehramtsstudium-in-sachsen-sonderpaedagogik\/"},"wordCount":553,"publisher":{"@id":"https:\/\/lehrer-werden-in-sachsen.de\/#organization"},"image":{"@id":"https:\/\/lehrer-werden-in-sachsen.de\/lehramtsstudium-in-sachsen-sonderpaedagogik\/#primaryimage"},"thumbnailUrl":"https:\/\/lehrer-werden-in-sachsen.de\/stage\/wp-content\/uploads\/2023\/01\/schulflur-lehrer-im-gesprach.jpg","keywords":["Bedarf","F\u00f6rderschule","Lehramtsstudium"],"articleSection":["Blog"],"inLanguage":"de"},{"@type":"WebPage","@id":"https:\/\/lehrer-werden-in-sachsen.de\/lehramtsstudium-in-sachsen-sonderpaedagogik\/","url":"https:\/\/lehrer-werden-in-sachsen.de\/lehramtsstudium-in-sachsen-sonderpaedagogik\/","name":"LEHRERIN SACHSEN | Sonderp\u00e4dagogik","isPartOf":{"@id":"https:\/\/lehrer-werden-in-sachsen.de\/#website"},"primaryImageOfPage":{"@id":"https:\/\/lehrer-werden-in-sachsen.de\/lehramtsstudium-in-sachsen-sonderpaedagogik\/#primaryimage"},"image":{"@id":"https:\/\/lehrer-werden-in-sachsen.de\/lehramtsstudium-in-sachsen-sonderpaedagogik\/#primaryimage"},"thumbnailUrl":"https:\/\/lehrer-werden-in-sachsen.de\/stage\/wp-content\/uploads\/2023\/01\/schulflur-lehrer-im-gesprach.jpg","datePublished":"2023-01-25T09:59:00+00:00","dateModified":"2025-10-10T10:03:15+00:00","description":"Das Unterrichten von Sch\u00fclerinnen und Sch\u00fclern mit F\u00f6rderbedarf ist eine besondere und wichtige Aufgabe. Eine sonderp\u00e4dagogisch ausgebildete Lehrkraft muss daher einiges mitbringen.","breadcrumb":{"@id":"https:\/\/lehrer-werden-in-sachsen.de\/lehramtsstudium-in-sachsen-sonderpaedagogik\/#breadcrumb"},"inLanguage":"de","potentialAction":[{"@type":"ReadAction","target":["https:\/\/lehrer-werden-in-sachsen.de\/lehramtsstudium-in-sachsen-sonderpaedagogik\/"]}]},{"@type":"ImageObject","inLanguage":"de","@id":"https:\/\/lehrer-werden-in-sachsen.de\/lehramtsstudium-in-sachsen-sonderpaedagogik\/#primaryimage","url":"https:\/\/lehrer-werden-in-sachsen.de\/stage\/wp-content\/uploads\/2023\/01\/schulflur-lehrer-im-gesprach.jpg","contentUrl":"https:\/\/lehrer-werden-in-sachsen.de\/stage\/wp-content\/uploads\/2023\/01\/schulflur-lehrer-im-gesprach.jpg","width":1920,"height":970,"caption":"Zwei Lehrer stehen im Flur einer Schule und betrachten gemeinsam Unterlagen."},{"@type":"BreadcrumbList","@id":"https:\/\/lehrer-werden-in-sachsen.de\/lehramtsstudium-in-sachsen-sonderpaedagogik\/#breadcrumb","itemListElement":[{"@type":"ListItem","position":1,"name":"Startseite","item":"https:\/\/lehrer-werden-in-sachsen.de\/"},{"@type":"ListItem","position":2,"name":"Was ist eigentlich Sonderp\u00e4dagogik?"}]},{"@type":"WebSite","@id":"https:\/\/lehrer-werden-in-sachsen.de\/#website","url":"https:\/\/lehrer-werden-in-sachsen.de\/","name":"LEHRERIN SACHSEN","description":"Eine Klasse f\u00fcr sich.","publisher":{"@id":"https:\/\/lehrer-werden-in-sachsen.de\/#organization"},"potentialAction":[{"@type":"SearchAction","target":{"@type":"EntryPoint","urlTemplate":"https:\/\/lehrer-werden-in-sachsen.de\/?s={search_term_string}"},"query-input":{"@type":"PropertyValueSpecification","valueRequired":true,"valueName":"search_term_string"}}],"inLanguage":"de"},{"@type":"Organization","@id":"https:\/\/lehrer-werden-in-sachsen.de\/#organization","name":"LEHRERIN SACHSEN","url":"https:\/\/lehrer-werden-in-sachsen.de\/","logo":{"@type":"ImageObject","inLanguage":"de","@id":"https:\/\/lehrer-werden-in-sachsen.de\/#\/schema\/logo\/image\/","url":"https:\/\/lehrer-werden-in-sachsen.de\/stage\/wp-content\/uploads\/2022\/02\/SMK_Leherin-Sachsen-Marke_RGB_Violett-Orange.svg","contentUrl":"https:\/\/lehrer-werden-in-sachsen.de\/stage\/wp-content\/uploads\/2022\/02\/SMK_Leherin-Sachsen-Marke_RGB_Violett-Orange.svg","caption":"LEHRERIN SACHSEN"},"image":{"@id":"https:\/\/lehrer-werden-in-sachsen.de\/#\/schema\/logo\/image\/"}},{"@type":"Person","@id":"https:\/\/lehrer-werden-in-sachsen.de\/#\/schema\/person\/4a127ffcfbf4e52ff0f66dcd7b4a5cc1","name":"Maria Kretschmann","image":{"@type":"ImageObject","inLanguage":"de","@id":"https:\/\/secure.gravatar.com\/avatar\/785963a239158e0d036c182ccde6b24c2d0822b83af8ab1b3773045a106114df?s=96&d=mm&r=g","url":"https:\/\/secure.gravatar.com\/avatar\/785963a239158e0d036c182ccde6b24c2d0822b83af8ab1b3773045a106114df?s=96&d=mm&r=g","contentUrl":"https:\/\/secure.gravatar.com\/avatar\/785963a239158e0d036c182ccde6b24c2d0822b83af8ab1b3773045a106114df?s=96&d=mm&r=g","caption":"Maria Kretschmann"},"url":"https:\/\/lehrer-werden-in-sachsen.de\/stage\/author\/maria-kretschmann\/"}]}},"_links":{"self":[{"href":"https:\/\/lehrer-werden-in-sachsen.de\/stage\/wp-json\/wp\/v2\/posts\/9393","targetHints":{"allow":["GET"]}}],"collection":[{"href":"https:\/\/lehrer-werden-in-sachsen.de\/stage\/wp-json\/wp\/v2\/posts"}],"about":[{"href":"https:\/\/lehrer-werden-in-sachsen.de\/stage\/wp-json\/wp\/v2\/types\/post"}],"author":[{"embeddable":true,"href":"https:\/\/lehrer-werden-in-sachsen.de\/stage\/wp-json\/wp\/v2\/users\/13"}],"replies":[{"embeddable":true,"href":"https:\/\/lehrer-werden-in-sachsen.de\/stage\/wp-json\/wp\/v2\/comments?post=9393"}],"version-history":[{"count":24,"href":"https:\/\/lehrer-werden-in-sachsen.de\/stage\/wp-json\/wp\/v2\/posts\/9393\/revisions"}],"predecessor-version":[{"id":23944,"href":"https:\/\/lehrer-werden-in-sachsen.de\/stage\/wp-json\/wp\/v2\/posts\/9393\/revisions\/23944"}],"wp:featuredmedia":[{"embeddable":true,"href":"https:\/\/lehrer-werden-in-sachsen.de\/stage\/wp-json\/wp\/v2\/media\/9401"}],"wp:attachment":[{"href":"https:\/\/lehrer-werden-in-sachsen.de\/stage\/wp-json\/wp\/v2\/media?parent=9393"}],"wp:term":[{"taxonomy":"category","embeddable":true,"href":"https:\/\/lehrer-werden-in-sachsen.de\/stage\/wp-json\/wp\/v2\/categories?post=9393"},{"taxonomy":"post_tag","embeddable":true,"href":"https:\/\/lehrer-werden-in-sachsen.de\/stage\/wp-json\/wp\/v2\/tags?post=9393"}],"curies":[{"name":"wp","href":"https:\/\/api.w.org\/{rel}","templated":true}]}}