{"id":9227,"date":"2023-01-12T10:54:00","date_gmt":"2023-01-12T09:54:00","guid":{"rendered":"https:\/\/lehrer-werden-in-sachsen.de\/stage\/?p=9227"},"modified":"2025-10-10T12:08:56","modified_gmt":"2025-10-10T10:08:56","slug":"schule-der-zukunft","status":"publish","type":"post","link":"https:\/\/lehrer-werden-in-sachsen.de\/stage\/schule-der-zukunft\/","title":{"rendered":"Die TU Dresden hat nachgefragt: Wie sieht die Schule der Zukunft aus?"},"content":{"rendered":"\t\t<div data-elementor-type=\"wp-post\" data-elementor-id=\"9227\" class=\"elementor elementor-9227\" data-elementor-post-type=\"post\">\n\t\t\t\t\t\t<section class=\"elementor-section elementor-top-section elementor-element elementor-element-12adafa elementor-section-boxed elementor-section-height-default elementor-section-height-default\" data-id=\"12adafa\" data-element_type=\"section\" data-e-type=\"section\">\n\t\t\t\t\t\t<div class=\"elementor-container elementor-column-gap-default\">\n\t\t\t\t\t<div class=\"elementor-column elementor-col-100 elementor-top-column elementor-element elementor-element-cad945c\" data-id=\"cad945c\" data-element_type=\"column\" data-e-type=\"column\">\n\t\t\t<div class=\"elementor-widget-wrap elementor-element-populated\">\n\t\t\t\t\t\t<div class=\"elementor-element elementor-element-942c733 elementor-widget elementor-widget-text-editor\" data-id=\"942c733\" data-element_type=\"widget\" data-e-type=\"widget\" data-widget_type=\"text-editor.default\">\n\t\t\t\t<div class=\"elementor-widget-container\">\n\t\t\t\t\t\t\t\t\t<p><strong>In ihrem Videoformat \u201eGute Frage\u201c widmet sich die <a href=\"https:\/\/tu-dresden.de\/\" title=\"TU Dresden\" target=\"_blank\" rel=\"noopener\">TU Dresden<\/a> regelm\u00e4\u00dfig wissenschaftlichen Themenkomplexen und befragt dazu Expertinnen und Experten der Universit\u00e4t sowie aus Partnerbereichen. In der Folge \u00fcber Bildung befasst sich das \u201eGute Frage\u201c-Team mit der Schule und Bildung der Zukunft und zeigt, wie daf\u00fcr schon heute der Weg bereitet wird. Eine super spannende Frage, nicht nur f\u00fcr Lehrkr\u00e4fte und Co.<\/strong><\/p><p>Lernbegleitung statt Frontalunterricht, aufregende Inhalte und Projektarbeit statt Langeweile und kooperative Lernformen statt Noten- und Leistungsdruck: Wie sehen eigentlich zeitgem\u00e4\u00dfer Unterricht und die Schule der Zukunft aus? In der Folge zum Thema Bildung geht das Videoformat \u201eGute Frage\u201c der TU Dresden genau diesem Thema nach.<\/p><p>Dabei geben Expertinnen und Experten sowie Wissenschaftlerinnen und Wissenschaftler einen Einblick in den Klassenraum der Zukunft, in dem etwa Smartboards, 3D-Drucker und VR-Brillen im Einsatz sein werden. Doch auch die Ausbildung zuk\u00fcnftiger Lehrkr\u00e4fte steht zur Debatte; immerhin m\u00fcssen die Lehrerinnen und Lehrer der Zukunft ihre Sch\u00fclerinnen und Sch\u00fcler f\u00fcr das Leben im kommenden Jahrhundert vorbereiten.<\/p><p>Wollt ihr wissen, wann man standardm\u00e4\u00dfig mit VR-Brillen an Schulen rechnen kann, wie eine Beschulung ohne Noten aussieht und wie schon heute die Zukunft von Lernen und Schule gestaltet wird?<\/p><p>Wir legen euch das Video ganz besonders ans Herz, denn die Frage nach der Schule der Zukunft ist auch eine Frage nach der Zukunft unserer Gesellschaft und Lebensweise. Schaut euch hier das Video der TU Dresden an:<\/p>\t\t\t\t\t\t\t\t<\/div>\n\t\t\t\t<\/div>\n\t\t\t\t\t<\/div>\n\t\t<\/div>\n\t\t\t\t\t<\/div>\n\t\t<\/section>\n\t\t\t\t<section class=\"elementor-section elementor-top-section elementor-element elementor-element-9ed4e08 elementor-section-boxed elementor-section-height-default elementor-section-height-default\" data-id=\"9ed4e08\" data-element_type=\"section\" data-e-type=\"section\">\n\t\t\t\t\t\t<div class=\"elementor-container elementor-column-gap-default\">\n\t\t\t\t\t<div class=\"elementor-column elementor-col-100 elementor-top-column elementor-element elementor-element-32212f7\" data-id=\"32212f7\" data-element_type=\"column\" data-e-type=\"column\">\n\t\t\t<div class=\"elementor-widget-wrap elementor-element-populated\">\n\t\t\t\t\t\t<div class=\"elementor-element elementor-element-851f8f9 elementor-widget elementor-widget-spacer\" data-id=\"851f8f9\" data-element_type=\"widget\" data-e-type=\"widget\" data-widget_type=\"spacer.default\">\n\t\t\t\t<div class=\"elementor-widget-container\">\n\t\t\t\t\t\t\t<div class=\"elementor-spacer\">\n\t\t\t<div class=\"elementor-spacer-inner\"><\/div>\n\t\t<\/div>\n\t\t\t\t\t\t<\/div>\n\t\t\t\t<\/div>\n\t\t\t\t\t<\/div>\n\t\t<\/div>\n\t\t\t\t\t<\/div>\n\t\t<\/section>\n\t\t\t\t<section class=\"elementor-section elementor-top-section elementor-element elementor-element-3994b6d elementor-section-boxed elementor-section-height-default elementor-section-height-default\" data-id=\"3994b6d\" data-element_type=\"section\" data-e-type=\"section\">\n\t\t\t\t\t\t<div class=\"elementor-container elementor-column-gap-default\">\n\t\t\t\t\t<div class=\"elementor-column elementor-col-100 elementor-top-column elementor-element elementor-element-5d2895e\" data-id=\"5d2895e\" data-element_type=\"column\" data-e-type=\"column\">\n\t\t\t<div class=\"elementor-widget-wrap elementor-element-populated\">\n\t\t\t\t\t\t<div class=\"elementor-element elementor-element-3913cb6 elementor-widget elementor-widget-video\" data-id=\"3913cb6\" data-element_type=\"widget\" data-e-type=\"widget\" data-settings=\"{&quot;youtube_url&quot;:&quot;https:\\\/\\\/www.youtube.com\\\/watch?v=ntyBh3xGw_Y&quot;,&quot;video_type&quot;:&quot;youtube&quot;,&quot;controls&quot;:&quot;yes&quot;}\" data-widget_type=\"video.default\">\n\t\t\t\t<div class=\"elementor-widget-container\">\n\t\t\t\t\t\t\t<div class=\"elementor-wrapper elementor-open-inline\">\n\t\t\t<div class=\"elementor-video\"><\/div>\t\t<\/div>\n\t\t\t\t\t\t<\/div>\n\t\t\t\t<\/div>\n\t\t\t\t\t<\/div>\n\t\t<\/div>\n\t\t\t\t\t<\/div>\n\t\t<\/section>\n\t\t\t\t<section class=\"elementor-section elementor-top-section elementor-element elementor-element-419a1ff elementor-section-boxed elementor-section-height-default elementor-section-height-default\" data-id=\"419a1ff\" data-element_type=\"section\" data-e-type=\"section\">\n\t\t\t\t\t\t<div class=\"elementor-container elementor-column-gap-default\">\n\t\t\t\t\t<div class=\"elementor-column elementor-col-100 elementor-top-column elementor-element elementor-element-5c7db13\" data-id=\"5c7db13\" data-element_type=\"column\" data-e-type=\"column\">\n\t\t\t<div class=\"elementor-widget-wrap elementor-element-populated\">\n\t\t\t\t\t\t<div class=\"elementor-element elementor-element-1006a95 elementor-widget elementor-widget-spacer\" data-id=\"1006a95\" data-element_type=\"widget\" data-e-type=\"widget\" data-widget_type=\"spacer.default\">\n\t\t\t\t<div class=\"elementor-widget-container\">\n\t\t\t\t\t\t\t<div class=\"elementor-spacer\">\n\t\t\t<div class=\"elementor-spacer-inner\"><\/div>\n\t\t<\/div>\n\t\t\t\t\t\t<\/div>\n\t\t\t\t<\/div>\n\t\t\t\t\t<\/div>\n\t\t<\/div>\n\t\t\t\t\t<\/div>\n\t\t<\/section>\n\t\t\t\t<section class=\"elementor-section elementor-top-section elementor-element elementor-element-32cdc3c elementor-section-boxed elementor-section-height-default elementor-section-height-default\" data-id=\"32cdc3c\" data-element_type=\"section\" data-e-type=\"section\">\n\t\t\t\t\t\t<div class=\"elementor-container elementor-column-gap-default\">\n\t\t\t\t\t<div class=\"elementor-column elementor-col-100 elementor-top-column elementor-element elementor-element-c1cd103\" data-id=\"c1cd103\" data-element_type=\"column\" data-e-type=\"column\">\n\t\t\t<div class=\"elementor-widget-wrap elementor-element-populated\">\n\t\t\t\t\t\t<div class=\"elementor-element elementor-element-98d6a78 elementor-widget elementor-widget-heading\" data-id=\"98d6a78\" data-element_type=\"widget\" data-e-type=\"widget\" data-widget_type=\"heading.default\">\n\t\t\t\t<div class=\"elementor-widget-container\">\n\t\t\t\t\t<h2 class=\"elementor-heading-title elementor-size-default\">Du willst schon heute den Schuldienst in Sachsen mitgestalten? Dann findest du hier Infos zur beruflichen Orientierung:<\/h2>\t\t\t\t<\/div>\n\t\t\t\t<\/div>\n\t\t\t\t\t<\/div>\n\t\t<\/div>\n\t\t\t\t\t<\/div>\n\t\t<\/section>\n\t\t\t\t<section class=\"elementor-section elementor-top-section elementor-element elementor-element-4ceec11 elementor-section-boxed elementor-section-height-default elementor-section-height-default\" data-id=\"4ceec11\" data-element_type=\"section\" data-e-type=\"section\">\n\t\t\t\t\t\t<div class=\"elementor-container elementor-column-gap-default\">\n\t\t\t\t\t<div class=\"elementor-column elementor-col-100 elementor-top-column elementor-element elementor-element-78b527f\" data-id=\"78b527f\" data-element_type=\"column\" data-e-type=\"column\">\n\t\t\t<div class=\"elementor-widget-wrap elementor-element-populated\">\n\t\t\t\t\t\t<div class=\"elementor-element elementor-element-8a8f4a4 elementor-widget elementor-widget-button\" data-id=\"8a8f4a4\" data-element_type=\"widget\" data-e-type=\"widget\" data-widget_type=\"button.default\">\n\t\t\t\t<div class=\"elementor-widget-container\">\n\t\t\t\t\t\t\t\t\t<div class=\"elementor-button-wrapper\">\n\t\t\t\t\t<a class=\"elementor-button elementor-button-link elementor-size-sm\" href=\"https:\/\/lehrer-werden-in-sachsen.de\/infos-zur-beruflichen-orientierung\/\" target=\"_blank\" title=\"Infos zur beruflichen Orientierung\">\n\t\t\t\t\t\t<span class=\"elementor-button-content-wrapper\">\n\t\t\t\t\t\t\t\t\t<span class=\"elementor-button-text\">Infos finden<\/span>\n\t\t\t\t\t<\/span>\n\t\t\t\t\t<\/a>\n\t\t\t\t<\/div>\n\t\t\t\t\t\t\t\t<\/div>\n\t\t\t\t<\/div>\n\t\t\t\t\t<\/div>\n\t\t<\/div>\n\t\t\t\t\t<\/div>\n\t\t<\/section>\n\t\t\t\t<\/div>\n\t\t","protected":false},"excerpt":{"rendered":"<p>In ihrem Videoformat \u201eGute Frage\u201c widmet sich die TU Dresden regelm\u00e4\u00dfig wissenschaftlichen Themenkomplexen. Die Bildungsfolge besch\u00e4ftigt si mit der Schule und Bildung der Zukunft und zeigt, wie daf\u00fcr schon heute der Weg bereitet wird.<\/p>\n","protected":false},"author":13,"featured_media":9228,"comment_status":"closed","ping_status":"closed","sticky":false,"template":"","format":"standard","meta":{"footnotes":""},"categories":[46],"tags":[206,198,204],"class_list":["post-9227","post","type-post","status-publish","format-standard","has-post-thumbnail","hentry","category-blog","tag-bildungspolitik","tag-lehrerausbildung","tag-projekt"],"yoast_head":"<!-- This site is optimized with the Yoast SEO plugin v27.3 - https:\/\/yoast.com\/product\/yoast-seo-wordpress\/ -->\n<title>LEHRERIN SACHSEN | Video \u00fcber die Schule der Zukunft<\/title>\n<meta name=\"description\" content=\"In diesem Video fragt die TU Dresden wie Schule und Bildung der Zukunft aussehen. Dazu sprechen Experten, die heute schon daran arbeiten.\" \/>\n<meta name=\"robots\" content=\"index, follow, max-snippet:-1, max-image-preview:large, max-video-preview:-1\" \/>\n<link rel=\"canonical\" href=\"https:\/\/lehrer-werden-in-sachsen.de\/schule-der-zukunft\/\" \/>\n<meta property=\"og:locale\" content=\"de_DE\" \/>\n<meta property=\"og:type\" content=\"article\" \/>\n<meta property=\"og:title\" content=\"LEHRERIN SACHSEN | Video \u00fcber die Schule der Zukunft\" \/>\n<meta property=\"og:description\" content=\"In diesem Video fragt die TU Dresden wie Schule und Bildung der Zukunft aussehen. Dazu sprechen Experten, die heute schon daran arbeiten.\" \/>\n<meta property=\"og:url\" content=\"https:\/\/lehrer-werden-in-sachsen.de\/schule-der-zukunft\/\" \/>\n<meta property=\"og:site_name\" content=\"LEHRERIN SACHSEN\" \/>\n<meta property=\"article:published_time\" content=\"2023-01-12T09:54:00+00:00\" \/>\n<meta property=\"article:modified_time\" content=\"2025-10-10T10:08:56+00:00\" \/>\n<meta property=\"og:image\" content=\"https:\/\/lehrer-werden-in-sachsen.de\/wp-content\/uploads\/2023\/01\/Schule-und-Bildung-der-Zukunft.jpg\" \/>\n\t<meta property=\"og:image:width\" content=\"1024\" \/>\n\t<meta property=\"og:image:height\" content=\"517\" \/>\n\t<meta property=\"og:image:type\" content=\"image\/jpeg\" \/>\n<meta name=\"author\" content=\"Maria Kretschmann\" \/>\n<meta name=\"twitter:card\" content=\"summary_large_image\" \/>\n<meta name=\"twitter:label1\" content=\"Verfasst von\" \/>\n\t<meta name=\"twitter:data1\" content=\"Maria Kretschmann\" \/>\n\t<meta name=\"twitter:label2\" content=\"Gesch\u00e4tzte Lesezeit\" \/>\n\t<meta name=\"twitter:data2\" content=\"2\u00a0Minuten\" \/>\n<script type=\"application\/ld+json\" class=\"yoast-schema-graph\">{\"@context\":\"https:\\\/\\\/schema.org\",\"@graph\":[{\"@type\":\"Article\",\"@id\":\"https:\\\/\\\/lehrer-werden-in-sachsen.de\\\/schule-der-zukunft\\\/#article\",\"isPartOf\":{\"@id\":\"https:\\\/\\\/lehrer-werden-in-sachsen.de\\\/schule-der-zukunft\\\/\"},\"author\":{\"name\":\"Maria Kretschmann\",\"@id\":\"https:\\\/\\\/lehrer-werden-in-sachsen.de\\\/#\\\/schema\\\/person\\\/4a127ffcfbf4e52ff0f66dcd7b4a5cc1\"},\"headline\":\"Die TU Dresden hat nachgefragt: Wie sieht die Schule der Zukunft aus?\",\"datePublished\":\"2023-01-12T09:54:00+00:00\",\"dateModified\":\"2025-10-10T10:08:56+00:00\",\"mainEntityOfPage\":{\"@id\":\"https:\\\/\\\/lehrer-werden-in-sachsen.de\\\/schule-der-zukunft\\\/\"},\"wordCount\":282,\"publisher\":{\"@id\":\"https:\\\/\\\/lehrer-werden-in-sachsen.de\\\/#organization\"},\"image\":{\"@id\":\"https:\\\/\\\/lehrer-werden-in-sachsen.de\\\/schule-der-zukunft\\\/#primaryimage\"},\"thumbnailUrl\":\"https:\\\/\\\/lehrer-werden-in-sachsen.de\\\/stage\\\/wp-content\\\/uploads\\\/2023\\\/01\\\/Schule-und-Bildung-der-Zukunft.jpg\",\"keywords\":[\"Bildungspolitik\",\"Lehrerausbildung\",\"Projekt\"],\"articleSection\":[\"Blog\"],\"inLanguage\":\"de\"},{\"@type\":\"WebPage\",\"@id\":\"https:\\\/\\\/lehrer-werden-in-sachsen.de\\\/schule-der-zukunft\\\/\",\"url\":\"https:\\\/\\\/lehrer-werden-in-sachsen.de\\\/schule-der-zukunft\\\/\",\"name\":\"LEHRERIN SACHSEN | Video \u00fcber die Schule der Zukunft\",\"isPartOf\":{\"@id\":\"https:\\\/\\\/lehrer-werden-in-sachsen.de\\\/#website\"},\"primaryImageOfPage\":{\"@id\":\"https:\\\/\\\/lehrer-werden-in-sachsen.de\\\/schule-der-zukunft\\\/#primaryimage\"},\"image\":{\"@id\":\"https:\\\/\\\/lehrer-werden-in-sachsen.de\\\/schule-der-zukunft\\\/#primaryimage\"},\"thumbnailUrl\":\"https:\\\/\\\/lehrer-werden-in-sachsen.de\\\/stage\\\/wp-content\\\/uploads\\\/2023\\\/01\\\/Schule-und-Bildung-der-Zukunft.jpg\",\"datePublished\":\"2023-01-12T09:54:00+00:00\",\"dateModified\":\"2025-10-10T10:08:56+00:00\",\"description\":\"In diesem Video fragt die TU Dresden wie Schule und Bildung der Zukunft aussehen. Dazu sprechen Experten, die heute schon daran arbeiten.\",\"breadcrumb\":{\"@id\":\"https:\\\/\\\/lehrer-werden-in-sachsen.de\\\/schule-der-zukunft\\\/#breadcrumb\"},\"inLanguage\":\"de\",\"potentialAction\":[{\"@type\":\"ReadAction\",\"target\":[\"https:\\\/\\\/lehrer-werden-in-sachsen.de\\\/schule-der-zukunft\\\/\"]}]},{\"@type\":\"ImageObject\",\"inLanguage\":\"de\",\"@id\":\"https:\\\/\\\/lehrer-werden-in-sachsen.de\\\/schule-der-zukunft\\\/#primaryimage\",\"url\":\"https:\\\/\\\/lehrer-werden-in-sachsen.de\\\/stage\\\/wp-content\\\/uploads\\\/2023\\\/01\\\/Schule-und-Bildung-der-Zukunft.jpg\",\"contentUrl\":\"https:\\\/\\\/lehrer-werden-in-sachsen.de\\\/stage\\\/wp-content\\\/uploads\\\/2023\\\/01\\\/Schule-und-Bildung-der-Zukunft.jpg\",\"width\":1024,\"height\":517,\"caption\":\"Video: Schule und Bildung der Zukunft\"},{\"@type\":\"BreadcrumbList\",\"@id\":\"https:\\\/\\\/lehrer-werden-in-sachsen.de\\\/schule-der-zukunft\\\/#breadcrumb\",\"itemListElement\":[{\"@type\":\"ListItem\",\"position\":1,\"name\":\"Startseite\",\"item\":\"https:\\\/\\\/lehrer-werden-in-sachsen.de\\\/\"},{\"@type\":\"ListItem\",\"position\":2,\"name\":\"Die TU Dresden hat nachgefragt: Wie sieht die Schule der Zukunft aus?\"}]},{\"@type\":\"WebSite\",\"@id\":\"https:\\\/\\\/lehrer-werden-in-sachsen.de\\\/#website\",\"url\":\"https:\\\/\\\/lehrer-werden-in-sachsen.de\\\/\",\"name\":\"LEHRERIN SACHSEN\",\"description\":\"Eine Klasse f\u00fcr sich.\",\"publisher\":{\"@id\":\"https:\\\/\\\/lehrer-werden-in-sachsen.de\\\/#organization\"},\"potentialAction\":[{\"@type\":\"SearchAction\",\"target\":{\"@type\":\"EntryPoint\",\"urlTemplate\":\"https:\\\/\\\/lehrer-werden-in-sachsen.de\\\/?s={search_term_string}\"},\"query-input\":{\"@type\":\"PropertyValueSpecification\",\"valueRequired\":true,\"valueName\":\"search_term_string\"}}],\"inLanguage\":\"de\"},{\"@type\":\"Organization\",\"@id\":\"https:\\\/\\\/lehrer-werden-in-sachsen.de\\\/#organization\",\"name\":\"LEHRERIN SACHSEN\",\"url\":\"https:\\\/\\\/lehrer-werden-in-sachsen.de\\\/\",\"logo\":{\"@type\":\"ImageObject\",\"inLanguage\":\"de\",\"@id\":\"https:\\\/\\\/lehrer-werden-in-sachsen.de\\\/#\\\/schema\\\/logo\\\/image\\\/\",\"url\":\"https:\\\/\\\/lehrer-werden-in-sachsen.de\\\/stage\\\/wp-content\\\/uploads\\\/2022\\\/02\\\/SMK_Leherin-Sachsen-Marke_RGB_Violett-Orange.svg\",\"contentUrl\":\"https:\\\/\\\/lehrer-werden-in-sachsen.de\\\/stage\\\/wp-content\\\/uploads\\\/2022\\\/02\\\/SMK_Leherin-Sachsen-Marke_RGB_Violett-Orange.svg\",\"caption\":\"LEHRERIN SACHSEN\"},\"image\":{\"@id\":\"https:\\\/\\\/lehrer-werden-in-sachsen.de\\\/#\\\/schema\\\/logo\\\/image\\\/\"}},{\"@type\":\"Person\",\"@id\":\"https:\\\/\\\/lehrer-werden-in-sachsen.de\\\/#\\\/schema\\\/person\\\/4a127ffcfbf4e52ff0f66dcd7b4a5cc1\",\"name\":\"Maria Kretschmann\",\"image\":{\"@type\":\"ImageObject\",\"inLanguage\":\"de\",\"@id\":\"https:\\\/\\\/secure.gravatar.com\\\/avatar\\\/785963a239158e0d036c182ccde6b24c2d0822b83af8ab1b3773045a106114df?s=96&d=mm&r=g\",\"url\":\"https:\\\/\\\/secure.gravatar.com\\\/avatar\\\/785963a239158e0d036c182ccde6b24c2d0822b83af8ab1b3773045a106114df?s=96&d=mm&r=g\",\"contentUrl\":\"https:\\\/\\\/secure.gravatar.com\\\/avatar\\\/785963a239158e0d036c182ccde6b24c2d0822b83af8ab1b3773045a106114df?s=96&d=mm&r=g\",\"caption\":\"Maria Kretschmann\"},\"url\":\"https:\\\/\\\/lehrer-werden-in-sachsen.de\\\/stage\\\/author\\\/maria-kretschmann\\\/\"}]}<\/script>\n<!-- \/ Yoast SEO plugin. -->","yoast_head_json":{"title":"LEHRERIN SACHSEN | Video \u00fcber die Schule der Zukunft","description":"In diesem Video fragt die TU Dresden wie Schule und Bildung der Zukunft aussehen. Dazu sprechen Experten, die heute schon daran arbeiten.","robots":{"index":"index","follow":"follow","max-snippet":"max-snippet:-1","max-image-preview":"max-image-preview:large","max-video-preview":"max-video-preview:-1"},"canonical":"https:\/\/lehrer-werden-in-sachsen.de\/schule-der-zukunft\/","og_locale":"de_DE","og_type":"article","og_title":"LEHRERIN SACHSEN | Video \u00fcber die Schule der Zukunft","og_description":"In diesem Video fragt die TU Dresden wie Schule und Bildung der Zukunft aussehen. Dazu sprechen Experten, die heute schon daran arbeiten.","og_url":"https:\/\/lehrer-werden-in-sachsen.de\/schule-der-zukunft\/","og_site_name":"LEHRERIN SACHSEN","article_published_time":"2023-01-12T09:54:00+00:00","article_modified_time":"2025-10-10T10:08:56+00:00","og_image":[{"width":1024,"height":517,"url":"https:\/\/lehrer-werden-in-sachsen.de\/wp-content\/uploads\/2023\/01\/Schule-und-Bildung-der-Zukunft.jpg","type":"image\/jpeg"}],"author":"Maria Kretschmann","twitter_card":"summary_large_image","twitter_misc":{"Verfasst von":"Maria Kretschmann","Gesch\u00e4tzte Lesezeit":"2\u00a0Minuten"},"schema":{"@context":"https:\/\/schema.org","@graph":[{"@type":"Article","@id":"https:\/\/lehrer-werden-in-sachsen.de\/schule-der-zukunft\/#article","isPartOf":{"@id":"https:\/\/lehrer-werden-in-sachsen.de\/schule-der-zukunft\/"},"author":{"name":"Maria Kretschmann","@id":"https:\/\/lehrer-werden-in-sachsen.de\/#\/schema\/person\/4a127ffcfbf4e52ff0f66dcd7b4a5cc1"},"headline":"Die TU Dresden hat nachgefragt: Wie sieht die Schule der Zukunft aus?","datePublished":"2023-01-12T09:54:00+00:00","dateModified":"2025-10-10T10:08:56+00:00","mainEntityOfPage":{"@id":"https:\/\/lehrer-werden-in-sachsen.de\/schule-der-zukunft\/"},"wordCount":282,"publisher":{"@id":"https:\/\/lehrer-werden-in-sachsen.de\/#organization"},"image":{"@id":"https:\/\/lehrer-werden-in-sachsen.de\/schule-der-zukunft\/#primaryimage"},"thumbnailUrl":"https:\/\/lehrer-werden-in-sachsen.de\/stage\/wp-content\/uploads\/2023\/01\/Schule-und-Bildung-der-Zukunft.jpg","keywords":["Bildungspolitik","Lehrerausbildung","Projekt"],"articleSection":["Blog"],"inLanguage":"de"},{"@type":"WebPage","@id":"https:\/\/lehrer-werden-in-sachsen.de\/schule-der-zukunft\/","url":"https:\/\/lehrer-werden-in-sachsen.de\/schule-der-zukunft\/","name":"LEHRERIN SACHSEN | Video \u00fcber die Schule der Zukunft","isPartOf":{"@id":"https:\/\/lehrer-werden-in-sachsen.de\/#website"},"primaryImageOfPage":{"@id":"https:\/\/lehrer-werden-in-sachsen.de\/schule-der-zukunft\/#primaryimage"},"image":{"@id":"https:\/\/lehrer-werden-in-sachsen.de\/schule-der-zukunft\/#primaryimage"},"thumbnailUrl":"https:\/\/lehrer-werden-in-sachsen.de\/stage\/wp-content\/uploads\/2023\/01\/Schule-und-Bildung-der-Zukunft.jpg","datePublished":"2023-01-12T09:54:00+00:00","dateModified":"2025-10-10T10:08:56+00:00","description":"In diesem Video fragt die TU Dresden wie Schule und Bildung der Zukunft aussehen. Dazu sprechen Experten, die heute schon daran arbeiten.","breadcrumb":{"@id":"https:\/\/lehrer-werden-in-sachsen.de\/schule-der-zukunft\/#breadcrumb"},"inLanguage":"de","potentialAction":[{"@type":"ReadAction","target":["https:\/\/lehrer-werden-in-sachsen.de\/schule-der-zukunft\/"]}]},{"@type":"ImageObject","inLanguage":"de","@id":"https:\/\/lehrer-werden-in-sachsen.de\/schule-der-zukunft\/#primaryimage","url":"https:\/\/lehrer-werden-in-sachsen.de\/stage\/wp-content\/uploads\/2023\/01\/Schule-und-Bildung-der-Zukunft.jpg","contentUrl":"https:\/\/lehrer-werden-in-sachsen.de\/stage\/wp-content\/uploads\/2023\/01\/Schule-und-Bildung-der-Zukunft.jpg","width":1024,"height":517,"caption":"Video: Schule und Bildung der Zukunft"},{"@type":"BreadcrumbList","@id":"https:\/\/lehrer-werden-in-sachsen.de\/schule-der-zukunft\/#breadcrumb","itemListElement":[{"@type":"ListItem","position":1,"name":"Startseite","item":"https:\/\/lehrer-werden-in-sachsen.de\/"},{"@type":"ListItem","position":2,"name":"Die TU Dresden hat nachgefragt: Wie sieht die Schule der Zukunft aus?"}]},{"@type":"WebSite","@id":"https:\/\/lehrer-werden-in-sachsen.de\/#website","url":"https:\/\/lehrer-werden-in-sachsen.de\/","name":"LEHRERIN SACHSEN","description":"Eine Klasse f\u00fcr sich.","publisher":{"@id":"https:\/\/lehrer-werden-in-sachsen.de\/#organization"},"potentialAction":[{"@type":"SearchAction","target":{"@type":"EntryPoint","urlTemplate":"https:\/\/lehrer-werden-in-sachsen.de\/?s={search_term_string}"},"query-input":{"@type":"PropertyValueSpecification","valueRequired":true,"valueName":"search_term_string"}}],"inLanguage":"de"},{"@type":"Organization","@id":"https:\/\/lehrer-werden-in-sachsen.de\/#organization","name":"LEHRERIN SACHSEN","url":"https:\/\/lehrer-werden-in-sachsen.de\/","logo":{"@type":"ImageObject","inLanguage":"de","@id":"https:\/\/lehrer-werden-in-sachsen.de\/#\/schema\/logo\/image\/","url":"https:\/\/lehrer-werden-in-sachsen.de\/stage\/wp-content\/uploads\/2022\/02\/SMK_Leherin-Sachsen-Marke_RGB_Violett-Orange.svg","contentUrl":"https:\/\/lehrer-werden-in-sachsen.de\/stage\/wp-content\/uploads\/2022\/02\/SMK_Leherin-Sachsen-Marke_RGB_Violett-Orange.svg","caption":"LEHRERIN SACHSEN"},"image":{"@id":"https:\/\/lehrer-werden-in-sachsen.de\/#\/schema\/logo\/image\/"}},{"@type":"Person","@id":"https:\/\/lehrer-werden-in-sachsen.de\/#\/schema\/person\/4a127ffcfbf4e52ff0f66dcd7b4a5cc1","name":"Maria Kretschmann","image":{"@type":"ImageObject","inLanguage":"de","@id":"https:\/\/secure.gravatar.com\/avatar\/785963a239158e0d036c182ccde6b24c2d0822b83af8ab1b3773045a106114df?s=96&d=mm&r=g","url":"https:\/\/secure.gravatar.com\/avatar\/785963a239158e0d036c182ccde6b24c2d0822b83af8ab1b3773045a106114df?s=96&d=mm&r=g","contentUrl":"https:\/\/secure.gravatar.com\/avatar\/785963a239158e0d036c182ccde6b24c2d0822b83af8ab1b3773045a106114df?s=96&d=mm&r=g","caption":"Maria Kretschmann"},"url":"https:\/\/lehrer-werden-in-sachsen.de\/stage\/author\/maria-kretschmann\/"}]}},"_links":{"self":[{"href":"https:\/\/lehrer-werden-in-sachsen.de\/stage\/wp-json\/wp\/v2\/posts\/9227","targetHints":{"allow":["GET"]}}],"collection":[{"href":"https:\/\/lehrer-werden-in-sachsen.de\/stage\/wp-json\/wp\/v2\/posts"}],"about":[{"href":"https:\/\/lehrer-werden-in-sachsen.de\/stage\/wp-json\/wp\/v2\/types\/post"}],"author":[{"embeddable":true,"href":"https:\/\/lehrer-werden-in-sachsen.de\/stage\/wp-json\/wp\/v2\/users\/13"}],"replies":[{"embeddable":true,"href":"https:\/\/lehrer-werden-in-sachsen.de\/stage\/wp-json\/wp\/v2\/comments?post=9227"}],"version-history":[{"count":35,"href":"https:\/\/lehrer-werden-in-sachsen.de\/stage\/wp-json\/wp\/v2\/posts\/9227\/revisions"}],"predecessor-version":[{"id":23947,"href":"https:\/\/lehrer-werden-in-sachsen.de\/stage\/wp-json\/wp\/v2\/posts\/9227\/revisions\/23947"}],"wp:featuredmedia":[{"embeddable":true,"href":"https:\/\/lehrer-werden-in-sachsen.de\/stage\/wp-json\/wp\/v2\/media\/9228"}],"wp:attachment":[{"href":"https:\/\/lehrer-werden-in-sachsen.de\/stage\/wp-json\/wp\/v2\/media?parent=9227"}],"wp:term":[{"taxonomy":"category","embeddable":true,"href":"https:\/\/lehrer-werden-in-sachsen.de\/stage\/wp-json\/wp\/v2\/categories?post=9227"},{"taxonomy":"post_tag","embeddable":true,"href":"https:\/\/lehrer-werden-in-sachsen.de\/stage\/wp-json\/wp\/v2\/tags?post=9227"}],"curies":[{"name":"wp","href":"https:\/\/api.w.org\/{rel}","templated":true}]}}