{"id":8981,"date":"2022-12-05T10:31:15","date_gmt":"2022-12-05T09:31:15","guid":{"rendered":"https:\/\/lehrer-werden-in-sachsen.de\/stage\/?p=8981"},"modified":"2025-12-05T13:51:53","modified_gmt":"2025-12-05T12:51:53","slug":"foerderpadagoge-aus-leidenschaft","status":"publish","type":"post","link":"https:\/\/lehrer-werden-in-sachsen.de\/stage\/foerderpadagoge-aus-leidenschaft\/","title":{"rendered":"F\u00f6rderp\u00e4dagoge aus Leidenschaft"},"content":{"rendered":"\t\t<div data-elementor-type=\"wp-post\" data-elementor-id=\"8981\" class=\"elementor elementor-8981\" data-elementor-post-type=\"post\">\n\t\t\t\t\t\t<section class=\"elementor-section elementor-top-section elementor-element elementor-element-a1d6c04 elementor-section-boxed elementor-section-height-default elementor-section-height-default\" data-id=\"a1d6c04\" data-element_type=\"section\" data-e-type=\"section\">\n\t\t\t\t\t\t<div class=\"elementor-container elementor-column-gap-default\">\n\t\t\t\t\t<div class=\"elementor-column elementor-col-100 elementor-top-column elementor-element elementor-element-96c0c38\" data-id=\"96c0c38\" data-element_type=\"column\" data-e-type=\"column\">\n\t\t\t<div class=\"elementor-widget-wrap elementor-element-populated\">\n\t\t\t\t\t\t<div class=\"elementor-element elementor-element-c515d83 elementor-widget elementor-widget-heading\" data-id=\"c515d83\" data-element_type=\"widget\" data-e-type=\"widget\" data-widget_type=\"heading.default\">\n\t\t\t\t<div class=\"elementor-widget-container\">\n\t\t\t\t\t<h2 class=\"elementor-heading-title elementor-size-default\">Der Zivildienst brachte Mirko Altmann zur Sonderp\u00e4dagogik<\/h2>\t\t\t\t<\/div>\n\t\t\t\t<\/div>\n\t\t\t\t\t<\/div>\n\t\t<\/div>\n\t\t\t\t\t<\/div>\n\t\t<\/section>\n\t\t\t\t<section class=\"elementor-section elementor-top-section elementor-element elementor-element-12adafa elementor-section-boxed elementor-section-height-default elementor-section-height-default\" data-id=\"12adafa\" data-element_type=\"section\" data-e-type=\"section\">\n\t\t\t\t\t\t<div class=\"elementor-container elementor-column-gap-default\">\n\t\t\t\t\t<div class=\"elementor-column elementor-col-100 elementor-top-column elementor-element elementor-element-cad945c\" data-id=\"cad945c\" data-element_type=\"column\" data-e-type=\"column\">\n\t\t\t<div class=\"elementor-widget-wrap elementor-element-populated\">\n\t\t\t\t\t\t<div class=\"elementor-element elementor-element-942c733 elementor-widget elementor-widget-text-editor\" data-id=\"942c733\" data-element_type=\"widget\" data-e-type=\"widget\" data-widget_type=\"text-editor.default\">\n\t\t\t\t<div class=\"elementor-widget-container\">\n\t\t\t\t\t\t\t\t\t<p><strong>Eigentlich war Lehramt keine Option. Obwohl Mirko Altmann aus einer Lehrerfamilie stammt, hatte er selbst nie den Wunsch, Lehrer zu werden. Doch das \u00e4nderte sich nach dem Abitur. Seinen Zivildienst absolvierte er an einer Schule f\u00fcr geistige Entwicklung. Schnell wurde ihm w\u00e4hrenddessen klar, dass er F\u00f6rderschullehrer werden m\u00f6chte. Begeistert erinnert er sich an diese Zeit zur\u00fcck: \u201eIch konnte es jeden Morgen kaum abwarten, endlich wieder in der Schule zu sein.\u201c Also verwarf er seinen eigentlichen Plan, Maschinenbau zu studieren und begann nach dem Zivildienst sein Studium der Sonderp\u00e4dagogik f\u00fcr Geistig- und Sprachbehinderte.<\/strong><\/p>\t\t\t\t\t\t\t\t<\/div>\n\t\t\t\t<\/div>\n\t\t\t\t\t<\/div>\n\t\t<\/div>\n\t\t\t\t\t<\/div>\n\t\t<\/section>\n\t\t\t\t<section class=\"elementor-section elementor-top-section elementor-element elementor-element-de9922d elementor-section-boxed elementor-section-height-default elementor-section-height-default\" data-id=\"de9922d\" data-element_type=\"section\" data-e-type=\"section\">\n\t\t\t\t\t\t<div class=\"elementor-container elementor-column-gap-default\">\n\t\t\t\t\t<div class=\"elementor-column elementor-col-100 elementor-top-column elementor-element elementor-element-ef3418d\" data-id=\"ef3418d\" data-element_type=\"column\" data-e-type=\"column\">\n\t\t\t<div class=\"elementor-widget-wrap\">\n\t\t\t\t\t\t\t<\/div>\n\t\t<\/div>\n\t\t\t\t\t<\/div>\n\t\t<\/section>\n\t\t\t\t<section class=\"elementor-section elementor-top-section elementor-element elementor-element-0cf8280 elementor-section-boxed elementor-section-height-default elementor-section-height-default\" data-id=\"0cf8280\" data-element_type=\"section\" data-e-type=\"section\">\n\t\t\t\t\t\t<div class=\"elementor-container elementor-column-gap-default\">\n\t\t\t\t\t<div class=\"elementor-column elementor-col-100 elementor-top-column elementor-element elementor-element-49ec284\" data-id=\"49ec284\" data-element_type=\"column\" data-e-type=\"column\">\n\t\t\t<div class=\"elementor-widget-wrap elementor-element-populated\">\n\t\t\t\t\t\t<div class=\"elementor-element elementor-element-8bdcb6c elementor-widget elementor-widget-heading\" data-id=\"8bdcb6c\" data-element_type=\"widget\" data-e-type=\"widget\" data-widget_type=\"heading.default\">\n\t\t\t\t<div class=\"elementor-widget-container\">\n\t\t\t\t\t<h3 class=\"elementor-heading-title elementor-size-default\">Beratung, Inklusion, Diagnostik und Lehre: als F\u00f6rderp\u00e4dagoge gibt es viele Verantwortungsbereiche<\/h3>\t\t\t\t<\/div>\n\t\t\t\t<\/div>\n\t\t\t\t<div class=\"elementor-element elementor-element-302c3e3 elementor-widget elementor-widget-text-editor\" data-id=\"302c3e3\" data-element_type=\"widget\" data-e-type=\"widget\" data-widget_type=\"text-editor.default\">\n\t\t\t\t<div class=\"elementor-widget-container\">\n\t\t\t\t\t\t\t\t\t<p>Heute arbeitet Mirko Altmann im <a title=\"Leipziger F\u00f6rderzentrum mit dem F\u00f6rderschwerpunkt Sprache \u201eK\u00e4the Kollwitz\u201c\" href=\"https:\/\/www.fz-sprache-leipzig.de\/\" target=\"_blank\" rel=\"noopener\">Leipziger F\u00f6rderzentrum mit dem F\u00f6rderschwerpunkt Sprache \u201eK\u00e4the Kollwitz\u201c<\/a>. Mittlerweile unterrichtet er nur noch die 1. Klasse. Dadurch ist er dauerhaft Klassenleiter, was ihm besondere Freude bereitet. Es g\u00e4be auch die M\u00f6glichkeit, Fachlehrer zu sein. Doch durch seine Beratung und Verantwortung im Bereich Diagnostik kennt er sich insbesondere mit Kindern im jungen Alter aus. \u201eWenn man im Gang angesprochen wird und die ehemaligen Sch\u00fclerinnen und Sch\u00fclern einen gr\u00fc\u00dfen, da freue ich mich immer.\u201c Da die Klassen deutlich kleiner sind als in anderen Schulen, ist eine engere und intensivere Betreuung der einzelnen Sch\u00fclerinnen und Sch\u00fclern m\u00f6glich.<\/p><p>In seiner Funktion als Diagnostiklehrer ist er auch f\u00fcr die vorschulische Fr\u00fcherkennung zust\u00e4ndig. Dies erfolgt meist schon in der KiTa, kann aber auch erst zu einem sp\u00e4teren Zeitpunkt m\u00f6glich sein. Hier werden beispielsweise diverse Tests durchgef\u00fchrt, um die individuellen Bed\u00fcrfnisse eines Kindes festzustellen. Die Bedarfe sind unterschiedlich, wodurch man beispielsweise die F\u00f6rderschwerpunkte Lernen, Sprache, H\u00f6ren oder Sehen voneinander differenziert. \u201eIch empfehle jedem, ein <a title=\"FSJ P\u00e4dagogik\" href=\"https:\/\/lehrer-werden-in-sachsen.de\\\\\/lisas-fsj-paedagogik\/\">FSJ P\u00e4dagogik<\/a> zu absolvieren, einfach um zu sehen, ob ich f\u00fcr diesen Job geeignet bin oder nicht.\u201c Mirko ist prim\u00e4r Klassenleiter und Diagnostiklehrer. Dar\u00fcber hinaus ist er auch noch P\u00e4dagogischer IT- und Kommunikationsbeauftragter.<\/p>\t\t\t\t\t\t\t\t<\/div>\n\t\t\t\t<\/div>\n\t\t\t\t<div class=\"elementor-element elementor-element-f93e430 elementor-widget elementor-widget-heading\" data-id=\"f93e430\" data-element_type=\"widget\" data-e-type=\"widget\" data-widget_type=\"heading.default\">\n\t\t\t\t<div class=\"elementor-widget-container\">\n\t\t\t\t\t<h3 class=\"elementor-heading-title elementor-size-default\">Eine stark ausgepr\u00e4gte soziale Pers\u00f6nlichkeit ist ein Muss<\/h3>\t\t\t\t<\/div>\n\t\t\t\t<\/div>\n\t\t\t\t<div class=\"elementor-element elementor-element-6eca972 elementor-widget elementor-widget-text-editor\" data-id=\"6eca972\" data-element_type=\"widget\" data-e-type=\"widget\" data-widget_type=\"text-editor.default\">\n\t\t\t\t<div class=\"elementor-widget-container\">\n\t\t\t\t\t\t\t\t\t<p>Der Schulalltag beginnt bereits um 7:45 Uhr. W\u00e4hrend des Unterrichts und der Schulpausen hat der F\u00f6rderschullehrer selbst so gut wie keine Ruhe. In den Pausen muss er die Sch\u00fclerinnen und Sch\u00fcler betreuen, im Lehrerzimmer tauscht man sich aus und ansonsten wird unterrichtet. Regelm\u00e4\u00dfig schreibt er Entwicklungsberichte, um die Fortschritte der Sch\u00fclerinnen und Sch\u00fcler zu dokumentieren.<\/p><p>Der F\u00f6rderschullehrer ist davon \u00fcberzeugt, dass man nicht \u201eeinfach so\u201c Lehrer sein kann. Das m\u00fcsse man lernen. Dabei sei es wichtig, dass der Wunsch intrinsisch vorliege. Auch als Lehrer lerne man das ganze Leben und entwickele sich stets weiter. \u201eAls <a title=\"Schulart finden\" href=\"https:\/\/lehrer-werden-in-sachsen.de\\\\\/infos-finden\/schulart-finden\/\">F\u00f6rderschullehrer<\/a> muss man eine intensivere Betreuung der Sch\u00fclerinnen und Sch\u00fcler gew\u00e4hrleisten. Man muss schon ein wirklich sozialer Mensch sein.\u201c Der Bedarf ist gro\u00df: es gibt eine Vielzahl unbesetzter Stellen, bei den Neueinstellungen konnten nur etwa zwei Drittel der Stellen besetzt werden. \u201eNat\u00fcrlich ist auch das Gehalt und die Verbeamtung attraktiv. Was aber nicht der <a title=\"Gr\u00fcnde f\u00fcr den Lehrerberuf\" href=\"https:\/\/lehrer-werden-in-sachsen.de\\\\\/inspirieren-lassen\/#gruende-fuer-den-lehrerberuf\">Grund<\/a> f\u00fcr die Entscheidung dieses Berufs sein sollte.\u201c<\/p>\t\t\t\t\t\t\t\t<\/div>\n\t\t\t\t<\/div>\n\t\t\t\t\t<\/div>\n\t\t<\/div>\n\t\t\t\t\t<\/div>\n\t\t<\/section>\n\t\t\t\t<section class=\"elementor-section elementor-top-section elementor-element elementor-element-0fa9150 elementor-section-boxed elementor-section-height-default elementor-section-height-default\" data-id=\"0fa9150\" data-element_type=\"section\" data-e-type=\"section\">\n\t\t\t\t\t\t<div class=\"elementor-container elementor-column-gap-default\">\n\t\t\t\t\t<div class=\"elementor-column elementor-col-100 elementor-top-column elementor-element elementor-element-223cf06\" data-id=\"223cf06\" data-element_type=\"column\" data-e-type=\"column\">\n\t\t\t<div class=\"elementor-widget-wrap elementor-element-populated\">\n\t\t\t\t\t\t<div class=\"elementor-element elementor-element-47ba93c elementor-widget elementor-widget-heading\" data-id=\"47ba93c\" data-element_type=\"widget\" data-e-type=\"widget\" data-widget_type=\"heading.default\">\n\t\t\t\t<div class=\"elementor-widget-container\">\n\t\t\t\t\t<h3 class=\"elementor-heading-title elementor-size-default\">Die individuellen Entwicklungen einzelner Sch\u00fclerinnen und Sch\u00fcler machen ihn stolz<\/h3>\t\t\t\t<\/div>\n\t\t\t\t<\/div>\n\t\t\t\t\t<\/div>\n\t\t<\/div>\n\t\t\t\t\t<\/div>\n\t\t<\/section>\n\t\t\t\t<section class=\"elementor-section elementor-top-section elementor-element elementor-element-94df403 elementor-section-boxed elementor-section-height-default elementor-section-height-default\" data-id=\"94df403\" data-element_type=\"section\" data-e-type=\"section\">\n\t\t\t\t\t\t<div class=\"elementor-container elementor-column-gap-default\">\n\t\t\t\t\t<div class=\"elementor-column elementor-col-100 elementor-top-column elementor-element elementor-element-91a086b\" data-id=\"91a086b\" data-element_type=\"column\" data-e-type=\"column\">\n\t\t\t<div class=\"elementor-widget-wrap elementor-element-populated\">\n\t\t\t\t\t\t<div class=\"elementor-element elementor-element-bbb9616 elementor-widget elementor-widget-text-editor\" data-id=\"bbb9616\" data-element_type=\"widget\" data-e-type=\"widget\" data-widget_type=\"text-editor.default\">\n\t\t\t\t<div class=\"elementor-widget-container\">\n\t\t\t\t\t\t\t\t\t<p>Eines der sch\u00f6nsten Erlebnisse als F\u00f6rderp\u00e4dagoge hatte Mirko erst vor kurzem: Eine ehemalige Sch\u00fclerin hat sich an seiner Schule f\u00fcr ein Praktikum beworben. Sie besucht inzwischen ein Gymnasium. Das beeindruckt ihn: \u201eSie hat sich super entwickelt. Da ist man einfach stolz. Aber diese Entwicklung hat sie sich selbst zu verdanken.\u201c Mit Freude blickt er auf das Wiedersehen mit seiner ehemaligen Sch\u00fclerin. Nicht nur die pers\u00f6nlichen Entwicklungen sind ihm wichtig. Zu sehen, dass die Sch\u00fclerinnen und Sch\u00fcler gerne in die Schule kommen, mache ihn mehr als zufrieden.<\/p>\t\t\t\t\t\t\t\t<\/div>\n\t\t\t\t<\/div>\n\t\t\t\t\t<\/div>\n\t\t<\/div>\n\t\t\t\t\t<\/div>\n\t\t<\/section>\n\t\t\t\t<section class=\"elementor-section elementor-top-section elementor-element elementor-element-f04891e elementor-section-boxed elementor-section-height-default elementor-section-height-default\" data-id=\"f04891e\" data-element_type=\"section\" data-e-type=\"section\">\n\t\t\t\t\t\t<div class=\"elementor-container elementor-column-gap-default\">\n\t\t\t\t\t<div class=\"elementor-column elementor-col-100 elementor-top-column elementor-element elementor-element-febd91e\" data-id=\"febd91e\" data-element_type=\"column\" data-e-type=\"column\">\n\t\t\t<div class=\"elementor-widget-wrap elementor-element-populated\">\n\t\t\t\t\t\t<div class=\"elementor-element elementor-element-c4473dc elementor-widget elementor-widget-spacer\" data-id=\"c4473dc\" data-element_type=\"widget\" data-e-type=\"widget\" data-widget_type=\"spacer.default\">\n\t\t\t\t<div class=\"elementor-widget-container\">\n\t\t\t\t\t\t\t<div class=\"elementor-spacer\">\n\t\t\t<div class=\"elementor-spacer-inner\"><\/div>\n\t\t<\/div>\n\t\t\t\t\t\t<\/div>\n\t\t\t\t<\/div>\n\t\t\t\t\t<\/div>\n\t\t<\/div>\n\t\t\t\t\t<\/div>\n\t\t<\/section>\n\t\t\t\t<section class=\"elementor-section elementor-top-section elementor-element elementor-element-7894875 elementor-section-boxed elementor-section-height-default elementor-section-height-default\" data-id=\"7894875\" data-element_type=\"section\" data-e-type=\"section\">\n\t\t\t\t\t\t<div class=\"elementor-container elementor-column-gap-default\">\n\t\t\t\t\t<div class=\"elementor-column elementor-col-100 elementor-top-column elementor-element elementor-element-fbcd4c8\" data-id=\"fbcd4c8\" data-element_type=\"column\" data-e-type=\"column\">\n\t\t\t<div class=\"elementor-widget-wrap elementor-element-populated\">\n\t\t\t\t\t\t<div class=\"elementor-element elementor-element-67873dc elementor-widget elementor-widget-heading\" data-id=\"67873dc\" data-element_type=\"widget\" data-e-type=\"widget\" data-widget_type=\"heading.default\">\n\t\t\t\t<div class=\"elementor-widget-container\">\n\t\t\t\t\t<h3 class=\"elementor-heading-title elementor-size-default\">Studienweg zur inklusiven Schule:<\/h3>\t\t\t\t<\/div>\n\t\t\t\t<\/div>\n\t\t\t\t\t<\/div>\n\t\t<\/div>\n\t\t\t\t\t<\/div>\n\t\t<\/section>\n\t\t\t\t<section class=\"elementor-section elementor-top-section elementor-element elementor-element-7fec55a elementor-section-boxed elementor-section-height-default elementor-section-height-default\" data-id=\"7fec55a\" data-element_type=\"section\" data-e-type=\"section\">\n\t\t\t\t\t\t<div class=\"elementor-container elementor-column-gap-default\">\n\t\t\t\t\t<div class=\"elementor-column elementor-col-100 elementor-top-column elementor-element elementor-element-3b46724\" data-id=\"3b46724\" data-element_type=\"column\" data-e-type=\"column\">\n\t\t\t<div class=\"elementor-widget-wrap elementor-element-populated\">\n\t\t\t\t\t\t<div class=\"elementor-element elementor-element-9f2fc61 elementor-widget elementor-widget-text-editor\" data-id=\"9f2fc61\" data-element_type=\"widget\" data-e-type=\"widget\" data-widget_type=\"text-editor.default\">\n\t\t\t\t<div class=\"elementor-widget-container\">\n\t\t\t\t\t\t\t\t\t<p>Wer Inklusion nicht nur begleiten, sondern aktiv gestalten m\u00f6chte, kann in Sachsen das Lehramt an Oberschulen mit Sonderp\u00e4dagogik studieren \u2013 ein gemeinsames Angebot der Hochschule Zittau\/G\u00f6rlitz und der Universit\u00e4t Leipzig.<\/p>\t\t\t\t\t\t\t\t<\/div>\n\t\t\t\t<\/div>\n\t\t\t\t\t<\/div>\n\t\t<\/div>\n\t\t\t\t\t<\/div>\n\t\t<\/section>\n\t\t\t\t<section class=\"elementor-section elementor-top-section elementor-element elementor-element-f701f0d elementor-section-boxed elementor-section-height-default elementor-section-height-default\" data-id=\"f701f0d\" data-element_type=\"section\" data-e-type=\"section\">\n\t\t\t\t\t\t<div class=\"elementor-container elementor-column-gap-default\">\n\t\t\t\t\t<div class=\"elementor-column elementor-col-100 elementor-top-column elementor-element elementor-element-342d97e\" data-id=\"342d97e\" data-element_type=\"column\" data-e-type=\"column\">\n\t\t\t<div class=\"elementor-widget-wrap elementor-element-populated\">\n\t\t\t\t\t\t<div class=\"elementor-element elementor-element-a13e5ac elementor-widget elementor-widget-button\" data-id=\"a13e5ac\" data-element_type=\"widget\" data-e-type=\"widget\" data-widget_type=\"button.default\">\n\t\t\t\t<div class=\"elementor-widget-container\">\n\t\t\t\t\t\t\t\t\t<div class=\"elementor-button-wrapper\">\n\t\t\t\t\t<a class=\"elementor-button elementor-button-link elementor-size-sm\" href=\"https:\/\/www.hszg.de\/studium\/unsere-studiengaenge\/erste-staatspruefung\/lehramt-oberschule-mit-sonderpaedagogik\" target=\"_blank\" title=\"Hochschule Zittau\/G\u00f6rlitz Lehramt Oberschule mit Sonderp\u00e4dagogik\">\n\t\t\t\t\t\t<span class=\"elementor-button-content-wrapper\">\n\t\t\t\t\t\t\t\t\t<span class=\"elementor-button-text\">Mehr erfahren<\/span>\n\t\t\t\t\t<\/span>\n\t\t\t\t\t<\/a>\n\t\t\t\t<\/div>\n\t\t\t\t\t\t\t\t<\/div>\n\t\t\t\t<\/div>\n\t\t\t\t\t<\/div>\n\t\t<\/div>\n\t\t\t\t\t<\/div>\n\t\t<\/section>\n\t\t\t\t<section class=\"elementor-section elementor-top-section elementor-element elementor-element-f0a6240 elementor-section-boxed elementor-section-height-default elementor-section-height-default\" data-id=\"f0a6240\" data-element_type=\"section\" data-e-type=\"section\">\n\t\t\t\t\t\t<div class=\"elementor-container elementor-column-gap-default\">\n\t\t\t\t\t<div class=\"elementor-column elementor-col-100 elementor-top-column elementor-element elementor-element-6e7bed0\" data-id=\"6e7bed0\" data-element_type=\"column\" data-e-type=\"column\">\n\t\t\t<div class=\"elementor-widget-wrap elementor-element-populated\">\n\t\t\t\t\t\t<div class=\"elementor-element elementor-element-5165532 elementor-widget elementor-widget-spacer\" data-id=\"5165532\" data-element_type=\"widget\" data-e-type=\"widget\" data-widget_type=\"spacer.default\">\n\t\t\t\t<div class=\"elementor-widget-container\">\n\t\t\t\t\t\t\t<div class=\"elementor-spacer\">\n\t\t\t<div class=\"elementor-spacer-inner\"><\/div>\n\t\t<\/div>\n\t\t\t\t\t\t<\/div>\n\t\t\t\t<\/div>\n\t\t\t\t\t<\/div>\n\t\t<\/div>\n\t\t\t\t\t<\/div>\n\t\t<\/section>\n\t\t\t\t<section class=\"elementor-section elementor-top-section elementor-element elementor-element-793d19b5 elementor-section-boxed elementor-section-height-default elementor-section-height-default\" data-id=\"793d19b5\" data-element_type=\"section\" data-e-type=\"section\" data-settings=\"{&quot;background_background&quot;:&quot;gradient&quot;}\">\n\t\t\t\t\t\t<div class=\"elementor-container elementor-column-gap-default\">\n\t\t\t\t\t<div class=\"elementor-column elementor-col-50 elementor-top-column elementor-element elementor-element-7d908587\" data-id=\"7d908587\" data-element_type=\"column\" data-e-type=\"column\" data-settings=\"{&quot;background_background&quot;:&quot;classic&quot;}\">\n\t\t\t<div class=\"elementor-widget-wrap elementor-element-populated\">\n\t\t\t\t\t\t<div class=\"elementor-element elementor-element-5a57df70 elementor-widget elementor-widget-heading\" data-id=\"5a57df70\" data-element_type=\"widget\" data-e-type=\"widget\" data-widget_type=\"heading.default\">\n\t\t\t\t<div class=\"elementor-widget-container\">\n\t\t\t\t\t<h3 class=\"elementor-heading-title elementor-size-default\">Mehr Infos zum Lehramtsstudium\n<\/h3>\t\t\t\t<\/div>\n\t\t\t\t<\/div>\n\t\t\t\t<div class=\"elementor-element elementor-element-46cc9db2 elementor-widget elementor-widget-text-editor\" data-id=\"46cc9db2\" data-element_type=\"widget\" data-e-type=\"widget\" data-widget_type=\"text-editor.default\">\n\t\t\t\t<div class=\"elementor-widget-container\">\n\t\t\t\t\t\t\t\t\t<p>Wirf einen Blick in unsere FAQs und finde alle Antworten rund um das Lehramtsstudium in Sachsen.<\/p>\t\t\t\t\t\t\t\t<\/div>\n\t\t\t\t<\/div>\n\t\t\t\t<div class=\"elementor-element elementor-element-2cca8a49 elementor-widget elementor-widget-button\" data-id=\"2cca8a49\" data-element_type=\"widget\" data-e-type=\"widget\" data-widget_type=\"button.default\">\n\t\t\t\t<div class=\"elementor-widget-container\">\n\t\t\t\t\t\t\t\t\t<div class=\"elementor-button-wrapper\">\n\t\t\t\t\t<a class=\"elementor-button elementor-button-link elementor-size-sm\" href=\"https:\/\/lehrer-werden-in-sachsen.de\/infos-zum-lehramtsstudium\/\" title=\"Infos zum Lehramtsstudium\">\n\t\t\t\t\t\t<span class=\"elementor-button-content-wrapper\">\n\t\t\t\t\t\t\t\t\t<span class=\"elementor-button-text\">Infos finden<\/span>\n\t\t\t\t\t<\/span>\n\t\t\t\t\t<\/a>\n\t\t\t\t<\/div>\n\t\t\t\t\t\t\t\t<\/div>\n\t\t\t\t<\/div>\n\t\t\t\t\t<\/div>\n\t\t<\/div>\n\t\t\t\t<div class=\"elementor-column elementor-col-50 elementor-top-column elementor-element elementor-element-7559b30a\" data-id=\"7559b30a\" data-element_type=\"column\" data-e-type=\"column\" data-settings=\"{&quot;background_background&quot;:&quot;classic&quot;}\">\n\t\t\t<div class=\"elementor-widget-wrap elementor-element-populated\">\n\t\t\t\t\t\t<div class=\"elementor-element elementor-element-18a393a5 elementor-widget elementor-widget-heading\" data-id=\"18a393a5\" data-element_type=\"widget\" data-e-type=\"widget\" data-widget_type=\"heading.default\">\n\t\t\t\t<div class=\"elementor-widget-container\">\n\t\t\t\t\t<h3 class=\"elementor-heading-title elementor-size-default\">Lehramt Sonderp\u00e4dagogik<\/h3>\t\t\t\t<\/div>\n\t\t\t\t<\/div>\n\t\t\t\t<div class=\"elementor-element elementor-element-50bc17d3 elementor-widget elementor-widget-text-editor\" data-id=\"50bc17d3\" data-element_type=\"widget\" data-e-type=\"widget\" data-widget_type=\"text-editor.default\">\n\t\t\t\t<div class=\"elementor-widget-container\">\n\t\t\t\t\t\t\t\t\t<p>Was das Lehren an F\u00f6rderschulen ausmacht<\/p><p>und welche F\u00e4cher und Fachkombinationen du studieren kannst, erf\u00e4hrst du hier.<\/p>\t\t\t\t\t\t\t\t<\/div>\n\t\t\t\t<\/div>\n\t\t\t\t<div class=\"elementor-element elementor-element-192cbeb elementor-widget elementor-widget-button\" data-id=\"192cbeb\" data-element_type=\"widget\" data-e-type=\"widget\" data-widget_type=\"button.default\">\n\t\t\t\t<div class=\"elementor-widget-container\">\n\t\t\t\t\t\t\t\t\t<div class=\"elementor-button-wrapper\">\n\t\t\t\t\t<a class=\"elementor-button elementor-button-link elementor-size-sm\" href=\"https:\/\/lehrer-werden-in-sachsen.de\/infos-finden\/schulart-finden\/\" title=\"Schulart finden\">\n\t\t\t\t\t\t<span class=\"elementor-button-content-wrapper\">\n\t\t\t\t\t\t\t\t\t<span class=\"elementor-button-text\">Die passende Schulart finden<\/span>\n\t\t\t\t\t<\/span>\n\t\t\t\t\t<\/a>\n\t\t\t\t<\/div>\n\t\t\t\t\t\t\t\t<\/div>\n\t\t\t\t<\/div>\n\t\t\t\t\t<\/div>\n\t\t<\/div>\n\t\t\t\t\t<\/div>\n\t\t<\/section>\n\t\t\t\t<\/div>\n\t\t","protected":false},"excerpt":{"rendered":"<p>Mirko Altmann ist F\u00f6rderschullehrer. \u00dcber seinen Weg zur Sonderp\u00e4dagogik und die Vielf\u00e4ltigkeit des Berufs berichtet er im Interview.<\/p>\n","protected":false},"author":13,"featured_media":8987,"comment_status":"closed","ping_status":"closed","sticky":false,"template":"","format":"standard","meta":{"footnotes":""},"categories":[46],"tags":[205,101,203],"class_list":["post-8981","post","type-post","status-publish","format-standard","has-post-thumbnail","hentry","category-blog","tag-bedarf","tag-forderschule","tag-inklusion"],"yoast_head":"<!-- This site is optimized with the Yoast SEO plugin v27.3 - https:\/\/yoast.com\/product\/yoast-seo-wordpress\/ -->\n<title>LEHRERIN SACHSEN | F\u00f6rderschullehrer aus Leidenschaft<\/title>\n<meta name=\"description\" content=\"Mirko Altmann ist F\u00f6rderschullehrer. \u00dcber seinen Weg zur Sonderp\u00e4dagogik und die Vielf\u00e4ltigkeit des Berufs berichtet er im Interview.\" \/>\n<meta name=\"robots\" content=\"index, follow, max-snippet:-1, max-image-preview:large, max-video-preview:-1\" \/>\n<link rel=\"canonical\" href=\"https:\/\/lehrer-werden-in-sachsen.de\/foerderpadagoge-aus-leidenschaft\/\" \/>\n<meta property=\"og:locale\" content=\"de_DE\" \/>\n<meta property=\"og:type\" content=\"article\" \/>\n<meta property=\"og:title\" content=\"LEHRERIN SACHSEN | F\u00f6rderschullehrer aus Leidenschaft\" \/>\n<meta property=\"og:description\" content=\"Mirko Altmann ist F\u00f6rderschullehrer. \u00dcber seinen Weg zur Sonderp\u00e4dagogik und die Vielf\u00e4ltigkeit des Berufs berichtet er im Interview.\" \/>\n<meta property=\"og:url\" content=\"https:\/\/lehrer-werden-in-sachsen.de\/foerderpadagoge-aus-leidenschaft\/\" \/>\n<meta property=\"og:site_name\" content=\"LEHRERIN SACHSEN\" \/>\n<meta property=\"article:published_time\" content=\"2022-12-05T09:31:15+00:00\" \/>\n<meta property=\"article:modified_time\" content=\"2025-12-05T12:51:53+00:00\" \/>\n<meta property=\"og:image\" content=\"https:\/\/lehrer-werden-in-sachsen.de\/wp-content\/uploads\/2022\/12\/Forderschullehrer-Mirko-Altmann.jpg\" \/>\n\t<meta property=\"og:image:width\" content=\"1920\" \/>\n\t<meta property=\"og:image:height\" content=\"970\" \/>\n\t<meta property=\"og:image:type\" content=\"image\/jpeg\" \/>\n<meta name=\"author\" content=\"Maria Kretschmann\" \/>\n<meta name=\"twitter:card\" content=\"summary_large_image\" \/>\n<meta name=\"twitter:label1\" content=\"Verfasst von\" \/>\n\t<meta name=\"twitter:data1\" content=\"Maria Kretschmann\" \/>\n\t<meta name=\"twitter:label2\" content=\"Gesch\u00e4tzte Lesezeit\" \/>\n\t<meta name=\"twitter:data2\" content=\"4\u00a0Minuten\" \/>\n<script type=\"application\/ld+json\" class=\"yoast-schema-graph\">{\"@context\":\"https:\\\/\\\/schema.org\",\"@graph\":[{\"@type\":\"Article\",\"@id\":\"https:\\\/\\\/lehrer-werden-in-sachsen.de\\\/foerderpadagoge-aus-leidenschaft\\\/#article\",\"isPartOf\":{\"@id\":\"https:\\\/\\\/lehrer-werden-in-sachsen.de\\\/foerderpadagoge-aus-leidenschaft\\\/\"},\"author\":{\"name\":\"Maria Kretschmann\",\"@id\":\"https:\\\/\\\/lehrer-werden-in-sachsen.de\\\/#\\\/schema\\\/person\\\/4a127ffcfbf4e52ff0f66dcd7b4a5cc1\"},\"headline\":\"F\u00f6rderp\u00e4dagoge aus Leidenschaft\",\"datePublished\":\"2022-12-05T09:31:15+00:00\",\"dateModified\":\"2025-12-05T12:51:53+00:00\",\"mainEntityOfPage\":{\"@id\":\"https:\\\/\\\/lehrer-werden-in-sachsen.de\\\/foerderpadagoge-aus-leidenschaft\\\/\"},\"wordCount\":721,\"publisher\":{\"@id\":\"https:\\\/\\\/lehrer-werden-in-sachsen.de\\\/#organization\"},\"image\":{\"@id\":\"https:\\\/\\\/lehrer-werden-in-sachsen.de\\\/foerderpadagoge-aus-leidenschaft\\\/#primaryimage\"},\"thumbnailUrl\":\"https:\\\/\\\/lehrer-werden-in-sachsen.de\\\/stage\\\/wp-content\\\/uploads\\\/2022\\\/12\\\/Forderschullehrer-Mirko-Altmann.jpg\",\"keywords\":[\"Bedarf\",\"F\u00f6rderschule\",\"Inklusion\"],\"articleSection\":[\"Blog\"],\"inLanguage\":\"de\"},{\"@type\":\"WebPage\",\"@id\":\"https:\\\/\\\/lehrer-werden-in-sachsen.de\\\/foerderpadagoge-aus-leidenschaft\\\/\",\"url\":\"https:\\\/\\\/lehrer-werden-in-sachsen.de\\\/foerderpadagoge-aus-leidenschaft\\\/\",\"name\":\"LEHRERIN SACHSEN | F\u00f6rderschullehrer aus Leidenschaft\",\"isPartOf\":{\"@id\":\"https:\\\/\\\/lehrer-werden-in-sachsen.de\\\/#website\"},\"primaryImageOfPage\":{\"@id\":\"https:\\\/\\\/lehrer-werden-in-sachsen.de\\\/foerderpadagoge-aus-leidenschaft\\\/#primaryimage\"},\"image\":{\"@id\":\"https:\\\/\\\/lehrer-werden-in-sachsen.de\\\/foerderpadagoge-aus-leidenschaft\\\/#primaryimage\"},\"thumbnailUrl\":\"https:\\\/\\\/lehrer-werden-in-sachsen.de\\\/stage\\\/wp-content\\\/uploads\\\/2022\\\/12\\\/Forderschullehrer-Mirko-Altmann.jpg\",\"datePublished\":\"2022-12-05T09:31:15+00:00\",\"dateModified\":\"2025-12-05T12:51:53+00:00\",\"description\":\"Mirko Altmann ist F\u00f6rderschullehrer. \u00dcber seinen Weg zur Sonderp\u00e4dagogik und die Vielf\u00e4ltigkeit des Berufs berichtet er im Interview.\",\"breadcrumb\":{\"@id\":\"https:\\\/\\\/lehrer-werden-in-sachsen.de\\\/foerderpadagoge-aus-leidenschaft\\\/#breadcrumb\"},\"inLanguage\":\"de\",\"potentialAction\":[{\"@type\":\"ReadAction\",\"target\":[\"https:\\\/\\\/lehrer-werden-in-sachsen.de\\\/foerderpadagoge-aus-leidenschaft\\\/\"]}]},{\"@type\":\"ImageObject\",\"inLanguage\":\"de\",\"@id\":\"https:\\\/\\\/lehrer-werden-in-sachsen.de\\\/foerderpadagoge-aus-leidenschaft\\\/#primaryimage\",\"url\":\"https:\\\/\\\/lehrer-werden-in-sachsen.de\\\/stage\\\/wp-content\\\/uploads\\\/2022\\\/12\\\/Forderschullehrer-Mirko-Altmann.jpg\",\"contentUrl\":\"https:\\\/\\\/lehrer-werden-in-sachsen.de\\\/stage\\\/wp-content\\\/uploads\\\/2022\\\/12\\\/Forderschullehrer-Mirko-Altmann.jpg\",\"width\":1920,\"height\":970,\"caption\":\"Mann mit Glatze und Brille tr\u00e4gt eine gr\u00fcne Sportjacke mit wei\u00dfen Streifen.\"},{\"@type\":\"BreadcrumbList\",\"@id\":\"https:\\\/\\\/lehrer-werden-in-sachsen.de\\\/foerderpadagoge-aus-leidenschaft\\\/#breadcrumb\",\"itemListElement\":[{\"@type\":\"ListItem\",\"position\":1,\"name\":\"Startseite\",\"item\":\"https:\\\/\\\/lehrer-werden-in-sachsen.de\\\/\"},{\"@type\":\"ListItem\",\"position\":2,\"name\":\"F\u00f6rderp\u00e4dagoge aus Leidenschaft\"}]},{\"@type\":\"WebSite\",\"@id\":\"https:\\\/\\\/lehrer-werden-in-sachsen.de\\\/#website\",\"url\":\"https:\\\/\\\/lehrer-werden-in-sachsen.de\\\/\",\"name\":\"LEHRERIN SACHSEN\",\"description\":\"Eine Klasse f\u00fcr sich.\",\"publisher\":{\"@id\":\"https:\\\/\\\/lehrer-werden-in-sachsen.de\\\/#organization\"},\"potentialAction\":[{\"@type\":\"SearchAction\",\"target\":{\"@type\":\"EntryPoint\",\"urlTemplate\":\"https:\\\/\\\/lehrer-werden-in-sachsen.de\\\/?s={search_term_string}\"},\"query-input\":{\"@type\":\"PropertyValueSpecification\",\"valueRequired\":true,\"valueName\":\"search_term_string\"}}],\"inLanguage\":\"de\"},{\"@type\":\"Organization\",\"@id\":\"https:\\\/\\\/lehrer-werden-in-sachsen.de\\\/#organization\",\"name\":\"LEHRERIN SACHSEN\",\"url\":\"https:\\\/\\\/lehrer-werden-in-sachsen.de\\\/\",\"logo\":{\"@type\":\"ImageObject\",\"inLanguage\":\"de\",\"@id\":\"https:\\\/\\\/lehrer-werden-in-sachsen.de\\\/#\\\/schema\\\/logo\\\/image\\\/\",\"url\":\"https:\\\/\\\/lehrer-werden-in-sachsen.de\\\/stage\\\/wp-content\\\/uploads\\\/2022\\\/02\\\/SMK_Leherin-Sachsen-Marke_RGB_Violett-Orange.svg\",\"contentUrl\":\"https:\\\/\\\/lehrer-werden-in-sachsen.de\\\/stage\\\/wp-content\\\/uploads\\\/2022\\\/02\\\/SMK_Leherin-Sachsen-Marke_RGB_Violett-Orange.svg\",\"caption\":\"LEHRERIN SACHSEN\"},\"image\":{\"@id\":\"https:\\\/\\\/lehrer-werden-in-sachsen.de\\\/#\\\/schema\\\/logo\\\/image\\\/\"}},{\"@type\":\"Person\",\"@id\":\"https:\\\/\\\/lehrer-werden-in-sachsen.de\\\/#\\\/schema\\\/person\\\/4a127ffcfbf4e52ff0f66dcd7b4a5cc1\",\"name\":\"Maria Kretschmann\",\"image\":{\"@type\":\"ImageObject\",\"inLanguage\":\"de\",\"@id\":\"https:\\\/\\\/secure.gravatar.com\\\/avatar\\\/785963a239158e0d036c182ccde6b24c2d0822b83af8ab1b3773045a106114df?s=96&d=mm&r=g\",\"url\":\"https:\\\/\\\/secure.gravatar.com\\\/avatar\\\/785963a239158e0d036c182ccde6b24c2d0822b83af8ab1b3773045a106114df?s=96&d=mm&r=g\",\"contentUrl\":\"https:\\\/\\\/secure.gravatar.com\\\/avatar\\\/785963a239158e0d036c182ccde6b24c2d0822b83af8ab1b3773045a106114df?s=96&d=mm&r=g\",\"caption\":\"Maria Kretschmann\"},\"url\":\"https:\\\/\\\/lehrer-werden-in-sachsen.de\\\/stage\\\/author\\\/maria-kretschmann\\\/\"}]}<\/script>\n<!-- \/ Yoast SEO plugin. -->","yoast_head_json":{"title":"LEHRERIN SACHSEN | F\u00f6rderschullehrer aus Leidenschaft","description":"Mirko Altmann ist F\u00f6rderschullehrer. \u00dcber seinen Weg zur Sonderp\u00e4dagogik und die Vielf\u00e4ltigkeit des Berufs berichtet er im Interview.","robots":{"index":"index","follow":"follow","max-snippet":"max-snippet:-1","max-image-preview":"max-image-preview:large","max-video-preview":"max-video-preview:-1"},"canonical":"https:\/\/lehrer-werden-in-sachsen.de\/foerderpadagoge-aus-leidenschaft\/","og_locale":"de_DE","og_type":"article","og_title":"LEHRERIN SACHSEN | F\u00f6rderschullehrer aus Leidenschaft","og_description":"Mirko Altmann ist F\u00f6rderschullehrer. \u00dcber seinen Weg zur Sonderp\u00e4dagogik und die Vielf\u00e4ltigkeit des Berufs berichtet er im Interview.","og_url":"https:\/\/lehrer-werden-in-sachsen.de\/foerderpadagoge-aus-leidenschaft\/","og_site_name":"LEHRERIN SACHSEN","article_published_time":"2022-12-05T09:31:15+00:00","article_modified_time":"2025-12-05T12:51:53+00:00","og_image":[{"width":1920,"height":970,"url":"https:\/\/lehrer-werden-in-sachsen.de\/wp-content\/uploads\/2022\/12\/Forderschullehrer-Mirko-Altmann.jpg","type":"image\/jpeg"}],"author":"Maria Kretschmann","twitter_card":"summary_large_image","twitter_misc":{"Verfasst von":"Maria Kretschmann","Gesch\u00e4tzte Lesezeit":"4\u00a0Minuten"},"schema":{"@context":"https:\/\/schema.org","@graph":[{"@type":"Article","@id":"https:\/\/lehrer-werden-in-sachsen.de\/foerderpadagoge-aus-leidenschaft\/#article","isPartOf":{"@id":"https:\/\/lehrer-werden-in-sachsen.de\/foerderpadagoge-aus-leidenschaft\/"},"author":{"name":"Maria Kretschmann","@id":"https:\/\/lehrer-werden-in-sachsen.de\/#\/schema\/person\/4a127ffcfbf4e52ff0f66dcd7b4a5cc1"},"headline":"F\u00f6rderp\u00e4dagoge aus Leidenschaft","datePublished":"2022-12-05T09:31:15+00:00","dateModified":"2025-12-05T12:51:53+00:00","mainEntityOfPage":{"@id":"https:\/\/lehrer-werden-in-sachsen.de\/foerderpadagoge-aus-leidenschaft\/"},"wordCount":721,"publisher":{"@id":"https:\/\/lehrer-werden-in-sachsen.de\/#organization"},"image":{"@id":"https:\/\/lehrer-werden-in-sachsen.de\/foerderpadagoge-aus-leidenschaft\/#primaryimage"},"thumbnailUrl":"https:\/\/lehrer-werden-in-sachsen.de\/stage\/wp-content\/uploads\/2022\/12\/Forderschullehrer-Mirko-Altmann.jpg","keywords":["Bedarf","F\u00f6rderschule","Inklusion"],"articleSection":["Blog"],"inLanguage":"de"},{"@type":"WebPage","@id":"https:\/\/lehrer-werden-in-sachsen.de\/foerderpadagoge-aus-leidenschaft\/","url":"https:\/\/lehrer-werden-in-sachsen.de\/foerderpadagoge-aus-leidenschaft\/","name":"LEHRERIN SACHSEN | F\u00f6rderschullehrer aus Leidenschaft","isPartOf":{"@id":"https:\/\/lehrer-werden-in-sachsen.de\/#website"},"primaryImageOfPage":{"@id":"https:\/\/lehrer-werden-in-sachsen.de\/foerderpadagoge-aus-leidenschaft\/#primaryimage"},"image":{"@id":"https:\/\/lehrer-werden-in-sachsen.de\/foerderpadagoge-aus-leidenschaft\/#primaryimage"},"thumbnailUrl":"https:\/\/lehrer-werden-in-sachsen.de\/stage\/wp-content\/uploads\/2022\/12\/Forderschullehrer-Mirko-Altmann.jpg","datePublished":"2022-12-05T09:31:15+00:00","dateModified":"2025-12-05T12:51:53+00:00","description":"Mirko Altmann ist F\u00f6rderschullehrer. \u00dcber seinen Weg zur Sonderp\u00e4dagogik und die Vielf\u00e4ltigkeit des Berufs berichtet er im Interview.","breadcrumb":{"@id":"https:\/\/lehrer-werden-in-sachsen.de\/foerderpadagoge-aus-leidenschaft\/#breadcrumb"},"inLanguage":"de","potentialAction":[{"@type":"ReadAction","target":["https:\/\/lehrer-werden-in-sachsen.de\/foerderpadagoge-aus-leidenschaft\/"]}]},{"@type":"ImageObject","inLanguage":"de","@id":"https:\/\/lehrer-werden-in-sachsen.de\/foerderpadagoge-aus-leidenschaft\/#primaryimage","url":"https:\/\/lehrer-werden-in-sachsen.de\/stage\/wp-content\/uploads\/2022\/12\/Forderschullehrer-Mirko-Altmann.jpg","contentUrl":"https:\/\/lehrer-werden-in-sachsen.de\/stage\/wp-content\/uploads\/2022\/12\/Forderschullehrer-Mirko-Altmann.jpg","width":1920,"height":970,"caption":"Mann mit Glatze und Brille tr\u00e4gt eine gr\u00fcne Sportjacke mit wei\u00dfen Streifen."},{"@type":"BreadcrumbList","@id":"https:\/\/lehrer-werden-in-sachsen.de\/foerderpadagoge-aus-leidenschaft\/#breadcrumb","itemListElement":[{"@type":"ListItem","position":1,"name":"Startseite","item":"https:\/\/lehrer-werden-in-sachsen.de\/"},{"@type":"ListItem","position":2,"name":"F\u00f6rderp\u00e4dagoge aus Leidenschaft"}]},{"@type":"WebSite","@id":"https:\/\/lehrer-werden-in-sachsen.de\/#website","url":"https:\/\/lehrer-werden-in-sachsen.de\/","name":"LEHRERIN SACHSEN","description":"Eine Klasse f\u00fcr sich.","publisher":{"@id":"https:\/\/lehrer-werden-in-sachsen.de\/#organization"},"potentialAction":[{"@type":"SearchAction","target":{"@type":"EntryPoint","urlTemplate":"https:\/\/lehrer-werden-in-sachsen.de\/?s={search_term_string}"},"query-input":{"@type":"PropertyValueSpecification","valueRequired":true,"valueName":"search_term_string"}}],"inLanguage":"de"},{"@type":"Organization","@id":"https:\/\/lehrer-werden-in-sachsen.de\/#organization","name":"LEHRERIN SACHSEN","url":"https:\/\/lehrer-werden-in-sachsen.de\/","logo":{"@type":"ImageObject","inLanguage":"de","@id":"https:\/\/lehrer-werden-in-sachsen.de\/#\/schema\/logo\/image\/","url":"https:\/\/lehrer-werden-in-sachsen.de\/stage\/wp-content\/uploads\/2022\/02\/SMK_Leherin-Sachsen-Marke_RGB_Violett-Orange.svg","contentUrl":"https:\/\/lehrer-werden-in-sachsen.de\/stage\/wp-content\/uploads\/2022\/02\/SMK_Leherin-Sachsen-Marke_RGB_Violett-Orange.svg","caption":"LEHRERIN SACHSEN"},"image":{"@id":"https:\/\/lehrer-werden-in-sachsen.de\/#\/schema\/logo\/image\/"}},{"@type":"Person","@id":"https:\/\/lehrer-werden-in-sachsen.de\/#\/schema\/person\/4a127ffcfbf4e52ff0f66dcd7b4a5cc1","name":"Maria Kretschmann","image":{"@type":"ImageObject","inLanguage":"de","@id":"https:\/\/secure.gravatar.com\/avatar\/785963a239158e0d036c182ccde6b24c2d0822b83af8ab1b3773045a106114df?s=96&d=mm&r=g","url":"https:\/\/secure.gravatar.com\/avatar\/785963a239158e0d036c182ccde6b24c2d0822b83af8ab1b3773045a106114df?s=96&d=mm&r=g","contentUrl":"https:\/\/secure.gravatar.com\/avatar\/785963a239158e0d036c182ccde6b24c2d0822b83af8ab1b3773045a106114df?s=96&d=mm&r=g","caption":"Maria Kretschmann"},"url":"https:\/\/lehrer-werden-in-sachsen.de\/stage\/author\/maria-kretschmann\/"}]}},"_links":{"self":[{"href":"https:\/\/lehrer-werden-in-sachsen.de\/stage\/wp-json\/wp\/v2\/posts\/8981","targetHints":{"allow":["GET"]}}],"collection":[{"href":"https:\/\/lehrer-werden-in-sachsen.de\/stage\/wp-json\/wp\/v2\/posts"}],"about":[{"href":"https:\/\/lehrer-werden-in-sachsen.de\/stage\/wp-json\/wp\/v2\/types\/post"}],"author":[{"embeddable":true,"href":"https:\/\/lehrer-werden-in-sachsen.de\/stage\/wp-json\/wp\/v2\/users\/13"}],"replies":[{"embeddable":true,"href":"https:\/\/lehrer-werden-in-sachsen.de\/stage\/wp-json\/wp\/v2\/comments?post=8981"}],"version-history":[{"count":36,"href":"https:\/\/lehrer-werden-in-sachsen.de\/stage\/wp-json\/wp\/v2\/posts\/8981\/revisions"}],"predecessor-version":[{"id":25343,"href":"https:\/\/lehrer-werden-in-sachsen.de\/stage\/wp-json\/wp\/v2\/posts\/8981\/revisions\/25343"}],"wp:featuredmedia":[{"embeddable":true,"href":"https:\/\/lehrer-werden-in-sachsen.de\/stage\/wp-json\/wp\/v2\/media\/8987"}],"wp:attachment":[{"href":"https:\/\/lehrer-werden-in-sachsen.de\/stage\/wp-json\/wp\/v2\/media?parent=8981"}],"wp:term":[{"taxonomy":"category","embeddable":true,"href":"https:\/\/lehrer-werden-in-sachsen.de\/stage\/wp-json\/wp\/v2\/categories?post=8981"},{"taxonomy":"post_tag","embeddable":true,"href":"https:\/\/lehrer-werden-in-sachsen.de\/stage\/wp-json\/wp\/v2\/tags?post=8981"}],"curies":[{"name":"wp","href":"https:\/\/api.w.org\/{rel}","templated":true}]}}