{"id":8661,"date":"2022-11-29T10:20:00","date_gmt":"2022-11-29T09:20:00","guid":{"rendered":"https:\/\/lehrer-werden-in-sachsen.de\/stage\/?p=8661"},"modified":"2025-10-10T12:12:26","modified_gmt":"2025-10-10T10:12:26","slug":"lisas-fsj-paedagogik","status":"publish","type":"post","link":"https:\/\/lehrer-werden-in-sachsen.de\/stage\/lisas-fsj-paedagogik\/","title":{"rendered":"\u201eMan bekommt von den Kindern so viel zur\u00fcck!\u201c &#8211; Lisas Erfahrungen im FSJ P\u00e4dagogik"},"content":{"rendered":"\t\t<div data-elementor-type=\"wp-post\" data-elementor-id=\"8661\" class=\"elementor elementor-8661\" data-elementor-post-type=\"post\">\n\t\t\t\t\t\t<section class=\"elementor-section elementor-top-section elementor-element elementor-element-12adafa elementor-section-boxed elementor-section-height-default elementor-section-height-default\" data-id=\"12adafa\" data-element_type=\"section\" data-e-type=\"section\">\n\t\t\t\t\t\t<div class=\"elementor-container elementor-column-gap-default\">\n\t\t\t\t\t<div class=\"elementor-column elementor-col-100 elementor-top-column elementor-element elementor-element-cad945c\" data-id=\"cad945c\" data-element_type=\"column\" data-e-type=\"column\">\n\t\t\t<div class=\"elementor-widget-wrap elementor-element-populated\">\n\t\t\t\t\t\t<div class=\"elementor-element elementor-element-942c733 elementor-widget elementor-widget-text-editor\" data-id=\"942c733\" data-element_type=\"widget\" data-e-type=\"widget\" data-widget_type=\"text-editor.default\">\n\t\t\t\t<div class=\"elementor-widget-container\">\n\t\t\t\t\t\t\t\t\t<p><strong>Lisa hat im vergangenen Jahr ihr <a title=\"FSJ P\u00e4dagogik\" href=\"https:\/\/www.fsj-paedagogik.de\/\" target=\"_blank\" rel=\"noopener\">Freiwilliges Soziales Jahr P\u00e4dagogik<\/a> an der <a title=\"Johann-Gottlieb-Fichte-Grundschule\" href=\"http:\/\/fichteschule.info\/\" target=\"_blank\" rel=\"noopener\">Johann-Gottlieb-Fichte-Grundschule<\/a> in <a title=\"Sachsen erleben - Bautzen\" href=\"https:\/\/lehrer-werden-in-sachsen.de\\\\\/sachsen-erleben\/landkreis-bautzen\/\">Bautzen<\/a> gemacht. Die Grundschulkinder ein St\u00fcck weit beim Aufwachsen und Lernen zu begleiten, hat sie so sehr begeistert, dass sie sich f\u00fcr eine Zukunft als Grundschullehrerin entschieden hat. In diesem Semester beginnt sie das Lehramtsstudium an der TU Dresden in den F\u00e4chern Deutsch und Werken.<\/strong><\/p><p>Ein wenig wehm\u00fctig bl\u00e4ttert Lisa in ihrem FSJ-Tagebuch. Sie zeigt ein Foto, auf dem sie vor einer Gruppe Erstkl\u00e4ssler steht, die im Begriff sind, bunte Luftballons steigen zu lassen. Es zeigt eines der Highlights aus Lisas FSJ P\u00e4dagogik: das Buchstabenfest in der 1b. \u201eWir haben einen Tag lang gefeiert, dass die Sch\u00fclerinnen und Sch\u00fcler nun alle 26 Buchstaben kennen. In 26 verschiedenen Stationen konnten die Kinder den ganzen Tag experimentieren, basteln, schreiben, backen, Geschicklichkeit beweisen und vor allem Spa\u00df haben. Au\u00dferdem hat vorab jedes Kind einen Buchstaben gezogen, zu dem es sich zu unserem Fest verkleiden sollte\u201c, berichtet die junge Frau mit leuchtenden Augen.<\/p><p>Im letzten Jahr hat Lisa ihr FSJ P\u00e4dagogik an der Fichte-Grundschule in <a title=\"Sachsen erleben - Bautzen\" href=\"https:\/\/lehrer-werden-in-sachsen.de\\\\\/landkreis-bautzen\/\">Bautzen<\/a> gemacht. Auch das Buchstabenfest war eines der Projekte, die Lisa im Rahmen ihres FSJ P\u00e4dagogik selbst geplant und organisiert hat. Nach dem Abitur w\u00fcnschte sie sich erst einmal eine kleine Auszeit, wollte aber auch nicht ein Jahr lang nichts machen. In ihrem Berufsziel ist sie sich zu dem Zeitpunkt noch unschl\u00fcssig. Ihre Mutter war es, die in Lisa das Potenzial zur Lehrerin sah. Sie machte Lisa auch auf das FSJ P\u00e4dagogik aufmerksam und gab ihr damit einen kleinen Schubs in die richtige Richtung: \u201eDas FSJ P\u00e4dagogik hat mir sehr dabei geholfen, mir bei meinem Berufswunsch sicher zu werden.\u201c<\/p>\t\t\t\t\t\t\t\t<\/div>\n\t\t\t\t<\/div>\n\t\t\t\t\t<\/div>\n\t\t<\/div>\n\t\t\t\t\t<\/div>\n\t\t<\/section>\n\t\t\t\t<section class=\"elementor-section elementor-top-section elementor-element elementor-element-de9922d elementor-section-boxed elementor-section-height-default elementor-section-height-default\" data-id=\"de9922d\" data-element_type=\"section\" data-e-type=\"section\">\n\t\t\t\t\t\t<div class=\"elementor-container elementor-column-gap-default\">\n\t\t\t\t\t<div class=\"elementor-column elementor-col-100 elementor-top-column elementor-element elementor-element-ef3418d\" data-id=\"ef3418d\" data-element_type=\"column\" data-e-type=\"column\">\n\t\t\t<div class=\"elementor-widget-wrap\">\n\t\t\t\t\t\t\t<\/div>\n\t\t<\/div>\n\t\t\t\t\t<\/div>\n\t\t<\/section>\n\t\t\t\t<section class=\"elementor-section elementor-top-section elementor-element elementor-element-0cf8280 elementor-section-boxed elementor-section-height-default elementor-section-height-default\" data-id=\"0cf8280\" data-element_type=\"section\" data-e-type=\"section\">\n\t\t\t\t\t\t<div class=\"elementor-container elementor-column-gap-default\">\n\t\t\t\t\t<div class=\"elementor-column elementor-col-100 elementor-top-column elementor-element elementor-element-49ec284\" data-id=\"49ec284\" data-element_type=\"column\" data-e-type=\"column\">\n\t\t\t<div class=\"elementor-widget-wrap elementor-element-populated\">\n\t\t\t\t\t\t<div class=\"elementor-element elementor-element-8bdcb6c elementor-widget elementor-widget-heading\" data-id=\"8bdcb6c\" data-element_type=\"widget\" data-e-type=\"widget\" data-widget_type=\"heading.default\">\n\t\t\t\t<div class=\"elementor-widget-container\">\n\t\t\t\t\t<h3 class=\"elementor-heading-title elementor-size-default\">Erfahrungen f\u00fcrs Leben, Berufsorientierung, verbesserter NC \u2013 das FSJ P\u00e4dagogik bietet viele Vorteile<\/h3>\t\t\t\t<\/div>\n\t\t\t\t<\/div>\n\t\t\t\t<div class=\"elementor-element elementor-element-302c3e3 elementor-widget elementor-widget-text-editor\" data-id=\"302c3e3\" data-element_type=\"widget\" data-e-type=\"widget\" data-widget_type=\"text-editor.default\">\n\t\t\t\t<div class=\"elementor-widget-container\">\n\t\t\t\t\t\t\t\t\t<p>Ohne Frage ist das einer der vielen Vorteile des FSJ P\u00e4dagogik: \u201eNach dem Jahr wusste eigentlich jeder der FSJler, was er oder sie in Zukunft machen will. Viele von ihnen sind in Richtung Lehramt gegangen.\u201c Insbesondere hierf\u00fcr sammle man im FSJ an einer Schule schon jede Menge Praxiserfahrung und bekomme sogar einige hilfreiche Methoden und Unterrichtsmaterialien an die Hand. \u201eDadurch bin ich Einigen im Studium schon voraus\u201c, glaubt Lisa.<\/p><p>Doch das ist nicht alles, was Lisa f\u00fcr sich pers\u00f6nlich aus dem FSJ P\u00e4dagogik mitgenommen hat. Es hat ihr auch eine Angst genommen: Davor war es ihr immer sehr unangenehm, mit fremden Menschen zu telefonieren. Da sie w\u00e4hrend ihres FSJ aber so h\u00e4ufig mit den Eltern der Kinder telefoniert habe, f\u00fchle sie sich am Telefon inzwischen super sicher: \u201eEs st\u00e4rkt auf jeden Fall die Pers\u00f6nlichkeit!\u201c<\/p><p>Und noch einen entscheidenden Vorteil hat das FSJ P\u00e4dagogik: An einigen <a title=\"Unis entdecken\" href=\"https:\/\/lehrer-werden-in-sachsen.de\\\\\/faecher-waehlen\/unis-entdecken\/\">Unis<\/a> wie der TU Dresden und der Uni Leipzig wird der Abiturschnitt durch das FSJ P\u00e4dagogik mit bis zu 0,5 Punkten aufgewertet. Das kann erm\u00f6glichen, trotz zu hohem Abiturdurchschnitts f\u00fcr den erforderlichen NC im favorisierten Lehramtsstudiengang an der Lieblingsuni angenommen zu werden und die pers\u00f6nlichen Wunschf\u00e4cher zu studieren.<\/p>\t\t\t\t\t\t\t\t<\/div>\n\t\t\t\t<\/div>\n\t\t\t\t<div class=\"elementor-element elementor-element-f93e430 elementor-widget elementor-widget-heading\" data-id=\"f93e430\" data-element_type=\"widget\" data-e-type=\"widget\" data-widget_type=\"heading.default\">\n\t\t\t\t<div class=\"elementor-widget-container\">\n\t\t\t\t\t<h3 class=\"elementor-heading-title elementor-size-default\">Der Freiwilligendienst wird in Sachsen gut vorbereitet<\/h3>\t\t\t\t<\/div>\n\t\t\t\t<\/div>\n\t\t\t\t<div class=\"elementor-element elementor-element-6eca972 elementor-widget elementor-widget-text-editor\" data-id=\"6eca972\" data-element_type=\"widget\" data-e-type=\"widget\" data-widget_type=\"text-editor.default\">\n\t\t\t\t<div class=\"elementor-widget-container\">\n\t\t\t\t\t\t\t\t\t<p>Vor ihrem Freiwilligenjahr kannte Lisa an der Fichte-Grundschule in Bautzen noch niemanden: \u201eAlles war sehr neu und sehr interessant f\u00fcr mich. Aber ich w\u00fcrde es jederzeit wieder so machen!\u201c versichert Lisa. Einfach ins kalte Wasser geschmissen wurde sie nat\u00fcrlich nicht \u2013 im Gegenteil bereiteten die Verantwortlichen der <a title=\"Deutsche Kinder- und Jugendstiftung\" href=\"https:\/\/www.dkjs.de\/\">Deutschen Kinder- und Jugendstiftung (DKJS)<\/a> die angehenden FSJler schon vor dem Start in den Schulen gut vor.<\/p><p>Das FSJ beginnt mit einer ersten Seminarwoche, in der man die anderen FSJler trifft, sich gemeinsam austauscht und darauf vorbereitet, was auf einen zukommt. Auch danach wird niemand allein gelassen: \u201eJeder von uns hat eine Praxisanleiterin oder einen Praxisanleiter an der Schule bekommen, die oder der einen in der ersten Zeit an die Hand nimmt und auch f\u00fcr Fragen und Probleme immer ein offenes Ohr hat.\u201c<\/p>\t\t\t\t\t\t\t\t<\/div>\n\t\t\t\t<\/div>\n\t\t\t\t\t<\/div>\n\t\t<\/div>\n\t\t\t\t\t<\/div>\n\t\t<\/section>\n\t\t\t\t<section class=\"elementor-section elementor-top-section elementor-element elementor-element-0501655 elementor-section-boxed elementor-section-height-default elementor-section-height-default\" data-id=\"0501655\" data-element_type=\"section\" data-e-type=\"section\">\n\t\t\t\t\t\t<div class=\"elementor-container elementor-column-gap-default\">\n\t\t\t\t\t<div class=\"elementor-column elementor-col-100 elementor-top-column elementor-element elementor-element-e1e2ac8\" data-id=\"e1e2ac8\" data-element_type=\"column\" data-e-type=\"column\">\n\t\t\t<div class=\"elementor-widget-wrap elementor-element-populated\">\n\t\t\t\t\t\t<div class=\"elementor-element elementor-element-976ef47 elementor-widget elementor-widget-spacer\" data-id=\"976ef47\" data-element_type=\"widget\" data-e-type=\"widget\" data-widget_type=\"spacer.default\">\n\t\t\t\t<div class=\"elementor-widget-container\">\n\t\t\t\t\t\t\t<div class=\"elementor-spacer\">\n\t\t\t<div class=\"elementor-spacer-inner\"><\/div>\n\t\t<\/div>\n\t\t\t\t\t\t<\/div>\n\t\t\t\t<\/div>\n\t\t\t\t\t<\/div>\n\t\t<\/div>\n\t\t\t\t\t<\/div>\n\t\t<\/section>\n\t\t\t\t<section class=\"elementor-section elementor-top-section elementor-element elementor-element-fbb4e41 elementor-section-boxed elementor-section-height-default elementor-section-height-default\" data-id=\"fbb4e41\" data-element_type=\"section\" data-e-type=\"section\">\n\t\t\t\t\t\t<div class=\"elementor-container elementor-column-gap-default\">\n\t\t\t\t\t<div class=\"elementor-column elementor-col-100 elementor-top-column elementor-element elementor-element-f5775c3\" data-id=\"f5775c3\" data-element_type=\"column\" data-e-type=\"column\">\n\t\t\t<div class=\"elementor-widget-wrap elementor-element-populated\">\n\t\t\t\t\t\t<div class=\"elementor-element elementor-element-a7488a0 elementor-widget elementor-widget-video\" data-id=\"a7488a0\" data-element_type=\"widget\" data-e-type=\"widget\" data-settings=\"{&quot;youtube_url&quot;:&quot;https:\\\/\\\/youtu.be\\\/V4bhO5f7jvs&quot;,&quot;video_type&quot;:&quot;youtube&quot;,&quot;controls&quot;:&quot;yes&quot;}\" data-widget_type=\"video.default\">\n\t\t\t\t<div class=\"elementor-widget-container\">\n\t\t\t\t\t\t\t<div class=\"elementor-wrapper elementor-open-inline\">\n\t\t\t<div class=\"elementor-video\"><\/div>\t\t<\/div>\n\t\t\t\t\t\t<\/div>\n\t\t\t\t<\/div>\n\t\t\t\t\t<\/div>\n\t\t<\/div>\n\t\t\t\t\t<\/div>\n\t\t<\/section>\n\t\t\t\t<section class=\"elementor-section elementor-top-section elementor-element elementor-element-5536553 elementor-section-boxed elementor-section-height-default elementor-section-height-default\" data-id=\"5536553\" data-element_type=\"section\" data-e-type=\"section\">\n\t\t\t\t\t\t<div class=\"elementor-container elementor-column-gap-default\">\n\t\t\t\t\t<div class=\"elementor-column elementor-col-100 elementor-top-column elementor-element elementor-element-8db0ee9\" data-id=\"8db0ee9\" data-element_type=\"column\" data-e-type=\"column\">\n\t\t\t<div class=\"elementor-widget-wrap elementor-element-populated\">\n\t\t\t\t\t\t<div class=\"elementor-element elementor-element-5865e0f elementor-widget elementor-widget-spacer\" data-id=\"5865e0f\" data-element_type=\"widget\" data-e-type=\"widget\" data-widget_type=\"spacer.default\">\n\t\t\t\t<div class=\"elementor-widget-container\">\n\t\t\t\t\t\t\t<div class=\"elementor-spacer\">\n\t\t\t<div class=\"elementor-spacer-inner\"><\/div>\n\t\t<\/div>\n\t\t\t\t\t\t<\/div>\n\t\t\t\t<\/div>\n\t\t\t\t\t<\/div>\n\t\t<\/div>\n\t\t\t\t\t<\/div>\n\t\t<\/section>\n\t\t\t\t<section class=\"elementor-section elementor-top-section elementor-element elementor-element-0fa9150 elementor-section-boxed elementor-section-height-default elementor-section-height-default\" data-id=\"0fa9150\" data-element_type=\"section\" data-e-type=\"section\">\n\t\t\t\t\t\t<div class=\"elementor-container elementor-column-gap-default\">\n\t\t\t\t\t<div class=\"elementor-column elementor-col-100 elementor-top-column elementor-element elementor-element-223cf06\" data-id=\"223cf06\" data-element_type=\"column\" data-e-type=\"column\">\n\t\t\t<div class=\"elementor-widget-wrap elementor-element-populated\">\n\t\t\t\t\t\t<div class=\"elementor-element elementor-element-47ba93c elementor-widget elementor-widget-heading\" data-id=\"47ba93c\" data-element_type=\"widget\" data-e-type=\"widget\" data-widget_type=\"heading.default\">\n\t\t\t\t<div class=\"elementor-widget-container\">\n\t\t\t\t\t<h3 class=\"elementor-heading-title elementor-size-default\">Ein wertvoller Einblick in den Arbeitsalltag von Lehrerinnen und Lehrern...<\/h3>\t\t\t\t<\/div>\n\t\t\t\t<\/div>\n\t\t\t\t\t<\/div>\n\t\t<\/div>\n\t\t\t\t\t<\/div>\n\t\t<\/section>\n\t\t\t\t<section class=\"elementor-section elementor-top-section elementor-element elementor-element-94df403 elementor-section-boxed elementor-section-height-default elementor-section-height-default\" data-id=\"94df403\" data-element_type=\"section\" data-e-type=\"section\">\n\t\t\t\t\t\t<div class=\"elementor-container elementor-column-gap-default\">\n\t\t\t\t\t<div class=\"elementor-column elementor-col-100 elementor-top-column elementor-element elementor-element-91a086b\" data-id=\"91a086b\" data-element_type=\"column\" data-e-type=\"column\">\n\t\t\t<div class=\"elementor-widget-wrap elementor-element-populated\">\n\t\t\t\t\t\t<div class=\"elementor-element elementor-element-bbb9616 elementor-widget elementor-widget-text-editor\" data-id=\"bbb9616\" data-element_type=\"widget\" data-e-type=\"widget\" data-widget_type=\"text-editor.default\">\n\t\t\t\t<div class=\"elementor-widget-container\">\n\t\t\t\t\t\t\t\t\t<p>Bei Lisa war das die stellvertretende Klassenlehrerin der 1b, in der Lisa haupts\u00e4chlich eingesetzt war. Mit ihr hat Lisa ein sehr gutes Verh\u00e4ltnis und sich sogar hinsichtlich ihrer F\u00e4cherwahl inspirieren lassen: ab Oktober studiert Lisa ebenso wie ihre Anleiterin das Fach Werken. In der 1b gew\u00f6hnte sie sich nicht nur selbst erst einmal ein, sondern auch die neuen Erstkl\u00e4ssler.<\/p><p>\u00a0<\/p><p>Von Anfang an begleitete sie die Grundschulkinder im Unterrichtsalltag, erkl\u00e4rte \u00dcbungen oder ging auch mal mit der H\u00e4lfte der Klasse in ein anderes Zimmer, um andere Aufgaben durchzuf\u00fchren. Mit der Zeit wurde sie immer sicherer im Umgang mit den Schulkindern, sodass sie ab und zu sogar in einer vierten Klasse aushalf.<\/p><p>\u00a0<\/p><p>Immer wieder hat Lisa w\u00e4hrend ihres FSJ die Dankbarkeit ihrer Sch\u00fctzlinge gesp\u00fcrt. \u201eMan bekommt von den Kindern so viel wieder! Sei es durch ein L\u00e4cheln oder wenn ein Kind sagt, \u201ajetzt hab ich\u2019s endlich verstanden!\u2018 Das ist einfach sehr sch\u00f6n und ich w\u00fcnsche mir, das irgendwann selbst den Kindern vermitteln und sie ein bisschen auf ihrem Weg begleiten zu k\u00f6nnen.\u201c<\/p>\t\t\t\t\t\t\t\t<\/div>\n\t\t\t\t<\/div>\n\t\t\t\t\t<\/div>\n\t\t<\/div>\n\t\t\t\t\t<\/div>\n\t\t<\/section>\n\t\t\t\t<section class=\"elementor-section elementor-top-section elementor-element elementor-element-bb98f9d elementor-section-boxed elementor-section-height-default elementor-section-height-default\" data-id=\"bb98f9d\" data-element_type=\"section\" data-e-type=\"section\">\n\t\t\t\t\t\t<div class=\"elementor-container elementor-column-gap-default\">\n\t\t\t\t\t<div class=\"elementor-column elementor-col-100 elementor-top-column elementor-element elementor-element-fc693c0\" data-id=\"fc693c0\" data-element_type=\"column\" data-e-type=\"column\">\n\t\t\t<div class=\"elementor-widget-wrap elementor-element-populated\">\n\t\t\t\t\t\t<div class=\"elementor-element elementor-element-f9a8964 elementor-widget elementor-widget-heading\" data-id=\"f9a8964\" data-element_type=\"widget\" data-e-type=\"widget\" data-widget_type=\"heading.default\">\n\t\t\t\t<div class=\"elementor-widget-container\">\n\t\t\t\t\t<h3 class=\"elementor-heading-title elementor-size-default\">...und Entscheidungshilfe f\u00fcr den Weg ins Lehramt<\/h3>\t\t\t\t<\/div>\n\t\t\t\t<\/div>\n\t\t\t\t\t<\/div>\n\t\t<\/div>\n\t\t\t\t\t<\/div>\n\t\t<\/section>\n\t\t\t\t<section class=\"elementor-section elementor-top-section elementor-element elementor-element-21ca976 elementor-section-boxed elementor-section-height-default elementor-section-height-default\" data-id=\"21ca976\" data-element_type=\"section\" data-e-type=\"section\">\n\t\t\t\t\t\t<div class=\"elementor-container elementor-column-gap-default\">\n\t\t\t\t\t<div class=\"elementor-column elementor-col-100 elementor-top-column elementor-element elementor-element-d7d36c1\" data-id=\"d7d36c1\" data-element_type=\"column\" data-e-type=\"column\">\n\t\t\t<div class=\"elementor-widget-wrap elementor-element-populated\">\n\t\t\t\t\t\t<div class=\"elementor-element elementor-element-6a8070e elementor-widget elementor-widget-text-editor\" data-id=\"6a8070e\" data-element_type=\"widget\" data-e-type=\"widget\" data-widget_type=\"text-editor.default\">\n\t\t\t\t<div class=\"elementor-widget-container\">\n\t\t\t\t\t\t\t\t\t<p>Generell konnte sich Lisa gut an ihrer Schule einbringen, ihre W\u00fcnsche und Ideen \u00e4u\u00dfern. Dazu tragen auch die 25 Bildungstage bei, die das FSJ vorsieht und die nach den eigenen Interessen gestaltbar sind. 20 davon sind bereits Teil der Seminarwochen, der Rest kann anderweitig genutzt werden. \u201eHaupts\u00e4chlich ging es einfach darum, f\u00fcr unsere Zukunft zu wissen, was wir machen wollen.\u201c Lisa war beispielsweise bei einem Onlineseminar zum Thema Klimagerechtigkeit und bei einer Podiumsdiskussion in Zittau zum Thema Frauen in der Politik.<\/p><p>\u00a0<\/p><p>Blo\u00df ein Ganztagsangebot war wegen der Coronaauflagen leider nicht drin. Trotzdem wurden Lisas Erwartungen an das FSJ sogar \u00fcbertroffen: \u201eIch w\u00fcrde das <a href=\"https:\/\/www.fsj-paedagogik.de\/\" target=\"_blank\" rel=\"noopener\">FSJ P\u00e4dagogik<\/a> auf jeden Fall allen weiterempfehlen und mich selbst jederzeit wieder dazu entschlie\u00dfen!\u201c Vor allem, weil sie sich jetzt absolut sicher ist, dass sie Grundschullehrerin werden m\u00f6chte.<\/p>\t\t\t\t\t\t\t\t<\/div>\n\t\t\t\t<\/div>\n\t\t\t\t\t<\/div>\n\t\t<\/div>\n\t\t\t\t\t<\/div>\n\t\t<\/section>\n\t\t\t\t<section class=\"elementor-section elementor-top-section elementor-element elementor-element-3517b80 elementor-section-boxed elementor-section-height-default elementor-section-height-default\" data-id=\"3517b80\" data-element_type=\"section\" data-e-type=\"section\">\n\t\t\t\t\t\t<div class=\"elementor-container elementor-column-gap-default\">\n\t\t\t\t\t<div class=\"elementor-column elementor-col-100 elementor-top-column elementor-element elementor-element-4d8a722\" data-id=\"4d8a722\" data-element_type=\"column\" data-e-type=\"column\">\n\t\t\t<div class=\"elementor-widget-wrap elementor-element-populated\">\n\t\t\t\t\t\t<div class=\"elementor-element elementor-element-17debc6 elementor-widget elementor-widget-spacer\" data-id=\"17debc6\" data-element_type=\"widget\" data-e-type=\"widget\" data-widget_type=\"spacer.default\">\n\t\t\t\t<div class=\"elementor-widget-container\">\n\t\t\t\t\t\t\t<div class=\"elementor-spacer\">\n\t\t\t<div class=\"elementor-spacer-inner\"><\/div>\n\t\t<\/div>\n\t\t\t\t\t\t<\/div>\n\t\t\t\t<\/div>\n\t\t\t\t\t<\/div>\n\t\t<\/div>\n\t\t\t\t\t<\/div>\n\t\t<\/section>\n\t\t\t\t<section class=\"elementor-section elementor-top-section elementor-element elementor-element-32cdc3c elementor-section-boxed elementor-section-height-default elementor-section-height-default\" data-id=\"32cdc3c\" data-element_type=\"section\" data-e-type=\"section\">\n\t\t\t\t\t\t<div class=\"elementor-container elementor-column-gap-default\">\n\t\t\t\t\t<div class=\"elementor-column elementor-col-100 elementor-top-column elementor-element elementor-element-c1cd103\" data-id=\"c1cd103\" data-element_type=\"column\" data-e-type=\"column\">\n\t\t\t<div class=\"elementor-widget-wrap elementor-element-populated\">\n\t\t\t\t\t\t<div class=\"elementor-element elementor-element-98d6a78 elementor-widget elementor-widget-heading\" data-id=\"98d6a78\" data-element_type=\"widget\" data-e-type=\"widget\" data-widget_type=\"heading.default\">\n\t\t\t\t<div class=\"elementor-widget-container\">\n\t\t\t\t\t<h2 class=\"elementor-heading-title elementor-size-default\">Du willst mehr Infos zum Freiwilligen Sozialen Jahr im Bereich P\u00e4dagogik erfahren? Dann wirf einen Blick in unsere FAQs.<\/h2>\t\t\t\t<\/div>\n\t\t\t\t<\/div>\n\t\t\t\t\t<\/div>\n\t\t<\/div>\n\t\t\t\t\t<\/div>\n\t\t<\/section>\n\t\t\t\t<section class=\"elementor-section elementor-top-section elementor-element elementor-element-4ceec11 elementor-section-boxed elementor-section-height-default elementor-section-height-default\" data-id=\"4ceec11\" data-element_type=\"section\" data-e-type=\"section\">\n\t\t\t\t\t\t<div class=\"elementor-container elementor-column-gap-default\">\n\t\t\t\t\t<div class=\"elementor-column elementor-col-100 elementor-top-column elementor-element elementor-element-78b527f\" data-id=\"78b527f\" data-element_type=\"column\" data-e-type=\"column\">\n\t\t\t<div class=\"elementor-widget-wrap elementor-element-populated\">\n\t\t\t\t\t\t<div class=\"elementor-element elementor-element-8a8f4a4 elementor-widget elementor-widget-button\" data-id=\"8a8f4a4\" data-element_type=\"widget\" data-e-type=\"widget\" data-widget_type=\"button.default\">\n\t\t\t\t<div class=\"elementor-widget-container\">\n\t\t\t\t\t\t\t\t\t<div class=\"elementor-button-wrapper\">\n\t\t\t\t\t<a class=\"elementor-button elementor-button-link elementor-size-sm\" href=\"https:\/\/lehrer-werden-in-sachsen.de\/infos-zur-beruflichen-orientierung\/\" target=\"_blank\" title=\"Infos zur beruflichen Orientierung\">\n\t\t\t\t\t\t<span class=\"elementor-button-content-wrapper\">\n\t\t\t\t\t\t\t\t\t<span class=\"elementor-button-text\">Infos zur beruflichen Orientierung<\/span>\n\t\t\t\t\t<\/span>\n\t\t\t\t\t<\/a>\n\t\t\t\t<\/div>\n\t\t\t\t\t\t\t\t<\/div>\n\t\t\t\t<\/div>\n\t\t\t\t\t<\/div>\n\t\t<\/div>\n\t\t\t\t\t<\/div>\n\t\t<\/section>\n\t\t\t\t<\/div>\n\t\t","protected":false},"excerpt":{"rendered":"<p>Lisa hat im vergangenen Jahr ihr Freiwilliges Soziales Jahr P\u00e4dagogik an der Johann-Gottlieb-Fichte-Grundschule in Bautzen gemacht. Die Grundschulkinder ein St\u00fcck weit beim Aufwachsen und Lernen zu begleiten, hat sie so sehr begeistert, dass sie sich f\u00fcr eine Zukunft als Grundschullehrerin entschieden hat. <\/p>\n","protected":false},"author":13,"featured_media":8386,"comment_status":"closed","ping_status":"closed","sticky":false,"template":"","format":"standard","meta":{"footnotes":""},"categories":[46],"tags":[112,109],"class_list":["post-8661","post","type-post","status-publish","format-standard","has-post-thumbnail","hentry","category-blog","tag-fsj-padagogik","tag-grundschule"],"yoast_head":"<!-- This site is optimized with the Yoast SEO plugin v27.3 - https:\/\/yoast.com\/product\/yoast-seo-wordpress\/ -->\n<title>LEHRERIN SACHSEN | Lisas Erfahrungen im FSJ P\u00e4dagogik<\/title>\n<meta name=\"description\" content=\"Lisa hat im vergangenen Jahr ihr Freiwilliges Soziales Jahr P\u00e4dagogik an einer Grundschule gemacht. Mit uns hat sie ihre Erfahrungen geteilt.\" \/>\n<meta name=\"robots\" content=\"index, follow, max-snippet:-1, max-image-preview:large, max-video-preview:-1\" \/>\n<link rel=\"canonical\" href=\"https:\/\/lehrer-werden-in-sachsen.de\/lisas-fsj-paedagogik\/\" \/>\n<meta property=\"og:locale\" content=\"de_DE\" \/>\n<meta property=\"og:type\" content=\"article\" \/>\n<meta property=\"og:title\" content=\"LEHRERIN SACHSEN | Lisas Erfahrungen im FSJ P\u00e4dagogik\" \/>\n<meta property=\"og:description\" content=\"Lisa hat im vergangenen Jahr ihr Freiwilliges Soziales Jahr P\u00e4dagogik an einer Grundschule gemacht. Mit uns hat sie ihre Erfahrungen geteilt.\" \/>\n<meta property=\"og:url\" content=\"https:\/\/lehrer-werden-in-sachsen.de\/lisas-fsj-paedagogik\/\" \/>\n<meta property=\"og:site_name\" content=\"LEHRERIN SACHSEN\" \/>\n<meta property=\"article:published_time\" content=\"2022-11-29T09:20:00+00:00\" \/>\n<meta property=\"article:modified_time\" content=\"2025-10-10T10:12:26+00:00\" \/>\n<meta property=\"og:image\" content=\"https:\/\/lehrer-werden-in-sachsen.de\/wp-content\/uploads\/2022\/10\/Lisa-auf-dem-Campus-der-TU-Dresden.jpg\" \/>\n\t<meta property=\"og:image:width\" content=\"1920\" \/>\n\t<meta property=\"og:image:height\" content=\"720\" \/>\n\t<meta property=\"og:image:type\" content=\"image\/jpeg\" \/>\n<meta name=\"author\" content=\"Maria Kretschmann\" \/>\n<meta name=\"twitter:card\" content=\"summary_large_image\" \/>\n<meta name=\"twitter:label1\" content=\"Verfasst von\" \/>\n\t<meta name=\"twitter:data1\" content=\"Maria Kretschmann\" \/>\n\t<meta name=\"twitter:label2\" content=\"Gesch\u00e4tzte Lesezeit\" \/>\n\t<meta name=\"twitter:data2\" content=\"6\u00a0Minuten\" \/>\n<script type=\"application\/ld+json\" class=\"yoast-schema-graph\">{\"@context\":\"https:\\\/\\\/schema.org\",\"@graph\":[{\"@type\":\"Article\",\"@id\":\"https:\\\/\\\/lehrer-werden-in-sachsen.de\\\/lisas-fsj-paedagogik\\\/#article\",\"isPartOf\":{\"@id\":\"https:\\\/\\\/lehrer-werden-in-sachsen.de\\\/lisas-fsj-paedagogik\\\/\"},\"author\":{\"name\":\"Maria Kretschmann\",\"@id\":\"https:\\\/\\\/lehrer-werden-in-sachsen.de\\\/#\\\/schema\\\/person\\\/4a127ffcfbf4e52ff0f66dcd7b4a5cc1\"},\"headline\":\"\u201eMan bekommt von den Kindern so viel zur\u00fcck!\u201c &#8211; Lisas Erfahrungen im FSJ P\u00e4dagogik\",\"datePublished\":\"2022-11-29T09:20:00+00:00\",\"dateModified\":\"2025-10-10T10:12:26+00:00\",\"mainEntityOfPage\":{\"@id\":\"https:\\\/\\\/lehrer-werden-in-sachsen.de\\\/lisas-fsj-paedagogik\\\/\"},\"wordCount\":1039,\"publisher\":{\"@id\":\"https:\\\/\\\/lehrer-werden-in-sachsen.de\\\/#organization\"},\"image\":{\"@id\":\"https:\\\/\\\/lehrer-werden-in-sachsen.de\\\/lisas-fsj-paedagogik\\\/#primaryimage\"},\"thumbnailUrl\":\"https:\\\/\\\/lehrer-werden-in-sachsen.de\\\/stage\\\/wp-content\\\/uploads\\\/2022\\\/10\\\/Lisa-auf-dem-Campus-der-TU-Dresden.jpg\",\"keywords\":[\"FSJ P\u00e4dagogik\",\"Grundschule\"],\"articleSection\":[\"Blog\"],\"inLanguage\":\"de\"},{\"@type\":\"WebPage\",\"@id\":\"https:\\\/\\\/lehrer-werden-in-sachsen.de\\\/lisas-fsj-paedagogik\\\/\",\"url\":\"https:\\\/\\\/lehrer-werden-in-sachsen.de\\\/lisas-fsj-paedagogik\\\/\",\"name\":\"LEHRERIN SACHSEN | Lisas Erfahrungen im FSJ P\u00e4dagogik\",\"isPartOf\":{\"@id\":\"https:\\\/\\\/lehrer-werden-in-sachsen.de\\\/#website\"},\"primaryImageOfPage\":{\"@id\":\"https:\\\/\\\/lehrer-werden-in-sachsen.de\\\/lisas-fsj-paedagogik\\\/#primaryimage\"},\"image\":{\"@id\":\"https:\\\/\\\/lehrer-werden-in-sachsen.de\\\/lisas-fsj-paedagogik\\\/#primaryimage\"},\"thumbnailUrl\":\"https:\\\/\\\/lehrer-werden-in-sachsen.de\\\/stage\\\/wp-content\\\/uploads\\\/2022\\\/10\\\/Lisa-auf-dem-Campus-der-TU-Dresden.jpg\",\"datePublished\":\"2022-11-29T09:20:00+00:00\",\"dateModified\":\"2025-10-10T10:12:26+00:00\",\"description\":\"Lisa hat im vergangenen Jahr ihr Freiwilliges Soziales Jahr P\u00e4dagogik an einer Grundschule gemacht. Mit uns hat sie ihre Erfahrungen geteilt.\",\"breadcrumb\":{\"@id\":\"https:\\\/\\\/lehrer-werden-in-sachsen.de\\\/lisas-fsj-paedagogik\\\/#breadcrumb\"},\"inLanguage\":\"de\",\"potentialAction\":[{\"@type\":\"ReadAction\",\"target\":[\"https:\\\/\\\/lehrer-werden-in-sachsen.de\\\/lisas-fsj-paedagogik\\\/\"]}]},{\"@type\":\"ImageObject\",\"inLanguage\":\"de\",\"@id\":\"https:\\\/\\\/lehrer-werden-in-sachsen.de\\\/lisas-fsj-paedagogik\\\/#primaryimage\",\"url\":\"https:\\\/\\\/lehrer-werden-in-sachsen.de\\\/stage\\\/wp-content\\\/uploads\\\/2022\\\/10\\\/Lisa-auf-dem-Campus-der-TU-Dresden.jpg\",\"contentUrl\":\"https:\\\/\\\/lehrer-werden-in-sachsen.de\\\/stage\\\/wp-content\\\/uploads\\\/2022\\\/10\\\/Lisa-auf-dem-Campus-der-TU-Dresden.jpg\",\"width\":1920,\"height\":720,\"caption\":\"Lisa auf dem Campus der TU Dresden\"},{\"@type\":\"BreadcrumbList\",\"@id\":\"https:\\\/\\\/lehrer-werden-in-sachsen.de\\\/lisas-fsj-paedagogik\\\/#breadcrumb\",\"itemListElement\":[{\"@type\":\"ListItem\",\"position\":1,\"name\":\"Startseite\",\"item\":\"https:\\\/\\\/lehrer-werden-in-sachsen.de\\\/\"},{\"@type\":\"ListItem\",\"position\":2,\"name\":\"\u201eMan bekommt von den Kindern so viel zur\u00fcck!\u201c &#8211; Lisas Erfahrungen im FSJ P\u00e4dagogik\"}]},{\"@type\":\"WebSite\",\"@id\":\"https:\\\/\\\/lehrer-werden-in-sachsen.de\\\/#website\",\"url\":\"https:\\\/\\\/lehrer-werden-in-sachsen.de\\\/\",\"name\":\"LEHRERIN SACHSEN\",\"description\":\"Eine Klasse f\u00fcr sich.\",\"publisher\":{\"@id\":\"https:\\\/\\\/lehrer-werden-in-sachsen.de\\\/#organization\"},\"potentialAction\":[{\"@type\":\"SearchAction\",\"target\":{\"@type\":\"EntryPoint\",\"urlTemplate\":\"https:\\\/\\\/lehrer-werden-in-sachsen.de\\\/?s={search_term_string}\"},\"query-input\":{\"@type\":\"PropertyValueSpecification\",\"valueRequired\":true,\"valueName\":\"search_term_string\"}}],\"inLanguage\":\"de\"},{\"@type\":\"Organization\",\"@id\":\"https:\\\/\\\/lehrer-werden-in-sachsen.de\\\/#organization\",\"name\":\"LEHRERIN SACHSEN\",\"url\":\"https:\\\/\\\/lehrer-werden-in-sachsen.de\\\/\",\"logo\":{\"@type\":\"ImageObject\",\"inLanguage\":\"de\",\"@id\":\"https:\\\/\\\/lehrer-werden-in-sachsen.de\\\/#\\\/schema\\\/logo\\\/image\\\/\",\"url\":\"https:\\\/\\\/lehrer-werden-in-sachsen.de\\\/stage\\\/wp-content\\\/uploads\\\/2022\\\/02\\\/SMK_Leherin-Sachsen-Marke_RGB_Violett-Orange.svg\",\"contentUrl\":\"https:\\\/\\\/lehrer-werden-in-sachsen.de\\\/stage\\\/wp-content\\\/uploads\\\/2022\\\/02\\\/SMK_Leherin-Sachsen-Marke_RGB_Violett-Orange.svg\",\"caption\":\"LEHRERIN SACHSEN\"},\"image\":{\"@id\":\"https:\\\/\\\/lehrer-werden-in-sachsen.de\\\/#\\\/schema\\\/logo\\\/image\\\/\"}},{\"@type\":\"Person\",\"@id\":\"https:\\\/\\\/lehrer-werden-in-sachsen.de\\\/#\\\/schema\\\/person\\\/4a127ffcfbf4e52ff0f66dcd7b4a5cc1\",\"name\":\"Maria Kretschmann\",\"image\":{\"@type\":\"ImageObject\",\"inLanguage\":\"de\",\"@id\":\"https:\\\/\\\/secure.gravatar.com\\\/avatar\\\/785963a239158e0d036c182ccde6b24c2d0822b83af8ab1b3773045a106114df?s=96&d=mm&r=g\",\"url\":\"https:\\\/\\\/secure.gravatar.com\\\/avatar\\\/785963a239158e0d036c182ccde6b24c2d0822b83af8ab1b3773045a106114df?s=96&d=mm&r=g\",\"contentUrl\":\"https:\\\/\\\/secure.gravatar.com\\\/avatar\\\/785963a239158e0d036c182ccde6b24c2d0822b83af8ab1b3773045a106114df?s=96&d=mm&r=g\",\"caption\":\"Maria Kretschmann\"},\"url\":\"https:\\\/\\\/lehrer-werden-in-sachsen.de\\\/stage\\\/author\\\/maria-kretschmann\\\/\"}]}<\/script>\n<!-- \/ Yoast SEO plugin. -->","yoast_head_json":{"title":"LEHRERIN SACHSEN | Lisas Erfahrungen im FSJ P\u00e4dagogik","description":"Lisa hat im vergangenen Jahr ihr Freiwilliges Soziales Jahr P\u00e4dagogik an einer Grundschule gemacht. Mit uns hat sie ihre Erfahrungen geteilt.","robots":{"index":"index","follow":"follow","max-snippet":"max-snippet:-1","max-image-preview":"max-image-preview:large","max-video-preview":"max-video-preview:-1"},"canonical":"https:\/\/lehrer-werden-in-sachsen.de\/lisas-fsj-paedagogik\/","og_locale":"de_DE","og_type":"article","og_title":"LEHRERIN SACHSEN | Lisas Erfahrungen im FSJ P\u00e4dagogik","og_description":"Lisa hat im vergangenen Jahr ihr Freiwilliges Soziales Jahr P\u00e4dagogik an einer Grundschule gemacht. Mit uns hat sie ihre Erfahrungen geteilt.","og_url":"https:\/\/lehrer-werden-in-sachsen.de\/lisas-fsj-paedagogik\/","og_site_name":"LEHRERIN SACHSEN","article_published_time":"2022-11-29T09:20:00+00:00","article_modified_time":"2025-10-10T10:12:26+00:00","og_image":[{"width":1920,"height":720,"url":"https:\/\/lehrer-werden-in-sachsen.de\/wp-content\/uploads\/2022\/10\/Lisa-auf-dem-Campus-der-TU-Dresden.jpg","type":"image\/jpeg"}],"author":"Maria Kretschmann","twitter_card":"summary_large_image","twitter_misc":{"Verfasst von":"Maria Kretschmann","Gesch\u00e4tzte Lesezeit":"6\u00a0Minuten"},"schema":{"@context":"https:\/\/schema.org","@graph":[{"@type":"Article","@id":"https:\/\/lehrer-werden-in-sachsen.de\/lisas-fsj-paedagogik\/#article","isPartOf":{"@id":"https:\/\/lehrer-werden-in-sachsen.de\/lisas-fsj-paedagogik\/"},"author":{"name":"Maria Kretschmann","@id":"https:\/\/lehrer-werden-in-sachsen.de\/#\/schema\/person\/4a127ffcfbf4e52ff0f66dcd7b4a5cc1"},"headline":"\u201eMan bekommt von den Kindern so viel zur\u00fcck!\u201c &#8211; Lisas Erfahrungen im FSJ P\u00e4dagogik","datePublished":"2022-11-29T09:20:00+00:00","dateModified":"2025-10-10T10:12:26+00:00","mainEntityOfPage":{"@id":"https:\/\/lehrer-werden-in-sachsen.de\/lisas-fsj-paedagogik\/"},"wordCount":1039,"publisher":{"@id":"https:\/\/lehrer-werden-in-sachsen.de\/#organization"},"image":{"@id":"https:\/\/lehrer-werden-in-sachsen.de\/lisas-fsj-paedagogik\/#primaryimage"},"thumbnailUrl":"https:\/\/lehrer-werden-in-sachsen.de\/stage\/wp-content\/uploads\/2022\/10\/Lisa-auf-dem-Campus-der-TU-Dresden.jpg","keywords":["FSJ P\u00e4dagogik","Grundschule"],"articleSection":["Blog"],"inLanguage":"de"},{"@type":"WebPage","@id":"https:\/\/lehrer-werden-in-sachsen.de\/lisas-fsj-paedagogik\/","url":"https:\/\/lehrer-werden-in-sachsen.de\/lisas-fsj-paedagogik\/","name":"LEHRERIN SACHSEN | Lisas Erfahrungen im FSJ P\u00e4dagogik","isPartOf":{"@id":"https:\/\/lehrer-werden-in-sachsen.de\/#website"},"primaryImageOfPage":{"@id":"https:\/\/lehrer-werden-in-sachsen.de\/lisas-fsj-paedagogik\/#primaryimage"},"image":{"@id":"https:\/\/lehrer-werden-in-sachsen.de\/lisas-fsj-paedagogik\/#primaryimage"},"thumbnailUrl":"https:\/\/lehrer-werden-in-sachsen.de\/stage\/wp-content\/uploads\/2022\/10\/Lisa-auf-dem-Campus-der-TU-Dresden.jpg","datePublished":"2022-11-29T09:20:00+00:00","dateModified":"2025-10-10T10:12:26+00:00","description":"Lisa hat im vergangenen Jahr ihr Freiwilliges Soziales Jahr P\u00e4dagogik an einer Grundschule gemacht. Mit uns hat sie ihre Erfahrungen geteilt.","breadcrumb":{"@id":"https:\/\/lehrer-werden-in-sachsen.de\/lisas-fsj-paedagogik\/#breadcrumb"},"inLanguage":"de","potentialAction":[{"@type":"ReadAction","target":["https:\/\/lehrer-werden-in-sachsen.de\/lisas-fsj-paedagogik\/"]}]},{"@type":"ImageObject","inLanguage":"de","@id":"https:\/\/lehrer-werden-in-sachsen.de\/lisas-fsj-paedagogik\/#primaryimage","url":"https:\/\/lehrer-werden-in-sachsen.de\/stage\/wp-content\/uploads\/2022\/10\/Lisa-auf-dem-Campus-der-TU-Dresden.jpg","contentUrl":"https:\/\/lehrer-werden-in-sachsen.de\/stage\/wp-content\/uploads\/2022\/10\/Lisa-auf-dem-Campus-der-TU-Dresden.jpg","width":1920,"height":720,"caption":"Lisa auf dem Campus der TU Dresden"},{"@type":"BreadcrumbList","@id":"https:\/\/lehrer-werden-in-sachsen.de\/lisas-fsj-paedagogik\/#breadcrumb","itemListElement":[{"@type":"ListItem","position":1,"name":"Startseite","item":"https:\/\/lehrer-werden-in-sachsen.de\/"},{"@type":"ListItem","position":2,"name":"\u201eMan bekommt von den Kindern so viel zur\u00fcck!\u201c &#8211; Lisas Erfahrungen im FSJ P\u00e4dagogik"}]},{"@type":"WebSite","@id":"https:\/\/lehrer-werden-in-sachsen.de\/#website","url":"https:\/\/lehrer-werden-in-sachsen.de\/","name":"LEHRERIN SACHSEN","description":"Eine Klasse f\u00fcr sich.","publisher":{"@id":"https:\/\/lehrer-werden-in-sachsen.de\/#organization"},"potentialAction":[{"@type":"SearchAction","target":{"@type":"EntryPoint","urlTemplate":"https:\/\/lehrer-werden-in-sachsen.de\/?s={search_term_string}"},"query-input":{"@type":"PropertyValueSpecification","valueRequired":true,"valueName":"search_term_string"}}],"inLanguage":"de"},{"@type":"Organization","@id":"https:\/\/lehrer-werden-in-sachsen.de\/#organization","name":"LEHRERIN SACHSEN","url":"https:\/\/lehrer-werden-in-sachsen.de\/","logo":{"@type":"ImageObject","inLanguage":"de","@id":"https:\/\/lehrer-werden-in-sachsen.de\/#\/schema\/logo\/image\/","url":"https:\/\/lehrer-werden-in-sachsen.de\/stage\/wp-content\/uploads\/2022\/02\/SMK_Leherin-Sachsen-Marke_RGB_Violett-Orange.svg","contentUrl":"https:\/\/lehrer-werden-in-sachsen.de\/stage\/wp-content\/uploads\/2022\/02\/SMK_Leherin-Sachsen-Marke_RGB_Violett-Orange.svg","caption":"LEHRERIN SACHSEN"},"image":{"@id":"https:\/\/lehrer-werden-in-sachsen.de\/#\/schema\/logo\/image\/"}},{"@type":"Person","@id":"https:\/\/lehrer-werden-in-sachsen.de\/#\/schema\/person\/4a127ffcfbf4e52ff0f66dcd7b4a5cc1","name":"Maria Kretschmann","image":{"@type":"ImageObject","inLanguage":"de","@id":"https:\/\/secure.gravatar.com\/avatar\/785963a239158e0d036c182ccde6b24c2d0822b83af8ab1b3773045a106114df?s=96&d=mm&r=g","url":"https:\/\/secure.gravatar.com\/avatar\/785963a239158e0d036c182ccde6b24c2d0822b83af8ab1b3773045a106114df?s=96&d=mm&r=g","contentUrl":"https:\/\/secure.gravatar.com\/avatar\/785963a239158e0d036c182ccde6b24c2d0822b83af8ab1b3773045a106114df?s=96&d=mm&r=g","caption":"Maria Kretschmann"},"url":"https:\/\/lehrer-werden-in-sachsen.de\/stage\/author\/maria-kretschmann\/"}]}},"_links":{"self":[{"href":"https:\/\/lehrer-werden-in-sachsen.de\/stage\/wp-json\/wp\/v2\/posts\/8661","targetHints":{"allow":["GET"]}}],"collection":[{"href":"https:\/\/lehrer-werden-in-sachsen.de\/stage\/wp-json\/wp\/v2\/posts"}],"about":[{"href":"https:\/\/lehrer-werden-in-sachsen.de\/stage\/wp-json\/wp\/v2\/types\/post"}],"author":[{"embeddable":true,"href":"https:\/\/lehrer-werden-in-sachsen.de\/stage\/wp-json\/wp\/v2\/users\/13"}],"replies":[{"embeddable":true,"href":"https:\/\/lehrer-werden-in-sachsen.de\/stage\/wp-json\/wp\/v2\/comments?post=8661"}],"version-history":[{"count":24,"href":"https:\/\/lehrer-werden-in-sachsen.de\/stage\/wp-json\/wp\/v2\/posts\/8661\/revisions"}],"predecessor-version":[{"id":23951,"href":"https:\/\/lehrer-werden-in-sachsen.de\/stage\/wp-json\/wp\/v2\/posts\/8661\/revisions\/23951"}],"wp:featuredmedia":[{"embeddable":true,"href":"https:\/\/lehrer-werden-in-sachsen.de\/stage\/wp-json\/wp\/v2\/media\/8386"}],"wp:attachment":[{"href":"https:\/\/lehrer-werden-in-sachsen.de\/stage\/wp-json\/wp\/v2\/media?parent=8661"}],"wp:term":[{"taxonomy":"category","embeddable":true,"href":"https:\/\/lehrer-werden-in-sachsen.de\/stage\/wp-json\/wp\/v2\/categories?post=8661"},{"taxonomy":"post_tag","embeddable":true,"href":"https:\/\/lehrer-werden-in-sachsen.de\/stage\/wp-json\/wp\/v2\/tags?post=8661"}],"curies":[{"name":"wp","href":"https:\/\/api.w.org\/{rel}","templated":true}]}}