{"id":8609,"date":"2022-11-17T14:21:35","date_gmt":"2022-11-17T13:21:35","guid":{"rendered":"https:\/\/lehrer-werden-in-sachsen.de\/stage\/?p=8609"},"modified":"2025-10-10T12:16:29","modified_gmt":"2025-10-10T10:16:29","slug":"seiteneinsteigerin-sportlehrerin","status":"publish","type":"post","link":"https:\/\/lehrer-werden-in-sachsen.de\/stage\/seiteneinsteigerin-sportlehrerin\/","title":{"rendered":"\u201eAuf die Pl\u00e4tze, fertig, los\u201c \u2013 Aileens Seiteneinstieg als Sportlehrerin\u00a0\u00a0"},"content":{"rendered":"\t\t<div data-elementor-type=\"wp-post\" data-elementor-id=\"8609\" class=\"elementor elementor-8609\" data-elementor-post-type=\"post\">\n\t\t\t\t\t\t<section class=\"elementor-section elementor-top-section elementor-element elementor-element-12adafa elementor-section-boxed elementor-section-height-default elementor-section-height-default\" data-id=\"12adafa\" data-element_type=\"section\" data-e-type=\"section\">\n\t\t\t\t\t\t<div class=\"elementor-container elementor-column-gap-default\">\n\t\t\t\t\t<div class=\"elementor-column elementor-col-100 elementor-top-column elementor-element elementor-element-cad945c\" data-id=\"cad945c\" data-element_type=\"column\" data-e-type=\"column\">\n\t\t\t<div class=\"elementor-widget-wrap elementor-element-populated\">\n\t\t\t\t\t\t<div class=\"elementor-element elementor-element-942c733 elementor-widget elementor-widget-text-editor\" data-id=\"942c733\" data-element_type=\"widget\" data-e-type=\"widget\" data-widget_type=\"text-editor.default\">\n\t\t\t\t<div class=\"elementor-widget-container\">\n\t\t\t\t\t\t\t\t\t<p><b>Den Wink mit dem Zaunpfahl erh\u00e4lt Aileen im letzten Sommer. Schon l\u00e4ngere Zeit merkt sie, dass sich beruflich etwas f\u00fcr sie ver\u00e4ndern muss, \u2013 die studierte Sportwissenschaftlerin m\u00f6chte ihre Pers\u00f6nlichkeit wieder mehr in ihre Arbeit einbringen, mehr mit Menschen in direkten Kontakt treten \u2013 da trifft sie in einem Leipziger Park einen befreundeten Lehrer. Gerade will Aileen Lang ihm sch\u00f6ne Ferien w\u00fcnschen, da beginnt er von seiner Schule zu erz\u00e4hlen: \u201eAileen, wir brauchen Sportlehrerinnen!<\/b><\/p>\t\t\t\t\t\t\t\t<\/div>\n\t\t\t\t<\/div>\n\t\t\t\t\t<\/div>\n\t\t<\/div>\n\t\t\t\t\t<\/div>\n\t\t<\/section>\n\t\t\t\t<section class=\"elementor-section elementor-top-section elementor-element elementor-element-de9922d elementor-section-boxed elementor-section-height-default elementor-section-height-default\" data-id=\"de9922d\" data-element_type=\"section\" data-e-type=\"section\">\n\t\t\t\t\t\t<div class=\"elementor-container elementor-column-gap-default\">\n\t\t\t\t\t<div class=\"elementor-column elementor-col-100 elementor-top-column elementor-element elementor-element-ef3418d\" data-id=\"ef3418d\" data-element_type=\"column\" data-e-type=\"column\">\n\t\t\t<div class=\"elementor-widget-wrap elementor-element-populated\">\n\t\t\t\t\t\t<div class=\"elementor-element elementor-element-9b40eb7 elementor-widget elementor-widget-text-editor\" data-id=\"9b40eb7\" data-element_type=\"widget\" data-e-type=\"widget\" data-widget_type=\"text-editor.default\">\n\t\t\t\t<div class=\"elementor-widget-container\">\n\t\t\t\t\t\t\t\t\t<p>\u201eWenn mir das Universum an diesem Punkt, an dem ich unbedingt eine Ver\u00e4nderung will, dieses Zeichen sendet,\u201c, denkt sich Aileen, \u201epack ich die Gelegenheit beim Schopf.\u201c Gleich am n\u00e4chsten Tag ruft sie deshalb bei der Schulleitung an und entwickelt mit dieser gemeinsam einen Plan: Erst einmal meldet sie sich f\u00fcr die Unterrichtsversorgung an. Hier arbeitet sie ein Vierteljahr als Vertretungslehrerin f\u00fcr Sport an einer Grundschule, weil diese ad-hoc jemanden braucht. Auf diese Weise in den Lehrerberuf hineinzuschnuppern sieht Aileen als gute Chance, um zu erkennen, in welche Richtung sie gehen m\u00f6chte: \u201eDas war eine besonders sch\u00f6ne Zeit, denn die Kleinen sind sehr herzlich und dankbar. Ich habe dann aber festgestellt, dass ich spezifischer arbeiten m\u00f6chte, und das kann ich mit \u00e4lteren Sch\u00fclerinnen und Sch\u00fclern besser.\u201c<\/p>\t\t\t\t\t\t\t\t<\/div>\n\t\t\t\t<\/div>\n\t\t\t\t\t<\/div>\n\t\t<\/div>\n\t\t\t\t\t<\/div>\n\t\t<\/section>\n\t\t\t\t<section class=\"elementor-section elementor-top-section elementor-element elementor-element-0cf8280 elementor-section-boxed elementor-section-height-default elementor-section-height-default\" data-id=\"0cf8280\" data-element_type=\"section\" data-e-type=\"section\">\n\t\t\t\t\t\t<div class=\"elementor-container elementor-column-gap-default\">\n\t\t\t\t\t<div class=\"elementor-column elementor-col-100 elementor-top-column elementor-element elementor-element-49ec284\" data-id=\"49ec284\" data-element_type=\"column\" data-e-type=\"column\">\n\t\t\t<div class=\"elementor-widget-wrap elementor-element-populated\">\n\t\t\t\t\t\t<div class=\"elementor-element elementor-element-8bdcb6c elementor-widget elementor-widget-heading\" data-id=\"8bdcb6c\" data-element_type=\"widget\" data-e-type=\"widget\" data-widget_type=\"heading.default\">\n\t\t\t\t<div class=\"elementor-widget-container\">\n\t\t\t\t\t<h3 class=\"elementor-heading-title elementor-size-default\">Ab M\u00e4rz geht's richtig los f\u00fcr Aileen<\/h3>\t\t\t\t<\/div>\n\t\t\t\t<\/div>\n\t\t\t\t<div class=\"elementor-element elementor-element-302c3e3 elementor-widget elementor-widget-text-editor\" data-id=\"302c3e3\" data-element_type=\"widget\" data-e-type=\"widget\" data-widget_type=\"text-editor.default\">\n\t\t\t\t<div class=\"elementor-widget-container\">\n\t\t\t\t\t\t\t\t\t<p>Als die Stelle an der Grundschule nach den Winterferien offiziell ausgeschrieben wurde, beginnt Aileen deshalb zum Halbjahr an ihrer jetzigen Oberschule, wo sie im M\u00e4rz auch ihre Ausbildung f\u00fcr Sport aufnimmt. Zwar fehlt Aileen ein Zweitfach, dass sie sich anerkennen lassen kann, momentan jedoch profitiert sie von der Gelegenheit, die Schule auch in Kunst unterst\u00fctzen zu k\u00f6nnen. \u201eDas war f\u00fcr mich bei meiner Entscheidung das i-T\u00fcpfelchen!\u201c<\/p><p>\u00a0<\/p><p>Ab M\u00e4rz absolviert die 31-J\u00e4hrige dann ihre p\u00e4dagogische und didaktische Ausbildung, die schulpraktische Ausbildung an der Lehrerausbildungsst\u00e4tte. Ihren Master in <em>Rehabilitation und Pr\u00e4vention<\/em>\u00a0hat Aileen in Leipzig abgeschlossen, sp\u00e4ter noch eine Spezialisierung im Bereich betriebliches Gesundheitsmanagement und -f\u00f6rderung angeschlossen. Der Arbeitsort Schule war Aileen auch vor ihrem Seiteneinstieg nicht fremd: Bei ihrem ehemaligen Arbeitgeber begleitete sie Schulungen, Workshops und Seminare mit P\u00e4dagogen und P\u00e4dagoginnen, Erzieherinnen und Erziehern sowie Kindern und Eltern in Schulen, Horten und Kinderg\u00e4rten.<\/p>\t\t\t\t\t\t\t\t<\/div>\n\t\t\t\t<\/div>\n\t\t\t\t<div class=\"elementor-element elementor-element-f93e430 elementor-widget elementor-widget-heading\" data-id=\"f93e430\" data-element_type=\"widget\" data-e-type=\"widget\" data-widget_type=\"heading.default\">\n\t\t\t\t<div class=\"elementor-widget-container\">\n\t\t\t\t\t<h3 class=\"elementor-heading-title elementor-size-default\">F\u00fcr die p\u00e4dagogische Arbeit braucht es die passenden Scheine<\/h3>\t\t\t\t<\/div>\n\t\t\t\t<\/div>\n\t\t\t\t<div class=\"elementor-element elementor-element-6eca972 elementor-widget elementor-widget-text-editor\" data-id=\"6eca972\" data-element_type=\"widget\" data-e-type=\"widget\" data-widget_type=\"text-editor.default\">\n\t\t\t\t<div class=\"elementor-widget-container\">\n\t\t\t\t\t\t\t\t\t<p>Als sich das Unternehmen umstrukturierte, wechselte Aileen in den digitalen Bereich. Das Startup, f\u00fcr das sie arbeitete, entwickelte eine App zur therapeutischen Begleitung gemeinsam mit Physiotherapeutinnen und -therapeuten nach \u00e4rztlicher Behandlung. Dort widmete sich Aileen vermehrt der Gesundheitsf\u00f6rderung im Bereich Sporttherapie. Nach eineinhalb Jahren merkte sie jedoch, wie sehr ihr der pers\u00f6nliche Umgang mit Menschen fehlte.<\/p><p>Sie wollte wieder mehr im p\u00e4dagogischen Bereich arbeiten. Doch obwohl sie in der Sportwissenschaft auch einige P\u00e4dagogikkurse besucht hatte, wird ihr davon nichts anerkannt, der Eintritt in den Bereich gestaltet sich knifflig. \u201eAuch wenn ich in einige Bereiche super reinpasse, fehlt mir eben ein Schein.\u201c Bis zu dem schicksalstr\u00e4chtigen Tag im letzten Sommer.<\/p><p>Seitdem wei\u00df Aileen, welche <strong>Optionen ihr zum Seiteneinstieg, umgangssprachlich auch Quereinstieg genannt, in den Schuldienst<\/strong> offenstehen:<\/p><ul><li><strong>Die schulpraktische Ausbildung ausschlie\u00dflich im Fach Sport:<\/strong> Da Aileen Lang einen Masterabschluss in Sportwissenschaften hat, muss sie in diesem Bereich lediglich die Themen nachholen, die ihr fehlen. Das sind in erster Linie Bildungswissenschaften, Psychologie und Schul- sowie Dienstrecht. Um diese Bereiche aufzuholen, muss sie ein Jahr lang einmal in der Woche ein Seminar besuchen. Den Rest der Woche arbeitet sie berufsbegleitend an ihrer Schule. Diese Form der Anerkennung des Seiteneinstiegs in einem Fach ist eine Alternative zum Vorbereitungsdienst und gilt nur in Sachsen.<\/li><\/ul><ul><li><strong>Erg\u00e4nzung des Zweitfaches:<\/strong> Da Aileen Lang kein zweites Fach studiert hat, k\u00f6nnte sie dies studieren (ihr Herz schl\u00e4gt etwa f\u00fcr Kunst) und darin einen Abschluss erwerben. Wenn Sie einen Abschluss in einem zweiten Fach h\u00e4tte, w\u00e4re der berufsbegleitende Vorbereitungsdienst \u00fcber zwei Schulhalbjahre eine Option.<\/li><\/ul><ul><li><strong>Fach und grundst\u00e4ndiger Vorbereitungsdienst:<\/strong> Wenn Aileen einen Abschluss in einem zweiten Fach h\u00e4tte, w\u00e4re es zudem m\u00f6glich, direkt den grundst\u00e4ndigen Vorbereitungsdienst innerhalb von drei Schulhalbjahren anzuschlie\u00dfen.<\/li><\/ul><ul><li>Option 4 w\u00e4re f\u00fcr Aileen eine <strong>wissenschaftliche Ausbildung<\/strong> innerhalb von vier bis f\u00fcnf Semestern an einer lehrerbildenden Universit\u00e4t in Sachsen (Leipzig, Chemnitz oder Dresden) in bestimmten F\u00e4chern. Leider gibt es diese Option jedoch nicht f\u00fcr das Fach Kunst.<\/li><\/ul><p>Aileen hat sich f\u00fcr die erste Version entschieden, macht also zun\u00e4chst die schulpraktische Ausbildung im Bereich Sport. \u201eIch m\u00fcsste mich sonst entscheiden, welches Zweifach ich studiere. Ich lieb\u00e4ugle zwar mit Kunst, das <a title=\"F\u00e4cherquiz\" href=\"https:\/\/lehrer-werden-in-sachsen.de\\\\\/faecher-waehlen\/#faecherquiz\">Nebenfach<\/a> wird an der Universit\u00e4t Leipzig aber nicht in jedem Jahr angeboten.\u201c<\/p>\t\t\t\t\t\t\t\t<\/div>\n\t\t\t\t<\/div>\n\t\t\t\t<div class=\"elementor-element elementor-element-04c502b elementor-widget elementor-widget-heading\" data-id=\"04c502b\" data-element_type=\"widget\" data-e-type=\"widget\" data-widget_type=\"heading.default\">\n\t\t\t\t<div class=\"elementor-widget-container\">\n\t\t\t\t\t<h3 class=\"elementor-heading-title elementor-size-default\">Pauken f\u00fcr und neben dem Unterrichten<\/h3>\t\t\t\t<\/div>\n\t\t\t\t<\/div>\n\t\t\t\t<div class=\"elementor-element elementor-element-f6aca21 elementor-widget elementor-widget-text-editor\" data-id=\"f6aca21\" data-element_type=\"widget\" data-e-type=\"widget\" data-widget_type=\"text-editor.default\">\n\t\t\t\t<div class=\"elementor-widget-container\">\n\t\t\t\t\t\t\t\t\t<p>Ab M\u00e4rz bedeutet das f\u00fcr Aileen, ein Jahr lang einen Tag pro Woche Seminare in ihren jeweiligen Stamm- und Fachgruppen zu besuchen. Die \u00fcbrigen vier Tage unterrichtet sie regul\u00e4r in ihrer Schule. Zudem wird Aileens externer Mentor sie an ihrer Schule besuchen und in ihrem Unterricht hospitieren. Am Ende erwarten Aileen Lehrpr\u00fcfungen und Hausarbeiten zu verschiedenen didaktischen, theoretischen und p\u00e4dagogisch Fragestellungen.<\/p><p>\u00a0<\/p><p>Von der Ausbildung erhofft sich Aileen, als Lehrerin noch besser zu werden \u2013 mittels viel neuem Input in Sachen Methodik und Didaktik, vor allem aber auch durch konkretes Feedback. \u201eEs gibt viele Stellschrauben und Tipps von erfahrenen Menschen, die schon lange in diesem Beruf arbeiten, das m\u00f6chte ich aufsaugen wie ein Schwamm!\u201c<\/p>\t\t\t\t\t\t\t\t<\/div>\n\t\t\t\t<\/div>\n\t\t\t\t<div class=\"elementor-element elementor-element-e60ab27 elementor-widget elementor-widget-heading\" data-id=\"e60ab27\" data-element_type=\"widget\" data-e-type=\"widget\" data-widget_type=\"heading.default\">\n\t\t\t\t<div class=\"elementor-widget-container\">\n\t\t\t\t\t<h3 class=\"elementor-heading-title elementor-size-default\">Leipzig ist Aileens Wahlheimat, hier will sie bleiben<\/h3>\t\t\t\t<\/div>\n\t\t\t\t<\/div>\n\t\t\t\t<div class=\"elementor-element elementor-element-8af3455 elementor-widget elementor-widget-text-editor\" data-id=\"8af3455\" data-element_type=\"widget\" data-e-type=\"widget\" data-widget_type=\"text-editor.default\">\n\t\t\t\t<div class=\"elementor-widget-container\">\n\t\t\t\t\t\t\t\t\t<p>Dass Aileen sich f\u00fcr diesen Weg entschieden hat, liegt auch daran, dass ihr die Anerkennung als Sportlehrerin in Sachsen ausreiche, \u201eweil ich gar nicht wegwill.\u201c Seit ihrem Studienbeginn 2010 lebt sie in Leipzig. \u201eIch liebe die Stadt, habe hier ein pers\u00f6nliches Netzwerk und einen Freundeskreis aufgebaut. Das macht es f\u00fcr mich so lebenswert\u201c, schw\u00e4rmt Aileen, \u201eDeshalb zieht es mich auch in keine andere Stadt und deshalb m\u00f6chte hier arbeiten.\u201c<\/p><p>\u00a0<\/p><p>Worin Aileen ihre Vorteile als Seiteneinsteigerin im s\u00e4chsischen Schuldienst sieht, lest ihr <a href=\"https:\/\/lehrer-werden-in-sachsen.de\\\\\/grunde-fur-den-seiteneinstieg-ins-lehramt\/\" target=\"_blank\" rel=\"noopener\">hier<\/a>.<\/p><p>\u00a0<\/p><p>M\u00f6chtest Du auch den Weg des Seiteneinstiegs gehen und dich dazu beraten lassen? Schau gerne einmal <a href=\"https:\/\/lehrer-werden-in-sachsen.de\\\\\/beraten-lassen\/\" target=\"_blank\" rel=\"noopener\">hier<\/a> vorbei.<\/p>\t\t\t\t\t\t\t\t<\/div>\n\t\t\t\t<\/div>\n\t\t\t\t\t<\/div>\n\t\t<\/div>\n\t\t\t\t\t<\/div>\n\t\t<\/section>\n\t\t\t\t<section class=\"elementor-section elementor-top-section elementor-element elementor-element-5df1a5b elementor-section-boxed elementor-section-height-default elementor-section-height-default\" data-id=\"5df1a5b\" data-element_type=\"section\" data-e-type=\"section\">\n\t\t\t\t\t\t<div class=\"elementor-container elementor-column-gap-default\">\n\t\t\t\t\t<div class=\"elementor-column elementor-col-100 elementor-top-column elementor-element elementor-element-8b2f1ab\" data-id=\"8b2f1ab\" data-element_type=\"column\" data-e-type=\"column\">\n\t\t\t<div class=\"elementor-widget-wrap elementor-element-populated\">\n\t\t\t\t\t\t\t<\/div>\n\t\t<\/div>\n\t\t\t\t\t<\/div>\n\t\t<\/section>\n\t\t\t\t<section class=\"elementor-section elementor-top-section elementor-element elementor-element-32cdc3c elementor-section-boxed elementor-section-height-default elementor-section-height-default\" data-id=\"32cdc3c\" data-element_type=\"section\" data-e-type=\"section\">\n\t\t\t\t\t\t<div class=\"elementor-container elementor-column-gap-default\">\n\t\t\t\t\t<div class=\"elementor-column elementor-col-100 elementor-top-column elementor-element elementor-element-c1cd103\" data-id=\"c1cd103\" data-element_type=\"column\" data-e-type=\"column\">\n\t\t\t<div class=\"elementor-widget-wrap elementor-element-populated\">\n\t\t\t\t\t\t<div class=\"elementor-element elementor-element-98d6a78 elementor-widget elementor-widget-heading\" data-id=\"98d6a78\" data-element_type=\"widget\" data-e-type=\"widget\" data-widget_type=\"heading.default\">\n\t\t\t\t<div class=\"elementor-widget-container\">\n\t\t\t\t\t<h2 class=\"elementor-heading-title elementor-size-default\">Du willst mehr Infos zum Seiteneinstieg in den Schuldienst erfahren? Dann wirf einen Blick in unsere FAQs.<\/h2>\t\t\t\t<\/div>\n\t\t\t\t<\/div>\n\t\t\t\t\t<\/div>\n\t\t<\/div>\n\t\t\t\t\t<\/div>\n\t\t<\/section>\n\t\t\t\t<section class=\"elementor-section elementor-top-section elementor-element elementor-element-4ceec11 elementor-section-boxed elementor-section-height-default elementor-section-height-default\" data-id=\"4ceec11\" data-element_type=\"section\" data-e-type=\"section\">\n\t\t\t\t\t\t<div class=\"elementor-container elementor-column-gap-default\">\n\t\t\t\t\t<div class=\"elementor-column elementor-col-100 elementor-top-column elementor-element elementor-element-78b527f\" data-id=\"78b527f\" data-element_type=\"column\" data-e-type=\"column\">\n\t\t\t<div class=\"elementor-widget-wrap elementor-element-populated\">\n\t\t\t\t\t\t<div class=\"elementor-element elementor-element-8a8f4a4 elementor-widget elementor-widget-button\" data-id=\"8a8f4a4\" data-element_type=\"widget\" data-e-type=\"widget\" data-widget_type=\"button.default\">\n\t\t\t\t<div class=\"elementor-widget-container\">\n\t\t\t\t\t\t\t\t\t<div class=\"elementor-button-wrapper\">\n\t\t\t\t\t<a class=\"elementor-button elementor-button-link elementor-size-sm\" href=\"https:\/\/lehrer-werden-in-sachsen.de\/infos-zum-seiteneinstieg\/\" target=\"_blank\" title=\"Infos zum Seiteneinstieg\">\n\t\t\t\t\t\t<span class=\"elementor-button-content-wrapper\">\n\t\t\t\t\t\t\t\t\t<span class=\"elementor-button-text\">Infos f\u00fcr Seiteneinsteigerinnen und Seiteneinsteiger<\/span>\n\t\t\t\t\t<\/span>\n\t\t\t\t\t<\/a>\n\t\t\t\t<\/div>\n\t\t\t\t\t\t\t\t<\/div>\n\t\t\t\t<\/div>\n\t\t\t\t\t<\/div>\n\t\t<\/div>\n\t\t\t\t\t<\/div>\n\t\t<\/section>\n\t\t\t\t<\/div>\n\t\t","protected":false},"excerpt":{"rendered":"<p>Aileen Lang beginnt im M\u00e4rz 2023 ihre schulpraktische Ausbildung zur Sportlehrerin in Sachsen. Uns hat sie erz\u00e4hlt, was sie am Lehrberuf reizt.<\/p>\n","protected":false},"author":13,"featured_media":8648,"comment_status":"closed","ping_status":"closed","sticky":false,"template":"","format":"standard","meta":{"footnotes":""},"categories":[46],"tags":[169,111],"class_list":["post-8609","post","type-post","status-publish","format-standard","has-post-thumbnail","hentry","category-blog","tag-karrierechancen","tag-seiteneinstieg"],"yoast_head":"<!-- This site is optimized with the Yoast SEO plugin v27.3 - https:\/\/yoast.com\/product\/yoast-seo-wordpress\/ -->\n<title>LEHRERIN SACHSEN | Seiteneinsteigerin als Sportlehrerin Aileen Lang<\/title>\n<meta name=\"description\" content=\"Aileen Lang beginnt im M\u00e4rz 2023 ihre schulpraktische Ausbildung zur Sportlehrerin in Sachsen. Uns hat sie erz\u00e4hlt, was sie am Lehrberuf reizt.\" \/>\n<meta name=\"robots\" content=\"index, follow, max-snippet:-1, max-image-preview:large, max-video-preview:-1\" \/>\n<link rel=\"canonical\" href=\"https:\/\/lehrer-werden-in-sachsen.de\/seiteneinsteigerin-sportlehrerin\/\" \/>\n<meta property=\"og:locale\" content=\"de_DE\" \/>\n<meta property=\"og:type\" content=\"article\" \/>\n<meta property=\"og:title\" content=\"LEHRERIN SACHSEN | Seiteneinsteigerin als Sportlehrerin Aileen Lang\" \/>\n<meta property=\"og:description\" content=\"Aileen Lang beginnt im M\u00e4rz 2023 ihre schulpraktische Ausbildung zur Sportlehrerin in Sachsen. Uns hat sie erz\u00e4hlt, was sie am Lehrberuf reizt.\" \/>\n<meta property=\"og:url\" content=\"https:\/\/lehrer-werden-in-sachsen.de\/seiteneinsteigerin-sportlehrerin\/\" \/>\n<meta property=\"og:site_name\" content=\"LEHRERIN SACHSEN\" \/>\n<meta property=\"article:published_time\" content=\"2022-11-17T13:21:35+00:00\" \/>\n<meta property=\"article:modified_time\" content=\"2025-10-10T10:16:29+00:00\" \/>\n<meta property=\"og:image\" content=\"https:\/\/lehrer-werden-in-sachsen.de\/wp-content\/uploads\/2022\/11\/Aileen-Lang-Seiteneinsteigerinn-als-Sportlehrerin-in-Sachsen.jpg\" \/>\n\t<meta property=\"og:image:width\" content=\"1920\" \/>\n\t<meta property=\"og:image:height\" content=\"970\" \/>\n\t<meta property=\"og:image:type\" content=\"image\/jpeg\" \/>\n<meta name=\"author\" content=\"Maria Kretschmann\" \/>\n<meta name=\"twitter:card\" content=\"summary_large_image\" \/>\n<meta name=\"twitter:label1\" content=\"Verfasst von\" \/>\n\t<meta name=\"twitter:data1\" content=\"Maria Kretschmann\" \/>\n\t<meta name=\"twitter:label2\" content=\"Gesch\u00e4tzte Lesezeit\" \/>\n\t<meta name=\"twitter:data2\" content=\"6\u00a0Minuten\" \/>\n<script type=\"application\/ld+json\" class=\"yoast-schema-graph\">{\"@context\":\"https:\\\/\\\/schema.org\",\"@graph\":[{\"@type\":\"Article\",\"@id\":\"https:\\\/\\\/lehrer-werden-in-sachsen.de\\\/seiteneinsteigerin-sportlehrerin\\\/#article\",\"isPartOf\":{\"@id\":\"https:\\\/\\\/lehrer-werden-in-sachsen.de\\\/seiteneinsteigerin-sportlehrerin\\\/\"},\"author\":{\"name\":\"Maria Kretschmann\",\"@id\":\"https:\\\/\\\/lehrer-werden-in-sachsen.de\\\/#\\\/schema\\\/person\\\/4a127ffcfbf4e52ff0f66dcd7b4a5cc1\"},\"headline\":\"\u201eAuf die Pl\u00e4tze, fertig, los\u201c \u2013 Aileens Seiteneinstieg als Sportlehrerin\u00a0\u00a0\",\"datePublished\":\"2022-11-17T13:21:35+00:00\",\"dateModified\":\"2025-10-10T10:16:29+00:00\",\"mainEntityOfPage\":{\"@id\":\"https:\\\/\\\/lehrer-werden-in-sachsen.de\\\/seiteneinsteigerin-sportlehrerin\\\/\"},\"wordCount\":1055,\"publisher\":{\"@id\":\"https:\\\/\\\/lehrer-werden-in-sachsen.de\\\/#organization\"},\"image\":{\"@id\":\"https:\\\/\\\/lehrer-werden-in-sachsen.de\\\/seiteneinsteigerin-sportlehrerin\\\/#primaryimage\"},\"thumbnailUrl\":\"https:\\\/\\\/lehrer-werden-in-sachsen.de\\\/stage\\\/wp-content\\\/uploads\\\/2022\\\/11\\\/Aileen-Lang-Seiteneinsteigerinn-als-Sportlehrerin-in-Sachsen.jpg\",\"keywords\":[\"Karrierechancen\",\"Seiteneinstieg\"],\"articleSection\":[\"Blog\"],\"inLanguage\":\"de\"},{\"@type\":\"WebPage\",\"@id\":\"https:\\\/\\\/lehrer-werden-in-sachsen.de\\\/seiteneinsteigerin-sportlehrerin\\\/\",\"url\":\"https:\\\/\\\/lehrer-werden-in-sachsen.de\\\/seiteneinsteigerin-sportlehrerin\\\/\",\"name\":\"LEHRERIN SACHSEN | Seiteneinsteigerin als Sportlehrerin Aileen Lang\",\"isPartOf\":{\"@id\":\"https:\\\/\\\/lehrer-werden-in-sachsen.de\\\/#website\"},\"primaryImageOfPage\":{\"@id\":\"https:\\\/\\\/lehrer-werden-in-sachsen.de\\\/seiteneinsteigerin-sportlehrerin\\\/#primaryimage\"},\"image\":{\"@id\":\"https:\\\/\\\/lehrer-werden-in-sachsen.de\\\/seiteneinsteigerin-sportlehrerin\\\/#primaryimage\"},\"thumbnailUrl\":\"https:\\\/\\\/lehrer-werden-in-sachsen.de\\\/stage\\\/wp-content\\\/uploads\\\/2022\\\/11\\\/Aileen-Lang-Seiteneinsteigerinn-als-Sportlehrerin-in-Sachsen.jpg\",\"datePublished\":\"2022-11-17T13:21:35+00:00\",\"dateModified\":\"2025-10-10T10:16:29+00:00\",\"description\":\"Aileen Lang beginnt im M\u00e4rz 2023 ihre schulpraktische Ausbildung zur Sportlehrerin in Sachsen. Uns hat sie erz\u00e4hlt, was sie am Lehrberuf reizt.\",\"breadcrumb\":{\"@id\":\"https:\\\/\\\/lehrer-werden-in-sachsen.de\\\/seiteneinsteigerin-sportlehrerin\\\/#breadcrumb\"},\"inLanguage\":\"de\",\"potentialAction\":[{\"@type\":\"ReadAction\",\"target\":[\"https:\\\/\\\/lehrer-werden-in-sachsen.de\\\/seiteneinsteigerin-sportlehrerin\\\/\"]}]},{\"@type\":\"ImageObject\",\"inLanguage\":\"de\",\"@id\":\"https:\\\/\\\/lehrer-werden-in-sachsen.de\\\/seiteneinsteigerin-sportlehrerin\\\/#primaryimage\",\"url\":\"https:\\\/\\\/lehrer-werden-in-sachsen.de\\\/stage\\\/wp-content\\\/uploads\\\/2022\\\/11\\\/Aileen-Lang-Seiteneinsteigerinn-als-Sportlehrerin-in-Sachsen.jpg\",\"contentUrl\":\"https:\\\/\\\/lehrer-werden-in-sachsen.de\\\/stage\\\/wp-content\\\/uploads\\\/2022\\\/11\\\/Aileen-Lang-Seiteneinsteigerinn-als-Sportlehrerin-in-Sachsen.jpg\",\"width\":1920,\"height\":970,\"caption\":\"Aileen Lang Seiteneinsteigerin als Sportlehrerin in Sachsen\"},{\"@type\":\"BreadcrumbList\",\"@id\":\"https:\\\/\\\/lehrer-werden-in-sachsen.de\\\/seiteneinsteigerin-sportlehrerin\\\/#breadcrumb\",\"itemListElement\":[{\"@type\":\"ListItem\",\"position\":1,\"name\":\"Startseite\",\"item\":\"https:\\\/\\\/lehrer-werden-in-sachsen.de\\\/\"},{\"@type\":\"ListItem\",\"position\":2,\"name\":\"\u201eAuf die Pl\u00e4tze, fertig, los\u201c \u2013 Aileens Seiteneinstieg als Sportlehrerin\u00a0\u00a0\"}]},{\"@type\":\"WebSite\",\"@id\":\"https:\\\/\\\/lehrer-werden-in-sachsen.de\\\/#website\",\"url\":\"https:\\\/\\\/lehrer-werden-in-sachsen.de\\\/\",\"name\":\"LEHRERIN SACHSEN\",\"description\":\"Eine Klasse f\u00fcr sich.\",\"publisher\":{\"@id\":\"https:\\\/\\\/lehrer-werden-in-sachsen.de\\\/#organization\"},\"potentialAction\":[{\"@type\":\"SearchAction\",\"target\":{\"@type\":\"EntryPoint\",\"urlTemplate\":\"https:\\\/\\\/lehrer-werden-in-sachsen.de\\\/?s={search_term_string}\"},\"query-input\":{\"@type\":\"PropertyValueSpecification\",\"valueRequired\":true,\"valueName\":\"search_term_string\"}}],\"inLanguage\":\"de\"},{\"@type\":\"Organization\",\"@id\":\"https:\\\/\\\/lehrer-werden-in-sachsen.de\\\/#organization\",\"name\":\"LEHRERIN SACHSEN\",\"url\":\"https:\\\/\\\/lehrer-werden-in-sachsen.de\\\/\",\"logo\":{\"@type\":\"ImageObject\",\"inLanguage\":\"de\",\"@id\":\"https:\\\/\\\/lehrer-werden-in-sachsen.de\\\/#\\\/schema\\\/logo\\\/image\\\/\",\"url\":\"https:\\\/\\\/lehrer-werden-in-sachsen.de\\\/stage\\\/wp-content\\\/uploads\\\/2022\\\/02\\\/SMK_Leherin-Sachsen-Marke_RGB_Violett-Orange.svg\",\"contentUrl\":\"https:\\\/\\\/lehrer-werden-in-sachsen.de\\\/stage\\\/wp-content\\\/uploads\\\/2022\\\/02\\\/SMK_Leherin-Sachsen-Marke_RGB_Violett-Orange.svg\",\"caption\":\"LEHRERIN SACHSEN\"},\"image\":{\"@id\":\"https:\\\/\\\/lehrer-werden-in-sachsen.de\\\/#\\\/schema\\\/logo\\\/image\\\/\"}},{\"@type\":\"Person\",\"@id\":\"https:\\\/\\\/lehrer-werden-in-sachsen.de\\\/#\\\/schema\\\/person\\\/4a127ffcfbf4e52ff0f66dcd7b4a5cc1\",\"name\":\"Maria Kretschmann\",\"image\":{\"@type\":\"ImageObject\",\"inLanguage\":\"de\",\"@id\":\"https:\\\/\\\/secure.gravatar.com\\\/avatar\\\/785963a239158e0d036c182ccde6b24c2d0822b83af8ab1b3773045a106114df?s=96&d=mm&r=g\",\"url\":\"https:\\\/\\\/secure.gravatar.com\\\/avatar\\\/785963a239158e0d036c182ccde6b24c2d0822b83af8ab1b3773045a106114df?s=96&d=mm&r=g\",\"contentUrl\":\"https:\\\/\\\/secure.gravatar.com\\\/avatar\\\/785963a239158e0d036c182ccde6b24c2d0822b83af8ab1b3773045a106114df?s=96&d=mm&r=g\",\"caption\":\"Maria Kretschmann\"},\"url\":\"https:\\\/\\\/lehrer-werden-in-sachsen.de\\\/stage\\\/author\\\/maria-kretschmann\\\/\"}]}<\/script>\n<!-- \/ Yoast SEO plugin. -->","yoast_head_json":{"title":"LEHRERIN SACHSEN | Seiteneinsteigerin als Sportlehrerin Aileen Lang","description":"Aileen Lang beginnt im M\u00e4rz 2023 ihre schulpraktische Ausbildung zur Sportlehrerin in Sachsen. Uns hat sie erz\u00e4hlt, was sie am Lehrberuf reizt.","robots":{"index":"index","follow":"follow","max-snippet":"max-snippet:-1","max-image-preview":"max-image-preview:large","max-video-preview":"max-video-preview:-1"},"canonical":"https:\/\/lehrer-werden-in-sachsen.de\/seiteneinsteigerin-sportlehrerin\/","og_locale":"de_DE","og_type":"article","og_title":"LEHRERIN SACHSEN | Seiteneinsteigerin als Sportlehrerin Aileen Lang","og_description":"Aileen Lang beginnt im M\u00e4rz 2023 ihre schulpraktische Ausbildung zur Sportlehrerin in Sachsen. Uns hat sie erz\u00e4hlt, was sie am Lehrberuf reizt.","og_url":"https:\/\/lehrer-werden-in-sachsen.de\/seiteneinsteigerin-sportlehrerin\/","og_site_name":"LEHRERIN SACHSEN","article_published_time":"2022-11-17T13:21:35+00:00","article_modified_time":"2025-10-10T10:16:29+00:00","og_image":[{"width":1920,"height":970,"url":"https:\/\/lehrer-werden-in-sachsen.de\/wp-content\/uploads\/2022\/11\/Aileen-Lang-Seiteneinsteigerinn-als-Sportlehrerin-in-Sachsen.jpg","type":"image\/jpeg"}],"author":"Maria Kretschmann","twitter_card":"summary_large_image","twitter_misc":{"Verfasst von":"Maria Kretschmann","Gesch\u00e4tzte Lesezeit":"6\u00a0Minuten"},"schema":{"@context":"https:\/\/schema.org","@graph":[{"@type":"Article","@id":"https:\/\/lehrer-werden-in-sachsen.de\/seiteneinsteigerin-sportlehrerin\/#article","isPartOf":{"@id":"https:\/\/lehrer-werden-in-sachsen.de\/seiteneinsteigerin-sportlehrerin\/"},"author":{"name":"Maria Kretschmann","@id":"https:\/\/lehrer-werden-in-sachsen.de\/#\/schema\/person\/4a127ffcfbf4e52ff0f66dcd7b4a5cc1"},"headline":"\u201eAuf die Pl\u00e4tze, fertig, los\u201c \u2013 Aileens Seiteneinstieg als Sportlehrerin\u00a0\u00a0","datePublished":"2022-11-17T13:21:35+00:00","dateModified":"2025-10-10T10:16:29+00:00","mainEntityOfPage":{"@id":"https:\/\/lehrer-werden-in-sachsen.de\/seiteneinsteigerin-sportlehrerin\/"},"wordCount":1055,"publisher":{"@id":"https:\/\/lehrer-werden-in-sachsen.de\/#organization"},"image":{"@id":"https:\/\/lehrer-werden-in-sachsen.de\/seiteneinsteigerin-sportlehrerin\/#primaryimage"},"thumbnailUrl":"https:\/\/lehrer-werden-in-sachsen.de\/stage\/wp-content\/uploads\/2022\/11\/Aileen-Lang-Seiteneinsteigerinn-als-Sportlehrerin-in-Sachsen.jpg","keywords":["Karrierechancen","Seiteneinstieg"],"articleSection":["Blog"],"inLanguage":"de"},{"@type":"WebPage","@id":"https:\/\/lehrer-werden-in-sachsen.de\/seiteneinsteigerin-sportlehrerin\/","url":"https:\/\/lehrer-werden-in-sachsen.de\/seiteneinsteigerin-sportlehrerin\/","name":"LEHRERIN SACHSEN | Seiteneinsteigerin als Sportlehrerin Aileen Lang","isPartOf":{"@id":"https:\/\/lehrer-werden-in-sachsen.de\/#website"},"primaryImageOfPage":{"@id":"https:\/\/lehrer-werden-in-sachsen.de\/seiteneinsteigerin-sportlehrerin\/#primaryimage"},"image":{"@id":"https:\/\/lehrer-werden-in-sachsen.de\/seiteneinsteigerin-sportlehrerin\/#primaryimage"},"thumbnailUrl":"https:\/\/lehrer-werden-in-sachsen.de\/stage\/wp-content\/uploads\/2022\/11\/Aileen-Lang-Seiteneinsteigerinn-als-Sportlehrerin-in-Sachsen.jpg","datePublished":"2022-11-17T13:21:35+00:00","dateModified":"2025-10-10T10:16:29+00:00","description":"Aileen Lang beginnt im M\u00e4rz 2023 ihre schulpraktische Ausbildung zur Sportlehrerin in Sachsen. Uns hat sie erz\u00e4hlt, was sie am Lehrberuf reizt.","breadcrumb":{"@id":"https:\/\/lehrer-werden-in-sachsen.de\/seiteneinsteigerin-sportlehrerin\/#breadcrumb"},"inLanguage":"de","potentialAction":[{"@type":"ReadAction","target":["https:\/\/lehrer-werden-in-sachsen.de\/seiteneinsteigerin-sportlehrerin\/"]}]},{"@type":"ImageObject","inLanguage":"de","@id":"https:\/\/lehrer-werden-in-sachsen.de\/seiteneinsteigerin-sportlehrerin\/#primaryimage","url":"https:\/\/lehrer-werden-in-sachsen.de\/stage\/wp-content\/uploads\/2022\/11\/Aileen-Lang-Seiteneinsteigerinn-als-Sportlehrerin-in-Sachsen.jpg","contentUrl":"https:\/\/lehrer-werden-in-sachsen.de\/stage\/wp-content\/uploads\/2022\/11\/Aileen-Lang-Seiteneinsteigerinn-als-Sportlehrerin-in-Sachsen.jpg","width":1920,"height":970,"caption":"Aileen Lang Seiteneinsteigerin als Sportlehrerin in Sachsen"},{"@type":"BreadcrumbList","@id":"https:\/\/lehrer-werden-in-sachsen.de\/seiteneinsteigerin-sportlehrerin\/#breadcrumb","itemListElement":[{"@type":"ListItem","position":1,"name":"Startseite","item":"https:\/\/lehrer-werden-in-sachsen.de\/"},{"@type":"ListItem","position":2,"name":"\u201eAuf die Pl\u00e4tze, fertig, los\u201c \u2013 Aileens Seiteneinstieg als Sportlehrerin\u00a0\u00a0"}]},{"@type":"WebSite","@id":"https:\/\/lehrer-werden-in-sachsen.de\/#website","url":"https:\/\/lehrer-werden-in-sachsen.de\/","name":"LEHRERIN SACHSEN","description":"Eine Klasse f\u00fcr sich.","publisher":{"@id":"https:\/\/lehrer-werden-in-sachsen.de\/#organization"},"potentialAction":[{"@type":"SearchAction","target":{"@type":"EntryPoint","urlTemplate":"https:\/\/lehrer-werden-in-sachsen.de\/?s={search_term_string}"},"query-input":{"@type":"PropertyValueSpecification","valueRequired":true,"valueName":"search_term_string"}}],"inLanguage":"de"},{"@type":"Organization","@id":"https:\/\/lehrer-werden-in-sachsen.de\/#organization","name":"LEHRERIN SACHSEN","url":"https:\/\/lehrer-werden-in-sachsen.de\/","logo":{"@type":"ImageObject","inLanguage":"de","@id":"https:\/\/lehrer-werden-in-sachsen.de\/#\/schema\/logo\/image\/","url":"https:\/\/lehrer-werden-in-sachsen.de\/stage\/wp-content\/uploads\/2022\/02\/SMK_Leherin-Sachsen-Marke_RGB_Violett-Orange.svg","contentUrl":"https:\/\/lehrer-werden-in-sachsen.de\/stage\/wp-content\/uploads\/2022\/02\/SMK_Leherin-Sachsen-Marke_RGB_Violett-Orange.svg","caption":"LEHRERIN SACHSEN"},"image":{"@id":"https:\/\/lehrer-werden-in-sachsen.de\/#\/schema\/logo\/image\/"}},{"@type":"Person","@id":"https:\/\/lehrer-werden-in-sachsen.de\/#\/schema\/person\/4a127ffcfbf4e52ff0f66dcd7b4a5cc1","name":"Maria Kretschmann","image":{"@type":"ImageObject","inLanguage":"de","@id":"https:\/\/secure.gravatar.com\/avatar\/785963a239158e0d036c182ccde6b24c2d0822b83af8ab1b3773045a106114df?s=96&d=mm&r=g","url":"https:\/\/secure.gravatar.com\/avatar\/785963a239158e0d036c182ccde6b24c2d0822b83af8ab1b3773045a106114df?s=96&d=mm&r=g","contentUrl":"https:\/\/secure.gravatar.com\/avatar\/785963a239158e0d036c182ccde6b24c2d0822b83af8ab1b3773045a106114df?s=96&d=mm&r=g","caption":"Maria Kretschmann"},"url":"https:\/\/lehrer-werden-in-sachsen.de\/stage\/author\/maria-kretschmann\/"}]}},"_links":{"self":[{"href":"https:\/\/lehrer-werden-in-sachsen.de\/stage\/wp-json\/wp\/v2\/posts\/8609","targetHints":{"allow":["GET"]}}],"collection":[{"href":"https:\/\/lehrer-werden-in-sachsen.de\/stage\/wp-json\/wp\/v2\/posts"}],"about":[{"href":"https:\/\/lehrer-werden-in-sachsen.de\/stage\/wp-json\/wp\/v2\/types\/post"}],"author":[{"embeddable":true,"href":"https:\/\/lehrer-werden-in-sachsen.de\/stage\/wp-json\/wp\/v2\/users\/13"}],"replies":[{"embeddable":true,"href":"https:\/\/lehrer-werden-in-sachsen.de\/stage\/wp-json\/wp\/v2\/comments?post=8609"}],"version-history":[{"count":65,"href":"https:\/\/lehrer-werden-in-sachsen.de\/stage\/wp-json\/wp\/v2\/posts\/8609\/revisions"}],"predecessor-version":[{"id":23955,"href":"https:\/\/lehrer-werden-in-sachsen.de\/stage\/wp-json\/wp\/v2\/posts\/8609\/revisions\/23955"}],"wp:featuredmedia":[{"embeddable":true,"href":"https:\/\/lehrer-werden-in-sachsen.de\/stage\/wp-json\/wp\/v2\/media\/8648"}],"wp:attachment":[{"href":"https:\/\/lehrer-werden-in-sachsen.de\/stage\/wp-json\/wp\/v2\/media?parent=8609"}],"wp:term":[{"taxonomy":"category","embeddable":true,"href":"https:\/\/lehrer-werden-in-sachsen.de\/stage\/wp-json\/wp\/v2\/categories?post=8609"},{"taxonomy":"post_tag","embeddable":true,"href":"https:\/\/lehrer-werden-in-sachsen.de\/stage\/wp-json\/wp\/v2\/tags?post=8609"}],"curies":[{"name":"wp","href":"https:\/\/api.w.org\/{rel}","templated":true}]}}