{"id":8325,"date":"2022-10-17T09:57:58","date_gmt":"2022-10-17T07:57:58","guid":{"rendered":"https:\/\/lehrer-werden-in-sachsen.de\/stage\/?p=8325"},"modified":"2025-07-07T11:37:46","modified_gmt":"2025-07-07T09:37:46","slug":"ersti-woche-lehramtsstudium","status":"publish","type":"post","link":"https:\/\/lehrer-werden-in-sachsen.de\/stage\/ersti-woche-lehramtsstudium\/","title":{"rendered":"Auftakt f\u00fcrs Lehramtsstudium \u2013 Lisa erz\u00e4hlt von ihrer Ersti-Woche"},"content":{"rendered":"\t\t<div data-elementor-type=\"wp-post\" data-elementor-id=\"8325\" class=\"elementor elementor-8325\" data-elementor-post-type=\"post\">\n\t\t\t\t\t\t<section class=\"elementor-section elementor-top-section elementor-element elementor-element-12adafa elementor-section-boxed elementor-section-height-default elementor-section-height-default\" data-id=\"12adafa\" data-element_type=\"section\" data-e-type=\"section\">\n\t\t\t\t\t\t<div class=\"elementor-container elementor-column-gap-default\">\n\t\t\t\t\t<div class=\"elementor-column elementor-col-100 elementor-top-column elementor-element elementor-element-cad945c\" data-id=\"cad945c\" data-element_type=\"column\" data-e-type=\"column\">\n\t\t\t<div class=\"elementor-widget-wrap elementor-element-populated\">\n\t\t\t\t\t\t<div class=\"elementor-element elementor-element-942c733 elementor-widget elementor-widget-text-editor\" data-id=\"942c733\" data-element_type=\"widget\" data-e-type=\"widget\" data-widget_type=\"text-editor.default\">\n\t\t\t\t<div class=\"elementor-widget-container\">\n\t\t\t\t\t\t\t\t\t<p><span class=\"TextRun SCXW156528320 BCX9\" lang=\"DE-DE\" xml:lang=\"DE-DE\" data-contrast=\"auto\"><b>Allj\u00e4hrlich im Oktober f\u00e4ngt f\u00fcr Studienanf\u00e4ngerinnen und Studienanf\u00e4nger das gro\u00dfe Abenteuer Studium an. Dann beginnen f\u00fcr die so genannten Erstis, also die Studierenden im ersten Semester, die Einf\u00fchrungsveranstaltungen und ersten Vorlesungen. Lisa hat sich nach ihrem <a title=\"FSJ P\u00e4dagogik\" href=\"https:\/\/www.fsj-paedagogik.de\/\" target=\"_blank\" rel=\"noopener\">Freiwilligen Sozialen Jahr (FSJ) im Bereich P\u00e4dagogik<\/a> dazu entschlossen, sich f\u00fcr das <a title=\"Grundschullehramt an der TU Dresden\" href=\"https:\/\/tu-dresden.de\/studium\/vor-dem-studium\/studienangebot\/sins\/sins_studiengang?autoid=4865\" target=\"_blank\" rel=\"noopener\">Grundschullehramt an der TU Dresden<\/a> einzuschreiben. Uns erz\u00e4hlt sie von ihren ersten aufregenden Tagen in der neuen Umgebung.<\/b><\/span><\/p>\t\t\t\t\t\t\t\t<\/div>\n\t\t\t\t<\/div>\n\t\t\t\t\t<\/div>\n\t\t<\/div>\n\t\t\t\t\t<\/div>\n\t\t<\/section>\n\t\t\t\t<section class=\"elementor-section elementor-top-section elementor-element elementor-element-de9922d elementor-section-boxed elementor-section-height-default elementor-section-height-default\" data-id=\"de9922d\" data-element_type=\"section\" data-e-type=\"section\">\n\t\t\t\t\t\t<div class=\"elementor-container elementor-column-gap-default\">\n\t\t\t\t\t<div class=\"elementor-column elementor-col-100 elementor-top-column elementor-element elementor-element-ef3418d\" data-id=\"ef3418d\" data-element_type=\"column\" data-e-type=\"column\">\n\t\t\t<div class=\"elementor-widget-wrap elementor-element-populated\">\n\t\t\t\t\t\t<div class=\"elementor-element elementor-element-9b40eb7 elementor-widget elementor-widget-text-editor\" data-id=\"9b40eb7\" data-element_type=\"widget\" data-e-type=\"widget\" data-widget_type=\"text-editor.default\">\n\t\t\t\t<div class=\"elementor-widget-container\">\n\t\t\t\t\t\t\t\t\t<p><span class=\"TextRun SCXW156528320 BCX9\" lang=\"DE-DE\" xml:lang=\"DE-DE\" data-contrast=\"auto\"><span class=\"NormalTextRun SCXW156528320 BCX9\">\u201eDie letzten Tage waren sehr spannend und aufregend! Ich habe auch direkt Anschluss gefunden und tolle M\u00e4dels kennengelernt!\u201c, freut sich Lisa. Neben informativen Einf\u00fchrungsveranstaltungen organisieren die Fachschaften und Studentenvereinigungen rund um den Semesterbeginn auch immer viele Angebote, bei denen man schnell neue Bekanntschaften macht.<\/span><\/span><span class=\"EOP TrackedChange SCXW156528320 BCX9\" data-ccp-props=\"{\">\u00a0<\/span><\/p>\t\t\t\t\t\t\t\t<\/div>\n\t\t\t\t<\/div>\n\t\t\t\t\t<\/div>\n\t\t<\/div>\n\t\t\t\t\t<\/div>\n\t\t<\/section>\n\t\t\t\t<section class=\"elementor-section elementor-top-section elementor-element elementor-element-0cf8280 elementor-section-boxed elementor-section-height-default elementor-section-height-default\" data-id=\"0cf8280\" data-element_type=\"section\" data-e-type=\"section\">\n\t\t\t\t\t\t<div class=\"elementor-container elementor-column-gap-default\">\n\t\t\t\t\t<div class=\"elementor-column elementor-col-100 elementor-top-column elementor-element elementor-element-49ec284\" data-id=\"49ec284\" data-element_type=\"column\" data-e-type=\"column\">\n\t\t\t<div class=\"elementor-widget-wrap elementor-element-populated\">\n\t\t\t\t\t\t<div class=\"elementor-element elementor-element-8bdcb6c elementor-widget elementor-widget-heading\" data-id=\"8bdcb6c\" data-element_type=\"widget\" data-e-type=\"widget\" data-widget_type=\"heading.default\">\n\t\t\t\t<div class=\"elementor-widget-container\">\n\t\t\t\t\t<h3 class=\"elementor-heading-title elementor-size-default\">Im Studium findest du Freunde f\u00fcrs Leben<\/h3>\t\t\t\t<\/div>\n\t\t\t\t<\/div>\n\t\t\t\t<div class=\"elementor-element elementor-element-302c3e3 elementor-widget elementor-widget-text-editor\" data-id=\"302c3e3\" data-element_type=\"widget\" data-e-type=\"widget\" data-widget_type=\"text-editor.default\">\n\t\t\t\t<div class=\"elementor-widget-container\">\n\t\t\t\t\t\t\t\t\t<p><span style=\"color: var( --e-global-color-text ); font-family: inherit; font-size: inherit; font-style: inherit; font-variant-ligatures: inherit; font-variant-caps: inherit; font-weight: inherit;\">Klar: In der Uni lernst du viel f\u00fcr deinen sp\u00e4teren Beruf. Aber nicht nur das: Hier lernst du auch f\u00fcr\u2019s Leben. Wom\u00f6glich kn\u00fcpfst du hier Kontakte, mit denen du in den n\u00e4chsten Jahren des Studiums und vielleicht noch dar\u00fcber hinaus durch dick und d\u00fcnn gehen wirst. Keine Panik, neue Leute kennenzulernen geschieht fast von ganz allein \u2013 denk immer daran, dass es f\u00fcr die Meisten eine aufregende Zeit voller neuer Erlebnisse ist.<\/span><\/p><p><span data-contrast=\"auto\">Damit du direkt zu Beginn erf\u00e4hrst, was dich in akademischer Hinsicht im Lehramtsstudium erwartet, beginnt die <a title=\"Studienstart TU Dresden\" href=\"https:\/\/tu-dresden.de\/studium\/im-studium\/studienstart\" target=\"_blank\" rel=\"noopener\">Ersti-Woche<\/a> mit der Allgemeinen Einf\u00fchrungsveranstaltung f\u00fcr alle Erstsemester im Lehramt. F\u00fcr Lisa hie\u00df das, dass sie am <strong>Dienstagmorgen<\/strong>, den 2. Oktober um 9 Uhr zusammen mit \u00fcber 900 Studierenden das erste Mal im H\u00f6rsaal sa\u00df. Dort erfuhr sie, wie ihr Studium aufgebaut ist, welche Pr\u00fcfungen sie absolvieren muss und welche Veranstaltungen sie erwarten. Das Lehramtsstudium sei einer der Studieng\u00e4nge mit den meisten neuen Erstis, erz\u00e4hlt sie uns &#8211; was uns nat\u00fcrlich riesig freut!<\/span><\/p>\t\t\t\t\t\t\t\t<\/div>\n\t\t\t\t<\/div>\n\t\t\t\t<div class=\"elementor-element elementor-element-ee21b0c elementor-widget elementor-widget-spacer\" data-id=\"ee21b0c\" data-element_type=\"widget\" data-e-type=\"widget\" data-widget_type=\"spacer.default\">\n\t\t\t\t<div class=\"elementor-widget-container\">\n\t\t\t\t\t\t\t<div class=\"elementor-spacer\">\n\t\t\t<div class=\"elementor-spacer-inner\"><\/div>\n\t\t<\/div>\n\t\t\t\t\t\t<\/div>\n\t\t\t\t<\/div>\n\t\t\t\t<div class=\"elementor-element elementor-element-872a828 elementor-widget elementor-widget-image\" data-id=\"872a828\" data-element_type=\"widget\" data-e-type=\"widget\" data-widget_type=\"image.default\">\n\t\t\t\t<div class=\"elementor-widget-container\">\n\t\t\t\t\t\t\t\t\t\t\t\t\t\t\t<img fetchpriority=\"high\" decoding=\"async\" width=\"1024\" height=\"384\" src=\"https:\/\/lehrer-werden-in-sachsen.de\/stage\/wp-content\/uploads\/2022\/10\/Einfuhrungsveranstaltung-im-Horsaal-der-TU-Dresden-1024x384.jpg\" class=\"attachment-large size-large wp-image-8384\" alt=\"Studierende sitzen im H\u00f6rsaal der TU Dresden w\u00e4hrend einer Einf\u00fchrungsveranstaltung.\" srcset=\"https:\/\/lehrer-werden-in-sachsen.de\/stage\/wp-content\/uploads\/2022\/10\/Einfuhrungsveranstaltung-im-Horsaal-der-TU-Dresden-1024x384.jpg 1024w, https:\/\/lehrer-werden-in-sachsen.de\/stage\/wp-content\/uploads\/2022\/10\/Einfuhrungsveranstaltung-im-Horsaal-der-TU-Dresden-300x113.jpg 300w, https:\/\/lehrer-werden-in-sachsen.de\/stage\/wp-content\/uploads\/2022\/10\/Einfuhrungsveranstaltung-im-Horsaal-der-TU-Dresden-768x288.jpg 768w, https:\/\/lehrer-werden-in-sachsen.de\/stage\/wp-content\/uploads\/2022\/10\/Einfuhrungsveranstaltung-im-Horsaal-der-TU-Dresden-1536x576.jpg 1536w, https:\/\/lehrer-werden-in-sachsen.de\/stage\/wp-content\/uploads\/2022\/10\/Einfuhrungsveranstaltung-im-Horsaal-der-TU-Dresden.jpg 1920w\" sizes=\"(max-width: 1024px) 100vw, 1024px\" \/>\t\t\t\t\t\t\t\t\t\t\t\t\t\t\t<\/div>\n\t\t\t\t<\/div>\n\t\t\t\t<div class=\"elementor-element elementor-element-8255893 elementor-widget elementor-widget-spacer\" data-id=\"8255893\" data-element_type=\"widget\" data-e-type=\"widget\" data-widget_type=\"spacer.default\">\n\t\t\t\t<div class=\"elementor-widget-container\">\n\t\t\t\t\t\t\t<div class=\"elementor-spacer\">\n\t\t\t<div class=\"elementor-spacer-inner\"><\/div>\n\t\t<\/div>\n\t\t\t\t\t\t<\/div>\n\t\t\t\t<\/div>\n\t\t\t\t<div class=\"elementor-element elementor-element-f93e430 elementor-widget elementor-widget-heading\" data-id=\"f93e430\" data-element_type=\"widget\" data-e-type=\"widget\" data-widget_type=\"heading.default\">\n\t\t\t\t<div class=\"elementor-widget-container\">\n\t\t\t\t\t<h3 class=\"elementor-heading-title elementor-size-default\">Eine typische Ersti-Woche: Einf\u00fchrungsveranstaltungen und Kneipentouren<\/h3>\t\t\t\t<\/div>\n\t\t\t\t<\/div>\n\t\t\t\t<div class=\"elementor-element elementor-element-6eca972 elementor-widget elementor-widget-text-editor\" data-id=\"6eca972\" data-element_type=\"widget\" data-e-type=\"widget\" data-widget_type=\"text-editor.default\">\n\t\t\t\t<div class=\"elementor-widget-container\">\n\t\t\t\t\t\t\t\t\t<p>Nach der allgemeinen Einf\u00fchrung wurden die Studierenden aufgeteilt und noch einmal fachspezifischer informiert. Lisa hat beispielsweise die Einf\u00fchrungsveranstaltung f\u00fcrs Grundschullehramt besucht. Am Abend gab es einen Spieleabend, bei dem man bei Gesellschaftsspielen schon viele neue Leute kennenlernen konnte. Alternativ konnte man an einer Kneipentour durch die Neustadt teilnehmen.<\/p><p>\u00a0<\/p><p>Es ist <strong>Mittwoch<\/strong>. Lisa besucht eine Veranstaltung mit dem Titel \u201eEinf\u00fchrung in die Germanistik\u201c \u2013 der erste fachliche Kurs. Eine Anwesenheitspflicht gab es nicht. Einige waren deshalb nicht gekommen, erz\u00e4hlt Lisa. Vielleicht lag es auch an der Kneipentour am Abend zuvor.<\/p>\t\t\t\t\t\t\t\t<\/div>\n\t\t\t\t<\/div>\n\t\t\t\t<div class=\"elementor-element elementor-element-b90c6f8 elementor-widget elementor-widget-spacer\" data-id=\"b90c6f8\" data-element_type=\"widget\" data-e-type=\"widget\" data-widget_type=\"spacer.default\">\n\t\t\t\t<div class=\"elementor-widget-container\">\n\t\t\t\t\t\t\t<div class=\"elementor-spacer\">\n\t\t\t<div class=\"elementor-spacer-inner\"><\/div>\n\t\t<\/div>\n\t\t\t\t\t\t<\/div>\n\t\t\t\t<\/div>\n\t\t\t\t<div class=\"elementor-element elementor-element-61f1e71 elementor-widget elementor-widget-image\" data-id=\"61f1e71\" data-element_type=\"widget\" data-e-type=\"widget\" data-widget_type=\"image.default\">\n\t\t\t\t<div class=\"elementor-widget-container\">\n\t\t\t\t\t\t\t\t\t\t\t\t\t\t\t<img decoding=\"async\" width=\"1024\" height=\"384\" src=\"https:\/\/lehrer-werden-in-sachsen.de\/stage\/wp-content\/uploads\/2022\/10\/Lisa-auf-dem-Campus-der-TU-Dresden-1024x384.jpg\" class=\"attachment-large size-large wp-image-8386\" alt=\"Junge Frau mit langen Haaren in einem Kleid, die die Stufen der Technischen Universit\u00e4t Dresden hinuntergeht.\" srcset=\"https:\/\/lehrer-werden-in-sachsen.de\/stage\/wp-content\/uploads\/2022\/10\/Lisa-auf-dem-Campus-der-TU-Dresden-1024x384.jpg 1024w, https:\/\/lehrer-werden-in-sachsen.de\/stage\/wp-content\/uploads\/2022\/10\/Lisa-auf-dem-Campus-der-TU-Dresden-300x113.jpg 300w, https:\/\/lehrer-werden-in-sachsen.de\/stage\/wp-content\/uploads\/2022\/10\/Lisa-auf-dem-Campus-der-TU-Dresden-768x288.jpg 768w, https:\/\/lehrer-werden-in-sachsen.de\/stage\/wp-content\/uploads\/2022\/10\/Lisa-auf-dem-Campus-der-TU-Dresden-1536x576.jpg 1536w, https:\/\/lehrer-werden-in-sachsen.de\/stage\/wp-content\/uploads\/2022\/10\/Lisa-auf-dem-Campus-der-TU-Dresden.jpg 1920w\" sizes=\"(max-width: 1024px) 100vw, 1024px\" \/>\t\t\t\t\t\t\t\t\t\t\t\t\t\t\t<\/div>\n\t\t\t\t<\/div>\n\t\t\t\t<div class=\"elementor-element elementor-element-ad18da3 elementor-widget elementor-widget-spacer\" data-id=\"ad18da3\" data-element_type=\"widget\" data-e-type=\"widget\" data-widget_type=\"spacer.default\">\n\t\t\t\t<div class=\"elementor-widget-container\">\n\t\t\t\t\t\t\t<div class=\"elementor-spacer\">\n\t\t\t<div class=\"elementor-spacer-inner\"><\/div>\n\t\t<\/div>\n\t\t\t\t\t\t<\/div>\n\t\t\t\t<\/div>\n\t\t\t\t<div class=\"elementor-element elementor-element-04c502b elementor-widget elementor-widget-heading\" data-id=\"04c502b\" data-element_type=\"widget\" data-e-type=\"widget\" data-widget_type=\"heading.default\">\n\t\t\t\t<div class=\"elementor-widget-container\">\n\t\t\t\t\t<h3 class=\"elementor-heading-title elementor-size-default\">Die \u00e4lteren Kommilitoninnen und Kommilitonen erleichtern das Ankommen<\/h3>\t\t\t\t<\/div>\n\t\t\t\t<\/div>\n\t\t\t\t<div class=\"elementor-element elementor-element-f6aca21 elementor-widget elementor-widget-text-editor\" data-id=\"f6aca21\" data-element_type=\"widget\" data-e-type=\"widget\" data-widget_type=\"text-editor.default\">\n\t\t\t\t<div class=\"elementor-widget-container\">\n\t\t\t\t\t\t\t\t\t<p>Ihren Stundenplan musste Lisa schon vorm eigentlichen Studienstart im September zusammenstellen. Wie das funktioniert, erkl\u00e4rte ein Online-Angebot. Kommilitoninnen und Kommilitonen aus den h\u00f6heren Semestern haben ihr erkl\u00e4rt, was sie dazu alles wissen musste.<\/p><p>Richtig busy wurde es am <strong>Donnerstag<\/strong>: Zuerst konnte Lisa bei der Campusrallye das Universit\u00e4tsgel\u00e4nde der <a title=\"TU Dresden\" href=\"https:\/\/tu-dresden.de\/\" target=\"_blank\" rel=\"noopener\">TU Dresden<\/a> kennenlernen. In drei Stunden und sieben Stationen ging es quer \u00fcber den Campus. Dabei musste sie mit ihrer Gruppe spa\u00dfige Aufgaben l\u00f6sen. Eine davon: Am Anfang gab es ein rohes Ei, das gekocht zur\u00fcckgebracht werden musste. Lisa und ihre Gruppe hatten das Gl\u00fcck, in der N\u00e4he des Campus zu wohnen und das Ei zuhause kochen zu k\u00f6nnen. Andere fragten beispielsweise in der Mensa nach &#8211; zur L\u00f6sung der Aufgabe mussten die Erstis also ganz sch\u00f6n kreativ werden.<\/p><p>Festlich wurde es am Donnerstagabend, als einige der neuen Studierenden ganz feierlich und in schicker Kleidung ihre Immatrikulation feierten \u2013 die Veranstaltung wurde auch drau\u00dfen auf einer Leinwand \u00fcbertragen. Die Lehramtsstudierenden kamen danach zum Willkommensgrillen noch einmal beim Weber-Bau zusammen. Dort finden die meisten Veranstaltungen des Lehramtsstudiums statt.<\/p><p>Am <b>Freitag<\/b> zeigten die h\u00f6heren Semester den Neuank\u00f6mmlingen beim Kaffeekr\u00e4nzchen ihre Lieblingscaf\u00e9s. Abends ging es dann noch einmal auf Kneipentour, am <strong>Sonntag<\/strong> zum Wandern und Fahrradfahren in die Natur.<\/p>\t\t\t\t\t\t\t\t<\/div>\n\t\t\t\t<\/div>\n\t\t\t\t<div class=\"elementor-element elementor-element-e60ab27 elementor-widget elementor-widget-heading\" data-id=\"e60ab27\" data-element_type=\"widget\" data-e-type=\"widget\" data-widget_type=\"heading.default\">\n\t\t\t\t<div class=\"elementor-widget-container\">\n\t\t\t\t\t<h3 class=\"elementor-heading-title elementor-size-default\">Endlich wieder Pr\u00e4senzveranstaltungen<\/h3>\t\t\t\t<\/div>\n\t\t\t\t<\/div>\n\t\t\t\t<div class=\"elementor-element elementor-element-8af3455 elementor-widget elementor-widget-text-editor\" data-id=\"8af3455\" data-element_type=\"widget\" data-e-type=\"widget\" data-widget_type=\"text-editor.default\">\n\t\t\t\t<div class=\"elementor-widget-container\">\n\t\t\t\t\t\t\t\t\t<p>Stressig war die erste Woche zwar nicht, sagt Lisa, aber es gab viele neue Eindr\u00fccke, mit denen man erst einmal umgehen m\u00fcsse. Vor allem freut sie sich wie auch ihre Kommilitoninnen und Kommilitonen, dass nach den letzten Jahren alles rund um die Ersti-Woche wieder vor Ort stattfinden kann. Die Coronabeschr\u00e4nkungen h\u00e4tten es in den letzten Jahren sehr erschwert, neue Kontakte zu kn\u00fcpfen und den Unialltag kennenzulernen.<\/p><p>\u00a0<\/p><p>Wir w\u00fcnschen allen Studienanf\u00e4ngerinnen und Studienanf\u00e4ngern einen gelungenen Start ins Wintersemester 2022\/23!<\/p>\t\t\t\t\t\t\t\t<\/div>\n\t\t\t\t<\/div>\n\t\t\t\t\t<\/div>\n\t\t<\/div>\n\t\t\t\t\t<\/div>\n\t\t<\/section>\n\t\t\t\t<section class=\"elementor-section elementor-top-section elementor-element elementor-element-5df1a5b elementor-section-boxed elementor-section-height-default elementor-section-height-default\" data-id=\"5df1a5b\" data-element_type=\"section\" data-e-type=\"section\">\n\t\t\t\t\t\t<div class=\"elementor-container elementor-column-gap-default\">\n\t\t\t\t\t<div class=\"elementor-column elementor-col-100 elementor-top-column elementor-element elementor-element-8b2f1ab\" data-id=\"8b2f1ab\" data-element_type=\"column\" data-e-type=\"column\">\n\t\t\t<div class=\"elementor-widget-wrap elementor-element-populated\">\n\t\t\t\t\t\t\t<\/div>\n\t\t<\/div>\n\t\t\t\t\t<\/div>\n\t\t<\/section>\n\t\t\t\t<section class=\"elementor-section elementor-top-section elementor-element elementor-element-32cdc3c elementor-section-boxed elementor-section-height-default elementor-section-height-default\" data-id=\"32cdc3c\" data-element_type=\"section\" data-e-type=\"section\">\n\t\t\t\t\t\t<div class=\"elementor-container elementor-column-gap-default\">\n\t\t\t\t\t<div class=\"elementor-column elementor-col-100 elementor-top-column elementor-element elementor-element-c1cd103\" data-id=\"c1cd103\" data-element_type=\"column\" data-e-type=\"column\">\n\t\t\t<div class=\"elementor-widget-wrap elementor-element-populated\">\n\t\t\t\t\t\t<div class=\"elementor-element elementor-element-98d6a78 elementor-widget elementor-widget-heading\" data-id=\"98d6a78\" data-element_type=\"widget\" data-e-type=\"widget\" data-widget_type=\"heading.default\">\n\t\t\t\t<div class=\"elementor-widget-container\">\n\t\t\t\t\t<h2 class=\"elementor-heading-title elementor-size-default\">Du willst mehr Infos zum Ablauf des Lehramtsstudiums erfahren? Dann wirf einen Blick in unsere FAQs.<\/h2>\t\t\t\t<\/div>\n\t\t\t\t<\/div>\n\t\t\t\t\t<\/div>\n\t\t<\/div>\n\t\t\t\t\t<\/div>\n\t\t<\/section>\n\t\t\t\t<section class=\"elementor-section elementor-top-section elementor-element elementor-element-4ceec11 elementor-section-boxed elementor-section-height-default elementor-section-height-default\" data-id=\"4ceec11\" data-element_type=\"section\" data-e-type=\"section\">\n\t\t\t\t\t\t<div class=\"elementor-container elementor-column-gap-default\">\n\t\t\t\t\t<div class=\"elementor-column elementor-col-100 elementor-top-column elementor-element elementor-element-78b527f\" data-id=\"78b527f\" data-element_type=\"column\" data-e-type=\"column\">\n\t\t\t<div class=\"elementor-widget-wrap elementor-element-populated\">\n\t\t\t\t\t\t<div class=\"elementor-element elementor-element-8a8f4a4 elementor-widget elementor-widget-button\" data-id=\"8a8f4a4\" data-element_type=\"widget\" data-e-type=\"widget\" data-widget_type=\"button.default\">\n\t\t\t\t<div class=\"elementor-widget-container\">\n\t\t\t\t\t\t\t\t\t<div class=\"elementor-button-wrapper\">\n\t\t\t\t\t<a class=\"elementor-button elementor-button-link elementor-size-sm\" href=\"https:\/\/lehrer-werden-in-sachsen.de\/infos-zum-lehramtsstudium\/\" target=\"_blank\" title=\"Infos zum Lehramtsstudium\">\n\t\t\t\t\t\t<span class=\"elementor-button-content-wrapper\">\n\t\t\t\t\t\t\t\t\t<span class=\"elementor-button-text\">Infos zum Lehramtsstudium<\/span>\n\t\t\t\t\t<\/span>\n\t\t\t\t\t<\/a>\n\t\t\t\t<\/div>\n\t\t\t\t\t\t\t\t<\/div>\n\t\t\t\t<\/div>\n\t\t\t\t\t<\/div>\n\t\t<\/div>\n\t\t\t\t\t<\/div>\n\t\t<\/section>\n\t\t\t\t<\/div>\n\t\t","protected":false},"excerpt":{"rendered":"<p>F\u00fcr Lisa hat Anfang Oktober das Abenteuer Lehramtsstudium begonnen. Uns hat sie von ihrer Ersti-Woche an der TU Dresden erz\u00e4hlt.<\/p>\n","protected":false},"author":13,"featured_media":8385,"comment_status":"open","ping_status":"open","sticky":false,"template":"","format":"standard","meta":{"footnotes":""},"categories":[46],"tags":[],"class_list":["post-8325","post","type-post","status-publish","format-standard","has-post-thumbnail","hentry","category-blog"],"yoast_head":"<!-- This site is optimized with the Yoast SEO plugin v27.3 - https:\/\/yoast.com\/product\/yoast-seo-wordpress\/ -->\n<title>LEHRERIN SACHSEN | Ersti-Woche im Lehramtsstudium an der TU Dresden<\/title>\n<meta name=\"description\" content=\"F\u00fcr Lisa hat Anfang Oktober das Abenteuer Lehramtsstudium begonnen. Erfahre hier, was sie in ihrer Ersti-Woche an der TU Dresden erlebt hat.\" \/>\n<meta name=\"robots\" content=\"index, follow, max-snippet:-1, max-image-preview:large, max-video-preview:-1\" \/>\n<link rel=\"canonical\" href=\"https:\/\/lehrer-werden-in-sachsen.de\/ersti-woche-lehramtsstudium\/\" \/>\n<meta property=\"og:locale\" content=\"de_DE\" \/>\n<meta property=\"og:type\" content=\"article\" \/>\n<meta property=\"og:title\" content=\"LEHRERIN SACHSEN | Ersti-Woche im Lehramtsstudium an der TU Dresden\" \/>\n<meta property=\"og:description\" content=\"F\u00fcr Lisa hat Anfang Oktober das Abenteuer Lehramtsstudium begonnen. Erfahre hier, was sie in ihrer Ersti-Woche an der TU Dresden erlebt hat.\" \/>\n<meta property=\"og:url\" content=\"https:\/\/lehrer-werden-in-sachsen.de\/ersti-woche-lehramtsstudium\/\" \/>\n<meta property=\"og:site_name\" content=\"LEHRERIN SACHSEN\" \/>\n<meta property=\"article:published_time\" content=\"2022-10-17T07:57:58+00:00\" \/>\n<meta property=\"article:modified_time\" content=\"2025-07-07T09:37:46+00:00\" \/>\n<meta property=\"og:image\" content=\"https:\/\/lehrer-werden-in-sachsen.de\/wp-content\/uploads\/2022\/10\/Lisa-auf-dem-Campus-der-TU-Dresden-2.jpg\" \/>\n\t<meta property=\"og:image:width\" content=\"1920\" \/>\n\t<meta property=\"og:image:height\" content=\"970\" \/>\n\t<meta property=\"og:image:type\" content=\"image\/jpeg\" \/>\n<meta name=\"author\" content=\"Maria Kretschmann\" \/>\n<meta name=\"twitter:card\" content=\"summary_large_image\" \/>\n<meta name=\"twitter:label1\" content=\"Verfasst von\" \/>\n\t<meta name=\"twitter:data1\" content=\"Maria Kretschmann\" \/>\n\t<meta name=\"twitter:label2\" content=\"Gesch\u00e4tzte Lesezeit\" \/>\n\t<meta name=\"twitter:data2\" content=\"4\u00a0Minuten\" \/>\n<script type=\"application\/ld+json\" class=\"yoast-schema-graph\">{\"@context\":\"https:\\\/\\\/schema.org\",\"@graph\":[{\"@type\":\"Article\",\"@id\":\"https:\\\/\\\/lehrer-werden-in-sachsen.de\\\/ersti-woche-lehramtsstudium\\\/#article\",\"isPartOf\":{\"@id\":\"https:\\\/\\\/lehrer-werden-in-sachsen.de\\\/ersti-woche-lehramtsstudium\\\/\"},\"author\":{\"name\":\"Maria Kretschmann\",\"@id\":\"https:\\\/\\\/lehrer-werden-in-sachsen.de\\\/#\\\/schema\\\/person\\\/4a127ffcfbf4e52ff0f66dcd7b4a5cc1\"},\"headline\":\"Auftakt f\u00fcrs Lehramtsstudium \u2013 Lisa erz\u00e4hlt von ihrer Ersti-Woche\",\"datePublished\":\"2022-10-17T07:57:58+00:00\",\"dateModified\":\"2025-07-07T09:37:46+00:00\",\"mainEntityOfPage\":{\"@id\":\"https:\\\/\\\/lehrer-werden-in-sachsen.de\\\/ersti-woche-lehramtsstudium\\\/\"},\"wordCount\":754,\"commentCount\":0,\"publisher\":{\"@id\":\"https:\\\/\\\/lehrer-werden-in-sachsen.de\\\/#organization\"},\"image\":{\"@id\":\"https:\\\/\\\/lehrer-werden-in-sachsen.de\\\/ersti-woche-lehramtsstudium\\\/#primaryimage\"},\"thumbnailUrl\":\"https:\\\/\\\/lehrer-werden-in-sachsen.de\\\/stage\\\/wp-content\\\/uploads\\\/2022\\\/10\\\/Lisa-auf-dem-Campus-der-TU-Dresden-2.jpg\",\"articleSection\":[\"Blog\"],\"inLanguage\":\"de\",\"potentialAction\":[{\"@type\":\"CommentAction\",\"name\":\"Comment\",\"target\":[\"https:\\\/\\\/lehrer-werden-in-sachsen.de\\\/ersti-woche-lehramtsstudium\\\/#respond\"]}]},{\"@type\":\"WebPage\",\"@id\":\"https:\\\/\\\/lehrer-werden-in-sachsen.de\\\/ersti-woche-lehramtsstudium\\\/\",\"url\":\"https:\\\/\\\/lehrer-werden-in-sachsen.de\\\/ersti-woche-lehramtsstudium\\\/\",\"name\":\"LEHRERIN SACHSEN | Ersti-Woche im Lehramtsstudium an der TU Dresden\",\"isPartOf\":{\"@id\":\"https:\\\/\\\/lehrer-werden-in-sachsen.de\\\/#website\"},\"primaryImageOfPage\":{\"@id\":\"https:\\\/\\\/lehrer-werden-in-sachsen.de\\\/ersti-woche-lehramtsstudium\\\/#primaryimage\"},\"image\":{\"@id\":\"https:\\\/\\\/lehrer-werden-in-sachsen.de\\\/ersti-woche-lehramtsstudium\\\/#primaryimage\"},\"thumbnailUrl\":\"https:\\\/\\\/lehrer-werden-in-sachsen.de\\\/stage\\\/wp-content\\\/uploads\\\/2022\\\/10\\\/Lisa-auf-dem-Campus-der-TU-Dresden-2.jpg\",\"datePublished\":\"2022-10-17T07:57:58+00:00\",\"dateModified\":\"2025-07-07T09:37:46+00:00\",\"description\":\"F\u00fcr Lisa hat Anfang Oktober das Abenteuer Lehramtsstudium begonnen. Erfahre hier, was sie in ihrer Ersti-Woche an der TU Dresden erlebt hat.\",\"breadcrumb\":{\"@id\":\"https:\\\/\\\/lehrer-werden-in-sachsen.de\\\/ersti-woche-lehramtsstudium\\\/#breadcrumb\"},\"inLanguage\":\"de\",\"potentialAction\":[{\"@type\":\"ReadAction\",\"target\":[\"https:\\\/\\\/lehrer-werden-in-sachsen.de\\\/ersti-woche-lehramtsstudium\\\/\"]}]},{\"@type\":\"ImageObject\",\"inLanguage\":\"de\",\"@id\":\"https:\\\/\\\/lehrer-werden-in-sachsen.de\\\/ersti-woche-lehramtsstudium\\\/#primaryimage\",\"url\":\"https:\\\/\\\/lehrer-werden-in-sachsen.de\\\/stage\\\/wp-content\\\/uploads\\\/2022\\\/10\\\/Lisa-auf-dem-Campus-der-TU-Dresden-2.jpg\",\"contentUrl\":\"https:\\\/\\\/lehrer-werden-in-sachsen.de\\\/stage\\\/wp-content\\\/uploads\\\/2022\\\/10\\\/Lisa-auf-dem-Campus-der-TU-Dresden-2.jpg\",\"width\":1920,\"height\":970,\"caption\":\"Lisa auf dem Campus der TU Dresden (2)\"},{\"@type\":\"BreadcrumbList\",\"@id\":\"https:\\\/\\\/lehrer-werden-in-sachsen.de\\\/ersti-woche-lehramtsstudium\\\/#breadcrumb\",\"itemListElement\":[{\"@type\":\"ListItem\",\"position\":1,\"name\":\"Startseite\",\"item\":\"https:\\\/\\\/lehrer-werden-in-sachsen.de\\\/\"},{\"@type\":\"ListItem\",\"position\":2,\"name\":\"Auftakt f\u00fcrs Lehramtsstudium \u2013 Lisa erz\u00e4hlt von ihrer Ersti-Woche\"}]},{\"@type\":\"WebSite\",\"@id\":\"https:\\\/\\\/lehrer-werden-in-sachsen.de\\\/#website\",\"url\":\"https:\\\/\\\/lehrer-werden-in-sachsen.de\\\/\",\"name\":\"LEHRERIN SACHSEN\",\"description\":\"Eine Klasse f\u00fcr sich.\",\"publisher\":{\"@id\":\"https:\\\/\\\/lehrer-werden-in-sachsen.de\\\/#organization\"},\"potentialAction\":[{\"@type\":\"SearchAction\",\"target\":{\"@type\":\"EntryPoint\",\"urlTemplate\":\"https:\\\/\\\/lehrer-werden-in-sachsen.de\\\/?s={search_term_string}\"},\"query-input\":{\"@type\":\"PropertyValueSpecification\",\"valueRequired\":true,\"valueName\":\"search_term_string\"}}],\"inLanguage\":\"de\"},{\"@type\":\"Organization\",\"@id\":\"https:\\\/\\\/lehrer-werden-in-sachsen.de\\\/#organization\",\"name\":\"LEHRERIN SACHSEN\",\"url\":\"https:\\\/\\\/lehrer-werden-in-sachsen.de\\\/\",\"logo\":{\"@type\":\"ImageObject\",\"inLanguage\":\"de\",\"@id\":\"https:\\\/\\\/lehrer-werden-in-sachsen.de\\\/#\\\/schema\\\/logo\\\/image\\\/\",\"url\":\"https:\\\/\\\/lehrer-werden-in-sachsen.de\\\/stage\\\/wp-content\\\/uploads\\\/2022\\\/02\\\/SMK_Leherin-Sachsen-Marke_RGB_Violett-Orange.svg\",\"contentUrl\":\"https:\\\/\\\/lehrer-werden-in-sachsen.de\\\/stage\\\/wp-content\\\/uploads\\\/2022\\\/02\\\/SMK_Leherin-Sachsen-Marke_RGB_Violett-Orange.svg\",\"caption\":\"LEHRERIN SACHSEN\"},\"image\":{\"@id\":\"https:\\\/\\\/lehrer-werden-in-sachsen.de\\\/#\\\/schema\\\/logo\\\/image\\\/\"}},{\"@type\":\"Person\",\"@id\":\"https:\\\/\\\/lehrer-werden-in-sachsen.de\\\/#\\\/schema\\\/person\\\/4a127ffcfbf4e52ff0f66dcd7b4a5cc1\",\"name\":\"Maria Kretschmann\",\"image\":{\"@type\":\"ImageObject\",\"inLanguage\":\"de\",\"@id\":\"https:\\\/\\\/secure.gravatar.com\\\/avatar\\\/785963a239158e0d036c182ccde6b24c2d0822b83af8ab1b3773045a106114df?s=96&d=mm&r=g\",\"url\":\"https:\\\/\\\/secure.gravatar.com\\\/avatar\\\/785963a239158e0d036c182ccde6b24c2d0822b83af8ab1b3773045a106114df?s=96&d=mm&r=g\",\"contentUrl\":\"https:\\\/\\\/secure.gravatar.com\\\/avatar\\\/785963a239158e0d036c182ccde6b24c2d0822b83af8ab1b3773045a106114df?s=96&d=mm&r=g\",\"caption\":\"Maria Kretschmann\"},\"url\":\"https:\\\/\\\/lehrer-werden-in-sachsen.de\\\/stage\\\/author\\\/maria-kretschmann\\\/\"}]}<\/script>\n<!-- \/ Yoast SEO plugin. -->","yoast_head_json":{"title":"LEHRERIN SACHSEN | Ersti-Woche im Lehramtsstudium an der TU Dresden","description":"F\u00fcr Lisa hat Anfang Oktober das Abenteuer Lehramtsstudium begonnen. Erfahre hier, was sie in ihrer Ersti-Woche an der TU Dresden erlebt hat.","robots":{"index":"index","follow":"follow","max-snippet":"max-snippet:-1","max-image-preview":"max-image-preview:large","max-video-preview":"max-video-preview:-1"},"canonical":"https:\/\/lehrer-werden-in-sachsen.de\/ersti-woche-lehramtsstudium\/","og_locale":"de_DE","og_type":"article","og_title":"LEHRERIN SACHSEN | Ersti-Woche im Lehramtsstudium an der TU Dresden","og_description":"F\u00fcr Lisa hat Anfang Oktober das Abenteuer Lehramtsstudium begonnen. Erfahre hier, was sie in ihrer Ersti-Woche an der TU Dresden erlebt hat.","og_url":"https:\/\/lehrer-werden-in-sachsen.de\/ersti-woche-lehramtsstudium\/","og_site_name":"LEHRERIN SACHSEN","article_published_time":"2022-10-17T07:57:58+00:00","article_modified_time":"2025-07-07T09:37:46+00:00","og_image":[{"width":1920,"height":970,"url":"https:\/\/lehrer-werden-in-sachsen.de\/wp-content\/uploads\/2022\/10\/Lisa-auf-dem-Campus-der-TU-Dresden-2.jpg","type":"image\/jpeg"}],"author":"Maria Kretschmann","twitter_card":"summary_large_image","twitter_misc":{"Verfasst von":"Maria Kretschmann","Gesch\u00e4tzte Lesezeit":"4\u00a0Minuten"},"schema":{"@context":"https:\/\/schema.org","@graph":[{"@type":"Article","@id":"https:\/\/lehrer-werden-in-sachsen.de\/ersti-woche-lehramtsstudium\/#article","isPartOf":{"@id":"https:\/\/lehrer-werden-in-sachsen.de\/ersti-woche-lehramtsstudium\/"},"author":{"name":"Maria Kretschmann","@id":"https:\/\/lehrer-werden-in-sachsen.de\/#\/schema\/person\/4a127ffcfbf4e52ff0f66dcd7b4a5cc1"},"headline":"Auftakt f\u00fcrs Lehramtsstudium \u2013 Lisa erz\u00e4hlt von ihrer Ersti-Woche","datePublished":"2022-10-17T07:57:58+00:00","dateModified":"2025-07-07T09:37:46+00:00","mainEntityOfPage":{"@id":"https:\/\/lehrer-werden-in-sachsen.de\/ersti-woche-lehramtsstudium\/"},"wordCount":754,"commentCount":0,"publisher":{"@id":"https:\/\/lehrer-werden-in-sachsen.de\/#organization"},"image":{"@id":"https:\/\/lehrer-werden-in-sachsen.de\/ersti-woche-lehramtsstudium\/#primaryimage"},"thumbnailUrl":"https:\/\/lehrer-werden-in-sachsen.de\/stage\/wp-content\/uploads\/2022\/10\/Lisa-auf-dem-Campus-der-TU-Dresden-2.jpg","articleSection":["Blog"],"inLanguage":"de","potentialAction":[{"@type":"CommentAction","name":"Comment","target":["https:\/\/lehrer-werden-in-sachsen.de\/ersti-woche-lehramtsstudium\/#respond"]}]},{"@type":"WebPage","@id":"https:\/\/lehrer-werden-in-sachsen.de\/ersti-woche-lehramtsstudium\/","url":"https:\/\/lehrer-werden-in-sachsen.de\/ersti-woche-lehramtsstudium\/","name":"LEHRERIN SACHSEN | Ersti-Woche im Lehramtsstudium an der TU Dresden","isPartOf":{"@id":"https:\/\/lehrer-werden-in-sachsen.de\/#website"},"primaryImageOfPage":{"@id":"https:\/\/lehrer-werden-in-sachsen.de\/ersti-woche-lehramtsstudium\/#primaryimage"},"image":{"@id":"https:\/\/lehrer-werden-in-sachsen.de\/ersti-woche-lehramtsstudium\/#primaryimage"},"thumbnailUrl":"https:\/\/lehrer-werden-in-sachsen.de\/stage\/wp-content\/uploads\/2022\/10\/Lisa-auf-dem-Campus-der-TU-Dresden-2.jpg","datePublished":"2022-10-17T07:57:58+00:00","dateModified":"2025-07-07T09:37:46+00:00","description":"F\u00fcr Lisa hat Anfang Oktober das Abenteuer Lehramtsstudium begonnen. Erfahre hier, was sie in ihrer Ersti-Woche an der TU Dresden erlebt hat.","breadcrumb":{"@id":"https:\/\/lehrer-werden-in-sachsen.de\/ersti-woche-lehramtsstudium\/#breadcrumb"},"inLanguage":"de","potentialAction":[{"@type":"ReadAction","target":["https:\/\/lehrer-werden-in-sachsen.de\/ersti-woche-lehramtsstudium\/"]}]},{"@type":"ImageObject","inLanguage":"de","@id":"https:\/\/lehrer-werden-in-sachsen.de\/ersti-woche-lehramtsstudium\/#primaryimage","url":"https:\/\/lehrer-werden-in-sachsen.de\/stage\/wp-content\/uploads\/2022\/10\/Lisa-auf-dem-Campus-der-TU-Dresden-2.jpg","contentUrl":"https:\/\/lehrer-werden-in-sachsen.de\/stage\/wp-content\/uploads\/2022\/10\/Lisa-auf-dem-Campus-der-TU-Dresden-2.jpg","width":1920,"height":970,"caption":"Lisa auf dem Campus der TU Dresden (2)"},{"@type":"BreadcrumbList","@id":"https:\/\/lehrer-werden-in-sachsen.de\/ersti-woche-lehramtsstudium\/#breadcrumb","itemListElement":[{"@type":"ListItem","position":1,"name":"Startseite","item":"https:\/\/lehrer-werden-in-sachsen.de\/"},{"@type":"ListItem","position":2,"name":"Auftakt f\u00fcrs Lehramtsstudium \u2013 Lisa erz\u00e4hlt von ihrer Ersti-Woche"}]},{"@type":"WebSite","@id":"https:\/\/lehrer-werden-in-sachsen.de\/#website","url":"https:\/\/lehrer-werden-in-sachsen.de\/","name":"LEHRERIN SACHSEN","description":"Eine Klasse f\u00fcr sich.","publisher":{"@id":"https:\/\/lehrer-werden-in-sachsen.de\/#organization"},"potentialAction":[{"@type":"SearchAction","target":{"@type":"EntryPoint","urlTemplate":"https:\/\/lehrer-werden-in-sachsen.de\/?s={search_term_string}"},"query-input":{"@type":"PropertyValueSpecification","valueRequired":true,"valueName":"search_term_string"}}],"inLanguage":"de"},{"@type":"Organization","@id":"https:\/\/lehrer-werden-in-sachsen.de\/#organization","name":"LEHRERIN SACHSEN","url":"https:\/\/lehrer-werden-in-sachsen.de\/","logo":{"@type":"ImageObject","inLanguage":"de","@id":"https:\/\/lehrer-werden-in-sachsen.de\/#\/schema\/logo\/image\/","url":"https:\/\/lehrer-werden-in-sachsen.de\/stage\/wp-content\/uploads\/2022\/02\/SMK_Leherin-Sachsen-Marke_RGB_Violett-Orange.svg","contentUrl":"https:\/\/lehrer-werden-in-sachsen.de\/stage\/wp-content\/uploads\/2022\/02\/SMK_Leherin-Sachsen-Marke_RGB_Violett-Orange.svg","caption":"LEHRERIN SACHSEN"},"image":{"@id":"https:\/\/lehrer-werden-in-sachsen.de\/#\/schema\/logo\/image\/"}},{"@type":"Person","@id":"https:\/\/lehrer-werden-in-sachsen.de\/#\/schema\/person\/4a127ffcfbf4e52ff0f66dcd7b4a5cc1","name":"Maria Kretschmann","image":{"@type":"ImageObject","inLanguage":"de","@id":"https:\/\/secure.gravatar.com\/avatar\/785963a239158e0d036c182ccde6b24c2d0822b83af8ab1b3773045a106114df?s=96&d=mm&r=g","url":"https:\/\/secure.gravatar.com\/avatar\/785963a239158e0d036c182ccde6b24c2d0822b83af8ab1b3773045a106114df?s=96&d=mm&r=g","contentUrl":"https:\/\/secure.gravatar.com\/avatar\/785963a239158e0d036c182ccde6b24c2d0822b83af8ab1b3773045a106114df?s=96&d=mm&r=g","caption":"Maria Kretschmann"},"url":"https:\/\/lehrer-werden-in-sachsen.de\/stage\/author\/maria-kretschmann\/"}]}},"_links":{"self":[{"href":"https:\/\/lehrer-werden-in-sachsen.de\/stage\/wp-json\/wp\/v2\/posts\/8325","targetHints":{"allow":["GET"]}}],"collection":[{"href":"https:\/\/lehrer-werden-in-sachsen.de\/stage\/wp-json\/wp\/v2\/posts"}],"about":[{"href":"https:\/\/lehrer-werden-in-sachsen.de\/stage\/wp-json\/wp\/v2\/types\/post"}],"author":[{"embeddable":true,"href":"https:\/\/lehrer-werden-in-sachsen.de\/stage\/wp-json\/wp\/v2\/users\/13"}],"replies":[{"embeddable":true,"href":"https:\/\/lehrer-werden-in-sachsen.de\/stage\/wp-json\/wp\/v2\/comments?post=8325"}],"version-history":[{"count":80,"href":"https:\/\/lehrer-werden-in-sachsen.de\/stage\/wp-json\/wp\/v2\/posts\/8325\/revisions"}],"predecessor-version":[{"id":21338,"href":"https:\/\/lehrer-werden-in-sachsen.de\/stage\/wp-json\/wp\/v2\/posts\/8325\/revisions\/21338"}],"wp:featuredmedia":[{"embeddable":true,"href":"https:\/\/lehrer-werden-in-sachsen.de\/stage\/wp-json\/wp\/v2\/media\/8385"}],"wp:attachment":[{"href":"https:\/\/lehrer-werden-in-sachsen.de\/stage\/wp-json\/wp\/v2\/media?parent=8325"}],"wp:term":[{"taxonomy":"category","embeddable":true,"href":"https:\/\/lehrer-werden-in-sachsen.de\/stage\/wp-json\/wp\/v2\/categories?post=8325"},{"taxonomy":"post_tag","embeddable":true,"href":"https:\/\/lehrer-werden-in-sachsen.de\/stage\/wp-json\/wp\/v2\/tags?post=8325"}],"curies":[{"name":"wp","href":"https:\/\/api.w.org\/{rel}","templated":true}]}}