{"id":7363,"date":"2022-08-02T13:40:40","date_gmt":"2022-08-02T11:40:40","guid":{"rendered":"https:\/\/lehrer-werden-in-sachsen.de\/stage\/?p=7363"},"modified":"2025-10-10T12:22:23","modified_gmt":"2025-10-10T10:22:23","slug":"startklar-dein-fortbildungsprogramm-fuer-einen-gelungenen-berufseinstieg","status":"publish","type":"post","link":"https:\/\/lehrer-werden-in-sachsen.de\/stage\/startklar-dein-fortbildungsprogramm-fuer-einen-gelungenen-berufseinstieg\/","title":{"rendered":"Startklar: Dein Fortbildungsprogramm f\u00fcr einen gelungenen Berufseinstieg"},"content":{"rendered":"\t\t<div data-elementor-type=\"wp-post\" data-elementor-id=\"7363\" class=\"elementor elementor-7363\" data-elementor-post-type=\"post\">\n\t\t\t\t\t\t<section class=\"elementor-section elementor-top-section elementor-element elementor-element-12adafa elementor-section-boxed elementor-section-height-default elementor-section-height-default\" data-id=\"12adafa\" data-element_type=\"section\" data-e-type=\"section\">\n\t\t\t\t\t\t<div class=\"elementor-container elementor-column-gap-default\">\n\t\t\t\t\t<div class=\"elementor-column elementor-col-100 elementor-top-column elementor-element elementor-element-cad945c\" data-id=\"cad945c\" data-element_type=\"column\" data-e-type=\"column\">\n\t\t\t<div class=\"elementor-widget-wrap elementor-element-populated\">\n\t\t\t\t\t\t<div class=\"elementor-element elementor-element-942c733 elementor-widget elementor-widget-text-editor\" data-id=\"942c733\" data-element_type=\"widget\" data-e-type=\"widget\" data-widget_type=\"text-editor.default\">\n\t\t\t\t<div class=\"elementor-widget-container\">\n\t\t\t\t\t\t\t\t\t<p><strong>Du startest gerade an deiner ersten Schule und w\u00fcnschst dir ein pers\u00f6nliches Coaching sowie gezielte Fortbildungsangebote f\u00fcr die ersten Jahre in deinem Beruf? Dann nimm an startklar teil, der berufsbegleitenden Fortbildung f\u00fcr deinen Berufseinstieg in Sachsen.<\/strong><\/p>\t\t\t\t\t\t\t\t<\/div>\n\t\t\t\t<\/div>\n\t\t\t\t\t<\/div>\n\t\t<\/div>\n\t\t\t\t\t<\/div>\n\t\t<\/section>\n\t\t\t\t<section class=\"elementor-section elementor-top-section elementor-element elementor-element-de9922d elementor-section-boxed elementor-section-height-default elementor-section-height-default\" data-id=\"de9922d\" data-element_type=\"section\" data-e-type=\"section\">\n\t\t\t\t\t\t<div class=\"elementor-container elementor-column-gap-default\">\n\t\t\t\t\t<div class=\"elementor-column elementor-col-100 elementor-top-column elementor-element elementor-element-ef3418d\" data-id=\"ef3418d\" data-element_type=\"column\" data-e-type=\"column\">\n\t\t\t<div class=\"elementor-widget-wrap elementor-element-populated\">\n\t\t\t\t\t\t<div class=\"elementor-element elementor-element-9b40eb7 elementor-widget elementor-widget-text-editor\" data-id=\"9b40eb7\" data-element_type=\"widget\" data-e-type=\"widget\" data-widget_type=\"text-editor.default\">\n\t\t\t\t<div class=\"elementor-widget-container\">\n\t\t\t\t\t\t\t\t\t<p><strong>Startklar<\/strong> bietet dir f\u00fcr den Zeitraum von drei Jahren die folgenden <strong>Fortbildungsbausteine<\/strong> an:<\/p><p><strong>Das Stammgruppenprogramm:<\/strong> In einer Gruppe von max. 15 Personen durchl\u00e4ufst du ein 2-j\u00e4hriges Programm mit den Zielaspekten Eigenverantwortung, Selbstmotivation, Achtsamkeit, Resilienz und Selbstmanagement. Das Programm wird durch Coaches des Quest-Teams Berlin begleitet und umfasst vier zweit\u00e4gige Werkst\u00e4tten sowie vier dazu passende Reflexionstreffen (\u201eBoxenstopps\u201c \u2013 ein- bis zweit\u00e4gig).<\/p><p>Folgende <strong>vier Werkst\u00e4tten plus Boxenstopps<\/strong> werden durchlaufen:<\/p><ol><li>Mit den Erwartungen Anderer und meinen eigenen gut umgehen k\u00f6nnen.<\/li><li>Sch\u00fclerinnen und Sch\u00fcler, Eltern und mich erfolgreich f\u00fchren k\u00f6nnen.<\/li><li>In herausfordernden Situationen bestehen k\u00f6nnen.<\/li><li>Meine Zukunft als Lehrkraft pro-aktiv gestalten k\u00f6nnen.<\/li><\/ol><p><strong>Trainings:<\/strong> Au\u00dferhalb des Stammgruppenprogramms werden Trainings in Pr\u00e4senz und als Online-Format u. a. zu den folgenden Themen angeboten:<\/p><ul><li>Classroom-Management<\/li><li>Beziehungsgestaltung<\/li><li>Gespr\u00e4chsf\u00fchrung<\/li><li>Gewaltfreie Kommunikation und Konfliktpr\u00e4vention<\/li><li>St\u00f6rungsmanagement<\/li><li>Stimmbildung<\/li><\/ul><p><strong>Individual Coaching:<\/strong> Im Mittelpunkt der insgesamt vier buchbaren 60-min\u00fctigen Online-Coachings\u00a0 stehen die gezielte Entwicklung deiner Lehrpers\u00f6nlichkeit sowie der Abbau von individuellen Hindernissen, Handlungsblockaden, \u00c4ngsten, Unsicherheiten oder Problemen aus dem schulischen Alltag.<\/p><p>\u00a0<\/p><p><strong>Peer Coaching:<\/strong> Hier bekommst du die Gelegenheit, dich in von dir oder anderen startklar-Teilnehmenden initiierten Coachings mit Kolleginnen und Kollegen auszutauschen und Wissen und Erfahrungen zu teilen.<\/p><p>\u00a0<\/p><p><strong>Summer School:<\/strong> Die dreit\u00e4gige Veranstaltung findet jeweils in der ersten Sommerferienwoche als offenes Online- oder Pr\u00e4senz-Angebot statt\u00a0 (Termin der n\u00e4chsten Summer School: 10. \u2013 13.7.2023). In Vortr\u00e4gen und Workshops dreht sich alles um Innovation und Mitgestaltung bei schulischen Prozessen sowie die \u00dcbernahme erster F\u00fchrungsverantwortung in der Schule.<\/p><p>\u00a0<\/p><p><strong>Digitale Lernsettings:<\/strong> Auf der digitalen startklar-Fortbildungsumgebung (IBT-Server) kannst du dich, wann und wo du m\u00f6chtest, gezielt mit ausgew\u00e4hlten fach- und schulart\u00fcbergreifenden Themen besch\u00e4ftigen. Dir stehen Webtrainings, Web-Seminaraufzeichnungen und Videos f\u00fcr deine individuelle Professionalisierung zur Verf\u00fcgung. Ein breit aufgestellter Marktplatz unterst\u00fctzt dich mit Arbeitshilfen, E-Books, Podcasts und Ratgebern.<\/p><p>\u00a0<\/p><p><strong>startklar-AkadeME:<\/strong> Dein individuelles startklar-Dashboard, von dem aus du deine individuelle Fortbildung organisieren und dokumentieren kannst. In der AkadeME laufen deine gew\u00e4hlten Fortbildungen, Materialien und Aktivit\u00e4ten innerhalb des startklar-Programms zusammen. Eine Anmeldung f\u00fcr das Dashboard ist mit deiner Einstellung als Lehrkraft jederzeit m\u00f6glich.<\/p>\t\t\t\t\t\t\t\t<\/div>\n\t\t\t\t<\/div>\n\t\t\t\t\t<\/div>\n\t\t<\/div>\n\t\t\t\t\t<\/div>\n\t\t<\/section>\n\t\t\t\t<section class=\"elementor-section elementor-top-section elementor-element elementor-element-32cdc3c elementor-section-boxed elementor-section-height-default elementor-section-height-default\" data-id=\"32cdc3c\" data-element_type=\"section\" data-e-type=\"section\">\n\t\t\t\t\t\t<div class=\"elementor-container elementor-column-gap-default\">\n\t\t\t\t\t<div class=\"elementor-column elementor-col-100 elementor-top-column elementor-element elementor-element-c1cd103\" data-id=\"c1cd103\" data-element_type=\"column\" data-e-type=\"column\">\n\t\t\t<div class=\"elementor-widget-wrap elementor-element-populated\">\n\t\t\t\t\t\t<div class=\"elementor-element elementor-element-98d6a78 elementor-widget elementor-widget-heading\" data-id=\"98d6a78\" data-element_type=\"widget\" data-e-type=\"widget\" data-widget_type=\"heading.default\">\n\t\t\t\t<div class=\"elementor-widget-container\">\n\t\t\t\t\t<h2 class=\"elementor-heading-title elementor-size-default\">Klingt gut? Dann melde dich f\u00fcr das Programm an! <\/h2>\t\t\t\t<\/div>\n\t\t\t\t<\/div>\n\t\t\t\t\t<\/div>\n\t\t<\/div>\n\t\t\t\t\t<\/div>\n\t\t<\/section>\n\t\t\t\t<section class=\"elementor-section elementor-top-section elementor-element elementor-element-98b8a41 elementor-section-boxed elementor-section-height-default elementor-section-height-default\" data-id=\"98b8a41\" data-element_type=\"section\" data-e-type=\"section\">\n\t\t\t\t\t\t<div class=\"elementor-container elementor-column-gap-default\">\n\t\t\t\t\t<div class=\"elementor-column elementor-col-100 elementor-top-column elementor-element elementor-element-4061034\" data-id=\"4061034\" data-element_type=\"column\" data-e-type=\"column\">\n\t\t\t<div class=\"elementor-widget-wrap elementor-element-populated\">\n\t\t\t\t\t\t<div class=\"elementor-element elementor-element-01bd1ba elementor-widget elementor-widget-text-editor\" data-id=\"01bd1ba\" data-element_type=\"widget\" data-e-type=\"widget\" data-widget_type=\"text-editor.default\">\n\t\t\t\t<div class=\"elementor-widget-container\">\n\t\t\t\t\t\t\t\t\t<p>Zweimal j\u00e4hrlich findet ein <strong>Online-Auftakt<\/strong> f\u00fcr alle Berufseinsteigenden statt. Der n\u00e4chste Termin ist der <strong>8. September 2022!<\/strong><\/p><p>\u00a0<\/p><p>Hier erh\u00e4ltst du Infos zur Struktur, Gestaltung und Organisation des Programms sowie ein Onboarding zur digitalen Fortbildungsumgebung. Teilnehmen k\u00f6nnen grunds\u00e4tzlich alle Berufseinsteigenden ab Einstellungstermin 01.02.2022. Insofern es die Kapazit\u00e4tsgrenze zul\u00e4sst, k\u00f6nnen auch Lehrkr\u00e4fte (grundst\u00e4ndig ausgebildete und im Seiteneinstieg) mit Einstellungsdatum vor dem 01.02.22 die Chance bekommen, teilzunehmen.<\/p>\t\t\t\t\t\t\t\t<\/div>\n\t\t\t\t<\/div>\n\t\t\t\t\t<\/div>\n\t\t<\/div>\n\t\t\t\t\t<\/div>\n\t\t<\/section>\n\t\t\t\t<section class=\"elementor-section elementor-top-section elementor-element elementor-element-4ceec11 elementor-section-boxed elementor-section-height-default elementor-section-height-default\" data-id=\"4ceec11\" data-element_type=\"section\" data-e-type=\"section\">\n\t\t\t\t\t\t<div class=\"elementor-container elementor-column-gap-default\">\n\t\t\t\t\t<div class=\"elementor-column elementor-col-100 elementor-top-column elementor-element elementor-element-78b527f\" data-id=\"78b527f\" data-element_type=\"column\" data-e-type=\"column\">\n\t\t\t<div class=\"elementor-widget-wrap elementor-element-populated\">\n\t\t\t\t\t\t<div class=\"elementor-element elementor-element-8a8f4a4 elementor-widget elementor-widget-button\" data-id=\"8a8f4a4\" data-element_type=\"widget\" data-e-type=\"widget\" data-widget_type=\"button.default\">\n\t\t\t\t<div class=\"elementor-widget-container\">\n\t\t\t\t\t\t\t\t\t<div class=\"elementor-button-wrapper\">\n\t\t\t\t\t<a class=\"elementor-button elementor-button-link elementor-size-sm\" href=\"mailto:startklar@lasub.smk.sachsen.de\" target=\"_blank\" title=\"Mail ans Startklar-Team\">\n\t\t\t\t\t\t<span class=\"elementor-button-content-wrapper\">\n\t\t\t\t\t\t\t\t\t<span class=\"elementor-button-text\">Jetzt Interesse anmelden <\/span>\n\t\t\t\t\t<\/span>\n\t\t\t\t\t<\/a>\n\t\t\t\t<\/div>\n\t\t\t\t\t\t\t\t<\/div>\n\t\t\t\t<\/div>\n\t\t\t\t\t<\/div>\n\t\t<\/div>\n\t\t\t\t\t<\/div>\n\t\t<\/section>\n\t\t\t\t<section class=\"elementor-section elementor-top-section elementor-element elementor-element-99162dc elementor-section-boxed elementor-section-height-default elementor-section-height-default\" data-id=\"99162dc\" data-element_type=\"section\" data-e-type=\"section\">\n\t\t\t\t\t\t<div class=\"elementor-container elementor-column-gap-default\">\n\t\t\t\t\t<div class=\"elementor-column elementor-col-100 elementor-top-column elementor-element elementor-element-5d1e12a\" data-id=\"5d1e12a\" data-element_type=\"column\" data-e-type=\"column\">\n\t\t\t<div class=\"elementor-widget-wrap elementor-element-populated\">\n\t\t\t\t\t\t<div class=\"elementor-element elementor-element-00ad05f elementor-widget elementor-widget-text-editor\" data-id=\"00ad05f\" data-element_type=\"widget\" data-e-type=\"widget\" data-widget_type=\"text-editor.default\">\n\t\t\t\t<div class=\"elementor-widget-container\">\n\t\t\t\t\t\t\t\t\t<p>Du erh\u00e4ltst dann vom startklar-Team die Boardcard und kannst sofort loslegen. Detaillierte Informationen findest du auf der <a title=\"startklar-Website\" href=\"https:\/\/www.startklar.berufseinstiegsphase.sachsen.de\" target=\"_blank\" rel=\"noopener\">startklar-Website<\/a>.<\/p>\t\t\t\t\t\t\t\t<\/div>\n\t\t\t\t<\/div>\n\t\t\t\t\t<\/div>\n\t\t<\/div>\n\t\t\t\t\t<\/div>\n\t\t<\/section>\n\t\t\t\t<\/div>\n\t\t","protected":false},"excerpt":{"rendered":"<p>Du startest gerade neu als Lehrerin oder Lehrer? Dann nimm an startklar teil, der berufsbegleitenden Fortbildung f\u00fcr deinen Berufseinstieg.<\/p>\n","protected":false},"author":7,"featured_media":5544,"comment_status":"closed","ping_status":"closed","sticky":false,"template":"","format":"standard","meta":{"footnotes":""},"categories":[46],"tags":[202,209],"class_list":["post-7363","post","type-post","status-publish","format-standard","has-post-thumbnail","hentry","category-blog","tag-berufseinstieg","tag-fortbildung"],"yoast_head":"<!-- This site is optimized with the Yoast SEO plugin v27.3 - https:\/\/yoast.com\/product\/yoast-seo-wordpress\/ -->\n<title>LEHRERIN SACHSEN | Das startklar-Programm f\u00fcr deinen Berufseinstieg<\/title>\n<meta name=\"description\" content=\"Du startest gerade neu als Lehrerin oder Lehrer? Dann nimm an startklar teil, der berufsbegleitenden Fortbildung f\u00fcr deinen Berufseinstieg.\" \/>\n<meta name=\"robots\" content=\"index, follow, max-snippet:-1, max-image-preview:large, max-video-preview:-1\" \/>\n<link rel=\"canonical\" href=\"https:\/\/lehrer-werden-in-sachsen.de\/startklar-dein-fortbildungsprogramm-fuer-einen-gelungenen-berufseinstieg\/\" \/>\n<meta property=\"og:locale\" content=\"de_DE\" \/>\n<meta property=\"og:type\" content=\"article\" \/>\n<meta property=\"og:title\" content=\"LEHRERIN SACHSEN | Das startklar-Programm f\u00fcr deinen Berufseinstieg\" \/>\n<meta property=\"og:description\" content=\"Du startest gerade neu als Lehrerin oder Lehrer? Dann nimm an startklar teil, der berufsbegleitenden Fortbildung f\u00fcr deinen Berufseinstieg.\" \/>\n<meta property=\"og:url\" content=\"https:\/\/lehrer-werden-in-sachsen.de\/startklar-dein-fortbildungsprogramm-fuer-einen-gelungenen-berufseinstieg\/\" \/>\n<meta property=\"og:site_name\" content=\"LEHRERIN SACHSEN\" \/>\n<meta property=\"article:published_time\" content=\"2022-08-02T11:40:40+00:00\" \/>\n<meta property=\"article:modified_time\" content=\"2025-10-10T10:22:23+00:00\" \/>\n<meta property=\"og:image\" content=\"https:\/\/lehrer-werden-in-sachsen.de\/wp-content\/uploads\/2022\/03\/klassenraum-computer-totale.jpeg\" \/>\n\t<meta property=\"og:image:width\" content=\"1920\" \/>\n\t<meta property=\"og:image:height\" content=\"970\" \/>\n\t<meta property=\"og:image:type\" content=\"image\/jpeg\" \/>\n<meta name=\"author\" content=\"Janne Thiemann\" \/>\n<meta name=\"twitter:card\" content=\"summary_large_image\" \/>\n<meta name=\"twitter:label1\" content=\"Verfasst von\" \/>\n\t<meta name=\"twitter:data1\" content=\"Janne Thiemann\" \/>\n\t<meta name=\"twitter:label2\" content=\"Gesch\u00e4tzte Lesezeit\" \/>\n\t<meta name=\"twitter:data2\" content=\"3\u00a0Minuten\" \/>\n<script type=\"application\/ld+json\" class=\"yoast-schema-graph\">{\"@context\":\"https:\\\/\\\/schema.org\",\"@graph\":[{\"@type\":\"Article\",\"@id\":\"https:\\\/\\\/lehrer-werden-in-sachsen.de\\\/startklar-dein-fortbildungsprogramm-fuer-einen-gelungenen-berufseinstieg\\\/#article\",\"isPartOf\":{\"@id\":\"https:\\\/\\\/lehrer-werden-in-sachsen.de\\\/startklar-dein-fortbildungsprogramm-fuer-einen-gelungenen-berufseinstieg\\\/\"},\"author\":{\"name\":\"Janne Thiemann\",\"@id\":\"https:\\\/\\\/lehrer-werden-in-sachsen.de\\\/#\\\/schema\\\/person\\\/17883156f746a320663017f3cbd09228\"},\"headline\":\"Startklar: Dein Fortbildungsprogramm f\u00fcr einen gelungenen Berufseinstieg\",\"datePublished\":\"2022-08-02T11:40:40+00:00\",\"dateModified\":\"2025-10-10T10:22:23+00:00\",\"mainEntityOfPage\":{\"@id\":\"https:\\\/\\\/lehrer-werden-in-sachsen.de\\\/startklar-dein-fortbildungsprogramm-fuer-einen-gelungenen-berufseinstieg\\\/\"},\"wordCount\":503,\"publisher\":{\"@id\":\"https:\\\/\\\/lehrer-werden-in-sachsen.de\\\/#organization\"},\"image\":{\"@id\":\"https:\\\/\\\/lehrer-werden-in-sachsen.de\\\/startklar-dein-fortbildungsprogramm-fuer-einen-gelungenen-berufseinstieg\\\/#primaryimage\"},\"thumbnailUrl\":\"https:\\\/\\\/lehrer-werden-in-sachsen.de\\\/stage\\\/wp-content\\\/uploads\\\/2022\\\/03\\\/klassenraum-computer-totale.jpeg\",\"keywords\":[\"Berufseinstieg\",\"Fortbildung\"],\"articleSection\":[\"Blog\"],\"inLanguage\":\"de\"},{\"@type\":\"WebPage\",\"@id\":\"https:\\\/\\\/lehrer-werden-in-sachsen.de\\\/startklar-dein-fortbildungsprogramm-fuer-einen-gelungenen-berufseinstieg\\\/\",\"url\":\"https:\\\/\\\/lehrer-werden-in-sachsen.de\\\/startklar-dein-fortbildungsprogramm-fuer-einen-gelungenen-berufseinstieg\\\/\",\"name\":\"LEHRERIN SACHSEN | Das startklar-Programm f\u00fcr deinen Berufseinstieg\",\"isPartOf\":{\"@id\":\"https:\\\/\\\/lehrer-werden-in-sachsen.de\\\/#website\"},\"primaryImageOfPage\":{\"@id\":\"https:\\\/\\\/lehrer-werden-in-sachsen.de\\\/startklar-dein-fortbildungsprogramm-fuer-einen-gelungenen-berufseinstieg\\\/#primaryimage\"},\"image\":{\"@id\":\"https:\\\/\\\/lehrer-werden-in-sachsen.de\\\/startklar-dein-fortbildungsprogramm-fuer-einen-gelungenen-berufseinstieg\\\/#primaryimage\"},\"thumbnailUrl\":\"https:\\\/\\\/lehrer-werden-in-sachsen.de\\\/stage\\\/wp-content\\\/uploads\\\/2022\\\/03\\\/klassenraum-computer-totale.jpeg\",\"datePublished\":\"2022-08-02T11:40:40+00:00\",\"dateModified\":\"2025-10-10T10:22:23+00:00\",\"description\":\"Du startest gerade neu als Lehrerin oder Lehrer? Dann nimm an startklar teil, der berufsbegleitenden Fortbildung f\u00fcr deinen Berufseinstieg.\",\"breadcrumb\":{\"@id\":\"https:\\\/\\\/lehrer-werden-in-sachsen.de\\\/startklar-dein-fortbildungsprogramm-fuer-einen-gelungenen-berufseinstieg\\\/#breadcrumb\"},\"inLanguage\":\"de\",\"potentialAction\":[{\"@type\":\"ReadAction\",\"target\":[\"https:\\\/\\\/lehrer-werden-in-sachsen.de\\\/startklar-dein-fortbildungsprogramm-fuer-einen-gelungenen-berufseinstieg\\\/\"]}]},{\"@type\":\"ImageObject\",\"inLanguage\":\"de\",\"@id\":\"https:\\\/\\\/lehrer-werden-in-sachsen.de\\\/startklar-dein-fortbildungsprogramm-fuer-einen-gelungenen-berufseinstieg\\\/#primaryimage\",\"url\":\"https:\\\/\\\/lehrer-werden-in-sachsen.de\\\/stage\\\/wp-content\\\/uploads\\\/2022\\\/03\\\/klassenraum-computer-totale.jpeg\",\"contentUrl\":\"https:\\\/\\\/lehrer-werden-in-sachsen.de\\\/stage\\\/wp-content\\\/uploads\\\/2022\\\/03\\\/klassenraum-computer-totale.jpeg\",\"width\":1920,\"height\":970,\"caption\":\"Reihe von Computerarbeitspl\u00e4tzen mit Monitoren und Tastaturen in einem Klassenraum.\"},{\"@type\":\"BreadcrumbList\",\"@id\":\"https:\\\/\\\/lehrer-werden-in-sachsen.de\\\/startklar-dein-fortbildungsprogramm-fuer-einen-gelungenen-berufseinstieg\\\/#breadcrumb\",\"itemListElement\":[{\"@type\":\"ListItem\",\"position\":1,\"name\":\"Startseite\",\"item\":\"https:\\\/\\\/lehrer-werden-in-sachsen.de\\\/\"},{\"@type\":\"ListItem\",\"position\":2,\"name\":\"Startklar: Dein Fortbildungsprogramm f\u00fcr einen gelungenen Berufseinstieg\"}]},{\"@type\":\"WebSite\",\"@id\":\"https:\\\/\\\/lehrer-werden-in-sachsen.de\\\/#website\",\"url\":\"https:\\\/\\\/lehrer-werden-in-sachsen.de\\\/\",\"name\":\"LEHRERIN SACHSEN\",\"description\":\"Eine Klasse f\u00fcr sich.\",\"publisher\":{\"@id\":\"https:\\\/\\\/lehrer-werden-in-sachsen.de\\\/#organization\"},\"potentialAction\":[{\"@type\":\"SearchAction\",\"target\":{\"@type\":\"EntryPoint\",\"urlTemplate\":\"https:\\\/\\\/lehrer-werden-in-sachsen.de\\\/?s={search_term_string}\"},\"query-input\":{\"@type\":\"PropertyValueSpecification\",\"valueRequired\":true,\"valueName\":\"search_term_string\"}}],\"inLanguage\":\"de\"},{\"@type\":\"Organization\",\"@id\":\"https:\\\/\\\/lehrer-werden-in-sachsen.de\\\/#organization\",\"name\":\"LEHRERIN SACHSEN\",\"url\":\"https:\\\/\\\/lehrer-werden-in-sachsen.de\\\/\",\"logo\":{\"@type\":\"ImageObject\",\"inLanguage\":\"de\",\"@id\":\"https:\\\/\\\/lehrer-werden-in-sachsen.de\\\/#\\\/schema\\\/logo\\\/image\\\/\",\"url\":\"https:\\\/\\\/lehrer-werden-in-sachsen.de\\\/stage\\\/wp-content\\\/uploads\\\/2022\\\/02\\\/SMK_Leherin-Sachsen-Marke_RGB_Violett-Orange.svg\",\"contentUrl\":\"https:\\\/\\\/lehrer-werden-in-sachsen.de\\\/stage\\\/wp-content\\\/uploads\\\/2022\\\/02\\\/SMK_Leherin-Sachsen-Marke_RGB_Violett-Orange.svg\",\"caption\":\"LEHRERIN SACHSEN\"},\"image\":{\"@id\":\"https:\\\/\\\/lehrer-werden-in-sachsen.de\\\/#\\\/schema\\\/logo\\\/image\\\/\"}},{\"@type\":\"Person\",\"@id\":\"https:\\\/\\\/lehrer-werden-in-sachsen.de\\\/#\\\/schema\\\/person\\\/17883156f746a320663017f3cbd09228\",\"name\":\"Janne Thiemann\",\"image\":{\"@type\":\"ImageObject\",\"inLanguage\":\"de\",\"@id\":\"https:\\\/\\\/secure.gravatar.com\\\/avatar\\\/9b2b6dd775eb33f959f490ecaab911a9c09b6704c5f3ba07cd988ffc8f1b29fc?s=96&d=mm&r=g\",\"url\":\"https:\\\/\\\/secure.gravatar.com\\\/avatar\\\/9b2b6dd775eb33f959f490ecaab911a9c09b6704c5f3ba07cd988ffc8f1b29fc?s=96&d=mm&r=g\",\"contentUrl\":\"https:\\\/\\\/secure.gravatar.com\\\/avatar\\\/9b2b6dd775eb33f959f490ecaab911a9c09b6704c5f3ba07cd988ffc8f1b29fc?s=96&d=mm&r=g\",\"caption\":\"Janne Thiemann\"},\"url\":\"https:\\\/\\\/lehrer-werden-in-sachsen.de\\\/stage\\\/author\\\/janne-thiemann\\\/\"}]}<\/script>\n<!-- \/ Yoast SEO plugin. -->","yoast_head_json":{"title":"LEHRERIN SACHSEN | Das startklar-Programm f\u00fcr deinen Berufseinstieg","description":"Du startest gerade neu als Lehrerin oder Lehrer? Dann nimm an startklar teil, der berufsbegleitenden Fortbildung f\u00fcr deinen Berufseinstieg.","robots":{"index":"index","follow":"follow","max-snippet":"max-snippet:-1","max-image-preview":"max-image-preview:large","max-video-preview":"max-video-preview:-1"},"canonical":"https:\/\/lehrer-werden-in-sachsen.de\/startklar-dein-fortbildungsprogramm-fuer-einen-gelungenen-berufseinstieg\/","og_locale":"de_DE","og_type":"article","og_title":"LEHRERIN SACHSEN | Das startklar-Programm f\u00fcr deinen Berufseinstieg","og_description":"Du startest gerade neu als Lehrerin oder Lehrer? Dann nimm an startklar teil, der berufsbegleitenden Fortbildung f\u00fcr deinen Berufseinstieg.","og_url":"https:\/\/lehrer-werden-in-sachsen.de\/startklar-dein-fortbildungsprogramm-fuer-einen-gelungenen-berufseinstieg\/","og_site_name":"LEHRERIN SACHSEN","article_published_time":"2022-08-02T11:40:40+00:00","article_modified_time":"2025-10-10T10:22:23+00:00","og_image":[{"width":1920,"height":970,"url":"https:\/\/lehrer-werden-in-sachsen.de\/wp-content\/uploads\/2022\/03\/klassenraum-computer-totale.jpeg","type":"image\/jpeg"}],"author":"Janne Thiemann","twitter_card":"summary_large_image","twitter_misc":{"Verfasst von":"Janne Thiemann","Gesch\u00e4tzte Lesezeit":"3\u00a0Minuten"},"schema":{"@context":"https:\/\/schema.org","@graph":[{"@type":"Article","@id":"https:\/\/lehrer-werden-in-sachsen.de\/startklar-dein-fortbildungsprogramm-fuer-einen-gelungenen-berufseinstieg\/#article","isPartOf":{"@id":"https:\/\/lehrer-werden-in-sachsen.de\/startklar-dein-fortbildungsprogramm-fuer-einen-gelungenen-berufseinstieg\/"},"author":{"name":"Janne Thiemann","@id":"https:\/\/lehrer-werden-in-sachsen.de\/#\/schema\/person\/17883156f746a320663017f3cbd09228"},"headline":"Startklar: Dein Fortbildungsprogramm f\u00fcr einen gelungenen Berufseinstieg","datePublished":"2022-08-02T11:40:40+00:00","dateModified":"2025-10-10T10:22:23+00:00","mainEntityOfPage":{"@id":"https:\/\/lehrer-werden-in-sachsen.de\/startklar-dein-fortbildungsprogramm-fuer-einen-gelungenen-berufseinstieg\/"},"wordCount":503,"publisher":{"@id":"https:\/\/lehrer-werden-in-sachsen.de\/#organization"},"image":{"@id":"https:\/\/lehrer-werden-in-sachsen.de\/startklar-dein-fortbildungsprogramm-fuer-einen-gelungenen-berufseinstieg\/#primaryimage"},"thumbnailUrl":"https:\/\/lehrer-werden-in-sachsen.de\/stage\/wp-content\/uploads\/2022\/03\/klassenraum-computer-totale.jpeg","keywords":["Berufseinstieg","Fortbildung"],"articleSection":["Blog"],"inLanguage":"de"},{"@type":"WebPage","@id":"https:\/\/lehrer-werden-in-sachsen.de\/startklar-dein-fortbildungsprogramm-fuer-einen-gelungenen-berufseinstieg\/","url":"https:\/\/lehrer-werden-in-sachsen.de\/startklar-dein-fortbildungsprogramm-fuer-einen-gelungenen-berufseinstieg\/","name":"LEHRERIN SACHSEN | Das startklar-Programm f\u00fcr deinen Berufseinstieg","isPartOf":{"@id":"https:\/\/lehrer-werden-in-sachsen.de\/#website"},"primaryImageOfPage":{"@id":"https:\/\/lehrer-werden-in-sachsen.de\/startklar-dein-fortbildungsprogramm-fuer-einen-gelungenen-berufseinstieg\/#primaryimage"},"image":{"@id":"https:\/\/lehrer-werden-in-sachsen.de\/startklar-dein-fortbildungsprogramm-fuer-einen-gelungenen-berufseinstieg\/#primaryimage"},"thumbnailUrl":"https:\/\/lehrer-werden-in-sachsen.de\/stage\/wp-content\/uploads\/2022\/03\/klassenraum-computer-totale.jpeg","datePublished":"2022-08-02T11:40:40+00:00","dateModified":"2025-10-10T10:22:23+00:00","description":"Du startest gerade neu als Lehrerin oder Lehrer? Dann nimm an startklar teil, der berufsbegleitenden Fortbildung f\u00fcr deinen Berufseinstieg.","breadcrumb":{"@id":"https:\/\/lehrer-werden-in-sachsen.de\/startklar-dein-fortbildungsprogramm-fuer-einen-gelungenen-berufseinstieg\/#breadcrumb"},"inLanguage":"de","potentialAction":[{"@type":"ReadAction","target":["https:\/\/lehrer-werden-in-sachsen.de\/startklar-dein-fortbildungsprogramm-fuer-einen-gelungenen-berufseinstieg\/"]}]},{"@type":"ImageObject","inLanguage":"de","@id":"https:\/\/lehrer-werden-in-sachsen.de\/startklar-dein-fortbildungsprogramm-fuer-einen-gelungenen-berufseinstieg\/#primaryimage","url":"https:\/\/lehrer-werden-in-sachsen.de\/stage\/wp-content\/uploads\/2022\/03\/klassenraum-computer-totale.jpeg","contentUrl":"https:\/\/lehrer-werden-in-sachsen.de\/stage\/wp-content\/uploads\/2022\/03\/klassenraum-computer-totale.jpeg","width":1920,"height":970,"caption":"Reihe von Computerarbeitspl\u00e4tzen mit Monitoren und Tastaturen in einem Klassenraum."},{"@type":"BreadcrumbList","@id":"https:\/\/lehrer-werden-in-sachsen.de\/startklar-dein-fortbildungsprogramm-fuer-einen-gelungenen-berufseinstieg\/#breadcrumb","itemListElement":[{"@type":"ListItem","position":1,"name":"Startseite","item":"https:\/\/lehrer-werden-in-sachsen.de\/"},{"@type":"ListItem","position":2,"name":"Startklar: Dein Fortbildungsprogramm f\u00fcr einen gelungenen Berufseinstieg"}]},{"@type":"WebSite","@id":"https:\/\/lehrer-werden-in-sachsen.de\/#website","url":"https:\/\/lehrer-werden-in-sachsen.de\/","name":"LEHRERIN SACHSEN","description":"Eine Klasse f\u00fcr sich.","publisher":{"@id":"https:\/\/lehrer-werden-in-sachsen.de\/#organization"},"potentialAction":[{"@type":"SearchAction","target":{"@type":"EntryPoint","urlTemplate":"https:\/\/lehrer-werden-in-sachsen.de\/?s={search_term_string}"},"query-input":{"@type":"PropertyValueSpecification","valueRequired":true,"valueName":"search_term_string"}}],"inLanguage":"de"},{"@type":"Organization","@id":"https:\/\/lehrer-werden-in-sachsen.de\/#organization","name":"LEHRERIN SACHSEN","url":"https:\/\/lehrer-werden-in-sachsen.de\/","logo":{"@type":"ImageObject","inLanguage":"de","@id":"https:\/\/lehrer-werden-in-sachsen.de\/#\/schema\/logo\/image\/","url":"https:\/\/lehrer-werden-in-sachsen.de\/stage\/wp-content\/uploads\/2022\/02\/SMK_Leherin-Sachsen-Marke_RGB_Violett-Orange.svg","contentUrl":"https:\/\/lehrer-werden-in-sachsen.de\/stage\/wp-content\/uploads\/2022\/02\/SMK_Leherin-Sachsen-Marke_RGB_Violett-Orange.svg","caption":"LEHRERIN SACHSEN"},"image":{"@id":"https:\/\/lehrer-werden-in-sachsen.de\/#\/schema\/logo\/image\/"}},{"@type":"Person","@id":"https:\/\/lehrer-werden-in-sachsen.de\/#\/schema\/person\/17883156f746a320663017f3cbd09228","name":"Janne Thiemann","image":{"@type":"ImageObject","inLanguage":"de","@id":"https:\/\/secure.gravatar.com\/avatar\/9b2b6dd775eb33f959f490ecaab911a9c09b6704c5f3ba07cd988ffc8f1b29fc?s=96&d=mm&r=g","url":"https:\/\/secure.gravatar.com\/avatar\/9b2b6dd775eb33f959f490ecaab911a9c09b6704c5f3ba07cd988ffc8f1b29fc?s=96&d=mm&r=g","contentUrl":"https:\/\/secure.gravatar.com\/avatar\/9b2b6dd775eb33f959f490ecaab911a9c09b6704c5f3ba07cd988ffc8f1b29fc?s=96&d=mm&r=g","caption":"Janne Thiemann"},"url":"https:\/\/lehrer-werden-in-sachsen.de\/stage\/author\/janne-thiemann\/"}]}},"_links":{"self":[{"href":"https:\/\/lehrer-werden-in-sachsen.de\/stage\/wp-json\/wp\/v2\/posts\/7363","targetHints":{"allow":["GET"]}}],"collection":[{"href":"https:\/\/lehrer-werden-in-sachsen.de\/stage\/wp-json\/wp\/v2\/posts"}],"about":[{"href":"https:\/\/lehrer-werden-in-sachsen.de\/stage\/wp-json\/wp\/v2\/types\/post"}],"author":[{"embeddable":true,"href":"https:\/\/lehrer-werden-in-sachsen.de\/stage\/wp-json\/wp\/v2\/users\/7"}],"replies":[{"embeddable":true,"href":"https:\/\/lehrer-werden-in-sachsen.de\/stage\/wp-json\/wp\/v2\/comments?post=7363"}],"version-history":[{"count":28,"href":"https:\/\/lehrer-werden-in-sachsen.de\/stage\/wp-json\/wp\/v2\/posts\/7363\/revisions"}],"predecessor-version":[{"id":23960,"href":"https:\/\/lehrer-werden-in-sachsen.de\/stage\/wp-json\/wp\/v2\/posts\/7363\/revisions\/23960"}],"wp:featuredmedia":[{"embeddable":true,"href":"https:\/\/lehrer-werden-in-sachsen.de\/stage\/wp-json\/wp\/v2\/media\/5544"}],"wp:attachment":[{"href":"https:\/\/lehrer-werden-in-sachsen.de\/stage\/wp-json\/wp\/v2\/media?parent=7363"}],"wp:term":[{"taxonomy":"category","embeddable":true,"href":"https:\/\/lehrer-werden-in-sachsen.de\/stage\/wp-json\/wp\/v2\/categories?post=7363"},{"taxonomy":"post_tag","embeddable":true,"href":"https:\/\/lehrer-werden-in-sachsen.de\/stage\/wp-json\/wp\/v2\/tags?post=7363"}],"curies":[{"name":"wp","href":"https:\/\/api.w.org\/{rel}","templated":true}]}}