{"id":26272,"date":"2026-03-12T13:36:32","date_gmt":"2026-03-12T12:36:32","guid":{"rendered":"https:\/\/lehrer-werden-in-sachsen.de\/stage\/?p=26272"},"modified":"2026-03-12T16:26:57","modified_gmt":"2026-03-12T15:26:57","slug":"das-ist-der-alltag-als-lehrkraft-fuer-sonderpaedagogik","status":"publish","type":"post","link":"https:\/\/lehrer-werden-in-sachsen.de\/stage\/das-ist-der-alltag-als-lehrkraft-fuer-sonderpaedagogik\/","title":{"rendered":"Gro\u00dfes Herz und dickes Fell: Das braucht es im Alltag als Lehrkraft f\u00fcr Sonderp\u00e4dagogik"},"content":{"rendered":"\t\t<div data-elementor-type=\"wp-post\" data-elementor-id=\"26272\" class=\"elementor elementor-26272\" data-elementor-post-type=\"post\">\n\t\t\t\t\t\t<section class=\"elementor-section elementor-top-section elementor-element elementor-element-77dc2d3 elementor-section-boxed elementor-section-height-default elementor-section-height-default\" data-id=\"77dc2d3\" data-element_type=\"section\" data-e-type=\"section\">\n\t\t\t\t\t\t<div class=\"elementor-container elementor-column-gap-default\">\n\t\t\t\t\t<div class=\"elementor-column elementor-col-100 elementor-top-column elementor-element elementor-element-db24ebd\" data-id=\"db24ebd\" data-element_type=\"column\" data-e-type=\"column\">\n\t\t\t<div class=\"elementor-widget-wrap elementor-element-populated\">\n\t\t\t\t\t\t<div class=\"elementor-element elementor-element-8cb6e5f elementor-widget elementor-widget-text-editor\" data-id=\"8cb6e5f\" data-element_type=\"widget\" data-e-type=\"widget\" data-widget_type=\"text-editor.default\">\n\t\t\t\t<div class=\"elementor-widget-container\">\n\t\t\t\t\t\t\t\t\t<p><strong>Der Lehrberuf ist vielf\u00e4ltig und unterscheidet sich von Schulform zu Schulform. Besonders spannend: das Lehramt an F\u00f6rderschulen mit sonderp\u00e4dagogischen Schwerpunkten. Wir haben Lilly Illert und David Leistner von der <a href=\"https:\/\/www.ass-aue.de\/\" title=\"Albert-Schweitzer-Schule Aue\" target=\"_blank\" rel=\"noopener\">Albert-Schweitzer-Schule Aue<\/a> gefragt, wie sie ihren Weg in dieses interessante Lehramt gefunden haben und wie ihre t\u00e4glichen Herausforderungen und Erfolge aussehen.<\/strong><\/p>\t\t\t\t\t\t\t\t<\/div>\n\t\t\t\t<\/div>\n\t\t\t\t\t<\/div>\n\t\t<\/div>\n\t\t\t\t\t<\/div>\n\t\t<\/section>\n\t\t\t\t<section class=\"elementor-section elementor-top-section elementor-element elementor-element-7c98c9f elementor-section-boxed elementor-section-height-default elementor-section-height-default\" data-id=\"7c98c9f\" data-element_type=\"section\" data-e-type=\"section\">\n\t\t\t\t\t\t<div class=\"elementor-container elementor-column-gap-default\">\n\t\t\t\t\t<div class=\"elementor-column elementor-col-100 elementor-top-column elementor-element elementor-element-c34fa70\" data-id=\"c34fa70\" data-element_type=\"column\" data-e-type=\"column\">\n\t\t\t<div class=\"elementor-widget-wrap elementor-element-populated\">\n\t\t\t\t\t\t\t<\/div>\n\t\t<\/div>\n\t\t\t\t\t<\/div>\n\t\t<\/section>\n\t\t\t\t<section class=\"elementor-section elementor-top-section elementor-element elementor-element-20f5d6f elementor-section-boxed elementor-section-height-default elementor-section-height-default\" data-id=\"20f5d6f\" data-element_type=\"section\" data-e-type=\"section\">\n\t\t\t\t\t\t<div class=\"elementor-container elementor-column-gap-default\">\n\t\t\t\t\t<div class=\"elementor-column elementor-col-100 elementor-top-column elementor-element elementor-element-387bff1\" data-id=\"387bff1\" data-element_type=\"column\" data-e-type=\"column\">\n\t\t\t<div class=\"elementor-widget-wrap elementor-element-populated\">\n\t\t\t\t\t\t<div class=\"elementor-element elementor-element-ea92e7e elementor-widget elementor-widget-text-editor\" data-id=\"ea92e7e\" data-element_type=\"widget\" data-e-type=\"widget\" data-widget_type=\"text-editor.default\">\n\t\t\t\t<div class=\"elementor-widget-container\">\n\t\t\t\t\t\t\t\t\t<p><strong>Hallo Lilly, hallo David! Ihr seid beide Lehrkr\u00e4fte f\u00fcr Sonderp\u00e4dagogik an der Albert-Schweitzer-Schule Aue. Was hat euch motiviert, euch f\u00fcr diesen Beruf zu entscheiden?<\/strong><\/p><p><strong>\u00a0<\/strong><\/p><p><strong>Lilly Illert:<\/strong> Ich hatte schon lange das Gef\u00fchl, dass ich mit Menschen arbeiten und ihnen etwas beibringen m\u00f6chte. Da lag die Idee, Lehrerin zu werden, immer nahe. Die ersten Erfahrungen, die ich in diese Richtung gesammelt habe, haben meine Intuition dann best\u00e4tigt. Damit war mir irgendwann klar: Ich m\u00f6chte das.<\/p><p>\u00a0<\/p><p><strong>David Leistner:<\/strong> Ich habe mich beruflich zuerst ein wenig ausprobiert. Nach einem Praktikum in einem klassischen B\u00fcrojob habe ich \u00fcber mich gelernt: Ich m\u00f6chte nicht acht Stunden am Tag vor einem Computer sitzen. Au\u00dferdem hatte ich Vorbilder und Ermutigung aus meinem Umfeld: Meine Mutter ist Lehrerin, und einer meiner Lehrer am Gymnasium hat mir nahegelegt, selbst Lehrkraft zu werden.<\/p><p>\u00a0<\/p>\t\t\t\t\t\t\t\t<\/div>\n\t\t\t\t<\/div>\n\t\t\t\t\t<\/div>\n\t\t<\/div>\n\t\t\t\t\t<\/div>\n\t\t<\/section>\n\t\t\t\t<section class=\"elementor-section elementor-top-section elementor-element elementor-element-c846dab elementor-section-boxed elementor-section-height-default elementor-section-height-default\" data-id=\"c846dab\" data-element_type=\"section\" data-e-type=\"section\">\n\t\t\t\t\t\t<div class=\"elementor-container elementor-column-gap-default\">\n\t\t\t\t\t<div class=\"elementor-column elementor-col-100 elementor-top-column elementor-element elementor-element-b14ca4b\" data-id=\"b14ca4b\" data-element_type=\"column\" data-e-type=\"column\">\n\t\t\t<div class=\"elementor-widget-wrap elementor-element-populated\">\n\t\t\t\t\t\t<div class=\"elementor-element elementor-element-e800f3d elementor-widget elementor-widget-text-editor\" data-id=\"e800f3d\" data-element_type=\"widget\" data-e-type=\"widget\" data-widget_type=\"text-editor.default\">\n\t\t\t\t<div class=\"elementor-widget-container\">\n\t\t\t\t\t\t\t\t\t<p><strong>Was hat euch an der Spezialisierung auf Sonderp\u00e4dagogik gereizt?<\/strong><\/p><p><strong>\u00a0<\/strong><\/p><p><strong>David:<\/strong> Als ich mich mit den m\u00f6glichen Schwerpunkten besch\u00e4ftigt habe, habe ich erkannt, dass das Lehramt an einer <a href=\"https:\/\/lehrer-werden-in-sachsen.de\/schulart-finden\/\" title=\"Schulart finden\" data-auto-event-observed=\"true\">F\u00f6rderschule<\/a> sehr abwechslungsreich ist. An einer Regelschule w\u00fcrde ich mich auf meine zwei Schwerpunktf\u00e4cher konzentrieren. An der F\u00f6rderschule bekomme ich die Gelegenheit, die unterschiedlichsten F\u00e4cher zu unterrichten. Das finde ich spannend.<\/p><p>\u00a0<\/p><p><strong>Lilly:<\/strong> Mich reizt der Fokus auf P\u00e4dagogik. An der F\u00f6rderschule geht es immer stark um den einzelnen Sch\u00fcler oder die Sch\u00fclerin. Was braucht er oder sie, um Zugang zu einem Thema zu finden? Welche Lehrmethode funktioniert jeweils am besten? Deshalb arbeite ich auch im mobilen sonderp\u00e4dagogischen Dienst unserer Schule. Ich besuche andere Schulen und pr\u00fcfe, ob die Kinder dort <a href=\"https:\/\/lehrer-werden-in-sachsen.de\/foerderschwerpunkt-emotionale-und-soziale-entwicklung\/\" title=\"F\u00f6rderschwerpunkt emotionale und soziale Entwicklung: \u201eWir geben niemanden auf!\u201c\" data-auto-event-observed=\"true\">sonderp\u00e4dagogische F\u00f6rderung<\/a> brauchen und zum Beispiel f\u00fcr einen Platz hier in Aue in Frage kommen.<\/p><p>\u00a0<\/p>\t\t\t\t\t\t\t\t<\/div>\n\t\t\t\t<\/div>\n\t\t\t\t\t<\/div>\n\t\t<\/div>\n\t\t\t\t\t<\/div>\n\t\t<\/section>\n\t\t\t\t<section class=\"elementor-section elementor-top-section elementor-element elementor-element-e4edff6 elementor-section-boxed elementor-section-height-default elementor-section-height-default\" data-id=\"e4edff6\" data-element_type=\"section\" data-e-type=\"section\">\n\t\t\t\t\t\t<div class=\"elementor-container elementor-column-gap-default\">\n\t\t\t\t\t<div class=\"elementor-column elementor-col-100 elementor-top-column elementor-element elementor-element-8bfd0cd\" data-id=\"8bfd0cd\" data-element_type=\"column\" data-e-type=\"column\">\n\t\t\t<div class=\"elementor-widget-wrap elementor-element-populated\">\n\t\t\t\t\t\t<div class=\"elementor-element elementor-element-9037167 elementor-widget elementor-widget-text-editor\" data-id=\"9037167\" data-element_type=\"widget\" data-e-type=\"widget\" data-widget_type=\"text-editor.default\">\n\t\t\t\t<div class=\"elementor-widget-container\">\n\t\t\t\t\t\t\t\t\t<p><strong>Was hat euch motiviert, euch als Lehrkraft in Sachsen zu bewerben?<\/strong><\/p><p><strong>\u00a0<\/strong><\/p><p><strong>Lilly:<\/strong> Sachsen ist sehr sch\u00f6n! Das gilt f\u00fcr die gro\u00dfen Metropolen wie <a href=\"https:\/\/lehrer-werden-in-sachsen.de\/sachsen-erleben\/leipzig\/\" title=\"Leipzig\" data-auto-event-observed=\"true\">Leipzig<\/a> und <a href=\"https:\/\/lehrer-werden-in-sachsen.de\/sachsen-erleben\/dresden\/\" title=\"Dresden\" data-auto-event-observed=\"true\">Dresden<\/a> genauso wie f\u00fcr den l\u00e4ndlichen und kleinst\u00e4dtischen Raum wie in Aue. Gerade, wenn man nicht unbedingt ein Gro\u00dfstadtmensch ist, wenn man eine Familie gr\u00fcnden oder ein Haus bauen m\u00f6chte, sind die Bedingungen hier ideal. Und meistens ist die n\u00e4chste Gro\u00dfstadt trotzdem nicht weit weg.<\/p><p>\u00a0<\/p><p><strong>David:<\/strong> Stimmt, das mit dem Familie-Gr\u00fcnden kann ich als verheirateter Mann best\u00e4tigen. Hinzu kommt: Sowohl Lilly als auch ich stammen beide aus dem <a href=\"https:\/\/lehrer-werden-in-sachsen.de\/sachsen-erleben\/erzgebirgskreis\/\" title=\"Erzgebirgskreis\" data-auto-event-observed=\"true\">Erzgebirge<\/a>. F\u00fcr das Studium sind wir zwischendurch nach Leipzig gezogen. Uns war aber beiden unabh\u00e4ngig voneinander klar, dass wir danach zur\u00fcck in die Region m\u00f6chten. Ein bisschen Lokalpatriotismus war also auch dabei.<\/p><p>\u00a0<\/p>\t\t\t\t\t\t\t\t<\/div>\n\t\t\t\t<\/div>\n\t\t\t\t\t<\/div>\n\t\t<\/div>\n\t\t\t\t\t<\/div>\n\t\t<\/section>\n\t\t\t\t<section class=\"elementor-section elementor-top-section elementor-element elementor-element-de98f01 elementor-section-boxed elementor-section-height-default elementor-section-height-default\" data-id=\"de98f01\" data-element_type=\"section\" data-e-type=\"section\">\n\t\t\t\t\t\t<div class=\"elementor-container elementor-column-gap-default\">\n\t\t\t\t\t<div class=\"elementor-column elementor-col-100 elementor-top-column elementor-element elementor-element-78809f5\" data-id=\"78809f5\" data-element_type=\"column\" data-e-type=\"column\">\n\t\t\t<div class=\"elementor-widget-wrap elementor-element-populated\">\n\t\t\t\t\t\t<div class=\"elementor-element elementor-element-2cc038c elementor-widget elementor-widget-image\" data-id=\"2cc038c\" data-element_type=\"widget\" data-e-type=\"widget\" data-widget_type=\"image.default\">\n\t\t\t\t<div class=\"elementor-widget-container\">\n\t\t\t\t\t\t\t\t\t\t\t\t\t\t\t<img fetchpriority=\"high\" decoding=\"async\" width=\"1024\" height=\"341\" src=\"https:\/\/lehrer-werden-in-sachsen.de\/stage\/wp-content\/uploads\/2026\/03\/SMK-Blog-Artikelbild_1200x400px_Aue-\u2013-3-1024x341.jpg\" class=\"attachment-large size-large wp-image-26320\" alt=\"Eingangsgeb\u00e4ude einer Schule mit gelb verputzter Fassade.\" srcset=\"https:\/\/lehrer-werden-in-sachsen.de\/stage\/wp-content\/uploads\/2026\/03\/SMK-Blog-Artikelbild_1200x400px_Aue-\u2013-3-1024x341.jpg 1024w, https:\/\/lehrer-werden-in-sachsen.de\/stage\/wp-content\/uploads\/2026\/03\/SMK-Blog-Artikelbild_1200x400px_Aue-\u2013-3-300x100.jpg 300w, https:\/\/lehrer-werden-in-sachsen.de\/stage\/wp-content\/uploads\/2026\/03\/SMK-Blog-Artikelbild_1200x400px_Aue-\u2013-3-768x256.jpg 768w, https:\/\/lehrer-werden-in-sachsen.de\/stage\/wp-content\/uploads\/2026\/03\/SMK-Blog-Artikelbild_1200x400px_Aue-\u2013-3.jpg 1200w\" sizes=\"(max-width: 1024px) 100vw, 1024px\" \/>\t\t\t\t\t\t\t\t\t\t\t\t\t\t\t<\/div>\n\t\t\t\t<\/div>\n\t\t\t\t\t<\/div>\n\t\t<\/div>\n\t\t\t\t\t<\/div>\n\t\t<\/section>\n\t\t\t\t<section class=\"elementor-section elementor-top-section elementor-element elementor-element-e7fc051 elementor-section-boxed elementor-section-height-default elementor-section-height-default\" data-id=\"e7fc051\" data-element_type=\"section\" data-e-type=\"section\">\n\t\t\t\t\t\t<div class=\"elementor-container elementor-column-gap-default\">\n\t\t\t\t\t<div class=\"elementor-column elementor-col-100 elementor-top-column elementor-element elementor-element-44ae43e\" data-id=\"44ae43e\" data-element_type=\"column\" data-e-type=\"column\">\n\t\t\t<div class=\"elementor-widget-wrap elementor-element-populated\">\n\t\t\t\t\t\t<div class=\"elementor-element elementor-element-6cdd133 elementor-widget elementor-widget-text-editor\" data-id=\"6cdd133\" data-element_type=\"widget\" data-e-type=\"widget\" data-widget_type=\"text-editor.default\">\n\t\t\t\t<div class=\"elementor-widget-container\">\n\t\t\t\t\t\t\t\t\t<p><em>Nur wenige Tage vor dem Tod Albert Schweitzers erreichte die F\u00f6rderschule in Aue-Bad Schlema ein Brief des Friedensnobelpreistr\u00e4gers, dass sie seinen Namen tragen darf. Wom\u00f6glich war dieser Brief eines der letzten Schriftst\u00fccke Albert Schweitzers.\u00a0<\/em><em>Foto: Max Sch\u00f6ne<\/em><\/p>\t\t\t\t\t\t\t\t<\/div>\n\t\t\t\t<\/div>\n\t\t\t\t\t<\/div>\n\t\t<\/div>\n\t\t\t\t\t<\/div>\n\t\t<\/section>\n\t\t\t\t<section class=\"elementor-section elementor-top-section elementor-element elementor-element-8494dd8 elementor-section-boxed elementor-section-height-default elementor-section-height-default\" data-id=\"8494dd8\" data-element_type=\"section\" data-e-type=\"section\">\n\t\t\t\t\t\t<div class=\"elementor-container elementor-column-gap-default\">\n\t\t\t\t\t<div class=\"elementor-column elementor-col-100 elementor-top-column elementor-element elementor-element-75681dd\" data-id=\"75681dd\" data-element_type=\"column\" data-e-type=\"column\">\n\t\t\t<div class=\"elementor-widget-wrap elementor-element-populated\">\n\t\t\t\t\t\t<div class=\"elementor-element elementor-element-fdc2388 elementor-widget elementor-widget-text-editor\" data-id=\"fdc2388\" data-element_type=\"widget\" data-e-type=\"widget\" data-widget_type=\"text-editor.default\">\n\t\t\t\t<div class=\"elementor-widget-container\">\n\t\t\t\t\t\t\t\t\t<p><strong>Was sind aus eurer Sicht die gr\u00f6\u00dften Vorteile am Lehramt f\u00fcr Sonderp\u00e4dagogik an einer F\u00f6rderschule?<\/strong><\/p><p><strong>\u00a0<\/strong><\/p><p><strong>David:<\/strong> Dass es eine so sinnstiftende Arbeit ist. Die Kinder bei uns tun sich vor allem mit dem Lernen an sich schwer. Das macht das Unterrichten anstrengender. Daf\u00fcr erlebt man <a href=\"https:\/\/lehrer-werden-in-sachsen.de\/inspirieren-lassen\/\" title=\"Inspirieren lassen\" data-auto-event-observed=\"true\">Erfolge<\/a>, wenn sie zum Beispiel einen bestimmten Inhalt begreifen, umso intensiver. Das ist sehr befriedigend. Ab und zu kommen ehemalige Sch\u00fclerinnen und Sch\u00fcler zu Besuch und erz\u00e4hlen, was sie seit dem Abschluss erreicht haben, dass sie etwa eine Ausbildung abgeschlossen haben. Da merkt man, dass man einem Leben tats\u00e4chlich eine positive Wendung geben kann.<\/p><p>\u00a0<\/p><p><strong>Lilly:<\/strong> Das geht mir genauso. Trotz aller Anstrengungen bekommt man von den Kindern unglaublich viel zur\u00fcck. Man schafft ihnen in der F\u00f6rderschule ein St\u00fcck weit ein sicheres Umfeld, das einige zu Hause nicht unbedingt haben. Dazu tragen auch die reduzierten Klassengr\u00f6\u00dfen bei. An der F\u00f6rderschule darf eine Klasse nicht mehr als 18 Sch\u00fclerinnen und Sch\u00fcler umfassen. So hat man mehr Zeit f\u00fcr jedes einzelne Kind.<\/p><p>\u00a0<\/p>\t\t\t\t\t\t\t\t<\/div>\n\t\t\t\t<\/div>\n\t\t\t\t\t<\/div>\n\t\t<\/div>\n\t\t\t\t\t<\/div>\n\t\t<\/section>\n\t\t\t\t<section class=\"elementor-section elementor-top-section elementor-element elementor-element-f54ddd9 elementor-section-boxed elementor-section-height-default elementor-section-height-default\" data-id=\"f54ddd9\" data-element_type=\"section\" data-e-type=\"section\">\n\t\t\t\t\t\t<div class=\"elementor-container elementor-column-gap-default\">\n\t\t\t\t\t<div class=\"elementor-column elementor-col-100 elementor-top-column elementor-element elementor-element-85afb81\" data-id=\"85afb81\" data-element_type=\"column\" data-e-type=\"column\">\n\t\t\t<div class=\"elementor-widget-wrap elementor-element-populated\">\n\t\t\t\t\t\t<div class=\"elementor-element elementor-element-b2858cb elementor-widget elementor-widget-text-editor\" data-id=\"b2858cb\" data-element_type=\"widget\" data-e-type=\"widget\" data-widget_type=\"text-editor.default\">\n\t\t\t\t<div class=\"elementor-widget-container\">\n\t\t\t\t\t\t\t\t\t<p><strong>Und was sind die gr\u00f6\u00dften Herausforderungen?<\/strong><\/p><p><strong>\u00a0<\/strong><\/p><p><strong>Lilly:<\/strong> Der Fokus auf das P\u00e4dagogische ist anspruchsvoll. Es reicht nicht, sich eine bestimmte Lehrmethode zurecht zu legen und sich auf ihr auszuruhen. Unterschiedliche Kinder kommen mit individuellen Lernschwierigkeiten zu uns. Da muss man denselben Inhalt wom\u00f6glich auf drei, vier unterschiedliche Arten aufbereiten, damit jedes Kind einen Zugang dazu findet. Man muss viel Geduld und Kreativit\u00e4t mitbringen oder sich aneignen.<\/p><p>\u00a0<\/p><p><strong>David:<\/strong> Und nat\u00fcrlich fordert die Arbeit einen emotional. Viele Kinder bringen ihre Lasten von au\u00dferhalb der F\u00f6rderschule mit, zum Beispiel famili\u00e4re Schwierigkeiten oder Mobbingerfahrungen aus ihrer alten Schule. All das muss man in der t\u00e4glichen Arbeit ber\u00fccksichtigen und navigieren.<\/p><p>\u00a0<\/p>\t\t\t\t\t\t\t\t<\/div>\n\t\t\t\t<\/div>\n\t\t\t\t\t<\/div>\n\t\t<\/div>\n\t\t\t\t\t<\/div>\n\t\t<\/section>\n\t\t\t\t<section class=\"elementor-section elementor-top-section elementor-element elementor-element-6e7b807 elementor-section-boxed elementor-section-height-default elementor-section-height-default\" data-id=\"6e7b807\" data-element_type=\"section\" data-e-type=\"section\">\n\t\t\t\t\t\t<div class=\"elementor-container elementor-column-gap-default\">\n\t\t\t\t\t<div class=\"elementor-column elementor-col-100 elementor-top-column elementor-element elementor-element-3a76a44\" data-id=\"3a76a44\" data-element_type=\"column\" data-e-type=\"column\">\n\t\t\t<div class=\"elementor-widget-wrap elementor-element-populated\">\n\t\t\t\t\t\t<div class=\"elementor-element elementor-element-765885e elementor-widget elementor-widget-image\" data-id=\"765885e\" data-element_type=\"widget\" data-e-type=\"widget\" data-widget_type=\"image.default\">\n\t\t\t\t<div class=\"elementor-widget-container\">\n\t\t\t\t\t\t\t\t\t\t\t\t\t\t\t<img decoding=\"async\" width=\"1024\" height=\"341\" src=\"https:\/\/lehrer-werden-in-sachsen.de\/stage\/wp-content\/uploads\/2026\/03\/SMK-Blog-Artikelbild_1200x400px_Aue-\u2013-2-1024x341.jpg\" class=\"attachment-large size-large wp-image-26319\" alt=\"Tafel der Albert-Schweitzer-Schule mit F\u00f6rderschwerpunkt Lernen an einer gelb verputzten Fassade. Dar\u00fcber ein weiteres Schild mit der Aufschrift: Schule ohne Rassismus, Schule mit Courage\" srcset=\"https:\/\/lehrer-werden-in-sachsen.de\/stage\/wp-content\/uploads\/2026\/03\/SMK-Blog-Artikelbild_1200x400px_Aue-\u2013-2-1024x341.jpg 1024w, https:\/\/lehrer-werden-in-sachsen.de\/stage\/wp-content\/uploads\/2026\/03\/SMK-Blog-Artikelbild_1200x400px_Aue-\u2013-2-300x100.jpg 300w, https:\/\/lehrer-werden-in-sachsen.de\/stage\/wp-content\/uploads\/2026\/03\/SMK-Blog-Artikelbild_1200x400px_Aue-\u2013-2-768x256.jpg 768w, https:\/\/lehrer-werden-in-sachsen.de\/stage\/wp-content\/uploads\/2026\/03\/SMK-Blog-Artikelbild_1200x400px_Aue-\u2013-2.jpg 1200w\" sizes=\"(max-width: 1024px) 100vw, 1024px\" \/>\t\t\t\t\t\t\t\t\t\t\t\t\t\t\t<\/div>\n\t\t\t\t<\/div>\n\t\t\t\t\t<\/div>\n\t\t<\/div>\n\t\t\t\t\t<\/div>\n\t\t<\/section>\n\t\t\t\t<section class=\"elementor-section elementor-top-section elementor-element elementor-element-0e68e84 elementor-section-boxed elementor-section-height-default elementor-section-height-default\" data-id=\"0e68e84\" data-element_type=\"section\" data-e-type=\"section\">\n\t\t\t\t\t\t<div class=\"elementor-container elementor-column-gap-default\">\n\t\t\t\t\t<div class=\"elementor-column elementor-col-100 elementor-top-column elementor-element elementor-element-71d1c4a\" data-id=\"71d1c4a\" data-element_type=\"column\" data-e-type=\"column\">\n\t\t\t<div class=\"elementor-widget-wrap elementor-element-populated\">\n\t\t\t\t\t\t<div class=\"elementor-element elementor-element-5395741 elementor-widget elementor-widget-text-editor\" data-id=\"5395741\" data-element_type=\"widget\" data-e-type=\"widget\" data-widget_type=\"text-editor.default\">\n\t\t\t\t<div class=\"elementor-widget-container\">\n\t\t\t\t\t\t\t\t\t<p><em>Der Leitspruch \u201eDas einzig Wichtige im Leben sind die Spuren von Liebe, die wir hinterlassen\u201c von Albert Schweitzer pr\u00e4gt die t\u00e4gliche Arbeit mit Sch\u00fclerinnen und Sch\u00fclern an der nach ihm benannten Schule.\u00a0<\/em><em>Foto: Max Sch\u00f6ne<\/em><\/p>\t\t\t\t\t\t\t\t<\/div>\n\t\t\t\t<\/div>\n\t\t\t\t\t<\/div>\n\t\t<\/div>\n\t\t\t\t\t<\/div>\n\t\t<\/section>\n\t\t\t\t<section class=\"elementor-section elementor-top-section elementor-element elementor-element-33b66b8 elementor-section-boxed elementor-section-height-default elementor-section-height-default\" data-id=\"33b66b8\" data-element_type=\"section\" data-e-type=\"section\">\n\t\t\t\t\t\t<div class=\"elementor-container elementor-column-gap-default\">\n\t\t\t\t\t<div class=\"elementor-column elementor-col-100 elementor-top-column elementor-element elementor-element-413bdc0\" data-id=\"413bdc0\" data-element_type=\"column\" data-e-type=\"column\">\n\t\t\t<div class=\"elementor-widget-wrap elementor-element-populated\">\n\t\t\t\t\t\t<div class=\"elementor-element elementor-element-77fb89d elementor-widget elementor-widget-text-editor\" data-id=\"77fb89d\" data-element_type=\"widget\" data-e-type=\"widget\" data-widget_type=\"text-editor.default\">\n\t\t\t\t<div class=\"elementor-widget-container\">\n\t\t\t\t\t\t\t\t\t<p><strong>Welche Eigenschaften braucht man, um als Lehrkraft f\u00fcr Sonderp\u00e4dagogik arbeiten zu k\u00f6nnen?<\/strong><\/p><p><strong>\u00a0<\/strong><\/p><p><strong>David:<\/strong> Ich glaube, man braucht ein <a href=\"https:\/\/lehrer-werden-in-sachsen.de\/foerderpadagoge-aus-leidenschaft\/\" title=\"F\u00f6rderp\u00e4dagoge aus Leidenschaft\" data-auto-event-observed=\"true\">gro\u00dfes Herz<\/a> und zugleich ein dickes Fell. Man muss sich mit Leidenschaft f\u00fcr die Sch\u00fclerinnen und Sch\u00fcler engagieren, sonst geht es nicht. Aber man darf auch nicht jedes Thema mit nach Hause nehmen, gerade wenn es um Konflikte geht.<\/p><p>\u00a0<\/p><p><strong>Lilly:<\/strong> Ich w\u00fcrde sagen: Man sollte kommunikativ sein. Die meisten Herausforderungen lassen sich l\u00f6sen, indem man offen und transparent ist und sie direkt anspricht. Und man darf als Lehrkraft ruhig auch konsequent sein und klare Ansagen machen. Das geht sogar ohne laut zu werden. Das ist erstmal gew\u00f6hnungsbed\u00fcrftig, aber tats\u00e4chlich lernt man das in der Praxis sehr schnell.<\/p><p>\u00a0<\/p>\t\t\t\t\t\t\t\t<\/div>\n\t\t\t\t<\/div>\n\t\t\t\t\t<\/div>\n\t\t<\/div>\n\t\t\t\t\t<\/div>\n\t\t<\/section>\n\t\t\t\t<section class=\"elementor-section elementor-top-section elementor-element elementor-element-b9a37d1 elementor-section-boxed elementor-section-height-default elementor-section-height-default\" data-id=\"b9a37d1\" data-element_type=\"section\" data-e-type=\"section\">\n\t\t\t\t\t\t<div class=\"elementor-container elementor-column-gap-default\">\n\t\t\t\t\t<div class=\"elementor-column elementor-col-100 elementor-top-column elementor-element elementor-element-d4520a0\" data-id=\"d4520a0\" data-element_type=\"column\" data-e-type=\"column\">\n\t\t\t<div class=\"elementor-widget-wrap elementor-element-populated\">\n\t\t\t\t\t\t<div class=\"elementor-element elementor-element-7ed3775 elementor-widget elementor-widget-image\" data-id=\"7ed3775\" data-element_type=\"widget\" data-e-type=\"widget\" data-widget_type=\"image.default\">\n\t\t\t\t<div class=\"elementor-widget-container\">\n\t\t\t\t\t\t\t\t\t\t\t\t\t\t\t<img decoding=\"async\" width=\"1024\" height=\"341\" src=\"https:\/\/lehrer-werden-in-sachsen.de\/stage\/wp-content\/uploads\/2026\/03\/SMK-Blog-Artikelbild_1200x400px_Aue-\u2013-1-1024x341.jpg\" class=\"attachment-large size-large wp-image-26318\" alt=\"Ein Mann und eine Frau vor einer Pinwand mit roten Punkten aufgeklebt.\" srcset=\"https:\/\/lehrer-werden-in-sachsen.de\/stage\/wp-content\/uploads\/2026\/03\/SMK-Blog-Artikelbild_1200x400px_Aue-\u2013-1-1024x341.jpg 1024w, https:\/\/lehrer-werden-in-sachsen.de\/stage\/wp-content\/uploads\/2026\/03\/SMK-Blog-Artikelbild_1200x400px_Aue-\u2013-1-300x100.jpg 300w, https:\/\/lehrer-werden-in-sachsen.de\/stage\/wp-content\/uploads\/2026\/03\/SMK-Blog-Artikelbild_1200x400px_Aue-\u2013-1-768x256.jpg 768w, https:\/\/lehrer-werden-in-sachsen.de\/stage\/wp-content\/uploads\/2026\/03\/SMK-Blog-Artikelbild_1200x400px_Aue-\u2013-1.jpg 1200w\" sizes=\"(max-width: 1024px) 100vw, 1024px\" \/>\t\t\t\t\t\t\t\t\t\t\t\t\t\t\t<\/div>\n\t\t\t\t<\/div>\n\t\t\t\t\t<\/div>\n\t\t<\/div>\n\t\t\t\t\t<\/div>\n\t\t<\/section>\n\t\t\t\t<section class=\"elementor-section elementor-top-section elementor-element elementor-element-c945876 elementor-section-boxed elementor-section-height-default elementor-section-height-default\" data-id=\"c945876\" data-element_type=\"section\" data-e-type=\"section\">\n\t\t\t\t\t\t<div class=\"elementor-container elementor-column-gap-default\">\n\t\t\t\t\t<div class=\"elementor-column elementor-col-100 elementor-top-column elementor-element elementor-element-6350812\" data-id=\"6350812\" data-element_type=\"column\" data-e-type=\"column\">\n\t\t\t<div class=\"elementor-widget-wrap elementor-element-populated\">\n\t\t\t\t\t\t<div class=\"elementor-element elementor-element-3aa4637 elementor-widget elementor-widget-text-editor\" data-id=\"3aa4637\" data-element_type=\"widget\" data-e-type=\"widget\" data-widget_type=\"text-editor.default\">\n\t\t\t\t<div class=\"elementor-widget-container\">\n\t\t\t\t\t\t\t\t\t<p><em>Lilly Illert und David Leistner erz\u00e4hlten, was sie motiverte, nach dem Studium ins Erzgebige zur\u00fcckzukehren. Mehr dazu im TikTok-Kanal <a href=\"https:\/\/www.tiktok.com\/@lehrerinsachsen\" title=\"TikTok @lehrerinsachsen\" target=\"_blank\" rel=\"noopener\" data-auto-event-observed=\"true\">@lehrerinsachsen<\/a>. Foto: Max Sch\u00f6ne<\/em><\/p>\t\t\t\t\t\t\t\t<\/div>\n\t\t\t\t<\/div>\n\t\t\t\t\t<\/div>\n\t\t<\/div>\n\t\t\t\t\t<\/div>\n\t\t<\/section>\n\t\t\t\t<section class=\"elementor-section elementor-top-section elementor-element elementor-element-a8d4534 elementor-section-boxed elementor-section-height-default elementor-section-height-default\" data-id=\"a8d4534\" data-element_type=\"section\" data-e-type=\"section\">\n\t\t\t\t\t\t<div class=\"elementor-container elementor-column-gap-default\">\n\t\t\t\t\t<div class=\"elementor-column elementor-col-100 elementor-top-column elementor-element elementor-element-8cf5e4a\" data-id=\"8cf5e4a\" data-element_type=\"column\" data-e-type=\"column\">\n\t\t\t<div class=\"elementor-widget-wrap elementor-element-populated\">\n\t\t\t\t\t\t<div class=\"elementor-element elementor-element-d3505b7 elementor-widget elementor-widget-text-editor\" data-id=\"d3505b7\" data-element_type=\"widget\" data-e-type=\"widget\" data-widget_type=\"text-editor.default\">\n\t\t\t\t<div class=\"elementor-widget-container\">\n\t\t\t\t\t\t\t\t\t<p><strong>Habt ihr hierf\u00fcr konkrete Tipps?<\/strong><\/p><p><strong>\u00a0<\/strong><\/p><p><strong>Lilly:<\/strong> Also ich benutze, wenn es mir in der Klasse zu laut wird, ganz gerne eine Klangschale. Die macht einen sch\u00f6nen, lauten, tiefen Ton, der sofort alle zur Ruhe bringt, ohne dass ich daf\u00fcr einen Konflikt aufmachen muss.<\/p><p>\u00a0<\/p><p><strong>David:<\/strong> Ich w\u00fcrde gerne sch\u00f6n laut durch zwei Finger pfeifen k\u00f6nnen. Kann ich bis heute nicht, aber ich habe einen Sch\u00fcler, der es kann. Er sieht inzwischen an meinem Blick, wenn es mal wieder Zeit wird, so f\u00fcr Ruhe zu sorgen. Das gef\u00e4llt mir, weil es auch einen gewissen Humor mit reinbringt.<\/p><p>\u00a0<\/p>\t\t\t\t\t\t\t\t<\/div>\n\t\t\t\t<\/div>\n\t\t\t\t\t<\/div>\n\t\t<\/div>\n\t\t\t\t\t<\/div>\n\t\t<\/section>\n\t\t\t\t<section class=\"elementor-section elementor-top-section elementor-element elementor-element-bf597bf elementor-section-boxed elementor-section-height-default elementor-section-height-default\" data-id=\"bf597bf\" data-element_type=\"section\" data-e-type=\"section\">\n\t\t\t\t\t\t<div class=\"elementor-container elementor-column-gap-default\">\n\t\t\t\t\t<div class=\"elementor-column elementor-col-100 elementor-top-column elementor-element elementor-element-e3f5dbb\" data-id=\"e3f5dbb\" data-element_type=\"column\" data-e-type=\"column\">\n\t\t\t<div class=\"elementor-widget-wrap\">\n\t\t\t\t\t\t\t<\/div>\n\t\t<\/div>\n\t\t\t\t\t<\/div>\n\t\t<\/section>\n\t\t\t\t<section class=\"elementor-section elementor-top-section elementor-element elementor-element-764433d elementor-section-boxed elementor-section-height-default elementor-section-height-default\" data-id=\"764433d\" data-element_type=\"section\" data-e-type=\"section\">\n\t\t\t\t\t\t<div class=\"elementor-container elementor-column-gap-default\">\n\t\t\t\t\t<div class=\"elementor-column elementor-col-100 elementor-top-column elementor-element elementor-element-12e5628\" data-id=\"12e5628\" data-element_type=\"column\" data-e-type=\"column\">\n\t\t\t<div class=\"elementor-widget-wrap elementor-element-populated\">\n\t\t\t\t\t\t<div class=\"elementor-element elementor-element-7d2c0cb elementor-widget elementor-widget-spacer\" data-id=\"7d2c0cb\" data-element_type=\"widget\" data-e-type=\"widget\" data-widget_type=\"spacer.default\">\n\t\t\t\t<div class=\"elementor-widget-container\">\n\t\t\t\t\t\t\t<div class=\"elementor-spacer\">\n\t\t\t<div class=\"elementor-spacer-inner\"><\/div>\n\t\t<\/div>\n\t\t\t\t\t\t<\/div>\n\t\t\t\t<\/div>\n\t\t\t\t\t<\/div>\n\t\t<\/div>\n\t\t\t\t\t<\/div>\n\t\t<\/section>\n\t\t\t\t<section class=\"elementor-section elementor-top-section elementor-element elementor-element-cbb70c1 elementor-section-boxed elementor-section-height-default elementor-section-height-default\" data-id=\"cbb70c1\" data-element_type=\"section\" data-e-type=\"section\">\n\t\t\t\t\t\t<div class=\"elementor-container elementor-column-gap-default\">\n\t\t\t\t\t<div class=\"elementor-column elementor-col-100 elementor-top-column elementor-element elementor-element-be10e28\" data-id=\"be10e28\" data-element_type=\"column\" data-e-type=\"column\">\n\t\t\t<div class=\"elementor-widget-wrap elementor-element-populated\">\n\t\t\t\t\t\t<div class=\"elementor-element elementor-element-278cd6a elementor-widget elementor-widget-heading\" data-id=\"278cd6a\" data-element_type=\"widget\" data-e-type=\"widget\" data-widget_type=\"heading.default\">\n\t\t\t\t<div class=\"elementor-widget-container\">\n\t\t\t\t\t<h3 class=\"elementor-heading-title elementor-size-default\">Alle Infos zur Lehramt f\u00fcr Sonderp\u00e4dagogik<\/h3>\t\t\t\t<\/div>\n\t\t\t\t<\/div>\n\t\t\t\t\t<\/div>\n\t\t<\/div>\n\t\t\t\t\t<\/div>\n\t\t<\/section>\n\t\t\t\t<section class=\"elementor-section elementor-top-section elementor-element elementor-element-ded1fbc elementor-section-boxed elementor-section-height-default elementor-section-height-default\" data-id=\"ded1fbc\" data-element_type=\"section\" data-e-type=\"section\">\n\t\t\t\t\t\t<div class=\"elementor-container elementor-column-gap-default\">\n\t\t\t\t\t<div class=\"elementor-column elementor-col-100 elementor-top-column elementor-element elementor-element-a69d97f\" data-id=\"a69d97f\" data-element_type=\"column\" data-e-type=\"column\">\n\t\t\t<div class=\"elementor-widget-wrap elementor-element-populated\">\n\t\t\t\t\t\t<div class=\"elementor-element elementor-element-50c5265 elementor-widget elementor-widget-button\" data-id=\"50c5265\" data-element_type=\"widget\" data-e-type=\"widget\" data-widget_type=\"button.default\">\n\t\t\t\t<div class=\"elementor-widget-container\">\n\t\t\t\t\t\t\t\t\t<div class=\"elementor-button-wrapper\">\n\t\t\t\t\t<a class=\"elementor-button elementor-button-link elementor-size-sm\" href=\"https:\/\/lehrer-werden-in-sachsen.de\/lehramtsstudium-in-sachsen-sonderpaedagogik\/\" title=\"Lehramtsstudium Sonderp\u00e4dagogik\">\n\t\t\t\t\t\t<span class=\"elementor-button-content-wrapper\">\n\t\t\t\t\t\t\t\t\t<span class=\"elementor-button-text\">Was ist eigentlich Sonderp\u00e4dagogik?<\/span>\n\t\t\t\t\t<\/span>\n\t\t\t\t\t<\/a>\n\t\t\t\t<\/div>\n\t\t\t\t\t\t\t\t<\/div>\n\t\t\t\t<\/div>\n\t\t\t\t\t<\/div>\n\t\t<\/div>\n\t\t\t\t\t<\/div>\n\t\t<\/section>\n\t\t\t\t<section class=\"elementor-section elementor-top-section elementor-element elementor-element-c5ad6b5 elementor-section-boxed elementor-section-height-default elementor-section-height-default\" data-id=\"c5ad6b5\" data-element_type=\"section\" data-e-type=\"section\">\n\t\t\t\t\t\t<div class=\"elementor-container elementor-column-gap-default\">\n\t\t\t\t\t<div class=\"elementor-column elementor-col-100 elementor-top-column elementor-element elementor-element-d967c55\" data-id=\"d967c55\" data-element_type=\"column\" data-e-type=\"column\">\n\t\t\t<div class=\"elementor-widget-wrap elementor-element-populated\">\n\t\t\t\t\t\t<div class=\"elementor-element elementor-element-9633467 elementor-widget elementor-widget-button\" data-id=\"9633467\" data-element_type=\"widget\" data-e-type=\"widget\" data-widget_type=\"button.default\">\n\t\t\t\t<div class=\"elementor-widget-container\">\n\t\t\t\t\t\t\t\t\t<div class=\"elementor-button-wrapper\">\n\t\t\t\t\t<a class=\"elementor-button elementor-button-link elementor-size-sm\" href=\"https:\/\/lehrer-werden-in-sachsen.de\/taeglich-acht-neue-perspektiven-auf-die-welt\/\" title=\"T\u00e4glich acht neue Perspektiven auf die Welt\">\n\t\t\t\t\t\t<span class=\"elementor-button-content-wrapper\">\n\t\t\t\t\t\t\t\t\t<span class=\"elementor-button-text\">T\u00e4glich acht neue Perspektiven auf die Welt<\/span>\n\t\t\t\t\t<\/span>\n\t\t\t\t\t<\/a>\n\t\t\t\t<\/div>\n\t\t\t\t\t\t\t\t<\/div>\n\t\t\t\t<\/div>\n\t\t\t\t<div class=\"elementor-element elementor-element-6ac261f elementor-widget elementor-widget-button\" data-id=\"6ac261f\" data-element_type=\"widget\" data-e-type=\"widget\" data-widget_type=\"button.default\">\n\t\t\t\t<div class=\"elementor-widget-container\">\n\t\t\t\t\t\t\t\t\t<div class=\"elementor-button-wrapper\">\n\t\t\t\t\t<a class=\"elementor-button elementor-button-link elementor-size-sm\" href=\"https:\/\/lehrer-werden-in-sachsen.de\/infos-zum-lehramtsstudium\/\" title=\"Infos zum Lehramtsstudium\">\n\t\t\t\t\t\t<span class=\"elementor-button-content-wrapper\">\n\t\t\t\t\t\t\t\t\t<span class=\"elementor-button-text\">Mehr Infos zum Lehramtsstudium<\/span>\n\t\t\t\t\t<\/span>\n\t\t\t\t\t<\/a>\n\t\t\t\t<\/div>\n\t\t\t\t\t\t\t\t<\/div>\n\t\t\t\t<\/div>\n\t\t\t\t\t<\/div>\n\t\t<\/div>\n\t\t\t\t\t<\/div>\n\t\t<\/section>\n\t\t\t\t<section class=\"elementor-section elementor-top-section elementor-element elementor-element-95aac88 elementor-section-boxed elementor-section-height-default elementor-section-height-default\" data-id=\"95aac88\" data-element_type=\"section\" data-e-type=\"section\">\n\t\t\t\t\t\t<div class=\"elementor-container elementor-column-gap-default\">\n\t\t\t\t\t<div class=\"elementor-column elementor-col-100 elementor-top-column elementor-element elementor-element-88dddf1\" data-id=\"88dddf1\" data-element_type=\"column\" data-e-type=\"column\">\n\t\t\t<div class=\"elementor-widget-wrap\">\n\t\t\t\t\t\t\t<\/div>\n\t\t<\/div>\n\t\t\t\t\t<\/div>\n\t\t<\/section>\n\t\t\t\t<\/div>\n\t\t","protected":false},"excerpt":{"rendered":"<p>Welche Schulform ist die richtige f\u00fcr mich, wenn ich mich f\u00fcr den Lehrberuf entscheide? Lilly Illert und David Leistner haben ihre Wahl f\u00fcr das Studium der Sonderp\u00e4dagogik getroffen. Die Lehrerin und der Lehrer an der Albert-Schweitzer-Schule in Aue erz\u00e4hlen im Gespr\u00e4ch, weshalb sie F\u00f6rderschullehrkr\u00e4fte geworden sind und nach ihrem Studium von Leipzig ins Erzgebirge zur\u00fcckgekehrt sind.<\/p>\n","protected":false},"author":26,"featured_media":26321,"comment_status":"closed","ping_status":"closed","sticky":false,"template":"","format":"standard","meta":{"footnotes":""},"categories":[46],"tags":[101,203],"class_list":["post-26272","post","type-post","status-publish","format-standard","has-post-thumbnail","hentry","category-blog","tag-forderschule","tag-inklusion"],"yoast_head":"<!-- This site is optimized with the Yoast SEO plugin v27.3 - https:\/\/yoast.com\/product\/yoast-seo-wordpress\/ -->\n<title>LEHRERIN SACHSEN | Alltag als Lehrkraft f\u00fcr Sonderp\u00e4dagogik<\/title>\n<meta name=\"description\" content=\"Zwei Lehrkr\u00e4fte an einer F\u00f6rderschule mit sonderp\u00e4dagogischen Schwerpunkt erz\u00e4hlen von ihren t\u00e4glichen Herausforderungen und Erfolgen.\" \/>\n<meta name=\"robots\" content=\"index, follow, max-snippet:-1, max-image-preview:large, max-video-preview:-1\" \/>\n<link rel=\"canonical\" href=\"https:\/\/lehrer-werden-in-sachsen.de\/das-ist-der-alltag-als-lehrkraft-fuer-sonderpaedagogik\/\" \/>\n<meta property=\"og:locale\" content=\"de_DE\" \/>\n<meta property=\"og:type\" content=\"article\" \/>\n<meta property=\"og:title\" content=\"Lara Schrecks Weg im Sonderp\u00e4dagogik-Studium\" \/>\n<meta property=\"og:description\" content=\"Lesen Sie Laras inspirierende Erfahrungen im Studium!\" \/>\n<meta property=\"og:url\" content=\"https:\/\/lehrer-werden-in-sachsen.de\/das-ist-der-alltag-als-lehrkraft-fuer-sonderpaedagogik\/\" \/>\n<meta property=\"og:site_name\" content=\"LEHRERIN SACHSEN\" \/>\n<meta property=\"article:published_time\" content=\"2026-03-12T12:36:32+00:00\" \/>\n<meta property=\"article:modified_time\" content=\"2026-03-12T15:26:57+00:00\" \/>\n<meta property=\"og:image\" content=\"https:\/\/lehrer-werden-in-sachsen.de\/wp-content\/uploads\/2026\/03\/SMK-Blog-Header_1920x970px_Aue.jpg\" \/>\n\t<meta property=\"og:image:width\" content=\"1920\" \/>\n\t<meta property=\"og:image:height\" content=\"970\" \/>\n\t<meta property=\"og:image:type\" content=\"image\/jpeg\" \/>\n<meta name=\"author\" content=\"Ann-Kathrin Bonin\" \/>\n<meta name=\"twitter:card\" content=\"summary_large_image\" \/>\n<meta name=\"twitter:title\" content=\"Lara Schrecks Weg im Sonderp\u00e4dagogik-Studium\" \/>\n<meta name=\"twitter:description\" content=\"Lesen Sie Laras inspirierende Erfahrungen im Studium!\" \/>\n<meta name=\"twitter:label1\" content=\"Verfasst von\" \/>\n\t<meta name=\"twitter:data1\" content=\"Ann-Kathrin Bonin\" \/>\n\t<meta name=\"twitter:label2\" content=\"Gesch\u00e4tzte Lesezeit\" \/>\n\t<meta name=\"twitter:data2\" content=\"7\u00a0Minuten\" \/>\n<script type=\"application\/ld+json\" class=\"yoast-schema-graph\">{\"@context\":\"https:\\\/\\\/schema.org\",\"@graph\":[{\"@type\":\"Article\",\"@id\":\"https:\\\/\\\/lehrer-werden-in-sachsen.de\\\/das-ist-der-alltag-als-lehrkraft-fuer-sonderpaedagogik\\\/#article\",\"isPartOf\":{\"@id\":\"https:\\\/\\\/lehrer-werden-in-sachsen.de\\\/das-ist-der-alltag-als-lehrkraft-fuer-sonderpaedagogik\\\/\"},\"author\":{\"name\":\"Ann-Kathrin Bonin\",\"@id\":\"https:\\\/\\\/lehrer-werden-in-sachsen.de\\\/#\\\/schema\\\/person\\\/6dbe9635253d3b88634d4ec21342610f\"},\"headline\":\"Gro\u00dfes Herz und dickes Fell: Das braucht es im Alltag als Lehrkraft f\u00fcr Sonderp\u00e4dagogik\",\"datePublished\":\"2026-03-12T12:36:32+00:00\",\"dateModified\":\"2026-03-12T15:26:57+00:00\",\"mainEntityOfPage\":{\"@id\":\"https:\\\/\\\/lehrer-werden-in-sachsen.de\\\/das-ist-der-alltag-als-lehrkraft-fuer-sonderpaedagogik\\\/\"},\"wordCount\":1165,\"publisher\":{\"@id\":\"https:\\\/\\\/lehrer-werden-in-sachsen.de\\\/#organization\"},\"image\":{\"@id\":\"https:\\\/\\\/lehrer-werden-in-sachsen.de\\\/das-ist-der-alltag-als-lehrkraft-fuer-sonderpaedagogik\\\/#primaryimage\"},\"thumbnailUrl\":\"https:\\\/\\\/lehrer-werden-in-sachsen.de\\\/stage\\\/wp-content\\\/uploads\\\/2026\\\/03\\\/SMK-Blog-Header_1920x970px_Aue.jpg\",\"keywords\":[\"F\u00f6rderschule\",\"Inklusion\"],\"articleSection\":[\"Blog\"],\"inLanguage\":\"de\"},{\"@type\":\"WebPage\",\"@id\":\"https:\\\/\\\/lehrer-werden-in-sachsen.de\\\/das-ist-der-alltag-als-lehrkraft-fuer-sonderpaedagogik\\\/\",\"url\":\"https:\\\/\\\/lehrer-werden-in-sachsen.de\\\/das-ist-der-alltag-als-lehrkraft-fuer-sonderpaedagogik\\\/\",\"name\":\"LEHRERIN SACHSEN | Alltag als Lehrkraft f\u00fcr Sonderp\u00e4dagogik\",\"isPartOf\":{\"@id\":\"https:\\\/\\\/lehrer-werden-in-sachsen.de\\\/#website\"},\"primaryImageOfPage\":{\"@id\":\"https:\\\/\\\/lehrer-werden-in-sachsen.de\\\/das-ist-der-alltag-als-lehrkraft-fuer-sonderpaedagogik\\\/#primaryimage\"},\"image\":{\"@id\":\"https:\\\/\\\/lehrer-werden-in-sachsen.de\\\/das-ist-der-alltag-als-lehrkraft-fuer-sonderpaedagogik\\\/#primaryimage\"},\"thumbnailUrl\":\"https:\\\/\\\/lehrer-werden-in-sachsen.de\\\/stage\\\/wp-content\\\/uploads\\\/2026\\\/03\\\/SMK-Blog-Header_1920x970px_Aue.jpg\",\"datePublished\":\"2026-03-12T12:36:32+00:00\",\"dateModified\":\"2026-03-12T15:26:57+00:00\",\"description\":\"Zwei Lehrkr\u00e4fte an einer F\u00f6rderschule mit sonderp\u00e4dagogischen Schwerpunkt erz\u00e4hlen von ihren t\u00e4glichen Herausforderungen und Erfolgen.\",\"breadcrumb\":{\"@id\":\"https:\\\/\\\/lehrer-werden-in-sachsen.de\\\/das-ist-der-alltag-als-lehrkraft-fuer-sonderpaedagogik\\\/#breadcrumb\"},\"inLanguage\":\"de\",\"potentialAction\":[{\"@type\":\"ReadAction\",\"target\":[\"https:\\\/\\\/lehrer-werden-in-sachsen.de\\\/das-ist-der-alltag-als-lehrkraft-fuer-sonderpaedagogik\\\/\"]}]},{\"@type\":\"ImageObject\",\"inLanguage\":\"de\",\"@id\":\"https:\\\/\\\/lehrer-werden-in-sachsen.de\\\/das-ist-der-alltag-als-lehrkraft-fuer-sonderpaedagogik\\\/#primaryimage\",\"url\":\"https:\\\/\\\/lehrer-werden-in-sachsen.de\\\/stage\\\/wp-content\\\/uploads\\\/2026\\\/03\\\/SMK-Blog-Header_1920x970px_Aue.jpg\",\"contentUrl\":\"https:\\\/\\\/lehrer-werden-in-sachsen.de\\\/stage\\\/wp-content\\\/uploads\\\/2026\\\/03\\\/SMK-Blog-Header_1920x970px_Aue.jpg\",\"width\":1920,\"height\":970,\"caption\":\"Eine Frau und ein Mann sitzen in einem Klassenzimmer vor einer wei\u00dfen Tafel, auf der ein rot-gelb-gr\u00fcner G\u00fcterzug aufgeklebt ist und drei verschiedenfarbige Rutschen darunter.\"},{\"@type\":\"BreadcrumbList\",\"@id\":\"https:\\\/\\\/lehrer-werden-in-sachsen.de\\\/das-ist-der-alltag-als-lehrkraft-fuer-sonderpaedagogik\\\/#breadcrumb\",\"itemListElement\":[{\"@type\":\"ListItem\",\"position\":1,\"name\":\"Startseite\",\"item\":\"https:\\\/\\\/lehrer-werden-in-sachsen.de\\\/\"},{\"@type\":\"ListItem\",\"position\":2,\"name\":\"Gro\u00dfes Herz und dickes Fell: Das braucht es im Alltag als Lehrkraft f\u00fcr Sonderp\u00e4dagogik\"}]},{\"@type\":\"WebSite\",\"@id\":\"https:\\\/\\\/lehrer-werden-in-sachsen.de\\\/#website\",\"url\":\"https:\\\/\\\/lehrer-werden-in-sachsen.de\\\/\",\"name\":\"LEHRERIN SACHSEN\",\"description\":\"Eine Klasse f\u00fcr sich.\",\"publisher\":{\"@id\":\"https:\\\/\\\/lehrer-werden-in-sachsen.de\\\/#organization\"},\"potentialAction\":[{\"@type\":\"SearchAction\",\"target\":{\"@type\":\"EntryPoint\",\"urlTemplate\":\"https:\\\/\\\/lehrer-werden-in-sachsen.de\\\/?s={search_term_string}\"},\"query-input\":{\"@type\":\"PropertyValueSpecification\",\"valueRequired\":true,\"valueName\":\"search_term_string\"}}],\"inLanguage\":\"de\"},{\"@type\":\"Organization\",\"@id\":\"https:\\\/\\\/lehrer-werden-in-sachsen.de\\\/#organization\",\"name\":\"LEHRERIN SACHSEN\",\"url\":\"https:\\\/\\\/lehrer-werden-in-sachsen.de\\\/\",\"logo\":{\"@type\":\"ImageObject\",\"inLanguage\":\"de\",\"@id\":\"https:\\\/\\\/lehrer-werden-in-sachsen.de\\\/#\\\/schema\\\/logo\\\/image\\\/\",\"url\":\"https:\\\/\\\/lehrer-werden-in-sachsen.de\\\/stage\\\/wp-content\\\/uploads\\\/2022\\\/02\\\/SMK_Leherin-Sachsen-Marke_RGB_Violett-Orange.svg\",\"contentUrl\":\"https:\\\/\\\/lehrer-werden-in-sachsen.de\\\/stage\\\/wp-content\\\/uploads\\\/2022\\\/02\\\/SMK_Leherin-Sachsen-Marke_RGB_Violett-Orange.svg\",\"caption\":\"LEHRERIN SACHSEN\"},\"image\":{\"@id\":\"https:\\\/\\\/lehrer-werden-in-sachsen.de\\\/#\\\/schema\\\/logo\\\/image\\\/\"}},{\"@type\":\"Person\",\"@id\":\"https:\\\/\\\/lehrer-werden-in-sachsen.de\\\/#\\\/schema\\\/person\\\/6dbe9635253d3b88634d4ec21342610f\",\"name\":\"Ann-Kathrin Bonin\",\"image\":{\"@type\":\"ImageObject\",\"inLanguage\":\"de\",\"@id\":\"https:\\\/\\\/secure.gravatar.com\\\/avatar\\\/9bd7a69d42ac31ba0f173f8ccc1e02630b31c56775754929897f43fa875fcd0f?s=96&d=mm&r=g\",\"url\":\"https:\\\/\\\/secure.gravatar.com\\\/avatar\\\/9bd7a69d42ac31ba0f173f8ccc1e02630b31c56775754929897f43fa875fcd0f?s=96&d=mm&r=g\",\"contentUrl\":\"https:\\\/\\\/secure.gravatar.com\\\/avatar\\\/9bd7a69d42ac31ba0f173f8ccc1e02630b31c56775754929897f43fa875fcd0f?s=96&d=mm&r=g\",\"caption\":\"Ann-Kathrin Bonin\"},\"url\":\"https:\\\/\\\/lehrer-werden-in-sachsen.de\\\/stage\\\/author\\\/ann-kathrin-bonin\\\/\"}]}<\/script>\n<!-- \/ Yoast SEO plugin. -->","yoast_head_json":{"title":"LEHRERIN SACHSEN | Alltag als Lehrkraft f\u00fcr Sonderp\u00e4dagogik","description":"Zwei Lehrkr\u00e4fte an einer F\u00f6rderschule mit sonderp\u00e4dagogischen Schwerpunkt erz\u00e4hlen von ihren t\u00e4glichen Herausforderungen und Erfolgen.","robots":{"index":"index","follow":"follow","max-snippet":"max-snippet:-1","max-image-preview":"max-image-preview:large","max-video-preview":"max-video-preview:-1"},"canonical":"https:\/\/lehrer-werden-in-sachsen.de\/das-ist-der-alltag-als-lehrkraft-fuer-sonderpaedagogik\/","og_locale":"de_DE","og_type":"article","og_title":"Lara Schrecks Weg im Sonderp\u00e4dagogik-Studium","og_description":"Lesen Sie Laras inspirierende Erfahrungen im Studium!","og_url":"https:\/\/lehrer-werden-in-sachsen.de\/das-ist-der-alltag-als-lehrkraft-fuer-sonderpaedagogik\/","og_site_name":"LEHRERIN SACHSEN","article_published_time":"2026-03-12T12:36:32+00:00","article_modified_time":"2026-03-12T15:26:57+00:00","og_image":[{"width":1920,"height":970,"url":"https:\/\/lehrer-werden-in-sachsen.de\/wp-content\/uploads\/2026\/03\/SMK-Blog-Header_1920x970px_Aue.jpg","type":"image\/jpeg"}],"author":"Ann-Kathrin Bonin","twitter_card":"summary_large_image","twitter_title":"Lara Schrecks Weg im Sonderp\u00e4dagogik-Studium","twitter_description":"Lesen Sie Laras inspirierende Erfahrungen im Studium!","twitter_misc":{"Verfasst von":"Ann-Kathrin Bonin","Gesch\u00e4tzte Lesezeit":"7\u00a0Minuten"},"schema":{"@context":"https:\/\/schema.org","@graph":[{"@type":"Article","@id":"https:\/\/lehrer-werden-in-sachsen.de\/das-ist-der-alltag-als-lehrkraft-fuer-sonderpaedagogik\/#article","isPartOf":{"@id":"https:\/\/lehrer-werden-in-sachsen.de\/das-ist-der-alltag-als-lehrkraft-fuer-sonderpaedagogik\/"},"author":{"name":"Ann-Kathrin Bonin","@id":"https:\/\/lehrer-werden-in-sachsen.de\/#\/schema\/person\/6dbe9635253d3b88634d4ec21342610f"},"headline":"Gro\u00dfes Herz und dickes Fell: Das braucht es im Alltag als Lehrkraft f\u00fcr Sonderp\u00e4dagogik","datePublished":"2026-03-12T12:36:32+00:00","dateModified":"2026-03-12T15:26:57+00:00","mainEntityOfPage":{"@id":"https:\/\/lehrer-werden-in-sachsen.de\/das-ist-der-alltag-als-lehrkraft-fuer-sonderpaedagogik\/"},"wordCount":1165,"publisher":{"@id":"https:\/\/lehrer-werden-in-sachsen.de\/#organization"},"image":{"@id":"https:\/\/lehrer-werden-in-sachsen.de\/das-ist-der-alltag-als-lehrkraft-fuer-sonderpaedagogik\/#primaryimage"},"thumbnailUrl":"https:\/\/lehrer-werden-in-sachsen.de\/stage\/wp-content\/uploads\/2026\/03\/SMK-Blog-Header_1920x970px_Aue.jpg","keywords":["F\u00f6rderschule","Inklusion"],"articleSection":["Blog"],"inLanguage":"de"},{"@type":"WebPage","@id":"https:\/\/lehrer-werden-in-sachsen.de\/das-ist-der-alltag-als-lehrkraft-fuer-sonderpaedagogik\/","url":"https:\/\/lehrer-werden-in-sachsen.de\/das-ist-der-alltag-als-lehrkraft-fuer-sonderpaedagogik\/","name":"LEHRERIN SACHSEN | Alltag als Lehrkraft f\u00fcr Sonderp\u00e4dagogik","isPartOf":{"@id":"https:\/\/lehrer-werden-in-sachsen.de\/#website"},"primaryImageOfPage":{"@id":"https:\/\/lehrer-werden-in-sachsen.de\/das-ist-der-alltag-als-lehrkraft-fuer-sonderpaedagogik\/#primaryimage"},"image":{"@id":"https:\/\/lehrer-werden-in-sachsen.de\/das-ist-der-alltag-als-lehrkraft-fuer-sonderpaedagogik\/#primaryimage"},"thumbnailUrl":"https:\/\/lehrer-werden-in-sachsen.de\/stage\/wp-content\/uploads\/2026\/03\/SMK-Blog-Header_1920x970px_Aue.jpg","datePublished":"2026-03-12T12:36:32+00:00","dateModified":"2026-03-12T15:26:57+00:00","description":"Zwei Lehrkr\u00e4fte an einer F\u00f6rderschule mit sonderp\u00e4dagogischen Schwerpunkt erz\u00e4hlen von ihren t\u00e4glichen Herausforderungen und Erfolgen.","breadcrumb":{"@id":"https:\/\/lehrer-werden-in-sachsen.de\/das-ist-der-alltag-als-lehrkraft-fuer-sonderpaedagogik\/#breadcrumb"},"inLanguage":"de","potentialAction":[{"@type":"ReadAction","target":["https:\/\/lehrer-werden-in-sachsen.de\/das-ist-der-alltag-als-lehrkraft-fuer-sonderpaedagogik\/"]}]},{"@type":"ImageObject","inLanguage":"de","@id":"https:\/\/lehrer-werden-in-sachsen.de\/das-ist-der-alltag-als-lehrkraft-fuer-sonderpaedagogik\/#primaryimage","url":"https:\/\/lehrer-werden-in-sachsen.de\/stage\/wp-content\/uploads\/2026\/03\/SMK-Blog-Header_1920x970px_Aue.jpg","contentUrl":"https:\/\/lehrer-werden-in-sachsen.de\/stage\/wp-content\/uploads\/2026\/03\/SMK-Blog-Header_1920x970px_Aue.jpg","width":1920,"height":970,"caption":"Eine Frau und ein Mann sitzen in einem Klassenzimmer vor einer wei\u00dfen Tafel, auf der ein rot-gelb-gr\u00fcner G\u00fcterzug aufgeklebt ist und drei verschiedenfarbige Rutschen darunter."},{"@type":"BreadcrumbList","@id":"https:\/\/lehrer-werden-in-sachsen.de\/das-ist-der-alltag-als-lehrkraft-fuer-sonderpaedagogik\/#breadcrumb","itemListElement":[{"@type":"ListItem","position":1,"name":"Startseite","item":"https:\/\/lehrer-werden-in-sachsen.de\/"},{"@type":"ListItem","position":2,"name":"Gro\u00dfes Herz und dickes Fell: Das braucht es im Alltag als Lehrkraft f\u00fcr Sonderp\u00e4dagogik"}]},{"@type":"WebSite","@id":"https:\/\/lehrer-werden-in-sachsen.de\/#website","url":"https:\/\/lehrer-werden-in-sachsen.de\/","name":"LEHRERIN SACHSEN","description":"Eine Klasse f\u00fcr sich.","publisher":{"@id":"https:\/\/lehrer-werden-in-sachsen.de\/#organization"},"potentialAction":[{"@type":"SearchAction","target":{"@type":"EntryPoint","urlTemplate":"https:\/\/lehrer-werden-in-sachsen.de\/?s={search_term_string}"},"query-input":{"@type":"PropertyValueSpecification","valueRequired":true,"valueName":"search_term_string"}}],"inLanguage":"de"},{"@type":"Organization","@id":"https:\/\/lehrer-werden-in-sachsen.de\/#organization","name":"LEHRERIN SACHSEN","url":"https:\/\/lehrer-werden-in-sachsen.de\/","logo":{"@type":"ImageObject","inLanguage":"de","@id":"https:\/\/lehrer-werden-in-sachsen.de\/#\/schema\/logo\/image\/","url":"https:\/\/lehrer-werden-in-sachsen.de\/stage\/wp-content\/uploads\/2022\/02\/SMK_Leherin-Sachsen-Marke_RGB_Violett-Orange.svg","contentUrl":"https:\/\/lehrer-werden-in-sachsen.de\/stage\/wp-content\/uploads\/2022\/02\/SMK_Leherin-Sachsen-Marke_RGB_Violett-Orange.svg","caption":"LEHRERIN SACHSEN"},"image":{"@id":"https:\/\/lehrer-werden-in-sachsen.de\/#\/schema\/logo\/image\/"}},{"@type":"Person","@id":"https:\/\/lehrer-werden-in-sachsen.de\/#\/schema\/person\/6dbe9635253d3b88634d4ec21342610f","name":"Ann-Kathrin Bonin","image":{"@type":"ImageObject","inLanguage":"de","@id":"https:\/\/secure.gravatar.com\/avatar\/9bd7a69d42ac31ba0f173f8ccc1e02630b31c56775754929897f43fa875fcd0f?s=96&d=mm&r=g","url":"https:\/\/secure.gravatar.com\/avatar\/9bd7a69d42ac31ba0f173f8ccc1e02630b31c56775754929897f43fa875fcd0f?s=96&d=mm&r=g","contentUrl":"https:\/\/secure.gravatar.com\/avatar\/9bd7a69d42ac31ba0f173f8ccc1e02630b31c56775754929897f43fa875fcd0f?s=96&d=mm&r=g","caption":"Ann-Kathrin Bonin"},"url":"https:\/\/lehrer-werden-in-sachsen.de\/stage\/author\/ann-kathrin-bonin\/"}]}},"_links":{"self":[{"href":"https:\/\/lehrer-werden-in-sachsen.de\/stage\/wp-json\/wp\/v2\/posts\/26272","targetHints":{"allow":["GET"]}}],"collection":[{"href":"https:\/\/lehrer-werden-in-sachsen.de\/stage\/wp-json\/wp\/v2\/posts"}],"about":[{"href":"https:\/\/lehrer-werden-in-sachsen.de\/stage\/wp-json\/wp\/v2\/types\/post"}],"author":[{"embeddable":true,"href":"https:\/\/lehrer-werden-in-sachsen.de\/stage\/wp-json\/wp\/v2\/users\/26"}],"replies":[{"embeddable":true,"href":"https:\/\/lehrer-werden-in-sachsen.de\/stage\/wp-json\/wp\/v2\/comments?post=26272"}],"version-history":[{"count":76,"href":"https:\/\/lehrer-werden-in-sachsen.de\/stage\/wp-json\/wp\/v2\/posts\/26272\/revisions"}],"predecessor-version":[{"id":26532,"href":"https:\/\/lehrer-werden-in-sachsen.de\/stage\/wp-json\/wp\/v2\/posts\/26272\/revisions\/26532"}],"wp:featuredmedia":[{"embeddable":true,"href":"https:\/\/lehrer-werden-in-sachsen.de\/stage\/wp-json\/wp\/v2\/media\/26321"}],"wp:attachment":[{"href":"https:\/\/lehrer-werden-in-sachsen.de\/stage\/wp-json\/wp\/v2\/media?parent=26272"}],"wp:term":[{"taxonomy":"category","embeddable":true,"href":"https:\/\/lehrer-werden-in-sachsen.de\/stage\/wp-json\/wp\/v2\/categories?post=26272"},{"taxonomy":"post_tag","embeddable":true,"href":"https:\/\/lehrer-werden-in-sachsen.de\/stage\/wp-json\/wp\/v2\/tags?post=26272"}],"curies":[{"name":"wp","href":"https:\/\/api.w.org\/{rel}","templated":true}]}}