{"id":26207,"date":"2026-03-05T16:15:41","date_gmt":"2026-03-05T15:15:41","guid":{"rendered":"https:\/\/lehrer-werden-in-sachsen.de\/stage\/?p=26207"},"modified":"2026-03-05T21:13:36","modified_gmt":"2026-03-05T20:13:36","slug":"juedisches-leben-in-sachsen-im-klassenzimmer-sichtbar-machen","status":"publish","type":"post","link":"https:\/\/lehrer-werden-in-sachsen.de\/stage\/juedisches-leben-in-sachsen-im-klassenzimmer-sichtbar-machen\/","title":{"rendered":"Tacheles 2026 &#8211; J\u00fcdisches Leben in Sachsen im Klassenzimmer sichtbar machen"},"content":{"rendered":"\t\t<div data-elementor-type=\"wp-post\" data-elementor-id=\"26207\" class=\"elementor elementor-26207\" data-elementor-post-type=\"post\">\n\t\t\t\t\t\t<section class=\"elementor-section elementor-top-section elementor-element elementor-element-f8694dc elementor-section-boxed elementor-section-height-default elementor-section-height-default\" data-id=\"f8694dc\" data-element_type=\"section\" data-e-type=\"section\">\n\t\t\t\t\t\t<div class=\"elementor-container elementor-column-gap-default\">\n\t\t\t\t\t<div class=\"elementor-column elementor-col-100 elementor-top-column elementor-element elementor-element-d58db62\" data-id=\"d58db62\" data-element_type=\"column\" data-e-type=\"column\">\n\t\t\t<div class=\"elementor-widget-wrap elementor-element-populated\">\n\t\t\t\t\t\t<div class=\"elementor-element elementor-element-0903b87 elementor-widget elementor-widget-text-editor\" data-id=\"0903b87\" data-element_type=\"widget\" data-e-type=\"widget\" data-widget_type=\"text-editor.default\">\n\t\t\t\t<div class=\"elementor-widget-container\">\n\t\t\t\t\t\t\t\t\t<p><strong>Noch bis Dezember 2026 l\u00e4uft das Themenjahr \u201eTacheles \u2013 Jahr der j\u00fcdischen Kultur in Sachsen&#8220;. Warum das Thema j\u00fcdisches Leben auch ein interessantes Thema f\u00fcr den Geschichts-, Politik-, Gemeinschafts- oder Sachkundeunterricht sein kann, erkl\u00e4ren wir in unserem neuesten VLOG.<\/strong><\/p>\t\t\t\t\t\t\t\t<\/div>\n\t\t\t\t<\/div>\n\t\t\t\t\t<\/div>\n\t\t<\/div>\n\t\t\t\t\t<\/div>\n\t\t<\/section>\n\t\t\t\t<section class=\"elementor-section elementor-top-section elementor-element elementor-element-130022a elementor-section-boxed elementor-section-height-default elementor-section-height-default\" data-id=\"130022a\" data-element_type=\"section\" data-e-type=\"section\">\n\t\t\t\t\t\t<div class=\"elementor-container elementor-column-gap-default\">\n\t\t\t\t\t<div class=\"elementor-column elementor-col-100 elementor-top-column elementor-element elementor-element-8d62550\" data-id=\"8d62550\" data-element_type=\"column\" data-e-type=\"column\">\n\t\t\t<div class=\"elementor-widget-wrap elementor-element-populated\">\n\t\t\t\t\t\t\t<\/div>\n\t\t<\/div>\n\t\t\t\t\t<\/div>\n\t\t<\/section>\n\t\t\t\t<section class=\"elementor-section elementor-top-section elementor-element elementor-element-2edf252 elementor-section-boxed elementor-section-height-default elementor-section-height-default\" data-id=\"2edf252\" data-element_type=\"section\" data-e-type=\"section\">\n\t\t\t\t\t\t<div class=\"elementor-container elementor-column-gap-default\">\n\t\t\t\t\t<div class=\"elementor-column elementor-col-100 elementor-top-column elementor-element elementor-element-33a16c6\" data-id=\"33a16c6\" data-element_type=\"column\" data-e-type=\"column\">\n\t\t\t<div class=\"elementor-widget-wrap elementor-element-populated\">\n\t\t\t\t\t\t<div class=\"elementor-element elementor-element-269f807 elementor-widget elementor-widget-text-editor\" data-id=\"269f807\" data-element_type=\"widget\" data-e-type=\"widget\" data-widget_type=\"text-editor.default\">\n\t\t\t\t<div class=\"elementor-widget-container\">\n\t\t\t\t\t\t\t\t\t<p>Das Wort kommt aus dem Jiddischen und bedeutet \u201eKlartext reden&#8220; &#8211; und genau darum geht es beim Themenjahr \u201eTacheles \u2013 Jahr der j\u00fcdischen Kultur in Sachsen&#8220;, das noch bis Dezember 2026 l\u00e4uft: Um offenen Dialog, echte Begegnungen und darum, j\u00fcdisches Leben als selbstverst\u00e4ndlichen Teil unserer Gesellschaft sichtbar machen. Das ist auch ein spannendes Thema f\u00fcr den Geschichts-, Politik-, Gemeinschafts- oder Sachkundeunterricht. <\/p>\t\t\t\t\t\t\t\t<\/div>\n\t\t\t\t<\/div>\n\t\t\t\t\t<\/div>\n\t\t<\/div>\n\t\t\t\t\t<\/div>\n\t\t<\/section>\n\t\t\t\t<section class=\"elementor-section elementor-top-section elementor-element elementor-element-c7c38a9 elementor-section-boxed elementor-section-height-default elementor-section-height-default\" data-id=\"c7c38a9\" data-element_type=\"section\" data-e-type=\"section\">\n\t\t\t\t\t\t<div class=\"elementor-container elementor-column-gap-default\">\n\t\t\t\t\t<div class=\"elementor-column elementor-col-100 elementor-top-column elementor-element elementor-element-3021c14\" data-id=\"3021c14\" data-element_type=\"column\" data-e-type=\"column\">\n\t\t\t<div class=\"elementor-widget-wrap elementor-element-populated\">\n\t\t\t\t\t\t<div class=\"elementor-element elementor-element-8d3bc7d elementor-widget elementor-widget-spacer\" data-id=\"8d3bc7d\" data-element_type=\"widget\" data-e-type=\"widget\" data-widget_type=\"spacer.default\">\n\t\t\t\t<div class=\"elementor-widget-container\">\n\t\t\t\t\t\t\t<div class=\"elementor-spacer\">\n\t\t\t<div class=\"elementor-spacer-inner\"><\/div>\n\t\t<\/div>\n\t\t\t\t\t\t<\/div>\n\t\t\t\t<\/div>\n\t\t\t\t\t<\/div>\n\t\t<\/div>\n\t\t\t\t\t<\/div>\n\t\t<\/section>\n\t\t\t\t<section class=\"elementor-section elementor-top-section elementor-element elementor-element-80b8cb6 elementor-section-boxed elementor-section-height-default elementor-section-height-default\" data-id=\"80b8cb6\" data-element_type=\"section\" data-e-type=\"section\">\n\t\t\t\t\t\t<div class=\"elementor-container elementor-column-gap-default\">\n\t\t\t\t\t<div class=\"elementor-column elementor-col-100 elementor-top-column elementor-element elementor-element-6a5594f\" data-id=\"6a5594f\" data-element_type=\"column\" data-e-type=\"column\">\n\t\t\t<div class=\"elementor-widget-wrap elementor-element-populated\">\n\t\t\t\t\t\t<div class=\"elementor-element elementor-element-7d6e749 elementor-widget elementor-widget-video\" data-id=\"7d6e749\" data-element_type=\"widget\" data-e-type=\"widget\" data-settings=\"{&quot;youtube_url&quot;:&quot;https:\\\/\\\/youtu.be\\\/ietslbZ4XeQ&quot;,&quot;video_type&quot;:&quot;youtube&quot;,&quot;controls&quot;:&quot;yes&quot;}\" data-widget_type=\"video.default\">\n\t\t\t\t<div class=\"elementor-widget-container\">\n\t\t\t\t\t\t\t<div class=\"elementor-wrapper elementor-open-inline\">\n\t\t\t<div class=\"elementor-video\"><\/div>\t\t<\/div>\n\t\t\t\t\t\t<\/div>\n\t\t\t\t<\/div>\n\t\t\t\t\t<\/div>\n\t\t<\/div>\n\t\t\t\t\t<\/div>\n\t\t<\/section>\n\t\t\t\t<section class=\"elementor-section elementor-top-section elementor-element elementor-element-4abdfd2 elementor-section-boxed elementor-section-height-default elementor-section-height-default\" data-id=\"4abdfd2\" data-element_type=\"section\" data-e-type=\"section\">\n\t\t\t\t\t\t<div class=\"elementor-container elementor-column-gap-default\">\n\t\t\t\t\t<div class=\"elementor-column elementor-col-100 elementor-top-column elementor-element elementor-element-79f0632\" data-id=\"79f0632\" data-element_type=\"column\" data-e-type=\"column\">\n\t\t\t<div class=\"elementor-widget-wrap elementor-element-populated\">\n\t\t\t\t\t\t<div class=\"elementor-element elementor-element-e68636d elementor-widget elementor-widget-spacer\" data-id=\"e68636d\" data-element_type=\"widget\" data-e-type=\"widget\" data-widget_type=\"spacer.default\">\n\t\t\t\t<div class=\"elementor-widget-container\">\n\t\t\t\t\t\t\t<div class=\"elementor-spacer\">\n\t\t\t<div class=\"elementor-spacer-inner\"><\/div>\n\t\t<\/div>\n\t\t\t\t\t\t<\/div>\n\t\t\t\t<\/div>\n\t\t\t\t\t<\/div>\n\t\t<\/div>\n\t\t\t\t\t<\/div>\n\t\t<\/section>\n\t\t\t\t<section class=\"elementor-section elementor-top-section elementor-element elementor-element-8c5bbfc elementor-section-boxed elementor-section-height-default elementor-section-height-default\" data-id=\"8c5bbfc\" data-element_type=\"section\" data-e-type=\"section\">\n\t\t\t\t\t\t<div class=\"elementor-container elementor-column-gap-default\">\n\t\t\t\t\t<div class=\"elementor-column elementor-col-100 elementor-top-column elementor-element elementor-element-775caf1\" data-id=\"775caf1\" data-element_type=\"column\" data-e-type=\"column\">\n\t\t\t<div class=\"elementor-widget-wrap elementor-element-populated\">\n\t\t\t\t\t\t<div class=\"elementor-element elementor-element-27c6089 elementor-widget elementor-widget-image\" data-id=\"27c6089\" data-element_type=\"widget\" data-e-type=\"widget\" data-widget_type=\"image.default\">\n\t\t\t\t<div class=\"elementor-widget-container\">\n\t\t\t\t\t\t\t\t\t\t\t\t\t\t\t\t<a href=\"https:\/\/tacheles.sachsen.de\/\" target=\"_blank\" tacheles=\"\">\n\t\t\t\t\t\t\t<img decoding=\"async\" width=\"300\" height=\"151\" src=\"https:\/\/lehrer-werden-in-sachsen.de\/stage\/wp-content\/uploads\/2026\/03\/JJK_Marke_Black-300x151.png\" class=\"attachment-medium size-medium wp-image-26214\" alt=\"Logo f\u00fcr das Jahr der j\u00fcdischen Kultur in Sachsen 2026 mit stilisiertem Menorah-Symbol.\" srcset=\"https:\/\/lehrer-werden-in-sachsen.de\/stage\/wp-content\/uploads\/2026\/03\/JJK_Marke_Black-300x151.png 300w, https:\/\/lehrer-werden-in-sachsen.de\/stage\/wp-content\/uploads\/2026\/03\/JJK_Marke_Black-1024x514.png 1024w, https:\/\/lehrer-werden-in-sachsen.de\/stage\/wp-content\/uploads\/2026\/03\/JJK_Marke_Black-768x386.png 768w, https:\/\/lehrer-werden-in-sachsen.de\/stage\/wp-content\/uploads\/2026\/03\/JJK_Marke_Black.png 1418w\" sizes=\"(max-width: 300px) 100vw, 300px\" \/>\t\t\t\t\t\t\t\t<\/a>\n\t\t\t\t\t\t\t\t\t\t\t\t\t\t\t<\/div>\n\t\t\t\t<\/div>\n\t\t\t\t\t<\/div>\n\t\t<\/div>\n\t\t\t\t\t<\/div>\n\t\t<\/section>\n\t\t\t\t<section class=\"elementor-section elementor-top-section elementor-element elementor-element-c257515 elementor-section-boxed elementor-section-height-default elementor-section-height-default\" data-id=\"c257515\" data-element_type=\"section\" data-e-type=\"section\">\n\t\t\t\t\t\t<div class=\"elementor-container elementor-column-gap-default\">\n\t\t\t\t\t<div class=\"elementor-column elementor-col-100 elementor-top-column elementor-element elementor-element-4362699\" data-id=\"4362699\" data-element_type=\"column\" data-e-type=\"column\">\n\t\t\t<div class=\"elementor-widget-wrap elementor-element-populated\">\n\t\t\t\t\t\t<div class=\"elementor-element elementor-element-562f1d6 elementor-widget elementor-widget-spacer\" data-id=\"562f1d6\" data-element_type=\"widget\" data-e-type=\"widget\" data-widget_type=\"spacer.default\">\n\t\t\t\t<div class=\"elementor-widget-container\">\n\t\t\t\t\t\t\t<div class=\"elementor-spacer\">\n\t\t\t<div class=\"elementor-spacer-inner\"><\/div>\n\t\t<\/div>\n\t\t\t\t\t\t<\/div>\n\t\t\t\t<\/div>\n\t\t\t\t\t<\/div>\n\t\t<\/div>\n\t\t\t\t\t<\/div>\n\t\t<\/section>\n\t\t\t\t<section class=\"elementor-section elementor-top-section elementor-element elementor-element-85cf5c4 elementor-section-boxed elementor-section-height-default elementor-section-height-default\" data-id=\"85cf5c4\" data-element_type=\"section\" data-e-type=\"section\">\n\t\t\t\t\t\t<div class=\"elementor-container elementor-column-gap-default\">\n\t\t\t\t\t<div class=\"elementor-column elementor-col-100 elementor-top-column elementor-element elementor-element-7bd472c\" data-id=\"7bd472c\" data-element_type=\"column\" data-e-type=\"column\">\n\t\t\t<div class=\"elementor-widget-wrap elementor-element-populated\">\n\t\t\t\t\t\t<div class=\"elementor-element elementor-element-da511c6 elementor-widget elementor-widget-text-editor\" data-id=\"da511c6\" data-element_type=\"widget\" data-e-type=\"widget\" data-widget_type=\"text-editor.default\">\n\t\t\t\t<div class=\"elementor-widget-container\">\n\t\t\t\t\t\t\t\t\t<p>Wenn du dich als (angehende) Lehrkraft also \u00fcber das Thema informieren willst, wirf einen Blick in unseren neuesten VLOG oder auf die Website <a href=\"https:\/\/tacheles.sachsen.de\/\" title=\"Tacheles.Sachsen\" target=\"_blank\" rel=\"noopener\" data-auto-event-observed=\"true\">Tacheles.Sachsen.<\/a><\/p>\n<p><br><\/p>\n<p>Im <a href=\"https:\/\/tacheles.sachsen.de\/veranstaltungen\" title=\"Tacheles Veranstaltungskalender\" target=\"_blank\" rel=\"noopener\" data-auto-event-observed=\"true\">Veranstaltungskalender<\/a> findest du&nbsp;<span style=\"font-family: inherit; font-size: inherit; font-style: inherit; font-variant-ligatures: inherit; font-variant-caps: inherit; font-weight: inherit;\">au\u00dferdem alle Programmpunkte zu j\u00fcdischer Kultur und Geschichte.<\/span><\/p>\t\t\t\t\t\t\t\t<\/div>\n\t\t\t\t<\/div>\n\t\t\t\t\t<\/div>\n\t\t<\/div>\n\t\t\t\t\t<\/div>\n\t\t<\/section>\n\t\t\t\t<\/div>\n\t\t","protected":false},"excerpt":{"rendered":"<p>Noch bis Dezember 2026 l\u00e4uft das Themenjahr \u201eTacheles &#8211; Jahr der j\u00fcdischen Kultur in Sachsen&#8220;. Warum das Thema j\u00fcdisches Leben auch ein interessantes Thema f\u00fcr den Geschichts-, Politik-, Gemeinschafts- oder Sachkundeunterricht sein kann, erkl\u00e4ren wir in unserem neuesten VLOG.<\/p>\n","protected":false},"author":38,"featured_media":26220,"comment_status":"closed","ping_status":"closed","sticky":false,"template":"","format":"standard","meta":{"footnotes":""},"categories":[46],"tags":[206,204],"class_list":["post-26207","post","type-post","status-publish","format-standard","has-post-thumbnail","hentry","category-blog","tag-bildungspolitik","tag-projekt"],"yoast_head":"<!-- This site is optimized with the Yoast SEO plugin v27.3 - https:\/\/yoast.com\/product\/yoast-seo-wordpress\/ -->\n<title>Tacheles 2026: J\u00fcdisches Leben im Klassenzimmer sichtbar machen<\/title>\n<meta name=\"description\" content=\"Das Jahr der j\u00fcdischen Kultur in Sachsen bis Dezember 2026 ist ein Thema f\u00fcr Geschichts-, Politik-, Gemeinschafts- oder Sachkundeunterricht.\" \/>\n<meta name=\"robots\" content=\"index, follow, max-snippet:-1, max-image-preview:large, max-video-preview:-1\" \/>\n<link rel=\"canonical\" href=\"https:\/\/lehrer-werden-in-sachsen.de\/juedisches-leben-in-sachsen-im-klassenzimmer-sichtbar-machen\/\" \/>\n<meta property=\"og:locale\" content=\"de_DE\" \/>\n<meta property=\"og:type\" content=\"article\" \/>\n<meta property=\"og:title\" content=\"Tacheles 2026: J\u00fcdisches Leben im Klassenzimmer sichtbar machen\" \/>\n<meta property=\"og:description\" content=\"Das Jahr der j\u00fcdischen Kultur in Sachsen bis Dezember 2026 ist ein Thema f\u00fcr Geschichts-, Politik-, Gemeinschafts- oder Sachkundeunterricht.\" \/>\n<meta property=\"og:url\" content=\"https:\/\/lehrer-werden-in-sachsen.de\/juedisches-leben-in-sachsen-im-klassenzimmer-sichtbar-machen\/\" \/>\n<meta property=\"og:site_name\" content=\"LEHRERIN SACHSEN\" \/>\n<meta property=\"article:published_time\" content=\"2026-03-05T15:15:41+00:00\" \/>\n<meta property=\"article:modified_time\" content=\"2026-03-05T20:13:36+00:00\" \/>\n<meta property=\"og:image\" content=\"https:\/\/lehrer-werden-in-sachsen.de\/wp-content\/uploads\/2026\/03\/Tacheles-Header_SMK-1-scaled.jpg\" \/>\n\t<meta property=\"og:image:width\" content=\"2560\" \/>\n\t<meta property=\"og:image:height\" content=\"1188\" \/>\n\t<meta property=\"og:image:type\" content=\"image\/jpeg\" \/>\n<meta name=\"author\" content=\"Samaneh Jalali\" \/>\n<meta name=\"twitter:card\" content=\"summary_large_image\" \/>\n<meta name=\"twitter:label1\" content=\"Verfasst von\" \/>\n\t<meta name=\"twitter:data1\" content=\"Samaneh Jalali\" \/>\n\t<meta name=\"twitter:label2\" content=\"Gesch\u00e4tzte Lesezeit\" \/>\n\t<meta name=\"twitter:data2\" content=\"1\u00a0Minute\" \/>\n<script type=\"application\/ld+json\" class=\"yoast-schema-graph\">{\"@context\":\"https:\\\/\\\/schema.org\",\"@graph\":[{\"@type\":\"Article\",\"@id\":\"https:\\\/\\\/lehrer-werden-in-sachsen.de\\\/juedisches-leben-in-sachsen-im-klassenzimmer-sichtbar-machen\\\/#article\",\"isPartOf\":{\"@id\":\"https:\\\/\\\/lehrer-werden-in-sachsen.de\\\/juedisches-leben-in-sachsen-im-klassenzimmer-sichtbar-machen\\\/\"},\"author\":{\"name\":\"Samaneh Jalali\",\"@id\":\"https:\\\/\\\/lehrer-werden-in-sachsen.de\\\/#\\\/schema\\\/person\\\/6a01ac605fe46077526f0187020aebc9\"},\"headline\":\"Tacheles 2026 &#8211; J\u00fcdisches Leben in Sachsen im Klassenzimmer sichtbar machen\",\"datePublished\":\"2026-03-05T15:15:41+00:00\",\"dateModified\":\"2026-03-05T20:13:36+00:00\",\"mainEntityOfPage\":{\"@id\":\"https:\\\/\\\/lehrer-werden-in-sachsen.de\\\/juedisches-leben-in-sachsen-im-klassenzimmer-sichtbar-machen\\\/\"},\"wordCount\":162,\"publisher\":{\"@id\":\"https:\\\/\\\/lehrer-werden-in-sachsen.de\\\/#organization\"},\"image\":{\"@id\":\"https:\\\/\\\/lehrer-werden-in-sachsen.de\\\/juedisches-leben-in-sachsen-im-klassenzimmer-sichtbar-machen\\\/#primaryimage\"},\"thumbnailUrl\":\"https:\\\/\\\/lehrer-werden-in-sachsen.de\\\/stage\\\/wp-content\\\/uploads\\\/2026\\\/03\\\/Tacheles-Header_SMK-1-scaled.jpg\",\"keywords\":[\"Bildungspolitik\",\"Projekt\"],\"articleSection\":[\"Blog\"],\"inLanguage\":\"de\"},{\"@type\":\"WebPage\",\"@id\":\"https:\\\/\\\/lehrer-werden-in-sachsen.de\\\/juedisches-leben-in-sachsen-im-klassenzimmer-sichtbar-machen\\\/\",\"url\":\"https:\\\/\\\/lehrer-werden-in-sachsen.de\\\/juedisches-leben-in-sachsen-im-klassenzimmer-sichtbar-machen\\\/\",\"name\":\"Tacheles 2026: J\u00fcdisches Leben im Klassenzimmer sichtbar machen\",\"isPartOf\":{\"@id\":\"https:\\\/\\\/lehrer-werden-in-sachsen.de\\\/#website\"},\"primaryImageOfPage\":{\"@id\":\"https:\\\/\\\/lehrer-werden-in-sachsen.de\\\/juedisches-leben-in-sachsen-im-klassenzimmer-sichtbar-machen\\\/#primaryimage\"},\"image\":{\"@id\":\"https:\\\/\\\/lehrer-werden-in-sachsen.de\\\/juedisches-leben-in-sachsen-im-klassenzimmer-sichtbar-machen\\\/#primaryimage\"},\"thumbnailUrl\":\"https:\\\/\\\/lehrer-werden-in-sachsen.de\\\/stage\\\/wp-content\\\/uploads\\\/2026\\\/03\\\/Tacheles-Header_SMK-1-scaled.jpg\",\"datePublished\":\"2026-03-05T15:15:41+00:00\",\"dateModified\":\"2026-03-05T20:13:36+00:00\",\"description\":\"Das Jahr der j\u00fcdischen Kultur in Sachsen bis Dezember 2026 ist ein Thema f\u00fcr Geschichts-, Politik-, Gemeinschafts- oder Sachkundeunterricht.\",\"breadcrumb\":{\"@id\":\"https:\\\/\\\/lehrer-werden-in-sachsen.de\\\/juedisches-leben-in-sachsen-im-klassenzimmer-sichtbar-machen\\\/#breadcrumb\"},\"inLanguage\":\"de\",\"potentialAction\":[{\"@type\":\"ReadAction\",\"target\":[\"https:\\\/\\\/lehrer-werden-in-sachsen.de\\\/juedisches-leben-in-sachsen-im-klassenzimmer-sichtbar-machen\\\/\"]}]},{\"@type\":\"ImageObject\",\"inLanguage\":\"de\",\"@id\":\"https:\\\/\\\/lehrer-werden-in-sachsen.de\\\/juedisches-leben-in-sachsen-im-klassenzimmer-sichtbar-machen\\\/#primaryimage\",\"url\":\"https:\\\/\\\/lehrer-werden-in-sachsen.de\\\/stage\\\/wp-content\\\/uploads\\\/2026\\\/03\\\/Tacheles-Header_SMK-1-scaled.jpg\",\"contentUrl\":\"https:\\\/\\\/lehrer-werden-in-sachsen.de\\\/stage\\\/wp-content\\\/uploads\\\/2026\\\/03\\\/Tacheles-Header_SMK-1-scaled.jpg\",\"width\":2560,\"height\":1188,\"caption\":\"Junge Frau h\u00e4lt ein Plakat mit dem Titel 'TACHELES' und verschiedenen Portr\u00e4ts in der Hand, w\u00e4hrend sie vor einem historischen Geb\u00e4ude steht.\"},{\"@type\":\"BreadcrumbList\",\"@id\":\"https:\\\/\\\/lehrer-werden-in-sachsen.de\\\/juedisches-leben-in-sachsen-im-klassenzimmer-sichtbar-machen\\\/#breadcrumb\",\"itemListElement\":[{\"@type\":\"ListItem\",\"position\":1,\"name\":\"Startseite\",\"item\":\"https:\\\/\\\/lehrer-werden-in-sachsen.de\\\/\"},{\"@type\":\"ListItem\",\"position\":2,\"name\":\"Tacheles 2026 &#8211; J\u00fcdisches Leben in Sachsen im Klassenzimmer sichtbar machen\"}]},{\"@type\":\"WebSite\",\"@id\":\"https:\\\/\\\/lehrer-werden-in-sachsen.de\\\/#website\",\"url\":\"https:\\\/\\\/lehrer-werden-in-sachsen.de\\\/\",\"name\":\"LEHRERIN SACHSEN\",\"description\":\"Eine Klasse f\u00fcr sich.\",\"publisher\":{\"@id\":\"https:\\\/\\\/lehrer-werden-in-sachsen.de\\\/#organization\"},\"potentialAction\":[{\"@type\":\"SearchAction\",\"target\":{\"@type\":\"EntryPoint\",\"urlTemplate\":\"https:\\\/\\\/lehrer-werden-in-sachsen.de\\\/?s={search_term_string}\"},\"query-input\":{\"@type\":\"PropertyValueSpecification\",\"valueRequired\":true,\"valueName\":\"search_term_string\"}}],\"inLanguage\":\"de\"},{\"@type\":\"Organization\",\"@id\":\"https:\\\/\\\/lehrer-werden-in-sachsen.de\\\/#organization\",\"name\":\"LEHRERIN SACHSEN\",\"url\":\"https:\\\/\\\/lehrer-werden-in-sachsen.de\\\/\",\"logo\":{\"@type\":\"ImageObject\",\"inLanguage\":\"de\",\"@id\":\"https:\\\/\\\/lehrer-werden-in-sachsen.de\\\/#\\\/schema\\\/logo\\\/image\\\/\",\"url\":\"https:\\\/\\\/lehrer-werden-in-sachsen.de\\\/stage\\\/wp-content\\\/uploads\\\/2022\\\/02\\\/SMK_Leherin-Sachsen-Marke_RGB_Violett-Orange.svg\",\"contentUrl\":\"https:\\\/\\\/lehrer-werden-in-sachsen.de\\\/stage\\\/wp-content\\\/uploads\\\/2022\\\/02\\\/SMK_Leherin-Sachsen-Marke_RGB_Violett-Orange.svg\",\"caption\":\"LEHRERIN SACHSEN\"},\"image\":{\"@id\":\"https:\\\/\\\/lehrer-werden-in-sachsen.de\\\/#\\\/schema\\\/logo\\\/image\\\/\"}},{\"@type\":\"Person\",\"@id\":\"https:\\\/\\\/lehrer-werden-in-sachsen.de\\\/#\\\/schema\\\/person\\\/6a01ac605fe46077526f0187020aebc9\",\"name\":\"Samaneh Jalali\",\"image\":{\"@type\":\"ImageObject\",\"inLanguage\":\"de\",\"@id\":\"https:\\\/\\\/secure.gravatar.com\\\/avatar\\\/1560ee2c14480eda6bf5192c97ac50eee3a7054528c41a888c67701798b1481a?s=96&d=mm&r=g\",\"url\":\"https:\\\/\\\/secure.gravatar.com\\\/avatar\\\/1560ee2c14480eda6bf5192c97ac50eee3a7054528c41a888c67701798b1481a?s=96&d=mm&r=g\",\"contentUrl\":\"https:\\\/\\\/secure.gravatar.com\\\/avatar\\\/1560ee2c14480eda6bf5192c97ac50eee3a7054528c41a888c67701798b1481a?s=96&d=mm&r=g\",\"caption\":\"Samaneh Jalali\"},\"url\":\"https:\\\/\\\/lehrer-werden-in-sachsen.de\\\/stage\\\/author\\\/samaneh-jalali\\\/\"}]}<\/script>\n<!-- \/ Yoast SEO plugin. -->","yoast_head_json":{"title":"Tacheles 2026: J\u00fcdisches Leben im Klassenzimmer sichtbar machen","description":"Das Jahr der j\u00fcdischen Kultur in Sachsen bis Dezember 2026 ist ein Thema f\u00fcr Geschichts-, Politik-, Gemeinschafts- oder Sachkundeunterricht.","robots":{"index":"index","follow":"follow","max-snippet":"max-snippet:-1","max-image-preview":"max-image-preview:large","max-video-preview":"max-video-preview:-1"},"canonical":"https:\/\/lehrer-werden-in-sachsen.de\/juedisches-leben-in-sachsen-im-klassenzimmer-sichtbar-machen\/","og_locale":"de_DE","og_type":"article","og_title":"Tacheles 2026: J\u00fcdisches Leben im Klassenzimmer sichtbar machen","og_description":"Das Jahr der j\u00fcdischen Kultur in Sachsen bis Dezember 2026 ist ein Thema f\u00fcr Geschichts-, Politik-, Gemeinschafts- oder Sachkundeunterricht.","og_url":"https:\/\/lehrer-werden-in-sachsen.de\/juedisches-leben-in-sachsen-im-klassenzimmer-sichtbar-machen\/","og_site_name":"LEHRERIN SACHSEN","article_published_time":"2026-03-05T15:15:41+00:00","article_modified_time":"2026-03-05T20:13:36+00:00","og_image":[{"width":2560,"height":1188,"url":"https:\/\/lehrer-werden-in-sachsen.de\/wp-content\/uploads\/2026\/03\/Tacheles-Header_SMK-1-scaled.jpg","type":"image\/jpeg"}],"author":"Samaneh Jalali","twitter_card":"summary_large_image","twitter_misc":{"Verfasst von":"Samaneh Jalali","Gesch\u00e4tzte Lesezeit":"1\u00a0Minute"},"schema":{"@context":"https:\/\/schema.org","@graph":[{"@type":"Article","@id":"https:\/\/lehrer-werden-in-sachsen.de\/juedisches-leben-in-sachsen-im-klassenzimmer-sichtbar-machen\/#article","isPartOf":{"@id":"https:\/\/lehrer-werden-in-sachsen.de\/juedisches-leben-in-sachsen-im-klassenzimmer-sichtbar-machen\/"},"author":{"name":"Samaneh Jalali","@id":"https:\/\/lehrer-werden-in-sachsen.de\/#\/schema\/person\/6a01ac605fe46077526f0187020aebc9"},"headline":"Tacheles 2026 &#8211; J\u00fcdisches Leben in Sachsen im Klassenzimmer sichtbar machen","datePublished":"2026-03-05T15:15:41+00:00","dateModified":"2026-03-05T20:13:36+00:00","mainEntityOfPage":{"@id":"https:\/\/lehrer-werden-in-sachsen.de\/juedisches-leben-in-sachsen-im-klassenzimmer-sichtbar-machen\/"},"wordCount":162,"publisher":{"@id":"https:\/\/lehrer-werden-in-sachsen.de\/#organization"},"image":{"@id":"https:\/\/lehrer-werden-in-sachsen.de\/juedisches-leben-in-sachsen-im-klassenzimmer-sichtbar-machen\/#primaryimage"},"thumbnailUrl":"https:\/\/lehrer-werden-in-sachsen.de\/stage\/wp-content\/uploads\/2026\/03\/Tacheles-Header_SMK-1-scaled.jpg","keywords":["Bildungspolitik","Projekt"],"articleSection":["Blog"],"inLanguage":"de"},{"@type":"WebPage","@id":"https:\/\/lehrer-werden-in-sachsen.de\/juedisches-leben-in-sachsen-im-klassenzimmer-sichtbar-machen\/","url":"https:\/\/lehrer-werden-in-sachsen.de\/juedisches-leben-in-sachsen-im-klassenzimmer-sichtbar-machen\/","name":"Tacheles 2026: J\u00fcdisches Leben im Klassenzimmer sichtbar machen","isPartOf":{"@id":"https:\/\/lehrer-werden-in-sachsen.de\/#website"},"primaryImageOfPage":{"@id":"https:\/\/lehrer-werden-in-sachsen.de\/juedisches-leben-in-sachsen-im-klassenzimmer-sichtbar-machen\/#primaryimage"},"image":{"@id":"https:\/\/lehrer-werden-in-sachsen.de\/juedisches-leben-in-sachsen-im-klassenzimmer-sichtbar-machen\/#primaryimage"},"thumbnailUrl":"https:\/\/lehrer-werden-in-sachsen.de\/stage\/wp-content\/uploads\/2026\/03\/Tacheles-Header_SMK-1-scaled.jpg","datePublished":"2026-03-05T15:15:41+00:00","dateModified":"2026-03-05T20:13:36+00:00","description":"Das Jahr der j\u00fcdischen Kultur in Sachsen bis Dezember 2026 ist ein Thema f\u00fcr Geschichts-, Politik-, Gemeinschafts- oder Sachkundeunterricht.","breadcrumb":{"@id":"https:\/\/lehrer-werden-in-sachsen.de\/juedisches-leben-in-sachsen-im-klassenzimmer-sichtbar-machen\/#breadcrumb"},"inLanguage":"de","potentialAction":[{"@type":"ReadAction","target":["https:\/\/lehrer-werden-in-sachsen.de\/juedisches-leben-in-sachsen-im-klassenzimmer-sichtbar-machen\/"]}]},{"@type":"ImageObject","inLanguage":"de","@id":"https:\/\/lehrer-werden-in-sachsen.de\/juedisches-leben-in-sachsen-im-klassenzimmer-sichtbar-machen\/#primaryimage","url":"https:\/\/lehrer-werden-in-sachsen.de\/stage\/wp-content\/uploads\/2026\/03\/Tacheles-Header_SMK-1-scaled.jpg","contentUrl":"https:\/\/lehrer-werden-in-sachsen.de\/stage\/wp-content\/uploads\/2026\/03\/Tacheles-Header_SMK-1-scaled.jpg","width":2560,"height":1188,"caption":"Junge Frau h\u00e4lt ein Plakat mit dem Titel 'TACHELES' und verschiedenen Portr\u00e4ts in der Hand, w\u00e4hrend sie vor einem historischen Geb\u00e4ude steht."},{"@type":"BreadcrumbList","@id":"https:\/\/lehrer-werden-in-sachsen.de\/juedisches-leben-in-sachsen-im-klassenzimmer-sichtbar-machen\/#breadcrumb","itemListElement":[{"@type":"ListItem","position":1,"name":"Startseite","item":"https:\/\/lehrer-werden-in-sachsen.de\/"},{"@type":"ListItem","position":2,"name":"Tacheles 2026 &#8211; J\u00fcdisches Leben in Sachsen im Klassenzimmer sichtbar machen"}]},{"@type":"WebSite","@id":"https:\/\/lehrer-werden-in-sachsen.de\/#website","url":"https:\/\/lehrer-werden-in-sachsen.de\/","name":"LEHRERIN SACHSEN","description":"Eine Klasse f\u00fcr sich.","publisher":{"@id":"https:\/\/lehrer-werden-in-sachsen.de\/#organization"},"potentialAction":[{"@type":"SearchAction","target":{"@type":"EntryPoint","urlTemplate":"https:\/\/lehrer-werden-in-sachsen.de\/?s={search_term_string}"},"query-input":{"@type":"PropertyValueSpecification","valueRequired":true,"valueName":"search_term_string"}}],"inLanguage":"de"},{"@type":"Organization","@id":"https:\/\/lehrer-werden-in-sachsen.de\/#organization","name":"LEHRERIN SACHSEN","url":"https:\/\/lehrer-werden-in-sachsen.de\/","logo":{"@type":"ImageObject","inLanguage":"de","@id":"https:\/\/lehrer-werden-in-sachsen.de\/#\/schema\/logo\/image\/","url":"https:\/\/lehrer-werden-in-sachsen.de\/stage\/wp-content\/uploads\/2022\/02\/SMK_Leherin-Sachsen-Marke_RGB_Violett-Orange.svg","contentUrl":"https:\/\/lehrer-werden-in-sachsen.de\/stage\/wp-content\/uploads\/2022\/02\/SMK_Leherin-Sachsen-Marke_RGB_Violett-Orange.svg","caption":"LEHRERIN SACHSEN"},"image":{"@id":"https:\/\/lehrer-werden-in-sachsen.de\/#\/schema\/logo\/image\/"}},{"@type":"Person","@id":"https:\/\/lehrer-werden-in-sachsen.de\/#\/schema\/person\/6a01ac605fe46077526f0187020aebc9","name":"Samaneh Jalali","image":{"@type":"ImageObject","inLanguage":"de","@id":"https:\/\/secure.gravatar.com\/avatar\/1560ee2c14480eda6bf5192c97ac50eee3a7054528c41a888c67701798b1481a?s=96&d=mm&r=g","url":"https:\/\/secure.gravatar.com\/avatar\/1560ee2c14480eda6bf5192c97ac50eee3a7054528c41a888c67701798b1481a?s=96&d=mm&r=g","contentUrl":"https:\/\/secure.gravatar.com\/avatar\/1560ee2c14480eda6bf5192c97ac50eee3a7054528c41a888c67701798b1481a?s=96&d=mm&r=g","caption":"Samaneh Jalali"},"url":"https:\/\/lehrer-werden-in-sachsen.de\/stage\/author\/samaneh-jalali\/"}]}},"_links":{"self":[{"href":"https:\/\/lehrer-werden-in-sachsen.de\/stage\/wp-json\/wp\/v2\/posts\/26207","targetHints":{"allow":["GET"]}}],"collection":[{"href":"https:\/\/lehrer-werden-in-sachsen.de\/stage\/wp-json\/wp\/v2\/posts"}],"about":[{"href":"https:\/\/lehrer-werden-in-sachsen.de\/stage\/wp-json\/wp\/v2\/types\/post"}],"author":[{"embeddable":true,"href":"https:\/\/lehrer-werden-in-sachsen.de\/stage\/wp-json\/wp\/v2\/users\/38"}],"replies":[{"embeddable":true,"href":"https:\/\/lehrer-werden-in-sachsen.de\/stage\/wp-json\/wp\/v2\/comments?post=26207"}],"version-history":[{"count":40,"href":"https:\/\/lehrer-werden-in-sachsen.de\/stage\/wp-json\/wp\/v2\/posts\/26207\/revisions"}],"predecessor-version":[{"id":26252,"href":"https:\/\/lehrer-werden-in-sachsen.de\/stage\/wp-json\/wp\/v2\/posts\/26207\/revisions\/26252"}],"wp:featuredmedia":[{"embeddable":true,"href":"https:\/\/lehrer-werden-in-sachsen.de\/stage\/wp-json\/wp\/v2\/media\/26220"}],"wp:attachment":[{"href":"https:\/\/lehrer-werden-in-sachsen.de\/stage\/wp-json\/wp\/v2\/media?parent=26207"}],"wp:term":[{"taxonomy":"category","embeddable":true,"href":"https:\/\/lehrer-werden-in-sachsen.de\/stage\/wp-json\/wp\/v2\/categories?post=26207"},{"taxonomy":"post_tag","embeddable":true,"href":"https:\/\/lehrer-werden-in-sachsen.de\/stage\/wp-json\/wp\/v2\/tags?post=26207"}],"curies":[{"name":"wp","href":"https:\/\/api.w.org\/{rel}","templated":true}]}}