{"id":24643,"date":"2025-12-19T10:55:40","date_gmt":"2025-12-19T09:55:40","guid":{"rendered":"https:\/\/lehrer-werden-in-sachsen.de\/stage\/?p=24643"},"modified":"2025-12-19T11:06:46","modified_gmt":"2025-12-19T10:06:46","slug":"videografie-in-der-lehrkraefteausbildung-sich-selbst-beim-unterrichten-zusehen","status":"publish","type":"post","link":"https:\/\/lehrer-werden-in-sachsen.de\/stage\/videografie-in-der-lehrkraefteausbildung-sich-selbst-beim-unterrichten-zusehen\/","title":{"rendered":"Videografie in der Lehrkr\u00e4fteausbildung: Sich selbst beim Unterrichten zusehen"},"content":{"rendered":"\t\t<div data-elementor-type=\"wp-post\" data-elementor-id=\"24643\" class=\"elementor elementor-24643\" data-elementor-post-type=\"post\">\n\t\t\t\t\t\t<section class=\"elementor-section elementor-top-section elementor-element elementor-element-cedcf6d elementor-section-boxed elementor-section-height-default elementor-section-height-default\" data-id=\"cedcf6d\" data-element_type=\"section\" data-e-type=\"section\">\n\t\t\t\t\t\t<div class=\"elementor-container elementor-column-gap-default\">\n\t\t\t\t\t<div class=\"elementor-column elementor-col-100 elementor-top-column elementor-element elementor-element-d13844d\" data-id=\"d13844d\" data-element_type=\"column\" data-e-type=\"column\">\n\t\t\t<div class=\"elementor-widget-wrap elementor-element-populated\">\n\t\t\t\t\t\t<div class=\"elementor-element elementor-element-4724cd1 elementor-widget elementor-widget-text-editor\" data-id=\"4724cd1\" data-element_type=\"widget\" data-e-type=\"widget\" data-widget_type=\"text-editor.default\">\n\t\t\t\t<div class=\"elementor-widget-container\">\n\t\t\t\t\t\t\t\t\t<p><strong><span class=\"TextRun SCXW35262430 BCX0\" lang=\"DE-DE\" xml:lang=\"DE-DE\" data-contrast=\"auto\"><span class=\"NormalTextRun SCXW35262430 BCX0\">Eine Kamera l\u00e4uft. Eine angehende Mathematiklehrerin erkl\u00e4rt spitze, stumpfe und rechte Winkel. Sie zeigt, wie man sie mit dem Winkelmesser misst und berechnet \u2013 konzentriert, engagiert. Sp\u00e4ter sieht sie sich selbst im Video: \u201eWie stehe ich vor der Klasse? Wie reagiere ich auf Zwischenrufe? Wie kommen meine Erkl\u00e4rungen\u00a0<\/span><span class=\"NormalTextRun AdvancedProofingIssueV2Themed SCXW35262430 BCX0\">wirklich bei<\/span><span class=\"NormalTextRun SCXW35262430 BCX0\">\u00a0den Sch\u00fclerinnen und Sch\u00fclern an?\u201c Solche Fragen lassen sich mit Videografie beantworten \u2013 pr\u00e4ziser als jede Beobachtung aus dem Hintergrund es k\u00f6nnte.<\/span><\/span><span class=\"EOP SCXW35262430 BCX0\" data-ccp-props=\"{&quot;201341983&quot;:0,&quot;335551550&quot;:6,&quot;335551620&quot;:6,&quot;335559739&quot;:120,&quot;335559740&quot;:360,&quot;469777462&quot;:[3969],&quot;469777927&quot;:[0],&quot;469777928&quot;:[1]}\">\u00a0<\/span><\/strong><\/p>\t\t\t\t\t\t\t\t<\/div>\n\t\t\t\t<\/div>\n\t\t\t\t\t<\/div>\n\t\t<\/div>\n\t\t\t\t\t<\/div>\n\t\t<\/section>\n\t\t\t\t<section class=\"elementor-section elementor-top-section elementor-element elementor-element-c4c04c3 elementor-section-boxed elementor-section-height-default elementor-section-height-default\" data-id=\"c4c04c3\" data-element_type=\"section\" data-e-type=\"section\">\n\t\t\t\t\t\t<div class=\"elementor-container elementor-column-gap-default\">\n\t\t\t\t\t<div class=\"elementor-column elementor-col-100 elementor-top-column elementor-element elementor-element-82568df\" data-id=\"82568df\" data-element_type=\"column\" data-e-type=\"column\">\n\t\t\t<div class=\"elementor-widget-wrap elementor-element-populated\">\n\t\t\t\t\t\t\t<\/div>\n\t\t<\/div>\n\t\t\t\t\t<\/div>\n\t\t<\/section>\n\t\t\t\t<section class=\"elementor-section elementor-top-section elementor-element elementor-element-20f5d6f elementor-section-boxed elementor-section-height-default elementor-section-height-default\" data-id=\"20f5d6f\" data-element_type=\"section\" data-e-type=\"section\">\n\t\t\t\t\t\t<div class=\"elementor-container elementor-column-gap-default\">\n\t\t\t\t\t<div class=\"elementor-column elementor-col-100 elementor-top-column elementor-element elementor-element-387bff1\" data-id=\"387bff1\" data-element_type=\"column\" data-e-type=\"column\">\n\t\t\t<div class=\"elementor-widget-wrap elementor-element-populated\">\n\t\t\t\t\t\t<div class=\"elementor-element elementor-element-ea92e7e elementor-widget elementor-widget-text-editor\" data-id=\"ea92e7e\" data-element_type=\"widget\" data-e-type=\"widget\" data-widget_type=\"text-editor.default\">\n\t\t\t\t<div class=\"elementor-widget-container\">\n\t\t\t\t\t\t\t\t\t<p><span class=\"TextRun SCXW119264323 BCX0\" lang=\"DE-DE\" xml:lang=\"DE-DE\" data-contrast=\"auto\"><span class=\"NormalTextRun SCXW119264323 BCX0\">Seit 2018 geh\u00f6rt das Filmen und Analysieren solcher Unterrichtssituationen an der <a href=\"https:\/\/www.lasub.smk.sachsen.de\/leipzig-3962.html\" title=\"Landesamt f\u00fcr Schule und Bildung (LaSuB) am Standort Leipzig\" target=\"_blank\" rel=\"noopener\">Lehrerausbildungsst\u00e4tte (LAS) Leipzig des Landesamtes f\u00fcr Schule und Bildung (<\/a><\/span><span class=\"NormalTextRun SCXW119264323 BCX0\">LaSuB<\/span><span class=\"NormalTextRun SCXW119264323 BCX0\">) zur Ausbildung angehender Lehrkr\u00e4fte<\/span><span class=\"NormalTextRun SCXW119264323 BCX0\">\u00a0an Oberschulen<\/span><span class=\"NormalTextRun SCXW119264323 BCX0\">. Eine Projektgruppe\u00a0<\/span><span class=\"NormalTextRun SCXW119264323 BCX0\">an der\u00a0<\/span><span class=\"NormalTextRun SCXW119264323 BCX0\">LAS<\/span><span class=\"NormalTextRun SCXW119264323 BCX0\">\u00a0Leipzig<\/span><span class=\"NormalTextRun SCXW119264323 BCX0\">\u00a0<\/span><span class=\"NormalTextRun SCXW119264323 BCX0\">m\u00f6chte\u00a0<\/span><span class=\"NormalTextRun SCXW119264323 BCX0\">so die\u00a0<\/span><span class=\"NormalTextRun SCXW119264323 BCX0\">Rahmenbedingungen schaffen,\u00a0<\/span><span class=\"NormalTextRun SCXW119264323 BCX0\">damit Videografie von Ausbildenden an allen Lehr\u00e4mtern der LAS eingesetzt werden kann<\/span><span class=\"NormalTextRun SCXW119264323 BCX0\">\u00a0\u2013 von der Sonderp\u00e4dagogik \u00fcber die Grun<\/span><span class=\"NormalTextRun SCXW119264323 BCX0\">d<\/span><span class=\"NormalTextRun SCXW119264323 BCX0\">schule und Oberschule bis zum Gymnasium.\u00a0<\/span><span class=\"NormalTextRun SCXW119264323 BCX0\">Ziel ist es, das eigene p\u00e4dagogische und fachliche Handeln bewusster wahrzunehmen \u2013 und dadurch gezielt zu verbessern.<\/span><\/span><span class=\"EOP SCXW119264323 BCX0\" data-ccp-props=\"{&quot;201341983&quot;:0,&quot;335551550&quot;:6,&quot;335551620&quot;:6,&quot;335559739&quot;:120,&quot;335559740&quot;:360,&quot;469777462&quot;:[3969],&quot;469777927&quot;:[0],&quot;469777928&quot;:[1]}\">\u00a0<\/span><\/p>\t\t\t\t\t\t\t\t<\/div>\n\t\t\t\t<\/div>\n\t\t\t\t\t<\/div>\n\t\t<\/div>\n\t\t\t\t\t<\/div>\n\t\t<\/section>\n\t\t\t\t<section class=\"elementor-section elementor-top-section elementor-element elementor-element-9ab561c elementor-section-boxed elementor-section-height-default elementor-section-height-default\" data-id=\"9ab561c\" data-element_type=\"section\" data-e-type=\"section\">\n\t\t\t\t\t\t<div class=\"elementor-container elementor-column-gap-default\">\n\t\t\t\t\t<div class=\"elementor-column elementor-col-100 elementor-top-column elementor-element elementor-element-7f05a88\" data-id=\"7f05a88\" data-element_type=\"column\" data-e-type=\"column\">\n\t\t\t<div class=\"elementor-widget-wrap\">\n\t\t\t\t\t\t\t<\/div>\n\t\t<\/div>\n\t\t\t\t\t<\/div>\n\t\t<\/section>\n\t\t\t\t<section class=\"elementor-section elementor-top-section elementor-element elementor-element-8a30439 elementor-section-boxed elementor-section-height-default elementor-section-height-default\" data-id=\"8a30439\" data-element_type=\"section\" data-e-type=\"section\">\n\t\t\t\t\t\t<div class=\"elementor-container elementor-column-gap-default\">\n\t\t\t\t\t<div class=\"elementor-column elementor-col-100 elementor-top-column elementor-element elementor-element-cefd22b\" data-id=\"cefd22b\" data-element_type=\"column\" data-e-type=\"column\">\n\t\t\t<div class=\"elementor-widget-wrap elementor-element-populated\">\n\t\t\t\t\t\t<div class=\"elementor-element elementor-element-e8258d3 elementor-widget elementor-widget-image\" data-id=\"e8258d3\" data-element_type=\"widget\" data-e-type=\"widget\" data-widget_type=\"image.default\">\n\t\t\t\t<div class=\"elementor-widget-container\">\n\t\t\t\t\t\t\t\t\t\t\t\t\t\t\t<img fetchpriority=\"high\" decoding=\"async\" width=\"1024\" height=\"341\" src=\"https:\/\/lehrer-werden-in-sachsen.de\/stage\/wp-content\/uploads\/2025\/11\/SMK-Blog-Artikelbild-Videographie-_1200x400px_03-1024x341.jpg\" class=\"attachment-large size-large wp-image-24647\" alt=\"Drei M\u00e4nner und eine Frau sitzen in einem Raum vor einem Monitor, auf dem eine Schulsituation mit einer Lehrerin und einer Klasse zu sehen ist.\" srcset=\"https:\/\/lehrer-werden-in-sachsen.de\/stage\/wp-content\/uploads\/2025\/11\/SMK-Blog-Artikelbild-Videographie-_1200x400px_03-1024x341.jpg 1024w, https:\/\/lehrer-werden-in-sachsen.de\/stage\/wp-content\/uploads\/2025\/11\/SMK-Blog-Artikelbild-Videographie-_1200x400px_03-300x100.jpg 300w, https:\/\/lehrer-werden-in-sachsen.de\/stage\/wp-content\/uploads\/2025\/11\/SMK-Blog-Artikelbild-Videographie-_1200x400px_03-768x256.jpg 768w, https:\/\/lehrer-werden-in-sachsen.de\/stage\/wp-content\/uploads\/2025\/11\/SMK-Blog-Artikelbild-Videographie-_1200x400px_03.jpg 1200w\" sizes=\"(max-width: 1024px) 100vw, 1024px\" \/>\t\t\t\t\t\t\t\t\t\t\t\t\t\t\t<\/div>\n\t\t\t\t<\/div>\n\t\t\t\t\t<\/div>\n\t\t<\/div>\n\t\t\t\t\t<\/div>\n\t\t<\/section>\n\t\t\t\t<section class=\"elementor-section elementor-top-section elementor-element elementor-element-3f54f92 elementor-section-boxed elementor-section-height-default elementor-section-height-default\" data-id=\"3f54f92\" data-element_type=\"section\" data-e-type=\"section\">\n\t\t\t\t\t\t<div class=\"elementor-container elementor-column-gap-default\">\n\t\t\t\t\t<div class=\"elementor-column elementor-col-100 elementor-top-column elementor-element elementor-element-51a42a9\" data-id=\"51a42a9\" data-element_type=\"column\" data-e-type=\"column\">\n\t\t\t<div class=\"elementor-widget-wrap elementor-element-populated\">\n\t\t\t\t\t\t<div class=\"elementor-element elementor-element-c32266a elementor-widget elementor-widget-text-editor\" data-id=\"c32266a\" data-element_type=\"widget\" data-e-type=\"widget\" data-widget_type=\"text-editor.default\">\n\t\t\t\t<div class=\"elementor-widget-container\">\n\t\t\t\t\t\t\t\t\t<p><em>Ganz genau hingeschaut: Der Videografie-Kursus Oberschule Stammgruppe 1 beobachtet jede Aktion und Reaktion in der Unterrichtsaufzeichnung ganz genau, um Feedback zu geben und auch das eigene p\u00e4dagogische und fachliche Handeln zu schulen und zu verbessern. Foto: Marco Fiedler<\/em><\/p>\t\t\t\t\t\t\t\t<\/div>\n\t\t\t\t<\/div>\n\t\t\t\t\t<\/div>\n\t\t<\/div>\n\t\t\t\t\t<\/div>\n\t\t<\/section>\n\t\t\t\t<section class=\"elementor-section elementor-top-section elementor-element elementor-element-987d9d1 elementor-section-boxed elementor-section-height-default elementor-section-height-default\" data-id=\"987d9d1\" data-element_type=\"section\" data-e-type=\"section\">\n\t\t\t\t\t\t<div class=\"elementor-container elementor-column-gap-default\">\n\t\t\t\t\t<div class=\"elementor-column elementor-col-100 elementor-top-column elementor-element elementor-element-c4c8595\" data-id=\"c4c8595\" data-element_type=\"column\" data-e-type=\"column\">\n\t\t\t<div class=\"elementor-widget-wrap elementor-element-populated\">\n\t\t\t\t\t\t<div class=\"elementor-element elementor-element-536c7da elementor-widget elementor-widget-heading\" data-id=\"536c7da\" data-element_type=\"widget\" data-e-type=\"widget\" data-widget_type=\"heading.default\">\n\t\t\t\t<div class=\"elementor-widget-container\">\n\t\t\t\t\t<h2 class=\"elementor-heading-title elementor-size-default\">Vom kollegialen Feedback zum professionellen Beratungsinstrument <\/h2>\t\t\t\t<\/div>\n\t\t\t\t<\/div>\n\t\t\t\t\t<\/div>\n\t\t<\/div>\n\t\t\t\t\t<\/div>\n\t\t<\/section>\n\t\t\t\t<section class=\"elementor-section elementor-top-section elementor-element elementor-element-94e43ea elementor-section-boxed elementor-section-height-default elementor-section-height-default\" data-id=\"94e43ea\" data-element_type=\"section\" data-e-type=\"section\">\n\t\t\t\t\t\t<div class=\"elementor-container elementor-column-gap-default\">\n\t\t\t\t\t<div class=\"elementor-column elementor-col-100 elementor-top-column elementor-element elementor-element-7474bb3\" data-id=\"7474bb3\" data-element_type=\"column\" data-e-type=\"column\">\n\t\t\t<div class=\"elementor-widget-wrap elementor-element-populated\">\n\t\t\t\t\t\t<div class=\"elementor-element elementor-element-1e0bc50 elementor-widget elementor-widget-text-editor\" data-id=\"1e0bc50\" data-element_type=\"widget\" data-e-type=\"widget\" data-widget_type=\"text-editor.default\">\n\t\t\t\t<div class=\"elementor-widget-container\">\n\t\t\t\t\t\t\t\t\t<p><span data-contrast=\"auto\">Was als\u00a0innovative\u00a0Methode\u00a0zum Training\u00a0des kollegialen Feedbacks begann,\u00a0soll sich zu einem festen Bestandteil der Lehrkr\u00e4fteausbildung entwickeln.\u00a0\u00a0Anfangs ging es\u00a0dem Videografie-Team\u00a0lediglich darum, Unterrichtssituationen per Video zu analysieren und miteinander zu besprechen.\u00a0<\/span><span data-ccp-props=\"{&quot;201341983&quot;:0,&quot;335551550&quot;:6,&quot;335551620&quot;:6,&quot;335559739&quot;:120,&quot;335559740&quot;:360,&quot;469777462&quot;:[3969],&quot;469777927&quot;:[0],&quot;469777928&quot;:[1]}\">\u00a0<\/span><\/p><p><span data-ccp-props=\"{&quot;201341983&quot;:0,&quot;335551550&quot;:6,&quot;335551620&quot;:6,&quot;335559739&quot;:120,&quot;335559740&quot;:360,&quot;469777462&quot;:[3969],&quot;469777927&quot;:[0],&quot;469777928&quot;:[1]}\">\u00a0<\/span><\/p><p><span data-contrast=\"auto\">Inzwischen\u00a0haben sie das Feedback um p\u00e4dagogische und fachliche Perspektiven erweitert. Im Fokus steht nicht die Bewertung der Lehrkraft, sondern die Qualit\u00e4t des Unterrichts und des Agierens des angehenden Lehrers oder der Lehrerin. Dazu setzen\u00a0sie p\u00e4dagogisches und fachliches Handeln in Beziehung; die angehenden Lehrkr\u00e4fte lernen ihre Arbeit aus ungewohnten Perspektiven kennen.<\/span><span data-ccp-props=\"{&quot;201341983&quot;:0,&quot;335551550&quot;:6,&quot;335551620&quot;:6,&quot;335559739&quot;:120,&quot;335559740&quot;:360,&quot;469777462&quot;:[3969],&quot;469777927&quot;:[0],&quot;469777928&quot;:[1]}\">\u00a0<\/span><\/p><p>\u00a0<\/p>\t\t\t\t\t\t\t\t<\/div>\n\t\t\t\t<\/div>\n\t\t\t\t\t<\/div>\n\t\t<\/div>\n\t\t\t\t\t<\/div>\n\t\t<\/section>\n\t\t\t\t<section class=\"elementor-section elementor-top-section elementor-element elementor-element-3438bd7 elementor-section-boxed elementor-section-height-default elementor-section-height-default\" data-id=\"3438bd7\" data-element_type=\"section\" data-e-type=\"section\">\n\t\t\t\t\t\t<div class=\"elementor-container elementor-column-gap-default\">\n\t\t\t\t\t<div class=\"elementor-column elementor-col-100 elementor-top-column elementor-element elementor-element-65016fb\" data-id=\"65016fb\" data-element_type=\"column\" data-e-type=\"column\">\n\t\t\t<div class=\"elementor-widget-wrap elementor-element-populated\">\n\t\t\t\t\t\t<div class=\"elementor-element elementor-element-4f24c52 elementor-widget elementor-widget-heading\" data-id=\"4f24c52\" data-element_type=\"widget\" data-e-type=\"widget\" data-widget_type=\"heading.default\">\n\t\t\t\t<div class=\"elementor-widget-container\">\n\t\t\t\t\t<h2 class=\"elementor-heading-title elementor-size-default\">Mehr als ein Beobachtungstool <\/h2>\t\t\t\t<\/div>\n\t\t\t\t<\/div>\n\t\t\t\t\t<\/div>\n\t\t<\/div>\n\t\t\t\t\t<\/div>\n\t\t<\/section>\n\t\t\t\t<section class=\"elementor-section elementor-top-section elementor-element elementor-element-8494dd8 elementor-section-boxed elementor-section-height-default elementor-section-height-default\" data-id=\"8494dd8\" data-element_type=\"section\" data-e-type=\"section\">\n\t\t\t\t\t\t<div class=\"elementor-container elementor-column-gap-default\">\n\t\t\t\t\t<div class=\"elementor-column elementor-col-100 elementor-top-column elementor-element elementor-element-75681dd\" data-id=\"75681dd\" data-element_type=\"column\" data-e-type=\"column\">\n\t\t\t<div class=\"elementor-widget-wrap elementor-element-populated\">\n\t\t\t\t\t\t<div class=\"elementor-element elementor-element-5c0dd9c elementor-widget elementor-widget-text-editor\" data-id=\"5c0dd9c\" data-element_type=\"widget\" data-e-type=\"widget\" data-widget_type=\"text-editor.default\">\n\t\t\t\t<div class=\"elementor-widget-container\">\n\t\t\t\t\t\t\t\t\t<p><span data-contrast=\"auto\">\u201eMan kann Sequenzen wieder zur\u00fcckholen, die einem als handelnde Person oder Beobachter im Hintergrund entgehen\u201c, erkl\u00e4rt Marco Fiedler, Hauptausbildungsleiter im Lehramt Oberschule.\u00a0Er ist Teil der AG Videografie und pr\u00e4gt den Ansatz der Videografie in der Lehrkr\u00e4fteausbildung an der Lehrerausbildungsst\u00e4tte Leipzig ma\u00dfgeblich mit.<\/span><span data-ccp-props=\"{&quot;201341983&quot;:0,&quot;335551550&quot;:6,&quot;335551620&quot;:6,&quot;335559739&quot;:120,&quot;335559740&quot;:360,&quot;469777462&quot;:[3969],&quot;469777927&quot;:[0],&quot;469777928&quot;:[1]}\">\u00a0<\/span><\/p><p><span data-ccp-props=\"{&quot;201341983&quot;:0,&quot;335551550&quot;:6,&quot;335551620&quot;:6,&quot;335559739&quot;:120,&quot;335559740&quot;:360,&quot;469777462&quot;:[3969],&quot;469777927&quot;:[0],&quot;469777928&quot;:[1]}\">\u00a0<\/span><\/p><p><span data-contrast=\"auto\">Das\u00a0LaSuB\u00a0stellt f\u00fcr die Seminare Technik und Know-how bereit, etwa\u00a0Videokameras und iPads f\u00fcr die Aufzeichnungen.\u00a0Auch die Ausbilderinnen und Ausbilder werden geschult: \u201eDie Videografie reicht deutlich \u00fcber das klassische Beratungsgespr\u00e4ch nach dem Unterrichtsbesuch hinaus\u201c, betont Fiedler. Der Unterrichtsbesuch bleibt, wird aber um eine hilfreiche Reflexionsm\u00f6glichkeit erg\u00e4nzt.<\/span><span data-ccp-props=\"{&quot;201341983&quot;:0,&quot;335551550&quot;:6,&quot;335551620&quot;:6,&quot;335559739&quot;:120,&quot;335559740&quot;:360,&quot;469777462&quot;:[3969],&quot;469777927&quot;:[0],&quot;469777928&quot;:[1]}\">\u00a0<\/span><\/p><p><span data-ccp-props=\"{&quot;201341983&quot;:0,&quot;335551550&quot;:6,&quot;335551620&quot;:6,&quot;335559739&quot;:120,&quot;335559740&quot;:360,&quot;469777462&quot;:[3969],&quot;469777927&quot;:[0],&quot;469777928&quot;:[1]}\">\u00a0<\/span><\/p>\t\t\t\t\t\t\t\t<\/div>\n\t\t\t\t<\/div>\n\t\t\t\t\t<\/div>\n\t\t<\/div>\n\t\t\t\t\t<\/div>\n\t\t<\/section>\n\t\t\t\t<section class=\"elementor-section elementor-top-section elementor-element elementor-element-93cce5a elementor-section-boxed elementor-section-height-default elementor-section-height-default\" data-id=\"93cce5a\" data-element_type=\"section\" data-e-type=\"section\">\n\t\t\t\t\t\t<div class=\"elementor-container elementor-column-gap-default\">\n\t\t\t\t\t<div class=\"elementor-column elementor-col-100 elementor-top-column elementor-element elementor-element-6020227\" data-id=\"6020227\" data-element_type=\"column\" data-e-type=\"column\">\n\t\t\t<div class=\"elementor-widget-wrap elementor-element-populated\">\n\t\t\t\t\t\t<div class=\"elementor-element elementor-element-7d3376a elementor-widget elementor-widget-image\" data-id=\"7d3376a\" data-element_type=\"widget\" data-e-type=\"widget\" data-widget_type=\"image.default\">\n\t\t\t\t<div class=\"elementor-widget-container\">\n\t\t\t\t\t\t\t\t\t\t\t\t\t\t\t<img decoding=\"async\" width=\"1024\" height=\"341\" src=\"https:\/\/lehrer-werden-in-sachsen.de\/stage\/wp-content\/uploads\/2025\/11\/SMK-Blog-Artikelbild-Videographie-_1200x400px_02-1024x341.jpg\" class=\"attachment-large size-large wp-image-24646\" alt=\"Es ist der Brustbereich einer Frau in einem grau-wei\u00df karierten Jacket und einem hellen T-Shirt zu sehen. Am Revers der Frau klemmt ein kleines Mikro mit Windpuschel.\" srcset=\"https:\/\/lehrer-werden-in-sachsen.de\/stage\/wp-content\/uploads\/2025\/11\/SMK-Blog-Artikelbild-Videographie-_1200x400px_02-1024x341.jpg 1024w, https:\/\/lehrer-werden-in-sachsen.de\/stage\/wp-content\/uploads\/2025\/11\/SMK-Blog-Artikelbild-Videographie-_1200x400px_02-300x100.jpg 300w, https:\/\/lehrer-werden-in-sachsen.de\/stage\/wp-content\/uploads\/2025\/11\/SMK-Blog-Artikelbild-Videographie-_1200x400px_02-768x256.jpg 768w, https:\/\/lehrer-werden-in-sachsen.de\/stage\/wp-content\/uploads\/2025\/11\/SMK-Blog-Artikelbild-Videographie-_1200x400px_02.jpg 1200w\" sizes=\"(max-width: 1024px) 100vw, 1024px\" \/>\t\t\t\t\t\t\t\t\t\t\t\t\t\t\t<\/div>\n\t\t\t\t<\/div>\n\t\t\t\t\t<\/div>\n\t\t<\/div>\n\t\t\t\t\t<\/div>\n\t\t<\/section>\n\t\t\t\t<section class=\"elementor-section elementor-top-section elementor-element elementor-element-2fe4868 elementor-section-boxed elementor-section-height-default elementor-section-height-default\" data-id=\"2fe4868\" data-element_type=\"section\" data-e-type=\"section\">\n\t\t\t\t\t\t<div class=\"elementor-container elementor-column-gap-default\">\n\t\t\t\t\t<div class=\"elementor-column elementor-col-100 elementor-top-column elementor-element elementor-element-1419baa\" data-id=\"1419baa\" data-element_type=\"column\" data-e-type=\"column\">\n\t\t\t<div class=\"elementor-widget-wrap elementor-element-populated\">\n\t\t\t\t\t\t<div class=\"elementor-element elementor-element-bfe7b89 elementor-widget elementor-widget-text-editor\" data-id=\"bfe7b89\" data-element_type=\"widget\" data-e-type=\"widget\" data-widget_type=\"text-editor.default\">\n\t\t\t\t<div class=\"elementor-widget-container\">\n\t\t\t\t\t\t\t\t\t<p><em>Angesteckt und aufnahmebereit: Eine technisch einwandfreie, verst\u00e4ndliche Aufzeichnung erleichtert die detaillierte Analyse der Unterrichtssequenzen. Foto: Marco Fiedler<\/em><\/p>\t\t\t\t\t\t\t\t<\/div>\n\t\t\t\t<\/div>\n\t\t\t\t\t<\/div>\n\t\t<\/div>\n\t\t\t\t\t<\/div>\n\t\t<\/section>\n\t\t\t\t<section class=\"elementor-section elementor-top-section elementor-element elementor-element-bb20cd3 elementor-section-boxed elementor-section-height-default elementor-section-height-default\" data-id=\"bb20cd3\" data-element_type=\"section\" data-e-type=\"section\">\n\t\t\t\t\t\t<div class=\"elementor-container elementor-column-gap-default\">\n\t\t\t\t\t<div class=\"elementor-column elementor-col-100 elementor-top-column elementor-element elementor-element-5066ae2\" data-id=\"5066ae2\" data-element_type=\"column\" data-e-type=\"column\">\n\t\t\t<div class=\"elementor-widget-wrap elementor-element-populated\">\n\t\t\t\t\t\t<div class=\"elementor-element elementor-element-5a85c34 elementor-widget elementor-widget-heading\" data-id=\"5a85c34\" data-element_type=\"widget\" data-e-type=\"widget\" data-widget_type=\"heading.default\">\n\t\t\t\t<div class=\"elementor-widget-container\">\n\t\t\t\t\t<h2 class=\"elementor-heading-title elementor-size-default\">Lernen durch Reflexion <\/h2>\t\t\t\t<\/div>\n\t\t\t\t<\/div>\n\t\t\t\t\t<\/div>\n\t\t<\/div>\n\t\t\t\t\t<\/div>\n\t\t<\/section>\n\t\t\t\t<section class=\"elementor-section elementor-top-section elementor-element elementor-element-488c5a4 elementor-section-boxed elementor-section-height-default elementor-section-height-default\" data-id=\"488c5a4\" data-element_type=\"section\" data-e-type=\"section\">\n\t\t\t\t\t\t<div class=\"elementor-container elementor-column-gap-default\">\n\t\t\t\t\t<div class=\"elementor-column elementor-col-100 elementor-top-column elementor-element elementor-element-ac4d9ba\" data-id=\"ac4d9ba\" data-element_type=\"column\" data-e-type=\"column\">\n\t\t\t<div class=\"elementor-widget-wrap elementor-element-populated\">\n\t\t\t\t\t\t<div class=\"elementor-element elementor-element-fd67c74 elementor-widget elementor-widget-text-editor\" data-id=\"fd67c74\" data-element_type=\"widget\" data-e-type=\"widget\" data-widget_type=\"text-editor.default\">\n\t\t\t\t<div class=\"elementor-widget-container\">\n\t\t\t\t\t\t\t\t\t<p><span data-contrast=\"auto\">Angehende Lehrkr\u00e4fte k\u00f6nnen ihr eigenes Handeln mit Videografie aus neuen Perspektiven betrachten \u2013 und so besser verstehen. Ein Beispiel: Unterrichtsst\u00f6rungen. \u201eDas sind sehr komplexe Situationen\u00a0f\u00fcr Lehrkr\u00e4fte\u201c, erkl\u00e4rt Fiedler. \u201eSowohl sie als auch die beobachtende Person\u00a0k\u00f6nnen das alles in Echtzeit nicht \u00fcberschauen.\u201c\u00a0<\/span><span data-ccp-props=\"{&quot;201341983&quot;:0,&quot;335551550&quot;:6,&quot;335551620&quot;:6,&quot;335559739&quot;:120,&quot;335559740&quot;:360,&quot;469777462&quot;:[3969],&quot;469777927&quot;:[0],&quot;469777928&quot;:[1]}\">\u00a0<\/span><\/p><p><span data-ccp-props=\"{&quot;201341983&quot;:0,&quot;335551550&quot;:6,&quot;335551620&quot;:6,&quot;335559739&quot;:120,&quot;335559740&quot;:360,&quot;469777462&quot;:[3969],&quot;469777927&quot;:[0],&quot;469777928&quot;:[1]}\">\u00a0<\/span><\/p><p><span data-contrast=\"auto\">Eine Videoaufzeichnung zeigt Mimik, Gestik und Sprache der Lehrkraft \u2013 alles Elemente, die im hektischen Alltag leicht \u00fcbersehen werden. Au\u00dferdem k\u00f6nnen Betrachter auch auf fachlicher\u00a0und fachdidaktischer\u00a0Ebene nachvollziehen, wie Aufgaben bei Sch\u00fclerinnen und Sch\u00fclern ankommen.<\/span><span data-ccp-props=\"{&quot;201341983&quot;:0,&quot;335551550&quot;:6,&quot;335551620&quot;:6,&quot;335559739&quot;:120,&quot;335559740&quot;:360,&quot;469777462&quot;:[3969],&quot;469777927&quot;:[0],&quot;469777928&quot;:[1]}\">\u00a0<\/span><\/p><p><span data-ccp-props=\"{&quot;201341983&quot;:0,&quot;335551550&quot;:6,&quot;335551620&quot;:6,&quot;335559739&quot;:120,&quot;335559740&quot;:360,&quot;469777462&quot;:[3969],&quot;469777927&quot;:[0],&quot;469777928&quot;:[1]}\">\u00a0<\/span><\/p><p><span data-contrast=\"auto\">Die LAS Leipzig fokussiert klar auf pers\u00f6nliche Reflexion. \u201eDie Beobachtungsauftr\u00e4ge gehen an die Lehrkr\u00e4fte\u00a0in Ausbildung selbst: analysieren und multiperspektivisch betrachten.\u201c\u00a0Die Ausbilderinnen und Ausbilder an der LAS Leipzig verstehen den\u00a0Vorbereitungsdienst als Chance, sich mit Kolleginnen und Kollegen auszutauschen, zu lernen und weiterzuentwickeln.<\/span><span data-ccp-props=\"{&quot;201341983&quot;:0,&quot;335551550&quot;:6,&quot;335551620&quot;:6,&quot;335559739&quot;:120,&quot;335559740&quot;:360,&quot;469777462&quot;:[3969],&quot;469777927&quot;:[0],&quot;469777928&quot;:[1]}\">\u00a0<\/span><\/p><p>\u00a0<\/p>\t\t\t\t\t\t\t\t<\/div>\n\t\t\t\t<\/div>\n\t\t\t\t\t<\/div>\n\t\t<\/div>\n\t\t\t\t\t<\/div>\n\t\t<\/section>\n\t\t\t\t<section class=\"elementor-section elementor-top-section elementor-element elementor-element-51075f5 elementor-section-boxed elementor-section-height-default elementor-section-height-default\" data-id=\"51075f5\" data-element_type=\"section\" data-e-type=\"section\">\n\t\t\t\t\t\t<div class=\"elementor-container elementor-column-gap-default\">\n\t\t\t\t\t<div class=\"elementor-column elementor-col-100 elementor-top-column elementor-element elementor-element-0686e86\" data-id=\"0686e86\" data-element_type=\"column\" data-e-type=\"column\">\n\t\t\t<div class=\"elementor-widget-wrap elementor-element-populated\">\n\t\t\t\t\t\t<div class=\"elementor-element elementor-element-6c8e6ed elementor-widget elementor-widget-heading\" data-id=\"6c8e6ed\" data-element_type=\"widget\" data-e-type=\"widget\" data-widget_type=\"heading.default\">\n\t\t\t\t<div class=\"elementor-widget-container\">\n\t\t\t\t\t<h2 class=\"elementor-heading-title elementor-size-default\">Fachbeispiel: Winkel im Mathematikunterricht <\/h2>\t\t\t\t<\/div>\n\t\t\t\t<\/div>\n\t\t\t\t\t<\/div>\n\t\t<\/div>\n\t\t\t\t\t<\/div>\n\t\t<\/section>\n\t\t\t\t<section class=\"elementor-section elementor-top-section elementor-element elementor-element-bf6a89a elementor-section-boxed elementor-section-height-default elementor-section-height-default\" data-id=\"bf6a89a\" data-element_type=\"section\" data-e-type=\"section\">\n\t\t\t\t\t\t<div class=\"elementor-container elementor-column-gap-default\">\n\t\t\t\t\t<div class=\"elementor-column elementor-col-100 elementor-top-column elementor-element elementor-element-b90c60d\" data-id=\"b90c60d\" data-element_type=\"column\" data-e-type=\"column\">\n\t\t\t<div class=\"elementor-widget-wrap elementor-element-populated\">\n\t\t\t\t\t\t<div class=\"elementor-element elementor-element-7a487fc elementor-widget elementor-widget-text-editor\" data-id=\"7a487fc\" data-element_type=\"widget\" data-e-type=\"widget\" data-widget_type=\"text-editor.default\">\n\t\t\t\t<div class=\"elementor-widget-container\">\n\t\t\t\t\t\t\t\t\t<p><span data-contrast=\"auto\">Ein Beispiel aus der Praxis: In einer sechsten Klasse steht das Thema Winkel an. Die Videoanalyse beleuchtet zwei Ebenen \u2013 das\u00a0p\u00e4dagogische\u00a0Lehrerhandeln und die fachliche Vermittlung. In der Analyse werden anschlie\u00dfend beide Aspekte betrachtet. Dabei geht es um Fragen wie: Wie steht und spricht die Lehrkraft? Wie ist das Thema didaktisch und methodisch aufbereitet?\u00a0Wird die Aufgabe visualisiert und verstanden? \u201eAuf die Visualisierung legen wir gro\u00dfen Wert\u201c, betont\u00a0Marco\u00a0Fiedler. Sie ist entscheidend, um die Sch\u00fclerinnen und Sch\u00fcler abzuholen und individuelle Lernprozesse durch Sehen und im Idealfall auch Begreifen zu unterst\u00fctzen.<\/span><span data-ccp-props=\"{&quot;201341983&quot;:0,&quot;335551550&quot;:6,&quot;335551620&quot;:6,&quot;335559739&quot;:120,&quot;335559740&quot;:360,&quot;469777462&quot;:[3969],&quot;469777927&quot;:[0],&quot;469777928&quot;:[1]}\">\u00a0<\/span><\/p><p><span data-ccp-props=\"{&quot;201341983&quot;:0,&quot;335551550&quot;:6,&quot;335551620&quot;:6,&quot;335559739&quot;:120,&quot;335559740&quot;:360,&quot;469777462&quot;:[3969],&quot;469777927&quot;:[0],&quot;469777928&quot;:[1]}\">\u00a0<\/span><\/p><p><span data-contrast=\"auto\">Ebenso wird analysiert,\u00a0wie Arbeitsanweisungen verstanden werden und ob\u00a0eine\u00a0Methode klar eingef\u00fchrt wurde. Am Ende steht die Reflexion: Hat der Unterricht geholfen, den Lernstoff besser zu verstehen? So entsteht ein ganzheitliches Bild \u2013 und eine Chance f\u00fcr die Lehrperson, das eigene Handeln gezielt weiterzuentwickeln.<\/span><span data-ccp-props=\"{&quot;201341983&quot;:0,&quot;335551550&quot;:6,&quot;335551620&quot;:6,&quot;335559739&quot;:120,&quot;335559740&quot;:360,&quot;469777462&quot;:[3969],&quot;469777927&quot;:[0],&quot;469777928&quot;:[1]}\">\u00a0<\/span><\/p><p>\u00a0<\/p>\t\t\t\t\t\t\t\t<\/div>\n\t\t\t\t<\/div>\n\t\t\t\t\t<\/div>\n\t\t<\/div>\n\t\t\t\t\t<\/div>\n\t\t<\/section>\n\t\t\t\t<section class=\"elementor-section elementor-top-section elementor-element elementor-element-bb7bb0a elementor-section-boxed elementor-section-height-default elementor-section-height-default\" data-id=\"bb7bb0a\" data-element_type=\"section\" data-e-type=\"section\">\n\t\t\t\t\t\t<div class=\"elementor-container elementor-column-gap-default\">\n\t\t\t\t\t<div class=\"elementor-column elementor-col-100 elementor-top-column elementor-element elementor-element-37a203b\" data-id=\"37a203b\" data-element_type=\"column\" data-e-type=\"column\">\n\t\t\t<div class=\"elementor-widget-wrap\">\n\t\t\t\t\t\t\t<\/div>\n\t\t<\/div>\n\t\t\t\t\t<\/div>\n\t\t<\/section>\n\t\t\t\t<section class=\"elementor-section elementor-top-section elementor-element elementor-element-5c23480 elementor-section-boxed elementor-section-height-default elementor-section-height-default\" data-id=\"5c23480\" data-element_type=\"section\" data-e-type=\"section\">\n\t\t\t\t\t\t<div class=\"elementor-container elementor-column-gap-default\">\n\t\t\t\t\t<div class=\"elementor-column elementor-col-100 elementor-top-column elementor-element elementor-element-6403cf1\" data-id=\"6403cf1\" data-element_type=\"column\" data-e-type=\"column\">\n\t\t\t<div class=\"elementor-widget-wrap elementor-element-populated\">\n\t\t\t\t\t\t<div class=\"elementor-element elementor-element-d6a39c4 elementor-widget elementor-widget-image\" data-id=\"d6a39c4\" data-element_type=\"widget\" data-e-type=\"widget\" data-widget_type=\"image.default\">\n\t\t\t\t<div class=\"elementor-widget-container\">\n\t\t\t\t\t\t\t\t\t\t\t\t\t\t\t<img decoding=\"async\" width=\"1024\" height=\"341\" src=\"https:\/\/lehrer-werden-in-sachsen.de\/stage\/wp-content\/uploads\/2025\/11\/SMK-Blog-Artikelbild-Videographie-_1200x400px_01-1024x341.jpg\" class=\"attachment-large size-large wp-image-24645\" alt=\"Eine Frau in Jeans und grau-wei\u00df kariertem Jackett mit rotblonden langen Haaren ist von hinten zwei Mal vor einer gr\u00fcnen Schultafel zu sehen. Einmal verschwommen im Hintergrund und auf dem Monitor mit der Kamera, mit der sie gefilmt wird. Sie hat eine Zelle mit Kreide an die Tafel gemalt und mit der \u00dcberschrift &quot;Die Pflanzenzelle&quot; versehen.\" srcset=\"https:\/\/lehrer-werden-in-sachsen.de\/stage\/wp-content\/uploads\/2025\/11\/SMK-Blog-Artikelbild-Videographie-_1200x400px_01-1024x341.jpg 1024w, https:\/\/lehrer-werden-in-sachsen.de\/stage\/wp-content\/uploads\/2025\/11\/SMK-Blog-Artikelbild-Videographie-_1200x400px_01-300x100.jpg 300w, https:\/\/lehrer-werden-in-sachsen.de\/stage\/wp-content\/uploads\/2025\/11\/SMK-Blog-Artikelbild-Videographie-_1200x400px_01-768x256.jpg 768w, https:\/\/lehrer-werden-in-sachsen.de\/stage\/wp-content\/uploads\/2025\/11\/SMK-Blog-Artikelbild-Videographie-_1200x400px_01.jpg 1200w\" sizes=\"(max-width: 1024px) 100vw, 1024px\" \/>\t\t\t\t\t\t\t\t\t\t\t\t\t\t\t<\/div>\n\t\t\t\t<\/div>\n\t\t\t\t<div class=\"elementor-element elementor-element-bf4001a elementor-widget elementor-widget-text-editor\" data-id=\"bf4001a\" data-element_type=\"widget\" data-e-type=\"widget\" data-widget_type=\"text-editor.default\">\n\t\t\t\t<div class=\"elementor-widget-container\">\n\t\t\t\t\t\t\t\t\t<p><em>Ein Beispiel aus dem Biologie-Unterricht: Die Pflanzenzelle. Wie visualisiert die Lehrerin das Thema? In diesem Fall zuerst einmal mit einer Kreidezeichnung der Zelle und ihres Innenlebens auf der Tafel. Foto: Marco Fiedler<\/em><\/p>\t\t\t\t\t\t\t\t<\/div>\n\t\t\t\t<\/div>\n\t\t\t\t\t<\/div>\n\t\t<\/div>\n\t\t\t\t\t<\/div>\n\t\t<\/section>\n\t\t\t\t<section class=\"elementor-section elementor-top-section elementor-element elementor-element-e17d0c7 elementor-section-boxed elementor-section-height-default elementor-section-height-default\" data-id=\"e17d0c7\" data-element_type=\"section\" data-e-type=\"section\">\n\t\t\t\t\t\t<div class=\"elementor-container elementor-column-gap-default\">\n\t\t\t\t\t<div class=\"elementor-column elementor-col-100 elementor-top-column elementor-element elementor-element-761ed2d\" data-id=\"761ed2d\" data-element_type=\"column\" data-e-type=\"column\">\n\t\t\t<div class=\"elementor-widget-wrap elementor-element-populated\">\n\t\t\t\t\t\t<div class=\"elementor-element elementor-element-962d9f6 elementor-widget elementor-widget-heading\" data-id=\"962d9f6\" data-element_type=\"widget\" data-e-type=\"widget\" data-widget_type=\"heading.default\">\n\t\t\t\t<div class=\"elementor-widget-container\">\n\t\t\t\t\t<h2 class=\"elementor-heading-title elementor-size-default\">H\u00fcrden durch den Datenschutz <\/h2>\t\t\t\t<\/div>\n\t\t\t\t<\/div>\n\t\t\t\t\t<\/div>\n\t\t<\/div>\n\t\t\t\t\t<\/div>\n\t\t<\/section>\n\t\t\t\t<section class=\"elementor-section elementor-top-section elementor-element elementor-element-d6708b2 elementor-section-boxed elementor-section-height-default elementor-section-height-default\" data-id=\"d6708b2\" data-element_type=\"section\" data-e-type=\"section\">\n\t\t\t\t\t\t<div class=\"elementor-container elementor-column-gap-default\">\n\t\t\t\t\t<div class=\"elementor-column elementor-col-100 elementor-top-column elementor-element elementor-element-c0d1ecc\" data-id=\"c0d1ecc\" data-element_type=\"column\" data-e-type=\"column\">\n\t\t\t<div class=\"elementor-widget-wrap elementor-element-populated\">\n\t\t\t\t\t\t<div class=\"elementor-element elementor-element-eaea542 elementor-widget elementor-widget-text-editor\" data-id=\"eaea542\" data-element_type=\"widget\" data-e-type=\"widget\" data-widget_type=\"text-editor.default\">\n\t\t\t\t<div class=\"elementor-widget-container\">\n\t\t\t\t\t\t\t\t\t<p><span data-contrast=\"auto\">Bei allem Engagement bleibt eine Herausforderung: der Datenschutz. \u201eSachsen hat ein\u00a0starkes\u00a0Datenschutzgesetz. F\u00fcr jede einzelne Aufzeichnung m\u00fcssen Sie die Eltern schriftlich um Erlaubnis bitten\u201c, erkl\u00e4rt Fiedler. Oft kommen Zettel nicht zur\u00fcck \u2013 das erschwert die Arbeit erheblich. \u201eWenn\u00a0ein gr\u00f6\u00dferer Teil\u00a0der Sch\u00fclerinnen und Sch\u00fcler nicht mitmachen darf, ist das keine nat\u00fcrliche Situation mehr.\u201c<\/span><span data-ccp-props=\"{&quot;201341983&quot;:0,&quot;335551550&quot;:6,&quot;335551620&quot;:6,&quot;335559739&quot;:120,&quot;335559740&quot;:360,&quot;469777462&quot;:[3969],&quot;469777927&quot;:[0],&quot;469777928&quot;:[1]}\">\u00a0<\/span><\/p><p><span data-ccp-props=\"{&quot;201341983&quot;:0,&quot;335551550&quot;:6,&quot;335551620&quot;:6,&quot;335559739&quot;:120,&quot;335559740&quot;:360,&quot;469777462&quot;:[3969],&quot;469777927&quot;:[0],&quot;469777928&quot;:[1]}\">\u00a0<\/span><\/p><p><span data-contrast=\"auto\">Die Projektgruppe hatte\u00a0deshalb\u00a0beim Landesdatenschutzbeauftragten angefragt, ob eine Vereinfachung oder eine\u00a0Opt-out-L\u00f6sung \u2013 wie etwa in Bayern, Rheinland-Pfalz, Hessen und Nordrhein-Westfalen \u2013 m\u00f6glich w\u00e4re.\u00a0Die Antwort: F\u00fcr jede Video- und Audioaufzeichnung zu Ausbildungszwecken werden Einzelnachweise ben\u00f6tigt.\u00a0\u00a0<\/span><span data-ccp-props=\"{&quot;201341983&quot;:0,&quot;335551550&quot;:6,&quot;335551620&quot;:6,&quot;335559739&quot;:120,&quot;335559740&quot;:360,&quot;469777462&quot;:[3969],&quot;469777927&quot;:[0],&quot;469777928&quot;:[1]}\">\u00a0<\/span><\/p><p>\u00a0<\/p>\t\t\t\t\t\t\t\t<\/div>\n\t\t\t\t<\/div>\n\t\t\t\t\t<\/div>\n\t\t<\/div>\n\t\t\t\t\t<\/div>\n\t\t<\/section>\n\t\t\t\t<section class=\"elementor-section elementor-top-section elementor-element elementor-element-44c03f6 elementor-section-boxed elementor-section-height-default elementor-section-height-default\" data-id=\"44c03f6\" data-element_type=\"section\" data-e-type=\"section\">\n\t\t\t\t\t\t<div class=\"elementor-container elementor-column-gap-default\">\n\t\t\t\t\t<div class=\"elementor-column elementor-col-100 elementor-top-column elementor-element elementor-element-391a958\" data-id=\"391a958\" data-element_type=\"column\" data-e-type=\"column\">\n\t\t\t<div class=\"elementor-widget-wrap elementor-element-populated\">\n\t\t\t\t\t\t<div class=\"elementor-element elementor-element-a6a9d95 elementor-widget elementor-widget-heading\" data-id=\"a6a9d95\" data-element_type=\"widget\" data-e-type=\"widget\" data-widget_type=\"heading.default\">\n\t\t\t\t<div class=\"elementor-widget-container\">\n\t\t\t\t\t<h2 class=\"elementor-heading-title elementor-size-default\">Blick nach vorn <\/h2>\t\t\t\t<\/div>\n\t\t\t\t<\/div>\n\t\t\t\t\t<\/div>\n\t\t<\/div>\n\t\t\t\t\t<\/div>\n\t\t<\/section>\n\t\t\t\t<section class=\"elementor-section elementor-top-section elementor-element elementor-element-c3e87ca elementor-section-boxed elementor-section-height-default elementor-section-height-default\" data-id=\"c3e87ca\" data-element_type=\"section\" data-e-type=\"section\">\n\t\t\t\t\t\t<div class=\"elementor-container elementor-column-gap-default\">\n\t\t\t\t\t<div class=\"elementor-column elementor-col-100 elementor-top-column elementor-element elementor-element-caf2675\" data-id=\"caf2675\" data-element_type=\"column\" data-e-type=\"column\">\n\t\t\t<div class=\"elementor-widget-wrap elementor-element-populated\">\n\t\t\t\t\t\t<div class=\"elementor-element elementor-element-42b3b01 elementor-widget elementor-widget-text-editor\" data-id=\"42b3b01\" data-element_type=\"widget\" data-e-type=\"widget\" data-widget_type=\"text-editor.default\">\n\t\t\t\t<div class=\"elementor-widget-container\">\n\t\t\t\t\t\t\t\t\t<p><span class=\"TextRun SCXW14662058 BCX0\" lang=\"DE-DE\" xml:lang=\"DE-DE\" data-contrast=\"auto\"><span class=\"NormalTextRun SCXW14662058 BCX0\">Seit inzwischen sieben Jahren ist die Videografie fester Bestandteil der Lehrkr\u00e4fteausbildung\u00a0<\/span><span class=\"NormalTextRun SCXW14662058 BCX0\">am Standort Sachsen<\/span><span class=\"NormalTextRun SCXW14662058 BCX0\">. Schritt f\u00fcr Schritt hat sich daraus eine neue Qualit\u00e4t professioneller Reflexion entwickelt \u2013 mit dem Ziel, Lehren und Lernen multiperspektivisch sichtbar zu machen. Oder \u2013 wie Marco Fiedler es formuliert: \u201eWir wollen die Videografie in die F\u00e4cher hineinbekommen, weil damit fachliches und p\u00e4dagogisches Handeln viel besser eingefangen werden kann.<\/span><span class=\"NormalTextRun SCXW14662058 BCX0\">\u201c<\/span><\/span><span class=\"EOP SCXW14662058 BCX0\" data-ccp-props=\"{&quot;201341983&quot;:0,&quot;335551550&quot;:6,&quot;335551620&quot;:6,&quot;335559739&quot;:120,&quot;335559740&quot;:360,&quot;469777462&quot;:[3969],&quot;469777927&quot;:[0],&quot;469777928&quot;:[1]}\">\u00a0<\/span><\/p><p>\u00a0<\/p>\t\t\t\t\t\t\t\t<\/div>\n\t\t\t\t<\/div>\n\t\t\t\t\t<\/div>\n\t\t<\/div>\n\t\t\t\t\t<\/div>\n\t\t<\/section>\n\t\t\t\t<section class=\"elementor-section elementor-top-section elementor-element elementor-element-d1d527c elementor-section-boxed elementor-section-height-default elementor-section-height-default\" data-id=\"d1d527c\" data-element_type=\"section\" data-e-type=\"section\">\n\t\t\t\t\t\t<div class=\"elementor-container elementor-column-gap-default\">\n\t\t\t\t\t<div class=\"elementor-column elementor-col-100 elementor-top-column elementor-element elementor-element-62172f2\" data-id=\"62172f2\" data-element_type=\"column\" data-e-type=\"column\">\n\t\t\t<div class=\"elementor-widget-wrap elementor-element-populated\">\n\t\t\t\t\t\t<div class=\"elementor-element elementor-element-b9e4566 elementor-widget elementor-widget-heading\" data-id=\"b9e4566\" data-element_type=\"widget\" data-e-type=\"widget\" data-widget_type=\"heading.default\">\n\t\t\t\t<div class=\"elementor-widget-container\">\n\t\t\t\t\t<h3 class=\"elementor-heading-title elementor-size-default\">Inspirationen und Infos<\/h3>\t\t\t\t<\/div>\n\t\t\t\t<\/div>\n\t\t\t\t\t<\/div>\n\t\t<\/div>\n\t\t\t\t\t<\/div>\n\t\t<\/section>\n\t\t\t\t<section class=\"elementor-section elementor-top-section elementor-element elementor-element-053a848 elementor-section-boxed elementor-section-height-default elementor-section-height-default\" data-id=\"053a848\" data-element_type=\"section\" data-e-type=\"section\">\n\t\t\t\t\t\t<div class=\"elementor-container elementor-column-gap-default\">\n\t\t\t\t\t<div class=\"elementor-column elementor-col-100 elementor-top-column elementor-element elementor-element-c7729fa\" data-id=\"c7729fa\" data-element_type=\"column\" data-e-type=\"column\">\n\t\t\t<div class=\"elementor-widget-wrap elementor-element-populated\">\n\t\t\t\t\t\t<div class=\"elementor-element elementor-element-ae37fa5 elementor-widget elementor-widget-button\" data-id=\"ae37fa5\" data-element_type=\"widget\" data-e-type=\"widget\" data-widget_type=\"button.default\">\n\t\t\t\t<div class=\"elementor-widget-container\">\n\t\t\t\t\t\t\t\t\t<div class=\"elementor-button-wrapper\">\n\t\t\t\t\t<a class=\"elementor-button elementor-button-link elementor-size-sm\" href=\"https:\/\/lehrer-werden-in-sachsen.de\/infos-zum-schuldienst\/\" title=\"Infos zum Schuldienst\">\n\t\t\t\t\t\t<span class=\"elementor-button-content-wrapper\">\n\t\t\t\t\t\t\t\t\t<span class=\"elementor-button-text\">Infos zum Schuldienst<\/span>\n\t\t\t\t\t<\/span>\n\t\t\t\t\t<\/a>\n\t\t\t\t<\/div>\n\t\t\t\t\t\t\t\t<\/div>\n\t\t\t\t<\/div>\n\t\t\t\t\t<\/div>\n\t\t<\/div>\n\t\t\t\t\t<\/div>\n\t\t<\/section>\n\t\t\t\t<section class=\"elementor-section elementor-top-section elementor-element elementor-element-faf701e elementor-section-boxed elementor-section-height-default elementor-section-height-default\" data-id=\"faf701e\" data-element_type=\"section\" data-e-type=\"section\">\n\t\t\t\t\t\t<div class=\"elementor-container elementor-column-gap-default\">\n\t\t\t\t\t<div class=\"elementor-column elementor-col-100 elementor-top-column elementor-element elementor-element-51c97cb\" data-id=\"51c97cb\" data-element_type=\"column\" data-e-type=\"column\">\n\t\t\t<div class=\"elementor-widget-wrap elementor-element-populated\">\n\t\t\t\t\t\t<div class=\"elementor-element elementor-element-26c4c29 elementor-widget elementor-widget-button\" data-id=\"26c4c29\" data-element_type=\"widget\" data-e-type=\"widget\" data-widget_type=\"button.default\">\n\t\t\t\t<div class=\"elementor-widget-container\">\n\t\t\t\t\t\t\t\t\t<div class=\"elementor-button-wrapper\">\n\t\t\t\t\t<a class=\"elementor-button elementor-button-link elementor-size-sm\" href=\"https:\/\/lehrer-werden-in-sachsen.de\/inspirieren-lassen\/#gruende-fuer-den-lehrerberuf\" title=\"Gute Gr\u00fcnde f\u00fcr den Lehrerberuf\">\n\t\t\t\t\t\t<span class=\"elementor-button-content-wrapper\">\n\t\t\t\t\t\t\t\t\t<span class=\"elementor-button-text\">Gute Gr\u00fcnde f\u00fcr den Lehrerberuf<\/span>\n\t\t\t\t\t<\/span>\n\t\t\t\t\t<\/a>\n\t\t\t\t<\/div>\n\t\t\t\t\t\t\t\t<\/div>\n\t\t\t\t<\/div>\n\t\t\t\t<div class=\"elementor-element elementor-element-a8a0323 elementor-widget elementor-widget-button\" data-id=\"a8a0323\" data-element_type=\"widget\" data-e-type=\"widget\" data-widget_type=\"button.default\">\n\t\t\t\t<div class=\"elementor-widget-container\">\n\t\t\t\t\t\t\t\t\t<div class=\"elementor-button-wrapper\">\n\t\t\t\t\t<a class=\"elementor-button elementor-button-link elementor-size-sm\" href=\"https:\/\/lehrer-werden-in-sachsen.de\/lehramt-an-der-oberschule\/\" title=\"Lehramt an der Oberschule\">\n\t\t\t\t\t\t<span class=\"elementor-button-content-wrapper\">\n\t\t\t\t\t\t\t\t\t<span class=\"elementor-button-text\">Lehramt an der Oberschule<\/span>\n\t\t\t\t\t<\/span>\n\t\t\t\t\t<\/a>\n\t\t\t\t<\/div>\n\t\t\t\t\t\t\t\t<\/div>\n\t\t\t\t<\/div>\n\t\t\t\t\t<\/div>\n\t\t<\/div>\n\t\t\t\t\t<\/div>\n\t\t<\/section>\n\t\t\t\t<section class=\"elementor-section elementor-top-section elementor-element elementor-element-317de55 elementor-section-boxed elementor-section-height-default elementor-section-height-default\" data-id=\"317de55\" data-element_type=\"section\" data-e-type=\"section\">\n\t\t\t\t\t\t<div class=\"elementor-container elementor-column-gap-default\">\n\t\t\t\t\t<div class=\"elementor-column elementor-col-100 elementor-top-column elementor-element elementor-element-57accf3\" data-id=\"57accf3\" data-element_type=\"column\" data-e-type=\"column\">\n\t\t\t<div class=\"elementor-widget-wrap\">\n\t\t\t\t\t\t\t<\/div>\n\t\t<\/div>\n\t\t\t\t\t<\/div>\n\t\t<\/section>\n\t\t\t\t<section class=\"elementor-section elementor-top-section elementor-element elementor-element-91b7785 elementor-section-boxed elementor-section-height-default elementor-section-height-default\" data-id=\"91b7785\" data-element_type=\"section\" data-e-type=\"section\">\n\t\t\t\t\t\t<div class=\"elementor-container elementor-column-gap-default\">\n\t\t\t\t\t<div class=\"elementor-column elementor-col-100 elementor-top-column elementor-element elementor-element-43774b62\" data-id=\"43774b62\" data-element_type=\"column\" data-e-type=\"column\" data-settings=\"{&quot;background_background&quot;:&quot;classic&quot;}\">\n\t\t\t<div class=\"elementor-widget-wrap\">\n\t\t\t\t\t\t\t<\/div>\n\t\t<\/div>\n\t\t\t\t\t<\/div>\n\t\t<\/section>\n\t\t\t\t<\/div>\n\t\t","protected":false},"excerpt":{"rendered":"<p>Genaues Hinschauen ist gefragt: Videografie lenkt mehr Aufmerksamkeit auf das eigene p\u00e4dagogische und fachliche Handeln. Die Projektgruppe Videografie an der Lehrerausbildungsst\u00e4tte Leipzig des LaSuB entwickelt die Methode, die fester Bestandteil der Lehrkr\u00e4fteausbildung werden soll, seit 2018 immer weiter.<\/p>\n","protected":false},"author":28,"featured_media":24648,"comment_status":"closed","ping_status":"closed","sticky":false,"template":"","format":"standard","meta":{"footnotes":""},"categories":[46],"tags":[198,114],"class_list":["post-24643","post","type-post","status-publish","format-standard","has-post-thumbnail","hentry","category-blog","tag-lehrerausbildung","tag-oberschule"],"yoast_head":"<!-- This site is optimized with the Yoast SEO plugin v27.3 - https:\/\/yoast.com\/product\/yoast-seo-wordpress\/ -->\n<title>LEHRERIN SACHSEN | Videografie: Sich beim Unterricht zusehen<\/title>\n<meta name=\"description\" content=\"Videografie hat sich in der Lehrkr\u00e4fteausbildung bew\u00e4hrt. Die Projektgruppe an der LAS Leipzig entwickelt die Methode seit 2018 weiter.\" \/>\n<meta name=\"robots\" content=\"index, follow, max-snippet:-1, max-image-preview:large, max-video-preview:-1\" \/>\n<link rel=\"canonical\" href=\"https:\/\/lehrer-werden-in-sachsen.de\/videografie-in-der-lehrkraefteausbildung-sich-selbst-beim-unterrichten-zusehen\/\" \/>\n<meta property=\"og:locale\" content=\"de_DE\" \/>\n<meta property=\"og:type\" content=\"article\" \/>\n<meta property=\"og:title\" content=\"LEHRERIN SACHSEN | Videografie: Sich beim Unterricht zusehen\" \/>\n<meta property=\"og:description\" content=\"Videografie hat sich in der Lehrkr\u00e4fteausbildung bew\u00e4hrt. Die Projektgruppe an der LAS Leipzig entwickelt die Methode seit 2018 weiter.\" \/>\n<meta property=\"og:url\" content=\"https:\/\/lehrer-werden-in-sachsen.de\/videografie-in-der-lehrkraefteausbildung-sich-selbst-beim-unterrichten-zusehen\/\" \/>\n<meta property=\"og:site_name\" content=\"LEHRERIN SACHSEN\" \/>\n<meta property=\"article:published_time\" content=\"2025-12-19T09:55:40+00:00\" \/>\n<meta property=\"article:modified_time\" content=\"2025-12-19T10:06:46+00:00\" \/>\n<meta property=\"og:image\" content=\"https:\/\/lehrer-werden-in-sachsen.de\/wp-content\/uploads\/2025\/11\/SMK-Blog-Header-Videographie-_1920x970px.jpg\" \/>\n\t<meta property=\"og:image:width\" content=\"1920\" \/>\n\t<meta property=\"og:image:height\" content=\"970\" \/>\n\t<meta property=\"og:image:type\" content=\"image\/jpeg\" \/>\n<meta name=\"author\" content=\"Ute Schirmack\" \/>\n<meta name=\"twitter:card\" content=\"summary_large_image\" \/>\n<meta name=\"twitter:label1\" content=\"Verfasst von\" \/>\n\t<meta name=\"twitter:data1\" content=\"Ute Schirmack\" \/>\n\t<meta name=\"twitter:label2\" content=\"Gesch\u00e4tzte Lesezeit\" \/>\n\t<meta name=\"twitter:data2\" content=\"6\u00a0Minuten\" \/>\n<script type=\"application\/ld+json\" class=\"yoast-schema-graph\">{\"@context\":\"https:\\\/\\\/schema.org\",\"@graph\":[{\"@type\":\"Article\",\"@id\":\"https:\\\/\\\/lehrer-werden-in-sachsen.de\\\/videografie-in-der-lehrkraefteausbildung-sich-selbst-beim-unterrichten-zusehen\\\/#article\",\"isPartOf\":{\"@id\":\"https:\\\/\\\/lehrer-werden-in-sachsen.de\\\/videografie-in-der-lehrkraefteausbildung-sich-selbst-beim-unterrichten-zusehen\\\/\"},\"author\":{\"name\":\"Ute Schirmack\",\"@id\":\"https:\\\/\\\/lehrer-werden-in-sachsen.de\\\/#\\\/schema\\\/person\\\/5e4731c44f29a205208182ecfa64393f\"},\"headline\":\"Videografie in der Lehrkr\u00e4fteausbildung: Sich selbst beim Unterrichten zusehen\",\"datePublished\":\"2025-12-19T09:55:40+00:00\",\"dateModified\":\"2025-12-19T10:06:46+00:00\",\"mainEntityOfPage\":{\"@id\":\"https:\\\/\\\/lehrer-werden-in-sachsen.de\\\/videografie-in-der-lehrkraefteausbildung-sich-selbst-beim-unterrichten-zusehen\\\/\"},\"wordCount\":942,\"publisher\":{\"@id\":\"https:\\\/\\\/lehrer-werden-in-sachsen.de\\\/#organization\"},\"image\":{\"@id\":\"https:\\\/\\\/lehrer-werden-in-sachsen.de\\\/videografie-in-der-lehrkraefteausbildung-sich-selbst-beim-unterrichten-zusehen\\\/#primaryimage\"},\"thumbnailUrl\":\"https:\\\/\\\/lehrer-werden-in-sachsen.de\\\/stage\\\/wp-content\\\/uploads\\\/2025\\\/11\\\/SMK-Blog-Header-Videographie-_1920x970px.jpg\",\"keywords\":[\"Lehrerausbildung\",\"Oberschule\"],\"articleSection\":[\"Blog\"],\"inLanguage\":\"de\"},{\"@type\":\"WebPage\",\"@id\":\"https:\\\/\\\/lehrer-werden-in-sachsen.de\\\/videografie-in-der-lehrkraefteausbildung-sich-selbst-beim-unterrichten-zusehen\\\/\",\"url\":\"https:\\\/\\\/lehrer-werden-in-sachsen.de\\\/videografie-in-der-lehrkraefteausbildung-sich-selbst-beim-unterrichten-zusehen\\\/\",\"name\":\"LEHRERIN SACHSEN | Videografie: Sich beim Unterricht zusehen\",\"isPartOf\":{\"@id\":\"https:\\\/\\\/lehrer-werden-in-sachsen.de\\\/#website\"},\"primaryImageOfPage\":{\"@id\":\"https:\\\/\\\/lehrer-werden-in-sachsen.de\\\/videografie-in-der-lehrkraefteausbildung-sich-selbst-beim-unterrichten-zusehen\\\/#primaryimage\"},\"image\":{\"@id\":\"https:\\\/\\\/lehrer-werden-in-sachsen.de\\\/videografie-in-der-lehrkraefteausbildung-sich-selbst-beim-unterrichten-zusehen\\\/#primaryimage\"},\"thumbnailUrl\":\"https:\\\/\\\/lehrer-werden-in-sachsen.de\\\/stage\\\/wp-content\\\/uploads\\\/2025\\\/11\\\/SMK-Blog-Header-Videographie-_1920x970px.jpg\",\"datePublished\":\"2025-12-19T09:55:40+00:00\",\"dateModified\":\"2025-12-19T10:06:46+00:00\",\"description\":\"Videografie hat sich in der Lehrkr\u00e4fteausbildung bew\u00e4hrt. Die Projektgruppe an der LAS Leipzig entwickelt die Methode seit 2018 weiter.\",\"breadcrumb\":{\"@id\":\"https:\\\/\\\/lehrer-werden-in-sachsen.de\\\/videografie-in-der-lehrkraefteausbildung-sich-selbst-beim-unterrichten-zusehen\\\/#breadcrumb\"},\"inLanguage\":\"de\",\"potentialAction\":[{\"@type\":\"ReadAction\",\"target\":[\"https:\\\/\\\/lehrer-werden-in-sachsen.de\\\/videografie-in-der-lehrkraefteausbildung-sich-selbst-beim-unterrichten-zusehen\\\/\"]}]},{\"@type\":\"ImageObject\",\"inLanguage\":\"de\",\"@id\":\"https:\\\/\\\/lehrer-werden-in-sachsen.de\\\/videografie-in-der-lehrkraefteausbildung-sich-selbst-beim-unterrichten-zusehen\\\/#primaryimage\",\"url\":\"https:\\\/\\\/lehrer-werden-in-sachsen.de\\\/stage\\\/wp-content\\\/uploads\\\/2025\\\/11\\\/SMK-Blog-Header-Videographie-_1920x970px.jpg\",\"contentUrl\":\"https:\\\/\\\/lehrer-werden-in-sachsen.de\\\/stage\\\/wp-content\\\/uploads\\\/2025\\\/11\\\/SMK-Blog-Header-Videographie-_1920x970px.jpg\",\"width\":1920,\"height\":970,\"caption\":\"Lehrkr\u00e4fteausbilderin Anja Urbansky steht links vor einem ge\u00f6ffneten Schlie\u00dffach und spricht mit ihrem Kollegen Marco Fiedler von der Projektgruppe Videografie, der ein Tablet in seinen H\u00e4nden h\u00e4lt.\"},{\"@type\":\"BreadcrumbList\",\"@id\":\"https:\\\/\\\/lehrer-werden-in-sachsen.de\\\/videografie-in-der-lehrkraefteausbildung-sich-selbst-beim-unterrichten-zusehen\\\/#breadcrumb\",\"itemListElement\":[{\"@type\":\"ListItem\",\"position\":1,\"name\":\"Startseite\",\"item\":\"https:\\\/\\\/lehrer-werden-in-sachsen.de\\\/\"},{\"@type\":\"ListItem\",\"position\":2,\"name\":\"Videografie in der Lehrkr\u00e4fteausbildung: Sich selbst beim Unterrichten zusehen\"}]},{\"@type\":\"WebSite\",\"@id\":\"https:\\\/\\\/lehrer-werden-in-sachsen.de\\\/#website\",\"url\":\"https:\\\/\\\/lehrer-werden-in-sachsen.de\\\/\",\"name\":\"LEHRERIN SACHSEN\",\"description\":\"Eine Klasse f\u00fcr sich.\",\"publisher\":{\"@id\":\"https:\\\/\\\/lehrer-werden-in-sachsen.de\\\/#organization\"},\"potentialAction\":[{\"@type\":\"SearchAction\",\"target\":{\"@type\":\"EntryPoint\",\"urlTemplate\":\"https:\\\/\\\/lehrer-werden-in-sachsen.de\\\/?s={search_term_string}\"},\"query-input\":{\"@type\":\"PropertyValueSpecification\",\"valueRequired\":true,\"valueName\":\"search_term_string\"}}],\"inLanguage\":\"de\"},{\"@type\":\"Organization\",\"@id\":\"https:\\\/\\\/lehrer-werden-in-sachsen.de\\\/#organization\",\"name\":\"LEHRERIN SACHSEN\",\"url\":\"https:\\\/\\\/lehrer-werden-in-sachsen.de\\\/\",\"logo\":{\"@type\":\"ImageObject\",\"inLanguage\":\"de\",\"@id\":\"https:\\\/\\\/lehrer-werden-in-sachsen.de\\\/#\\\/schema\\\/logo\\\/image\\\/\",\"url\":\"https:\\\/\\\/lehrer-werden-in-sachsen.de\\\/stage\\\/wp-content\\\/uploads\\\/2022\\\/02\\\/SMK_Leherin-Sachsen-Marke_RGB_Violett-Orange.svg\",\"contentUrl\":\"https:\\\/\\\/lehrer-werden-in-sachsen.de\\\/stage\\\/wp-content\\\/uploads\\\/2022\\\/02\\\/SMK_Leherin-Sachsen-Marke_RGB_Violett-Orange.svg\",\"caption\":\"LEHRERIN SACHSEN\"},\"image\":{\"@id\":\"https:\\\/\\\/lehrer-werden-in-sachsen.de\\\/#\\\/schema\\\/logo\\\/image\\\/\"}},{\"@type\":\"Person\",\"@id\":\"https:\\\/\\\/lehrer-werden-in-sachsen.de\\\/#\\\/schema\\\/person\\\/5e4731c44f29a205208182ecfa64393f\",\"name\":\"Ute Schirmack\",\"image\":{\"@type\":\"ImageObject\",\"inLanguage\":\"de\",\"@id\":\"https:\\\/\\\/secure.gravatar.com\\\/avatar\\\/598fa1aedac22eef3ac59a24de23cb10b697a462ec575f429d6e5c0dd1bd0d58?s=96&d=mm&r=g\",\"url\":\"https:\\\/\\\/secure.gravatar.com\\\/avatar\\\/598fa1aedac22eef3ac59a24de23cb10b697a462ec575f429d6e5c0dd1bd0d58?s=96&d=mm&r=g\",\"contentUrl\":\"https:\\\/\\\/secure.gravatar.com\\\/avatar\\\/598fa1aedac22eef3ac59a24de23cb10b697a462ec575f429d6e5c0dd1bd0d58?s=96&d=mm&r=g\",\"caption\":\"Ute Schirmack\"},\"url\":\"https:\\\/\\\/lehrer-werden-in-sachsen.de\\\/stage\\\/author\\\/ute-schirmack\\\/\"}]}<\/script>\n<!-- \/ Yoast SEO plugin. -->","yoast_head_json":{"title":"LEHRERIN SACHSEN | Videografie: Sich beim Unterricht zusehen","description":"Videografie hat sich in der Lehrkr\u00e4fteausbildung bew\u00e4hrt. Die Projektgruppe an der LAS Leipzig entwickelt die Methode seit 2018 weiter.","robots":{"index":"index","follow":"follow","max-snippet":"max-snippet:-1","max-image-preview":"max-image-preview:large","max-video-preview":"max-video-preview:-1"},"canonical":"https:\/\/lehrer-werden-in-sachsen.de\/videografie-in-der-lehrkraefteausbildung-sich-selbst-beim-unterrichten-zusehen\/","og_locale":"de_DE","og_type":"article","og_title":"LEHRERIN SACHSEN | Videografie: Sich beim Unterricht zusehen","og_description":"Videografie hat sich in der Lehrkr\u00e4fteausbildung bew\u00e4hrt. Die Projektgruppe an der LAS Leipzig entwickelt die Methode seit 2018 weiter.","og_url":"https:\/\/lehrer-werden-in-sachsen.de\/videografie-in-der-lehrkraefteausbildung-sich-selbst-beim-unterrichten-zusehen\/","og_site_name":"LEHRERIN SACHSEN","article_published_time":"2025-12-19T09:55:40+00:00","article_modified_time":"2025-12-19T10:06:46+00:00","og_image":[{"width":1920,"height":970,"url":"https:\/\/lehrer-werden-in-sachsen.de\/wp-content\/uploads\/2025\/11\/SMK-Blog-Header-Videographie-_1920x970px.jpg","type":"image\/jpeg"}],"author":"Ute Schirmack","twitter_card":"summary_large_image","twitter_misc":{"Verfasst von":"Ute Schirmack","Gesch\u00e4tzte Lesezeit":"6\u00a0Minuten"},"schema":{"@context":"https:\/\/schema.org","@graph":[{"@type":"Article","@id":"https:\/\/lehrer-werden-in-sachsen.de\/videografie-in-der-lehrkraefteausbildung-sich-selbst-beim-unterrichten-zusehen\/#article","isPartOf":{"@id":"https:\/\/lehrer-werden-in-sachsen.de\/videografie-in-der-lehrkraefteausbildung-sich-selbst-beim-unterrichten-zusehen\/"},"author":{"name":"Ute Schirmack","@id":"https:\/\/lehrer-werden-in-sachsen.de\/#\/schema\/person\/5e4731c44f29a205208182ecfa64393f"},"headline":"Videografie in der Lehrkr\u00e4fteausbildung: Sich selbst beim Unterrichten zusehen","datePublished":"2025-12-19T09:55:40+00:00","dateModified":"2025-12-19T10:06:46+00:00","mainEntityOfPage":{"@id":"https:\/\/lehrer-werden-in-sachsen.de\/videografie-in-der-lehrkraefteausbildung-sich-selbst-beim-unterrichten-zusehen\/"},"wordCount":942,"publisher":{"@id":"https:\/\/lehrer-werden-in-sachsen.de\/#organization"},"image":{"@id":"https:\/\/lehrer-werden-in-sachsen.de\/videografie-in-der-lehrkraefteausbildung-sich-selbst-beim-unterrichten-zusehen\/#primaryimage"},"thumbnailUrl":"https:\/\/lehrer-werden-in-sachsen.de\/stage\/wp-content\/uploads\/2025\/11\/SMK-Blog-Header-Videographie-_1920x970px.jpg","keywords":["Lehrerausbildung","Oberschule"],"articleSection":["Blog"],"inLanguage":"de"},{"@type":"WebPage","@id":"https:\/\/lehrer-werden-in-sachsen.de\/videografie-in-der-lehrkraefteausbildung-sich-selbst-beim-unterrichten-zusehen\/","url":"https:\/\/lehrer-werden-in-sachsen.de\/videografie-in-der-lehrkraefteausbildung-sich-selbst-beim-unterrichten-zusehen\/","name":"LEHRERIN SACHSEN | Videografie: Sich beim Unterricht zusehen","isPartOf":{"@id":"https:\/\/lehrer-werden-in-sachsen.de\/#website"},"primaryImageOfPage":{"@id":"https:\/\/lehrer-werden-in-sachsen.de\/videografie-in-der-lehrkraefteausbildung-sich-selbst-beim-unterrichten-zusehen\/#primaryimage"},"image":{"@id":"https:\/\/lehrer-werden-in-sachsen.de\/videografie-in-der-lehrkraefteausbildung-sich-selbst-beim-unterrichten-zusehen\/#primaryimage"},"thumbnailUrl":"https:\/\/lehrer-werden-in-sachsen.de\/stage\/wp-content\/uploads\/2025\/11\/SMK-Blog-Header-Videographie-_1920x970px.jpg","datePublished":"2025-12-19T09:55:40+00:00","dateModified":"2025-12-19T10:06:46+00:00","description":"Videografie hat sich in der Lehrkr\u00e4fteausbildung bew\u00e4hrt. Die Projektgruppe an der LAS Leipzig entwickelt die Methode seit 2018 weiter.","breadcrumb":{"@id":"https:\/\/lehrer-werden-in-sachsen.de\/videografie-in-der-lehrkraefteausbildung-sich-selbst-beim-unterrichten-zusehen\/#breadcrumb"},"inLanguage":"de","potentialAction":[{"@type":"ReadAction","target":["https:\/\/lehrer-werden-in-sachsen.de\/videografie-in-der-lehrkraefteausbildung-sich-selbst-beim-unterrichten-zusehen\/"]}]},{"@type":"ImageObject","inLanguage":"de","@id":"https:\/\/lehrer-werden-in-sachsen.de\/videografie-in-der-lehrkraefteausbildung-sich-selbst-beim-unterrichten-zusehen\/#primaryimage","url":"https:\/\/lehrer-werden-in-sachsen.de\/stage\/wp-content\/uploads\/2025\/11\/SMK-Blog-Header-Videographie-_1920x970px.jpg","contentUrl":"https:\/\/lehrer-werden-in-sachsen.de\/stage\/wp-content\/uploads\/2025\/11\/SMK-Blog-Header-Videographie-_1920x970px.jpg","width":1920,"height":970,"caption":"Lehrkr\u00e4fteausbilderin Anja Urbansky steht links vor einem ge\u00f6ffneten Schlie\u00dffach und spricht mit ihrem Kollegen Marco Fiedler von der Projektgruppe Videografie, der ein Tablet in seinen H\u00e4nden h\u00e4lt."},{"@type":"BreadcrumbList","@id":"https:\/\/lehrer-werden-in-sachsen.de\/videografie-in-der-lehrkraefteausbildung-sich-selbst-beim-unterrichten-zusehen\/#breadcrumb","itemListElement":[{"@type":"ListItem","position":1,"name":"Startseite","item":"https:\/\/lehrer-werden-in-sachsen.de\/"},{"@type":"ListItem","position":2,"name":"Videografie in der Lehrkr\u00e4fteausbildung: Sich selbst beim Unterrichten zusehen"}]},{"@type":"WebSite","@id":"https:\/\/lehrer-werden-in-sachsen.de\/#website","url":"https:\/\/lehrer-werden-in-sachsen.de\/","name":"LEHRERIN SACHSEN","description":"Eine Klasse f\u00fcr sich.","publisher":{"@id":"https:\/\/lehrer-werden-in-sachsen.de\/#organization"},"potentialAction":[{"@type":"SearchAction","target":{"@type":"EntryPoint","urlTemplate":"https:\/\/lehrer-werden-in-sachsen.de\/?s={search_term_string}"},"query-input":{"@type":"PropertyValueSpecification","valueRequired":true,"valueName":"search_term_string"}}],"inLanguage":"de"},{"@type":"Organization","@id":"https:\/\/lehrer-werden-in-sachsen.de\/#organization","name":"LEHRERIN SACHSEN","url":"https:\/\/lehrer-werden-in-sachsen.de\/","logo":{"@type":"ImageObject","inLanguage":"de","@id":"https:\/\/lehrer-werden-in-sachsen.de\/#\/schema\/logo\/image\/","url":"https:\/\/lehrer-werden-in-sachsen.de\/stage\/wp-content\/uploads\/2022\/02\/SMK_Leherin-Sachsen-Marke_RGB_Violett-Orange.svg","contentUrl":"https:\/\/lehrer-werden-in-sachsen.de\/stage\/wp-content\/uploads\/2022\/02\/SMK_Leherin-Sachsen-Marke_RGB_Violett-Orange.svg","caption":"LEHRERIN SACHSEN"},"image":{"@id":"https:\/\/lehrer-werden-in-sachsen.de\/#\/schema\/logo\/image\/"}},{"@type":"Person","@id":"https:\/\/lehrer-werden-in-sachsen.de\/#\/schema\/person\/5e4731c44f29a205208182ecfa64393f","name":"Ute Schirmack","image":{"@type":"ImageObject","inLanguage":"de","@id":"https:\/\/secure.gravatar.com\/avatar\/598fa1aedac22eef3ac59a24de23cb10b697a462ec575f429d6e5c0dd1bd0d58?s=96&d=mm&r=g","url":"https:\/\/secure.gravatar.com\/avatar\/598fa1aedac22eef3ac59a24de23cb10b697a462ec575f429d6e5c0dd1bd0d58?s=96&d=mm&r=g","contentUrl":"https:\/\/secure.gravatar.com\/avatar\/598fa1aedac22eef3ac59a24de23cb10b697a462ec575f429d6e5c0dd1bd0d58?s=96&d=mm&r=g","caption":"Ute Schirmack"},"url":"https:\/\/lehrer-werden-in-sachsen.de\/stage\/author\/ute-schirmack\/"}]}},"_links":{"self":[{"href":"https:\/\/lehrer-werden-in-sachsen.de\/stage\/wp-json\/wp\/v2\/posts\/24643","targetHints":{"allow":["GET"]}}],"collection":[{"href":"https:\/\/lehrer-werden-in-sachsen.de\/stage\/wp-json\/wp\/v2\/posts"}],"about":[{"href":"https:\/\/lehrer-werden-in-sachsen.de\/stage\/wp-json\/wp\/v2\/types\/post"}],"author":[{"embeddable":true,"href":"https:\/\/lehrer-werden-in-sachsen.de\/stage\/wp-json\/wp\/v2\/users\/28"}],"replies":[{"embeddable":true,"href":"https:\/\/lehrer-werden-in-sachsen.de\/stage\/wp-json\/wp\/v2\/comments?post=24643"}],"version-history":[{"count":87,"href":"https:\/\/lehrer-werden-in-sachsen.de\/stage\/wp-json\/wp\/v2\/posts\/24643\/revisions"}],"predecessor-version":[{"id":25516,"href":"https:\/\/lehrer-werden-in-sachsen.de\/stage\/wp-json\/wp\/v2\/posts\/24643\/revisions\/25516"}],"wp:featuredmedia":[{"embeddable":true,"href":"https:\/\/lehrer-werden-in-sachsen.de\/stage\/wp-json\/wp\/v2\/media\/24648"}],"wp:attachment":[{"href":"https:\/\/lehrer-werden-in-sachsen.de\/stage\/wp-json\/wp\/v2\/media?parent=24643"}],"wp:term":[{"taxonomy":"category","embeddable":true,"href":"https:\/\/lehrer-werden-in-sachsen.de\/stage\/wp-json\/wp\/v2\/categories?post=24643"},{"taxonomy":"post_tag","embeddable":true,"href":"https:\/\/lehrer-werden-in-sachsen.de\/stage\/wp-json\/wp\/v2\/tags?post=24643"}],"curies":[{"name":"wp","href":"https:\/\/api.w.org\/{rel}","templated":true}]}}