{"id":23335,"date":"2025-09-05T11:42:47","date_gmt":"2025-09-05T09:42:47","guid":{"rendered":"https:\/\/lehrer-werden-in-sachsen.de\/stage\/?p=23335"},"modified":"2025-10-10T12:37:33","modified_gmt":"2025-10-10T10:37:33","slug":"sorbische-schulen-in-sachsen","status":"publish","type":"post","link":"https:\/\/lehrer-werden-in-sachsen.de\/stage\/sorbische-schulen-in-sachsen\/","title":{"rendered":"Sorbische Schulen in Sachsen: Zweisprachigkeit leben und lehren"},"content":{"rendered":"\t\t<div data-elementor-type=\"wp-post\" data-elementor-id=\"23335\" class=\"elementor elementor-23335\" data-elementor-post-type=\"post\">\n\t\t\t\t\t\t<section class=\"elementor-section elementor-top-section elementor-element elementor-element-dcf24f7 elementor-section-boxed elementor-section-height-default elementor-section-height-default\" data-id=\"dcf24f7\" data-element_type=\"section\" data-e-type=\"section\">\n\t\t\t\t\t\t<div class=\"elementor-container elementor-column-gap-default\">\n\t\t\t\t\t<div class=\"elementor-column elementor-col-100 elementor-top-column elementor-element elementor-element-e3a3b6a\" data-id=\"e3a3b6a\" data-element_type=\"column\" data-e-type=\"column\">\n\t\t\t<div class=\"elementor-widget-wrap elementor-element-populated\">\n\t\t\t\t\t\t<div class=\"elementor-element elementor-element-280a18c elementor-widget elementor-widget-text-editor\" data-id=\"280a18c\" data-element_type=\"widget\" data-e-type=\"widget\" data-widget_type=\"text-editor.default\">\n\t\t\t\t<div class=\"elementor-widget-container\">\n\t\t\t\t\t\t\t\t\t<p><strong>Als Lehrkraft an einer sorbischen Schule in Sachsen gestaltest du nicht nur Unterricht, sondern bewahrst lebendiges kulturelles Erbe. Die zweisprachigen sorbisch-deutschen Schulen er\u00f6ffnen dir als Lehrkraft die einzigartige Chance, Kinder auf ihrem Weg zur Zweisprachigkeit zu begleiten und dabei Teil einer besonderen Sprach- und Schulgemeinschaft zu werden.<\/strong><\/p>\t\t\t\t\t\t\t\t<\/div>\n\t\t\t\t<\/div>\n\t\t\t\t\t<\/div>\n\t\t<\/div>\n\t\t\t\t\t<\/div>\n\t\t<\/section>\n\t\t\t\t<section class=\"elementor-section elementor-top-section elementor-element elementor-element-c4c04c3 elementor-section-boxed elementor-section-height-default elementor-section-height-default\" data-id=\"c4c04c3\" data-element_type=\"section\" data-e-type=\"section\">\n\t\t\t\t\t\t<div class=\"elementor-container elementor-column-gap-default\">\n\t\t\t\t\t<div class=\"elementor-column elementor-col-100 elementor-top-column elementor-element elementor-element-82568df\" data-id=\"82568df\" data-element_type=\"column\" data-e-type=\"column\">\n\t\t\t<div class=\"elementor-widget-wrap elementor-element-populated\">\n\t\t\t\t\t\t\t<\/div>\n\t\t<\/div>\n\t\t\t\t\t<\/div>\n\t\t<\/section>\n\t\t\t\t<section class=\"elementor-section elementor-top-section elementor-element elementor-element-311fd5f elementor-section-boxed elementor-section-height-default elementor-section-height-default\" data-id=\"311fd5f\" data-element_type=\"section\" data-e-type=\"section\">\n\t\t\t\t\t\t<div class=\"elementor-container elementor-column-gap-default\">\n\t\t\t\t\t<div class=\"elementor-column elementor-col-100 elementor-top-column elementor-element elementor-element-060838e\" data-id=\"060838e\" data-element_type=\"column\" data-e-type=\"column\">\n\t\t\t<div class=\"elementor-widget-wrap elementor-element-populated\">\n\t\t\t\t\t\t<div class=\"elementor-element elementor-element-1b793e4 elementor-widget elementor-widget-heading\" data-id=\"1b793e4\" data-element_type=\"widget\" data-e-type=\"widget\" data-widget_type=\"heading.default\">\n\t\t\t\t<div class=\"elementor-widget-container\">\n\t\t\t\t\t<h2 class=\"elementor-heading-title elementor-size-default\">Vielfalt erleben: Das sorbisch-deutsche Bildungssystem<\/h2>\t\t\t\t<\/div>\n\t\t\t\t<\/div>\n\t\t\t\t\t<\/div>\n\t\t<\/div>\n\t\t\t\t\t<\/div>\n\t\t<\/section>\n\t\t\t\t<section class=\"elementor-section elementor-top-section elementor-element elementor-element-20f5d6f elementor-section-boxed elementor-section-height-default elementor-section-height-default\" data-id=\"20f5d6f\" data-element_type=\"section\" data-e-type=\"section\">\n\t\t\t\t\t\t<div class=\"elementor-container elementor-column-gap-default\">\n\t\t\t\t\t<div class=\"elementor-column elementor-col-100 elementor-top-column elementor-element elementor-element-387bff1\" data-id=\"387bff1\" data-element_type=\"column\" data-e-type=\"column\">\n\t\t\t<div class=\"elementor-widget-wrap elementor-element-populated\">\n\t\t\t\t\t\t<div class=\"elementor-element elementor-element-ea92e7e elementor-widget elementor-widget-text-editor\" data-id=\"ea92e7e\" data-element_type=\"widget\" data-e-type=\"widget\" data-widget_type=\"text-editor.default\">\n\t\t\t\t<div class=\"elementor-widget-container\">\n\t\t\t\t\t\t\t\t\t<p>Das s\u00e4chsische Schulgesetz garantiert allen Kindern und Jugendlichen im sorbischen Siedlungsgebiet das Recht auf <a href=\"https:\/\/www.witaj-sprachzentrum.de\/obersorbisch\/sorbisch-in-schulen\/witaj-in-der-schule\/\" title=\"WITAJ-Sprachzentrum\" target=\"_blank\" data-auto-event-observed=\"true\" rel=\"noopener\">Sorbischunterricht und Fachunterricht in sorbischer Sprache<\/a>. Derzeit arbeiten neun Grundschulen, sechs Oberschulen und das renommierte Sorbische Gymnasium Bautzen nach dem Konzept &#8222;2plus&#8220;, das Zweisprachigkeit systematisch und individuell f\u00f6rdert.<\/p><p>Das Besondere dabei: Die sorbische Kultur wird nicht nur im Unterricht vermittelt, sondern auch durch traditionelle Feste gelebt und gefeiert. An der <a href=\"https:\/\/cms.sachsen.schule\/oswittichenau\/startseite.html\" title=\"Oberschule Korla Awgust Kocor Wittichenau\" target=\"_blank\" data-auto-event-observed=\"true\" rel=\"noopener\">Oberschule Korla Awgust Kocor Wittichenau<\/a> ist laut Schulleiterin Ines Lesche <em>&#8222;die Teilnahme an verschiedenen Festen Tradition. Dazu z\u00e4hlt die <\/em><a href=\"https:\/\/www.sorbisch-na-klar.de\/das-magazin\/sorbische-tradition-ptaci-kwas-vogelhochzeit\" title=\"Vogelhochzeit\" target=\"_blank\" data-auto-event-observed=\"true\" rel=\"noopener\"><em>Vogelhochzeit<\/em><\/a><em> der Grundschule, ein sorbischer Beitrag beim Weihnachtssingen in der Oberschule, das Tragen der sorbischen Tracht beim Tag der offenen T\u00fcr, das Verzieren von <\/em><a href=\"https:\/\/www.sorbisch-na-klar.de\/das-magazin\/sorbische-ostereier-das-gehoert-einfach-dazu\" title=\"Ostereiern\" target=\"_blank\" data-auto-event-observed=\"true\" rel=\"noopener\"><em>Ostereiern<\/em><\/a><em> in der vor\u00f6sterlichen Zeit und die Teilnahme an der sorbischen Spracholympiade.&#8220;<\/em><\/p><p><em>\u00a0<\/em><\/p>\t\t\t\t\t\t\t\t<\/div>\n\t\t\t\t<\/div>\n\t\t\t\t\t<\/div>\n\t\t<\/div>\n\t\t\t\t\t<\/div>\n\t\t<\/section>\n\t\t\t\t<section class=\"elementor-section elementor-top-section elementor-element elementor-element-854934e elementor-section-boxed elementor-section-height-default elementor-section-height-default\" data-id=\"854934e\" data-element_type=\"section\" data-e-type=\"section\">\n\t\t\t\t\t\t<div class=\"elementor-container elementor-column-gap-default\">\n\t\t\t\t\t<div class=\"elementor-column elementor-col-100 elementor-top-column elementor-element elementor-element-748e1ae\" data-id=\"748e1ae\" data-element_type=\"column\" data-e-type=\"column\">\n\t\t\t<div class=\"elementor-widget-wrap elementor-element-populated\">\n\t\t\t\t\t\t<div class=\"elementor-element elementor-element-c4b095c elementor-widget elementor-widget-heading\" data-id=\"c4b095c\" data-element_type=\"widget\" data-e-type=\"widget\" data-widget_type=\"heading.default\">\n\t\t\t\t<div class=\"elementor-widget-container\">\n\t\t\t\t\t<h2 class=\"elementor-heading-title elementor-size-default\">Wie wird man Lehrkraft an einer sorbischen Schule?<\/h2>\t\t\t\t<\/div>\n\t\t\t\t<\/div>\n\t\t\t\t\t<\/div>\n\t\t<\/div>\n\t\t\t\t\t<\/div>\n\t\t<\/section>\n\t\t\t\t<section class=\"elementor-section elementor-top-section elementor-element elementor-element-c846dab elementor-section-boxed elementor-section-height-default elementor-section-height-default\" data-id=\"c846dab\" data-element_type=\"section\" data-e-type=\"section\">\n\t\t\t\t\t\t<div class=\"elementor-container elementor-column-gap-default\">\n\t\t\t\t\t<div class=\"elementor-column elementor-col-100 elementor-top-column elementor-element elementor-element-b14ca4b\" data-id=\"b14ca4b\" data-element_type=\"column\" data-e-type=\"column\">\n\t\t\t<div class=\"elementor-widget-wrap elementor-element-populated\">\n\t\t\t\t\t\t<div class=\"elementor-element elementor-element-e800f3d elementor-widget elementor-widget-text-editor\" data-id=\"e800f3d\" data-element_type=\"widget\" data-e-type=\"widget\" data-widget_type=\"text-editor.default\">\n\t\t\t\t<div class=\"elementor-widget-container\">\n\t\t\t\t\t\t\t\t\t<p>Du m\u00f6chtest Teil dieser besonderen Bildungswelt werden? Hier findest du deinen Einstieg:<\/p><p>\u00a0<\/p>\t\t\t\t\t\t\t\t<\/div>\n\t\t\t\t<\/div>\n\t\t\t\t\t<\/div>\n\t\t<\/div>\n\t\t\t\t\t<\/div>\n\t\t<\/section>\n\t\t\t\t<section class=\"elementor-section elementor-top-section elementor-element elementor-element-987d9d1 elementor-section-boxed elementor-section-height-default elementor-section-height-default\" data-id=\"987d9d1\" data-element_type=\"section\" data-e-type=\"section\">\n\t\t\t\t\t\t<div class=\"elementor-container elementor-column-gap-default\">\n\t\t\t\t\t<div class=\"elementor-column elementor-col-100 elementor-top-column elementor-element elementor-element-c4c8595\" data-id=\"c4c8595\" data-element_type=\"column\" data-e-type=\"column\">\n\t\t\t<div class=\"elementor-widget-wrap elementor-element-populated\">\n\t\t\t\t\t\t<div class=\"elementor-element elementor-element-536c7da elementor-widget elementor-widget-heading\" data-id=\"536c7da\" data-element_type=\"widget\" data-e-type=\"widget\" data-widget_type=\"heading.default\">\n\t\t\t\t<div class=\"elementor-widget-container\">\n\t\t\t\t\t<h3 class=\"elementor-heading-title elementor-size-default\">Lehramtsstudium mit Fach Sorbisch<\/h3>\t\t\t\t<\/div>\n\t\t\t\t<\/div>\n\t\t\t\t\t<\/div>\n\t\t<\/div>\n\t\t\t\t\t<\/div>\n\t\t<\/section>\n\t\t\t\t<section class=\"elementor-section elementor-top-section elementor-element elementor-element-94e43ea elementor-section-boxed elementor-section-height-default elementor-section-height-default\" data-id=\"94e43ea\" data-element_type=\"section\" data-e-type=\"section\">\n\t\t\t\t\t\t<div class=\"elementor-container elementor-column-gap-default\">\n\t\t\t\t\t<div class=\"elementor-column elementor-col-100 elementor-top-column elementor-element elementor-element-7474bb3\" data-id=\"7474bb3\" data-element_type=\"column\" data-e-type=\"column\">\n\t\t\t<div class=\"elementor-widget-wrap elementor-element-populated\">\n\t\t\t\t\t\t<div class=\"elementor-element elementor-element-1e0bc50 elementor-widget elementor-widget-text-editor\" data-id=\"1e0bc50\" data-element_type=\"widget\" data-e-type=\"widget\" data-widget_type=\"text-editor.default\">\n\t\t\t\t<div class=\"elementor-widget-container\">\n\t\t\t\t\t\t\t\t\t<p>An der <a href=\"https:\/\/www.philol.uni-leipzig.de\/sorabistik#c561856\" title=\"Universit\u00e4t Leipzig\" target=\"_blank\" data-auto-event-observed=\"true\" rel=\"noopener\">Universit\u00e4t Leipzig<\/a> kannst du Sorbisch f\u00fcr das Lehramt an Grundschulen, Oberschulen oder Gymnasien studieren. Vorausgesetzt werden Sprachkenntnisse auf B1-Niveau \u2013 oder du nutzt das &#8222;Prop\u00e4deutikum Obersorbisch f\u00fcr Nullsprachlerinnen und Nullsprachler&#8220;, um die Sprache von Grund auf zu erlernen.\u00a0<\/p><p>\u00a0<\/p><p>Das Studium vermittelt dir nicht nur sprachliche und fachliche Kompetenzen, sondern bereitet dich umfassend auf das Unterrichten in einem zweisprachigen Umfeld vor.<\/p>\t\t\t\t\t\t\t\t<\/div>\n\t\t\t\t<\/div>\n\t\t\t\t\t<\/div>\n\t\t<\/div>\n\t\t\t\t\t<\/div>\n\t\t<\/section>\n\t\t\t\t<section class=\"elementor-section elementor-top-section elementor-element elementor-element-3438bd7 elementor-section-boxed elementor-section-height-default elementor-section-height-default\" data-id=\"3438bd7\" data-element_type=\"section\" data-e-type=\"section\">\n\t\t\t\t\t\t<div class=\"elementor-container elementor-column-gap-default\">\n\t\t\t\t\t<div class=\"elementor-column elementor-col-100 elementor-top-column elementor-element elementor-element-65016fb\" data-id=\"65016fb\" data-element_type=\"column\" data-e-type=\"column\">\n\t\t\t<div class=\"elementor-widget-wrap elementor-element-populated\">\n\t\t\t\t\t\t<div class=\"elementor-element elementor-element-4f24c52 elementor-widget elementor-widget-heading\" data-id=\"4f24c52\" data-element_type=\"widget\" data-e-type=\"widget\" data-widget_type=\"heading.default\">\n\t\t\t\t<div class=\"elementor-widget-container\">\n\t\t\t\t\t<h3 class=\"elementor-heading-title elementor-size-default\">Seiteneinstieg mit Qualifizierung<\/h3>\t\t\t\t<\/div>\n\t\t\t\t<\/div>\n\t\t\t\t\t<\/div>\n\t\t<\/div>\n\t\t\t\t\t<\/div>\n\t\t<\/section>\n\t\t\t\t<section class=\"elementor-section elementor-top-section elementor-element elementor-element-488c5a4 elementor-section-boxed elementor-section-height-default elementor-section-height-default\" data-id=\"488c5a4\" data-element_type=\"section\" data-e-type=\"section\">\n\t\t\t\t\t\t<div class=\"elementor-container elementor-column-gap-default\">\n\t\t\t\t\t<div class=\"elementor-column elementor-col-100 elementor-top-column elementor-element elementor-element-ac4d9ba\" data-id=\"ac4d9ba\" data-element_type=\"column\" data-e-type=\"column\">\n\t\t\t<div class=\"elementor-widget-wrap elementor-element-populated\">\n\t\t\t\t\t\t<div class=\"elementor-element elementor-element-fd67c74 elementor-widget elementor-widget-text-editor\" data-id=\"fd67c74\" data-element_type=\"widget\" data-e-type=\"widget\" data-widget_type=\"text-editor.default\">\n\t\t\t\t<div class=\"elementor-widget-container\">\n\t\t\t\t\t\t\t\t\t<p>Auch ohne Lehramtsstudium kannst du in den Unterricht an sorbischen Schulen einsteigen: \u00fcber Qualifizierungsprogramme und berufsbegleitende Sprachkurse des <a href=\"https:\/\/www.witaj-sprachzentrum.de\/obersorbisch\/sprachkurse\/obersorbisch-fuer-erwachsene\/\" title=\"WITAJ-Sprachzentrum\" target=\"_blank\" rel=\"noopener\">WITAJ-Sprachzentrums<\/a> oder der <a href=\"https:\/\/www.lasub.smk.sachsen.de\/bautzen-3967.html#a-5043\" title=\"Sorbische Sprachschule\" target=\"_blank\" rel=\"noopener\">Sorbischen Sprachschule<\/a>.<\/p><p>\u00a0<\/p>\t\t\t\t\t\t\t\t<\/div>\n\t\t\t\t<\/div>\n\t\t\t\t\t<\/div>\n\t\t<\/div>\n\t\t\t\t\t<\/div>\n\t\t<\/section>\n\t\t\t\t<section class=\"elementor-section elementor-top-section elementor-element elementor-element-c75a643 elementor-section-boxed elementor-section-height-default elementor-section-height-default\" data-id=\"c75a643\" data-element_type=\"section\" data-e-type=\"section\">\n\t\t\t\t\t\t<div class=\"elementor-container elementor-column-gap-default\">\n\t\t\t\t\t<div class=\"elementor-column elementor-col-100 elementor-top-column elementor-element elementor-element-4f61e14\" data-id=\"4f61e14\" data-element_type=\"column\" data-e-type=\"column\">\n\t\t\t<div class=\"elementor-widget-wrap elementor-element-populated\">\n\t\t\t\t\t\t<div class=\"elementor-element elementor-element-e7c02ce elementor-widget elementor-widget-heading\" data-id=\"e7c02ce\" data-element_type=\"widget\" data-e-type=\"widget\" data-widget_type=\"heading.default\">\n\t\t\t\t<div class=\"elementor-widget-container\">\n\t\t\t\t\t<h2 class=\"elementor-heading-title elementor-size-default\">Unterricht nach dem Konzept \u201c2plus\u201d<\/h2>\t\t\t\t<\/div>\n\t\t\t\t<\/div>\n\t\t\t\t\t<\/div>\n\t\t<\/div>\n\t\t\t\t\t<\/div>\n\t\t<\/section>\n\t\t\t\t<section class=\"elementor-section elementor-top-section elementor-element elementor-element-53ba264 elementor-section-boxed elementor-section-height-default elementor-section-height-default\" data-id=\"53ba264\" data-element_type=\"section\" data-e-type=\"section\">\n\t\t\t\t\t\t<div class=\"elementor-container elementor-column-gap-default\">\n\t\t\t\t\t<div class=\"elementor-column elementor-col-100 elementor-top-column elementor-element elementor-element-a7b2805\" data-id=\"a7b2805\" data-element_type=\"column\" data-e-type=\"column\">\n\t\t\t<div class=\"elementor-widget-wrap elementor-element-populated\">\n\t\t\t\t\t\t<div class=\"elementor-element elementor-element-c84b003 elementor-widget elementor-widget-text-editor\" data-id=\"c84b003\" data-element_type=\"widget\" data-e-type=\"widget\" data-widget_type=\"text-editor.default\">\n\t\t\t\t<div class=\"elementor-widget-container\">\n\t\t\t\t\t\t\t\t\t<p>Mit dem Konzept &#8222;<a href=\"https:\/\/www.witaj-sprachzentrum.de\/obersorbisch\/wp-content\/uploads\/sites\/3\/2024\/03\/Konzept_2plus_deutschsorbische_Schulen-2018.pdf\" title=\"2plus (PDF)\" target=\"_blank\" data-auto-event-observed=\"true\" rel=\"noopener\">2plus (PDF)<\/a>&#8220; wird Sorbisch je nach Sprachstand der Sch\u00fclerinnen und Sch\u00fcler in drei Sprachgruppen unterrichtet. Dabei ist Sorbisch nicht allein Unterrichtsgegenstand, sondern in vielen F\u00e4chern auch teilweise oder vollst\u00e4ndig Unterrichtssprache. Die Lerninhalte werden bilingual vermittelt &#8211; ein spannendes didaktisches Feld, das kreative Unterrichtsgestaltung erm\u00f6glicht!<\/p><p>\u00a0<\/p><p>Der Unterricht findet je nach Fach vollst\u00e4ndig oder teilweise auf Sorbisch statt. Idealtypisch arbeiten zwei Lehrkr\u00e4fte pro Klasse im Teamteaching, um der sprachlichen Heterogenit\u00e4t gerecht zu werden.<\/p><p>\u00a0<\/p><p>Eine beispielhafte Schule daf\u00fcr ist die\u00a0<span style=\"font-family: Sora; font-size: inherit; font-style: inherit; font-variant-ligatures: inherit; font-variant-caps: inherit; font-weight: inherit; text-align: justify;\"><a href=\"https:\/\/cms.sachsen.schule\/gsadlerhoy\/handrij-zejler-grundschule.html\" title=\"Handrij Zejler Grundschule\" target=\"_blank\" data-auto-event-observed=\"true\" rel=\"noopener\">Handrij Zejler Grundschule<\/a><\/span><span style=\"font-family: Sora; font-size: inherit; font-style: inherit; font-variant-ligatures: inherit; font-variant-caps: inherit; font-weight: inherit; text-align: justify;\">\u00a0<\/span><span style=\"font-family: inherit; font-size: inherit; font-style: inherit; font-variant-ligatures: inherit; font-variant-caps: inherit; font-weight: inherit;\">in Hoyerswerda, an der seit dem Schuljahr 2001\/02 Sorbischunterricht nach dem Modell \u201c2plus\u201d und Sorbisch als Fremdsprache unterrichtet werden. F\u00fcr Lehrerin Ines Kirstein ist dieser Ansatz erfolgreich: &#8222;Der zweisprachige Unterricht bereitet den Kindern viel Freude. Sie sp\u00fcren den Mehrgewinn, sie sind stolz auf ihr Wissen und sie sind offener daf\u00fcr, weitere Sprachen zu erlernen.&#8220;<\/span><\/p><p>\u00a0<\/p>\t\t\t\t\t\t\t\t<\/div>\n\t\t\t\t<\/div>\n\t\t\t\t\t<\/div>\n\t\t<\/div>\n\t\t\t\t\t<\/div>\n\t\t<\/section>\n\t\t\t\t<section class=\"elementor-section elementor-top-section elementor-element elementor-element-93cce5a elementor-section-boxed elementor-section-height-default elementor-section-height-default\" data-id=\"93cce5a\" data-element_type=\"section\" data-e-type=\"section\">\n\t\t\t\t\t\t<div class=\"elementor-container elementor-column-gap-default\">\n\t\t\t\t\t<div class=\"elementor-column elementor-col-100 elementor-top-column elementor-element elementor-element-6020227\" data-id=\"6020227\" data-element_type=\"column\" data-e-type=\"column\">\n\t\t\t<div class=\"elementor-widget-wrap elementor-element-populated\">\n\t\t\t\t\t\t<div class=\"elementor-element elementor-element-fa6c1fd elementor-widget elementor-widget-image\" data-id=\"fa6c1fd\" data-element_type=\"widget\" data-e-type=\"widget\" data-widget_type=\"image.default\">\n\t\t\t\t<div class=\"elementor-widget-container\">\n\t\t\t\t\t\t\t\t\t\t\t\t\t\t\t<img fetchpriority=\"high\" decoding=\"async\" width=\"1024\" height=\"341\" src=\"https:\/\/lehrer-werden-in-sachsen.de\/stage\/wp-content\/uploads\/2025\/09\/SMK-Blog-Artikelbild-Sorbische-Schulen_1200x400px-1024x341.jpg\" class=\"attachment-large size-large wp-image-23337\" alt=\"In der Aufsicht ist das langgestreckte Geb\u00e4ude der Oberschule Korla Awgust Kocor Wittichenau zu sehen.\" srcset=\"https:\/\/lehrer-werden-in-sachsen.de\/stage\/wp-content\/uploads\/2025\/09\/SMK-Blog-Artikelbild-Sorbische-Schulen_1200x400px-1024x341.jpg 1024w, https:\/\/lehrer-werden-in-sachsen.de\/stage\/wp-content\/uploads\/2025\/09\/SMK-Blog-Artikelbild-Sorbische-Schulen_1200x400px-300x100.jpg 300w, https:\/\/lehrer-werden-in-sachsen.de\/stage\/wp-content\/uploads\/2025\/09\/SMK-Blog-Artikelbild-Sorbische-Schulen_1200x400px-768x256.jpg 768w, https:\/\/lehrer-werden-in-sachsen.de\/stage\/wp-content\/uploads\/2025\/09\/SMK-Blog-Artikelbild-Sorbische-Schulen_1200x400px.jpg 1200w\" sizes=\"(max-width: 1024px) 100vw, 1024px\" \/>\t\t\t\t\t\t\t\t\t\t\t\t\t\t\t<\/div>\n\t\t\t\t<\/div>\n\t\t\t\t\t<\/div>\n\t\t<\/div>\n\t\t\t\t\t<\/div>\n\t\t<\/section>\n\t\t\t\t<section class=\"elementor-section elementor-top-section elementor-element elementor-element-2fe4868 elementor-section-boxed elementor-section-height-default elementor-section-height-default\" data-id=\"2fe4868\" data-element_type=\"section\" data-e-type=\"section\">\n\t\t\t\t\t\t<div class=\"elementor-container elementor-column-gap-default\">\n\t\t\t\t\t<div class=\"elementor-column elementor-col-100 elementor-top-column elementor-element elementor-element-1419baa\" data-id=\"1419baa\" data-element_type=\"column\" data-e-type=\"column\">\n\t\t\t<div class=\"elementor-widget-wrap elementor-element-populated\">\n\t\t\t\t\t\t<div class=\"elementor-element elementor-element-bfe7b89 elementor-widget elementor-widget-text-editor\" data-id=\"bfe7b89\" data-element_type=\"widget\" data-e-type=\"widget\" data-widget_type=\"text-editor.default\">\n\t\t\t\t<div class=\"elementor-widget-container\">\n\t\t\t\t\t\t\t\t\t<p><em>Die Oberschule <\/em><em>Korla Awgust Kocor Wittichenau &#8211; nicht nur ein Ort zum Lernen und Unterrichten, sondern auch der Ort, an dem eine besondere, beinah famili\u00e4re Schulgemeinschaft gepflegt wird. Foto: Philipp Schwabe<\/em><\/p>\t\t\t\t\t\t\t\t<\/div>\n\t\t\t\t<\/div>\n\t\t\t\t\t<\/div>\n\t\t<\/div>\n\t\t\t\t\t<\/div>\n\t\t<\/section>\n\t\t\t\t<section class=\"elementor-section elementor-top-section elementor-element elementor-element-51075f5 elementor-section-boxed elementor-section-height-default elementor-section-height-default\" data-id=\"51075f5\" data-element_type=\"section\" data-e-type=\"section\">\n\t\t\t\t\t\t<div class=\"elementor-container elementor-column-gap-default\">\n\t\t\t\t\t<div class=\"elementor-column elementor-col-100 elementor-top-column elementor-element elementor-element-0686e86\" data-id=\"0686e86\" data-element_type=\"column\" data-e-type=\"column\">\n\t\t\t<div class=\"elementor-widget-wrap elementor-element-populated\">\n\t\t\t\t\t\t<div class=\"elementor-element elementor-element-6c8e6ed elementor-widget elementor-widget-heading\" data-id=\"6c8e6ed\" data-element_type=\"widget\" data-e-type=\"widget\" data-widget_type=\"heading.default\">\n\t\t\t\t<div class=\"elementor-widget-container\">\n\t\t\t\t\t<h2 class=\"elementor-heading-title elementor-size-default\">Ein besonderer Arbeitsplatz: Die sorbische Schulgemeinschaft<\/h2>\t\t\t\t<\/div>\n\t\t\t\t<\/div>\n\t\t\t\t\t<\/div>\n\t\t<\/div>\n\t\t\t\t\t<\/div>\n\t\t<\/section>\n\t\t\t\t<section class=\"elementor-section elementor-top-section elementor-element elementor-element-05fdc51 elementor-section-boxed elementor-section-height-default elementor-section-height-default\" data-id=\"05fdc51\" data-element_type=\"section\" data-e-type=\"section\">\n\t\t\t\t\t\t<div class=\"elementor-container elementor-column-gap-default\">\n\t\t\t\t\t<div class=\"elementor-column elementor-col-100 elementor-top-column elementor-element elementor-element-dd29280\" data-id=\"dd29280\" data-element_type=\"column\" data-e-type=\"column\">\n\t\t\t<div class=\"elementor-widget-wrap elementor-element-populated\">\n\t\t\t\t\t\t<div class=\"elementor-element elementor-element-037baff elementor-widget elementor-widget-text-editor\" data-id=\"037baff\" data-element_type=\"widget\" data-e-type=\"widget\" data-widget_type=\"text-editor.default\">\n\t\t\t\t<div class=\"elementor-widget-container\">\n\t\t\t\t\t\t\t\t\t<p>Das Arbeiten an sorbischen Schulen bringt eine besondere Atmosph\u00e4re mit sich. Ines Lesche, Schulleiterin der <a href=\"https:\/\/cms.sachsen.schule\/oswittichenau\/startseite.html\" title=\"Oberschule Korla Awgust Kocor Wittichenau\" target=\"_blank\" data-auto-event-observed=\"true\" rel=\"noopener\">Oberschule Korla Awgust Kocor Wittichenau<\/a>, sagt: &#8222;Das Lehren und Unterrichten an sorbischen Schulen ist eher famili\u00e4r. Man kennt sich untereinander, oft gibt es einen Schulbesuch auch \u00fcber Generationen hinweg durch Gro\u00dfeltern, Eltern und Kinder, die alle an einer Schule gelernt haben. Bei Fortbildungen zu sorbischen Inhalten trifft man Kolleginnen und Kollegen, die einem schon vertraut sind.&#8220;<\/p><p>\u00a0<\/p>\t\t\t\t\t\t\t\t<\/div>\n\t\t\t\t<\/div>\n\t\t\t\t\t<\/div>\n\t\t<\/div>\n\t\t\t\t\t<\/div>\n\t\t<\/section>\n\t\t\t\t<section class=\"elementor-section elementor-top-section elementor-element elementor-element-e17d0c7 elementor-section-boxed elementor-section-height-default elementor-section-height-default\" data-id=\"e17d0c7\" data-element_type=\"section\" data-e-type=\"section\">\n\t\t\t\t\t\t<div class=\"elementor-container elementor-column-gap-default\">\n\t\t\t\t\t<div class=\"elementor-column elementor-col-100 elementor-top-column elementor-element elementor-element-761ed2d\" data-id=\"761ed2d\" data-element_type=\"column\" data-e-type=\"column\">\n\t\t\t<div class=\"elementor-widget-wrap elementor-element-populated\">\n\t\t\t\t\t\t<div class=\"elementor-element elementor-element-962d9f6 elementor-widget elementor-widget-heading\" data-id=\"962d9f6\" data-element_type=\"widget\" data-e-type=\"widget\" data-widget_type=\"heading.default\">\n\t\t\t\t<div class=\"elementor-widget-container\">\n\t\t\t\t\t<h2 class=\"elementor-heading-title elementor-size-default\">Sorbische Schulen in Sachsen im \u00dcberblick<\/h2>\t\t\t\t<\/div>\n\t\t\t\t<\/div>\n\t\t\t\t\t<\/div>\n\t\t<\/div>\n\t\t\t\t\t<\/div>\n\t\t<\/section>\n\t\t\t\t<section class=\"elementor-section elementor-top-section elementor-element elementor-element-76221e0 elementor-section-boxed elementor-section-height-default elementor-section-height-default\" data-id=\"76221e0\" data-element_type=\"section\" data-e-type=\"section\">\n\t\t\t\t\t\t<div class=\"elementor-container elementor-column-gap-default\">\n\t\t\t\t\t<div class=\"elementor-column elementor-col-100 elementor-top-column elementor-element elementor-element-c177d94\" data-id=\"c177d94\" data-element_type=\"column\" data-e-type=\"column\">\n\t\t\t<div class=\"elementor-widget-wrap elementor-element-populated\">\n\t\t\t\t\t\t<div class=\"elementor-element elementor-element-04cf1db elementor-widget elementor-widget-heading\" data-id=\"04cf1db\" data-element_type=\"widget\" data-e-type=\"widget\" data-widget_type=\"heading.default\">\n\t\t\t\t<div class=\"elementor-widget-container\">\n\t\t\t\t\t<h3 class=\"elementor-heading-title elementor-size-default\">Grundschulen<\/h3>\t\t\t\t<\/div>\n\t\t\t\t<\/div>\n\t\t\t\t\t<\/div>\n\t\t<\/div>\n\t\t\t\t\t<\/div>\n\t\t<\/section>\n\t\t\t\t<section class=\"elementor-section elementor-top-section elementor-element elementor-element-d6708b2 elementor-section-boxed elementor-section-height-default elementor-section-height-default\" data-id=\"d6708b2\" data-element_type=\"section\" data-e-type=\"section\">\n\t\t\t\t\t\t<div class=\"elementor-container elementor-column-gap-default\">\n\t\t\t\t\t<div class=\"elementor-column elementor-col-100 elementor-top-column elementor-element elementor-element-c0d1ecc\" data-id=\"c0d1ecc\" data-element_type=\"column\" data-e-type=\"column\">\n\t\t\t<div class=\"elementor-widget-wrap elementor-element-populated\">\n\t\t\t\t\t\t<div class=\"elementor-element elementor-element-eaea542 elementor-widget elementor-widget-text-editor\" data-id=\"eaea542\" data-element_type=\"widget\" data-e-type=\"widget\" data-widget_type=\"text-editor.default\">\n\t\t\t\t<div class=\"elementor-widget-container\">\n\t\t\t\t\t\t\t\t\t<ul><li><a href=\"http:\/\/www.sorbische-grundschule.de\/\" title=\"Sorbische Grundschule Bautzen\" target=\"_blank\" rel=\"noopener\">Sorbische Grundschule Bautzen<\/a><\/li><li><a href=\"https:\/\/www.schule-crostwitz.de\/de\/\" title=\"Sorbische Grundschule Crostwitz\" target=\"_blank\" rel=\"noopener\">Sorbische Grundschule Crostwitz<\/a><\/li><li><a href=\"https:\/\/cms.sachsen.schule\/gsadlerhoy\/start\/\" title=\"\" target=\"_blank\" rel=\"noopener\"><\/a><a href=\"https:\/\/cms.sachsen.schule\/gsadlerhoy\/start\/\" title=\"Handrij Zeijler Grundschule\u00a0Hoyerswerda\" target=\"_blank\" rel=\"noopener\">Handrij Zeijler Grundschule Hoyerswerda<\/a><\/li><li><a href=\"http:\/\/www.sgs-panschwitz-kuckau.de\/\" title=\"Sorbische Grundschule Panschwitz Kuckau\" target=\"_blank\" rel=\"noopener\">Sorbische Grundschule Panschwitz Kuckau<\/a><\/li><li><a href=\"https:\/\/www.schule-raeckelwitz.de\/\" title=\"Sorbische Grundschule R\u00e4ckelwitz\" target=\"_blank\" rel=\"noopener\">Sorbische Grundschule R\u00e4ckelwitz<\/a><\/li><li><a href=\"http:\/\/www.radibor.net\/\" title=\"Sorbische Grundschule Radibor\" target=\"_blank\" rel=\"noopener\">Sorbische Grundschule Radibor<\/a><\/li><li><a href=\"https:\/\/sorbische-schule-ralbitz.de\/\" title=\"Sorbische Grundschule Ralbitz\" target=\"_blank\" rel=\"noopener\">Sorbische Grundschule Ralbitz<\/a><\/li><li><a href=\"http:\/\/www.sn.schule.de\/~gs-schleife\/\" title=\"Grundschule Dr. Marja Grollmu\u00df Slepo Schleife\" target=\"_blank\" rel=\"noopener\">Grundschule Dr. Marja Grollmu\u00df Slepo Schleife<\/a><\/li><li><a href=\"https:\/\/cms.sachsen.schule\/gskrabat\/start\/\" title=\"Krabat-Grundschule Wittichenau\" target=\"_blank\" rel=\"noopener\">Krabat-Grundschule Wittichenau<\/a><\/li><\/ul>\t\t\t\t\t\t\t\t<\/div>\n\t\t\t\t<\/div>\n\t\t\t\t\t<\/div>\n\t\t<\/div>\n\t\t\t\t\t<\/div>\n\t\t<\/section>\n\t\t\t\t<section class=\"elementor-section elementor-top-section elementor-element elementor-element-3dc0cf0 elementor-section-boxed elementor-section-height-default elementor-section-height-default\" data-id=\"3dc0cf0\" data-element_type=\"section\" data-e-type=\"section\">\n\t\t\t\t\t\t<div class=\"elementor-container elementor-column-gap-default\">\n\t\t\t\t\t<div class=\"elementor-column elementor-col-100 elementor-top-column elementor-element elementor-element-2373f2b\" data-id=\"2373f2b\" data-element_type=\"column\" data-e-type=\"column\">\n\t\t\t<div class=\"elementor-widget-wrap elementor-element-populated\">\n\t\t\t\t\t\t<div class=\"elementor-element elementor-element-af3f42d elementor-widget elementor-widget-heading\" data-id=\"af3f42d\" data-element_type=\"widget\" data-e-type=\"widget\" data-widget_type=\"heading.default\">\n\t\t\t\t<div class=\"elementor-widget-container\">\n\t\t\t\t\t<h3 class=\"elementor-heading-title elementor-size-default\">Oberschulen<\/h3>\t\t\t\t<\/div>\n\t\t\t\t<\/div>\n\t\t\t\t\t<\/div>\n\t\t<\/div>\n\t\t\t\t\t<\/div>\n\t\t<\/section>\n\t\t\t\t<section class=\"elementor-section elementor-top-section elementor-element elementor-element-f9ced0f elementor-section-boxed elementor-section-height-default elementor-section-height-default\" data-id=\"f9ced0f\" data-element_type=\"section\" data-e-type=\"section\">\n\t\t\t\t\t\t<div class=\"elementor-container elementor-column-gap-default\">\n\t\t\t\t\t<div class=\"elementor-column elementor-col-100 elementor-top-column elementor-element elementor-element-e858c0b\" data-id=\"e858c0b\" data-element_type=\"column\" data-e-type=\"column\">\n\t\t\t<div class=\"elementor-widget-wrap elementor-element-populated\">\n\t\t\t\t\t\t<div class=\"elementor-element elementor-element-ff8fc2e elementor-widget elementor-widget-text-editor\" data-id=\"ff8fc2e\" data-element_type=\"widget\" data-e-type=\"widget\" data-widget_type=\"text-editor.default\">\n\t\t\t\t<div class=\"elementor-widget-container\">\n\t\t\t\t\t\t\t\t\t<ul><li><a href=\"http:\/\/www.sorbische-oberschule.de\/\" title=\"Sorbische Oberschule Bautzen\" target=\"_blank\" data-auto-event-observed=\"true\" rel=\"noopener\">Sorbische Oberschule Bautzen<\/a><\/li><li><a href=\"http:\/\/www.schule-raeckelwitz.de\/\" title=\"Sorbische Oberschule R\u00e4ckelwitz\" target=\"_blank\" data-auto-event-observed=\"true\" rel=\"noopener\">Sorbische Oberschule R\u00e4ckelwitz<\/a><\/li><li><a href=\"https:\/\/sorbische-schule-ralbitz.de\/\" title=\"Sorbische Oberschule Ralbitz\" target=\"_blank\" data-auto-event-observed=\"true\" rel=\"noopener\">Sorbische Oberschule Ralbitz<\/a><\/li><li><a href=\"http:\/\/www.radibor.net\/\" title=\"Sorbische Oberschule Radibor\" target=\"_blank\" data-auto-event-observed=\"true\" rel=\"noopener\">Sorbische Oberschule Radibor<\/a><\/li><li><a href=\"http:\/\/www.sorbische-oberschule.de\/\" title=\"Sorbische Oberschule Bautzen\" target=\"_blank\" data-auto-event-observed=\"true\" rel=\"noopener\">Sorbische Oberschule Bautzen<\/a><\/li><li><a href=\"https:\/\/www.os-schleife.de\/\" title=\"Oberschule Schleife\" target=\"_blank\" rel=\"noopener\">Oberschule Schleife<\/a><\/li><\/ul>\t\t\t\t\t\t\t\t<\/div>\n\t\t\t\t<\/div>\n\t\t\t\t\t<\/div>\n\t\t<\/div>\n\t\t\t\t\t<\/div>\n\t\t<\/section>\n\t\t\t\t<section class=\"elementor-section elementor-top-section elementor-element elementor-element-0800a8b elementor-section-boxed elementor-section-height-default elementor-section-height-default\" data-id=\"0800a8b\" data-element_type=\"section\" data-e-type=\"section\">\n\t\t\t\t\t\t<div class=\"elementor-container elementor-column-gap-default\">\n\t\t\t\t\t<div class=\"elementor-column elementor-col-100 elementor-top-column elementor-element elementor-element-07d65aa\" data-id=\"07d65aa\" data-element_type=\"column\" data-e-type=\"column\">\n\t\t\t<div class=\"elementor-widget-wrap elementor-element-populated\">\n\t\t\t\t\t\t<div class=\"elementor-element elementor-element-289dfa3 elementor-widget elementor-widget-heading\" data-id=\"289dfa3\" data-element_type=\"widget\" data-e-type=\"widget\" data-widget_type=\"heading.default\">\n\t\t\t\t<div class=\"elementor-widget-container\">\n\t\t\t\t\t<h2 class=\"elementor-heading-title elementor-size-default\">Gymnasium<\/h2>\t\t\t\t<\/div>\n\t\t\t\t<\/div>\n\t\t\t\t\t<\/div>\n\t\t<\/div>\n\t\t\t\t\t<\/div>\n\t\t<\/section>\n\t\t\t\t<section class=\"elementor-section elementor-top-section elementor-element elementor-element-cd0acaf elementor-section-boxed elementor-section-height-default elementor-section-height-default\" data-id=\"cd0acaf\" data-element_type=\"section\" data-e-type=\"section\">\n\t\t\t\t\t\t<div class=\"elementor-container elementor-column-gap-default\">\n\t\t\t\t\t<div class=\"elementor-column elementor-col-100 elementor-top-column elementor-element elementor-element-97381d8\" data-id=\"97381d8\" data-element_type=\"column\" data-e-type=\"column\">\n\t\t\t<div class=\"elementor-widget-wrap elementor-element-populated\">\n\t\t\t\t\t\t<div class=\"elementor-element elementor-element-4b1e0d6 elementor-widget elementor-widget-text-editor\" data-id=\"4b1e0d6\" data-element_type=\"widget\" data-e-type=\"widget\" data-widget_type=\"text-editor.default\">\n\t\t\t\t<div class=\"elementor-widget-container\">\n\t\t\t\t\t\t\t\t\t<ul><li><a href=\"http:\/\/www.sorbisches-gymnasium.de\/\" title=\"Sorbisches Gymnasium Bautzen\" target=\"_blank\" rel=\"noopener\">Sorbisches Gymnasium Bautzen<\/a><\/li><\/ul>\t\t\t\t\t\t\t\t<\/div>\n\t\t\t\t<\/div>\n\t\t\t\t\t<\/div>\n\t\t<\/div>\n\t\t\t\t\t<\/div>\n\t\t<\/section>\n\t\t\t\t<section class=\"elementor-section elementor-top-section elementor-element elementor-element-620e357 elementor-section-boxed elementor-section-height-default elementor-section-height-default\" data-id=\"620e357\" data-element_type=\"section\" data-e-type=\"section\">\n\t\t\t\t\t\t<div class=\"elementor-container elementor-column-gap-default\">\n\t\t\t\t\t<div class=\"elementor-column elementor-col-100 elementor-top-column elementor-element elementor-element-17aa3ec\" data-id=\"17aa3ec\" data-element_type=\"column\" data-e-type=\"column\">\n\t\t\t<div class=\"elementor-widget-wrap elementor-element-populated\">\n\t\t\t\t\t\t<div class=\"elementor-element elementor-element-eedf678 elementor-widget elementor-widget-heading\" data-id=\"eedf678\" data-element_type=\"widget\" data-e-type=\"widget\" data-widget_type=\"heading.default\">\n\t\t\t\t<div class=\"elementor-widget-container\">\n\t\t\t\t\t<h2 class=\"elementor-heading-title elementor-size-default\">Werde Teil einer lebendigen Tradition!<\/h2>\t\t\t\t<\/div>\n\t\t\t\t<\/div>\n\t\t\t\t\t<\/div>\n\t\t<\/div>\n\t\t\t\t\t<\/div>\n\t\t<\/section>\n\t\t\t\t<section class=\"elementor-section elementor-top-section elementor-element elementor-element-3ffd4fd elementor-section-boxed elementor-section-height-default elementor-section-height-default\" data-id=\"3ffd4fd\" data-element_type=\"section\" data-e-type=\"section\">\n\t\t\t\t\t\t<div class=\"elementor-container elementor-column-gap-default\">\n\t\t\t\t\t<div class=\"elementor-column elementor-col-100 elementor-top-column elementor-element elementor-element-490f573\" data-id=\"490f573\" data-element_type=\"column\" data-e-type=\"column\">\n\t\t\t<div class=\"elementor-widget-wrap elementor-element-populated\">\n\t\t\t\t\t\t<div class=\"elementor-element elementor-element-1c6e191 elementor-widget elementor-widget-text-editor\" data-id=\"1c6e191\" data-element_type=\"widget\" data-e-type=\"widget\" data-widget_type=\"text-editor.default\">\n\t\t\t\t<div class=\"elementor-widget-container\">\n\t\t\t\t\t\t\t\t\t<p>F\u00fcr Ines Kirstein ist klar: &#8222;Ich denke, dass es wichtig ist, die sorbische Sprache weiterzugeben. Jeder, der an einer sorbischen Schule oder an einer Schule mit sorbischem Sprachunterricht arbeitet, sollte dies mit Freude und Begeisterung tun. Die Kinder sp\u00fcren das und k\u00f6nnen das auch auf sich \u00fcbertragen.&#8220;<\/p><p>\u00a0<\/p><p>Diese Begeisterung ist ansteckend und macht den Unterschied &#8211; sowohl f\u00fcr die Sch\u00fclerinnen und Sch\u00fcler als auch f\u00fcr dich als Lehrkraft.<\/p><p>\u00a0<\/p>\t\t\t\t\t\t\t\t<\/div>\n\t\t\t\t<\/div>\n\t\t\t\t\t<\/div>\n\t\t<\/div>\n\t\t\t\t\t<\/div>\n\t\t<\/section>\n\t\t\t\t<section class=\"elementor-section elementor-top-section elementor-element elementor-element-d1d527c elementor-section-boxed elementor-section-height-default elementor-section-height-default\" data-id=\"d1d527c\" data-element_type=\"section\" data-e-type=\"section\">\n\t\t\t\t\t\t<div class=\"elementor-container elementor-column-gap-default\">\n\t\t\t\t\t<div class=\"elementor-column elementor-col-100 elementor-top-column elementor-element elementor-element-62172f2\" data-id=\"62172f2\" data-element_type=\"column\" data-e-type=\"column\">\n\t\t\t<div class=\"elementor-widget-wrap elementor-element-populated\">\n\t\t\t\t\t\t<div class=\"elementor-element elementor-element-b9e4566 elementor-widget elementor-widget-heading\" data-id=\"b9e4566\" data-element_type=\"widget\" data-e-type=\"widget\" data-widget_type=\"heading.default\">\n\t\t\t\t<div class=\"elementor-widget-container\">\n\t\t\t\t\t<h2 class=\"elementor-heading-title elementor-size-default\">Mehr Sorbisch an der Schule? Bitte sehr!<br><\/h2>\t\t\t\t<\/div>\n\t\t\t\t<\/div>\n\t\t\t\t<div class=\"elementor-element elementor-element-86a2f4d elementor-widget elementor-widget-button\" data-id=\"86a2f4d\" data-element_type=\"widget\" data-e-type=\"widget\" data-widget_type=\"button.default\">\n\t\t\t\t<div class=\"elementor-widget-container\">\n\t\t\t\t\t\t\t\t\t<div class=\"elementor-button-wrapper\">\n\t\t\t\t\t<a class=\"elementor-button elementor-button-link elementor-size-sm\" href=\"https:\/\/lehrer-werden-in-sachsen.de\/stage\/\/junge-menschen-bewegen-schulleiter-an-der-oberschule\/\" title=\"Schulleiter Jan Rehor\">\n\t\t\t\t\t\t<span class=\"elementor-button-content-wrapper\">\n\t\t\t\t\t\t\t\t\t<span class=\"elementor-button-text\">Schulleiter Jan Rehor<\/span>\n\t\t\t\t\t<\/span>\n\t\t\t\t\t<\/a>\n\t\t\t\t<\/div>\n\t\t\t\t\t\t\t\t<\/div>\n\t\t\t\t<\/div>\n\t\t\t\t\t<\/div>\n\t\t<\/div>\n\t\t\t\t\t<\/div>\n\t\t<\/section>\n\t\t\t\t<section class=\"elementor-section elementor-top-section elementor-element elementor-element-c5ad6b5 elementor-section-boxed elementor-section-height-default elementor-section-height-default\" data-id=\"c5ad6b5\" data-element_type=\"section\" data-e-type=\"section\">\n\t\t\t\t\t\t<div class=\"elementor-container elementor-column-gap-default\">\n\t\t\t\t\t<div class=\"elementor-column elementor-col-100 elementor-top-column elementor-element elementor-element-d967c55\" data-id=\"d967c55\" data-element_type=\"column\" data-e-type=\"column\">\n\t\t\t<div class=\"elementor-widget-wrap elementor-element-populated\">\n\t\t\t\t\t\t<div class=\"elementor-element elementor-element-e58c688 elementor-widget elementor-widget-button\" data-id=\"e58c688\" data-element_type=\"widget\" data-e-type=\"widget\" data-widget_type=\"button.default\">\n\t\t\t\t<div class=\"elementor-widget-container\">\n\t\t\t\t\t\t\t\t\t<div class=\"elementor-button-wrapper\">\n\t\t\t\t\t<a class=\"elementor-button elementor-button-link elementor-size-sm\" href=\"https:\/\/lehrer-werden-in-sachsen.de\/stage\/\/lehramt-an-oberschulen-sorbisch-geschichte\/\" title=\"Lehramtsstudentin Lydia Mattick\">\n\t\t\t\t\t\t<span class=\"elementor-button-content-wrapper\">\n\t\t\t\t\t\t\t\t\t<span class=\"elementor-button-text\">Lehramtsstudentin Lydia Mattick<\/span>\n\t\t\t\t\t<\/span>\n\t\t\t\t\t<\/a>\n\t\t\t\t<\/div>\n\t\t\t\t\t\t\t\t<\/div>\n\t\t\t\t<\/div>\n\t\t\t\t\t<\/div>\n\t\t<\/div>\n\t\t\t\t\t<\/div>\n\t\t<\/section>\n\t\t\t\t<section class=\"elementor-section elementor-top-section elementor-element elementor-element-28eb977 elementor-section-boxed elementor-section-height-default elementor-section-height-default\" data-id=\"28eb977\" data-element_type=\"section\" data-e-type=\"section\">\n\t\t\t\t\t\t<div class=\"elementor-container elementor-column-gap-default\">\n\t\t\t\t\t<div class=\"elementor-column elementor-col-100 elementor-top-column elementor-element elementor-element-b79156d\" data-id=\"b79156d\" data-element_type=\"column\" data-e-type=\"column\">\n\t\t\t<div class=\"elementor-widget-wrap elementor-element-populated\">\n\t\t\t\t\t\t<div class=\"elementor-element elementor-element-cf007ae elementor-widget elementor-widget-heading\" data-id=\"cf007ae\" data-element_type=\"widget\" data-e-type=\"widget\" data-widget_type=\"heading.default\">\n\t\t\t\t<div class=\"elementor-widget-container\">\n\t\t\t\t\t<h2 class=\"elementor-heading-title elementor-size-default\">Noch mehr Sorbisch in Sachsen:<br><\/h2>\t\t\t\t<\/div>\n\t\t\t\t<\/div>\n\t\t\t\t\t<\/div>\n\t\t<\/div>\n\t\t\t\t\t<\/div>\n\t\t<\/section>\n\t\t\t\t<section class=\"elementor-section elementor-top-section elementor-element elementor-element-faf701e elementor-section-boxed elementor-section-height-default elementor-section-height-default\" data-id=\"faf701e\" data-element_type=\"section\" data-e-type=\"section\">\n\t\t\t\t\t\t<div class=\"elementor-container elementor-column-gap-default\">\n\t\t\t\t\t<div class=\"elementor-column elementor-col-100 elementor-top-column elementor-element elementor-element-51c97cb\" data-id=\"51c97cb\" data-element_type=\"column\" data-e-type=\"column\">\n\t\t\t<div class=\"elementor-widget-wrap elementor-element-populated\">\n\t\t\t\t\t\t<div class=\"elementor-element elementor-element-26c4c29 elementor-widget elementor-widget-button\" data-id=\"26c4c29\" data-element_type=\"widget\" data-e-type=\"widget\" data-widget_type=\"button.default\">\n\t\t\t\t<div class=\"elementor-widget-container\">\n\t\t\t\t\t\t\t\t\t<div class=\"elementor-button-wrapper\">\n\t\t\t\t\t<a class=\"elementor-button elementor-button-link elementor-size-sm\" href=\"https:\/\/www.philol.uni-leipzig.de\/sorabistik\/studium\/studienangebot\" target=\"_blank\" title=\"Studienangebot der Universit\u00e4t Leipzig\">\n\t\t\t\t\t\t<span class=\"elementor-button-content-wrapper\">\n\t\t\t\t\t\t\t\t\t<span class=\"elementor-button-text\">Studienangebot der Universit\u00e4t Leipzig<\/span>\n\t\t\t\t\t<\/span>\n\t\t\t\t\t<\/a>\n\t\t\t\t<\/div>\n\t\t\t\t\t\t\t\t<\/div>\n\t\t\t\t<\/div>\n\t\t\t\t\t<\/div>\n\t\t<\/div>\n\t\t\t\t\t<\/div>\n\t\t<\/section>\n\t\t\t\t<section class=\"elementor-section elementor-top-section elementor-element elementor-element-2f627ee elementor-section-boxed elementor-section-height-default elementor-section-height-default\" data-id=\"2f627ee\" data-element_type=\"section\" data-e-type=\"section\">\n\t\t\t\t\t\t<div class=\"elementor-container elementor-column-gap-default\">\n\t\t\t\t\t<div class=\"elementor-column elementor-col-100 elementor-top-column elementor-element elementor-element-f98fbf7\" data-id=\"f98fbf7\" data-element_type=\"column\" data-e-type=\"column\">\n\t\t\t<div class=\"elementor-widget-wrap elementor-element-populated\">\n\t\t\t\t\t\t<div class=\"elementor-element elementor-element-8a3614f elementor-widget elementor-widget-button\" data-id=\"8a3614f\" data-element_type=\"widget\" data-e-type=\"widget\" data-widget_type=\"button.default\">\n\t\t\t\t<div class=\"elementor-widget-container\">\n\t\t\t\t\t\t\t\t\t<div class=\"elementor-button-wrapper\">\n\t\t\t\t\t<a class=\"elementor-button elementor-button-link elementor-size-sm\" href=\"https:\/\/www.sorbisch-na-klar.de\/\" target=\"_blank\" title=\"Sorbisch? Na klar.\">\n\t\t\t\t\t\t<span class=\"elementor-button-content-wrapper\">\n\t\t\t\t\t\t\t\t\t<span class=\"elementor-button-text\">Sorbisch? Na kar.<\/span>\n\t\t\t\t\t<\/span>\n\t\t\t\t\t<\/a>\n\t\t\t\t<\/div>\n\t\t\t\t\t\t\t\t<\/div>\n\t\t\t\t<\/div>\n\t\t\t\t\t<\/div>\n\t\t<\/div>\n\t\t\t\t\t<\/div>\n\t\t<\/section>\n\t\t\t\t<section class=\"elementor-section elementor-top-section elementor-element elementor-element-90e3fe9 elementor-section-boxed elementor-section-height-default elementor-section-height-default\" data-id=\"90e3fe9\" data-element_type=\"section\" data-e-type=\"section\">\n\t\t\t\t\t\t<div class=\"elementor-container elementor-column-gap-default\">\n\t\t\t\t\t<div class=\"elementor-column elementor-col-100 elementor-top-column elementor-element elementor-element-b3dbc7e\" data-id=\"b3dbc7e\" data-element_type=\"column\" data-e-type=\"column\">\n\t\t\t<div class=\"elementor-widget-wrap elementor-element-populated\">\n\t\t\t\t\t\t<div class=\"elementor-element elementor-element-a8a0323 elementor-widget elementor-widget-button\" data-id=\"a8a0323\" data-element_type=\"widget\" data-e-type=\"widget\" data-widget_type=\"button.default\">\n\t\t\t\t<div class=\"elementor-widget-container\">\n\t\t\t\t\t\t\t\t\t<div class=\"elementor-button-wrapper\">\n\t\t\t\t\t<a class=\"elementor-button elementor-button-link elementor-size-sm\" href=\"https:\/\/www.witaj-sprachzentrum.de\/obersorbisch\/\" target=\"_blank\" title=\"Witaj-Sprachzentrum Bautzen\">\n\t\t\t\t\t\t<span class=\"elementor-button-content-wrapper\">\n\t\t\t\t\t\t\t\t\t<span class=\"elementor-button-text\">Witaj-Sprachzentrum Bautzen<\/span>\n\t\t\t\t\t<\/span>\n\t\t\t\t\t<\/a>\n\t\t\t\t<\/div>\n\t\t\t\t\t\t\t\t<\/div>\n\t\t\t\t<\/div>\n\t\t\t\t\t<\/div>\n\t\t<\/div>\n\t\t\t\t\t<\/div>\n\t\t<\/section>\n\t\t\t\t<\/div>\n\t\t","protected":false},"excerpt":{"rendered":"<p>Als Lehrkraft f\u00fcr Sorbisch und an einer der 16 sorbischen Schulen in Sachsen tr\u00e4gst du dazu bei, kulturelles Erbe lebendig zu erhalten &#8211; in allen Schularten.<br \/>\nDu kannst kein Sorbisch? Kein Problem. Du kannst es auch als &#8222;Nullsprachler&#8220; vor und w\u00e4hrend deines Studiums von Grund auf erlernen.<\/p>\n","protected":false},"author":28,"featured_media":23338,"comment_status":"closed","ping_status":"closed","sticky":false,"template":"","format":"standard","meta":{"footnotes":""},"categories":[46],"tags":[210,199],"class_list":["post-23335","post","type-post","status-publish","format-standard","has-post-thumbnail","hentry","category-blog","tag-saechsische-regionen","tag-schulfach"],"yoast_head":"<!-- This site is optimized with the Yoast SEO plugin v27.3 - https:\/\/yoast.com\/product\/yoast-seo-wordpress\/ -->\n<title>LEHRERIN SACHSEN | Sorbische Schulen in Sachsen<\/title>\n<meta name=\"description\" content=\"Werde Lehrkraft an einer sorbischen Schule in Sachsen: Bewahre Sprache, begleite Kinder in ihre Zweisprachigkeit und pr\u00e4ge Zukunft.\" \/>\n<meta name=\"robots\" content=\"index, follow, max-snippet:-1, max-image-preview:large, max-video-preview:-1\" \/>\n<link rel=\"canonical\" href=\"https:\/\/lehrer-werden-in-sachsen.de\/sorbische-schulen-in-sachsen\/\" \/>\n<meta property=\"og:locale\" content=\"de_DE\" \/>\n<meta property=\"og:type\" content=\"article\" \/>\n<meta property=\"og:title\" content=\"LEHRERIN SACHSEN | Sorbische Schulen in Sachsen\" \/>\n<meta property=\"og:description\" content=\"Werde Lehrkraft an einer sorbischen Schule in Sachsen: Bewahre Sprache, begleite Kinder in ihre Zweisprachigkeit und pr\u00e4ge Zukunft.\" \/>\n<meta property=\"og:url\" content=\"https:\/\/lehrer-werden-in-sachsen.de\/sorbische-schulen-in-sachsen\/\" \/>\n<meta property=\"og:site_name\" content=\"LEHRERIN SACHSEN\" \/>\n<meta property=\"article:published_time\" content=\"2025-09-05T09:42:47+00:00\" \/>\n<meta property=\"article:modified_time\" content=\"2025-10-10T10:37:33+00:00\" \/>\n<meta property=\"og:image\" content=\"https:\/\/lehrer-werden-in-sachsen.de\/wp-content\/uploads\/2025\/09\/SMK-Blog-Header-Sorbische-Schulen_1920x970px.jpg\" \/>\n\t<meta property=\"og:image:width\" content=\"1920\" \/>\n\t<meta property=\"og:image:height\" content=\"970\" \/>\n\t<meta property=\"og:image:type\" content=\"image\/jpeg\" \/>\n<meta name=\"author\" content=\"Ute Schirmack\" \/>\n<meta name=\"twitter:card\" content=\"summary_large_image\" \/>\n<meta name=\"twitter:label1\" content=\"Verfasst von\" \/>\n\t<meta name=\"twitter:data1\" content=\"Ute Schirmack\" \/>\n\t<meta name=\"twitter:label2\" content=\"Gesch\u00e4tzte Lesezeit\" \/>\n\t<meta name=\"twitter:data2\" content=\"5\u00a0Minuten\" \/>\n<script type=\"application\/ld+json\" class=\"yoast-schema-graph\">{\"@context\":\"https:\\\/\\\/schema.org\",\"@graph\":[{\"@type\":\"Article\",\"@id\":\"https:\\\/\\\/lehrer-werden-in-sachsen.de\\\/sorbische-schulen-in-sachsen\\\/#article\",\"isPartOf\":{\"@id\":\"https:\\\/\\\/lehrer-werden-in-sachsen.de\\\/sorbische-schulen-in-sachsen\\\/\"},\"author\":{\"name\":\"Ute Schirmack\",\"@id\":\"https:\\\/\\\/lehrer-werden-in-sachsen.de\\\/#\\\/schema\\\/person\\\/5e4731c44f29a205208182ecfa64393f\"},\"headline\":\"Sorbische Schulen in Sachsen: Zweisprachigkeit leben und lehren\",\"datePublished\":\"2025-09-05T09:42:47+00:00\",\"dateModified\":\"2025-10-10T10:37:33+00:00\",\"mainEntityOfPage\":{\"@id\":\"https:\\\/\\\/lehrer-werden-in-sachsen.de\\\/sorbische-schulen-in-sachsen\\\/\"},\"wordCount\":737,\"publisher\":{\"@id\":\"https:\\\/\\\/lehrer-werden-in-sachsen.de\\\/#organization\"},\"image\":{\"@id\":\"https:\\\/\\\/lehrer-werden-in-sachsen.de\\\/sorbische-schulen-in-sachsen\\\/#primaryimage\"},\"thumbnailUrl\":\"https:\\\/\\\/lehrer-werden-in-sachsen.de\\\/stage\\\/wp-content\\\/uploads\\\/2025\\\/09\\\/SMK-Blog-Header-Sorbische-Schulen_1920x970px.jpg\",\"keywords\":[\"S\u00e4chsische Regionen\",\"Schulfach\"],\"articleSection\":[\"Blog\"],\"inLanguage\":\"de\"},{\"@type\":\"WebPage\",\"@id\":\"https:\\\/\\\/lehrer-werden-in-sachsen.de\\\/sorbische-schulen-in-sachsen\\\/\",\"url\":\"https:\\\/\\\/lehrer-werden-in-sachsen.de\\\/sorbische-schulen-in-sachsen\\\/\",\"name\":\"LEHRERIN SACHSEN | Sorbische Schulen in Sachsen\",\"isPartOf\":{\"@id\":\"https:\\\/\\\/lehrer-werden-in-sachsen.de\\\/#website\"},\"primaryImageOfPage\":{\"@id\":\"https:\\\/\\\/lehrer-werden-in-sachsen.de\\\/sorbische-schulen-in-sachsen\\\/#primaryimage\"},\"image\":{\"@id\":\"https:\\\/\\\/lehrer-werden-in-sachsen.de\\\/sorbische-schulen-in-sachsen\\\/#primaryimage\"},\"thumbnailUrl\":\"https:\\\/\\\/lehrer-werden-in-sachsen.de\\\/stage\\\/wp-content\\\/uploads\\\/2025\\\/09\\\/SMK-Blog-Header-Sorbische-Schulen_1920x970px.jpg\",\"datePublished\":\"2025-09-05T09:42:47+00:00\",\"dateModified\":\"2025-10-10T10:37:33+00:00\",\"description\":\"Werde Lehrkraft an einer sorbischen Schule in Sachsen: Bewahre Sprache, begleite Kinder in ihre Zweisprachigkeit und pr\u00e4ge Zukunft.\",\"breadcrumb\":{\"@id\":\"https:\\\/\\\/lehrer-werden-in-sachsen.de\\\/sorbische-schulen-in-sachsen\\\/#breadcrumb\"},\"inLanguage\":\"de\",\"potentialAction\":[{\"@type\":\"ReadAction\",\"target\":[\"https:\\\/\\\/lehrer-werden-in-sachsen.de\\\/sorbische-schulen-in-sachsen\\\/\"]}]},{\"@type\":\"ImageObject\",\"inLanguage\":\"de\",\"@id\":\"https:\\\/\\\/lehrer-werden-in-sachsen.de\\\/sorbische-schulen-in-sachsen\\\/#primaryimage\",\"url\":\"https:\\\/\\\/lehrer-werden-in-sachsen.de\\\/stage\\\/wp-content\\\/uploads\\\/2025\\\/09\\\/SMK-Blog-Header-Sorbische-Schulen_1920x970px.jpg\",\"contentUrl\":\"https:\\\/\\\/lehrer-werden-in-sachsen.de\\\/stage\\\/wp-content\\\/uploads\\\/2025\\\/09\\\/SMK-Blog-Header-Sorbische-Schulen_1920x970px.jpg\",\"width\":1920,\"height\":970,\"caption\":\"Es ist ein langgestrecktes wei\u00dfes, zweist\u00f6ckiges Geb\u00e4ude vor blauem Himmel zu sehen. \u00dcber dem rot abgesetzten Eingansbereich steht auf der Fassade Zakladna Sula Handrij Zejler Grundschule.\"},{\"@type\":\"BreadcrumbList\",\"@id\":\"https:\\\/\\\/lehrer-werden-in-sachsen.de\\\/sorbische-schulen-in-sachsen\\\/#breadcrumb\",\"itemListElement\":[{\"@type\":\"ListItem\",\"position\":1,\"name\":\"Startseite\",\"item\":\"https:\\\/\\\/lehrer-werden-in-sachsen.de\\\/\"},{\"@type\":\"ListItem\",\"position\":2,\"name\":\"Sorbische Schulen in Sachsen: Zweisprachigkeit leben und lehren\"}]},{\"@type\":\"WebSite\",\"@id\":\"https:\\\/\\\/lehrer-werden-in-sachsen.de\\\/#website\",\"url\":\"https:\\\/\\\/lehrer-werden-in-sachsen.de\\\/\",\"name\":\"LEHRERIN SACHSEN\",\"description\":\"Eine Klasse f\u00fcr sich.\",\"publisher\":{\"@id\":\"https:\\\/\\\/lehrer-werden-in-sachsen.de\\\/#organization\"},\"potentialAction\":[{\"@type\":\"SearchAction\",\"target\":{\"@type\":\"EntryPoint\",\"urlTemplate\":\"https:\\\/\\\/lehrer-werden-in-sachsen.de\\\/?s={search_term_string}\"},\"query-input\":{\"@type\":\"PropertyValueSpecification\",\"valueRequired\":true,\"valueName\":\"search_term_string\"}}],\"inLanguage\":\"de\"},{\"@type\":\"Organization\",\"@id\":\"https:\\\/\\\/lehrer-werden-in-sachsen.de\\\/#organization\",\"name\":\"LEHRERIN SACHSEN\",\"url\":\"https:\\\/\\\/lehrer-werden-in-sachsen.de\\\/\",\"logo\":{\"@type\":\"ImageObject\",\"inLanguage\":\"de\",\"@id\":\"https:\\\/\\\/lehrer-werden-in-sachsen.de\\\/#\\\/schema\\\/logo\\\/image\\\/\",\"url\":\"https:\\\/\\\/lehrer-werden-in-sachsen.de\\\/stage\\\/wp-content\\\/uploads\\\/2022\\\/02\\\/SMK_Leherin-Sachsen-Marke_RGB_Violett-Orange.svg\",\"contentUrl\":\"https:\\\/\\\/lehrer-werden-in-sachsen.de\\\/stage\\\/wp-content\\\/uploads\\\/2022\\\/02\\\/SMK_Leherin-Sachsen-Marke_RGB_Violett-Orange.svg\",\"caption\":\"LEHRERIN SACHSEN\"},\"image\":{\"@id\":\"https:\\\/\\\/lehrer-werden-in-sachsen.de\\\/#\\\/schema\\\/logo\\\/image\\\/\"}},{\"@type\":\"Person\",\"@id\":\"https:\\\/\\\/lehrer-werden-in-sachsen.de\\\/#\\\/schema\\\/person\\\/5e4731c44f29a205208182ecfa64393f\",\"name\":\"Ute Schirmack\",\"image\":{\"@type\":\"ImageObject\",\"inLanguage\":\"de\",\"@id\":\"https:\\\/\\\/secure.gravatar.com\\\/avatar\\\/598fa1aedac22eef3ac59a24de23cb10b697a462ec575f429d6e5c0dd1bd0d58?s=96&d=mm&r=g\",\"url\":\"https:\\\/\\\/secure.gravatar.com\\\/avatar\\\/598fa1aedac22eef3ac59a24de23cb10b697a462ec575f429d6e5c0dd1bd0d58?s=96&d=mm&r=g\",\"contentUrl\":\"https:\\\/\\\/secure.gravatar.com\\\/avatar\\\/598fa1aedac22eef3ac59a24de23cb10b697a462ec575f429d6e5c0dd1bd0d58?s=96&d=mm&r=g\",\"caption\":\"Ute Schirmack\"},\"url\":\"https:\\\/\\\/lehrer-werden-in-sachsen.de\\\/stage\\\/author\\\/ute-schirmack\\\/\"}]}<\/script>\n<!-- \/ Yoast SEO plugin. -->","yoast_head_json":{"title":"LEHRERIN SACHSEN | Sorbische Schulen in Sachsen","description":"Werde Lehrkraft an einer sorbischen Schule in Sachsen: Bewahre Sprache, begleite Kinder in ihre Zweisprachigkeit und pr\u00e4ge Zukunft.","robots":{"index":"index","follow":"follow","max-snippet":"max-snippet:-1","max-image-preview":"max-image-preview:large","max-video-preview":"max-video-preview:-1"},"canonical":"https:\/\/lehrer-werden-in-sachsen.de\/sorbische-schulen-in-sachsen\/","og_locale":"de_DE","og_type":"article","og_title":"LEHRERIN SACHSEN | Sorbische Schulen in Sachsen","og_description":"Werde Lehrkraft an einer sorbischen Schule in Sachsen: Bewahre Sprache, begleite Kinder in ihre Zweisprachigkeit und pr\u00e4ge Zukunft.","og_url":"https:\/\/lehrer-werden-in-sachsen.de\/sorbische-schulen-in-sachsen\/","og_site_name":"LEHRERIN SACHSEN","article_published_time":"2025-09-05T09:42:47+00:00","article_modified_time":"2025-10-10T10:37:33+00:00","og_image":[{"width":1920,"height":970,"url":"https:\/\/lehrer-werden-in-sachsen.de\/wp-content\/uploads\/2025\/09\/SMK-Blog-Header-Sorbische-Schulen_1920x970px.jpg","type":"image\/jpeg"}],"author":"Ute Schirmack","twitter_card":"summary_large_image","twitter_misc":{"Verfasst von":"Ute Schirmack","Gesch\u00e4tzte Lesezeit":"5\u00a0Minuten"},"schema":{"@context":"https:\/\/schema.org","@graph":[{"@type":"Article","@id":"https:\/\/lehrer-werden-in-sachsen.de\/sorbische-schulen-in-sachsen\/#article","isPartOf":{"@id":"https:\/\/lehrer-werden-in-sachsen.de\/sorbische-schulen-in-sachsen\/"},"author":{"name":"Ute Schirmack","@id":"https:\/\/lehrer-werden-in-sachsen.de\/#\/schema\/person\/5e4731c44f29a205208182ecfa64393f"},"headline":"Sorbische Schulen in Sachsen: Zweisprachigkeit leben und lehren","datePublished":"2025-09-05T09:42:47+00:00","dateModified":"2025-10-10T10:37:33+00:00","mainEntityOfPage":{"@id":"https:\/\/lehrer-werden-in-sachsen.de\/sorbische-schulen-in-sachsen\/"},"wordCount":737,"publisher":{"@id":"https:\/\/lehrer-werden-in-sachsen.de\/#organization"},"image":{"@id":"https:\/\/lehrer-werden-in-sachsen.de\/sorbische-schulen-in-sachsen\/#primaryimage"},"thumbnailUrl":"https:\/\/lehrer-werden-in-sachsen.de\/stage\/wp-content\/uploads\/2025\/09\/SMK-Blog-Header-Sorbische-Schulen_1920x970px.jpg","keywords":["S\u00e4chsische Regionen","Schulfach"],"articleSection":["Blog"],"inLanguage":"de"},{"@type":"WebPage","@id":"https:\/\/lehrer-werden-in-sachsen.de\/sorbische-schulen-in-sachsen\/","url":"https:\/\/lehrer-werden-in-sachsen.de\/sorbische-schulen-in-sachsen\/","name":"LEHRERIN SACHSEN | Sorbische Schulen in Sachsen","isPartOf":{"@id":"https:\/\/lehrer-werden-in-sachsen.de\/#website"},"primaryImageOfPage":{"@id":"https:\/\/lehrer-werden-in-sachsen.de\/sorbische-schulen-in-sachsen\/#primaryimage"},"image":{"@id":"https:\/\/lehrer-werden-in-sachsen.de\/sorbische-schulen-in-sachsen\/#primaryimage"},"thumbnailUrl":"https:\/\/lehrer-werden-in-sachsen.de\/stage\/wp-content\/uploads\/2025\/09\/SMK-Blog-Header-Sorbische-Schulen_1920x970px.jpg","datePublished":"2025-09-05T09:42:47+00:00","dateModified":"2025-10-10T10:37:33+00:00","description":"Werde Lehrkraft an einer sorbischen Schule in Sachsen: Bewahre Sprache, begleite Kinder in ihre Zweisprachigkeit und pr\u00e4ge Zukunft.","breadcrumb":{"@id":"https:\/\/lehrer-werden-in-sachsen.de\/sorbische-schulen-in-sachsen\/#breadcrumb"},"inLanguage":"de","potentialAction":[{"@type":"ReadAction","target":["https:\/\/lehrer-werden-in-sachsen.de\/sorbische-schulen-in-sachsen\/"]}]},{"@type":"ImageObject","inLanguage":"de","@id":"https:\/\/lehrer-werden-in-sachsen.de\/sorbische-schulen-in-sachsen\/#primaryimage","url":"https:\/\/lehrer-werden-in-sachsen.de\/stage\/wp-content\/uploads\/2025\/09\/SMK-Blog-Header-Sorbische-Schulen_1920x970px.jpg","contentUrl":"https:\/\/lehrer-werden-in-sachsen.de\/stage\/wp-content\/uploads\/2025\/09\/SMK-Blog-Header-Sorbische-Schulen_1920x970px.jpg","width":1920,"height":970,"caption":"Es ist ein langgestrecktes wei\u00dfes, zweist\u00f6ckiges Geb\u00e4ude vor blauem Himmel zu sehen. \u00dcber dem rot abgesetzten Eingansbereich steht auf der Fassade Zakladna Sula Handrij Zejler Grundschule."},{"@type":"BreadcrumbList","@id":"https:\/\/lehrer-werden-in-sachsen.de\/sorbische-schulen-in-sachsen\/#breadcrumb","itemListElement":[{"@type":"ListItem","position":1,"name":"Startseite","item":"https:\/\/lehrer-werden-in-sachsen.de\/"},{"@type":"ListItem","position":2,"name":"Sorbische Schulen in Sachsen: Zweisprachigkeit leben und lehren"}]},{"@type":"WebSite","@id":"https:\/\/lehrer-werden-in-sachsen.de\/#website","url":"https:\/\/lehrer-werden-in-sachsen.de\/","name":"LEHRERIN SACHSEN","description":"Eine Klasse f\u00fcr sich.","publisher":{"@id":"https:\/\/lehrer-werden-in-sachsen.de\/#organization"},"potentialAction":[{"@type":"SearchAction","target":{"@type":"EntryPoint","urlTemplate":"https:\/\/lehrer-werden-in-sachsen.de\/?s={search_term_string}"},"query-input":{"@type":"PropertyValueSpecification","valueRequired":true,"valueName":"search_term_string"}}],"inLanguage":"de"},{"@type":"Organization","@id":"https:\/\/lehrer-werden-in-sachsen.de\/#organization","name":"LEHRERIN SACHSEN","url":"https:\/\/lehrer-werden-in-sachsen.de\/","logo":{"@type":"ImageObject","inLanguage":"de","@id":"https:\/\/lehrer-werden-in-sachsen.de\/#\/schema\/logo\/image\/","url":"https:\/\/lehrer-werden-in-sachsen.de\/stage\/wp-content\/uploads\/2022\/02\/SMK_Leherin-Sachsen-Marke_RGB_Violett-Orange.svg","contentUrl":"https:\/\/lehrer-werden-in-sachsen.de\/stage\/wp-content\/uploads\/2022\/02\/SMK_Leherin-Sachsen-Marke_RGB_Violett-Orange.svg","caption":"LEHRERIN SACHSEN"},"image":{"@id":"https:\/\/lehrer-werden-in-sachsen.de\/#\/schema\/logo\/image\/"}},{"@type":"Person","@id":"https:\/\/lehrer-werden-in-sachsen.de\/#\/schema\/person\/5e4731c44f29a205208182ecfa64393f","name":"Ute Schirmack","image":{"@type":"ImageObject","inLanguage":"de","@id":"https:\/\/secure.gravatar.com\/avatar\/598fa1aedac22eef3ac59a24de23cb10b697a462ec575f429d6e5c0dd1bd0d58?s=96&d=mm&r=g","url":"https:\/\/secure.gravatar.com\/avatar\/598fa1aedac22eef3ac59a24de23cb10b697a462ec575f429d6e5c0dd1bd0d58?s=96&d=mm&r=g","contentUrl":"https:\/\/secure.gravatar.com\/avatar\/598fa1aedac22eef3ac59a24de23cb10b697a462ec575f429d6e5c0dd1bd0d58?s=96&d=mm&r=g","caption":"Ute Schirmack"},"url":"https:\/\/lehrer-werden-in-sachsen.de\/stage\/author\/ute-schirmack\/"}]}},"_links":{"self":[{"href":"https:\/\/lehrer-werden-in-sachsen.de\/stage\/wp-json\/wp\/v2\/posts\/23335","targetHints":{"allow":["GET"]}}],"collection":[{"href":"https:\/\/lehrer-werden-in-sachsen.de\/stage\/wp-json\/wp\/v2\/posts"}],"about":[{"href":"https:\/\/lehrer-werden-in-sachsen.de\/stage\/wp-json\/wp\/v2\/types\/post"}],"author":[{"embeddable":true,"href":"https:\/\/lehrer-werden-in-sachsen.de\/stage\/wp-json\/wp\/v2\/users\/28"}],"replies":[{"embeddable":true,"href":"https:\/\/lehrer-werden-in-sachsen.de\/stage\/wp-json\/wp\/v2\/comments?post=23335"}],"version-history":[{"count":257,"href":"https:\/\/lehrer-werden-in-sachsen.de\/stage\/wp-json\/wp\/v2\/posts\/23335\/revisions"}],"predecessor-version":[{"id":23876,"href":"https:\/\/lehrer-werden-in-sachsen.de\/stage\/wp-json\/wp\/v2\/posts\/23335\/revisions\/23876"}],"wp:featuredmedia":[{"embeddable":true,"href":"https:\/\/lehrer-werden-in-sachsen.de\/stage\/wp-json\/wp\/v2\/media\/23338"}],"wp:attachment":[{"href":"https:\/\/lehrer-werden-in-sachsen.de\/stage\/wp-json\/wp\/v2\/media?parent=23335"}],"wp:term":[{"taxonomy":"category","embeddable":true,"href":"https:\/\/lehrer-werden-in-sachsen.de\/stage\/wp-json\/wp\/v2\/categories?post=23335"},{"taxonomy":"post_tag","embeddable":true,"href":"https:\/\/lehrer-werden-in-sachsen.de\/stage\/wp-json\/wp\/v2\/tags?post=23335"}],"curies":[{"name":"wp","href":"https:\/\/api.w.org\/{rel}","templated":true}]}}