{"id":22773,"date":"2025-07-30T16:11:45","date_gmt":"2025-07-30T14:11:45","guid":{"rendered":"https:\/\/lehrer-werden-in-sachsen.de\/stage\/?p=22773"},"modified":"2025-10-10T10:40:41","modified_gmt":"2025-10-10T08:40:41","slug":"versicherungen-fuer-lehrkraefte-sorgenfrei-in-allen-lebenslagen","status":"publish","type":"post","link":"https:\/\/lehrer-werden-in-sachsen.de\/stage\/versicherungen-fuer-lehrkraefte-sorgenfrei-in-allen-lebenslagen\/","title":{"rendered":"Versicherungen f\u00fcr Lehrkr\u00e4fte: Sorgenfrei in allen Lebenslagen"},"content":{"rendered":"\t\t<div data-elementor-type=\"wp-post\" data-elementor-id=\"22773\" class=\"elementor elementor-22773\" data-elementor-post-type=\"post\">\n\t\t\t\t\t\t<section class=\"elementor-section elementor-top-section elementor-element elementor-element-f1f4e4e elementor-section-boxed elementor-section-height-default elementor-section-height-default\" data-id=\"f1f4e4e\" data-element_type=\"section\" data-e-type=\"section\">\n\t\t\t\t\t\t<div class=\"elementor-container elementor-column-gap-default\">\n\t\t\t\t\t<div class=\"elementor-column elementor-col-100 elementor-top-column elementor-element elementor-element-5c95c5b\" data-id=\"5c95c5b\" data-element_type=\"column\" data-e-type=\"column\">\n\t\t\t<div class=\"elementor-widget-wrap elementor-element-populated\">\n\t\t\t\t\t\t<div class=\"elementor-element elementor-element-b39099f elementor-widget elementor-widget-text-editor\" data-id=\"b39099f\" data-element_type=\"widget\" data-e-type=\"widget\" data-widget_type=\"text-editor.default\">\n\t\t\t\t<div class=\"elementor-widget-container\">\n\t\t\t\t\t\t\t\t\t<p><strong>Der Lehrberuf ist einer der erf\u00fcllendsten \u00fcberhaupt. Damit das auch in kritischen Situationen so bleibt, erkl\u00e4ren wir dir, welche Versicherungen f\u00fcr dich als Lehrerin oder Lehrer die richtigen sind.<\/strong><\/p>\t\t\t\t\t\t\t\t<\/div>\n\t\t\t\t<\/div>\n\t\t\t\t\t<\/div>\n\t\t<\/div>\n\t\t\t\t\t<\/div>\n\t\t<\/section>\n\t\t\t\t<section class=\"elementor-section elementor-top-section elementor-element elementor-element-b4dc337 elementor-section-boxed elementor-section-height-default elementor-section-height-default\" data-id=\"b4dc337\" data-element_type=\"section\" data-e-type=\"section\">\n\t\t\t\t\t\t<div class=\"elementor-container elementor-column-gap-default\">\n\t\t\t\t\t<div class=\"elementor-column elementor-col-100 elementor-top-column elementor-element elementor-element-e87a41d\" data-id=\"e87a41d\" data-element_type=\"column\" data-e-type=\"column\">\n\t\t\t<div class=\"elementor-widget-wrap elementor-element-populated\">\n\t\t\t\t\t\t<div class=\"elementor-element elementor-element-bb706d3 elementor-widget elementor-widget-text-editor\" data-id=\"bb706d3\" data-element_type=\"widget\" data-e-type=\"widget\" data-widget_type=\"text-editor.default\">\n\t\t\t\t<div class=\"elementor-widget-container\">\n\t\t\t\t\t\t\t\t\t<p>Der Lehrberuf ist erf\u00fcllend \u2013 <a href=\"https:\/\/lehrer-werden-in-sachsen.de\/stage\/\/inspirieren-lassen\/#gruende-fuer-den-lehrerberuf\" title=\"LEHRERIN Sachsen | Inspirieren lassen\" data-auto-event-observed=\"true\">inhaltlich<\/a> wie finanziell. Aber Hand aufs Herz: Wie alle Berufst\u00e4tigen sind auch Lehrkr\u00e4fte in ihrem Arbeitsalltag ein paar Risiken ausgesetzt. Das ist normal und sollte dich nicht abschrecken, dich f\u00fcr ein <a href=\"https:\/\/lehrer-werden-in-sachsen.de\/stage\/\/infos-zum-lehramtsstudium\/\" title=\"LEHRERIN Sachsen | Infos zum Lehramtsstudium\" data-auto-event-observed=\"true\">Lehramtsstudium<\/a> oder einen <a href=\"https:\/\/lehrer-werden-in-sachsen.de\/stage\/\/infos-zum-seiteneinstieg\/\" title=\"LEHRERIN Sachsen | Infos zum Seiteneinstieg\" data-auto-event-observed=\"true\">Seiteneinstieg<\/a> zu entscheiden. Sorgst du f\u00fcr den Ernstfall vor, zum\u00a0 Beispiel durch eine passende Versicherung, bist du immer auf der sicheren Seite.<\/p><p>In diesem Beitrag pr\u00e4sentieren wir dir deshalb die drei wichtigsten Versicherungen, die du als Lehrkraft abschlie\u00dfen kannst, n\u00e4mlich:<\/p><ul><li>Die Berufs- und Dienstunf\u00e4higkeitsversicherung<\/li><li>Die Krankenversicherung<\/li><li>Die Diensthaftpflichtversicherung<\/li><\/ul>\t\t\t\t\t\t\t\t<\/div>\n\t\t\t\t<\/div>\n\t\t\t\t\t<\/div>\n\t\t<\/div>\n\t\t\t\t\t<\/div>\n\t\t<\/section>\n\t\t\t\t<section class=\"elementor-section elementor-top-section elementor-element elementor-element-0dc0501 elementor-section-boxed elementor-section-height-default elementor-section-height-default\" data-id=\"0dc0501\" data-element_type=\"section\" data-e-type=\"section\">\n\t\t\t\t\t\t<div class=\"elementor-container elementor-column-gap-default\">\n\t\t\t\t\t<div class=\"elementor-column elementor-col-100 elementor-top-column elementor-element elementor-element-8bd061f\" data-id=\"8bd061f\" data-element_type=\"column\" data-e-type=\"column\">\n\t\t\t<div class=\"elementor-widget-wrap elementor-element-populated\">\n\t\t\t\t\t\t<div class=\"elementor-element elementor-element-6653a62 elementor-widget elementor-widget-heading\" data-id=\"6653a62\" data-element_type=\"widget\" data-e-type=\"widget\" data-widget_type=\"heading.default\">\n\t\t\t\t<div class=\"elementor-widget-container\">\n\t\t\t\t\t<h2 class=\"elementor-heading-title elementor-size-default\">Die Berufs- und Dienstunf\u00e4higkeitsversicherung<\/h2>\t\t\t\t<\/div>\n\t\t\t\t<\/div>\n\t\t\t\t\t<\/div>\n\t\t<\/div>\n\t\t\t\t\t<\/div>\n\t\t<\/section>\n\t\t\t\t<section class=\"elementor-section elementor-top-section elementor-element elementor-element-6bb07ba elementor-section-boxed elementor-section-height-default elementor-section-height-default\" data-id=\"6bb07ba\" data-element_type=\"section\" data-e-type=\"section\">\n\t\t\t\t\t\t<div class=\"elementor-container elementor-column-gap-default\">\n\t\t\t\t\t<div class=\"elementor-column elementor-col-100 elementor-top-column elementor-element elementor-element-04ac981\" data-id=\"04ac981\" data-element_type=\"column\" data-e-type=\"column\">\n\t\t\t<div class=\"elementor-widget-wrap elementor-element-populated\">\n\t\t\t\t\t\t<div class=\"elementor-element elementor-element-816a933 elementor-widget elementor-widget-text-editor\" data-id=\"816a933\" data-element_type=\"widget\" data-e-type=\"widget\" data-widget_type=\"text-editor.default\">\n\t\t\t\t<div class=\"elementor-widget-container\">\n\t\t\t\t\t\t\t\t\t<p>Jeder Job bringt seine Belastungen mit sich. In der Regel bleiben sie verkraftbar und geh\u00f6ren einfach zum Berufsleben mit seinen H\u00f6hen und Tiefen dazu. Nehmen sie \u00fcberhand, kann es aber sein, das sie Menschen krank machen \u2013 im schlimmsten Fall so sehr, dass sie nicht mehr arbeiten k\u00f6nnen. Damit dir das nicht passiert, solltest du auf dich aufpassen und eine gesunde Work-Life-Balance anstreben. Zus\u00e4tzlich sch\u00fctzt dich eine Berufs- oder Dienstunf\u00e4higkeitsversicherung.<\/p>\t\t\t\t\t\t\t\t<\/div>\n\t\t\t\t<\/div>\n\t\t\t\t\t<\/div>\n\t\t<\/div>\n\t\t\t\t\t<\/div>\n\t\t<\/section>\n\t\t\t\t<section class=\"elementor-section elementor-top-section elementor-element elementor-element-15ccec7 elementor-section-boxed elementor-section-height-default elementor-section-height-default\" data-id=\"15ccec7\" data-element_type=\"section\" data-e-type=\"section\">\n\t\t\t\t\t\t<div class=\"elementor-container elementor-column-gap-default\">\n\t\t\t\t\t<div class=\"elementor-column elementor-col-100 elementor-top-column elementor-element elementor-element-6820bdf\" data-id=\"6820bdf\" data-element_type=\"column\" data-e-type=\"column\">\n\t\t\t<div class=\"elementor-widget-wrap elementor-element-populated\">\n\t\t\t\t\t\t<div class=\"elementor-element elementor-element-90edd57 elementor-widget elementor-widget-heading\" data-id=\"90edd57\" data-element_type=\"widget\" data-e-type=\"widget\" data-widget_type=\"heading.default\">\n\t\t\t\t<div class=\"elementor-widget-container\">\n\t\t\t\t\t<h3 class=\"elementor-heading-title elementor-size-default\">Gr\u00fcnde f\u00fcr Berufsunf\u00e4higkeit:<\/h3>\t\t\t\t<\/div>\n\t\t\t\t<\/div>\n\t\t\t\t\t<\/div>\n\t\t<\/div>\n\t\t\t\t\t<\/div>\n\t\t<\/section>\n\t\t\t\t<section class=\"elementor-section elementor-top-section elementor-element elementor-element-a60970e elementor-section-boxed elementor-section-height-default elementor-section-height-default\" data-id=\"a60970e\" data-element_type=\"section\" data-e-type=\"section\">\n\t\t\t\t\t\t<div class=\"elementor-container elementor-column-gap-default\">\n\t\t\t\t\t<div class=\"elementor-column elementor-col-100 elementor-top-column elementor-element elementor-element-338be60\" data-id=\"338be60\" data-element_type=\"column\" data-e-type=\"column\">\n\t\t\t<div class=\"elementor-widget-wrap elementor-element-populated\">\n\t\t\t\t\t\t<div class=\"elementor-element elementor-element-832035b elementor-widget elementor-widget-text-editor\" data-id=\"832035b\" data-element_type=\"widget\" data-e-type=\"widget\" data-widget_type=\"text-editor.default\">\n\t\t\t\t<div class=\"elementor-widget-container\">\n\t\t\t\t\t\t\t\t\t<p>Um erst gar nicht berufsunf\u00e4hig zu werden, hilft es, wenn du die h\u00e4ufigsten Gr\u00fcnde kennst, wegen derer Lehrkr\u00e4fte ihre Arbeit niederlegen m\u00fcssen. So kannst du aktiv etwas daf\u00fcr tun, gesund und arbeitsf\u00e4hig zu bleiben. Die g\u00e4ngigen Ursachen von Berufsunf\u00e4higkeit bei Lehrkr\u00e4ften sind:<\/p><ul><li>Psychische Erkrankungen<\/li><li>Beeintr\u00e4chtigungen des St\u00fctz- und Bewegungsapparates<\/li><li>Erkrankungen des Nervensystems<\/li><li>Erkrankungen der Augen und Ohren<\/li><li>Herzerkrankungen<\/li><li>Krebserkrankungen<\/li><\/ul>\t\t\t\t\t\t\t\t<\/div>\n\t\t\t\t<\/div>\n\t\t\t\t\t<\/div>\n\t\t<\/div>\n\t\t\t\t\t<\/div>\n\t\t<\/section>\n\t\t\t\t<section class=\"elementor-section elementor-top-section elementor-element elementor-element-bb31851 elementor-section-boxed elementor-section-height-default elementor-section-height-default\" data-id=\"bb31851\" data-element_type=\"section\" data-e-type=\"section\">\n\t\t\t\t\t\t<div class=\"elementor-container elementor-column-gap-default\">\n\t\t\t\t\t<div class=\"elementor-column elementor-col-100 elementor-top-column elementor-element elementor-element-bd966b0\" data-id=\"bd966b0\" data-element_type=\"column\" data-e-type=\"column\">\n\t\t\t<div class=\"elementor-widget-wrap elementor-element-populated\">\n\t\t\t\t\t\t<div class=\"elementor-element elementor-element-82ca80c elementor-widget elementor-widget-heading\" data-id=\"82ca80c\" data-element_type=\"widget\" data-e-type=\"widget\" data-widget_type=\"heading.default\">\n\t\t\t\t<div class=\"elementor-widget-container\">\n\t\t\t\t\t<h3 class=\"elementor-heading-title elementor-size-default\">Wie bei Lehrkr\u00e4ften die Berufsunf\u00e4higkeit festgestellt wird<\/h3>\t\t\t\t<\/div>\n\t\t\t\t<\/div>\n\t\t\t\t\t<\/div>\n\t\t<\/div>\n\t\t\t\t\t<\/div>\n\t\t<\/section>\n\t\t\t\t<section class=\"elementor-section elementor-top-section elementor-element elementor-element-5a63962 elementor-section-boxed elementor-section-height-default elementor-section-height-default\" data-id=\"5a63962\" data-element_type=\"section\" data-e-type=\"section\">\n\t\t\t\t\t\t<div class=\"elementor-container elementor-column-gap-default\">\n\t\t\t\t\t<div class=\"elementor-column elementor-col-100 elementor-top-column elementor-element elementor-element-05d753b\" data-id=\"05d753b\" data-element_type=\"column\" data-e-type=\"column\">\n\t\t\t<div class=\"elementor-widget-wrap elementor-element-populated\">\n\t\t\t\t\t\t<div class=\"elementor-element elementor-element-e535838 elementor-widget elementor-widget-text-editor\" data-id=\"e535838\" data-element_type=\"widget\" data-e-type=\"widget\" data-widget_type=\"text-editor.default\">\n\t\t\t\t<div class=\"elementor-widget-container\">\n\t\t\t\t\t\t\t\t\t<p>Als Lehrkraft bist du in aller Regel verbeamtet. Das bedeutet, du arbeitest f\u00fcr den Staat. Er ist dein sogenannter \u201aDienstherr\u2018. Deshalb spricht man bei Beamtinnen und Beamten formell von einer Dienst-, nicht von einer Berufsunf\u00e4higkeit. Kannst du als Beamtin oder Beamter deinen Dienst aufgrund k\u00f6rperlicher oder gesundheitlicher Probleme dauerhaft nicht mehr aus\u00fcben, kann er dich vorzeitig in den Ruhestand versetzen.<\/p><p>\u00a0<\/p>\t\t\t\t\t\t\t\t<\/div>\n\t\t\t\t<\/div>\n\t\t\t\t\t<\/div>\n\t\t<\/div>\n\t\t\t\t\t<\/div>\n\t\t<\/section>\n\t\t\t\t<section class=\"elementor-section elementor-top-section elementor-element elementor-element-a6eceac elementor-section-boxed elementor-section-height-default elementor-section-height-default\" data-id=\"a6eceac\" data-element_type=\"section\" data-e-type=\"section\">\n\t\t\t\t\t\t<div class=\"elementor-container elementor-column-gap-default\">\n\t\t\t\t\t<div class=\"elementor-column elementor-col-100 elementor-top-column elementor-element elementor-element-9a936fb\" data-id=\"9a936fb\" data-element_type=\"column\" data-e-type=\"column\">\n\t\t\t<div class=\"elementor-widget-wrap elementor-element-populated\">\n\t\t\t\t\t\t<div class=\"elementor-element elementor-element-70e5a00 elementor-widget elementor-widget-heading\" data-id=\"70e5a00\" data-element_type=\"widget\" data-e-type=\"widget\" data-widget_type=\"heading.default\">\n\t\t\t\t<div class=\"elementor-widget-container\">\n\t\t\t\t\t<h3 class=\"elementor-heading-title elementor-size-default\">Darum lohnt sich f\u00fcr dich als Lehrkraft eine Berufsunf\u00e4higkeitsversicherung<\/h3>\t\t\t\t<\/div>\n\t\t\t\t<\/div>\n\t\t\t\t\t<\/div>\n\t\t<\/div>\n\t\t\t\t\t<\/div>\n\t\t<\/section>\n\t\t\t\t<section class=\"elementor-section elementor-top-section elementor-element elementor-element-d1ca73e elementor-section-boxed elementor-section-height-default elementor-section-height-default\" data-id=\"d1ca73e\" data-element_type=\"section\" data-e-type=\"section\">\n\t\t\t\t\t\t<div class=\"elementor-container elementor-column-gap-default\">\n\t\t\t\t\t<div class=\"elementor-column elementor-col-100 elementor-top-column elementor-element elementor-element-2738ef0\" data-id=\"2738ef0\" data-element_type=\"column\" data-e-type=\"column\">\n\t\t\t<div class=\"elementor-widget-wrap elementor-element-populated\">\n\t\t\t\t\t\t<div class=\"elementor-element elementor-element-fc2ac10 elementor-widget elementor-widget-text-editor\" data-id=\"fc2ac10\" data-element_type=\"widget\" data-e-type=\"widget\" data-widget_type=\"text-editor.default\">\n\t\t\t\t<div class=\"elementor-widget-container\">\n\t\t\t\t\t\t\t\t\t<p>Als Beamtin oder Beamter im Ruhestand hast du Anspruch auf ein Ruhegehalt \u2013 allerdings erst nach einer Wartezeit von f\u00fcnf Jahren ab deiner Berufung in das Beamtenverh\u00e4ltnis.<\/p><p>Die H\u00f6he deines Ruhegehalts steigt mit der Anzahl deiner Dienstjahre und orientiert sich an deinem Gehalt in deinem letzten geleisteten Jahr. Au\u00dferdem ist es begrenzt. Um die maximale H\u00f6he von 71,75 Prozent deines letzten Gehalts zu erhalten, musst du 40 Dienstjahre t\u00e4tig gewesen sein.<\/p><p>\u00a0<\/p><p>Eine Dienstunf\u00e4higkeitsversicherung hilft dir, dich f\u00fcr diesen Fall finanziell abzusichern. Wirst du als Beamtin oder Beamter dienstunf\u00e4hig, zahlt dein Versicherer dir eine Dienstunf\u00e4higkeitsrente. So kannst du die Zeit bis du dein Ruhegehalt erh\u00e4ltst \u00fcberbr\u00fccken oder es aufbessern. Deshalb empfiehlt der Staat selbst Beamtinnen und Beamten, eine solche Versicherung abzuschlie\u00dfen.<\/p><p>\u00a0<\/p>\t\t\t\t\t\t\t\t<\/div>\n\t\t\t\t<\/div>\n\t\t\t\t\t<\/div>\n\t\t<\/div>\n\t\t\t\t\t<\/div>\n\t\t<\/section>\n\t\t\t\t<section class=\"elementor-section elementor-top-section elementor-element elementor-element-2a6e8ec elementor-section-boxed elementor-section-height-default elementor-section-height-default\" data-id=\"2a6e8ec\" data-element_type=\"section\" data-e-type=\"section\">\n\t\t\t\t\t\t<div class=\"elementor-container elementor-column-gap-default\">\n\t\t\t\t\t<div class=\"elementor-column elementor-col-100 elementor-top-column elementor-element elementor-element-6383796\" data-id=\"6383796\" data-element_type=\"column\" data-e-type=\"column\">\n\t\t\t<div class=\"elementor-widget-wrap elementor-element-populated\">\n\t\t\t\t\t\t<div class=\"elementor-element elementor-element-41564d5 elementor-widget elementor-widget-heading\" data-id=\"41564d5\" data-element_type=\"widget\" data-e-type=\"widget\" data-widget_type=\"heading.default\">\n\t\t\t\t<div class=\"elementor-widget-container\">\n\t\t\t\t\t<h2 class=\"elementor-heading-title elementor-size-default\">Krankenversicherung<\/h2>\t\t\t\t<\/div>\n\t\t\t\t<\/div>\n\t\t\t\t\t<\/div>\n\t\t<\/div>\n\t\t\t\t\t<\/div>\n\t\t<\/section>\n\t\t\t\t<section class=\"elementor-section elementor-top-section elementor-element elementor-element-5b372e1 elementor-section-boxed elementor-section-height-default elementor-section-height-default\" data-id=\"5b372e1\" data-element_type=\"section\" data-e-type=\"section\">\n\t\t\t\t\t\t<div class=\"elementor-container elementor-column-gap-default\">\n\t\t\t\t\t<div class=\"elementor-column elementor-col-100 elementor-top-column elementor-element elementor-element-b4b3335\" data-id=\"b4b3335\" data-element_type=\"column\" data-e-type=\"column\">\n\t\t\t<div class=\"elementor-widget-wrap elementor-element-populated\">\n\t\t\t\t\t\t<div class=\"elementor-element elementor-element-50f1a9b elementor-widget elementor-widget-text-editor\" data-id=\"50f1a9b\" data-element_type=\"widget\" data-e-type=\"widget\" data-widget_type=\"text-editor.default\">\n\t\t\t\t<div class=\"elementor-widget-container\">\n\t\t\t\t\t\t\t\t\t<p>Auch Lehrerinnen und Lehrer werden krank. Dann greift eine Krankenversicherung. Als Beamtin oder Beamter hast du die Wahl, ob du dich privat oder gesetzlich versichern m\u00f6chtest. Die meisten Lehrkr\u00e4fte entscheiden sich allerdings f\u00fcr eine private Krankenversicherung, da die Bedingungen bei dieser meist deutlich attraktiver sind. Denn anders als bei anderen Besch\u00e4ftigten \u00fcbernimmt der Staat als dein Dienstherr bei einer gesetzlichen Krankenversicherung nicht den \u00fcblichen Arbeitgeberanteil.<\/p><p>\u00a0<\/p><p>Entscheidest du dich dagegen f\u00fcr eine private Krankenversicherung, leistet der Staat dir im Krankheitsfall eine Beihilfe. Das hei\u00dft: Wirst du krank, zahlt er einen Teil deiner Kosten.<\/p><p>\u00a0<\/p>\t\t\t\t\t\t\t\t<\/div>\n\t\t\t\t<\/div>\n\t\t\t\t\t<\/div>\n\t\t<\/div>\n\t\t\t\t\t<\/div>\n\t\t<\/section>\n\t\t\t\t<section class=\"elementor-section elementor-top-section elementor-element elementor-element-b3f7c75 elementor-section-boxed elementor-section-height-default elementor-section-height-default\" data-id=\"b3f7c75\" data-element_type=\"section\" data-e-type=\"section\">\n\t\t\t\t\t\t<div class=\"elementor-container elementor-column-gap-default\">\n\t\t\t\t\t<div class=\"elementor-column elementor-col-100 elementor-top-column elementor-element elementor-element-a3e5de8\" data-id=\"a3e5de8\" data-element_type=\"column\" data-e-type=\"column\">\n\t\t\t<div class=\"elementor-widget-wrap elementor-element-populated\">\n\t\t\t\t\t\t<div class=\"elementor-element elementor-element-d5ba38b elementor-widget elementor-widget-heading\" data-id=\"d5ba38b\" data-element_type=\"widget\" data-e-type=\"widget\" data-widget_type=\"heading.default\">\n\t\t\t\t<div class=\"elementor-widget-container\">\n\t\t\t\t\t<h2 class=\"elementor-heading-title elementor-size-default\">Diensthaftpflichtversicherung<\/h2>\t\t\t\t<\/div>\n\t\t\t\t<\/div>\n\t\t\t\t\t<\/div>\n\t\t<\/div>\n\t\t\t\t\t<\/div>\n\t\t<\/section>\n\t\t\t\t<section class=\"elementor-section elementor-top-section elementor-element elementor-element-7d77d1a elementor-section-boxed elementor-section-height-default elementor-section-height-default\" data-id=\"7d77d1a\" data-element_type=\"section\" data-e-type=\"section\">\n\t\t\t\t\t\t<div class=\"elementor-container elementor-column-gap-default\">\n\t\t\t\t\t<div class=\"elementor-column elementor-col-100 elementor-top-column elementor-element elementor-element-b8889c2\" data-id=\"b8889c2\" data-element_type=\"column\" data-e-type=\"column\">\n\t\t\t<div class=\"elementor-widget-wrap elementor-element-populated\">\n\t\t\t\t\t\t<div class=\"elementor-element elementor-element-2124dcf elementor-widget elementor-widget-text-editor\" data-id=\"2124dcf\" data-element_type=\"widget\" data-e-type=\"widget\" data-widget_type=\"text-editor.default\">\n\t\t\t\t<div class=\"elementor-widget-container\">\n\t\t\t\t\t\t\t\t\t<p>Nobody is perfect \u2013 nicht einmal Lehrkr\u00e4fte. Deshalb ist es gut, dich f\u00fcr den Ernstfall mit einer Diensthaftpflichtversicherung zu wappnen, falls du einmal selbstverschuldet einen Schaden verursachst und mit Schadensersatz- oder Schmerzensgeldforderungen konfrontiert wirst. Das klingt erst einmal sehr gro\u00df und bedrohlich. In den meisten F\u00e4llen hilft dir eine Diensthaftpflichtversicherung aber, Anspr\u00fcche aus \u201akleinen\u2018 Fehlern oder Vergehen auszugleichen, die jeder und jedem einmal passieren k\u00f6nnen. Klassisches Beispiel: Du verlierst deinen Schl\u00fcssel zum Schulgel\u00e4nde, sodass kostenpflichtig ein neuer beschafft werden muss.<\/p><p>\u00a0<\/p>\t\t\t\t\t\t\t\t<\/div>\n\t\t\t\t<\/div>\n\t\t\t\t\t<\/div>\n\t\t<\/div>\n\t\t\t\t\t<\/div>\n\t\t<\/section>\n\t\t\t\t<section class=\"elementor-section elementor-top-section elementor-element elementor-element-f815622 elementor-section-boxed elementor-section-height-default elementor-section-height-default\" data-id=\"f815622\" data-element_type=\"section\" data-e-type=\"section\">\n\t\t\t\t\t\t<div class=\"elementor-container elementor-column-gap-default\">\n\t\t\t\t\t<div class=\"elementor-column elementor-col-100 elementor-top-column elementor-element elementor-element-e3b6d87\" data-id=\"e3b6d87\" data-element_type=\"column\" data-e-type=\"column\">\n\t\t\t<div class=\"elementor-widget-wrap elementor-element-populated\">\n\t\t\t\t\t\t<div class=\"elementor-element elementor-element-087a72b elementor-widget elementor-widget-heading\" data-id=\"087a72b\" data-element_type=\"widget\" data-e-type=\"widget\" data-widget_type=\"heading.default\">\n\t\t\t\t<div class=\"elementor-widget-container\">\n\t\t\t\t\t<h2 class=\"elementor-heading-title elementor-size-default\">Als Lehrkraft sicher durch alle Lebenslagen<\/h2>\t\t\t\t<\/div>\n\t\t\t\t<\/div>\n\t\t\t\t\t<\/div>\n\t\t<\/div>\n\t\t\t\t\t<\/div>\n\t\t<\/section>\n\t\t\t\t<section class=\"elementor-section elementor-top-section elementor-element elementor-element-a43c653 elementor-section-boxed elementor-section-height-default elementor-section-height-default\" data-id=\"a43c653\" data-element_type=\"section\" data-e-type=\"section\">\n\t\t\t\t\t\t<div class=\"elementor-container elementor-column-gap-default\">\n\t\t\t\t\t<div class=\"elementor-column elementor-col-100 elementor-top-column elementor-element elementor-element-89bc364\" data-id=\"89bc364\" data-element_type=\"column\" data-e-type=\"column\">\n\t\t\t<div class=\"elementor-widget-wrap elementor-element-populated\">\n\t\t\t\t\t\t<div class=\"elementor-element elementor-element-6b9cde0 elementor-widget elementor-widget-text-editor\" data-id=\"6b9cde0\" data-element_type=\"widget\" data-e-type=\"widget\" data-widget_type=\"text-editor.default\">\n\t\t\t\t<div class=\"elementor-widget-container\">\n\t\t\t\t\t\t\t\t\t<p>Unsere \u00dcbersicht zeigt: Auch als Lehrerin oder Lehrer gehst du das ein- oder andere Berufsrisiko ein. Das muss dir aber keine Angst machen, denn: Mit dem richtigen Versicherungsschutz navigierst du sicher auch durch st\u00fcrmische Gew\u00e4sser. Dienstunf\u00e4higkeits-, Kranken- und Diensthaftpflichtversicherung sch\u00fctzen dich in fast allen Lebenslagen.<\/p><p>\u00a0<\/p>\t\t\t\t\t\t\t\t<\/div>\n\t\t\t\t<\/div>\n\t\t\t\t\t<\/div>\n\t\t<\/div>\n\t\t\t\t\t<\/div>\n\t\t<\/section>\n\t\t\t\t<section class=\"elementor-section elementor-top-section elementor-element elementor-element-6cd8aa8 elementor-section-boxed elementor-section-height-default elementor-section-height-default\" data-id=\"6cd8aa8\" data-element_type=\"section\" data-e-type=\"section\">\n\t\t\t\t\t\t<div class=\"elementor-container elementor-column-gap-default\">\n\t\t\t\t\t<div class=\"elementor-column elementor-col-100 elementor-top-column elementor-element elementor-element-85213b0\" data-id=\"85213b0\" data-element_type=\"column\" data-e-type=\"column\">\n\t\t\t<div class=\"elementor-widget-wrap elementor-element-populated\">\n\t\t\t\t\t\t<div class=\"elementor-element elementor-element-4da61d8 elementor-widget elementor-widget-heading\" data-id=\"4da61d8\" data-element_type=\"widget\" data-e-type=\"widget\" data-widget_type=\"heading.default\">\n\t\t\t\t<div class=\"elementor-widget-container\">\n\t\t\t\t\t<h2 class=\"elementor-heading-title elementor-size-default\">Hier lang zu deiner Karriere!<\/h2>\t\t\t\t<\/div>\n\t\t\t\t<\/div>\n\t\t\t\t\t<\/div>\n\t\t<\/div>\n\t\t\t\t\t<\/div>\n\t\t<\/section>\n\t\t\t\t<section class=\"elementor-section elementor-top-section elementor-element elementor-element-a831a0e elementor-section-boxed elementor-section-height-default elementor-section-height-default\" data-id=\"a831a0e\" data-element_type=\"section\" data-e-type=\"section\">\n\t\t\t\t\t\t<div class=\"elementor-container elementor-column-gap-default\">\n\t\t\t\t\t<div class=\"elementor-column elementor-col-100 elementor-top-column elementor-element elementor-element-df3aef6\" data-id=\"df3aef6\" data-element_type=\"column\" data-e-type=\"column\">\n\t\t\t<div class=\"elementor-widget-wrap elementor-element-populated\">\n\t\t\t\t\t\t<div class=\"elementor-element elementor-element-8aa86e6 elementor-widget elementor-widget-button\" data-id=\"8aa86e6\" data-element_type=\"widget\" data-e-type=\"widget\" data-widget_type=\"button.default\">\n\t\t\t\t<div class=\"elementor-widget-container\">\n\t\t\t\t\t\t\t\t\t<div class=\"elementor-button-wrapper\">\n\t\t\t\t\t<a class=\"elementor-button elementor-button-link elementor-size-sm\" href=\"https:\/\/lehrer-werden-in-sachsen.de\/stage\/\/infos-zur-beruflichen-orientierung\/\" title=\"LEHRERIN Sachsen Infos zur beruflichen Orientierung\">\n\t\t\t\t\t\t<span class=\"elementor-button-content-wrapper\">\n\t\t\t\t\t\t\t\t\t<span class=\"elementor-button-text\">Infos zur beruflichen Orientierung<\/span>\n\t\t\t\t\t<\/span>\n\t\t\t\t\t<\/a>\n\t\t\t\t<\/div>\n\t\t\t\t\t\t\t\t<\/div>\n\t\t\t\t<\/div>\n\t\t\t\t<div class=\"elementor-element elementor-element-cc5c733 elementor-widget elementor-widget-button\" data-id=\"cc5c733\" data-element_type=\"widget\" data-e-type=\"widget\" data-widget_type=\"button.default\">\n\t\t\t\t<div class=\"elementor-widget-container\">\n\t\t\t\t\t\t\t\t\t<div class=\"elementor-button-wrapper\">\n\t\t\t\t\t<a class=\"elementor-button elementor-button-link elementor-size-sm\" href=\"https:\/\/lehrer-werden-in-sachsen.de\/stage\/\/massnahmen-gegen-lehrermangel\/\" title=\"Blog Ma\u00dfnahmen gegen Lehrermangel\">\n\t\t\t\t\t\t<span class=\"elementor-button-content-wrapper\">\n\t\t\t\t\t\t\t\t\t<span class=\"elementor-button-text\">Ma\u00dfnahmen gegen Lehrermangel: Personen ohne Studium k\u00f6nnen sich bewerben<\/span>\n\t\t\t\t\t<\/span>\n\t\t\t\t\t<\/a>\n\t\t\t\t<\/div>\n\t\t\t\t\t\t\t\t<\/div>\n\t\t\t\t<\/div>\n\t\t\t\t<div class=\"elementor-element elementor-element-602c8fa elementor-widget elementor-widget-button\" data-id=\"602c8fa\" data-element_type=\"widget\" data-e-type=\"widget\" data-widget_type=\"button.default\">\n\t\t\t\t<div class=\"elementor-widget-container\">\n\t\t\t\t\t\t\t\t\t<div class=\"elementor-button-wrapper\">\n\t\t\t\t\t<a class=\"elementor-button elementor-button-link elementor-size-sm\" href=\"https:\/\/lehrer-werden-in-sachsen.de\/stage\/\/karriereberuf-lehrer-alles-rund-um-berufseinstieg-gehalt-und-entwicklungsmoglichkeiten\/\" title=\"Blog Karriereberuf Lehrer\">\n\t\t\t\t\t\t<span class=\"elementor-button-content-wrapper\">\n\t\t\t\t\t\t\t\t\t<span class=\"elementor-button-text\">Karriereberuf Lehrer<\/span>\n\t\t\t\t\t<\/span>\n\t\t\t\t\t<\/a>\n\t\t\t\t<\/div>\n\t\t\t\t\t\t\t\t<\/div>\n\t\t\t\t<\/div>\n\t\t\t\t\t<\/div>\n\t\t<\/div>\n\t\t\t\t\t<\/div>\n\t\t<\/section>\n\t\t\t\t<\/div>\n\t\t","protected":false},"excerpt":{"rendered":"<p>Der Lehrberuf ist einer der erf\u00fcllendsten \u00fcberhaupt. Damit das auch in kritischen Situationen so bleibt, erkl\u00e4ren wir dir, welche Versicherungen f\u00fcr dich als Lehrerin oder Lehrer die richtigen sind.<\/p>\n","protected":false},"author":13,"featured_media":22774,"comment_status":"closed","ping_status":"closed","sticky":false,"template":"","format":"standard","meta":{"footnotes":""},"categories":[46],"tags":[202,169],"class_list":["post-22773","post","type-post","status-publish","format-standard","has-post-thumbnail","hentry","category-blog","tag-berufseinstieg","tag-karrierechancen"],"yoast_head":"<!-- This site is optimized with the Yoast SEO plugin v27.3 - https:\/\/yoast.com\/product\/yoast-seo-wordpress\/ -->\n<title>LEHRERIN Sachsen | Versicherungen f\u00fcr Lehrkr\u00e4fte<\/title>\n<meta name=\"description\" content=\"Gut abgesichert im Arbeitsalltag als Lehrkraft: Wir stellen die drei wichtigsten Versicherungen f\u00fcr Lehrerinnen und Lehrer vor.\" \/>\n<meta name=\"robots\" content=\"index, follow, max-snippet:-1, max-image-preview:large, max-video-preview:-1\" \/>\n<link rel=\"canonical\" href=\"https:\/\/lehrer-werden-in-sachsen.de\/versicherungen-fuer-lehrkraefte-sorgenfrei-in-allen-lebenslagen\/\" \/>\n<meta property=\"og:locale\" content=\"de_DE\" \/>\n<meta property=\"og:type\" content=\"article\" \/>\n<meta property=\"og:title\" content=\"LEHRERIN Sachsen | Versicherungen f\u00fcr Lehrkr\u00e4fte\" \/>\n<meta property=\"og:description\" content=\"Gut abgesichert im Arbeitsalltag als Lehrkraft: Wir stellen die drei wichtigsten Versicherungen f\u00fcr Lehrerinnen und Lehrer vor.\" \/>\n<meta property=\"og:url\" content=\"https:\/\/lehrer-werden-in-sachsen.de\/versicherungen-fuer-lehrkraefte-sorgenfrei-in-allen-lebenslagen\/\" \/>\n<meta property=\"og:site_name\" content=\"LEHRERIN SACHSEN\" \/>\n<meta property=\"article:published_time\" content=\"2025-07-30T14:11:45+00:00\" \/>\n<meta property=\"article:modified_time\" content=\"2025-10-10T08:40:41+00:00\" \/>\n<meta property=\"og:image\" content=\"https:\/\/lehrer-werden-in-sachsen.de\/wp-content\/uploads\/2025\/08\/SMK_Lehrer_In_Sachsen_Header_Versicherungen_fuer_Lehrkraefte.jpg\" \/>\n\t<meta property=\"og:image:width\" content=\"1920\" \/>\n\t<meta property=\"og:image:height\" content=\"970\" \/>\n\t<meta property=\"og:image:type\" content=\"image\/jpeg\" \/>\n<meta name=\"author\" content=\"Maria Kretschmann\" \/>\n<meta name=\"twitter:card\" content=\"summary_large_image\" \/>\n<meta name=\"twitter:label1\" content=\"Verfasst von\" \/>\n\t<meta name=\"twitter:data1\" content=\"Maria Kretschmann\" \/>\n\t<meta name=\"twitter:label2\" content=\"Gesch\u00e4tzte Lesezeit\" \/>\n\t<meta name=\"twitter:data2\" content=\"5\u00a0Minuten\" \/>\n<script type=\"application\/ld+json\" class=\"yoast-schema-graph\">{\"@context\":\"https:\\\/\\\/schema.org\",\"@graph\":[{\"@type\":\"Article\",\"@id\":\"https:\\\/\\\/lehrer-werden-in-sachsen.de\\\/versicherungen-fuer-lehrkraefte-sorgenfrei-in-allen-lebenslagen\\\/#article\",\"isPartOf\":{\"@id\":\"https:\\\/\\\/lehrer-werden-in-sachsen.de\\\/versicherungen-fuer-lehrkraefte-sorgenfrei-in-allen-lebenslagen\\\/\"},\"author\":{\"name\":\"Maria Kretschmann\",\"@id\":\"https:\\\/\\\/lehrer-werden-in-sachsen.de\\\/#\\\/schema\\\/person\\\/4a127ffcfbf4e52ff0f66dcd7b4a5cc1\"},\"headline\":\"Versicherungen f\u00fcr Lehrkr\u00e4fte: Sorgenfrei in allen Lebenslagen\",\"datePublished\":\"2025-07-30T14:11:45+00:00\",\"dateModified\":\"2025-10-10T08:40:41+00:00\",\"mainEntityOfPage\":{\"@id\":\"https:\\\/\\\/lehrer-werden-in-sachsen.de\\\/versicherungen-fuer-lehrkraefte-sorgenfrei-in-allen-lebenslagen\\\/\"},\"wordCount\":770,\"publisher\":{\"@id\":\"https:\\\/\\\/lehrer-werden-in-sachsen.de\\\/#organization\"},\"image\":{\"@id\":\"https:\\\/\\\/lehrer-werden-in-sachsen.de\\\/versicherungen-fuer-lehrkraefte-sorgenfrei-in-allen-lebenslagen\\\/#primaryimage\"},\"thumbnailUrl\":\"https:\\\/\\\/lehrer-werden-in-sachsen.de\\\/stage\\\/wp-content\\\/uploads\\\/2025\\\/08\\\/SMK_Lehrer_In_Sachsen_Header_Versicherungen_fuer_Lehrkraefte.jpg\",\"keywords\":[\"Berufseinstieg\",\"Karrierechancen\"],\"articleSection\":[\"Blog\"],\"inLanguage\":\"de\"},{\"@type\":\"WebPage\",\"@id\":\"https:\\\/\\\/lehrer-werden-in-sachsen.de\\\/versicherungen-fuer-lehrkraefte-sorgenfrei-in-allen-lebenslagen\\\/\",\"url\":\"https:\\\/\\\/lehrer-werden-in-sachsen.de\\\/versicherungen-fuer-lehrkraefte-sorgenfrei-in-allen-lebenslagen\\\/\",\"name\":\"LEHRERIN Sachsen | Versicherungen f\u00fcr Lehrkr\u00e4fte\",\"isPartOf\":{\"@id\":\"https:\\\/\\\/lehrer-werden-in-sachsen.de\\\/#website\"},\"primaryImageOfPage\":{\"@id\":\"https:\\\/\\\/lehrer-werden-in-sachsen.de\\\/versicherungen-fuer-lehrkraefte-sorgenfrei-in-allen-lebenslagen\\\/#primaryimage\"},\"image\":{\"@id\":\"https:\\\/\\\/lehrer-werden-in-sachsen.de\\\/versicherungen-fuer-lehrkraefte-sorgenfrei-in-allen-lebenslagen\\\/#primaryimage\"},\"thumbnailUrl\":\"https:\\\/\\\/lehrer-werden-in-sachsen.de\\\/stage\\\/wp-content\\\/uploads\\\/2025\\\/08\\\/SMK_Lehrer_In_Sachsen_Header_Versicherungen_fuer_Lehrkraefte.jpg\",\"datePublished\":\"2025-07-30T14:11:45+00:00\",\"dateModified\":\"2025-10-10T08:40:41+00:00\",\"description\":\"Gut abgesichert im Arbeitsalltag als Lehrkraft: Wir stellen die drei wichtigsten Versicherungen f\u00fcr Lehrerinnen und Lehrer vor.\",\"breadcrumb\":{\"@id\":\"https:\\\/\\\/lehrer-werden-in-sachsen.de\\\/versicherungen-fuer-lehrkraefte-sorgenfrei-in-allen-lebenslagen\\\/#breadcrumb\"},\"inLanguage\":\"de\",\"potentialAction\":[{\"@type\":\"ReadAction\",\"target\":[\"https:\\\/\\\/lehrer-werden-in-sachsen.de\\\/versicherungen-fuer-lehrkraefte-sorgenfrei-in-allen-lebenslagen\\\/\"]}]},{\"@type\":\"ImageObject\",\"inLanguage\":\"de\",\"@id\":\"https:\\\/\\\/lehrer-werden-in-sachsen.de\\\/versicherungen-fuer-lehrkraefte-sorgenfrei-in-allen-lebenslagen\\\/#primaryimage\",\"url\":\"https:\\\/\\\/lehrer-werden-in-sachsen.de\\\/stage\\\/wp-content\\\/uploads\\\/2025\\\/08\\\/SMK_Lehrer_In_Sachsen_Header_Versicherungen_fuer_Lehrkraefte.jpg\",\"contentUrl\":\"https:\\\/\\\/lehrer-werden-in-sachsen.de\\\/stage\\\/wp-content\\\/uploads\\\/2025\\\/08\\\/SMK_Lehrer_In_Sachsen_Header_Versicherungen_fuer_Lehrkraefte.jpg\",\"width\":1920,\"height\":970,\"caption\":\"Zwei Personen, ein Mann und eine Frau, betrachten gemeinsam Dokumente am Tisch in einem modernen B\u00fcro.\"},{\"@type\":\"BreadcrumbList\",\"@id\":\"https:\\\/\\\/lehrer-werden-in-sachsen.de\\\/versicherungen-fuer-lehrkraefte-sorgenfrei-in-allen-lebenslagen\\\/#breadcrumb\",\"itemListElement\":[{\"@type\":\"ListItem\",\"position\":1,\"name\":\"Startseite\",\"item\":\"https:\\\/\\\/lehrer-werden-in-sachsen.de\\\/\"},{\"@type\":\"ListItem\",\"position\":2,\"name\":\"Versicherungen f\u00fcr Lehrkr\u00e4fte: Sorgenfrei in allen Lebenslagen\"}]},{\"@type\":\"WebSite\",\"@id\":\"https:\\\/\\\/lehrer-werden-in-sachsen.de\\\/#website\",\"url\":\"https:\\\/\\\/lehrer-werden-in-sachsen.de\\\/\",\"name\":\"LEHRERIN SACHSEN\",\"description\":\"Eine Klasse f\u00fcr sich.\",\"publisher\":{\"@id\":\"https:\\\/\\\/lehrer-werden-in-sachsen.de\\\/#organization\"},\"potentialAction\":[{\"@type\":\"SearchAction\",\"target\":{\"@type\":\"EntryPoint\",\"urlTemplate\":\"https:\\\/\\\/lehrer-werden-in-sachsen.de\\\/?s={search_term_string}\"},\"query-input\":{\"@type\":\"PropertyValueSpecification\",\"valueRequired\":true,\"valueName\":\"search_term_string\"}}],\"inLanguage\":\"de\"},{\"@type\":\"Organization\",\"@id\":\"https:\\\/\\\/lehrer-werden-in-sachsen.de\\\/#organization\",\"name\":\"LEHRERIN SACHSEN\",\"url\":\"https:\\\/\\\/lehrer-werden-in-sachsen.de\\\/\",\"logo\":{\"@type\":\"ImageObject\",\"inLanguage\":\"de\",\"@id\":\"https:\\\/\\\/lehrer-werden-in-sachsen.de\\\/#\\\/schema\\\/logo\\\/image\\\/\",\"url\":\"https:\\\/\\\/lehrer-werden-in-sachsen.de\\\/stage\\\/wp-content\\\/uploads\\\/2022\\\/02\\\/SMK_Leherin-Sachsen-Marke_RGB_Violett-Orange.svg\",\"contentUrl\":\"https:\\\/\\\/lehrer-werden-in-sachsen.de\\\/stage\\\/wp-content\\\/uploads\\\/2022\\\/02\\\/SMK_Leherin-Sachsen-Marke_RGB_Violett-Orange.svg\",\"caption\":\"LEHRERIN SACHSEN\"},\"image\":{\"@id\":\"https:\\\/\\\/lehrer-werden-in-sachsen.de\\\/#\\\/schema\\\/logo\\\/image\\\/\"}},{\"@type\":\"Person\",\"@id\":\"https:\\\/\\\/lehrer-werden-in-sachsen.de\\\/#\\\/schema\\\/person\\\/4a127ffcfbf4e52ff0f66dcd7b4a5cc1\",\"name\":\"Maria Kretschmann\",\"image\":{\"@type\":\"ImageObject\",\"inLanguage\":\"de\",\"@id\":\"https:\\\/\\\/secure.gravatar.com\\\/avatar\\\/785963a239158e0d036c182ccde6b24c2d0822b83af8ab1b3773045a106114df?s=96&d=mm&r=g\",\"url\":\"https:\\\/\\\/secure.gravatar.com\\\/avatar\\\/785963a239158e0d036c182ccde6b24c2d0822b83af8ab1b3773045a106114df?s=96&d=mm&r=g\",\"contentUrl\":\"https:\\\/\\\/secure.gravatar.com\\\/avatar\\\/785963a239158e0d036c182ccde6b24c2d0822b83af8ab1b3773045a106114df?s=96&d=mm&r=g\",\"caption\":\"Maria Kretschmann\"},\"url\":\"https:\\\/\\\/lehrer-werden-in-sachsen.de\\\/stage\\\/author\\\/maria-kretschmann\\\/\"}]}<\/script>\n<!-- \/ Yoast SEO plugin. -->","yoast_head_json":{"title":"LEHRERIN Sachsen | Versicherungen f\u00fcr Lehrkr\u00e4fte","description":"Gut abgesichert im Arbeitsalltag als Lehrkraft: Wir stellen die drei wichtigsten Versicherungen f\u00fcr Lehrerinnen und Lehrer vor.","robots":{"index":"index","follow":"follow","max-snippet":"max-snippet:-1","max-image-preview":"max-image-preview:large","max-video-preview":"max-video-preview:-1"},"canonical":"https:\/\/lehrer-werden-in-sachsen.de\/versicherungen-fuer-lehrkraefte-sorgenfrei-in-allen-lebenslagen\/","og_locale":"de_DE","og_type":"article","og_title":"LEHRERIN Sachsen | Versicherungen f\u00fcr Lehrkr\u00e4fte","og_description":"Gut abgesichert im Arbeitsalltag als Lehrkraft: Wir stellen die drei wichtigsten Versicherungen f\u00fcr Lehrerinnen und Lehrer vor.","og_url":"https:\/\/lehrer-werden-in-sachsen.de\/versicherungen-fuer-lehrkraefte-sorgenfrei-in-allen-lebenslagen\/","og_site_name":"LEHRERIN SACHSEN","article_published_time":"2025-07-30T14:11:45+00:00","article_modified_time":"2025-10-10T08:40:41+00:00","og_image":[{"width":1920,"height":970,"url":"https:\/\/lehrer-werden-in-sachsen.de\/wp-content\/uploads\/2025\/08\/SMK_Lehrer_In_Sachsen_Header_Versicherungen_fuer_Lehrkraefte.jpg","type":"image\/jpeg"}],"author":"Maria Kretschmann","twitter_card":"summary_large_image","twitter_misc":{"Verfasst von":"Maria Kretschmann","Gesch\u00e4tzte Lesezeit":"5\u00a0Minuten"},"schema":{"@context":"https:\/\/schema.org","@graph":[{"@type":"Article","@id":"https:\/\/lehrer-werden-in-sachsen.de\/versicherungen-fuer-lehrkraefte-sorgenfrei-in-allen-lebenslagen\/#article","isPartOf":{"@id":"https:\/\/lehrer-werden-in-sachsen.de\/versicherungen-fuer-lehrkraefte-sorgenfrei-in-allen-lebenslagen\/"},"author":{"name":"Maria Kretschmann","@id":"https:\/\/lehrer-werden-in-sachsen.de\/#\/schema\/person\/4a127ffcfbf4e52ff0f66dcd7b4a5cc1"},"headline":"Versicherungen f\u00fcr Lehrkr\u00e4fte: Sorgenfrei in allen Lebenslagen","datePublished":"2025-07-30T14:11:45+00:00","dateModified":"2025-10-10T08:40:41+00:00","mainEntityOfPage":{"@id":"https:\/\/lehrer-werden-in-sachsen.de\/versicherungen-fuer-lehrkraefte-sorgenfrei-in-allen-lebenslagen\/"},"wordCount":770,"publisher":{"@id":"https:\/\/lehrer-werden-in-sachsen.de\/#organization"},"image":{"@id":"https:\/\/lehrer-werden-in-sachsen.de\/versicherungen-fuer-lehrkraefte-sorgenfrei-in-allen-lebenslagen\/#primaryimage"},"thumbnailUrl":"https:\/\/lehrer-werden-in-sachsen.de\/stage\/wp-content\/uploads\/2025\/08\/SMK_Lehrer_In_Sachsen_Header_Versicherungen_fuer_Lehrkraefte.jpg","keywords":["Berufseinstieg","Karrierechancen"],"articleSection":["Blog"],"inLanguage":"de"},{"@type":"WebPage","@id":"https:\/\/lehrer-werden-in-sachsen.de\/versicherungen-fuer-lehrkraefte-sorgenfrei-in-allen-lebenslagen\/","url":"https:\/\/lehrer-werden-in-sachsen.de\/versicherungen-fuer-lehrkraefte-sorgenfrei-in-allen-lebenslagen\/","name":"LEHRERIN Sachsen | Versicherungen f\u00fcr Lehrkr\u00e4fte","isPartOf":{"@id":"https:\/\/lehrer-werden-in-sachsen.de\/#website"},"primaryImageOfPage":{"@id":"https:\/\/lehrer-werden-in-sachsen.de\/versicherungen-fuer-lehrkraefte-sorgenfrei-in-allen-lebenslagen\/#primaryimage"},"image":{"@id":"https:\/\/lehrer-werden-in-sachsen.de\/versicherungen-fuer-lehrkraefte-sorgenfrei-in-allen-lebenslagen\/#primaryimage"},"thumbnailUrl":"https:\/\/lehrer-werden-in-sachsen.de\/stage\/wp-content\/uploads\/2025\/08\/SMK_Lehrer_In_Sachsen_Header_Versicherungen_fuer_Lehrkraefte.jpg","datePublished":"2025-07-30T14:11:45+00:00","dateModified":"2025-10-10T08:40:41+00:00","description":"Gut abgesichert im Arbeitsalltag als Lehrkraft: Wir stellen die drei wichtigsten Versicherungen f\u00fcr Lehrerinnen und Lehrer vor.","breadcrumb":{"@id":"https:\/\/lehrer-werden-in-sachsen.de\/versicherungen-fuer-lehrkraefte-sorgenfrei-in-allen-lebenslagen\/#breadcrumb"},"inLanguage":"de","potentialAction":[{"@type":"ReadAction","target":["https:\/\/lehrer-werden-in-sachsen.de\/versicherungen-fuer-lehrkraefte-sorgenfrei-in-allen-lebenslagen\/"]}]},{"@type":"ImageObject","inLanguage":"de","@id":"https:\/\/lehrer-werden-in-sachsen.de\/versicherungen-fuer-lehrkraefte-sorgenfrei-in-allen-lebenslagen\/#primaryimage","url":"https:\/\/lehrer-werden-in-sachsen.de\/stage\/wp-content\/uploads\/2025\/08\/SMK_Lehrer_In_Sachsen_Header_Versicherungen_fuer_Lehrkraefte.jpg","contentUrl":"https:\/\/lehrer-werden-in-sachsen.de\/stage\/wp-content\/uploads\/2025\/08\/SMK_Lehrer_In_Sachsen_Header_Versicherungen_fuer_Lehrkraefte.jpg","width":1920,"height":970,"caption":"Zwei Personen, ein Mann und eine Frau, betrachten gemeinsam Dokumente am Tisch in einem modernen B\u00fcro."},{"@type":"BreadcrumbList","@id":"https:\/\/lehrer-werden-in-sachsen.de\/versicherungen-fuer-lehrkraefte-sorgenfrei-in-allen-lebenslagen\/#breadcrumb","itemListElement":[{"@type":"ListItem","position":1,"name":"Startseite","item":"https:\/\/lehrer-werden-in-sachsen.de\/"},{"@type":"ListItem","position":2,"name":"Versicherungen f\u00fcr Lehrkr\u00e4fte: Sorgenfrei in allen Lebenslagen"}]},{"@type":"WebSite","@id":"https:\/\/lehrer-werden-in-sachsen.de\/#website","url":"https:\/\/lehrer-werden-in-sachsen.de\/","name":"LEHRERIN SACHSEN","description":"Eine Klasse f\u00fcr sich.","publisher":{"@id":"https:\/\/lehrer-werden-in-sachsen.de\/#organization"},"potentialAction":[{"@type":"SearchAction","target":{"@type":"EntryPoint","urlTemplate":"https:\/\/lehrer-werden-in-sachsen.de\/?s={search_term_string}"},"query-input":{"@type":"PropertyValueSpecification","valueRequired":true,"valueName":"search_term_string"}}],"inLanguage":"de"},{"@type":"Organization","@id":"https:\/\/lehrer-werden-in-sachsen.de\/#organization","name":"LEHRERIN SACHSEN","url":"https:\/\/lehrer-werden-in-sachsen.de\/","logo":{"@type":"ImageObject","inLanguage":"de","@id":"https:\/\/lehrer-werden-in-sachsen.de\/#\/schema\/logo\/image\/","url":"https:\/\/lehrer-werden-in-sachsen.de\/stage\/wp-content\/uploads\/2022\/02\/SMK_Leherin-Sachsen-Marke_RGB_Violett-Orange.svg","contentUrl":"https:\/\/lehrer-werden-in-sachsen.de\/stage\/wp-content\/uploads\/2022\/02\/SMK_Leherin-Sachsen-Marke_RGB_Violett-Orange.svg","caption":"LEHRERIN SACHSEN"},"image":{"@id":"https:\/\/lehrer-werden-in-sachsen.de\/#\/schema\/logo\/image\/"}},{"@type":"Person","@id":"https:\/\/lehrer-werden-in-sachsen.de\/#\/schema\/person\/4a127ffcfbf4e52ff0f66dcd7b4a5cc1","name":"Maria Kretschmann","image":{"@type":"ImageObject","inLanguage":"de","@id":"https:\/\/secure.gravatar.com\/avatar\/785963a239158e0d036c182ccde6b24c2d0822b83af8ab1b3773045a106114df?s=96&d=mm&r=g","url":"https:\/\/secure.gravatar.com\/avatar\/785963a239158e0d036c182ccde6b24c2d0822b83af8ab1b3773045a106114df?s=96&d=mm&r=g","contentUrl":"https:\/\/secure.gravatar.com\/avatar\/785963a239158e0d036c182ccde6b24c2d0822b83af8ab1b3773045a106114df?s=96&d=mm&r=g","caption":"Maria Kretschmann"},"url":"https:\/\/lehrer-werden-in-sachsen.de\/stage\/author\/maria-kretschmann\/"}]}},"_links":{"self":[{"href":"https:\/\/lehrer-werden-in-sachsen.de\/stage\/wp-json\/wp\/v2\/posts\/22773","targetHints":{"allow":["GET"]}}],"collection":[{"href":"https:\/\/lehrer-werden-in-sachsen.de\/stage\/wp-json\/wp\/v2\/posts"}],"about":[{"href":"https:\/\/lehrer-werden-in-sachsen.de\/stage\/wp-json\/wp\/v2\/types\/post"}],"author":[{"embeddable":true,"href":"https:\/\/lehrer-werden-in-sachsen.de\/stage\/wp-json\/wp\/v2\/users\/13"}],"replies":[{"embeddable":true,"href":"https:\/\/lehrer-werden-in-sachsen.de\/stage\/wp-json\/wp\/v2\/comments?post=22773"}],"version-history":[{"count":30,"href":"https:\/\/lehrer-werden-in-sachsen.de\/stage\/wp-json\/wp\/v2\/posts\/22773\/revisions"}],"predecessor-version":[{"id":23878,"href":"https:\/\/lehrer-werden-in-sachsen.de\/stage\/wp-json\/wp\/v2\/posts\/22773\/revisions\/23878"}],"wp:featuredmedia":[{"embeddable":true,"href":"https:\/\/lehrer-werden-in-sachsen.de\/stage\/wp-json\/wp\/v2\/media\/22774"}],"wp:attachment":[{"href":"https:\/\/lehrer-werden-in-sachsen.de\/stage\/wp-json\/wp\/v2\/media?parent=22773"}],"wp:term":[{"taxonomy":"category","embeddable":true,"href":"https:\/\/lehrer-werden-in-sachsen.de\/stage\/wp-json\/wp\/v2\/categories?post=22773"},{"taxonomy":"post_tag","embeddable":true,"href":"https:\/\/lehrer-werden-in-sachsen.de\/stage\/wp-json\/wp\/v2\/tags?post=22773"}],"curies":[{"name":"wp","href":"https:\/\/api.w.org\/{rel}","templated":true}]}}