{"id":22741,"date":"2025-07-15T15:28:21","date_gmt":"2025-07-15T13:28:21","guid":{"rendered":"https:\/\/lehrer-werden-in-sachsen.de\/stage\/?p=22741"},"modified":"2026-04-02T15:05:08","modified_gmt":"2026-04-02T13:05:08","slug":"faecher-abc-d-wie-daz-deutsch-als-zweitsprache","status":"publish","type":"post","link":"https:\/\/lehrer-werden-in-sachsen.de\/stage\/faecher-abc-d-wie-daz-deutsch-als-zweitsprache\/","title":{"rendered":"F\u00e4cher-ABC: D wie DaZ &#8211; Deutsch als Zweitsprache"},"content":{"rendered":"\t\t<div data-elementor-type=\"wp-post\" data-elementor-id=\"22741\" class=\"elementor elementor-22741\" data-elementor-post-type=\"post\">\n\t\t\t\t\t\t<section class=\"elementor-section elementor-top-section elementor-element elementor-element-0060ea2 elementor-section-boxed elementor-section-height-default elementor-section-height-default\" data-id=\"0060ea2\" data-element_type=\"section\" data-e-type=\"section\">\n\t\t\t\t\t\t<div class=\"elementor-container elementor-column-gap-default\">\n\t\t\t\t\t<div class=\"elementor-column elementor-col-100 elementor-top-column elementor-element elementor-element-b45df0e\" data-id=\"b45df0e\" data-element_type=\"column\" data-e-type=\"column\">\n\t\t\t<div class=\"elementor-widget-wrap elementor-element-populated\">\n\t\t\t\t\t\t<div class=\"elementor-element elementor-element-8c2b3f6 elementor-widget elementor-widget-text-editor\" data-id=\"8c2b3f6\" data-element_type=\"widget\" data-e-type=\"widget\" data-widget_type=\"text-editor.default\">\n\t\t\t\t<div class=\"elementor-widget-container\">\n\t\t\t\t\t\t\t\t\t<p><strong>Was geht f\u00fcr Kinder im Unterricht mit und auf Deutsch, wenn ihre Erstsprache eine andere als Deutsch ist? Wie kannst du deine Sch\u00fclerinnen und Sch\u00fcler so unterst\u00fctzen, dass sie im Fachunterricht in einer Regelklasse erfolgreich lernen und ihre sprachlichen und fachlichen F\u00e4higkeiten weiterentwickeln? Wir zeigen dir, was dich im Studium und als Lehrkraft im Erweiterungsfach Deutsch als Zweitsprache erwartet.<\/strong><\/p><p><strong>\u00a0<\/strong><\/p>\t\t\t\t\t\t\t\t<\/div>\n\t\t\t\t<\/div>\n\t\t\t\t\t<\/div>\n\t\t<\/div>\n\t\t\t\t\t<\/div>\n\t\t<\/section>\n\t\t\t\t<section class=\"elementor-section elementor-top-section elementor-element elementor-element-5b2e74d elementor-section-boxed elementor-section-height-default elementor-section-height-default\" data-id=\"5b2e74d\" data-element_type=\"section\" data-e-type=\"section\">\n\t\t\t\t\t\t<div class=\"elementor-container elementor-column-gap-default\">\n\t\t\t\t\t<div class=\"elementor-column elementor-col-100 elementor-top-column elementor-element elementor-element-27c604e\" data-id=\"27c604e\" data-element_type=\"column\" data-e-type=\"column\">\n\t\t\t<div class=\"elementor-widget-wrap elementor-element-populated\">\n\t\t\t\t\t\t<div class=\"elementor-element elementor-element-f09379e elementor-widget elementor-widget-text-editor\" data-id=\"f09379e\" data-element_type=\"widget\" data-e-type=\"widget\" data-widget_type=\"text-editor.default\">\n\t\t\t\t<div class=\"elementor-widget-container\">\n\t\t\t\t\t\t\t\t\t<p>Unsere Gesellschaft wird immer vielf\u00e4ltiger. Das zeigt sich im gesamten schulischen Alltag. Sch\u00fclerinnen und Sch\u00fcler bringen mit ihren individuellen Biografien unterschiedliche sprachliche und lebensweltliche Mehrsprachigkeit mit, die das gemeinsame Lernen bereichern.<\/p><p>\u00a0<\/p><p>Was f\u00fcr die Schulgemeinschaft oft sehr bereichernd ist, braucht seitens der Lehrkr\u00e4fte jedoch spezielles Know-how. Denn diese Vielfalt stellte neue Anforderungen an Lehrkr\u00e4fte und erfodert gezielte Kompetenzen im Umgang mit Deutsch als Zweitsprache.<\/p><p>\u00a0<\/p><p>Im Rahmen deines Lehramtsstudiums kannst du dir die daf\u00fcr notwendigen Kompetenzen durch das Erweiterungsfach Deutsch als Zweitsprache (DaZ) aneignen. Denn eines ist sicher: Der Bedarf an DaZ-Lehrkr\u00e4ften ist an allen Schularten gro\u00df.<\/p><p>\u00a0<\/p>\t\t\t\t\t\t\t\t<\/div>\n\t\t\t\t<\/div>\n\t\t\t\t\t<\/div>\n\t\t<\/div>\n\t\t\t\t\t<\/div>\n\t\t<\/section>\n\t\t<div class=\"elementor-element elementor-element-8ee3221 e-flex e-con-boxed e-con e-parent\" data-id=\"8ee3221\" data-element_type=\"container\" data-e-type=\"container\">\n\t\t\t\t\t<div class=\"e-con-inner\">\n\t\t\t\t<div class=\"elementor-element elementor-element-5f099c4 elementor-widget elementor-widget-heading\" data-id=\"5f099c4\" data-element_type=\"widget\" data-e-type=\"widget\" data-widget_type=\"heading.default\">\n\t\t\t\t<div class=\"elementor-widget-container\">\n\t\t\t\t\t<h2 class=\"elementor-heading-title elementor-size-default\">Was ist das Erweiterungsfach DaZ?<\/h2>\t\t\t\t<\/div>\n\t\t\t\t<\/div>\n\t\t\t\t<div class=\"elementor-element elementor-element-e950f86 elementor-widget elementor-widget-text-editor\" data-id=\"e950f86\" data-element_type=\"widget\" data-e-type=\"widget\" data-widget_type=\"text-editor.default\">\n\t\t\t\t<div class=\"elementor-widget-container\">\n\t\t\t\t\t\t\t\t\t<p>Das Erweiterungsfach DaZ studierst du zus\u00e4tzlich zu deinen gew\u00e4hlten F\u00e4chern.<\/p><p>\u00a0<\/p>\t\t\t\t\t\t\t\t<\/div>\n\t\t\t\t<\/div>\n\t\t\t\t\t<\/div>\n\t\t\t\t<\/div>\n\t\t\t\t<section class=\"elementor-section elementor-top-section elementor-element elementor-element-7e6f337 elementor-section-boxed elementor-section-height-default elementor-section-height-default\" data-id=\"7e6f337\" data-element_type=\"section\" data-e-type=\"section\">\n\t\t\t\t\t\t<div class=\"elementor-container elementor-column-gap-default\">\n\t\t\t\t\t<div class=\"elementor-column elementor-col-100 elementor-top-column elementor-element elementor-element-643c9a1\" data-id=\"643c9a1\" data-element_type=\"column\" data-e-type=\"column\">\n\t\t\t<div class=\"elementor-widget-wrap elementor-element-populated\">\n\t\t\t\t\t\t<div class=\"elementor-element elementor-element-4882316 elementor-widget elementor-widget-image\" data-id=\"4882316\" data-element_type=\"widget\" data-e-type=\"widget\" data-widget_type=\"image.default\">\n\t\t\t\t<div class=\"elementor-widget-container\">\n\t\t\t\t\t\t\t\t\t\t\t\t\t\t\t<img fetchpriority=\"high\" decoding=\"async\" width=\"1024\" height=\"341\" src=\"https:\/\/lehrer-werden-in-sachsen.de\/stage\/wp-content\/uploads\/2025\/07\/SMK-Lehrer_in_Sachsen_Faecher-ABC_DAZ_Deutsch_als_Zweitsprache-1-1024x341.jpg\" class=\"attachment-large size-large wp-image-22766\" alt=\"H\u00e4nde, die mehrere Bl\u00e4tter Papier mit handschriftlichen Notizen und Zeichnungen halten.\" srcset=\"https:\/\/lehrer-werden-in-sachsen.de\/stage\/wp-content\/uploads\/2025\/07\/SMK-Lehrer_in_Sachsen_Faecher-ABC_DAZ_Deutsch_als_Zweitsprache-1-1024x341.jpg 1024w, https:\/\/lehrer-werden-in-sachsen.de\/stage\/wp-content\/uploads\/2025\/07\/SMK-Lehrer_in_Sachsen_Faecher-ABC_DAZ_Deutsch_als_Zweitsprache-1-300x100.jpg 300w, https:\/\/lehrer-werden-in-sachsen.de\/stage\/wp-content\/uploads\/2025\/07\/SMK-Lehrer_in_Sachsen_Faecher-ABC_DAZ_Deutsch_als_Zweitsprache-1-768x256.jpg 768w, https:\/\/lehrer-werden-in-sachsen.de\/stage\/wp-content\/uploads\/2025\/07\/SMK-Lehrer_in_Sachsen_Faecher-ABC_DAZ_Deutsch_als_Zweitsprache-1.jpg 1200w\" sizes=\"(max-width: 1024px) 100vw, 1024px\" \/>\t\t\t\t\t\t\t\t\t\t\t\t\t\t\t<\/div>\n\t\t\t\t<\/div>\n\t\t\t\t\t<\/div>\n\t\t<\/div>\n\t\t\t\t\t<\/div>\n\t\t<\/section>\n\t\t\t\t<section class=\"elementor-section elementor-top-section elementor-element elementor-element-317dd98 elementor-section-boxed elementor-section-height-default elementor-section-height-default\" data-id=\"317dd98\" data-element_type=\"section\" data-e-type=\"section\">\n\t\t\t\t\t\t<div class=\"elementor-container elementor-column-gap-default\">\n\t\t\t\t\t<div class=\"elementor-column elementor-col-100 elementor-top-column elementor-element elementor-element-d4b5680\" data-id=\"d4b5680\" data-element_type=\"column\" data-e-type=\"column\">\n\t\t\t<div class=\"elementor-widget-wrap elementor-element-populated\">\n\t\t\t\t\t\t<div class=\"elementor-element elementor-element-ed6ce3f elementor-widget elementor-widget-text-editor\" data-id=\"ed6ce3f\" data-element_type=\"widget\" data-e-type=\"widget\" data-widget_type=\"text-editor.default\">\n\t\t\t\t<div class=\"elementor-widget-container\">\n\t\t\t\t\t\t\t\t\t<p><em><sub><em>Richtig schreiben ist gar keine so einfache Sache, wenn die Schulsprache nicht die eigene Erstsprache ist. Da ist viel \u00dcbung n\u00f6tig &#8211; und fachlich fundierte Unterst\u00fctzung, wie sie der Deutsch-als-Zweitsprache-Unterricht bieten kann.<\/em><\/sub><\/em><\/p>\t\t\t\t\t\t\t\t<\/div>\n\t\t\t\t<\/div>\n\t\t\t\t\t<\/div>\n\t\t<\/div>\n\t\t\t\t\t<\/div>\n\t\t<\/section>\n\t\t\t\t<section class=\"elementor-section elementor-top-section elementor-element elementor-element-d5addd1 elementor-section-boxed elementor-section-height-default elementor-section-height-default\" data-id=\"d5addd1\" data-element_type=\"section\" data-e-type=\"section\">\n\t\t\t\t\t\t<div class=\"elementor-container elementor-column-gap-default\">\n\t\t\t\t\t<div class=\"elementor-column elementor-col-100 elementor-top-column elementor-element elementor-element-da1a2c6\" data-id=\"da1a2c6\" data-element_type=\"column\" data-e-type=\"column\">\n\t\t\t<div class=\"elementor-widget-wrap elementor-element-populated\">\n\t\t\t\t\t\t<div class=\"elementor-element elementor-element-4e5d8fc elementor-widget elementor-widget-heading\" data-id=\"4e5d8fc\" data-element_type=\"widget\" data-e-type=\"widget\" data-widget_type=\"heading.default\">\n\t\t\t\t<div class=\"elementor-widget-container\">\n\t\t\t\t\t<h2 class=\"elementor-heading-title elementor-size-default\">Warum DaZ als Erweiterungsfach studieren?<\/h2>\t\t\t\t<\/div>\n\t\t\t\t<\/div>\n\t\t\t\t\t<\/div>\n\t\t<\/div>\n\t\t\t\t\t<\/div>\n\t\t<\/section>\n\t\t\t\t<section class=\"elementor-section elementor-top-section elementor-element elementor-element-ad2a519 elementor-section-boxed elementor-section-height-default elementor-section-height-default\" data-id=\"ad2a519\" data-element_type=\"section\" data-e-type=\"section\">\n\t\t\t\t\t\t<div class=\"elementor-container elementor-column-gap-default\">\n\t\t\t\t\t<div class=\"elementor-column elementor-col-100 elementor-top-column elementor-element elementor-element-ae41809\" data-id=\"ae41809\" data-element_type=\"column\" data-e-type=\"column\">\n\t\t\t<div class=\"elementor-widget-wrap elementor-element-populated\">\n\t\t\t\t\t\t<div class=\"elementor-element elementor-element-bd55336 elementor-widget elementor-widget-text-editor\" data-id=\"bd55336\" data-element_type=\"widget\" data-e-type=\"widget\" data-widget_type=\"text-editor.default\">\n\t\t\t\t<div class=\"elementor-widget-container\">\n\t\t\t\t\t\t\t\t\t<p>DaZ ist eine spannende Erg\u00e4nzung f\u00fcr alle Lehramtsstudieng\u00e4nge &#8211; insbesondere in Zeiten von Globalisierung und weiter zunehmender Migration, die die Zahl der lebensweltlich mehrsprachigen Kinder und Jugendlichen weiter steigen l\u00e4sst. Im Erweiterungsfach erwirbst du die F\u00e4higkeit, selbst in einer Vorbereitungsklasse oder -gruppe oder im Rahmen der Direktintegration Deutsch als Zweitsprache zu unterrichten.<\/p><p>\u00a0<\/p><p>Du erm\u00f6glichst Sch\u00fclerinnen und Sch\u00fclern, die noch kein oder noch wenig Deutsch sprechen, Zugang zur deutschen Sprache zu finden. Damit er\u00f6ffnest du ihnen neue Wege, Freundschaften zu kn\u00fcpfen, sich im Alltag zurechtzufinden, mit Erfolg am Unterricht in einer Regelklasse teilzunehmen und so wichtige Voraussetzungen f\u00fcr eine erfolgreiche schulische Entwicklung zu schaffen.<\/p><p>\u00a0<\/p><p>Im Erweiterungsfach lernst du au\u00dferdem, deinen Unterricht in deinen anderen F\u00e4chern sprachbewusst zu gestalten, damit m\u00f6glichst alle Sch\u00fclerinnen und Sch\u00fcler\u00a0 aktiv am Unterricht teilnehmen k\u00f6nnen. Das Studium erm\u00f6glicht dir au\u00dferdem, die sprachliche Entwicklung deiner Sch\u00fclerinnen und Sch\u00fcler angemessen zu beschreiben und so individuelle Unterst\u00fctzungsm\u00f6glichkeiten f\u00fcr ihre sprachliche Entwicklung abzuleiten. So kannst du deinen Unterricht bestm\u00f6glich planen und gestalten.<\/p><p>\u00a0<\/p><p>Als DaZ-Lehrkraft hast du eine sehr gute berufliche Perspektive, da der Bedarf an Lehrerinnen und Lehrern in diesem Bereich enorm hoch ist und perspektivisch sogar noch h\u00f6her sein wird. In welchen F\u00e4chern au\u00dferdem ein hoher Bedarf an Lehrkr\u00e4ften herrscht, erf\u00e4hrst du <a href=\"https:\/\/lehrer-werden-in-sachsen.de\/stage\/\/ufaq\/fuer-welche-faecher-werden-lehrerinnen-oder-lehrer-besonders-gesucht\/\" title=\"LEHRERIN Sachsen | FAQ F\u00e4cher-Bedarf\">in diesem Beitrag<\/a>.<\/p><p>\u00a0<\/p>\t\t\t\t\t\t\t\t<\/div>\n\t\t\t\t<\/div>\n\t\t\t\t\t<\/div>\n\t\t<\/div>\n\t\t\t\t\t<\/div>\n\t\t<\/section>\n\t\t\t\t<section class=\"elementor-section elementor-top-section elementor-element elementor-element-fe43a65 elementor-section-boxed elementor-section-height-default elementor-section-height-default\" data-id=\"fe43a65\" data-element_type=\"section\" data-e-type=\"section\">\n\t\t\t\t\t\t<div class=\"elementor-container elementor-column-gap-default\">\n\t\t\t\t\t<div class=\"elementor-column elementor-col-100 elementor-top-column elementor-element elementor-element-ad946b4\" data-id=\"ad946b4\" data-element_type=\"column\" data-e-type=\"column\">\n\t\t\t<div class=\"elementor-widget-wrap elementor-element-populated\">\n\t\t\t\t\t\t<div class=\"elementor-element elementor-element-eb56846 elementor-widget elementor-widget-heading\" data-id=\"eb56846\" data-element_type=\"widget\" data-e-type=\"widget\" data-widget_type=\"heading.default\">\n\t\t\t\t<div class=\"elementor-widget-container\">\n\t\t\t\t\t<h2 class=\"elementor-heading-title elementor-size-default\">Wie l\u00e4uft die schulische Integration zugewanderter Sch\u00fclerinnen und Sch\u00fcler in Sachsen?<\/h2>\t\t\t\t<\/div>\n\t\t\t\t<\/div>\n\t\t\t\t\t<\/div>\n\t\t<\/div>\n\t\t\t\t\t<\/div>\n\t\t<\/section>\n\t\t\t\t<section class=\"elementor-section elementor-top-section elementor-element elementor-element-dbe7d2f elementor-section-boxed elementor-section-height-default elementor-section-height-default\" data-id=\"dbe7d2f\" data-element_type=\"section\" data-e-type=\"section\">\n\t\t\t\t\t\t<div class=\"elementor-container elementor-column-gap-default\">\n\t\t\t\t\t<div class=\"elementor-column elementor-col-100 elementor-top-column elementor-element elementor-element-17aa1e4\" data-id=\"17aa1e4\" data-element_type=\"column\" data-e-type=\"column\">\n\t\t\t<div class=\"elementor-widget-wrap elementor-element-populated\">\n\t\t\t\t\t\t<div class=\"elementor-element elementor-element-4186843 elementor-widget elementor-widget-text-editor\" data-id=\"4186843\" data-element_type=\"widget\" data-e-type=\"widget\" data-widget_type=\"text-editor.default\">\n\t\t\t\t<div class=\"elementor-widget-container\">\n\t\t\t\t\t\t\t\t\t<p>Grundlage daf\u00fcr ist die <a href=\"https:\/\/www.migration.bildung.sachsen.de\/saechsische-konzeption-zur-integration-von-migranten-3971.html\" title=\"S\u00e4chsische Konzeption zur Integration von Migranten\" target=\"_blank\" data-auto-event-observed=\"true\" rel=\"noopener\">S\u00e4chsische Konzeption zur Integration von Migranten<\/a>. Nach ihr richtet sich der DaZ-Unterricht.\u00a0<\/p><p>\u00a0<\/p><p>Kurz gesagt: Der DaZ-Unterricht kann im Rahmen einer Vorbereitungsklasse oder -gruppe (erste und zweite Etappe) oder per Direktintegration (erste, zweite Etappe) in eine Regelklasse erteilt werden. Zudem gibt es DaZ-Unterricht f\u00fcr Sch\u00fclerinnen und Sch\u00fcler der dritten Etappe.<\/p><p>\u00a0<\/p><p>In der ersten Etappe erlernen die Sch\u00fclerinnen und Sch\u00fcler sprachliche Grundlagen f\u00fcr ihren Alltag und den Regelunterricht. In der zweiten geht es prim\u00e4r um die Vermittlung bildungssprachlicher Kompetenzen. Dabei nehmen die Sch\u00fclerinnen und Sch\u00fcler schrittweise auch am Fachunterricht einer Regelklasse teil. In der dritten Etappe sind sie vollumf\u00e4nglich in die Regelklasse integriert.<\/p><p>\u00a0<\/p><p>Das Fach DaZ wird dann begleitend weiter unterrichtet, um bildungssprachliche Kompetenzen weiter auszubauen.\u00a0<\/p><p>\u00a0<\/p>\t\t\t\t\t\t\t\t<\/div>\n\t\t\t\t<\/div>\n\t\t\t\t\t<\/div>\n\t\t<\/div>\n\t\t\t\t\t<\/div>\n\t\t<\/section>\n\t\t\t\t<section class=\"elementor-section elementor-top-section elementor-element elementor-element-f993c7d elementor-section-boxed elementor-section-height-default elementor-section-height-default\" data-id=\"f993c7d\" data-element_type=\"section\" data-e-type=\"section\">\n\t\t\t\t\t\t<div class=\"elementor-container elementor-column-gap-default\">\n\t\t\t\t\t<div class=\"elementor-column elementor-col-100 elementor-top-column elementor-element elementor-element-0446914\" data-id=\"0446914\" data-element_type=\"column\" data-e-type=\"column\">\n\t\t\t<div class=\"elementor-widget-wrap elementor-element-populated\">\n\t\t\t\t\t\t<div class=\"elementor-element elementor-element-3275194 elementor-widget elementor-widget-heading\" data-id=\"3275194\" data-element_type=\"widget\" data-e-type=\"widget\" data-widget_type=\"heading.default\">\n\t\t\t\t<div class=\"elementor-widget-container\">\n\t\t\t\t\t<h2 class=\"elementor-heading-title elementor-size-default\">Schwerpunkte des Studiums<\/h2>\t\t\t\t<\/div>\n\t\t\t\t<\/div>\n\t\t\t\t\t<\/div>\n\t\t<\/div>\n\t\t\t\t\t<\/div>\n\t\t<\/section>\n\t\t\t\t<section class=\"elementor-section elementor-top-section elementor-element elementor-element-6359845 elementor-section-boxed elementor-section-height-default elementor-section-height-default\" data-id=\"6359845\" data-element_type=\"section\" data-e-type=\"section\">\n\t\t\t\t\t\t<div class=\"elementor-container elementor-column-gap-default\">\n\t\t\t\t\t<div class=\"elementor-column elementor-col-100 elementor-top-column elementor-element elementor-element-0ff4f8a\" data-id=\"0ff4f8a\" data-element_type=\"column\" data-e-type=\"column\">\n\t\t\t<div class=\"elementor-widget-wrap elementor-element-populated\">\n\t\t\t\t\t\t<div class=\"elementor-element elementor-element-380494a elementor-widget elementor-widget-text-editor\" data-id=\"380494a\" data-element_type=\"widget\" data-e-type=\"widget\" data-widget_type=\"text-editor.default\">\n\t\t\t\t<div class=\"elementor-widget-container\">\n\t\t\t\t\t\t\t\t\t<p>Das Erweiterungsfach DaZ schult dich sowohl in deiner Sprachbewusstheit als auch methodisch-didaktisch. Du erwirbst umfangreiche Kenntnisse zur Struktur der deutschen Sprache, durch die du Sch\u00fclerinnen und Sch\u00fcler alltags- und bildungssprachlich systematisch unterst\u00fctzen kannst. Das Studium er\u00f6ffnet dir Wege, deinen Unterricht in einem heterogenen Klassenzimmer bestm\u00f6glich zu gestalten \u2013 stets mit dem Anspruch, dass alle Sch\u00fclerinnen und Sch\u00fcler immer gut daran teilhaben k\u00f6nnen.<\/p><p>\u00a0<\/p><p>Neben der P\u00e4dagogik erlangst du empirische Kenntnisse in Migrations- und Spracherwerbsforschung. So bereitest du dich optimal auf den Unterrichtsalltag vor und kannst Zusammenh\u00e4nge rund um das Thema Deutsch als Zweitsprache besser nachvollziehen.<\/p><p>\u00a0<\/p>\t\t\t\t\t\t\t\t<\/div>\n\t\t\t\t<\/div>\n\t\t\t\t\t<\/div>\n\t\t<\/div>\n\t\t\t\t\t<\/div>\n\t\t<\/section>\n\t\t\t\t<section class=\"elementor-section elementor-top-section elementor-element elementor-element-b8ca47d elementor-section-boxed elementor-section-height-default elementor-section-height-default\" data-id=\"b8ca47d\" data-element_type=\"section\" data-e-type=\"section\">\n\t\t\t\t\t\t<div class=\"elementor-container elementor-column-gap-default\">\n\t\t\t\t\t<div class=\"elementor-column elementor-col-100 elementor-top-column elementor-element elementor-element-0ad2050\" data-id=\"0ad2050\" data-element_type=\"column\" data-e-type=\"column\">\n\t\t\t<div class=\"elementor-widget-wrap elementor-element-populated\">\n\t\t\t\t\t\t<div class=\"elementor-element elementor-element-058c91f elementor-widget elementor-widget-heading\" data-id=\"058c91f\" data-element_type=\"widget\" data-e-type=\"widget\" data-widget_type=\"heading.default\">\n\t\t\t\t<div class=\"elementor-widget-container\">\n\t\t\t\t\t<h2 class=\"elementor-heading-title elementor-size-default\">Wo in Sachsen DaZ studieren?<\/h2>\t\t\t\t<\/div>\n\t\t\t\t<\/div>\n\t\t\t\t\t<\/div>\n\t\t<\/div>\n\t\t\t\t\t<\/div>\n\t\t<\/section>\n\t\t\t\t<section class=\"elementor-section elementor-top-section elementor-element elementor-element-3c3df0d elementor-section-boxed elementor-section-height-default elementor-section-height-default\" data-id=\"3c3df0d\" data-element_type=\"section\" data-e-type=\"section\">\n\t\t\t\t\t\t<div class=\"elementor-container elementor-column-gap-default\">\n\t\t\t\t\t<div class=\"elementor-column elementor-col-100 elementor-top-column elementor-element elementor-element-2da8162\" data-id=\"2da8162\" data-element_type=\"column\" data-e-type=\"column\">\n\t\t\t<div class=\"elementor-widget-wrap elementor-element-populated\">\n\t\t\t\t\t\t<div class=\"elementor-element elementor-element-3a92e57 elementor-widget elementor-widget-text-editor\" data-id=\"3a92e57\" data-element_type=\"widget\" data-e-type=\"widget\" data-widget_type=\"text-editor.default\">\n\t\t\t\t<div class=\"elementor-widget-container\">\n\t\t\t\t\t\t\t\t\t<p>Ein Blick auf unsere <a href=\"https:\/\/lehrer-werden-in-sachsen.de\/wp-content\/uploads\/2026\/01\/SMK_LehrerInSachsen_Faechertabelle_012026.pdf\" title=\"F\u00e4chertabelle | PDF\" target=\"_blank\" rel=\"noopener\">F\u00e4chertabelle (PDF)<\/a> verr\u00e4t dir, dass du das Erweiterungsfach DaZ in Sachsen an allen drei Universit\u00e4ten studieren kannst. Ob f\u00fcr die Grundschule, das Gymnasium, die Oberschule oder f\u00fcr Sonderp\u00e4dagogik \u2013 deine M\u00f6glichkeiten sind vielf\u00e4ltig:<\/p>\t\t\t\t\t\t\t\t<\/div>\n\t\t\t\t<\/div>\n\t\t\t\t\t<\/div>\n\t\t<\/div>\n\t\t\t\t\t<\/div>\n\t\t<\/section>\n\t\t\t\t<section class=\"elementor-section elementor-top-section elementor-element elementor-element-5c80248 elementor-section-boxed elementor-section-height-default elementor-section-height-default\" data-id=\"5c80248\" data-element_type=\"section\" data-e-type=\"section\">\n\t\t\t\t\t\t<div class=\"elementor-container elementor-column-gap-default\">\n\t\t\t\t\t<div class=\"elementor-column elementor-col-100 elementor-top-column elementor-element elementor-element-483ad66\" data-id=\"483ad66\" data-element_type=\"column\" data-e-type=\"column\">\n\t\t\t<div class=\"elementor-widget-wrap elementor-element-populated\">\n\t\t\t\t\t\t<div class=\"elementor-element elementor-element-832168b elementor-widget elementor-widget-heading\" data-id=\"832168b\" data-element_type=\"widget\" data-e-type=\"widget\" data-widget_type=\"heading.default\">\n\t\t\t\t<div class=\"elementor-widget-container\">\n\t\t\t\t\t<h3 class=\"elementor-heading-title elementor-size-default\">Universit\u00e4t Leipzig<\/h3>\t\t\t\t<\/div>\n\t\t\t\t<\/div>\n\t\t\t\t\t<\/div>\n\t\t<\/div>\n\t\t\t\t\t<\/div>\n\t\t<\/section>\n\t\t\t\t<section class=\"elementor-section elementor-top-section elementor-element elementor-element-71dd411 elementor-section-boxed elementor-section-height-default elementor-section-height-default\" data-id=\"71dd411\" data-element_type=\"section\" data-e-type=\"section\">\n\t\t\t\t\t\t<div class=\"elementor-container elementor-column-gap-default\">\n\t\t\t\t\t<div class=\"elementor-column elementor-col-100 elementor-top-column elementor-element elementor-element-0dae7bf\" data-id=\"0dae7bf\" data-element_type=\"column\" data-e-type=\"column\">\n\t\t\t<div class=\"elementor-widget-wrap elementor-element-populated\">\n\t\t\t\t\t\t<div class=\"elementor-element elementor-element-93d5099 elementor-widget elementor-widget-text-editor\" data-id=\"93d5099\" data-element_type=\"widget\" data-e-type=\"widget\" data-widget_type=\"text-editor.default\">\n\t\t\t\t<div class=\"elementor-widget-container\">\n\t\t\t\t\t\t\t\t\t<p><a href=\"https:\/\/www.uni-leipzig.de\/studium\/vor-dem-studium\/studienangebot\/studiengang\/course\/show\/deutsch-als-zweitsprache-lehramt-an-grundschulen\" title=\"Universit\u00e4t Leipzig | DaZ - Grundschule\" target=\"_blank\" rel=\"noopener\">DaZ \u2013 Grundschule<\/a><\/p><p><a href=\"https:\/\/www.uni-leipzig.de\/studium\/vor-dem-studium\/studienangebot\/studiengang\/course\/show\/deutsch-als-zweitsprache-lehramt-an-gymnasien\" title=\"Universit\u00e4t Leipzig | DaZ - Gymnasium\" target=\"_blank\" rel=\"noopener\">DaZ &#8211; Gymnasium<\/a><\/p><p><a href=\"https:\/\/www.uni-leipzig.de\/studium\/vor-dem-studium\/studienangebot\/studiengang\/course\/show\/deutsch-als-zweitsprache-lehramt-an-oberschulen\" title=\"Universit\u00e4t Leipzig | DaZ - Oberschule\" target=\"_blank\" rel=\"noopener\">DaZ \u2013 Oberschule<\/a><\/p><p><a href=\"https:\/\/www.uni-leipzig.de\/studium\/vor-dem-studium\/studienangebot\/studiengang\/course\/show\/deutsch-als-zweitsprache-lehramt-sonderpaedagogik\" title=\"Universit\u00e4t Leipzig | DaZ - Sonderp\u00e4dagogik\" target=\"_blank\" rel=\"noopener\">DaZ \u2013 Sonderp\u00e4dagogik<\/a><\/p>\t\t\t\t\t\t\t\t<\/div>\n\t\t\t\t<\/div>\n\t\t\t\t\t<\/div>\n\t\t<\/div>\n\t\t\t\t\t<\/div>\n\t\t<\/section>\n\t\t\t\t<section class=\"elementor-section elementor-top-section elementor-element elementor-element-03fac63 elementor-section-boxed elementor-section-height-default elementor-section-height-default\" data-id=\"03fac63\" data-element_type=\"section\" data-e-type=\"section\">\n\t\t\t\t\t\t<div class=\"elementor-container elementor-column-gap-default\">\n\t\t\t\t\t<div class=\"elementor-column elementor-col-100 elementor-top-column elementor-element elementor-element-7249ebc\" data-id=\"7249ebc\" data-element_type=\"column\" data-e-type=\"column\">\n\t\t\t<div class=\"elementor-widget-wrap elementor-element-populated\">\n\t\t\t\t\t\t<div class=\"elementor-element elementor-element-9250779 elementor-widget elementor-widget-heading\" data-id=\"9250779\" data-element_type=\"widget\" data-e-type=\"widget\" data-widget_type=\"heading.default\">\n\t\t\t\t<div class=\"elementor-widget-container\">\n\t\t\t\t\t<h3 class=\"elementor-heading-title elementor-size-default\">TU Dresden <\/h3>\t\t\t\t<\/div>\n\t\t\t\t<\/div>\n\t\t\t\t\t<\/div>\n\t\t<\/div>\n\t\t\t\t\t<\/div>\n\t\t<\/section>\n\t\t\t\t<section class=\"elementor-section elementor-top-section elementor-element elementor-element-b81c99d elementor-section-boxed elementor-section-height-default elementor-section-height-default\" data-id=\"b81c99d\" data-element_type=\"section\" data-e-type=\"section\">\n\t\t\t\t\t\t<div class=\"elementor-container elementor-column-gap-default\">\n\t\t\t\t\t<div class=\"elementor-column elementor-col-100 elementor-top-column elementor-element elementor-element-135bbc7\" data-id=\"135bbc7\" data-element_type=\"column\" data-e-type=\"column\">\n\t\t\t<div class=\"elementor-widget-wrap elementor-element-populated\">\n\t\t\t\t\t\t<div class=\"elementor-element elementor-element-f202816 elementor-widget elementor-widget-text-editor\" data-id=\"f202816\" data-element_type=\"widget\" data-e-type=\"widget\" data-widget_type=\"text-editor.default\">\n\t\t\t\t<div class=\"elementor-widget-container\">\n\t\t\t\t\t\t\t\t\t<p><a href=\"https:\/\/tu-dresden.de\/zlsb\/lehramtsstudium\/im-studium\/studiendokumente\/deutsch-als-zweitsprache\" title=\"TU Dresden | allgemeine Modulbeschreibungen\" target=\"_blank\" rel=\"noopener\">DaZ \u2013 allgemeine Modulbeschreibungen f\u00fcr Grundschule, Gymnasium, Oberschule und Berufsbildende Schulen<\/a><\/p>\t\t\t\t\t\t\t\t<\/div>\n\t\t\t\t<\/div>\n\t\t\t\t\t<\/div>\n\t\t<\/div>\n\t\t\t\t\t<\/div>\n\t\t<\/section>\n\t\t\t\t<section class=\"elementor-section elementor-top-section elementor-element elementor-element-07b3b91 elementor-section-boxed elementor-section-height-default elementor-section-height-default\" data-id=\"07b3b91\" data-element_type=\"section\" data-e-type=\"section\">\n\t\t\t\t\t\t<div class=\"elementor-container elementor-column-gap-default\">\n\t\t\t\t\t<div class=\"elementor-column elementor-col-100 elementor-top-column elementor-element elementor-element-2f56cfb\" data-id=\"2f56cfb\" data-element_type=\"column\" data-e-type=\"column\">\n\t\t\t<div class=\"elementor-widget-wrap elementor-element-populated\">\n\t\t\t\t\t\t<div class=\"elementor-element elementor-element-f8e405b elementor-widget elementor-widget-heading\" data-id=\"f8e405b\" data-element_type=\"widget\" data-e-type=\"widget\" data-widget_type=\"heading.default\">\n\t\t\t\t<div class=\"elementor-widget-container\">\n\t\t\t\t\t<h3 class=\"elementor-heading-title elementor-size-default\">TU Chemnitz<\/h3>\t\t\t\t<\/div>\n\t\t\t\t<\/div>\n\t\t\t\t\t<\/div>\n\t\t<\/div>\n\t\t\t\t\t<\/div>\n\t\t<\/section>\n\t\t\t\t<section class=\"elementor-section elementor-top-section elementor-element elementor-element-8869272 elementor-section-boxed elementor-section-height-default elementor-section-height-default\" data-id=\"8869272\" data-element_type=\"section\" data-e-type=\"section\">\n\t\t\t\t\t\t<div class=\"elementor-container elementor-column-gap-default\">\n\t\t\t\t\t<div class=\"elementor-column elementor-col-100 elementor-top-column elementor-element elementor-element-1e705ed\" data-id=\"1e705ed\" data-element_type=\"column\" data-e-type=\"column\">\n\t\t\t<div class=\"elementor-widget-wrap elementor-element-populated\">\n\t\t\t\t\t\t<div class=\"elementor-element elementor-element-924afab elementor-widget elementor-widget-text-editor\" data-id=\"924afab\" data-element_type=\"widget\" data-e-type=\"widget\" data-widget_type=\"text-editor.default\">\n\t\t\t\t<div class=\"elementor-widget-container\">\n\t\t\t\t\t\t\t\t\t<p><a href=\"https:\/\/www.tu-chemnitz.de\/phil\/ifgk\/germanistik\/daf\/ERWDAZ\/erwdaz.php\" title=\"TU Chemnitz | DaZ - Grundschule\" target=\"_blank\" rel=\"noopener\">DaZ &#8211; Grundschule<\/a><\/p>\t\t\t\t\t\t\t\t<\/div>\n\t\t\t\t<\/div>\n\t\t\t\t\t<\/div>\n\t\t<\/div>\n\t\t\t\t\t<\/div>\n\t\t<\/section>\n\t\t\t\t<section class=\"elementor-section elementor-top-section elementor-element elementor-element-f290493 elementor-section-boxed elementor-section-height-default elementor-section-height-default\" data-id=\"f290493\" data-element_type=\"section\" data-e-type=\"section\">\n\t\t\t\t\t\t<div class=\"elementor-container elementor-column-gap-default\">\n\t\t\t\t\t<div class=\"elementor-column elementor-col-100 elementor-top-column elementor-element elementor-element-76e2a19\" data-id=\"76e2a19\" data-element_type=\"column\" data-e-type=\"column\">\n\t\t\t<div class=\"elementor-widget-wrap elementor-element-populated\">\n\t\t\t\t\t\t<div class=\"elementor-element elementor-element-e8a8bac elementor-widget elementor-widget-text-editor\" data-id=\"e8a8bac\" data-element_type=\"widget\" data-e-type=\"widget\" data-widget_type=\"text-editor.default\">\n\t\t\t\t<div class=\"elementor-widget-container\">\n\t\t\t\t\t\t\t\t\t<p>Falls du noch auf der Suche nach der perfekten F\u00e4cherkombination bist, kannst du dich gern durch unsere <a href=\"https:\/\/lehrer-werden-in-sachsen.de\/stage\/\/infos-zur-beruflichen-orientierung\/\" title=\"LEHRERIN Sachsen | FAQ berufliche Orientierung\">FAQ zur beruflichen Orientierung<\/a> klicken. Dort findest du n\u00fctzliche Informationen zu de Schularten, zum Gehalt und Lehramtsstudium selbst.<\/p>\t\t\t\t\t\t\t\t<\/div>\n\t\t\t\t<\/div>\n\t\t\t\t\t<\/div>\n\t\t<\/div>\n\t\t\t\t\t<\/div>\n\t\t<\/section>\n\t\t\t\t<section class=\"elementor-section elementor-top-section elementor-element elementor-element-1e4d1b2 elementor-section-boxed elementor-section-height-default elementor-section-height-default\" data-id=\"1e4d1b2\" data-element_type=\"section\" data-e-type=\"section\">\n\t\t\t\t\t\t<div class=\"elementor-container elementor-column-gap-default\">\n\t\t\t\t\t<div class=\"elementor-column elementor-col-100 elementor-top-column elementor-element elementor-element-0a28af4\" data-id=\"0a28af4\" data-element_type=\"column\" data-e-type=\"column\">\n\t\t\t<div class=\"elementor-widget-wrap elementor-element-populated\">\n\t\t\t\t\t\t<div class=\"elementor-element elementor-element-6b79d91 elementor-widget elementor-widget-heading\" data-id=\"6b79d91\" data-element_type=\"widget\" data-e-type=\"widget\" data-widget_type=\"heading.default\">\n\t\t\t\t<div class=\"elementor-widget-container\">\n\t\t\t\t\t<h2 class=\"elementor-heading-title elementor-size-default\">Mehr F\u00e4cher aus dem ABC<\/h2>\t\t\t\t<\/div>\n\t\t\t\t<\/div>\n\t\t\t\t\t<\/div>\n\t\t<\/div>\n\t\t\t\t\t<\/div>\n\t\t<\/section>\n\t\t\t\t<section class=\"elementor-section elementor-top-section elementor-element elementor-element-fe46e1a elementor-section-boxed elementor-section-height-default elementor-section-height-default\" data-id=\"fe46e1a\" data-element_type=\"section\" data-e-type=\"section\">\n\t\t\t\t\t\t<div class=\"elementor-container elementor-column-gap-default\">\n\t\t\t\t\t<div class=\"elementor-column elementor-col-100 elementor-top-column elementor-element elementor-element-7e75b5d\" data-id=\"7e75b5d\" data-element_type=\"column\" data-e-type=\"column\">\n\t\t\t<div class=\"elementor-widget-wrap elementor-element-populated\">\n\t\t\t\t\t\t<div class=\"elementor-element elementor-element-5d4ceb4 elementor-widget elementor-widget-button\" data-id=\"5d4ceb4\" data-element_type=\"widget\" data-e-type=\"widget\" data-widget_type=\"button.default\">\n\t\t\t\t<div class=\"elementor-widget-container\">\n\t\t\t\t\t\t\t\t\t<div class=\"elementor-button-wrapper\">\n\t\t\t\t\t<a class=\"elementor-button elementor-button-link elementor-size-sm\" href=\"https:\/\/lehrer-werden-in-sachsen.de\/stage\/\/kunst-auf-lehramt-in-sachsen\/\" title=\"Blog K wie Kunst\">\n\t\t\t\t\t\t<span class=\"elementor-button-content-wrapper\">\n\t\t\t\t\t\t\t\t\t<span class=\"elementor-button-text\">K wie Kunst<\/span>\n\t\t\t\t\t<\/span>\n\t\t\t\t\t<\/a>\n\t\t\t\t<\/div>\n\t\t\t\t\t\t\t\t<\/div>\n\t\t\t\t<\/div>\n\t\t\t\t<div class=\"elementor-element elementor-element-d589a4d elementor-widget elementor-widget-button\" data-id=\"d589a4d\" data-element_type=\"widget\" data-e-type=\"widget\" data-widget_type=\"button.default\">\n\t\t\t\t<div class=\"elementor-widget-container\">\n\t\t\t\t\t\t\t\t\t<div class=\"elementor-button-wrapper\">\n\t\t\t\t\t<a class=\"elementor-button elementor-button-link elementor-size-sm\" href=\"https:\/\/lehrer-werden-in-sachsen.de\/stage\/\/faecher-abc-m-wie-mathematik-auf-lehramt\/\" title=\"Blog M wie Mathematik\">\n\t\t\t\t\t\t<span class=\"elementor-button-content-wrapper\">\n\t\t\t\t\t\t\t\t\t<span class=\"elementor-button-text\">M wie Mathematik<\/span>\n\t\t\t\t\t<\/span>\n\t\t\t\t\t<\/a>\n\t\t\t\t<\/div>\n\t\t\t\t\t\t\t\t<\/div>\n\t\t\t\t<\/div>\n\t\t\t\t<div class=\"elementor-element elementor-element-cf6dbc7 elementor-widget elementor-widget-button\" data-id=\"cf6dbc7\" data-element_type=\"widget\" data-e-type=\"widget\" data-widget_type=\"button.default\">\n\t\t\t\t<div class=\"elementor-widget-container\">\n\t\t\t\t\t\t\t\t\t<div class=\"elementor-button-wrapper\">\n\t\t\t\t\t<a class=\"elementor-button elementor-button-link elementor-size-sm\" href=\"https:\/\/lehrer-werden-in-sachsen.de\/stage\/\/faecher-abc-p-wie-politik-auf-lehramt\/\" title=\"Blog P wie Politik\">\n\t\t\t\t\t\t<span class=\"elementor-button-content-wrapper\">\n\t\t\t\t\t\t\t\t\t<span class=\"elementor-button-text\">P wie Politik<\/span>\n\t\t\t\t\t<\/span>\n\t\t\t\t\t<\/a>\n\t\t\t\t<\/div>\n\t\t\t\t\t\t\t\t<\/div>\n\t\t\t\t<\/div>\n\t\t\t\t<div class=\"elementor-element elementor-element-ce1ae51 elementor-widget elementor-widget-button\" data-id=\"ce1ae51\" data-element_type=\"widget\" data-e-type=\"widget\" data-widget_type=\"button.default\">\n\t\t\t\t<div class=\"elementor-widget-container\">\n\t\t\t\t\t\t\t\t\t<div class=\"elementor-button-wrapper\">\n\t\t\t\t\t<a class=\"elementor-button elementor-button-link elementor-size-sm\" href=\"https:\/\/lehrer-werden-in-sachsen.de\/stage\/\/facher-abc-c-wie-chemie-auf-lehramt-2\/\" title=\"Blog C wie Chemie\">\n\t\t\t\t\t\t<span class=\"elementor-button-content-wrapper\">\n\t\t\t\t\t\t\t\t\t<span class=\"elementor-button-text\">C wie Chemie<\/span>\n\t\t\t\t\t<\/span>\n\t\t\t\t\t<\/a>\n\t\t\t\t<\/div>\n\t\t\t\t\t\t\t\t<\/div>\n\t\t\t\t<\/div>\n\t\t\t\t\t<\/div>\n\t\t<\/div>\n\t\t\t\t\t<\/div>\n\t\t<\/section>\n\t\t\t\t<\/div>\n\t\t","protected":false},"excerpt":{"rendered":"<p>Wie kannst du deine Sch\u00fclerinnen und Sch\u00fcler im DaZ-Unterricht so unterst\u00fctzen, dass sie fit f\u00fcr den Regelunterricht in der Schule, aber auch f\u00fcr ihr weiteres Leben werden? Wir zeigen dir, was dich im Studium und als Lehrkraft im Erweiterungsfach Deutsch als Zweitsprache erwartet.<\/p>\n","protected":false},"author":13,"featured_media":22742,"comment_status":"closed","ping_status":"closed","sticky":false,"template":"","format":"standard","meta":{"footnotes":""},"categories":[46],"tags":[94,199],"class_list":["post-22741","post","type-post","status-publish","format-standard","has-post-thumbnail","hentry","category-blog","tag-lehramtsstudium","tag-schulfach"],"yoast_head":"<!-- This site is optimized with the Yoast SEO plugin v27.3 - https:\/\/yoast.com\/product\/yoast-seo-wordpress\/ -->\n<title>LEHRERIN Sachsen | F\u00e4cher-ABC: D wie DaZ<\/title>\n<meta name=\"description\" content=\"Im Erweiterungsfach DaZ unterst\u00fctzt du nicht-deutschsprachige Kinder bei der Integration in den Regelunterricht. Wir verraten dir, wie genau\" \/>\n<meta name=\"robots\" content=\"index, follow, max-snippet:-1, max-image-preview:large, max-video-preview:-1\" \/>\n<link rel=\"canonical\" href=\"https:\/\/lehrer-werden-in-sachsen.de\/faecher-abc-d-wie-daz-deutsch-als-zweitsprache\/\" \/>\n<meta property=\"og:locale\" content=\"de_DE\" \/>\n<meta property=\"og:type\" content=\"article\" \/>\n<meta property=\"og:title\" content=\"LEHRERIN Sachsen | F\u00e4cher-ABC: D wie DaZ\" \/>\n<meta property=\"og:description\" content=\"Im Erweiterungsfach DaZ unterst\u00fctzt du nicht-deutschsprachige Kinder bei der Integration in den Regelunterricht. Wir verraten dir, wie genau\" \/>\n<meta property=\"og:url\" content=\"https:\/\/lehrer-werden-in-sachsen.de\/faecher-abc-d-wie-daz-deutsch-als-zweitsprache\/\" \/>\n<meta property=\"og:site_name\" content=\"LEHRERIN SACHSEN\" \/>\n<meta property=\"article:published_time\" content=\"2025-07-15T13:28:21+00:00\" \/>\n<meta property=\"article:modified_time\" content=\"2026-04-02T13:05:08+00:00\" \/>\n<meta property=\"og:image\" content=\"https:\/\/lehrer-werden-in-sachsen.de\/wp-content\/uploads\/2025\/08\/SMK-Lehrer_in_Sachsen_Faecher-ABC_DAZ_Deutsch_als_Zweitsprache_Artikel-1.jpg\" \/>\n\t<meta property=\"og:image:width\" content=\"1920\" \/>\n\t<meta property=\"og:image:height\" content=\"970\" \/>\n\t<meta property=\"og:image:type\" content=\"image\/jpeg\" \/>\n<meta name=\"author\" content=\"Maria Kretschmann\" \/>\n<meta name=\"twitter:card\" content=\"summary_large_image\" \/>\n<meta name=\"twitter:label1\" content=\"Verfasst von\" \/>\n\t<meta name=\"twitter:data1\" content=\"Maria Kretschmann\" \/>\n\t<meta name=\"twitter:label2\" content=\"Gesch\u00e4tzte Lesezeit\" \/>\n\t<meta name=\"twitter:data2\" content=\"5\u00a0Minuten\" \/>\n<script type=\"application\/ld+json\" class=\"yoast-schema-graph\">{\"@context\":\"https:\\\/\\\/schema.org\",\"@graph\":[{\"@type\":\"Article\",\"@id\":\"https:\\\/\\\/lehrer-werden-in-sachsen.de\\\/faecher-abc-d-wie-daz-deutsch-als-zweitsprache\\\/#article\",\"isPartOf\":{\"@id\":\"https:\\\/\\\/lehrer-werden-in-sachsen.de\\\/faecher-abc-d-wie-daz-deutsch-als-zweitsprache\\\/\"},\"author\":{\"name\":\"Maria Kretschmann\",\"@id\":\"https:\\\/\\\/lehrer-werden-in-sachsen.de\\\/#\\\/schema\\\/person\\\/4a127ffcfbf4e52ff0f66dcd7b4a5cc1\"},\"headline\":\"F\u00e4cher-ABC: D wie DaZ &#8211; Deutsch als Zweitsprache\",\"datePublished\":\"2025-07-15T13:28:21+00:00\",\"dateModified\":\"2026-04-02T13:05:08+00:00\",\"mainEntityOfPage\":{\"@id\":\"https:\\\/\\\/lehrer-werden-in-sachsen.de\\\/faecher-abc-d-wie-daz-deutsch-als-zweitsprache\\\/\"},\"wordCount\":854,\"publisher\":{\"@id\":\"https:\\\/\\\/lehrer-werden-in-sachsen.de\\\/#organization\"},\"image\":{\"@id\":\"https:\\\/\\\/lehrer-werden-in-sachsen.de\\\/faecher-abc-d-wie-daz-deutsch-als-zweitsprache\\\/#primaryimage\"},\"thumbnailUrl\":\"https:\\\/\\\/lehrer-werden-in-sachsen.de\\\/stage\\\/wp-content\\\/uploads\\\/2025\\\/08\\\/SMK-Lehrer_in_Sachsen_Faecher-ABC_DAZ_Deutsch_als_Zweitsprache_Artikel-1.jpg\",\"keywords\":[\"Lehramtsstudium\",\"Schulfach\"],\"articleSection\":[\"Blog\"],\"inLanguage\":\"de\"},{\"@type\":\"WebPage\",\"@id\":\"https:\\\/\\\/lehrer-werden-in-sachsen.de\\\/faecher-abc-d-wie-daz-deutsch-als-zweitsprache\\\/\",\"url\":\"https:\\\/\\\/lehrer-werden-in-sachsen.de\\\/faecher-abc-d-wie-daz-deutsch-als-zweitsprache\\\/\",\"name\":\"LEHRERIN Sachsen | F\u00e4cher-ABC: D wie DaZ\",\"isPartOf\":{\"@id\":\"https:\\\/\\\/lehrer-werden-in-sachsen.de\\\/#website\"},\"primaryImageOfPage\":{\"@id\":\"https:\\\/\\\/lehrer-werden-in-sachsen.de\\\/faecher-abc-d-wie-daz-deutsch-als-zweitsprache\\\/#primaryimage\"},\"image\":{\"@id\":\"https:\\\/\\\/lehrer-werden-in-sachsen.de\\\/faecher-abc-d-wie-daz-deutsch-als-zweitsprache\\\/#primaryimage\"},\"thumbnailUrl\":\"https:\\\/\\\/lehrer-werden-in-sachsen.de\\\/stage\\\/wp-content\\\/uploads\\\/2025\\\/08\\\/SMK-Lehrer_in_Sachsen_Faecher-ABC_DAZ_Deutsch_als_Zweitsprache_Artikel-1.jpg\",\"datePublished\":\"2025-07-15T13:28:21+00:00\",\"dateModified\":\"2026-04-02T13:05:08+00:00\",\"description\":\"Im Erweiterungsfach DaZ unterst\u00fctzt du nicht-deutschsprachige Kinder bei der Integration in den Regelunterricht. Wir verraten dir, wie genau\",\"breadcrumb\":{\"@id\":\"https:\\\/\\\/lehrer-werden-in-sachsen.de\\\/faecher-abc-d-wie-daz-deutsch-als-zweitsprache\\\/#breadcrumb\"},\"inLanguage\":\"de\",\"potentialAction\":[{\"@type\":\"ReadAction\",\"target\":[\"https:\\\/\\\/lehrer-werden-in-sachsen.de\\\/faecher-abc-d-wie-daz-deutsch-als-zweitsprache\\\/\"]}]},{\"@type\":\"ImageObject\",\"inLanguage\":\"de\",\"@id\":\"https:\\\/\\\/lehrer-werden-in-sachsen.de\\\/faecher-abc-d-wie-daz-deutsch-als-zweitsprache\\\/#primaryimage\",\"url\":\"https:\\\/\\\/lehrer-werden-in-sachsen.de\\\/stage\\\/wp-content\\\/uploads\\\/2025\\\/08\\\/SMK-Lehrer_in_Sachsen_Faecher-ABC_DAZ_Deutsch_als_Zweitsprache_Artikel-1.jpg\",\"contentUrl\":\"https:\\\/\\\/lehrer-werden-in-sachsen.de\\\/stage\\\/wp-content\\\/uploads\\\/2025\\\/08\\\/SMK-Lehrer_in_Sachsen_Faecher-ABC_DAZ_Deutsch_als_Zweitsprache_Artikel-1.jpg\",\"width\":1920,\"height\":970,\"caption\":\"Holztafel mit alphabetischen Buchstaben in Gro\u00df- und Kleinbuchstaben angeordnet.\"},{\"@type\":\"BreadcrumbList\",\"@id\":\"https:\\\/\\\/lehrer-werden-in-sachsen.de\\\/faecher-abc-d-wie-daz-deutsch-als-zweitsprache\\\/#breadcrumb\",\"itemListElement\":[{\"@type\":\"ListItem\",\"position\":1,\"name\":\"Startseite\",\"item\":\"https:\\\/\\\/lehrer-werden-in-sachsen.de\\\/\"},{\"@type\":\"ListItem\",\"position\":2,\"name\":\"F\u00e4cher-ABC: D wie DaZ &#8211; Deutsch als Zweitsprache\"}]},{\"@type\":\"WebSite\",\"@id\":\"https:\\\/\\\/lehrer-werden-in-sachsen.de\\\/#website\",\"url\":\"https:\\\/\\\/lehrer-werden-in-sachsen.de\\\/\",\"name\":\"LEHRERIN SACHSEN\",\"description\":\"Eine Klasse f\u00fcr sich.\",\"publisher\":{\"@id\":\"https:\\\/\\\/lehrer-werden-in-sachsen.de\\\/#organization\"},\"potentialAction\":[{\"@type\":\"SearchAction\",\"target\":{\"@type\":\"EntryPoint\",\"urlTemplate\":\"https:\\\/\\\/lehrer-werden-in-sachsen.de\\\/?s={search_term_string}\"},\"query-input\":{\"@type\":\"PropertyValueSpecification\",\"valueRequired\":true,\"valueName\":\"search_term_string\"}}],\"inLanguage\":\"de\"},{\"@type\":\"Organization\",\"@id\":\"https:\\\/\\\/lehrer-werden-in-sachsen.de\\\/#organization\",\"name\":\"LEHRERIN SACHSEN\",\"url\":\"https:\\\/\\\/lehrer-werden-in-sachsen.de\\\/\",\"logo\":{\"@type\":\"ImageObject\",\"inLanguage\":\"de\",\"@id\":\"https:\\\/\\\/lehrer-werden-in-sachsen.de\\\/#\\\/schema\\\/logo\\\/image\\\/\",\"url\":\"https:\\\/\\\/lehrer-werden-in-sachsen.de\\\/stage\\\/wp-content\\\/uploads\\\/2022\\\/02\\\/SMK_Leherin-Sachsen-Marke_RGB_Violett-Orange.svg\",\"contentUrl\":\"https:\\\/\\\/lehrer-werden-in-sachsen.de\\\/stage\\\/wp-content\\\/uploads\\\/2022\\\/02\\\/SMK_Leherin-Sachsen-Marke_RGB_Violett-Orange.svg\",\"caption\":\"LEHRERIN SACHSEN\"},\"image\":{\"@id\":\"https:\\\/\\\/lehrer-werden-in-sachsen.de\\\/#\\\/schema\\\/logo\\\/image\\\/\"}},{\"@type\":\"Person\",\"@id\":\"https:\\\/\\\/lehrer-werden-in-sachsen.de\\\/#\\\/schema\\\/person\\\/4a127ffcfbf4e52ff0f66dcd7b4a5cc1\",\"name\":\"Maria Kretschmann\",\"image\":{\"@type\":\"ImageObject\",\"inLanguage\":\"de\",\"@id\":\"https:\\\/\\\/secure.gravatar.com\\\/avatar\\\/785963a239158e0d036c182ccde6b24c2d0822b83af8ab1b3773045a106114df?s=96&d=mm&r=g\",\"url\":\"https:\\\/\\\/secure.gravatar.com\\\/avatar\\\/785963a239158e0d036c182ccde6b24c2d0822b83af8ab1b3773045a106114df?s=96&d=mm&r=g\",\"contentUrl\":\"https:\\\/\\\/secure.gravatar.com\\\/avatar\\\/785963a239158e0d036c182ccde6b24c2d0822b83af8ab1b3773045a106114df?s=96&d=mm&r=g\",\"caption\":\"Maria Kretschmann\"},\"url\":\"https:\\\/\\\/lehrer-werden-in-sachsen.de\\\/stage\\\/author\\\/maria-kretschmann\\\/\"}]}<\/script>\n<!-- \/ Yoast SEO plugin. -->","yoast_head_json":{"title":"LEHRERIN Sachsen | F\u00e4cher-ABC: D wie DaZ","description":"Im Erweiterungsfach DaZ unterst\u00fctzt du nicht-deutschsprachige Kinder bei der Integration in den Regelunterricht. Wir verraten dir, wie genau","robots":{"index":"index","follow":"follow","max-snippet":"max-snippet:-1","max-image-preview":"max-image-preview:large","max-video-preview":"max-video-preview:-1"},"canonical":"https:\/\/lehrer-werden-in-sachsen.de\/faecher-abc-d-wie-daz-deutsch-als-zweitsprache\/","og_locale":"de_DE","og_type":"article","og_title":"LEHRERIN Sachsen | F\u00e4cher-ABC: D wie DaZ","og_description":"Im Erweiterungsfach DaZ unterst\u00fctzt du nicht-deutschsprachige Kinder bei der Integration in den Regelunterricht. Wir verraten dir, wie genau","og_url":"https:\/\/lehrer-werden-in-sachsen.de\/faecher-abc-d-wie-daz-deutsch-als-zweitsprache\/","og_site_name":"LEHRERIN SACHSEN","article_published_time":"2025-07-15T13:28:21+00:00","article_modified_time":"2026-04-02T13:05:08+00:00","og_image":[{"width":1920,"height":970,"url":"https:\/\/lehrer-werden-in-sachsen.de\/wp-content\/uploads\/2025\/08\/SMK-Lehrer_in_Sachsen_Faecher-ABC_DAZ_Deutsch_als_Zweitsprache_Artikel-1.jpg","type":"image\/jpeg"}],"author":"Maria Kretschmann","twitter_card":"summary_large_image","twitter_misc":{"Verfasst von":"Maria Kretschmann","Gesch\u00e4tzte Lesezeit":"5\u00a0Minuten"},"schema":{"@context":"https:\/\/schema.org","@graph":[{"@type":"Article","@id":"https:\/\/lehrer-werden-in-sachsen.de\/faecher-abc-d-wie-daz-deutsch-als-zweitsprache\/#article","isPartOf":{"@id":"https:\/\/lehrer-werden-in-sachsen.de\/faecher-abc-d-wie-daz-deutsch-als-zweitsprache\/"},"author":{"name":"Maria Kretschmann","@id":"https:\/\/lehrer-werden-in-sachsen.de\/#\/schema\/person\/4a127ffcfbf4e52ff0f66dcd7b4a5cc1"},"headline":"F\u00e4cher-ABC: D wie DaZ &#8211; Deutsch als Zweitsprache","datePublished":"2025-07-15T13:28:21+00:00","dateModified":"2026-04-02T13:05:08+00:00","mainEntityOfPage":{"@id":"https:\/\/lehrer-werden-in-sachsen.de\/faecher-abc-d-wie-daz-deutsch-als-zweitsprache\/"},"wordCount":854,"publisher":{"@id":"https:\/\/lehrer-werden-in-sachsen.de\/#organization"},"image":{"@id":"https:\/\/lehrer-werden-in-sachsen.de\/faecher-abc-d-wie-daz-deutsch-als-zweitsprache\/#primaryimage"},"thumbnailUrl":"https:\/\/lehrer-werden-in-sachsen.de\/stage\/wp-content\/uploads\/2025\/08\/SMK-Lehrer_in_Sachsen_Faecher-ABC_DAZ_Deutsch_als_Zweitsprache_Artikel-1.jpg","keywords":["Lehramtsstudium","Schulfach"],"articleSection":["Blog"],"inLanguage":"de"},{"@type":"WebPage","@id":"https:\/\/lehrer-werden-in-sachsen.de\/faecher-abc-d-wie-daz-deutsch-als-zweitsprache\/","url":"https:\/\/lehrer-werden-in-sachsen.de\/faecher-abc-d-wie-daz-deutsch-als-zweitsprache\/","name":"LEHRERIN Sachsen | F\u00e4cher-ABC: D wie DaZ","isPartOf":{"@id":"https:\/\/lehrer-werden-in-sachsen.de\/#website"},"primaryImageOfPage":{"@id":"https:\/\/lehrer-werden-in-sachsen.de\/faecher-abc-d-wie-daz-deutsch-als-zweitsprache\/#primaryimage"},"image":{"@id":"https:\/\/lehrer-werden-in-sachsen.de\/faecher-abc-d-wie-daz-deutsch-als-zweitsprache\/#primaryimage"},"thumbnailUrl":"https:\/\/lehrer-werden-in-sachsen.de\/stage\/wp-content\/uploads\/2025\/08\/SMK-Lehrer_in_Sachsen_Faecher-ABC_DAZ_Deutsch_als_Zweitsprache_Artikel-1.jpg","datePublished":"2025-07-15T13:28:21+00:00","dateModified":"2026-04-02T13:05:08+00:00","description":"Im Erweiterungsfach DaZ unterst\u00fctzt du nicht-deutschsprachige Kinder bei der Integration in den Regelunterricht. Wir verraten dir, wie genau","breadcrumb":{"@id":"https:\/\/lehrer-werden-in-sachsen.de\/faecher-abc-d-wie-daz-deutsch-als-zweitsprache\/#breadcrumb"},"inLanguage":"de","potentialAction":[{"@type":"ReadAction","target":["https:\/\/lehrer-werden-in-sachsen.de\/faecher-abc-d-wie-daz-deutsch-als-zweitsprache\/"]}]},{"@type":"ImageObject","inLanguage":"de","@id":"https:\/\/lehrer-werden-in-sachsen.de\/faecher-abc-d-wie-daz-deutsch-als-zweitsprache\/#primaryimage","url":"https:\/\/lehrer-werden-in-sachsen.de\/stage\/wp-content\/uploads\/2025\/08\/SMK-Lehrer_in_Sachsen_Faecher-ABC_DAZ_Deutsch_als_Zweitsprache_Artikel-1.jpg","contentUrl":"https:\/\/lehrer-werden-in-sachsen.de\/stage\/wp-content\/uploads\/2025\/08\/SMK-Lehrer_in_Sachsen_Faecher-ABC_DAZ_Deutsch_als_Zweitsprache_Artikel-1.jpg","width":1920,"height":970,"caption":"Holztafel mit alphabetischen Buchstaben in Gro\u00df- und Kleinbuchstaben angeordnet."},{"@type":"BreadcrumbList","@id":"https:\/\/lehrer-werden-in-sachsen.de\/faecher-abc-d-wie-daz-deutsch-als-zweitsprache\/#breadcrumb","itemListElement":[{"@type":"ListItem","position":1,"name":"Startseite","item":"https:\/\/lehrer-werden-in-sachsen.de\/"},{"@type":"ListItem","position":2,"name":"F\u00e4cher-ABC: D wie DaZ &#8211; Deutsch als Zweitsprache"}]},{"@type":"WebSite","@id":"https:\/\/lehrer-werden-in-sachsen.de\/#website","url":"https:\/\/lehrer-werden-in-sachsen.de\/","name":"LEHRERIN SACHSEN","description":"Eine Klasse f\u00fcr sich.","publisher":{"@id":"https:\/\/lehrer-werden-in-sachsen.de\/#organization"},"potentialAction":[{"@type":"SearchAction","target":{"@type":"EntryPoint","urlTemplate":"https:\/\/lehrer-werden-in-sachsen.de\/?s={search_term_string}"},"query-input":{"@type":"PropertyValueSpecification","valueRequired":true,"valueName":"search_term_string"}}],"inLanguage":"de"},{"@type":"Organization","@id":"https:\/\/lehrer-werden-in-sachsen.de\/#organization","name":"LEHRERIN SACHSEN","url":"https:\/\/lehrer-werden-in-sachsen.de\/","logo":{"@type":"ImageObject","inLanguage":"de","@id":"https:\/\/lehrer-werden-in-sachsen.de\/#\/schema\/logo\/image\/","url":"https:\/\/lehrer-werden-in-sachsen.de\/stage\/wp-content\/uploads\/2022\/02\/SMK_Leherin-Sachsen-Marke_RGB_Violett-Orange.svg","contentUrl":"https:\/\/lehrer-werden-in-sachsen.de\/stage\/wp-content\/uploads\/2022\/02\/SMK_Leherin-Sachsen-Marke_RGB_Violett-Orange.svg","caption":"LEHRERIN SACHSEN"},"image":{"@id":"https:\/\/lehrer-werden-in-sachsen.de\/#\/schema\/logo\/image\/"}},{"@type":"Person","@id":"https:\/\/lehrer-werden-in-sachsen.de\/#\/schema\/person\/4a127ffcfbf4e52ff0f66dcd7b4a5cc1","name":"Maria Kretschmann","image":{"@type":"ImageObject","inLanguage":"de","@id":"https:\/\/secure.gravatar.com\/avatar\/785963a239158e0d036c182ccde6b24c2d0822b83af8ab1b3773045a106114df?s=96&d=mm&r=g","url":"https:\/\/secure.gravatar.com\/avatar\/785963a239158e0d036c182ccde6b24c2d0822b83af8ab1b3773045a106114df?s=96&d=mm&r=g","contentUrl":"https:\/\/secure.gravatar.com\/avatar\/785963a239158e0d036c182ccde6b24c2d0822b83af8ab1b3773045a106114df?s=96&d=mm&r=g","caption":"Maria Kretschmann"},"url":"https:\/\/lehrer-werden-in-sachsen.de\/stage\/author\/maria-kretschmann\/"}]}},"_links":{"self":[{"href":"https:\/\/lehrer-werden-in-sachsen.de\/stage\/wp-json\/wp\/v2\/posts\/22741","targetHints":{"allow":["GET"]}}],"collection":[{"href":"https:\/\/lehrer-werden-in-sachsen.de\/stage\/wp-json\/wp\/v2\/posts"}],"about":[{"href":"https:\/\/lehrer-werden-in-sachsen.de\/stage\/wp-json\/wp\/v2\/types\/post"}],"author":[{"embeddable":true,"href":"https:\/\/lehrer-werden-in-sachsen.de\/stage\/wp-json\/wp\/v2\/users\/13"}],"replies":[{"embeddable":true,"href":"https:\/\/lehrer-werden-in-sachsen.de\/stage\/wp-json\/wp\/v2\/comments?post=22741"}],"version-history":[{"count":89,"href":"https:\/\/lehrer-werden-in-sachsen.de\/stage\/wp-json\/wp\/v2\/posts\/22741\/revisions"}],"predecessor-version":[{"id":27084,"href":"https:\/\/lehrer-werden-in-sachsen.de\/stage\/wp-json\/wp\/v2\/posts\/22741\/revisions\/27084"}],"wp:featuredmedia":[{"embeddable":true,"href":"https:\/\/lehrer-werden-in-sachsen.de\/stage\/wp-json\/wp\/v2\/media\/22742"}],"wp:attachment":[{"href":"https:\/\/lehrer-werden-in-sachsen.de\/stage\/wp-json\/wp\/v2\/media?parent=22741"}],"wp:term":[{"taxonomy":"category","embeddable":true,"href":"https:\/\/lehrer-werden-in-sachsen.de\/stage\/wp-json\/wp\/v2\/categories?post=22741"},{"taxonomy":"post_tag","embeddable":true,"href":"https:\/\/lehrer-werden-in-sachsen.de\/stage\/wp-json\/wp\/v2\/tags?post=22741"}],"curies":[{"name":"wp","href":"https:\/\/api.w.org\/{rel}","templated":true}]}}