{"id":20707,"date":"2025-06-12T11:17:48","date_gmt":"2025-06-12T09:17:48","guid":{"rendered":"https:\/\/lehrer-werden-in-sachsen.de\/stage\/?p=20707"},"modified":"2025-12-05T13:48:13","modified_gmt":"2025-12-05T12:48:13","slug":"taeglich-acht-neue-perspektiven-auf-die-welt","status":"publish","type":"post","link":"https:\/\/lehrer-werden-in-sachsen.de\/stage\/taeglich-acht-neue-perspektiven-auf-die-welt\/","title":{"rendered":"T\u00e4glich acht neue Perspektiven auf die Welt"},"content":{"rendered":"\t\t<div data-elementor-type=\"wp-post\" data-elementor-id=\"20707\" class=\"elementor elementor-20707\" data-elementor-post-type=\"post\">\n\t\t\t\t\t\t<section class=\"elementor-section elementor-top-section elementor-element elementor-element-77dc2d3 elementor-section-boxed elementor-section-height-default elementor-section-height-default\" data-id=\"77dc2d3\" data-element_type=\"section\" data-e-type=\"section\">\n\t\t\t\t\t\t<div class=\"elementor-container elementor-column-gap-default\">\n\t\t\t\t\t<div class=\"elementor-column elementor-col-100 elementor-top-column elementor-element elementor-element-db24ebd\" data-id=\"db24ebd\" data-element_type=\"column\" data-e-type=\"column\">\n\t\t\t<div class=\"elementor-widget-wrap elementor-element-populated\">\n\t\t\t\t\t\t<div class=\"elementor-element elementor-element-8cb6e5f elementor-widget elementor-widget-text-editor\" data-id=\"8cb6e5f\" data-element_type=\"widget\" data-e-type=\"widget\" data-widget_type=\"text-editor.default\">\n\t\t\t\t<div class=\"elementor-widget-container\">\n\t\t\t\t\t\t\t\t\t<p><strong>Lara Schreck ist Sonderp\u00e4dagogik<\/strong><strong>&#8211; und Musik-Studentin und hat ihr Ziel vor Augen: In einigen Jahren Lehrerin im F\u00f6rderschwerpunkt Geistige Entwicklung oder <\/strong><strong>Lernen zu sein. Die 23-J\u00e4hrige verlie\u00df sich bei der Entscheidung f\u00fcr ihre Studienf\u00e4cher auf ihr Gef\u00fchl und zog kurzerhand von Dortmund nach Leipzig. Nach einem Wechsel vom Schwerpunkt Sozial-Emotionale Entwicklung zu Geistige Entwicklung ist sie rundum gl\u00fccklich mit ihrer Wahl, ihrer bisherigen Praxiserfahrung und vor allem damit, was ihr die Kinder zur\u00fcckgeben. <\/strong><\/p>\n<p><strong>\u00a0<\/strong><\/p>\n<p><strong><em>Achtung, Longread! In sieben Minuten gibt es daf\u00fcr aber auch einen tieferen Einblick ins Sonderp\u00e4dagogikstudium und in die Unterrichtspraxis.<\/em><br \/><\/strong><\/p>\t\t\t\t\t\t\t\t<\/div>\n\t\t\t\t<\/div>\n\t\t\t\t\t<\/div>\n\t\t<\/div>\n\t\t\t\t\t<\/div>\n\t\t<\/section>\n\t\t\t\t<section class=\"elementor-section elementor-top-section elementor-element elementor-element-7c98c9f elementor-section-boxed elementor-section-height-default elementor-section-height-default\" data-id=\"7c98c9f\" data-element_type=\"section\" data-e-type=\"section\">\n\t\t\t\t\t\t<div class=\"elementor-container elementor-column-gap-default\">\n\t\t\t\t\t<div class=\"elementor-column elementor-col-100 elementor-top-column elementor-element elementor-element-c34fa70\" data-id=\"c34fa70\" data-element_type=\"column\" data-e-type=\"column\">\n\t\t\t<div class=\"elementor-widget-wrap elementor-element-populated\">\n\t\t\t\t\t\t\t<\/div>\n\t\t<\/div>\n\t\t\t\t\t<\/div>\n\t\t<\/section>\n\t\t\t\t<section class=\"elementor-section elementor-top-section elementor-element elementor-element-20f5d6f elementor-section-boxed elementor-section-height-default elementor-section-height-default\" data-id=\"20f5d6f\" data-element_type=\"section\" data-e-type=\"section\">\n\t\t\t\t\t\t<div class=\"elementor-container elementor-column-gap-default\">\n\t\t\t\t\t<div class=\"elementor-column elementor-col-100 elementor-top-column elementor-element elementor-element-387bff1\" data-id=\"387bff1\" data-element_type=\"column\" data-e-type=\"column\">\n\t\t\t<div class=\"elementor-widget-wrap elementor-element-populated\">\n\t\t\t\t\t\t<div class=\"elementor-element elementor-element-ea92e7e elementor-widget elementor-widget-text-editor\" data-id=\"ea92e7e\" data-element_type=\"widget\" data-e-type=\"widget\" data-widget_type=\"text-editor.default\">\n\t\t\t\t<div class=\"elementor-widget-container\">\n\t\t\t\t\t\t\t\t\t<p><strong>Lara, du studierst Sonderp\u00e4dagogik mit F\u00f6rderschwerpunkt Geistige Entwicklung und das Fach Musik in Leipzig. Wie l\u00e4uft das ab? <\/strong><\/p><p><strong>\u00a0<\/strong><\/p><p>Ich bin im zehnten Semester. An der <a href=\"https:\/\/www.uni-leipzig.de\/\" title=\"Universit\u00e4t Leipzig\" target=\"_blank\" data-auto-event-observed=\"true\" rel=\"noopener\">Universit\u00e4t Leipzig<\/a> absolviere ich die erziehungswissenschaftlichen, didaktischen und fachlichen Module im Bereich <a href=\"https:\/\/www.uni-leipzig.de\/studium\/im-studium\/lehramtsstudium\/lehramt-sonderpaedagogik\" title=\"Universit\u00e4t Leipzig - Lehramt Sonderp\u00e4dagogik\" target=\"_blank\" data-auto-event-observed=\"true\" rel=\"noopener\">Sonderp\u00e4dagogik<\/a> und <a href=\"https:\/\/www.uni-leipzig.de\/studium\/im-studium\/lehramtsstudium\/lehramt-an-grundschulen\" title=\"Universit\u00e4t Leipzig - Lehramt an Grundschulen\" target=\"_blank\" data-auto-event-observed=\"true\" rel=\"noopener\">Grundschule<\/a>: Mathe, Deutsch, Sachunterricht.\u00a0 An der <a href=\"https:\/\/www.hmt-leipzig.de\/\" title=\"Hochschule f\u00fcr Musik und Theater \u201aFelix Mendelssohn Bartholdy\u2018\" target=\"_blank\" data-auto-event-observed=\"true\" rel=\"noopener\">HMT, der Hochschule f\u00fcr Musik und Theater \u201aFelix Mendelssohn Bartholdy\u2018<\/a>, studiere ich dazu im vierten Fach Musik.\u00a0<\/p><p>\u00a0<\/p><p>Insgesamt sieht das Studium sechs Pflichtpraktika vor. Davon sind zwei Blockpraktika, die ich an der <a href=\"https:\/\/cms.sachsen.schule\/szlkm\/startseite-aktuelles.html\" title=\"Westlausitzschule Kamenz\" target=\"_blank\" data-auto-event-observed=\"true\" rel=\"noopener\">Westlausitzschule Kamenz<\/a> mit dem F\u00f6rderschwerpunkt Lernen und an der <a href=\"https:\/\/www.helene-haeusler-schule.de\/\" title=\"Helene-Haeusler-Schule\" target=\"_blank\" data-auto-event-observed=\"true\" rel=\"noopener\">Helene-Haeusler-Schule<\/a> in Berlin jeweils vier Wochen lang gemacht habe. Gerade bin ich in meinem letzten semesterbegleitenden Pflichtpraktikum an der <a href=\"https:\/\/cms.sachsen.schule\/fsebneumann\/aktuelle-infos.html\" title=\"Karl-Neumann-Schule\" target=\"_blank\" data-auto-event-observed=\"true\" rel=\"noopener\">Karl-Neumann-Schule, F\u00f6rderzentrum mit F\u00f6rderschwerpunkt geistige Entwicklung<\/a>, in Eilenburg. Im Sommer 2026 werde ich das erste Staatsexamen machen und k\u00f6nnte mir aktuell gut vorstellen, anschlie\u00dfend in den zweij\u00e4hrigen Vorbereitungsdienst zu gehen.<i style=\"font-family: inherit; font-size: inherit; font-variant-ligatures: inherit; font-variant-caps: inherit; font-weight: inherit;\"><span data-contrast=\"auto\">\u00a0<\/span><\/i><\/p><p><i style=\"font-family: inherit; font-size: inherit; font-variant-ligatures: inherit; font-variant-caps: inherit; font-weight: inherit;\"><span data-contrast=\"auto\">\u00a0<\/span><\/i><\/p>\t\t\t\t\t\t\t\t<\/div>\n\t\t\t\t<\/div>\n\t\t\t\t\t<\/div>\n\t\t<\/div>\n\t\t\t\t\t<\/div>\n\t\t<\/section>\n\t\t\t\t<section class=\"elementor-section elementor-top-section elementor-element elementor-element-c846dab elementor-section-boxed elementor-section-height-default elementor-section-height-default\" data-id=\"c846dab\" data-element_type=\"section\" data-e-type=\"section\">\n\t\t\t\t\t\t<div class=\"elementor-container elementor-column-gap-default\">\n\t\t\t\t\t<div class=\"elementor-column elementor-col-100 elementor-top-column elementor-element elementor-element-b14ca4b\" data-id=\"b14ca4b\" data-element_type=\"column\" data-e-type=\"column\">\n\t\t\t<div class=\"elementor-widget-wrap elementor-element-populated\">\n\t\t\t\t\t\t<div class=\"elementor-element elementor-element-e800f3d elementor-widget elementor-widget-text-editor\" data-id=\"e800f3d\" data-element_type=\"widget\" data-e-type=\"widget\" data-widget_type=\"text-editor.default\">\n\t\t\t\t<div class=\"elementor-widget-container\">\n\t\t\t\t\t\t\t\t\t<p><strong>Du bist f\u00fcr dein erstes Blockpraktikum in den Landkreis Bautzen gegangen. Wolltest du bewusst so richtig aufs Land?<\/strong><\/p><p><strong>\u00a0<\/strong><\/p><p>Ich komme urspr\u00fcnglich aus Dortmund, einer Stadt mit einem gro\u00dfen Stadtgebiet. Ich bin 2020 nach Leipzig gezogen und habe gar nicht unbedingt daran gedacht im l\u00e4ndlichen Raum ein Praktikum zu machen. Der Platz in Kamenz wurde mir \u00fcber das zentrale Praktikumsportal zugeteilt. Ich habe in einem noch kleineren Ort, in Crostwitz, gewohnt und besonders die Landschaft und die Natur genossen. Ich wurde morgens vom Hahn geweckt, konnte zwischen den Feldern joggen und abends die Pferde auf der Weide streicheln. Es gab viele sch\u00f6ne Situationen: Ich bin zum Beispiel von meiner Vermieterin spontan auf den Geburtstag ihres Mannes eingeladen worden und fand mich abends mitten in einer Familienfeier wieder.<\/p><p>\u00a0<\/p><p>Ich hatte ein Auto in dieser Zeit zur Verf\u00fcgung, sodass ich zur Schule pendeln und auch mein E-Piano mitnehmen konnte. Es war gut, dass die <a href=\"https:\/\/www.perspektive-land.de\/\" title=\"Perspektive Land\" target=\"_blank\" data-auto-event-observed=\"true\" rel=\"noopener\">Perspektive Land<\/a>, ein Programm der Deutschen Kinder- und Jugendstiftung im Auftrag des S\u00e4chsischen Staatsministeriums f\u00fcr Kultus, das finanziell unterst\u00fctzt hat, weil ich in den vier Wochen vor Ort wohnen musste und Mehrkosten hatte. F\u00fcr Perspektive Land habe ich in der Zeit in Kamenz auch den <a href=\"https:\/\/open.spotify.com\/episode\/7nBNo4ImuTuxrLNuXaYhya?si=U3pYGnZdRYyC-db5BkpdHg&amp;nd=1&amp;dlsi=fef150b06bca4d82\" title=\"Perspektive Land: Praktikumspodcast\" target=\"_blank\" data-auto-event-observed=\"true\" rel=\"noopener\">Praktikumspodcast<\/a> \u00fcbernommen und \u00fcber meine Erfahrungen berichtet.<\/p><p>\u00a0<\/p><p>Mit dem zweiten Blockpraktikum in Berlin lief es anders. Mir war eine Krankenhausschule in Sachsen zugeteilt worden, nur konnte die Schule mir keine Sch\u00fclerinnen und Sch\u00fcler mit dem F\u00f6rderschwerpunkt garantieren. Das ist aber eine formale Voraussetzung. Selbst Schulen anzufragen ist in Sachsen nicht erlaubt, in anderen Bundesl\u00e4ndern dagegen schon. Also habe ich mich informiert, mich in Berlin initiativ bei einigen Schulen beworben und mich dann f\u00fcr die Helene-Haeusler-Schule entschieden.<\/p><p>\u00a0<\/p>\t\t\t\t\t\t\t\t<\/div>\n\t\t\t\t<\/div>\n\t\t\t\t\t<\/div>\n\t\t<\/div>\n\t\t\t\t\t<\/div>\n\t\t<\/section>\n\t\t\t\t<section class=\"elementor-section elementor-top-section elementor-element elementor-element-e4edff6 elementor-section-boxed elementor-section-height-default elementor-section-height-default\" data-id=\"e4edff6\" data-element_type=\"section\" data-e-type=\"section\">\n\t\t\t\t\t\t<div class=\"elementor-container elementor-column-gap-default\">\n\t\t\t\t\t<div class=\"elementor-column elementor-col-100 elementor-top-column elementor-element elementor-element-8bfd0cd\" data-id=\"8bfd0cd\" data-element_type=\"column\" data-e-type=\"column\">\n\t\t\t<div class=\"elementor-widget-wrap elementor-element-populated\">\n\t\t\t\t\t\t<div class=\"elementor-element elementor-element-9037167 elementor-widget elementor-widget-text-editor\" data-id=\"9037167\" data-element_type=\"widget\" data-e-type=\"widget\" data-widget_type=\"text-editor.default\">\n\t\t\t\t<div class=\"elementor-widget-container\">\n\t\t\t\t\t\t\t\t\t<p><strong>Wie kamst du zu deiner Studienfach-Entscheidung f\u00fcr Sonderp\u00e4dagogik? Haben dich Lehrerinnen oder Lehrer motiviert?<\/strong><\/p><p><strong>\u00a0<\/strong><\/p><p>Ich habe 2020 mein Abitur gemacht und hatte die Leistungskurse P\u00e4dagogik und Biologie. Ein Studium im naturwissenschaftlichen Bereich w\u00e4re f\u00fcr mich genauso denkbar gewesen. Dann kam Corona. Ein FSJ, ein Freiwilliges Soziales Jahr, im Ausland ging nicht, die M\u00f6glichkeiten, sich auszuprobieren, waren begrenzt. Da ich schon in der Kinder- und Jugendarbeit in meiner Freizeit aktiv war und l\u00e4nger den Gedanken hatte, Sonderp\u00e4dagogik zu studieren, habe ich ein Praktikum in einer Schule mit F\u00f6rderschwerpunkt Lernen gemacht. Und dann habe ich einfach damit angefangen. Das erste Studienjahr war eher ein \u201eJetzt einfach erst mal machen und schauen, wie es sich anf\u00fchlt\u201c. Offensichtlich ziemlich gut!<\/p><p>\u00a0<\/p><p>\u00a0<\/p>\t\t\t\t\t\t\t\t<\/div>\n\t\t\t\t<\/div>\n\t\t\t\t\t<\/div>\n\t\t<\/div>\n\t\t\t\t\t<\/div>\n\t\t<\/section>\n\t\t\t\t<section class=\"elementor-section elementor-top-section elementor-element elementor-element-de98f01 elementor-section-boxed elementor-section-height-default elementor-section-height-default\" data-id=\"de98f01\" data-element_type=\"section\" data-e-type=\"section\">\n\t\t\t\t\t\t<div class=\"elementor-container elementor-column-gap-default\">\n\t\t\t\t\t<div class=\"elementor-column elementor-col-100 elementor-top-column elementor-element elementor-element-78809f5\" data-id=\"78809f5\" data-element_type=\"column\" data-e-type=\"column\">\n\t\t\t<div class=\"elementor-widget-wrap elementor-element-populated\">\n\t\t\t\t\t\t<div class=\"elementor-element elementor-element-2cc038c elementor-widget elementor-widget-image\" data-id=\"2cc038c\" data-element_type=\"widget\" data-e-type=\"widget\" data-widget_type=\"image.default\">\n\t\t\t\t<div class=\"elementor-widget-container\">\n\t\t\t\t\t\t\t\t\t\t\t\t\t\t\t<img fetchpriority=\"high\" decoding=\"async\" width=\"1024\" height=\"341\" src=\"https:\/\/lehrer-werden-in-sachsen.de\/stage\/wp-content\/uploads\/2025\/06\/SMK-Blog-Artikelbild-Lara-Schreck_1200x400px-\u2013-1-1024x341.jpg\" class=\"attachment-large size-large wp-image-20770\" alt=\"Ein Filofax liegt aufgeschlagen auf einem Tisch. Er war das so genannte Klassenbuch von Lara Schreck als Kind.\" srcset=\"https:\/\/lehrer-werden-in-sachsen.de\/stage\/wp-content\/uploads\/2025\/06\/SMK-Blog-Artikelbild-Lara-Schreck_1200x400px-\u2013-1-1024x341.jpg 1024w, https:\/\/lehrer-werden-in-sachsen.de\/stage\/wp-content\/uploads\/2025\/06\/SMK-Blog-Artikelbild-Lara-Schreck_1200x400px-\u2013-1-300x100.jpg 300w, https:\/\/lehrer-werden-in-sachsen.de\/stage\/wp-content\/uploads\/2025\/06\/SMK-Blog-Artikelbild-Lara-Schreck_1200x400px-\u2013-1-768x256.jpg 768w, https:\/\/lehrer-werden-in-sachsen.de\/stage\/wp-content\/uploads\/2025\/06\/SMK-Blog-Artikelbild-Lara-Schreck_1200x400px-\u2013-1.jpg 1200w\" sizes=\"(max-width: 1024px) 100vw, 1024px\" \/>\t\t\t\t\t\t\t\t\t\t\t\t\t\t\t<\/div>\n\t\t\t\t<\/div>\n\t\t\t\t\t<\/div>\n\t\t<\/div>\n\t\t\t\t\t<\/div>\n\t\t<\/section>\n\t\t\t\t<section class=\"elementor-section elementor-top-section elementor-element elementor-element-e7fc051 elementor-section-boxed elementor-section-height-default elementor-section-height-default\" data-id=\"e7fc051\" data-element_type=\"section\" data-e-type=\"section\">\n\t\t\t\t\t\t<div class=\"elementor-container elementor-column-gap-default\">\n\t\t\t\t\t<div class=\"elementor-column elementor-col-100 elementor-top-column elementor-element elementor-element-44ae43e\" data-id=\"44ae43e\" data-element_type=\"column\" data-e-type=\"column\">\n\t\t\t<div class=\"elementor-widget-wrap elementor-element-populated\">\n\t\t\t\t\t\t<div class=\"elementor-element elementor-element-6cdd133 elementor-widget elementor-widget-text-editor\" data-id=\"6cdd133\" data-element_type=\"widget\" data-e-type=\"widget\" data-widget_type=\"text-editor.default\">\n\t\t\t\t<div class=\"elementor-widget-container\">\n\t\t\t\t\t\t\t\t\t<p><em>Der Weg in die Sonderp\u00e4dagogik war vorgezeichnet: In ihrem &#8222;Klassenbuch&#8220; hielt Lara Schreck als Kind schon die Namen ihrer Kuscheltier-Sch\u00fclerinnen und -Sch\u00fcler fest und plante Unterricht in kleinen F\u00f6rdergruppen nach Bedarf. Foto: Lara Schreck<\/em><\/p>\t\t\t\t\t\t\t\t<\/div>\n\t\t\t\t<\/div>\n\t\t\t\t\t<\/div>\n\t\t<\/div>\n\t\t\t\t\t<\/div>\n\t\t<\/section>\n\t\t\t\t<section class=\"elementor-section elementor-top-section elementor-element elementor-element-8494dd8 elementor-section-boxed elementor-section-height-default elementor-section-height-default\" data-id=\"8494dd8\" data-element_type=\"section\" data-e-type=\"section\">\n\t\t\t\t\t\t<div class=\"elementor-container elementor-column-gap-default\">\n\t\t\t\t\t<div class=\"elementor-column elementor-col-100 elementor-top-column elementor-element elementor-element-75681dd\" data-id=\"75681dd\" data-element_type=\"column\" data-e-type=\"column\">\n\t\t\t<div class=\"elementor-widget-wrap elementor-element-populated\">\n\t\t\t\t\t\t<div class=\"elementor-element elementor-element-fdc2388 elementor-widget elementor-widget-text-editor\" data-id=\"fdc2388\" data-element_type=\"widget\" data-e-type=\"widget\" data-widget_type=\"text-editor.default\">\n\t\t\t\t<div class=\"elementor-widget-container\">\n\t\t\t\t\t\t\t\t\t<p><span style=\"font-family: inherit; font-size: inherit; font-style: inherit; font-variant-ligatures: inherit; font-variant-caps: inherit; font-weight: inherit;\">Meine eigene Schulzeit habe ich positiv erlebt, und ich bin immer sehr gerne in die Schule gegangen. Als Kind habe ich mit einer kleinen Kreidetafel Schule gespielt, meine Kuscheltiere waren die Sch\u00fclerinnen und Sch\u00fcler. Das \u201eKlassenbuch\u201c habe ich bis heute in meiner Erinnerungskiste. Wenn ich da hineinschaue, sehe ich tats\u00e4chlich so etwas wie die ersten Bem\u00fchungen um einen differenzierten Unterricht. Zum Beispiel in F\u00f6rdergruppen &#8211; f\u00fcr ein Schaf, eine langsame Schildkr\u00f6te oder f\u00fcr den lauten B\u00e4ren.<\/span><\/p><p><span style=\"font-family: inherit; font-size: inherit; font-style: inherit; font-variant-ligatures: inherit; font-variant-caps: inherit; font-weight: inherit;\">\u00a0<\/span><\/p><p>Meine Mama ist Sonderp\u00e4dagogin an einer inklusiven Grundschule, hat aber andere F\u00f6rderschwerpunkte und ein anderes Fach studiert. Das spielte f\u00fcr meine Studienfachwahl keine bedeutende Rolle. Wenn wir uns heute austauschen, geht es eher um Fachliches wie institutionelle Grenzen, pers\u00f6nliche gro\u00dfe Meilensteine wie mein erstes diagnostisches F\u00f6rdergutachten f\u00fcr eine Fallstudie oder um Impulse aus der Uni.<\/p><p>\u00a0<\/p>\t\t\t\t\t\t\t\t<\/div>\n\t\t\t\t<\/div>\n\t\t\t\t\t<\/div>\n\t\t<\/div>\n\t\t\t\t\t<\/div>\n\t\t<\/section>\n\t\t\t\t<section class=\"elementor-section elementor-top-section elementor-element elementor-element-f54ddd9 elementor-section-boxed elementor-section-height-default elementor-section-height-default\" data-id=\"f54ddd9\" data-element_type=\"section\" data-e-type=\"section\">\n\t\t\t\t\t\t<div class=\"elementor-container elementor-column-gap-default\">\n\t\t\t\t\t<div class=\"elementor-column elementor-col-100 elementor-top-column elementor-element elementor-element-85afb81\" data-id=\"85afb81\" data-element_type=\"column\" data-e-type=\"column\">\n\t\t\t<div class=\"elementor-widget-wrap elementor-element-populated\">\n\t\t\t\t\t\t<div class=\"elementor-element elementor-element-b2858cb elementor-widget elementor-widget-text-editor\" data-id=\"b2858cb\" data-element_type=\"widget\" data-e-type=\"widget\" data-widget_type=\"text-editor.default\">\n\t\t\t\t<div class=\"elementor-widget-container\">\n\t\t\t\t\t\t\t\t\t<p><strong>Musik spielt eine wichtige Rolle in deinem Leben, im Studium und im Unterricht. Woher kommt das?<\/strong><\/p><p><strong>\u00a0<\/strong><\/p><p>Musik war bei mir immer sehr pr\u00e4sent. Ich singe, spiele Klavier und habe k\u00fcrzlich <a href=\"https:\/\/open.spotify.com\/intl-de\/artist\/7jGXaa3ZUbEQr8f5wlkpFJ\" title=\"Lara Ann @Spotify\" target=\"_blank\" data-auto-event-observed=\"true\" rel=\"noopener\">zwei Songs aufgenommen<\/a>. In der Grundschule hatten wir schon einen Lehrer, der Ukulele gespielt und uns Sch\u00fclerinnen und Sch\u00fcler musikalisch eingebunden hat. Er hat mich zum Beispiel best\u00e4rkt, bei einem Auftritt die Klasse auf dem Klavier zu begleiten. Diese Komponente von Musik im Unterricht fand ich damals schon toll.<\/p><p>\u00a0<\/p><p>Musik kann ich jetzt auch gut bei den Kindern einbringen. Ich gehe an meinen Unterricht immer mit einem inklusiven Blick heran: Was braucht jede oder jeder Einzelne, damit es funktioniert? Wie kann ich ihr oder ihm erm\u00f6glichen, das aus den eigenen Ressourcen herauszuholen, dass es individuell funktioniert? Ich versuche jede Stunde so zu planen, dass sie ressourcen- und kompetenzorientiert und kreativ ist. Das geht mit Musik nat\u00fcrlich sehr gut. Wenn wir Musik machen, \u00fcberlege ich mir vorher: Was gebe ich wem? Das k\u00f6nnen Klangh\u00f6lzer sein, nach Farben angeordnete Post-its f\u00fcr drei T\u00f6ne auf dem Klavier, ein leiser Salzstreuer f\u00fcr den Rhythmus oder Taster, die gedr\u00fcckt werden.<\/p><p>\u00a0<\/p><p>So haben wir in einer Stunde \u201eShake It off\u201c von Taylor Swift zusammen gespielt. Es war toll mitzuerleben, wie die Kinder Selbstwirksamkeit erfahren und das Gef\u00fchl \u201eIch habe das gemacht!\u201c bekommen haben. Das ist es auch, was mich am Schwerpunkt Geistige Entwicklung so begeistert: eine sehr sch\u00f6ne, individuelle Arbeitsweise in kleinen Klassen und nach Lehrpl\u00e4nen ohne Druck und Noten. Das sind andere Arbeitsweisen als an manch anderen Schularten, auch wenn ich den \u2013 wohl utopischen \u2013 Wunsch h\u00e4tte, dass es \u00fcberall so l\u00e4uft.<\/p><p>\u00a0<\/p>\t\t\t\t\t\t\t\t<\/div>\n\t\t\t\t<\/div>\n\t\t\t\t\t<\/div>\n\t\t<\/div>\n\t\t\t\t\t<\/div>\n\t\t<\/section>\n\t\t\t\t<section class=\"elementor-section elementor-top-section elementor-element elementor-element-6e7b807 elementor-section-boxed elementor-section-height-default elementor-section-height-default\" data-id=\"6e7b807\" data-element_type=\"section\" data-e-type=\"section\">\n\t\t\t\t\t\t<div class=\"elementor-container elementor-column-gap-default\">\n\t\t\t\t\t<div class=\"elementor-column elementor-col-100 elementor-top-column elementor-element elementor-element-3a76a44\" data-id=\"3a76a44\" data-element_type=\"column\" data-e-type=\"column\">\n\t\t\t<div class=\"elementor-widget-wrap elementor-element-populated\">\n\t\t\t\t\t\t<div class=\"elementor-element elementor-element-765885e elementor-widget elementor-widget-image\" data-id=\"765885e\" data-element_type=\"widget\" data-e-type=\"widget\" data-widget_type=\"image.default\">\n\t\t\t\t<div class=\"elementor-widget-container\">\n\t\t\t\t\t\t\t\t\t\t\t\t\t\t\t<img decoding=\"async\" width=\"1024\" height=\"341\" src=\"https:\/\/lehrer-werden-in-sachsen.de\/stage\/wp-content\/uploads\/2025\/06\/SMK-Blog-Artikelbild-Lara-Schreck_1200x400px-\u2013-2-1024x341.jpg\" class=\"attachment-large size-large wp-image-20771\" alt=\"Die Bilderserie aus drei Fotos zeigt Noten und Zahlen aus Knetmasse, mit denen Kinder im F\u00f6rderunterricht Zahlen gestalten.\" srcset=\"https:\/\/lehrer-werden-in-sachsen.de\/stage\/wp-content\/uploads\/2025\/06\/SMK-Blog-Artikelbild-Lara-Schreck_1200x400px-\u2013-2-1024x341.jpg 1024w, https:\/\/lehrer-werden-in-sachsen.de\/stage\/wp-content\/uploads\/2025\/06\/SMK-Blog-Artikelbild-Lara-Schreck_1200x400px-\u2013-2-300x100.jpg 300w, https:\/\/lehrer-werden-in-sachsen.de\/stage\/wp-content\/uploads\/2025\/06\/SMK-Blog-Artikelbild-Lara-Schreck_1200x400px-\u2013-2-768x256.jpg 768w, https:\/\/lehrer-werden-in-sachsen.de\/stage\/wp-content\/uploads\/2025\/06\/SMK-Blog-Artikelbild-Lara-Schreck_1200x400px-\u2013-2.jpg 1200w\" sizes=\"(max-width: 1024px) 100vw, 1024px\" \/>\t\t\t\t\t\t\t\t\t\t\t\t\t\t\t<\/div>\n\t\t\t\t<\/div>\n\t\t\t\t\t<\/div>\n\t\t<\/div>\n\t\t\t\t\t<\/div>\n\t\t<\/section>\n\t\t\t\t<section class=\"elementor-section elementor-top-section elementor-element elementor-element-0e68e84 elementor-section-boxed elementor-section-height-default elementor-section-height-default\" data-id=\"0e68e84\" data-element_type=\"section\" data-e-type=\"section\">\n\t\t\t\t\t\t<div class=\"elementor-container elementor-column-gap-default\">\n\t\t\t\t\t<div class=\"elementor-column elementor-col-100 elementor-top-column elementor-element elementor-element-71d1c4a\" data-id=\"71d1c4a\" data-element_type=\"column\" data-e-type=\"column\">\n\t\t\t<div class=\"elementor-widget-wrap elementor-element-populated\">\n\t\t\t\t\t\t<div class=\"elementor-element elementor-element-5395741 elementor-widget elementor-widget-text-editor\" data-id=\"5395741\" data-element_type=\"widget\" data-e-type=\"widget\" data-widget_type=\"text-editor.default\">\n\t\t\t\t<div class=\"elementor-widget-container\">\n\t\t\t\t\t\t\t\t\t<p><em>Aus Kugeln und Str\u00e4ngen werden erst Noten und Herzen, dann Ziffern geformt. Mit Knete macht sich eine Sch\u00fclerin in Lara Schrecks Einzelf\u00f6rderung mit dem Zahlenraum 1 bis 5 in Mathematik vertraut. Auge-Hand-Koordination und Feinmotorik werden so spielerisch ge\u00fcbt und das Zahlenverst\u00e4ndnis verbessert &#8211; und Spa\u00df macht das allemal. Fotos: Lara Schreck<\/em><\/p>\t\t\t\t\t\t\t\t<\/div>\n\t\t\t\t<\/div>\n\t\t\t\t\t<\/div>\n\t\t<\/div>\n\t\t\t\t\t<\/div>\n\t\t<\/section>\n\t\t\t\t<section class=\"elementor-section elementor-top-section elementor-element elementor-element-33b66b8 elementor-section-boxed elementor-section-height-default elementor-section-height-default\" data-id=\"33b66b8\" data-element_type=\"section\" data-e-type=\"section\">\n\t\t\t\t\t\t<div class=\"elementor-container elementor-column-gap-default\">\n\t\t\t\t\t<div class=\"elementor-column elementor-col-100 elementor-top-column elementor-element elementor-element-413bdc0\" data-id=\"413bdc0\" data-element_type=\"column\" data-e-type=\"column\">\n\t\t\t<div class=\"elementor-widget-wrap elementor-element-populated\">\n\t\t\t\t\t\t<div class=\"elementor-element elementor-element-77fb89d elementor-widget elementor-widget-text-editor\" data-id=\"77fb89d\" data-element_type=\"widget\" data-e-type=\"widget\" data-widget_type=\"text-editor.default\">\n\t\t\t\t<div class=\"elementor-widget-container\">\n\t\t\t\t\t\t\t\t\t<p><strong>Du hast mit dem F\u00f6rderschwerpunkt Sozial-Emotionale Entwicklung angefangen, bist erst sp\u00e4ter zu Geistige Entwicklung gewechselt und sprichst voller Begeisterung davon. Wie kam es zu dem Wechsel?<\/strong><\/p><p>\u00a0<\/p><p>Vor f\u00fcnf Jahren hatte ich mit dem F\u00f6rderschwerpunkt Geistige Entwicklung kaum Ber\u00fchrungspunkte. \u00a0Es spielten sicher auch Unwissenheit, Vorurteile, Unsicherheit und fehlendes Selbstvertrauen eine Rolle, sodass ich mir diesen F\u00f6rderschwerpunkt nicht zugetraut h\u00e4tte. Das hat sich im Studium ge\u00e4ndert.<\/p><p>\u00a0<\/p><p>Heute wei\u00df ich, wie wichtig etwa basales Arbeiten ist \u2013 und ich liebe ich es, die kleinsten Erfolge der Kinder zu feiern. Einen Taster mit dem Ton C zu dr\u00fccken ist f\u00fcr manch ein Kind ein Riesenerfolg! Das sind die Momente, in denen ich sage: \u201eYes! Made my day!\u201c In meinem Bereich ist es ebenfalls enorm wichtig, vom Innen zum Au\u00dfen hin zu denken &#8211; von den Kindern zum Unterricht und nicht umgekehrt.<\/p><p>\u00a0<\/p><p>Manchmal ist es aber auch emotional sehr fordernd. Wir hatten w\u00e4hrend meines Praktikums einmal einen Trauerfall in der Schule, von dem ich im Morgenkreis erfahren habe. Da musste ich erst mal sp\u00e4ter eine Runde in den Park gehen, um das zu verarbeiten.<\/p><p>\u00a0<\/p><p>Ich wei\u00df inzwischen: Flexibilit\u00e4t, Empathie und vor allem Geduld sind gefragt, um die Kinder individuell zu f\u00f6rdern. Was tagt\u00e4glich dabei passiert, ist tats\u00e4chlich viel Kreativit\u00e4t. Bei mir schon in der Vorbereitung, um die Stunden zu entwickeln, bei den Kindern dann, wenn sie etwa ein Plakat mit einer Katze entwerfen sollen. Bei acht Sch\u00fclerinnen und Sch\u00fclern entwickle ich Teile der Stunde acht Mal mit einem immer ein\u00a0bisschen anderen Zugang. Daf\u00fcr muss man sehr viel nachdenken, gerade wenn es um Mini-Schritte geht. Aber daf\u00fcr werde ich dann auch mit acht Mal Kreativit\u00e4t belohnt.<\/p><p>\u00a0<\/p><p>Ich habe tagt\u00e4glich acht neue und verschiedene Perspektiven auf die Welt erlebt! Das ist ein gro\u00dfes Geschenk. Die Kids bringen so viel Spa\u00df, Lockerheit und Freude mit, das gibt mir sehr viel.<\/p><p>\u00a0<\/p>\t\t\t\t\t\t\t\t<\/div>\n\t\t\t\t<\/div>\n\t\t\t\t\t<\/div>\n\t\t<\/div>\n\t\t\t\t\t<\/div>\n\t\t<\/section>\n\t\t\t\t<section class=\"elementor-section elementor-top-section elementor-element elementor-element-a8d4534 elementor-section-boxed elementor-section-height-default elementor-section-height-default\" data-id=\"a8d4534\" data-element_type=\"section\" data-e-type=\"section\">\n\t\t\t\t\t\t<div class=\"elementor-container elementor-column-gap-default\">\n\t\t\t\t\t<div class=\"elementor-column elementor-col-100 elementor-top-column elementor-element elementor-element-8cf5e4a\" data-id=\"8cf5e4a\" data-element_type=\"column\" data-e-type=\"column\">\n\t\t\t<div class=\"elementor-widget-wrap elementor-element-populated\">\n\t\t\t\t\t\t<div class=\"elementor-element elementor-element-d3505b7 elementor-widget elementor-widget-text-editor\" data-id=\"d3505b7\" data-element_type=\"widget\" data-e-type=\"widget\" data-widget_type=\"text-editor.default\">\n\t\t\t\t<div class=\"elementor-widget-container\">\n\t\t\t\t\t\t\t\t\t<p><strong>Inklusion ist ein wichtiges Thema f\u00fcr Schule, das oft kontrovers diskutiert wird &#8211; inklusive Schule oder F\u00f6rderschule. Wie gehst du mit diesem Gegensatz um?<\/strong><\/p><p><strong>\u00a0<\/strong><\/p><p>Mein Inklusionsbegriff hat sich in den letzten Jahren um 180 Grad gedreht. Inklusion kannte ich fr\u00fcher nur im schulischen Kontext. Ich habe mir w\u00e4hrend des Studiums und in der Praxis einen viel weiteren, einen inklusiven Blick auf das Leben angeeignet. Ich war fr\u00fcher kurzsichtiger, weniger optimistisch und flexibel.<\/p><p>\u00a0<\/p><p>In der Schule hei\u00dft das konkret: Die Kinder geben vor, was an diesem Tag geht oder nicht. Wir richten uns in unseren M\u00f6glichkeiten nach ihnen, auch wenn eine gewisse Struktur de facto besteht und f\u00fcr viele Kinder auch unerl\u00e4sslich ist.<\/p><p>\u00a0<\/p><p>Letztlich geht es doch darum, wie wir uns alle als Menschen im gesellschaftlichen Raum begegnen. Ich wei\u00df: Eine Barriere ist nicht unbedingt eine Barriere. In der Schule kann das aktuell bedeuten, dass es f\u00fcr ein Kind besser ist, in eine inklusive Schule zu gehen, f\u00fcr ein anderes aber eine Schule mit F\u00f6rderschwerpunkt geeigneter ist, auch wenn das in Teilen exklusiv ist.<\/p><p>\u00a0<\/p><p>Und: Inklusion h\u00f6rt nicht vor der Schult\u00fcr auf. Meinen inklusiven Blick nehme ich in alle Lebensbereiche mit. Au\u00dferdem kann ich das Bewusstsein f\u00fcr Inklusion im Alltag sch\u00e4rfen. Mein Papa etwa arbeitet bei der Polizei in Dortmund. Dort konnte ich in einem F\u00fchrungskr\u00e4fte-Workshop einen Vortrag zur inklusiven und ressourcenorientierten Teamleitung halten. Dabei hat sich herausgestellt, dass wir alle einen unterschiedlichen Inklusionsbegriff hatten. Aber das Verbindende ist, dass wir ein Spektrum gefunden haben, innerhalb dessen wir agieren k\u00f6nnen.<\/p><p>\u00a0<\/p><p>\u00a0<\/p>\t\t\t\t\t\t\t\t<\/div>\n\t\t\t\t<\/div>\n\t\t\t\t\t<\/div>\n\t\t<\/div>\n\t\t\t\t\t<\/div>\n\t\t<\/section>\n\t\t\t\t<section class=\"elementor-section elementor-top-section elementor-element elementor-element-b9a37d1 elementor-section-boxed elementor-section-height-default elementor-section-height-default\" data-id=\"b9a37d1\" data-element_type=\"section\" data-e-type=\"section\">\n\t\t\t\t\t\t<div class=\"elementor-container elementor-column-gap-default\">\n\t\t\t\t\t<div class=\"elementor-column elementor-col-100 elementor-top-column elementor-element elementor-element-d4520a0\" data-id=\"d4520a0\" data-element_type=\"column\" data-e-type=\"column\">\n\t\t\t<div class=\"elementor-widget-wrap elementor-element-populated\">\n\t\t\t\t\t\t<div class=\"elementor-element elementor-element-7ed3775 elementor-widget elementor-widget-image\" data-id=\"7ed3775\" data-element_type=\"widget\" data-e-type=\"widget\" data-widget_type=\"image.default\">\n\t\t\t\t<div class=\"elementor-widget-container\">\n\t\t\t\t\t\t\t\t\t\t\t\t\t\t\t<img decoding=\"async\" width=\"1024\" height=\"341\" src=\"https:\/\/lehrer-werden-in-sachsen.de\/stage\/wp-content\/uploads\/2025\/06\/SMK-Blog-Artikelbild-Lara-Schreck_1200x400px-\u2013-3-1024x341.jpg\" class=\"attachment-large size-large wp-image-20772\" alt=\"Sonderp\u00e4dagogik-Studentin Lara Schreck h\u00e4lt in dieser Collage aus zwei Fotos jeweils eine kleine Kreidetafel hoch, auf der sie als Lehrende einmal als Kopff\u00fc\u00dflerin gezeichnet wurde und auf der auf dem anderen Bild die Arbeitsergebnisse dokumentiert wurden.\" srcset=\"https:\/\/lehrer-werden-in-sachsen.de\/stage\/wp-content\/uploads\/2025\/06\/SMK-Blog-Artikelbild-Lara-Schreck_1200x400px-\u2013-3-1024x341.jpg 1024w, https:\/\/lehrer-werden-in-sachsen.de\/stage\/wp-content\/uploads\/2025\/06\/SMK-Blog-Artikelbild-Lara-Schreck_1200x400px-\u2013-3-300x100.jpg 300w, https:\/\/lehrer-werden-in-sachsen.de\/stage\/wp-content\/uploads\/2025\/06\/SMK-Blog-Artikelbild-Lara-Schreck_1200x400px-\u2013-3-768x256.jpg 768w, https:\/\/lehrer-werden-in-sachsen.de\/stage\/wp-content\/uploads\/2025\/06\/SMK-Blog-Artikelbild-Lara-Schreck_1200x400px-\u2013-3.jpg 1200w\" sizes=\"(max-width: 1024px) 100vw, 1024px\" \/>\t\t\t\t\t\t\t\t\t\t\t\t\t\t\t<\/div>\n\t\t\t\t<\/div>\n\t\t\t\t\t<\/div>\n\t\t<\/div>\n\t\t\t\t\t<\/div>\n\t\t<\/section>\n\t\t\t\t<section class=\"elementor-section elementor-top-section elementor-element elementor-element-c945876 elementor-section-boxed elementor-section-height-default elementor-section-height-default\" data-id=\"c945876\" data-element_type=\"section\" data-e-type=\"section\">\n\t\t\t\t\t\t<div class=\"elementor-container elementor-column-gap-default\">\n\t\t\t\t\t<div class=\"elementor-column elementor-col-100 elementor-top-column elementor-element elementor-element-6350812\" data-id=\"6350812\" data-element_type=\"column\" data-e-type=\"column\">\n\t\t\t<div class=\"elementor-widget-wrap elementor-element-populated\">\n\t\t\t\t\t\t<div class=\"elementor-element elementor-element-3aa4637 elementor-widget elementor-widget-text-editor\" data-id=\"3aa4637\" data-element_type=\"widget\" data-e-type=\"widget\" data-widget_type=\"text-editor.default\">\n\t\t\t\t<div class=\"elementor-widget-container\">\n\t\t\t\t\t\t\t\t\t<p><em>Von einer Sch\u00fclerin mit Kreide gezeichnet, w\u00e4hrend Lara Schreck nach Unterrichtsende aufr\u00e4umte: Bibi und Tina auf ihren Pferden (rechts). Nachgez\u00e4hlt und die Ziffern dazugeschrieben &#8211; und schon war die vorige Aufgabe ganz en passant wiederholt. In den f\u00fcnf Minuten blieb sogar noch gen\u00fcgend Zeit, um die angehende Lehrerin anschlie\u00dfend als &#8218;Kopff\u00fc\u00dflerin&#8216;&nbsp; in Farbe zu verewigen und die Arbeitsergebnisse der Stunde per Foto zu dokumentieren. Fotos: Lara Schreck<\/em><\/p>\t\t\t\t\t\t\t\t<\/div>\n\t\t\t\t<\/div>\n\t\t\t\t\t<\/div>\n\t\t<\/div>\n\t\t\t\t\t<\/div>\n\t\t<\/section>\n\t\t\t\t<section class=\"elementor-section elementor-top-section elementor-element elementor-element-bf597bf elementor-section-boxed elementor-section-height-default elementor-section-height-default\" data-id=\"bf597bf\" data-element_type=\"section\" data-e-type=\"section\">\n\t\t\t\t\t\t<div class=\"elementor-container elementor-column-gap-default\">\n\t\t\t\t\t<div class=\"elementor-column elementor-col-100 elementor-top-column elementor-element elementor-element-e3f5dbb\" data-id=\"e3f5dbb\" data-element_type=\"column\" data-e-type=\"column\">\n\t\t\t<div class=\"elementor-widget-wrap elementor-element-populated\">\n\t\t\t\t\t\t<div class=\"elementor-element elementor-element-7dbe548 elementor-widget elementor-widget-text-editor\" data-id=\"7dbe548\" data-element_type=\"widget\" data-e-type=\"widget\" data-widget_type=\"text-editor.default\">\n\t\t\t\t<div class=\"elementor-widget-container\">\n\t\t\t\t\t\t\t\t\t<p><strong>Deine Sicht auf die Welt hat sich durch dein Studium ver\u00e4ndert. Erz\u00e4hl gern mehr davon!<\/strong><\/p><p>\u00a0<\/p><p>Kompetenzorientiert zu denken, zu handeln und grunds\u00e4tzlich gut von Menschen zu denken spielt bei uns an der Uni eine Riesenrolle im Bereich Geistige Entwicklung. Anerkennung, Empathie sowie das Voneinander-Lernen \u2013 auch der Lehrkr\u00e4fte und der Sch\u00fclerinnen und Sch\u00fcler voneinander! \u00a0\u2013 in den Fokus zu r\u00fccken. Sich die eigenen und die Ressourcen der Kinder immer wieder vor Augen zu f\u00fchren.<\/p><p>\u00a0<\/p><p>Wir orientieren uns beispielsweise bei Sch\u00fclerinnen- und Sch\u00fclerbeschreibungen daran, was die Kinder mitbringen und \u00fcberlegen uns, wie wir das f\u00f6rdern k\u00f6nnen. Das wird im Studium in die Bewertungen einbezogen, wenn ich zum Beispiel ein Unterrichtskonzept abgebe. Ich finde es gro\u00dfartig, dass bei uns in der Lehre so gro\u00dfer Wert darauf gelegt wird. Meine Mentorin in Berlin hat mit genau diesem wertsch\u00e4tzenden und inklusiven Blick gearbeitet. Davon habe ich sehr profitiert und viel von ihr gelernt.<\/p><p>\u00a0<\/p><p>All das entspricht meinem Zugang zur Welt, wie ich f\u00fchle und wie ich mir die Welt w\u00fcnschen w\u00fcrde. Deshalb f\u00fchlt es sich gerade sehr richtig an, wo ich momentan stehe und perspektivisch hinschauen darf.<\/p><p>\u00a0<\/p>\t\t\t\t\t\t\t\t<\/div>\n\t\t\t\t<\/div>\n\t\t\t\t\t<\/div>\n\t\t<\/div>\n\t\t\t\t\t<\/div>\n\t\t<\/section>\n\t\t\t\t<section class=\"elementor-section elementor-top-section elementor-element elementor-element-31ab66c elementor-section-boxed elementor-section-height-default elementor-section-height-default\" data-id=\"31ab66c\" data-element_type=\"section\" data-e-type=\"section\">\n\t\t\t\t\t\t<div class=\"elementor-container elementor-column-gap-default\">\n\t\t\t\t\t<div class=\"elementor-column elementor-col-100 elementor-top-column elementor-element elementor-element-e467f91\" data-id=\"e467f91\" data-element_type=\"column\" data-e-type=\"column\">\n\t\t\t<div class=\"elementor-widget-wrap elementor-element-populated\">\n\t\t\t\t\t\t<div class=\"elementor-element elementor-element-20d33f9 elementor-widget elementor-widget-text-editor\" data-id=\"20d33f9\" data-element_type=\"widget\" data-e-type=\"widget\" data-widget_type=\"text-editor.default\">\n\t\t\t\t<div class=\"elementor-widget-container\">\n\t\t\t\t\t\t\t\t\t<p><strong>Du kommst urspr\u00fcnglich aus Dortmund und bist zum Studium nach Leipzig gezogen. Hast in Kamenz und in Berlin deine Blockpraktika gemacht und arbeitest gerade in der Einzelf\u00f6rderung in Eilenburg. <\/strong><strong>Planst du nach deinem Studium zu bleiben und <\/strong><a href=\"https:\/\/lehrer-werden-in-sachsen.de\/stage\/\/\" title=\"Lehrer werden in Sachsen\" data-auto-event-observed=\"true\"><strong>Lehrerin in Sachsen<\/strong><\/a><strong> zu werden?<\/strong><\/p><p><strong>\u00a0<\/strong><\/p><p>Leipzig ist in jedem Fall mein neues Zuhause. An welcher Art von Schule ich sp\u00e4ter arbeiten werde, wei\u00df ich noch nicht. Vielleicht an einer Schule mit dem F\u00f6rderschwerpunkt Geistige Entwicklung oder Lernen, vielleicht an einer inklusiven Grundschule. Im Primarbereich und viel mit Musik zu arbeiten, kann ich mir jedenfalls sehr gut vorstellen. Ich bin nicht festgelegt, wo es nach dem Examen hingeht. Ich bin aber in jedem Fall offen f\u00fcr Neues und flexibel.<\/p><p>\u00a0<\/p>\t\t\t\t\t\t\t\t<\/div>\n\t\t\t\t<\/div>\n\t\t\t\t\t<\/div>\n\t\t<\/div>\n\t\t\t\t\t<\/div>\n\t\t<\/section>\n\t\t\t\t<section class=\"elementor-section elementor-top-section elementor-element elementor-element-eb09fad elementor-section-boxed elementor-section-height-default elementor-section-height-default\" data-id=\"eb09fad\" data-element_type=\"section\" data-e-type=\"section\">\n\t\t\t\t\t\t<div class=\"elementor-container elementor-column-gap-default\">\n\t\t\t\t\t<div class=\"elementor-column elementor-col-100 elementor-top-column elementor-element elementor-element-3d0ce33\" data-id=\"3d0ce33\" data-element_type=\"column\" data-e-type=\"column\">\n\t\t\t<div class=\"elementor-widget-wrap elementor-element-populated\">\n\t\t\t\t\t\t<div class=\"elementor-element elementor-element-a758af4 elementor-widget elementor-widget-spacer\" data-id=\"a758af4\" data-element_type=\"widget\" data-e-type=\"widget\" data-widget_type=\"spacer.default\">\n\t\t\t\t<div class=\"elementor-widget-container\">\n\t\t\t\t\t\t\t<div class=\"elementor-spacer\">\n\t\t\t<div class=\"elementor-spacer-inner\"><\/div>\n\t\t<\/div>\n\t\t\t\t\t\t<\/div>\n\t\t\t\t<\/div>\n\t\t\t\t\t<\/div>\n\t\t<\/div>\n\t\t\t\t\t<\/div>\n\t\t<\/section>\n\t\t\t\t<section class=\"elementor-section elementor-top-section elementor-element elementor-element-d1d527c elementor-section-boxed elementor-section-height-default elementor-section-height-default\" data-id=\"d1d527c\" data-element_type=\"section\" data-e-type=\"section\">\n\t\t\t\t\t\t<div class=\"elementor-container elementor-column-gap-default\">\n\t\t\t\t\t<div class=\"elementor-column elementor-col-100 elementor-top-column elementor-element elementor-element-62172f2\" data-id=\"62172f2\" data-element_type=\"column\" data-e-type=\"column\">\n\t\t\t<div class=\"elementor-widget-wrap elementor-element-populated\">\n\t\t\t\t\t\t<div class=\"elementor-element elementor-element-b9e4566 elementor-widget elementor-widget-heading\" data-id=\"b9e4566\" data-element_type=\"widget\" data-e-type=\"widget\" data-widget_type=\"heading.default\">\n\t\t\t\t<div class=\"elementor-widget-container\">\n\t\t\t\t\t<h3 class=\"elementor-heading-title elementor-size-default\">Studienweg zur inklusiven Schule:<\/h3>\t\t\t\t<\/div>\n\t\t\t\t<\/div>\n\t\t\t\t\t<\/div>\n\t\t<\/div>\n\t\t\t\t\t<\/div>\n\t\t<\/section>\n\t\t\t\t<section class=\"elementor-section elementor-top-section elementor-element elementor-element-9b6c415 elementor-section-boxed elementor-section-height-default elementor-section-height-default\" data-id=\"9b6c415\" data-element_type=\"section\" data-e-type=\"section\">\n\t\t\t\t\t\t<div class=\"elementor-container elementor-column-gap-default\">\n\t\t\t\t\t<div class=\"elementor-column elementor-col-100 elementor-top-column elementor-element elementor-element-6f6ead1\" data-id=\"6f6ead1\" data-element_type=\"column\" data-e-type=\"column\">\n\t\t\t<div class=\"elementor-widget-wrap elementor-element-populated\">\n\t\t\t\t\t\t<div class=\"elementor-element elementor-element-bb99acb elementor-widget elementor-widget-text-editor\" data-id=\"bb99acb\" data-element_type=\"widget\" data-e-type=\"widget\" data-widget_type=\"text-editor.default\">\n\t\t\t\t<div class=\"elementor-widget-container\">\n\t\t\t\t\t\t\t\t\t<p>Wer Inklusion nicht nur begleiten, sondern aktiv gestalten m\u00f6chte, kann in Sachsen das Lehramt an Oberschulen mit Sonderp\u00e4dagogik studieren \u2013 ein gemeinsames Angebot der Hochschule Zittau\/G\u00f6rlitz und der Universit\u00e4t Leipzig.<\/p>\t\t\t\t\t\t\t\t<\/div>\n\t\t\t\t<\/div>\n\t\t\t\t\t<\/div>\n\t\t<\/div>\n\t\t\t\t\t<\/div>\n\t\t<\/section>\n\t\t\t\t<section class=\"elementor-section elementor-top-section elementor-element elementor-element-25a1017 elementor-section-boxed elementor-section-height-default elementor-section-height-default\" data-id=\"25a1017\" data-element_type=\"section\" data-e-type=\"section\">\n\t\t\t\t\t\t<div class=\"elementor-container elementor-column-gap-default\">\n\t\t\t\t\t<div class=\"elementor-column elementor-col-100 elementor-top-column elementor-element elementor-element-bdb75b5\" data-id=\"bdb75b5\" data-element_type=\"column\" data-e-type=\"column\">\n\t\t\t<div class=\"elementor-widget-wrap elementor-element-populated\">\n\t\t\t\t\t\t<div class=\"elementor-element elementor-element-66b9e27 elementor-widget elementor-widget-button\" data-id=\"66b9e27\" data-element_type=\"widget\" data-e-type=\"widget\" data-widget_type=\"button.default\">\n\t\t\t\t<div class=\"elementor-widget-container\">\n\t\t\t\t\t\t\t\t\t<div class=\"elementor-button-wrapper\">\n\t\t\t\t\t<a class=\"elementor-button elementor-button-link elementor-size-sm\" href=\"https:\/\/www.hszg.de\/studium\/unsere-studiengaenge\/erste-staatspruefung\/lehramt-oberschule-mit-sonderpaedagogik\" target=\"_blank\" title=\"Hochschule Zittau\/G\u00f6rlitz Lehramt Oberschule mit Sonderp\u00e4dagogik\">\n\t\t\t\t\t\t<span class=\"elementor-button-content-wrapper\">\n\t\t\t\t\t\t\t\t\t<span class=\"elementor-button-text\">Mehr erfahren<\/span>\n\t\t\t\t\t<\/span>\n\t\t\t\t\t<\/a>\n\t\t\t\t<\/div>\n\t\t\t\t\t\t\t\t<\/div>\n\t\t\t\t<\/div>\n\t\t\t\t\t<\/div>\n\t\t<\/div>\n\t\t\t\t\t<\/div>\n\t\t<\/section>\n\t\t\t\t<section class=\"elementor-section elementor-top-section elementor-element elementor-element-764433d elementor-section-boxed elementor-section-height-default elementor-section-height-default\" data-id=\"764433d\" data-element_type=\"section\" data-e-type=\"section\">\n\t\t\t\t\t\t<div class=\"elementor-container elementor-column-gap-default\">\n\t\t\t\t\t<div class=\"elementor-column elementor-col-100 elementor-top-column elementor-element elementor-element-12e5628\" data-id=\"12e5628\" data-element_type=\"column\" data-e-type=\"column\">\n\t\t\t<div class=\"elementor-widget-wrap elementor-element-populated\">\n\t\t\t\t\t\t<div class=\"elementor-element elementor-element-7d2c0cb elementor-widget elementor-widget-spacer\" data-id=\"7d2c0cb\" data-element_type=\"widget\" data-e-type=\"widget\" data-widget_type=\"spacer.default\">\n\t\t\t\t<div class=\"elementor-widget-container\">\n\t\t\t\t\t\t\t<div class=\"elementor-spacer\">\n\t\t\t<div class=\"elementor-spacer-inner\"><\/div>\n\t\t<\/div>\n\t\t\t\t\t\t<\/div>\n\t\t\t\t<\/div>\n\t\t\t\t\t<\/div>\n\t\t<\/div>\n\t\t\t\t\t<\/div>\n\t\t<\/section>\n\t\t\t\t<section class=\"elementor-section elementor-top-section elementor-element elementor-element-cbb70c1 elementor-section-boxed elementor-section-height-default elementor-section-height-default\" data-id=\"cbb70c1\" data-element_type=\"section\" data-e-type=\"section\">\n\t\t\t\t\t\t<div class=\"elementor-container elementor-column-gap-default\">\n\t\t\t\t\t<div class=\"elementor-column elementor-col-100 elementor-top-column elementor-element elementor-element-be10e28\" data-id=\"be10e28\" data-element_type=\"column\" data-e-type=\"column\">\n\t\t\t<div class=\"elementor-widget-wrap elementor-element-populated\">\n\t\t\t\t\t\t<div class=\"elementor-element elementor-element-278cd6a elementor-widget elementor-widget-heading\" data-id=\"278cd6a\" data-element_type=\"widget\" data-e-type=\"widget\" data-widget_type=\"heading.default\">\n\t\t\t\t<div class=\"elementor-widget-container\">\n\t\t\t\t\t<h3 class=\"elementor-heading-title elementor-size-default\">Mehr zu Sonderp\u00e4dagogik in Sachsen:<\/h3>\t\t\t\t<\/div>\n\t\t\t\t<\/div>\n\t\t\t\t\t<\/div>\n\t\t<\/div>\n\t\t\t\t\t<\/div>\n\t\t<\/section>\n\t\t\t\t<section class=\"elementor-section elementor-top-section elementor-element elementor-element-ded1fbc elementor-section-boxed elementor-section-height-default elementor-section-height-default\" data-id=\"ded1fbc\" data-element_type=\"section\" data-e-type=\"section\">\n\t\t\t\t\t\t<div class=\"elementor-container elementor-column-gap-default\">\n\t\t\t\t\t<div class=\"elementor-column elementor-col-100 elementor-top-column elementor-element elementor-element-a69d97f\" data-id=\"a69d97f\" data-element_type=\"column\" data-e-type=\"column\">\n\t\t\t<div class=\"elementor-widget-wrap elementor-element-populated\">\n\t\t\t\t\t\t<div class=\"elementor-element elementor-element-50c5265 elementor-widget elementor-widget-button\" data-id=\"50c5265\" data-element_type=\"widget\" data-e-type=\"widget\" data-widget_type=\"button.default\">\n\t\t\t\t<div class=\"elementor-widget-container\">\n\t\t\t\t\t\t\t\t\t<div class=\"elementor-button-wrapper\">\n\t\t\t\t\t<a class=\"elementor-button elementor-button-link elementor-size-sm\" href=\"https:\/\/lehrer-werden-in-sachsen.de\/lehramtsstudium-in-sachsen-sonderpaedagogik\/\" title=\"Lehramtsstudium Sonderp\u00e4dagogik\">\n\t\t\t\t\t\t<span class=\"elementor-button-content-wrapper\">\n\t\t\t\t\t\t\t\t\t<span class=\"elementor-button-text\">Was ist Sonderp\u00e4dagogik?<\/span>\n\t\t\t\t\t<\/span>\n\t\t\t\t\t<\/a>\n\t\t\t\t<\/div>\n\t\t\t\t\t\t\t\t<\/div>\n\t\t\t\t<\/div>\n\t\t\t\t\t<\/div>\n\t\t<\/div>\n\t\t\t\t\t<\/div>\n\t\t<\/section>\n\t\t\t\t<section class=\"elementor-section elementor-top-section elementor-element elementor-element-c5ad6b5 elementor-section-boxed elementor-section-height-default elementor-section-height-default\" data-id=\"c5ad6b5\" data-element_type=\"section\" data-e-type=\"section\">\n\t\t\t\t\t\t<div class=\"elementor-container elementor-column-gap-default\">\n\t\t\t\t\t<div class=\"elementor-column elementor-col-100 elementor-top-column elementor-element elementor-element-d967c55\" data-id=\"d967c55\" data-element_type=\"column\" data-e-type=\"column\">\n\t\t\t<div class=\"elementor-widget-wrap elementor-element-populated\">\n\t\t\t\t\t\t<div class=\"elementor-element elementor-element-e58c688 elementor-widget elementor-widget-button\" data-id=\"e58c688\" data-element_type=\"widget\" data-e-type=\"widget\" data-widget_type=\"button.default\">\n\t\t\t\t<div class=\"elementor-widget-container\">\n\t\t\t\t\t\t\t\t\t<div class=\"elementor-button-wrapper\">\n\t\t\t\t\t<a class=\"elementor-button elementor-button-link elementor-size-sm\" href=\"https:\/\/lehrer-werden-in-sachsen.de\/ich-brauche-nicht-den-streber-ich-brauche-den-punk\/\" title=\"F\u00f6rderschule &quot;Am Zeisigwald&quot; in Chemnitz\">\n\t\t\t\t\t\t<span class=\"elementor-button-content-wrapper\">\n\t\t\t\t\t\t\t\t\t<span class=\"elementor-button-text\">F\u00f6rderschule Am Zeisigwald<\/span>\n\t\t\t\t\t<\/span>\n\t\t\t\t\t<\/a>\n\t\t\t\t<\/div>\n\t\t\t\t\t\t\t\t<\/div>\n\t\t\t\t<\/div>\n\t\t\t\t<div class=\"elementor-element elementor-element-9633467 elementor-widget elementor-widget-button\" data-id=\"9633467\" data-element_type=\"widget\" data-e-type=\"widget\" data-widget_type=\"button.default\">\n\t\t\t\t<div class=\"elementor-widget-container\">\n\t\t\t\t\t\t\t\t\t<div class=\"elementor-button-wrapper\">\n\t\t\t\t\t<a class=\"elementor-button elementor-button-link elementor-size-sm\" href=\"https:\/\/lehrer-werden-in-sachsen.de\/foerderpadagoge-aus-leidenschaft\/\" title=\"F\u00f6rderp\u00e4dagoge aus Leidenschaft\">\n\t\t\t\t\t\t<span class=\"elementor-button-content-wrapper\">\n\t\t\t\t\t\t\t\t\t<span class=\"elementor-button-text\">F\u00f6rderp\u00e4dagoge Mirko Altmann<\/span>\n\t\t\t\t\t<\/span>\n\t\t\t\t\t<\/a>\n\t\t\t\t<\/div>\n\t\t\t\t\t\t\t\t<\/div>\n\t\t\t\t<\/div>\n\t\t\t\t<div class=\"elementor-element elementor-element-6ac261f elementor-widget elementor-widget-button\" data-id=\"6ac261f\" data-element_type=\"widget\" data-e-type=\"widget\" data-widget_type=\"button.default\">\n\t\t\t\t<div class=\"elementor-widget-container\">\n\t\t\t\t\t\t\t\t\t<div class=\"elementor-button-wrapper\">\n\t\t\t\t\t<a class=\"elementor-button elementor-button-link elementor-size-sm\" href=\"https:\/\/lehrer-werden-in-sachsen.de\/multiprofessionelle-teams-an-saechsischen-schulen\/\" title=\"Heterogenit\u00e4t an s\u00e4chsischen Schulen: Mit multiprofessionellen Teams zum Erfolg\">\n\t\t\t\t\t\t<span class=\"elementor-button-content-wrapper\">\n\t\t\t\t\t\t\t\t\t<span class=\"elementor-button-text\">Inklusion und Heterogenit\u00e4t<\/span>\n\t\t\t\t\t<\/span>\n\t\t\t\t\t<\/a>\n\t\t\t\t<\/div>\n\t\t\t\t\t\t\t\t<\/div>\n\t\t\t\t<\/div>\n\t\t\t\t\t<\/div>\n\t\t<\/div>\n\t\t\t\t\t<\/div>\n\t\t<\/section>\n\t\t\t\t<section class=\"elementor-section elementor-top-section elementor-element elementor-element-95aac88 elementor-section-boxed elementor-section-height-default elementor-section-height-default\" data-id=\"95aac88\" data-element_type=\"section\" data-e-type=\"section\">\n\t\t\t\t\t\t<div class=\"elementor-container elementor-column-gap-default\">\n\t\t\t\t\t<div class=\"elementor-column elementor-col-100 elementor-top-column elementor-element elementor-element-88dddf1\" data-id=\"88dddf1\" data-element_type=\"column\" data-e-type=\"column\">\n\t\t\t<div class=\"elementor-widget-wrap\">\n\t\t\t\t\t\t\t<\/div>\n\t\t<\/div>\n\t\t\t\t\t<\/div>\n\t\t<\/section>\n\t\t\t\t<\/div>\n\t\t","protected":false},"excerpt":{"rendered":"<p>F\u00fcr Lara Schreck ist das Sonderp\u00e4dagogik-Studium mit F\u00f6rderschwerpunkt Geistige Entwicklung, kombiniert mit Musik, genau das richtige. Das Gespr\u00e4ch mit ihr: ein optimistischer Deep Dive in ihr Studium in Leipzig, in die Unterrichtspraxis und in ihre ver\u00e4nderte Sicht auf die Welt. <\/p>\n","protected":false},"author":28,"featured_media":20773,"comment_status":"closed","ping_status":"closed","sticky":false,"template":"","format":"standard","meta":{"footnotes":""},"categories":[46],"tags":[101,203,94],"class_list":["post-20707","post","type-post","status-publish","format-standard","has-post-thumbnail","hentry","category-blog","tag-forderschule","tag-inklusion","tag-lehramtsstudium"],"yoast_head":"<!-- This site is optimized with the Yoast SEO plugin v27.3 - https:\/\/yoast.com\/product\/yoast-seo-wordpress\/ -->\n<title>LEHRERIN SACHSEN | T\u00e4glich neue Perspektiven auf die Welt<\/title>\n<meta name=\"description\" content=\"Lara Schreck studiert Sonderp\u00e4dagogik in Leipzig. Sie berichtet vom Studium und von ihren Praktika auf ihrem Weg zur Lehrerin in Sachsen.\" \/>\n<meta name=\"robots\" content=\"index, follow, max-snippet:-1, max-image-preview:large, max-video-preview:-1\" \/>\n<link rel=\"canonical\" href=\"https:\/\/lehrer-werden-in-sachsen.de\/taeglich-acht-neue-perspektiven-auf-die-welt\/\" \/>\n<meta property=\"og:locale\" content=\"de_DE\" \/>\n<meta property=\"og:type\" content=\"article\" \/>\n<meta property=\"og:title\" content=\"Lara Schrecks Weg im Sonderp\u00e4dagogik-Studium\" \/>\n<meta property=\"og:description\" content=\"Lesen Sie Laras inspirierende Erfahrungen im Studium!\" \/>\n<meta property=\"og:url\" content=\"https:\/\/lehrer-werden-in-sachsen.de\/taeglich-acht-neue-perspektiven-auf-die-welt\/\" \/>\n<meta property=\"og:site_name\" content=\"LEHRERIN SACHSEN\" \/>\n<meta property=\"article:published_time\" content=\"2025-06-12T09:17:48+00:00\" \/>\n<meta property=\"article:modified_time\" content=\"2025-12-05T12:48:13+00:00\" \/>\n<meta property=\"og:image\" content=\"https:\/\/lehrer-werden-in-sachsen.de\/wp-content\/uploads\/2025\/06\/SMK-Blog-Header-Lara-Schreck_1920x970px.jpg\" \/>\n\t<meta property=\"og:image:width\" content=\"1920\" \/>\n\t<meta property=\"og:image:height\" content=\"970\" \/>\n\t<meta property=\"og:image:type\" content=\"image\/jpeg\" \/>\n<meta name=\"author\" content=\"Ute Schirmack\" \/>\n<meta name=\"twitter:card\" content=\"summary_large_image\" \/>\n<meta name=\"twitter:title\" content=\"Lara Schrecks Weg im Sonderp\u00e4dagogik-Studium\" \/>\n<meta name=\"twitter:description\" content=\"Lesen Sie Laras inspirierende Erfahrungen im Studium!\" \/>\n<meta name=\"twitter:label1\" content=\"Verfasst von\" \/>\n\t<meta name=\"twitter:data1\" content=\"Ute Schirmack\" \/>\n\t<meta name=\"twitter:label2\" content=\"Gesch\u00e4tzte Lesezeit\" \/>\n\t<meta name=\"twitter:data2\" content=\"13\u00a0Minuten\" \/>\n<script type=\"application\/ld+json\" class=\"yoast-schema-graph\">{\"@context\":\"https:\\\/\\\/schema.org\",\"@graph\":[{\"@type\":\"Article\",\"@id\":\"https:\\\/\\\/lehrer-werden-in-sachsen.de\\\/taeglich-acht-neue-perspektiven-auf-die-welt\\\/#article\",\"isPartOf\":{\"@id\":\"https:\\\/\\\/lehrer-werden-in-sachsen.de\\\/taeglich-acht-neue-perspektiven-auf-die-welt\\\/\"},\"author\":{\"name\":\"Ute Schirmack\",\"@id\":\"https:\\\/\\\/lehrer-werden-in-sachsen.de\\\/#\\\/schema\\\/person\\\/5e4731c44f29a205208182ecfa64393f\"},\"headline\":\"T\u00e4glich acht neue Perspektiven auf die Welt\",\"datePublished\":\"2025-06-12T09:17:48+00:00\",\"dateModified\":\"2025-12-05T12:48:13+00:00\",\"mainEntityOfPage\":{\"@id\":\"https:\\\/\\\/lehrer-werden-in-sachsen.de\\\/taeglich-acht-neue-perspektiven-auf-die-welt\\\/\"},\"wordCount\":2245,\"publisher\":{\"@id\":\"https:\\\/\\\/lehrer-werden-in-sachsen.de\\\/#organization\"},\"image\":{\"@id\":\"https:\\\/\\\/lehrer-werden-in-sachsen.de\\\/taeglich-acht-neue-perspektiven-auf-die-welt\\\/#primaryimage\"},\"thumbnailUrl\":\"https:\\\/\\\/lehrer-werden-in-sachsen.de\\\/stage\\\/wp-content\\\/uploads\\\/2025\\\/06\\\/SMK-Blog-Header-Lara-Schreck_1920x970px.jpg\",\"keywords\":[\"F\u00f6rderschule\",\"Inklusion\",\"Lehramtsstudium\"],\"articleSection\":[\"Blog\"],\"inLanguage\":\"de\"},{\"@type\":\"WebPage\",\"@id\":\"https:\\\/\\\/lehrer-werden-in-sachsen.de\\\/taeglich-acht-neue-perspektiven-auf-die-welt\\\/\",\"url\":\"https:\\\/\\\/lehrer-werden-in-sachsen.de\\\/taeglich-acht-neue-perspektiven-auf-die-welt\\\/\",\"name\":\"LEHRERIN SACHSEN | T\u00e4glich neue Perspektiven auf die Welt\",\"isPartOf\":{\"@id\":\"https:\\\/\\\/lehrer-werden-in-sachsen.de\\\/#website\"},\"primaryImageOfPage\":{\"@id\":\"https:\\\/\\\/lehrer-werden-in-sachsen.de\\\/taeglich-acht-neue-perspektiven-auf-die-welt\\\/#primaryimage\"},\"image\":{\"@id\":\"https:\\\/\\\/lehrer-werden-in-sachsen.de\\\/taeglich-acht-neue-perspektiven-auf-die-welt\\\/#primaryimage\"},\"thumbnailUrl\":\"https:\\\/\\\/lehrer-werden-in-sachsen.de\\\/stage\\\/wp-content\\\/uploads\\\/2025\\\/06\\\/SMK-Blog-Header-Lara-Schreck_1920x970px.jpg\",\"datePublished\":\"2025-06-12T09:17:48+00:00\",\"dateModified\":\"2025-12-05T12:48:13+00:00\",\"description\":\"Lara Schreck studiert Sonderp\u00e4dagogik in Leipzig. Sie berichtet vom Studium und von ihren Praktika auf ihrem Weg zur Lehrerin in Sachsen.\",\"breadcrumb\":{\"@id\":\"https:\\\/\\\/lehrer-werden-in-sachsen.de\\\/taeglich-acht-neue-perspektiven-auf-die-welt\\\/#breadcrumb\"},\"inLanguage\":\"de\",\"potentialAction\":[{\"@type\":\"ReadAction\",\"target\":[\"https:\\\/\\\/lehrer-werden-in-sachsen.de\\\/taeglich-acht-neue-perspektiven-auf-die-welt\\\/\"]}]},{\"@type\":\"ImageObject\",\"inLanguage\":\"de\",\"@id\":\"https:\\\/\\\/lehrer-werden-in-sachsen.de\\\/taeglich-acht-neue-perspektiven-auf-die-welt\\\/#primaryimage\",\"url\":\"https:\\\/\\\/lehrer-werden-in-sachsen.de\\\/stage\\\/wp-content\\\/uploads\\\/2025\\\/06\\\/SMK-Blog-Header-Lara-Schreck_1920x970px.jpg\",\"contentUrl\":\"https:\\\/\\\/lehrer-werden-in-sachsen.de\\\/stage\\\/wp-content\\\/uploads\\\/2025\\\/06\\\/SMK-Blog-Header-Lara-Schreck_1920x970px.jpg\",\"width\":1920,\"height\":970,\"caption\":\"Eine junge Frau, die w\u00e4hrend eines Gespr\u00e4chs gestikuliert.\"},{\"@type\":\"BreadcrumbList\",\"@id\":\"https:\\\/\\\/lehrer-werden-in-sachsen.de\\\/taeglich-acht-neue-perspektiven-auf-die-welt\\\/#breadcrumb\",\"itemListElement\":[{\"@type\":\"ListItem\",\"position\":1,\"name\":\"Startseite\",\"item\":\"https:\\\/\\\/lehrer-werden-in-sachsen.de\\\/\"},{\"@type\":\"ListItem\",\"position\":2,\"name\":\"T\u00e4glich acht neue Perspektiven auf die Welt\"}]},{\"@type\":\"WebSite\",\"@id\":\"https:\\\/\\\/lehrer-werden-in-sachsen.de\\\/#website\",\"url\":\"https:\\\/\\\/lehrer-werden-in-sachsen.de\\\/\",\"name\":\"LEHRERIN SACHSEN\",\"description\":\"Eine Klasse f\u00fcr sich.\",\"publisher\":{\"@id\":\"https:\\\/\\\/lehrer-werden-in-sachsen.de\\\/#organization\"},\"potentialAction\":[{\"@type\":\"SearchAction\",\"target\":{\"@type\":\"EntryPoint\",\"urlTemplate\":\"https:\\\/\\\/lehrer-werden-in-sachsen.de\\\/?s={search_term_string}\"},\"query-input\":{\"@type\":\"PropertyValueSpecification\",\"valueRequired\":true,\"valueName\":\"search_term_string\"}}],\"inLanguage\":\"de\"},{\"@type\":\"Organization\",\"@id\":\"https:\\\/\\\/lehrer-werden-in-sachsen.de\\\/#organization\",\"name\":\"LEHRERIN SACHSEN\",\"url\":\"https:\\\/\\\/lehrer-werden-in-sachsen.de\\\/\",\"logo\":{\"@type\":\"ImageObject\",\"inLanguage\":\"de\",\"@id\":\"https:\\\/\\\/lehrer-werden-in-sachsen.de\\\/#\\\/schema\\\/logo\\\/image\\\/\",\"url\":\"https:\\\/\\\/lehrer-werden-in-sachsen.de\\\/stage\\\/wp-content\\\/uploads\\\/2022\\\/02\\\/SMK_Leherin-Sachsen-Marke_RGB_Violett-Orange.svg\",\"contentUrl\":\"https:\\\/\\\/lehrer-werden-in-sachsen.de\\\/stage\\\/wp-content\\\/uploads\\\/2022\\\/02\\\/SMK_Leherin-Sachsen-Marke_RGB_Violett-Orange.svg\",\"caption\":\"LEHRERIN SACHSEN\"},\"image\":{\"@id\":\"https:\\\/\\\/lehrer-werden-in-sachsen.de\\\/#\\\/schema\\\/logo\\\/image\\\/\"}},{\"@type\":\"Person\",\"@id\":\"https:\\\/\\\/lehrer-werden-in-sachsen.de\\\/#\\\/schema\\\/person\\\/5e4731c44f29a205208182ecfa64393f\",\"name\":\"Ute Schirmack\",\"image\":{\"@type\":\"ImageObject\",\"inLanguage\":\"de\",\"@id\":\"https:\\\/\\\/secure.gravatar.com\\\/avatar\\\/598fa1aedac22eef3ac59a24de23cb10b697a462ec575f429d6e5c0dd1bd0d58?s=96&d=mm&r=g\",\"url\":\"https:\\\/\\\/secure.gravatar.com\\\/avatar\\\/598fa1aedac22eef3ac59a24de23cb10b697a462ec575f429d6e5c0dd1bd0d58?s=96&d=mm&r=g\",\"contentUrl\":\"https:\\\/\\\/secure.gravatar.com\\\/avatar\\\/598fa1aedac22eef3ac59a24de23cb10b697a462ec575f429d6e5c0dd1bd0d58?s=96&d=mm&r=g\",\"caption\":\"Ute Schirmack\"},\"url\":\"https:\\\/\\\/lehrer-werden-in-sachsen.de\\\/stage\\\/author\\\/ute-schirmack\\\/\"}]}<\/script>\n<!-- \/ Yoast SEO plugin. -->","yoast_head_json":{"title":"LEHRERIN SACHSEN | T\u00e4glich neue Perspektiven auf die Welt","description":"Lara Schreck studiert Sonderp\u00e4dagogik in Leipzig. Sie berichtet vom Studium und von ihren Praktika auf ihrem Weg zur Lehrerin in Sachsen.","robots":{"index":"index","follow":"follow","max-snippet":"max-snippet:-1","max-image-preview":"max-image-preview:large","max-video-preview":"max-video-preview:-1"},"canonical":"https:\/\/lehrer-werden-in-sachsen.de\/taeglich-acht-neue-perspektiven-auf-die-welt\/","og_locale":"de_DE","og_type":"article","og_title":"Lara Schrecks Weg im Sonderp\u00e4dagogik-Studium","og_description":"Lesen Sie Laras inspirierende Erfahrungen im Studium!","og_url":"https:\/\/lehrer-werden-in-sachsen.de\/taeglich-acht-neue-perspektiven-auf-die-welt\/","og_site_name":"LEHRERIN SACHSEN","article_published_time":"2025-06-12T09:17:48+00:00","article_modified_time":"2025-12-05T12:48:13+00:00","og_image":[{"width":1920,"height":970,"url":"https:\/\/lehrer-werden-in-sachsen.de\/wp-content\/uploads\/2025\/06\/SMK-Blog-Header-Lara-Schreck_1920x970px.jpg","type":"image\/jpeg"}],"author":"Ute Schirmack","twitter_card":"summary_large_image","twitter_title":"Lara Schrecks Weg im Sonderp\u00e4dagogik-Studium","twitter_description":"Lesen Sie Laras inspirierende Erfahrungen im Studium!","twitter_misc":{"Verfasst von":"Ute Schirmack","Gesch\u00e4tzte Lesezeit":"13\u00a0Minuten"},"schema":{"@context":"https:\/\/schema.org","@graph":[{"@type":"Article","@id":"https:\/\/lehrer-werden-in-sachsen.de\/taeglich-acht-neue-perspektiven-auf-die-welt\/#article","isPartOf":{"@id":"https:\/\/lehrer-werden-in-sachsen.de\/taeglich-acht-neue-perspektiven-auf-die-welt\/"},"author":{"name":"Ute Schirmack","@id":"https:\/\/lehrer-werden-in-sachsen.de\/#\/schema\/person\/5e4731c44f29a205208182ecfa64393f"},"headline":"T\u00e4glich acht neue Perspektiven auf die Welt","datePublished":"2025-06-12T09:17:48+00:00","dateModified":"2025-12-05T12:48:13+00:00","mainEntityOfPage":{"@id":"https:\/\/lehrer-werden-in-sachsen.de\/taeglich-acht-neue-perspektiven-auf-die-welt\/"},"wordCount":2245,"publisher":{"@id":"https:\/\/lehrer-werden-in-sachsen.de\/#organization"},"image":{"@id":"https:\/\/lehrer-werden-in-sachsen.de\/taeglich-acht-neue-perspektiven-auf-die-welt\/#primaryimage"},"thumbnailUrl":"https:\/\/lehrer-werden-in-sachsen.de\/stage\/wp-content\/uploads\/2025\/06\/SMK-Blog-Header-Lara-Schreck_1920x970px.jpg","keywords":["F\u00f6rderschule","Inklusion","Lehramtsstudium"],"articleSection":["Blog"],"inLanguage":"de"},{"@type":"WebPage","@id":"https:\/\/lehrer-werden-in-sachsen.de\/taeglich-acht-neue-perspektiven-auf-die-welt\/","url":"https:\/\/lehrer-werden-in-sachsen.de\/taeglich-acht-neue-perspektiven-auf-die-welt\/","name":"LEHRERIN SACHSEN | T\u00e4glich neue Perspektiven auf die Welt","isPartOf":{"@id":"https:\/\/lehrer-werden-in-sachsen.de\/#website"},"primaryImageOfPage":{"@id":"https:\/\/lehrer-werden-in-sachsen.de\/taeglich-acht-neue-perspektiven-auf-die-welt\/#primaryimage"},"image":{"@id":"https:\/\/lehrer-werden-in-sachsen.de\/taeglich-acht-neue-perspektiven-auf-die-welt\/#primaryimage"},"thumbnailUrl":"https:\/\/lehrer-werden-in-sachsen.de\/stage\/wp-content\/uploads\/2025\/06\/SMK-Blog-Header-Lara-Schreck_1920x970px.jpg","datePublished":"2025-06-12T09:17:48+00:00","dateModified":"2025-12-05T12:48:13+00:00","description":"Lara Schreck studiert Sonderp\u00e4dagogik in Leipzig. Sie berichtet vom Studium und von ihren Praktika auf ihrem Weg zur Lehrerin in Sachsen.","breadcrumb":{"@id":"https:\/\/lehrer-werden-in-sachsen.de\/taeglich-acht-neue-perspektiven-auf-die-welt\/#breadcrumb"},"inLanguage":"de","potentialAction":[{"@type":"ReadAction","target":["https:\/\/lehrer-werden-in-sachsen.de\/taeglich-acht-neue-perspektiven-auf-die-welt\/"]}]},{"@type":"ImageObject","inLanguage":"de","@id":"https:\/\/lehrer-werden-in-sachsen.de\/taeglich-acht-neue-perspektiven-auf-die-welt\/#primaryimage","url":"https:\/\/lehrer-werden-in-sachsen.de\/stage\/wp-content\/uploads\/2025\/06\/SMK-Blog-Header-Lara-Schreck_1920x970px.jpg","contentUrl":"https:\/\/lehrer-werden-in-sachsen.de\/stage\/wp-content\/uploads\/2025\/06\/SMK-Blog-Header-Lara-Schreck_1920x970px.jpg","width":1920,"height":970,"caption":"Eine junge Frau, die w\u00e4hrend eines Gespr\u00e4chs gestikuliert."},{"@type":"BreadcrumbList","@id":"https:\/\/lehrer-werden-in-sachsen.de\/taeglich-acht-neue-perspektiven-auf-die-welt\/#breadcrumb","itemListElement":[{"@type":"ListItem","position":1,"name":"Startseite","item":"https:\/\/lehrer-werden-in-sachsen.de\/"},{"@type":"ListItem","position":2,"name":"T\u00e4glich acht neue Perspektiven auf die Welt"}]},{"@type":"WebSite","@id":"https:\/\/lehrer-werden-in-sachsen.de\/#website","url":"https:\/\/lehrer-werden-in-sachsen.de\/","name":"LEHRERIN SACHSEN","description":"Eine Klasse f\u00fcr sich.","publisher":{"@id":"https:\/\/lehrer-werden-in-sachsen.de\/#organization"},"potentialAction":[{"@type":"SearchAction","target":{"@type":"EntryPoint","urlTemplate":"https:\/\/lehrer-werden-in-sachsen.de\/?s={search_term_string}"},"query-input":{"@type":"PropertyValueSpecification","valueRequired":true,"valueName":"search_term_string"}}],"inLanguage":"de"},{"@type":"Organization","@id":"https:\/\/lehrer-werden-in-sachsen.de\/#organization","name":"LEHRERIN SACHSEN","url":"https:\/\/lehrer-werden-in-sachsen.de\/","logo":{"@type":"ImageObject","inLanguage":"de","@id":"https:\/\/lehrer-werden-in-sachsen.de\/#\/schema\/logo\/image\/","url":"https:\/\/lehrer-werden-in-sachsen.de\/stage\/wp-content\/uploads\/2022\/02\/SMK_Leherin-Sachsen-Marke_RGB_Violett-Orange.svg","contentUrl":"https:\/\/lehrer-werden-in-sachsen.de\/stage\/wp-content\/uploads\/2022\/02\/SMK_Leherin-Sachsen-Marke_RGB_Violett-Orange.svg","caption":"LEHRERIN SACHSEN"},"image":{"@id":"https:\/\/lehrer-werden-in-sachsen.de\/#\/schema\/logo\/image\/"}},{"@type":"Person","@id":"https:\/\/lehrer-werden-in-sachsen.de\/#\/schema\/person\/5e4731c44f29a205208182ecfa64393f","name":"Ute Schirmack","image":{"@type":"ImageObject","inLanguage":"de","@id":"https:\/\/secure.gravatar.com\/avatar\/598fa1aedac22eef3ac59a24de23cb10b697a462ec575f429d6e5c0dd1bd0d58?s=96&d=mm&r=g","url":"https:\/\/secure.gravatar.com\/avatar\/598fa1aedac22eef3ac59a24de23cb10b697a462ec575f429d6e5c0dd1bd0d58?s=96&d=mm&r=g","contentUrl":"https:\/\/secure.gravatar.com\/avatar\/598fa1aedac22eef3ac59a24de23cb10b697a462ec575f429d6e5c0dd1bd0d58?s=96&d=mm&r=g","caption":"Ute Schirmack"},"url":"https:\/\/lehrer-werden-in-sachsen.de\/stage\/author\/ute-schirmack\/"}]}},"_links":{"self":[{"href":"https:\/\/lehrer-werden-in-sachsen.de\/stage\/wp-json\/wp\/v2\/posts\/20707","targetHints":{"allow":["GET"]}}],"collection":[{"href":"https:\/\/lehrer-werden-in-sachsen.de\/stage\/wp-json\/wp\/v2\/posts"}],"about":[{"href":"https:\/\/lehrer-werden-in-sachsen.de\/stage\/wp-json\/wp\/v2\/types\/post"}],"author":[{"embeddable":true,"href":"https:\/\/lehrer-werden-in-sachsen.de\/stage\/wp-json\/wp\/v2\/users\/28"}],"replies":[{"embeddable":true,"href":"https:\/\/lehrer-werden-in-sachsen.de\/stage\/wp-json\/wp\/v2\/comments?post=20707"}],"version-history":[{"count":206,"href":"https:\/\/lehrer-werden-in-sachsen.de\/stage\/wp-json\/wp\/v2\/posts\/20707\/revisions"}],"predecessor-version":[{"id":25333,"href":"https:\/\/lehrer-werden-in-sachsen.de\/stage\/wp-json\/wp\/v2\/posts\/20707\/revisions\/25333"}],"wp:featuredmedia":[{"embeddable":true,"href":"https:\/\/lehrer-werden-in-sachsen.de\/stage\/wp-json\/wp\/v2\/media\/20773"}],"wp:attachment":[{"href":"https:\/\/lehrer-werden-in-sachsen.de\/stage\/wp-json\/wp\/v2\/media?parent=20707"}],"wp:term":[{"taxonomy":"category","embeddable":true,"href":"https:\/\/lehrer-werden-in-sachsen.de\/stage\/wp-json\/wp\/v2\/categories?post=20707"},{"taxonomy":"post_tag","embeddable":true,"href":"https:\/\/lehrer-werden-in-sachsen.de\/stage\/wp-json\/wp\/v2\/tags?post=20707"}],"curies":[{"name":"wp","href":"https:\/\/api.w.org\/{rel}","templated":true}]}}