{"id":20031,"date":"2025-02-17T15:13:34","date_gmt":"2025-02-17T14:13:34","guid":{"rendered":"https:\/\/lehrer-werden-in-sachsen.de\/stage\/?p=20031"},"modified":"2025-10-10T10:55:06","modified_gmt":"2025-10-10T08:55:06","slug":"wir-arbeiten-fuer-die-bildung","status":"publish","type":"post","link":"https:\/\/lehrer-werden-in-sachsen.de\/stage\/wir-arbeiten-fuer-die-bildung\/","title":{"rendered":"\u201eWir arbeiten f\u00fcr die Bildung\u201c"},"content":{"rendered":"\t\t<div data-elementor-type=\"wp-post\" data-elementor-id=\"20031\" class=\"elementor elementor-20031\" data-elementor-post-type=\"post\">\n\t\t\t\t\t\t<section class=\"elementor-section elementor-top-section elementor-element elementor-element-dcf24f7 elementor-section-boxed elementor-section-height-default elementor-section-height-default\" data-id=\"dcf24f7\" data-element_type=\"section\" data-e-type=\"section\">\n\t\t\t\t\t\t<div class=\"elementor-container elementor-column-gap-default\">\n\t\t\t\t\t<div class=\"elementor-column elementor-col-100 elementor-top-column elementor-element elementor-element-e3a3b6a\" data-id=\"e3a3b6a\" data-element_type=\"column\" data-e-type=\"column\">\n\t\t\t<div class=\"elementor-widget-wrap elementor-element-populated\">\n\t\t\t\t\t\t<div class=\"elementor-element elementor-element-280a18c elementor-widget elementor-widget-text-editor\" data-id=\"280a18c\" data-element_type=\"widget\" data-e-type=\"widget\" data-widget_type=\"text-editor.default\">\n\t\t\t\t<div class=\"elementor-widget-container\">\n\t\t\t\t\t\t\t\t\t<p><strong>Sybille H\u00f6fer ist Schulleiterin an der Martin-Andersen-Nex\u00f6-Oberschule in Zschopau. Ihre Schule ermuntert Sch\u00fclerinnen und Sch\u00fcler, bei SCHAU REIN! im M\u00e4rz 2025 den Lehrberuf n\u00e4her kennen zu lernen und sich selbst in die Rolle der Lehrkraft hinein zu denken. Selbst wenn ein Lehramtsstudium f\u00fcr die Achtkl\u00e4sslerinnen und -kl\u00e4ssler noch weit entfernt scheint \u2013 zu fr\u00fch, um das Interesse f\u00fcr ein Lehramtsstudium und den Beruf zu wecken, ist es nie. <\/strong><\/p>\t\t\t\t\t\t\t\t<\/div>\n\t\t\t\t<\/div>\n\t\t\t\t\t<\/div>\n\t\t<\/div>\n\t\t\t\t\t<\/div>\n\t\t<\/section>\n\t\t\t\t<section class=\"elementor-section elementor-top-section elementor-element elementor-element-20f5d6f elementor-section-boxed elementor-section-height-default elementor-section-height-default\" data-id=\"20f5d6f\" data-element_type=\"section\" data-e-type=\"section\">\n\t\t\t\t\t\t<div class=\"elementor-container elementor-column-gap-default\">\n\t\t\t\t\t<div class=\"elementor-column elementor-col-100 elementor-top-column elementor-element elementor-element-387bff1\" data-id=\"387bff1\" data-element_type=\"column\" data-e-type=\"column\">\n\t\t\t<div class=\"elementor-widget-wrap elementor-element-populated\">\n\t\t\t\t\t\t<div class=\"elementor-element elementor-element-ea92e7e elementor-widget elementor-widget-text-editor\" data-id=\"ea92e7e\" data-element_type=\"widget\" data-e-type=\"widget\" data-widget_type=\"text-editor.default\">\n\t\t\t\t<div class=\"elementor-widget-container\">\n\t\t\t\t\t\t\t\t\t<p>\u201eWir bieten 60-min\u00fctige Interviewrunden an, damit Sch\u00fclerinnen und Sch\u00fcler bei <a href=\"https:\/\/www.schau-rein-sachsen.de\/\" title=\"SCHAU REIN! Sachsen\" target=\"_blank\" data-auto-event-observed=\"true\" rel=\"noopener\">SCHAU REIN!<\/a> Schule einmal von der anderen Seite kennenlernen\u201c, sagt Sybille H\u00f6fer, Schulleiterin der <a href=\"https:\/\/www.man-zschopau.de\/\" title=\"Martin-Andersen-Nex\u00f6-Oberschule\" target=\"_blank\" data-auto-event-observed=\"true\" rel=\"noopener\">Martin-Andersen-Nex\u00f6-Oberschule<\/a> (MAN-Schule) in Zschopau. In diesem\u00a0<span lang=\"DE-DE\" xml:lang=\"DE-DE\" data-contrast=\"auto\">Programm\u00a0zur\u00a0beruflichen Orientierung\u00a0pr\u00e4sentieren sich zahlreiche\u00a0Schulen\u00a0in Sachsen\u00a0in ihrer Vielfalt als attraktive\u00a0Arbeitsorte.\u00a0<\/span><span style=\"font-family: inherit; font-size: inherit; font-style: inherit; font-variant-ligatures: inherit; font-variant-caps: inherit; font-weight: inherit;\">In einer maximal zehnk\u00f6pfigen Gruppe bietet Sybille H\u00f6fer im M\u00e4rz 2025 an der MAN-Schule eine nachmitt\u00e4gliche Runde mit ihr und \u201eeinem jungen Kollegen oder einer Kollegin, die altersm\u00e4\u00dfig noch nicht so weit weg sind von den Sch\u00fclerinnen und Sch\u00fclern\u201c, an.<\/span><\/p><p><span style=\"font-family: inherit; font-size: inherit; font-style: inherit; font-variant-ligatures: inherit; font-variant-caps: inherit; font-weight: inherit;\">\u00a0<\/span><\/p>\t\t\t\t\t\t\t\t<\/div>\n\t\t\t\t<\/div>\n\t\t\t\t\t<\/div>\n\t\t<\/div>\n\t\t\t\t\t<\/div>\n\t\t<\/section>\n\t\t\t\t<section class=\"elementor-section elementor-top-section elementor-element elementor-element-854934e elementor-section-boxed elementor-section-height-default elementor-section-height-default\" data-id=\"854934e\" data-element_type=\"section\" data-e-type=\"section\">\n\t\t\t\t\t\t<div class=\"elementor-container elementor-column-gap-default\">\n\t\t\t\t\t<div class=\"elementor-column elementor-col-100 elementor-top-column elementor-element elementor-element-748e1ae\" data-id=\"748e1ae\" data-element_type=\"column\" data-e-type=\"column\">\n\t\t\t<div class=\"elementor-widget-wrap elementor-element-populated\">\n\t\t\t\t\t\t<div class=\"elementor-element elementor-element-c4b095c elementor-widget elementor-widget-heading\" data-id=\"c4b095c\" data-element_type=\"widget\" data-e-type=\"widget\" data-widget_type=\"heading.default\">\n\t\t\t\t<div class=\"elementor-widget-container\">\n\t\t\t\t\t<h2 class=\"elementor-heading-title elementor-size-default\">Ins Gespr\u00e4ch kommen<\/h2>\t\t\t\t<\/div>\n\t\t\t\t<\/div>\n\t\t\t\t\t<\/div>\n\t\t<\/div>\n\t\t\t\t\t<\/div>\n\t\t<\/section>\n\t\t\t\t<section class=\"elementor-section elementor-top-section elementor-element elementor-element-c846dab elementor-section-boxed elementor-section-height-default elementor-section-height-default\" data-id=\"c846dab\" data-element_type=\"section\" data-e-type=\"section\">\n\t\t\t\t\t\t<div class=\"elementor-container elementor-column-gap-default\">\n\t\t\t\t\t<div class=\"elementor-column elementor-col-100 elementor-top-column elementor-element elementor-element-b14ca4b\" data-id=\"b14ca4b\" data-element_type=\"column\" data-e-type=\"column\">\n\t\t\t<div class=\"elementor-widget-wrap elementor-element-populated\">\n\t\t\t\t\t\t<div class=\"elementor-element elementor-element-e800f3d elementor-widget elementor-widget-text-editor\" data-id=\"e800f3d\" data-element_type=\"widget\" data-e-type=\"widget\" data-widget_type=\"text-editor.default\">\n\t\t\t\t<div class=\"elementor-widget-container\">\n\t\t\t\t\t\t\t\t\t<p>Das Wichtigste: \u201eErst einmal miteinander ins Gespr\u00e4ch kommen!\u201c Die Acht- und manchmal sogar Siebtkl\u00e4sslerinnen sind gerade einmal 14 oder 13 Jahre alt. \u201eDa ist der Lehrerberuf noch sehr, sehr weit entfernt.\u201c Abitur, Studium, Vorbereitungsdienst und dann erst der Einstieg ins Berufsleben \u2013 da gehen locker acht bis neun Jahre ins Land. \u201eAber wir weisen auch gern darauf hin, dass es die M\u00f6glichkeit gibt, ein freiwilliges soziales Jahr im Bereich Bildung zu machen oder in einem Betriebspraktikum in eine Schule hineinzuschnuppern.\u201c<\/p><p>\u00a0<\/p><p>Die MAN-Schule engagiere sich nicht aus Eigennutz bei SCHAU REIN!, erkl\u00e4rt H\u00f6fer. \u201eEs ist egal, an welcher Schule ein Lehrer genau landet, denn alle Sch\u00fclerinnen und Sch\u00fcler brauchen Lehrer. Wir arbeiten nicht f\u00fcr unsere Schule, sondern f\u00fcr die Bildung.\u201c<\/p><p>\u00a0<\/p>\t\t\t\t\t\t\t\t<\/div>\n\t\t\t\t<\/div>\n\t\t\t\t\t<\/div>\n\t\t<\/div>\n\t\t\t\t\t<\/div>\n\t\t<\/section>\n\t\t\t\t<section class=\"elementor-section elementor-top-section elementor-element elementor-element-987d9d1 elementor-section-boxed elementor-section-height-default elementor-section-height-default\" data-id=\"987d9d1\" data-element_type=\"section\" data-e-type=\"section\">\n\t\t\t\t\t\t<div class=\"elementor-container elementor-column-gap-default\">\n\t\t\t\t\t<div class=\"elementor-column elementor-col-100 elementor-top-column elementor-element elementor-element-c4c8595\" data-id=\"c4c8595\" data-element_type=\"column\" data-e-type=\"column\">\n\t\t\t<div class=\"elementor-widget-wrap elementor-element-populated\">\n\t\t\t\t\t\t<div class=\"elementor-element elementor-element-536c7da elementor-widget elementor-widget-heading\" data-id=\"536c7da\" data-element_type=\"widget\" data-e-type=\"widget\" data-widget_type=\"heading.default\">\n\t\t\t\t<div class=\"elementor-widget-container\">\n\t\t\t\t\t<h2 class=\"elementor-heading-title elementor-size-default\">Es ist nie zu fr\u00fch, um \u00fcber das richtige Studienfach nachzudenken!<\/h2>\t\t\t\t<\/div>\n\t\t\t\t<\/div>\n\t\t\t\t\t<\/div>\n\t\t<\/div>\n\t\t\t\t\t<\/div>\n\t\t<\/section>\n\t\t\t\t<section class=\"elementor-section elementor-top-section elementor-element elementor-element-94e43ea elementor-section-boxed elementor-section-height-default elementor-section-height-default\" data-id=\"94e43ea\" data-element_type=\"section\" data-e-type=\"section\">\n\t\t\t\t\t\t<div class=\"elementor-container elementor-column-gap-default\">\n\t\t\t\t\t<div class=\"elementor-column elementor-col-100 elementor-top-column elementor-element elementor-element-7474bb3\" data-id=\"7474bb3\" data-element_type=\"column\" data-e-type=\"column\">\n\t\t\t<div class=\"elementor-widget-wrap elementor-element-populated\">\n\t\t\t\t\t\t<div class=\"elementor-element elementor-element-1e0bc50 elementor-widget elementor-widget-text-editor\" data-id=\"1e0bc50\" data-element_type=\"widget\" data-e-type=\"widget\" data-widget_type=\"text-editor.default\">\n\t\t\t\t<div class=\"elementor-widget-container\">\n\t\t\t\t\t\t\t\t\t<p>Gerade, weil ein Lehramtsstudium in der Mittelstufe noch so fern erscheine, empfiehlt Sybille H\u00f6fer, sich mit Fragen auf die Interviewrunde vorzubereiten. Sie und ihre Kolleginnen und Kollegen teilen Wissen aus der Praxis, \u00fcber das sich Sch\u00fclerinnen und Sch\u00fcler h\u00e4ufig keine Gedanken machen, die aber den tats\u00e4chlichen Berufsalltag oft dominieren: \u201eWenn ich Hobby und Beruf miteinander verbinde und zwei kleine F\u00e4cher wie Geografie und Geschichte studiere, habe ich sp\u00e4ter kaum eine Chance, an eine kleinere Oberschule zu gehen. Au\u00dferdem sitze ich in allen Konferenzen, weil ich in jeder Klasse eine oder zwei Stunden unterrichte.\u201c<\/p><p>\u00a0<\/p><p>Vorab Infos einzusammeln, selbst in einem so fr\u00fchen Stadium, ist also extrem hilfreich. \u201eSo kann ich mein Studium so planen, dass ich mir sp\u00e4ter im Beruf meinen eigenen Gestaltungsspielraum schaffen kann.\u201c<\/p><p>\u00a0<\/p>\t\t\t\t\t\t\t\t<\/div>\n\t\t\t\t<\/div>\n\t\t\t\t\t<\/div>\n\t\t<\/div>\n\t\t\t\t\t<\/div>\n\t\t<\/section>\n\t\t\t\t<section class=\"elementor-section elementor-top-section elementor-element elementor-element-9cb2245 elementor-section-boxed elementor-section-height-default elementor-section-height-default\" data-id=\"9cb2245\" data-element_type=\"section\" data-e-type=\"section\">\n\t\t\t\t\t\t<div class=\"elementor-container elementor-column-gap-default\">\n\t\t\t\t\t<div class=\"elementor-column elementor-col-100 elementor-top-column elementor-element elementor-element-1e187dc\" data-id=\"1e187dc\" data-element_type=\"column\" data-e-type=\"column\">\n\t\t\t<div class=\"elementor-widget-wrap\">\n\t\t\t\t\t\t\t<\/div>\n\t\t<\/div>\n\t\t\t\t\t<\/div>\n\t\t<\/section>\n\t\t\t\t<section class=\"elementor-section elementor-top-section elementor-element elementor-element-d1d527c elementor-section-boxed elementor-section-height-default elementor-section-height-default\" data-id=\"d1d527c\" data-element_type=\"section\" data-e-type=\"section\">\n\t\t\t\t\t\t<div class=\"elementor-container elementor-column-gap-default\">\n\t\t\t\t\t<div class=\"elementor-column elementor-col-100 elementor-top-column elementor-element elementor-element-62172f2\" data-id=\"62172f2\" data-element_type=\"column\" data-e-type=\"column\">\n\t\t\t<div class=\"elementor-widget-wrap elementor-element-populated\">\n\t\t\t\t\t\t<div class=\"elementor-element elementor-element-b9e4566 elementor-widget elementor-widget-heading\" data-id=\"b9e4566\" data-element_type=\"widget\" data-e-type=\"widget\" data-widget_type=\"heading.default\">\n\t\t\t\t<div class=\"elementor-widget-container\">\n\t\t\t\t\t<h3 class=\"elementor-heading-title elementor-size-default\">Beispiele aus der Praxis &amp; mehr Infos:<\/h3>\t\t\t\t<\/div>\n\t\t\t\t<\/div>\n\t\t\t\t<div class=\"elementor-element elementor-element-86a2f4d elementor-widget elementor-widget-button\" data-id=\"86a2f4d\" data-element_type=\"widget\" data-e-type=\"widget\" data-widget_type=\"button.default\">\n\t\t\t\t<div class=\"elementor-widget-container\">\n\t\t\t\t\t\t\t\t\t<div class=\"elementor-button-wrapper\">\n\t\t\t\t\t<a class=\"elementor-button elementor-button-link elementor-size-sm\" href=\"https:\/\/lehrer-werden-in-sachsen.de\/wir-brauchen-die-interessierten-und-geeigneten\/\" title=\"Oliver Damm vom Landesamt f\u00fcr Schule und Bildung Chemnitz f\u00fcr SCHAU REIN!\">\n\t\t\t\t\t\t<span class=\"elementor-button-content-wrapper\">\n\t\t\t\t\t\t\t\t\t<span class=\"elementor-button-text\">\"Wir brauchen die Interessierten und Geeigneten\"<\/span>\n\t\t\t\t\t<\/span>\n\t\t\t\t\t<\/a>\n\t\t\t\t<\/div>\n\t\t\t\t\t\t\t\t<\/div>\n\t\t\t\t<\/div>\n\t\t\t\t\t<\/div>\n\t\t<\/div>\n\t\t\t\t\t<\/div>\n\t\t<\/section>\n\t\t\t\t<section class=\"elementor-section elementor-top-section elementor-element elementor-element-faf701e elementor-section-boxed elementor-section-height-default elementor-section-height-default\" data-id=\"faf701e\" data-element_type=\"section\" data-e-type=\"section\">\n\t\t\t\t\t\t<div class=\"elementor-container elementor-column-gap-default\">\n\t\t\t\t\t<div class=\"elementor-column elementor-col-100 elementor-top-column elementor-element elementor-element-51c97cb\" data-id=\"51c97cb\" data-element_type=\"column\" data-e-type=\"column\">\n\t\t\t<div class=\"elementor-widget-wrap elementor-element-populated\">\n\t\t\t\t\t\t<div class=\"elementor-element elementor-element-26c4c29 elementor-widget elementor-widget-button\" data-id=\"26c4c29\" data-element_type=\"widget\" data-e-type=\"widget\" data-widget_type=\"button.default\">\n\t\t\t\t<div class=\"elementor-widget-container\">\n\t\t\t\t\t\t\t\t\t<div class=\"elementor-button-wrapper\">\n\t\t\t\t\t<a class=\"elementor-button elementor-button-link elementor-size-sm\" href=\"https:\/\/lehrer-werden-in-sachsen.de\/lehramt-an-der-oberschule\/\" title=\"Lehramt an der Oberschule\">\n\t\t\t\t\t\t<span class=\"elementor-button-content-wrapper\">\n\t\t\t\t\t\t\t\t\t<span class=\"elementor-button-text\">Oberschullehramt - vielleicht das Richtige f\u00fcr dich?<\/span>\n\t\t\t\t\t<\/span>\n\t\t\t\t\t<\/a>\n\t\t\t\t<\/div>\n\t\t\t\t\t\t\t\t<\/div>\n\t\t\t\t<\/div>\n\t\t\t\t\t<\/div>\n\t\t<\/div>\n\t\t\t\t\t<\/div>\n\t\t<\/section>\n\t\t\t\t<section class=\"elementor-section elementor-top-section elementor-element elementor-element-c0e6830 elementor-section-boxed elementor-section-height-default elementor-section-height-default\" data-id=\"c0e6830\" data-element_type=\"section\" data-e-type=\"section\">\n\t\t\t\t\t\t<div class=\"elementor-container elementor-column-gap-default\">\n\t\t\t\t\t<div class=\"elementor-column elementor-col-100 elementor-top-column elementor-element elementor-element-1ef69b0\" data-id=\"1ef69b0\" data-element_type=\"column\" data-e-type=\"column\">\n\t\t\t<div class=\"elementor-widget-wrap elementor-element-populated\">\n\t\t\t\t\t\t<div class=\"elementor-element elementor-element-6e53354 elementor-widget elementor-widget-button\" data-id=\"6e53354\" data-element_type=\"widget\" data-e-type=\"widget\" data-widget_type=\"button.default\">\n\t\t\t\t<div class=\"elementor-widget-container\">\n\t\t\t\t\t\t\t\t\t<div class=\"elementor-button-wrapper\">\n\t\t\t\t\t<a class=\"elementor-button elementor-button-link elementor-size-sm\" href=\"https:\/\/lehrer-werden-in-sachsen.de\/was-macht-ein-schulleiter\/\" title=\"Was macht eigentlich ein Schulleiter?\">\n\t\t\t\t\t\t<span class=\"elementor-button-content-wrapper\">\n\t\t\t\t\t\t\t\t\t<span class=\"elementor-button-text\">Was macht eigentlich ... Oberschulleiter Ingo Pfretzschner?<\/span>\n\t\t\t\t\t<\/span>\n\t\t\t\t\t<\/a>\n\t\t\t\t<\/div>\n\t\t\t\t\t\t\t\t<\/div>\n\t\t\t\t<\/div>\n\t\t\t\t\t<\/div>\n\t\t<\/div>\n\t\t\t\t\t<\/div>\n\t\t<\/section>\n\t\t\t\t<section class=\"elementor-section elementor-top-section elementor-element elementor-element-22ca321 elementor-section-boxed elementor-section-height-default elementor-section-height-default\" data-id=\"22ca321\" data-element_type=\"section\" data-e-type=\"section\">\n\t\t\t\t\t\t<div class=\"elementor-container elementor-column-gap-default\">\n\t\t\t\t\t<div class=\"elementor-column elementor-col-100 elementor-top-column elementor-element elementor-element-c319b0a\" data-id=\"c319b0a\" data-element_type=\"column\" data-e-type=\"column\">\n\t\t\t<div class=\"elementor-widget-wrap elementor-element-populated\">\n\t\t\t\t\t\t<div class=\"elementor-element elementor-element-70e3fbd elementor-widget elementor-widget-button\" data-id=\"70e3fbd\" data-element_type=\"widget\" data-e-type=\"widget\" data-widget_type=\"button.default\">\n\t\t\t\t<div class=\"elementor-widget-container\">\n\t\t\t\t\t\t\t\t\t<div class=\"elementor-button-wrapper\">\n\t\t\t\t\t<a class=\"elementor-button elementor-button-link elementor-size-sm\" href=\"https:\/\/lehrer-werden-in-sachsen.de\/vielfalt-veranschaulichen\/#\" title=\"Vielfalt veranschaulichen am BSZ August Horch in Zwickau\">\n\t\t\t\t\t\t<span class=\"elementor-button-content-wrapper\">\n\t\t\t\t\t\t\t\t\t<span class=\"elementor-button-text\">SCHAU REIN! am  BSZ August Horch<\/span>\n\t\t\t\t\t<\/span>\n\t\t\t\t\t<\/a>\n\t\t\t\t<\/div>\n\t\t\t\t\t\t\t\t<\/div>\n\t\t\t\t<\/div>\n\t\t\t\t\t<\/div>\n\t\t<\/div>\n\t\t\t\t\t<\/div>\n\t\t<\/section>\n\t\t\t\t<section class=\"elementor-section elementor-top-section elementor-element elementor-element-9ae78c6 elementor-section-boxed elementor-section-height-default elementor-section-height-default\" data-id=\"9ae78c6\" data-element_type=\"section\" data-e-type=\"section\">\n\t\t\t\t\t\t<div class=\"elementor-container elementor-column-gap-default\">\n\t\t\t\t\t<div class=\"elementor-column elementor-col-100 elementor-top-column elementor-element elementor-element-2ecdb71\" data-id=\"2ecdb71\" data-element_type=\"column\" data-e-type=\"column\">\n\t\t\t<div class=\"elementor-widget-wrap elementor-element-populated\">\n\t\t\t\t\t\t<div class=\"elementor-element elementor-element-ba7d103 elementor-widget elementor-widget-button\" data-id=\"ba7d103\" data-element_type=\"widget\" data-e-type=\"widget\" data-widget_type=\"button.default\">\n\t\t\t\t<div class=\"elementor-widget-container\">\n\t\t\t\t\t\t\t\t\t<div class=\"elementor-button-wrapper\">\n\t\t\t\t\t<a class=\"elementor-button elementor-button-link elementor-size-sm\" href=\"https:\/\/lehrer-werden-in-sachsen.de\/ich-brauche-nicht-den-streber-ich-brauche-den-punk\/\" title=\"F\u00f6rderschule &quot;Am Zeisigwald&quot; in Chemnitz\">\n\t\t\t\t\t\t<span class=\"elementor-button-content-wrapper\">\n\t\t\t\t\t\t\t\t\t<span class=\"elementor-button-text\">SCHAU REIN! an der F\u00f6rderschule \"Am Zeisigwald\"<\/span>\n\t\t\t\t\t<\/span>\n\t\t\t\t\t<\/a>\n\t\t\t\t<\/div>\n\t\t\t\t\t\t\t\t<\/div>\n\t\t\t\t<\/div>\n\t\t\t\t\t<\/div>\n\t\t<\/div>\n\t\t\t\t\t<\/div>\n\t\t<\/section>\n\t\t\t\t<\/div>\n\t\t","protected":false},"excerpt":{"rendered":"<p>Schulleiterin Sybille H\u00f6fer macht mit der Martin-Andersen-Nex\u00f6-Oberschule in Zschopau bei SCHAU REIN! mit. Ihr Credo: Jetzt schon informieren, dann ein Lehramtsstudium klug planen und schlie\u00dflich als Lehrer in Sachsen voll durchstarten. Insbesondere die jungen Kolleginnen und Kollegen der MAN-Schule sind noch dicht am Studium dran und wissen, worauf es wirklich ankommt &#8211; und teilen ihre Erfahrungen gern mit Interessierten.<\/p>\n","protected":false},"author":28,"featured_media":19889,"comment_status":"closed","ping_status":"closed","sticky":false,"template":"","format":"standard","meta":{"footnotes":""},"categories":[46],"tags":[94,114,204],"class_list":["post-20031","post","type-post","status-publish","format-standard","has-post-thumbnail","hentry","category-blog","tag-lehramtsstudium","tag-oberschule","tag-projekt"],"yoast_head":"<!-- This site is optimized with the Yoast SEO plugin v27.3 - https:\/\/yoast.com\/product\/yoast-seo-wordpress\/ -->\n<title>LEHRERIN SACHSEN | &quot;Wir arbeiten f\u00fcr die Bildung&quot;<\/title>\n<meta name=\"description\" content=\"Sybille H\u00f6fer, Leiterin der Martin-Andersen-Nex\u00f6-Oberschule ist bei SCHAU REIN! aktiv, um f\u00fcr das Studium zum Oberschullehrer zu begeistern.\" \/>\n<meta name=\"robots\" content=\"index, follow, max-snippet:-1, max-image-preview:large, max-video-preview:-1\" \/>\n<link rel=\"canonical\" href=\"https:\/\/lehrer-werden-in-sachsen.de\/wir-arbeiten-fuer-die-bildung\/\" \/>\n<meta property=\"og:locale\" content=\"de_DE\" \/>\n<meta property=\"og:type\" content=\"article\" \/>\n<meta property=\"og:title\" content=\"Lehrberuf an der MAN-Schule Zschopau kennenlernen\" \/>\n<meta property=\"og:description\" content=\"Nehme an SCHAU REIN! teil und erfahre mehr \u00fcber den Lehrberuf!\" \/>\n<meta property=\"og:url\" content=\"https:\/\/lehrer-werden-in-sachsen.de\/wir-arbeiten-fuer-die-bildung\/\" \/>\n<meta property=\"og:site_name\" content=\"LEHRERIN SACHSEN\" \/>\n<meta property=\"article:published_time\" content=\"2025-02-17T14:13:34+00:00\" \/>\n<meta property=\"article:modified_time\" content=\"2025-10-10T08:55:06+00:00\" \/>\n<meta property=\"og:image\" content=\"https:\/\/lehrer-werden-in-sachsen.de\/wp-content\/uploads\/2025\/02\/SMK-Lehrer_In_Sachsen-Schau_Rein-Sybille_Hoefer.jpg\" \/>\n\t<meta property=\"og:image:width\" content=\"1920\" \/>\n\t<meta property=\"og:image:height\" content=\"970\" \/>\n\t<meta property=\"og:image:type\" content=\"image\/jpeg\" \/>\n<meta name=\"author\" content=\"Ute Schirmack\" \/>\n<meta name=\"twitter:card\" content=\"summary_large_image\" \/>\n<meta name=\"twitter:title\" content=\"Lehrberuf an der MAN-Schule Zschopau kennenlernen\" \/>\n<meta name=\"twitter:description\" content=\"Nehme an SCHAU REIN! teil und erfahre mehr \u00fcber den Lehrberuf!\" \/>\n<meta name=\"twitter:label1\" content=\"Verfasst von\" \/>\n\t<meta name=\"twitter:data1\" content=\"Ute Schirmack\" \/>\n\t<meta name=\"twitter:label2\" content=\"Gesch\u00e4tzte Lesezeit\" \/>\n\t<meta name=\"twitter:data2\" content=\"3\u00a0Minuten\" \/>\n<script type=\"application\/ld+json\" class=\"yoast-schema-graph\">{\"@context\":\"https:\\\/\\\/schema.org\",\"@graph\":[{\"@type\":\"Article\",\"@id\":\"https:\\\/\\\/lehrer-werden-in-sachsen.de\\\/wir-arbeiten-fuer-die-bildung\\\/#article\",\"isPartOf\":{\"@id\":\"https:\\\/\\\/lehrer-werden-in-sachsen.de\\\/wir-arbeiten-fuer-die-bildung\\\/\"},\"author\":{\"name\":\"Ute Schirmack\",\"@id\":\"https:\\\/\\\/lehrer-werden-in-sachsen.de\\\/#\\\/schema\\\/person\\\/5e4731c44f29a205208182ecfa64393f\"},\"headline\":\"\u201eWir arbeiten f\u00fcr die Bildung\u201c\",\"datePublished\":\"2025-02-17T14:13:34+00:00\",\"dateModified\":\"2025-10-10T08:55:06+00:00\",\"mainEntityOfPage\":{\"@id\":\"https:\\\/\\\/lehrer-werden-in-sachsen.de\\\/wir-arbeiten-fuer-die-bildung\\\/\"},\"wordCount\":497,\"publisher\":{\"@id\":\"https:\\\/\\\/lehrer-werden-in-sachsen.de\\\/#organization\"},\"image\":{\"@id\":\"https:\\\/\\\/lehrer-werden-in-sachsen.de\\\/wir-arbeiten-fuer-die-bildung\\\/#primaryimage\"},\"thumbnailUrl\":\"https:\\\/\\\/lehrer-werden-in-sachsen.de\\\/stage\\\/wp-content\\\/uploads\\\/2025\\\/02\\\/SMK-Lehrer_In_Sachsen-Schau_Rein-Sybille_Hoefer.jpg\",\"keywords\":[\"Lehramtsstudium\",\"Oberschule\",\"Projekt\"],\"articleSection\":[\"Blog\"],\"inLanguage\":\"de\"},{\"@type\":\"WebPage\",\"@id\":\"https:\\\/\\\/lehrer-werden-in-sachsen.de\\\/wir-arbeiten-fuer-die-bildung\\\/\",\"url\":\"https:\\\/\\\/lehrer-werden-in-sachsen.de\\\/wir-arbeiten-fuer-die-bildung\\\/\",\"name\":\"LEHRERIN SACHSEN | \\\"Wir arbeiten f\u00fcr die Bildung\\\"\",\"isPartOf\":{\"@id\":\"https:\\\/\\\/lehrer-werden-in-sachsen.de\\\/#website\"},\"primaryImageOfPage\":{\"@id\":\"https:\\\/\\\/lehrer-werden-in-sachsen.de\\\/wir-arbeiten-fuer-die-bildung\\\/#primaryimage\"},\"image\":{\"@id\":\"https:\\\/\\\/lehrer-werden-in-sachsen.de\\\/wir-arbeiten-fuer-die-bildung\\\/#primaryimage\"},\"thumbnailUrl\":\"https:\\\/\\\/lehrer-werden-in-sachsen.de\\\/stage\\\/wp-content\\\/uploads\\\/2025\\\/02\\\/SMK-Lehrer_In_Sachsen-Schau_Rein-Sybille_Hoefer.jpg\",\"datePublished\":\"2025-02-17T14:13:34+00:00\",\"dateModified\":\"2025-10-10T08:55:06+00:00\",\"description\":\"Sybille H\u00f6fer, Leiterin der Martin-Andersen-Nex\u00f6-Oberschule ist bei SCHAU REIN! aktiv, um f\u00fcr das Studium zum Oberschullehrer zu begeistern.\",\"breadcrumb\":{\"@id\":\"https:\\\/\\\/lehrer-werden-in-sachsen.de\\\/wir-arbeiten-fuer-die-bildung\\\/#breadcrumb\"},\"inLanguage\":\"de\",\"potentialAction\":[{\"@type\":\"ReadAction\",\"target\":[\"https:\\\/\\\/lehrer-werden-in-sachsen.de\\\/wir-arbeiten-fuer-die-bildung\\\/\"]}]},{\"@type\":\"ImageObject\",\"inLanguage\":\"de\",\"@id\":\"https:\\\/\\\/lehrer-werden-in-sachsen.de\\\/wir-arbeiten-fuer-die-bildung\\\/#primaryimage\",\"url\":\"https:\\\/\\\/lehrer-werden-in-sachsen.de\\\/stage\\\/wp-content\\\/uploads\\\/2025\\\/02\\\/SMK-Lehrer_In_Sachsen-Schau_Rein-Sybille_Hoefer.jpg\",\"contentUrl\":\"https:\\\/\\\/lehrer-werden-in-sachsen.de\\\/stage\\\/wp-content\\\/uploads\\\/2025\\\/02\\\/SMK-Lehrer_In_Sachsen-Schau_Rein-Sybille_Hoefer.jpg\",\"width\":1920,\"height\":970,\"caption\":\"Eine Frau steht in einem Schulgeb\u00e4ude neben Informationsschildern.\"},{\"@type\":\"BreadcrumbList\",\"@id\":\"https:\\\/\\\/lehrer-werden-in-sachsen.de\\\/wir-arbeiten-fuer-die-bildung\\\/#breadcrumb\",\"itemListElement\":[{\"@type\":\"ListItem\",\"position\":1,\"name\":\"Startseite\",\"item\":\"https:\\\/\\\/lehrer-werden-in-sachsen.de\\\/\"},{\"@type\":\"ListItem\",\"position\":2,\"name\":\"\u201eWir arbeiten f\u00fcr die Bildung\u201c\"}]},{\"@type\":\"WebSite\",\"@id\":\"https:\\\/\\\/lehrer-werden-in-sachsen.de\\\/#website\",\"url\":\"https:\\\/\\\/lehrer-werden-in-sachsen.de\\\/\",\"name\":\"LEHRERIN SACHSEN\",\"description\":\"Eine Klasse f\u00fcr sich.\",\"publisher\":{\"@id\":\"https:\\\/\\\/lehrer-werden-in-sachsen.de\\\/#organization\"},\"potentialAction\":[{\"@type\":\"SearchAction\",\"target\":{\"@type\":\"EntryPoint\",\"urlTemplate\":\"https:\\\/\\\/lehrer-werden-in-sachsen.de\\\/?s={search_term_string}\"},\"query-input\":{\"@type\":\"PropertyValueSpecification\",\"valueRequired\":true,\"valueName\":\"search_term_string\"}}],\"inLanguage\":\"de\"},{\"@type\":\"Organization\",\"@id\":\"https:\\\/\\\/lehrer-werden-in-sachsen.de\\\/#organization\",\"name\":\"LEHRERIN SACHSEN\",\"url\":\"https:\\\/\\\/lehrer-werden-in-sachsen.de\\\/\",\"logo\":{\"@type\":\"ImageObject\",\"inLanguage\":\"de\",\"@id\":\"https:\\\/\\\/lehrer-werden-in-sachsen.de\\\/#\\\/schema\\\/logo\\\/image\\\/\",\"url\":\"https:\\\/\\\/lehrer-werden-in-sachsen.de\\\/stage\\\/wp-content\\\/uploads\\\/2022\\\/02\\\/SMK_Leherin-Sachsen-Marke_RGB_Violett-Orange.svg\",\"contentUrl\":\"https:\\\/\\\/lehrer-werden-in-sachsen.de\\\/stage\\\/wp-content\\\/uploads\\\/2022\\\/02\\\/SMK_Leherin-Sachsen-Marke_RGB_Violett-Orange.svg\",\"caption\":\"LEHRERIN SACHSEN\"},\"image\":{\"@id\":\"https:\\\/\\\/lehrer-werden-in-sachsen.de\\\/#\\\/schema\\\/logo\\\/image\\\/\"}},{\"@type\":\"Person\",\"@id\":\"https:\\\/\\\/lehrer-werden-in-sachsen.de\\\/#\\\/schema\\\/person\\\/5e4731c44f29a205208182ecfa64393f\",\"name\":\"Ute Schirmack\",\"image\":{\"@type\":\"ImageObject\",\"inLanguage\":\"de\",\"@id\":\"https:\\\/\\\/secure.gravatar.com\\\/avatar\\\/598fa1aedac22eef3ac59a24de23cb10b697a462ec575f429d6e5c0dd1bd0d58?s=96&d=mm&r=g\",\"url\":\"https:\\\/\\\/secure.gravatar.com\\\/avatar\\\/598fa1aedac22eef3ac59a24de23cb10b697a462ec575f429d6e5c0dd1bd0d58?s=96&d=mm&r=g\",\"contentUrl\":\"https:\\\/\\\/secure.gravatar.com\\\/avatar\\\/598fa1aedac22eef3ac59a24de23cb10b697a462ec575f429d6e5c0dd1bd0d58?s=96&d=mm&r=g\",\"caption\":\"Ute Schirmack\"},\"url\":\"https:\\\/\\\/lehrer-werden-in-sachsen.de\\\/stage\\\/author\\\/ute-schirmack\\\/\"}]}<\/script>\n<!-- \/ Yoast SEO plugin. -->","yoast_head_json":{"title":"LEHRERIN SACHSEN | \"Wir arbeiten f\u00fcr die Bildung\"","description":"Sybille H\u00f6fer, Leiterin der Martin-Andersen-Nex\u00f6-Oberschule ist bei SCHAU REIN! aktiv, um f\u00fcr das Studium zum Oberschullehrer zu begeistern.","robots":{"index":"index","follow":"follow","max-snippet":"max-snippet:-1","max-image-preview":"max-image-preview:large","max-video-preview":"max-video-preview:-1"},"canonical":"https:\/\/lehrer-werden-in-sachsen.de\/wir-arbeiten-fuer-die-bildung\/","og_locale":"de_DE","og_type":"article","og_title":"Lehrberuf an der MAN-Schule Zschopau kennenlernen","og_description":"Nehme an SCHAU REIN! teil und erfahre mehr \u00fcber den Lehrberuf!","og_url":"https:\/\/lehrer-werden-in-sachsen.de\/wir-arbeiten-fuer-die-bildung\/","og_site_name":"LEHRERIN SACHSEN","article_published_time":"2025-02-17T14:13:34+00:00","article_modified_time":"2025-10-10T08:55:06+00:00","og_image":[{"width":1920,"height":970,"url":"https:\/\/lehrer-werden-in-sachsen.de\/wp-content\/uploads\/2025\/02\/SMK-Lehrer_In_Sachsen-Schau_Rein-Sybille_Hoefer.jpg","type":"image\/jpeg"}],"author":"Ute Schirmack","twitter_card":"summary_large_image","twitter_title":"Lehrberuf an der MAN-Schule Zschopau kennenlernen","twitter_description":"Nehme an SCHAU REIN! teil und erfahre mehr \u00fcber den Lehrberuf!","twitter_misc":{"Verfasst von":"Ute Schirmack","Gesch\u00e4tzte Lesezeit":"3\u00a0Minuten"},"schema":{"@context":"https:\/\/schema.org","@graph":[{"@type":"Article","@id":"https:\/\/lehrer-werden-in-sachsen.de\/wir-arbeiten-fuer-die-bildung\/#article","isPartOf":{"@id":"https:\/\/lehrer-werden-in-sachsen.de\/wir-arbeiten-fuer-die-bildung\/"},"author":{"name":"Ute Schirmack","@id":"https:\/\/lehrer-werden-in-sachsen.de\/#\/schema\/person\/5e4731c44f29a205208182ecfa64393f"},"headline":"\u201eWir arbeiten f\u00fcr die Bildung\u201c","datePublished":"2025-02-17T14:13:34+00:00","dateModified":"2025-10-10T08:55:06+00:00","mainEntityOfPage":{"@id":"https:\/\/lehrer-werden-in-sachsen.de\/wir-arbeiten-fuer-die-bildung\/"},"wordCount":497,"publisher":{"@id":"https:\/\/lehrer-werden-in-sachsen.de\/#organization"},"image":{"@id":"https:\/\/lehrer-werden-in-sachsen.de\/wir-arbeiten-fuer-die-bildung\/#primaryimage"},"thumbnailUrl":"https:\/\/lehrer-werden-in-sachsen.de\/stage\/wp-content\/uploads\/2025\/02\/SMK-Lehrer_In_Sachsen-Schau_Rein-Sybille_Hoefer.jpg","keywords":["Lehramtsstudium","Oberschule","Projekt"],"articleSection":["Blog"],"inLanguage":"de"},{"@type":"WebPage","@id":"https:\/\/lehrer-werden-in-sachsen.de\/wir-arbeiten-fuer-die-bildung\/","url":"https:\/\/lehrer-werden-in-sachsen.de\/wir-arbeiten-fuer-die-bildung\/","name":"LEHRERIN SACHSEN | \"Wir arbeiten f\u00fcr die Bildung\"","isPartOf":{"@id":"https:\/\/lehrer-werden-in-sachsen.de\/#website"},"primaryImageOfPage":{"@id":"https:\/\/lehrer-werden-in-sachsen.de\/wir-arbeiten-fuer-die-bildung\/#primaryimage"},"image":{"@id":"https:\/\/lehrer-werden-in-sachsen.de\/wir-arbeiten-fuer-die-bildung\/#primaryimage"},"thumbnailUrl":"https:\/\/lehrer-werden-in-sachsen.de\/stage\/wp-content\/uploads\/2025\/02\/SMK-Lehrer_In_Sachsen-Schau_Rein-Sybille_Hoefer.jpg","datePublished":"2025-02-17T14:13:34+00:00","dateModified":"2025-10-10T08:55:06+00:00","description":"Sybille H\u00f6fer, Leiterin der Martin-Andersen-Nex\u00f6-Oberschule ist bei SCHAU REIN! aktiv, um f\u00fcr das Studium zum Oberschullehrer zu begeistern.","breadcrumb":{"@id":"https:\/\/lehrer-werden-in-sachsen.de\/wir-arbeiten-fuer-die-bildung\/#breadcrumb"},"inLanguage":"de","potentialAction":[{"@type":"ReadAction","target":["https:\/\/lehrer-werden-in-sachsen.de\/wir-arbeiten-fuer-die-bildung\/"]}]},{"@type":"ImageObject","inLanguage":"de","@id":"https:\/\/lehrer-werden-in-sachsen.de\/wir-arbeiten-fuer-die-bildung\/#primaryimage","url":"https:\/\/lehrer-werden-in-sachsen.de\/stage\/wp-content\/uploads\/2025\/02\/SMK-Lehrer_In_Sachsen-Schau_Rein-Sybille_Hoefer.jpg","contentUrl":"https:\/\/lehrer-werden-in-sachsen.de\/stage\/wp-content\/uploads\/2025\/02\/SMK-Lehrer_In_Sachsen-Schau_Rein-Sybille_Hoefer.jpg","width":1920,"height":970,"caption":"Eine Frau steht in einem Schulgeb\u00e4ude neben Informationsschildern."},{"@type":"BreadcrumbList","@id":"https:\/\/lehrer-werden-in-sachsen.de\/wir-arbeiten-fuer-die-bildung\/#breadcrumb","itemListElement":[{"@type":"ListItem","position":1,"name":"Startseite","item":"https:\/\/lehrer-werden-in-sachsen.de\/"},{"@type":"ListItem","position":2,"name":"\u201eWir arbeiten f\u00fcr die Bildung\u201c"}]},{"@type":"WebSite","@id":"https:\/\/lehrer-werden-in-sachsen.de\/#website","url":"https:\/\/lehrer-werden-in-sachsen.de\/","name":"LEHRERIN SACHSEN","description":"Eine Klasse f\u00fcr sich.","publisher":{"@id":"https:\/\/lehrer-werden-in-sachsen.de\/#organization"},"potentialAction":[{"@type":"SearchAction","target":{"@type":"EntryPoint","urlTemplate":"https:\/\/lehrer-werden-in-sachsen.de\/?s={search_term_string}"},"query-input":{"@type":"PropertyValueSpecification","valueRequired":true,"valueName":"search_term_string"}}],"inLanguage":"de"},{"@type":"Organization","@id":"https:\/\/lehrer-werden-in-sachsen.de\/#organization","name":"LEHRERIN SACHSEN","url":"https:\/\/lehrer-werden-in-sachsen.de\/","logo":{"@type":"ImageObject","inLanguage":"de","@id":"https:\/\/lehrer-werden-in-sachsen.de\/#\/schema\/logo\/image\/","url":"https:\/\/lehrer-werden-in-sachsen.de\/stage\/wp-content\/uploads\/2022\/02\/SMK_Leherin-Sachsen-Marke_RGB_Violett-Orange.svg","contentUrl":"https:\/\/lehrer-werden-in-sachsen.de\/stage\/wp-content\/uploads\/2022\/02\/SMK_Leherin-Sachsen-Marke_RGB_Violett-Orange.svg","caption":"LEHRERIN SACHSEN"},"image":{"@id":"https:\/\/lehrer-werden-in-sachsen.de\/#\/schema\/logo\/image\/"}},{"@type":"Person","@id":"https:\/\/lehrer-werden-in-sachsen.de\/#\/schema\/person\/5e4731c44f29a205208182ecfa64393f","name":"Ute Schirmack","image":{"@type":"ImageObject","inLanguage":"de","@id":"https:\/\/secure.gravatar.com\/avatar\/598fa1aedac22eef3ac59a24de23cb10b697a462ec575f429d6e5c0dd1bd0d58?s=96&d=mm&r=g","url":"https:\/\/secure.gravatar.com\/avatar\/598fa1aedac22eef3ac59a24de23cb10b697a462ec575f429d6e5c0dd1bd0d58?s=96&d=mm&r=g","contentUrl":"https:\/\/secure.gravatar.com\/avatar\/598fa1aedac22eef3ac59a24de23cb10b697a462ec575f429d6e5c0dd1bd0d58?s=96&d=mm&r=g","caption":"Ute Schirmack"},"url":"https:\/\/lehrer-werden-in-sachsen.de\/stage\/author\/ute-schirmack\/"}]}},"_links":{"self":[{"href":"https:\/\/lehrer-werden-in-sachsen.de\/stage\/wp-json\/wp\/v2\/posts\/20031","targetHints":{"allow":["GET"]}}],"collection":[{"href":"https:\/\/lehrer-werden-in-sachsen.de\/stage\/wp-json\/wp\/v2\/posts"}],"about":[{"href":"https:\/\/lehrer-werden-in-sachsen.de\/stage\/wp-json\/wp\/v2\/types\/post"}],"author":[{"embeddable":true,"href":"https:\/\/lehrer-werden-in-sachsen.de\/stage\/wp-json\/wp\/v2\/users\/28"}],"replies":[{"embeddable":true,"href":"https:\/\/lehrer-werden-in-sachsen.de\/stage\/wp-json\/wp\/v2\/comments?post=20031"}],"version-history":[{"count":64,"href":"https:\/\/lehrer-werden-in-sachsen.de\/stage\/wp-json\/wp\/v2\/posts\/20031\/revisions"}],"predecessor-version":[{"id":23887,"href":"https:\/\/lehrer-werden-in-sachsen.de\/stage\/wp-json\/wp\/v2\/posts\/20031\/revisions\/23887"}],"wp:featuredmedia":[{"embeddable":true,"href":"https:\/\/lehrer-werden-in-sachsen.de\/stage\/wp-json\/wp\/v2\/media\/19889"}],"wp:attachment":[{"href":"https:\/\/lehrer-werden-in-sachsen.de\/stage\/wp-json\/wp\/v2\/media?parent=20031"}],"wp:term":[{"taxonomy":"category","embeddable":true,"href":"https:\/\/lehrer-werden-in-sachsen.de\/stage\/wp-json\/wp\/v2\/categories?post=20031"},{"taxonomy":"post_tag","embeddable":true,"href":"https:\/\/lehrer-werden-in-sachsen.de\/stage\/wp-json\/wp\/v2\/tags?post=20031"}],"curies":[{"name":"wp","href":"https:\/\/api.w.org\/{rel}","templated":true}]}}