{"id":18507,"date":"2024-12-02T12:09:40","date_gmt":"2024-12-02T11:09:40","guid":{"rendered":"https:\/\/lehrer-werden-in-sachsen.de\/stage\/?p=18507"},"modified":"2025-10-10T11:11:15","modified_gmt":"2025-10-10T09:11:15","slug":"von-null-auf-digital-thomas-knapp-ein-wegbereiter-der-informatikbildung-in-sachsen","status":"publish","type":"post","link":"https:\/\/lehrer-werden-in-sachsen.de\/stage\/von-null-auf-digital-thomas-knapp-ein-wegbereiter-der-informatikbildung-in-sachsen\/","title":{"rendered":"Von Null auf Digital: Thomas Knapp &#8211; ein Wegbereiter der Informatikbildung in Sachsen"},"content":{"rendered":"\t\t<div data-elementor-type=\"wp-post\" data-elementor-id=\"18507\" class=\"elementor elementor-18507\" data-elementor-post-type=\"post\">\n\t\t\t\t\t\t<section class=\"elementor-section elementor-top-section elementor-element elementor-element-dcf24f7 elementor-section-boxed elementor-section-height-default elementor-section-height-default\" data-id=\"dcf24f7\" data-element_type=\"section\" data-e-type=\"section\">\n\t\t\t\t\t\t<div class=\"elementor-container elementor-column-gap-default\">\n\t\t\t\t\t<div class=\"elementor-column elementor-col-100 elementor-top-column elementor-element elementor-element-e3a3b6a\" data-id=\"e3a3b6a\" data-element_type=\"column\" data-e-type=\"column\">\n\t\t\t<div class=\"elementor-widget-wrap elementor-element-populated\">\n\t\t\t\t\t\t<div class=\"elementor-element elementor-element-280a18c elementor-widget elementor-widget-text-editor\" data-id=\"280a18c\" data-element_type=\"widget\" data-e-type=\"widget\" data-widget_type=\"text-editor.default\">\n\t\t\t\t<div class=\"elementor-widget-container\">\n\t\t\t\t\t\t\t\t\t<p><strong>Mit seiner Leidenschaft und seinem langj\u00e4hrigen Engagement f\u00fcr die Informatikbildung in Sachsen ist Thomas Knapp von der <a href=\"https:\/\/os-dohna.de\/\" title=\"Marie-Curie-Oberschule Dohna\" target=\"_blank\" rel=\"noopener\">Marie-Curie-Oberschule<\/a> in Dohna ein Vorbild f\u00fcr viele Lehrende und Lehramtsstudierende. In sieben Minuten erf\u00e4hrst du in diesem Longread Spannendes \u00fcber den Werdegang des Informatiklehrers und Wissenswertes von den Anf\u00e4ngen bis zu den Zukunftsperspektiven der informatischen Bildung in Sachsen.<\/strong><\/p>\t\t\t\t\t\t\t\t<\/div>\n\t\t\t\t<\/div>\n\t\t\t\t\t<\/div>\n\t\t<\/div>\n\t\t\t\t\t<\/div>\n\t\t<\/section>\n\t\t\t\t<section class=\"elementor-section elementor-top-section elementor-element elementor-element-20f5d6f elementor-section-boxed elementor-section-height-default elementor-section-height-default\" data-id=\"20f5d6f\" data-element_type=\"section\" data-e-type=\"section\">\n\t\t\t\t\t\t<div class=\"elementor-container elementor-column-gap-default\">\n\t\t\t\t\t<div class=\"elementor-column elementor-col-100 elementor-top-column elementor-element elementor-element-387bff1\" data-id=\"387bff1\" data-element_type=\"column\" data-e-type=\"column\">\n\t\t\t<div class=\"elementor-widget-wrap elementor-element-populated\">\n\t\t\t\t\t\t\t<\/div>\n\t\t<\/div>\n\t\t\t\t\t<\/div>\n\t\t<\/section>\n\t\t\t\t<section class=\"elementor-section elementor-top-section elementor-element elementor-element-6738ac0 elementor-section-boxed elementor-section-height-default elementor-section-height-default\" data-id=\"6738ac0\" data-element_type=\"section\" data-e-type=\"section\">\n\t\t\t\t\t\t<div class=\"elementor-container elementor-column-gap-default\">\n\t\t\t\t\t<div class=\"elementor-column elementor-col-100 elementor-top-column elementor-element elementor-element-014b6d4\" data-id=\"014b6d4\" data-element_type=\"column\" data-e-type=\"column\">\n\t\t\t<div class=\"elementor-widget-wrap elementor-element-populated\">\n\t\t\t\t\t\t<div class=\"elementor-element elementor-element-786e8db elementor-widget elementor-widget-heading\" data-id=\"786e8db\" data-element_type=\"widget\" data-e-type=\"widget\" data-widget_type=\"heading.default\">\n\t\t\t\t<div class=\"elementor-widget-container\">\n\t\t\t\t\t<h2 class=\"elementor-heading-title elementor-size-default\">\u00dcberraschung! Die Auszeichnung mit dem Ursula Hill-Samelson Lehrerpreis<\/h2>\t\t\t\t<\/div>\n\t\t\t\t<\/div>\n\t\t\t\t\t<\/div>\n\t\t<\/div>\n\t\t\t\t\t<\/div>\n\t\t<\/section>\n\t\t\t\t<section class=\"elementor-section elementor-top-section elementor-element elementor-element-c846dab elementor-section-boxed elementor-section-height-default elementor-section-height-default\" data-id=\"c846dab\" data-element_type=\"section\" data-e-type=\"section\">\n\t\t\t\t\t\t<div class=\"elementor-container elementor-column-gap-default\">\n\t\t\t\t\t<div class=\"elementor-column elementor-col-100 elementor-top-column elementor-element elementor-element-b14ca4b\" data-id=\"b14ca4b\" data-element_type=\"column\" data-e-type=\"column\">\n\t\t\t<div class=\"elementor-widget-wrap elementor-element-populated\">\n\t\t\t\t\t\t<div class=\"elementor-element elementor-element-e800f3d elementor-widget elementor-widget-text-editor\" data-id=\"e800f3d\" data-element_type=\"widget\" data-e-type=\"widget\" data-widget_type=\"text-editor.default\">\n\t\t\t\t<div class=\"elementor-widget-container\">\n\t\t\t\t\t\t\t\t\t<p>Thomas Knapp ist Preistr\u00e4ger des <a href=\"https:\/\/www.mnu.de\/blog\/863-ursula-hill-samelson-lehrerpreis-der-saarbruecker-informatik-2024\" title=\"Verband zur F\u00f6rderung des MINT-Unterrichts - Ursula Hill-Samelson Lehrerpreis\" target=\"_blank\" rel=\"noopener\">Ursula Hill-Samelson Lehrerpreises 2024<\/a>. Der MNU, der Deutsche Verein zur F\u00f6rderung des mathematischen und naturwissenschaftlichen Unterrichts e. V., verleiht j\u00e4hrlich die mit 2.500 Euro dotierte Auszeichnung, die von der Saarbr\u00fccker Informatik gestiftet wird. Er w\u00fcrdigt damit die Verdienste des\u00a0<a href=\"https:\/\/lehrer-werden-in-sachsen.de\\\\\/\" title=\"Startseite Lehrer in Sachsen\" target=\"_blank\" rel=\"noopener\">Lehrers in Sachsen<\/a>\u00a0um den Informatik- und MINT-Unterricht im Freistaat.<\/p><p>Die Auszeichnung \u00fcberraschte Knapp: \u201eDamit habe ich im Leben nicht gerechnet. Der Preis bedeutet mir eine Menge. Er zeigt, dass mein Einsatz f\u00fcr die Informatik gesehen wird und etwas gebracht hat\u201c, sagt der 63-J\u00e4hrige \u00fcber sein langj\u00e4hriges Engagement f\u00fcr einen zeitgem\u00e4\u00dfen Informatikunterricht.<\/p><p>Thomas Knapp startete nach seinem Physik- und Mathematik-Studium als Diplom-Oberschullehrer 1987 an der 63. Oberschule Dresden in den Schuldienst. 1991 begann er \u201cquasi im nullten Jahrgang\u201d das neue, berufsbegleitende Studium der Informatik an der damaligen P\u00e4dagogischen Hochschule Dresden. An seiner Schule startete er dann 1992 in den Informatikunterricht.<\/p>\t\t\t\t\t\t\t\t<\/div>\n\t\t\t\t<\/div>\n\t\t\t\t\t<\/div>\n\t\t<\/div>\n\t\t\t\t\t<\/div>\n\t\t<\/section>\n\t\t\t\t<section class=\"elementor-section elementor-top-section elementor-element elementor-element-98e9f86 elementor-section-boxed elementor-section-height-default elementor-section-height-default\" data-id=\"98e9f86\" data-element_type=\"section\" data-e-type=\"section\">\n\t\t\t\t\t\t<div class=\"elementor-container elementor-column-gap-default\">\n\t\t\t\t\t<div class=\"elementor-column elementor-col-100 elementor-top-column elementor-element elementor-element-d94374a\" data-id=\"d94374a\" data-element_type=\"column\" data-e-type=\"column\">\n\t\t\t<div class=\"elementor-widget-wrap elementor-element-populated\">\n\t\t\t\t\t\t<div class=\"elementor-element elementor-element-8c87c3d elementor-widget elementor-widget-image\" data-id=\"8c87c3d\" data-element_type=\"widget\" data-e-type=\"widget\" data-widget_type=\"image.default\">\n\t\t\t\t<div class=\"elementor-widget-container\">\n\t\t\t\t\t\t\t\t\t\t\t\t\t\t\t<img fetchpriority=\"high\" decoding=\"async\" width=\"1024\" height=\"341\" src=\"https:\/\/lehrer-werden-in-sachsen.de\/stage\/wp-content\/uploads\/2024\/11\/SMK-Lehrer_in_Sachsen_Thomas_Knapp_Informatikunterricht_1-1024x341.jpg\" class=\"attachment-large size-large wp-image-18889\" alt=\"Informatiklehrer Thomas Knapp zeigt einem Sch\u00fcler den Aufbau einer Maschine.\" srcset=\"https:\/\/lehrer-werden-in-sachsen.de\/stage\/wp-content\/uploads\/2024\/11\/SMK-Lehrer_in_Sachsen_Thomas_Knapp_Informatikunterricht_1-1024x341.jpg 1024w, https:\/\/lehrer-werden-in-sachsen.de\/stage\/wp-content\/uploads\/2024\/11\/SMK-Lehrer_in_Sachsen_Thomas_Knapp_Informatikunterricht_1-300x100.jpg 300w, https:\/\/lehrer-werden-in-sachsen.de\/stage\/wp-content\/uploads\/2024\/11\/SMK-Lehrer_in_Sachsen_Thomas_Knapp_Informatikunterricht_1-768x256.jpg 768w, https:\/\/lehrer-werden-in-sachsen.de\/stage\/wp-content\/uploads\/2024\/11\/SMK-Lehrer_in_Sachsen_Thomas_Knapp_Informatikunterricht_1.jpg 1200w\" sizes=\"(max-width: 1024px) 100vw, 1024px\" \/>\t\t\t\t\t\t\t\t\t\t\t\t\t\t\t<\/div>\n\t\t\t\t<\/div>\n\t\t\t\t\t<\/div>\n\t\t<\/div>\n\t\t\t\t\t<\/div>\n\t\t<\/section>\n\t\t\t\t<section class=\"elementor-section elementor-top-section elementor-element elementor-element-e83c02e elementor-section-boxed elementor-section-height-default elementor-section-height-default\" data-id=\"e83c02e\" data-element_type=\"section\" data-e-type=\"section\">\n\t\t\t\t\t\t<div class=\"elementor-container elementor-column-gap-default\">\n\t\t\t\t\t<div class=\"elementor-column elementor-col-100 elementor-top-column elementor-element elementor-element-aba5c18\" data-id=\"aba5c18\" data-element_type=\"column\" data-e-type=\"column\">\n\t\t\t<div class=\"elementor-widget-wrap elementor-element-populated\">\n\t\t\t\t\t\t<div class=\"elementor-element elementor-element-8b26984 elementor-widget elementor-widget-text-editor\" data-id=\"8b26984\" data-element_type=\"widget\" data-e-type=\"widget\" data-widget_type=\"text-editor.default\">\n\t\t\t\t<div class=\"elementor-widget-container\">\n\t\t\t\t\t\t\t\t\t<p><em>Informatiklehrer Thomas Knapp erkl\u00e4rt\u00a0<\/em><em>einem Achtkl\u00e4ssler <\/em><em>den Aufbau eines 3D-Druckers.\u00a0 Sp\u00e4ter werden die Sch\u00fcler selbst Modelle planen, konstruieren und daran ausdrucken. Foto: David Schuster<\/em>\u00a0<\/p>\t\t\t\t\t\t\t\t<\/div>\n\t\t\t\t<\/div>\n\t\t\t\t\t<\/div>\n\t\t<\/div>\n\t\t\t\t\t<\/div>\n\t\t<\/section>\n\t\t\t\t<section class=\"elementor-section elementor-top-section elementor-element elementor-element-987d9d1 elementor-section-boxed elementor-section-height-default elementor-section-height-default\" data-id=\"987d9d1\" data-element_type=\"section\" data-e-type=\"section\">\n\t\t\t\t\t\t<div class=\"elementor-container elementor-column-gap-default\">\n\t\t\t\t\t<div class=\"elementor-column elementor-col-100 elementor-top-column elementor-element elementor-element-c4c8595\" data-id=\"c4c8595\" data-element_type=\"column\" data-e-type=\"column\">\n\t\t\t<div class=\"elementor-widget-wrap elementor-element-populated\">\n\t\t\t\t\t\t<div class=\"elementor-element elementor-element-536c7da elementor-widget elementor-widget-heading\" data-id=\"536c7da\" data-element_type=\"widget\" data-e-type=\"widget\" data-widget_type=\"heading.default\">\n\t\t\t\t<div class=\"elementor-widget-container\">\n\t\t\t\t\t<h2 class=\"elementor-heading-title elementor-size-default\">Praxisnaher Unterricht - von Anfang an wichtig<\/h2>\t\t\t\t<\/div>\n\t\t\t\t<\/div>\n\t\t\t\t\t<\/div>\n\t\t<\/div>\n\t\t\t\t\t<\/div>\n\t\t<\/section>\n\t\t\t\t<section class=\"elementor-section elementor-top-section elementor-element elementor-element-94e43ea elementor-section-boxed elementor-section-height-default elementor-section-height-default\" data-id=\"94e43ea\" data-element_type=\"section\" data-e-type=\"section\">\n\t\t\t\t\t\t<div class=\"elementor-container elementor-column-gap-default\">\n\t\t\t\t\t<div class=\"elementor-column elementor-col-100 elementor-top-column elementor-element elementor-element-7474bb3\" data-id=\"7474bb3\" data-element_type=\"column\" data-e-type=\"column\">\n\t\t\t<div class=\"elementor-widget-wrap elementor-element-populated\">\n\t\t\t\t\t\t<div class=\"elementor-element elementor-element-1e0bc50 elementor-widget elementor-widget-text-editor\" data-id=\"1e0bc50\" data-element_type=\"widget\" data-e-type=\"widget\" data-widget_type=\"text-editor.default\">\n\t\t\t\t<div class=\"elementor-widget-container\">\n\t\t\t\t\t\t\t\t\t<p>Ein praxisnaher Informatikunterricht war Anfang der 90er-Jahre keineswegs selbstverst\u00e4ndlich. Doch Thomas Knapp setzte schon immer darauf und etablierte ihn einfach im Schulalltag. \u201eWir waren froh, dass der Informatikunterricht \u00fcberhaupt in den F\u00e4cherkanon in Sachsen aufgenommen wurde. Da haben wir Professor Steffen Friedrich von der TU Dresden viel zu verdanken.\u201c 1992 wurde Informatik als Pflichtfach in Sachsen eingef\u00fchrt, 2004 schlie\u00dflich mit den neuen Lehrpl\u00e4nen auf alle Schularten f\u00fcr die Klassenstufen 7 bis 10 ausgeweitet. Bis heute ist der Freistaat eines von nur sieben Bundesl\u00e4ndern, in denen alle Sch\u00fclerinnen und Sch\u00fcler verbindlichen Informatikunterricht haben.<\/p><p>\u00a0<\/p><p>In den Anf\u00e4ngen sei es vor allem um die praktische Anwendung von Textverarbeitung, Tabellenkalkulation und Datenbanken gegangen. \u201eSp\u00e4ter haben wir mit unseren Sch\u00fclern aber auch Websites ver\u00f6ffentlicht oder Flyer und Arbeitsb\u00fccher mit MS Publisher gestaltet. Wir haben dabei immer auch die objektorientierte Sichtweise auf die Nutzung dieser Anwendungen gehabt.\u201c Beispiel: Ein Text soll gestaltet werden. Ein Buchstabe ist solch ein Objekt, dem bestimmte Eigenschaften zugewiesen werden \u2013 etwa Schriftart, -gr\u00f6\u00dfe und -schnitt. Oder Abs\u00e4tze und \u00dcberschriften, die links, rechts oder mittig positioniert werden, damit ein Text seine vorgesehene Form annimmt.<\/p><p>\u00a0<\/p>\t\t\t\t\t\t\t\t<\/div>\n\t\t\t\t<\/div>\n\t\t\t\t\t<\/div>\n\t\t<\/div>\n\t\t\t\t\t<\/div>\n\t\t<\/section>\n\t\t\t\t<section class=\"elementor-section elementor-top-section elementor-element elementor-element-1b89892 elementor-section-boxed elementor-section-height-default elementor-section-height-default\" data-id=\"1b89892\" data-element_type=\"section\" data-e-type=\"section\">\n\t\t\t\t\t\t<div class=\"elementor-container elementor-column-gap-default\">\n\t\t\t\t\t<div class=\"elementor-column elementor-col-100 elementor-top-column elementor-element elementor-element-dc53fc9\" data-id=\"dc53fc9\" data-element_type=\"column\" data-e-type=\"column\">\n\t\t\t<div class=\"elementor-widget-wrap elementor-element-populated\">\n\t\t\t\t\t\t<div class=\"elementor-element elementor-element-d50ba13 elementor-widget elementor-widget-image\" data-id=\"d50ba13\" data-element_type=\"widget\" data-e-type=\"widget\" data-widget_type=\"image.default\">\n\t\t\t\t<div class=\"elementor-widget-container\">\n\t\t\t\t\t\t\t\t\t\t\t\t\t\t\t<img decoding=\"async\" width=\"1024\" height=\"341\" src=\"https:\/\/lehrer-werden-in-sachsen.de\/stage\/wp-content\/uploads\/2024\/11\/SMK-Lehrer_in_Sachsen_Verschluesselung_Skytale_1-1024x341.jpg\" class=\"attachment-large size-large wp-image-18891\" alt=\"Im Hintergrund ist ein IPad mit der \u00dcbungsaufgabe &quot;Du sollst eine Skytale basteln und deinem Lehrer eine geheime Botschaft senden&quot; zu sehen. Im Vordergrund sind zwei H\u00e4nde eines Kindes zu sehen, das mit zwei W\u00e4scheklammern und einer auf einen Stift gewickelten und beschrifteten Luftschlange eine solche Skytale-Verschl\u00fcsselung gebaut hat.\" srcset=\"https:\/\/lehrer-werden-in-sachsen.de\/stage\/wp-content\/uploads\/2024\/11\/SMK-Lehrer_in_Sachsen_Verschluesselung_Skytale_1-1024x341.jpg 1024w, https:\/\/lehrer-werden-in-sachsen.de\/stage\/wp-content\/uploads\/2024\/11\/SMK-Lehrer_in_Sachsen_Verschluesselung_Skytale_1-300x100.jpg 300w, https:\/\/lehrer-werden-in-sachsen.de\/stage\/wp-content\/uploads\/2024\/11\/SMK-Lehrer_in_Sachsen_Verschluesselung_Skytale_1-768x256.jpg 768w, https:\/\/lehrer-werden-in-sachsen.de\/stage\/wp-content\/uploads\/2024\/11\/SMK-Lehrer_in_Sachsen_Verschluesselung_Skytale_1.jpg 1200w\" sizes=\"(max-width: 1024px) 100vw, 1024px\" \/>\t\t\t\t\t\t\t\t\t\t\t\t\t\t\t<\/div>\n\t\t\t\t<\/div>\n\t\t\t\t\t<\/div>\n\t\t<\/div>\n\t\t\t\t\t<\/div>\n\t\t<\/section>\n\t\t\t\t<section class=\"elementor-section elementor-top-section elementor-element elementor-element-590f13c elementor-section-boxed elementor-section-height-default elementor-section-height-default\" data-id=\"590f13c\" data-element_type=\"section\" data-e-type=\"section\">\n\t\t\t\t\t\t<div class=\"elementor-container elementor-column-gap-default\">\n\t\t\t\t\t<div class=\"elementor-column elementor-col-100 elementor-top-column elementor-element elementor-element-a075418\" data-id=\"a075418\" data-element_type=\"column\" data-e-type=\"column\">\n\t\t\t<div class=\"elementor-widget-wrap elementor-element-populated\">\n\t\t\t\t\t\t<div class=\"elementor-element elementor-element-c6bf017 elementor-widget elementor-widget-text-editor\" data-id=\"c6bf017\" data-element_type=\"widget\" data-e-type=\"widget\" data-widget_type=\"text-editor.default\">\n\t\t\t\t<div class=\"elementor-widget-container\">\n\t\t\t\t\t\t\t\t\t<p><em>Eine typische Aufgabe im wahlobligatorischen Informatikkurs in der 7. Klassenstufe an der M.I.T.-Oberschule Marie Curie: Eine Skytale basteln und dem Lehrer eine geheime Botschaft per Verschl\u00fcsselung zukommen lassen. Foto: Thomas Knapp<\/em><\/p>\t\t\t\t\t\t\t\t<\/div>\n\t\t\t\t<\/div>\n\t\t\t\t\t<\/div>\n\t\t<\/div>\n\t\t\t\t\t<\/div>\n\t\t<\/section>\n\t\t\t\t<section class=\"elementor-section elementor-top-section elementor-element elementor-element-3438bd7 elementor-section-boxed elementor-section-height-default elementor-section-height-default\" data-id=\"3438bd7\" data-element_type=\"section\" data-e-type=\"section\">\n\t\t\t\t\t\t<div class=\"elementor-container elementor-column-gap-default\">\n\t\t\t\t\t<div class=\"elementor-column elementor-col-100 elementor-top-column elementor-element elementor-element-65016fb\" data-id=\"65016fb\" data-element_type=\"column\" data-e-type=\"column\">\n\t\t\t<div class=\"elementor-widget-wrap elementor-element-populated\">\n\t\t\t\t\t\t<div class=\"elementor-element elementor-element-4f24c52 elementor-widget elementor-widget-heading\" data-id=\"4f24c52\" data-element_type=\"widget\" data-e-type=\"widget\" data-widget_type=\"heading.default\">\n\t\t\t\t<div class=\"elementor-widget-container\">\n\t\t\t\t\t<h2 class=\"elementor-heading-title elementor-size-default\">Digital vorneweg: die M.I.T.-Oberschule Marie Curie in Dohna<\/h2>\t\t\t\t<\/div>\n\t\t\t\t<\/div>\n\t\t\t\t\t<\/div>\n\t\t<\/div>\n\t\t\t\t\t<\/div>\n\t\t<\/section>\n\t\t\t\t<section class=\"elementor-section elementor-top-section elementor-element elementor-element-8494dd8 elementor-section-boxed elementor-section-height-default elementor-section-height-default\" data-id=\"8494dd8\" data-element_type=\"section\" data-e-type=\"section\">\n\t\t\t\t\t\t<div class=\"elementor-container elementor-column-gap-default\">\n\t\t\t\t\t<div class=\"elementor-column elementor-col-100 elementor-top-column elementor-element elementor-element-75681dd\" data-id=\"75681dd\" data-element_type=\"column\" data-e-type=\"column\">\n\t\t\t<div class=\"elementor-widget-wrap elementor-element-populated\">\n\t\t\t\t\t\t<div class=\"elementor-element elementor-element-5c0dd9c elementor-widget elementor-widget-text-editor\" data-id=\"5c0dd9c\" data-element_type=\"widget\" data-e-type=\"widget\" data-widget_type=\"text-editor.default\">\n\t\t\t\t<div class=\"elementor-widget-container\">\n\t\t\t\t\t\t\t\t\t<p>2016 wechselte Thomas Knapp nach weiteren Stationen an verschiedenen Schulen an die Oberschule Marie Curie in Dohna. Dort arbeitet er bis heute, inzwischen auch als Lehrer mit besonderen schulischen Aufgaben im Bereich M.I.T.<\/p><p><a href=\"https:\/\/www.mathcs.uni-leipzig.de\/ddi\/schule\/mit-schulen\" title=\"Universit\u00e4t Leipzig - M.I.T.-Schulen in Sachsen\" target=\"_blank\" rel=\"noopener\">M.I.T.-Schulen<\/a> sind Schulen in Sachsen, die sich\u00a0 auf Medien-Bildung, informatische Bildung und digitale Technologien (M.I.T.) fokussieren. Das 2019 ins Leben gerufene M.I.T-Netzwerk erm\u00f6glicht den teilnehmenden Schulen, intensiver in diesen Bereichen zu arbeiten. Die Marie-Curie-Oberschule ist von Anfang an im M.I.T.-Netzwerk Dresden dabei und eine iPad-Schule. \u201eSie ist ein Leuchtturm der Digitalisierung und hat ein gro\u00dfes Alleinstellungsmerkmal in der Gegend.\u201c Im August 2024 erhielt die Marie-Curie-Oberschule Dohna, gemeinsam mit den anderen Schulen des M.I.T.-Netzwerkes, die Auszeichnung als Digitale Schule Sachsens.<\/p><p>Auch die Eltern engagieren sich und tragen das Modell, nicht zuletzt finanziell, mit. \u201eWir haben seit 2024 erstmals in allen Klassen iPads, die die Eltern f\u00fcr ihre Kinder bezahlt haben und k\u00f6nnen dadurch digitale Technologien in allen Klassenstufen nutzen.\u201c Das Modell funktioniert: \u201eWir haben im Schnitt weniger als einen Sch\u00fcler je Klasse mit einem Leih-iPad der Schule.\u201c<\/p>\t\t\t\t\t\t\t\t<\/div>\n\t\t\t\t<\/div>\n\t\t\t\t\t<\/div>\n\t\t<\/div>\n\t\t\t\t\t<\/div>\n\t\t<\/section>\n\t\t\t\t<section class=\"elementor-section elementor-top-section elementor-element elementor-element-0ebff82 elementor-section-boxed elementor-section-height-default elementor-section-height-default\" data-id=\"0ebff82\" data-element_type=\"section\" data-e-type=\"section\">\n\t\t\t\t\t\t<div class=\"elementor-container elementor-column-gap-default\">\n\t\t\t\t\t<div class=\"elementor-column elementor-col-100 elementor-top-column elementor-element elementor-element-3aaa65d\" data-id=\"3aaa65d\" data-element_type=\"column\" data-e-type=\"column\">\n\t\t\t<div class=\"elementor-widget-wrap elementor-element-populated\">\n\t\t\t\t\t\t<div class=\"elementor-element elementor-element-cc67b9e elementor-widget elementor-widget-image\" data-id=\"cc67b9e\" data-element_type=\"widget\" data-e-type=\"widget\" data-widget_type=\"image.default\">\n\t\t\t\t<div class=\"elementor-widget-container\">\n\t\t\t\t\t\t\t\t\t\t\t\t\t\t\t<img decoding=\"async\" width=\"1024\" height=\"341\" src=\"https:\/\/lehrer-werden-in-sachsen.de\/stage\/wp-content\/uploads\/2024\/11\/SMK-Lehrer-in-Sachsen-Verschluesselung_Skytale_2-1024x341.jpg\" class=\"attachment-large size-large wp-image-18892\" alt=\"Es sind zwei Kinderh\u00e4nde zu sehen, die eine auf einen Stift gerollte Luftschlange mit einer Botschaft f\u00fcr eine Skytale beschriften. Eine Skytale ist eine seit der antike bekannte mechanische Verschl\u00fcsselungstechnik, die auf diesem Bild eine \u00dcbungsaufgabe im Informatikunterricht illustriert.\" srcset=\"https:\/\/lehrer-werden-in-sachsen.de\/stage\/wp-content\/uploads\/2024\/11\/SMK-Lehrer-in-Sachsen-Verschluesselung_Skytale_2-1024x341.jpg 1024w, https:\/\/lehrer-werden-in-sachsen.de\/stage\/wp-content\/uploads\/2024\/11\/SMK-Lehrer-in-Sachsen-Verschluesselung_Skytale_2-300x100.jpg 300w, https:\/\/lehrer-werden-in-sachsen.de\/stage\/wp-content\/uploads\/2024\/11\/SMK-Lehrer-in-Sachsen-Verschluesselung_Skytale_2-768x256.jpg 768w, https:\/\/lehrer-werden-in-sachsen.de\/stage\/wp-content\/uploads\/2024\/11\/SMK-Lehrer-in-Sachsen-Verschluesselung_Skytale_2.jpg 1200w\" sizes=\"(max-width: 1024px) 100vw, 1024px\" \/>\t\t\t\t\t\t\t\t\t\t\t\t\t\t\t<\/div>\n\t\t\t\t<\/div>\n\t\t\t\t\t<\/div>\n\t\t<\/div>\n\t\t\t\t\t<\/div>\n\t\t<\/section>\n\t\t\t\t<section class=\"elementor-section elementor-top-section elementor-element elementor-element-2227135 elementor-section-boxed elementor-section-height-default elementor-section-height-default\" data-id=\"2227135\" data-element_type=\"section\" data-e-type=\"section\">\n\t\t\t\t\t\t<div class=\"elementor-container elementor-column-gap-default\">\n\t\t\t\t\t<div class=\"elementor-column elementor-col-100 elementor-top-column elementor-element elementor-element-6c9502a\" data-id=\"6c9502a\" data-element_type=\"column\" data-e-type=\"column\">\n\t\t\t<div class=\"elementor-widget-wrap elementor-element-populated\">\n\t\t\t\t\t\t<div class=\"elementor-element elementor-element-0a8227d elementor-widget elementor-widget-text-editor\" data-id=\"0a8227d\" data-element_type=\"widget\" data-e-type=\"widget\" data-widget_type=\"text-editor.default\">\n\t\t\t\t<div class=\"elementor-widget-container\">\n\t\t\t\t\t\t\t\t\t<p><em>Eine Skytale ist eine schon aus der Antike bekannte Verschl\u00fcsselungstechnik: Eine Botschaft wird auf ein Band notiert, das auf einen Stab gewickelt wird. Der Empf\u00e4nger braucht zum Entschl\u00fcsseln das Gegenst\u00fcck des Stabes mit genau demselben Durchmesser. Foto: Thomas Knapp<\/em><\/p>\t\t\t\t\t\t\t\t<\/div>\n\t\t\t\t<\/div>\n\t\t\t\t\t<\/div>\n\t\t<\/div>\n\t\t\t\t\t<\/div>\n\t\t<\/section>\n\t\t\t\t<section class=\"elementor-section elementor-top-section elementor-element elementor-element-d7a2944 elementor-section-boxed elementor-section-height-default elementor-section-height-default\" data-id=\"d7a2944\" data-element_type=\"section\" data-e-type=\"section\">\n\t\t\t\t\t\t<div class=\"elementor-container elementor-column-gap-default\">\n\t\t\t\t\t<div class=\"elementor-column elementor-col-100 elementor-top-column elementor-element elementor-element-c278ce9\" data-id=\"c278ce9\" data-element_type=\"column\" data-e-type=\"column\">\n\t\t\t<div class=\"elementor-widget-wrap elementor-element-populated\">\n\t\t\t\t\t\t<div class=\"elementor-element elementor-element-680b359 elementor-widget elementor-widget-heading\" data-id=\"680b359\" data-element_type=\"widget\" data-e-type=\"widget\" data-widget_type=\"heading.default\">\n\t\t\t\t<div class=\"elementor-widget-container\">\n\t\t\t\t\t<h2 class=\"elementor-heading-title elementor-size-default\">\u201eOhne unseren Schulassistenten w\u00e4re ich gnadenlos aufgeschmissen\u201c<\/h2>\t\t\t\t<\/div>\n\t\t\t\t<\/div>\n\t\t\t\t\t<\/div>\n\t\t<\/div>\n\t\t\t\t\t<\/div>\n\t\t<\/section>\n\t\t\t\t<section class=\"elementor-section elementor-top-section elementor-element elementor-element-f54ddd9 elementor-section-boxed elementor-section-height-default elementor-section-height-default\" data-id=\"f54ddd9\" data-element_type=\"section\" data-e-type=\"section\">\n\t\t\t\t\t\t<div class=\"elementor-container elementor-column-gap-default\">\n\t\t\t\t\t<div class=\"elementor-column elementor-col-100 elementor-top-column elementor-element elementor-element-85afb81\" data-id=\"85afb81\" data-element_type=\"column\" data-e-type=\"column\">\n\t\t\t<div class=\"elementor-widget-wrap elementor-element-populated\">\n\t\t\t\t\t\t<div class=\"elementor-element elementor-element-b2858cb elementor-widget elementor-widget-text-editor\" data-id=\"b2858cb\" data-element_type=\"widget\" data-e-type=\"widget\" data-widget_type=\"text-editor.default\">\n\t\t\t\t<div class=\"elementor-widget-container\">\n\t\t\t\t\t\t\t\t\t<p>Die aktuellste Technik n\u00fctzt aber nichts, wenn es niemanden gibt, der sie wartet. Mithilfe eines Budgets aus dem Digitalpakt der Bundesregierung und dem Engagement der damaligen Schulleiterin Antje Ambos konnten gen\u00fcgend Mitarbeitende eingestellt werden, die im Alltag unterst\u00fctzen. Ein Informatiklehrer h\u00e4lt den Betrieb nicht allein am Laufen, wei\u00df Knapp: \u201eOhne unseren Schulassistenten David Schuster w\u00e4re ich gnadenlos aufgeschmissen. Er ist ausgebildeter Informatiker und Medienp\u00e4dagoge. Eigentlich br\u00e4uchte es fl\u00e4chendeckend \u201adigitale Hausmeister\u2018 an den Schulen.\u201c<\/p>\n<p>\u00a0<\/p>\t\t\t\t\t\t\t\t<\/div>\n\t\t\t\t<\/div>\n\t\t\t\t\t<\/div>\n\t\t<\/div>\n\t\t\t\t\t<\/div>\n\t\t<\/section>\n\t\t\t\t<section class=\"elementor-section elementor-top-section elementor-element elementor-element-bb20cd3 elementor-section-boxed elementor-section-height-default elementor-section-height-default\" data-id=\"bb20cd3\" data-element_type=\"section\" data-e-type=\"section\">\n\t\t\t\t\t\t<div class=\"elementor-container elementor-column-gap-default\">\n\t\t\t\t\t<div class=\"elementor-column elementor-col-100 elementor-top-column elementor-element elementor-element-5066ae2\" data-id=\"5066ae2\" data-element_type=\"column\" data-e-type=\"column\">\n\t\t\t<div class=\"elementor-widget-wrap elementor-element-populated\">\n\t\t\t\t\t\t<div class=\"elementor-element elementor-element-5a85c34 elementor-widget elementor-widget-heading\" data-id=\"5a85c34\" data-element_type=\"widget\" data-e-type=\"widget\" data-widget_type=\"heading.default\">\n\t\t\t\t<div class=\"elementor-widget-container\">\n\t\t\t\t\t<h2 class=\"elementor-heading-title elementor-size-default\">Wo nichts ist, wird Neues selbst gemacht<\/h2>\t\t\t\t<\/div>\n\t\t\t\t<\/div>\n\t\t\t\t\t<\/div>\n\t\t<\/div>\n\t\t\t\t\t<\/div>\n\t\t<\/section>\n\t\t\t\t<section class=\"elementor-section elementor-top-section elementor-element elementor-element-488c5a4 elementor-section-boxed elementor-section-height-default elementor-section-height-default\" data-id=\"488c5a4\" data-element_type=\"section\" data-e-type=\"section\">\n\t\t\t\t\t\t<div class=\"elementor-container elementor-column-gap-default\">\n\t\t\t\t\t<div class=\"elementor-column elementor-col-100 elementor-top-column elementor-element elementor-element-ac4d9ba\" data-id=\"ac4d9ba\" data-element_type=\"column\" data-e-type=\"column\">\n\t\t\t<div class=\"elementor-widget-wrap elementor-element-populated\">\n\t\t\t\t\t\t<div class=\"elementor-element elementor-element-fd67c74 elementor-widget elementor-widget-text-editor\" data-id=\"fd67c74\" data-element_type=\"widget\" data-e-type=\"widget\" data-widget_type=\"text-editor.default\">\n\t\t\t\t<div class=\"elementor-widget-container\">\n\t\t\t\t\t\t\t\t\t<p>Knapp gestaltete zudem die Informatik-Lehrpl\u00e4ne in Sachsen von 2002 bis 2004 mit \u2013 vorher gab es keine f\u00fcr das damals neu eingef\u00fchrte Fach \u2013 aus dem bisherigen Fach \u201eAngewandte Informatik\u201c aus dem Profilbereich wurde das Fach \u201eInformatik\u201c. \u201eWir haben die Chance genutzt, das, was uns zur Verf\u00fcgung stand, in einen Lehrplan zu gie\u00dfen und mit informatischen Inhalten anzureichern.\u201c Sprich: Den Rahmen f\u00fcr den Schulunterricht m\u00f6glichst aktuell und weit zu gestalten, so dass der Unterricht immer auf dem Stand der Zeit sein kann. \u201eEinen Lehrplan kann ich weit auslegen, er ist immer dynamisch\u201c, erkl\u00e4rt Thomas Knapp. \u201eEs sollte aber, wie an unserer M.I.T.-Schule, immer ein passendes schulisches Konzept dahinter stehen, das man in die Praxis umsetzen kann.\u201c<\/p>\n<p>\u00a0<\/p>\n<p>Auch Lehrbuch-Autor und Mitentwickler von Lehrmaterialien f\u00fcr Informatik wurde Thomas Knapp Anfang der 90er-Jahre beil\u00e4ufig: \u201eWir waren das erste Bundesland, das Informatikunterricht als Pflichtfach eingef\u00fchrt hat. Wir hatten die Chance, den Unterricht zu etablieren, aber es gab noch keine entsprechenden Materialien.\u201c Er ist Mitautor des in mehreren B\u00e4nden erschienenen Lehrbuches \u201eInformatik und Alltag\u201c. Auch am aktuellen Werk \u201eGrundlagen der Informatik\u201c schrieb er mit. 2019 verlie\u00df Knapp mit seinem letzten Buch und mit seiner Mitautorin Katrin B\u00fcttner das schulisch-informatische Feld. Die beiden verfassten das Sachbuch f\u00fcr Kinder und Jugendliche \u201eNachrichten verschl\u00fcsseln f\u00fcr Dummies Junior\u201c.<\/p>\n<p>\u00a0<\/p>\t\t\t\t\t\t\t\t<\/div>\n\t\t\t\t<\/div>\n\t\t\t\t\t<\/div>\n\t\t<\/div>\n\t\t\t\t\t<\/div>\n\t\t<\/section>\n\t\t\t\t<section class=\"elementor-section elementor-top-section elementor-element elementor-element-c06d2f9 elementor-section-boxed elementor-section-height-default elementor-section-height-default\" data-id=\"c06d2f9\" data-element_type=\"section\" data-e-type=\"section\">\n\t\t\t\t\t\t<div class=\"elementor-container elementor-column-gap-default\">\n\t\t\t\t\t<div class=\"elementor-column elementor-col-100 elementor-top-column elementor-element elementor-element-a6ad922\" data-id=\"a6ad922\" data-element_type=\"column\" data-e-type=\"column\">\n\t\t\t<div class=\"elementor-widget-wrap elementor-element-populated\">\n\t\t\t\t\t\t<div class=\"elementor-element elementor-element-ac91ce1 elementor-widget elementor-widget-image\" data-id=\"ac91ce1\" data-element_type=\"widget\" data-e-type=\"widget\" data-widget_type=\"image.default\">\n\t\t\t\t<div class=\"elementor-widget-container\">\n\t\t\t\t\t\t\t\t\t\t\t\t\t\t\t<img loading=\"lazy\" decoding=\"async\" width=\"1024\" height=\"341\" src=\"https:\/\/lehrer-werden-in-sachsen.de\/stage\/wp-content\/uploads\/2024\/11\/SMK-Lehrer_in_Sachsen_Thomas_Knapp_Informatikunterricht_1_NEU-1024x341.jpg\" class=\"attachment-large size-large wp-image-19098\" alt=\"Informatiklehrer Thomas Knapp erkl\u00e4rt einem Sch\u00fcler einen 3D-Drucker\" srcset=\"https:\/\/lehrer-werden-in-sachsen.de\/stage\/wp-content\/uploads\/2024\/11\/SMK-Lehrer_in_Sachsen_Thomas_Knapp_Informatikunterricht_1_NEU-1024x341.jpg 1024w, https:\/\/lehrer-werden-in-sachsen.de\/stage\/wp-content\/uploads\/2024\/11\/SMK-Lehrer_in_Sachsen_Thomas_Knapp_Informatikunterricht_1_NEU-300x100.jpg 300w, https:\/\/lehrer-werden-in-sachsen.de\/stage\/wp-content\/uploads\/2024\/11\/SMK-Lehrer_in_Sachsen_Thomas_Knapp_Informatikunterricht_1_NEU-768x256.jpg 768w, https:\/\/lehrer-werden-in-sachsen.de\/stage\/wp-content\/uploads\/2024\/11\/SMK-Lehrer_in_Sachsen_Thomas_Knapp_Informatikunterricht_1_NEU.jpg 1200w\" sizes=\"(max-width: 1024px) 100vw, 1024px\" \/>\t\t\t\t\t\t\t\t\t\t\t\t\t\t\t<\/div>\n\t\t\t\t<\/div>\n\t\t\t\t\t<\/div>\n\t\t<\/div>\n\t\t\t\t\t<\/div>\n\t\t<\/section>\n\t\t\t\t<section class=\"elementor-section elementor-top-section elementor-element elementor-element-0a1b645 elementor-section-boxed elementor-section-height-default elementor-section-height-default\" data-id=\"0a1b645\" data-element_type=\"section\" data-e-type=\"section\">\n\t\t\t\t\t\t<div class=\"elementor-container elementor-column-gap-default\">\n\t\t\t\t\t<div class=\"elementor-column elementor-col-100 elementor-top-column elementor-element elementor-element-2eaf599\" data-id=\"2eaf599\" data-element_type=\"column\" data-e-type=\"column\">\n\t\t\t<div class=\"elementor-widget-wrap elementor-element-populated\">\n\t\t\t\t\t\t<div class=\"elementor-element elementor-element-3640c5d elementor-widget elementor-widget-text-editor\" data-id=\"3640c5d\" data-element_type=\"widget\" data-e-type=\"widget\" data-widget_type=\"text-editor.default\">\n\t\t\t\t<div class=\"elementor-widget-container\">\n\t\t\t\t\t\t\t\t\t<p><em>Thomas Knapp engagiert sich innerhalb und au\u00dferhalb der Schule f\u00fcr die informatische Bildung. Den Unterricht ganz aufzugeben, k\u00e4me f\u00fcr ihn dennoch niemals in Frage. Foto: David Schuster<\/em><\/p>\t\t\t\t\t\t\t\t<\/div>\n\t\t\t\t<\/div>\n\t\t\t\t\t<\/div>\n\t\t<\/div>\n\t\t\t\t\t<\/div>\n\t\t<\/section>\n\t\t\t\t<section class=\"elementor-section elementor-top-section elementor-element elementor-element-c75a643 elementor-section-boxed elementor-section-height-default elementor-section-height-default\" data-id=\"c75a643\" data-element_type=\"section\" data-e-type=\"section\">\n\t\t\t\t\t\t<div class=\"elementor-container elementor-column-gap-default\">\n\t\t\t\t\t<div class=\"elementor-column elementor-col-100 elementor-top-column elementor-element elementor-element-4f61e14\" data-id=\"4f61e14\" data-element_type=\"column\" data-e-type=\"column\">\n\t\t\t<div class=\"elementor-widget-wrap elementor-element-populated\">\n\t\t\t\t\t\t<div class=\"elementor-element elementor-element-e7c02ce elementor-widget elementor-widget-heading\" data-id=\"e7c02ce\" data-element_type=\"widget\" data-e-type=\"widget\" data-widget_type=\"heading.default\">\n\t\t\t\t<div class=\"elementor-widget-container\">\n\t\t\t\t\t<h2 class=\"elementor-heading-title elementor-size-default\">Au\u00dferschulisches Engagement macht den Unterschied<\/h2>\t\t\t\t<\/div>\n\t\t\t\t<\/div>\n\t\t\t\t\t<\/div>\n\t\t<\/div>\n\t\t\t\t\t<\/div>\n\t\t<\/section>\n\t\t\t\t<section class=\"elementor-section elementor-top-section elementor-element elementor-element-d6b7ed1 elementor-section-boxed elementor-section-height-default elementor-section-height-default\" data-id=\"d6b7ed1\" data-element_type=\"section\" data-e-type=\"section\">\n\t\t\t\t\t\t<div class=\"elementor-container elementor-column-gap-default\">\n\t\t\t\t\t<div class=\"elementor-column elementor-col-100 elementor-top-column elementor-element elementor-element-a79de28\" data-id=\"a79de28\" data-element_type=\"column\" data-e-type=\"column\">\n\t\t\t<div class=\"elementor-widget-wrap elementor-element-populated\">\n\t\t\t\t\t\t<div class=\"elementor-element elementor-element-c42cc39 elementor-widget elementor-widget-text-editor\" data-id=\"c42cc39\" data-element_type=\"widget\" data-e-type=\"widget\" data-widget_type=\"text-editor.default\">\n\t\t\t\t<div class=\"elementor-widget-container\">\n\t\t\t\t\t\t\t\t\t<p>Das Engagement f\u00fcr die informatische Bildung innerhalb der Schulen, an denen er unterrichtete, ist ein Schwerpunkt von Thomas Knapp; das au\u00dferschulische Engagement der andere, nicht weniger wichtige. Knapp lie\u00df sich immer wieder teilabordnen \u2013 als Referent am Lehrer-Trainings- und Beratungszentrum f\u00fcr neue Medien und Telekommunikation (LTBZ), als Lehrbeauftragter f\u00fcr die Didaktik der Informatik am Staatlichen Seminar f\u00fcr das Lehramt an Mittelschulen Dresden, als Ausbilder f\u00fcr Lehrer in Fachdidaktik der Informatik im Regionalschulamt Dresden. Er qualifizierte sich zum Promotor f\u00fcr das Lernen mit mobilen Endger\u00e4ten. Wer, wenn nicht Thomas Knapp, w\u00e4re ein besserer Promotor f\u00fcr lebenslanges Lernen und die Weiterentwicklung im Beruf? Insbesondere dieses weit \u00fcber den eigenen Schulhof hinausragende Engagement w\u00fcrdigte die Jury des Ursula Hill-Samelson-Preises.<\/p><p>\u00a0<\/p><p>Thomas Knapp w\u00e4re nicht er selbst, w\u00e4re er nicht auch Mitglied der Fachgruppe <a href=\"https:\/\/fg-ibisath.gi.de\/\" title=\"Fachgruppe &quot;Informatische Bildung in Sachsen und Th\u00fcringen&quot;\" target=\"_blank\" rel=\"noopener\">\u201eInformatische Bildung in Sachsen und Th\u00fcringen\u201c (IBiSaTh)<\/a>, die genau eben diese f\u00f6rdert. Au\u00dferdem unterst\u00fctzt er am <a href=\"https:\/\/www.mpz-meissen.de\/ak_00_start.php\" title=\"Medienp\u00e4dagogisches Zentrum Mei\u00dfen\" target=\"_blank\" rel=\"noopener\">Medienp\u00e4dagogischen Zentrum (MPZ)<\/a> in Mei\u00dfen andere Schulen bei der iPad-Administration. \u201eF\u00fcr mich ist das eine Win-win-Situation. Ich gebe meine Erfahrungen weiter und kann von Entwicklungen in der Praxis andernorts f\u00fcr meine Schule profitieren.\u201c<\/p><p>\u00a0<\/p>\t\t\t\t\t\t\t\t<\/div>\n\t\t\t\t<\/div>\n\t\t\t\t\t<\/div>\n\t\t<\/div>\n\t\t\t\t\t<\/div>\n\t\t<\/section>\n\t\t\t\t<section class=\"elementor-section elementor-top-section elementor-element elementor-element-dc4255d elementor-section-boxed elementor-section-height-default elementor-section-height-default\" data-id=\"dc4255d\" data-element_type=\"section\" data-e-type=\"section\">\n\t\t\t\t\t\t<div class=\"elementor-container elementor-column-gap-default\">\n\t\t\t\t\t<div class=\"elementor-column elementor-col-100 elementor-top-column elementor-element elementor-element-43cb8b9\" data-id=\"43cb8b9\" data-element_type=\"column\" data-e-type=\"column\">\n\t\t\t<div class=\"elementor-widget-wrap elementor-element-populated\">\n\t\t\t\t\t\t<div class=\"elementor-element elementor-element-8e6b5a7 elementor-widget elementor-widget-heading\" data-id=\"8e6b5a7\" data-element_type=\"widget\" data-e-type=\"widget\" data-widget_type=\"heading.default\">\n\t\t\t\t<div class=\"elementor-widget-container\">\n\t\t\t\t\t<h2 class=\"elementor-heading-title elementor-size-default\">Engagement? Immer gerne. Aus dem Unterricht ganz herausgehen? Niemals!<\/h2>\t\t\t\t<\/div>\n\t\t\t\t<\/div>\n\t\t\t\t\t<\/div>\n\t\t<\/div>\n\t\t\t\t\t<\/div>\n\t\t<\/section>\n\t\t\t\t<section class=\"elementor-section elementor-top-section elementor-element elementor-element-05fdc51 elementor-section-boxed elementor-section-height-default elementor-section-height-default\" data-id=\"05fdc51\" data-element_type=\"section\" data-e-type=\"section\">\n\t\t\t\t\t\t<div class=\"elementor-container elementor-column-gap-default\">\n\t\t\t\t\t<div class=\"elementor-column elementor-col-100 elementor-top-column elementor-element elementor-element-dd29280\" data-id=\"dd29280\" data-element_type=\"column\" data-e-type=\"column\">\n\t\t\t<div class=\"elementor-widget-wrap elementor-element-populated\">\n\t\t\t\t\t\t<div class=\"elementor-element elementor-element-037baff elementor-widget elementor-widget-text-editor\" data-id=\"037baff\" data-element_type=\"widget\" data-e-type=\"widget\" data-widget_type=\"text-editor.default\">\n\t\t\t\t<div class=\"elementor-widget-container\">\n\t\t\t\t\t\t\t\t\t<p>Denn bei allem Engagement und \u00fcbergreifenden Aufgaben wolle er an seiner Schule \u201enie ganz aus dem Unterricht herausgehen. Man kann so gemeinschaftlich arbeiten, die Mehrzahl der Kolleginnen und Kollegen mitziehen und mitnehmen. Eine M.I.T.-Schule funktioniert nur, wenn sie von allen gelebt und Informatik nicht als Nischenfach gesehen wird. Das verlangt viel Koordination und Absprache.\u201c<\/p>\n<p>\u00a0<\/p>\t\t\t\t\t\t\t\t<\/div>\n\t\t\t\t<\/div>\n\t\t\t\t\t<\/div>\n\t\t<\/div>\n\t\t\t\t\t<\/div>\n\t\t<\/section>\n\t\t\t\t<section class=\"elementor-section elementor-top-section elementor-element elementor-element-5e46e11 elementor-section-boxed elementor-section-height-default elementor-section-height-default\" data-id=\"5e46e11\" data-element_type=\"section\" data-e-type=\"section\">\n\t\t\t\t\t\t<div class=\"elementor-container elementor-column-gap-default\">\n\t\t\t\t\t<div class=\"elementor-column elementor-col-100 elementor-top-column elementor-element elementor-element-777a11b\" data-id=\"777a11b\" data-element_type=\"column\" data-e-type=\"column\">\n\t\t\t<div class=\"elementor-widget-wrap elementor-element-populated\">\n\t\t\t\t\t\t<div class=\"elementor-element elementor-element-5f706bc elementor-widget elementor-widget-heading\" data-id=\"5f706bc\" data-element_type=\"widget\" data-e-type=\"widget\" data-widget_type=\"heading.default\">\n\t\t\t\t<div class=\"elementor-widget-container\">\n\t\t\t\t\t<h2 class=\"elementor-heading-title elementor-size-default\">Gefragt f\u00fcr die Zukunft: praxisn\u00e4here Studieng\u00e4nge<\/h2>\t\t\t\t<\/div>\n\t\t\t\t<\/div>\n\t\t\t\t\t<\/div>\n\t\t<\/div>\n\t\t\t\t\t<\/div>\n\t\t<\/section>\n\t\t\t\t<section class=\"elementor-section elementor-top-section elementor-element elementor-element-cd9dd74 elementor-section-boxed elementor-section-height-default elementor-section-height-default\" data-id=\"cd9dd74\" data-element_type=\"section\" data-e-type=\"section\">\n\t\t\t\t\t\t<div class=\"elementor-container elementor-column-gap-default\">\n\t\t\t\t\t<div class=\"elementor-column elementor-col-100 elementor-top-column elementor-element elementor-element-6a13695\" data-id=\"6a13695\" data-element_type=\"column\" data-e-type=\"column\">\n\t\t\t<div class=\"elementor-widget-wrap elementor-element-populated\">\n\t\t\t\t\t\t<div class=\"elementor-element elementor-element-36cbf84 elementor-widget elementor-widget-text-editor\" data-id=\"36cbf84\" data-element_type=\"widget\" data-e-type=\"widget\" data-widget_type=\"text-editor.default\">\n\t\t\t\t<div class=\"elementor-widget-container\">\n\t\t\t\t\t\t\t\t\t<p>Der Berufsausstieg mag am Horizont langsam sichtbar werden, \u201eauch wenn ich noch nicht so richtig dran glauben kann.\u201c Doch noch ist Thomas Knapp als Motor der Informatikbildung aktiv und wie eh und je ein wichtiger Impulsgeber. Was w\u00fcnscht er sich f\u00fcr die Zukunft? F\u00fcr die Studierenden, die angesichts des Lehrerinnen- und Lehrermangels als Informatiklehrer an die Schulen in Sachsen gehen werden? Thomas Knapp bleibt seinem Lebensthema treu: \u201eIch w\u00fcnsche mir praxisn\u00e4here Studieng\u00e4nge, die auf die Bed\u00fcrfnisse der Schulen zugeschnitten sind.\u201c<\/span><\/p>\n<p><span style=\"font-size: 11.0pt; font-family: Sora;\">\u00a0<\/span><\/p>\t\t\t\t\t\t\t\t<\/div>\n\t\t\t\t<\/div>\n\t\t\t\t\t<\/div>\n\t\t<\/div>\n\t\t\t\t\t<\/div>\n\t\t<\/section>\n\t\t\t\t<section class=\"elementor-section elementor-top-section elementor-element elementor-element-07a90d4 elementor-section-boxed elementor-section-height-default elementor-section-height-default\" data-id=\"07a90d4\" data-element_type=\"section\" data-e-type=\"section\">\n\t\t\t\t\t\t<div class=\"elementor-container elementor-column-gap-default\">\n\t\t\t\t\t<div class=\"elementor-column elementor-col-100 elementor-top-column elementor-element elementor-element-646360e\" data-id=\"646360e\" data-element_type=\"column\" data-e-type=\"column\">\n\t\t\t<div class=\"elementor-widget-wrap elementor-element-populated\">\n\t\t\t\t\t\t<div class=\"elementor-element elementor-element-e381e32 elementor-widget elementor-widget-heading\" data-id=\"e381e32\" data-element_type=\"widget\" data-e-type=\"widget\" data-widget_type=\"heading.default\">\n\t\t\t\t<div class=\"elementor-widget-container\">\n\t\t\t\t\t<h2 class=\"elementor-heading-title elementor-size-default\">Gro\u00dfes Potenzial f\u00fcr die Digitalisierung \u2013 und als Lehrkraft in MINT-F\u00e4chern<\/h2>\t\t\t\t<\/div>\n\t\t\t\t<\/div>\n\t\t\t\t\t<\/div>\n\t\t<\/div>\n\t\t\t\t\t<\/div>\n\t\t<\/section>\n\t\t\t\t<section class=\"elementor-section elementor-top-section elementor-element elementor-element-71f96b0 elementor-section-boxed elementor-section-height-default elementor-section-height-default\" data-id=\"71f96b0\" data-element_type=\"section\" data-e-type=\"section\">\n\t\t\t\t\t\t<div class=\"elementor-container elementor-column-gap-default\">\n\t\t\t\t\t<div class=\"elementor-column elementor-col-100 elementor-top-column elementor-element elementor-element-d11e268\" data-id=\"d11e268\" data-element_type=\"column\" data-e-type=\"column\">\n\t\t\t<div class=\"elementor-widget-wrap elementor-element-populated\">\n\t\t\t\t\t\t<div class=\"elementor-element elementor-element-2c2dee6 elementor-widget elementor-widget-text-editor\" data-id=\"2c2dee6\" data-element_type=\"widget\" data-e-type=\"widget\" data-widget_type=\"text-editor.default\">\n\t\t\t\t<div class=\"elementor-widget-container\">\n\t\t\t\t\t\t\t\t\t<p>Studierende sowie angehende Lehrkr\u00e4fte in MINT-F\u00e4chern &#8211; in Mathematik, Naturwissenschaft, Informatik und Technik (MINT) &#8211; sollten ein starkes Interesse an ihren F\u00e4chern mitbringen und sich auf die Herausforderungen des Lehrerberufes gut vorbereiten, r\u00e4t Knapp. \u201eIch sehe trotz aller Schwierigkeiten ein gro\u00dfes Potenzial in der Digitalisierung. Deshalb w\u00fcnsche ich mir genug Personal an den Schulen, um diesen Prozess ad\u00e4quat zu begleiten.\u201c Thomas Knapp ist selbst das beste Beispiel daf\u00fcr, dass der Lehrerberuf keineswegs auf eingetreten Pfaden verlaufen muss, sondern immer wieder neue Abzweige und Wendungen nehmen kann.<\/p>\n<p>\u00a0<\/p>\t\t\t\t\t\t\t\t<\/div>\n\t\t\t\t<\/div>\n\t\t\t\t\t<\/div>\n\t\t<\/div>\n\t\t\t\t\t<\/div>\n\t\t<\/section>\n\t\t\t\t<section class=\"elementor-section elementor-top-section elementor-element elementor-element-9cb2245 elementor-section-boxed elementor-section-height-default elementor-section-height-default\" data-id=\"9cb2245\" data-element_type=\"section\" data-e-type=\"section\">\n\t\t\t\t\t\t<div class=\"elementor-container elementor-column-gap-default\">\n\t\t\t\t\t<div class=\"elementor-column elementor-col-100 elementor-top-column elementor-element elementor-element-1e187dc\" data-id=\"1e187dc\" data-element_type=\"column\" data-e-type=\"column\">\n\t\t\t<div class=\"elementor-widget-wrap\">\n\t\t\t\t\t\t\t<\/div>\n\t\t<\/div>\n\t\t\t\t\t<\/div>\n\t\t<\/section>\n\t\t\t\t<section class=\"elementor-section elementor-top-section elementor-element elementor-element-d1d527c elementor-section-boxed elementor-section-height-default elementor-section-height-default\" data-id=\"d1d527c\" data-element_type=\"section\" data-e-type=\"section\">\n\t\t\t\t\t\t<div class=\"elementor-container elementor-column-gap-default\">\n\t\t\t\t\t<div class=\"elementor-column elementor-col-100 elementor-top-column elementor-element elementor-element-62172f2\" data-id=\"62172f2\" data-element_type=\"column\" data-e-type=\"column\">\n\t\t\t<div class=\"elementor-widget-wrap elementor-element-populated\">\n\t\t\t\t\t\t<div class=\"elementor-element elementor-element-b9e4566 elementor-widget elementor-widget-heading\" data-id=\"b9e4566\" data-element_type=\"widget\" data-e-type=\"widget\" data-widget_type=\"heading.default\">\n\t\t\t\t<div class=\"elementor-widget-container\">\n\t\t\t\t\t<h3 class=\"elementor-heading-title elementor-size-default\">MINT-Interessiert? Mehr Infos:<\/h3>\t\t\t\t<\/div>\n\t\t\t\t<\/div>\n\t\t\t\t\t<\/div>\n\t\t<\/div>\n\t\t\t\t\t<\/div>\n\t\t<\/section>\n\t\t\t\t<section class=\"elementor-section elementor-top-section elementor-element elementor-element-c5ad6b5 elementor-section-boxed elementor-section-height-default elementor-section-height-default\" data-id=\"c5ad6b5\" data-element_type=\"section\" data-e-type=\"section\">\n\t\t\t\t\t\t<div class=\"elementor-container elementor-column-gap-default\">\n\t\t\t\t\t<div class=\"elementor-column elementor-col-100 elementor-top-column elementor-element elementor-element-d967c55\" data-id=\"d967c55\" data-element_type=\"column\" data-e-type=\"column\">\n\t\t\t<div class=\"elementor-widget-wrap elementor-element-populated\">\n\t\t\t\t\t\t<div class=\"elementor-element elementor-element-e58c688 elementor-widget elementor-widget-button\" data-id=\"e58c688\" data-element_type=\"widget\" data-e-type=\"widget\" data-widget_type=\"button.default\">\n\t\t\t\t<div class=\"elementor-widget-container\">\n\t\t\t\t\t\t\t\t\t<div class=\"elementor-button-wrapper\">\n\t\t\t\t\t<a class=\"elementor-button elementor-button-link elementor-size-sm\" href=\"https:\/\/lehrer-werden-in-sachsen.de\/sos-mint-faecher-wir-brauchen-dich\/\" title=\"SOS MINT\">\n\t\t\t\t\t\t<span class=\"elementor-button-content-wrapper\">\n\t\t\t\t\t\t\t\t\t<span class=\"elementor-button-text\">SOS MINT-F\u00e4cher<\/span>\n\t\t\t\t\t<\/span>\n\t\t\t\t\t<\/a>\n\t\t\t\t<\/div>\n\t\t\t\t\t\t\t\t<\/div>\n\t\t\t\t<\/div>\n\t\t\t\t\t<\/div>\n\t\t<\/div>\n\t\t\t\t\t<\/div>\n\t\t<\/section>\n\t\t\t\t<section class=\"elementor-section elementor-top-section elementor-element elementor-element-faf701e elementor-section-boxed elementor-section-height-default elementor-section-height-default\" data-id=\"faf701e\" data-element_type=\"section\" data-e-type=\"section\">\n\t\t\t\t\t\t<div class=\"elementor-container elementor-column-gap-default\">\n\t\t\t\t\t<div class=\"elementor-column elementor-col-100 elementor-top-column elementor-element elementor-element-51c97cb\" data-id=\"51c97cb\" data-element_type=\"column\" data-e-type=\"column\">\n\t\t\t<div class=\"elementor-widget-wrap elementor-element-populated\">\n\t\t\t\t\t\t<div class=\"elementor-element elementor-element-26c4c29 elementor-widget elementor-widget-button\" data-id=\"26c4c29\" data-element_type=\"widget\" data-e-type=\"widget\" data-widget_type=\"button.default\">\n\t\t\t\t<div class=\"elementor-widget-container\">\n\t\t\t\t\t\t\t\t\t<div class=\"elementor-button-wrapper\">\n\t\t\t\t\t<a class=\"elementor-button elementor-button-link elementor-size-sm\" href=\"https:\/\/lehrer-werden-in-sachsen.de\/mint-carsten-albert-ueber-die-schoenheit-der-logik\/\" title=\"MINT: Carsten Albert \u00fcber die Sch\u00f6nheit der Logik\">\n\t\t\t\t\t\t<span class=\"elementor-button-content-wrapper\">\n\t\t\t\t\t\t\t\t\t<span class=\"elementor-button-text\">Die Sch\u00f6nheit der Logik<\/span>\n\t\t\t\t\t<\/span>\n\t\t\t\t\t<\/a>\n\t\t\t\t<\/div>\n\t\t\t\t\t\t\t\t<\/div>\n\t\t\t\t<\/div>\n\t\t\t\t\t<\/div>\n\t\t<\/div>\n\t\t\t\t\t<\/div>\n\t\t<\/section>\n\t\t\t\t<\/div>\n\t\t","protected":false},"excerpt":{"rendered":"<p>Mit Leidenschaft und langj\u00e4hrigem Engagement f\u00fcr die Informatikbildung in Sachsen ist Thomas Knapp von der Marie-Curie-Oberschule in Dohna ein Vorbild f\u00fcr viele Lehrende und Lehramtsstudierende. Ein Longread \u00fcber den Werdegang des Informatiklehrers und Wissenswertes von den Anf\u00e4ngen bis zu den Zukunftsperspektiven der informatischen Bildung in Sachsen.<\/p>\n","protected":false},"author":28,"featured_media":18721,"comment_status":"closed","ping_status":"closed","sticky":false,"template":"","format":"standard","meta":{"footnotes":""},"categories":[46],"tags":[127,114,201],"class_list":["post-18507","post","type-post","status-publish","format-standard","has-post-thumbnail","hentry","category-blog","tag-mint","tag-oberschule","tag-weiterbildung"],"yoast_head":"<!-- This site is optimized with the Yoast SEO plugin v27.3 - https:\/\/yoast.com\/product\/yoast-seo-wordpress\/ -->\n<title>LEHRERIN SACHSEN | Thomas Knapp: Von Null auf Digital<\/title>\n<meta name=\"description\" content=\"Thomas Knapp ist Lehrer und ein Wegbereiter der Informatikbildung in Sachsen. Er berichtet \u00fcber sein inner- und au\u00dferschulisches Engagement.\" \/>\n<meta name=\"robots\" content=\"index, follow, max-snippet:-1, max-image-preview:large, max-video-preview:-1\" \/>\n<link rel=\"canonical\" href=\"https:\/\/lehrer-werden-in-sachsen.de\/von-null-auf-digital-thomas-knapp-ein-wegbereiter-der-informatikbildung-in-sachsen\/\" \/>\n<meta property=\"og:locale\" content=\"de_DE\" \/>\n<meta property=\"og:type\" content=\"article\" \/>\n<meta property=\"og:title\" content=\"LEHRERIN SACHSEN | Thomas Knapp: Von Null auf Digital\" \/>\n<meta property=\"og:description\" content=\"Thomas Knapp ist Lehrer und ein Wegbereiter der Informatikbildung in Sachsen. Er berichtet \u00fcber sein inner- und au\u00dferschulisches Engagement.\" \/>\n<meta property=\"og:url\" content=\"https:\/\/lehrer-werden-in-sachsen.de\/von-null-auf-digital-thomas-knapp-ein-wegbereiter-der-informatikbildung-in-sachsen\/\" \/>\n<meta property=\"og:site_name\" content=\"LEHRERIN SACHSEN\" \/>\n<meta property=\"article:published_time\" content=\"2024-12-02T11:09:40+00:00\" \/>\n<meta property=\"article:modified_time\" content=\"2025-10-10T09:11:15+00:00\" \/>\n<meta property=\"og:image\" content=\"https:\/\/lehrer-werden-in-sachsen.de\/wp-content\/uploads\/2024\/11\/SMK-Lehrer_In_Sachsen_Thomas_Knapp_Informatiklehrer_1.jpg\" \/>\n\t<meta property=\"og:image:width\" content=\"1920\" \/>\n\t<meta property=\"og:image:height\" content=\"970\" \/>\n\t<meta property=\"og:image:type\" content=\"image\/jpeg\" \/>\n<meta name=\"author\" content=\"Ute Schirmack\" \/>\n<meta name=\"twitter:card\" content=\"summary_large_image\" \/>\n<meta name=\"twitter:label1\" content=\"Verfasst von\" \/>\n\t<meta name=\"twitter:data1\" content=\"Ute Schirmack\" \/>\n\t<meta name=\"twitter:label2\" content=\"Gesch\u00e4tzte Lesezeit\" \/>\n\t<meta name=\"twitter:data2\" content=\"9\u00a0Minuten\" \/>\n<script type=\"application\/ld+json\" class=\"yoast-schema-graph\">{\"@context\":\"https:\\\/\\\/schema.org\",\"@graph\":[{\"@type\":\"Article\",\"@id\":\"https:\\\/\\\/lehrer-werden-in-sachsen.de\\\/von-null-auf-digital-thomas-knapp-ein-wegbereiter-der-informatikbildung-in-sachsen\\\/#article\",\"isPartOf\":{\"@id\":\"https:\\\/\\\/lehrer-werden-in-sachsen.de\\\/von-null-auf-digital-thomas-knapp-ein-wegbereiter-der-informatikbildung-in-sachsen\\\/\"},\"author\":{\"name\":\"Ute Schirmack\",\"@id\":\"https:\\\/\\\/lehrer-werden-in-sachsen.de\\\/#\\\/schema\\\/person\\\/5e4731c44f29a205208182ecfa64393f\"},\"headline\":\"Von Null auf Digital: Thomas Knapp &#8211; ein Wegbereiter der Informatikbildung in Sachsen\",\"datePublished\":\"2024-12-02T11:09:40+00:00\",\"dateModified\":\"2025-10-10T09:11:15+00:00\",\"mainEntityOfPage\":{\"@id\":\"https:\\\/\\\/lehrer-werden-in-sachsen.de\\\/von-null-auf-digital-thomas-knapp-ein-wegbereiter-der-informatikbildung-in-sachsen\\\/\"},\"wordCount\":1565,\"publisher\":{\"@id\":\"https:\\\/\\\/lehrer-werden-in-sachsen.de\\\/#organization\"},\"image\":{\"@id\":\"https:\\\/\\\/lehrer-werden-in-sachsen.de\\\/von-null-auf-digital-thomas-knapp-ein-wegbereiter-der-informatikbildung-in-sachsen\\\/#primaryimage\"},\"thumbnailUrl\":\"https:\\\/\\\/lehrer-werden-in-sachsen.de\\\/stage\\\/wp-content\\\/uploads\\\/2024\\\/11\\\/SMK-Lehrer_In_Sachsen_Thomas_Knapp_Informatiklehrer_1.jpg\",\"keywords\":[\"MINT\",\"Oberschule\",\"Weiterbildung\"],\"articleSection\":[\"Blog\"],\"inLanguage\":\"de\"},{\"@type\":\"WebPage\",\"@id\":\"https:\\\/\\\/lehrer-werden-in-sachsen.de\\\/von-null-auf-digital-thomas-knapp-ein-wegbereiter-der-informatikbildung-in-sachsen\\\/\",\"url\":\"https:\\\/\\\/lehrer-werden-in-sachsen.de\\\/von-null-auf-digital-thomas-knapp-ein-wegbereiter-der-informatikbildung-in-sachsen\\\/\",\"name\":\"LEHRERIN SACHSEN | Thomas Knapp: Von Null auf Digital\",\"isPartOf\":{\"@id\":\"https:\\\/\\\/lehrer-werden-in-sachsen.de\\\/#website\"},\"primaryImageOfPage\":{\"@id\":\"https:\\\/\\\/lehrer-werden-in-sachsen.de\\\/von-null-auf-digital-thomas-knapp-ein-wegbereiter-der-informatikbildung-in-sachsen\\\/#primaryimage\"},\"image\":{\"@id\":\"https:\\\/\\\/lehrer-werden-in-sachsen.de\\\/von-null-auf-digital-thomas-knapp-ein-wegbereiter-der-informatikbildung-in-sachsen\\\/#primaryimage\"},\"thumbnailUrl\":\"https:\\\/\\\/lehrer-werden-in-sachsen.de\\\/stage\\\/wp-content\\\/uploads\\\/2024\\\/11\\\/SMK-Lehrer_In_Sachsen_Thomas_Knapp_Informatiklehrer_1.jpg\",\"datePublished\":\"2024-12-02T11:09:40+00:00\",\"dateModified\":\"2025-10-10T09:11:15+00:00\",\"description\":\"Thomas Knapp ist Lehrer und ein Wegbereiter der Informatikbildung in Sachsen. Er berichtet \u00fcber sein inner- und au\u00dferschulisches Engagement.\",\"breadcrumb\":{\"@id\":\"https:\\\/\\\/lehrer-werden-in-sachsen.de\\\/von-null-auf-digital-thomas-knapp-ein-wegbereiter-der-informatikbildung-in-sachsen\\\/#breadcrumb\"},\"inLanguage\":\"de\",\"potentialAction\":[{\"@type\":\"ReadAction\",\"target\":[\"https:\\\/\\\/lehrer-werden-in-sachsen.de\\\/von-null-auf-digital-thomas-knapp-ein-wegbereiter-der-informatikbildung-in-sachsen\\\/\"]}]},{\"@type\":\"ImageObject\",\"inLanguage\":\"de\",\"@id\":\"https:\\\/\\\/lehrer-werden-in-sachsen.de\\\/von-null-auf-digital-thomas-knapp-ein-wegbereiter-der-informatikbildung-in-sachsen\\\/#primaryimage\",\"url\":\"https:\\\/\\\/lehrer-werden-in-sachsen.de\\\/stage\\\/wp-content\\\/uploads\\\/2024\\\/11\\\/SMK-Lehrer_In_Sachsen_Thomas_Knapp_Informatiklehrer_1.jpg\",\"contentUrl\":\"https:\\\/\\\/lehrer-werden-in-sachsen.de\\\/stage\\\/wp-content\\\/uploads\\\/2024\\\/11\\\/SMK-Lehrer_In_Sachsen_Thomas_Knapp_Informatiklehrer_1.jpg\",\"width\":1920,\"height\":970,\"caption\":\"Lehrer Thomas Knapp ist in einer Erkl\u00e4rsituation mit einem seiner Sch\u00fcler im Informatikunterricht zu sehen.\"},{\"@type\":\"BreadcrumbList\",\"@id\":\"https:\\\/\\\/lehrer-werden-in-sachsen.de\\\/von-null-auf-digital-thomas-knapp-ein-wegbereiter-der-informatikbildung-in-sachsen\\\/#breadcrumb\",\"itemListElement\":[{\"@type\":\"ListItem\",\"position\":1,\"name\":\"Startseite\",\"item\":\"https:\\\/\\\/lehrer-werden-in-sachsen.de\\\/\"},{\"@type\":\"ListItem\",\"position\":2,\"name\":\"Von Null auf Digital: Thomas Knapp &#8211; ein Wegbereiter der Informatikbildung in Sachsen\"}]},{\"@type\":\"WebSite\",\"@id\":\"https:\\\/\\\/lehrer-werden-in-sachsen.de\\\/#website\",\"url\":\"https:\\\/\\\/lehrer-werden-in-sachsen.de\\\/\",\"name\":\"LEHRERIN SACHSEN\",\"description\":\"Eine Klasse f\u00fcr sich.\",\"publisher\":{\"@id\":\"https:\\\/\\\/lehrer-werden-in-sachsen.de\\\/#organization\"},\"potentialAction\":[{\"@type\":\"SearchAction\",\"target\":{\"@type\":\"EntryPoint\",\"urlTemplate\":\"https:\\\/\\\/lehrer-werden-in-sachsen.de\\\/?s={search_term_string}\"},\"query-input\":{\"@type\":\"PropertyValueSpecification\",\"valueRequired\":true,\"valueName\":\"search_term_string\"}}],\"inLanguage\":\"de\"},{\"@type\":\"Organization\",\"@id\":\"https:\\\/\\\/lehrer-werden-in-sachsen.de\\\/#organization\",\"name\":\"LEHRERIN SACHSEN\",\"url\":\"https:\\\/\\\/lehrer-werden-in-sachsen.de\\\/\",\"logo\":{\"@type\":\"ImageObject\",\"inLanguage\":\"de\",\"@id\":\"https:\\\/\\\/lehrer-werden-in-sachsen.de\\\/#\\\/schema\\\/logo\\\/image\\\/\",\"url\":\"https:\\\/\\\/lehrer-werden-in-sachsen.de\\\/stage\\\/wp-content\\\/uploads\\\/2022\\\/02\\\/SMK_Leherin-Sachsen-Marke_RGB_Violett-Orange.svg\",\"contentUrl\":\"https:\\\/\\\/lehrer-werden-in-sachsen.de\\\/stage\\\/wp-content\\\/uploads\\\/2022\\\/02\\\/SMK_Leherin-Sachsen-Marke_RGB_Violett-Orange.svg\",\"caption\":\"LEHRERIN SACHSEN\"},\"image\":{\"@id\":\"https:\\\/\\\/lehrer-werden-in-sachsen.de\\\/#\\\/schema\\\/logo\\\/image\\\/\"}},{\"@type\":\"Person\",\"@id\":\"https:\\\/\\\/lehrer-werden-in-sachsen.de\\\/#\\\/schema\\\/person\\\/5e4731c44f29a205208182ecfa64393f\",\"name\":\"Ute Schirmack\",\"image\":{\"@type\":\"ImageObject\",\"inLanguage\":\"de\",\"@id\":\"https:\\\/\\\/secure.gravatar.com\\\/avatar\\\/598fa1aedac22eef3ac59a24de23cb10b697a462ec575f429d6e5c0dd1bd0d58?s=96&d=mm&r=g\",\"url\":\"https:\\\/\\\/secure.gravatar.com\\\/avatar\\\/598fa1aedac22eef3ac59a24de23cb10b697a462ec575f429d6e5c0dd1bd0d58?s=96&d=mm&r=g\",\"contentUrl\":\"https:\\\/\\\/secure.gravatar.com\\\/avatar\\\/598fa1aedac22eef3ac59a24de23cb10b697a462ec575f429d6e5c0dd1bd0d58?s=96&d=mm&r=g\",\"caption\":\"Ute Schirmack\"},\"url\":\"https:\\\/\\\/lehrer-werden-in-sachsen.de\\\/stage\\\/author\\\/ute-schirmack\\\/\"}]}<\/script>\n<!-- \/ Yoast SEO plugin. -->","yoast_head_json":{"title":"LEHRERIN SACHSEN | Thomas Knapp: Von Null auf Digital","description":"Thomas Knapp ist Lehrer und ein Wegbereiter der Informatikbildung in Sachsen. Er berichtet \u00fcber sein inner- und au\u00dferschulisches Engagement.","robots":{"index":"index","follow":"follow","max-snippet":"max-snippet:-1","max-image-preview":"max-image-preview:large","max-video-preview":"max-video-preview:-1"},"canonical":"https:\/\/lehrer-werden-in-sachsen.de\/von-null-auf-digital-thomas-knapp-ein-wegbereiter-der-informatikbildung-in-sachsen\/","og_locale":"de_DE","og_type":"article","og_title":"LEHRERIN SACHSEN | Thomas Knapp: Von Null auf Digital","og_description":"Thomas Knapp ist Lehrer und ein Wegbereiter der Informatikbildung in Sachsen. Er berichtet \u00fcber sein inner- und au\u00dferschulisches Engagement.","og_url":"https:\/\/lehrer-werden-in-sachsen.de\/von-null-auf-digital-thomas-knapp-ein-wegbereiter-der-informatikbildung-in-sachsen\/","og_site_name":"LEHRERIN SACHSEN","article_published_time":"2024-12-02T11:09:40+00:00","article_modified_time":"2025-10-10T09:11:15+00:00","og_image":[{"width":1920,"height":970,"url":"https:\/\/lehrer-werden-in-sachsen.de\/wp-content\/uploads\/2024\/11\/SMK-Lehrer_In_Sachsen_Thomas_Knapp_Informatiklehrer_1.jpg","type":"image\/jpeg"}],"author":"Ute Schirmack","twitter_card":"summary_large_image","twitter_misc":{"Verfasst von":"Ute Schirmack","Gesch\u00e4tzte Lesezeit":"9\u00a0Minuten"},"schema":{"@context":"https:\/\/schema.org","@graph":[{"@type":"Article","@id":"https:\/\/lehrer-werden-in-sachsen.de\/von-null-auf-digital-thomas-knapp-ein-wegbereiter-der-informatikbildung-in-sachsen\/#article","isPartOf":{"@id":"https:\/\/lehrer-werden-in-sachsen.de\/von-null-auf-digital-thomas-knapp-ein-wegbereiter-der-informatikbildung-in-sachsen\/"},"author":{"name":"Ute Schirmack","@id":"https:\/\/lehrer-werden-in-sachsen.de\/#\/schema\/person\/5e4731c44f29a205208182ecfa64393f"},"headline":"Von Null auf Digital: Thomas Knapp &#8211; ein Wegbereiter der Informatikbildung in Sachsen","datePublished":"2024-12-02T11:09:40+00:00","dateModified":"2025-10-10T09:11:15+00:00","mainEntityOfPage":{"@id":"https:\/\/lehrer-werden-in-sachsen.de\/von-null-auf-digital-thomas-knapp-ein-wegbereiter-der-informatikbildung-in-sachsen\/"},"wordCount":1565,"publisher":{"@id":"https:\/\/lehrer-werden-in-sachsen.de\/#organization"},"image":{"@id":"https:\/\/lehrer-werden-in-sachsen.de\/von-null-auf-digital-thomas-knapp-ein-wegbereiter-der-informatikbildung-in-sachsen\/#primaryimage"},"thumbnailUrl":"https:\/\/lehrer-werden-in-sachsen.de\/stage\/wp-content\/uploads\/2024\/11\/SMK-Lehrer_In_Sachsen_Thomas_Knapp_Informatiklehrer_1.jpg","keywords":["MINT","Oberschule","Weiterbildung"],"articleSection":["Blog"],"inLanguage":"de"},{"@type":"WebPage","@id":"https:\/\/lehrer-werden-in-sachsen.de\/von-null-auf-digital-thomas-knapp-ein-wegbereiter-der-informatikbildung-in-sachsen\/","url":"https:\/\/lehrer-werden-in-sachsen.de\/von-null-auf-digital-thomas-knapp-ein-wegbereiter-der-informatikbildung-in-sachsen\/","name":"LEHRERIN SACHSEN | Thomas Knapp: Von Null auf Digital","isPartOf":{"@id":"https:\/\/lehrer-werden-in-sachsen.de\/#website"},"primaryImageOfPage":{"@id":"https:\/\/lehrer-werden-in-sachsen.de\/von-null-auf-digital-thomas-knapp-ein-wegbereiter-der-informatikbildung-in-sachsen\/#primaryimage"},"image":{"@id":"https:\/\/lehrer-werden-in-sachsen.de\/von-null-auf-digital-thomas-knapp-ein-wegbereiter-der-informatikbildung-in-sachsen\/#primaryimage"},"thumbnailUrl":"https:\/\/lehrer-werden-in-sachsen.de\/stage\/wp-content\/uploads\/2024\/11\/SMK-Lehrer_In_Sachsen_Thomas_Knapp_Informatiklehrer_1.jpg","datePublished":"2024-12-02T11:09:40+00:00","dateModified":"2025-10-10T09:11:15+00:00","description":"Thomas Knapp ist Lehrer und ein Wegbereiter der Informatikbildung in Sachsen. Er berichtet \u00fcber sein inner- und au\u00dferschulisches Engagement.","breadcrumb":{"@id":"https:\/\/lehrer-werden-in-sachsen.de\/von-null-auf-digital-thomas-knapp-ein-wegbereiter-der-informatikbildung-in-sachsen\/#breadcrumb"},"inLanguage":"de","potentialAction":[{"@type":"ReadAction","target":["https:\/\/lehrer-werden-in-sachsen.de\/von-null-auf-digital-thomas-knapp-ein-wegbereiter-der-informatikbildung-in-sachsen\/"]}]},{"@type":"ImageObject","inLanguage":"de","@id":"https:\/\/lehrer-werden-in-sachsen.de\/von-null-auf-digital-thomas-knapp-ein-wegbereiter-der-informatikbildung-in-sachsen\/#primaryimage","url":"https:\/\/lehrer-werden-in-sachsen.de\/stage\/wp-content\/uploads\/2024\/11\/SMK-Lehrer_In_Sachsen_Thomas_Knapp_Informatiklehrer_1.jpg","contentUrl":"https:\/\/lehrer-werden-in-sachsen.de\/stage\/wp-content\/uploads\/2024\/11\/SMK-Lehrer_In_Sachsen_Thomas_Knapp_Informatiklehrer_1.jpg","width":1920,"height":970,"caption":"Lehrer Thomas Knapp ist in einer Erkl\u00e4rsituation mit einem seiner Sch\u00fcler im Informatikunterricht zu sehen."},{"@type":"BreadcrumbList","@id":"https:\/\/lehrer-werden-in-sachsen.de\/von-null-auf-digital-thomas-knapp-ein-wegbereiter-der-informatikbildung-in-sachsen\/#breadcrumb","itemListElement":[{"@type":"ListItem","position":1,"name":"Startseite","item":"https:\/\/lehrer-werden-in-sachsen.de\/"},{"@type":"ListItem","position":2,"name":"Von Null auf Digital: Thomas Knapp &#8211; ein Wegbereiter der Informatikbildung in Sachsen"}]},{"@type":"WebSite","@id":"https:\/\/lehrer-werden-in-sachsen.de\/#website","url":"https:\/\/lehrer-werden-in-sachsen.de\/","name":"LEHRERIN SACHSEN","description":"Eine Klasse f\u00fcr sich.","publisher":{"@id":"https:\/\/lehrer-werden-in-sachsen.de\/#organization"},"potentialAction":[{"@type":"SearchAction","target":{"@type":"EntryPoint","urlTemplate":"https:\/\/lehrer-werden-in-sachsen.de\/?s={search_term_string}"},"query-input":{"@type":"PropertyValueSpecification","valueRequired":true,"valueName":"search_term_string"}}],"inLanguage":"de"},{"@type":"Organization","@id":"https:\/\/lehrer-werden-in-sachsen.de\/#organization","name":"LEHRERIN SACHSEN","url":"https:\/\/lehrer-werden-in-sachsen.de\/","logo":{"@type":"ImageObject","inLanguage":"de","@id":"https:\/\/lehrer-werden-in-sachsen.de\/#\/schema\/logo\/image\/","url":"https:\/\/lehrer-werden-in-sachsen.de\/stage\/wp-content\/uploads\/2022\/02\/SMK_Leherin-Sachsen-Marke_RGB_Violett-Orange.svg","contentUrl":"https:\/\/lehrer-werden-in-sachsen.de\/stage\/wp-content\/uploads\/2022\/02\/SMK_Leherin-Sachsen-Marke_RGB_Violett-Orange.svg","caption":"LEHRERIN SACHSEN"},"image":{"@id":"https:\/\/lehrer-werden-in-sachsen.de\/#\/schema\/logo\/image\/"}},{"@type":"Person","@id":"https:\/\/lehrer-werden-in-sachsen.de\/#\/schema\/person\/5e4731c44f29a205208182ecfa64393f","name":"Ute Schirmack","image":{"@type":"ImageObject","inLanguage":"de","@id":"https:\/\/secure.gravatar.com\/avatar\/598fa1aedac22eef3ac59a24de23cb10b697a462ec575f429d6e5c0dd1bd0d58?s=96&d=mm&r=g","url":"https:\/\/secure.gravatar.com\/avatar\/598fa1aedac22eef3ac59a24de23cb10b697a462ec575f429d6e5c0dd1bd0d58?s=96&d=mm&r=g","contentUrl":"https:\/\/secure.gravatar.com\/avatar\/598fa1aedac22eef3ac59a24de23cb10b697a462ec575f429d6e5c0dd1bd0d58?s=96&d=mm&r=g","caption":"Ute Schirmack"},"url":"https:\/\/lehrer-werden-in-sachsen.de\/stage\/author\/ute-schirmack\/"}]}},"_links":{"self":[{"href":"https:\/\/lehrer-werden-in-sachsen.de\/stage\/wp-json\/wp\/v2\/posts\/18507","targetHints":{"allow":["GET"]}}],"collection":[{"href":"https:\/\/lehrer-werden-in-sachsen.de\/stage\/wp-json\/wp\/v2\/posts"}],"about":[{"href":"https:\/\/lehrer-werden-in-sachsen.de\/stage\/wp-json\/wp\/v2\/types\/post"}],"author":[{"embeddable":true,"href":"https:\/\/lehrer-werden-in-sachsen.de\/stage\/wp-json\/wp\/v2\/users\/28"}],"replies":[{"embeddable":true,"href":"https:\/\/lehrer-werden-in-sachsen.de\/stage\/wp-json\/wp\/v2\/comments?post=18507"}],"version-history":[{"count":244,"href":"https:\/\/lehrer-werden-in-sachsen.de\/stage\/wp-json\/wp\/v2\/posts\/18507\/revisions"}],"predecessor-version":[{"id":23897,"href":"https:\/\/lehrer-werden-in-sachsen.de\/stage\/wp-json\/wp\/v2\/posts\/18507\/revisions\/23897"}],"wp:featuredmedia":[{"embeddable":true,"href":"https:\/\/lehrer-werden-in-sachsen.de\/stage\/wp-json\/wp\/v2\/media\/18721"}],"wp:attachment":[{"href":"https:\/\/lehrer-werden-in-sachsen.de\/stage\/wp-json\/wp\/v2\/media?parent=18507"}],"wp:term":[{"taxonomy":"category","embeddable":true,"href":"https:\/\/lehrer-werden-in-sachsen.de\/stage\/wp-json\/wp\/v2\/categories?post=18507"},{"taxonomy":"post_tag","embeddable":true,"href":"https:\/\/lehrer-werden-in-sachsen.de\/stage\/wp-json\/wp\/v2\/tags?post=18507"}],"curies":[{"name":"wp","href":"https:\/\/api.w.org\/{rel}","templated":true}]}}