{"id":18420,"date":"2025-03-11T11:17:03","date_gmt":"2025-03-11T10:17:03","guid":{"rendered":"https:\/\/lehrer-werden-in-sachsen.de\/stage\/?p=18420"},"modified":"2025-10-10T10:52:06","modified_gmt":"2025-10-10T08:52:06","slug":"ich-war-kein-klassisches-musikschulkind","status":"publish","type":"post","link":"https:\/\/lehrer-werden-in-sachsen.de\/stage\/ich-war-kein-klassisches-musikschulkind\/","title":{"rendered":"\u201eIch war kein klassisches Musikschulkind\u201c"},"content":{"rendered":"\t\t<div data-elementor-type=\"wp-post\" data-elementor-id=\"18420\" class=\"elementor elementor-18420\" data-elementor-post-type=\"post\">\n\t\t\t\t\t\t<section class=\"elementor-section elementor-top-section elementor-element elementor-element-dcf24f7 elementor-section-boxed elementor-section-height-default elementor-section-height-default\" data-id=\"dcf24f7\" data-element_type=\"section\" data-e-type=\"section\">\n\t\t\t\t\t\t<div class=\"elementor-container elementor-column-gap-default\">\n\t\t\t\t\t<div class=\"elementor-column elementor-col-100 elementor-top-column elementor-element elementor-element-e3a3b6a\" data-id=\"e3a3b6a\" data-element_type=\"column\" data-e-type=\"column\">\n\t\t\t<div class=\"elementor-widget-wrap elementor-element-populated\">\n\t\t\t\t\t\t<div class=\"elementor-element elementor-element-280a18c elementor-widget elementor-widget-text-editor\" data-id=\"280a18c\" data-element_type=\"widget\" data-e-type=\"widget\" data-widget_type=\"text-editor.default\">\n\t\t\t\t<div class=\"elementor-widget-container\">\n\t\t\t\t\t\t\t\t\t<p><strong>Zuf\u00e4lle wiesen Maik Wagner h\u00e4ufig den Weg und f\u00fchrten ihn in die richtige berufliche Richtung \u2013 immer mehr in die Musik hinein. Obwohl der Musiklehrer sich selbst als \u201eSp\u00e4tz\u00fcnder\u201c bezeichnet, ist der rote Faden im Werdegang des 54-J\u00e4hrigen erkennbar. A<\/strong><span style=\"font-weight: bolder; color: var( --e-global-color-text ); font-family: var( --e-global-typography-text-font-family ), Sans-serif; font-size: var( --e-global-typography-text-font-size );\">m<\/span><span style=\"font-weight: bolder; color: var( --e-global-color-text ); font-family: var( --e-global-typography-text-font-family ), Sans-serif; font-size: var( --e-global-typography-text-font-size );\">\u00a0<\/span><a href=\"https:\/\/www.sportgymnasium.de\/news\" title=\"Sportgymnasium Dresden\" target=\"_blank\" rel=\"noopener\">Sportgymnasium Dresden<\/a>\u00a0<span style=\"font-weight: bolder; color: var( --e-global-color-text ); font-family: var( --e-global-typography-text-font-family ), Sans-serif; font-size: var( --e-global-typography-text-font-size );\">zeigt er angehenden Spitzensportlerinnen und -sportlern, dass ein gro\u00dfes Talent im Leben keineswegs den Verzicht auf das Entdecken neuer\u00a0 Leidenschaften bedeuten muss.<\/span><\/p><p><span style=\"font-weight: bolder; color: var( --e-global-color-text ); font-family: var( --e-global-typography-text-font-family ), Sans-serif; font-size: var( --e-global-typography-text-font-size );\">\u00a0<\/span><\/p>\t\t\t\t\t\t\t\t<\/div>\n\t\t\t\t<\/div>\n\t\t\t\t\t<\/div>\n\t\t<\/div>\n\t\t\t\t\t<\/div>\n\t\t<\/section>\n\t\t\t\t<section class=\"elementor-section elementor-top-section elementor-element elementor-element-c4c04c3 elementor-section-boxed elementor-section-height-default elementor-section-height-default\" data-id=\"c4c04c3\" data-element_type=\"section\" data-e-type=\"section\">\n\t\t\t\t\t\t<div class=\"elementor-container elementor-column-gap-default\">\n\t\t\t\t\t<div class=\"elementor-column elementor-col-100 elementor-top-column elementor-element elementor-element-82568df\" data-id=\"82568df\" data-element_type=\"column\" data-e-type=\"column\">\n\t\t\t<div class=\"elementor-widget-wrap elementor-element-populated\">\n\t\t\t\t\t\t<div class=\"elementor-element elementor-element-37abbf5 elementor-widget elementor-widget-heading\" data-id=\"37abbf5\" data-element_type=\"widget\" data-e-type=\"widget\" data-widget_type=\"heading.default\">\n\t\t\t\t<div class=\"elementor-widget-container\">\n\t\t\t\t\t<h2 class=\"elementor-heading-title elementor-size-default\">Anziehung im Vor\u00fcbergehen<\/h2>\t\t\t\t<\/div>\n\t\t\t\t<\/div>\n\t\t\t\t\t<\/div>\n\t\t<\/div>\n\t\t\t\t\t<\/div>\n\t\t<\/section>\n\t\t\t\t<section class=\"elementor-section elementor-top-section elementor-element elementor-element-20f5d6f elementor-section-boxed elementor-section-height-default elementor-section-height-default\" data-id=\"20f5d6f\" data-element_type=\"section\" data-e-type=\"section\">\n\t\t\t\t\t\t<div class=\"elementor-container elementor-column-gap-default\">\n\t\t\t\t\t<div class=\"elementor-column elementor-col-100 elementor-top-column elementor-element elementor-element-387bff1\" data-id=\"387bff1\" data-element_type=\"column\" data-e-type=\"column\">\n\t\t\t<div class=\"elementor-widget-wrap elementor-element-populated\">\n\t\t\t\t\t\t<div class=\"elementor-element elementor-element-ea92e7e elementor-widget elementor-widget-text-editor\" data-id=\"ea92e7e\" data-element_type=\"widget\" data-e-type=\"widget\" data-widget_type=\"text-editor.default\">\n\t\t\t\t<div class=\"elementor-widget-container\">\n\t\t\t\t\t\t\t\t\t<p>Am Wochenanfang stehen die Chancen f\u00fcr die Sch\u00fcler des Sportinternats im Schulkomplex gut, den Sound von Schlagzeug, Saxophon, Gitarre und Keyboard auf dem Campus-Hof zu h\u00f6ren. Dann probt die Montagsband. Die Organisation der Termine ist ein Kunstwerk, denn es ist Flexibilit\u00e4t in der Besetzung oder Koordination der Zeitfenster gefragt. Wegen der vielen Trainings und Wettk\u00e4mpfe kann nicht jede und jeder regelm\u00e4\u00dfig dabei sein.<\/p><p>\u00a0<\/p><p>Im Sommer 2022 zerfiel mit dem Weggang eines Musiklehrers die bisherige Schulband. Das Aus? Nur f\u00fcr ein paar Monate. Dann ergriffen Sch\u00fcler die Initiative, kamen auf Maik Wagner zu und wollten wissen: \u201e\u2018W\u00fcrden Sie uns unterst\u00fctzen? Wir wollen der Erzieherin im Internat \u2018Mit 66 Jahren\u2019 spielen.\u2019 Ich habe mir gedacht: Oh, cool.\u201d<\/p><p>\u00a0<\/p>\t\t\t\t\t\t\t\t<\/div>\n\t\t\t\t<\/div>\n\t\t\t\t\t<\/div>\n\t\t<\/div>\n\t\t\t\t\t<\/div>\n\t\t<\/section>\n\t\t\t\t<section class=\"elementor-section elementor-top-section elementor-element elementor-element-6738ac0 elementor-section-boxed elementor-section-height-default elementor-section-height-default\" data-id=\"6738ac0\" data-element_type=\"section\" data-e-type=\"section\">\n\t\t\t\t\t\t<div class=\"elementor-container elementor-column-gap-default\">\n\t\t\t\t\t<div class=\"elementor-column elementor-col-100 elementor-top-column elementor-element elementor-element-014b6d4\" data-id=\"014b6d4\" data-element_type=\"column\" data-e-type=\"column\">\n\t\t\t<div class=\"elementor-widget-wrap elementor-element-populated\">\n\t\t\t\t\t\t<div class=\"elementor-element elementor-element-786e8db elementor-widget elementor-widget-heading\" data-id=\"786e8db\" data-element_type=\"widget\" data-e-type=\"widget\" data-widget_type=\"heading.default\">\n\t\t\t\t<div class=\"elementor-widget-container\">\n\t\t\t\t\t<h2 class=\"elementor-heading-title elementor-size-default\">Spitzensport oder Klarinette? Beides!<\/h2>\t\t\t\t<\/div>\n\t\t\t\t<\/div>\n\t\t\t\t\t<\/div>\n\t\t<\/div>\n\t\t\t\t\t<\/div>\n\t\t<\/section>\n\t\t\t\t<section class=\"elementor-section elementor-top-section elementor-element elementor-element-c846dab elementor-section-boxed elementor-section-height-default elementor-section-height-default\" data-id=\"c846dab\" data-element_type=\"section\" data-e-type=\"section\">\n\t\t\t\t\t\t<div class=\"elementor-container elementor-column-gap-default\">\n\t\t\t\t\t<div class=\"elementor-column elementor-col-100 elementor-top-column elementor-element elementor-element-b14ca4b\" data-id=\"b14ca4b\" data-element_type=\"column\" data-e-type=\"column\">\n\t\t\t<div class=\"elementor-widget-wrap elementor-element-populated\">\n\t\t\t\t\t\t<div class=\"elementor-element elementor-element-e800f3d elementor-widget elementor-widget-text-editor\" data-id=\"e800f3d\" data-element_type=\"widget\" data-e-type=\"widget\" data-widget_type=\"text-editor.default\">\n\t\t\t\t<div class=\"elementor-widget-container\">\n\t\t\t\t\t\t\t\t\t<p>Die Noten wurden f\u00fcr Klavier, Bass, E-Gitarre, Schlagzeug und Klarinette arrangiert. Maik Wagner und die Montagsband legten erneut los. Anfang Dezember spielten sie der Erzieherin zum Geburtstag den Udo-J\u00fcrgens-Gassenhauer vor. \u201cDanach stellte sich die Frage: Wollen wir weitermachen?\u201d Die Antwort war ein eindeutiges Ja. \u201cSeitdem l\u00e4uft das.\u201d Maik Wagner gab die ersten Anst\u00f6\u00dfe zur Musikauswahl; l\u00e4ngst \u00e4u\u00dfern die Sch\u00fcler eigene W\u00fcnsche. \u201cGestern waren wir nur Klavier, Saxophon oder Klarinette, zwei Mal Gesang und ich an der Gitarre. Aber wir haben trotzdem gearbeitet. So ist das alles aus Sch\u00fclerinitiative entstanden.\u201d<\/p><p><br><\/p>\n<p>Die Bandmitglieder und der Sound motivieren im Idealfall die n\u00e4chsten, selbst mitzumachen. Insbesondere jener Eishockey spielende Sch\u00fcler, der \u201cv\u00f6llig selbstverst\u00e4ndlich\u201d seine Klarinette mit sich herumtr\u00e4gt und spielt, sei ein gro\u00dfes Vorbild f\u00fcr die anderen. Er trage viel dazu bei, dass die Mitsch\u00fclerinnen und Mitsch\u00fcler sich ebenfalls ausprobieren. Zwischenzeitlich gab es, nach der Montagsband, sogar eine Dienstagsband, die \u201cimmerhin f\u00fcr knapp 30 Minuten\u201d einmal in der Woche in der 9. Stunde zusammenkam.<\/p><p><br><\/p>\t\t\t\t\t\t\t\t<\/div>\n\t\t\t\t<\/div>\n\t\t\t\t\t<\/div>\n\t\t<\/div>\n\t\t\t\t\t<\/div>\n\t\t<\/section>\n\t\t\t\t<section class=\"elementor-section elementor-top-section elementor-element elementor-element-530fa5d elementor-section-boxed elementor-section-height-default elementor-section-height-default\" data-id=\"530fa5d\" data-element_type=\"section\" data-e-type=\"section\">\n\t\t\t\t\t\t<div class=\"elementor-container elementor-column-gap-default\">\n\t\t\t\t\t<div class=\"elementor-column elementor-col-100 elementor-top-column elementor-element elementor-element-5c0b4e5\" data-id=\"5c0b4e5\" data-element_type=\"column\" data-e-type=\"column\">\n\t\t\t<div class=\"elementor-widget-wrap elementor-element-populated\">\n\t\t\t\t\t\t<div class=\"elementor-element elementor-element-c1cebb4 elementor-widget elementor-widget-image\" data-id=\"c1cebb4\" data-element_type=\"widget\" data-e-type=\"widget\" data-widget_type=\"image.default\">\n\t\t\t\t<div class=\"elementor-widget-container\">\n\t\t\t\t\t\t\t\t\t\t\t\t\t\t\t<img fetchpriority=\"high\" decoding=\"async\" width=\"1024\" height=\"341\" src=\"https:\/\/lehrer-werden-in-sachsen.de\/stage\/wp-content\/uploads\/2024\/11\/SMK-Lehrer_in_Sachsen-Weihnachtsauffuehrung_Sportgymnasium_Dresden-1024x341.jpg\" class=\"attachment-large size-large wp-image-18983\" alt=\"Sch\u00fcler und Musiklehrer Maik Wagner stehen bei einer Weihnachtsfeier im Sportgymnasium Dresden gemeinsam auf der B\u00fchne.\" srcset=\"https:\/\/lehrer-werden-in-sachsen.de\/stage\/wp-content\/uploads\/2024\/11\/SMK-Lehrer_in_Sachsen-Weihnachtsauffuehrung_Sportgymnasium_Dresden-1024x341.jpg 1024w, https:\/\/lehrer-werden-in-sachsen.de\/stage\/wp-content\/uploads\/2024\/11\/SMK-Lehrer_in_Sachsen-Weihnachtsauffuehrung_Sportgymnasium_Dresden-300x100.jpg 300w, https:\/\/lehrer-werden-in-sachsen.de\/stage\/wp-content\/uploads\/2024\/11\/SMK-Lehrer_in_Sachsen-Weihnachtsauffuehrung_Sportgymnasium_Dresden-768x256.jpg 768w, https:\/\/lehrer-werden-in-sachsen.de\/stage\/wp-content\/uploads\/2024\/11\/SMK-Lehrer_in_Sachsen-Weihnachtsauffuehrung_Sportgymnasium_Dresden.jpg 1200w\" sizes=\"(max-width: 1024px) 100vw, 1024px\" \/>\t\t\t\t\t\t\t\t\t\t\t\t\t\t\t<\/div>\n\t\t\t\t<\/div>\n\t\t\t\t\t<\/div>\n\t\t<\/div>\n\t\t\t\t\t<\/div>\n\t\t<\/section>\n\t\t\t\t<section class=\"elementor-section elementor-top-section elementor-element elementor-element-3f54f92 elementor-section-boxed elementor-section-height-default elementor-section-height-default\" data-id=\"3f54f92\" data-element_type=\"section\" data-e-type=\"section\">\n\t\t\t\t\t\t<div class=\"elementor-container elementor-column-gap-default\">\n\t\t\t\t\t<div class=\"elementor-column elementor-col-100 elementor-top-column elementor-element elementor-element-51a42a9\" data-id=\"51a42a9\" data-element_type=\"column\" data-e-type=\"column\">\n\t\t\t<div class=\"elementor-widget-wrap elementor-element-populated\">\n\t\t\t\t\t\t<div class=\"elementor-element elementor-element-c32266a elementor-widget elementor-widget-text-editor\" data-id=\"c32266a\" data-element_type=\"widget\" data-e-type=\"widget\" data-widget_type=\"text-editor.default\">\n\t\t\t\t<div class=\"elementor-widget-container\">\n\t\t\t\t\t\t\t\t\t<p><em>Weihnachtsauff\u00fchrung der Sch\u00fcler eines 12er-Kursus&#8216; am Sportgymnasium Dresden mit Musiklehrer Maik Wagner an der Gitarre (im Sitzen) Foto: Silvio Henker<\/em><\/p>\t\t\t\t\t\t\t\t<\/div>\n\t\t\t\t<\/div>\n\t\t\t\t\t<\/div>\n\t\t<\/div>\n\t\t\t\t\t<\/div>\n\t\t<\/section>\n\t\t\t\t<section class=\"elementor-section elementor-top-section elementor-element elementor-element-987d9d1 elementor-section-boxed elementor-section-height-default elementor-section-height-default\" data-id=\"987d9d1\" data-element_type=\"section\" data-e-type=\"section\">\n\t\t\t\t\t\t<div class=\"elementor-container elementor-column-gap-default\">\n\t\t\t\t\t<div class=\"elementor-column elementor-col-100 elementor-top-column elementor-element elementor-element-c4c8595\" data-id=\"c4c8595\" data-element_type=\"column\" data-e-type=\"column\">\n\t\t\t<div class=\"elementor-widget-wrap elementor-element-populated\">\n\t\t\t\t\t\t<div class=\"elementor-element elementor-element-536c7da elementor-widget elementor-widget-heading\" data-id=\"536c7da\" data-element_type=\"widget\" data-e-type=\"widget\" data-widget_type=\"heading.default\">\n\t\t\t\t<div class=\"elementor-widget-container\">\n\t\t\t\t\t<h2 class=\"elementor-heading-title elementor-size-default\">Wie kann man blo\u00df so viel aus einer Gitarre  herausholen?<\/h2>\t\t\t\t<\/div>\n\t\t\t\t<\/div>\n\t\t\t\t\t<\/div>\n\t\t<\/div>\n\t\t\t\t\t<\/div>\n\t\t<\/section>\n\t\t\t\t<section class=\"elementor-section elementor-top-section elementor-element elementor-element-94e43ea elementor-section-boxed elementor-section-height-default elementor-section-height-default\" data-id=\"94e43ea\" data-element_type=\"section\" data-e-type=\"section\">\n\t\t\t\t\t\t<div class=\"elementor-container elementor-column-gap-default\">\n\t\t\t\t\t<div class=\"elementor-column elementor-col-100 elementor-top-column elementor-element elementor-element-7474bb3\" data-id=\"7474bb3\" data-element_type=\"column\" data-e-type=\"column\">\n\t\t\t<div class=\"elementor-widget-wrap elementor-element-populated\">\n\t\t\t\t\t\t<div class=\"elementor-element elementor-element-1e0bc50 elementor-widget elementor-widget-text-editor\" data-id=\"1e0bc50\" data-element_type=\"widget\" data-e-type=\"widget\" data-widget_type=\"text-editor.default\">\n\t\t\t\t<div class=\"elementor-widget-container\">\n\t\t\t\t\t\t\t\t\t<p>Das Gesetz der Anziehung wirkte einst bei Maik Wagner selbst. Obwohl er in seiner Schulzeit Musikunterricht hatte, war er \u201ckein klassisches Musikschulkind\u201d.\u00a0 Mit der eigenen Musikleidenschaft ging es mit 17 Jahren in Wagners Berufsschulzeit w\u00e4hrend seiner Ausbildung zum Landmaschinen-Traktorenschlosser und mit \u201cden ersten beiden Zuf\u00e4llen\u201d los. Der FDJ-Sekret\u00e4r der Berufsschule, der in Leipzig selbst Musik machte, und die Band \u201cDie Findlinge\u201d beeindruckten ihn. Ein anderer Lehrer spielte im Gitarrentrio \u201cZartbitter\u201d. \u201cSie haben tolle Sachen von Edith Piaf gesungen und so mit den drei Gitarren musiziert, dass ich mich gefragt habe: Wie kann man da blo\u00df so viel herausholen?\u201d<\/p>\n<p>\u00a0<\/p>\n<p>Die \u201cZartbitter-Freitagsb\u00fchne\u201d in einem Jugendklub, das \u201cDuo Sonnenschirm\u201d mit J\u00fcrgen B. Wolf aus Leipzig und das Tanz- und Folkfest in Rudolstadt pr\u00e4gten Maik Wagner ebenfalls. \u201cIch hatte Kontakt zu Leuten, die so einen kleinen Gitarrenkurs machten und mir was zeigen konnten. Da kam bei mir der Wunsch auf, selbst Musik zu machen.\u201d Das gelang. \u201cIch habe schon nur mit laienhafter Ahnung in den verschiedensten Bands Musik und Stra\u00dfenmusik gemacht, bin zu T\u00f6pferm\u00e4rkten und so was gefahren und habe dort gespielt.\u201d<\/p>\n<p>\u00a0<\/p>\t\t\t\t\t\t\t\t<\/div>\n\t\t\t\t<\/div>\n\t\t\t\t\t<\/div>\n\t\t<\/div>\n\t\t\t\t\t<\/div>\n\t\t<\/section>\n\t\t\t\t<section class=\"elementor-section elementor-top-section elementor-element elementor-element-3438bd7 elementor-section-boxed elementor-section-height-default elementor-section-height-default\" data-id=\"3438bd7\" data-element_type=\"section\" data-e-type=\"section\">\n\t\t\t\t\t\t<div class=\"elementor-container elementor-column-gap-default\">\n\t\t\t\t\t<div class=\"elementor-column elementor-col-100 elementor-top-column elementor-element elementor-element-65016fb\" data-id=\"65016fb\" data-element_type=\"column\" data-e-type=\"column\">\n\t\t\t<div class=\"elementor-widget-wrap elementor-element-populated\">\n\t\t\t\t\t\t<div class=\"elementor-element elementor-element-4f24c52 elementor-widget elementor-widget-heading\" data-id=\"4f24c52\" data-element_type=\"widget\" data-e-type=\"widget\" data-widget_type=\"heading.default\">\n\t\t\t\t<div class=\"elementor-widget-container\">\n\t\t\t\t\t<h2 class=\"elementor-heading-title elementor-size-default\">Vom Sozialarbeiter zum Musikp\u00e4dagogen<\/h2>\t\t\t\t<\/div>\n\t\t\t\t<\/div>\n\t\t\t\t\t<\/div>\n\t\t<\/div>\n\t\t\t\t\t<\/div>\n\t\t<\/section>\n\t\t\t\t<section class=\"elementor-section elementor-top-section elementor-element elementor-element-8494dd8 elementor-section-boxed elementor-section-height-default elementor-section-height-default\" data-id=\"8494dd8\" data-element_type=\"section\" data-e-type=\"section\">\n\t\t\t\t\t\t<div class=\"elementor-container elementor-column-gap-default\">\n\t\t\t\t\t<div class=\"elementor-column elementor-col-100 elementor-top-column elementor-element elementor-element-75681dd\" data-id=\"75681dd\" data-element_type=\"column\" data-e-type=\"column\">\n\t\t\t<div class=\"elementor-widget-wrap elementor-element-populated\">\n\t\t\t\t\t\t<div class=\"elementor-element elementor-element-5c0dd9c elementor-widget elementor-widget-text-editor\" data-id=\"5c0dd9c\" data-element_type=\"widget\" data-e-type=\"widget\" data-widget_type=\"text-editor.default\">\n\t\t\t\t<div class=\"elementor-widget-container\">\n\t\t\t\t\t\t\t\t\t<p>Mitten in der Wende studierte er an der Fachschule f\u00fcr Sozialp\u00e4dagogik Hohenprie\u00dfnitz. Seine Anstellung als Sozialarbeiter und Jugendhausleiter lie\u00df er schlie\u00dflich aber ebenfalls hinter sich. Es folgte ein weiterer gl\u00fccklicher Zufall. Ein Freund machte ihn auf M\u00f6glichkeit aufmerksam, sich im Heinrich-Sch\u00fctz-Konservatorium in Dresden zum Musikp\u00e4dagogen im Nebenberuf ausbilden zu lassen. <span style=\"font-family: inherit; font-size: inherit; font-style: inherit; font-variant-ligatures: inherit; font-variant-caps: inherit; font-weight: inherit; color: var( --e-global-color-text );\">Weil Wagner \u201cein bisschen Mandoline\u201d spielte, wurde er damit sofort im Hauptfach und mit Gitarre im Nebenfach zugelassen. Nach dem Abschluss gab es allerdings einen Wertmutstropfen: \u201cMan hatte nur eine Lehrbef\u00e4higung bis zur U1.\u201d\u00a0<\/span><\/p>\n<p><span style=\"font-family: inherit; font-size: inherit; font-style: inherit; font-variant-ligatures: inherit; font-variant-caps: inherit; font-weight: inherit; color: var( --e-global-color-text );\">\u00a0<\/span><\/p>\t\t\t\t\t\t\t\t<\/div>\n\t\t\t\t<\/div>\n\t\t\t\t\t<\/div>\n\t\t<\/div>\n\t\t\t\t\t<\/div>\n\t\t<\/section>\n\t\t\t\t<section class=\"elementor-section elementor-top-section elementor-element elementor-element-a8a10df elementor-section-boxed elementor-section-height-default elementor-section-height-default\" data-id=\"a8a10df\" data-element_type=\"section\" data-e-type=\"section\">\n\t\t\t\t\t\t<div class=\"elementor-container elementor-column-gap-default\">\n\t\t\t\t\t<div class=\"elementor-column elementor-col-100 elementor-top-column elementor-element elementor-element-74b9664\" data-id=\"74b9664\" data-element_type=\"column\" data-e-type=\"column\">\n\t\t\t<div class=\"elementor-widget-wrap elementor-element-populated\">\n\t\t\t\t\t\t<div class=\"elementor-element elementor-element-84a9fe6 elementor-widget elementor-widget-heading\" data-id=\"84a9fe6\" data-element_type=\"widget\" data-e-type=\"widget\" data-widget_type=\"heading.default\">\n\t\t\t\t<div class=\"elementor-widget-container\">\n\t\t\t\t\t<h2 class=\"elementor-heading-title elementor-size-default\">\u201cIch habe im Studium alles aufgesogen\u201d<\/h2>\t\t\t\t<\/div>\n\t\t\t\t<\/div>\n\t\t\t\t\t<\/div>\n\t\t<\/div>\n\t\t\t\t\t<\/div>\n\t\t<\/section>\n\t\t\t\t<section class=\"elementor-section elementor-top-section elementor-element elementor-element-f54ddd9 elementor-section-boxed elementor-section-height-default elementor-section-height-default\" data-id=\"f54ddd9\" data-element_type=\"section\" data-e-type=\"section\">\n\t\t\t\t\t\t<div class=\"elementor-container elementor-column-gap-default\">\n\t\t\t\t\t<div class=\"elementor-column elementor-col-100 elementor-top-column elementor-element elementor-element-85afb81\" data-id=\"85afb81\" data-element_type=\"column\" data-e-type=\"column\">\n\t\t\t<div class=\"elementor-widget-wrap elementor-element-populated\">\n\t\t\t\t\t\t<div class=\"elementor-element elementor-element-b2858cb elementor-widget elementor-widget-text-editor\" data-id=\"b2858cb\" data-element_type=\"widget\" data-e-type=\"widget\" data-widget_type=\"text-editor.default\">\n\t\t\t\t<div class=\"elementor-widget-container\">\n\t\t\t\t\t\t\t\t\t<p>Maik Wagner beschloss, \u201cdas Ganze auf bessere, zukunftssichere F\u00fc\u00dfe\u201d zu stellen. \u201cSicher war es wieder Zufall, dass mir jemand steckte, dass ich in Cottbus auch in meinem Alter, mit \u00fcber 30, noch studieren konnte.\u201d Das Musikp\u00e4dagogikstudium in den Hauptf\u00e4chern klassische Gitarre, musikalische Fr\u00fcherziehung und Mandoline im Nebenfach an der BBU Cottbus-Senftenberg war auf Vollzeit angelegt. Schwierig f\u00fcr jemanden, der Haus und Familie \u2013 ohne BaF\u00f6G \u2013 weiterfinanzieren musste. Doch Kolleginnen und Kollegen aus der Musikschule, an der er inzwischen unterrichtete, best\u00e4rkten Wagner. Er t\u00fcftelte sich einen strapazi\u00f6sen Wochenplan aus: vormittags Pendeln und Studium in Cottbus, nachmittags die Arbeit als freiberuflicher Gitarrenlehrer an Musikschulen. \u201cIch habe mir viele, viele Semesterpl\u00e4ne im Vorfeld angeschaut.\u201d<\/p><p><br><\/p>\n<p><\/p>\n<p>Ein Kollege coachte Wagner f\u00fcr die Aufnahmepr\u00fcfung. \u201cIch habe mir gesagt, mir rennt nichts weg, wenn ich mich wirklich gut vorbereite und mir anderthalb Jahre Zeit nehme.\u201d Der Erfolg gab ihm Recht. \u201cZu meinem eigenen Erstaunen bin ich allen Ernstes angenommen worden und habe mit 36 mein Hochschulstudium begonnen.\u201d Er genoss es trotz des anstrengenden Timings: \u201cMan studiert in dem Alter mit einem ganz anderen Bewusstsein. Ich war immer dankbar, dass ich das noch machen darf. Ich habe alles aufgesogen. F\u00fcr mich war das einfach nur sch\u00f6n und ganz, ganz viel Input.\u201d<\/p><p><br><\/p>\n<p><\/p>\t\t\t\t\t\t\t\t<\/div>\n\t\t\t\t<\/div>\n\t\t\t\t\t<\/div>\n\t\t<\/div>\n\t\t\t\t\t<\/div>\n\t\t<\/section>\n\t\t\t\t<section class=\"elementor-section elementor-top-section elementor-element elementor-element-76bb031 elementor-section-boxed elementor-section-height-default elementor-section-height-default\" data-id=\"76bb031\" data-element_type=\"section\" data-e-type=\"section\">\n\t\t\t\t\t\t<div class=\"elementor-container elementor-column-gap-default\">\n\t\t\t\t\t<div class=\"elementor-column elementor-col-100 elementor-top-column elementor-element elementor-element-9fc68c9\" data-id=\"9fc68c9\" data-element_type=\"column\" data-e-type=\"column\">\n\t\t\t<div class=\"elementor-widget-wrap elementor-element-populated\">\n\t\t\t\t\t\t<div class=\"elementor-element elementor-element-157d765 elementor-widget elementor-widget-image\" data-id=\"157d765\" data-element_type=\"widget\" data-e-type=\"widget\" data-widget_type=\"image.default\">\n\t\t\t\t<div class=\"elementor-widget-container\">\n\t\t\t\t\t\t\t\t\t\t\t\t\t\t\t<img decoding=\"async\" width=\"1024\" height=\"341\" src=\"https:\/\/lehrer-werden-in-sachsen.de\/stage\/wp-content\/uploads\/2024\/11\/SMK-Lehrer_in_Sachsen_Klasse_von_Maik_Wagner_Sportgymnasium_Dresden-1024x341.jpg\" class=\"attachment-large size-large wp-image-18982\" alt=\"Auf einem kleinen H\u00fcgel vor dem Sportgymnasium hat sich Maik Wagners erste Klasse, die er leitet, zum Gruppenbild vor dem Sportgymnasium Dresden zusammengefunden.\" srcset=\"https:\/\/lehrer-werden-in-sachsen.de\/stage\/wp-content\/uploads\/2024\/11\/SMK-Lehrer_in_Sachsen_Klasse_von_Maik_Wagner_Sportgymnasium_Dresden-1024x341.jpg 1024w, https:\/\/lehrer-werden-in-sachsen.de\/stage\/wp-content\/uploads\/2024\/11\/SMK-Lehrer_in_Sachsen_Klasse_von_Maik_Wagner_Sportgymnasium_Dresden-300x100.jpg 300w, https:\/\/lehrer-werden-in-sachsen.de\/stage\/wp-content\/uploads\/2024\/11\/SMK-Lehrer_in_Sachsen_Klasse_von_Maik_Wagner_Sportgymnasium_Dresden-768x256.jpg 768w, https:\/\/lehrer-werden-in-sachsen.de\/stage\/wp-content\/uploads\/2024\/11\/SMK-Lehrer_in_Sachsen_Klasse_von_Maik_Wagner_Sportgymnasium_Dresden.jpg 1200w\" sizes=\"(max-width: 1024px) 100vw, 1024px\" \/>\t\t\t\t\t\t\t\t\t\t\t\t\t\t\t<\/div>\n\t\t\t\t<\/div>\n\t\t\t\t\t<\/div>\n\t\t<\/div>\n\t\t\t\t\t<\/div>\n\t\t<\/section>\n\t\t\t\t<section class=\"elementor-section elementor-top-section elementor-element elementor-element-87770ac elementor-section-boxed elementor-section-height-default elementor-section-height-default\" data-id=\"87770ac\" data-element_type=\"section\" data-e-type=\"section\">\n\t\t\t\t\t\t<div class=\"elementor-container elementor-column-gap-default\">\n\t\t\t\t\t<div class=\"elementor-column elementor-col-100 elementor-top-column elementor-element elementor-element-ae7387d\" data-id=\"ae7387d\" data-element_type=\"column\" data-e-type=\"column\">\n\t\t\t<div class=\"elementor-widget-wrap elementor-element-populated\">\n\t\t\t\t\t\t<div class=\"elementor-element elementor-element-faaf093 elementor-widget elementor-widget-text-editor\" data-id=\"faaf093\" data-element_type=\"widget\" data-e-type=\"widget\" data-widget_type=\"text-editor.default\">\n\t\t\t\t<div class=\"elementor-widget-container\">\n\t\t\t\t\t\t\t\t\t<p><em>Maik Wagner (hinten rechts) bereitete sich als Stellvertreter in den Klassen 6-1 bis 6-3 im Schuljahr 2023\/24 auf die \u00dcbernahme eigenen ersten Klasse im folgenden Schuljahr vor. Foto: Sven Leibiger<\/em><\/p>\t\t\t\t\t\t\t\t<\/div>\n\t\t\t\t<\/div>\n\t\t\t\t\t<\/div>\n\t\t<\/div>\n\t\t\t\t\t<\/div>\n\t\t<\/section>\n\t\t\t\t<section class=\"elementor-section elementor-top-section elementor-element elementor-element-bb20cd3 elementor-section-boxed elementor-section-height-default elementor-section-height-default\" data-id=\"bb20cd3\" data-element_type=\"section\" data-e-type=\"section\">\n\t\t\t\t\t\t<div class=\"elementor-container elementor-column-gap-default\">\n\t\t\t\t\t<div class=\"elementor-column elementor-col-100 elementor-top-column elementor-element elementor-element-5066ae2\" data-id=\"5066ae2\" data-element_type=\"column\" data-e-type=\"column\">\n\t\t\t<div class=\"elementor-widget-wrap elementor-element-populated\">\n\t\t\t\t\t\t<div class=\"elementor-element elementor-element-5a85c34 elementor-widget elementor-widget-heading\" data-id=\"5a85c34\" data-element_type=\"widget\" data-e-type=\"widget\" data-widget_type=\"heading.default\">\n\t\t\t\t<div class=\"elementor-widget-container\">\n\t\t\t\t\t<h2 class=\"elementor-heading-title elementor-size-default\">Mit den Ressourcen pfleglich umgehen<\/h2>\t\t\t\t<\/div>\n\t\t\t\t<\/div>\n\t\t\t\t\t<\/div>\n\t\t<\/div>\n\t\t\t\t\t<\/div>\n\t\t<\/section>\n\t\t\t\t<section class=\"elementor-section elementor-top-section elementor-element elementor-element-488c5a4 elementor-section-boxed elementor-section-height-default elementor-section-height-default\" data-id=\"488c5a4\" data-element_type=\"section\" data-e-type=\"section\">\n\t\t\t\t\t\t<div class=\"elementor-container elementor-column-gap-default\">\n\t\t\t\t\t<div class=\"elementor-column elementor-col-100 elementor-top-column elementor-element elementor-element-ac4d9ba\" data-id=\"ac4d9ba\" data-element_type=\"column\" data-e-type=\"column\">\n\t\t\t<div class=\"elementor-widget-wrap elementor-element-populated\">\n\t\t\t\t\t\t<div class=\"elementor-element elementor-element-fd67c74 elementor-widget elementor-widget-text-editor\" data-id=\"fd67c74\" data-element_type=\"widget\" data-e-type=\"widget\" data-widget_type=\"text-editor.default\">\n\t\t\t\t<div class=\"elementor-widget-container\">\n\t\t\t\t\t\t\t\t\t<p>Maik Wagner setzt sich nun seit 2018 als Lehrer am Sportgymnasium Dresden stark f\u00fcr die Musik im Schulalltag ein. Die jahreszeitlichen H\u00f6hepunkte wie Schuljahresbeginn, Weihnachten oder Schulabschied\u00a0 sollen begleitet werden. \u201cDas geh\u00f6rt f\u00fcr mich einfach dazu.\u201d Dadurch kommen immer viele W\u00fcnsche, Anl\u00e4sse und Probentermine auf ihn zu. Umso wichtiger ist es ihm, mit den eigenen Ressourcen pfleglich umzugehen: \u201cIch mache das sehr, sehr gerne. Aber obwohl ich mich dazu berufen f\u00fchle, ist das meine Arbeit und nicht meine Freizeitbesch\u00e4ftigung.\u201d<\/p>\n<p>\u00a0<\/p>\t\t\t\t\t\t\t\t<\/div>\n\t\t\t\t<\/div>\n\t\t\t\t\t<\/div>\n\t\t<\/div>\n\t\t\t\t\t<\/div>\n\t\t<\/section>\n\t\t\t\t<section class=\"elementor-section elementor-top-section elementor-element elementor-element-4def060 elementor-section-boxed elementor-section-height-default elementor-section-height-default\" data-id=\"4def060\" data-element_type=\"section\" data-e-type=\"section\">\n\t\t\t\t\t\t<div class=\"elementor-container elementor-column-gap-default\">\n\t\t\t\t\t<div class=\"elementor-column elementor-col-100 elementor-top-column elementor-element elementor-element-4a87558\" data-id=\"4a87558\" data-element_type=\"column\" data-e-type=\"column\">\n\t\t\t<div class=\"elementor-widget-wrap elementor-element-populated\">\n\t\t\t\t\t\t<div class=\"elementor-element elementor-element-b1ca341 elementor-widget elementor-widget-image\" data-id=\"b1ca341\" data-element_type=\"widget\" data-e-type=\"widget\" data-widget_type=\"image.default\">\n\t\t\t\t<div class=\"elementor-widget-container\">\n\t\t\t\t\t\t\t\t\t\t\t\t\t\t\t<img decoding=\"async\" width=\"1200\" height=\"400\" src=\"https:\/\/lehrer-werden-in-sachsen.de\/stage\/wp-content\/uploads\/2025\/01\/SMK_Blog_Maik_Wagner_Klasse_5-1_Sportgymnasium_Dresden.jpg\" class=\"attachment-1536x1536 size-1536x1536 wp-image-19570\" alt=\"In 3 Reihen aufgestellt und auf St\u00fchlen vorn sitzend sind die Sch\u00fclerinnen und Sch\u00fcler der Klasse 5-1 von Klassenlehrer Maik Wagner mit ihm auf dem Klassenfoto vor einer Hecke zu sehen.\" srcset=\"https:\/\/lehrer-werden-in-sachsen.de\/stage\/wp-content\/uploads\/2025\/01\/SMK_Blog_Maik_Wagner_Klasse_5-1_Sportgymnasium_Dresden.jpg 1200w, https:\/\/lehrer-werden-in-sachsen.de\/stage\/wp-content\/uploads\/2025\/01\/SMK_Blog_Maik_Wagner_Klasse_5-1_Sportgymnasium_Dresden-300x100.jpg 300w, https:\/\/lehrer-werden-in-sachsen.de\/stage\/wp-content\/uploads\/2025\/01\/SMK_Blog_Maik_Wagner_Klasse_5-1_Sportgymnasium_Dresden-1024x341.jpg 1024w, https:\/\/lehrer-werden-in-sachsen.de\/stage\/wp-content\/uploads\/2025\/01\/SMK_Blog_Maik_Wagner_Klasse_5-1_Sportgymnasium_Dresden-768x256.jpg 768w\" sizes=\"(max-width: 1200px) 100vw, 1200px\" \/>\t\t\t\t\t\t\t\t\t\t\t\t\t\t\t<\/div>\n\t\t\t\t<\/div>\n\t\t\t\t\t<\/div>\n\t\t<\/div>\n\t\t\t\t\t<\/div>\n\t\t<\/section>\n\t\t\t\t<section class=\"elementor-section elementor-top-section elementor-element elementor-element-488a7c1 elementor-section-boxed elementor-section-height-default elementor-section-height-default\" data-id=\"488a7c1\" data-element_type=\"section\" data-e-type=\"section\">\n\t\t\t\t\t\t<div class=\"elementor-container elementor-column-gap-default\">\n\t\t\t\t\t<div class=\"elementor-column elementor-col-100 elementor-top-column elementor-element elementor-element-b7b1029\" data-id=\"b7b1029\" data-element_type=\"column\" data-e-type=\"column\">\n\t\t\t<div class=\"elementor-widget-wrap elementor-element-populated\">\n\t\t\t\t\t\t<div class=\"elementor-element elementor-element-7e52f3c elementor-widget elementor-widget-text-editor\" data-id=\"7e52f3c\" data-element_type=\"widget\" data-e-type=\"widget\" data-widget_type=\"text-editor.default\">\n\t\t\t\t<div class=\"elementor-widget-container\">\n\t\t\t\t\t\t\t\t\t<p><em>F\u00fcr alle Beteiligten ein erstes Mal: Die Sch\u00fclerinnen und Sch\u00fcler der Klasse 5-1 starteten zum Schuljahr 2024\/25 neu im Sportgymnasium Dresden, und Maik Wagner leitet zum ersten Mal eine eigene Klasse. Foto: Sven Leibiger<\/em><\/p>\t\t\t\t\t\t\t\t<\/div>\n\t\t\t\t<\/div>\n\t\t\t\t\t<\/div>\n\t\t<\/div>\n\t\t\t\t\t<\/div>\n\t\t<\/section>\n\t\t\t\t<section class=\"elementor-section elementor-top-section elementor-element elementor-element-c75a643 elementor-section-boxed elementor-section-height-default elementor-section-height-default\" data-id=\"c75a643\" data-element_type=\"section\" data-e-type=\"section\">\n\t\t\t\t\t\t<div class=\"elementor-container elementor-column-gap-default\">\n\t\t\t\t\t<div class=\"elementor-column elementor-col-100 elementor-top-column elementor-element elementor-element-4f61e14\" data-id=\"4f61e14\" data-element_type=\"column\" data-e-type=\"column\">\n\t\t\t<div class=\"elementor-widget-wrap elementor-element-populated\">\n\t\t\t\t\t\t<div class=\"elementor-element elementor-element-e7c02ce elementor-widget elementor-widget-heading\" data-id=\"e7c02ce\" data-element_type=\"widget\" data-e-type=\"widget\" data-widget_type=\"heading.default\">\n\t\t\t\t<div class=\"elementor-widget-container\">\n\t\t\t\t\t<h2 class=\"elementor-heading-title elementor-size-default\">Die Puzzleteilchen des Erwachsenwerdens<\/h2>\t\t\t\t<\/div>\n\t\t\t\t<\/div>\n\t\t\t\t\t<\/div>\n\t\t<\/div>\n\t\t\t\t\t<\/div>\n\t\t<\/section>\n\t\t\t\t<section class=\"elementor-section elementor-top-section elementor-element elementor-element-d6b7ed1 elementor-section-boxed elementor-section-height-default elementor-section-height-default\" data-id=\"d6b7ed1\" data-element_type=\"section\" data-e-type=\"section\">\n\t\t\t\t\t\t<div class=\"elementor-container elementor-column-gap-default\">\n\t\t\t\t\t<div class=\"elementor-column elementor-col-100 elementor-top-column elementor-element elementor-element-a79de28\" data-id=\"a79de28\" data-element_type=\"column\" data-e-type=\"column\">\n\t\t\t<div class=\"elementor-widget-wrap elementor-element-populated\">\n\t\t\t\t\t\t<div class=\"elementor-element elementor-element-c42cc39 elementor-widget elementor-widget-text-editor\" data-id=\"c42cc39\" data-element_type=\"widget\" data-e-type=\"widget\" data-widget_type=\"text-editor.default\">\n\t\t\t\t<div class=\"elementor-widget-container\">\n\t\t\t\t\t\t\t\t\t<p>Die sp\u00e4te Liebe zum Lehrer-Sein an einer staatlichen und \u00fcberdies spezialisierten Schule tr\u00e4gt, allen Anforderungen und Belastungen zum Trotz. Im Sportgymnasium sieht Wagner, gerade wegen des komplett anderen Fokus\u2019, welche Wirkung die Musik auf die Sch\u00fclerinnen und Sch\u00fcler hat. \u201cSie sollen merken, dass sie nicht nur im Sport begabt sind. Wenn sie gut sind, haben sie oft noch andere Talente. Nat\u00fcrlich braucht man auch eine kleine Begabung, aber am Ende ist es ein Prozess. Das ist die wesentliche Sache bei Musik.\u201d<\/p><p>Was ist das Sch\u00f6nste f\u00fcr Maik Wagner in seinem Beruf? Nach sieben Jahren als <a href=\"https:\/\/lehrer-werden-in-sachsen.de\\\\\/blog\/\" title=\"Lehrer In Sachsen - Blog\" target=\"_blank\" rel=\"noopener\">Lehrer In Sachsen<\/a>? \u201cWenn ich abends zu meiner Frau sagen kann: Es war heute wieder toll, vor der Klasse zu stehen und das und das mit den Sch\u00fclerinnen und Sch\u00fclern zu machen. Da ist etwas h\u00e4ngengeblieben, angekommen, sie haben das verstanden. Es ist einfach spannend zu sehen, wie sich Denkmuster bei den Sch\u00fclerinnen und Sch\u00fclern \u00e4ndern, wie sie erwachsen werden. Und ich wei\u00df: Ich habe vielleicht ein kleines Puzzleteil mit dazugelegt.\u201d<\/p>\t\t\t\t\t\t\t\t<\/div>\n\t\t\t\t<\/div>\n\t\t\t\t\t<\/div>\n\t\t<\/div>\n\t\t\t\t\t<\/div>\n\t\t<\/section>\n\t\t\t\t<section class=\"elementor-section elementor-top-section elementor-element elementor-element-dc4255d elementor-section-boxed elementor-section-height-default elementor-section-height-default\" data-id=\"dc4255d\" data-element_type=\"section\" data-e-type=\"section\">\n\t\t\t\t\t\t<div class=\"elementor-container elementor-column-gap-default\">\n\t\t\t\t\t<div class=\"elementor-column elementor-col-100 elementor-top-column elementor-element elementor-element-43cb8b9\" data-id=\"43cb8b9\" data-element_type=\"column\" data-e-type=\"column\">\n\t\t\t<div class=\"elementor-widget-wrap elementor-element-populated\">\n\t\t\t\t\t\t<div class=\"elementor-element elementor-element-8e6b5a7 elementor-widget elementor-widget-heading\" data-id=\"8e6b5a7\" data-element_type=\"widget\" data-e-type=\"widget\" data-widget_type=\"heading.default\">\n\t\t\t\t<div class=\"elementor-widget-container\">\n\t\t\t\t\t<h2 class=\"elementor-heading-title elementor-size-default\">Maik Wagners Tipps f\u00fcr angehende Lehrkr\u00e4fte:<\/h2>\t\t\t\t<\/div>\n\t\t\t\t<\/div>\n\t\t\t\t\t<\/div>\n\t\t<\/div>\n\t\t\t\t\t<\/div>\n\t\t<\/section>\n\t\t\t\t<section class=\"elementor-section elementor-top-section elementor-element elementor-element-67456a3 elementor-section-boxed elementor-section-height-default elementor-section-height-default\" data-id=\"67456a3\" data-element_type=\"section\" data-e-type=\"section\">\n\t\t\t\t\t\t<div class=\"elementor-container elementor-column-gap-default\">\n\t\t\t\t\t<div class=\"elementor-column elementor-col-100 elementor-top-column elementor-element elementor-element-6159df1\" data-id=\"6159df1\" data-element_type=\"column\" data-e-type=\"column\">\n\t\t\t<div class=\"elementor-widget-wrap elementor-element-populated\">\n\t\t\t\t\t\t<div class=\"elementor-element elementor-element-df4d59d elementor-widget elementor-widget-heading\" data-id=\"df4d59d\" data-element_type=\"widget\" data-e-type=\"widget\" data-widget_type=\"heading.default\">\n\t\t\t\t<div class=\"elementor-widget-container\">\n\t\t\t\t\t<h3 class=\"elementor-heading-title elementor-size-default\">Achtet auf eure Ressourcen!<\/h3>\t\t\t\t<\/div>\n\t\t\t\t<\/div>\n\t\t\t\t\t<\/div>\n\t\t<\/div>\n\t\t\t\t\t<\/div>\n\t\t<\/section>\n\t\t\t\t<section class=\"elementor-section elementor-top-section elementor-element elementor-element-05fdc51 elementor-section-boxed elementor-section-height-default elementor-section-height-default\" data-id=\"05fdc51\" data-element_type=\"section\" data-e-type=\"section\">\n\t\t\t\t\t\t<div class=\"elementor-container elementor-column-gap-default\">\n\t\t\t\t\t<div class=\"elementor-column elementor-col-100 elementor-top-column elementor-element elementor-element-dd29280\" data-id=\"dd29280\" data-element_type=\"column\" data-e-type=\"column\">\n\t\t\t<div class=\"elementor-widget-wrap elementor-element-populated\">\n\t\t\t\t\t\t<div class=\"elementor-element elementor-element-037baff elementor-widget elementor-widget-text-editor\" data-id=\"037baff\" data-element_type=\"widget\" data-e-type=\"widget\" data-widget_type=\"text-editor.default\">\n\t\t\t\t<div class=\"elementor-widget-container\">\n\t\t\t\t\t\t\t\t\t<p>Untersch\u00e4tzt nicht, was das Lehrer-Sein zeitlich bedeutet. Es ist keine 40-Stunden-Woche, wenn man es gut und engagiert macht. Schaut genau hin, was ihr wirklich leisten k\u00f6nnt. K\u00f6nnt ihr zum Beispiel den Aufwand von Zusatzaufgaben wirklich richtig einsch\u00e4tzen? Fangt mit wenig an. Mehr geht immer noch.<\/p>\n<p>\u00a0<\/p>\t\t\t\t\t\t\t\t<\/div>\n\t\t\t\t<\/div>\n\t\t\t\t\t<\/div>\n\t\t<\/div>\n\t\t\t\t\t<\/div>\n\t\t<\/section>\n\t\t\t\t<section class=\"elementor-section elementor-top-section elementor-element elementor-element-566acec elementor-section-boxed elementor-section-height-default elementor-section-height-default\" data-id=\"566acec\" data-element_type=\"section\" data-e-type=\"section\">\n\t\t\t\t\t\t<div class=\"elementor-container elementor-column-gap-default\">\n\t\t\t\t\t<div class=\"elementor-column elementor-col-100 elementor-top-column elementor-element elementor-element-5fa090c\" data-id=\"5fa090c\" data-element_type=\"column\" data-e-type=\"column\">\n\t\t\t<div class=\"elementor-widget-wrap elementor-element-populated\">\n\t\t\t\t\t\t<div class=\"elementor-element elementor-element-ec18ffa elementor-widget elementor-widget-heading\" data-id=\"ec18ffa\" data-element_type=\"widget\" data-e-type=\"widget\" data-widget_type=\"heading.default\">\n\t\t\t\t<div class=\"elementor-widget-container\">\n\t\t\t\t\t<h3 class=\"elementor-heading-title elementor-size-default\">Bereitet euch gut vor!<\/h3>\t\t\t\t<\/div>\n\t\t\t\t<\/div>\n\t\t\t\t\t<\/div>\n\t\t<\/div>\n\t\t\t\t\t<\/div>\n\t\t<\/section>\n\t\t\t\t<section class=\"elementor-section elementor-top-section elementor-element elementor-element-defd703 elementor-section-boxed elementor-section-height-default elementor-section-height-default\" data-id=\"defd703\" data-element_type=\"section\" data-e-type=\"section\">\n\t\t\t\t\t\t<div class=\"elementor-container elementor-column-gap-default\">\n\t\t\t\t\t<div class=\"elementor-column elementor-col-100 elementor-top-column elementor-element elementor-element-b33ed70\" data-id=\"b33ed70\" data-element_type=\"column\" data-e-type=\"column\">\n\t\t\t<div class=\"elementor-widget-wrap elementor-element-populated\">\n\t\t\t\t\t\t<div class=\"elementor-element elementor-element-9031894 elementor-widget elementor-widget-text-editor\" data-id=\"9031894\" data-element_type=\"widget\" data-e-type=\"widget\" data-widget_type=\"text-editor.default\">\n\t\t\t\t<div class=\"elementor-widget-container\">\n\t\t\t\t\t\t\t\t\t<p>Wenn man vor 21, 24 oder 28 jungen Menschen steht, muss man sehr gut vorbereitet sein. Die Sch\u00fclerinnen und Sch\u00fcler merken das sonst sofort und dann wird es problematisch.<\/p>\n<p>\u00a0<\/p>\t\t\t\t\t\t\t\t<\/div>\n\t\t\t\t<\/div>\n\t\t\t\t\t<\/div>\n\t\t<\/div>\n\t\t\t\t\t<\/div>\n\t\t<\/section>\n\t\t\t\t<section class=\"elementor-section elementor-top-section elementor-element elementor-element-3536c2f elementor-section-boxed elementor-section-height-default elementor-section-height-default\" data-id=\"3536c2f\" data-element_type=\"section\" data-e-type=\"section\">\n\t\t\t\t\t\t<div class=\"elementor-container elementor-column-gap-default\">\n\t\t\t\t\t<div class=\"elementor-column elementor-col-100 elementor-top-column elementor-element elementor-element-bf88fce\" data-id=\"bf88fce\" data-element_type=\"column\" data-e-type=\"column\">\n\t\t\t<div class=\"elementor-widget-wrap elementor-element-populated\">\n\t\t\t\t\t\t<div class=\"elementor-element elementor-element-1153297 elementor-widget elementor-widget-heading\" data-id=\"1153297\" data-element_type=\"widget\" data-e-type=\"widget\" data-widget_type=\"heading.default\">\n\t\t\t\t<div class=\"elementor-widget-container\">\n\t\t\t\t\t<h3 class=\"elementor-heading-title elementor-size-default\">Seid ehrlich \u2026<\/h3>\t\t\t\t<\/div>\n\t\t\t\t<\/div>\n\t\t\t\t\t<\/div>\n\t\t<\/div>\n\t\t\t\t\t<\/div>\n\t\t<\/section>\n\t\t\t\t<section class=\"elementor-section elementor-top-section elementor-element elementor-element-9f38753 elementor-section-boxed elementor-section-height-default elementor-section-height-default\" data-id=\"9f38753\" data-element_type=\"section\" data-e-type=\"section\">\n\t\t\t\t\t\t<div class=\"elementor-container elementor-column-gap-default\">\n\t\t\t\t\t<div class=\"elementor-column elementor-col-100 elementor-top-column elementor-element elementor-element-4e509f8\" data-id=\"4e509f8\" data-element_type=\"column\" data-e-type=\"column\">\n\t\t\t<div class=\"elementor-widget-wrap elementor-element-populated\">\n\t\t\t\t\t\t<div class=\"elementor-element elementor-element-8ec5d41 elementor-widget elementor-widget-text-editor\" data-id=\"8ec5d41\" data-element_type=\"widget\" data-e-type=\"widget\" data-widget_type=\"text-editor.default\">\n\t\t\t\t<div class=\"elementor-widget-container\">\n\t\t\t\t\t\t\t\t\t<p>\u2026 zu euch selbst und zu den anderen. Sucht das Gespr\u00e4ch, kl\u00e4rt Konflikte und redet nicht hinter dem R\u00fccken anderer.<\/p>\n<p>\u00a0<\/p>\t\t\t\t\t\t\t\t<\/div>\n\t\t\t\t<\/div>\n\t\t\t\t\t<\/div>\n\t\t<\/div>\n\t\t\t\t\t<\/div>\n\t\t<\/section>\n\t\t\t\t<section class=\"elementor-section elementor-top-section elementor-element elementor-element-07a90d4 elementor-section-boxed elementor-section-height-default elementor-section-height-default\" data-id=\"07a90d4\" data-element_type=\"section\" data-e-type=\"section\">\n\t\t\t\t\t\t<div class=\"elementor-container elementor-column-gap-default\">\n\t\t\t\t\t<div class=\"elementor-column elementor-col-100 elementor-top-column elementor-element elementor-element-646360e\" data-id=\"646360e\" data-element_type=\"column\" data-e-type=\"column\">\n\t\t\t<div class=\"elementor-widget-wrap elementor-element-populated\">\n\t\t\t\t\t\t<div class=\"elementor-element elementor-element-e381e32 elementor-widget elementor-widget-heading\" data-id=\"e381e32\" data-element_type=\"widget\" data-e-type=\"widget\" data-widget_type=\"heading.default\">\n\t\t\t\t<div class=\"elementor-widget-container\">\n\t\t\t\t\t<h3 class=\"elementor-heading-title elementor-size-default\">Seid euch eurer Werte bewusst!<\/h3>\t\t\t\t<\/div>\n\t\t\t\t<\/div>\n\t\t\t\t\t<\/div>\n\t\t<\/div>\n\t\t\t\t\t<\/div>\n\t\t<\/section>\n\t\t\t\t<section class=\"elementor-section elementor-top-section elementor-element elementor-element-71f96b0 elementor-section-boxed elementor-section-height-default elementor-section-height-default\" data-id=\"71f96b0\" data-element_type=\"section\" data-e-type=\"section\">\n\t\t\t\t\t\t<div class=\"elementor-container elementor-column-gap-default\">\n\t\t\t\t\t<div class=\"elementor-column elementor-col-100 elementor-top-column elementor-element elementor-element-d11e268\" data-id=\"d11e268\" data-element_type=\"column\" data-e-type=\"column\">\n\t\t\t<div class=\"elementor-widget-wrap elementor-element-populated\">\n\t\t\t\t\t\t<div class=\"elementor-element elementor-element-2c2dee6 elementor-widget elementor-widget-text-editor\" data-id=\"2c2dee6\" data-element_type=\"widget\" data-e-type=\"widget\" data-widget_type=\"text-editor.default\">\n\t\t\t\t<div class=\"elementor-widget-container\">\n\t\t\t\t\t\t\t\t\t<p>An einer Schule werden die Grundsteine f\u00fcr die Bildung gelegt, die junge Menschen mit formt und pr\u00e4gt. Ihr seid daf\u00fcr zust\u00e4ndig, sie dabei zu begleiten und ihnen Wissen und Werte zu vermitteln.<\/p>\n<p>\u00a0<\/p>\t\t\t\t\t\t\t\t<\/div>\n\t\t\t\t<\/div>\n\t\t\t\t\t<\/div>\n\t\t<\/div>\n\t\t\t\t\t<\/div>\n\t\t<\/section>\n\t\t\t\t<section class=\"elementor-section elementor-top-section elementor-element elementor-element-9cb2245 elementor-section-boxed elementor-section-height-default elementor-section-height-default\" data-id=\"9cb2245\" data-element_type=\"section\" data-e-type=\"section\">\n\t\t\t\t\t\t<div class=\"elementor-container elementor-column-gap-default\">\n\t\t\t\t\t<div class=\"elementor-column elementor-col-100 elementor-top-column elementor-element elementor-element-1e187dc\" data-id=\"1e187dc\" data-element_type=\"column\" data-e-type=\"column\">\n\t\t\t<div class=\"elementor-widget-wrap\">\n\t\t\t\t\t\t\t<\/div>\n\t\t<\/div>\n\t\t\t\t\t<\/div>\n\t\t<\/section>\n\t\t\t\t<section class=\"elementor-section elementor-top-section elementor-element elementor-element-d1d527c elementor-section-boxed elementor-section-height-default elementor-section-height-default\" data-id=\"d1d527c\" data-element_type=\"section\" data-e-type=\"section\">\n\t\t\t\t\t\t<div class=\"elementor-container elementor-column-gap-default\">\n\t\t\t\t\t<div class=\"elementor-column elementor-col-100 elementor-top-column elementor-element elementor-element-62172f2\" data-id=\"62172f2\" data-element_type=\"column\" data-e-type=\"column\">\n\t\t\t<div class=\"elementor-widget-wrap elementor-element-populated\">\n\t\t\t\t\t\t<div class=\"elementor-element elementor-element-b9e4566 elementor-widget elementor-widget-heading\" data-id=\"b9e4566\" data-element_type=\"widget\" data-e-type=\"widget\" data-widget_type=\"heading.default\">\n\t\t\t\t<div class=\"elementor-widget-container\">\n\t\t\t\t\t<h3 class=\"elementor-heading-title elementor-size-default\">Auf ungew\u00f6hnlichen Pfaden ins Lehramt? Kein Problem in Sachsen:<\/h3>\t\t\t\t<\/div>\n\t\t\t\t<\/div>\n\t\t\t\t\t<\/div>\n\t\t<\/div>\n\t\t\t\t\t<\/div>\n\t\t<\/section>\n\t\t\t\t<section class=\"elementor-section elementor-top-section elementor-element elementor-element-c5ad6b5 elementor-section-boxed elementor-section-height-default elementor-section-height-default\" data-id=\"c5ad6b5\" data-element_type=\"section\" data-e-type=\"section\">\n\t\t\t\t\t\t<div class=\"elementor-container elementor-column-gap-default\">\n\t\t\t\t\t<div class=\"elementor-column elementor-col-100 elementor-top-column elementor-element elementor-element-d967c55\" data-id=\"d967c55\" data-element_type=\"column\" data-e-type=\"column\">\n\t\t\t<div class=\"elementor-widget-wrap elementor-element-populated\">\n\t\t\t\t\t\t<div class=\"elementor-element elementor-element-e58c688 elementor-widget elementor-widget-button\" data-id=\"e58c688\" data-element_type=\"widget\" data-e-type=\"widget\" data-widget_type=\"button.default\">\n\t\t\t\t<div class=\"elementor-widget-container\">\n\t\t\t\t\t\t\t\t\t<div class=\"elementor-button-wrapper\">\n\t\t\t\t\t<a class=\"elementor-button elementor-button-link elementor-size-sm\" href=\"https:\/\/lehrer-werden-in-sachsen.de\/seiteneinstieg-von-der-geoinformatik-ins-klassenzimmer\/\" title=\"Seiteneinstieg: Von der Geoinformatik ins Klassenzimmer\">\n\t\t\t\t\t\t<span class=\"elementor-button-content-wrapper\">\n\t\t\t\t\t\t\t\t\t<span class=\"elementor-button-text\">Seiteneinstieg \u00fcber Geoinformatik<\/span>\n\t\t\t\t\t<\/span>\n\t\t\t\t\t<\/a>\n\t\t\t\t<\/div>\n\t\t\t\t\t\t\t\t<\/div>\n\t\t\t\t<\/div>\n\t\t\t\t\t<\/div>\n\t\t<\/div>\n\t\t\t\t\t<\/div>\n\t\t<\/section>\n\t\t\t\t<section class=\"elementor-section elementor-top-section elementor-element elementor-element-faf701e elementor-section-boxed elementor-section-height-default elementor-section-height-default\" data-id=\"faf701e\" data-element_type=\"section\" data-e-type=\"section\">\n\t\t\t\t\t\t<div class=\"elementor-container elementor-column-gap-default\">\n\t\t\t\t\t<div class=\"elementor-column elementor-col-100 elementor-top-column elementor-element elementor-element-51c97cb\" data-id=\"51c97cb\" data-element_type=\"column\" data-e-type=\"column\">\n\t\t\t<div class=\"elementor-widget-wrap elementor-element-populated\">\n\t\t\t\t\t\t<div class=\"elementor-element elementor-element-26c4c29 elementor-widget elementor-widget-button\" data-id=\"26c4c29\" data-element_type=\"widget\" data-e-type=\"widget\" data-widget_type=\"button.default\">\n\t\t\t\t<div class=\"elementor-widget-container\">\n\t\t\t\t\t\t\t\t\t<div class=\"elementor-button-wrapper\">\n\t\t\t\t\t<a class=\"elementor-button elementor-button-link elementor-size-sm\" href=\"\" title=\"Von der Steinmetzin zur Lehrerin\">\n\t\t\t\t\t\t<span class=\"elementor-button-content-wrapper\">\n\t\t\t\t\t\t\t\t\t<span class=\"elementor-button-text\">Von der Steinmetzin zur Lehrerin<\/span>\n\t\t\t\t\t<\/span>\n\t\t\t\t\t<\/a>\n\t\t\t\t<\/div>\n\t\t\t\t\t\t\t\t<\/div>\n\t\t\t\t<\/div>\n\t\t\t\t\t<\/div>\n\t\t<\/div>\n\t\t\t\t\t<\/div>\n\t\t<\/section>\n\t\t\t\t<section class=\"elementor-section elementor-top-section elementor-element elementor-element-90e3fe9 elementor-section-boxed elementor-section-height-default elementor-section-height-default\" data-id=\"90e3fe9\" data-element_type=\"section\" data-e-type=\"section\">\n\t\t\t\t\t\t<div class=\"elementor-container elementor-column-gap-default\">\n\t\t\t\t\t<div class=\"elementor-column elementor-col-100 elementor-top-column elementor-element elementor-element-b3dbc7e\" data-id=\"b3dbc7e\" data-element_type=\"column\" data-e-type=\"column\">\n\t\t\t<div class=\"elementor-widget-wrap elementor-element-populated\">\n\t\t\t\t\t\t<div class=\"elementor-element elementor-element-a8a0323 elementor-widget elementor-widget-button\" data-id=\"a8a0323\" data-element_type=\"widget\" data-e-type=\"widget\" data-widget_type=\"button.default\">\n\t\t\t\t<div class=\"elementor-widget-container\">\n\t\t\t\t\t\t\t\t\t<div class=\"elementor-button-wrapper\">\n\t\t\t\t\t<a class=\"elementor-button elementor-button-link elementor-size-sm\" href=\"\" title=\"Infos zum Seiteneinstieg\">\n\t\t\t\t\t\t<span class=\"elementor-button-content-wrapper\">\n\t\t\t\t\t\t\t\t\t<span class=\"elementor-button-text\">Infos zum Seiteneinstieg<\/span>\n\t\t\t\t\t<\/span>\n\t\t\t\t\t<\/a>\n\t\t\t\t<\/div>\n\t\t\t\t\t\t\t\t<\/div>\n\t\t\t\t<\/div>\n\t\t\t\t\t<\/div>\n\t\t<\/div>\n\t\t\t\t\t<\/div>\n\t\t<\/section>\n\t\t\t\t<\/div>\n\t\t","protected":false},"excerpt":{"rendered":"<p>Zuf\u00e4lle wiesen Maik Wagner h\u00e4ufig den Weg und f\u00fchrten ihn in die richtige berufliche Richtung \u2013 immer mehr in die Musik hinein. Obwohl der Musiklehrer sich selbst als \u201eSp\u00e4tz\u00fcnder\u201c bezeichnet, ist der rote Faden im Werdegang des 54-J\u00e4hrigen erkennbar. Am Sportgymnasium Dresden zeigt er angehenden Spitzensportlerinnen und -sportlern, dass ein gro\u00dfes Talent im Leben keineswegs den Verzicht auf das Entdecken neuer  Leidenschaften bedeuten muss.<\/p>\n","protected":false},"author":28,"featured_media":19339,"comment_status":"closed","ping_status":"closed","sticky":false,"template":"","format":"standard","meta":{"footnotes":""},"categories":[46],"tags":[124,111],"class_list":["post-18420","post","type-post","status-publish","format-standard","has-post-thumbnail","hentry","category-blog","tag-gymnasium","tag-seiteneinstieg"],"yoast_head":"<!-- This site is optimized with the Yoast SEO plugin v27.3 - https:\/\/yoast.com\/product\/yoast-seo-wordpress\/ -->\n<title>LEHRERIN SACHSEN | Ich war kein klassisches Musikschulkind<\/title>\n<meta name=\"description\" content=\"Maik Wagner sammelte Zuf\u00e4lle im Leben: So tauchte er immer tiefer in die Musik, ins Musikstudium und in seinen Beruf als Musiklehrer ein.\" \/>\n<meta name=\"robots\" content=\"index, follow, max-snippet:-1, max-image-preview:large, max-video-preview:-1\" \/>\n<link rel=\"canonical\" href=\"https:\/\/lehrer-werden-in-sachsen.de\/ich-war-kein-klassisches-musikschulkind\/\" \/>\n<meta property=\"og:locale\" content=\"de_DE\" \/>\n<meta property=\"og:type\" content=\"article\" \/>\n<meta property=\"og:title\" content=\"LEHRERIN SACHSEN | Ich war kein klassisches Musikschulkind\" \/>\n<meta property=\"og:description\" content=\"Maik Wagner sammelte Zuf\u00e4lle im Leben: So tauchte er immer tiefer in die Musik, ins Musikstudium und in seinen Beruf als Musiklehrer ein.\" \/>\n<meta property=\"og:url\" content=\"https:\/\/lehrer-werden-in-sachsen.de\/ich-war-kein-klassisches-musikschulkind\/\" \/>\n<meta property=\"og:site_name\" content=\"LEHRERIN SACHSEN\" \/>\n<meta property=\"article:published_time\" content=\"2025-03-11T10:17:03+00:00\" \/>\n<meta property=\"article:modified_time\" content=\"2025-10-10T08:52:06+00:00\" \/>\n<meta property=\"og:image\" content=\"https:\/\/lehrer-werden-in-sachsen.de\/wp-content\/uploads\/2024\/11\/SMK-Lehrer_in_Sachsen_Musiklehrer_Maik-Wagner.jpg\" \/>\n\t<meta property=\"og:image:width\" content=\"1920\" \/>\n\t<meta property=\"og:image:height\" content=\"970\" \/>\n\t<meta property=\"og:image:type\" content=\"image\/jpeg\" \/>\n<meta name=\"author\" content=\"Ute Schirmack\" \/>\n<meta name=\"twitter:card\" content=\"summary_large_image\" \/>\n<meta name=\"twitter:label1\" content=\"Verfasst von\" \/>\n\t<meta name=\"twitter:data1\" content=\"Ute Schirmack\" \/>\n\t<meta name=\"twitter:label2\" content=\"Gesch\u00e4tzte Lesezeit\" \/>\n\t<meta name=\"twitter:data2\" content=\"9\u00a0Minuten\" \/>\n<script type=\"application\/ld+json\" class=\"yoast-schema-graph\">{\"@context\":\"https:\\\/\\\/schema.org\",\"@graph\":[{\"@type\":\"Article\",\"@id\":\"https:\\\/\\\/lehrer-werden-in-sachsen.de\\\/ich-war-kein-klassisches-musikschulkind\\\/#article\",\"isPartOf\":{\"@id\":\"https:\\\/\\\/lehrer-werden-in-sachsen.de\\\/ich-war-kein-klassisches-musikschulkind\\\/\"},\"author\":{\"name\":\"Ute Schirmack\",\"@id\":\"https:\\\/\\\/lehrer-werden-in-sachsen.de\\\/#\\\/schema\\\/person\\\/5e4731c44f29a205208182ecfa64393f\"},\"headline\":\"\u201eIch war kein klassisches Musikschulkind\u201c\",\"datePublished\":\"2025-03-11T10:17:03+00:00\",\"dateModified\":\"2025-10-10T08:52:06+00:00\",\"mainEntityOfPage\":{\"@id\":\"https:\\\/\\\/lehrer-werden-in-sachsen.de\\\/ich-war-kein-klassisches-musikschulkind\\\/\"},\"wordCount\":1440,\"publisher\":{\"@id\":\"https:\\\/\\\/lehrer-werden-in-sachsen.de\\\/#organization\"},\"image\":{\"@id\":\"https:\\\/\\\/lehrer-werden-in-sachsen.de\\\/ich-war-kein-klassisches-musikschulkind\\\/#primaryimage\"},\"thumbnailUrl\":\"https:\\\/\\\/lehrer-werden-in-sachsen.de\\\/stage\\\/wp-content\\\/uploads\\\/2024\\\/11\\\/SMK-Lehrer_in_Sachsen_Musiklehrer_Maik-Wagner.jpg\",\"keywords\":[\"Gymnasium\",\"Seiteneinstieg\"],\"articleSection\":[\"Blog\"],\"inLanguage\":\"de\"},{\"@type\":\"WebPage\",\"@id\":\"https:\\\/\\\/lehrer-werden-in-sachsen.de\\\/ich-war-kein-klassisches-musikschulkind\\\/\",\"url\":\"https:\\\/\\\/lehrer-werden-in-sachsen.de\\\/ich-war-kein-klassisches-musikschulkind\\\/\",\"name\":\"LEHRERIN SACHSEN | Ich war kein klassisches Musikschulkind\",\"isPartOf\":{\"@id\":\"https:\\\/\\\/lehrer-werden-in-sachsen.de\\\/#website\"},\"primaryImageOfPage\":{\"@id\":\"https:\\\/\\\/lehrer-werden-in-sachsen.de\\\/ich-war-kein-klassisches-musikschulkind\\\/#primaryimage\"},\"image\":{\"@id\":\"https:\\\/\\\/lehrer-werden-in-sachsen.de\\\/ich-war-kein-klassisches-musikschulkind\\\/#primaryimage\"},\"thumbnailUrl\":\"https:\\\/\\\/lehrer-werden-in-sachsen.de\\\/stage\\\/wp-content\\\/uploads\\\/2024\\\/11\\\/SMK-Lehrer_in_Sachsen_Musiklehrer_Maik-Wagner.jpg\",\"datePublished\":\"2025-03-11T10:17:03+00:00\",\"dateModified\":\"2025-10-10T08:52:06+00:00\",\"description\":\"Maik Wagner sammelte Zuf\u00e4lle im Leben: So tauchte er immer tiefer in die Musik, ins Musikstudium und in seinen Beruf als Musiklehrer ein.\",\"breadcrumb\":{\"@id\":\"https:\\\/\\\/lehrer-werden-in-sachsen.de\\\/ich-war-kein-klassisches-musikschulkind\\\/#breadcrumb\"},\"inLanguage\":\"de\",\"potentialAction\":[{\"@type\":\"ReadAction\",\"target\":[\"https:\\\/\\\/lehrer-werden-in-sachsen.de\\\/ich-war-kein-klassisches-musikschulkind\\\/\"]}]},{\"@type\":\"ImageObject\",\"inLanguage\":\"de\",\"@id\":\"https:\\\/\\\/lehrer-werden-in-sachsen.de\\\/ich-war-kein-klassisches-musikschulkind\\\/#primaryimage\",\"url\":\"https:\\\/\\\/lehrer-werden-in-sachsen.de\\\/stage\\\/wp-content\\\/uploads\\\/2024\\\/11\\\/SMK-Lehrer_in_Sachsen_Musiklehrer_Maik-Wagner.jpg\",\"contentUrl\":\"https:\\\/\\\/lehrer-werden-in-sachsen.de\\\/stage\\\/wp-content\\\/uploads\\\/2024\\\/11\\\/SMK-Lehrer_in_Sachsen_Musiklehrer_Maik-Wagner.jpg\",\"width\":1920,\"height\":970,\"caption\":\"Musiklehrer Maik Wagner steht vor einer Klasse des Sportgymnasiums Dresden und erkl\u00e4rt mit ausholender Armbewegung etwas. Im Hintergrund ist eine Wand mit aufgeh\u00e4ngten E-Gitarren zu sehen.\"},{\"@type\":\"BreadcrumbList\",\"@id\":\"https:\\\/\\\/lehrer-werden-in-sachsen.de\\\/ich-war-kein-klassisches-musikschulkind\\\/#breadcrumb\",\"itemListElement\":[{\"@type\":\"ListItem\",\"position\":1,\"name\":\"Startseite\",\"item\":\"https:\\\/\\\/lehrer-werden-in-sachsen.de\\\/\"},{\"@type\":\"ListItem\",\"position\":2,\"name\":\"\u201eIch war kein klassisches Musikschulkind\u201c\"}]},{\"@type\":\"WebSite\",\"@id\":\"https:\\\/\\\/lehrer-werden-in-sachsen.de\\\/#website\",\"url\":\"https:\\\/\\\/lehrer-werden-in-sachsen.de\\\/\",\"name\":\"LEHRERIN SACHSEN\",\"description\":\"Eine Klasse f\u00fcr sich.\",\"publisher\":{\"@id\":\"https:\\\/\\\/lehrer-werden-in-sachsen.de\\\/#organization\"},\"potentialAction\":[{\"@type\":\"SearchAction\",\"target\":{\"@type\":\"EntryPoint\",\"urlTemplate\":\"https:\\\/\\\/lehrer-werden-in-sachsen.de\\\/?s={search_term_string}\"},\"query-input\":{\"@type\":\"PropertyValueSpecification\",\"valueRequired\":true,\"valueName\":\"search_term_string\"}}],\"inLanguage\":\"de\"},{\"@type\":\"Organization\",\"@id\":\"https:\\\/\\\/lehrer-werden-in-sachsen.de\\\/#organization\",\"name\":\"LEHRERIN SACHSEN\",\"url\":\"https:\\\/\\\/lehrer-werden-in-sachsen.de\\\/\",\"logo\":{\"@type\":\"ImageObject\",\"inLanguage\":\"de\",\"@id\":\"https:\\\/\\\/lehrer-werden-in-sachsen.de\\\/#\\\/schema\\\/logo\\\/image\\\/\",\"url\":\"https:\\\/\\\/lehrer-werden-in-sachsen.de\\\/stage\\\/wp-content\\\/uploads\\\/2022\\\/02\\\/SMK_Leherin-Sachsen-Marke_RGB_Violett-Orange.svg\",\"contentUrl\":\"https:\\\/\\\/lehrer-werden-in-sachsen.de\\\/stage\\\/wp-content\\\/uploads\\\/2022\\\/02\\\/SMK_Leherin-Sachsen-Marke_RGB_Violett-Orange.svg\",\"caption\":\"LEHRERIN SACHSEN\"},\"image\":{\"@id\":\"https:\\\/\\\/lehrer-werden-in-sachsen.de\\\/#\\\/schema\\\/logo\\\/image\\\/\"}},{\"@type\":\"Person\",\"@id\":\"https:\\\/\\\/lehrer-werden-in-sachsen.de\\\/#\\\/schema\\\/person\\\/5e4731c44f29a205208182ecfa64393f\",\"name\":\"Ute Schirmack\",\"image\":{\"@type\":\"ImageObject\",\"inLanguage\":\"de\",\"@id\":\"https:\\\/\\\/secure.gravatar.com\\\/avatar\\\/598fa1aedac22eef3ac59a24de23cb10b697a462ec575f429d6e5c0dd1bd0d58?s=96&d=mm&r=g\",\"url\":\"https:\\\/\\\/secure.gravatar.com\\\/avatar\\\/598fa1aedac22eef3ac59a24de23cb10b697a462ec575f429d6e5c0dd1bd0d58?s=96&d=mm&r=g\",\"contentUrl\":\"https:\\\/\\\/secure.gravatar.com\\\/avatar\\\/598fa1aedac22eef3ac59a24de23cb10b697a462ec575f429d6e5c0dd1bd0d58?s=96&d=mm&r=g\",\"caption\":\"Ute Schirmack\"},\"url\":\"https:\\\/\\\/lehrer-werden-in-sachsen.de\\\/stage\\\/author\\\/ute-schirmack\\\/\"}]}<\/script>\n<!-- \/ Yoast SEO plugin. -->","yoast_head_json":{"title":"LEHRERIN SACHSEN | Ich war kein klassisches Musikschulkind","description":"Maik Wagner sammelte Zuf\u00e4lle im Leben: So tauchte er immer tiefer in die Musik, ins Musikstudium und in seinen Beruf als Musiklehrer ein.","robots":{"index":"index","follow":"follow","max-snippet":"max-snippet:-1","max-image-preview":"max-image-preview:large","max-video-preview":"max-video-preview:-1"},"canonical":"https:\/\/lehrer-werden-in-sachsen.de\/ich-war-kein-klassisches-musikschulkind\/","og_locale":"de_DE","og_type":"article","og_title":"LEHRERIN SACHSEN | Ich war kein klassisches Musikschulkind","og_description":"Maik Wagner sammelte Zuf\u00e4lle im Leben: So tauchte er immer tiefer in die Musik, ins Musikstudium und in seinen Beruf als Musiklehrer ein.","og_url":"https:\/\/lehrer-werden-in-sachsen.de\/ich-war-kein-klassisches-musikschulkind\/","og_site_name":"LEHRERIN SACHSEN","article_published_time":"2025-03-11T10:17:03+00:00","article_modified_time":"2025-10-10T08:52:06+00:00","og_image":[{"width":1920,"height":970,"url":"https:\/\/lehrer-werden-in-sachsen.de\/wp-content\/uploads\/2024\/11\/SMK-Lehrer_in_Sachsen_Musiklehrer_Maik-Wagner.jpg","type":"image\/jpeg"}],"author":"Ute Schirmack","twitter_card":"summary_large_image","twitter_misc":{"Verfasst von":"Ute Schirmack","Gesch\u00e4tzte Lesezeit":"9\u00a0Minuten"},"schema":{"@context":"https:\/\/schema.org","@graph":[{"@type":"Article","@id":"https:\/\/lehrer-werden-in-sachsen.de\/ich-war-kein-klassisches-musikschulkind\/#article","isPartOf":{"@id":"https:\/\/lehrer-werden-in-sachsen.de\/ich-war-kein-klassisches-musikschulkind\/"},"author":{"name":"Ute Schirmack","@id":"https:\/\/lehrer-werden-in-sachsen.de\/#\/schema\/person\/5e4731c44f29a205208182ecfa64393f"},"headline":"\u201eIch war kein klassisches Musikschulkind\u201c","datePublished":"2025-03-11T10:17:03+00:00","dateModified":"2025-10-10T08:52:06+00:00","mainEntityOfPage":{"@id":"https:\/\/lehrer-werden-in-sachsen.de\/ich-war-kein-klassisches-musikschulkind\/"},"wordCount":1440,"publisher":{"@id":"https:\/\/lehrer-werden-in-sachsen.de\/#organization"},"image":{"@id":"https:\/\/lehrer-werden-in-sachsen.de\/ich-war-kein-klassisches-musikschulkind\/#primaryimage"},"thumbnailUrl":"https:\/\/lehrer-werden-in-sachsen.de\/stage\/wp-content\/uploads\/2024\/11\/SMK-Lehrer_in_Sachsen_Musiklehrer_Maik-Wagner.jpg","keywords":["Gymnasium","Seiteneinstieg"],"articleSection":["Blog"],"inLanguage":"de"},{"@type":"WebPage","@id":"https:\/\/lehrer-werden-in-sachsen.de\/ich-war-kein-klassisches-musikschulkind\/","url":"https:\/\/lehrer-werden-in-sachsen.de\/ich-war-kein-klassisches-musikschulkind\/","name":"LEHRERIN SACHSEN | Ich war kein klassisches Musikschulkind","isPartOf":{"@id":"https:\/\/lehrer-werden-in-sachsen.de\/#website"},"primaryImageOfPage":{"@id":"https:\/\/lehrer-werden-in-sachsen.de\/ich-war-kein-klassisches-musikschulkind\/#primaryimage"},"image":{"@id":"https:\/\/lehrer-werden-in-sachsen.de\/ich-war-kein-klassisches-musikschulkind\/#primaryimage"},"thumbnailUrl":"https:\/\/lehrer-werden-in-sachsen.de\/stage\/wp-content\/uploads\/2024\/11\/SMK-Lehrer_in_Sachsen_Musiklehrer_Maik-Wagner.jpg","datePublished":"2025-03-11T10:17:03+00:00","dateModified":"2025-10-10T08:52:06+00:00","description":"Maik Wagner sammelte Zuf\u00e4lle im Leben: So tauchte er immer tiefer in die Musik, ins Musikstudium und in seinen Beruf als Musiklehrer ein.","breadcrumb":{"@id":"https:\/\/lehrer-werden-in-sachsen.de\/ich-war-kein-klassisches-musikschulkind\/#breadcrumb"},"inLanguage":"de","potentialAction":[{"@type":"ReadAction","target":["https:\/\/lehrer-werden-in-sachsen.de\/ich-war-kein-klassisches-musikschulkind\/"]}]},{"@type":"ImageObject","inLanguage":"de","@id":"https:\/\/lehrer-werden-in-sachsen.de\/ich-war-kein-klassisches-musikschulkind\/#primaryimage","url":"https:\/\/lehrer-werden-in-sachsen.de\/stage\/wp-content\/uploads\/2024\/11\/SMK-Lehrer_in_Sachsen_Musiklehrer_Maik-Wagner.jpg","contentUrl":"https:\/\/lehrer-werden-in-sachsen.de\/stage\/wp-content\/uploads\/2024\/11\/SMK-Lehrer_in_Sachsen_Musiklehrer_Maik-Wagner.jpg","width":1920,"height":970,"caption":"Musiklehrer Maik Wagner steht vor einer Klasse des Sportgymnasiums Dresden und erkl\u00e4rt mit ausholender Armbewegung etwas. Im Hintergrund ist eine Wand mit aufgeh\u00e4ngten E-Gitarren zu sehen."},{"@type":"BreadcrumbList","@id":"https:\/\/lehrer-werden-in-sachsen.de\/ich-war-kein-klassisches-musikschulkind\/#breadcrumb","itemListElement":[{"@type":"ListItem","position":1,"name":"Startseite","item":"https:\/\/lehrer-werden-in-sachsen.de\/"},{"@type":"ListItem","position":2,"name":"\u201eIch war kein klassisches Musikschulkind\u201c"}]},{"@type":"WebSite","@id":"https:\/\/lehrer-werden-in-sachsen.de\/#website","url":"https:\/\/lehrer-werden-in-sachsen.de\/","name":"LEHRERIN SACHSEN","description":"Eine Klasse f\u00fcr sich.","publisher":{"@id":"https:\/\/lehrer-werden-in-sachsen.de\/#organization"},"potentialAction":[{"@type":"SearchAction","target":{"@type":"EntryPoint","urlTemplate":"https:\/\/lehrer-werden-in-sachsen.de\/?s={search_term_string}"},"query-input":{"@type":"PropertyValueSpecification","valueRequired":true,"valueName":"search_term_string"}}],"inLanguage":"de"},{"@type":"Organization","@id":"https:\/\/lehrer-werden-in-sachsen.de\/#organization","name":"LEHRERIN SACHSEN","url":"https:\/\/lehrer-werden-in-sachsen.de\/","logo":{"@type":"ImageObject","inLanguage":"de","@id":"https:\/\/lehrer-werden-in-sachsen.de\/#\/schema\/logo\/image\/","url":"https:\/\/lehrer-werden-in-sachsen.de\/stage\/wp-content\/uploads\/2022\/02\/SMK_Leherin-Sachsen-Marke_RGB_Violett-Orange.svg","contentUrl":"https:\/\/lehrer-werden-in-sachsen.de\/stage\/wp-content\/uploads\/2022\/02\/SMK_Leherin-Sachsen-Marke_RGB_Violett-Orange.svg","caption":"LEHRERIN SACHSEN"},"image":{"@id":"https:\/\/lehrer-werden-in-sachsen.de\/#\/schema\/logo\/image\/"}},{"@type":"Person","@id":"https:\/\/lehrer-werden-in-sachsen.de\/#\/schema\/person\/5e4731c44f29a205208182ecfa64393f","name":"Ute Schirmack","image":{"@type":"ImageObject","inLanguage":"de","@id":"https:\/\/secure.gravatar.com\/avatar\/598fa1aedac22eef3ac59a24de23cb10b697a462ec575f429d6e5c0dd1bd0d58?s=96&d=mm&r=g","url":"https:\/\/secure.gravatar.com\/avatar\/598fa1aedac22eef3ac59a24de23cb10b697a462ec575f429d6e5c0dd1bd0d58?s=96&d=mm&r=g","contentUrl":"https:\/\/secure.gravatar.com\/avatar\/598fa1aedac22eef3ac59a24de23cb10b697a462ec575f429d6e5c0dd1bd0d58?s=96&d=mm&r=g","caption":"Ute Schirmack"},"url":"https:\/\/lehrer-werden-in-sachsen.de\/stage\/author\/ute-schirmack\/"}]}},"_links":{"self":[{"href":"https:\/\/lehrer-werden-in-sachsen.de\/stage\/wp-json\/wp\/v2\/posts\/18420","targetHints":{"allow":["GET"]}}],"collection":[{"href":"https:\/\/lehrer-werden-in-sachsen.de\/stage\/wp-json\/wp\/v2\/posts"}],"about":[{"href":"https:\/\/lehrer-werden-in-sachsen.de\/stage\/wp-json\/wp\/v2\/types\/post"}],"author":[{"embeddable":true,"href":"https:\/\/lehrer-werden-in-sachsen.de\/stage\/wp-json\/wp\/v2\/users\/28"}],"replies":[{"embeddable":true,"href":"https:\/\/lehrer-werden-in-sachsen.de\/stage\/wp-json\/wp\/v2\/comments?post=18420"}],"version-history":[{"count":209,"href":"https:\/\/lehrer-werden-in-sachsen.de\/stage\/wp-json\/wp\/v2\/posts\/18420\/revisions"}],"predecessor-version":[{"id":23885,"href":"https:\/\/lehrer-werden-in-sachsen.de\/stage\/wp-json\/wp\/v2\/posts\/18420\/revisions\/23885"}],"wp:featuredmedia":[{"embeddable":true,"href":"https:\/\/lehrer-werden-in-sachsen.de\/stage\/wp-json\/wp\/v2\/media\/19339"}],"wp:attachment":[{"href":"https:\/\/lehrer-werden-in-sachsen.de\/stage\/wp-json\/wp\/v2\/media?parent=18420"}],"wp:term":[{"taxonomy":"category","embeddable":true,"href":"https:\/\/lehrer-werden-in-sachsen.de\/stage\/wp-json\/wp\/v2\/categories?post=18420"},{"taxonomy":"post_tag","embeddable":true,"href":"https:\/\/lehrer-werden-in-sachsen.de\/stage\/wp-json\/wp\/v2\/tags?post=18420"}],"curies":[{"name":"wp","href":"https:\/\/api.w.org\/{rel}","templated":true}]}}