{"id":17987,"date":"2024-10-25T17:21:55","date_gmt":"2024-10-25T15:21:55","guid":{"rendered":"https:\/\/lehrer-werden-in-sachsen.de\/stage\/?p=17987"},"modified":"2025-10-10T12:30:17","modified_gmt":"2025-10-10T10:30:17","slug":"beste-startchancen-fur-junge-lehrkrafte-am-schiller-gymnasium-bautzen","status":"publish","type":"post","link":"https:\/\/lehrer-werden-in-sachsen.de\/stage\/beste-startchancen-fur-junge-lehrkrafte-am-schiller-gymnasium-bautzen\/","title":{"rendered":"Beste Startchancen f\u00fcr junge Lehrkr\u00e4fte am Schiller-Gymnasium Bautzen\u00a0"},"content":{"rendered":"\t\t<div data-elementor-type=\"wp-post\" data-elementor-id=\"17987\" class=\"elementor elementor-17987\" data-elementor-post-type=\"post\">\n\t\t\t\t\t\t<section class=\"elementor-section elementor-top-section elementor-element elementor-element-77dc2d3 elementor-section-boxed elementor-section-height-default elementor-section-height-default\" data-id=\"77dc2d3\" data-element_type=\"section\" data-e-type=\"section\">\n\t\t\t\t\t\t<div class=\"elementor-container elementor-column-gap-default\">\n\t\t\t\t\t<div class=\"elementor-column elementor-col-100 elementor-top-column elementor-element elementor-element-db24ebd\" data-id=\"db24ebd\" data-element_type=\"column\" data-e-type=\"column\">\n\t\t\t<div class=\"elementor-widget-wrap elementor-element-populated\">\n\t\t\t\t\t\t<div class=\"elementor-element elementor-element-8cb6e5f elementor-widget elementor-widget-text-editor\" data-id=\"8cb6e5f\" data-element_type=\"widget\" data-e-type=\"widget\" data-widget_type=\"text-editor.default\">\n\t\t\t\t<div class=\"elementor-widget-container\">\n\t\t\t\t\t\t\t\t\t<p><strong>Das Schiller-Gymnasium in Bautzen bietet optimale Bedingungen f\u00fcr den Start in den Schuldienst. Ob Praktikum, Vorbereitungsdienst oder Einstieg als ausgebildete Lehrkraft: Entdecke, was die Schule so besonders macht und welche M\u00f6glichkeiten sie dir er\u00f6ffnet!<\/strong><\/p>\t\t\t\t\t\t\t\t<\/div>\n\t\t\t\t<\/div>\n\t\t\t\t\t<\/div>\n\t\t<\/div>\n\t\t\t\t\t<\/div>\n\t\t<\/section>\n\t\t\t\t<section class=\"elementor-section elementor-top-section elementor-element elementor-element-ef5af31 elementor-section-boxed elementor-section-height-default elementor-section-height-default\" data-id=\"ef5af31\" data-element_type=\"section\" data-e-type=\"section\">\n\t\t\t\t\t\t<div class=\"elementor-container elementor-column-gap-default\">\n\t\t\t\t\t<div class=\"elementor-column elementor-col-100 elementor-top-column elementor-element elementor-element-2020e0b\" data-id=\"2020e0b\" data-element_type=\"column\" data-e-type=\"column\">\n\t\t\t<div class=\"elementor-widget-wrap elementor-element-populated\">\n\t\t\t\t\t\t<div class=\"elementor-element elementor-element-5da0f70 elementor-widget elementor-widget-spacer\" data-id=\"5da0f70\" data-element_type=\"widget\" data-e-type=\"widget\" data-widget_type=\"spacer.default\">\n\t\t\t\t<div class=\"elementor-widget-container\">\n\t\t\t\t\t\t\t<div class=\"elementor-spacer\">\n\t\t\t<div class=\"elementor-spacer-inner\"><\/div>\n\t\t<\/div>\n\t\t\t\t\t\t<\/div>\n\t\t\t\t<\/div>\n\t\t\t\t\t<\/div>\n\t\t<\/div>\n\t\t\t\t\t<\/div>\n\t\t<\/section>\n\t\t\t\t<section class=\"elementor-section elementor-top-section elementor-element elementor-element-3e5a688 elementor-section-boxed elementor-section-height-default elementor-section-height-default\" data-id=\"3e5a688\" data-element_type=\"section\" data-e-type=\"section\">\n\t\t\t\t\t\t<div class=\"elementor-container elementor-column-gap-default\">\n\t\t\t\t\t<div class=\"elementor-column elementor-col-100 elementor-top-column elementor-element elementor-element-c805987\" data-id=\"c805987\" data-element_type=\"column\" data-e-type=\"column\">\n\t\t\t<div class=\"elementor-widget-wrap elementor-element-populated\">\n\t\t\t\t\t\t<div class=\"elementor-element elementor-element-72b831d elementor-widget elementor-widget-heading\" data-id=\"72b831d\" data-element_type=\"widget\" data-e-type=\"widget\" data-widget_type=\"heading.default\">\n\t\t\t\t<div class=\"elementor-widget-container\">\n\t\t\t\t\t<h2 class=\"elementor-heading-title elementor-size-default\">Eine Schule der Alleinstellungsmerkmale<\/h2>\t\t\t\t<\/div>\n\t\t\t\t<\/div>\n\t\t\t\t\t<\/div>\n\t\t<\/div>\n\t\t\t\t\t<\/div>\n\t\t<\/section>\n\t\t\t\t<section class=\"elementor-section elementor-top-section elementor-element elementor-element-22fcd95 elementor-section-boxed elementor-section-height-default elementor-section-height-default\" data-id=\"22fcd95\" data-element_type=\"section\" data-e-type=\"section\">\n\t\t\t\t\t\t<div class=\"elementor-container elementor-column-gap-default\">\n\t\t\t\t\t<div class=\"elementor-column elementor-col-100 elementor-top-column elementor-element elementor-element-c7c5aaa\" data-id=\"c7c5aaa\" data-element_type=\"column\" data-e-type=\"column\">\n\t\t\t<div class=\"elementor-widget-wrap elementor-element-populated\">\n\t\t\t\t\t\t<div class=\"elementor-element elementor-element-0dd7dad elementor-widget elementor-widget-text-editor\" data-id=\"0dd7dad\" data-element_type=\"widget\" data-e-type=\"widget\" data-widget_type=\"text-editor.default\">\n\t\t\t\t<div class=\"elementor-widget-container\">\n\t\t\t\t\t\t\t\t\t<p>Im Herzen\u00a0<a href=\"https:\/\/lehrer-werden-in-sachsen.de\\\\\/sachsen-erleben\/landkreis-bautzen\/\" title=\"Sachsen erleben - Bautzen\" data-auto-event-observed=\"true\">Bautzens<\/a>, nur wenige Minuten von Bahnhof und historischer Altstadt entfernt, liegt das\u00a0<a href=\"https:\/\/www.schiller-gymnasium-bautzen.de\/\" title=\"Schiller-Gymnasium\" target=\"_blank\" data-auto-event-observed=\"true\" rel=\"noopener\">Schiller-Gymnasium<\/a>. Schon beim ersten Blick auf das imposante, 120 Jahre alte Haus A wird klar: Diese Schule muss einzigartig sein.<\/p><p>750 Sch\u00fclerinnen und Sch\u00fcler wuseln t\u00e4glich durch die breiten G\u00e4nge des aus zwei Schulgeb\u00e4uden bestehenden Gymnasiums. Erst einmal kein ungewohnter Anblick. Doch bei n\u00e4herer Betrachtung zeigt sich: Das Schiller-Gymnasium ist eine Schule der besonderen M\u00f6glichkeiten.<\/p>\t\t\t\t\t\t\t\t<\/div>\n\t\t\t\t<\/div>\n\t\t\t\t\t<\/div>\n\t\t<\/div>\n\t\t\t\t\t<\/div>\n\t\t<\/section>\n\t\t\t\t<section class=\"elementor-section elementor-top-section elementor-element elementor-element-eab2be4 elementor-section-boxed elementor-section-height-default elementor-section-height-default\" data-id=\"eab2be4\" data-element_type=\"section\" data-e-type=\"section\">\n\t\t\t\t\t\t<div class=\"elementor-container elementor-column-gap-default\">\n\t\t\t\t\t<div class=\"elementor-column elementor-col-100 elementor-top-column elementor-element elementor-element-3c28d51\" data-id=\"3c28d51\" data-element_type=\"column\" data-e-type=\"column\">\n\t\t\t<div class=\"elementor-widget-wrap elementor-element-populated\">\n\t\t\t\t\t\t<div class=\"elementor-element elementor-element-49b62fe elementor-widget elementor-widget-spacer\" data-id=\"49b62fe\" data-element_type=\"widget\" data-e-type=\"widget\" data-widget_type=\"spacer.default\">\n\t\t\t\t<div class=\"elementor-widget-container\">\n\t\t\t\t\t\t\t<div class=\"elementor-spacer\">\n\t\t\t<div class=\"elementor-spacer-inner\"><\/div>\n\t\t<\/div>\n\t\t\t\t\t\t<\/div>\n\t\t\t\t<\/div>\n\t\t\t\t\t<\/div>\n\t\t<\/div>\n\t\t\t\t\t<\/div>\n\t\t<\/section>\n\t\t\t\t<section class=\"elementor-section elementor-top-section elementor-element elementor-element-1a180a9 elementor-section-boxed elementor-section-height-default elementor-section-height-default\" data-id=\"1a180a9\" data-element_type=\"section\" data-e-type=\"section\">\n\t\t\t\t\t\t<div class=\"elementor-container elementor-column-gap-default\">\n\t\t\t\t\t<div class=\"elementor-column elementor-col-100 elementor-top-column elementor-element elementor-element-6840b7b\" data-id=\"6840b7b\" data-element_type=\"column\" data-e-type=\"column\">\n\t\t\t<div class=\"elementor-widget-wrap elementor-element-populated\">\n\t\t\t\t\t\t<div class=\"elementor-element elementor-element-1cb9990 elementor-widget elementor-widget-image\" data-id=\"1cb9990\" data-element_type=\"widget\" data-e-type=\"widget\" data-widget_type=\"image.default\">\n\t\t\t\t<div class=\"elementor-widget-container\">\n\t\t\t\t\t\t\t\t\t\t\t\t\t\t\t<img fetchpriority=\"high\" decoding=\"async\" width=\"1200\" height=\"400\" src=\"https:\/\/lehrer-werden-in-sachsen.de\/stage\/wp-content\/uploads\/2024\/10\/SMK-Blog-Artikelbild-Schiller-Gymnasium-Bautzen_1200x400px-\u2013-1.jpg\" class=\"attachment-full size-full wp-image-17992\" alt=\"Das Bild zeigt eine Orgel aus r\u00f6tlichem Holz mit silbernen Orgelpfeifen.\" srcset=\"https:\/\/lehrer-werden-in-sachsen.de\/stage\/wp-content\/uploads\/2024\/10\/SMK-Blog-Artikelbild-Schiller-Gymnasium-Bautzen_1200x400px-\u2013-1.jpg 1200w, https:\/\/lehrer-werden-in-sachsen.de\/stage\/wp-content\/uploads\/2024\/10\/SMK-Blog-Artikelbild-Schiller-Gymnasium-Bautzen_1200x400px-\u2013-1-300x100.jpg 300w, https:\/\/lehrer-werden-in-sachsen.de\/stage\/wp-content\/uploads\/2024\/10\/SMK-Blog-Artikelbild-Schiller-Gymnasium-Bautzen_1200x400px-\u2013-1-1024x341.jpg 1024w, https:\/\/lehrer-werden-in-sachsen.de\/stage\/wp-content\/uploads\/2024\/10\/SMK-Blog-Artikelbild-Schiller-Gymnasium-Bautzen_1200x400px-\u2013-1-768x256.jpg 768w\" sizes=\"(max-width: 1200px) 100vw, 1200px\" \/>\t\t\t\t\t\t\t\t\t\t\t\t\t\t\t<\/div>\n\t\t\t\t<\/div>\n\t\t\t\t<div class=\"elementor-element elementor-element-f55c737 elementor-widget elementor-widget-text-editor\" data-id=\"f55c737\" data-element_type=\"widget\" data-e-type=\"widget\" data-widget_type=\"text-editor.default\">\n\t\t\t\t<div class=\"elementor-widget-container\">\n\t\t\t\t\t\t\t\t\t<p>Die historische Orgel in der Aula ist ein ungew\u00f6hnliches Instrument f\u00fcr eine Schule. Sie wird deshalb bei den zahlreichen Konzerten gern gespielt. Foto: Katharina Knappe\/Wiebke Kasper<\/p>\t\t\t\t\t\t\t\t<\/div>\n\t\t\t\t<\/div>\n\t\t\t\t\t<\/div>\n\t\t<\/div>\n\t\t\t\t\t<\/div>\n\t\t<\/section>\n\t\t\t\t<section class=\"elementor-section elementor-top-section elementor-element elementor-element-90f770e elementor-section-boxed elementor-section-height-default elementor-section-height-default\" data-id=\"90f770e\" data-element_type=\"section\" data-e-type=\"section\">\n\t\t\t\t\t\t<div class=\"elementor-container elementor-column-gap-default\">\n\t\t\t\t\t<div class=\"elementor-column elementor-col-100 elementor-top-column elementor-element elementor-element-ea99c7d\" data-id=\"ea99c7d\" data-element_type=\"column\" data-e-type=\"column\">\n\t\t\t<div class=\"elementor-widget-wrap elementor-element-populated\">\n\t\t\t\t\t\t<div class=\"elementor-element elementor-element-96a604e elementor-widget elementor-widget-spacer\" data-id=\"96a604e\" data-element_type=\"widget\" data-e-type=\"widget\" data-widget_type=\"spacer.default\">\n\t\t\t\t<div class=\"elementor-widget-container\">\n\t\t\t\t\t\t\t<div class=\"elementor-spacer\">\n\t\t\t<div class=\"elementor-spacer-inner\"><\/div>\n\t\t<\/div>\n\t\t\t\t\t\t<\/div>\n\t\t\t\t<\/div>\n\t\t\t\t\t<\/div>\n\t\t<\/div>\n\t\t\t\t\t<\/div>\n\t\t<\/section>\n\t\t\t\t<section class=\"elementor-section elementor-top-section elementor-element elementor-element-20f5d6f elementor-section-boxed elementor-section-height-default elementor-section-height-default\" data-id=\"20f5d6f\" data-element_type=\"section\" data-e-type=\"section\">\n\t\t\t\t\t\t<div class=\"elementor-container elementor-column-gap-default\">\n\t\t\t\t\t<div class=\"elementor-column elementor-col-100 elementor-top-column elementor-element elementor-element-387bff1\" data-id=\"387bff1\" data-element_type=\"column\" data-e-type=\"column\">\n\t\t\t<div class=\"elementor-widget-wrap elementor-element-populated\">\n\t\t\t\t\t\t<div class=\"elementor-element elementor-element-ea92e7e elementor-widget elementor-widget-text-editor\" data-id=\"ea92e7e\" data-element_type=\"widget\" data-e-type=\"widget\" data-widget_type=\"text-editor.default\">\n\t\t\t\t<div class=\"elementor-widget-container\">\n\t\t\t\t\t\t\t\t\t<p><span style=\"font-family: inherit; font-size: inherit; font-style: inherit; font-variant-ligatures: inherit; font-variant-caps: inherit; font-weight: inherit; color: var( --e-global-color-text );\">Dies spiegelt sich besonders im \u00fcppigen Ganztagsangebot wider. Allein der Schulzoo mit Schildkr\u00f6ten, Fischen, V\u00f6geln, M\u00e4usen und Axolotl bietet den Sch\u00fclerinnen und Sch\u00fclern beeindruckende Tierpflege-Optionen. Die beiden Ch\u00f6re der Mittel- und Oberstufe sorgen bei Konzerten in der historischen Aula, die sogar \u00fcber eine eigene Orgel verf\u00fcgt, aber auch beim \u201eMagischen Treppensingen\u201c zur Weihnachtszeit in der Eingangshalle von Haus A f\u00fcr G\u00e4nsehautmomente.\u00a0<\/span><\/p><p><span style=\"font-family: inherit; font-size: inherit; font-style: inherit; font-variant-ligatures: inherit; font-variant-caps: inherit; font-weight: inherit; color: var( --e-global-color-text );\">\u00a0<\/span><\/p><p><span style=\"font-family: inherit; font-size: inherit; font-style: inherit; font-variant-ligatures: inherit; font-variant-caps: inherit; font-weight: inherit; color: var( --e-global-color-text );\">In der Kreativk\u00fcche wird nach Unterrichtsschluss der Kochl\u00f6ffel geschwungen, um unter Anleitung eines gelernten Kochs Gaumenfreuden auf den Teller zu zaubern. Und wer sportlich ambitioniert ist, kann sich beim Fechten, Floorball oder an der schuleigenen Kletterwand in der Turnhalle austoben. Letztere ist sogar fester Bestandteil im Sportunterricht &#8211;\u00a0<\/span><span style=\"color: var( --e-global-color-text ); font-family: inherit; font-size: inherit; font-style: inherit; font-variant-ligatures: inherit; font-variant-caps: inherit; font-weight: inherit;\">Klettersport hat am Schiller-Gymnasium eine lange Tradition.<\/span><\/p>\t\t\t\t\t\t\t\t<\/div>\n\t\t\t\t<\/div>\n\t\t\t\t\t<\/div>\n\t\t<\/div>\n\t\t\t\t\t<\/div>\n\t\t<\/section>\n\t\t\t\t<section class=\"elementor-section elementor-top-section elementor-element elementor-element-4250b31 elementor-section-boxed elementor-section-height-default elementor-section-height-default\" data-id=\"4250b31\" data-element_type=\"section\" data-e-type=\"section\">\n\t\t\t\t\t\t<div class=\"elementor-container elementor-column-gap-default\">\n\t\t\t\t\t<div class=\"elementor-column elementor-col-100 elementor-top-column elementor-element elementor-element-28de144\" data-id=\"28de144\" data-element_type=\"column\" data-e-type=\"column\">\n\t\t\t<div class=\"elementor-widget-wrap elementor-element-populated\">\n\t\t\t\t\t\t<div class=\"elementor-element elementor-element-409d2a6 elementor-widget elementor-widget-spacer\" data-id=\"409d2a6\" data-element_type=\"widget\" data-e-type=\"widget\" data-widget_type=\"spacer.default\">\n\t\t\t\t<div class=\"elementor-widget-container\">\n\t\t\t\t\t\t\t<div class=\"elementor-spacer\">\n\t\t\t<div class=\"elementor-spacer-inner\"><\/div>\n\t\t<\/div>\n\t\t\t\t\t\t<\/div>\n\t\t\t\t<\/div>\n\t\t\t\t\t<\/div>\n\t\t<\/div>\n\t\t\t\t\t<\/div>\n\t\t<\/section>\n\t\t\t\t<section class=\"elementor-section elementor-top-section elementor-element elementor-element-0d5bd18 elementor-section-boxed elementor-section-height-default elementor-section-height-default\" data-id=\"0d5bd18\" data-element_type=\"section\" data-e-type=\"section\">\n\t\t\t\t\t\t<div class=\"elementor-container elementor-column-gap-default\">\n\t\t\t\t\t<div class=\"elementor-column elementor-col-100 elementor-top-column elementor-element elementor-element-cc3cceb\" data-id=\"cc3cceb\" data-element_type=\"column\" data-e-type=\"column\">\n\t\t\t<div class=\"elementor-widget-wrap elementor-element-populated\">\n\t\t\t\t\t\t<div class=\"elementor-element elementor-element-6521886 elementor-widget elementor-widget-image\" data-id=\"6521886\" data-element_type=\"widget\" data-e-type=\"widget\" data-widget_type=\"image.default\">\n\t\t\t\t<div class=\"elementor-widget-container\">\n\t\t\t\t\t\t\t\t\t\t\t\t\t\t\t<img decoding=\"async\" width=\"1200\" height=\"400\" src=\"https:\/\/lehrer-werden-in-sachsen.de\/stage\/wp-content\/uploads\/2024\/10\/SMK-Blog-Artikelbild-Schiller-Gymnasium-Bautzen_1200x400px-\u2013-2.jpg\" class=\"attachment-full size-full wp-image-17993\" alt=\"Eine Turnhalle mit Kletterwand. Von der Decke h\u00e4ngen Kletterseile und an der Wand lehnen dicke Sprungmatten.\" srcset=\"https:\/\/lehrer-werden-in-sachsen.de\/stage\/wp-content\/uploads\/2024\/10\/SMK-Blog-Artikelbild-Schiller-Gymnasium-Bautzen_1200x400px-\u2013-2.jpg 1200w, https:\/\/lehrer-werden-in-sachsen.de\/stage\/wp-content\/uploads\/2024\/10\/SMK-Blog-Artikelbild-Schiller-Gymnasium-Bautzen_1200x400px-\u2013-2-300x100.jpg 300w, https:\/\/lehrer-werden-in-sachsen.de\/stage\/wp-content\/uploads\/2024\/10\/SMK-Blog-Artikelbild-Schiller-Gymnasium-Bautzen_1200x400px-\u2013-2-1024x341.jpg 1024w, https:\/\/lehrer-werden-in-sachsen.de\/stage\/wp-content\/uploads\/2024\/10\/SMK-Blog-Artikelbild-Schiller-Gymnasium-Bautzen_1200x400px-\u2013-2-768x256.jpg 768w\" sizes=\"(max-width: 1200px) 100vw, 1200px\" \/>\t\t\t\t\t\t\t\t\t\t\t\t\t\t\t<\/div>\n\t\t\t\t<\/div>\n\t\t\t\t\t<\/div>\n\t\t<\/div>\n\t\t\t\t\t<\/div>\n\t\t<\/section>\n\t\t\t\t<section class=\"elementor-section elementor-top-section elementor-element elementor-element-c400b9e elementor-section-boxed elementor-section-height-default elementor-section-height-default\" data-id=\"c400b9e\" data-element_type=\"section\" data-e-type=\"section\">\n\t\t\t\t\t\t<div class=\"elementor-container elementor-column-gap-default\">\n\t\t\t\t\t<div class=\"elementor-column elementor-col-100 elementor-top-column elementor-element elementor-element-bc07c50\" data-id=\"bc07c50\" data-element_type=\"column\" data-e-type=\"column\">\n\t\t\t<div class=\"elementor-widget-wrap elementor-element-populated\">\n\t\t\t\t\t\t<div class=\"elementor-element elementor-element-179bddf elementor-widget elementor-widget-text-editor\" data-id=\"179bddf\" data-element_type=\"widget\" data-e-type=\"widget\" data-widget_type=\"text-editor.default\">\n\t\t\t\t<div class=\"elementor-widget-container\">\n\t\t\t\t\t\t\t\t\t<p>Turnhalle mit attraktiver Sonderausstattung: An der Kletterwand geht&#8217;s f\u00fcr alle im Unterrricht oder in der Ganztagsbetreuung hoch hinaus. Foto: Katharina Knappe\/Wiebke Kasper<\/p>\t\t\t\t\t\t\t\t<\/div>\n\t\t\t\t<\/div>\n\t\t\t\t\t<\/div>\n\t\t<\/div>\n\t\t\t\t\t<\/div>\n\t\t<\/section>\n\t\t\t\t<section class=\"elementor-section elementor-top-section elementor-element elementor-element-3208d65 elementor-section-boxed elementor-section-height-default elementor-section-height-default\" data-id=\"3208d65\" data-element_type=\"section\" data-e-type=\"section\">\n\t\t\t\t\t\t<div class=\"elementor-container elementor-column-gap-default\">\n\t\t\t\t\t<div class=\"elementor-column elementor-col-100 elementor-top-column elementor-element elementor-element-cddff57\" data-id=\"cddff57\" data-element_type=\"column\" data-e-type=\"column\">\n\t\t\t<div class=\"elementor-widget-wrap elementor-element-populated\">\n\t\t\t\t\t\t<div class=\"elementor-element elementor-element-111b1ac elementor-widget elementor-widget-spacer\" data-id=\"111b1ac\" data-element_type=\"widget\" data-e-type=\"widget\" data-widget_type=\"spacer.default\">\n\t\t\t\t<div class=\"elementor-widget-container\">\n\t\t\t\t\t\t\t<div class=\"elementor-spacer\">\n\t\t\t<div class=\"elementor-spacer-inner\"><\/div>\n\t\t<\/div>\n\t\t\t\t\t\t<\/div>\n\t\t\t\t<\/div>\n\t\t\t\t\t<\/div>\n\t\t<\/div>\n\t\t\t\t\t<\/div>\n\t\t<\/section>\n\t\t\t\t<section class=\"elementor-section elementor-top-section elementor-element elementor-element-a3f513a elementor-section-boxed elementor-section-height-default elementor-section-height-default\" data-id=\"a3f513a\" data-element_type=\"section\" data-e-type=\"section\">\n\t\t\t\t\t\t<div class=\"elementor-container elementor-column-gap-default\">\n\t\t\t\t\t<div class=\"elementor-column elementor-col-100 elementor-top-column elementor-element elementor-element-aa3a9f7\" data-id=\"aa3a9f7\" data-element_type=\"column\" data-e-type=\"column\">\n\t\t\t<div class=\"elementor-widget-wrap elementor-element-populated\">\n\t\t\t\t\t\t<div class=\"elementor-element elementor-element-9cc558c elementor-widget elementor-widget-heading\" data-id=\"9cc558c\" data-element_type=\"widget\" data-e-type=\"widget\" data-widget_type=\"heading.default\">\n\t\t\t\t<div class=\"elementor-widget-container\">\n\t\t\t\t\t<h2 class=\"elementor-heading-title elementor-size-default\">Vielf\u00e4ltige Lernm\u00f6glichkeiten<\/h2>\t\t\t\t<\/div>\n\t\t\t\t<\/div>\n\t\t\t\t\t<\/div>\n\t\t<\/div>\n\t\t\t\t\t<\/div>\n\t\t<\/section>\n\t\t\t\t<section class=\"elementor-section elementor-top-section elementor-element elementor-element-c846dab elementor-section-boxed elementor-section-height-default elementor-section-height-default\" data-id=\"c846dab\" data-element_type=\"section\" data-e-type=\"section\">\n\t\t\t\t\t\t<div class=\"elementor-container elementor-column-gap-default\">\n\t\t\t\t\t<div class=\"elementor-column elementor-col-100 elementor-top-column elementor-element elementor-element-b14ca4b\" data-id=\"b14ca4b\" data-element_type=\"column\" data-e-type=\"column\">\n\t\t\t<div class=\"elementor-widget-wrap elementor-element-populated\">\n\t\t\t\t\t\t<div class=\"elementor-element elementor-element-e800f3d elementor-widget elementor-widget-text-editor\" data-id=\"e800f3d\" data-element_type=\"widget\" data-e-type=\"widget\" data-widget_type=\"text-editor.default\">\n\t\t\t\t<div class=\"elementor-widget-container\">\n\t\t\t\t\t\t\t\t\t<p>Das Sprachprofil der Schule reicht von Englisch als erster Fremdsprache bis hin zu Latein, Russisch oder Franz\u00f6sisch als zweiter Fremdsprache. F\u00fcr den Physikunterricht gibt es sogar eine eigene Experimentierwerkstatt. Der Biologieunterricht kann jederzeit spontan vom Biologielabor nach drau\u00dfen ins Freie verlegt werden: Der eigene Schulgarten bietet daf\u00fcr gen\u00fcgend lebendiges Anschauungsmaterial.<\/p><p>\u00a0<\/p><p>Das Lehr- und Lernkonzept des Schiller-Gymnasiums geht auf: Seit Jahren erreichen die Sch\u00fclerinnen und Sch\u00fcler hervorragende Abiturergebnisse, die \u00fcber dem Durchschnitt liegen und der Schule sachsenweit zu einem herausragenden Ruf verholfen haben.<\/p>\t\t\t\t\t\t\t\t<\/div>\n\t\t\t\t<\/div>\n\t\t\t\t\t<\/div>\n\t\t<\/div>\n\t\t\t\t\t<\/div>\n\t\t<\/section>\n\t\t\t\t<section class=\"elementor-section elementor-top-section elementor-element elementor-element-9199a94 elementor-section-boxed elementor-section-height-default elementor-section-height-default\" data-id=\"9199a94\" data-element_type=\"section\" data-e-type=\"section\">\n\t\t\t\t\t\t<div class=\"elementor-container elementor-column-gap-default\">\n\t\t\t\t\t<div class=\"elementor-column elementor-col-100 elementor-top-column elementor-element elementor-element-62d64b3\" data-id=\"62d64b3\" data-element_type=\"column\" data-e-type=\"column\">\n\t\t\t<div class=\"elementor-widget-wrap elementor-element-populated\">\n\t\t\t\t\t\t<div class=\"elementor-element elementor-element-eb7f7ca elementor-widget elementor-widget-spacer\" data-id=\"eb7f7ca\" data-element_type=\"widget\" data-e-type=\"widget\" data-widget_type=\"spacer.default\">\n\t\t\t\t<div class=\"elementor-widget-container\">\n\t\t\t\t\t\t\t<div class=\"elementor-spacer\">\n\t\t\t<div class=\"elementor-spacer-inner\"><\/div>\n\t\t<\/div>\n\t\t\t\t\t\t<\/div>\n\t\t\t\t<\/div>\n\t\t\t\t\t<\/div>\n\t\t<\/div>\n\t\t\t\t\t<\/div>\n\t\t<\/section>\n\t\t\t\t<section class=\"elementor-section elementor-top-section elementor-element elementor-element-db0ac12 elementor-section-boxed elementor-section-height-default elementor-section-height-default\" data-id=\"db0ac12\" data-element_type=\"section\" data-e-type=\"section\">\n\t\t\t\t\t\t<div class=\"elementor-container elementor-column-gap-default\">\n\t\t\t\t\t<div class=\"elementor-column elementor-col-100 elementor-top-column elementor-element elementor-element-d28f0c0\" data-id=\"d28f0c0\" data-element_type=\"column\" data-e-type=\"column\">\n\t\t\t<div class=\"elementor-widget-wrap elementor-element-populated\">\n\t\t\t\t\t\t<div class=\"elementor-element elementor-element-080bbe5 elementor-widget elementor-widget-image\" data-id=\"080bbe5\" data-element_type=\"widget\" data-e-type=\"widget\" data-widget_type=\"image.default\">\n\t\t\t\t<div class=\"elementor-widget-container\">\n\t\t\t\t\t\t\t\t\t\t\t\t\t\t\t<img decoding=\"async\" width=\"1200\" height=\"400\" src=\"https:\/\/lehrer-werden-in-sachsen.de\/stage\/wp-content\/uploads\/2024\/10\/SMK-Blog-Artikelbild-Schiller-Gymnasium-Bautzen_1200x400px-\u2013-3.jpg\" class=\"attachment-full size-full wp-image-17994\" alt=\"Das Foto zeigt einen \u00fcppigen Schulgarten im Sonnenschein, in dem Blumen in bunten Farben bl\u00fchen.\" srcset=\"https:\/\/lehrer-werden-in-sachsen.de\/stage\/wp-content\/uploads\/2024\/10\/SMK-Blog-Artikelbild-Schiller-Gymnasium-Bautzen_1200x400px-\u2013-3.jpg 1200w, https:\/\/lehrer-werden-in-sachsen.de\/stage\/wp-content\/uploads\/2024\/10\/SMK-Blog-Artikelbild-Schiller-Gymnasium-Bautzen_1200x400px-\u2013-3-300x100.jpg 300w, https:\/\/lehrer-werden-in-sachsen.de\/stage\/wp-content\/uploads\/2024\/10\/SMK-Blog-Artikelbild-Schiller-Gymnasium-Bautzen_1200x400px-\u2013-3-1024x341.jpg 1024w, https:\/\/lehrer-werden-in-sachsen.de\/stage\/wp-content\/uploads\/2024\/10\/SMK-Blog-Artikelbild-Schiller-Gymnasium-Bautzen_1200x400px-\u2013-3-768x256.jpg 768w\" sizes=\"(max-width: 1200px) 100vw, 1200px\" \/>\t\t\t\t\t\t\t\t\t\t\t\t\t\t\t<\/div>\n\t\t\t\t<\/div>\n\t\t\t\t\t<\/div>\n\t\t<\/div>\n\t\t\t\t\t<\/div>\n\t\t<\/section>\n\t\t\t\t<section class=\"elementor-section elementor-top-section elementor-element elementor-element-e5f2a94 elementor-section-boxed elementor-section-height-default elementor-section-height-default\" data-id=\"e5f2a94\" data-element_type=\"section\" data-e-type=\"section\">\n\t\t\t\t\t\t<div class=\"elementor-container elementor-column-gap-default\">\n\t\t\t\t\t<div class=\"elementor-column elementor-col-100 elementor-top-column elementor-element elementor-element-535e321\" data-id=\"535e321\" data-element_type=\"column\" data-e-type=\"column\">\n\t\t\t<div class=\"elementor-widget-wrap elementor-element-populated\">\n\t\t\t\t\t\t<div class=\"elementor-element elementor-element-49139d0 elementor-widget elementor-widget-text-editor\" data-id=\"49139d0\" data-element_type=\"widget\" data-e-type=\"widget\" data-widget_type=\"text-editor.default\">\n\t\t\t\t<div class=\"elementor-widget-container\">\n\t\t\t\t\t\t\t\t\t<p>Lebendiges Outdoor-Klassenzimmer: Im Schulgarten findet bei gutem Wetter der Unterricht im Freien statt. Tiere und Pflanzen k\u00f6nnen somit vor Ort erforscht werden. Foto: Katharina Knappe\/Wiebke Kasper<\/p>\t\t\t\t\t\t\t\t<\/div>\n\t\t\t\t<\/div>\n\t\t\t\t<div class=\"elementor-element elementor-element-58fefd8 elementor-widget elementor-widget-spacer\" data-id=\"58fefd8\" data-element_type=\"widget\" data-e-type=\"widget\" data-widget_type=\"spacer.default\">\n\t\t\t\t<div class=\"elementor-widget-container\">\n\t\t\t\t\t\t\t<div class=\"elementor-spacer\">\n\t\t\t<div class=\"elementor-spacer-inner\"><\/div>\n\t\t<\/div>\n\t\t\t\t\t\t<\/div>\n\t\t\t\t<\/div>\n\t\t\t\t\t<\/div>\n\t\t<\/div>\n\t\t\t\t\t<\/div>\n\t\t<\/section>\n\t\t\t\t<section class=\"elementor-section elementor-top-section elementor-element elementor-element-f31539c elementor-section-boxed elementor-section-height-default elementor-section-height-default\" data-id=\"f31539c\" data-element_type=\"section\" data-e-type=\"section\">\n\t\t\t\t\t\t<div class=\"elementor-container elementor-column-gap-default\">\n\t\t\t\t\t<div class=\"elementor-column elementor-col-100 elementor-top-column elementor-element elementor-element-960d95a\" data-id=\"960d95a\" data-element_type=\"column\" data-e-type=\"column\">\n\t\t\t<div class=\"elementor-widget-wrap elementor-element-populated\">\n\t\t\t\t\t\t<div class=\"elementor-element elementor-element-cb85858 elementor-widget elementor-widget-heading\" data-id=\"cb85858\" data-element_type=\"widget\" data-e-type=\"widget\" data-widget_type=\"heading.default\">\n\t\t\t\t<div class=\"elementor-widget-container\">\n\t\t\t\t\t<h2 class=\"elementor-heading-title elementor-size-default\">Verantwortung durch tatkr\u00e4ftigen Einsatz<\/h2>\t\t\t\t<\/div>\n\t\t\t\t<\/div>\n\t\t\t\t\t<\/div>\n\t\t<\/div>\n\t\t\t\t\t<\/div>\n\t\t<\/section>\n\t\t\t\t<section class=\"elementor-section elementor-top-section elementor-element elementor-element-94e43ea elementor-section-boxed elementor-section-height-default elementor-section-height-default\" data-id=\"94e43ea\" data-element_type=\"section\" data-e-type=\"section\">\n\t\t\t\t\t\t<div class=\"elementor-container elementor-column-gap-default\">\n\t\t\t\t\t<div class=\"elementor-column elementor-col-100 elementor-top-column elementor-element elementor-element-7474bb3\" data-id=\"7474bb3\" data-element_type=\"column\" data-e-type=\"column\">\n\t\t\t<div class=\"elementor-widget-wrap elementor-element-populated\">\n\t\t\t\t\t\t<div class=\"elementor-element elementor-element-1e0bc50 elementor-widget elementor-widget-text-editor\" data-id=\"1e0bc50\" data-element_type=\"widget\" data-e-type=\"widget\" data-widget_type=\"text-editor.default\">\n\t\t\t\t<div class=\"elementor-widget-container\">\n\t\t\t\t\t\t\t\t\t<p>Soziales Engagement schreibt sich das Schiller-Gymnasium ebenfalls auf die Fahnen. Spendenl\u00e4ufe f\u00fcr gemeinn\u00fctzige Aktivit\u00e4ten stehen ebenso auf dem Stundenplan wie der Einsatz f\u00fcr Initiativen wie\u00a0<a href=\"https:\/\/www.saechsische-jugendstiftung.de\/programme-projekte\/genialsozial\" title=\"S\u00e4chsische Jugendstiftung - GenialSozial\" target=\"_blank\" rel=\"noopener\">GenialSozial<\/a> der S\u00e4chsischen Jugendstiftung. Dabei erhalten die Sch\u00fclerinnen und Sch\u00fcler einen Tag lang Einblicke ins Berufsleben. Ihren Lohn spenden sie anschlie\u00dfend f\u00fcr soziale Projekte.<\/p><p>\u00a0<\/p><p>Vollj\u00e4hrige Sch\u00fclerinnen und Sch\u00fcler k\u00f6nnen sich au\u00dferdem im Rahmen einer j\u00e4hrlichen Typisierung f\u00fcr Knochenmarksspender in die Stammzellspenderkartei eintragen lassen. Diese Aktion findet stets gro\u00dfen Anklang. Zwei Sch\u00fcler wurden dadurch sogar bereits zu Spendern und konnten mit ihrem Einsatz Leben retten.<\/p>\t\t\t\t\t\t\t\t<\/div>\n\t\t\t\t<\/div>\n\t\t\t\t\t<\/div>\n\t\t<\/div>\n\t\t\t\t\t<\/div>\n\t\t<\/section>\n\t\t\t\t<section class=\"elementor-section elementor-top-section elementor-element elementor-element-134cc44 elementor-section-boxed elementor-section-height-default elementor-section-height-default\" data-id=\"134cc44\" data-element_type=\"section\" data-e-type=\"section\">\n\t\t\t\t\t\t<div class=\"elementor-container elementor-column-gap-default\">\n\t\t\t\t\t<div class=\"elementor-column elementor-col-100 elementor-top-column elementor-element elementor-element-d0daa85\" data-id=\"d0daa85\" data-element_type=\"column\" data-e-type=\"column\">\n\t\t\t<div class=\"elementor-widget-wrap elementor-element-populated\">\n\t\t\t\t\t\t<div class=\"elementor-element elementor-element-8891b1e elementor-widget elementor-widget-spacer\" data-id=\"8891b1e\" data-element_type=\"widget\" data-e-type=\"widget\" data-widget_type=\"spacer.default\">\n\t\t\t\t<div class=\"elementor-widget-container\">\n\t\t\t\t\t\t\t<div class=\"elementor-spacer\">\n\t\t\t<div class=\"elementor-spacer-inner\"><\/div>\n\t\t<\/div>\n\t\t\t\t\t\t<\/div>\n\t\t\t\t<\/div>\n\t\t\t\t\t<\/div>\n\t\t<\/div>\n\t\t\t\t\t<\/div>\n\t\t<\/section>\n\t\t\t\t<section class=\"elementor-section elementor-top-section elementor-element elementor-element-4c01763 elementor-section-boxed elementor-section-height-default elementor-section-height-default\" data-id=\"4c01763\" data-element_type=\"section\" data-e-type=\"section\">\n\t\t\t\t\t\t<div class=\"elementor-container elementor-column-gap-default\">\n\t\t\t\t\t<div class=\"elementor-column elementor-col-100 elementor-top-column elementor-element elementor-element-dffc9eb\" data-id=\"dffc9eb\" data-element_type=\"column\" data-e-type=\"column\">\n\t\t\t<div class=\"elementor-widget-wrap elementor-element-populated\">\n\t\t\t\t\t\t<div class=\"elementor-element elementor-element-f84e859 elementor-widget elementor-widget-heading\" data-id=\"f84e859\" data-element_type=\"widget\" data-e-type=\"widget\" data-widget_type=\"heading.default\">\n\t\t\t\t<div class=\"elementor-widget-container\">\n\t\t\t\t\t<h2 class=\"elementor-heading-title elementor-size-default\">Schillers Gemeinschaft<\/h2>\t\t\t\t<\/div>\n\t\t\t\t<\/div>\n\t\t\t\t\t<\/div>\n\t\t<\/div>\n\t\t\t\t\t<\/div>\n\t\t<\/section>\n\t\t\t\t<section class=\"elementor-section elementor-top-section elementor-element elementor-element-8494dd8 elementor-section-boxed elementor-section-height-default elementor-section-height-default\" data-id=\"8494dd8\" data-element_type=\"section\" data-e-type=\"section\">\n\t\t\t\t\t\t<div class=\"elementor-container elementor-column-gap-default\">\n\t\t\t\t\t<div class=\"elementor-column elementor-col-100 elementor-top-column elementor-element elementor-element-75681dd\" data-id=\"75681dd\" data-element_type=\"column\" data-e-type=\"column\">\n\t\t\t<div class=\"elementor-widget-wrap elementor-element-populated\">\n\t\t\t\t\t\t<div class=\"elementor-element elementor-element-5c0dd9c elementor-widget elementor-widget-text-editor\" data-id=\"5c0dd9c\" data-element_type=\"widget\" data-e-type=\"widget\" data-widget_type=\"text-editor.default\">\n\t\t\t\t<div class=\"elementor-widget-container\">\n\t\t\t\t\t\t\t\t\t<p>Doch was ist die geheime Zutat, die das Leben, Lehren und Lernen am Schiller-Gymnasium so besonders und damit so attraktiv f\u00fcr angehende Lehrkr\u00e4fte macht?<\/p><p>\u00a0<\/p><p>Immer wieder ist der Begriff \u201eSchillers Gemeinschaft\u201c zu vernehmen. Die Orientierungsstufenkoordinatorin Ines Hermann erkl\u00e4rt, was es damit auf sich hat: \u201eWir sind ein Zusammenschluss von Sch\u00fclern, Eltern und Lehrkr\u00e4ften. Nur wenn alle drei Partner zusammenarbeiten und in engem Austausch stehen, kann Schule, so wie wir sie anstreben, gelingen. Das ist f\u00fcr uns \u201aSchillers Gemeinschaft\u2018.\u201c<\/p><p>\u00a0<\/p><p>Dass Schule auf diese Weise gelingt, beweisen nicht zuletzt die \u00fcberdurchschnittlichen Abiturergebnisse und das soziale Engagement der Sch\u00fclerinnen und Sch\u00fcler.<\/p>\t\t\t\t\t\t\t\t<\/div>\n\t\t\t\t<\/div>\n\t\t\t\t\t<\/div>\n\t\t<\/div>\n\t\t\t\t\t<\/div>\n\t\t<\/section>\n\t\t\t\t<section class=\"elementor-section elementor-top-section elementor-element elementor-element-a4d32b0 elementor-section-boxed elementor-section-height-default elementor-section-height-default\" data-id=\"a4d32b0\" data-element_type=\"section\" data-e-type=\"section\">\n\t\t\t\t\t\t<div class=\"elementor-container elementor-column-gap-default\">\n\t\t\t\t\t<div class=\"elementor-column elementor-col-100 elementor-top-column elementor-element elementor-element-5c4b7ee\" data-id=\"5c4b7ee\" data-element_type=\"column\" data-e-type=\"column\">\n\t\t\t<div class=\"elementor-widget-wrap elementor-element-populated\">\n\t\t\t\t\t\t<div class=\"elementor-element elementor-element-98b94ca elementor-widget elementor-widget-spacer\" data-id=\"98b94ca\" data-element_type=\"widget\" data-e-type=\"widget\" data-widget_type=\"spacer.default\">\n\t\t\t\t<div class=\"elementor-widget-container\">\n\t\t\t\t\t\t\t<div class=\"elementor-spacer\">\n\t\t\t<div class=\"elementor-spacer-inner\"><\/div>\n\t\t<\/div>\n\t\t\t\t\t\t<\/div>\n\t\t\t\t<\/div>\n\t\t\t\t\t<\/div>\n\t\t<\/div>\n\t\t\t\t\t<\/div>\n\t\t<\/section>\n\t\t\t\t<section class=\"elementor-section elementor-top-section elementor-element elementor-element-96a88de elementor-section-boxed elementor-section-height-default elementor-section-height-default\" data-id=\"96a88de\" data-element_type=\"section\" data-e-type=\"section\">\n\t\t\t\t\t\t<div class=\"elementor-container elementor-column-gap-default\">\n\t\t\t\t\t<div class=\"elementor-column elementor-col-100 elementor-top-column elementor-element elementor-element-4654645\" data-id=\"4654645\" data-element_type=\"column\" data-e-type=\"column\">\n\t\t\t<div class=\"elementor-widget-wrap elementor-element-populated\">\n\t\t\t\t\t\t<div class=\"elementor-element elementor-element-d6c6f9c elementor-widget elementor-widget-heading\" data-id=\"d6c6f9c\" data-element_type=\"widget\" data-e-type=\"widget\" data-widget_type=\"heading.default\">\n\t\t\t\t<div class=\"elementor-widget-container\">\n\t\t\t\t\t<h2 class=\"elementor-heading-title elementor-size-default\">Vom Leitsatz zum Lehramt mit Perspektive<\/h2>\t\t\t\t<\/div>\n\t\t\t\t<\/div>\n\t\t\t\t\t<\/div>\n\t\t<\/div>\n\t\t\t\t\t<\/div>\n\t\t<\/section>\n\t\t\t\t<section class=\"elementor-section elementor-top-section elementor-element elementor-element-f54ddd9 elementor-section-boxed elementor-section-height-default elementor-section-height-default\" data-id=\"f54ddd9\" data-element_type=\"section\" data-e-type=\"section\">\n\t\t\t\t\t\t<div class=\"elementor-container elementor-column-gap-default\">\n\t\t\t\t\t<div class=\"elementor-column elementor-col-100 elementor-top-column elementor-element elementor-element-85afb81\" data-id=\"85afb81\" data-element_type=\"column\" data-e-type=\"column\">\n\t\t\t<div class=\"elementor-widget-wrap elementor-element-populated\">\n\t\t\t\t\t\t<div class=\"elementor-element elementor-element-b2858cb elementor-widget elementor-widget-text-editor\" data-id=\"b2858cb\" data-element_type=\"widget\" data-e-type=\"widget\" data-widget_type=\"text-editor.default\">\n\t\t\t\t<div class=\"elementor-widget-container\">\n\t\t\t\t\t\t\t\t\t<p>Der Leitsatz<em>\u00a0\u201e<\/em><em>Leb\u2019 um zu lernen, lern\u2019 um zu leben\u201d<\/em> bezieht sich nicht allein auf die Sch\u00fclerinnen und Sch\u00fcler des Gymnasiums. Er gilt f\u00fcr Schillers Gemeinschaft insgesamt &#8211; und damit auch f\u00fcr Lehrerinnen und Lehrer und sogar f\u00fcr die Eltern.<\/p><p>\u00a0<\/p><p>\u00a0<\/p><p>Durch die gemischte Altersstruktur lernen J\u00fcngere und \u00c4ltere auf allen Ebenen voneinander und inspirieren sich gegenseitig. Das hei\u00dft im Hinblick auf den Lehrerinnen- und Lehrer-Nachwuchs, dass das<span style=\"font-family: inherit; font-size: inherit; font-style: inherit; font-variant-ligatures: inherit; font-variant-caps: inherit; font-weight: inherit; color: var( --e-global-color-text );\"> Schiller-Gymnasium sich hervorragend f\u00fcr Praktika, den Vorbereitungsdienst oder den Einstieg ins Berufsleben eignet. Die Schule verf\u00fcgt \u00fcber ein gro\u00dfes Erfahrungswissen im Kollegium. Die Lehrkr\u00e4fte betreuen seit Jahrzehnten angehende Lehrerinnen und Lehrer und wissen, was f\u00fcr diese in der Praxis wichtig ist.<\/span><\/p><p><span style=\"font-family: inherit; font-size: inherit; font-style: inherit; font-variant-ligatures: inherit; font-variant-caps: inherit; font-weight: inherit; color: var( --e-global-color-text );\">\u00a0<\/span><\/p><p>\u00a0<\/p><p>Da in naher Zukunft einige der erfahrenen Lehrerinnen und Lehrer in den wohlverdienten Ruhestand gehen, w\u00fcnscht sich das Schiller-Gymnasium noch viele weitere motivierte Nachwuchs-Lehrkr\u00e4fte, die das Kollegium bereichern, so Ines Hermann: \u201eWir wollen unser Unterrichtskonzept, mit dem wir seit Jahren so gute Abiturergebnisse erzielen, an junge Kolleginnen und Kollegen weitergeben und die Erfolgsgeschichte des Schiller-Gymnasiums fortf\u00fchren.\u201c<\/p>\t\t\t\t\t\t\t\t<\/div>\n\t\t\t\t<\/div>\n\t\t\t\t\t<\/div>\n\t\t<\/div>\n\t\t\t\t\t<\/div>\n\t\t<\/section>\n\t\t\t\t<section class=\"elementor-section elementor-top-section elementor-element elementor-element-6edf78a elementor-section-boxed elementor-section-height-default elementor-section-height-default\" data-id=\"6edf78a\" data-element_type=\"section\" data-e-type=\"section\">\n\t\t\t\t\t\t<div class=\"elementor-container elementor-column-gap-default\">\n\t\t\t\t\t<div class=\"elementor-column elementor-col-100 elementor-top-column elementor-element elementor-element-8289267\" data-id=\"8289267\" data-element_type=\"column\" data-e-type=\"column\">\n\t\t\t<div class=\"elementor-widget-wrap elementor-element-populated\">\n\t\t\t\t\t\t<div class=\"elementor-element elementor-element-d93ecdd elementor-widget elementor-widget-spacer\" data-id=\"d93ecdd\" data-element_type=\"widget\" data-e-type=\"widget\" data-widget_type=\"spacer.default\">\n\t\t\t\t<div class=\"elementor-widget-container\">\n\t\t\t\t\t\t\t<div class=\"elementor-spacer\">\n\t\t\t<div class=\"elementor-spacer-inner\"><\/div>\n\t\t<\/div>\n\t\t\t\t\t\t<\/div>\n\t\t\t\t<\/div>\n\t\t\t\t\t<\/div>\n\t\t<\/div>\n\t\t\t\t\t<\/div>\n\t\t<\/section>\n\t\t\t\t<section class=\"elementor-section elementor-top-section elementor-element elementor-element-0ac8450 elementor-section-boxed elementor-section-height-default elementor-section-height-default\" data-id=\"0ac8450\" data-element_type=\"section\" data-e-type=\"section\">\n\t\t\t\t\t\t<div class=\"elementor-container elementor-column-gap-default\">\n\t\t\t\t\t<div class=\"elementor-column elementor-col-100 elementor-top-column elementor-element elementor-element-29bce8c\" data-id=\"29bce8c\" data-element_type=\"column\" data-e-type=\"column\">\n\t\t\t<div class=\"elementor-widget-wrap elementor-element-populated\">\n\t\t\t\t\t\t<div class=\"elementor-element elementor-element-4967c77 elementor-widget elementor-widget-spacer\" data-id=\"4967c77\" data-element_type=\"widget\" data-e-type=\"widget\" data-widget_type=\"spacer.default\">\n\t\t\t\t<div class=\"elementor-widget-container\">\n\t\t\t\t\t\t\t<div class=\"elementor-spacer\">\n\t\t\t<div class=\"elementor-spacer-inner\"><\/div>\n\t\t<\/div>\n\t\t\t\t\t\t<\/div>\n\t\t\t\t<\/div>\n\t\t\t\t\t<\/div>\n\t\t<\/div>\n\t\t\t\t\t<\/div>\n\t\t<\/section>\n\t\t\t\t<section class=\"elementor-section elementor-top-section elementor-element elementor-element-d1d527c elementor-section-boxed elementor-section-height-default elementor-section-height-default\" data-id=\"d1d527c\" data-element_type=\"section\" data-e-type=\"section\">\n\t\t\t\t\t\t<div class=\"elementor-container elementor-column-gap-default\">\n\t\t\t\t\t<div class=\"elementor-column elementor-col-100 elementor-top-column elementor-element elementor-element-62172f2\" data-id=\"62172f2\" data-element_type=\"column\" data-e-type=\"column\">\n\t\t\t<div class=\"elementor-widget-wrap elementor-element-populated\">\n\t\t\t\t\t\t<div class=\"elementor-element elementor-element-b9e4566 elementor-widget elementor-widget-heading\" data-id=\"b9e4566\" data-element_type=\"widget\" data-e-type=\"widget\" data-widget_type=\"heading.default\">\n\t\t\t\t<div class=\"elementor-widget-container\">\n\t\t\t\t\t<h3 class=\"elementor-heading-title elementor-size-default\">Entdecke deine M\u00f6glichkeiten als Lehrkraft in Sachsen:<\/h3>\t\t\t\t<\/div>\n\t\t\t\t<\/div>\n\t\t\t\t\t<\/div>\n\t\t<\/div>\n\t\t\t\t\t<\/div>\n\t\t<\/section>\n\t\t\t\t<section class=\"elementor-section elementor-top-section elementor-element elementor-element-c5ad6b5 elementor-section-boxed elementor-section-height-default elementor-section-height-default\" data-id=\"c5ad6b5\" data-element_type=\"section\" data-e-type=\"section\">\n\t\t\t\t\t\t<div class=\"elementor-container elementor-column-gap-default\">\n\t\t\t\t\t<div class=\"elementor-column elementor-col-100 elementor-top-column elementor-element elementor-element-d967c55\" data-id=\"d967c55\" data-element_type=\"column\" data-e-type=\"column\">\n\t\t\t<div class=\"elementor-widget-wrap elementor-element-populated\">\n\t\t\t\t\t\t<div class=\"elementor-element elementor-element-e58c688 elementor-widget elementor-widget-button\" data-id=\"e58c688\" data-element_type=\"widget\" data-e-type=\"widget\" data-widget_type=\"button.default\">\n\t\t\t\t<div class=\"elementor-widget-container\">\n\t\t\t\t\t\t\t\t\t<div class=\"elementor-button-wrapper\">\n\t\t\t\t\t<a class=\"elementor-button elementor-button-link elementor-size-sm\" href=\"https:\/\/lehrer-werden-in-sachsen.de\/lehrerin-auf-dem-saechsischen-land\/\" title=\"Lehrerin auf dem s\u00e4chsischen Land\">\n\t\t\t\t\t\t<span class=\"elementor-button-content-wrapper\">\n\t\t\t\t\t\t\t\t\t<span class=\"elementor-button-text\">Arbeiten, wo andere Urlaub machen<\/span>\n\t\t\t\t\t<\/span>\n\t\t\t\t\t<\/a>\n\t\t\t\t<\/div>\n\t\t\t\t\t\t\t\t<\/div>\n\t\t\t\t<\/div>\n\t\t\t\t<div class=\"elementor-element elementor-element-16aafe3 elementor-widget elementor-widget-button\" data-id=\"16aafe3\" data-element_type=\"widget\" data-e-type=\"widget\" data-widget_type=\"button.default\">\n\t\t\t\t<div class=\"elementor-widget-container\">\n\t\t\t\t\t\t\t\t\t<div class=\"elementor-button-wrapper\">\n\t\t\t\t\t<a class=\"elementor-button elementor-button-link elementor-size-sm\" href=\"https:\/\/lehrer-werden-in-sachsen.de\/zum-vorbereitungsdienst-wieder-nach-sachsen\/\" title=\"Zum Vorbereitungsdienst zur\u00fcck nach Sachsen\">\n\t\t\t\t\t\t<span class=\"elementor-button-content-wrapper\">\n\t\t\t\t\t\t\t\t\t<span class=\"elementor-button-text\">Zum Vorbereitungsdienst zur\u00fcck nach Sachsen<\/span>\n\t\t\t\t\t<\/span>\n\t\t\t\t\t<\/a>\n\t\t\t\t<\/div>\n\t\t\t\t\t\t\t\t<\/div>\n\t\t\t\t<\/div>\n\t\t\t\t<div class=\"elementor-element elementor-element-84ae928 elementor-widget elementor-widget-button\" data-id=\"84ae928\" data-element_type=\"widget\" data-e-type=\"widget\" data-widget_type=\"button.default\">\n\t\t\t\t<div class=\"elementor-widget-container\">\n\t\t\t\t\t\t\t\t\t<div class=\"elementor-button-wrapper\">\n\t\t\t\t\t<a class=\"elementor-button elementor-button-link elementor-size-sm\" href=\"https:\/\/lehrer-werden-in-sachsen.de\/infos-zum-schuldienst\/\" title=\"Infos zum Schuldienst\">\n\t\t\t\t\t\t<span class=\"elementor-button-content-wrapper\">\n\t\t\t\t\t\t\t\t\t<span class=\"elementor-button-text\">Infos zum Schuldienst im Freistaat<\/span>\n\t\t\t\t\t<\/span>\n\t\t\t\t\t<\/a>\n\t\t\t\t<\/div>\n\t\t\t\t\t\t\t\t<\/div>\n\t\t\t\t<\/div>\n\t\t\t\t\t<\/div>\n\t\t<\/div>\n\t\t\t\t\t<\/div>\n\t\t<\/section>\n\t\t\t\t<section class=\"elementor-section elementor-top-section elementor-element elementor-element-6cb1078 elementor-section-boxed elementor-section-height-default elementor-section-height-default\" data-id=\"6cb1078\" data-element_type=\"section\" data-e-type=\"section\">\n\t\t\t\t\t\t<div class=\"elementor-container elementor-column-gap-default\">\n\t\t\t\t\t<div class=\"elementor-column elementor-col-100 elementor-top-column elementor-element elementor-element-0578fcf\" data-id=\"0578fcf\" data-element_type=\"column\" data-e-type=\"column\">\n\t\t\t<div class=\"elementor-widget-wrap\">\n\t\t\t\t\t\t\t<\/div>\n\t\t<\/div>\n\t\t\t\t\t<\/div>\n\t\t<\/section>\n\t\t\t\t<\/div>\n\t\t","protected":false},"excerpt":{"rendered":"<p>Das Schiller-Gymnasium in Bautzen bietet optimale Bedingungen f\u00fcr den Start in den Schuldienst. Ob Praktikum, Vorbereitungsdienst oder Einstieg als ausgebildete Lehrkraft: Entdecke, was die Schule so besonders macht und welche M\u00f6glichkeiten sie dir er\u00f6ffnet!<\/p>\n","protected":false},"author":26,"featured_media":17989,"comment_status":"closed","ping_status":"closed","sticky":false,"template":"","format":"standard","meta":{"footnotes":""},"categories":[46],"tags":[205,202,124,210],"class_list":["post-17987","post","type-post","status-publish","format-standard","has-post-thumbnail","hentry","category-blog","tag-bedarf","tag-berufseinstieg","tag-gymnasium","tag-saechsische-regionen"],"yoast_head":"<!-- This site is optimized with the Yoast SEO plugin v27.3 - https:\/\/yoast.com\/product\/yoast-seo-wordpress\/ -->\n<title>LEHRERIN SACHSEN | Schillers Gemeinschaft in Bautzen<\/title>\n<meta name=\"description\" content=\"Beim Schiller-Gymnasium Bautzen steht die Gemeinschaft im Vordergrund. Angehende Lehrkr\u00e4fte erfahren umfassende Unterst\u00fctzung und beste Startchancen.\" \/>\n<meta name=\"robots\" content=\"index, follow, max-snippet:-1, max-image-preview:large, max-video-preview:-1\" \/>\n<link rel=\"canonical\" href=\"https:\/\/lehrer-werden-in-sachsen.de\/beste-startchancen-fur-junge-lehrkrafte-am-schiller-gymnasium-bautzen\/\" \/>\n<meta property=\"og:locale\" content=\"de_DE\" \/>\n<meta property=\"og:type\" content=\"article\" \/>\n<meta property=\"og:title\" content=\"LEHRERIN SACHSEN | Schillers Gemeinschaft in Bautzen\" \/>\n<meta property=\"og:description\" content=\"Beim Schiller-Gymnasium Bautzen steht die Gemeinschaft im Vordergrund. Angehende Lehrkr\u00e4fte erfahren umfassende Unterst\u00fctzung und beste Startchancen.\" \/>\n<meta property=\"og:url\" content=\"https:\/\/lehrer-werden-in-sachsen.de\/beste-startchancen-fur-junge-lehrkrafte-am-schiller-gymnasium-bautzen\/\" \/>\n<meta property=\"og:site_name\" content=\"LEHRERIN SACHSEN\" \/>\n<meta property=\"article:published_time\" content=\"2024-10-25T15:21:55+00:00\" \/>\n<meta property=\"article:modified_time\" content=\"2025-10-10T10:30:17+00:00\" \/>\n<meta property=\"og:image\" content=\"https:\/\/lehrer-werden-in-sachsen.de\/wp-content\/uploads\/2022\/03\/SMK-Blog-Header-Schiller-Gymnasium-Bautzen_1920x970px.jpg\" \/>\n\t<meta property=\"og:image:width\" content=\"1920\" \/>\n\t<meta property=\"og:image:height\" content=\"970\" \/>\n\t<meta property=\"og:image:type\" content=\"image\/jpeg\" \/>\n<meta name=\"author\" content=\"Ann-Kathrin Bonin\" \/>\n<meta name=\"twitter:card\" content=\"summary_large_image\" \/>\n<meta name=\"twitter:label1\" content=\"Verfasst von\" \/>\n\t<meta name=\"twitter:data1\" content=\"Ann-Kathrin Bonin\" \/>\n\t<meta name=\"twitter:label2\" content=\"Gesch\u00e4tzte Lesezeit\" \/>\n\t<meta name=\"twitter:data2\" content=\"6\u00a0Minuten\" \/>\n<script type=\"application\/ld+json\" class=\"yoast-schema-graph\">{\"@context\":\"https:\\\/\\\/schema.org\",\"@graph\":[{\"@type\":\"Article\",\"@id\":\"https:\\\/\\\/lehrer-werden-in-sachsen.de\\\/beste-startchancen-fur-junge-lehrkrafte-am-schiller-gymnasium-bautzen\\\/#article\",\"isPartOf\":{\"@id\":\"https:\\\/\\\/lehrer-werden-in-sachsen.de\\\/beste-startchancen-fur-junge-lehrkrafte-am-schiller-gymnasium-bautzen\\\/\"},\"author\":{\"name\":\"Ann-Kathrin Bonin\",\"@id\":\"https:\\\/\\\/lehrer-werden-in-sachsen.de\\\/#\\\/schema\\\/person\\\/6dbe9635253d3b88634d4ec21342610f\"},\"headline\":\"Beste Startchancen f\u00fcr junge Lehrkr\u00e4fte am Schiller-Gymnasium Bautzen\u00a0\",\"datePublished\":\"2024-10-25T15:21:55+00:00\",\"dateModified\":\"2025-10-10T10:30:17+00:00\",\"mainEntityOfPage\":{\"@id\":\"https:\\\/\\\/lehrer-werden-in-sachsen.de\\\/beste-startchancen-fur-junge-lehrkrafte-am-schiller-gymnasium-bautzen\\\/\"},\"wordCount\":857,\"publisher\":{\"@id\":\"https:\\\/\\\/lehrer-werden-in-sachsen.de\\\/#organization\"},\"image\":{\"@id\":\"https:\\\/\\\/lehrer-werden-in-sachsen.de\\\/beste-startchancen-fur-junge-lehrkrafte-am-schiller-gymnasium-bautzen\\\/#primaryimage\"},\"thumbnailUrl\":\"https:\\\/\\\/lehrer-werden-in-sachsen.de\\\/stage\\\/wp-content\\\/uploads\\\/2022\\\/03\\\/SMK-Blog-Header-Schiller-Gymnasium-Bautzen_1920x970px.jpg\",\"keywords\":[\"Bedarf\",\"Berufseinstieg\",\"Gymnasium\",\"S\u00e4chsische Regionen\"],\"articleSection\":[\"Blog\"],\"inLanguage\":\"de\"},{\"@type\":\"WebPage\",\"@id\":\"https:\\\/\\\/lehrer-werden-in-sachsen.de\\\/beste-startchancen-fur-junge-lehrkrafte-am-schiller-gymnasium-bautzen\\\/\",\"url\":\"https:\\\/\\\/lehrer-werden-in-sachsen.de\\\/beste-startchancen-fur-junge-lehrkrafte-am-schiller-gymnasium-bautzen\\\/\",\"name\":\"LEHRERIN SACHSEN | Schillers Gemeinschaft in Bautzen\",\"isPartOf\":{\"@id\":\"https:\\\/\\\/lehrer-werden-in-sachsen.de\\\/#website\"},\"primaryImageOfPage\":{\"@id\":\"https:\\\/\\\/lehrer-werden-in-sachsen.de\\\/beste-startchancen-fur-junge-lehrkrafte-am-schiller-gymnasium-bautzen\\\/#primaryimage\"},\"image\":{\"@id\":\"https:\\\/\\\/lehrer-werden-in-sachsen.de\\\/beste-startchancen-fur-junge-lehrkrafte-am-schiller-gymnasium-bautzen\\\/#primaryimage\"},\"thumbnailUrl\":\"https:\\\/\\\/lehrer-werden-in-sachsen.de\\\/stage\\\/wp-content\\\/uploads\\\/2022\\\/03\\\/SMK-Blog-Header-Schiller-Gymnasium-Bautzen_1920x970px.jpg\",\"datePublished\":\"2024-10-25T15:21:55+00:00\",\"dateModified\":\"2025-10-10T10:30:17+00:00\",\"description\":\"Beim Schiller-Gymnasium Bautzen steht die Gemeinschaft im Vordergrund. Angehende Lehrkr\u00e4fte erfahren umfassende Unterst\u00fctzung und beste Startchancen.\",\"breadcrumb\":{\"@id\":\"https:\\\/\\\/lehrer-werden-in-sachsen.de\\\/beste-startchancen-fur-junge-lehrkrafte-am-schiller-gymnasium-bautzen\\\/#breadcrumb\"},\"inLanguage\":\"de\",\"potentialAction\":[{\"@type\":\"ReadAction\",\"target\":[\"https:\\\/\\\/lehrer-werden-in-sachsen.de\\\/beste-startchancen-fur-junge-lehrkrafte-am-schiller-gymnasium-bautzen\\\/\"]}]},{\"@type\":\"ImageObject\",\"inLanguage\":\"de\",\"@id\":\"https:\\\/\\\/lehrer-werden-in-sachsen.de\\\/beste-startchancen-fur-junge-lehrkrafte-am-schiller-gymnasium-bautzen\\\/#primaryimage\",\"url\":\"https:\\\/\\\/lehrer-werden-in-sachsen.de\\\/stage\\\/wp-content\\\/uploads\\\/2022\\\/03\\\/SMK-Blog-Header-Schiller-Gymnasium-Bautzen_1920x970px.jpg\",\"contentUrl\":\"https:\\\/\\\/lehrer-werden-in-sachsen.de\\\/stage\\\/wp-content\\\/uploads\\\/2022\\\/03\\\/SMK-Blog-Header-Schiller-Gymnasium-Bautzen_1920x970px.jpg\",\"width\":1920,\"height\":970,\"caption\":\"Blick aus der Vogelperspektive auf das Schulgel\u00e4nde des Schiller-Gymnasiums\"},{\"@type\":\"BreadcrumbList\",\"@id\":\"https:\\\/\\\/lehrer-werden-in-sachsen.de\\\/beste-startchancen-fur-junge-lehrkrafte-am-schiller-gymnasium-bautzen\\\/#breadcrumb\",\"itemListElement\":[{\"@type\":\"ListItem\",\"position\":1,\"name\":\"Startseite\",\"item\":\"https:\\\/\\\/lehrer-werden-in-sachsen.de\\\/\"},{\"@type\":\"ListItem\",\"position\":2,\"name\":\"Beste Startchancen f\u00fcr junge Lehrkr\u00e4fte am Schiller-Gymnasium Bautzen\u00a0\"}]},{\"@type\":\"WebSite\",\"@id\":\"https:\\\/\\\/lehrer-werden-in-sachsen.de\\\/#website\",\"url\":\"https:\\\/\\\/lehrer-werden-in-sachsen.de\\\/\",\"name\":\"LEHRERIN SACHSEN\",\"description\":\"Eine Klasse f\u00fcr sich.\",\"publisher\":{\"@id\":\"https:\\\/\\\/lehrer-werden-in-sachsen.de\\\/#organization\"},\"potentialAction\":[{\"@type\":\"SearchAction\",\"target\":{\"@type\":\"EntryPoint\",\"urlTemplate\":\"https:\\\/\\\/lehrer-werden-in-sachsen.de\\\/?s={search_term_string}\"},\"query-input\":{\"@type\":\"PropertyValueSpecification\",\"valueRequired\":true,\"valueName\":\"search_term_string\"}}],\"inLanguage\":\"de\"},{\"@type\":\"Organization\",\"@id\":\"https:\\\/\\\/lehrer-werden-in-sachsen.de\\\/#organization\",\"name\":\"LEHRERIN SACHSEN\",\"url\":\"https:\\\/\\\/lehrer-werden-in-sachsen.de\\\/\",\"logo\":{\"@type\":\"ImageObject\",\"inLanguage\":\"de\",\"@id\":\"https:\\\/\\\/lehrer-werden-in-sachsen.de\\\/#\\\/schema\\\/logo\\\/image\\\/\",\"url\":\"https:\\\/\\\/lehrer-werden-in-sachsen.de\\\/stage\\\/wp-content\\\/uploads\\\/2022\\\/02\\\/SMK_Leherin-Sachsen-Marke_RGB_Violett-Orange.svg\",\"contentUrl\":\"https:\\\/\\\/lehrer-werden-in-sachsen.de\\\/stage\\\/wp-content\\\/uploads\\\/2022\\\/02\\\/SMK_Leherin-Sachsen-Marke_RGB_Violett-Orange.svg\",\"caption\":\"LEHRERIN SACHSEN\"},\"image\":{\"@id\":\"https:\\\/\\\/lehrer-werden-in-sachsen.de\\\/#\\\/schema\\\/logo\\\/image\\\/\"}},{\"@type\":\"Person\",\"@id\":\"https:\\\/\\\/lehrer-werden-in-sachsen.de\\\/#\\\/schema\\\/person\\\/6dbe9635253d3b88634d4ec21342610f\",\"name\":\"Ann-Kathrin Bonin\",\"image\":{\"@type\":\"ImageObject\",\"inLanguage\":\"de\",\"@id\":\"https:\\\/\\\/secure.gravatar.com\\\/avatar\\\/9bd7a69d42ac31ba0f173f8ccc1e02630b31c56775754929897f43fa875fcd0f?s=96&d=mm&r=g\",\"url\":\"https:\\\/\\\/secure.gravatar.com\\\/avatar\\\/9bd7a69d42ac31ba0f173f8ccc1e02630b31c56775754929897f43fa875fcd0f?s=96&d=mm&r=g\",\"contentUrl\":\"https:\\\/\\\/secure.gravatar.com\\\/avatar\\\/9bd7a69d42ac31ba0f173f8ccc1e02630b31c56775754929897f43fa875fcd0f?s=96&d=mm&r=g\",\"caption\":\"Ann-Kathrin Bonin\"},\"url\":\"https:\\\/\\\/lehrer-werden-in-sachsen.de\\\/stage\\\/author\\\/ann-kathrin-bonin\\\/\"}]}<\/script>\n<!-- \/ Yoast SEO plugin. -->","yoast_head_json":{"title":"LEHRERIN SACHSEN | Schillers Gemeinschaft in Bautzen","description":"Beim Schiller-Gymnasium Bautzen steht die Gemeinschaft im Vordergrund. Angehende Lehrkr\u00e4fte erfahren umfassende Unterst\u00fctzung und beste Startchancen.","robots":{"index":"index","follow":"follow","max-snippet":"max-snippet:-1","max-image-preview":"max-image-preview:large","max-video-preview":"max-video-preview:-1"},"canonical":"https:\/\/lehrer-werden-in-sachsen.de\/beste-startchancen-fur-junge-lehrkrafte-am-schiller-gymnasium-bautzen\/","og_locale":"de_DE","og_type":"article","og_title":"LEHRERIN SACHSEN | Schillers Gemeinschaft in Bautzen","og_description":"Beim Schiller-Gymnasium Bautzen steht die Gemeinschaft im Vordergrund. Angehende Lehrkr\u00e4fte erfahren umfassende Unterst\u00fctzung und beste Startchancen.","og_url":"https:\/\/lehrer-werden-in-sachsen.de\/beste-startchancen-fur-junge-lehrkrafte-am-schiller-gymnasium-bautzen\/","og_site_name":"LEHRERIN SACHSEN","article_published_time":"2024-10-25T15:21:55+00:00","article_modified_time":"2025-10-10T10:30:17+00:00","og_image":[{"width":1920,"height":970,"url":"https:\/\/lehrer-werden-in-sachsen.de\/wp-content\/uploads\/2022\/03\/SMK-Blog-Header-Schiller-Gymnasium-Bautzen_1920x970px.jpg","type":"image\/jpeg"}],"author":"Ann-Kathrin Bonin","twitter_card":"summary_large_image","twitter_misc":{"Verfasst von":"Ann-Kathrin Bonin","Gesch\u00e4tzte Lesezeit":"6\u00a0Minuten"},"schema":{"@context":"https:\/\/schema.org","@graph":[{"@type":"Article","@id":"https:\/\/lehrer-werden-in-sachsen.de\/beste-startchancen-fur-junge-lehrkrafte-am-schiller-gymnasium-bautzen\/#article","isPartOf":{"@id":"https:\/\/lehrer-werden-in-sachsen.de\/beste-startchancen-fur-junge-lehrkrafte-am-schiller-gymnasium-bautzen\/"},"author":{"name":"Ann-Kathrin Bonin","@id":"https:\/\/lehrer-werden-in-sachsen.de\/#\/schema\/person\/6dbe9635253d3b88634d4ec21342610f"},"headline":"Beste Startchancen f\u00fcr junge Lehrkr\u00e4fte am Schiller-Gymnasium Bautzen\u00a0","datePublished":"2024-10-25T15:21:55+00:00","dateModified":"2025-10-10T10:30:17+00:00","mainEntityOfPage":{"@id":"https:\/\/lehrer-werden-in-sachsen.de\/beste-startchancen-fur-junge-lehrkrafte-am-schiller-gymnasium-bautzen\/"},"wordCount":857,"publisher":{"@id":"https:\/\/lehrer-werden-in-sachsen.de\/#organization"},"image":{"@id":"https:\/\/lehrer-werden-in-sachsen.de\/beste-startchancen-fur-junge-lehrkrafte-am-schiller-gymnasium-bautzen\/#primaryimage"},"thumbnailUrl":"https:\/\/lehrer-werden-in-sachsen.de\/stage\/wp-content\/uploads\/2022\/03\/SMK-Blog-Header-Schiller-Gymnasium-Bautzen_1920x970px.jpg","keywords":["Bedarf","Berufseinstieg","Gymnasium","S\u00e4chsische Regionen"],"articleSection":["Blog"],"inLanguage":"de"},{"@type":"WebPage","@id":"https:\/\/lehrer-werden-in-sachsen.de\/beste-startchancen-fur-junge-lehrkrafte-am-schiller-gymnasium-bautzen\/","url":"https:\/\/lehrer-werden-in-sachsen.de\/beste-startchancen-fur-junge-lehrkrafte-am-schiller-gymnasium-bautzen\/","name":"LEHRERIN SACHSEN | Schillers Gemeinschaft in Bautzen","isPartOf":{"@id":"https:\/\/lehrer-werden-in-sachsen.de\/#website"},"primaryImageOfPage":{"@id":"https:\/\/lehrer-werden-in-sachsen.de\/beste-startchancen-fur-junge-lehrkrafte-am-schiller-gymnasium-bautzen\/#primaryimage"},"image":{"@id":"https:\/\/lehrer-werden-in-sachsen.de\/beste-startchancen-fur-junge-lehrkrafte-am-schiller-gymnasium-bautzen\/#primaryimage"},"thumbnailUrl":"https:\/\/lehrer-werden-in-sachsen.de\/stage\/wp-content\/uploads\/2022\/03\/SMK-Blog-Header-Schiller-Gymnasium-Bautzen_1920x970px.jpg","datePublished":"2024-10-25T15:21:55+00:00","dateModified":"2025-10-10T10:30:17+00:00","description":"Beim Schiller-Gymnasium Bautzen steht die Gemeinschaft im Vordergrund. Angehende Lehrkr\u00e4fte erfahren umfassende Unterst\u00fctzung und beste Startchancen.","breadcrumb":{"@id":"https:\/\/lehrer-werden-in-sachsen.de\/beste-startchancen-fur-junge-lehrkrafte-am-schiller-gymnasium-bautzen\/#breadcrumb"},"inLanguage":"de","potentialAction":[{"@type":"ReadAction","target":["https:\/\/lehrer-werden-in-sachsen.de\/beste-startchancen-fur-junge-lehrkrafte-am-schiller-gymnasium-bautzen\/"]}]},{"@type":"ImageObject","inLanguage":"de","@id":"https:\/\/lehrer-werden-in-sachsen.de\/beste-startchancen-fur-junge-lehrkrafte-am-schiller-gymnasium-bautzen\/#primaryimage","url":"https:\/\/lehrer-werden-in-sachsen.de\/stage\/wp-content\/uploads\/2022\/03\/SMK-Blog-Header-Schiller-Gymnasium-Bautzen_1920x970px.jpg","contentUrl":"https:\/\/lehrer-werden-in-sachsen.de\/stage\/wp-content\/uploads\/2022\/03\/SMK-Blog-Header-Schiller-Gymnasium-Bautzen_1920x970px.jpg","width":1920,"height":970,"caption":"Blick aus der Vogelperspektive auf das Schulgel\u00e4nde des Schiller-Gymnasiums"},{"@type":"BreadcrumbList","@id":"https:\/\/lehrer-werden-in-sachsen.de\/beste-startchancen-fur-junge-lehrkrafte-am-schiller-gymnasium-bautzen\/#breadcrumb","itemListElement":[{"@type":"ListItem","position":1,"name":"Startseite","item":"https:\/\/lehrer-werden-in-sachsen.de\/"},{"@type":"ListItem","position":2,"name":"Beste Startchancen f\u00fcr junge Lehrkr\u00e4fte am Schiller-Gymnasium Bautzen\u00a0"}]},{"@type":"WebSite","@id":"https:\/\/lehrer-werden-in-sachsen.de\/#website","url":"https:\/\/lehrer-werden-in-sachsen.de\/","name":"LEHRERIN SACHSEN","description":"Eine Klasse f\u00fcr sich.","publisher":{"@id":"https:\/\/lehrer-werden-in-sachsen.de\/#organization"},"potentialAction":[{"@type":"SearchAction","target":{"@type":"EntryPoint","urlTemplate":"https:\/\/lehrer-werden-in-sachsen.de\/?s={search_term_string}"},"query-input":{"@type":"PropertyValueSpecification","valueRequired":true,"valueName":"search_term_string"}}],"inLanguage":"de"},{"@type":"Organization","@id":"https:\/\/lehrer-werden-in-sachsen.de\/#organization","name":"LEHRERIN SACHSEN","url":"https:\/\/lehrer-werden-in-sachsen.de\/","logo":{"@type":"ImageObject","inLanguage":"de","@id":"https:\/\/lehrer-werden-in-sachsen.de\/#\/schema\/logo\/image\/","url":"https:\/\/lehrer-werden-in-sachsen.de\/stage\/wp-content\/uploads\/2022\/02\/SMK_Leherin-Sachsen-Marke_RGB_Violett-Orange.svg","contentUrl":"https:\/\/lehrer-werden-in-sachsen.de\/stage\/wp-content\/uploads\/2022\/02\/SMK_Leherin-Sachsen-Marke_RGB_Violett-Orange.svg","caption":"LEHRERIN SACHSEN"},"image":{"@id":"https:\/\/lehrer-werden-in-sachsen.de\/#\/schema\/logo\/image\/"}},{"@type":"Person","@id":"https:\/\/lehrer-werden-in-sachsen.de\/#\/schema\/person\/6dbe9635253d3b88634d4ec21342610f","name":"Ann-Kathrin Bonin","image":{"@type":"ImageObject","inLanguage":"de","@id":"https:\/\/secure.gravatar.com\/avatar\/9bd7a69d42ac31ba0f173f8ccc1e02630b31c56775754929897f43fa875fcd0f?s=96&d=mm&r=g","url":"https:\/\/secure.gravatar.com\/avatar\/9bd7a69d42ac31ba0f173f8ccc1e02630b31c56775754929897f43fa875fcd0f?s=96&d=mm&r=g","contentUrl":"https:\/\/secure.gravatar.com\/avatar\/9bd7a69d42ac31ba0f173f8ccc1e02630b31c56775754929897f43fa875fcd0f?s=96&d=mm&r=g","caption":"Ann-Kathrin Bonin"},"url":"https:\/\/lehrer-werden-in-sachsen.de\/stage\/author\/ann-kathrin-bonin\/"}]}},"_links":{"self":[{"href":"https:\/\/lehrer-werden-in-sachsen.de\/stage\/wp-json\/wp\/v2\/posts\/17987","targetHints":{"allow":["GET"]}}],"collection":[{"href":"https:\/\/lehrer-werden-in-sachsen.de\/stage\/wp-json\/wp\/v2\/posts"}],"about":[{"href":"https:\/\/lehrer-werden-in-sachsen.de\/stage\/wp-json\/wp\/v2\/types\/post"}],"author":[{"embeddable":true,"href":"https:\/\/lehrer-werden-in-sachsen.de\/stage\/wp-json\/wp\/v2\/users\/26"}],"replies":[{"embeddable":true,"href":"https:\/\/lehrer-werden-in-sachsen.de\/stage\/wp-json\/wp\/v2\/comments?post=17987"}],"version-history":[{"count":175,"href":"https:\/\/lehrer-werden-in-sachsen.de\/stage\/wp-json\/wp\/v2\/posts\/17987\/revisions"}],"predecessor-version":[{"id":23901,"href":"https:\/\/lehrer-werden-in-sachsen.de\/stage\/wp-json\/wp\/v2\/posts\/17987\/revisions\/23901"}],"wp:featuredmedia":[{"embeddable":true,"href":"https:\/\/lehrer-werden-in-sachsen.de\/stage\/wp-json\/wp\/v2\/media\/17989"}],"wp:attachment":[{"href":"https:\/\/lehrer-werden-in-sachsen.de\/stage\/wp-json\/wp\/v2\/media?parent=17987"}],"wp:term":[{"taxonomy":"category","embeddable":true,"href":"https:\/\/lehrer-werden-in-sachsen.de\/stage\/wp-json\/wp\/v2\/categories?post=17987"},{"taxonomy":"post_tag","embeddable":true,"href":"https:\/\/lehrer-werden-in-sachsen.de\/stage\/wp-json\/wp\/v2\/tags?post=17987"}],"curies":[{"name":"wp","href":"https:\/\/api.w.org\/{rel}","templated":true}]}}