{"id":16988,"date":"2024-09-17T12:59:59","date_gmt":"2024-09-17T10:59:59","guid":{"rendered":"https:\/\/lehrer-werden-in-sachsen.de\/stage\/?p=16988"},"modified":"2025-10-10T12:30:50","modified_gmt":"2025-10-10T10:30:50","slug":"update-wenn-der-schulhoftraum-zur-realitat-wird","status":"publish","type":"post","link":"https:\/\/lehrer-werden-in-sachsen.de\/stage\/update-wenn-der-schulhoftraum-zur-realitat-wird\/","title":{"rendered":"Update: Wenn der Schulhoftraum zur Realit\u00e4t wird"},"content":{"rendered":"\t\t<div data-elementor-type=\"wp-post\" data-elementor-id=\"16988\" class=\"elementor elementor-16988\" data-elementor-post-type=\"post\">\n\t\t\t\t\t\t<section class=\"elementor-section elementor-top-section elementor-element elementor-element-77dc2d3 elementor-section-boxed elementor-section-height-default elementor-section-height-default\" data-id=\"77dc2d3\" data-element_type=\"section\" data-e-type=\"section\">\n\t\t\t\t\t\t<div class=\"elementor-container elementor-column-gap-default\">\n\t\t\t\t\t<div class=\"elementor-column elementor-col-100 elementor-top-column elementor-element elementor-element-db24ebd\" data-id=\"db24ebd\" data-element_type=\"column\" data-e-type=\"column\">\n\t\t\t<div class=\"elementor-widget-wrap elementor-element-populated\">\n\t\t\t\t\t\t<div class=\"elementor-element elementor-element-8cb6e5f elementor-widget elementor-widget-text-editor\" data-id=\"8cb6e5f\" data-element_type=\"widget\" data-e-type=\"widget\" data-widget_type=\"text-editor.default\">\n\t\t\t\t<div class=\"elementor-widget-container\">\n\t\t\t\t\t\t\t\t\t<p><strong>Noch vor zwei Jahren glich der Schulhof des <a href=\"https:\/\/www.gymnasium-hartha.de\/\" title=\"Martin-Luther-Gymnasium in Hartha\" target=\"_blank\" rel=\"noopener\">Martin-Luther-Gymnasiums in Hartha<\/a>, einer Kleinstadt in Sachsen, einer Betonw\u00fcste. Sowohl Lehrende als auch Sch\u00fclerinnen und Sch\u00fcler stellten fest, dass er nicht gerade zum Spielen, Bewegen und Verweilen einlud. \u201eEin trauriges Bild\u201c \u2013 so das damalige Fazit von Sandra V\u00f6ls, Fachleiterin des musisch-k\u00fcnstlerischen Bereichs der Schule.<\/strong><\/p>\t\t\t\t\t\t\t\t<\/div>\n\t\t\t\t<\/div>\n\t\t\t\t\t<\/div>\n\t\t<\/div>\n\t\t\t\t\t<\/div>\n\t\t<\/section>\n\t\t\t\t<section class=\"elementor-section elementor-top-section elementor-element elementor-element-ed38f79 elementor-section-boxed elementor-section-height-default elementor-section-height-default\" data-id=\"ed38f79\" data-element_type=\"section\" data-e-type=\"section\">\n\t\t\t\t\t\t<div class=\"elementor-container elementor-column-gap-default\">\n\t\t\t\t\t<div class=\"elementor-column elementor-col-100 elementor-top-column elementor-element elementor-element-0ff2c83\" data-id=\"0ff2c83\" data-element_type=\"column\" data-e-type=\"column\">\n\t\t\t<div class=\"elementor-widget-wrap elementor-element-populated\">\n\t\t\t\t\t\t<div class=\"elementor-element elementor-element-d942dcc elementor-widget elementor-widget-heading\" data-id=\"d942dcc\" data-element_type=\"widget\" data-e-type=\"widget\" data-widget_type=\"heading.default\">\n\t\t\t\t<div class=\"elementor-widget-container\">\n\t\t\t\t\t<h2 class=\"elementor-heading-title elementor-size-default\">Recap: Der Weg zum Spatenstich<\/h2>\t\t\t\t<\/div>\n\t\t\t\t<\/div>\n\t\t\t\t\t<\/div>\n\t\t<\/div>\n\t\t\t\t\t<\/div>\n\t\t<\/section>\n\t\t\t\t<section class=\"elementor-section elementor-top-section elementor-element elementor-element-20f5d6f elementor-section-boxed elementor-section-height-default elementor-section-height-default\" data-id=\"20f5d6f\" data-element_type=\"section\" data-e-type=\"section\">\n\t\t\t\t\t\t<div class=\"elementor-container elementor-column-gap-default\">\n\t\t\t\t\t<div class=\"elementor-column elementor-col-100 elementor-top-column elementor-element elementor-element-387bff1\" data-id=\"387bff1\" data-element_type=\"column\" data-e-type=\"column\">\n\t\t\t<div class=\"elementor-widget-wrap elementor-element-populated\">\n\t\t\t\t\t\t<div class=\"elementor-element elementor-element-ea92e7e elementor-widget elementor-widget-text-editor\" data-id=\"ea92e7e\" data-element_type=\"widget\" data-e-type=\"widget\" data-widget_type=\"text-editor.default\">\n\t\t\t\t<div class=\"elementor-widget-container\">\n\t\t\t\t\t\t\t\t\t<p>Ver\u00e4nderung musste her: Ideen gab es zahlreiche, nur die Finanzierung stellte die Schulgemeinschaft vor Probleme. Schulleiterin Heike Gei\u00dfler kam der Gedanke, das Konzept zur Umgestaltung bei <a href=\"https:\/\/www.dkhw.de\/informieren\/unsere-angebote\/fuer-kitas-und-schulen\/schulhoftraeume\/\" title=\"Deutsches Kinderhilfswerk - Schulhoftr\u00e4ume\" target=\"_blank\" rel=\"noopener\">\u201eSchulhoftr\u00e4ume\u201c<\/a>, einer Aktion des <a href=\"https:\/\/www.dkhw.de\/\" title=\"Deutsches Kinderhilfswerk\" target=\"_blank\" rel=\"noopener\">Deutschen Kinderhilfswerks<\/a>, <a href=\"https:\/\/www.rossmann.de\/de\/\" title=\"Rossmann\" target=\"_blank\" rel=\"noopener\">Rossmann<\/a> und <a href=\"https:\/\/de.pg.com\/\" title=\"Procter &amp; Gamble\" target=\"_blank\" rel=\"noopener\">Procter &amp; Gamble (P&amp;G)<\/a> zur Neugestaltung optimierungsbed\u00fcrftiger Schulh\u00f6fe einzureichen. Mit der Idee \u00a0\u201eBetonw\u00fcste ade \u2013 wir schaffen uns eine gr\u00fcne Oase\u201c setzte sich das Gymnasium gegen 300 weitere Schulen aus ganz Deutschland durch und erhielt den mit 15.000 Euro dotierten Hauptpreis.<\/p><p>Ende 2023 haben wir \u00fcber den <a href=\"https:\/\/lehrer-werden-in-sachsen.de\\\\\/schulhoftraeume-martin-luther-gymnasium-hartha\" title=\"Der Schulhof des Martin-Luther-Gymnasiums Hartha\">lang ersehnten Spatenstich<\/a> und den Weg dorthin berichtet. Nun, fast ein Jahr nach dem Start des Projektes, wurde der Schulhof feierlich er\u00f6ffnet.<\/p>\t\t\t\t\t\t\t\t<\/div>\n\t\t\t\t<\/div>\n\t\t\t\t\t<\/div>\n\t\t<\/div>\n\t\t\t\t\t<\/div>\n\t\t<\/section>\n\t\t\t\t<section class=\"elementor-section elementor-top-section elementor-element elementor-element-5dba2d5 elementor-section-boxed elementor-section-height-default elementor-section-height-default\" data-id=\"5dba2d5\" data-element_type=\"section\" data-e-type=\"section\">\n\t\t\t\t\t\t<div class=\"elementor-container elementor-column-gap-default\">\n\t\t\t\t\t<div class=\"elementor-column elementor-col-100 elementor-top-column elementor-element elementor-element-08ad072\" data-id=\"08ad072\" data-element_type=\"column\" data-e-type=\"column\">\n\t\t\t<div class=\"elementor-widget-wrap elementor-element-populated\">\n\t\t\t\t\t\t<div class=\"elementor-element elementor-element-8b07bac elementor-widget elementor-widget-heading\" data-id=\"8b07bac\" data-element_type=\"widget\" data-e-type=\"widget\" data-widget_type=\"heading.default\">\n\t\t\t\t<div class=\"elementor-widget-container\">\n\t\t\t\t\t<h2 class=\"elementor-heading-title elementor-size-default\">Eine Extra-Stunde f\u00fcrs G\u00e4rtnern<\/h2>\t\t\t\t<\/div>\n\t\t\t\t<\/div>\n\t\t\t\t<div class=\"elementor-element elementor-element-cbda302 elementor-widget elementor-widget-text-editor\" data-id=\"cbda302\" data-element_type=\"widget\" data-e-type=\"widget\" data-widget_type=\"text-editor.default\">\n\t\t\t\t<div class=\"elementor-widget-container\">\n\t\t\t\t\t\t\t\t\t<p>Die Gestaltung des Schulhofs wurde auch in den Unterricht eingebunden: Seit Herbst 2023 bekamen die F\u00fcnftkl\u00e4sslerinnen und F\u00fcnftkl\u00e4ssler jede Woche eine zus\u00e4tzliche Stunde f\u00fcr die Arbeit, um den Hof zu versch\u00f6nern und lebendiger zu gestalten. In dieser Zeit wurden beispielsweise Blumenzwiebeln gesteckt und Unkraut gej\u00e4tet. Auch kreative Bastelprojekte kamen nicht zu kurz: So freuen sich zahlreiche Vogelarten seit letztem Winter \u00fcber neue, selbst gebaute Nistk\u00e4sten.<\/p>\t\t\t\t\t\t\t\t<\/div>\n\t\t\t\t<\/div>\n\t\t\t\t\t<\/div>\n\t\t<\/div>\n\t\t\t\t\t<\/div>\n\t\t<\/section>\n\t\t\t\t<section class=\"elementor-section elementor-top-section elementor-element elementor-element-da2efc3 elementor-section-boxed elementor-section-height-default elementor-section-height-default\" data-id=\"da2efc3\" data-element_type=\"section\" data-e-type=\"section\">\n\t\t\t\t\t\t<div class=\"elementor-container elementor-column-gap-default\">\n\t\t\t\t\t<div class=\"elementor-column elementor-col-100 elementor-top-column elementor-element elementor-element-f9ed401\" data-id=\"f9ed401\" data-element_type=\"column\" data-e-type=\"column\">\n\t\t\t<div class=\"elementor-widget-wrap elementor-element-populated\">\n\t\t\t\t\t\t<div class=\"elementor-element elementor-element-abdb141 elementor-widget elementor-widget-heading\" data-id=\"abdb141\" data-element_type=\"widget\" data-e-type=\"widget\" data-widget_type=\"heading.default\">\n\t\t\t\t<div class=\"elementor-widget-container\">\n\t\t\t\t\t<h2 class=\"elementor-heading-title elementor-size-default\">Gemeinsam zum Schulhoftraum - Engagement auch in der Freizeit<\/h2>\t\t\t\t<\/div>\n\t\t\t\t<\/div>\n\t\t\t\t\t<\/div>\n\t\t<\/div>\n\t\t\t\t\t<\/div>\n\t\t<\/section>\n\t\t\t\t<section class=\"elementor-section elementor-top-section elementor-element elementor-element-1bd4bcd elementor-section-boxed elementor-section-height-default elementor-section-height-default\" data-id=\"1bd4bcd\" data-element_type=\"section\" data-e-type=\"section\">\n\t\t\t\t\t\t<div class=\"elementor-container elementor-column-gap-default\">\n\t\t\t\t\t<div class=\"elementor-column elementor-col-100 elementor-top-column elementor-element elementor-element-e4f213f\" data-id=\"e4f213f\" data-element_type=\"column\" data-e-type=\"column\">\n\t\t\t<div class=\"elementor-widget-wrap elementor-element-populated\">\n\t\t\t\t\t\t<div class=\"elementor-element elementor-element-abc83b7 elementor-widget elementor-widget-text-editor\" data-id=\"abc83b7\" data-element_type=\"widget\" data-e-type=\"widget\" data-widget_type=\"text-editor.default\">\n\t\t\t\t<div class=\"elementor-widget-container\">\n\t\t\t\t\t\t\t\t\t<p>Nicht nur im Unterricht, sondern auch in ihrer Freizeit arbeiteten Sch\u00fcler-, Lehrer- und Elternschaft seit dem Spatenstich im Herbst 2023 an der Neugestaltung des Schulhofs. W\u00e4hrend eines Wochenendeinsatzes waren Eltern und Schulleitung aktiv, um entlang der Schule die verwachsenen Bodendecker zu entfernen. \u201eWir waren schon vorher ein wirklich gutes Team. Aber wir sind durch dieses gemeinschaftliche Projekt nochmal so zusammengewachsen\u00a0 &#8211; sowohl die Lehrer und Sch\u00fcler als auch die Eltern. Das war wirklich sch\u00f6n zu sehen.\u201c<\/p><p>\u00a0<\/p><p>Auch Unternehmen in der Region unterst\u00fctzten die Verwirklichung des Schulhoftraums tatkr\u00e4ftig. Sie errichteten B\u00e4nke, einen Chill-Pavillon, eine H\u00e4ngemattenschaukel und den lang ersehnten Basketballkorb. Damit l\u00e4dt der Schulhof des Gymnasiums mittlerweile nicht nur zum Spielen, sondern auch zum Lernen im Freien ein. \u201eEs ist eine bl\u00fchende Landschaft entstanden, eine wahre Wohlf\u00fchloase\u201c, freut sich Heike Gei\u00dfler.<\/p>\t\t\t\t\t\t\t\t<\/div>\n\t\t\t\t<\/div>\n\t\t\t\t\t<\/div>\n\t\t<\/div>\n\t\t\t\t\t<\/div>\n\t\t<\/section>\n\t\t\t\t<section class=\"elementor-section elementor-top-section elementor-element elementor-element-8ea1763 elementor-section-boxed elementor-section-height-default elementor-section-height-default\" data-id=\"8ea1763\" data-element_type=\"section\" data-e-type=\"section\">\n\t\t\t\t\t\t<div class=\"elementor-container elementor-column-gap-default\">\n\t\t\t\t\t<div class=\"elementor-column elementor-col-100 elementor-top-column elementor-element elementor-element-33e02bf\" data-id=\"33e02bf\" data-element_type=\"column\" data-e-type=\"column\">\n\t\t\t<div class=\"elementor-widget-wrap elementor-element-populated\">\n\t\t\t\t\t\t<div class=\"elementor-element elementor-element-4682335 elementor-widget elementor-widget-spacer\" data-id=\"4682335\" data-element_type=\"widget\" data-e-type=\"widget\" data-widget_type=\"spacer.default\">\n\t\t\t\t<div class=\"elementor-widget-container\">\n\t\t\t\t\t\t\t<div class=\"elementor-spacer\">\n\t\t\t<div class=\"elementor-spacer-inner\"><\/div>\n\t\t<\/div>\n\t\t\t\t\t\t<\/div>\n\t\t\t\t<\/div>\n\t\t\t\t\t<\/div>\n\t\t<\/div>\n\t\t\t\t\t<\/div>\n\t\t<\/section>\n\t\t\t\t<section class=\"elementor-section elementor-top-section elementor-element elementor-element-f17c750 elementor-section-boxed elementor-section-height-default elementor-section-height-default\" data-id=\"f17c750\" data-element_type=\"section\" data-e-type=\"section\">\n\t\t\t\t\t\t<div class=\"elementor-container elementor-column-gap-default\">\n\t\t\t\t\t<div class=\"elementor-column elementor-col-100 elementor-top-column elementor-element elementor-element-948b7ba\" data-id=\"948b7ba\" data-element_type=\"column\" data-e-type=\"column\">\n\t\t\t<div class=\"elementor-widget-wrap elementor-element-populated\">\n\t\t\t\t\t\t<div class=\"elementor-element elementor-element-0ad9fee elementor-widget elementor-widget-image\" data-id=\"0ad9fee\" data-element_type=\"widget\" data-e-type=\"widget\" data-widget_type=\"image.default\">\n\t\t\t\t<div class=\"elementor-widget-container\">\n\t\t\t\t\t\t\t\t\t\t\t\t\t\t\t<img decoding=\"async\" src=\"https:\/\/lehrer-werden-in-sachsen.de\/stage\/wp-content\/uploads\/2024\/09\/smk_lehrerin_sachsen_blog_schulhoftraume_hartha.jpg\" title=\"smk_lehrerin_sachsen_blog_schulhoftraume_hartha\" alt=\"Jugendliche auf dem Schulhof in Hartha beim Basketballspielen\" loading=\"lazy\" \/>\t\t\t\t\t\t\t\t\t\t\t\t\t\t\t<\/div>\n\t\t\t\t<\/div>\n\t\t\t\t\t<\/div>\n\t\t<\/div>\n\t\t\t\t\t<\/div>\n\t\t<\/section>\n\t\t\t\t<section class=\"elementor-section elementor-top-section elementor-element elementor-element-80ed639 elementor-section-boxed elementor-section-height-default elementor-section-height-default\" data-id=\"80ed639\" data-element_type=\"section\" data-e-type=\"section\">\n\t\t\t\t\t\t<div class=\"elementor-container elementor-column-gap-default\">\n\t\t\t\t\t<div class=\"elementor-column elementor-col-100 elementor-top-column elementor-element elementor-element-57b6a52\" data-id=\"57b6a52\" data-element_type=\"column\" data-e-type=\"column\">\n\t\t\t<div class=\"elementor-widget-wrap elementor-element-populated\">\n\t\t\t\t\t\t<div class=\"elementor-element elementor-element-155e96b elementor-widget elementor-widget-text-editor\" data-id=\"155e96b\" data-element_type=\"widget\" data-e-type=\"widget\" data-widget_type=\"text-editor.default\">\n\t\t\t\t<div class=\"elementor-widget-container\">\n\t\t\t\t\t\t\t\t\t<small>Der neue Basketballkorb auf dem Schulgel\u00e4nde des Gymnasiums in Hartha erfreut sich gro\u00dfer Beliebtheit.<\/small>\t\t\t\t\t\t\t\t<\/div>\n\t\t\t\t<\/div>\n\t\t\t\t\t<\/div>\n\t\t<\/div>\n\t\t\t\t\t<\/div>\n\t\t<\/section>\n\t\t\t\t<section class=\"elementor-section elementor-top-section elementor-element elementor-element-bc80392 elementor-section-boxed elementor-section-height-default elementor-section-height-default\" data-id=\"bc80392\" data-element_type=\"section\" data-e-type=\"section\">\n\t\t\t\t\t\t<div class=\"elementor-container elementor-column-gap-default\">\n\t\t\t\t\t<div class=\"elementor-column elementor-col-100 elementor-top-column elementor-element elementor-element-88b9c4e\" data-id=\"88b9c4e\" data-element_type=\"column\" data-e-type=\"column\">\n\t\t\t<div class=\"elementor-widget-wrap elementor-element-populated\">\n\t\t\t\t\t\t<div class=\"elementor-element elementor-element-b53d5cb elementor-widget elementor-widget-spacer\" data-id=\"b53d5cb\" data-element_type=\"widget\" data-e-type=\"widget\" data-widget_type=\"spacer.default\">\n\t\t\t\t<div class=\"elementor-widget-container\">\n\t\t\t\t\t\t\t<div class=\"elementor-spacer\">\n\t\t\t<div class=\"elementor-spacer-inner\"><\/div>\n\t\t<\/div>\n\t\t\t\t\t\t<\/div>\n\t\t\t\t<\/div>\n\t\t\t\t\t<\/div>\n\t\t<\/div>\n\t\t\t\t\t<\/div>\n\t\t<\/section>\n\t\t\t\t<section class=\"elementor-section elementor-top-section elementor-element elementor-element-5da86d0 elementor-section-boxed elementor-section-height-default elementor-section-height-default\" data-id=\"5da86d0\" data-element_type=\"section\" data-e-type=\"section\">\n\t\t\t\t\t\t<div class=\"elementor-container elementor-column-gap-default\">\n\t\t\t\t\t<div class=\"elementor-column elementor-col-100 elementor-top-column elementor-element elementor-element-e9a83ba\" data-id=\"e9a83ba\" data-element_type=\"column\" data-e-type=\"column\">\n\t\t\t<div class=\"elementor-widget-wrap elementor-element-populated\">\n\t\t\t\t\t\t<div class=\"elementor-element elementor-element-60a4894 elementor-widget elementor-widget-heading\" data-id=\"60a4894\" data-element_type=\"widget\" data-e-type=\"widget\" data-widget_type=\"heading.default\">\n\t\t\t\t<div class=\"elementor-widget-container\">\n\t\t\t\t\t<h2 class=\"elementor-heading-title elementor-size-default\">Coole Projekte: Musik-Innenhof und Geologielehrpfad<\/h2>\t\t\t\t<\/div>\n\t\t\t\t<\/div>\n\t\t\t\t\t<\/div>\n\t\t<\/div>\n\t\t\t\t\t<\/div>\n\t\t<\/section>\n\t\t\t\t<section class=\"elementor-section elementor-top-section elementor-element elementor-element-5093add elementor-section-boxed elementor-section-height-default elementor-section-height-default\" data-id=\"5093add\" data-element_type=\"section\" data-e-type=\"section\">\n\t\t\t\t\t\t<div class=\"elementor-container elementor-column-gap-default\">\n\t\t\t\t\t<div class=\"elementor-column elementor-col-100 elementor-top-column elementor-element elementor-element-6c67c6f\" data-id=\"6c67c6f\" data-element_type=\"column\" data-e-type=\"column\">\n\t\t\t<div class=\"elementor-widget-wrap elementor-element-populated\">\n\t\t\t\t\t\t<div class=\"elementor-element elementor-element-62c7cae elementor-widget elementor-widget-text-editor\" data-id=\"62c7cae\" data-element_type=\"widget\" data-e-type=\"widget\" data-widget_type=\"text-editor.default\">\n\t\t\t\t<div class=\"elementor-widget-container\">\n\t\t\t\t\t\t\t\t\t<p>Zum Schulhoftraum des Gymnasiums geh\u00f6rt seit kurzem ein Geologielehrpfad. Eine regionale Steinmetzfirma stellte der Schulgemeinschaft verschiedene Gesteinsarten zur Verf\u00fcgung, die von den Sch\u00fclerinnen und Sch\u00fclern als Platten verlegt und beschriftet wurden. \u201eDas m\u00f6chten die Geographinnen und Geographen sp\u00e4ter f\u00fcr ihren Unterricht nutzen\u201c, erkl\u00e4rt Heike Gei\u00dfler. \u00dcbrig gebliebene Gesteinsreste wurden von den Sch\u00fclerinnen und Sch\u00fclern zerbrochen und kunstvoll als Mosaik an der Schulhofmauer angebracht.<\/p><p><br><\/p>\n<p><\/p>\n<p>Der noch vor ein paar Monaten mit Unkraut und Bodendeckern zugewucherte Innenhof vor dem Musiktrakt des Gymnasiums bekam ebenfalls ein Makeover. Vielf\u00e4ltige Sitzm\u00f6glichkeiten und sch\u00f6n angelegte Wege machen den vorher unattraktiven Schulhofteil nun f\u00fcr die Schulgemeinschaft nutzbar.<\/p><p><br><\/p>\n<p><\/p>\n<p>Die verschiedenen Projekte auf dem Hof haben die Schulgemeinschaft n\u00e4her zusammengebracht. \u201eMan hat einen ganz anderen Bezug zu den Sch\u00fclern, wenn man beispielsweise gemeinsam den Pavillon streicht und kommt zu verschiedenen Themen ins Gespr\u00e4ch. Das hat sich ungeheuer positiv auf das Gemeinschaftsgef\u00fchl ausgewirkt\u201c, berichtet die Schulleiterin.<\/p>\t\t\t\t\t\t\t\t<\/div>\n\t\t\t\t<\/div>\n\t\t\t\t\t<\/div>\n\t\t<\/div>\n\t\t\t\t\t<\/div>\n\t\t<\/section>\n\t\t\t\t<section class=\"elementor-section elementor-top-section elementor-element elementor-element-64204f1 elementor-section-boxed elementor-section-height-default elementor-section-height-default\" data-id=\"64204f1\" data-element_type=\"section\" data-e-type=\"section\">\n\t\t\t\t\t\t<div class=\"elementor-container elementor-column-gap-default\">\n\t\t\t\t\t<div class=\"elementor-column elementor-col-100 elementor-top-column elementor-element elementor-element-fe5d42e\" data-id=\"fe5d42e\" data-element_type=\"column\" data-e-type=\"column\">\n\t\t\t<div class=\"elementor-widget-wrap elementor-element-populated\">\n\t\t\t\t\t\t<div class=\"elementor-element elementor-element-c3c7903 elementor-widget elementor-widget-spacer\" data-id=\"c3c7903\" data-element_type=\"widget\" data-e-type=\"widget\" data-widget_type=\"spacer.default\">\n\t\t\t\t<div class=\"elementor-widget-container\">\n\t\t\t\t\t\t\t<div class=\"elementor-spacer\">\n\t\t\t<div class=\"elementor-spacer-inner\"><\/div>\n\t\t<\/div>\n\t\t\t\t\t\t<\/div>\n\t\t\t\t<\/div>\n\t\t\t\t\t<\/div>\n\t\t<\/div>\n\t\t\t\t\t<\/div>\n\t\t<\/section>\n\t\t\t\t<section class=\"elementor-section elementor-top-section elementor-element elementor-element-bee236d elementor-section-boxed elementor-section-height-default elementor-section-height-default\" data-id=\"bee236d\" data-element_type=\"section\" data-e-type=\"section\">\n\t\t\t\t\t\t<div class=\"elementor-container elementor-column-gap-default\">\n\t\t\t\t\t<div class=\"elementor-column elementor-col-100 elementor-top-column elementor-element elementor-element-8581a5f\" data-id=\"8581a5f\" data-element_type=\"column\" data-e-type=\"column\">\n\t\t\t<div class=\"elementor-widget-wrap elementor-element-populated\">\n\t\t\t\t\t\t<div class=\"elementor-element elementor-element-616ef81 elementor-widget elementor-widget-image\" data-id=\"616ef81\" data-element_type=\"widget\" data-e-type=\"widget\" data-widget_type=\"image.default\">\n\t\t\t\t<div class=\"elementor-widget-container\">\n\t\t\t\t\t\t\t\t\t\t\t\t\t\t\t<img decoding=\"async\" src=\"https:\/\/lehrer-werden-in-sachsen.de\/stage\/wp-content\/uploads\/2024\/09\/smk_lehrerin_sachsen_blog_schulhoftraeume_gruenesklassenzimmer.jpg\" title=\"smk_lehrerin_sachsen_blog_schulhoftr\u00e4ume_gruenesklassenzimmer\" alt=\"Totale des gr\u00fcnen Klassenzimmers im Schulgel\u00e4nde des Gymnasiums Hartha\" loading=\"lazy\" \/>\t\t\t\t\t\t\t\t\t\t\t\t\t\t\t<\/div>\n\t\t\t\t<\/div>\n\t\t\t\t\t<\/div>\n\t\t<\/div>\n\t\t\t\t\t<\/div>\n\t\t<\/section>\n\t\t\t\t<section class=\"elementor-section elementor-top-section elementor-element elementor-element-67bf6d8 elementor-section-boxed elementor-section-height-default elementor-section-height-default\" data-id=\"67bf6d8\" data-element_type=\"section\" data-e-type=\"section\">\n\t\t\t\t\t\t<div class=\"elementor-container elementor-column-gap-default\">\n\t\t\t\t\t<div class=\"elementor-column elementor-col-100 elementor-top-column elementor-element elementor-element-a021a9f\" data-id=\"a021a9f\" data-element_type=\"column\" data-e-type=\"column\">\n\t\t\t<div class=\"elementor-widget-wrap elementor-element-populated\">\n\t\t\t\t\t\t<div class=\"elementor-element elementor-element-83af0fb elementor-widget elementor-widget-text-editor\" data-id=\"83af0fb\" data-element_type=\"widget\" data-e-type=\"widget\" data-widget_type=\"text-editor.default\">\n\t\t\t\t<div class=\"elementor-widget-container\">\n\t\t\t\t\t\t\t\t\t<small>Das gr\u00fcne Klassenzimmer schenkt v\u00f6llig neue Perspektiven zum Lernen oder Verschnaufpausen an der frischen Luft. <\/small>\t\t\t\t\t\t\t\t<\/div>\n\t\t\t\t<\/div>\n\t\t\t\t\t<\/div>\n\t\t<\/div>\n\t\t\t\t\t<\/div>\n\t\t<\/section>\n\t\t\t\t<section class=\"elementor-section elementor-top-section elementor-element elementor-element-7d5ee92 elementor-section-boxed elementor-section-height-default elementor-section-height-default\" data-id=\"7d5ee92\" data-element_type=\"section\" data-e-type=\"section\">\n\t\t\t\t\t\t<div class=\"elementor-container elementor-column-gap-default\">\n\t\t\t\t\t<div class=\"elementor-column elementor-col-100 elementor-top-column elementor-element elementor-element-4715e57\" data-id=\"4715e57\" data-element_type=\"column\" data-e-type=\"column\">\n\t\t\t<div class=\"elementor-widget-wrap elementor-element-populated\">\n\t\t\t\t\t\t<div class=\"elementor-element elementor-element-be13749 elementor-widget elementor-widget-spacer\" data-id=\"be13749\" data-element_type=\"widget\" data-e-type=\"widget\" data-widget_type=\"spacer.default\">\n\t\t\t\t<div class=\"elementor-widget-container\">\n\t\t\t\t\t\t\t<div class=\"elementor-spacer\">\n\t\t\t<div class=\"elementor-spacer-inner\"><\/div>\n\t\t<\/div>\n\t\t\t\t\t\t<\/div>\n\t\t\t\t<\/div>\n\t\t\t\t\t<\/div>\n\t\t<\/div>\n\t\t\t\t\t<\/div>\n\t\t<\/section>\n\t\t\t\t<section class=\"elementor-section elementor-top-section elementor-element elementor-element-19d2fe7 elementor-section-boxed elementor-section-height-default elementor-section-height-default\" data-id=\"19d2fe7\" data-element_type=\"section\" data-e-type=\"section\">\n\t\t\t\t\t\t<div class=\"elementor-container elementor-column-gap-default\">\n\t\t\t\t\t<div class=\"elementor-column elementor-col-100 elementor-top-column elementor-element elementor-element-75a8ac8\" data-id=\"75a8ac8\" data-element_type=\"column\" data-e-type=\"column\">\n\t\t\t<div class=\"elementor-widget-wrap elementor-element-populated\">\n\t\t\t\t\t\t<div class=\"elementor-element elementor-element-8bc68c6 elementor-widget elementor-widget-heading\" data-id=\"8bc68c6\" data-element_type=\"widget\" data-e-type=\"widget\" data-widget_type=\"heading.default\">\n\t\t\t\t<div class=\"elementor-widget-container\">\n\t\t\t\t\t<h2 class=\"elementor-heading-title elementor-size-default\">Gleich zwei Anl\u00e4sse zum Feiern: Projektabschluss und S\u00e4chsischer Schulpreis 2024<\/h2>\t\t\t\t<\/div>\n\t\t\t\t<\/div>\n\t\t\t\t\t<\/div>\n\t\t<\/div>\n\t\t\t\t\t<\/div>\n\t\t<\/section>\n\t\t\t\t<section class=\"elementor-section elementor-top-section elementor-element elementor-element-1ae880a elementor-section-boxed elementor-section-height-default elementor-section-height-default\" data-id=\"1ae880a\" data-element_type=\"section\" data-e-type=\"section\">\n\t\t\t\t\t\t<div class=\"elementor-container elementor-column-gap-default\">\n\t\t\t\t\t<div class=\"elementor-column elementor-col-100 elementor-top-column elementor-element elementor-element-7c9842f\" data-id=\"7c9842f\" data-element_type=\"column\" data-e-type=\"column\">\n\t\t\t<div class=\"elementor-widget-wrap elementor-element-populated\">\n\t\t\t\t\t\t<div class=\"elementor-element elementor-element-135e747 elementor-widget elementor-widget-text-editor\" data-id=\"135e747\" data-element_type=\"widget\" data-e-type=\"widget\" data-widget_type=\"text-editor.default\">\n\t\t\t\t<div class=\"elementor-widget-container\">\n\t\t\t\t\t\t\t\t\t<p>Kurz vor Beginn der Sommerferien feierten Sch\u00fcler- und Lehrerschaft den erfolgreichen Abschluss des Projekts beim Schulhoffest. Getreu dem Festmotto \u201aVon Hartha nach Hawaii\u2018 ist der Schulhof kaum wiederzuerkennen: Viel Gr\u00fcn, eine bl\u00fchende Landschaft und bequeme Sitzm\u00f6glichkeiten laden nun zum Spielen, Lernen und Verweilen ein.<\/p><p>Damit nicht genug: Am 3. Juni 2024 wurde das Gymnasium in Hartha mit dem <a href=\"https:\/\/www.schule.sachsen.de\/saechsischer-schulpreis-6470.html\" title=\"Sachsen.de S\u00e4chsischer Schulpreis\" target=\"_blank\" rel=\"noopener\">S\u00e4chsischen Schulpreis 2023\/24<\/a> ausgezeichnet, unter anderem f\u00fcr das Projekt \u201aSchulhoftraum\u2018. Damit hat sich die viele Arbeit w\u00e4hrend und au\u00dferhalb des Unterrichts gleich doppelt gelohnt, denn eines ist ganz sicher: Die einstige Betonw\u00fcste ist pass\u00e9!<\/p>\t\t\t\t\t\t\t\t<\/div>\n\t\t\t\t<\/div>\n\t\t\t\t\t<\/div>\n\t\t<\/div>\n\t\t\t\t\t<\/div>\n\t\t<\/section>\n\t\t\t\t<section class=\"elementor-section elementor-top-section elementor-element elementor-element-d185752 elementor-section-boxed elementor-section-height-default elementor-section-height-default\" data-id=\"d185752\" data-element_type=\"section\" data-e-type=\"section\">\n\t\t\t\t\t\t<div class=\"elementor-container elementor-column-gap-default\">\n\t\t\t\t\t<div class=\"elementor-column elementor-col-100 elementor-top-column elementor-element elementor-element-e7249c1\" data-id=\"e7249c1\" data-element_type=\"column\" data-e-type=\"column\">\n\t\t\t<div class=\"elementor-widget-wrap elementor-element-populated\">\n\t\t\t\t\t\t<div class=\"elementor-element elementor-element-671e488 elementor-widget elementor-widget-spacer\" data-id=\"671e488\" data-element_type=\"widget\" data-e-type=\"widget\" data-widget_type=\"spacer.default\">\n\t\t\t\t<div class=\"elementor-widget-container\">\n\t\t\t\t\t\t\t<div class=\"elementor-spacer\">\n\t\t\t<div class=\"elementor-spacer-inner\"><\/div>\n\t\t<\/div>\n\t\t\t\t\t\t<\/div>\n\t\t\t\t<\/div>\n\t\t\t\t\t<\/div>\n\t\t<\/div>\n\t\t\t\t\t<\/div>\n\t\t<\/section>\n\t\t\t\t<section class=\"elementor-section elementor-top-section elementor-element elementor-element-d1d527c elementor-section-boxed elementor-section-height-default elementor-section-height-default\" data-id=\"d1d527c\" data-element_type=\"section\" data-e-type=\"section\">\n\t\t\t\t\t\t<div class=\"elementor-container elementor-column-gap-default\">\n\t\t\t\t\t<div class=\"elementor-column elementor-col-100 elementor-top-column elementor-element elementor-element-62172f2\" data-id=\"62172f2\" data-element_type=\"column\" data-e-type=\"column\">\n\t\t\t<div class=\"elementor-widget-wrap elementor-element-populated\">\n\t\t\t\t\t\t<div class=\"elementor-element elementor-element-b9e4566 elementor-widget elementor-widget-heading\" data-id=\"b9e4566\" data-element_type=\"widget\" data-e-type=\"widget\" data-widget_type=\"heading.default\">\n\t\t\t\t<div class=\"elementor-widget-container\">\n\t\t\t\t\t<h3 class=\"elementor-heading-title elementor-size-default\">Du willst deinen eigenen Schulhoftraum umsetzen? Dann werde Lehrer In Sachsen!<\/h3>\t\t\t\t<\/div>\n\t\t\t\t<\/div>\n\t\t\t\t\t<\/div>\n\t\t<\/div>\n\t\t\t\t\t<\/div>\n\t\t<\/section>\n\t\t\t\t<section class=\"elementor-section elementor-top-section elementor-element elementor-element-25a1017 elementor-section-boxed elementor-section-height-default elementor-section-height-default\" data-id=\"25a1017\" data-element_type=\"section\" data-e-type=\"section\">\n\t\t\t\t\t\t<div class=\"elementor-container elementor-column-gap-default\">\n\t\t\t\t\t<div class=\"elementor-column elementor-col-100 elementor-top-column elementor-element elementor-element-bdb75b5\" data-id=\"bdb75b5\" data-element_type=\"column\" data-e-type=\"column\">\n\t\t\t<div class=\"elementor-widget-wrap elementor-element-populated\">\n\t\t\t\t\t\t<div class=\"elementor-element elementor-element-66b9e27 elementor-widget elementor-widget-button\" data-id=\"66b9e27\" data-element_type=\"widget\" data-e-type=\"widget\" data-widget_type=\"button.default\">\n\t\t\t\t<div class=\"elementor-widget-container\">\n\t\t\t\t\t\t\t\t\t<div class=\"elementor-button-wrapper\">\n\t\t\t\t\t<a class=\"elementor-button elementor-button-link elementor-size-sm\" href=\"https:\/\/lehrer-werden-in-sachsen.de\/infos-zum-lehramtsstudium\/\" title=\"Infos zum Lehramtsstudium\">\n\t\t\t\t\t\t<span class=\"elementor-button-content-wrapper\">\n\t\t\t\t\t\t\t\t\t<span class=\"elementor-button-text\">Infos zum Lehramtsstudium<\/span>\n\t\t\t\t\t<\/span>\n\t\t\t\t\t<\/a>\n\t\t\t\t<\/div>\n\t\t\t\t\t\t\t\t<\/div>\n\t\t\t\t<\/div>\n\t\t\t\t<div class=\"elementor-element elementor-element-2adbd68 elementor-widget elementor-widget-button\" data-id=\"2adbd68\" data-element_type=\"widget\" data-e-type=\"widget\" data-widget_type=\"button.default\">\n\t\t\t\t<div class=\"elementor-widget-container\">\n\t\t\t\t\t\t\t\t\t<div class=\"elementor-button-wrapper\">\n\t\t\t\t\t<a class=\"elementor-button elementor-button-link elementor-size-sm\" href=\"https:\/\/lehrer-werden-in-sachsen.de\/infos-zur-beruflichen-orientierung\/\" title=\"Infos zur beruflichen Orientierung\">\n\t\t\t\t\t\t<span class=\"elementor-button-content-wrapper\">\n\t\t\t\t\t\t\t\t\t<span class=\"elementor-button-text\">Infos zur beruflichen Orientierung<\/span>\n\t\t\t\t\t<\/span>\n\t\t\t\t\t<\/a>\n\t\t\t\t<\/div>\n\t\t\t\t\t\t\t\t<\/div>\n\t\t\t\t<\/div>\n\t\t\t\t\t<\/div>\n\t\t<\/div>\n\t\t\t\t\t<\/div>\n\t\t<\/section>\n\t\t\t\t<\/div>\n\t\t","protected":false},"excerpt":{"rendered":"<p>Mit der Idee &#8222;Betonw\u00fcste ade &#8211; wir schaffen uns eine gr\u00fcne Oase&#8220; gewann das Martin-Luther Gymnasium in Hartha 2023 f\u00fcr die Neugestaltung ihres Schulgel\u00e4ndes bei der Aktion &#8222;Schulhoftr\u00e4ume&#8220; den Hauptpreis. Fast ein Jahr nach Start des Projekts wurde der Schulhof nun feierlich er\u00f6ffnet. <\/p>\n","protected":false},"author":28,"featured_media":17728,"comment_status":"closed","ping_status":"closed","sticky":false,"template":"","format":"standard","meta":{"footnotes":""},"categories":[46],"tags":[124,204,210],"class_list":["post-16988","post","type-post","status-publish","format-standard","has-post-thumbnail","hentry","category-blog","tag-gymnasium","tag-projekt","tag-saechsische-regionen"],"yoast_head":"<!-- This site is optimized with the Yoast SEO plugin v27.3 - https:\/\/yoast.com\/product\/yoast-seo-wordpress\/ -->\n<title>LEHRERIN SACHSEN | Update: Schulhoftraum wird Realit\u00e4t<\/title>\n<meta name=\"description\" content=\"Das Martin-Luther-Gymnasium in Hartha hat seinen Schulhoftraum verwirklicht. Ein Update, was seit dem Spatenstich passiert ist.\" \/>\n<meta name=\"robots\" content=\"index, follow, max-snippet:-1, max-image-preview:large, max-video-preview:-1\" \/>\n<link rel=\"canonical\" href=\"https:\/\/lehrer-werden-in-sachsen.de\/update-wenn-der-schulhoftraum-zur-realitat-wird\/\" \/>\n<meta property=\"og:locale\" content=\"de_DE\" \/>\n<meta property=\"og:type\" content=\"article\" \/>\n<meta property=\"og:title\" content=\"LEHRERIN SACHSEN | Update: Schulhoftraum wird Realit\u00e4t\" \/>\n<meta property=\"og:description\" content=\"Das Martin-Luther-Gymnasium in Hartha hat seinen Schulhoftraum verwirklicht. Ein Update, was seit dem Spatenstich passiert ist.\" \/>\n<meta property=\"og:url\" content=\"https:\/\/lehrer-werden-in-sachsen.de\/update-wenn-der-schulhoftraum-zur-realitat-wird\/\" \/>\n<meta property=\"og:site_name\" content=\"LEHRERIN SACHSEN\" \/>\n<meta property=\"article:published_time\" content=\"2024-09-17T10:59:59+00:00\" \/>\n<meta property=\"article:modified_time\" content=\"2025-10-10T10:30:50+00:00\" \/>\n<meta property=\"og:image\" content=\"https:\/\/lehrer-werden-in-sachsen.de\/wp-content\/uploads\/2024\/08\/smk_lehrerin_sachsen_blog_header-schulhoftraeume.jpg\" \/>\n\t<meta property=\"og:image:width\" content=\"1920\" \/>\n\t<meta property=\"og:image:height\" content=\"970\" \/>\n\t<meta property=\"og:image:type\" content=\"image\/jpeg\" \/>\n<meta name=\"author\" content=\"Ute Schirmack\" \/>\n<meta name=\"twitter:card\" content=\"summary_large_image\" \/>\n<meta name=\"twitter:label1\" content=\"Verfasst von\" \/>\n\t<meta name=\"twitter:data1\" content=\"Ute Schirmack\" \/>\n\t<meta name=\"twitter:label2\" content=\"Gesch\u00e4tzte Lesezeit\" \/>\n\t<meta name=\"twitter:data2\" content=\"5\u00a0Minuten\" \/>\n<script type=\"application\/ld+json\" class=\"yoast-schema-graph\">{\"@context\":\"https:\\\/\\\/schema.org\",\"@graph\":[{\"@type\":\"Article\",\"@id\":\"https:\\\/\\\/lehrer-werden-in-sachsen.de\\\/update-wenn-der-schulhoftraum-zur-realitat-wird\\\/#article\",\"isPartOf\":{\"@id\":\"https:\\\/\\\/lehrer-werden-in-sachsen.de\\\/update-wenn-der-schulhoftraum-zur-realitat-wird\\\/\"},\"author\":{\"name\":\"Ute Schirmack\",\"@id\":\"https:\\\/\\\/lehrer-werden-in-sachsen.de\\\/#\\\/schema\\\/person\\\/5e4731c44f29a205208182ecfa64393f\"},\"headline\":\"Update: Wenn der Schulhoftraum zur Realit\u00e4t wird\",\"datePublished\":\"2024-09-17T10:59:59+00:00\",\"dateModified\":\"2025-10-10T10:30:50+00:00\",\"mainEntityOfPage\":{\"@id\":\"https:\\\/\\\/lehrer-werden-in-sachsen.de\\\/update-wenn-der-schulhoftraum-zur-realitat-wird\\\/\"},\"wordCount\":740,\"publisher\":{\"@id\":\"https:\\\/\\\/lehrer-werden-in-sachsen.de\\\/#organization\"},\"image\":{\"@id\":\"https:\\\/\\\/lehrer-werden-in-sachsen.de\\\/update-wenn-der-schulhoftraum-zur-realitat-wird\\\/#primaryimage\"},\"thumbnailUrl\":\"https:\\\/\\\/lehrer-werden-in-sachsen.de\\\/stage\\\/wp-content\\\/uploads\\\/2024\\\/08\\\/smk_lehrerin_sachsen_blog_header-schulhoftraeume.jpg\",\"keywords\":[\"Gymnasium\",\"Projekt\",\"S\u00e4chsische Regionen\"],\"articleSection\":[\"Blog\"],\"inLanguage\":\"de\"},{\"@type\":\"WebPage\",\"@id\":\"https:\\\/\\\/lehrer-werden-in-sachsen.de\\\/update-wenn-der-schulhoftraum-zur-realitat-wird\\\/\",\"url\":\"https:\\\/\\\/lehrer-werden-in-sachsen.de\\\/update-wenn-der-schulhoftraum-zur-realitat-wird\\\/\",\"name\":\"LEHRERIN SACHSEN | Update: Schulhoftraum wird Realit\u00e4t\",\"isPartOf\":{\"@id\":\"https:\\\/\\\/lehrer-werden-in-sachsen.de\\\/#website\"},\"primaryImageOfPage\":{\"@id\":\"https:\\\/\\\/lehrer-werden-in-sachsen.de\\\/update-wenn-der-schulhoftraum-zur-realitat-wird\\\/#primaryimage\"},\"image\":{\"@id\":\"https:\\\/\\\/lehrer-werden-in-sachsen.de\\\/update-wenn-der-schulhoftraum-zur-realitat-wird\\\/#primaryimage\"},\"thumbnailUrl\":\"https:\\\/\\\/lehrer-werden-in-sachsen.de\\\/stage\\\/wp-content\\\/uploads\\\/2024\\\/08\\\/smk_lehrerin_sachsen_blog_header-schulhoftraeume.jpg\",\"datePublished\":\"2024-09-17T10:59:59+00:00\",\"dateModified\":\"2025-10-10T10:30:50+00:00\",\"description\":\"Das Martin-Luther-Gymnasium in Hartha hat seinen Schulhoftraum verwirklicht. Ein Update, was seit dem Spatenstich passiert ist.\",\"breadcrumb\":{\"@id\":\"https:\\\/\\\/lehrer-werden-in-sachsen.de\\\/update-wenn-der-schulhoftraum-zur-realitat-wird\\\/#breadcrumb\"},\"inLanguage\":\"de\",\"potentialAction\":[{\"@type\":\"ReadAction\",\"target\":[\"https:\\\/\\\/lehrer-werden-in-sachsen.de\\\/update-wenn-der-schulhoftraum-zur-realitat-wird\\\/\"]}]},{\"@type\":\"ImageObject\",\"inLanguage\":\"de\",\"@id\":\"https:\\\/\\\/lehrer-werden-in-sachsen.de\\\/update-wenn-der-schulhoftraum-zur-realitat-wird\\\/#primaryimage\",\"url\":\"https:\\\/\\\/lehrer-werden-in-sachsen.de\\\/stage\\\/wp-content\\\/uploads\\\/2024\\\/08\\\/smk_lehrerin_sachsen_blog_header-schulhoftraeume.jpg\",\"contentUrl\":\"https:\\\/\\\/lehrer-werden-in-sachsen.de\\\/stage\\\/wp-content\\\/uploads\\\/2024\\\/08\\\/smk_lehrerin_sachsen_blog_header-schulhoftraeume.jpg\",\"width\":1920,\"height\":970,\"caption\":\"Lehrerin mit Sch\u00fclern zur feierlichen Er\u00f6ffnung des neuen Schulhofs\"},{\"@type\":\"BreadcrumbList\",\"@id\":\"https:\\\/\\\/lehrer-werden-in-sachsen.de\\\/update-wenn-der-schulhoftraum-zur-realitat-wird\\\/#breadcrumb\",\"itemListElement\":[{\"@type\":\"ListItem\",\"position\":1,\"name\":\"Startseite\",\"item\":\"https:\\\/\\\/lehrer-werden-in-sachsen.de\\\/\"},{\"@type\":\"ListItem\",\"position\":2,\"name\":\"Update: Wenn der Schulhoftraum zur Realit\u00e4t wird\"}]},{\"@type\":\"WebSite\",\"@id\":\"https:\\\/\\\/lehrer-werden-in-sachsen.de\\\/#website\",\"url\":\"https:\\\/\\\/lehrer-werden-in-sachsen.de\\\/\",\"name\":\"LEHRERIN SACHSEN\",\"description\":\"Eine Klasse f\u00fcr sich.\",\"publisher\":{\"@id\":\"https:\\\/\\\/lehrer-werden-in-sachsen.de\\\/#organization\"},\"potentialAction\":[{\"@type\":\"SearchAction\",\"target\":{\"@type\":\"EntryPoint\",\"urlTemplate\":\"https:\\\/\\\/lehrer-werden-in-sachsen.de\\\/?s={search_term_string}\"},\"query-input\":{\"@type\":\"PropertyValueSpecification\",\"valueRequired\":true,\"valueName\":\"search_term_string\"}}],\"inLanguage\":\"de\"},{\"@type\":\"Organization\",\"@id\":\"https:\\\/\\\/lehrer-werden-in-sachsen.de\\\/#organization\",\"name\":\"LEHRERIN SACHSEN\",\"url\":\"https:\\\/\\\/lehrer-werden-in-sachsen.de\\\/\",\"logo\":{\"@type\":\"ImageObject\",\"inLanguage\":\"de\",\"@id\":\"https:\\\/\\\/lehrer-werden-in-sachsen.de\\\/#\\\/schema\\\/logo\\\/image\\\/\",\"url\":\"https:\\\/\\\/lehrer-werden-in-sachsen.de\\\/stage\\\/wp-content\\\/uploads\\\/2022\\\/02\\\/SMK_Leherin-Sachsen-Marke_RGB_Violett-Orange.svg\",\"contentUrl\":\"https:\\\/\\\/lehrer-werden-in-sachsen.de\\\/stage\\\/wp-content\\\/uploads\\\/2022\\\/02\\\/SMK_Leherin-Sachsen-Marke_RGB_Violett-Orange.svg\",\"caption\":\"LEHRERIN SACHSEN\"},\"image\":{\"@id\":\"https:\\\/\\\/lehrer-werden-in-sachsen.de\\\/#\\\/schema\\\/logo\\\/image\\\/\"}},{\"@type\":\"Person\",\"@id\":\"https:\\\/\\\/lehrer-werden-in-sachsen.de\\\/#\\\/schema\\\/person\\\/5e4731c44f29a205208182ecfa64393f\",\"name\":\"Ute Schirmack\",\"image\":{\"@type\":\"ImageObject\",\"inLanguage\":\"de\",\"@id\":\"https:\\\/\\\/secure.gravatar.com\\\/avatar\\\/598fa1aedac22eef3ac59a24de23cb10b697a462ec575f429d6e5c0dd1bd0d58?s=96&d=mm&r=g\",\"url\":\"https:\\\/\\\/secure.gravatar.com\\\/avatar\\\/598fa1aedac22eef3ac59a24de23cb10b697a462ec575f429d6e5c0dd1bd0d58?s=96&d=mm&r=g\",\"contentUrl\":\"https:\\\/\\\/secure.gravatar.com\\\/avatar\\\/598fa1aedac22eef3ac59a24de23cb10b697a462ec575f429d6e5c0dd1bd0d58?s=96&d=mm&r=g\",\"caption\":\"Ute Schirmack\"},\"url\":\"https:\\\/\\\/lehrer-werden-in-sachsen.de\\\/stage\\\/author\\\/ute-schirmack\\\/\"}]}<\/script>\n<!-- \/ Yoast SEO plugin. -->","yoast_head_json":{"title":"LEHRERIN SACHSEN | Update: Schulhoftraum wird Realit\u00e4t","description":"Das Martin-Luther-Gymnasium in Hartha hat seinen Schulhoftraum verwirklicht. Ein Update, was seit dem Spatenstich passiert ist.","robots":{"index":"index","follow":"follow","max-snippet":"max-snippet:-1","max-image-preview":"max-image-preview:large","max-video-preview":"max-video-preview:-1"},"canonical":"https:\/\/lehrer-werden-in-sachsen.de\/update-wenn-der-schulhoftraum-zur-realitat-wird\/","og_locale":"de_DE","og_type":"article","og_title":"LEHRERIN SACHSEN | Update: Schulhoftraum wird Realit\u00e4t","og_description":"Das Martin-Luther-Gymnasium in Hartha hat seinen Schulhoftraum verwirklicht. Ein Update, was seit dem Spatenstich passiert ist.","og_url":"https:\/\/lehrer-werden-in-sachsen.de\/update-wenn-der-schulhoftraum-zur-realitat-wird\/","og_site_name":"LEHRERIN SACHSEN","article_published_time":"2024-09-17T10:59:59+00:00","article_modified_time":"2025-10-10T10:30:50+00:00","og_image":[{"width":1920,"height":970,"url":"https:\/\/lehrer-werden-in-sachsen.de\/wp-content\/uploads\/2024\/08\/smk_lehrerin_sachsen_blog_header-schulhoftraeume.jpg","type":"image\/jpeg"}],"author":"Ute Schirmack","twitter_card":"summary_large_image","twitter_misc":{"Verfasst von":"Ute Schirmack","Gesch\u00e4tzte Lesezeit":"5\u00a0Minuten"},"schema":{"@context":"https:\/\/schema.org","@graph":[{"@type":"Article","@id":"https:\/\/lehrer-werden-in-sachsen.de\/update-wenn-der-schulhoftraum-zur-realitat-wird\/#article","isPartOf":{"@id":"https:\/\/lehrer-werden-in-sachsen.de\/update-wenn-der-schulhoftraum-zur-realitat-wird\/"},"author":{"name":"Ute Schirmack","@id":"https:\/\/lehrer-werden-in-sachsen.de\/#\/schema\/person\/5e4731c44f29a205208182ecfa64393f"},"headline":"Update: Wenn der Schulhoftraum zur Realit\u00e4t wird","datePublished":"2024-09-17T10:59:59+00:00","dateModified":"2025-10-10T10:30:50+00:00","mainEntityOfPage":{"@id":"https:\/\/lehrer-werden-in-sachsen.de\/update-wenn-der-schulhoftraum-zur-realitat-wird\/"},"wordCount":740,"publisher":{"@id":"https:\/\/lehrer-werden-in-sachsen.de\/#organization"},"image":{"@id":"https:\/\/lehrer-werden-in-sachsen.de\/update-wenn-der-schulhoftraum-zur-realitat-wird\/#primaryimage"},"thumbnailUrl":"https:\/\/lehrer-werden-in-sachsen.de\/stage\/wp-content\/uploads\/2024\/08\/smk_lehrerin_sachsen_blog_header-schulhoftraeume.jpg","keywords":["Gymnasium","Projekt","S\u00e4chsische Regionen"],"articleSection":["Blog"],"inLanguage":"de"},{"@type":"WebPage","@id":"https:\/\/lehrer-werden-in-sachsen.de\/update-wenn-der-schulhoftraum-zur-realitat-wird\/","url":"https:\/\/lehrer-werden-in-sachsen.de\/update-wenn-der-schulhoftraum-zur-realitat-wird\/","name":"LEHRERIN SACHSEN | Update: Schulhoftraum wird Realit\u00e4t","isPartOf":{"@id":"https:\/\/lehrer-werden-in-sachsen.de\/#website"},"primaryImageOfPage":{"@id":"https:\/\/lehrer-werden-in-sachsen.de\/update-wenn-der-schulhoftraum-zur-realitat-wird\/#primaryimage"},"image":{"@id":"https:\/\/lehrer-werden-in-sachsen.de\/update-wenn-der-schulhoftraum-zur-realitat-wird\/#primaryimage"},"thumbnailUrl":"https:\/\/lehrer-werden-in-sachsen.de\/stage\/wp-content\/uploads\/2024\/08\/smk_lehrerin_sachsen_blog_header-schulhoftraeume.jpg","datePublished":"2024-09-17T10:59:59+00:00","dateModified":"2025-10-10T10:30:50+00:00","description":"Das Martin-Luther-Gymnasium in Hartha hat seinen Schulhoftraum verwirklicht. Ein Update, was seit dem Spatenstich passiert ist.","breadcrumb":{"@id":"https:\/\/lehrer-werden-in-sachsen.de\/update-wenn-der-schulhoftraum-zur-realitat-wird\/#breadcrumb"},"inLanguage":"de","potentialAction":[{"@type":"ReadAction","target":["https:\/\/lehrer-werden-in-sachsen.de\/update-wenn-der-schulhoftraum-zur-realitat-wird\/"]}]},{"@type":"ImageObject","inLanguage":"de","@id":"https:\/\/lehrer-werden-in-sachsen.de\/update-wenn-der-schulhoftraum-zur-realitat-wird\/#primaryimage","url":"https:\/\/lehrer-werden-in-sachsen.de\/stage\/wp-content\/uploads\/2024\/08\/smk_lehrerin_sachsen_blog_header-schulhoftraeume.jpg","contentUrl":"https:\/\/lehrer-werden-in-sachsen.de\/stage\/wp-content\/uploads\/2024\/08\/smk_lehrerin_sachsen_blog_header-schulhoftraeume.jpg","width":1920,"height":970,"caption":"Lehrerin mit Sch\u00fclern zur feierlichen Er\u00f6ffnung des neuen Schulhofs"},{"@type":"BreadcrumbList","@id":"https:\/\/lehrer-werden-in-sachsen.de\/update-wenn-der-schulhoftraum-zur-realitat-wird\/#breadcrumb","itemListElement":[{"@type":"ListItem","position":1,"name":"Startseite","item":"https:\/\/lehrer-werden-in-sachsen.de\/"},{"@type":"ListItem","position":2,"name":"Update: Wenn der Schulhoftraum zur Realit\u00e4t wird"}]},{"@type":"WebSite","@id":"https:\/\/lehrer-werden-in-sachsen.de\/#website","url":"https:\/\/lehrer-werden-in-sachsen.de\/","name":"LEHRERIN SACHSEN","description":"Eine Klasse f\u00fcr sich.","publisher":{"@id":"https:\/\/lehrer-werden-in-sachsen.de\/#organization"},"potentialAction":[{"@type":"SearchAction","target":{"@type":"EntryPoint","urlTemplate":"https:\/\/lehrer-werden-in-sachsen.de\/?s={search_term_string}"},"query-input":{"@type":"PropertyValueSpecification","valueRequired":true,"valueName":"search_term_string"}}],"inLanguage":"de"},{"@type":"Organization","@id":"https:\/\/lehrer-werden-in-sachsen.de\/#organization","name":"LEHRERIN SACHSEN","url":"https:\/\/lehrer-werden-in-sachsen.de\/","logo":{"@type":"ImageObject","inLanguage":"de","@id":"https:\/\/lehrer-werden-in-sachsen.de\/#\/schema\/logo\/image\/","url":"https:\/\/lehrer-werden-in-sachsen.de\/stage\/wp-content\/uploads\/2022\/02\/SMK_Leherin-Sachsen-Marke_RGB_Violett-Orange.svg","contentUrl":"https:\/\/lehrer-werden-in-sachsen.de\/stage\/wp-content\/uploads\/2022\/02\/SMK_Leherin-Sachsen-Marke_RGB_Violett-Orange.svg","caption":"LEHRERIN SACHSEN"},"image":{"@id":"https:\/\/lehrer-werden-in-sachsen.de\/#\/schema\/logo\/image\/"}},{"@type":"Person","@id":"https:\/\/lehrer-werden-in-sachsen.de\/#\/schema\/person\/5e4731c44f29a205208182ecfa64393f","name":"Ute Schirmack","image":{"@type":"ImageObject","inLanguage":"de","@id":"https:\/\/secure.gravatar.com\/avatar\/598fa1aedac22eef3ac59a24de23cb10b697a462ec575f429d6e5c0dd1bd0d58?s=96&d=mm&r=g","url":"https:\/\/secure.gravatar.com\/avatar\/598fa1aedac22eef3ac59a24de23cb10b697a462ec575f429d6e5c0dd1bd0d58?s=96&d=mm&r=g","contentUrl":"https:\/\/secure.gravatar.com\/avatar\/598fa1aedac22eef3ac59a24de23cb10b697a462ec575f429d6e5c0dd1bd0d58?s=96&d=mm&r=g","caption":"Ute Schirmack"},"url":"https:\/\/lehrer-werden-in-sachsen.de\/stage\/author\/ute-schirmack\/"}]}},"_links":{"self":[{"href":"https:\/\/lehrer-werden-in-sachsen.de\/stage\/wp-json\/wp\/v2\/posts\/16988","targetHints":{"allow":["GET"]}}],"collection":[{"href":"https:\/\/lehrer-werden-in-sachsen.de\/stage\/wp-json\/wp\/v2\/posts"}],"about":[{"href":"https:\/\/lehrer-werden-in-sachsen.de\/stage\/wp-json\/wp\/v2\/types\/post"}],"author":[{"embeddable":true,"href":"https:\/\/lehrer-werden-in-sachsen.de\/stage\/wp-json\/wp\/v2\/users\/28"}],"replies":[{"embeddable":true,"href":"https:\/\/lehrer-werden-in-sachsen.de\/stage\/wp-json\/wp\/v2\/comments?post=16988"}],"version-history":[{"count":106,"href":"https:\/\/lehrer-werden-in-sachsen.de\/stage\/wp-json\/wp\/v2\/posts\/16988\/revisions"}],"predecessor-version":[{"id":23904,"href":"https:\/\/lehrer-werden-in-sachsen.de\/stage\/wp-json\/wp\/v2\/posts\/16988\/revisions\/23904"}],"wp:featuredmedia":[{"embeddable":true,"href":"https:\/\/lehrer-werden-in-sachsen.de\/stage\/wp-json\/wp\/v2\/media\/17728"}],"wp:attachment":[{"href":"https:\/\/lehrer-werden-in-sachsen.de\/stage\/wp-json\/wp\/v2\/media?parent=16988"}],"wp:term":[{"taxonomy":"category","embeddable":true,"href":"https:\/\/lehrer-werden-in-sachsen.de\/stage\/wp-json\/wp\/v2\/categories?post=16988"},{"taxonomy":"post_tag","embeddable":true,"href":"https:\/\/lehrer-werden-in-sachsen.de\/stage\/wp-json\/wp\/v2\/tags?post=16988"}],"curies":[{"name":"wp","href":"https:\/\/api.w.org\/{rel}","templated":true}]}}