{"id":16517,"date":"2024-08-21T12:55:42","date_gmt":"2024-08-21T10:55:42","guid":{"rendered":"https:\/\/lehrer-werden-in-sachsen.de\/stage\/?p=16517"},"modified":"2025-10-10T11:20:16","modified_gmt":"2025-10-10T09:20:16","slug":"in-den-funf-minuten-nach-dem-unterricht-lernt-man-oft-mehr-uber-seine-klasse-als-in-der-stunde-davor","status":"publish","type":"post","link":"https:\/\/lehrer-werden-in-sachsen.de\/stage\/in-den-funf-minuten-nach-dem-unterricht-lernt-man-oft-mehr-uber-seine-klasse-als-in-der-stunde-davor\/","title":{"rendered":"\u201eIn den f\u00fcnf Minuten nach dem Unterricht lernt man oft mehr \u00fcber seine Klasse als in der Stunde davor\u201c"},"content":{"rendered":"\t\t<div data-elementor-type=\"wp-post\" data-elementor-id=\"16517\" class=\"elementor elementor-16517\" data-elementor-post-type=\"post\">\n\t\t\t\t\t\t<section class=\"elementor-section elementor-top-section elementor-element elementor-element-77dc2d3 elementor-section-boxed elementor-section-height-default elementor-section-height-default\" data-id=\"77dc2d3\" data-element_type=\"section\" data-e-type=\"section\">\n\t\t\t\t\t\t<div class=\"elementor-container elementor-column-gap-default\">\n\t\t\t\t\t<div class=\"elementor-column elementor-col-100 elementor-top-column elementor-element elementor-element-db24ebd\" data-id=\"db24ebd\" data-element_type=\"column\" data-e-type=\"column\">\n\t\t\t<div class=\"elementor-widget-wrap elementor-element-populated\">\n\t\t\t\t\t\t<div class=\"elementor-element elementor-element-8cb6e5f elementor-widget elementor-widget-text-editor\" data-id=\"8cb6e5f\" data-element_type=\"widget\" data-e-type=\"widget\" data-widget_type=\"text-editor.default\">\n\t\t\t\t<div class=\"elementor-widget-container\">\n\t\t\t\t\t\t\t\t\t<p><strong><span class=\"TextRun SCXW53559683 BCX0\" lang=\"DE-DE\" xml:lang=\"DE-DE\" data-contrast=\"auto\"><span class=\"NormalTextRun SCXW53559683 BCX0\">David Baensch unterrichtet Gemeinschaftskunde und Wirtschaft am <a href=\"https:\/\/www.bszbautzen.de\/\" title=\"Berufliches Schulzentrum Bautzen\" target=\"_blank\" rel=\"noopener\">Beruflichen Schulzentrum (BSZ) Bautzen<\/a>. Im Interview spricht er \u00fcber seinen Werdegang und dar\u00fcber, was berufsbildende Schulen so besonders macht. Er gibt wertvolle Tipps f\u00fcr angehende <a href=\"https:\/\/lehrer-werden-in-sachsen.de\\\\\/\" title=\"Startseite Lehrer in Sachsen\">Lehrerinnen und Lehrer in Sachsen<\/a> sowie f\u00fcr Lehramtsstudierende.<\/span><\/span><span class=\"EOP SCXW53559683 BCX0\" data-ccp-props=\"{&quot;201341983&quot;:0,&quot;335551550&quot;:6,&quot;335551620&quot;:6,&quot;335559739&quot;:160,&quot;335559740&quot;:259,&quot;335572071&quot;:4,&quot;335572072&quot;:1,&quot;335572073&quot;:4278190080,&quot;335572079&quot;:4,&quot;335572080&quot;:1,&quot;335572081&quot;:4278190080,&quot;469789798&quot;:&quot;single&quot;,&quot;469789806&quot;:&quot;single&quot;}\">\u00a0<\/span><\/strong><\/p>\t\t\t\t\t\t\t\t<\/div>\n\t\t\t\t<\/div>\n\t\t\t\t\t<\/div>\n\t\t<\/div>\n\t\t\t\t\t<\/div>\n\t\t<\/section>\n\t\t\t\t<section class=\"elementor-section elementor-top-section elementor-element elementor-element-7c98c9f elementor-section-boxed elementor-section-height-default elementor-section-height-default\" data-id=\"7c98c9f\" data-element_type=\"section\" data-e-type=\"section\">\n\t\t\t\t\t\t<div class=\"elementor-container elementor-column-gap-default\">\n\t\t\t\t\t<div class=\"elementor-column elementor-col-100 elementor-top-column elementor-element elementor-element-c34fa70\" data-id=\"c34fa70\" data-element_type=\"column\" data-e-type=\"column\">\n\t\t\t<div class=\"elementor-widget-wrap elementor-element-populated\">\n\t\t\t\t\t\t\t<\/div>\n\t\t<\/div>\n\t\t\t\t\t<\/div>\n\t\t<\/section>\n\t\t\t\t<section class=\"elementor-section elementor-top-section elementor-element elementor-element-20f5d6f elementor-section-boxed elementor-section-height-default elementor-section-height-default\" data-id=\"20f5d6f\" data-element_type=\"section\" data-e-type=\"section\">\n\t\t\t\t\t\t<div class=\"elementor-container elementor-column-gap-default\">\n\t\t\t\t\t<div class=\"elementor-column elementor-col-100 elementor-top-column elementor-element elementor-element-387bff1\" data-id=\"387bff1\" data-element_type=\"column\" data-e-type=\"column\">\n\t\t\t<div class=\"elementor-widget-wrap elementor-element-populated\">\n\t\t\t\t\t\t<div class=\"elementor-element elementor-element-ea92e7e elementor-widget elementor-widget-text-editor\" data-id=\"ea92e7e\" data-element_type=\"widget\" data-e-type=\"widget\" data-widget_type=\"text-editor.default\">\n\t\t\t\t<div class=\"elementor-widget-container\">\n\t\t\t\t\t\t\t\t\t<p><b><span data-contrast=\"auto\">David, du bist selbst in Sachsen geboren und aufgewachsen. Wie war deine eigene Schulzeit?<\/span><\/b><span data-ccp-props=\"{&quot;201341983&quot;:0,&quot;335551550&quot;:6,&quot;335551620&quot;:6,&quot;335559739&quot;:160,&quot;335559740&quot;:259}\">\u00a0<\/span><\/p><p><i><span data-contrast=\"auto\">\u00a0<\/span><\/i><\/p><p><span data-contrast=\"auto\">Vor allem war sie eine Zeit der Chancen. Nat\u00fcrlich war nicht immer alles einfach. Aber eigentlich zeigt sich an meinem Werdegang ganz gut eine der St\u00e4rken des s\u00e4chsischen Schulsystems: seine Durchl\u00e4ssigkeit. Ich bin in Hoyerswerda aufgewachsen und habe dort die Grund- und Mittelschule besucht.\u00a0<\/span><\/p><p><span data-contrast=\"auto\">\u00a0<\/span><\/p><p><span data-contrast=\"auto\">Nach meinem Realschulabschluss und einem Berufsgrundjahr habe ich eine Ausbildung zum Koch gemacht, sp\u00e4ter an einem beruflichen Gymnasium mein Abitur. Das hat mir letztlich die T\u00fcr zu einem Studium und zu meiner heutigen Arbeit als Lehrer an einer berufsbildenden Schule ge\u00f6ffnet.<\/span><span data-ccp-props=\"{&quot;201341983&quot;:0,&quot;335551550&quot;:6,&quot;335551620&quot;:6,&quot;335559739&quot;:160,&quot;335559740&quot;:259}\">\u00a0<\/span><\/p><p><span data-ccp-props=\"{&quot;201341983&quot;:0,&quot;335551550&quot;:6,&quot;335551620&quot;:6,&quot;335559739&quot;:160,&quot;335559740&quot;:259}\">\u00a0<\/span><\/p>\t\t\t\t\t\t\t\t<\/div>\n\t\t\t\t<\/div>\n\t\t\t\t\t<\/div>\n\t\t<\/div>\n\t\t\t\t\t<\/div>\n\t\t<\/section>\n\t\t\t\t<section class=\"elementor-section elementor-top-section elementor-element elementor-element-c846dab elementor-section-boxed elementor-section-height-default elementor-section-height-default\" data-id=\"c846dab\" data-element_type=\"section\" data-e-type=\"section\">\n\t\t\t\t\t\t<div class=\"elementor-container elementor-column-gap-default\">\n\t\t\t\t\t<div class=\"elementor-column elementor-col-100 elementor-top-column elementor-element elementor-element-b14ca4b\" data-id=\"b14ca4b\" data-element_type=\"column\" data-e-type=\"column\">\n\t\t\t<div class=\"elementor-widget-wrap elementor-element-populated\">\n\t\t\t\t\t\t<div class=\"elementor-element elementor-element-e800f3d elementor-widget elementor-widget-text-editor\" data-id=\"e800f3d\" data-element_type=\"widget\" data-e-type=\"widget\" data-widget_type=\"text-editor.default\">\n\t\t\t\t<div class=\"elementor-widget-container\">\n\t\t\t\t\t\t\t\t\t<p><b><span data-contrast=\"auto\">Was hat dich motiviert, Lehrer zu werden?<\/span><\/b><\/p><p>\u00a0<\/p><p><span data-contrast=\"auto\">Die Arbeit als Koch ist spannend, aber k\u00f6rperlich anspruchsvoll und mit Einschr\u00e4nkungen verbunden. Zum Beispiel arbeitet man an Wochenenden und Feiertagen, wenn man eigentlich lieber etwas mit seinen Freunden oder der Familie unternehmen m\u00f6chte. Und obwohl man in einer K\u00fcche meist nicht allein ist, ist es kein besonders geselliger Beruf. Das muss man wollen.<\/span><\/p><p><span data-contrast=\"auto\">\u00a0<\/span><\/p><p><span data-contrast=\"auto\">Als Lehrer habe ich unmittelbar mit Menschen \u2013 meinen Sch\u00fclerinnen, Sch\u00fclern, Kolleginnen und Kollegen \u2013 zu tun. Das passt zu meinem Naturell und motiviert mich. Und nat\u00fcrlich ist es ein besonderes Gef\u00fchl, das eigene Wissen weitergeben zu d\u00fcrfen.<\/span><\/p><p><span data-contrast=\"auto\">\u00a0<\/span><\/p>\t\t\t\t\t\t\t\t<\/div>\n\t\t\t\t<\/div>\n\t\t\t\t\t<\/div>\n\t\t<\/div>\n\t\t\t\t\t<\/div>\n\t\t<\/section>\n\t\t\t\t<section class=\"elementor-section elementor-top-section elementor-element elementor-element-94e43ea elementor-section-boxed elementor-section-height-default elementor-section-height-default\" data-id=\"94e43ea\" data-element_type=\"section\" data-e-type=\"section\">\n\t\t\t\t\t\t<div class=\"elementor-container elementor-column-gap-default\">\n\t\t\t\t\t<div class=\"elementor-column elementor-col-100 elementor-top-column elementor-element elementor-element-7474bb3\" data-id=\"7474bb3\" data-element_type=\"column\" data-e-type=\"column\">\n\t\t\t<div class=\"elementor-widget-wrap elementor-element-populated\">\n\t\t\t\t\t\t<div class=\"elementor-element elementor-element-1e0bc50 elementor-widget elementor-widget-text-editor\" data-id=\"1e0bc50\" data-element_type=\"widget\" data-e-type=\"widget\" data-widget_type=\"text-editor.default\">\n\t\t\t\t<div class=\"elementor-widget-container\">\n\t\t\t\t\t\t\t\t\t<p><b><span data-contrast=\"auto\">Du hast an der <\/span><\/b><a href=\"https:\/\/tu-dresden.de\/studium\/vor-dem-studium\/studienangebot\/sins\/sins_studiengang?autoid=4871\" target=\"_blank\" rel=\"noopener\"><b><span data-contrast=\"none\">TU Dresden Lehramt an berufsbildenden Schulen<\/span><\/b><\/a><b><span data-contrast=\"auto\"> studiert. Wie war das Studium f\u00fcr dich?<\/span><\/b><\/p><p><b><span data-contrast=\"auto\">\u00a0<\/span><\/b><\/p><p><span data-contrast=\"auto\">Wie es so sch\u00f6n hei\u00dft: Aller Anfang ist schwer. Die ersten zwei Semester an der Universit\u00e4t waren eine Umstellung f\u00fcr mich. Die Erwartungen an die Studierenden sind hoch, das Pensum gro\u00df. Und nat\u00fcrlich k\u00f6nnen manche Studieninhalte zuerst etwas abstrakt wirken, selbst wenn die didaktischen Seminare, in denen es um konkrete Lehrmethoden geht, meist sehr praxisorientiert sind. An all das musste ich meine Lerngewohnheiten erst einmal anpassen.\u00a0<\/span><span data-ccp-props=\"{&quot;201341983&quot;:0,&quot;335551550&quot;:6,&quot;335551620&quot;:6,&quot;335559739&quot;:160,&quot;335559740&quot;:259}\">\u00a0<\/span><\/p><p>\u00a0<\/p>\t\t\t\t\t\t\t\t<\/div>\n\t\t\t\t<\/div>\n\t\t\t\t\t<\/div>\n\t\t<\/div>\n\t\t\t\t\t<\/div>\n\t\t<\/section>\n\t\t\t\t<section class=\"elementor-section elementor-top-section elementor-element elementor-element-8494dd8 elementor-section-boxed elementor-section-height-default elementor-section-height-default\" data-id=\"8494dd8\" data-element_type=\"section\" data-e-type=\"section\">\n\t\t\t\t\t\t<div class=\"elementor-container elementor-column-gap-default\">\n\t\t\t\t\t<div class=\"elementor-column elementor-col-100 elementor-top-column elementor-element elementor-element-75681dd\" data-id=\"75681dd\" data-element_type=\"column\" data-e-type=\"column\">\n\t\t\t<div class=\"elementor-widget-wrap elementor-element-populated\">\n\t\t\t\t\t\t<div class=\"elementor-element elementor-element-5c0dd9c elementor-widget elementor-widget-text-editor\" data-id=\"5c0dd9c\" data-element_type=\"widget\" data-e-type=\"widget\" data-widget_type=\"text-editor.default\">\n\t\t\t\t<div class=\"elementor-widget-container\">\n\t\t\t\t\t\t\t\t\t<p><b><span data-contrast=\"auto\">Das klingt zun\u00e4chst einmal anstrengend. Was hat dich motiviert, am Ball zu bleiben?<\/span><\/b><\/p><p><b><span data-contrast=\"auto\">\u00a0<\/span><\/b><\/p><p><span data-contrast=\"auto\">Man hat immer sein Ziel vor Augen, sich auf den Lehrerberuf vorzubereiten. Das ist in anderen Studieng\u00e4ngen vermutlich weniger ausgepr\u00e4gt. Sobald man sich an das Studium gew\u00f6hnt hat, l\u00e4sst der Stress nach. Und auch die Professorinnen und Professoren sind sehr engagiert. Sie setzen sich f\u00fcr ihre Studierenden ein und haben ein echtes Interesse, aus ihnen gute Lehrer zu machen. Das tr\u00e4gt einen ein St\u00fcck weit mit durch das Studium.\u00a0<\/span><\/p><p><span data-contrast=\"auto\">\u00a0<\/span><\/p><p><span data-contrast=\"auto\">Ich erinnere mich zum Beispiel gerne an die Seminare mit Frau Professor Besand zur\u00fcck, die in Dresden die Professur f\u00fcr Didaktik der politischen Bildung innehat. Ihre praxisorientierten Seminare haben mich sehr gepr\u00e4gt.<\/span><\/p><p><span data-contrast=\"auto\">\u00a0<\/span><\/p>\t\t\t\t\t\t\t\t<\/div>\n\t\t\t\t<\/div>\n\t\t\t\t\t<\/div>\n\t\t<\/div>\n\t\t\t\t\t<\/div>\n\t\t<\/section>\n\t\t\t\t<section class=\"elementor-section elementor-top-section elementor-element elementor-element-f54ddd9 elementor-section-boxed elementor-section-height-default elementor-section-height-default\" data-id=\"f54ddd9\" data-element_type=\"section\" data-e-type=\"section\">\n\t\t\t\t\t\t<div class=\"elementor-container elementor-column-gap-default\">\n\t\t\t\t\t<div class=\"elementor-column elementor-col-100 elementor-top-column elementor-element elementor-element-85afb81\" data-id=\"85afb81\" data-element_type=\"column\" data-e-type=\"column\">\n\t\t\t<div class=\"elementor-widget-wrap elementor-element-populated\">\n\t\t\t\t\t\t<div class=\"elementor-element elementor-element-b2858cb elementor-widget elementor-widget-text-editor\" data-id=\"b2858cb\" data-element_type=\"widget\" data-e-type=\"widget\" data-widget_type=\"text-editor.default\">\n\t\t\t\t<div class=\"elementor-widget-container\">\n\t\t\t\t\t\t\t\t\t<p><b>Wenn wir von Pr\u00e4gungen sprechen: Gibt es Vorbilder aus deiner eigenen Schulzeit? Lehrerinnen oder Lehrer, denen du nacheiferst?<\/b><\/p><p>\u00a0<\/p><p>Ich hatte nie nur ein einziges Vorbild. Trotzdem haben mich viele meiner Lehrerinnen und Lehrer positiv beeinflusst. Am meisten die, die f\u00fcr ihr Fach gebrannt haben. Sie haben es geschafft, dass der Funke \u00fcbergesprungen ist, sogar dann, wenn sie eher streng waren. Wenn mir das gelingt, ist schon viel geschafft.<\/p>\t\t\t\t\t\t\t\t<\/div>\n\t\t\t\t<\/div>\n\t\t\t\t\t<\/div>\n\t\t<\/div>\n\t\t\t\t\t<\/div>\n\t\t<\/section>\n\t\t\t\t<section class=\"elementor-section elementor-top-section elementor-element elementor-element-0ac8450 elementor-section-boxed elementor-section-height-default elementor-section-height-default\" data-id=\"0ac8450\" data-element_type=\"section\" data-e-type=\"section\">\n\t\t\t\t\t\t<div class=\"elementor-container elementor-column-gap-default\">\n\t\t\t\t\t<div class=\"elementor-column elementor-col-100 elementor-top-column elementor-element elementor-element-29bce8c\" data-id=\"29bce8c\" data-element_type=\"column\" data-e-type=\"column\">\n\t\t\t<div class=\"elementor-widget-wrap elementor-element-populated\">\n\t\t\t\t\t\t<div class=\"elementor-element elementor-element-4967c77 elementor-widget elementor-widget-spacer\" data-id=\"4967c77\" data-element_type=\"widget\" data-e-type=\"widget\" data-widget_type=\"spacer.default\">\n\t\t\t\t<div class=\"elementor-widget-container\">\n\t\t\t\t\t\t\t<div class=\"elementor-spacer\">\n\t\t\t<div class=\"elementor-spacer-inner\"><\/div>\n\t\t<\/div>\n\t\t\t\t\t\t<\/div>\n\t\t\t\t<\/div>\n\t\t\t\t\t<\/div>\n\t\t<\/div>\n\t\t\t\t\t<\/div>\n\t\t<\/section>\n\t\t\t\t<section class=\"elementor-section elementor-top-section elementor-element elementor-element-d1d527c elementor-section-boxed elementor-section-height-default elementor-section-height-default\" data-id=\"d1d527c\" data-element_type=\"section\" data-e-type=\"section\">\n\t\t\t\t\t\t<div class=\"elementor-container elementor-column-gap-default\">\n\t\t\t\t\t<div class=\"elementor-column elementor-col-100 elementor-top-column elementor-element elementor-element-62172f2\" data-id=\"62172f2\" data-element_type=\"column\" data-e-type=\"column\">\n\t\t\t<div class=\"elementor-widget-wrap elementor-element-populated\">\n\t\t\t\t\t\t<div class=\"elementor-element elementor-element-b9e4566 elementor-widget elementor-widget-heading\" data-id=\"b9e4566\" data-element_type=\"widget\" data-e-type=\"widget\" data-widget_type=\"heading.default\">\n\t\t\t\t<div class=\"elementor-widget-container\">\n\t\t\t\t\t<h3 class=\"elementor-heading-title elementor-size-default\">Tipps? Erfahrungen? Bitte sehr:<\/h3>\t\t\t\t<\/div>\n\t\t\t\t<\/div>\n\t\t\t\t\t<\/div>\n\t\t<\/div>\n\t\t\t\t\t<\/div>\n\t\t<\/section>\n\t\t\t\t<section class=\"elementor-section elementor-top-section elementor-element elementor-element-25a1017 elementor-section-boxed elementor-section-height-default elementor-section-height-default\" data-id=\"25a1017\" data-element_type=\"section\" data-e-type=\"section\">\n\t\t\t\t\t\t<div class=\"elementor-container elementor-column-gap-default\">\n\t\t\t\t\t<div class=\"elementor-column elementor-col-100 elementor-top-column elementor-element elementor-element-bdb75b5\" data-id=\"bdb75b5\" data-element_type=\"column\" data-e-type=\"column\">\n\t\t\t<div class=\"elementor-widget-wrap elementor-element-populated\">\n\t\t\t\t\t\t<div class=\"elementor-element elementor-element-66b9e27 elementor-widget elementor-widget-button\" data-id=\"66b9e27\" data-element_type=\"widget\" data-e-type=\"widget\" data-widget_type=\"button.default\">\n\t\t\t\t<div class=\"elementor-widget-container\">\n\t\t\t\t\t\t\t\t\t<div class=\"elementor-button-wrapper\">\n\t\t\t\t\t<a class=\"elementor-button elementor-button-link elementor-size-sm\" href=\"https:\/\/lehrer-werden-in-sachsen.de\/schulart-finden\/\" title=\"Schulart finden\">\n\t\t\t\t\t\t<span class=\"elementor-button-content-wrapper\">\n\t\t\t\t\t\t\t\t\t<span class=\"elementor-button-text\">Schularten und F\u00e4cherkombis<\/span>\n\t\t\t\t\t<\/span>\n\t\t\t\t\t<\/a>\n\t\t\t\t<\/div>\n\t\t\t\t\t\t\t\t<\/div>\n\t\t\t\t<\/div>\n\t\t\t\t\t<\/div>\n\t\t<\/div>\n\t\t\t\t\t<\/div>\n\t\t<\/section>\n\t\t\t\t<section class=\"elementor-section elementor-top-section elementor-element elementor-element-c5ad6b5 elementor-section-boxed elementor-section-height-default elementor-section-height-default\" data-id=\"c5ad6b5\" data-element_type=\"section\" data-e-type=\"section\">\n\t\t\t\t\t\t<div class=\"elementor-container elementor-column-gap-default\">\n\t\t\t\t\t<div class=\"elementor-column elementor-col-100 elementor-top-column elementor-element elementor-element-d967c55\" data-id=\"d967c55\" data-element_type=\"column\" data-e-type=\"column\">\n\t\t\t<div class=\"elementor-widget-wrap elementor-element-populated\">\n\t\t\t\t\t\t<div class=\"elementor-element elementor-element-e58c688 elementor-widget elementor-widget-button\" data-id=\"e58c688\" data-element_type=\"widget\" data-e-type=\"widget\" data-widget_type=\"button.default\">\n\t\t\t\t<div class=\"elementor-widget-container\">\n\t\t\t\t\t\t\t\t\t<div class=\"elementor-button-wrapper\">\n\t\t\t\t\t<a class=\"elementor-button elementor-button-link elementor-size-sm\" href=\"https:\/\/lehrer-werden-in-sachsen.de\/spateinstieg-schuldienst\/\" title=\"Mikes sp\u00e4ter Einstieg in den Schuldienst\">\n\t\t\t\t\t\t<span class=\"elementor-button-content-wrapper\">\n\t\t\t\t\t\t\t\t\t<span class=\"elementor-button-text\">Es ist nie zu sp\u00e4t f\u00fcr den Einstieg<\/span>\n\t\t\t\t\t<\/span>\n\t\t\t\t\t<\/a>\n\t\t\t\t<\/div>\n\t\t\t\t\t\t\t\t<\/div>\n\t\t\t\t<\/div>\n\t\t\t\t\t<\/div>\n\t\t<\/div>\n\t\t\t\t\t<\/div>\n\t\t<\/section>\n\t\t\t\t<\/div>\n\t\t","protected":false},"excerpt":{"rendered":"<p>David Baensch war Koch, absolvierte sein Abitur erst nach der Ausbildung, um dann auf Lehramt zu studieren. Ein Interview mit dem Lehrer am Beruflichen Schulzentrum (BSZ) Bautzen.<\/p>\n","protected":false},"author":28,"featured_media":16671,"comment_status":"closed","ping_status":"closed","sticky":false,"template":"","format":"standard","meta":{"footnotes":""},"categories":[46],"tags":[173,202],"class_list":["post-16517","post","type-post","status-publish","format-standard","has-post-thumbnail","hentry","category-blog","tag-berufsbildende-schulen","tag-berufseinstieg"],"yoast_head":"<!-- This site is optimized with the Yoast SEO plugin v27.3 - https:\/\/yoast.com\/product\/yoast-seo-wordpress\/ -->\n<title>LEHRERIN SACHSEN | Koch oder Lehrer? Einfach beides werden!<\/title>\n<meta name=\"description\" content=\"Sachsens durchl\u00e4ssiges Schulsystem erm\u00f6glichte es David Baensch, nach seiner Kochausbildung Abi zu machen und auf Lehramt zu studieren.\" \/>\n<meta name=\"robots\" content=\"index, follow, max-snippet:-1, max-image-preview:large, max-video-preview:-1\" \/>\n<link rel=\"canonical\" href=\"https:\/\/lehrer-werden-in-sachsen.de\/in-den-funf-minuten-nach-dem-unterricht-lernt-man-oft-mehr-uber-seine-klasse-als-in-der-stunde-davor\/\" \/>\n<meta property=\"og:locale\" content=\"de_DE\" \/>\n<meta property=\"og:type\" content=\"article\" \/>\n<meta property=\"og:title\" content=\"LEHRERIN SACHSEN | Koch oder Lehrer? Einfach beides werden!\" \/>\n<meta property=\"og:description\" content=\"Sachsens durchl\u00e4ssiges Schulsystem erm\u00f6glichte es David Baensch, nach seiner Kochausbildung Abi zu machen und auf Lehramt zu studieren.\" \/>\n<meta property=\"og:url\" content=\"https:\/\/lehrer-werden-in-sachsen.de\/in-den-funf-minuten-nach-dem-unterricht-lernt-man-oft-mehr-uber-seine-klasse-als-in-der-stunde-davor\/\" \/>\n<meta property=\"og:site_name\" content=\"LEHRERIN SACHSEN\" \/>\n<meta property=\"article:published_time\" content=\"2024-08-21T10:55:42+00:00\" \/>\n<meta property=\"article:modified_time\" content=\"2025-10-10T09:20:16+00:00\" \/>\n<meta property=\"og:image\" content=\"https:\/\/lehrer-werden-in-sachsen.de\/wp-content\/uploads\/2024\/07\/Lehrer_in_Sachsen_David_Baensch.jpg\" \/>\n\t<meta property=\"og:image:width\" content=\"1920\" \/>\n\t<meta property=\"og:image:height\" content=\"970\" \/>\n\t<meta property=\"og:image:type\" content=\"image\/jpeg\" \/>\n<meta name=\"author\" content=\"Ute Schirmack\" \/>\n<meta name=\"twitter:card\" content=\"summary_large_image\" \/>\n<meta name=\"twitter:label1\" content=\"Verfasst von\" \/>\n\t<meta name=\"twitter:data1\" content=\"Ute Schirmack\" \/>\n\t<meta name=\"twitter:label2\" content=\"Gesch\u00e4tzte Lesezeit\" \/>\n\t<meta name=\"twitter:data2\" content=\"4\u00a0Minuten\" \/>\n<script type=\"application\/ld+json\" class=\"yoast-schema-graph\">{\"@context\":\"https:\\\/\\\/schema.org\",\"@graph\":[{\"@type\":\"Article\",\"@id\":\"https:\\\/\\\/lehrer-werden-in-sachsen.de\\\/in-den-funf-minuten-nach-dem-unterricht-lernt-man-oft-mehr-uber-seine-klasse-als-in-der-stunde-davor\\\/#article\",\"isPartOf\":{\"@id\":\"https:\\\/\\\/lehrer-werden-in-sachsen.de\\\/in-den-funf-minuten-nach-dem-unterricht-lernt-man-oft-mehr-uber-seine-klasse-als-in-der-stunde-davor\\\/\"},\"author\":{\"name\":\"Ute Schirmack\",\"@id\":\"https:\\\/\\\/lehrer-werden-in-sachsen.de\\\/#\\\/schema\\\/person\\\/5e4731c44f29a205208182ecfa64393f\"},\"headline\":\"\u201eIn den f\u00fcnf Minuten nach dem Unterricht lernt man oft mehr \u00fcber seine Klasse als in der Stunde davor\u201c\",\"datePublished\":\"2024-08-21T10:55:42+00:00\",\"dateModified\":\"2025-10-10T09:20:16+00:00\",\"mainEntityOfPage\":{\"@id\":\"https:\\\/\\\/lehrer-werden-in-sachsen.de\\\/in-den-funf-minuten-nach-dem-unterricht-lernt-man-oft-mehr-uber-seine-klasse-als-in-der-stunde-davor\\\/\"},\"wordCount\":578,\"publisher\":{\"@id\":\"https:\\\/\\\/lehrer-werden-in-sachsen.de\\\/#organization\"},\"image\":{\"@id\":\"https:\\\/\\\/lehrer-werden-in-sachsen.de\\\/in-den-funf-minuten-nach-dem-unterricht-lernt-man-oft-mehr-uber-seine-klasse-als-in-der-stunde-davor\\\/#primaryimage\"},\"thumbnailUrl\":\"https:\\\/\\\/lehrer-werden-in-sachsen.de\\\/stage\\\/wp-content\\\/uploads\\\/2024\\\/07\\\/Lehrer_in_Sachsen_David_Baensch.jpg\",\"keywords\":[\"Berufsbildende Schulen\",\"Berufseinstieg\"],\"articleSection\":[\"Blog\"],\"inLanguage\":\"de\"},{\"@type\":\"WebPage\",\"@id\":\"https:\\\/\\\/lehrer-werden-in-sachsen.de\\\/in-den-funf-minuten-nach-dem-unterricht-lernt-man-oft-mehr-uber-seine-klasse-als-in-der-stunde-davor\\\/\",\"url\":\"https:\\\/\\\/lehrer-werden-in-sachsen.de\\\/in-den-funf-minuten-nach-dem-unterricht-lernt-man-oft-mehr-uber-seine-klasse-als-in-der-stunde-davor\\\/\",\"name\":\"LEHRERIN SACHSEN | Koch oder Lehrer? Einfach beides werden!\",\"isPartOf\":{\"@id\":\"https:\\\/\\\/lehrer-werden-in-sachsen.de\\\/#website\"},\"primaryImageOfPage\":{\"@id\":\"https:\\\/\\\/lehrer-werden-in-sachsen.de\\\/in-den-funf-minuten-nach-dem-unterricht-lernt-man-oft-mehr-uber-seine-klasse-als-in-der-stunde-davor\\\/#primaryimage\"},\"image\":{\"@id\":\"https:\\\/\\\/lehrer-werden-in-sachsen.de\\\/in-den-funf-minuten-nach-dem-unterricht-lernt-man-oft-mehr-uber-seine-klasse-als-in-der-stunde-davor\\\/#primaryimage\"},\"thumbnailUrl\":\"https:\\\/\\\/lehrer-werden-in-sachsen.de\\\/stage\\\/wp-content\\\/uploads\\\/2024\\\/07\\\/Lehrer_in_Sachsen_David_Baensch.jpg\",\"datePublished\":\"2024-08-21T10:55:42+00:00\",\"dateModified\":\"2025-10-10T09:20:16+00:00\",\"description\":\"Sachsens durchl\u00e4ssiges Schulsystem erm\u00f6glichte es David Baensch, nach seiner Kochausbildung Abi zu machen und auf Lehramt zu studieren.\",\"breadcrumb\":{\"@id\":\"https:\\\/\\\/lehrer-werden-in-sachsen.de\\\/in-den-funf-minuten-nach-dem-unterricht-lernt-man-oft-mehr-uber-seine-klasse-als-in-der-stunde-davor\\\/#breadcrumb\"},\"inLanguage\":\"de\",\"potentialAction\":[{\"@type\":\"ReadAction\",\"target\":[\"https:\\\/\\\/lehrer-werden-in-sachsen.de\\\/in-den-funf-minuten-nach-dem-unterricht-lernt-man-oft-mehr-uber-seine-klasse-als-in-der-stunde-davor\\\/\"]}]},{\"@type\":\"ImageObject\",\"inLanguage\":\"de\",\"@id\":\"https:\\\/\\\/lehrer-werden-in-sachsen.de\\\/in-den-funf-minuten-nach-dem-unterricht-lernt-man-oft-mehr-uber-seine-klasse-als-in-der-stunde-davor\\\/#primaryimage\",\"url\":\"https:\\\/\\\/lehrer-werden-in-sachsen.de\\\/stage\\\/wp-content\\\/uploads\\\/2024\\\/07\\\/Lehrer_in_Sachsen_David_Baensch.jpg\",\"contentUrl\":\"https:\\\/\\\/lehrer-werden-in-sachsen.de\\\/stage\\\/wp-content\\\/uploads\\\/2024\\\/07\\\/Lehrer_in_Sachsen_David_Baensch.jpg\",\"width\":1920,\"height\":970,\"caption\":\"Lehrer David Baensch sitzt in seinem B\u00fcro vor einem Sideboard mit Tintenf\u00e4ssern und einer Gr\u00fcnpflanze.\"},{\"@type\":\"BreadcrumbList\",\"@id\":\"https:\\\/\\\/lehrer-werden-in-sachsen.de\\\/in-den-funf-minuten-nach-dem-unterricht-lernt-man-oft-mehr-uber-seine-klasse-als-in-der-stunde-davor\\\/#breadcrumb\",\"itemListElement\":[{\"@type\":\"ListItem\",\"position\":1,\"name\":\"Startseite\",\"item\":\"https:\\\/\\\/lehrer-werden-in-sachsen.de\\\/\"},{\"@type\":\"ListItem\",\"position\":2,\"name\":\"\u201eIn den f\u00fcnf Minuten nach dem Unterricht lernt man oft mehr \u00fcber seine Klasse als in der Stunde davor\u201c\"}]},{\"@type\":\"WebSite\",\"@id\":\"https:\\\/\\\/lehrer-werden-in-sachsen.de\\\/#website\",\"url\":\"https:\\\/\\\/lehrer-werden-in-sachsen.de\\\/\",\"name\":\"LEHRERIN SACHSEN\",\"description\":\"Eine Klasse f\u00fcr sich.\",\"publisher\":{\"@id\":\"https:\\\/\\\/lehrer-werden-in-sachsen.de\\\/#organization\"},\"potentialAction\":[{\"@type\":\"SearchAction\",\"target\":{\"@type\":\"EntryPoint\",\"urlTemplate\":\"https:\\\/\\\/lehrer-werden-in-sachsen.de\\\/?s={search_term_string}\"},\"query-input\":{\"@type\":\"PropertyValueSpecification\",\"valueRequired\":true,\"valueName\":\"search_term_string\"}}],\"inLanguage\":\"de\"},{\"@type\":\"Organization\",\"@id\":\"https:\\\/\\\/lehrer-werden-in-sachsen.de\\\/#organization\",\"name\":\"LEHRERIN SACHSEN\",\"url\":\"https:\\\/\\\/lehrer-werden-in-sachsen.de\\\/\",\"logo\":{\"@type\":\"ImageObject\",\"inLanguage\":\"de\",\"@id\":\"https:\\\/\\\/lehrer-werden-in-sachsen.de\\\/#\\\/schema\\\/logo\\\/image\\\/\",\"url\":\"https:\\\/\\\/lehrer-werden-in-sachsen.de\\\/stage\\\/wp-content\\\/uploads\\\/2022\\\/02\\\/SMK_Leherin-Sachsen-Marke_RGB_Violett-Orange.svg\",\"contentUrl\":\"https:\\\/\\\/lehrer-werden-in-sachsen.de\\\/stage\\\/wp-content\\\/uploads\\\/2022\\\/02\\\/SMK_Leherin-Sachsen-Marke_RGB_Violett-Orange.svg\",\"caption\":\"LEHRERIN SACHSEN\"},\"image\":{\"@id\":\"https:\\\/\\\/lehrer-werden-in-sachsen.de\\\/#\\\/schema\\\/logo\\\/image\\\/\"}},{\"@type\":\"Person\",\"@id\":\"https:\\\/\\\/lehrer-werden-in-sachsen.de\\\/#\\\/schema\\\/person\\\/5e4731c44f29a205208182ecfa64393f\",\"name\":\"Ute Schirmack\",\"image\":{\"@type\":\"ImageObject\",\"inLanguage\":\"de\",\"@id\":\"https:\\\/\\\/secure.gravatar.com\\\/avatar\\\/598fa1aedac22eef3ac59a24de23cb10b697a462ec575f429d6e5c0dd1bd0d58?s=96&d=mm&r=g\",\"url\":\"https:\\\/\\\/secure.gravatar.com\\\/avatar\\\/598fa1aedac22eef3ac59a24de23cb10b697a462ec575f429d6e5c0dd1bd0d58?s=96&d=mm&r=g\",\"contentUrl\":\"https:\\\/\\\/secure.gravatar.com\\\/avatar\\\/598fa1aedac22eef3ac59a24de23cb10b697a462ec575f429d6e5c0dd1bd0d58?s=96&d=mm&r=g\",\"caption\":\"Ute Schirmack\"},\"url\":\"https:\\\/\\\/lehrer-werden-in-sachsen.de\\\/stage\\\/author\\\/ute-schirmack\\\/\"}]}<\/script>\n<!-- \/ Yoast SEO plugin. -->","yoast_head_json":{"title":"LEHRERIN SACHSEN | Koch oder Lehrer? Einfach beides werden!","description":"Sachsens durchl\u00e4ssiges Schulsystem erm\u00f6glichte es David Baensch, nach seiner Kochausbildung Abi zu machen und auf Lehramt zu studieren.","robots":{"index":"index","follow":"follow","max-snippet":"max-snippet:-1","max-image-preview":"max-image-preview:large","max-video-preview":"max-video-preview:-1"},"canonical":"https:\/\/lehrer-werden-in-sachsen.de\/in-den-funf-minuten-nach-dem-unterricht-lernt-man-oft-mehr-uber-seine-klasse-als-in-der-stunde-davor\/","og_locale":"de_DE","og_type":"article","og_title":"LEHRERIN SACHSEN | Koch oder Lehrer? Einfach beides werden!","og_description":"Sachsens durchl\u00e4ssiges Schulsystem erm\u00f6glichte es David Baensch, nach seiner Kochausbildung Abi zu machen und auf Lehramt zu studieren.","og_url":"https:\/\/lehrer-werden-in-sachsen.de\/in-den-funf-minuten-nach-dem-unterricht-lernt-man-oft-mehr-uber-seine-klasse-als-in-der-stunde-davor\/","og_site_name":"LEHRERIN SACHSEN","article_published_time":"2024-08-21T10:55:42+00:00","article_modified_time":"2025-10-10T09:20:16+00:00","og_image":[{"width":1920,"height":970,"url":"https:\/\/lehrer-werden-in-sachsen.de\/wp-content\/uploads\/2024\/07\/Lehrer_in_Sachsen_David_Baensch.jpg","type":"image\/jpeg"}],"author":"Ute Schirmack","twitter_card":"summary_large_image","twitter_misc":{"Verfasst von":"Ute Schirmack","Gesch\u00e4tzte Lesezeit":"4\u00a0Minuten"},"schema":{"@context":"https:\/\/schema.org","@graph":[{"@type":"Article","@id":"https:\/\/lehrer-werden-in-sachsen.de\/in-den-funf-minuten-nach-dem-unterricht-lernt-man-oft-mehr-uber-seine-klasse-als-in-der-stunde-davor\/#article","isPartOf":{"@id":"https:\/\/lehrer-werden-in-sachsen.de\/in-den-funf-minuten-nach-dem-unterricht-lernt-man-oft-mehr-uber-seine-klasse-als-in-der-stunde-davor\/"},"author":{"name":"Ute Schirmack","@id":"https:\/\/lehrer-werden-in-sachsen.de\/#\/schema\/person\/5e4731c44f29a205208182ecfa64393f"},"headline":"\u201eIn den f\u00fcnf Minuten nach dem Unterricht lernt man oft mehr \u00fcber seine Klasse als in der Stunde davor\u201c","datePublished":"2024-08-21T10:55:42+00:00","dateModified":"2025-10-10T09:20:16+00:00","mainEntityOfPage":{"@id":"https:\/\/lehrer-werden-in-sachsen.de\/in-den-funf-minuten-nach-dem-unterricht-lernt-man-oft-mehr-uber-seine-klasse-als-in-der-stunde-davor\/"},"wordCount":578,"publisher":{"@id":"https:\/\/lehrer-werden-in-sachsen.de\/#organization"},"image":{"@id":"https:\/\/lehrer-werden-in-sachsen.de\/in-den-funf-minuten-nach-dem-unterricht-lernt-man-oft-mehr-uber-seine-klasse-als-in-der-stunde-davor\/#primaryimage"},"thumbnailUrl":"https:\/\/lehrer-werden-in-sachsen.de\/stage\/wp-content\/uploads\/2024\/07\/Lehrer_in_Sachsen_David_Baensch.jpg","keywords":["Berufsbildende Schulen","Berufseinstieg"],"articleSection":["Blog"],"inLanguage":"de"},{"@type":"WebPage","@id":"https:\/\/lehrer-werden-in-sachsen.de\/in-den-funf-minuten-nach-dem-unterricht-lernt-man-oft-mehr-uber-seine-klasse-als-in-der-stunde-davor\/","url":"https:\/\/lehrer-werden-in-sachsen.de\/in-den-funf-minuten-nach-dem-unterricht-lernt-man-oft-mehr-uber-seine-klasse-als-in-der-stunde-davor\/","name":"LEHRERIN SACHSEN | Koch oder Lehrer? Einfach beides werden!","isPartOf":{"@id":"https:\/\/lehrer-werden-in-sachsen.de\/#website"},"primaryImageOfPage":{"@id":"https:\/\/lehrer-werden-in-sachsen.de\/in-den-funf-minuten-nach-dem-unterricht-lernt-man-oft-mehr-uber-seine-klasse-als-in-der-stunde-davor\/#primaryimage"},"image":{"@id":"https:\/\/lehrer-werden-in-sachsen.de\/in-den-funf-minuten-nach-dem-unterricht-lernt-man-oft-mehr-uber-seine-klasse-als-in-der-stunde-davor\/#primaryimage"},"thumbnailUrl":"https:\/\/lehrer-werden-in-sachsen.de\/stage\/wp-content\/uploads\/2024\/07\/Lehrer_in_Sachsen_David_Baensch.jpg","datePublished":"2024-08-21T10:55:42+00:00","dateModified":"2025-10-10T09:20:16+00:00","description":"Sachsens durchl\u00e4ssiges Schulsystem erm\u00f6glichte es David Baensch, nach seiner Kochausbildung Abi zu machen und auf Lehramt zu studieren.","breadcrumb":{"@id":"https:\/\/lehrer-werden-in-sachsen.de\/in-den-funf-minuten-nach-dem-unterricht-lernt-man-oft-mehr-uber-seine-klasse-als-in-der-stunde-davor\/#breadcrumb"},"inLanguage":"de","potentialAction":[{"@type":"ReadAction","target":["https:\/\/lehrer-werden-in-sachsen.de\/in-den-funf-minuten-nach-dem-unterricht-lernt-man-oft-mehr-uber-seine-klasse-als-in-der-stunde-davor\/"]}]},{"@type":"ImageObject","inLanguage":"de","@id":"https:\/\/lehrer-werden-in-sachsen.de\/in-den-funf-minuten-nach-dem-unterricht-lernt-man-oft-mehr-uber-seine-klasse-als-in-der-stunde-davor\/#primaryimage","url":"https:\/\/lehrer-werden-in-sachsen.de\/stage\/wp-content\/uploads\/2024\/07\/Lehrer_in_Sachsen_David_Baensch.jpg","contentUrl":"https:\/\/lehrer-werden-in-sachsen.de\/stage\/wp-content\/uploads\/2024\/07\/Lehrer_in_Sachsen_David_Baensch.jpg","width":1920,"height":970,"caption":"Lehrer David Baensch sitzt in seinem B\u00fcro vor einem Sideboard mit Tintenf\u00e4ssern und einer Gr\u00fcnpflanze."},{"@type":"BreadcrumbList","@id":"https:\/\/lehrer-werden-in-sachsen.de\/in-den-funf-minuten-nach-dem-unterricht-lernt-man-oft-mehr-uber-seine-klasse-als-in-der-stunde-davor\/#breadcrumb","itemListElement":[{"@type":"ListItem","position":1,"name":"Startseite","item":"https:\/\/lehrer-werden-in-sachsen.de\/"},{"@type":"ListItem","position":2,"name":"\u201eIn den f\u00fcnf Minuten nach dem Unterricht lernt man oft mehr \u00fcber seine Klasse als in der Stunde davor\u201c"}]},{"@type":"WebSite","@id":"https:\/\/lehrer-werden-in-sachsen.de\/#website","url":"https:\/\/lehrer-werden-in-sachsen.de\/","name":"LEHRERIN SACHSEN","description":"Eine Klasse f\u00fcr sich.","publisher":{"@id":"https:\/\/lehrer-werden-in-sachsen.de\/#organization"},"potentialAction":[{"@type":"SearchAction","target":{"@type":"EntryPoint","urlTemplate":"https:\/\/lehrer-werden-in-sachsen.de\/?s={search_term_string}"},"query-input":{"@type":"PropertyValueSpecification","valueRequired":true,"valueName":"search_term_string"}}],"inLanguage":"de"},{"@type":"Organization","@id":"https:\/\/lehrer-werden-in-sachsen.de\/#organization","name":"LEHRERIN SACHSEN","url":"https:\/\/lehrer-werden-in-sachsen.de\/","logo":{"@type":"ImageObject","inLanguage":"de","@id":"https:\/\/lehrer-werden-in-sachsen.de\/#\/schema\/logo\/image\/","url":"https:\/\/lehrer-werden-in-sachsen.de\/stage\/wp-content\/uploads\/2022\/02\/SMK_Leherin-Sachsen-Marke_RGB_Violett-Orange.svg","contentUrl":"https:\/\/lehrer-werden-in-sachsen.de\/stage\/wp-content\/uploads\/2022\/02\/SMK_Leherin-Sachsen-Marke_RGB_Violett-Orange.svg","caption":"LEHRERIN SACHSEN"},"image":{"@id":"https:\/\/lehrer-werden-in-sachsen.de\/#\/schema\/logo\/image\/"}},{"@type":"Person","@id":"https:\/\/lehrer-werden-in-sachsen.de\/#\/schema\/person\/5e4731c44f29a205208182ecfa64393f","name":"Ute Schirmack","image":{"@type":"ImageObject","inLanguage":"de","@id":"https:\/\/secure.gravatar.com\/avatar\/598fa1aedac22eef3ac59a24de23cb10b697a462ec575f429d6e5c0dd1bd0d58?s=96&d=mm&r=g","url":"https:\/\/secure.gravatar.com\/avatar\/598fa1aedac22eef3ac59a24de23cb10b697a462ec575f429d6e5c0dd1bd0d58?s=96&d=mm&r=g","contentUrl":"https:\/\/secure.gravatar.com\/avatar\/598fa1aedac22eef3ac59a24de23cb10b697a462ec575f429d6e5c0dd1bd0d58?s=96&d=mm&r=g","caption":"Ute Schirmack"},"url":"https:\/\/lehrer-werden-in-sachsen.de\/stage\/author\/ute-schirmack\/"}]}},"_links":{"self":[{"href":"https:\/\/lehrer-werden-in-sachsen.de\/stage\/wp-json\/wp\/v2\/posts\/16517","targetHints":{"allow":["GET"]}}],"collection":[{"href":"https:\/\/lehrer-werden-in-sachsen.de\/stage\/wp-json\/wp\/v2\/posts"}],"about":[{"href":"https:\/\/lehrer-werden-in-sachsen.de\/stage\/wp-json\/wp\/v2\/types\/post"}],"author":[{"embeddable":true,"href":"https:\/\/lehrer-werden-in-sachsen.de\/stage\/wp-json\/wp\/v2\/users\/28"}],"replies":[{"embeddable":true,"href":"https:\/\/lehrer-werden-in-sachsen.de\/stage\/wp-json\/wp\/v2\/comments?post=16517"}],"version-history":[{"count":107,"href":"https:\/\/lehrer-werden-in-sachsen.de\/stage\/wp-json\/wp\/v2\/posts\/16517\/revisions"}],"predecessor-version":[{"id":23905,"href":"https:\/\/lehrer-werden-in-sachsen.de\/stage\/wp-json\/wp\/v2\/posts\/16517\/revisions\/23905"}],"wp:featuredmedia":[{"embeddable":true,"href":"https:\/\/lehrer-werden-in-sachsen.de\/stage\/wp-json\/wp\/v2\/media\/16671"}],"wp:attachment":[{"href":"https:\/\/lehrer-werden-in-sachsen.de\/stage\/wp-json\/wp\/v2\/media?parent=16517"}],"wp:term":[{"taxonomy":"category","embeddable":true,"href":"https:\/\/lehrer-werden-in-sachsen.de\/stage\/wp-json\/wp\/v2\/categories?post=16517"},{"taxonomy":"post_tag","embeddable":true,"href":"https:\/\/lehrer-werden-in-sachsen.de\/stage\/wp-json\/wp\/v2\/tags?post=16517"}],"curies":[{"name":"wp","href":"https:\/\/api.w.org\/{rel}","templated":true}]}}