{"id":15961,"date":"2024-07-12T13:35:33","date_gmt":"2024-07-12T11:35:33","guid":{"rendered":"https:\/\/lehrer-werden-in-sachsen.de\/stage\/?p=15961"},"modified":"2026-01-20T17:49:47","modified_gmt":"2026-01-20T16:49:47","slug":"gute-gruende-fuers-lehramt","status":"publish","type":"post","link":"https:\/\/lehrer-werden-in-sachsen.de\/stage\/gute-gruende-fuers-lehramt\/","title":{"rendered":"\u201eIn Kunst flie\u00dft alles mit ein\u201c \u2013 viele gute Gr\u00fcnde f\u00fcr ein Kunst-Lehramtsstudium"},"content":{"rendered":"\t\t<div data-elementor-type=\"wp-post\" data-elementor-id=\"15961\" class=\"elementor elementor-15961\" data-elementor-post-type=\"post\">\n\t\t\t\t\t\t<section class=\"elementor-section elementor-top-section elementor-element elementor-element-77dc2d3 elementor-section-boxed elementor-section-height-default elementor-section-height-default\" data-id=\"77dc2d3\" data-element_type=\"section\" data-e-type=\"section\">\n\t\t\t\t\t\t<div class=\"elementor-container elementor-column-gap-default\">\n\t\t\t\t\t<div class=\"elementor-column elementor-col-100 elementor-top-column elementor-element elementor-element-db24ebd\" data-id=\"db24ebd\" data-element_type=\"column\" data-e-type=\"column\">\n\t\t\t<div class=\"elementor-widget-wrap elementor-element-populated\">\n\t\t\t\t\t\t<div class=\"elementor-element elementor-element-8cb6e5f elementor-widget elementor-widget-text-editor\" data-id=\"8cb6e5f\" data-element_type=\"widget\" data-e-type=\"widget\" data-widget_type=\"text-editor.default\">\n\t\t\t\t<div class=\"elementor-widget-container\">\n\t\t\t\t\t\t\t\t\t<p><strong>Kunst-Lehrende gesucht: Kunst ist ein Mangelfach an Sachsens Schulen. Wer sich daf\u00fcr interessiert, kann sich an der Leidenschaft der beiden Oberschullehrenden Jana Bens-Wiewi\u00f3rski und Christian Reich f\u00fcr ihr Fach ein Beispiel nehmen.\u00a0<\/strong><strong style=\"font-family: inherit; font-size: inherit; font-style: inherit; font-variant-ligatures: inherit; font-variant-caps: inherit; color: var( --e-global-color-text );\">In Teil 1 unseres Artikels berichten beide aus ihrem Schulalltag.<\/strong><\/p>\t\t\t\t\t\t\t\t<\/div>\n\t\t\t\t<\/div>\n\t\t\t\t\t<\/div>\n\t\t<\/div>\n\t\t\t\t\t<\/div>\n\t\t<\/section>\n\t\t\t\t<section class=\"elementor-section elementor-top-section elementor-element elementor-element-2620ffc elementor-section-boxed elementor-section-height-default elementor-section-height-default\" data-id=\"2620ffc\" data-element_type=\"section\" data-e-type=\"section\">\n\t\t\t\t\t\t<div class=\"elementor-container elementor-column-gap-default\">\n\t\t\t\t\t<div class=\"elementor-column elementor-col-100 elementor-top-column elementor-element elementor-element-9f7a693\" data-id=\"9f7a693\" data-element_type=\"column\" data-e-type=\"column\">\n\t\t\t<div class=\"elementor-widget-wrap elementor-element-populated\">\n\t\t\t\t\t\t\t<\/div>\n\t\t<\/div>\n\t\t\t\t\t<\/div>\n\t\t<\/section>\n\t\t\t\t<section class=\"elementor-section elementor-top-section elementor-element elementor-element-7f4f6c4 elementor-section-boxed elementor-section-height-default elementor-section-height-default\" data-id=\"7f4f6c4\" data-element_type=\"section\" data-e-type=\"section\">\n\t\t\t\t\t\t<div class=\"elementor-container elementor-column-gap-default\">\n\t\t\t\t\t<div class=\"elementor-column elementor-col-100 elementor-top-column elementor-element elementor-element-1a06e33\" data-id=\"1a06e33\" data-element_type=\"column\" data-e-type=\"column\">\n\t\t\t<div class=\"elementor-widget-wrap elementor-element-populated\">\n\t\t\t\t\t\t<div class=\"elementor-element elementor-element-57d66d3 elementor-widget elementor-widget-text-editor\" data-id=\"57d66d3\" data-element_type=\"widget\" data-e-type=\"widget\" data-widget_type=\"text-editor.default\">\n\t\t\t\t<div class=\"elementor-widget-container\">\n\t\t\t\t\t\t\t\t\t<p>\u201eIn das Fach Kunst flie\u00dft alles ein\u201c, sagt Jana Bens-Wiewi\u00f3rski. Wer sein Fach so umfassend sieht und so leidenschaftlich vertritt wie die Kunst- und Deutschlehrerin und Fachberaterin f\u00fcr das Kunst-Lehramt am S\u00e4chsischen Landesamt f\u00fcr Schule und Bildung (LaSuB) in Chemnitz, der wei\u00df genau, was er tut und warum. Die 52-J\u00e4hrige beweist das nicht allein durch ihre lange Berufserfahrung als <a href=\"https:\/\/lehrer-werden-in-sachsen.de\\\\\/\" title=\"Lehrer In Sachsen\">Lehrer In Sachsen<\/a>, sondern belegt das ebenfalls durch ihr Wissen um die Schnittmengen mit vielen anderen Schulf\u00e4chern.<\/p>\t\t\t\t\t\t\t\t<\/div>\n\t\t\t\t<\/div>\n\t\t\t\t\t<\/div>\n\t\t<\/div>\n\t\t\t\t\t<\/div>\n\t\t<\/section>\n\t\t\t\t<section class=\"elementor-section elementor-top-section elementor-element elementor-element-cbb772c elementor-section-boxed elementor-section-height-default elementor-section-height-default\" data-id=\"cbb772c\" data-element_type=\"section\" data-e-type=\"section\">\n\t\t\t\t\t\t<div class=\"elementor-container elementor-column-gap-default\">\n\t\t\t\t\t<div class=\"elementor-column elementor-col-100 elementor-top-column elementor-element elementor-element-de666ad\" data-id=\"de666ad\" data-element_type=\"column\" data-e-type=\"column\">\n\t\t\t<div class=\"elementor-widget-wrap elementor-element-populated\">\n\t\t\t\t\t\t<div class=\"elementor-element elementor-element-29917ef elementor-widget elementor-widget-heading\" data-id=\"29917ef\" data-element_type=\"widget\" data-e-type=\"widget\" data-widget_type=\"heading.default\">\n\t\t\t\t<div class=\"elementor-widget-container\">\n\t\t\t\t\t<h2 class=\"elementor-heading-title elementor-size-default\">Kreative Probleml\u00f6sung und gro\u00dfer Nutzen f\u00fcrs Berufsleben <\/h2>\t\t\t\t<\/div>\n\t\t\t\t<\/div>\n\t\t\t\t\t<\/div>\n\t\t<\/div>\n\t\t\t\t\t<\/div>\n\t\t<\/section>\n\t\t\t\t<section class=\"elementor-section elementor-top-section elementor-element elementor-element-20f5d6f elementor-section-boxed elementor-section-height-default elementor-section-height-default\" data-id=\"20f5d6f\" data-element_type=\"section\" data-e-type=\"section\">\n\t\t\t\t\t\t<div class=\"elementor-container elementor-column-gap-default\">\n\t\t\t\t\t<div class=\"elementor-column elementor-col-100 elementor-top-column elementor-element elementor-element-387bff1\" data-id=\"387bff1\" data-element_type=\"column\" data-e-type=\"column\">\n\t\t\t<div class=\"elementor-widget-wrap elementor-element-populated\">\n\t\t\t\t\t\t<div class=\"elementor-element elementor-element-ea92e7e elementor-widget elementor-widget-text-editor\" data-id=\"ea92e7e\" data-element_type=\"widget\" data-e-type=\"widget\" data-widget_type=\"text-editor.default\">\n\t\t\t\t<div class=\"elementor-widget-container\">\n\t\t\t\t\t\t\t\t\t<p>Ob der Goldene Schnitt aus der Mathematik, Chemie in Cyanotypien, einem fotografischen Edeldruckverfahren, B\u00fchnenbilder oder Text-Illustrationen, in denen der Umgang mit der deutschen Sprache eine wichtige Rolle spielt oder Anatomie und Biologie, die in die Abbildung von Natur einflie\u00dfen \u2013 der F\u00e4cherkanon einer Schule bilde sich in vielen Aspekten im Kunstunterricht ab, betont Jana Bens-Wiewi\u00f3rski. Zudem bietet das Studienfach Kunst den Lehrenden die M\u00f6glichkeit, zwar nach Lehrplan, aber mit selbst gesetzten Akzenten zu unterrichten.\u00a0<\/p><p>\u201eDie Sch\u00fclerinnen und Sch\u00fcler k\u00f6nnen etwa projektweise 3-D-Drucker erproben oder an iPads Werbematerialien gestalten. Sie richten so ihren Fokus darauf, KI-basierte Technologien sinnvoll zu nutzen. Das sind F\u00e4higkeiten, die viel mit sp\u00e4teren Berufsfeldern zu tun haben\u201c, entkr\u00e4ftet Jana Bens-Wiewi\u00f3rski das Vorurteil, dass Kunst eher im luftleeren Raum jenseits von Nutzwertigkeit stattfinde. \u201eK\u00fcnstler waren schon immer Vorreiter beim Ausprobieren neuer Techniken. Schon Rembrandt oder Albrecht D\u00fcrer haben damals neue Druckverfahren wie Kupferstich und Radierungen genutzt.\u201c<\/p><p><span style=\"font-family: inherit; font-size: inherit; font-style: inherit; font-variant-ligatures: inherit; font-variant-caps: inherit; font-weight: inherit; color: var( --e-global-color-text );\">\u00a0<\/span><\/p><p><span style=\"font-family: inherit; font-size: inherit; font-style: inherit; font-variant-ligatures: inherit; font-variant-caps: inherit; font-weight: inherit; color: var( --e-global-color-text );\">\u201eIm Kern geht es um kreative Probleml\u00f6sung\u201c, erz\u00e4hlt sie aus ihrem Schulalltag an der <\/span><a href=\"https:\/\/oscz-freiberg.de\/\" title=\"Oberschule Clara Zetkin in Freiberg\" target=\"_blank\" data-auto-event-observed=\"true\" rel=\"noopener\">Oberschule Clara Zetkin in Freiberg<\/a><span style=\"font-family: inherit; font-size: inherit; font-style: inherit; font-variant-ligatures: inherit; font-variant-caps: inherit; font-weight: inherit; color: var( --e-global-color-text );\">. Die findet, bei aller digitalen Nutzanwendung, immer auch analog statt. Beispiel: \u201eEin Sch\u00fcler oder eine Sch\u00fclerin hat ein fertiggemaltes Bild und dann tropft aus Versehen Tinte \u00fcbers Blatt. Es ist keine L\u00f6sung, das Blatt einfach zu zerrei\u00dfen und wegzuwerfen. Ich ermutige die Sch\u00fclerin oder den Sch\u00fcler herauszufinden, wie sie mit diesem \u201aFehler\u2018 so umgehen k\u00f6nnen, dass es das Bild trotzdem originell und sehenswert macht.\u201c<\/span><\/p>\t\t\t\t\t\t\t\t<\/div>\n\t\t\t\t<\/div>\n\t\t\t\t\t<\/div>\n\t\t<\/div>\n\t\t\t\t\t<\/div>\n\t\t<\/section>\n\t\t\t\t<section class=\"elementor-section elementor-top-section elementor-element elementor-element-59df3f8 elementor-section-boxed elementor-section-height-default elementor-section-height-default\" data-id=\"59df3f8\" data-element_type=\"section\" data-e-type=\"section\">\n\t\t\t\t\t\t<div class=\"elementor-container elementor-column-gap-default\">\n\t\t\t\t\t<div class=\"elementor-column elementor-col-100 elementor-top-column elementor-element elementor-element-0f03a50\" data-id=\"0f03a50\" data-element_type=\"column\" data-e-type=\"column\">\n\t\t\t<div class=\"elementor-widget-wrap elementor-element-populated\">\n\t\t\t\t\t\t<div class=\"elementor-element elementor-element-477b7c0 elementor-widget elementor-widget-heading\" data-id=\"477b7c0\" data-element_type=\"widget\" data-e-type=\"widget\" data-widget_type=\"heading.default\">\n\t\t\t\t<div class=\"elementor-widget-container\">\n\t\t\t\t\t<h2 class=\"elementor-heading-title elementor-size-default\">\u201eDa gibt es doch etwas, in dem sich Kunst mit Sicherheit vereinen l\u00e4sst\u201c <\/h2>\t\t\t\t<\/div>\n\t\t\t\t<\/div>\n\t\t\t\t\t<\/div>\n\t\t<\/div>\n\t\t\t\t\t<\/div>\n\t\t<\/section>\n\t\t\t\t<section class=\"elementor-section elementor-top-section elementor-element elementor-element-d989e0d elementor-section-boxed elementor-section-height-default elementor-section-height-default\" data-id=\"d989e0d\" data-element_type=\"section\" data-e-type=\"section\">\n\t\t\t\t\t\t<div class=\"elementor-container elementor-column-gap-default\">\n\t\t\t\t\t<div class=\"elementor-column elementor-col-100 elementor-top-column elementor-element elementor-element-923b024\" data-id=\"923b024\" data-element_type=\"column\" data-e-type=\"column\">\n\t\t\t<div class=\"elementor-widget-wrap elementor-element-populated\">\n\t\t\t\t\t\t<div class=\"elementor-element elementor-element-beddcd9 elementor-widget elementor-widget-text-editor\" data-id=\"beddcd9\" data-element_type=\"widget\" data-e-type=\"widget\" data-widget_type=\"text-editor.default\">\n\t\t\t\t<div class=\"elementor-widget-container\">\n\t\t\t\t\t\t\t\t\t<p>Klar ist: Kreatives und handwerkliches Geschick sind Voraussetzungen f\u00fcr das Studium Kunst auf Lehramt. Das best\u00e4tigt Christian Reich, Kunst- und Geographielehrer an der <a href=\"https:\/\/cms.sachsen.schule\/os32dd\/home.html\" title=\"32. Oberschule in Dresden-Tolkewitz\" target=\"_blank\" rel=\"noopener\">32. Oberschule in Dresden-Tolkewitz<\/a>. \u201eEs gibt die Eignungspr\u00fcfungen und Mappen zur Zulassung.\u201c Als er seine Mappe \u201erelativ z\u00fcgig\u201c einreichte, war er l\u00e4ngst k\u00fcnstlerisch unterwegs. \u201eIch hatte schon in den letzten Schuljahren immer das Skizzenheft dabei und gezeichnet.\u201c Er konnte sich \u201edurchaus etwas mit Design als Beruf vorstellen.\u201c Doch zun\u00e4chst drehte er nach dem Abi mit Blick aufs vermeintlich solidere Berufsfeld eine Schleife durch ein Elektrotechnik-Studium. \u201eAber das passte nicht.\u201c Einige \u00dcberlegungen, Informationen und Gespr\u00e4che mit seinem Vater \u2013 ebenfalls Lehrer \u2013 sp\u00e4ter wurde Christian Reich klar, dass es mit dem Kunst-Lehramt etwas g\u00e4be, \u201ein dem sich Kunst mit Sicherheit vereinen l\u00e4sst.\u201c<\/p><p>\u00a0<\/p><p>Das Studium aufs Oberschullehramt an der TU Dresden lief reibungslos. Seinen Vorbereitungsdienst machte er \u201ean einer kleinen Dorfschule im Raum Freiberg mit dem schicksten Kunstraum, den ich je hatte.\u201c Gerade in der Region sei die Situation sehr angespannt. \u201eIm l\u00e4ndlichen Raum sind die Schulen direkt auf mich zugekommen, ob ich nicht bei ihnen anfangen will.\u201c Einen Wechsel aufs Land h\u00e4lt er nicht f\u00fcr ausgeschlossen, auch wenn er vorerst wegen seines privaten Umfelds in Dresden bleiben will.<\/p><p>\u00a0<\/p><p>Der 27-J\u00e4hrige hat gerade sein erstes Jahr nach dem Vorbereitungsdienst als grundst\u00e4ndiger Lehrer hinter sich. Er unterrichtete in diesem Schuljahr alle f\u00fcnf 5. Klassen und zwei 6. Klassen in der 32. Oberschule auf dem Schulcampus Tolkewitz, einer der gr\u00f6\u00dften Schulen Sachsens. Schon den ganz jungen Sch\u00fclerinnen und Sch\u00fclern vermittelt er Kunst gern lebenspraktisch und alltagsnah \u2013 beispielsweise \u201edurch Kaffeemalerei mit Geruchskomponente\u201c, Abklatschbilder \u00e0 la Rohrschachtest oder plastisch mit Tiki-K\u00f6pfen, die aus Seifenst\u00fccken geschnitzt werden. Ob Fotografie, Malerei, Plastik oder Farbtheorie: \u201eMein Fokus liegt auf dem praktischen Arbeiten. Ich m\u00f6chte vermitteln, dass Kunst ein ernsthaftes Fach ist.\u201c<\/p>\t\t\t\t\t\t\t\t<\/div>\n\t\t\t\t<\/div>\n\t\t\t\t\t<\/div>\n\t\t<\/div>\n\t\t\t\t\t<\/div>\n\t\t<\/section>\n\t\t\t\t<section class=\"elementor-section elementor-top-section elementor-element elementor-element-61f1be0 elementor-section-boxed elementor-section-height-default elementor-section-height-default\" data-id=\"61f1be0\" data-element_type=\"section\" data-e-type=\"section\">\n\t\t\t\t\t\t<div class=\"elementor-container elementor-column-gap-default\">\n\t\t\t\t\t<div class=\"elementor-column elementor-col-100 elementor-top-column elementor-element elementor-element-ad902be\" data-id=\"ad902be\" data-element_type=\"column\" data-e-type=\"column\">\n\t\t\t<div class=\"elementor-widget-wrap elementor-element-populated\">\n\t\t\t\t\t\t<div class=\"elementor-element elementor-element-52df935 elementor-widget elementor-widget-heading\" data-id=\"52df935\" data-element_type=\"widget\" data-e-type=\"widget\" data-widget_type=\"heading.default\">\n\t\t\t\t<div class=\"elementor-widget-container\">\n\t\t\t\t\t<h2 class=\"elementor-heading-title elementor-size-default\">Aliens in der Steinzeith\u00f6hle <\/h2>\t\t\t\t<\/div>\n\t\t\t\t<\/div>\n\t\t\t\t\t<\/div>\n\t\t<\/div>\n\t\t\t\t\t<\/div>\n\t\t<\/section>\n\t\t\t\t<section class=\"elementor-section elementor-top-section elementor-element elementor-element-e139d54 elementor-section-boxed elementor-section-height-default elementor-section-height-default\" data-id=\"e139d54\" data-element_type=\"section\" data-e-type=\"section\">\n\t\t\t\t\t\t<div class=\"elementor-container elementor-column-gap-default\">\n\t\t\t\t\t<div class=\"elementor-column elementor-col-100 elementor-top-column elementor-element elementor-element-e566fe4\" data-id=\"e566fe4\" data-element_type=\"column\" data-e-type=\"column\">\n\t\t\t<div class=\"elementor-widget-wrap elementor-element-populated\">\n\t\t\t\t\t\t<div class=\"elementor-element elementor-element-2590fa7 elementor-widget elementor-widget-text-editor\" data-id=\"2590fa7\" data-element_type=\"widget\" data-e-type=\"widget\" data-widget_type=\"text-editor.default\">\n\t\t\t\t<div class=\"elementor-widget-container\">\n\t\t\t\t\t\t\t\t\t<p>Ist beispielsweise Steinzeitmalerei das Thema, gehe es nicht allein darum, die Formsprache zu erfassen und eine H\u00f6hlenmalerei nachzuempfinden. Auch der Kontext z\u00e4hlt: \u201eIch lasse die Sch\u00fclerinnen und Sch\u00fcler zehn S\u00e4tze \u00fcber ein Ereignis schreiben, das zu diesem Bild gef\u00fchrt haben k\u00f6nnte, eine Jagd oder Funde.\u201c Anschlie\u00dfend wird die Geschichte erz\u00e4hlt. \u201eEs ist mir ganz wichtig, dass in Kunst auch m\u00fcndlich gearbeitet wird.\u201c Dann k\u00f6nne es passieren, \u201edass auf einmal Aliens in die Steinzeith\u00f6hle mit reinkommen.\u201c Interessant und kein Problem, so lange die Sch\u00fclerinnen und Sch\u00fcler begr\u00fcnden k\u00f6nnen, wie und weshalb das so geschehen sein k\u00f6nnte.<\/p><p>Im Unterricht ist Christian Reich bisweilen \u00fcberrascht: \u201eManche Sch\u00fclerinnen und Sch\u00fcler sind im Geo-Unterricht ganz anders als im Kunstunterricht \u2013 dort sind sie viel freier und kreativer. Es ist eine sehr enge Zusammenarbeit, die einem ganz andere Seiten der Kinder zeigt.\u201c<\/p><p>Das ist bei allem Wollen nicht selbstverst\u00e4ndlich, denn Kunst ist eines der Mangelf\u00e4cher, in denen Lehrende und Studierende in Sachsen besonders gefragt sind. Wer das Fach Kunst selbst als Studienm\u00f6glichkeit in Betracht zieht, findet in der <a href=\"https:\/\/lehrer-werden-in-sachsen.de\/wp-content\/uploads\/2026\/01\/SMK_LehrerInSachsen_Faechertabelle_012026.pdf\" title=\"F\u00e4chertabelle\" target=\"_blank\" rel=\"noopener\">F\u00e4chertabelle<\/a> auf der Lehrer-In-Sachsen-Seite eine \u00dcbersicht, an welcher Universit\u00e4t und auf welchen Schultyp hin das Fach studiert werden kann.<\/p>\t\t\t\t\t\t\t\t<\/div>\n\t\t\t\t<\/div>\n\t\t\t\t\t<\/div>\n\t\t<\/div>\n\t\t\t\t\t<\/div>\n\t\t<\/section>\n\t\t\t\t<section class=\"elementor-section elementor-top-section elementor-element elementor-element-925f9db elementor-section-boxed elementor-section-height-default elementor-section-height-default\" data-id=\"925f9db\" data-element_type=\"section\" data-e-type=\"section\">\n\t\t\t\t\t\t<div class=\"elementor-container elementor-column-gap-default\">\n\t\t\t\t\t<div class=\"elementor-column elementor-col-100 elementor-top-column elementor-element elementor-element-68fbac6\" data-id=\"68fbac6\" data-element_type=\"column\" data-e-type=\"column\">\n\t\t\t<div class=\"elementor-widget-wrap elementor-element-populated\">\n\t\t\t\t\t\t\t<\/div>\n\t\t<\/div>\n\t\t\t\t\t<\/div>\n\t\t<\/section>\n\t\t\t\t<section class=\"elementor-section elementor-top-section elementor-element elementor-element-0d62432 elementor-section-boxed elementor-section-height-default elementor-section-height-default\" data-id=\"0d62432\" data-element_type=\"section\" data-e-type=\"section\">\n\t\t\t\t\t\t<div class=\"elementor-container elementor-column-gap-default\">\n\t\t\t\t\t<div class=\"elementor-column elementor-col-100 elementor-top-column elementor-element elementor-element-f13591a\" data-id=\"f13591a\" data-element_type=\"column\" data-e-type=\"column\">\n\t\t\t<div class=\"elementor-widget-wrap elementor-element-populated\">\n\t\t\t\t\t\t\t<\/div>\n\t\t<\/div>\n\t\t\t\t\t<\/div>\n\t\t<\/section>\n\t\t\t\t<section class=\"elementor-section elementor-top-section elementor-element elementor-element-093ceee elementor-section-boxed elementor-section-height-default elementor-section-height-default\" data-id=\"093ceee\" data-element_type=\"section\" data-e-type=\"section\">\n\t\t\t\t\t\t<div class=\"elementor-container elementor-column-gap-default\">\n\t\t\t\t\t<div class=\"elementor-column elementor-col-100 elementor-top-column elementor-element elementor-element-773fd5e\" data-id=\"773fd5e\" data-element_type=\"column\" data-e-type=\"column\">\n\t\t\t<div class=\"elementor-widget-wrap elementor-element-populated\">\n\t\t\t\t\t\t<div class=\"elementor-element elementor-element-d451427 elementor-widget elementor-widget-spacer\" data-id=\"d451427\" data-element_type=\"widget\" data-e-type=\"widget\" data-widget_type=\"spacer.default\">\n\t\t\t\t<div class=\"elementor-widget-container\">\n\t\t\t\t\t\t\t<div class=\"elementor-spacer\">\n\t\t\t<div class=\"elementor-spacer-inner\"><\/div>\n\t\t<\/div>\n\t\t\t\t\t\t<\/div>\n\t\t\t\t<\/div>\n\t\t\t\t\t<\/div>\n\t\t<\/div>\n\t\t\t\t\t<\/div>\n\t\t<\/section>\n\t\t\t\t<section class=\"elementor-section elementor-top-section elementor-element elementor-element-32cdc3c elementor-section-boxed elementor-section-height-default elementor-section-height-default\" data-id=\"32cdc3c\" data-element_type=\"section\" data-e-type=\"section\">\n\t\t\t\t\t\t<div class=\"elementor-container elementor-column-gap-default\">\n\t\t\t\t\t<div class=\"elementor-column elementor-col-100 elementor-top-column elementor-element elementor-element-c1cd103\" data-id=\"c1cd103\" data-element_type=\"column\" data-e-type=\"column\">\n\t\t\t<div class=\"elementor-widget-wrap elementor-element-populated\">\n\t\t\t\t\t\t<div class=\"elementor-element elementor-element-98d6a78 elementor-widget elementor-widget-heading\" data-id=\"98d6a78\" data-element_type=\"widget\" data-e-type=\"widget\" data-widget_type=\"heading.default\">\n\t\t\t\t<div class=\"elementor-widget-container\">\n\t\t\t\t\t<h2 class=\"elementor-heading-title elementor-size-default\">Du m\u00f6chtest LEHRERIN SACHSEN werden?<\/h2>\t\t\t\t<\/div>\n\t\t\t\t<\/div>\n\t\t\t\t\t<\/div>\n\t\t<\/div>\n\t\t\t\t\t<\/div>\n\t\t<\/section>\n\t\t\t\t<section class=\"elementor-section elementor-top-section elementor-element elementor-element-4ceec11 elementor-section-boxed elementor-section-height-default elementor-section-height-default\" data-id=\"4ceec11\" data-element_type=\"section\" data-e-type=\"section\">\n\t\t\t\t\t\t<div class=\"elementor-container elementor-column-gap-default\">\n\t\t\t\t\t<div class=\"elementor-column elementor-col-100 elementor-top-column elementor-element elementor-element-78b527f\" data-id=\"78b527f\" data-element_type=\"column\" data-e-type=\"column\">\n\t\t\t<div class=\"elementor-widget-wrap elementor-element-populated\">\n\t\t\t\t\t\t<div class=\"elementor-element elementor-element-8a8f4a4 elementor-widget elementor-widget-button\" data-id=\"8a8f4a4\" data-element_type=\"widget\" data-e-type=\"widget\" data-widget_type=\"button.default\">\n\t\t\t\t<div class=\"elementor-widget-container\">\n\t\t\t\t\t\t\t\t\t<div class=\"elementor-button-wrapper\">\n\t\t\t\t\t<a class=\"elementor-button elementor-button-link elementor-size-sm\" href=\"https:\/\/lehrer-werden-in-sachsen.de\/infos-zur-beruflichen-orientierung\/\" title=\"Infos zur beruflichen Orientierung\">\n\t\t\t\t\t\t<span class=\"elementor-button-content-wrapper\">\n\t\t\t\t\t\t\t\t\t<span class=\"elementor-button-text\">Dann informiere dich jetzt \u00fcber deine M\u00f6glichkeiten.<\/span>\n\t\t\t\t\t<\/span>\n\t\t\t\t\t<\/a>\n\t\t\t\t<\/div>\n\t\t\t\t\t\t\t\t<\/div>\n\t\t\t\t<\/div>\n\t\t\t\t\t<\/div>\n\t\t<\/div>\n\t\t\t\t\t<\/div>\n\t\t<\/section>\n\t\t\t\t<\/div>\n\t\t","protected":false},"excerpt":{"rendered":"<p>Kunst-Lehrende gesucht: Kunst ist ein Mangelfach an Sachsens Schulen. Wer sich daf\u00fcr interessiert, kann sich an den Oberschullehrenden Jana Bens-Wiewi\u00f3rski und Christian Reich ein Beispiel nehmen. In Teil 1 unseres Artikels berichten beide aus ihrem Schulalltag. <\/p>\n","protected":false},"author":28,"featured_media":16146,"comment_status":"closed","ping_status":"closed","sticky":false,"template":"","format":"standard","meta":{"footnotes":""},"categories":[46],"tags":[205,94,199],"class_list":["post-15961","post","type-post","status-publish","format-standard","has-post-thumbnail","hentry","category-blog","tag-bedarf","tag-lehramtsstudium","tag-schulfach"],"yoast_head":"<!-- This site is optimized with the Yoast SEO plugin v27.3 - https:\/\/yoast.com\/product\/yoast-seo-wordpress\/ -->\n<title>LEHRERIN SACHSEN | Gute Gr\u00fcnde f\u00fcrs Kunst-Lehramt<\/title>\n<meta name=\"description\" content=\"Die Oberschullehrer Jana Bens-Wiewi\u00f3rski und Christian Reich teilen ihre Erfahrungen und ihre Begeisterung f\u00fcr das Kunst-Lehramt in Sachsen.\" \/>\n<meta name=\"robots\" content=\"index, follow, max-snippet:-1, max-image-preview:large, max-video-preview:-1\" \/>\n<link rel=\"canonical\" href=\"https:\/\/lehrer-werden-in-sachsen.de\/gute-gruende-fuers-lehramt\/\" \/>\n<meta property=\"og:locale\" content=\"de_DE\" \/>\n<meta property=\"og:type\" content=\"article\" \/>\n<meta property=\"og:title\" content=\"LEHRERIN SACHSEN | Gute Gr\u00fcnde f\u00fcrs Kunst-Lehramt\" \/>\n<meta property=\"og:description\" content=\"Die Oberschullehrer Jana Bens-Wiewi\u00f3rski und Christian Reich teilen ihre Erfahrungen und ihre Begeisterung f\u00fcr das Kunst-Lehramt in Sachsen.\" \/>\n<meta property=\"og:url\" content=\"https:\/\/lehrer-werden-in-sachsen.de\/gute-gruende-fuers-lehramt\/\" \/>\n<meta property=\"og:site_name\" content=\"LEHRERIN SACHSEN\" \/>\n<meta property=\"article:published_time\" content=\"2024-07-12T11:35:33+00:00\" \/>\n<meta property=\"article:modified_time\" content=\"2026-01-20T16:49:47+00:00\" \/>\n<meta property=\"og:image\" content=\"https:\/\/lehrer-werden-in-sachsen.de\/wp-content\/uploads\/2024\/07\/SMK-Blog-Header-Jana-Bens-Wiewiorski_1920x970px.jpg\" \/>\n\t<meta property=\"og:image:width\" content=\"1920\" \/>\n\t<meta property=\"og:image:height\" content=\"970\" \/>\n\t<meta property=\"og:image:type\" content=\"image\/jpeg\" \/>\n<meta name=\"author\" content=\"Ute Schirmack\" \/>\n<meta name=\"twitter:card\" content=\"summary_large_image\" \/>\n<meta name=\"twitter:label1\" content=\"Verfasst von\" \/>\n\t<meta name=\"twitter:data1\" content=\"Ute Schirmack\" \/>\n\t<meta name=\"twitter:label2\" content=\"Gesch\u00e4tzte Lesezeit\" \/>\n\t<meta name=\"twitter:data2\" content=\"5\u00a0Minuten\" \/>\n<script type=\"application\/ld+json\" class=\"yoast-schema-graph\">{\"@context\":\"https:\\\/\\\/schema.org\",\"@graph\":[{\"@type\":\"Article\",\"@id\":\"https:\\\/\\\/lehrer-werden-in-sachsen.de\\\/gute-gruende-fuers-lehramt\\\/#article\",\"isPartOf\":{\"@id\":\"https:\\\/\\\/lehrer-werden-in-sachsen.de\\\/gute-gruende-fuers-lehramt\\\/\"},\"author\":{\"name\":\"Ute Schirmack\",\"@id\":\"https:\\\/\\\/lehrer-werden-in-sachsen.de\\\/#\\\/schema\\\/person\\\/5e4731c44f29a205208182ecfa64393f\"},\"headline\":\"\u201eIn Kunst flie\u00dft alles mit ein\u201c \u2013 viele gute Gr\u00fcnde f\u00fcr ein Kunst-Lehramtsstudium\",\"datePublished\":\"2024-07-12T11:35:33+00:00\",\"dateModified\":\"2026-01-20T16:49:47+00:00\",\"mainEntityOfPage\":{\"@id\":\"https:\\\/\\\/lehrer-werden-in-sachsen.de\\\/gute-gruende-fuers-lehramt\\\/\"},\"wordCount\":963,\"publisher\":{\"@id\":\"https:\\\/\\\/lehrer-werden-in-sachsen.de\\\/#organization\"},\"image\":{\"@id\":\"https:\\\/\\\/lehrer-werden-in-sachsen.de\\\/gute-gruende-fuers-lehramt\\\/#primaryimage\"},\"thumbnailUrl\":\"https:\\\/\\\/lehrer-werden-in-sachsen.de\\\/stage\\\/wp-content\\\/uploads\\\/2024\\\/07\\\/SMK-Blog-Header-Jana-Bens-Wiewiorski_1920x970px.jpg\",\"keywords\":[\"Bedarf\",\"Lehramtsstudium\",\"Schulfach\"],\"articleSection\":[\"Blog\"],\"inLanguage\":\"de\"},{\"@type\":\"WebPage\",\"@id\":\"https:\\\/\\\/lehrer-werden-in-sachsen.de\\\/gute-gruende-fuers-lehramt\\\/\",\"url\":\"https:\\\/\\\/lehrer-werden-in-sachsen.de\\\/gute-gruende-fuers-lehramt\\\/\",\"name\":\"LEHRERIN SACHSEN | Gute Gr\u00fcnde f\u00fcrs Kunst-Lehramt\",\"isPartOf\":{\"@id\":\"https:\\\/\\\/lehrer-werden-in-sachsen.de\\\/#website\"},\"primaryImageOfPage\":{\"@id\":\"https:\\\/\\\/lehrer-werden-in-sachsen.de\\\/gute-gruende-fuers-lehramt\\\/#primaryimage\"},\"image\":{\"@id\":\"https:\\\/\\\/lehrer-werden-in-sachsen.de\\\/gute-gruende-fuers-lehramt\\\/#primaryimage\"},\"thumbnailUrl\":\"https:\\\/\\\/lehrer-werden-in-sachsen.de\\\/stage\\\/wp-content\\\/uploads\\\/2024\\\/07\\\/SMK-Blog-Header-Jana-Bens-Wiewiorski_1920x970px.jpg\",\"datePublished\":\"2024-07-12T11:35:33+00:00\",\"dateModified\":\"2026-01-20T16:49:47+00:00\",\"description\":\"Die Oberschullehrer Jana Bens-Wiewi\u00f3rski und Christian Reich teilen ihre Erfahrungen und ihre Begeisterung f\u00fcr das Kunst-Lehramt in Sachsen.\",\"breadcrumb\":{\"@id\":\"https:\\\/\\\/lehrer-werden-in-sachsen.de\\\/gute-gruende-fuers-lehramt\\\/#breadcrumb\"},\"inLanguage\":\"de\",\"potentialAction\":[{\"@type\":\"ReadAction\",\"target\":[\"https:\\\/\\\/lehrer-werden-in-sachsen.de\\\/gute-gruende-fuers-lehramt\\\/\"]}]},{\"@type\":\"ImageObject\",\"inLanguage\":\"de\",\"@id\":\"https:\\\/\\\/lehrer-werden-in-sachsen.de\\\/gute-gruende-fuers-lehramt\\\/#primaryimage\",\"url\":\"https:\\\/\\\/lehrer-werden-in-sachsen.de\\\/stage\\\/wp-content\\\/uploads\\\/2024\\\/07\\\/SMK-Blog-Header-Jana-Bens-Wiewiorski_1920x970px.jpg\",\"contentUrl\":\"https:\\\/\\\/lehrer-werden-in-sachsen.de\\\/stage\\\/wp-content\\\/uploads\\\/2024\\\/07\\\/SMK-Blog-Header-Jana-Bens-Wiewiorski_1920x970px.jpg\",\"width\":1920,\"height\":970,\"caption\":\"Kunstlehrerin Jana Bens-Wiewi\u00f3rski erkl\u00e4rt an einem Whiteboard sprechende Portraits.\"},{\"@type\":\"BreadcrumbList\",\"@id\":\"https:\\\/\\\/lehrer-werden-in-sachsen.de\\\/gute-gruende-fuers-lehramt\\\/#breadcrumb\",\"itemListElement\":[{\"@type\":\"ListItem\",\"position\":1,\"name\":\"Startseite\",\"item\":\"https:\\\/\\\/lehrer-werden-in-sachsen.de\\\/\"},{\"@type\":\"ListItem\",\"position\":2,\"name\":\"\u201eIn Kunst flie\u00dft alles mit ein\u201c \u2013 viele gute Gr\u00fcnde f\u00fcr ein Kunst-Lehramtsstudium\"}]},{\"@type\":\"WebSite\",\"@id\":\"https:\\\/\\\/lehrer-werden-in-sachsen.de\\\/#website\",\"url\":\"https:\\\/\\\/lehrer-werden-in-sachsen.de\\\/\",\"name\":\"LEHRERIN SACHSEN\",\"description\":\"Eine Klasse f\u00fcr sich.\",\"publisher\":{\"@id\":\"https:\\\/\\\/lehrer-werden-in-sachsen.de\\\/#organization\"},\"potentialAction\":[{\"@type\":\"SearchAction\",\"target\":{\"@type\":\"EntryPoint\",\"urlTemplate\":\"https:\\\/\\\/lehrer-werden-in-sachsen.de\\\/?s={search_term_string}\"},\"query-input\":{\"@type\":\"PropertyValueSpecification\",\"valueRequired\":true,\"valueName\":\"search_term_string\"}}],\"inLanguage\":\"de\"},{\"@type\":\"Organization\",\"@id\":\"https:\\\/\\\/lehrer-werden-in-sachsen.de\\\/#organization\",\"name\":\"LEHRERIN SACHSEN\",\"url\":\"https:\\\/\\\/lehrer-werden-in-sachsen.de\\\/\",\"logo\":{\"@type\":\"ImageObject\",\"inLanguage\":\"de\",\"@id\":\"https:\\\/\\\/lehrer-werden-in-sachsen.de\\\/#\\\/schema\\\/logo\\\/image\\\/\",\"url\":\"https:\\\/\\\/lehrer-werden-in-sachsen.de\\\/stage\\\/wp-content\\\/uploads\\\/2022\\\/02\\\/SMK_Leherin-Sachsen-Marke_RGB_Violett-Orange.svg\",\"contentUrl\":\"https:\\\/\\\/lehrer-werden-in-sachsen.de\\\/stage\\\/wp-content\\\/uploads\\\/2022\\\/02\\\/SMK_Leherin-Sachsen-Marke_RGB_Violett-Orange.svg\",\"caption\":\"LEHRERIN SACHSEN\"},\"image\":{\"@id\":\"https:\\\/\\\/lehrer-werden-in-sachsen.de\\\/#\\\/schema\\\/logo\\\/image\\\/\"}},{\"@type\":\"Person\",\"@id\":\"https:\\\/\\\/lehrer-werden-in-sachsen.de\\\/#\\\/schema\\\/person\\\/5e4731c44f29a205208182ecfa64393f\",\"name\":\"Ute Schirmack\",\"image\":{\"@type\":\"ImageObject\",\"inLanguage\":\"de\",\"@id\":\"https:\\\/\\\/secure.gravatar.com\\\/avatar\\\/598fa1aedac22eef3ac59a24de23cb10b697a462ec575f429d6e5c0dd1bd0d58?s=96&d=mm&r=g\",\"url\":\"https:\\\/\\\/secure.gravatar.com\\\/avatar\\\/598fa1aedac22eef3ac59a24de23cb10b697a462ec575f429d6e5c0dd1bd0d58?s=96&d=mm&r=g\",\"contentUrl\":\"https:\\\/\\\/secure.gravatar.com\\\/avatar\\\/598fa1aedac22eef3ac59a24de23cb10b697a462ec575f429d6e5c0dd1bd0d58?s=96&d=mm&r=g\",\"caption\":\"Ute Schirmack\"},\"url\":\"https:\\\/\\\/lehrer-werden-in-sachsen.de\\\/stage\\\/author\\\/ute-schirmack\\\/\"}]}<\/script>\n<!-- \/ Yoast SEO plugin. -->","yoast_head_json":{"title":"LEHRERIN SACHSEN | Gute Gr\u00fcnde f\u00fcrs Kunst-Lehramt","description":"Die Oberschullehrer Jana Bens-Wiewi\u00f3rski und Christian Reich teilen ihre Erfahrungen und ihre Begeisterung f\u00fcr das Kunst-Lehramt in Sachsen.","robots":{"index":"index","follow":"follow","max-snippet":"max-snippet:-1","max-image-preview":"max-image-preview:large","max-video-preview":"max-video-preview:-1"},"canonical":"https:\/\/lehrer-werden-in-sachsen.de\/gute-gruende-fuers-lehramt\/","og_locale":"de_DE","og_type":"article","og_title":"LEHRERIN SACHSEN | Gute Gr\u00fcnde f\u00fcrs Kunst-Lehramt","og_description":"Die Oberschullehrer Jana Bens-Wiewi\u00f3rski und Christian Reich teilen ihre Erfahrungen und ihre Begeisterung f\u00fcr das Kunst-Lehramt in Sachsen.","og_url":"https:\/\/lehrer-werden-in-sachsen.de\/gute-gruende-fuers-lehramt\/","og_site_name":"LEHRERIN SACHSEN","article_published_time":"2024-07-12T11:35:33+00:00","article_modified_time":"2026-01-20T16:49:47+00:00","og_image":[{"width":1920,"height":970,"url":"https:\/\/lehrer-werden-in-sachsen.de\/wp-content\/uploads\/2024\/07\/SMK-Blog-Header-Jana-Bens-Wiewiorski_1920x970px.jpg","type":"image\/jpeg"}],"author":"Ute Schirmack","twitter_card":"summary_large_image","twitter_misc":{"Verfasst von":"Ute Schirmack","Gesch\u00e4tzte Lesezeit":"5\u00a0Minuten"},"schema":{"@context":"https:\/\/schema.org","@graph":[{"@type":"Article","@id":"https:\/\/lehrer-werden-in-sachsen.de\/gute-gruende-fuers-lehramt\/#article","isPartOf":{"@id":"https:\/\/lehrer-werden-in-sachsen.de\/gute-gruende-fuers-lehramt\/"},"author":{"name":"Ute Schirmack","@id":"https:\/\/lehrer-werden-in-sachsen.de\/#\/schema\/person\/5e4731c44f29a205208182ecfa64393f"},"headline":"\u201eIn Kunst flie\u00dft alles mit ein\u201c \u2013 viele gute Gr\u00fcnde f\u00fcr ein Kunst-Lehramtsstudium","datePublished":"2024-07-12T11:35:33+00:00","dateModified":"2026-01-20T16:49:47+00:00","mainEntityOfPage":{"@id":"https:\/\/lehrer-werden-in-sachsen.de\/gute-gruende-fuers-lehramt\/"},"wordCount":963,"publisher":{"@id":"https:\/\/lehrer-werden-in-sachsen.de\/#organization"},"image":{"@id":"https:\/\/lehrer-werden-in-sachsen.de\/gute-gruende-fuers-lehramt\/#primaryimage"},"thumbnailUrl":"https:\/\/lehrer-werden-in-sachsen.de\/stage\/wp-content\/uploads\/2024\/07\/SMK-Blog-Header-Jana-Bens-Wiewiorski_1920x970px.jpg","keywords":["Bedarf","Lehramtsstudium","Schulfach"],"articleSection":["Blog"],"inLanguage":"de"},{"@type":"WebPage","@id":"https:\/\/lehrer-werden-in-sachsen.de\/gute-gruende-fuers-lehramt\/","url":"https:\/\/lehrer-werden-in-sachsen.de\/gute-gruende-fuers-lehramt\/","name":"LEHRERIN SACHSEN | Gute Gr\u00fcnde f\u00fcrs Kunst-Lehramt","isPartOf":{"@id":"https:\/\/lehrer-werden-in-sachsen.de\/#website"},"primaryImageOfPage":{"@id":"https:\/\/lehrer-werden-in-sachsen.de\/gute-gruende-fuers-lehramt\/#primaryimage"},"image":{"@id":"https:\/\/lehrer-werden-in-sachsen.de\/gute-gruende-fuers-lehramt\/#primaryimage"},"thumbnailUrl":"https:\/\/lehrer-werden-in-sachsen.de\/stage\/wp-content\/uploads\/2024\/07\/SMK-Blog-Header-Jana-Bens-Wiewiorski_1920x970px.jpg","datePublished":"2024-07-12T11:35:33+00:00","dateModified":"2026-01-20T16:49:47+00:00","description":"Die Oberschullehrer Jana Bens-Wiewi\u00f3rski und Christian Reich teilen ihre Erfahrungen und ihre Begeisterung f\u00fcr das Kunst-Lehramt in Sachsen.","breadcrumb":{"@id":"https:\/\/lehrer-werden-in-sachsen.de\/gute-gruende-fuers-lehramt\/#breadcrumb"},"inLanguage":"de","potentialAction":[{"@type":"ReadAction","target":["https:\/\/lehrer-werden-in-sachsen.de\/gute-gruende-fuers-lehramt\/"]}]},{"@type":"ImageObject","inLanguage":"de","@id":"https:\/\/lehrer-werden-in-sachsen.de\/gute-gruende-fuers-lehramt\/#primaryimage","url":"https:\/\/lehrer-werden-in-sachsen.de\/stage\/wp-content\/uploads\/2024\/07\/SMK-Blog-Header-Jana-Bens-Wiewiorski_1920x970px.jpg","contentUrl":"https:\/\/lehrer-werden-in-sachsen.de\/stage\/wp-content\/uploads\/2024\/07\/SMK-Blog-Header-Jana-Bens-Wiewiorski_1920x970px.jpg","width":1920,"height":970,"caption":"Kunstlehrerin Jana Bens-Wiewi\u00f3rski erkl\u00e4rt an einem Whiteboard sprechende Portraits."},{"@type":"BreadcrumbList","@id":"https:\/\/lehrer-werden-in-sachsen.de\/gute-gruende-fuers-lehramt\/#breadcrumb","itemListElement":[{"@type":"ListItem","position":1,"name":"Startseite","item":"https:\/\/lehrer-werden-in-sachsen.de\/"},{"@type":"ListItem","position":2,"name":"\u201eIn Kunst flie\u00dft alles mit ein\u201c \u2013 viele gute Gr\u00fcnde f\u00fcr ein Kunst-Lehramtsstudium"}]},{"@type":"WebSite","@id":"https:\/\/lehrer-werden-in-sachsen.de\/#website","url":"https:\/\/lehrer-werden-in-sachsen.de\/","name":"LEHRERIN SACHSEN","description":"Eine Klasse f\u00fcr sich.","publisher":{"@id":"https:\/\/lehrer-werden-in-sachsen.de\/#organization"},"potentialAction":[{"@type":"SearchAction","target":{"@type":"EntryPoint","urlTemplate":"https:\/\/lehrer-werden-in-sachsen.de\/?s={search_term_string}"},"query-input":{"@type":"PropertyValueSpecification","valueRequired":true,"valueName":"search_term_string"}}],"inLanguage":"de"},{"@type":"Organization","@id":"https:\/\/lehrer-werden-in-sachsen.de\/#organization","name":"LEHRERIN SACHSEN","url":"https:\/\/lehrer-werden-in-sachsen.de\/","logo":{"@type":"ImageObject","inLanguage":"de","@id":"https:\/\/lehrer-werden-in-sachsen.de\/#\/schema\/logo\/image\/","url":"https:\/\/lehrer-werden-in-sachsen.de\/stage\/wp-content\/uploads\/2022\/02\/SMK_Leherin-Sachsen-Marke_RGB_Violett-Orange.svg","contentUrl":"https:\/\/lehrer-werden-in-sachsen.de\/stage\/wp-content\/uploads\/2022\/02\/SMK_Leherin-Sachsen-Marke_RGB_Violett-Orange.svg","caption":"LEHRERIN SACHSEN"},"image":{"@id":"https:\/\/lehrer-werden-in-sachsen.de\/#\/schema\/logo\/image\/"}},{"@type":"Person","@id":"https:\/\/lehrer-werden-in-sachsen.de\/#\/schema\/person\/5e4731c44f29a205208182ecfa64393f","name":"Ute Schirmack","image":{"@type":"ImageObject","inLanguage":"de","@id":"https:\/\/secure.gravatar.com\/avatar\/598fa1aedac22eef3ac59a24de23cb10b697a462ec575f429d6e5c0dd1bd0d58?s=96&d=mm&r=g","url":"https:\/\/secure.gravatar.com\/avatar\/598fa1aedac22eef3ac59a24de23cb10b697a462ec575f429d6e5c0dd1bd0d58?s=96&d=mm&r=g","contentUrl":"https:\/\/secure.gravatar.com\/avatar\/598fa1aedac22eef3ac59a24de23cb10b697a462ec575f429d6e5c0dd1bd0d58?s=96&d=mm&r=g","caption":"Ute Schirmack"},"url":"https:\/\/lehrer-werden-in-sachsen.de\/stage\/author\/ute-schirmack\/"}]}},"_links":{"self":[{"href":"https:\/\/lehrer-werden-in-sachsen.de\/stage\/wp-json\/wp\/v2\/posts\/15961","targetHints":{"allow":["GET"]}}],"collection":[{"href":"https:\/\/lehrer-werden-in-sachsen.de\/stage\/wp-json\/wp\/v2\/posts"}],"about":[{"href":"https:\/\/lehrer-werden-in-sachsen.de\/stage\/wp-json\/wp\/v2\/types\/post"}],"author":[{"embeddable":true,"href":"https:\/\/lehrer-werden-in-sachsen.de\/stage\/wp-json\/wp\/v2\/users\/28"}],"replies":[{"embeddable":true,"href":"https:\/\/lehrer-werden-in-sachsen.de\/stage\/wp-json\/wp\/v2\/comments?post=15961"}],"version-history":[{"count":121,"href":"https:\/\/lehrer-werden-in-sachsen.de\/stage\/wp-json\/wp\/v2\/posts\/15961\/revisions"}],"predecessor-version":[{"id":25761,"href":"https:\/\/lehrer-werden-in-sachsen.de\/stage\/wp-json\/wp\/v2\/posts\/15961\/revisions\/25761"}],"wp:featuredmedia":[{"embeddable":true,"href":"https:\/\/lehrer-werden-in-sachsen.de\/stage\/wp-json\/wp\/v2\/media\/16146"}],"wp:attachment":[{"href":"https:\/\/lehrer-werden-in-sachsen.de\/stage\/wp-json\/wp\/v2\/media?parent=15961"}],"wp:term":[{"taxonomy":"category","embeddable":true,"href":"https:\/\/lehrer-werden-in-sachsen.de\/stage\/wp-json\/wp\/v2\/categories?post=15961"},{"taxonomy":"post_tag","embeddable":true,"href":"https:\/\/lehrer-werden-in-sachsen.de\/stage\/wp-json\/wp\/v2\/tags?post=15961"}],"curies":[{"name":"wp","href":"https:\/\/api.w.org\/{rel}","templated":true}]}}