{"id":15838,"date":"2024-07-04T13:50:13","date_gmt":"2024-07-04T11:50:13","guid":{"rendered":"https:\/\/lehrer-werden-in-sachsen.de\/stage\/?p=15838"},"modified":"2025-10-10T12:31:52","modified_gmt":"2025-10-10T10:31:52","slug":"zum-vorbereitungsdienst-wieder-nach-sachsen","status":"publish","type":"post","link":"https:\/\/lehrer-werden-in-sachsen.de\/stage\/zum-vorbereitungsdienst-wieder-nach-sachsen\/","title":{"rendered":"Von Halle \u00fcber Leipzig nach Eilenburg: Zum Vorbereitungsdienst ging Lena Jakob von Sachsen-Anhalt zur\u00fcck nach Sachsen"},"content":{"rendered":"\t\t<div data-elementor-type=\"wp-post\" data-elementor-id=\"15838\" class=\"elementor elementor-15838\" data-elementor-post-type=\"post\">\n\t\t\t\t\t\t<section class=\"elementor-section elementor-top-section elementor-element elementor-element-77dc2d3 elementor-section-boxed elementor-section-height-default elementor-section-height-default\" data-id=\"77dc2d3\" data-element_type=\"section\" data-e-type=\"section\">\n\t\t\t\t\t\t<div class=\"elementor-container elementor-column-gap-default\">\n\t\t\t\t\t<div class=\"elementor-column elementor-col-100 elementor-top-column elementor-element elementor-element-db24ebd\" data-id=\"db24ebd\" data-element_type=\"column\" data-e-type=\"column\">\n\t\t\t<div class=\"elementor-widget-wrap elementor-element-populated\">\n\t\t\t\t\t\t<div class=\"elementor-element elementor-element-8cb6e5f elementor-widget elementor-widget-text-editor\" data-id=\"8cb6e5f\" data-element_type=\"widget\" data-e-type=\"widget\" data-widget_type=\"text-editor.default\">\n\t\t\t\t<div class=\"elementor-widget-container\">\n\t\t\t\t\t\t\t\t\t<p><strong>Lena Jakob absolviert ihren Vorbereitungsdienst an der <a href=\"https:\/\/sebastian-kneipp-grundschule.de\/\" title=\"Sebastian-Kneipp-Grundschule\" target=\"_blank\" rel=\"noopener\">Sebastian-Kneipp-Grundschule<\/a> in ihrer Heimatstadt Eilenburg bei Leipzig. F\u00fcr das Studium zog es sie nach Halle, um fern vom Elternhaus eigene Erfahrungen und Eindr\u00fccke zu sammeln. \u201eIch wollte einfach mal schauen, wie ich zurechtkomme\u201c, sagt sie.\u00a0\u00a0<\/strong><\/p><p><strong>\u00a0<\/strong><\/p><p><strong>Nach ihrem ersten Staatsexamen ging sie nach Eilenburg zur\u00fcck. Wie sie ihren <a href=\"https:\/\/lehrer-werden-in-sachsen.de\\\\\/infos-zum-vorbereitungsdienst\/\" title=\"Infos zum Vorbereitungsdienst\">Vorbereitungsdienst<\/a>\u00a0und ihren Bundesland-Wechsel von Sachsen-Anhalt nach <a href=\"https:\/\/lehrer-werden-in-sachsen.de\\\\\/\" title=\"Sachsen erleben\">Sachsen<\/a> und in das dortige Studien- und Schulsystem wahrnimmt und was ihren Alltag als angehende Lehrerin ausmacht, verr\u00e4t Lena Jakob mit ihrer Studienerfahrung in zwei Bundesl\u00e4ndern.\u00a0\u00a0<\/strong><\/p>\t\t\t\t\t\t\t\t<\/div>\n\t\t\t\t<\/div>\n\t\t\t\t\t<\/div>\n\t\t<\/div>\n\t\t\t\t\t<\/div>\n\t\t<\/section>\n\t\t\t\t<section class=\"elementor-section elementor-top-section elementor-element elementor-element-7f4f6c4 elementor-section-boxed elementor-section-height-default elementor-section-height-default\" data-id=\"7f4f6c4\" data-element_type=\"section\" data-e-type=\"section\">\n\t\t\t\t\t\t<div class=\"elementor-container elementor-column-gap-default\">\n\t\t\t\t\t<div class=\"elementor-column elementor-col-100 elementor-top-column elementor-element elementor-element-1a06e33\" data-id=\"1a06e33\" data-element_type=\"column\" data-e-type=\"column\">\n\t\t\t<div class=\"elementor-widget-wrap elementor-element-populated\">\n\t\t\t\t\t\t\t<\/div>\n\t\t<\/div>\n\t\t\t\t\t<\/div>\n\t\t<\/section>\n\t\t\t\t<section class=\"elementor-section elementor-top-section elementor-element elementor-element-cbb772c elementor-section-boxed elementor-section-height-default elementor-section-height-default\" data-id=\"cbb772c\" data-element_type=\"section\" data-e-type=\"section\">\n\t\t\t\t\t\t<div class=\"elementor-container elementor-column-gap-default\">\n\t\t\t\t\t<div class=\"elementor-column elementor-col-100 elementor-top-column elementor-element elementor-element-de666ad\" data-id=\"de666ad\" data-element_type=\"column\" data-e-type=\"column\">\n\t\t\t<div class=\"elementor-widget-wrap elementor-element-populated\">\n\t\t\t\t\t\t<div class=\"elementor-element elementor-element-29917ef elementor-widget elementor-widget-heading\" data-id=\"29917ef\" data-element_type=\"widget\" data-e-type=\"widget\" data-widget_type=\"heading.default\">\n\t\t\t\t<div class=\"elementor-widget-container\">\n\t\t\t\t\t<h2 class=\"elementor-heading-title elementor-size-default\">Lehramtsstudium? Besser als gedacht! <\/h2>\t\t\t\t<\/div>\n\t\t\t\t<\/div>\n\t\t\t\t\t<\/div>\n\t\t<\/div>\n\t\t\t\t\t<\/div>\n\t\t<\/section>\n\t\t\t\t<section class=\"elementor-section elementor-top-section elementor-element elementor-element-20f5d6f elementor-section-boxed elementor-section-height-default elementor-section-height-default\" data-id=\"20f5d6f\" data-element_type=\"section\" data-e-type=\"section\">\n\t\t\t\t\t\t<div class=\"elementor-container elementor-column-gap-default\">\n\t\t\t\t\t<div class=\"elementor-column elementor-col-100 elementor-top-column elementor-element elementor-element-387bff1\" data-id=\"387bff1\" data-element_type=\"column\" data-e-type=\"column\">\n\t\t\t<div class=\"elementor-widget-wrap elementor-element-populated\">\n\t\t\t\t\t\t<div class=\"elementor-element elementor-element-ea92e7e elementor-widget elementor-widget-text-editor\" data-id=\"ea92e7e\" data-element_type=\"widget\" data-e-type=\"widget\" data-widget_type=\"text-editor.default\">\n\t\t\t\t<div class=\"elementor-widget-container\">\n\t\t\t\t\t\t\t\t\t<p>Das Lehramtsstudium hatte Lena Jakob urspr\u00fcnglich gar nicht auf dem Plan. Sie wollte nach dem Abitur eigentlich Medizin studieren. Da ihre Aussichten auf einen Studienplatz in der N\u00e4he jedoch nicht allzu gut waren, musste eine Alternative her: Lena Jakob entschied sich f\u00fcr ein Studium auf Grundschullehramt in Halle. Zu Beginn lediglich als \u00dcberbr\u00fcckung bis zur Zusage auf einen Medizinstudienplatz gedacht, zeigten sich rasch die Vorz\u00fcge des vermeintlichen Ersatzfaches. \u201eDas Grundschullehramtsstudium gefiel mir besser als gedacht. Die Idee mit dem Medizinstudium habe ich dann einfach verworfen und mit dem Lehramtsstudium weitergemacht.\u201c<\/p>\t\t\t\t\t\t\t\t<\/div>\n\t\t\t\t<\/div>\n\t\t\t\t\t<\/div>\n\t\t<\/div>\n\t\t\t\t\t<\/div>\n\t\t<\/section>\n\t\t\t\t<section class=\"elementor-section elementor-top-section elementor-element elementor-element-c57f786 elementor-section-boxed elementor-section-height-default elementor-section-height-default\" data-id=\"c57f786\" data-element_type=\"section\" data-e-type=\"section\">\n\t\t\t\t\t\t<div class=\"elementor-container elementor-column-gap-default\">\n\t\t\t\t\t<div class=\"elementor-column elementor-col-100 elementor-top-column elementor-element elementor-element-ba9bf88\" data-id=\"ba9bf88\" data-element_type=\"column\" data-e-type=\"column\">\n\t\t\t<div class=\"elementor-widget-wrap elementor-element-populated\">\n\t\t\t\t\t\t<div class=\"elementor-element elementor-element-7fcc692 elementor-widget elementor-widget-heading\" data-id=\"7fcc692\" data-element_type=\"widget\" data-e-type=\"widget\" data-widget_type=\"heading.default\">\n\t\t\t\t<div class=\"elementor-widget-container\">\n\t\t\t\t\t<h2 class=\"elementor-heading-title elementor-size-default\">Studium in Sachsen-Anhalt, Vorbereitungsdienst in Sachsen<\/h2>\t\t\t\t<\/div>\n\t\t\t\t<\/div>\n\t\t\t\t\t<\/div>\n\t\t<\/div>\n\t\t\t\t\t<\/div>\n\t\t<\/section>\n\t\t\t\t<section class=\"elementor-section elementor-top-section elementor-element elementor-element-1187667 elementor-section-boxed elementor-section-height-default elementor-section-height-default\" data-id=\"1187667\" data-element_type=\"section\" data-e-type=\"section\">\n\t\t\t\t\t\t<div class=\"elementor-container elementor-column-gap-default\">\n\t\t\t\t\t<div class=\"elementor-column elementor-col-100 elementor-top-column elementor-element elementor-element-7f07f06\" data-id=\"7f07f06\" data-element_type=\"column\" data-e-type=\"column\">\n\t\t\t<div class=\"elementor-widget-wrap elementor-element-populated\">\n\t\t\t\t\t\t<div class=\"elementor-element elementor-element-0f7aaec elementor-widget elementor-widget-text-editor\" data-id=\"0f7aaec\" data-element_type=\"widget\" data-e-type=\"widget\" data-widget_type=\"text-editor.default\">\n\t\t\t\t<div class=\"elementor-widget-container\">\n\t\t\t\t\t\t\t\t\t<p>Ihr erstes Staatsexamen absolvierte sie in Halle und belegte die daf\u00fcr \u00fcbliche Pflichtfach-Kombination aus Mathematik und Deutsch. Als drittes Unterrichtsfach w\u00e4hlte sie Sachunterricht. Zum Vorbereitungsdienst zog es sie zur\u00fcck in ihre Heimat. \u201eIch bin w\u00e4hrend der Corona-Zeit schon viel zwischen Halle und Eilenburg gependelt. Au\u00dferdem kommt mein Partner ebenfalls aus der Region, sodass wir gemeinsam entschieden haben, dass wir gern nach Eilenburg ziehen m\u00f6chten.\u201c<\/p><p>Der Bundeslandwechsel war einfacher als gedacht. \u201eDas hat mich echt erstaunt, zumal es in Sachsen-Anhalt ja wirklich einen akuten Lehrermangel gibt und versucht wird, jeden, der dort ausgebildet wurde, im Land zu halten.\u201c Einzig das an der <a href=\"https:\/\/www.erzwiss.uni-leipzig.de\/studium\/vor-dem-studium\/studienangebot\/lehramt-grundschule\" title=\"Grundschullehramt Universit\u00e4t Leipzig\" target=\"_blank\" rel=\"noopener\">Uni Leipzig f\u00fcr das Grundschullehramt<\/a> vorgesehene vierte Unterrichtsfach \u2013 in ihrem Fall Ethik &#8211; muss Lena Jakob nun aufholen. \u201eDa ich in Halle kein viertes Fach studiert habe, muss ich mir das jetzt im Vorbereitungsdienst alles selbst beibringen. Ich habe darin auch ganz normal die Pr\u00fcfungen.\u201c Dieses nachtr\u00e4gliche Selbststudium sei zwar zeitaufwendig, aber mit der richtigen Struktur und Organisation machbar.<\/p>\t\t\t\t\t\t\t\t<\/div>\n\t\t\t\t<\/div>\n\t\t\t\t\t<\/div>\n\t\t<\/div>\n\t\t\t\t\t<\/div>\n\t\t<\/section>\n\t\t\t\t<section class=\"elementor-section elementor-top-section elementor-element elementor-element-9dfcd7d elementor-section-boxed elementor-section-height-default elementor-section-height-default\" data-id=\"9dfcd7d\" data-element_type=\"section\" data-e-type=\"section\">\n\t\t\t\t\t\t<div class=\"elementor-container elementor-column-gap-default\">\n\t\t\t\t\t<div class=\"elementor-column elementor-col-100 elementor-top-column elementor-element elementor-element-7931320\" data-id=\"7931320\" data-element_type=\"column\" data-e-type=\"column\">\n\t\t\t<div class=\"elementor-widget-wrap elementor-element-populated\">\n\t\t\t\t\t\t<div class=\"elementor-element elementor-element-150ff16 elementor-widget elementor-widget-heading\" data-id=\"150ff16\" data-element_type=\"widget\" data-e-type=\"widget\" data-widget_type=\"heading.default\">\n\t\t\t\t<div class=\"elementor-widget-container\">\n\t\t\t\t\t<h2 class=\"elementor-heading-title elementor-size-default\">Klassen\u00fcbergreifende Planung: Erleichterung in der Arbeitsorganisation <\/h2>\t\t\t\t<\/div>\n\t\t\t\t<\/div>\n\t\t\t\t\t<\/div>\n\t\t<\/div>\n\t\t\t\t\t<\/div>\n\t\t<\/section>\n\t\t\t\t<section class=\"elementor-section elementor-top-section elementor-element elementor-element-57c7f13 elementor-section-boxed elementor-section-height-default elementor-section-height-default\" data-id=\"57c7f13\" data-element_type=\"section\" data-e-type=\"section\">\n\t\t\t\t\t\t<div class=\"elementor-container elementor-column-gap-default\">\n\t\t\t\t\t<div class=\"elementor-column elementor-col-100 elementor-top-column elementor-element elementor-element-6cb0f06\" data-id=\"6cb0f06\" data-element_type=\"column\" data-e-type=\"column\">\n\t\t\t<div class=\"elementor-widget-wrap elementor-element-populated\">\n\t\t\t\t\t\t<div class=\"elementor-element elementor-element-4a3ac01 elementor-widget elementor-widget-text-editor\" data-id=\"4a3ac01\" data-element_type=\"widget\" data-e-type=\"widget\" data-widget_type=\"text-editor.default\">\n\t\t\t\t<div class=\"elementor-widget-container\">\n\t\t\t\t\t\t\t\t\t<p>Auf ihre Zeit im Vorbereitungsdienst an der Sebastian-Kneipp-Grundschule, die noch bis Anfang 2025 gehen wird, blickt Lena bislang sehr positiv. Vor allem die enge Zusammenarbeit im Kollegium begeistert sie: \u201eDer Unterricht wird auf Klassenstufenebene geplant, auch die Arbeiten werden klassen\u00fcbergreifend geschrieben. Das ist eine enorme Entlastung. Erstens, weil man immer noch einen weiteren Blickwinkel hat und zweitens, weil jeder insgesamt weniger Aufgaben erledigen muss, wenn beispielsweise ein Kollege die Deutscharbeit erstellt und einer die Mathearbeit.\u201c<\/p><p>\u00a0<\/p><p>Von ihren zwei Mentorinnen, ebenfalls Grundschullehrerinnen, schaut sie sich einiges aus deren langj\u00e4hriger Erfahrung und Berufspraxis ab. \u201eDie beiden sind sehr unterschiedliche Lehrerpers\u00f6nlichkeiten, aber beide machen das auf ihre ganz individuelle Weise sehr gut und geben mir wertvolle Einblicke in unterschiedliche Unterrichtsstile.\u201c<\/p><p>\u00a0<\/p><p>Auch den Umgang mit den Eltern ihrer Sch\u00fclerinnen und Sch\u00fcler nimmt Lena Jakob als sehr positiv wahr: \u201eDie meisten Eltern sind sehr offen, tolerant und kompromissbereit. Klar ist es manchmal ein bisschen schwierig, sobald die Wahrheit nicht ganz der entspricht, die die Eltern gern h\u00f6ren m\u00f6chten. Im Grunde genommen sind die Eltern aber sehr auf das Wohl der Kinder bedacht.\u201c<\/p>\t\t\t\t\t\t\t\t<\/div>\n\t\t\t\t<\/div>\n\t\t\t\t\t<\/div>\n\t\t<\/div>\n\t\t\t\t\t<\/div>\n\t\t<\/section>\n\t\t\t\t<section class=\"elementor-section elementor-top-section elementor-element elementor-element-c889c19 elementor-section-boxed elementor-section-height-default elementor-section-height-default\" data-id=\"c889c19\" data-element_type=\"section\" data-e-type=\"section\">\n\t\t\t\t\t\t<div class=\"elementor-container elementor-column-gap-default\">\n\t\t\t\t\t<div class=\"elementor-column elementor-col-100 elementor-top-column elementor-element elementor-element-0ff7e79\" data-id=\"0ff7e79\" data-element_type=\"column\" data-e-type=\"column\">\n\t\t\t<div class=\"elementor-widget-wrap elementor-element-populated\">\n\t\t\t\t\t\t<div class=\"elementor-element elementor-element-bef95c1 elementor-widget elementor-widget-spacer\" data-id=\"bef95c1\" data-element_type=\"widget\" data-e-type=\"widget\" data-widget_type=\"spacer.default\">\n\t\t\t\t<div class=\"elementor-widget-container\">\n\t\t\t\t\t\t\t<div class=\"elementor-spacer\">\n\t\t\t<div class=\"elementor-spacer-inner\"><\/div>\n\t\t<\/div>\n\t\t\t\t\t\t<\/div>\n\t\t\t\t<\/div>\n\t\t\t\t\t<\/div>\n\t\t<\/div>\n\t\t\t\t\t<\/div>\n\t\t<\/section>\n\t\t\t\t<section class=\"elementor-section elementor-top-section elementor-element elementor-element-1381b32 elementor-section-boxed elementor-section-height-default elementor-section-height-default\" data-id=\"1381b32\" data-element_type=\"section\" data-e-type=\"section\">\n\t\t\t\t\t\t<div class=\"elementor-container elementor-column-gap-default\">\n\t\t\t\t\t<div class=\"elementor-column elementor-col-100 elementor-top-column elementor-element elementor-element-e04689e\" data-id=\"e04689e\" data-element_type=\"column\" data-e-type=\"column\">\n\t\t\t<div class=\"elementor-widget-wrap elementor-element-populated\">\n\t\t\t\t\t\t<div class=\"elementor-element elementor-element-b6bd423 elementor-widget elementor-widget-image\" data-id=\"b6bd423\" data-element_type=\"widget\" data-e-type=\"widget\" data-widget_type=\"image.default\">\n\t\t\t\t<div class=\"elementor-widget-container\">\n\t\t\t\t\t\t\t\t\t\t\t\t\t\t\t<img decoding=\"async\" src=\"https:\/\/lehrer-werden-in-sachsen.de\/stage\/wp-content\/uploads\/2024\/07\/SMK-Blog-Artikelbild-Lehrerin-Eilenburg_1200x400px_01_V2.jpg\" title=\"Schulgarten in der Sebastian-Kneipp-Grundschule\" alt=\"Garten mit einem Holzschuppen und verschiedenen Blumenbeeten, darunter Lavendel und Rosen.\" loading=\"lazy\" \/>\t\t\t\t\t\t\t\t\t\t\t\t\t\t\t<\/div>\n\t\t\t\t<\/div>\n\t\t\t\t\t<\/div>\n\t\t<\/div>\n\t\t\t\t\t<\/div>\n\t\t<\/section>\n\t\t\t\t<section class=\"elementor-section elementor-top-section elementor-element elementor-element-c803733 elementor-section-boxed elementor-section-height-default elementor-section-height-default\" data-id=\"c803733\" data-element_type=\"section\" data-e-type=\"section\">\n\t\t\t\t\t\t<div class=\"elementor-container elementor-column-gap-default\">\n\t\t\t\t\t<div class=\"elementor-column elementor-col-100 elementor-top-column elementor-element elementor-element-da6c5a4\" data-id=\"da6c5a4\" data-element_type=\"column\" data-e-type=\"column\">\n\t\t\t<div class=\"elementor-widget-wrap elementor-element-populated\">\n\t\t\t\t\t\t<div class=\"elementor-element elementor-element-0158929 elementor-widget elementor-widget-text-editor\" data-id=\"0158929\" data-element_type=\"widget\" data-e-type=\"widget\" data-widget_type=\"text-editor.default\">\n\t\t\t\t<div class=\"elementor-widget-container\">\n\t\t\t\t\t\t\t\t\t<p><sub>Der Schulgarten der Sebastian-Kneipp-Grundschule in Eilenburg mit Kr\u00e4uterspirale.<\/sub><\/p>\t\t\t\t\t\t\t\t<\/div>\n\t\t\t\t<\/div>\n\t\t\t\t\t<\/div>\n\t\t<\/div>\n\t\t\t\t\t<\/div>\n\t\t<\/section>\n\t\t\t\t<section class=\"elementor-section elementor-top-section elementor-element elementor-element-387ca12 elementor-section-boxed elementor-section-height-default elementor-section-height-default\" data-id=\"387ca12\" data-element_type=\"section\" data-e-type=\"section\">\n\t\t\t\t\t\t<div class=\"elementor-container elementor-column-gap-default\">\n\t\t\t\t\t<div class=\"elementor-column elementor-col-100 elementor-top-column elementor-element elementor-element-9bdad55\" data-id=\"9bdad55\" data-element_type=\"column\" data-e-type=\"column\">\n\t\t\t<div class=\"elementor-widget-wrap elementor-element-populated\">\n\t\t\t\t\t\t<div class=\"elementor-element elementor-element-cbcd0a6 elementor-widget elementor-widget-spacer\" data-id=\"cbcd0a6\" data-element_type=\"widget\" data-e-type=\"widget\" data-widget_type=\"spacer.default\">\n\t\t\t\t<div class=\"elementor-widget-container\">\n\t\t\t\t\t\t\t<div class=\"elementor-spacer\">\n\t\t\t<div class=\"elementor-spacer-inner\"><\/div>\n\t\t<\/div>\n\t\t\t\t\t\t<\/div>\n\t\t\t\t<\/div>\n\t\t\t\t\t<\/div>\n\t\t<\/div>\n\t\t\t\t\t<\/div>\n\t\t<\/section>\n\t\t\t\t<section class=\"elementor-section elementor-top-section elementor-element elementor-element-1e6bc0a elementor-section-boxed elementor-section-height-default elementor-section-height-default\" data-id=\"1e6bc0a\" data-element_type=\"section\" data-e-type=\"section\">\n\t\t\t\t\t\t<div class=\"elementor-container elementor-column-gap-default\">\n\t\t\t\t\t<div class=\"elementor-column elementor-col-100 elementor-top-column elementor-element elementor-element-ad54fb0\" data-id=\"ad54fb0\" data-element_type=\"column\" data-e-type=\"column\">\n\t\t\t<div class=\"elementor-widget-wrap elementor-element-populated\">\n\t\t\t\t\t\t<div class=\"elementor-element elementor-element-94673ab elementor-widget elementor-widget-heading\" data-id=\"94673ab\" data-element_type=\"widget\" data-e-type=\"widget\" data-widget_type=\"heading.default\">\n\t\t\t\t<div class=\"elementor-widget-container\">\n\t\t\t\t\t<h2 class=\"elementor-heading-title elementor-size-default\"> Bilder, Blumen und ein Kuchenbasar <\/h2>\t\t\t\t<\/div>\n\t\t\t\t<\/div>\n\t\t\t\t\t<\/div>\n\t\t<\/div>\n\t\t\t\t\t<\/div>\n\t\t<\/section>\n\t\t\t\t<section class=\"elementor-section elementor-top-section elementor-element elementor-element-d989e0d elementor-section-boxed elementor-section-height-default elementor-section-height-default\" data-id=\"d989e0d\" data-element_type=\"section\" data-e-type=\"section\">\n\t\t\t\t\t\t<div class=\"elementor-container elementor-column-gap-default\">\n\t\t\t\t\t<div class=\"elementor-column elementor-col-100 elementor-top-column elementor-element elementor-element-923b024\" data-id=\"923b024\" data-element_type=\"column\" data-e-type=\"column\">\n\t\t\t<div class=\"elementor-widget-wrap elementor-element-populated\">\n\t\t\t\t\t\t<div class=\"elementor-element elementor-element-beddcd9 elementor-widget elementor-widget-text-editor\" data-id=\"beddcd9\" data-element_type=\"widget\" data-e-type=\"widget\" data-widget_type=\"text-editor.default\">\n\t\t\t\t<div class=\"elementor-widget-container\">\n\t\t\t\t\t\t\t\t\tDas Sch\u00f6nste an ihrer Arbeit ist f\u00fcr Lena Jakob die Dankbarkeit der Kinder: \u201eIch bekomme wirklich jeden Tag gemalte Bilder. Letzte Woche hat mir ein Kind sogar einen selbstgepfl\u00fcckten Blumenstrau\u00df mitgebracht. Das fand ich sehr niedlich.\u201c \t\t\t\t\t\t\t\t<\/div>\n\t\t\t\t<\/div>\n\t\t\t\t\t<\/div>\n\t\t<\/div>\n\t\t\t\t\t<\/div>\n\t\t<\/section>\n\t\t\t\t<section class=\"elementor-section elementor-top-section elementor-element elementor-element-5a5076c elementor-section-boxed elementor-section-height-default elementor-section-height-default\" data-id=\"5a5076c\" data-element_type=\"section\" data-e-type=\"section\">\n\t\t\t\t\t\t<div class=\"elementor-container elementor-column-gap-default\">\n\t\t\t\t\t<div class=\"elementor-column elementor-col-100 elementor-top-column elementor-element elementor-element-615d1cf\" data-id=\"615d1cf\" data-element_type=\"column\" data-e-type=\"column\">\n\t\t\t<div class=\"elementor-widget-wrap elementor-element-populated\">\n\t\t\t\t\t\t<div class=\"elementor-element elementor-element-0daa9b5 elementor-widget elementor-widget-spacer\" data-id=\"0daa9b5\" data-element_type=\"widget\" data-e-type=\"widget\" data-widget_type=\"spacer.default\">\n\t\t\t\t<div class=\"elementor-widget-container\">\n\t\t\t\t\t\t\t<div class=\"elementor-spacer\">\n\t\t\t<div class=\"elementor-spacer-inner\"><\/div>\n\t\t<\/div>\n\t\t\t\t\t\t<\/div>\n\t\t\t\t<\/div>\n\t\t\t\t\t<\/div>\n\t\t<\/div>\n\t\t\t\t\t<\/div>\n\t\t<\/section>\n\t\t\t\t<section class=\"elementor-section elementor-top-section elementor-element elementor-element-c1d1dcd elementor-section-boxed elementor-section-height-default elementor-section-height-default\" data-id=\"c1d1dcd\" data-element_type=\"section\" data-e-type=\"section\">\n\t\t\t\t\t\t<div class=\"elementor-container elementor-column-gap-default\">\n\t\t\t\t\t<div class=\"elementor-column elementor-col-100 elementor-top-column elementor-element elementor-element-0158e61\" data-id=\"0158e61\" data-element_type=\"column\" data-e-type=\"column\">\n\t\t\t<div class=\"elementor-widget-wrap elementor-element-populated\">\n\t\t\t\t\t\t<div class=\"elementor-element elementor-element-350f391 elementor-widget elementor-widget-image\" data-id=\"350f391\" data-element_type=\"widget\" data-e-type=\"widget\" data-widget_type=\"image.default\">\n\t\t\t\t<div class=\"elementor-widget-container\">\n\t\t\t\t\t\t\t\t\t\t\t\t\t\t\t<img decoding=\"async\" src=\"https:\/\/lehrer-werden-in-sachsen.de\/stage\/wp-content\/uploads\/2024\/07\/SMK-Blog-Artikelbild-Referendarin-Eilenburg_1200x400px_02.jpg\" title=\"Selbstgemalte Bilder im Klassenzimmer\" alt=\"Bunte geometrische Bastelarbeiten an einer Wand im Klassenzimmer mit verschiedenen Formen und Farben.\" loading=\"lazy\" \/>\t\t\t\t\t\t\t\t\t\t\t\t\t\t\t<\/div>\n\t\t\t\t<\/div>\n\t\t\t\t\t<\/div>\n\t\t<\/div>\n\t\t\t\t\t<\/div>\n\t\t<\/section>\n\t\t\t\t<section class=\"elementor-section elementor-top-section elementor-element elementor-element-9b6d50d elementor-section-boxed elementor-section-height-default elementor-section-height-default\" data-id=\"9b6d50d\" data-element_type=\"section\" data-e-type=\"section\">\n\t\t\t\t\t\t<div class=\"elementor-container elementor-column-gap-default\">\n\t\t\t\t\t<div class=\"elementor-column elementor-col-100 elementor-top-column elementor-element elementor-element-edf0864\" data-id=\"edf0864\" data-element_type=\"column\" data-e-type=\"column\">\n\t\t\t<div class=\"elementor-widget-wrap elementor-element-populated\">\n\t\t\t\t\t\t<div class=\"elementor-element elementor-element-1e39dbf elementor-widget elementor-widget-text-editor\" data-id=\"1e39dbf\" data-element_type=\"widget\" data-e-type=\"widget\" data-widget_type=\"text-editor.default\">\n\t\t\t\t<div class=\"elementor-widget-container\">\n\t\t\t\t\t\t\t\t\t<p><sub>Die Sch\u00fclerinnen und Sch\u00fcler von Lena Jakob malen viel &#8211; und zeigen gern in den Klassenr\u00e4umen ihre Bilder.<\/sub><\/p>\t\t\t\t\t\t\t\t<\/div>\n\t\t\t\t<\/div>\n\t\t\t\t\t<\/div>\n\t\t<\/div>\n\t\t\t\t\t<\/div>\n\t\t<\/section>\n\t\t\t\t<section class=\"elementor-section elementor-top-section elementor-element elementor-element-95ff550 elementor-section-boxed elementor-section-height-default elementor-section-height-default\" data-id=\"95ff550\" data-element_type=\"section\" data-e-type=\"section\">\n\t\t\t\t\t\t<div class=\"elementor-container elementor-column-gap-default\">\n\t\t\t\t\t<div class=\"elementor-column elementor-col-100 elementor-top-column elementor-element elementor-element-6f21c83\" data-id=\"6f21c83\" data-element_type=\"column\" data-e-type=\"column\">\n\t\t\t<div class=\"elementor-widget-wrap elementor-element-populated\">\n\t\t\t\t\t\t<div class=\"elementor-element elementor-element-8881ddc elementor-widget elementor-widget-spacer\" data-id=\"8881ddc\" data-element_type=\"widget\" data-e-type=\"widget\" data-widget_type=\"spacer.default\">\n\t\t\t\t<div class=\"elementor-widget-container\">\n\t\t\t\t\t\t\t<div class=\"elementor-spacer\">\n\t\t\t<div class=\"elementor-spacer-inner\"><\/div>\n\t\t<\/div>\n\t\t\t\t\t\t<\/div>\n\t\t\t\t<\/div>\n\t\t\t\t\t<\/div>\n\t\t<\/div>\n\t\t\t\t\t<\/div>\n\t\t<\/section>\n\t\t\t\t<section class=\"elementor-section elementor-top-section elementor-element elementor-element-c846dab elementor-section-boxed elementor-section-height-default elementor-section-height-default\" data-id=\"c846dab\" data-element_type=\"section\" data-e-type=\"section\">\n\t\t\t\t\t\t<div class=\"elementor-container elementor-column-gap-default\">\n\t\t\t\t\t<div class=\"elementor-column elementor-col-100 elementor-top-column elementor-element elementor-element-b14ca4b\" data-id=\"b14ca4b\" data-element_type=\"column\" data-e-type=\"column\">\n\t\t\t<div class=\"elementor-widget-wrap elementor-element-populated\">\n\t\t\t\t\t\t<div class=\"elementor-element elementor-element-e800f3d elementor-widget elementor-widget-text-editor\" data-id=\"e800f3d\" data-element_type=\"widget\" data-e-type=\"widget\" data-widget_type=\"text-editor.default\">\n\t\t\t\t<div class=\"elementor-widget-container\">\n\t\t\t\t\t\t\t\t\t<p>Ein besonderes Highlight in ihrem Vorbereitungsdienst: ein Kuchenbasar, den sie gemeinsam mit ihrer Klasse organisierte. \u201eDie Kinder hatten den Spa\u00df ihres Lebens. Sie sind dabei so aufgebl\u00fcht, das war wirklich ganz toll. Vor allem viele Kinder mit Migrationshintergrund sind derma\u00dfen \u00fcber sich hinaus gewachsen, hatten keinerlei Hemmungen vor dem Sprechen und sind offen und authentisch auf andere zugegangen.\u201c Die 240 Euro Erl\u00f6s spendete Lena Jakobs Klasse in Form von Patenschaften an den Tierpark Eilenburg. So freuten sich ein G\u00f6ttinger Minischwein, eine Boa und ein Storch \u00fcber das von Lena Jakob und ihrer Klasse finanzierte Futter.<\/p>\t\t\t\t\t\t\t\t<\/div>\n\t\t\t\t<\/div>\n\t\t\t\t\t<\/div>\n\t\t<\/div>\n\t\t\t\t\t<\/div>\n\t\t<\/section>\n\t\t\t\t<section class=\"elementor-section elementor-top-section elementor-element elementor-element-5dba2d5 elementor-section-boxed elementor-section-height-default elementor-section-height-default\" data-id=\"5dba2d5\" data-element_type=\"section\" data-e-type=\"section\">\n\t\t\t\t\t\t<div class=\"elementor-container elementor-column-gap-default\">\n\t\t\t\t\t<div class=\"elementor-column elementor-col-100 elementor-top-column elementor-element elementor-element-08ad072\" data-id=\"08ad072\" data-element_type=\"column\" data-e-type=\"column\">\n\t\t\t<div class=\"elementor-widget-wrap elementor-element-populated\">\n\t\t\t\t\t\t<div class=\"elementor-element elementor-element-8b07bac elementor-widget elementor-widget-heading\" data-id=\"8b07bac\" data-element_type=\"widget\" data-e-type=\"widget\" data-widget_type=\"heading.default\">\n\t\t\t\t<div class=\"elementor-widget-container\">\n\t\t\t\t\t<h2 class=\"elementor-heading-title elementor-size-default\">Plan A oder Plan B nach dem Vorbereitungsdienst \u2013 je nach Stellenlage<\/h2>\t\t\t\t<\/div>\n\t\t\t\t<\/div>\n\t\t\t\t<div class=\"elementor-element elementor-element-cbda302 elementor-widget elementor-widget-text-editor\" data-id=\"cbda302\" data-element_type=\"widget\" data-e-type=\"widget\" data-widget_type=\"text-editor.default\">\n\t\t\t\t<div class=\"elementor-widget-container\">\n\t\t\t\t\t\t\t\t\t<p>Lena Jakobs Zeit im Vorbereitungsdienst in Eilenburg neigt sich langsam aber sicher dem Ende zu. Nach ihrem zweiten Staatsexamen wird sie ihr Abschlusszeugnis Ende Januar 2025 erhalten. Plan A danach ist f\u00fcr sie klar: \u201eIch w\u00fcrde sehr gern an meiner Schule bleiben. Die Chancen stehen 50:50. Es kommt darauf an, ob zum 1. August oder zum 1. Februar neue Lehrkr\u00e4fte eingestellt werden.\u201c<br \/><br \/><br \/>Falls eine \u00dcbernahme nicht klappt, hat Lena Jakob einen Plan B, etwas entfernt von Eilenburg. Da sie gern mit Kindern mit Migrationshintergrund arbeiten m\u00f6chte, sieht sie sich eher im st\u00e4dtischen Raum, idealerweise in einer Kleinstadt. \u201eIch m\u00f6chte weder aufs Dorf noch in die Gro\u00dfstadt. Ich k\u00f6nnte mir vorstellen, nach Torgau oder Delitzsch zu gehen. Das ist von mir aus gut erreichbar.\u201c<\/p>\t\t\t\t\t\t\t\t<\/div>\n\t\t\t\t<\/div>\n\t\t\t\t\t<\/div>\n\t\t<\/div>\n\t\t\t\t\t<\/div>\n\t\t<\/section>\n\t\t\t\t<section class=\"elementor-section elementor-top-section elementor-element elementor-element-5bf4cd9 elementor-section-boxed elementor-section-height-default elementor-section-height-default\" data-id=\"5bf4cd9\" data-element_type=\"section\" data-e-type=\"section\">\n\t\t\t\t\t\t<div class=\"elementor-container elementor-column-gap-default\">\n\t\t\t\t\t<div class=\"elementor-column elementor-col-100 elementor-top-column elementor-element elementor-element-3aee786\" data-id=\"3aee786\" data-element_type=\"column\" data-e-type=\"column\">\n\t\t\t<div class=\"elementor-widget-wrap elementor-element-populated\">\n\t\t\t\t\t\t<div class=\"elementor-element elementor-element-9c931b6 elementor-widget elementor-widget-heading\" data-id=\"9c931b6\" data-element_type=\"widget\" data-e-type=\"widget\" data-widget_type=\"heading.default\">\n\t\t\t\t<div class=\"elementor-widget-container\">\n\t\t\t\t\t<h2 class=\"elementor-heading-title elementor-size-default\">Lenas Tipps aus ihrer Zeit im Vorbereitungsdienst und aus der Grundschulpraxis: <\/h2>\t\t\t\t<\/div>\n\t\t\t\t<\/div>\n\t\t\t\t\t<\/div>\n\t\t<\/div>\n\t\t\t\t\t<\/div>\n\t\t<\/section>\n\t\t\t\t<section class=\"elementor-section elementor-top-section elementor-element elementor-element-b6f0988 elementor-section-boxed elementor-section-height-default elementor-section-height-default\" data-id=\"b6f0988\" data-element_type=\"section\" data-e-type=\"section\">\n\t\t\t\t\t\t<div class=\"elementor-container elementor-column-gap-default\">\n\t\t\t\t\t<div class=\"elementor-column elementor-col-100 elementor-top-column elementor-element elementor-element-f754bd5\" data-id=\"f754bd5\" data-element_type=\"column\" data-e-type=\"column\">\n\t\t\t<div class=\"elementor-widget-wrap elementor-element-populated\">\n\t\t\t\t\t\t<div class=\"elementor-element elementor-element-1bf50f7 elementor-widget elementor-widget-heading\" data-id=\"1bf50f7\" data-element_type=\"widget\" data-e-type=\"widget\" data-widget_type=\"heading.default\">\n\t\t\t\t<div class=\"elementor-widget-container\">\n\t\t\t\t\t<h3 class=\"elementor-heading-title elementor-size-default\">Zitiersoftware erleichtert wissenschaftliches Arbeiten<\/h3>\t\t\t\t<\/div>\n\t\t\t\t<\/div>\n\t\t\t\t\t<\/div>\n\t\t<\/div>\n\t\t\t\t\t<\/div>\n\t\t<\/section>\n\t\t\t\t<section class=\"elementor-section elementor-top-section elementor-element elementor-element-b411692 elementor-section-boxed elementor-section-height-default elementor-section-height-default\" data-id=\"b411692\" data-element_type=\"section\" data-e-type=\"section\">\n\t\t\t\t\t\t<div class=\"elementor-container elementor-column-gap-default\">\n\t\t\t\t\t<div class=\"elementor-column elementor-col-100 elementor-top-column elementor-element elementor-element-a22c440\" data-id=\"a22c440\" data-element_type=\"column\" data-e-type=\"column\">\n\t\t\t<div class=\"elementor-widget-wrap elementor-element-populated\">\n\t\t\t\t\t\t<div class=\"elementor-element elementor-element-325415b elementor-widget elementor-widget-text-editor\" data-id=\"325415b\" data-element_type=\"widget\" data-e-type=\"widget\" data-widget_type=\"text-editor.default\">\n\t\t\t\t<div class=\"elementor-widget-container\">\n\t\t\t\t\t\t\t\t\t<p>Die Arbeit in der Schule und die Seminarbesuche parallel sind Zeit und Energie fordernd. Da hilft jede Vereinfachung aufwendiger Prozesse, merkte Lena im Studium ebenso wie nun im Vorbereitungsdienst. Ihr Tipp: Zitiersoftware nutzen! Vor allem f\u00fcr Hausarbeiten und f\u00fcr die wissenschaftliche Hausarbeit, die einer Masterarbeit \u00e4hnelt, arbeitete sie mit <a href=\"https:\/\/www.citavi.com\/de\" target=\"_blank\" rel=\"noopener\">Citavi<\/a>. Das Programm komplettiert auf Basis der ISBN eines Buches die Quellenangabe automatisch. \u201eSo konnte ich immens viel Recherche-Zeit sparen.\u201c<\/p>\t\t\t\t\t\t\t\t<\/div>\n\t\t\t\t<\/div>\n\t\t\t\t\t<\/div>\n\t\t<\/div>\n\t\t\t\t\t<\/div>\n\t\t<\/section>\n\t\t\t\t<section class=\"elementor-section elementor-top-section elementor-element elementor-element-a7759b4 elementor-section-boxed elementor-section-height-default elementor-section-height-default\" data-id=\"a7759b4\" data-element_type=\"section\" data-e-type=\"section\">\n\t\t\t\t\t\t<div class=\"elementor-container elementor-column-gap-default\">\n\t\t\t\t\t<div class=\"elementor-column elementor-col-100 elementor-top-column elementor-element elementor-element-90b721e\" data-id=\"90b721e\" data-element_type=\"column\" data-e-type=\"column\">\n\t\t\t<div class=\"elementor-widget-wrap elementor-element-populated\">\n\t\t\t\t\t\t<div class=\"elementor-element elementor-element-1588c6c elementor-widget elementor-widget-heading\" data-id=\"1588c6c\" data-element_type=\"widget\" data-e-type=\"widget\" data-widget_type=\"heading.default\">\n\t\t\t\t<div class=\"elementor-widget-container\">\n\t\t\t\t\t<h3 class=\"elementor-heading-title elementor-size-default\">Nichts wegschmei\u00dfen: Keine Eierkartons, keine Klopapierrollen! <\/h3>\t\t\t\t<\/div>\n\t\t\t\t<\/div>\n\t\t\t\t\t<\/div>\n\t\t<\/div>\n\t\t\t\t\t<\/div>\n\t\t<\/section>\n\t\t\t\t<section class=\"elementor-section elementor-top-section elementor-element elementor-element-a993d2a elementor-section-boxed elementor-section-height-default elementor-section-height-default\" data-id=\"a993d2a\" data-element_type=\"section\" data-e-type=\"section\">\n\t\t\t\t\t\t<div class=\"elementor-container elementor-column-gap-default\">\n\t\t\t\t\t<div class=\"elementor-column elementor-col-100 elementor-top-column elementor-element elementor-element-d176a57\" data-id=\"d176a57\" data-element_type=\"column\" data-e-type=\"column\">\n\t\t\t<div class=\"elementor-widget-wrap elementor-element-populated\">\n\t\t\t\t\t\t<div class=\"elementor-element elementor-element-43aa8ae elementor-widget elementor-widget-text-editor\" data-id=\"43aa8ae\" data-element_type=\"widget\" data-e-type=\"widget\" data-widget_type=\"text-editor.default\">\n\t\t\t\t<div class=\"elementor-widget-container\">\n\t\t\t\t\t\t\t\t\t<p>Lena Jakob empfiehlt aus ihrer eigenen Praxis vor allem den Grundschullehrerinnen und -lehrern, sich m\u00f6glichst bald mit verschiedensten Materialien einzudecken. So ziemlich alles k\u00f6nne im Unterricht weiterverwendet werden: \u201eNichts wegschmei\u00dfen \u2013 keine Toilettenpapierrolle, keine Eierpappe. So was kann man immer gebrauchen!\u201c<\/p>\t\t\t\t\t\t\t\t<\/div>\n\t\t\t\t<\/div>\n\t\t\t\t\t<\/div>\n\t\t<\/div>\n\t\t\t\t\t<\/div>\n\t\t<\/section>\n\t\t\t\t<section class=\"elementor-section elementor-top-section elementor-element elementor-element-b76f990 elementor-section-boxed elementor-section-height-default elementor-section-height-default\" data-id=\"b76f990\" data-element_type=\"section\" data-e-type=\"section\">\n\t\t\t\t\t\t<div class=\"elementor-container elementor-column-gap-default\">\n\t\t\t\t\t<div class=\"elementor-column elementor-col-100 elementor-top-column elementor-element elementor-element-2d717d6\" data-id=\"2d717d6\" data-element_type=\"column\" data-e-type=\"column\">\n\t\t\t<div class=\"elementor-widget-wrap elementor-element-populated\">\n\t\t\t\t\t\t<div class=\"elementor-element elementor-element-c9bc4ae elementor-widget elementor-widget-heading\" data-id=\"c9bc4ae\" data-element_type=\"widget\" data-e-type=\"widget\" data-widget_type=\"heading.default\">\n\t\t\t\t<div class=\"elementor-widget-container\">\n\t\t\t\t\t<h3 class=\"elementor-heading-title elementor-size-default\">Zeig den Kindern nie, dass sie weniger wissen als du <\/h3>\t\t\t\t<\/div>\n\t\t\t\t<\/div>\n\t\t\t\t\t<\/div>\n\t\t<\/div>\n\t\t\t\t\t<\/div>\n\t\t<\/section>\n\t\t\t\t<section class=\"elementor-section elementor-top-section elementor-element elementor-element-a99d148 elementor-section-boxed elementor-section-height-default elementor-section-height-default\" data-id=\"a99d148\" data-element_type=\"section\" data-e-type=\"section\">\n\t\t\t\t\t\t<div class=\"elementor-container elementor-column-gap-default\">\n\t\t\t\t\t<div class=\"elementor-column elementor-col-100 elementor-top-column elementor-element elementor-element-50af827\" data-id=\"50af827\" data-element_type=\"column\" data-e-type=\"column\">\n\t\t\t<div class=\"elementor-widget-wrap elementor-element-populated\">\n\t\t\t\t\t\t<div class=\"elementor-element elementor-element-604178f elementor-widget elementor-widget-text-editor\" data-id=\"604178f\" data-element_type=\"widget\" data-e-type=\"widget\" data-widget_type=\"text-editor.default\">\n\t\t\t\t<div class=\"elementor-widget-container\">\n\t\t\t\t\t\t\t\t\tMit den Sch\u00fclerinnen und Sch\u00fclern auf Augenh\u00f6he zu arbeiten, ist Lena besonders wichtig. \u201eLass die Kinder nie sp\u00fcren, dass sie weniger wissen als du. Damit kannst du viele Sympathiepunkte sammeln. Es hilft sicher auch an die eigene Schulzeit zu denken und sich zu erinnern, was gut und was weniger gut war.\u201c \t\t\t\t\t\t\t\t<\/div>\n\t\t\t\t<\/div>\n\t\t\t\t\t<\/div>\n\t\t<\/div>\n\t\t\t\t\t<\/div>\n\t\t<\/section>\n\t\t\t\t<section class=\"elementor-section elementor-top-section elementor-element elementor-element-0a5e07c elementor-section-boxed elementor-section-height-default elementor-section-height-default\" data-id=\"0a5e07c\" data-element_type=\"section\" data-e-type=\"section\">\n\t\t\t\t\t\t<div class=\"elementor-container elementor-column-gap-default\">\n\t\t\t\t\t<div class=\"elementor-column elementor-col-100 elementor-top-column elementor-element elementor-element-690a381\" data-id=\"690a381\" data-element_type=\"column\" data-e-type=\"column\">\n\t\t\t<div class=\"elementor-widget-wrap elementor-element-populated\">\n\t\t\t\t\t\t<div class=\"elementor-element elementor-element-a29bf23 elementor-widget elementor-widget-heading\" data-id=\"a29bf23\" data-element_type=\"widget\" data-e-type=\"widget\" data-widget_type=\"heading.default\">\n\t\t\t\t<div class=\"elementor-widget-container\">\n\t\t\t\t\t<h3 class=\"elementor-heading-title elementor-size-default\">Vergleiche dich nicht und sei du selbst! <\/h3>\t\t\t\t<\/div>\n\t\t\t\t<\/div>\n\t\t\t\t\t<\/div>\n\t\t<\/div>\n\t\t\t\t\t<\/div>\n\t\t<\/section>\n\t\t\t\t<section class=\"elementor-section elementor-top-section elementor-element elementor-element-e991d9d elementor-section-boxed elementor-section-height-default elementor-section-height-default\" data-id=\"e991d9d\" data-element_type=\"section\" data-e-type=\"section\">\n\t\t\t\t\t\t<div class=\"elementor-container elementor-column-gap-default\">\n\t\t\t\t\t<div class=\"elementor-column elementor-col-100 elementor-top-column elementor-element elementor-element-d902de3\" data-id=\"d902de3\" data-element_type=\"column\" data-e-type=\"column\">\n\t\t\t<div class=\"elementor-widget-wrap elementor-element-populated\">\n\t\t\t\t\t\t<div class=\"elementor-element elementor-element-d2d846c elementor-widget elementor-widget-text-editor\" data-id=\"d2d846c\" data-element_type=\"widget\" data-e-type=\"widget\" data-widget_type=\"text-editor.default\">\n\t\t\t\t<div class=\"elementor-widget-container\">\n\t\t\t\t\t\t\t\t\t<p>Lena Jakob verglich sich zu Beginn ihres Vorbereitungsdienstes h\u00e4ufig mit einer Kollegin an ihrer Schule, die bereits ein halbes Jahr l\u00e4nger vor Ort war als sie. \u201eIch dachte mir ganz oft: Oh Mann, die wei\u00df viel mehr als ich und kennt sich viel besser aus. Ja, logisch! Sie kannte die Kinder ja auch bereits ein halbes Jahr l\u00e4nger als ich.\u201c Lenas Devise lautet seitdem: \u201eSei du selbst und vergleiche dich nicht \u2013 sei es in der Schule oder im Seminar.\u201c  <\/p>\t\t\t\t\t\t\t\t<\/div>\n\t\t\t\t<\/div>\n\t\t\t\t\t<\/div>\n\t\t<\/div>\n\t\t\t\t\t<\/div>\n\t\t<\/section>\n\t\t\t\t<section class=\"elementor-section elementor-top-section elementor-element elementor-element-dc23975 elementor-section-boxed elementor-section-height-default elementor-section-height-default\" data-id=\"dc23975\" data-element_type=\"section\" data-e-type=\"section\">\n\t\t\t\t\t\t<div class=\"elementor-container elementor-column-gap-default\">\n\t\t\t\t\t<div class=\"elementor-column elementor-col-100 elementor-top-column elementor-element elementor-element-a41c566\" data-id=\"a41c566\" data-element_type=\"column\" data-e-type=\"column\">\n\t\t\t<div class=\"elementor-widget-wrap elementor-element-populated\">\n\t\t\t\t\t\t<div class=\"elementor-element elementor-element-06fb7d3 elementor-widget elementor-widget-spacer\" data-id=\"06fb7d3\" data-element_type=\"widget\" data-e-type=\"widget\" data-widget_type=\"spacer.default\">\n\t\t\t\t<div class=\"elementor-widget-container\">\n\t\t\t\t\t\t\t<div class=\"elementor-spacer\">\n\t\t\t<div class=\"elementor-spacer-inner\"><\/div>\n\t\t<\/div>\n\t\t\t\t\t\t<\/div>\n\t\t\t\t<\/div>\n\t\t\t\t\t<\/div>\n\t\t<\/div>\n\t\t\t\t\t<\/div>\n\t\t<\/section>\n\t\t\t\t<section class=\"elementor-section elementor-top-section elementor-element elementor-element-feeb53c elementor-section-boxed elementor-section-height-default elementor-section-height-default\" data-id=\"feeb53c\" data-element_type=\"section\" data-e-type=\"section\">\n\t\t\t\t\t\t<div class=\"elementor-container elementor-column-gap-default\">\n\t\t\t\t\t<div class=\"elementor-column elementor-col-100 elementor-top-column elementor-element elementor-element-9d698ae\" data-id=\"9d698ae\" data-element_type=\"column\" data-e-type=\"column\">\n\t\t\t<div class=\"elementor-widget-wrap elementor-element-populated\">\n\t\t\t\t\t\t<div class=\"elementor-element elementor-element-f34b9dd elementor-widget elementor-widget-heading\" data-id=\"f34b9dd\" data-element_type=\"widget\" data-e-type=\"widget\" data-widget_type=\"heading.default\">\n\t\t\t\t<div class=\"elementor-widget-container\">\n\t\t\t\t\t<h2 class=\"elementor-heading-title elementor-size-default\">Schuldienst auf dem s\u00e4chsischen Land?<\/h2>\t\t\t\t<\/div>\n\t\t\t\t<\/div>\n\t\t\t\t\t<\/div>\n\t\t<\/div>\n\t\t\t\t\t<\/div>\n\t\t<\/section>\n\t\t\t\t<section class=\"elementor-section elementor-top-section elementor-element elementor-element-d7bfa1d elementor-section-boxed elementor-section-height-default elementor-section-height-default\" data-id=\"d7bfa1d\" data-element_type=\"section\" data-e-type=\"section\">\n\t\t\t\t\t\t<div class=\"elementor-container elementor-column-gap-default\">\n\t\t\t\t\t<div class=\"elementor-column elementor-col-100 elementor-top-column elementor-element elementor-element-26d20dd\" data-id=\"26d20dd\" data-element_type=\"column\" data-e-type=\"column\">\n\t\t\t<div class=\"elementor-widget-wrap elementor-element-populated\">\n\t\t\t\t\t\t<div class=\"elementor-element elementor-element-b4f6437 elementor-widget elementor-widget-button\" data-id=\"b4f6437\" data-element_type=\"widget\" data-e-type=\"widget\" data-widget_type=\"button.default\">\n\t\t\t\t<div class=\"elementor-widget-container\">\n\t\t\t\t\t\t\t\t\t<div class=\"elementor-button-wrapper\">\n\t\t\t\t\t<a class=\"elementor-button elementor-button-link elementor-size-sm\" href=\"https:\/\/lehrer-werden-in-sachsen.de\/grundschule-sachsen-junghannss\/\" title=\"Grundschullehrer Michael Junghann\u00df\">\n\t\t\t\t\t\t<span class=\"elementor-button-content-wrapper\">\n\t\t\t\t\t\t\t\t\t<span class=\"elementor-button-text\">F\u00fcr Michael Junghann\u00df der passende Weg<\/span>\n\t\t\t\t\t<\/span>\n\t\t\t\t\t<\/a>\n\t\t\t\t<\/div>\n\t\t\t\t\t\t\t\t<\/div>\n\t\t\t\t<\/div>\n\t\t\t\t\t<\/div>\n\t\t<\/div>\n\t\t\t\t\t<\/div>\n\t\t<\/section>\n\t\t\t\t<\/div>\n\t\t","protected":false},"excerpt":{"rendered":"<p>Nach dem Studium in Halle macht Lena Jakob ihren Vorbereitungsdienst in Eilenburg. Die angehende Lehrerin erz\u00e4hlt aus ihrem Alltag an der Sebastian-Kneipp-Grundschule.<\/p>\n","protected":false},"author":13,"featured_media":15840,"comment_status":"closed","ping_status":"closed","sticky":false,"template":"","format":"standard","meta":{"footnotes":""},"categories":[46],"tags":[94,210,146],"class_list":["post-15838","post","type-post","status-publish","format-standard","has-post-thumbnail","hentry","category-blog","tag-lehramtsstudium","tag-saechsische-regionen","tag-vorbereitungsdienst"],"yoast_head":"<!-- This site is optimized with the Yoast SEO plugin v27.3 - https:\/\/yoast.com\/product\/yoast-seo-wordpress\/ -->\n<title>LEHRERIN SACHSEN | Zum Vorbereitungsdienst zur\u00fcck nach Sachsen<\/title>\n<meta name=\"description\" content=\"Wie einfach ein Wechsel geht, erz\u00e4hlt Lena: Studium in Halle und Vorbereitungsdienst in Sachsen\" \/>\n<meta name=\"robots\" content=\"index, follow, max-snippet:-1, max-image-preview:large, max-video-preview:-1\" \/>\n<link rel=\"canonical\" href=\"https:\/\/lehrer-werden-in-sachsen.de\/zum-vorbereitungsdienst-wieder-nach-sachsen\/\" \/>\n<meta property=\"og:locale\" content=\"de_DE\" \/>\n<meta property=\"og:type\" content=\"article\" \/>\n<meta property=\"og:title\" content=\"LEHRERIN SACHSEN | Zum Vorbereitungsdienst zur\u00fcck nach Sachsen\" \/>\n<meta property=\"og:description\" content=\"Wie einfach ein Wechsel geht, erz\u00e4hlt Lena: Studium in Halle und Vorbereitungsdienst in Sachsen\" \/>\n<meta property=\"og:url\" content=\"https:\/\/lehrer-werden-in-sachsen.de\/zum-vorbereitungsdienst-wieder-nach-sachsen\/\" \/>\n<meta property=\"og:site_name\" content=\"LEHRERIN SACHSEN\" \/>\n<meta property=\"article:published_time\" content=\"2024-07-04T11:50:13+00:00\" \/>\n<meta property=\"article:modified_time\" content=\"2025-10-10T10:31:52+00:00\" \/>\n<meta property=\"og:image\" content=\"https:\/\/lehrer-werden-in-sachsen.de\/wp-content\/uploads\/2024\/07\/SMK-Blog-Header-Lena_Jakob_1920x970px-Referendarin-Eilenburg.jpg\" \/>\n\t<meta property=\"og:image:width\" content=\"1920\" \/>\n\t<meta property=\"og:image:height\" content=\"970\" \/>\n\t<meta property=\"og:image:type\" content=\"image\/jpeg\" \/>\n<meta name=\"author\" content=\"Maria Kretschmann\" \/>\n<meta name=\"twitter:card\" content=\"summary_large_image\" \/>\n<meta name=\"twitter:label1\" content=\"Verfasst von\" \/>\n\t<meta name=\"twitter:data1\" content=\"Maria Kretschmann\" \/>\n\t<meta name=\"twitter:label2\" content=\"Gesch\u00e4tzte Lesezeit\" \/>\n\t<meta name=\"twitter:data2\" content=\"7\u00a0Minuten\" \/>\n<script type=\"application\/ld+json\" class=\"yoast-schema-graph\">{\"@context\":\"https:\\\/\\\/schema.org\",\"@graph\":[{\"@type\":\"Article\",\"@id\":\"https:\\\/\\\/lehrer-werden-in-sachsen.de\\\/zum-vorbereitungsdienst-wieder-nach-sachsen\\\/#article\",\"isPartOf\":{\"@id\":\"https:\\\/\\\/lehrer-werden-in-sachsen.de\\\/zum-vorbereitungsdienst-wieder-nach-sachsen\\\/\"},\"author\":{\"name\":\"Maria Kretschmann\",\"@id\":\"https:\\\/\\\/lehrer-werden-in-sachsen.de\\\/#\\\/schema\\\/person\\\/4a127ffcfbf4e52ff0f66dcd7b4a5cc1\"},\"headline\":\"Von Halle \u00fcber Leipzig nach Eilenburg: Zum Vorbereitungsdienst ging Lena Jakob von Sachsen-Anhalt zur\u00fcck nach Sachsen\",\"datePublished\":\"2024-07-04T11:50:13+00:00\",\"dateModified\":\"2025-10-10T10:31:52+00:00\",\"mainEntityOfPage\":{\"@id\":\"https:\\\/\\\/lehrer-werden-in-sachsen.de\\\/zum-vorbereitungsdienst-wieder-nach-sachsen\\\/\"},\"wordCount\":1186,\"publisher\":{\"@id\":\"https:\\\/\\\/lehrer-werden-in-sachsen.de\\\/#organization\"},\"image\":{\"@id\":\"https:\\\/\\\/lehrer-werden-in-sachsen.de\\\/zum-vorbereitungsdienst-wieder-nach-sachsen\\\/#primaryimage\"},\"thumbnailUrl\":\"https:\\\/\\\/lehrer-werden-in-sachsen.de\\\/stage\\\/wp-content\\\/uploads\\\/2024\\\/07\\\/SMK-Blog-Header-Lena_Jakob_1920x970px-Referendarin-Eilenburg.jpg\",\"keywords\":[\"Lehramtsstudium\",\"S\u00e4chsische Regionen\",\"Vorbereitungsdienst\"],\"articleSection\":[\"Blog\"],\"inLanguage\":\"de\"},{\"@type\":\"WebPage\",\"@id\":\"https:\\\/\\\/lehrer-werden-in-sachsen.de\\\/zum-vorbereitungsdienst-wieder-nach-sachsen\\\/\",\"url\":\"https:\\\/\\\/lehrer-werden-in-sachsen.de\\\/zum-vorbereitungsdienst-wieder-nach-sachsen\\\/\",\"name\":\"LEHRERIN SACHSEN | Zum Vorbereitungsdienst zur\u00fcck nach Sachsen\",\"isPartOf\":{\"@id\":\"https:\\\/\\\/lehrer-werden-in-sachsen.de\\\/#website\"},\"primaryImageOfPage\":{\"@id\":\"https:\\\/\\\/lehrer-werden-in-sachsen.de\\\/zum-vorbereitungsdienst-wieder-nach-sachsen\\\/#primaryimage\"},\"image\":{\"@id\":\"https:\\\/\\\/lehrer-werden-in-sachsen.de\\\/zum-vorbereitungsdienst-wieder-nach-sachsen\\\/#primaryimage\"},\"thumbnailUrl\":\"https:\\\/\\\/lehrer-werden-in-sachsen.de\\\/stage\\\/wp-content\\\/uploads\\\/2024\\\/07\\\/SMK-Blog-Header-Lena_Jakob_1920x970px-Referendarin-Eilenburg.jpg\",\"datePublished\":\"2024-07-04T11:50:13+00:00\",\"dateModified\":\"2025-10-10T10:31:52+00:00\",\"description\":\"Wie einfach ein Wechsel geht, erz\u00e4hlt Lena: Studium in Halle und Vorbereitungsdienst in Sachsen\",\"breadcrumb\":{\"@id\":\"https:\\\/\\\/lehrer-werden-in-sachsen.de\\\/zum-vorbereitungsdienst-wieder-nach-sachsen\\\/#breadcrumb\"},\"inLanguage\":\"de\",\"potentialAction\":[{\"@type\":\"ReadAction\",\"target\":[\"https:\\\/\\\/lehrer-werden-in-sachsen.de\\\/zum-vorbereitungsdienst-wieder-nach-sachsen\\\/\"]}]},{\"@type\":\"ImageObject\",\"inLanguage\":\"de\",\"@id\":\"https:\\\/\\\/lehrer-werden-in-sachsen.de\\\/zum-vorbereitungsdienst-wieder-nach-sachsen\\\/#primaryimage\",\"url\":\"https:\\\/\\\/lehrer-werden-in-sachsen.de\\\/stage\\\/wp-content\\\/uploads\\\/2024\\\/07\\\/SMK-Blog-Header-Lena_Jakob_1920x970px-Referendarin-Eilenburg.jpg\",\"contentUrl\":\"https:\\\/\\\/lehrer-werden-in-sachsen.de\\\/stage\\\/wp-content\\\/uploads\\\/2024\\\/07\\\/SMK-Blog-Header-Lena_Jakob_1920x970px-Referendarin-Eilenburg.jpg\",\"width\":1920,\"height\":970,\"caption\":\"Junge Frau mit langen Haaren und Brille, die in einem Raum mit Fenstern steht.\"},{\"@type\":\"BreadcrumbList\",\"@id\":\"https:\\\/\\\/lehrer-werden-in-sachsen.de\\\/zum-vorbereitungsdienst-wieder-nach-sachsen\\\/#breadcrumb\",\"itemListElement\":[{\"@type\":\"ListItem\",\"position\":1,\"name\":\"Startseite\",\"item\":\"https:\\\/\\\/lehrer-werden-in-sachsen.de\\\/\"},{\"@type\":\"ListItem\",\"position\":2,\"name\":\"Von Halle \u00fcber Leipzig nach Eilenburg: Zum Vorbereitungsdienst ging Lena Jakob von Sachsen-Anhalt zur\u00fcck nach Sachsen\"}]},{\"@type\":\"WebSite\",\"@id\":\"https:\\\/\\\/lehrer-werden-in-sachsen.de\\\/#website\",\"url\":\"https:\\\/\\\/lehrer-werden-in-sachsen.de\\\/\",\"name\":\"LEHRERIN SACHSEN\",\"description\":\"Eine Klasse f\u00fcr sich.\",\"publisher\":{\"@id\":\"https:\\\/\\\/lehrer-werden-in-sachsen.de\\\/#organization\"},\"potentialAction\":[{\"@type\":\"SearchAction\",\"target\":{\"@type\":\"EntryPoint\",\"urlTemplate\":\"https:\\\/\\\/lehrer-werden-in-sachsen.de\\\/?s={search_term_string}\"},\"query-input\":{\"@type\":\"PropertyValueSpecification\",\"valueRequired\":true,\"valueName\":\"search_term_string\"}}],\"inLanguage\":\"de\"},{\"@type\":\"Organization\",\"@id\":\"https:\\\/\\\/lehrer-werden-in-sachsen.de\\\/#organization\",\"name\":\"LEHRERIN SACHSEN\",\"url\":\"https:\\\/\\\/lehrer-werden-in-sachsen.de\\\/\",\"logo\":{\"@type\":\"ImageObject\",\"inLanguage\":\"de\",\"@id\":\"https:\\\/\\\/lehrer-werden-in-sachsen.de\\\/#\\\/schema\\\/logo\\\/image\\\/\",\"url\":\"https:\\\/\\\/lehrer-werden-in-sachsen.de\\\/stage\\\/wp-content\\\/uploads\\\/2022\\\/02\\\/SMK_Leherin-Sachsen-Marke_RGB_Violett-Orange.svg\",\"contentUrl\":\"https:\\\/\\\/lehrer-werden-in-sachsen.de\\\/stage\\\/wp-content\\\/uploads\\\/2022\\\/02\\\/SMK_Leherin-Sachsen-Marke_RGB_Violett-Orange.svg\",\"caption\":\"LEHRERIN SACHSEN\"},\"image\":{\"@id\":\"https:\\\/\\\/lehrer-werden-in-sachsen.de\\\/#\\\/schema\\\/logo\\\/image\\\/\"}},{\"@type\":\"Person\",\"@id\":\"https:\\\/\\\/lehrer-werden-in-sachsen.de\\\/#\\\/schema\\\/person\\\/4a127ffcfbf4e52ff0f66dcd7b4a5cc1\",\"name\":\"Maria Kretschmann\",\"image\":{\"@type\":\"ImageObject\",\"inLanguage\":\"de\",\"@id\":\"https:\\\/\\\/secure.gravatar.com\\\/avatar\\\/785963a239158e0d036c182ccde6b24c2d0822b83af8ab1b3773045a106114df?s=96&d=mm&r=g\",\"url\":\"https:\\\/\\\/secure.gravatar.com\\\/avatar\\\/785963a239158e0d036c182ccde6b24c2d0822b83af8ab1b3773045a106114df?s=96&d=mm&r=g\",\"contentUrl\":\"https:\\\/\\\/secure.gravatar.com\\\/avatar\\\/785963a239158e0d036c182ccde6b24c2d0822b83af8ab1b3773045a106114df?s=96&d=mm&r=g\",\"caption\":\"Maria Kretschmann\"},\"url\":\"https:\\\/\\\/lehrer-werden-in-sachsen.de\\\/stage\\\/author\\\/maria-kretschmann\\\/\"}]}<\/script>\n<!-- \/ Yoast SEO plugin. -->","yoast_head_json":{"title":"LEHRERIN SACHSEN | Zum Vorbereitungsdienst zur\u00fcck nach Sachsen","description":"Wie einfach ein Wechsel geht, erz\u00e4hlt Lena: Studium in Halle und Vorbereitungsdienst in Sachsen","robots":{"index":"index","follow":"follow","max-snippet":"max-snippet:-1","max-image-preview":"max-image-preview:large","max-video-preview":"max-video-preview:-1"},"canonical":"https:\/\/lehrer-werden-in-sachsen.de\/zum-vorbereitungsdienst-wieder-nach-sachsen\/","og_locale":"de_DE","og_type":"article","og_title":"LEHRERIN SACHSEN | Zum Vorbereitungsdienst zur\u00fcck nach Sachsen","og_description":"Wie einfach ein Wechsel geht, erz\u00e4hlt Lena: Studium in Halle und Vorbereitungsdienst in Sachsen","og_url":"https:\/\/lehrer-werden-in-sachsen.de\/zum-vorbereitungsdienst-wieder-nach-sachsen\/","og_site_name":"LEHRERIN SACHSEN","article_published_time":"2024-07-04T11:50:13+00:00","article_modified_time":"2025-10-10T10:31:52+00:00","og_image":[{"width":1920,"height":970,"url":"https:\/\/lehrer-werden-in-sachsen.de\/wp-content\/uploads\/2024\/07\/SMK-Blog-Header-Lena_Jakob_1920x970px-Referendarin-Eilenburg.jpg","type":"image\/jpeg"}],"author":"Maria Kretschmann","twitter_card":"summary_large_image","twitter_misc":{"Verfasst von":"Maria Kretschmann","Gesch\u00e4tzte Lesezeit":"7\u00a0Minuten"},"schema":{"@context":"https:\/\/schema.org","@graph":[{"@type":"Article","@id":"https:\/\/lehrer-werden-in-sachsen.de\/zum-vorbereitungsdienst-wieder-nach-sachsen\/#article","isPartOf":{"@id":"https:\/\/lehrer-werden-in-sachsen.de\/zum-vorbereitungsdienst-wieder-nach-sachsen\/"},"author":{"name":"Maria Kretschmann","@id":"https:\/\/lehrer-werden-in-sachsen.de\/#\/schema\/person\/4a127ffcfbf4e52ff0f66dcd7b4a5cc1"},"headline":"Von Halle \u00fcber Leipzig nach Eilenburg: Zum Vorbereitungsdienst ging Lena Jakob von Sachsen-Anhalt zur\u00fcck nach Sachsen","datePublished":"2024-07-04T11:50:13+00:00","dateModified":"2025-10-10T10:31:52+00:00","mainEntityOfPage":{"@id":"https:\/\/lehrer-werden-in-sachsen.de\/zum-vorbereitungsdienst-wieder-nach-sachsen\/"},"wordCount":1186,"publisher":{"@id":"https:\/\/lehrer-werden-in-sachsen.de\/#organization"},"image":{"@id":"https:\/\/lehrer-werden-in-sachsen.de\/zum-vorbereitungsdienst-wieder-nach-sachsen\/#primaryimage"},"thumbnailUrl":"https:\/\/lehrer-werden-in-sachsen.de\/stage\/wp-content\/uploads\/2024\/07\/SMK-Blog-Header-Lena_Jakob_1920x970px-Referendarin-Eilenburg.jpg","keywords":["Lehramtsstudium","S\u00e4chsische Regionen","Vorbereitungsdienst"],"articleSection":["Blog"],"inLanguage":"de"},{"@type":"WebPage","@id":"https:\/\/lehrer-werden-in-sachsen.de\/zum-vorbereitungsdienst-wieder-nach-sachsen\/","url":"https:\/\/lehrer-werden-in-sachsen.de\/zum-vorbereitungsdienst-wieder-nach-sachsen\/","name":"LEHRERIN SACHSEN | Zum Vorbereitungsdienst zur\u00fcck nach Sachsen","isPartOf":{"@id":"https:\/\/lehrer-werden-in-sachsen.de\/#website"},"primaryImageOfPage":{"@id":"https:\/\/lehrer-werden-in-sachsen.de\/zum-vorbereitungsdienst-wieder-nach-sachsen\/#primaryimage"},"image":{"@id":"https:\/\/lehrer-werden-in-sachsen.de\/zum-vorbereitungsdienst-wieder-nach-sachsen\/#primaryimage"},"thumbnailUrl":"https:\/\/lehrer-werden-in-sachsen.de\/stage\/wp-content\/uploads\/2024\/07\/SMK-Blog-Header-Lena_Jakob_1920x970px-Referendarin-Eilenburg.jpg","datePublished":"2024-07-04T11:50:13+00:00","dateModified":"2025-10-10T10:31:52+00:00","description":"Wie einfach ein Wechsel geht, erz\u00e4hlt Lena: Studium in Halle und Vorbereitungsdienst in Sachsen","breadcrumb":{"@id":"https:\/\/lehrer-werden-in-sachsen.de\/zum-vorbereitungsdienst-wieder-nach-sachsen\/#breadcrumb"},"inLanguage":"de","potentialAction":[{"@type":"ReadAction","target":["https:\/\/lehrer-werden-in-sachsen.de\/zum-vorbereitungsdienst-wieder-nach-sachsen\/"]}]},{"@type":"ImageObject","inLanguage":"de","@id":"https:\/\/lehrer-werden-in-sachsen.de\/zum-vorbereitungsdienst-wieder-nach-sachsen\/#primaryimage","url":"https:\/\/lehrer-werden-in-sachsen.de\/stage\/wp-content\/uploads\/2024\/07\/SMK-Blog-Header-Lena_Jakob_1920x970px-Referendarin-Eilenburg.jpg","contentUrl":"https:\/\/lehrer-werden-in-sachsen.de\/stage\/wp-content\/uploads\/2024\/07\/SMK-Blog-Header-Lena_Jakob_1920x970px-Referendarin-Eilenburg.jpg","width":1920,"height":970,"caption":"Junge Frau mit langen Haaren und Brille, die in einem Raum mit Fenstern steht."},{"@type":"BreadcrumbList","@id":"https:\/\/lehrer-werden-in-sachsen.de\/zum-vorbereitungsdienst-wieder-nach-sachsen\/#breadcrumb","itemListElement":[{"@type":"ListItem","position":1,"name":"Startseite","item":"https:\/\/lehrer-werden-in-sachsen.de\/"},{"@type":"ListItem","position":2,"name":"Von Halle \u00fcber Leipzig nach Eilenburg: Zum Vorbereitungsdienst ging Lena Jakob von Sachsen-Anhalt zur\u00fcck nach Sachsen"}]},{"@type":"WebSite","@id":"https:\/\/lehrer-werden-in-sachsen.de\/#website","url":"https:\/\/lehrer-werden-in-sachsen.de\/","name":"LEHRERIN SACHSEN","description":"Eine Klasse f\u00fcr sich.","publisher":{"@id":"https:\/\/lehrer-werden-in-sachsen.de\/#organization"},"potentialAction":[{"@type":"SearchAction","target":{"@type":"EntryPoint","urlTemplate":"https:\/\/lehrer-werden-in-sachsen.de\/?s={search_term_string}"},"query-input":{"@type":"PropertyValueSpecification","valueRequired":true,"valueName":"search_term_string"}}],"inLanguage":"de"},{"@type":"Organization","@id":"https:\/\/lehrer-werden-in-sachsen.de\/#organization","name":"LEHRERIN SACHSEN","url":"https:\/\/lehrer-werden-in-sachsen.de\/","logo":{"@type":"ImageObject","inLanguage":"de","@id":"https:\/\/lehrer-werden-in-sachsen.de\/#\/schema\/logo\/image\/","url":"https:\/\/lehrer-werden-in-sachsen.de\/stage\/wp-content\/uploads\/2022\/02\/SMK_Leherin-Sachsen-Marke_RGB_Violett-Orange.svg","contentUrl":"https:\/\/lehrer-werden-in-sachsen.de\/stage\/wp-content\/uploads\/2022\/02\/SMK_Leherin-Sachsen-Marke_RGB_Violett-Orange.svg","caption":"LEHRERIN SACHSEN"},"image":{"@id":"https:\/\/lehrer-werden-in-sachsen.de\/#\/schema\/logo\/image\/"}},{"@type":"Person","@id":"https:\/\/lehrer-werden-in-sachsen.de\/#\/schema\/person\/4a127ffcfbf4e52ff0f66dcd7b4a5cc1","name":"Maria Kretschmann","image":{"@type":"ImageObject","inLanguage":"de","@id":"https:\/\/secure.gravatar.com\/avatar\/785963a239158e0d036c182ccde6b24c2d0822b83af8ab1b3773045a106114df?s=96&d=mm&r=g","url":"https:\/\/secure.gravatar.com\/avatar\/785963a239158e0d036c182ccde6b24c2d0822b83af8ab1b3773045a106114df?s=96&d=mm&r=g","contentUrl":"https:\/\/secure.gravatar.com\/avatar\/785963a239158e0d036c182ccde6b24c2d0822b83af8ab1b3773045a106114df?s=96&d=mm&r=g","caption":"Maria Kretschmann"},"url":"https:\/\/lehrer-werden-in-sachsen.de\/stage\/author\/maria-kretschmann\/"}]}},"_links":{"self":[{"href":"https:\/\/lehrer-werden-in-sachsen.de\/stage\/wp-json\/wp\/v2\/posts\/15838","targetHints":{"allow":["GET"]}}],"collection":[{"href":"https:\/\/lehrer-werden-in-sachsen.de\/stage\/wp-json\/wp\/v2\/posts"}],"about":[{"href":"https:\/\/lehrer-werden-in-sachsen.de\/stage\/wp-json\/wp\/v2\/types\/post"}],"author":[{"embeddable":true,"href":"https:\/\/lehrer-werden-in-sachsen.de\/stage\/wp-json\/wp\/v2\/users\/13"}],"replies":[{"embeddable":true,"href":"https:\/\/lehrer-werden-in-sachsen.de\/stage\/wp-json\/wp\/v2\/comments?post=15838"}],"version-history":[{"count":68,"href":"https:\/\/lehrer-werden-in-sachsen.de\/stage\/wp-json\/wp\/v2\/posts\/15838\/revisions"}],"predecessor-version":[{"id":23911,"href":"https:\/\/lehrer-werden-in-sachsen.de\/stage\/wp-json\/wp\/v2\/posts\/15838\/revisions\/23911"}],"wp:featuredmedia":[{"embeddable":true,"href":"https:\/\/lehrer-werden-in-sachsen.de\/stage\/wp-json\/wp\/v2\/media\/15840"}],"wp:attachment":[{"href":"https:\/\/lehrer-werden-in-sachsen.de\/stage\/wp-json\/wp\/v2\/media?parent=15838"}],"wp:term":[{"taxonomy":"category","embeddable":true,"href":"https:\/\/lehrer-werden-in-sachsen.de\/stage\/wp-json\/wp\/v2\/categories?post=15838"},{"taxonomy":"post_tag","embeddable":true,"href":"https:\/\/lehrer-werden-in-sachsen.de\/stage\/wp-json\/wp\/v2\/tags?post=15838"}],"curies":[{"name":"wp","href":"https:\/\/api.w.org\/{rel}","templated":true}]}}