{"id":14870,"date":"2024-04-18T12:55:53","date_gmt":"2024-04-18T10:55:53","guid":{"rendered":"https:\/\/lehrer-werden-in-sachsen.de\/stage\/?p=14870"},"modified":"2026-01-20T17:50:24","modified_gmt":"2026-01-20T16:50:24","slug":"faecher-abc-p-wie-politik-auf-lehramt","status":"publish","type":"post","link":"https:\/\/lehrer-werden-in-sachsen.de\/stage\/faecher-abc-p-wie-politik-auf-lehramt\/","title":{"rendered":"F\u00e4cher-ABC: P wie Politik auf Lehramt"},"content":{"rendered":"\t\t<div data-elementor-type=\"wp-post\" data-elementor-id=\"14870\" class=\"elementor elementor-14870\" data-elementor-post-type=\"post\">\n\t\t\t\t\t\t<section class=\"elementor-section elementor-top-section elementor-element elementor-element-77dc2d3 elementor-section-boxed elementor-section-height-default elementor-section-height-default\" data-id=\"77dc2d3\" data-element_type=\"section\" data-e-type=\"section\">\n\t\t\t\t\t\t<div class=\"elementor-container elementor-column-gap-default\">\n\t\t\t\t\t<div class=\"elementor-column elementor-col-100 elementor-top-column elementor-element elementor-element-db24ebd\" data-id=\"db24ebd\" data-element_type=\"column\" data-e-type=\"column\">\n\t\t\t<div class=\"elementor-widget-wrap elementor-element-populated\">\n\t\t\t\t\t\t<div class=\"elementor-element elementor-element-8cb6e5f elementor-widget elementor-widget-text-editor\" data-id=\"8cb6e5f\" data-element_type=\"widget\" data-e-type=\"widget\" data-widget_type=\"text-editor.default\">\n\t\t\t\t<div class=\"elementor-widget-container\">\n\t\t\t\t\t\t\t\t\t<p><strong><span class=\"TextRun SCXW91956587 BCX8\" lang=\"DE-DE\" xml:lang=\"DE-DE\" data-contrast=\"auto\"><span class=\"NormalTextRun SCXW91956587 BCX8\">Politik ist in vielen Schulen Teil des Sachkunde- oder Gemeinschaftskundeunterrichts. Ganz <\/span><span class=\"NormalTextRun AdvancedProofingIssueV2Themed SCXW91956587 BCX8\">ohne Zweifel geh\u00f6rt<\/span><span class=\"NormalTextRun SCXW91956587 BCX8\"> sie zu den wichtigsten Inhalten, die wir Kindern und Jugendlichen vermitteln k\u00f6nnen, denn: Auch, wenn Politik sp\u00e4ter nicht f\u00fcr jede und jeden Teil der t\u00e4glichen Arbeit sein wird, geht sie uns doch alle an. Unsere Gesellschaft und Demokratie funktionier<\/span><span class=\"NormalTextRun SCXW91956587 BCX8\">en<\/span><span class=\"NormalTextRun SCXW91956587 BCX8\"> nur auf Basis einer politisch m\u00fcndigen B\u00fcrgerschaft, und die Schule ist einer der ersten und wichtigsten Orte, an dem junge Menschen lernen, sich f\u00fcr sie zu interessieren und mit ihr auseinanderzusetzen.<\/span><\/span><span class=\"EOP SCXW91956587 BCX8\" data-ccp-props=\"{&quot;201341983&quot;:0,&quot;335551550&quot;:6,&quot;335551620&quot;:6,&quot;335559739&quot;:160,&quot;335559740&quot;:360,&quot;335572071&quot;:4,&quot;335572072&quot;:1,&quot;335572073&quot;:4278190080,&quot;335572079&quot;:4,&quot;335572080&quot;:1,&quot;335572081&quot;:4278190080,&quot;469789798&quot;:&quot;single&quot;,&quot;469789806&quot;:&quot;single&quot;}\">\u00a0<\/span><\/strong><\/p>\t\t\t\t\t\t\t\t<\/div>\n\t\t\t\t<\/div>\n\t\t\t\t\t<\/div>\n\t\t<\/div>\n\t\t\t\t\t<\/div>\n\t\t<\/section>\n\t\t\t\t<section class=\"elementor-section elementor-top-section elementor-element elementor-element-7f4f6c4 elementor-section-boxed elementor-section-height-default elementor-section-height-default\" data-id=\"7f4f6c4\" data-element_type=\"section\" data-e-type=\"section\">\n\t\t\t\t\t\t<div class=\"elementor-container elementor-column-gap-default\">\n\t\t\t\t\t<div class=\"elementor-column elementor-col-100 elementor-top-column elementor-element elementor-element-1a06e33\" data-id=\"1a06e33\" data-element_type=\"column\" data-e-type=\"column\">\n\t\t\t<div class=\"elementor-widget-wrap elementor-element-populated\">\n\t\t\t\t\t\t\t<\/div>\n\t\t<\/div>\n\t\t\t\t\t<\/div>\n\t\t<\/section>\n\t\t\t\t<section class=\"elementor-section elementor-top-section elementor-element elementor-element-cbb772c elementor-section-boxed elementor-section-height-default elementor-section-height-default\" data-id=\"cbb772c\" data-element_type=\"section\" data-e-type=\"section\">\n\t\t\t\t\t\t<div class=\"elementor-container elementor-column-gap-default\">\n\t\t\t\t\t<div class=\"elementor-column elementor-col-100 elementor-top-column elementor-element elementor-element-de666ad\" data-id=\"de666ad\" data-element_type=\"column\" data-e-type=\"column\">\n\t\t\t<div class=\"elementor-widget-wrap elementor-element-populated\">\n\t\t\t\t\t\t<div class=\"elementor-element elementor-element-29917ef elementor-widget elementor-widget-heading\" data-id=\"29917ef\" data-element_type=\"widget\" data-e-type=\"widget\" data-widget_type=\"heading.default\">\n\t\t\t\t<div class=\"elementor-widget-container\">\n\t\t\t\t\t<h2 class=\"elementor-heading-title elementor-size-default\">Warum Politik auf Lehramt studieren? <\/h2>\t\t\t\t<\/div>\n\t\t\t\t<\/div>\n\t\t\t\t\t<\/div>\n\t\t<\/div>\n\t\t\t\t\t<\/div>\n\t\t<\/section>\n\t\t\t\t<section class=\"elementor-section elementor-top-section elementor-element elementor-element-20f5d6f elementor-section-boxed elementor-section-height-default elementor-section-height-default\" data-id=\"20f5d6f\" data-element_type=\"section\" data-e-type=\"section\">\n\t\t\t\t\t\t<div class=\"elementor-container elementor-column-gap-default\">\n\t\t\t\t\t<div class=\"elementor-column elementor-col-100 elementor-top-column elementor-element elementor-element-387bff1\" data-id=\"387bff1\" data-element_type=\"column\" data-e-type=\"column\">\n\t\t\t<div class=\"elementor-widget-wrap elementor-element-populated\">\n\t\t\t\t\t\t<div class=\"elementor-element elementor-element-ea92e7e elementor-widget elementor-widget-text-editor\" data-id=\"ea92e7e\" data-element_type=\"widget\" data-e-type=\"widget\" data-widget_type=\"text-editor.default\">\n\t\t\t\t<div class=\"elementor-widget-container\">\n\t\t\t\t\t\t\t\t\t<p><span class=\"TextRun SCXW132310577 BCX8\" lang=\"DE-DE\" xml:lang=\"DE-DE\" data-contrast=\"auto\"><span class=\"NormalTextRun SCXW132310577 BCX8\">Keine Frage: Wer Politik auf Lehramt studieren m\u00f6chte, sollte ein politischer Mensch sein. Allerdings solltest du nicht darauf aus sein, deinen Sch\u00fclerinnen und Sch\u00fclern deine eigenen politischen Ansichten \u00fcberzust\u00fclpen. Stattdessen sollte dir daran gelegen sein, junge Menschen ganz allgemein dazu zu motivieren, kritisch zu denken und sich in politische Prozesse einzubringen, damit sie in ihrem sp\u00e4teren Leben Teil einer informierten B\u00fcrgerschaft sein k\u00f6nnen. Dein Fokus sollte also darauf liegen, ihnen die n\u00f6tigen Werkzeuge und das Verst\u00e4ndnis zu vermitteln, die sie <\/span><span class=\"NormalTextRun SCXW132310577 BCX8\">ben\u00f6tigen, um sich eigenst\u00e4ndig aktiv an unserer demokratischen Gesellschaft zu beteiligen.<\/span><\/span><span class=\"EOP SCXW132310577 BCX8\" data-ccp-props=\"{&quot;201341983&quot;:0,&quot;335551550&quot;:6,&quot;335551620&quot;:6,&quot;335559739&quot;:160,&quot;335559740&quot;:360}\">\u00a0<\/span><\/p>\t\t\t\t\t\t\t\t<\/div>\n\t\t\t\t<\/div>\n\t\t\t\t\t<\/div>\n\t\t<\/div>\n\t\t\t\t\t<\/div>\n\t\t<\/section>\n\t\t\t\t<section class=\"elementor-section elementor-top-section elementor-element elementor-element-59df3f8 elementor-section-boxed elementor-section-height-default elementor-section-height-default\" data-id=\"59df3f8\" data-element_type=\"section\" data-e-type=\"section\">\n\t\t\t\t\t\t<div class=\"elementor-container elementor-column-gap-default\">\n\t\t\t\t\t<div class=\"elementor-column elementor-col-100 elementor-top-column elementor-element elementor-element-0f03a50\" data-id=\"0f03a50\" data-element_type=\"column\" data-e-type=\"column\">\n\t\t\t<div class=\"elementor-widget-wrap elementor-element-populated\">\n\t\t\t\t\t\t<div class=\"elementor-element elementor-element-477b7c0 elementor-widget elementor-widget-heading\" data-id=\"477b7c0\" data-element_type=\"widget\" data-e-type=\"widget\" data-widget_type=\"heading.default\">\n\t\t\t\t<div class=\"elementor-widget-container\">\n\t\t\t\t\t<h2 class=\"elementor-heading-title elementor-size-default\">Wichtige Studieninhalte auf einen Blick <\/h2>\t\t\t\t<\/div>\n\t\t\t\t<\/div>\n\t\t\t\t\t<\/div>\n\t\t<\/div>\n\t\t\t\t\t<\/div>\n\t\t<\/section>\n\t\t\t\t<section class=\"elementor-section elementor-top-section elementor-element elementor-element-d989e0d elementor-section-boxed elementor-section-height-default elementor-section-height-default\" data-id=\"d989e0d\" data-element_type=\"section\" data-e-type=\"section\">\n\t\t\t\t\t\t<div class=\"elementor-container elementor-column-gap-default\">\n\t\t\t\t\t<div class=\"elementor-column elementor-col-100 elementor-top-column elementor-element elementor-element-923b024\" data-id=\"923b024\" data-element_type=\"column\" data-e-type=\"column\">\n\t\t\t<div class=\"elementor-widget-wrap elementor-element-populated\">\n\t\t\t\t\t\t<div class=\"elementor-element elementor-element-beddcd9 elementor-widget elementor-widget-text-editor\" data-id=\"beddcd9\" data-element_type=\"widget\" data-e-type=\"widget\" data-widget_type=\"text-editor.default\">\n\t\t\t\t<div class=\"elementor-widget-container\">\n\t\t\t\t\t\t\t\t\t<p><span class=\"TextRun SCXW141533593 BCX8\" lang=\"DE-DE\" xml:lang=\"DE-DE\" data-contrast=\"auto\"><span class=\"NormalTextRun SCXW141533593 BCX8\">Die Inhalte im Politikstudium auf Lehramt sind vielf\u00e4ltig. Einerseits lernst du die Geschichte des politischen Denkens kennen, von Platon und Aristoteles \u00fcber Kant und Marx bis zu den modernen politikwissenschaftlichen Theorien. Andererseits befasst du dich mit den <\/span><span class=\"NormalTextRun AdvancedProofingIssueV2Themed SCXW141533593 BCX8\">ganz konkreten<\/span><span class=\"NormalTextRun SCXW141533593 BCX8\"> politischen Systemen unserer Welt, ihren Institutionen, und ihrer Geschichte, besonders nat\u00fcrlich der Bundesrepublik Deutschland. Du erf\u00e4hrst mehr \u00fcber die komplexen Beziehungen zwischen Staaten, Gesellschaften und Volkswirtschaften, die Institutionen des Internationalen Systems sowie verschiedene internationale Regime. In p\u00e4dagogischer Hinsicht lernst du, wie du dich und andere politisch informierst und Politik strukturiert vermitteln kannst.\u00a0<\/span><\/span><span class=\"EOP SCXW141533593 BCX8\" data-ccp-props=\"{&quot;201341983&quot;:0,&quot;335551550&quot;:6,&quot;335551620&quot;:6,&quot;335559739&quot;:160,&quot;335559740&quot;:360}\">\u00a0<\/span><\/p>\t\t\t\t\t\t\t\t<\/div>\n\t\t\t\t<\/div>\n\t\t\t\t\t<\/div>\n\t\t<\/div>\n\t\t\t\t\t<\/div>\n\t\t<\/section>\n\t\t\t\t<section class=\"elementor-section elementor-top-section elementor-element elementor-element-ed38f79 elementor-section-boxed elementor-section-height-default elementor-section-height-default\" data-id=\"ed38f79\" data-element_type=\"section\" data-e-type=\"section\">\n\t\t\t\t\t\t<div class=\"elementor-container elementor-column-gap-default\">\n\t\t\t\t\t<div class=\"elementor-column elementor-col-100 elementor-top-column elementor-element elementor-element-0ff2c83\" data-id=\"0ff2c83\" data-element_type=\"column\" data-e-type=\"column\">\n\t\t\t<div class=\"elementor-widget-wrap elementor-element-populated\">\n\t\t\t\t\t\t<div class=\"elementor-element elementor-element-d942dcc elementor-widget elementor-widget-heading\" data-id=\"d942dcc\" data-element_type=\"widget\" data-e-type=\"widget\" data-widget_type=\"heading.default\">\n\t\t\t\t<div class=\"elementor-widget-container\">\n\t\t\t\t\t<h2 class=\"elementor-heading-title elementor-size-default\">Studien- und Einsatzorte <\/h2>\t\t\t\t<\/div>\n\t\t\t\t<\/div>\n\t\t\t\t\t<\/div>\n\t\t<\/div>\n\t\t\t\t\t<\/div>\n\t\t<\/section>\n\t\t\t\t<section class=\"elementor-section elementor-top-section elementor-element elementor-element-c846dab elementor-section-boxed elementor-section-height-default elementor-section-height-default\" data-id=\"c846dab\" data-element_type=\"section\" data-e-type=\"section\">\n\t\t\t\t\t\t<div class=\"elementor-container elementor-column-gap-default\">\n\t\t\t\t\t<div class=\"elementor-column elementor-col-100 elementor-top-column elementor-element elementor-element-b14ca4b\" data-id=\"b14ca4b\" data-element_type=\"column\" data-e-type=\"column\">\n\t\t\t<div class=\"elementor-widget-wrap elementor-element-populated\">\n\t\t\t\t\t\t<div class=\"elementor-element elementor-element-e800f3d elementor-widget elementor-widget-text-editor\" data-id=\"e800f3d\" data-element_type=\"widget\" data-e-type=\"widget\" data-widget_type=\"text-editor.default\">\n\t\t\t\t<div class=\"elementor-widget-container\">\n\t\t\t\t\t\t\t\t\t<p><span class=\"TextRun SCXW111837599 BCX8\" lang=\"DE-DE\" xml:lang=\"DE-DE\" data-contrast=\"auto\"><span class=\"NormalTextRun SCXW111837599 BCX8\">Das Fach Politik spielt in vielen verschiedenen Schulformen eine Rolle, auch wenn es sich <\/span><span class=\"NormalTextRun SCXW111837599 BCX8\">meist <\/span><span class=\"NormalTextRun SCXW111837599 BCX8\">hinter einem anderen Namen verbirgt. In der Grundschule ist Politik etwa Teil des Sachkunde<\/span><span class=\"NormalTextRun SCXW111837599 BCX8\">u<\/span><span class=\"NormalTextRun SCXW111837599 BCX8\">nterrichts, w\u00e4hrend sie in vielen weiterf\u00fchrenden Schulen innerhalb des Gemeinschaftskunde- oder Wirtschaftsunterrichts vermittelt wird. Mit einer Spezialisierung in Politik kannst du potenziell also in diversen Schulen unterrichten, von der Grundschule \u00fcber die Ober- und Mittelschule bis hin zum Gymnasium. Allerdings solltest du dir vor deinem Studienantritt genau \u00fcberlegen, wo du sp\u00e4ter aktiv sein m\u00f6chtest, denn die Studieng\u00e4nge unterschiedlicher <\/span><span class=\"NormalTextRun SCXW111837599 BCX8\">Hochschulen bef\u00e4higen dich <\/span><span class=\"NormalTextRun SCXW111837599 BCX8\">auch <\/span><span class=\"NormalTextRun SCXW111837599 BCX8\">zur Arbeit in unterschiedlichen Schulformen.<\/span><\/span><span class=\"EOP SCXW111837599 BCX8\" data-ccp-props=\"{&quot;201341983&quot;:0,&quot;335551550&quot;:6,&quot;335551620&quot;:6,&quot;335559739&quot;:160,&quot;335559740&quot;:360}\">\u00a0<\/span><\/p>\t\t\t\t\t\t\t\t<\/div>\n\t\t\t\t<\/div>\n\t\t\t\t\t<\/div>\n\t\t<\/div>\n\t\t\t\t\t<\/div>\n\t\t<\/section>\n\t\t\t\t<section class=\"elementor-section elementor-top-section elementor-element elementor-element-5dba2d5 elementor-section-boxed elementor-section-height-default elementor-section-height-default\" data-id=\"5dba2d5\" data-element_type=\"section\" data-e-type=\"section\">\n\t\t\t\t\t\t<div class=\"elementor-container elementor-column-gap-default\">\n\t\t\t\t\t<div class=\"elementor-column elementor-col-100 elementor-top-column elementor-element elementor-element-08ad072\" data-id=\"08ad072\" data-element_type=\"column\" data-e-type=\"column\">\n\t\t\t<div class=\"elementor-widget-wrap elementor-element-populated\">\n\t\t\t\t\t\t<div class=\"elementor-element elementor-element-8b07bac elementor-widget elementor-widget-heading\" data-id=\"8b07bac\" data-element_type=\"widget\" data-e-type=\"widget\" data-widget_type=\"heading.default\">\n\t\t\t\t<div class=\"elementor-widget-container\">\n\t\t\t\t\t<h2 class=\"elementor-heading-title elementor-size-default\">Beitrag als Lehrer <\/h2>\t\t\t\t<\/div>\n\t\t\t\t<\/div>\n\t\t\t\t<div class=\"elementor-element elementor-element-cbda302 elementor-widget elementor-widget-text-editor\" data-id=\"cbda302\" data-element_type=\"widget\" data-e-type=\"widget\" data-widget_type=\"text-editor.default\">\n\t\t\t\t<div class=\"elementor-widget-container\">\n\t\t\t\t\t\t\t\t\t<p><span class=\"TextRun SCXW156532642 BCX8\" lang=\"DE-DE\" xml:lang=\"DE-DE\" data-contrast=\"auto\"><span class=\"NormalTextRun SCXW156532642 BCX8\">Als Lehrer f\u00fcr das Fach Politik leistest du einen wichtigen Beitrag zur Bildung und Entwicklung kommender Generationen von B\u00fcrgerinnen und B\u00fcrgern. Du f\u00f6rderst das politische Bewusstsein und die politische Bildung deiner Sch\u00fclerinnen und Sch\u00fcler, indem du ihnen nicht nur das grundlegende Wissen \u00fcber politische Systeme, Prozesse und Ideologien vermittelst, sondern auch, in dem du ihnen hilfst, ihre F\u00e4higkeit zu entwickeln, kritisch zu denken, zu diskutieren sowie politische Ereignisse und Entscheidungen zu analysieren. Durch deine Arbeit tr\u00e4gst du also dazu bei, die Demokratie zu st\u00e4rken, indem du junge Menschen dazu ermutigst, sich aktiv in politischen Diskursen zu engagieren und ihre Rechte und Verantwortlichkeiten als B\u00fcrger wahrzunehmen.<\/span><\/span><span class=\"EOP SCXW156532642 BCX8\" data-ccp-props=\"{&quot;201341983&quot;:0,&quot;335551550&quot;:6,&quot;335551620&quot;:6,&quot;335559739&quot;:160,&quot;335559740&quot;:360}\">\u00a0<\/span><\/p>\t\t\t\t\t\t\t\t<\/div>\n\t\t\t\t<\/div>\n\t\t\t\t\t<\/div>\n\t\t<\/div>\n\t\t\t\t\t<\/div>\n\t\t<\/section>\n\t\t\t\t<section class=\"elementor-section elementor-top-section elementor-element elementor-element-32cdc3c elementor-section-boxed elementor-section-height-default elementor-section-height-default\" data-id=\"32cdc3c\" data-element_type=\"section\" data-e-type=\"section\">\n\t\t\t\t\t\t<div class=\"elementor-container elementor-column-gap-default\">\n\t\t\t\t\t<div class=\"elementor-column elementor-col-100 elementor-top-column elementor-element elementor-element-c1cd103\" data-id=\"c1cd103\" data-element_type=\"column\" data-e-type=\"column\">\n\t\t\t<div class=\"elementor-widget-wrap elementor-element-populated\">\n\t\t\t\t\t\t<div class=\"elementor-element elementor-element-98d6a78 elementor-widget elementor-widget-heading\" data-id=\"98d6a78\" data-element_type=\"widget\" data-e-type=\"widget\" data-widget_type=\"heading.default\">\n\t\t\t\t<div class=\"elementor-widget-container\">\n\t\t\t\t\t<h2 class=\"elementor-heading-title elementor-size-default\">Du willst wissen, wo in Sachsen du Gemeinschaftskunde\/ Rechtserziehung\/ Wirtschaft bzw. Sachunterricht f\u00fcr welche Schulorte studieren kannst?<\/h2>\t\t\t\t<\/div>\n\t\t\t\t<\/div>\n\t\t\t\t\t<\/div>\n\t\t<\/div>\n\t\t\t\t\t<\/div>\n\t\t<\/section>\n\t\t\t\t<section class=\"elementor-section elementor-top-section elementor-element elementor-element-4ceec11 elementor-section-boxed elementor-section-height-default elementor-section-height-default\" data-id=\"4ceec11\" data-element_type=\"section\" data-e-type=\"section\">\n\t\t\t\t\t\t<div class=\"elementor-container elementor-column-gap-default\">\n\t\t\t\t\t<div class=\"elementor-column elementor-col-100 elementor-top-column elementor-element elementor-element-78b527f\" data-id=\"78b527f\" data-element_type=\"column\" data-e-type=\"column\">\n\t\t\t<div class=\"elementor-widget-wrap elementor-element-populated\">\n\t\t\t\t\t\t<div class=\"elementor-element elementor-element-8a8f4a4 elementor-widget elementor-widget-button\" data-id=\"8a8f4a4\" data-element_type=\"widget\" data-e-type=\"widget\" data-widget_type=\"button.default\">\n\t\t\t\t<div class=\"elementor-widget-container\">\n\t\t\t\t\t\t\t\t\t<div class=\"elementor-button-wrapper\">\n\t\t\t\t\t<a class=\"elementor-button elementor-button-link elementor-size-sm\" href=\"https:\/\/lehrer-werden-in-sachsen.de\/wp-content\/uploads\/2026\/01\/SMK_LehrerInSachsen_Faechertabelle_012026.pdf\" target=\"_blank\" title=\"F\u00e4chertabelle\">\n\t\t\t\t\t\t<span class=\"elementor-button-content-wrapper\">\n\t\t\t\t\t\t\t\t\t<span class=\"elementor-button-text\">Unsere Tabelle verr\u00e4t es dir! (PDF-Download)<\/span>\n\t\t\t\t\t<\/span>\n\t\t\t\t\t<\/a>\n\t\t\t\t<\/div>\n\t\t\t\t\t\t\t\t<\/div>\n\t\t\t\t<\/div>\n\t\t\t\t\t<\/div>\n\t\t<\/div>\n\t\t\t\t\t<\/div>\n\t\t<\/section>\n\t\t\t\t<\/div>\n\t\t","protected":false},"excerpt":{"rendered":"<p>Du interessierst dich f\u00fcr Politik und kannst dir vorstellen, Politik auf Lehramt zu studieren? Dann erf\u00e4hrst du in unserem F\u00e4cher-ABC kurz und knapp, was dich im Lehramtsstudium Politik erwartet.<\/p>\n","protected":false},"author":13,"featured_media":14967,"comment_status":"closed","ping_status":"closed","sticky":false,"template":"","format":"standard","meta":{"footnotes":""},"categories":[46],"tags":[94,199],"class_list":["post-14870","post","type-post","status-publish","format-standard","has-post-thumbnail","hentry","category-blog","tag-lehramtsstudium","tag-schulfach"],"yoast_head":"<!-- This site is optimized with the Yoast SEO plugin v27.3 - https:\/\/yoast.com\/product\/yoast-seo-wordpress\/ -->\n<title>LEHRERIN SACHSEN | Politik auf Lehramt<\/title>\n<meta name=\"description\" content=\"Wo ihr in Sachsen Politik auf Lehramt studieren k\u00f6nnt und welche Studieninhalte euch erwarten, erfahrt ihr in unserem F\u00e4cher-ABC.\" \/>\n<meta name=\"robots\" content=\"index, follow, max-snippet:-1, max-image-preview:large, max-video-preview:-1\" \/>\n<link rel=\"canonical\" href=\"https:\/\/lehrer-werden-in-sachsen.de\/faecher-abc-p-wie-politik-auf-lehramt\/\" \/>\n<meta property=\"og:locale\" content=\"de_DE\" \/>\n<meta property=\"og:type\" content=\"article\" \/>\n<meta property=\"og:title\" content=\"LEHRERIN SACHSEN | Politik auf Lehramt\" \/>\n<meta property=\"og:description\" content=\"Wo ihr in Sachsen Politik auf Lehramt studieren k\u00f6nnt und welche Studieninhalte euch erwarten, erfahrt ihr in unserem F\u00e4cher-ABC.\" \/>\n<meta property=\"og:url\" content=\"https:\/\/lehrer-werden-in-sachsen.de\/faecher-abc-p-wie-politik-auf-lehramt\/\" \/>\n<meta property=\"og:site_name\" content=\"LEHRERIN SACHSEN\" \/>\n<meta property=\"article:published_time\" content=\"2024-04-18T10:55:53+00:00\" \/>\n<meta property=\"article:modified_time\" content=\"2026-01-20T16:50:24+00:00\" \/>\n<meta property=\"og:image\" content=\"https:\/\/lehrer-werden-in-sachsen.de\/wp-content\/uploads\/2024\/04\/KurtMasurGrundschule-1125-scaled.jpg\" \/>\n\t<meta property=\"og:image:width\" content=\"2560\" \/>\n\t<meta property=\"og:image:height\" content=\"1708\" \/>\n\t<meta property=\"og:image:type\" content=\"image\/jpeg\" \/>\n<meta name=\"author\" content=\"Maria Kretschmann\" \/>\n<meta name=\"twitter:card\" content=\"summary_large_image\" \/>\n<meta name=\"twitter:label1\" content=\"Verfasst von\" \/>\n\t<meta name=\"twitter:data1\" content=\"Maria Kretschmann\" \/>\n\t<meta name=\"twitter:label2\" content=\"Gesch\u00e4tzte Lesezeit\" \/>\n\t<meta name=\"twitter:data2\" content=\"3\u00a0Minuten\" \/>\n<script type=\"application\/ld+json\" class=\"yoast-schema-graph\">{\"@context\":\"https:\\\/\\\/schema.org\",\"@graph\":[{\"@type\":\"Article\",\"@id\":\"https:\\\/\\\/lehrer-werden-in-sachsen.de\\\/faecher-abc-p-wie-politik-auf-lehramt\\\/#article\",\"isPartOf\":{\"@id\":\"https:\\\/\\\/lehrer-werden-in-sachsen.de\\\/faecher-abc-p-wie-politik-auf-lehramt\\\/\"},\"author\":{\"name\":\"Maria Kretschmann\",\"@id\":\"https:\\\/\\\/lehrer-werden-in-sachsen.de\\\/#\\\/schema\\\/person\\\/4a127ffcfbf4e52ff0f66dcd7b4a5cc1\"},\"headline\":\"F\u00e4cher-ABC: P wie Politik auf Lehramt\",\"datePublished\":\"2024-04-18T10:55:53+00:00\",\"dateModified\":\"2026-01-20T16:50:24+00:00\",\"mainEntityOfPage\":{\"@id\":\"https:\\\/\\\/lehrer-werden-in-sachsen.de\\\/faecher-abc-p-wie-politik-auf-lehramt\\\/\"},\"wordCount\":553,\"publisher\":{\"@id\":\"https:\\\/\\\/lehrer-werden-in-sachsen.de\\\/#organization\"},\"image\":{\"@id\":\"https:\\\/\\\/lehrer-werden-in-sachsen.de\\\/faecher-abc-p-wie-politik-auf-lehramt\\\/#primaryimage\"},\"thumbnailUrl\":\"https:\\\/\\\/lehrer-werden-in-sachsen.de\\\/stage\\\/wp-content\\\/uploads\\\/2024\\\/04\\\/KurtMasurGrundschule-1125-scaled.jpg\",\"keywords\":[\"Lehramtsstudium\",\"Schulfach\"],\"articleSection\":[\"Blog\"],\"inLanguage\":\"de\"},{\"@type\":\"WebPage\",\"@id\":\"https:\\\/\\\/lehrer-werden-in-sachsen.de\\\/faecher-abc-p-wie-politik-auf-lehramt\\\/\",\"url\":\"https:\\\/\\\/lehrer-werden-in-sachsen.de\\\/faecher-abc-p-wie-politik-auf-lehramt\\\/\",\"name\":\"LEHRERIN SACHSEN | Politik auf Lehramt\",\"isPartOf\":{\"@id\":\"https:\\\/\\\/lehrer-werden-in-sachsen.de\\\/#website\"},\"primaryImageOfPage\":{\"@id\":\"https:\\\/\\\/lehrer-werden-in-sachsen.de\\\/faecher-abc-p-wie-politik-auf-lehramt\\\/#primaryimage\"},\"image\":{\"@id\":\"https:\\\/\\\/lehrer-werden-in-sachsen.de\\\/faecher-abc-p-wie-politik-auf-lehramt\\\/#primaryimage\"},\"thumbnailUrl\":\"https:\\\/\\\/lehrer-werden-in-sachsen.de\\\/stage\\\/wp-content\\\/uploads\\\/2024\\\/04\\\/KurtMasurGrundschule-1125-scaled.jpg\",\"datePublished\":\"2024-04-18T10:55:53+00:00\",\"dateModified\":\"2026-01-20T16:50:24+00:00\",\"description\":\"Wo ihr in Sachsen Politik auf Lehramt studieren k\u00f6nnt und welche Studieninhalte euch erwarten, erfahrt ihr in unserem F\u00e4cher-ABC.\",\"breadcrumb\":{\"@id\":\"https:\\\/\\\/lehrer-werden-in-sachsen.de\\\/faecher-abc-p-wie-politik-auf-lehramt\\\/#breadcrumb\"},\"inLanguage\":\"de\",\"potentialAction\":[{\"@type\":\"ReadAction\",\"target\":[\"https:\\\/\\\/lehrer-werden-in-sachsen.de\\\/faecher-abc-p-wie-politik-auf-lehramt\\\/\"]}]},{\"@type\":\"ImageObject\",\"inLanguage\":\"de\",\"@id\":\"https:\\\/\\\/lehrer-werden-in-sachsen.de\\\/faecher-abc-p-wie-politik-auf-lehramt\\\/#primaryimage\",\"url\":\"https:\\\/\\\/lehrer-werden-in-sachsen.de\\\/stage\\\/wp-content\\\/uploads\\\/2024\\\/04\\\/KurtMasurGrundschule-1125-scaled.jpg\",\"contentUrl\":\"https:\\\/\\\/lehrer-werden-in-sachsen.de\\\/stage\\\/wp-content\\\/uploads\\\/2024\\\/04\\\/KurtMasurGrundschule-1125-scaled.jpg\",\"width\":2560,\"height\":1708,\"caption\":\"Zwei Sch\u00fcler schreiben \u00fcber politische Themen.\"},{\"@type\":\"BreadcrumbList\",\"@id\":\"https:\\\/\\\/lehrer-werden-in-sachsen.de\\\/faecher-abc-p-wie-politik-auf-lehramt\\\/#breadcrumb\",\"itemListElement\":[{\"@type\":\"ListItem\",\"position\":1,\"name\":\"Startseite\",\"item\":\"https:\\\/\\\/lehrer-werden-in-sachsen.de\\\/\"},{\"@type\":\"ListItem\",\"position\":2,\"name\":\"F\u00e4cher-ABC: P wie Politik auf Lehramt\"}]},{\"@type\":\"WebSite\",\"@id\":\"https:\\\/\\\/lehrer-werden-in-sachsen.de\\\/#website\",\"url\":\"https:\\\/\\\/lehrer-werden-in-sachsen.de\\\/\",\"name\":\"LEHRERIN SACHSEN\",\"description\":\"Eine Klasse f\u00fcr sich.\",\"publisher\":{\"@id\":\"https:\\\/\\\/lehrer-werden-in-sachsen.de\\\/#organization\"},\"potentialAction\":[{\"@type\":\"SearchAction\",\"target\":{\"@type\":\"EntryPoint\",\"urlTemplate\":\"https:\\\/\\\/lehrer-werden-in-sachsen.de\\\/?s={search_term_string}\"},\"query-input\":{\"@type\":\"PropertyValueSpecification\",\"valueRequired\":true,\"valueName\":\"search_term_string\"}}],\"inLanguage\":\"de\"},{\"@type\":\"Organization\",\"@id\":\"https:\\\/\\\/lehrer-werden-in-sachsen.de\\\/#organization\",\"name\":\"LEHRERIN SACHSEN\",\"url\":\"https:\\\/\\\/lehrer-werden-in-sachsen.de\\\/\",\"logo\":{\"@type\":\"ImageObject\",\"inLanguage\":\"de\",\"@id\":\"https:\\\/\\\/lehrer-werden-in-sachsen.de\\\/#\\\/schema\\\/logo\\\/image\\\/\",\"url\":\"https:\\\/\\\/lehrer-werden-in-sachsen.de\\\/stage\\\/wp-content\\\/uploads\\\/2022\\\/02\\\/SMK_Leherin-Sachsen-Marke_RGB_Violett-Orange.svg\",\"contentUrl\":\"https:\\\/\\\/lehrer-werden-in-sachsen.de\\\/stage\\\/wp-content\\\/uploads\\\/2022\\\/02\\\/SMK_Leherin-Sachsen-Marke_RGB_Violett-Orange.svg\",\"caption\":\"LEHRERIN SACHSEN\"},\"image\":{\"@id\":\"https:\\\/\\\/lehrer-werden-in-sachsen.de\\\/#\\\/schema\\\/logo\\\/image\\\/\"}},{\"@type\":\"Person\",\"@id\":\"https:\\\/\\\/lehrer-werden-in-sachsen.de\\\/#\\\/schema\\\/person\\\/4a127ffcfbf4e52ff0f66dcd7b4a5cc1\",\"name\":\"Maria Kretschmann\",\"image\":{\"@type\":\"ImageObject\",\"inLanguage\":\"de\",\"@id\":\"https:\\\/\\\/secure.gravatar.com\\\/avatar\\\/785963a239158e0d036c182ccde6b24c2d0822b83af8ab1b3773045a106114df?s=96&d=mm&r=g\",\"url\":\"https:\\\/\\\/secure.gravatar.com\\\/avatar\\\/785963a239158e0d036c182ccde6b24c2d0822b83af8ab1b3773045a106114df?s=96&d=mm&r=g\",\"contentUrl\":\"https:\\\/\\\/secure.gravatar.com\\\/avatar\\\/785963a239158e0d036c182ccde6b24c2d0822b83af8ab1b3773045a106114df?s=96&d=mm&r=g\",\"caption\":\"Maria Kretschmann\"},\"url\":\"https:\\\/\\\/lehrer-werden-in-sachsen.de\\\/stage\\\/author\\\/maria-kretschmann\\\/\"}]}<\/script>\n<!-- \/ Yoast SEO plugin. -->","yoast_head_json":{"title":"LEHRERIN SACHSEN | Politik auf Lehramt","description":"Wo ihr in Sachsen Politik auf Lehramt studieren k\u00f6nnt und welche Studieninhalte euch erwarten, erfahrt ihr in unserem F\u00e4cher-ABC.","robots":{"index":"index","follow":"follow","max-snippet":"max-snippet:-1","max-image-preview":"max-image-preview:large","max-video-preview":"max-video-preview:-1"},"canonical":"https:\/\/lehrer-werden-in-sachsen.de\/faecher-abc-p-wie-politik-auf-lehramt\/","og_locale":"de_DE","og_type":"article","og_title":"LEHRERIN SACHSEN | Politik auf Lehramt","og_description":"Wo ihr in Sachsen Politik auf Lehramt studieren k\u00f6nnt und welche Studieninhalte euch erwarten, erfahrt ihr in unserem F\u00e4cher-ABC.","og_url":"https:\/\/lehrer-werden-in-sachsen.de\/faecher-abc-p-wie-politik-auf-lehramt\/","og_site_name":"LEHRERIN SACHSEN","article_published_time":"2024-04-18T10:55:53+00:00","article_modified_time":"2026-01-20T16:50:24+00:00","og_image":[{"width":2560,"height":1708,"url":"https:\/\/lehrer-werden-in-sachsen.de\/wp-content\/uploads\/2024\/04\/KurtMasurGrundschule-1125-scaled.jpg","type":"image\/jpeg"}],"author":"Maria Kretschmann","twitter_card":"summary_large_image","twitter_misc":{"Verfasst von":"Maria Kretschmann","Gesch\u00e4tzte Lesezeit":"3\u00a0Minuten"},"schema":{"@context":"https:\/\/schema.org","@graph":[{"@type":"Article","@id":"https:\/\/lehrer-werden-in-sachsen.de\/faecher-abc-p-wie-politik-auf-lehramt\/#article","isPartOf":{"@id":"https:\/\/lehrer-werden-in-sachsen.de\/faecher-abc-p-wie-politik-auf-lehramt\/"},"author":{"name":"Maria Kretschmann","@id":"https:\/\/lehrer-werden-in-sachsen.de\/#\/schema\/person\/4a127ffcfbf4e52ff0f66dcd7b4a5cc1"},"headline":"F\u00e4cher-ABC: P wie Politik auf Lehramt","datePublished":"2024-04-18T10:55:53+00:00","dateModified":"2026-01-20T16:50:24+00:00","mainEntityOfPage":{"@id":"https:\/\/lehrer-werden-in-sachsen.de\/faecher-abc-p-wie-politik-auf-lehramt\/"},"wordCount":553,"publisher":{"@id":"https:\/\/lehrer-werden-in-sachsen.de\/#organization"},"image":{"@id":"https:\/\/lehrer-werden-in-sachsen.de\/faecher-abc-p-wie-politik-auf-lehramt\/#primaryimage"},"thumbnailUrl":"https:\/\/lehrer-werden-in-sachsen.de\/stage\/wp-content\/uploads\/2024\/04\/KurtMasurGrundschule-1125-scaled.jpg","keywords":["Lehramtsstudium","Schulfach"],"articleSection":["Blog"],"inLanguage":"de"},{"@type":"WebPage","@id":"https:\/\/lehrer-werden-in-sachsen.de\/faecher-abc-p-wie-politik-auf-lehramt\/","url":"https:\/\/lehrer-werden-in-sachsen.de\/faecher-abc-p-wie-politik-auf-lehramt\/","name":"LEHRERIN SACHSEN | Politik auf Lehramt","isPartOf":{"@id":"https:\/\/lehrer-werden-in-sachsen.de\/#website"},"primaryImageOfPage":{"@id":"https:\/\/lehrer-werden-in-sachsen.de\/faecher-abc-p-wie-politik-auf-lehramt\/#primaryimage"},"image":{"@id":"https:\/\/lehrer-werden-in-sachsen.de\/faecher-abc-p-wie-politik-auf-lehramt\/#primaryimage"},"thumbnailUrl":"https:\/\/lehrer-werden-in-sachsen.de\/stage\/wp-content\/uploads\/2024\/04\/KurtMasurGrundschule-1125-scaled.jpg","datePublished":"2024-04-18T10:55:53+00:00","dateModified":"2026-01-20T16:50:24+00:00","description":"Wo ihr in Sachsen Politik auf Lehramt studieren k\u00f6nnt und welche Studieninhalte euch erwarten, erfahrt ihr in unserem F\u00e4cher-ABC.","breadcrumb":{"@id":"https:\/\/lehrer-werden-in-sachsen.de\/faecher-abc-p-wie-politik-auf-lehramt\/#breadcrumb"},"inLanguage":"de","potentialAction":[{"@type":"ReadAction","target":["https:\/\/lehrer-werden-in-sachsen.de\/faecher-abc-p-wie-politik-auf-lehramt\/"]}]},{"@type":"ImageObject","inLanguage":"de","@id":"https:\/\/lehrer-werden-in-sachsen.de\/faecher-abc-p-wie-politik-auf-lehramt\/#primaryimage","url":"https:\/\/lehrer-werden-in-sachsen.de\/stage\/wp-content\/uploads\/2024\/04\/KurtMasurGrundschule-1125-scaled.jpg","contentUrl":"https:\/\/lehrer-werden-in-sachsen.de\/stage\/wp-content\/uploads\/2024\/04\/KurtMasurGrundschule-1125-scaled.jpg","width":2560,"height":1708,"caption":"Zwei Sch\u00fcler schreiben \u00fcber politische Themen."},{"@type":"BreadcrumbList","@id":"https:\/\/lehrer-werden-in-sachsen.de\/faecher-abc-p-wie-politik-auf-lehramt\/#breadcrumb","itemListElement":[{"@type":"ListItem","position":1,"name":"Startseite","item":"https:\/\/lehrer-werden-in-sachsen.de\/"},{"@type":"ListItem","position":2,"name":"F\u00e4cher-ABC: P wie Politik auf Lehramt"}]},{"@type":"WebSite","@id":"https:\/\/lehrer-werden-in-sachsen.de\/#website","url":"https:\/\/lehrer-werden-in-sachsen.de\/","name":"LEHRERIN SACHSEN","description":"Eine Klasse f\u00fcr sich.","publisher":{"@id":"https:\/\/lehrer-werden-in-sachsen.de\/#organization"},"potentialAction":[{"@type":"SearchAction","target":{"@type":"EntryPoint","urlTemplate":"https:\/\/lehrer-werden-in-sachsen.de\/?s={search_term_string}"},"query-input":{"@type":"PropertyValueSpecification","valueRequired":true,"valueName":"search_term_string"}}],"inLanguage":"de"},{"@type":"Organization","@id":"https:\/\/lehrer-werden-in-sachsen.de\/#organization","name":"LEHRERIN SACHSEN","url":"https:\/\/lehrer-werden-in-sachsen.de\/","logo":{"@type":"ImageObject","inLanguage":"de","@id":"https:\/\/lehrer-werden-in-sachsen.de\/#\/schema\/logo\/image\/","url":"https:\/\/lehrer-werden-in-sachsen.de\/stage\/wp-content\/uploads\/2022\/02\/SMK_Leherin-Sachsen-Marke_RGB_Violett-Orange.svg","contentUrl":"https:\/\/lehrer-werden-in-sachsen.de\/stage\/wp-content\/uploads\/2022\/02\/SMK_Leherin-Sachsen-Marke_RGB_Violett-Orange.svg","caption":"LEHRERIN SACHSEN"},"image":{"@id":"https:\/\/lehrer-werden-in-sachsen.de\/#\/schema\/logo\/image\/"}},{"@type":"Person","@id":"https:\/\/lehrer-werden-in-sachsen.de\/#\/schema\/person\/4a127ffcfbf4e52ff0f66dcd7b4a5cc1","name":"Maria Kretschmann","image":{"@type":"ImageObject","inLanguage":"de","@id":"https:\/\/secure.gravatar.com\/avatar\/785963a239158e0d036c182ccde6b24c2d0822b83af8ab1b3773045a106114df?s=96&d=mm&r=g","url":"https:\/\/secure.gravatar.com\/avatar\/785963a239158e0d036c182ccde6b24c2d0822b83af8ab1b3773045a106114df?s=96&d=mm&r=g","contentUrl":"https:\/\/secure.gravatar.com\/avatar\/785963a239158e0d036c182ccde6b24c2d0822b83af8ab1b3773045a106114df?s=96&d=mm&r=g","caption":"Maria Kretschmann"},"url":"https:\/\/lehrer-werden-in-sachsen.de\/stage\/author\/maria-kretschmann\/"}]}},"_links":{"self":[{"href":"https:\/\/lehrer-werden-in-sachsen.de\/stage\/wp-json\/wp\/v2\/posts\/14870","targetHints":{"allow":["GET"]}}],"collection":[{"href":"https:\/\/lehrer-werden-in-sachsen.de\/stage\/wp-json\/wp\/v2\/posts"}],"about":[{"href":"https:\/\/lehrer-werden-in-sachsen.de\/stage\/wp-json\/wp\/v2\/types\/post"}],"author":[{"embeddable":true,"href":"https:\/\/lehrer-werden-in-sachsen.de\/stage\/wp-json\/wp\/v2\/users\/13"}],"replies":[{"embeddable":true,"href":"https:\/\/lehrer-werden-in-sachsen.de\/stage\/wp-json\/wp\/v2\/comments?post=14870"}],"version-history":[{"count":25,"href":"https:\/\/lehrer-werden-in-sachsen.de\/stage\/wp-json\/wp\/v2\/posts\/14870\/revisions"}],"predecessor-version":[{"id":25764,"href":"https:\/\/lehrer-werden-in-sachsen.de\/stage\/wp-json\/wp\/v2\/posts\/14870\/revisions\/25764"}],"wp:featuredmedia":[{"embeddable":true,"href":"https:\/\/lehrer-werden-in-sachsen.de\/stage\/wp-json\/wp\/v2\/media\/14967"}],"wp:attachment":[{"href":"https:\/\/lehrer-werden-in-sachsen.de\/stage\/wp-json\/wp\/v2\/media?parent=14870"}],"wp:term":[{"taxonomy":"category","embeddable":true,"href":"https:\/\/lehrer-werden-in-sachsen.de\/stage\/wp-json\/wp\/v2\/categories?post=14870"},{"taxonomy":"post_tag","embeddable":true,"href":"https:\/\/lehrer-werden-in-sachsen.de\/stage\/wp-json\/wp\/v2\/tags?post=14870"}],"curies":[{"name":"wp","href":"https:\/\/api.w.org\/{rel}","templated":true}]}}