{"id":14792,"date":"2026-01-09T11:49:02","date_gmt":"2026-01-09T10:49:02","guid":{"rendered":"https:\/\/lehrer-werden-in-sachsen.de\/stage\/?p=14792"},"modified":"2026-02-18T13:06:25","modified_gmt":"2026-02-18T12:06:25","slug":"externe-vertretungslehrkraefte-an-saechsischen-schulen","status":"publish","type":"post","link":"https:\/\/lehrer-werden-in-sachsen.de\/stage\/externe-vertretungslehrkraefte-an-saechsischen-schulen\/","title":{"rendered":"Dringend gesucht: Externe Vertretungslehrkr\u00e4fte an s\u00e4chsischen Schulen"},"content":{"rendered":"\t\t<div data-elementor-type=\"wp-post\" data-elementor-id=\"14792\" class=\"elementor elementor-14792\" data-elementor-post-type=\"post\">\n\t\t\t\t\t\t<section class=\"elementor-section elementor-top-section elementor-element elementor-element-3517b80 elementor-section-boxed elementor-section-height-default elementor-section-height-default\" data-id=\"3517b80\" data-element_type=\"section\" data-e-type=\"section\">\n\t\t\t\t\t\t<div class=\"elementor-container elementor-column-gap-default\">\n\t\t\t\t\t<div class=\"elementor-column elementor-col-100 elementor-top-column elementor-element elementor-element-4d8a722\" data-id=\"4d8a722\" data-element_type=\"column\" data-e-type=\"column\">\n\t\t\t<div class=\"elementor-widget-wrap elementor-element-populated\">\n\t\t\t\t\t\t<div class=\"elementor-element elementor-element-0cdfad7 elementor-widget elementor-widget-text-editor\" data-id=\"0cdfad7\" data-element_type=\"widget\" data-e-type=\"widget\" data-widget_type=\"text-editor.default\">\n\t\t\t\t<div class=\"elementor-widget-container\">\n\t\t\t\t\t\t\t\t\t<p><strong>In Sachsen werden immer wieder kurzfristig externe Vertretungslehrkr\u00e4fte gesucht, um Unterrichtsausfall zu vermeiden. Wir erkl\u00e4ren, wer daf\u00fcr in Frage kommt und wie man in Sachsen Vertretungslehrkraft zur Unterrichtsversorgung wird.<\/strong><\/p>\t\t\t\t\t\t\t\t<\/div>\n\t\t\t\t<\/div>\n\t\t\t\t\t<\/div>\n\t\t<\/div>\n\t\t\t\t\t<\/div>\n\t\t<\/section>\n\t\t\t\t<section class=\"elementor-section elementor-top-section elementor-element elementor-element-124ac64 elementor-section-boxed elementor-section-height-default elementor-section-height-default\" data-id=\"124ac64\" data-element_type=\"section\" data-e-type=\"section\">\n\t\t\t\t\t\t<div class=\"elementor-container elementor-column-gap-default\">\n\t\t\t\t\t<div class=\"elementor-column elementor-col-100 elementor-top-column elementor-element elementor-element-5062169\" data-id=\"5062169\" data-element_type=\"column\" data-e-type=\"column\">\n\t\t\t<div class=\"elementor-widget-wrap elementor-element-populated\">\n\t\t\t\t\t\t<div class=\"elementor-element elementor-element-5f46847 elementor-widget elementor-widget-text-editor\" data-id=\"5f46847\" data-element_type=\"widget\" data-e-type=\"widget\" data-widget_type=\"text-editor.default\">\n\t\t\t\t<div class=\"elementor-widget-container\">\n\t\t\t\t\t\t\t\t\t<p>Die Einstellung in den Schuldienst des Freistaates Sachsen erfolgt je nach Eignung, Bef\u00e4higung und fachlicher Leistung und ist zeitlich befristet.\u00a0<\/p><p>\u00a0<\/p><p>Bewerberinnen und Bewerber aus dem Ausland m\u00fcssen Deutschkenntnisse auf dem Niveau B2 des Gemeinsamen Europ\u00e4ischen Referenzrahmens nachweisen k\u00f6nnen.<\/p><p>\u00a0<\/p><p>Folgende Personengruppen kommen f\u00fcr alle Schulformen in Sachsen als Vertretungslehrkraft in Betracht:<\/p><p>\u00a0<\/p><ul><li><strong>Gruppe 1: arbeitssuchende Lehrkr\u00e4fte<\/strong><\/li><li><strong>Gruppe 2: altersbedingt aus dem aktiven Schuldienst ausgeschiedene Lehrkr\u00e4fte*<\/strong><\/li><li><strong>Gruppe 3: beurlaubte Lehrkr\u00e4fte<\/strong><\/li><li><strong>Gruppe 4: Absolventinnen und Absolventen der Lehramtsstudieng\u00e4nge<\/strong>, die den Zeitraum zwischen ihrem Universit\u00e4tsabschluss und dem Beginn des Vorbereitungsdienstes \u00fcberbr\u00fccken m\u00f6chten<\/li><li><strong>Gruppe 5: Bewerberinnen und Bewerber mit einem unvollst\u00e4ndigen lehramtsbezogenen Abschluss oder einem ausl\u00e4ndischen lehramtsbezogenen Abschluss<\/strong> vor Abschluss des Anerkennungs- und Gleichstellungsverfahrens\u00a0<\/li><li><strong>Gruppe 6: Bewerberinnen und Bewerber ohne Lehrbef\u00e4higung mit einem anderen Hoch<\/strong><strong>schulabschluss<\/strong> (mind. Bachelor an einer Universit\u00e4t, Kunst- oder Fachhochschule ohne F\u00e4cherzuordnung)<\/li><li><strong>Gruppe 7: Lehramtsstudierende mindestens mit abgeschlossenem Blockpraktikum B und SP\u00dc<\/strong> sowie <strong>Studienreferendarinnen und -referendare<\/strong><\/li><\/ul><p>Dar\u00fcber hinaus k\u00f6nnen Personen mit einer spezifischen Ausbildung ohne Hochschulabschluss nur an F\u00f6rderschulen als Vertretungslehrkr\u00e4fte eingestellt werden. Diese Personen m\u00fcssen entweder einen Abschluss als Erzieher oder eine p\u00e4dagogische oder medizinische Qualifikation auf Fachschulniveau in den F\u00f6rderschwerpunkten emotionale und soziale Entwicklung, geistige Entwicklung, k\u00f6rperliche und motorische Entwicklung sowie Lernen nachweisen.<\/p>\t\t\t\t\t\t\t\t<\/div>\n\t\t\t\t<\/div>\n\t\t\t\t\t<\/div>\n\t\t<\/div>\n\t\t\t\t\t<\/div>\n\t\t<\/section>\n\t\t\t\t<section class=\"elementor-section elementor-inner-section elementor-element elementor-element-40ef5915 elementor-reverse-mobile elementor-section-boxed elementor-section-height-default elementor-section-height-default\" data-id=\"40ef5915\" data-element_type=\"section\" data-e-type=\"section\" data-settings=\"{&quot;background_background&quot;:&quot;classic&quot;}\">\n\t\t\t\t\t\t<div class=\"elementor-container elementor-column-gap-default\">\n\t\t\t\t\t<div class=\"elementor-column elementor-col-50 elementor-inner-column elementor-element elementor-element-19a9b8ad\" data-id=\"19a9b8ad\" data-element_type=\"column\" data-e-type=\"column\">\n\t\t\t<div class=\"elementor-widget-wrap elementor-element-populated\">\n\t\t\t\t\t\t<div class=\"elementor-element elementor-element-7525b5df elementor-widget elementor-widget-heading\" data-id=\"7525b5df\" data-element_type=\"widget\" data-e-type=\"widget\" data-widget_type=\"heading.default\">\n\t\t\t\t<div class=\"elementor-widget-container\">\n\t\t\t\t\t<h3 class=\"elementor-heading-title elementor-size-default\">*Wichtiger Hinweis f\u00fcr angestellte Lehrerinnen und Lehrer im Rentenalter<\/h3>\t\t\t\t<\/div>\n\t\t\t\t<\/div>\n\t\t\t\t<div class=\"elementor-element elementor-element-7d3d339b elementor-widget elementor-widget-text-editor\" data-id=\"7d3d339b\" data-element_type=\"widget\" data-e-type=\"widget\" data-widget_type=\"text-editor.default\">\n\t\t\t\t<div class=\"elementor-widget-container\">\n\t\t\t\t\t\t\t\t\t<p><strong>Zum 1. Januar 2026 ist die sogenannte Aktivrente in Kraft getreten.<br \/><br \/><\/strong>Die Aktivrente erm\u00f6glicht es allen Arbeitnehmerinnen und Arbeitnehmern monatlich bis zu 2.000 Euro steuerfrei hinzu zuverdienen, wenn sie freiwillig \u00fcber die Regelaltersgrenze hinaus arbeiten. Sie dient vor allem der Bek\u00e4mpfung des Fachkr\u00e4ftemangels und wirkt den Folgen der demografischen Entwicklung auf dem Arbeitsmarkt entgegen.<br \/><br \/>F\u00fcr den Fall einer vor\u00fcbergehenden R\u00fcckkehr in den aktiven Schuldienst wird durch die mit der Einf\u00fchrung des o. g. Steuerfreibetrages verbundene Erh\u00f6hung des Nettoverdiensts ein Einsatz als Vertretungskraft finanziell noch attraktiver.<br \/><br \/>Ausnahmen: Die Aktivrente gilt nicht f\u00fcr Selbst\u00e4ndige, sog. Minijobber sowie Beamtinnen und Beamte.<\/p>\t\t\t\t\t\t\t\t<\/div>\n\t\t\t\t<\/div>\n\t\t\t\t\t<\/div>\n\t\t<\/div>\n\t\t\t\t<div class=\"elementor-column elementor-col-50 elementor-inner-column elementor-element elementor-element-5ef40ec3\" data-id=\"5ef40ec3\" data-element_type=\"column\" data-e-type=\"column\">\n\t\t\t<div class=\"elementor-widget-wrap elementor-element-populated\">\n\t\t\t\t\t\t<div class=\"elementor-element elementor-element-4d8a4139 elementor-view-stacked elementor-shape-circle elementor-widget elementor-widget-icon\" data-id=\"4d8a4139\" data-element_type=\"widget\" data-e-type=\"widget\" data-widget_type=\"icon.default\">\n\t\t\t\t<div class=\"elementor-widget-container\">\n\t\t\t\t\t\t\t<div class=\"elementor-icon-wrapper\">\n\t\t\t<div class=\"elementor-icon\">\n\t\t\t<i aria-hidden=\"true\" class=\"far fa-bell\"><\/i>\t\t\t<\/div>\n\t\t<\/div>\n\t\t\t\t\t\t<\/div>\n\t\t\t\t<\/div>\n\t\t\t\t\t<\/div>\n\t\t<\/div>\n\t\t\t\t\t<\/div>\n\t\t<\/section>\n\t\t\t\t<section class=\"elementor-section elementor-top-section elementor-element elementor-element-5e01e74 elementor-section-boxed elementor-section-height-default elementor-section-height-default\" data-id=\"5e01e74\" data-element_type=\"section\" data-e-type=\"section\">\n\t\t\t\t\t\t<div class=\"elementor-container elementor-column-gap-default\">\n\t\t\t\t\t<div class=\"elementor-column elementor-col-100 elementor-top-column elementor-element elementor-element-edd84d8\" data-id=\"edd84d8\" data-element_type=\"column\" data-e-type=\"column\">\n\t\t\t<div class=\"elementor-widget-wrap elementor-element-populated\">\n\t\t\t\t\t\t<div class=\"elementor-element elementor-element-a834611 elementor-widget elementor-widget-spacer\" data-id=\"a834611\" data-element_type=\"widget\" data-e-type=\"widget\" data-widget_type=\"spacer.default\">\n\t\t\t\t<div class=\"elementor-widget-container\">\n\t\t\t\t\t\t\t<div class=\"elementor-spacer\">\n\t\t\t<div class=\"elementor-spacer-inner\"><\/div>\n\t\t<\/div>\n\t\t\t\t\t\t<\/div>\n\t\t\t\t<\/div>\n\t\t\t\t\t<\/div>\n\t\t<\/div>\n\t\t\t\t\t<\/div>\n\t\t<\/section>\n\t\t\t\t<section class=\"elementor-section elementor-top-section elementor-element elementor-element-5cf0871 elementor-section-boxed elementor-section-height-default elementor-section-height-default\" data-id=\"5cf0871\" data-element_type=\"section\" data-e-type=\"section\">\n\t\t\t\t\t\t<div class=\"elementor-container elementor-column-gap-default\">\n\t\t\t\t\t<div class=\"elementor-column elementor-col-100 elementor-top-column elementor-element elementor-element-ee844ee\" data-id=\"ee844ee\" data-element_type=\"column\" data-e-type=\"column\">\n\t\t\t<div class=\"elementor-widget-wrap elementor-element-populated\">\n\t\t\t\t\t\t<div class=\"elementor-element elementor-element-e9b8192 elementor-widget elementor-widget-heading\" data-id=\"e9b8192\" data-element_type=\"widget\" data-e-type=\"widget\" data-widget_type=\"heading.default\">\n\t\t\t\t<div class=\"elementor-widget-container\">\n\t\t\t\t\t<h3 class=\"elementor-heading-title elementor-size-default\">Du erf\u00fcllst die Anforderungen und m\u00f6chtest Vertretungslehrerin oder -lehrer in Sachsen werden? Folgende Unterlagen sind f\u00fcr die Bewerbung erforderlich:<\/h3>\t\t\t\t<\/div>\n\t\t\t\t<\/div>\n\t\t\t\t<div class=\"elementor-element elementor-element-f8efb57 elementor-widget elementor-widget-text-editor\" data-id=\"f8efb57\" data-element_type=\"widget\" data-e-type=\"widget\" data-widget_type=\"text-editor.default\">\n\t\t\t\t<div class=\"elementor-widget-container\">\n\t\t\t\t\t\t\t\t\t<ul><li>Bewerbungsanschreiben, das unter anderem erkl\u00e4rt, in welchen Schularten, F\u00e4chern und gegebenenfalls an welchen Schulen sie sich einen Unterrichtseinsatz vorstellen k\u00f6nnen<\/li><li>Lebenslauf<\/li><li>Berufs- oder Hochschulabschlusszeugnis<\/li><li>Sprachzertifikat auf B2-Niveau des gemeinsamen europ\u00e4ischen Referenzrahmens, falls Deutsch nicht deine Muttersprache ist<\/li><li>Erweitertes F\u00fchrungszeugnis gem\u00e4\u00df \u00a7 30a Absatz 1 des Bundeszentralregistergesetzes<\/li><\/ul>\t\t\t\t\t\t\t\t<\/div>\n\t\t\t\t<\/div>\n\t\t\t\t\t<\/div>\n\t\t<\/div>\n\t\t\t\t\t<\/div>\n\t\t<\/section>\n\t\t\t\t<section class=\"elementor-section elementor-inner-section elementor-element elementor-element-1eabd64 elementor-reverse-mobile elementor-section-boxed elementor-section-height-default elementor-section-height-default\" data-id=\"1eabd64\" data-element_type=\"section\" data-e-type=\"section\" data-settings=\"{&quot;background_background&quot;:&quot;classic&quot;}\">\n\t\t\t\t\t\t<div class=\"elementor-container elementor-column-gap-default\">\n\t\t\t\t\t<div class=\"elementor-column elementor-col-50 elementor-inner-column elementor-element elementor-element-17fb212\" data-id=\"17fb212\" data-element_type=\"column\" data-e-type=\"column\">\n\t\t\t<div class=\"elementor-widget-wrap elementor-element-populated\">\n\t\t\t\t\t\t<div class=\"elementor-element elementor-element-a3588b5 elementor-widget elementor-widget-heading\" data-id=\"a3588b5\" data-element_type=\"widget\" data-e-type=\"widget\" data-widget_type=\"heading.default\">\n\t\t\t\t<div class=\"elementor-widget-container\">\n\t\t\t\t\t<h3 class=\"elementor-heading-title elementor-size-default\">Hinweise zur Bewerbung<\/h3>\t\t\t\t<\/div>\n\t\t\t\t<\/div>\n\t\t\t\t<div class=\"elementor-element elementor-element-76b9398 elementor-widget elementor-widget-text-editor\" data-id=\"76b9398\" data-element_type=\"widget\" data-e-type=\"widget\" data-widget_type=\"text-editor.default\">\n\t\t\t\t<div class=\"elementor-widget-container\">\n\t\t\t\t\t\t\t\t\t<p><span style=\"font-family: SpaceGrotesk, sans-serif;\">Interessierte an diesem Programm wenden sich direkt an eine Schule oder einen der\u00a0<\/span><a href=\"https:\/\/www.lasub.smk.sachsen.de\/das-lasub-behoerdenstruktur-3948.html\" title=\"S\u00e4chsisches Landesamt f\u00fcr Schule und Bildung\" target=\"_blank\" rel=\"noopener\">Standorte des S\u00e4chsischen Landesamtes f\u00fcr Schule und Bildung<\/a><span style=\"font-family: SpaceGrotesk, sans-serif;\">. Bei entsprechendem Bedarf und verf\u00fcgbaren finanziellen Mitteln wird mit den Vertretungslehrkr\u00e4ften ein befristeter Arbeitsvertrag abgeschlossen. Unter <a href=\"https:\/\/lehrer-werden-in-sachsen.de\\\\\/infos-zum-schuldienst\/\" title=\"Infos zum Schuldienst\">Infos zum s\u00e4chsischen Schuldienst<\/a> findest du weitere relevante Informationen und Hinweise.<\/span><\/p>\t\t\t\t\t\t\t\t<\/div>\n\t\t\t\t<\/div>\n\t\t\t\t\t<\/div>\n\t\t<\/div>\n\t\t\t\t<div class=\"elementor-column elementor-col-50 elementor-inner-column elementor-element elementor-element-7351414\" data-id=\"7351414\" data-element_type=\"column\" data-e-type=\"column\">\n\t\t\t<div class=\"elementor-widget-wrap elementor-element-populated\">\n\t\t\t\t\t\t<div class=\"elementor-element elementor-element-4ba04a9 elementor-view-stacked elementor-shape-circle elementor-widget elementor-widget-icon\" data-id=\"4ba04a9\" data-element_type=\"widget\" data-e-type=\"widget\" data-widget_type=\"icon.default\">\n\t\t\t\t<div class=\"elementor-widget-container\">\n\t\t\t\t\t\t\t<div class=\"elementor-icon-wrapper\">\n\t\t\t<div class=\"elementor-icon\">\n\t\t\t<i aria-hidden=\"true\" class=\"far fa-calendar-alt\"><\/i>\t\t\t<\/div>\n\t\t<\/div>\n\t\t\t\t\t\t<\/div>\n\t\t\t\t<\/div>\n\t\t\t\t\t<\/div>\n\t\t<\/div>\n\t\t\t\t\t<\/div>\n\t\t<\/section>\n\t\t\t\t<section class=\"elementor-section elementor-inner-section elementor-element elementor-element-58eb7dd8 elementor-reverse-mobile elementor-section-boxed elementor-section-height-default elementor-section-height-default\" data-id=\"58eb7dd8\" data-element_type=\"section\" data-e-type=\"section\" data-settings=\"{&quot;background_background&quot;:&quot;classic&quot;}\">\n\t\t\t\t\t\t<div class=\"elementor-container elementor-column-gap-default\">\n\t\t\t\t\t<div class=\"elementor-column elementor-col-100 elementor-inner-column elementor-element elementor-element-d416f64\" data-id=\"d416f64\" data-element_type=\"column\" data-e-type=\"column\">\n\t\t\t<div class=\"elementor-widget-wrap elementor-element-populated\">\n\t\t\t\t\t\t<div class=\"elementor-element elementor-element-3e285970 elementor-widget elementor-widget-heading\" data-id=\"3e285970\" data-element_type=\"widget\" data-e-type=\"widget\" data-widget_type=\"heading.default\">\n\t\t\t\t<div class=\"elementor-widget-container\">\n\t\t\t\t\t<h3 class=\"elementor-heading-title elementor-size-default\">Ma\u00dfnahmen gegen Lehrermangel: Personen ohne Studium k\u00f6nnen sich bewerben<\/h3>\t\t\t\t<\/div>\n\t\t\t\t<\/div>\n\t\t\t\t<div class=\"elementor-element elementor-element-580235c8 elementor-widget elementor-widget-text-editor\" data-id=\"580235c8\" data-element_type=\"widget\" data-e-type=\"widget\" data-widget_type=\"text-editor.default\">\n\t\t\t\t<div class=\"elementor-widget-container\">\n\t\t\t\t\t\t\t\t\t<p>Um den Lehrermangel abzumildern, k\u00f6nnen an Sachsens Schulen und in bestimmten Bereichen Personen ohne Studium und mit Berufsabschluss als Lehrkr\u00e4fte eingesetzt werden. Das sieht ein neuer Erlass von Kultusminister Conrad Clemens vor.<\/p>\t\t\t\t\t\t\t\t<\/div>\n\t\t\t\t<\/div>\n\t\t\t\t<div class=\"elementor-element elementor-element-543d9bae elementor-widget elementor-widget-button\" data-id=\"543d9bae\" data-element_type=\"widget\" data-e-type=\"widget\" data-widget_type=\"button.default\">\n\t\t\t\t<div class=\"elementor-widget-container\">\n\t\t\t\t\t\t\t\t\t<div class=\"elementor-button-wrapper\">\n\t\t\t\t\t<a class=\"elementor-button elementor-button-link elementor-size-sm\" href=\"https:\/\/lehrer-werden-in-sachsen.de\/massnahmen-gegen-lehrermangel\/\" title=\"Ma\u00dfnahmen gegen Lehrermangel: Personen ohne Studium k\u00f6nnen sich bewerben\">\n\t\t\t\t\t\t<span class=\"elementor-button-content-wrapper\">\n\t\t\t\t\t\t\t\t\t<span class=\"elementor-button-text\">Zum Blogartikel<\/span>\n\t\t\t\t\t<\/span>\n\t\t\t\t\t<\/a>\n\t\t\t\t<\/div>\n\t\t\t\t\t\t\t\t<\/div>\n\t\t\t\t<\/div>\n\t\t\t\t\t<\/div>\n\t\t<\/div>\n\t\t\t\t\t<\/div>\n\t\t<\/section>\n\t\t\t\t<\/div>\n\t\t","protected":false},"excerpt":{"rendered":"<p>Um Unterrichtsausfall zu reduzieren, werden oft kurzfristig externe Vertretungslehrkr\u00e4fte zur Unterrichtsversorgung ben\u00f6tigt. Was das bedeutet und ob ihr die Kriterien erf\u00fcllt, erfahrt ihr hier.<\/p>\n","protected":false},"author":13,"featured_media":14807,"comment_status":"closed","ping_status":"closed","sticky":false,"template":"","format":"standard","meta":{"footnotes":""},"categories":[46],"tags":[205,169],"class_list":["post-14792","post","type-post","status-publish","format-standard","has-post-thumbnail","hentry","category-blog","tag-bedarf","tag-karrierechancen"],"yoast_head":"<!-- This site is optimized with the Yoast SEO plugin v27.3 - https:\/\/yoast.com\/product\/yoast-seo-wordpress\/ -->\n<title>LEHRERIN SACHSEN | Externe Vertretungslehrkr\u00e4fte<\/title>\n<meta name=\"description\" content=\"In Sachsen werden externe Vertretungslehrkr\u00e4fte gesucht, um die Unterrichtsversorgung weiterhin gew\u00e4hrleisten zu k\u00f6nnen.\" \/>\n<meta name=\"robots\" content=\"index, follow, max-snippet:-1, max-image-preview:large, max-video-preview:-1\" \/>\n<link rel=\"canonical\" href=\"https:\/\/lehrer-werden-in-sachsen.de\/externe-vertretungslehrkraefte-an-saechsischen-schulen\/\" \/>\n<meta property=\"og:locale\" content=\"de_DE\" \/>\n<meta property=\"og:type\" content=\"article\" \/>\n<meta property=\"og:title\" content=\"LEHRERIN SACHSEN | Externe Vertretungslehrkr\u00e4fte\" \/>\n<meta property=\"og:description\" content=\"In Sachsen werden externe Vertretungslehrkr\u00e4fte gesucht, um die Unterrichtsversorgung weiterhin gew\u00e4hrleisten zu k\u00f6nnen.\" \/>\n<meta property=\"og:url\" content=\"https:\/\/lehrer-werden-in-sachsen.de\/externe-vertretungslehrkraefte-an-saechsischen-schulen\/\" \/>\n<meta property=\"og:site_name\" content=\"LEHRERIN SACHSEN\" \/>\n<meta property=\"article:published_time\" content=\"2026-01-09T10:49:02+00:00\" \/>\n<meta property=\"article:modified_time\" content=\"2026-02-18T12:06:25+00:00\" \/>\n<meta property=\"og:image\" content=\"https:\/\/lehrer-werden-in-sachsen.de\/wp-content\/uploads\/2024\/03\/KurtMasurGrundschule-0833-scaled.jpg\" \/>\n\t<meta property=\"og:image:width\" content=\"2560\" \/>\n\t<meta property=\"og:image:height\" content=\"1708\" \/>\n\t<meta property=\"og:image:type\" content=\"image\/jpeg\" \/>\n<meta name=\"author\" content=\"Maria Kretschmann\" \/>\n<meta name=\"twitter:card\" content=\"summary_large_image\" \/>\n<meta name=\"twitter:label1\" content=\"Verfasst von\" \/>\n\t<meta name=\"twitter:data1\" content=\"Maria Kretschmann\" \/>\n\t<meta name=\"twitter:label2\" content=\"Gesch\u00e4tzte Lesezeit\" \/>\n\t<meta name=\"twitter:data2\" content=\"3\u00a0Minuten\" \/>\n<script type=\"application\/ld+json\" class=\"yoast-schema-graph\">{\"@context\":\"https:\\\/\\\/schema.org\",\"@graph\":[{\"@type\":\"Article\",\"@id\":\"https:\\\/\\\/lehrer-werden-in-sachsen.de\\\/externe-vertretungslehrkraefte-an-saechsischen-schulen\\\/#article\",\"isPartOf\":{\"@id\":\"https:\\\/\\\/lehrer-werden-in-sachsen.de\\\/externe-vertretungslehrkraefte-an-saechsischen-schulen\\\/\"},\"author\":{\"name\":\"Maria Kretschmann\",\"@id\":\"https:\\\/\\\/lehrer-werden-in-sachsen.de\\\/#\\\/schema\\\/person\\\/4a127ffcfbf4e52ff0f66dcd7b4a5cc1\"},\"headline\":\"Dringend gesucht: Externe Vertretungslehrkr\u00e4fte an s\u00e4chsischen Schulen\",\"datePublished\":\"2026-01-09T10:49:02+00:00\",\"dateModified\":\"2026-02-18T12:06:25+00:00\",\"mainEntityOfPage\":{\"@id\":\"https:\\\/\\\/lehrer-werden-in-sachsen.de\\\/externe-vertretungslehrkraefte-an-saechsischen-schulen\\\/\"},\"wordCount\":542,\"publisher\":{\"@id\":\"https:\\\/\\\/lehrer-werden-in-sachsen.de\\\/#organization\"},\"image\":{\"@id\":\"https:\\\/\\\/lehrer-werden-in-sachsen.de\\\/externe-vertretungslehrkraefte-an-saechsischen-schulen\\\/#primaryimage\"},\"thumbnailUrl\":\"https:\\\/\\\/lehrer-werden-in-sachsen.de\\\/stage\\\/wp-content\\\/uploads\\\/2024\\\/03\\\/KurtMasurGrundschule-0833-scaled.jpg\",\"keywords\":[\"Bedarf\",\"Karrierechancen\"],\"articleSection\":[\"Blog\"],\"inLanguage\":\"de\"},{\"@type\":\"WebPage\",\"@id\":\"https:\\\/\\\/lehrer-werden-in-sachsen.de\\\/externe-vertretungslehrkraefte-an-saechsischen-schulen\\\/\",\"url\":\"https:\\\/\\\/lehrer-werden-in-sachsen.de\\\/externe-vertretungslehrkraefte-an-saechsischen-schulen\\\/\",\"name\":\"LEHRERIN SACHSEN | Externe Vertretungslehrkr\u00e4fte\",\"isPartOf\":{\"@id\":\"https:\\\/\\\/lehrer-werden-in-sachsen.de\\\/#website\"},\"primaryImageOfPage\":{\"@id\":\"https:\\\/\\\/lehrer-werden-in-sachsen.de\\\/externe-vertretungslehrkraefte-an-saechsischen-schulen\\\/#primaryimage\"},\"image\":{\"@id\":\"https:\\\/\\\/lehrer-werden-in-sachsen.de\\\/externe-vertretungslehrkraefte-an-saechsischen-schulen\\\/#primaryimage\"},\"thumbnailUrl\":\"https:\\\/\\\/lehrer-werden-in-sachsen.de\\\/stage\\\/wp-content\\\/uploads\\\/2024\\\/03\\\/KurtMasurGrundschule-0833-scaled.jpg\",\"datePublished\":\"2026-01-09T10:49:02+00:00\",\"dateModified\":\"2026-02-18T12:06:25+00:00\",\"description\":\"In Sachsen werden externe Vertretungslehrkr\u00e4fte gesucht, um die Unterrichtsversorgung weiterhin gew\u00e4hrleisten zu k\u00f6nnen.\",\"breadcrumb\":{\"@id\":\"https:\\\/\\\/lehrer-werden-in-sachsen.de\\\/externe-vertretungslehrkraefte-an-saechsischen-schulen\\\/#breadcrumb\"},\"inLanguage\":\"de\",\"potentialAction\":[{\"@type\":\"ReadAction\",\"target\":[\"https:\\\/\\\/lehrer-werden-in-sachsen.de\\\/externe-vertretungslehrkraefte-an-saechsischen-schulen\\\/\"]}]},{\"@type\":\"ImageObject\",\"inLanguage\":\"de\",\"@id\":\"https:\\\/\\\/lehrer-werden-in-sachsen.de\\\/externe-vertretungslehrkraefte-an-saechsischen-schulen\\\/#primaryimage\",\"url\":\"https:\\\/\\\/lehrer-werden-in-sachsen.de\\\/stage\\\/wp-content\\\/uploads\\\/2024\\\/03\\\/KurtMasurGrundschule-0833-scaled.jpg\",\"contentUrl\":\"https:\\\/\\\/lehrer-werden-in-sachsen.de\\\/stage\\\/wp-content\\\/uploads\\\/2024\\\/03\\\/KurtMasurGrundschule-0833-scaled.jpg\",\"width\":2560,\"height\":1708,\"caption\":\"Vertretungslehrkraft in Sachsen\"},{\"@type\":\"BreadcrumbList\",\"@id\":\"https:\\\/\\\/lehrer-werden-in-sachsen.de\\\/externe-vertretungslehrkraefte-an-saechsischen-schulen\\\/#breadcrumb\",\"itemListElement\":[{\"@type\":\"ListItem\",\"position\":1,\"name\":\"Startseite\",\"item\":\"https:\\\/\\\/lehrer-werden-in-sachsen.de\\\/\"},{\"@type\":\"ListItem\",\"position\":2,\"name\":\"Dringend gesucht: Externe Vertretungslehrkr\u00e4fte an s\u00e4chsischen Schulen\"}]},{\"@type\":\"WebSite\",\"@id\":\"https:\\\/\\\/lehrer-werden-in-sachsen.de\\\/#website\",\"url\":\"https:\\\/\\\/lehrer-werden-in-sachsen.de\\\/\",\"name\":\"LEHRERIN SACHSEN\",\"description\":\"Eine Klasse f\u00fcr sich.\",\"publisher\":{\"@id\":\"https:\\\/\\\/lehrer-werden-in-sachsen.de\\\/#organization\"},\"potentialAction\":[{\"@type\":\"SearchAction\",\"target\":{\"@type\":\"EntryPoint\",\"urlTemplate\":\"https:\\\/\\\/lehrer-werden-in-sachsen.de\\\/?s={search_term_string}\"},\"query-input\":{\"@type\":\"PropertyValueSpecification\",\"valueRequired\":true,\"valueName\":\"search_term_string\"}}],\"inLanguage\":\"de\"},{\"@type\":\"Organization\",\"@id\":\"https:\\\/\\\/lehrer-werden-in-sachsen.de\\\/#organization\",\"name\":\"LEHRERIN SACHSEN\",\"url\":\"https:\\\/\\\/lehrer-werden-in-sachsen.de\\\/\",\"logo\":{\"@type\":\"ImageObject\",\"inLanguage\":\"de\",\"@id\":\"https:\\\/\\\/lehrer-werden-in-sachsen.de\\\/#\\\/schema\\\/logo\\\/image\\\/\",\"url\":\"https:\\\/\\\/lehrer-werden-in-sachsen.de\\\/stage\\\/wp-content\\\/uploads\\\/2022\\\/02\\\/SMK_Leherin-Sachsen-Marke_RGB_Violett-Orange.svg\",\"contentUrl\":\"https:\\\/\\\/lehrer-werden-in-sachsen.de\\\/stage\\\/wp-content\\\/uploads\\\/2022\\\/02\\\/SMK_Leherin-Sachsen-Marke_RGB_Violett-Orange.svg\",\"caption\":\"LEHRERIN SACHSEN\"},\"image\":{\"@id\":\"https:\\\/\\\/lehrer-werden-in-sachsen.de\\\/#\\\/schema\\\/logo\\\/image\\\/\"}},{\"@type\":\"Person\",\"@id\":\"https:\\\/\\\/lehrer-werden-in-sachsen.de\\\/#\\\/schema\\\/person\\\/4a127ffcfbf4e52ff0f66dcd7b4a5cc1\",\"name\":\"Maria Kretschmann\",\"image\":{\"@type\":\"ImageObject\",\"inLanguage\":\"de\",\"@id\":\"https:\\\/\\\/secure.gravatar.com\\\/avatar\\\/785963a239158e0d036c182ccde6b24c2d0822b83af8ab1b3773045a106114df?s=96&d=mm&r=g\",\"url\":\"https:\\\/\\\/secure.gravatar.com\\\/avatar\\\/785963a239158e0d036c182ccde6b24c2d0822b83af8ab1b3773045a106114df?s=96&d=mm&r=g\",\"contentUrl\":\"https:\\\/\\\/secure.gravatar.com\\\/avatar\\\/785963a239158e0d036c182ccde6b24c2d0822b83af8ab1b3773045a106114df?s=96&d=mm&r=g\",\"caption\":\"Maria Kretschmann\"},\"url\":\"https:\\\/\\\/lehrer-werden-in-sachsen.de\\\/stage\\\/author\\\/maria-kretschmann\\\/\"}]}<\/script>\n<!-- \/ Yoast SEO plugin. -->","yoast_head_json":{"title":"LEHRERIN SACHSEN | Externe Vertretungslehrkr\u00e4fte","description":"In Sachsen werden externe Vertretungslehrkr\u00e4fte gesucht, um die Unterrichtsversorgung weiterhin gew\u00e4hrleisten zu k\u00f6nnen.","robots":{"index":"index","follow":"follow","max-snippet":"max-snippet:-1","max-image-preview":"max-image-preview:large","max-video-preview":"max-video-preview:-1"},"canonical":"https:\/\/lehrer-werden-in-sachsen.de\/externe-vertretungslehrkraefte-an-saechsischen-schulen\/","og_locale":"de_DE","og_type":"article","og_title":"LEHRERIN SACHSEN | Externe Vertretungslehrkr\u00e4fte","og_description":"In Sachsen werden externe Vertretungslehrkr\u00e4fte gesucht, um die Unterrichtsversorgung weiterhin gew\u00e4hrleisten zu k\u00f6nnen.","og_url":"https:\/\/lehrer-werden-in-sachsen.de\/externe-vertretungslehrkraefte-an-saechsischen-schulen\/","og_site_name":"LEHRERIN SACHSEN","article_published_time":"2026-01-09T10:49:02+00:00","article_modified_time":"2026-02-18T12:06:25+00:00","og_image":[{"width":2560,"height":1708,"url":"https:\/\/lehrer-werden-in-sachsen.de\/wp-content\/uploads\/2024\/03\/KurtMasurGrundschule-0833-scaled.jpg","type":"image\/jpeg"}],"author":"Maria Kretschmann","twitter_card":"summary_large_image","twitter_misc":{"Verfasst von":"Maria Kretschmann","Gesch\u00e4tzte Lesezeit":"3\u00a0Minuten"},"schema":{"@context":"https:\/\/schema.org","@graph":[{"@type":"Article","@id":"https:\/\/lehrer-werden-in-sachsen.de\/externe-vertretungslehrkraefte-an-saechsischen-schulen\/#article","isPartOf":{"@id":"https:\/\/lehrer-werden-in-sachsen.de\/externe-vertretungslehrkraefte-an-saechsischen-schulen\/"},"author":{"name":"Maria Kretschmann","@id":"https:\/\/lehrer-werden-in-sachsen.de\/#\/schema\/person\/4a127ffcfbf4e52ff0f66dcd7b4a5cc1"},"headline":"Dringend gesucht: Externe Vertretungslehrkr\u00e4fte an s\u00e4chsischen Schulen","datePublished":"2026-01-09T10:49:02+00:00","dateModified":"2026-02-18T12:06:25+00:00","mainEntityOfPage":{"@id":"https:\/\/lehrer-werden-in-sachsen.de\/externe-vertretungslehrkraefte-an-saechsischen-schulen\/"},"wordCount":542,"publisher":{"@id":"https:\/\/lehrer-werden-in-sachsen.de\/#organization"},"image":{"@id":"https:\/\/lehrer-werden-in-sachsen.de\/externe-vertretungslehrkraefte-an-saechsischen-schulen\/#primaryimage"},"thumbnailUrl":"https:\/\/lehrer-werden-in-sachsen.de\/stage\/wp-content\/uploads\/2024\/03\/KurtMasurGrundschule-0833-scaled.jpg","keywords":["Bedarf","Karrierechancen"],"articleSection":["Blog"],"inLanguage":"de"},{"@type":"WebPage","@id":"https:\/\/lehrer-werden-in-sachsen.de\/externe-vertretungslehrkraefte-an-saechsischen-schulen\/","url":"https:\/\/lehrer-werden-in-sachsen.de\/externe-vertretungslehrkraefte-an-saechsischen-schulen\/","name":"LEHRERIN SACHSEN | Externe Vertretungslehrkr\u00e4fte","isPartOf":{"@id":"https:\/\/lehrer-werden-in-sachsen.de\/#website"},"primaryImageOfPage":{"@id":"https:\/\/lehrer-werden-in-sachsen.de\/externe-vertretungslehrkraefte-an-saechsischen-schulen\/#primaryimage"},"image":{"@id":"https:\/\/lehrer-werden-in-sachsen.de\/externe-vertretungslehrkraefte-an-saechsischen-schulen\/#primaryimage"},"thumbnailUrl":"https:\/\/lehrer-werden-in-sachsen.de\/stage\/wp-content\/uploads\/2024\/03\/KurtMasurGrundschule-0833-scaled.jpg","datePublished":"2026-01-09T10:49:02+00:00","dateModified":"2026-02-18T12:06:25+00:00","description":"In Sachsen werden externe Vertretungslehrkr\u00e4fte gesucht, um die Unterrichtsversorgung weiterhin gew\u00e4hrleisten zu k\u00f6nnen.","breadcrumb":{"@id":"https:\/\/lehrer-werden-in-sachsen.de\/externe-vertretungslehrkraefte-an-saechsischen-schulen\/#breadcrumb"},"inLanguage":"de","potentialAction":[{"@type":"ReadAction","target":["https:\/\/lehrer-werden-in-sachsen.de\/externe-vertretungslehrkraefte-an-saechsischen-schulen\/"]}]},{"@type":"ImageObject","inLanguage":"de","@id":"https:\/\/lehrer-werden-in-sachsen.de\/externe-vertretungslehrkraefte-an-saechsischen-schulen\/#primaryimage","url":"https:\/\/lehrer-werden-in-sachsen.de\/stage\/wp-content\/uploads\/2024\/03\/KurtMasurGrundschule-0833-scaled.jpg","contentUrl":"https:\/\/lehrer-werden-in-sachsen.de\/stage\/wp-content\/uploads\/2024\/03\/KurtMasurGrundschule-0833-scaled.jpg","width":2560,"height":1708,"caption":"Vertretungslehrkraft in Sachsen"},{"@type":"BreadcrumbList","@id":"https:\/\/lehrer-werden-in-sachsen.de\/externe-vertretungslehrkraefte-an-saechsischen-schulen\/#breadcrumb","itemListElement":[{"@type":"ListItem","position":1,"name":"Startseite","item":"https:\/\/lehrer-werden-in-sachsen.de\/"},{"@type":"ListItem","position":2,"name":"Dringend gesucht: Externe Vertretungslehrkr\u00e4fte an s\u00e4chsischen Schulen"}]},{"@type":"WebSite","@id":"https:\/\/lehrer-werden-in-sachsen.de\/#website","url":"https:\/\/lehrer-werden-in-sachsen.de\/","name":"LEHRERIN SACHSEN","description":"Eine Klasse f\u00fcr sich.","publisher":{"@id":"https:\/\/lehrer-werden-in-sachsen.de\/#organization"},"potentialAction":[{"@type":"SearchAction","target":{"@type":"EntryPoint","urlTemplate":"https:\/\/lehrer-werden-in-sachsen.de\/?s={search_term_string}"},"query-input":{"@type":"PropertyValueSpecification","valueRequired":true,"valueName":"search_term_string"}}],"inLanguage":"de"},{"@type":"Organization","@id":"https:\/\/lehrer-werden-in-sachsen.de\/#organization","name":"LEHRERIN SACHSEN","url":"https:\/\/lehrer-werden-in-sachsen.de\/","logo":{"@type":"ImageObject","inLanguage":"de","@id":"https:\/\/lehrer-werden-in-sachsen.de\/#\/schema\/logo\/image\/","url":"https:\/\/lehrer-werden-in-sachsen.de\/stage\/wp-content\/uploads\/2022\/02\/SMK_Leherin-Sachsen-Marke_RGB_Violett-Orange.svg","contentUrl":"https:\/\/lehrer-werden-in-sachsen.de\/stage\/wp-content\/uploads\/2022\/02\/SMK_Leherin-Sachsen-Marke_RGB_Violett-Orange.svg","caption":"LEHRERIN SACHSEN"},"image":{"@id":"https:\/\/lehrer-werden-in-sachsen.de\/#\/schema\/logo\/image\/"}},{"@type":"Person","@id":"https:\/\/lehrer-werden-in-sachsen.de\/#\/schema\/person\/4a127ffcfbf4e52ff0f66dcd7b4a5cc1","name":"Maria Kretschmann","image":{"@type":"ImageObject","inLanguage":"de","@id":"https:\/\/secure.gravatar.com\/avatar\/785963a239158e0d036c182ccde6b24c2d0822b83af8ab1b3773045a106114df?s=96&d=mm&r=g","url":"https:\/\/secure.gravatar.com\/avatar\/785963a239158e0d036c182ccde6b24c2d0822b83af8ab1b3773045a106114df?s=96&d=mm&r=g","contentUrl":"https:\/\/secure.gravatar.com\/avatar\/785963a239158e0d036c182ccde6b24c2d0822b83af8ab1b3773045a106114df?s=96&d=mm&r=g","caption":"Maria Kretschmann"},"url":"https:\/\/lehrer-werden-in-sachsen.de\/stage\/author\/maria-kretschmann\/"}]}},"_links":{"self":[{"href":"https:\/\/lehrer-werden-in-sachsen.de\/stage\/wp-json\/wp\/v2\/posts\/14792","targetHints":{"allow":["GET"]}}],"collection":[{"href":"https:\/\/lehrer-werden-in-sachsen.de\/stage\/wp-json\/wp\/v2\/posts"}],"about":[{"href":"https:\/\/lehrer-werden-in-sachsen.de\/stage\/wp-json\/wp\/v2\/types\/post"}],"author":[{"embeddable":true,"href":"https:\/\/lehrer-werden-in-sachsen.de\/stage\/wp-json\/wp\/v2\/users\/13"}],"replies":[{"embeddable":true,"href":"https:\/\/lehrer-werden-in-sachsen.de\/stage\/wp-json\/wp\/v2\/comments?post=14792"}],"version-history":[{"count":87,"href":"https:\/\/lehrer-werden-in-sachsen.de\/stage\/wp-json\/wp\/v2\/posts\/14792\/revisions"}],"predecessor-version":[{"id":26056,"href":"https:\/\/lehrer-werden-in-sachsen.de\/stage\/wp-json\/wp\/v2\/posts\/14792\/revisions\/26056"}],"wp:featuredmedia":[{"embeddable":true,"href":"https:\/\/lehrer-werden-in-sachsen.de\/stage\/wp-json\/wp\/v2\/media\/14807"}],"wp:attachment":[{"href":"https:\/\/lehrer-werden-in-sachsen.de\/stage\/wp-json\/wp\/v2\/media?parent=14792"}],"wp:term":[{"taxonomy":"category","embeddable":true,"href":"https:\/\/lehrer-werden-in-sachsen.de\/stage\/wp-json\/wp\/v2\/categories?post=14792"},{"taxonomy":"post_tag","embeddable":true,"href":"https:\/\/lehrer-werden-in-sachsen.de\/stage\/wp-json\/wp\/v2\/tags?post=14792"}],"curies":[{"name":"wp","href":"https:\/\/api.w.org\/{rel}","templated":true}]}}