{"id":14717,"date":"2024-03-27T14:00:17","date_gmt":"2024-03-27T13:00:17","guid":{"rendered":"https:\/\/lehrer-werden-in-sachsen.de\/stage\/?p=14717"},"modified":"2025-12-02T21:32:28","modified_gmt":"2025-12-02T20:32:28","slug":"lehrer-auf-dem-saechsischen-land-immanuel-bittrich","status":"publish","type":"post","link":"https:\/\/lehrer-werden-in-sachsen.de\/stage\/lehrer-auf-dem-saechsischen-land-immanuel-bittrich\/","title":{"rendered":"\u201eDer Lehrerberuf ist wie ein Handwerk: Man braucht viel Fingerspitzengef\u00fchl\u201c"},"content":{"rendered":"\t\t<div data-elementor-type=\"wp-post\" data-elementor-id=\"14717\" class=\"elementor elementor-14717\" data-elementor-post-type=\"post\">\n\t\t\t\t\t\t<section class=\"elementor-section elementor-top-section elementor-element elementor-element-77dc2d3 elementor-section-boxed elementor-section-height-default elementor-section-height-default\" data-id=\"77dc2d3\" data-element_type=\"section\" data-e-type=\"section\">\n\t\t\t\t\t\t<div class=\"elementor-container elementor-column-gap-default\">\n\t\t\t\t\t<div class=\"elementor-column elementor-col-100 elementor-top-column elementor-element elementor-element-db24ebd\" data-id=\"db24ebd\" data-element_type=\"column\" data-e-type=\"column\">\n\t\t\t<div class=\"elementor-widget-wrap elementor-element-populated\">\n\t\t\t\t\t\t<div class=\"elementor-element elementor-element-8cb6e5f elementor-widget elementor-widget-text-editor\" data-id=\"8cb6e5f\" data-element_type=\"widget\" data-e-type=\"widget\" data-widget_type=\"text-editor.default\">\n\t\t\t\t<div class=\"elementor-widget-container\">\n\t\t\t\t\t\t\t\t\t<p><strong>Ob als Lehrer in der Oberschule Oelsnitz oder als Pflegevater zuhause: F\u00fcr Immanuel Bittrich sind Kinder das Wichtigste und der Mittelpunkt seines Lebens. Bei ihm finden sie immer ein offenes Ohr. Deshalb liegt dem Fachlehrer f\u00fcr Mathematik und Technik eine zukunftsorientierte Bildungspolitik in Sachsen besonders am Herzen. <\/strong><\/p><p>\u00a0<\/p>\t\t\t\t\t\t\t\t<\/div>\n\t\t\t\t<\/div>\n\t\t\t\t\t<\/div>\n\t\t<\/div>\n\t\t\t\t\t<\/div>\n\t\t<\/section>\n\t\t\t\t<section class=\"elementor-section elementor-top-section elementor-element elementor-element-7f4f6c4 elementor-section-boxed elementor-section-height-default elementor-section-height-default\" data-id=\"7f4f6c4\" data-element_type=\"section\" data-e-type=\"section\">\n\t\t\t\t\t\t<div class=\"elementor-container elementor-column-gap-default\">\n\t\t\t\t\t<div class=\"elementor-column elementor-col-100 elementor-top-column elementor-element elementor-element-1a06e33\" data-id=\"1a06e33\" data-element_type=\"column\" data-e-type=\"column\">\n\t\t\t<div class=\"elementor-widget-wrap elementor-element-populated\">\n\t\t\t\t\t\t<div class=\"elementor-element elementor-element-57d66d3 elementor-widget elementor-widget-text-editor\" data-id=\"57d66d3\" data-element_type=\"widget\" data-e-type=\"widget\" data-widget_type=\"text-editor.default\">\n\t\t\t\t<div class=\"elementor-widget-container\">\n\t\t\t\t\t\t\t\t\t<p>Vor 61 Jahren wurde Immanuel Bittrich in der damaligen DDR, genauer gesagt in Oelsnitz im <a href=\"https:\/\/lehrer-werden-in-sachsen.de\\\\\/sachsen-erleben\/vogtlandkreis\/\" title=\"Sachsen erleben - Vogtlandkreis\" target=\"_blank\" rel=\"noopener\">Vogtland<\/a>, geboren. Sein Vater besa\u00df eine private Schlosserei, die Familie war Mitglied in der Kirche, so auch Immanuel. Von 1969 bis 1979 besuchte er die POS Oelsnitz. 1982 beendete er seine Facharbeiterausbildung mit dem Abitur, von dem Kirchenmitglieder in der DDR meist ausgeschlossen waren. Im selben Jahr zog er nach <a href=\"https:\/\/lehrer-werden-in-sachsen.de\\\\\/sachsen-erleben\/chemnitz\/\" title=\"Sachsen erleben - Chemnitz\" target=\"_blank\" rel=\"noopener\">Chemnitz<\/a>, das damals noch Karl-Marx-Stadt hie\u00df, um Lehramt zu studieren. Nach f\u00fcnfj\u00e4hrigem Studium schloss er die Universit\u00e4t als Diplomlehrer f\u00fcr Polytechnik ab. Seit fast 40 Jahren unterrichtet er nun an s\u00e4chsischen Oberschulen.<\/p><p>Immanuel sagt, dass er trotz der Schwierigkeiten in der DDR schon immer Lehrer werden wollte. Es sei eine Berufung, die er bis heute sp\u00fcre: \u201eIn der DDR gab es bestimmte politische Bedingungen, deshalb musste mein Weg zum Lehrerberuf \u00fcber Umwege f\u00fchren. Es war immer mein gro\u00dfer Wunsch, Lehrer zu sein, und ich habe daf\u00fcr gek\u00e4mpft.\u201c<\/p><p>Privat und als Lehrer geh\u00f6rt Immanuel zu den sportlichen und aktiven Zeitgenossen: Er f\u00e4hrt das ganze Jahr \u00fcber Rad und erkundet mit dem Motorrad die s\u00e4chsische Landschaft sowie die P\u00e4sse in S\u00fcdtirol. Er taucht, f\u00e4hrt Ski und ist begeisterter Musiker am Klavier, Saxofon oder an der Trompete. Und als w\u00e4re das nicht genug, entstehen in der eigenen Schlosserwerkstatt auch schon einmal ein Balkon, eine Treppe, oder ein geschwungenes Tor aus Metall.<\/p>\t\t\t\t\t\t\t\t<\/div>\n\t\t\t\t<\/div>\n\t\t\t\t\t<\/div>\n\t\t<\/div>\n\t\t\t\t\t<\/div>\n\t\t<\/section>\n\t\t\t\t<section class=\"elementor-section elementor-top-section elementor-element elementor-element-cbb772c elementor-section-boxed elementor-section-height-default elementor-section-height-default\" data-id=\"cbb772c\" data-element_type=\"section\" data-e-type=\"section\">\n\t\t\t\t\t\t<div class=\"elementor-container elementor-column-gap-default\">\n\t\t\t\t\t<div class=\"elementor-column elementor-col-100 elementor-top-column elementor-element elementor-element-de666ad\" data-id=\"de666ad\" data-element_type=\"column\" data-e-type=\"column\">\n\t\t\t<div class=\"elementor-widget-wrap elementor-element-populated\">\n\t\t\t\t\t\t<div class=\"elementor-element elementor-element-29917ef elementor-widget elementor-widget-heading\" data-id=\"29917ef\" data-element_type=\"widget\" data-e-type=\"widget\" data-widget_type=\"heading.default\">\n\t\t\t\t<div class=\"elementor-widget-container\">\n\t\t\t\t\t<h2 class=\"elementor-heading-title elementor-size-default\">Dringend gesucht: Lehrernachwuchs an der OS Oelsnitz <\/h2>\t\t\t\t<\/div>\n\t\t\t\t<\/div>\n\t\t\t\t\t<\/div>\n\t\t<\/div>\n\t\t\t\t\t<\/div>\n\t\t<\/section>\n\t\t\t\t<section class=\"elementor-section elementor-top-section elementor-element elementor-element-20f5d6f elementor-section-boxed elementor-section-height-default elementor-section-height-default\" data-id=\"20f5d6f\" data-element_type=\"section\" data-e-type=\"section\">\n\t\t\t\t\t\t<div class=\"elementor-container elementor-column-gap-default\">\n\t\t\t\t\t<div class=\"elementor-column elementor-col-100 elementor-top-column elementor-element elementor-element-387bff1\" data-id=\"387bff1\" data-element_type=\"column\" data-e-type=\"column\">\n\t\t\t<div class=\"elementor-widget-wrap elementor-element-populated\">\n\t\t\t\t\t\t<div class=\"elementor-element elementor-element-ea92e7e elementor-widget elementor-widget-text-editor\" data-id=\"ea92e7e\" data-element_type=\"widget\" data-e-type=\"widget\" data-widget_type=\"text-editor.default\">\n\t\t\t\t<div class=\"elementor-widget-container\">\n\t\t\t\t\t\t\t\t\t<p>Immanuel ist seit 1992 Fachlehrer f\u00fcr Mathematik und Technik an der OS Oelsnitz. Neben seiner Lehrt\u00e4tigkeit unterrichtet er die Bl\u00e4serklassen der Schule im Klassenmusizieren. Au\u00dferdem leitet er eine Fahrrad-AG, in der er den Sch\u00fclerinnen und Sch\u00fclern die Reparatur und Wartung von Fahrr\u00e4dern beibringt. Dar\u00fcber hinaus ist er Beratungs- und \u00a0Klassenlehrer und wird regelm\u00e4\u00dfig in den Personalrat der Schule gew\u00e4hlt.<\/p><p>Immanuel wollte von Anfang an bewusst in einer Oberschule arbeiten: \u201eDas war eine pers\u00f6nliche Entscheidung, weil ich Praktiker bin und so direkt mit den Kindern arbeiten kann. Als ich vor dem Studium im Betrieb meines Vaters ausgeholfen habe, habe ich schnell gemerkt, dass mir das Praktische und das Erkl\u00e4ren liegen. Schon damals hat es mir Spa\u00df gemacht, den j\u00fcngeren Nachbarskindern etwas beizubringen.\u201c<\/p><p>Die <a href=\"https:\/\/lehrer-werden-in-sachsen.de\\\\\/bedarf-ermitteln\/\" title=\"Bedarf ermitteln\" target=\"_blank\" rel=\"noopener\">aktuelle Situation<\/a> an seiner Schule bereitet dem engagierten Lehrer Sorgen: \u201eWir haben schon jetzt Schwierigkeiten, den Unterrichtsbedarf zu decken. Ab kommendem Schuljahr gehen die 8. Klassen alle zwei Wochen f\u00fcr einen Tag in einen Betrieb in der Region, um dort ein Praktikum zu absolvieren. Das entlastet die Unterrichtsversorgung und die Sch\u00fclerinnen und Sch\u00fcler m\u00fcssen trotzdem nicht zu Hause bleiben, sondern sammeln praktische Erfahrungen f\u00fcrs Leben und vielleicht sogar f\u00fcr die sp\u00e4tere Berufswahl.\u201c<\/p><p>Doch das Tauziehen um die Abdeckung s\u00e4mtlicher Stunden reicht trotz aller Bem\u00fchungen langfristig nicht aus. Eine Zeit lang setzte Immanuel gro\u00dfe Hoffnungen in die Quereinsteiger. Doch deren Zahl w\u00fcrde bei weitem nicht mehr ausreichen, wei\u00df er. Ginge die Entwicklung so weiter, werde es in einigen Jahren nur noch circa 13 von urspr\u00fcnglich 43 Lehrerinnen und Lehrern an der Oberschule in Oelsnitz geben.<\/p>\t\t\t\t\t\t\t\t<\/div>\n\t\t\t\t<\/div>\n\t\t\t\t\t<\/div>\n\t\t<\/div>\n\t\t\t\t\t<\/div>\n\t\t<\/section>\n\t\t\t\t<section class=\"elementor-section elementor-top-section elementor-element elementor-element-59df3f8 elementor-section-boxed elementor-section-height-default elementor-section-height-default\" data-id=\"59df3f8\" data-element_type=\"section\" data-e-type=\"section\">\n\t\t\t\t\t\t<div class=\"elementor-container elementor-column-gap-default\">\n\t\t\t\t\t<div class=\"elementor-column elementor-col-100 elementor-top-column elementor-element elementor-element-0f03a50\" data-id=\"0f03a50\" data-element_type=\"column\" data-e-type=\"column\">\n\t\t\t<div class=\"elementor-widget-wrap elementor-element-populated\">\n\t\t\t\t\t\t<div class=\"elementor-element elementor-element-477b7c0 elementor-widget elementor-widget-heading\" data-id=\"477b7c0\" data-element_type=\"widget\" data-e-type=\"widget\" data-widget_type=\"heading.default\">\n\t\t\t\t<div class=\"elementor-widget-container\">\n\t\t\t\t\t<h2 class=\"elementor-heading-title elementor-size-default\">Leidenschaften auch jenseits vom Unterricht weitergeben <\/h2>\t\t\t\t<\/div>\n\t\t\t\t<\/div>\n\t\t\t\t\t<\/div>\n\t\t<\/div>\n\t\t\t\t\t<\/div>\n\t\t<\/section>\n\t\t\t\t<section class=\"elementor-section elementor-top-section elementor-element elementor-element-d989e0d elementor-section-boxed elementor-section-height-default elementor-section-height-default\" data-id=\"d989e0d\" data-element_type=\"section\" data-e-type=\"section\">\n\t\t\t\t\t\t<div class=\"elementor-container elementor-column-gap-default\">\n\t\t\t\t\t<div class=\"elementor-column elementor-col-100 elementor-top-column elementor-element elementor-element-923b024\" data-id=\"923b024\" data-element_type=\"column\" data-e-type=\"column\">\n\t\t\t<div class=\"elementor-widget-wrap elementor-element-populated\">\n\t\t\t\t\t\t<div class=\"elementor-element elementor-element-beddcd9 elementor-widget elementor-widget-text-editor\" data-id=\"beddcd9\" data-element_type=\"widget\" data-e-type=\"widget\" data-widget_type=\"text-editor.default\">\n\t\t\t\t<div class=\"elementor-widget-container\">\n\t\t\t\t\t\t\t\t\t<p>Immanuel steht beispielhaft daf\u00fcr, dass der Lehrerberuf keine Einbahnstra\u00dfe ist, sondern viele M\u00f6glichkeiten bietet, sich selbst einzubringen, Schule zu gestalten und eigene Leidenschaften an die Sch\u00fclerinnen und Sch\u00fcler weiterzugeben.<\/p><p>\u00a0<\/p><p>Seit rund 18 Jahren gibt es an der OS Oelsnitz die Musikklassen, in denen Sch\u00fclerinnen und Sch\u00fcler mit musischem Profil unterrichtet werden. Alle spielen mindestens ein Blasinstrument und k\u00f6nnen sich f\u00fcr 20 Euro im Jahr ein Instrument ausleihen. Ihre St\u00fccke lernen sie \u00a0zun\u00e4chst individuell mit Musiklehrern einer Musikschule, bevor sie sich bei Immanuel und zwei weiteren Kollegen zum Klassenmusizieren treffen und die Einzelst\u00fccke im Orchester einstudieren. \u201eMusik verbindet \u00e4hnlich wie eine Sportmannschaft. Die Kinder m\u00fcssen individuell und im Team Leistung bringen. Das ist toll\u201c, findet Immanuel.<\/p>\t\t\t\t\t\t\t\t<\/div>\n\t\t\t\t<\/div>\n\t\t\t\t\t<\/div>\n\t\t<\/div>\n\t\t\t\t\t<\/div>\n\t\t<\/section>\n\t\t\t\t<section class=\"elementor-section elementor-top-section elementor-element elementor-element-2132b28 elementor-section-boxed elementor-section-height-default elementor-section-height-default\" data-id=\"2132b28\" data-element_type=\"section\" data-e-type=\"section\">\n\t\t\t\t\t\t<div class=\"elementor-container elementor-column-gap-default\">\n\t\t\t\t\t<div class=\"elementor-column elementor-col-100 elementor-top-column elementor-element elementor-element-0fb5296\" data-id=\"0fb5296\" data-element_type=\"column\" data-e-type=\"column\">\n\t\t\t<div class=\"elementor-widget-wrap elementor-element-populated\">\n\t\t\t\t\t\t<div class=\"elementor-element elementor-element-7de7597 elementor-widget elementor-widget-text-editor\" data-id=\"7de7597\" data-element_type=\"widget\" data-e-type=\"widget\" data-widget_type=\"text-editor.default\">\n\t\t\t\t<div class=\"elementor-widget-container\">\n\t\t\t\t\t\t\t\t\t<p>Doch Immanuel ist nicht nur ein musikbegeisterter Lehrer, sondern auch ein sportbegeisterter. Alle 14 Tage organisiert er einen Bike-Kurs \u2013 und das schon seit 20 Jahren. Die Sch\u00fclerinnen und Sch\u00fcler lernen, Fahrr\u00e4der zu reparieren, mit Werkzeugen umzugehen und alten Drahteseln ein neues Leben zu schenken \u2013 Upcycling und Nachhaltigkeit par excellence. \u201eDa gehe ich total auf, das ist f\u00fcr mich keine Anstrengung. Und ich kann den Kindern etwas mitgeben, das sie zu Hause vielleicht nicht vermittelt bekommen.\u201c Ein lokaler Fahrradladen unterst\u00fctzt Immanuels Kurs. \u201eWenn das Wetter mitspielt und die R\u00e4der zusammengebaut sind, machen wir eine Tour durch das sch\u00f6ne Vogtland. Das st\u00e4rkt unser Miteinander.\u201c<\/p>\t\t\t\t\t\t\t\t<\/div>\n\t\t\t\t<\/div>\n\t\t\t\t\t<\/div>\n\t\t<\/div>\n\t\t\t\t\t<\/div>\n\t\t<\/section>\n\t\t\t\t<section class=\"elementor-section elementor-top-section elementor-element elementor-element-cea8da8 elementor-section-boxed elementor-section-height-default elementor-section-height-default\" data-id=\"cea8da8\" data-element_type=\"section\" data-e-type=\"section\">\n\t\t\t\t\t\t<div class=\"elementor-container elementor-column-gap-default\">\n\t\t\t\t\t<div class=\"elementor-column elementor-col-50 elementor-top-column elementor-element elementor-element-b8c4f9b\" data-id=\"b8c4f9b\" data-element_type=\"column\" data-e-type=\"column\">\n\t\t\t<div class=\"elementor-widget-wrap elementor-element-populated\">\n\t\t\t\t\t\t<div class=\"elementor-element elementor-element-8027cd2 elementor-widget elementor-widget-image\" data-id=\"8027cd2\" data-element_type=\"widget\" data-e-type=\"widget\" data-widget_type=\"image.default\">\n\t\t\t\t<div class=\"elementor-widget-container\">\n\t\t\t\t\t\t\t\t\t\t\t\t<figure class=\"wp-caption\">\n\t\t\t\t\t\t\t\t\t\t<img fetchpriority=\"high\" decoding=\"async\" width=\"1024\" height=\"683\" src=\"https:\/\/lehrer-werden-in-sachsen.de\/stage\/wp-content\/uploads\/2024\/03\/DF697D667FBB42868B0BD1331F2E0AF2-1024x683.jpg\" class=\"attachment-large size-large wp-image-14719\" alt=\"Immanuel Bittrich und sein Bike-Kurs\" srcset=\"https:\/\/lehrer-werden-in-sachsen.de\/stage\/wp-content\/uploads\/2024\/03\/DF697D667FBB42868B0BD1331F2E0AF2-1024x683.jpg 1024w, https:\/\/lehrer-werden-in-sachsen.de\/stage\/wp-content\/uploads\/2024\/03\/DF697D667FBB42868B0BD1331F2E0AF2-300x200.jpg 300w, https:\/\/lehrer-werden-in-sachsen.de\/stage\/wp-content\/uploads\/2024\/03\/DF697D667FBB42868B0BD1331F2E0AF2-768x512.jpg 768w, https:\/\/lehrer-werden-in-sachsen.de\/stage\/wp-content\/uploads\/2024\/03\/DF697D667FBB42868B0BD1331F2E0AF2.jpg 1342w\" sizes=\"(max-width: 1024px) 100vw, 1024px\" \/>\t\t\t\t\t\t\t\t\t\t\t<figcaption class=\"widget-image-caption wp-caption-text\">Immanuel (links) mit zwei Sch\u00fclern seines Bike-Kurses<\/figcaption>\n\t\t\t\t\t\t\t\t\t\t<\/figure>\n\t\t\t\t\t\t\t\t\t<\/div>\n\t\t\t\t<\/div>\n\t\t\t\t\t<\/div>\n\t\t<\/div>\n\t\t\t\t<div class=\"elementor-column elementor-col-50 elementor-top-column elementor-element elementor-element-809faf8\" data-id=\"809faf8\" data-element_type=\"column\" data-e-type=\"column\">\n\t\t\t<div class=\"elementor-widget-wrap elementor-element-populated\">\n\t\t\t\t\t\t<div class=\"elementor-element elementor-element-734fb78 elementor-widget elementor-widget-image\" data-id=\"734fb78\" data-element_type=\"widget\" data-e-type=\"widget\" data-widget_type=\"image.default\">\n\t\t\t\t<div class=\"elementor-widget-container\">\n\t\t\t\t\t\t\t\t\t\t\t\t<figure class=\"wp-caption\">\n\t\t\t\t\t\t\t\t\t\t<img decoding=\"async\" width=\"1024\" height=\"683\" src=\"https:\/\/lehrer-werden-in-sachsen.de\/stage\/wp-content\/uploads\/2024\/03\/7B048702ABAD4B28A2BBEE5A0F9CC570-1024x683.jpg\" class=\"attachment-large size-large wp-image-14718\" alt=\"Weihnachtskonzert in der St. Jakobikirche Oelsnitz\" srcset=\"https:\/\/lehrer-werden-in-sachsen.de\/stage\/wp-content\/uploads\/2024\/03\/7B048702ABAD4B28A2BBEE5A0F9CC570-1024x683.jpg 1024w, https:\/\/lehrer-werden-in-sachsen.de\/stage\/wp-content\/uploads\/2024\/03\/7B048702ABAD4B28A2BBEE5A0F9CC570-300x200.jpg 300w, https:\/\/lehrer-werden-in-sachsen.de\/stage\/wp-content\/uploads\/2024\/03\/7B048702ABAD4B28A2BBEE5A0F9CC570-768x512.jpg 768w, https:\/\/lehrer-werden-in-sachsen.de\/stage\/wp-content\/uploads\/2024\/03\/7B048702ABAD4B28A2BBEE5A0F9CC570.jpg 1342w\" sizes=\"(max-width: 1024px) 100vw, 1024px\" \/>\t\t\t\t\t\t\t\t\t\t\t<figcaption class=\"widget-image-caption wp-caption-text\">Immanuel (zweite Person von rechts) beim Weihnachtskonzert in der St. Jakobikirche Oelsnitz<\/figcaption>\n\t\t\t\t\t\t\t\t\t\t<\/figure>\n\t\t\t\t\t\t\t\t\t<\/div>\n\t\t\t\t<\/div>\n\t\t\t\t\t<\/div>\n\t\t<\/div>\n\t\t\t\t\t<\/div>\n\t\t<\/section>\n\t\t\t\t<section class=\"elementor-section elementor-top-section elementor-element elementor-element-03d0ab0 elementor-section-boxed elementor-section-height-default elementor-section-height-default\" data-id=\"03d0ab0\" data-element_type=\"section\" data-e-type=\"section\">\n\t\t\t\t\t\t<div class=\"elementor-container elementor-column-gap-default\">\n\t\t\t\t\t<div class=\"elementor-column elementor-col-100 elementor-top-column elementor-element elementor-element-02620a3\" data-id=\"02620a3\" data-element_type=\"column\" data-e-type=\"column\">\n\t\t\t<div class=\"elementor-widget-wrap elementor-element-populated\">\n\t\t\t\t\t\t<div class=\"elementor-element elementor-element-69ce305 elementor-widget elementor-widget-heading\" data-id=\"69ce305\" data-element_type=\"widget\" data-e-type=\"widget\" data-widget_type=\"heading.default\">\n\t\t\t\t<div class=\"elementor-widget-container\">\n\t\t\t\t\t<h2 class=\"elementor-heading-title elementor-size-default\">Individueller, kreativer, pers\u00f6nlicher: Lehrer auf dem s\u00e4chsischen Land<\/h2>\t\t\t\t<\/div>\n\t\t\t\t<\/div>\n\t\t\t\t\t<\/div>\n\t\t<\/div>\n\t\t\t\t\t<\/div>\n\t\t<\/section>\n\t\t\t\t<section class=\"elementor-section elementor-top-section elementor-element elementor-element-5bf7c3e elementor-section-boxed elementor-section-height-default elementor-section-height-default\" data-id=\"5bf7c3e\" data-element_type=\"section\" data-e-type=\"section\">\n\t\t\t\t\t\t<div class=\"elementor-container elementor-column-gap-default\">\n\t\t\t\t\t<div class=\"elementor-column elementor-col-100 elementor-top-column elementor-element elementor-element-b76e72d\" data-id=\"b76e72d\" data-element_type=\"column\" data-e-type=\"column\">\n\t\t\t<div class=\"elementor-widget-wrap elementor-element-populated\">\n\t\t\t\t\t\t<div class=\"elementor-element elementor-element-68c9477 elementor-widget elementor-widget-text-editor\" data-id=\"68c9477\" data-element_type=\"widget\" data-e-type=\"widget\" data-widget_type=\"text-editor.default\">\n\t\t\t\t<div class=\"elementor-widget-container\">\n\t\t\t\t\t\t\t\t\t<p>Immanuel hat in Chemnitz studiert, aber f\u00fcr ihn war von Anfang an klar, dass er in seine l\u00e4ndliche Heimat nach Oelsnitz \/ Vogtland zur\u00fcckkehren w\u00fcrde. Heute wohnt er dort in seinem selbst umgebauten Haus in einer Siedlung direkt am Berg mit Blick auf die Kreisstadt. Die Kleinstadt mit viel Natur und den \u201egem\u00fctlichen Menschen\u201c, wenig Hektik und viel Gemeinschaft, wie er sagt, hat f\u00fcr ihn bis heute nichts von ihrer Anziehungskraft verloren. \u201eWir haben ein sch\u00f6nes Umfeld zum Leben und Lernen. F\u00fcr Kinder ist es besonders sch\u00f6n mit den vielen Spielpl\u00e4tzen und der reichen Natur.\u201c<\/p><p>Nicht nur das Leben, sondern auch <a href=\"https:\/\/lehrer-werden-in-sachsen.de\\\\\/sachsen-erleben\/\" title=\"Sachsen erleben\" target=\"_blank\" rel=\"noopener\">das Unterrichten auf dem Land<\/a> hat f\u00fcr Immanuel besondere Vorz\u00fcge, um seiner Kreativit\u00e4t auch bei der Unterrichtsgestaltung freien Lauf zu lassen: \u201eMan kann kreativer sein als in der Stadt. Im Fach Kunst zum Beispiel kann man einfach vor die T\u00fcr gehen, Holz sammeln, es trocknen und direkt weiterverarbeiten.\u201c<\/p><p>Einzigartig ist auch sein Verh\u00e4ltnis zu den Eltern seiner Sch\u00fclerinnen und Sch\u00fcler. Als Klassenleiter kennt er viele von ihnen gut und besucht die Familien sogar zu Hause. Das hat er aus DDR-Zeiten \u00fcbernommen, in denen solche Besuche \u00fcblich waren. \u201eSo versuche ich, die Familien \u00fcber meinen Unterricht hinaus zu unterst\u00fctzen. Kinder sind einfach das Wichtigste f\u00fcr mich\u201c, betont der verheiratete Lehrer, bei dem selbst ein leibliches und drei Pflegekinder beh\u00fctet aufwachsen konnten.<\/p>\t\t\t\t\t\t\t\t<\/div>\n\t\t\t\t<\/div>\n\t\t\t\t\t<\/div>\n\t\t<\/div>\n\t\t\t\t\t<\/div>\n\t\t<\/section>\n\t\t\t\t<section class=\"elementor-section elementor-top-section elementor-element elementor-element-626fa57 elementor-section-boxed elementor-section-height-default elementor-section-height-default\" data-id=\"626fa57\" data-element_type=\"section\" data-e-type=\"section\">\n\t\t\t\t\t\t<div class=\"elementor-container elementor-column-gap-default\">\n\t\t\t\t\t<div class=\"elementor-column elementor-col-100 elementor-top-column elementor-element elementor-element-7ddd26f\" data-id=\"7ddd26f\" data-element_type=\"column\" data-e-type=\"column\">\n\t\t\t<div class=\"elementor-widget-wrap elementor-element-populated\">\n\t\t\t\t\t\t<div class=\"elementor-element elementor-element-06287ff elementor-widget elementor-widget-heading\" data-id=\"06287ff\" data-element_type=\"widget\" data-e-type=\"widget\" data-widget_type=\"heading.default\">\n\t\t\t\t<div class=\"elementor-widget-container\">\n\t\t\t\t\t<h2 class=\"elementor-heading-title elementor-size-default\">Der Lehrerberuf: Handwerk mit viel Fingerspitzengef\u00fchl<\/h2>\t\t\t\t<\/div>\n\t\t\t\t<\/div>\n\t\t\t\t\t<\/div>\n\t\t<\/div>\n\t\t\t\t\t<\/div>\n\t\t<\/section>\n\t\t\t\t<section class=\"elementor-section elementor-top-section elementor-element elementor-element-3455782 elementor-section-boxed elementor-section-height-default elementor-section-height-default\" data-id=\"3455782\" data-element_type=\"section\" data-e-type=\"section\">\n\t\t\t\t\t\t<div class=\"elementor-container elementor-column-gap-default\">\n\t\t\t\t\t<div class=\"elementor-column elementor-col-100 elementor-top-column elementor-element elementor-element-861b2d0\" data-id=\"861b2d0\" data-element_type=\"column\" data-e-type=\"column\">\n\t\t\t<div class=\"elementor-widget-wrap elementor-element-populated\">\n\t\t\t\t\t\t<div class=\"elementor-element elementor-element-3863258 elementor-widget elementor-widget-text-editor\" data-id=\"3863258\" data-element_type=\"widget\" data-e-type=\"widget\" data-widget_type=\"text-editor.default\">\n\t\t\t\t<div class=\"elementor-widget-container\">\n\t\t\t\t\t\t\t\t\t<p>\u201eDer Lehrerberuf ist wie ein Handwerk, zu dem verschiedene F\u00e4higkeiten geh\u00f6ren. Man braucht ein feines Fingerspitzengef\u00fchl f\u00fcr den Menschen hinter dem Sch\u00fcler. Der Sch\u00fcler als Mensch soll von uns Lehrern als Menschen lernen\u201c, findet Immanuel. Doch nicht allein die Sch\u00fcler k\u00e4men in die Schule, um von den Lehrern zu lernen. Dasselbe gelte auch umgekehrt: \u201eDie Sch\u00fcler unterst\u00fctzen mich und zeigen mir meine Fehler! Viele haben eine unglaublich hohe Sozialkompetenz, die man sehen und f\u00f6rdern muss.\u201c<\/p><p>\u00a0<\/p><p>Dar\u00fcber hinaus sch\u00e4tzt Immanuel die Freiheiten, die ihm sein Beruf bietet. \u201eIch kann mir meine Zeit selbst einteilen, auch wenn die groben Strukturen nat\u00fcrlich vorgegeben sind. Aber ich kann trotzdem mehr oder weniger frei entscheiden, wann ich mich selbst zum Beispiel mit Klassenarbeiten \u201abelasten\u2018 m\u00f6chte. Das ist ein gro\u00dfer Vorteil des Lehrerberufs, den man aber auch zu nutzen wissen muss.\u201c<\/p>\t\t\t\t\t\t\t\t<\/div>\n\t\t\t\t<\/div>\n\t\t\t\t\t<\/div>\n\t\t<\/div>\n\t\t\t\t\t<\/div>\n\t\t<\/section>\n\t\t\t\t<section class=\"elementor-section elementor-top-section elementor-element elementor-element-d00a29d elementor-section-boxed elementor-section-height-default elementor-section-height-default\" data-id=\"d00a29d\" data-element_type=\"section\" data-e-type=\"section\">\n\t\t\t\t\t\t<div class=\"elementor-container elementor-column-gap-default\">\n\t\t\t\t\t<div class=\"elementor-column elementor-col-100 elementor-top-column elementor-element elementor-element-396d97a\" data-id=\"396d97a\" data-element_type=\"column\" data-e-type=\"column\">\n\t\t\t<div class=\"elementor-widget-wrap elementor-element-populated\">\n\t\t\t\t\t\t<div class=\"elementor-element elementor-element-e034a56 elementor-widget elementor-widget-heading\" data-id=\"e034a56\" data-element_type=\"widget\" data-e-type=\"widget\" data-widget_type=\"heading.default\">\n\t\t\t\t<div class=\"elementor-widget-container\">\n\t\t\t\t\t<h2 class=\"elementor-heading-title elementor-size-default\">\u201eTeamgeist! Einzelk\u00e4mpfer k\u00f6nnen wir nicht gebrauchen\u201c<\/h2>\t\t\t\t<\/div>\n\t\t\t\t<\/div>\n\t\t\t\t\t<\/div>\n\t\t<\/div>\n\t\t\t\t\t<\/div>\n\t\t<\/section>\n\t\t\t\t<section class=\"elementor-section elementor-top-section elementor-element elementor-element-fa50c51 elementor-section-boxed elementor-section-height-default elementor-section-height-default\" data-id=\"fa50c51\" data-element_type=\"section\" data-e-type=\"section\">\n\t\t\t\t\t\t<div class=\"elementor-container elementor-column-gap-default\">\n\t\t\t\t\t<div class=\"elementor-column elementor-col-100 elementor-top-column elementor-element elementor-element-d5d8f7d\" data-id=\"d5d8f7d\" data-element_type=\"column\" data-e-type=\"column\">\n\t\t\t<div class=\"elementor-widget-wrap elementor-element-populated\">\n\t\t\t\t\t\t<div class=\"elementor-element elementor-element-b49372e elementor-widget elementor-widget-text-editor\" data-id=\"b49372e\" data-element_type=\"widget\" data-e-type=\"widget\" data-widget_type=\"text-editor.default\">\n\t\t\t\t<div class=\"elementor-widget-container\">\n\t\t\t\t\t\t\t\t\t<p>Immanuel beschreibt sich als \u201aehrlich\u2018 und \u201afrei heraus\u2018. \u201eAber vor allem muss man \u201azackig\u2018 sein! Und sich genauso verhalten, wie man es von den Sch\u00fclern erwartet: identisch und ehrlich.\u201c Man m\u00fcsse Situationen im Unterricht rechtzeitig richtig einsch\u00e4tzen k\u00f6nnen, um angemessen zu reagieren. D\u00fcrfe das Ruder nicht aus der Hand geben, m\u00fcsse als Autorit\u00e4tsperson konsequent sein und zu seinem Wort stehen: \u201eJe mehr man die Kinder im Sack hat, desto mehr Freiheiten kann man geben.\u201c<\/p><p>\u00a0<\/p><p>Welche zuk\u00fcnftigen Kolleginnen und Kollegen w\u00fcnscht sich Immanuel? Solche, die den Kontakt zu den Kindern halten: \u201eDas ist das Wichtigste!\u201c Die das Menschliche mit erfolgreicher Wissensvermittlung und guten Fachwissen verbinden k\u00f6nnen: \u201eLust und Liebe zur Arbeit mit Kindern, Teamgeist! Einzelk\u00e4mpfer k\u00f6nnen wir nicht gebrauchen.\u201c<\/p><p>\u00a0<\/p><p>Aufgeschlossenheit und Interesse an Kindern und der jungen Generation z\u00e4hlten ebenso: \u201eDas bringt einen nur weiter. Wichtig ist aber: Du musst der Chef sein, aber nicht nur. Du musst den Sch\u00fclern das Gef\u00fchl geben, dass sie etwas k\u00f6nnen und dass wir alle gemeinsam lernen.\u201c Man m\u00fcsse \u201eam Ball bleiben\u201c und Anspr\u00fcche an sich und an andere haben. Hoffnung und Zuversicht sind Immanuel ebenfalls wichtig. Es gehe darum, neue Generationen zu begleiten: \u201eMan muss seinen eigenen Frust an der Klassenzimmert\u00fcr abgeben. Als Lehrer muss man eine starke Pers\u00f6nlichkeit sein, um den Kindern in der Schule Best\u00e4ndigkeit zu garantieren.\u201c<\/p><p>\u00a0<\/p><p>Immanuels Rat an alle am Lehrerberuf Interessierten: Ausprobieren, Praxisluft schnuppern, ein FSJ machen. \u201eJeder, der Interesse hat, kann sich gerne bei mir melden und in einer Unterrichtseinheit hospitieren!\u201c Denn wie die Arbeit mit Kindern und Jugendlichen wirklich geht, das lerne man im Studium nur bedingt, so der leidenschaftliche Lehrer und f\u00fcrsorgliche Familienvater.<\/p>\t\t\t\t\t\t\t\t<\/div>\n\t\t\t\t<\/div>\n\t\t\t\t\t<\/div>\n\t\t<\/div>\n\t\t\t\t\t<\/div>\n\t\t<\/section>\n\t\t\t\t<section class=\"elementor-section elementor-top-section elementor-element elementor-element-093ceee elementor-section-boxed elementor-section-height-default elementor-section-height-default\" data-id=\"093ceee\" data-element_type=\"section\" data-e-type=\"section\">\n\t\t\t\t\t\t<div class=\"elementor-container elementor-column-gap-default\">\n\t\t\t\t\t<div class=\"elementor-column elementor-col-100 elementor-top-column elementor-element elementor-element-773fd5e\" data-id=\"773fd5e\" data-element_type=\"column\" data-e-type=\"column\">\n\t\t\t<div class=\"elementor-widget-wrap elementor-element-populated\">\n\t\t\t\t\t\t<div class=\"elementor-element elementor-element-d451427 elementor-widget elementor-widget-spacer\" data-id=\"d451427\" data-element_type=\"widget\" data-e-type=\"widget\" data-widget_type=\"spacer.default\">\n\t\t\t\t<div class=\"elementor-widget-container\">\n\t\t\t\t\t\t\t<div class=\"elementor-spacer\">\n\t\t\t<div class=\"elementor-spacer-inner\"><\/div>\n\t\t<\/div>\n\t\t\t\t\t\t<\/div>\n\t\t\t\t<\/div>\n\t\t\t\t\t<\/div>\n\t\t<\/div>\n\t\t\t\t\t<\/div>\n\t\t<\/section>\n\t\t\t\t<section class=\"elementor-section elementor-top-section elementor-element elementor-element-32cdc3c elementor-section-boxed elementor-section-height-default elementor-section-height-default\" data-id=\"32cdc3c\" data-element_type=\"section\" data-e-type=\"section\">\n\t\t\t\t\t\t<div class=\"elementor-container elementor-column-gap-default\">\n\t\t\t\t\t<div class=\"elementor-column elementor-col-100 elementor-top-column elementor-element elementor-element-c1cd103\" data-id=\"c1cd103\" data-element_type=\"column\" data-e-type=\"column\">\n\t\t\t<div class=\"elementor-widget-wrap elementor-element-populated\">\n\t\t\t\t\t\t<div class=\"elementor-element elementor-element-98d6a78 elementor-widget elementor-widget-heading\" data-id=\"98d6a78\" data-element_type=\"widget\" data-e-type=\"widget\" data-widget_type=\"heading.default\">\n\t\t\t\t<div class=\"elementor-widget-container\">\n\t\t\t\t\t<h2 class=\"elementor-heading-title elementor-size-default\">Du m\u00f6chtest mehr \u00fcber das FSJ P\u00e4dagogik erfahren?<\/h2>\t\t\t\t<\/div>\n\t\t\t\t<\/div>\n\t\t\t\t\t<\/div>\n\t\t<\/div>\n\t\t\t\t\t<\/div>\n\t\t<\/section>\n\t\t\t\t<section class=\"elementor-section elementor-top-section elementor-element elementor-element-4ceec11 elementor-section-boxed elementor-section-height-default elementor-section-height-default\" data-id=\"4ceec11\" data-element_type=\"section\" data-e-type=\"section\">\n\t\t\t\t\t\t<div class=\"elementor-container elementor-column-gap-default\">\n\t\t\t\t\t<div class=\"elementor-column elementor-col-100 elementor-top-column elementor-element elementor-element-78b527f\" data-id=\"78b527f\" data-element_type=\"column\" data-e-type=\"column\">\n\t\t\t<div class=\"elementor-widget-wrap elementor-element-populated\">\n\t\t\t\t\t\t<div class=\"elementor-element elementor-element-8a8f4a4 elementor-widget elementor-widget-button\" data-id=\"8a8f4a4\" data-element_type=\"widget\" data-e-type=\"widget\" data-widget_type=\"button.default\">\n\t\t\t\t<div class=\"elementor-widget-container\">\n\t\t\t\t\t\t\t\t\t<div class=\"elementor-button-wrapper\">\n\t\t\t\t\t<a class=\"elementor-button elementor-button-link elementor-size-sm\" href=\"https:\/\/lehrer-werden-in-sachsen.de\/fsj-paedagogik-24-25\/\" target=\"_blank\" title=\"FSJ P\u00e4dagogik\">\n\t\t\t\t\t\t<span class=\"elementor-button-content-wrapper\">\n\t\t\t\t\t\t\t\t\t<span class=\"elementor-button-text\">Hier erf\u00e4hrst du alles \u00fcber den Ablauf und das Bewerbungsverfahren<\/span>\n\t\t\t\t\t<\/span>\n\t\t\t\t\t<\/a>\n\t\t\t\t<\/div>\n\t\t\t\t\t\t\t\t<\/div>\n\t\t\t\t<\/div>\n\t\t\t\t\t<\/div>\n\t\t<\/div>\n\t\t\t\t\t<\/div>\n\t\t<\/section>\n\t\t\t\t<\/div>\n\t\t","protected":false},"excerpt":{"rendered":"<p>Ob als Lehrer an der OS Oelsnitz oder als Pflegevater zuhause: F\u00fcr Immanuel Bittrich sind Kinder das Wichtigste und der Mittelpunkt seines Lebens. <\/p>\n","protected":false},"author":13,"featured_media":14724,"comment_status":"closed","ping_status":"closed","sticky":false,"template":"","format":"standard","meta":{"footnotes":""},"categories":[46],"tags":[205,114,210],"class_list":["post-14717","post","type-post","status-publish","format-standard","has-post-thumbnail","hentry","category-blog","tag-bedarf","tag-oberschule","tag-saechsische-regionen"],"yoast_head":"<!-- This site is optimized with the Yoast SEO plugin v27.3 - https:\/\/yoast.com\/product\/yoast-seo-wordpress\/ -->\n<title>LEHRERIN SACHSEN | \u201eDer Lehrerberuf ist wie ein Handwerk\u201c<\/title>\n<meta name=\"description\" content=\"Ob als Lehrer oder als Pflegevater zuhause: F\u00fcr Immanuel Bittrich sind Kinder das Wichtigste und der Mittelpunkt seines Lebens.\" \/>\n<meta name=\"robots\" content=\"index, follow, max-snippet:-1, max-image-preview:large, max-video-preview:-1\" \/>\n<link rel=\"canonical\" href=\"https:\/\/lehrer-werden-in-sachsen.de\/lehrer-auf-dem-saechsischen-land-immanuel-bittrich\/\" \/>\n<meta property=\"og:locale\" content=\"de_DE\" \/>\n<meta property=\"og:type\" content=\"article\" \/>\n<meta property=\"og:title\" content=\"LEHRERIN SACHSEN | \u201eDer Lehrerberuf ist wie ein Handwerk\u201c\" \/>\n<meta property=\"og:description\" content=\"Ob als Lehrer oder als Pflegevater zuhause: F\u00fcr Immanuel Bittrich sind Kinder das Wichtigste und der Mittelpunkt seines Lebens.\" \/>\n<meta property=\"og:url\" content=\"https:\/\/lehrer-werden-in-sachsen.de\/lehrer-auf-dem-saechsischen-land-immanuel-bittrich\/\" \/>\n<meta property=\"og:site_name\" content=\"LEHRERIN SACHSEN\" \/>\n<meta property=\"article:published_time\" content=\"2024-03-27T13:00:17+00:00\" \/>\n<meta property=\"article:modified_time\" content=\"2025-12-02T20:32:28+00:00\" \/>\n<meta property=\"og:image\" content=\"https:\/\/lehrer-werden-in-sachsen.de\/wp-content\/uploads\/2024\/03\/56B72C4A62EC4AECA0B15F78E08BC9AA.jpg\" \/>\n\t<meta property=\"og:image:width\" content=\"1342\" \/>\n\t<meta property=\"og:image:height\" content=\"895\" \/>\n\t<meta property=\"og:image:type\" content=\"image\/jpeg\" \/>\n<meta name=\"author\" content=\"Maria Kretschmann\" \/>\n<meta name=\"twitter:card\" content=\"summary_large_image\" \/>\n<meta name=\"twitter:label1\" content=\"Verfasst von\" \/>\n\t<meta name=\"twitter:data1\" content=\"Maria Kretschmann\" \/>\n\t<meta name=\"twitter:label2\" content=\"Gesch\u00e4tzte Lesezeit\" \/>\n\t<meta name=\"twitter:data2\" content=\"9\u00a0Minuten\" \/>\n<script type=\"application\/ld+json\" class=\"yoast-schema-graph\">{\"@context\":\"https:\\\/\\\/schema.org\",\"@graph\":[{\"@type\":\"Article\",\"@id\":\"https:\\\/\\\/lehrer-werden-in-sachsen.de\\\/lehrer-auf-dem-saechsischen-land-immanuel-bittrich\\\/#article\",\"isPartOf\":{\"@id\":\"https:\\\/\\\/lehrer-werden-in-sachsen.de\\\/lehrer-auf-dem-saechsischen-land-immanuel-bittrich\\\/\"},\"author\":{\"name\":\"Maria Kretschmann\",\"@id\":\"https:\\\/\\\/lehrer-werden-in-sachsen.de\\\/#\\\/schema\\\/person\\\/4a127ffcfbf4e52ff0f66dcd7b4a5cc1\"},\"headline\":\"\u201eDer Lehrerberuf ist wie ein Handwerk: Man braucht viel Fingerspitzengef\u00fchl\u201c\",\"datePublished\":\"2024-03-27T13:00:17+00:00\",\"dateModified\":\"2025-12-02T20:32:28+00:00\",\"mainEntityOfPage\":{\"@id\":\"https:\\\/\\\/lehrer-werden-in-sachsen.de\\\/lehrer-auf-dem-saechsischen-land-immanuel-bittrich\\\/\"},\"wordCount\":1565,\"publisher\":{\"@id\":\"https:\\\/\\\/lehrer-werden-in-sachsen.de\\\/#organization\"},\"image\":{\"@id\":\"https:\\\/\\\/lehrer-werden-in-sachsen.de\\\/lehrer-auf-dem-saechsischen-land-immanuel-bittrich\\\/#primaryimage\"},\"thumbnailUrl\":\"https:\\\/\\\/lehrer-werden-in-sachsen.de\\\/stage\\\/wp-content\\\/uploads\\\/2024\\\/03\\\/56B72C4A62EC4AECA0B15F78E08BC9AA.jpg\",\"keywords\":[\"Bedarf\",\"Oberschule\",\"S\u00e4chsische Regionen\"],\"articleSection\":[\"Blog\"],\"inLanguage\":\"de\"},{\"@type\":\"WebPage\",\"@id\":\"https:\\\/\\\/lehrer-werden-in-sachsen.de\\\/lehrer-auf-dem-saechsischen-land-immanuel-bittrich\\\/\",\"url\":\"https:\\\/\\\/lehrer-werden-in-sachsen.de\\\/lehrer-auf-dem-saechsischen-land-immanuel-bittrich\\\/\",\"name\":\"LEHRERIN SACHSEN | \u201eDer Lehrerberuf ist wie ein Handwerk\u201c\",\"isPartOf\":{\"@id\":\"https:\\\/\\\/lehrer-werden-in-sachsen.de\\\/#website\"},\"primaryImageOfPage\":{\"@id\":\"https:\\\/\\\/lehrer-werden-in-sachsen.de\\\/lehrer-auf-dem-saechsischen-land-immanuel-bittrich\\\/#primaryimage\"},\"image\":{\"@id\":\"https:\\\/\\\/lehrer-werden-in-sachsen.de\\\/lehrer-auf-dem-saechsischen-land-immanuel-bittrich\\\/#primaryimage\"},\"thumbnailUrl\":\"https:\\\/\\\/lehrer-werden-in-sachsen.de\\\/stage\\\/wp-content\\\/uploads\\\/2024\\\/03\\\/56B72C4A62EC4AECA0B15F78E08BC9AA.jpg\",\"datePublished\":\"2024-03-27T13:00:17+00:00\",\"dateModified\":\"2025-12-02T20:32:28+00:00\",\"description\":\"Ob als Lehrer oder als Pflegevater zuhause: F\u00fcr Immanuel Bittrich sind Kinder das Wichtigste und der Mittelpunkt seines Lebens.\",\"breadcrumb\":{\"@id\":\"https:\\\/\\\/lehrer-werden-in-sachsen.de\\\/lehrer-auf-dem-saechsischen-land-immanuel-bittrich\\\/#breadcrumb\"},\"inLanguage\":\"de\",\"potentialAction\":[{\"@type\":\"ReadAction\",\"target\":[\"https:\\\/\\\/lehrer-werden-in-sachsen.de\\\/lehrer-auf-dem-saechsischen-land-immanuel-bittrich\\\/\"]}]},{\"@type\":\"ImageObject\",\"inLanguage\":\"de\",\"@id\":\"https:\\\/\\\/lehrer-werden-in-sachsen.de\\\/lehrer-auf-dem-saechsischen-land-immanuel-bittrich\\\/#primaryimage\",\"url\":\"https:\\\/\\\/lehrer-werden-in-sachsen.de\\\/stage\\\/wp-content\\\/uploads\\\/2024\\\/03\\\/56B72C4A62EC4AECA0B15F78E08BC9AA.jpg\",\"contentUrl\":\"https:\\\/\\\/lehrer-werden-in-sachsen.de\\\/stage\\\/wp-content\\\/uploads\\\/2024\\\/03\\\/56B72C4A62EC4AECA0B15F78E08BC9AA.jpg\",\"width\":1342,\"height\":895,\"caption\":\"Immanuel Bittrich und seine Sch\u00fcler beim Weihnachtskonzert der St. Jakobikirche Oelsnitz\"},{\"@type\":\"BreadcrumbList\",\"@id\":\"https:\\\/\\\/lehrer-werden-in-sachsen.de\\\/lehrer-auf-dem-saechsischen-land-immanuel-bittrich\\\/#breadcrumb\",\"itemListElement\":[{\"@type\":\"ListItem\",\"position\":1,\"name\":\"Startseite\",\"item\":\"https:\\\/\\\/lehrer-werden-in-sachsen.de\\\/\"},{\"@type\":\"ListItem\",\"position\":2,\"name\":\"\u201eDer Lehrerberuf ist wie ein Handwerk: Man braucht viel Fingerspitzengef\u00fchl\u201c\"}]},{\"@type\":\"WebSite\",\"@id\":\"https:\\\/\\\/lehrer-werden-in-sachsen.de\\\/#website\",\"url\":\"https:\\\/\\\/lehrer-werden-in-sachsen.de\\\/\",\"name\":\"LEHRERIN SACHSEN\",\"description\":\"Eine Klasse f\u00fcr sich.\",\"publisher\":{\"@id\":\"https:\\\/\\\/lehrer-werden-in-sachsen.de\\\/#organization\"},\"potentialAction\":[{\"@type\":\"SearchAction\",\"target\":{\"@type\":\"EntryPoint\",\"urlTemplate\":\"https:\\\/\\\/lehrer-werden-in-sachsen.de\\\/?s={search_term_string}\"},\"query-input\":{\"@type\":\"PropertyValueSpecification\",\"valueRequired\":true,\"valueName\":\"search_term_string\"}}],\"inLanguage\":\"de\"},{\"@type\":\"Organization\",\"@id\":\"https:\\\/\\\/lehrer-werden-in-sachsen.de\\\/#organization\",\"name\":\"LEHRERIN SACHSEN\",\"url\":\"https:\\\/\\\/lehrer-werden-in-sachsen.de\\\/\",\"logo\":{\"@type\":\"ImageObject\",\"inLanguage\":\"de\",\"@id\":\"https:\\\/\\\/lehrer-werden-in-sachsen.de\\\/#\\\/schema\\\/logo\\\/image\\\/\",\"url\":\"https:\\\/\\\/lehrer-werden-in-sachsen.de\\\/stage\\\/wp-content\\\/uploads\\\/2022\\\/02\\\/SMK_Leherin-Sachsen-Marke_RGB_Violett-Orange.svg\",\"contentUrl\":\"https:\\\/\\\/lehrer-werden-in-sachsen.de\\\/stage\\\/wp-content\\\/uploads\\\/2022\\\/02\\\/SMK_Leherin-Sachsen-Marke_RGB_Violett-Orange.svg\",\"caption\":\"LEHRERIN SACHSEN\"},\"image\":{\"@id\":\"https:\\\/\\\/lehrer-werden-in-sachsen.de\\\/#\\\/schema\\\/logo\\\/image\\\/\"}},{\"@type\":\"Person\",\"@id\":\"https:\\\/\\\/lehrer-werden-in-sachsen.de\\\/#\\\/schema\\\/person\\\/4a127ffcfbf4e52ff0f66dcd7b4a5cc1\",\"name\":\"Maria Kretschmann\",\"image\":{\"@type\":\"ImageObject\",\"inLanguage\":\"de\",\"@id\":\"https:\\\/\\\/secure.gravatar.com\\\/avatar\\\/785963a239158e0d036c182ccde6b24c2d0822b83af8ab1b3773045a106114df?s=96&d=mm&r=g\",\"url\":\"https:\\\/\\\/secure.gravatar.com\\\/avatar\\\/785963a239158e0d036c182ccde6b24c2d0822b83af8ab1b3773045a106114df?s=96&d=mm&r=g\",\"contentUrl\":\"https:\\\/\\\/secure.gravatar.com\\\/avatar\\\/785963a239158e0d036c182ccde6b24c2d0822b83af8ab1b3773045a106114df?s=96&d=mm&r=g\",\"caption\":\"Maria Kretschmann\"},\"url\":\"https:\\\/\\\/lehrer-werden-in-sachsen.de\\\/stage\\\/author\\\/maria-kretschmann\\\/\"}]}<\/script>\n<!-- \/ Yoast SEO plugin. -->","yoast_head_json":{"title":"LEHRERIN SACHSEN | \u201eDer Lehrerberuf ist wie ein Handwerk\u201c","description":"Ob als Lehrer oder als Pflegevater zuhause: F\u00fcr Immanuel Bittrich sind Kinder das Wichtigste und der Mittelpunkt seines Lebens.","robots":{"index":"index","follow":"follow","max-snippet":"max-snippet:-1","max-image-preview":"max-image-preview:large","max-video-preview":"max-video-preview:-1"},"canonical":"https:\/\/lehrer-werden-in-sachsen.de\/lehrer-auf-dem-saechsischen-land-immanuel-bittrich\/","og_locale":"de_DE","og_type":"article","og_title":"LEHRERIN SACHSEN | \u201eDer Lehrerberuf ist wie ein Handwerk\u201c","og_description":"Ob als Lehrer oder als Pflegevater zuhause: F\u00fcr Immanuel Bittrich sind Kinder das Wichtigste und der Mittelpunkt seines Lebens.","og_url":"https:\/\/lehrer-werden-in-sachsen.de\/lehrer-auf-dem-saechsischen-land-immanuel-bittrich\/","og_site_name":"LEHRERIN SACHSEN","article_published_time":"2024-03-27T13:00:17+00:00","article_modified_time":"2025-12-02T20:32:28+00:00","og_image":[{"width":1342,"height":895,"url":"https:\/\/lehrer-werden-in-sachsen.de\/wp-content\/uploads\/2024\/03\/56B72C4A62EC4AECA0B15F78E08BC9AA.jpg","type":"image\/jpeg"}],"author":"Maria Kretschmann","twitter_card":"summary_large_image","twitter_misc":{"Verfasst von":"Maria Kretschmann","Gesch\u00e4tzte Lesezeit":"9\u00a0Minuten"},"schema":{"@context":"https:\/\/schema.org","@graph":[{"@type":"Article","@id":"https:\/\/lehrer-werden-in-sachsen.de\/lehrer-auf-dem-saechsischen-land-immanuel-bittrich\/#article","isPartOf":{"@id":"https:\/\/lehrer-werden-in-sachsen.de\/lehrer-auf-dem-saechsischen-land-immanuel-bittrich\/"},"author":{"name":"Maria Kretschmann","@id":"https:\/\/lehrer-werden-in-sachsen.de\/#\/schema\/person\/4a127ffcfbf4e52ff0f66dcd7b4a5cc1"},"headline":"\u201eDer Lehrerberuf ist wie ein Handwerk: Man braucht viel Fingerspitzengef\u00fchl\u201c","datePublished":"2024-03-27T13:00:17+00:00","dateModified":"2025-12-02T20:32:28+00:00","mainEntityOfPage":{"@id":"https:\/\/lehrer-werden-in-sachsen.de\/lehrer-auf-dem-saechsischen-land-immanuel-bittrich\/"},"wordCount":1565,"publisher":{"@id":"https:\/\/lehrer-werden-in-sachsen.de\/#organization"},"image":{"@id":"https:\/\/lehrer-werden-in-sachsen.de\/lehrer-auf-dem-saechsischen-land-immanuel-bittrich\/#primaryimage"},"thumbnailUrl":"https:\/\/lehrer-werden-in-sachsen.de\/stage\/wp-content\/uploads\/2024\/03\/56B72C4A62EC4AECA0B15F78E08BC9AA.jpg","keywords":["Bedarf","Oberschule","S\u00e4chsische Regionen"],"articleSection":["Blog"],"inLanguage":"de"},{"@type":"WebPage","@id":"https:\/\/lehrer-werden-in-sachsen.de\/lehrer-auf-dem-saechsischen-land-immanuel-bittrich\/","url":"https:\/\/lehrer-werden-in-sachsen.de\/lehrer-auf-dem-saechsischen-land-immanuel-bittrich\/","name":"LEHRERIN SACHSEN | \u201eDer Lehrerberuf ist wie ein Handwerk\u201c","isPartOf":{"@id":"https:\/\/lehrer-werden-in-sachsen.de\/#website"},"primaryImageOfPage":{"@id":"https:\/\/lehrer-werden-in-sachsen.de\/lehrer-auf-dem-saechsischen-land-immanuel-bittrich\/#primaryimage"},"image":{"@id":"https:\/\/lehrer-werden-in-sachsen.de\/lehrer-auf-dem-saechsischen-land-immanuel-bittrich\/#primaryimage"},"thumbnailUrl":"https:\/\/lehrer-werden-in-sachsen.de\/stage\/wp-content\/uploads\/2024\/03\/56B72C4A62EC4AECA0B15F78E08BC9AA.jpg","datePublished":"2024-03-27T13:00:17+00:00","dateModified":"2025-12-02T20:32:28+00:00","description":"Ob als Lehrer oder als Pflegevater zuhause: F\u00fcr Immanuel Bittrich sind Kinder das Wichtigste und der Mittelpunkt seines Lebens.","breadcrumb":{"@id":"https:\/\/lehrer-werden-in-sachsen.de\/lehrer-auf-dem-saechsischen-land-immanuel-bittrich\/#breadcrumb"},"inLanguage":"de","potentialAction":[{"@type":"ReadAction","target":["https:\/\/lehrer-werden-in-sachsen.de\/lehrer-auf-dem-saechsischen-land-immanuel-bittrich\/"]}]},{"@type":"ImageObject","inLanguage":"de","@id":"https:\/\/lehrer-werden-in-sachsen.de\/lehrer-auf-dem-saechsischen-land-immanuel-bittrich\/#primaryimage","url":"https:\/\/lehrer-werden-in-sachsen.de\/stage\/wp-content\/uploads\/2024\/03\/56B72C4A62EC4AECA0B15F78E08BC9AA.jpg","contentUrl":"https:\/\/lehrer-werden-in-sachsen.de\/stage\/wp-content\/uploads\/2024\/03\/56B72C4A62EC4AECA0B15F78E08BC9AA.jpg","width":1342,"height":895,"caption":"Immanuel Bittrich und seine Sch\u00fcler beim Weihnachtskonzert der St. Jakobikirche Oelsnitz"},{"@type":"BreadcrumbList","@id":"https:\/\/lehrer-werden-in-sachsen.de\/lehrer-auf-dem-saechsischen-land-immanuel-bittrich\/#breadcrumb","itemListElement":[{"@type":"ListItem","position":1,"name":"Startseite","item":"https:\/\/lehrer-werden-in-sachsen.de\/"},{"@type":"ListItem","position":2,"name":"\u201eDer Lehrerberuf ist wie ein Handwerk: Man braucht viel Fingerspitzengef\u00fchl\u201c"}]},{"@type":"WebSite","@id":"https:\/\/lehrer-werden-in-sachsen.de\/#website","url":"https:\/\/lehrer-werden-in-sachsen.de\/","name":"LEHRERIN SACHSEN","description":"Eine Klasse f\u00fcr sich.","publisher":{"@id":"https:\/\/lehrer-werden-in-sachsen.de\/#organization"},"potentialAction":[{"@type":"SearchAction","target":{"@type":"EntryPoint","urlTemplate":"https:\/\/lehrer-werden-in-sachsen.de\/?s={search_term_string}"},"query-input":{"@type":"PropertyValueSpecification","valueRequired":true,"valueName":"search_term_string"}}],"inLanguage":"de"},{"@type":"Organization","@id":"https:\/\/lehrer-werden-in-sachsen.de\/#organization","name":"LEHRERIN SACHSEN","url":"https:\/\/lehrer-werden-in-sachsen.de\/","logo":{"@type":"ImageObject","inLanguage":"de","@id":"https:\/\/lehrer-werden-in-sachsen.de\/#\/schema\/logo\/image\/","url":"https:\/\/lehrer-werden-in-sachsen.de\/stage\/wp-content\/uploads\/2022\/02\/SMK_Leherin-Sachsen-Marke_RGB_Violett-Orange.svg","contentUrl":"https:\/\/lehrer-werden-in-sachsen.de\/stage\/wp-content\/uploads\/2022\/02\/SMK_Leherin-Sachsen-Marke_RGB_Violett-Orange.svg","caption":"LEHRERIN SACHSEN"},"image":{"@id":"https:\/\/lehrer-werden-in-sachsen.de\/#\/schema\/logo\/image\/"}},{"@type":"Person","@id":"https:\/\/lehrer-werden-in-sachsen.de\/#\/schema\/person\/4a127ffcfbf4e52ff0f66dcd7b4a5cc1","name":"Maria Kretschmann","image":{"@type":"ImageObject","inLanguage":"de","@id":"https:\/\/secure.gravatar.com\/avatar\/785963a239158e0d036c182ccde6b24c2d0822b83af8ab1b3773045a106114df?s=96&d=mm&r=g","url":"https:\/\/secure.gravatar.com\/avatar\/785963a239158e0d036c182ccde6b24c2d0822b83af8ab1b3773045a106114df?s=96&d=mm&r=g","contentUrl":"https:\/\/secure.gravatar.com\/avatar\/785963a239158e0d036c182ccde6b24c2d0822b83af8ab1b3773045a106114df?s=96&d=mm&r=g","caption":"Maria Kretschmann"},"url":"https:\/\/lehrer-werden-in-sachsen.de\/stage\/author\/maria-kretschmann\/"}]}},"_links":{"self":[{"href":"https:\/\/lehrer-werden-in-sachsen.de\/stage\/wp-json\/wp\/v2\/posts\/14717","targetHints":{"allow":["GET"]}}],"collection":[{"href":"https:\/\/lehrer-werden-in-sachsen.de\/stage\/wp-json\/wp\/v2\/posts"}],"about":[{"href":"https:\/\/lehrer-werden-in-sachsen.de\/stage\/wp-json\/wp\/v2\/types\/post"}],"author":[{"embeddable":true,"href":"https:\/\/lehrer-werden-in-sachsen.de\/stage\/wp-json\/wp\/v2\/users\/13"}],"replies":[{"embeddable":true,"href":"https:\/\/lehrer-werden-in-sachsen.de\/stage\/wp-json\/wp\/v2\/comments?post=14717"}],"version-history":[{"count":70,"href":"https:\/\/lehrer-werden-in-sachsen.de\/stage\/wp-json\/wp\/v2\/posts\/14717\/revisions"}],"predecessor-version":[{"id":25036,"href":"https:\/\/lehrer-werden-in-sachsen.de\/stage\/wp-json\/wp\/v2\/posts\/14717\/revisions\/25036"}],"wp:featuredmedia":[{"embeddable":true,"href":"https:\/\/lehrer-werden-in-sachsen.de\/stage\/wp-json\/wp\/v2\/media\/14724"}],"wp:attachment":[{"href":"https:\/\/lehrer-werden-in-sachsen.de\/stage\/wp-json\/wp\/v2\/media?parent=14717"}],"wp:term":[{"taxonomy":"category","embeddable":true,"href":"https:\/\/lehrer-werden-in-sachsen.de\/stage\/wp-json\/wp\/v2\/categories?post=14717"},{"taxonomy":"post_tag","embeddable":true,"href":"https:\/\/lehrer-werden-in-sachsen.de\/stage\/wp-json\/wp\/v2\/tags?post=14717"}],"curies":[{"name":"wp","href":"https:\/\/api.w.org\/{rel}","templated":true}]}}