{"id":14408,"date":"2024-02-07T15:24:18","date_gmt":"2024-02-07T14:24:18","guid":{"rendered":"https:\/\/lehrer-werden-in-sachsen.de\/stage\/?p=14408"},"modified":"2025-12-02T21:33:36","modified_gmt":"2025-12-02T20:33:36","slug":"lehrerin-auf-dem-saechsischen-land","status":"publish","type":"post","link":"https:\/\/lehrer-werden-in-sachsen.de\/stage\/lehrerin-auf-dem-saechsischen-land\/","title":{"rendered":"Lehrerin auf dem s\u00e4chsischen Land: Arbeiten, wo andere Urlaub machen"},"content":{"rendered":"\t\t<div data-elementor-type=\"wp-post\" data-elementor-id=\"14408\" class=\"elementor elementor-14408\" data-elementor-post-type=\"post\">\n\t\t\t\t\t\t<section class=\"elementor-section elementor-top-section elementor-element elementor-element-77dc2d3 elementor-section-boxed elementor-section-height-default elementor-section-height-default\" data-id=\"77dc2d3\" data-element_type=\"section\" data-e-type=\"section\">\n\t\t\t\t\t\t<div class=\"elementor-container elementor-column-gap-default\">\n\t\t\t\t\t<div class=\"elementor-column elementor-col-100 elementor-top-column elementor-element elementor-element-db24ebd\" data-id=\"db24ebd\" data-element_type=\"column\" data-e-type=\"column\">\n\t\t\t<div class=\"elementor-widget-wrap elementor-element-populated\">\n\t\t\t\t\t\t<div class=\"elementor-element elementor-element-8cb6e5f elementor-widget elementor-widget-text-editor\" data-id=\"8cb6e5f\" data-element_type=\"widget\" data-e-type=\"widget\" data-widget_type=\"text-editor.default\">\n\t\t\t\t<div class=\"elementor-widget-container\">\n\t\t\t\t\t\t\t\t\t<p><strong>Es ist Ende Januar und trotz Winterzeit liegt ein Hauch von Fr\u00fchling in der Luft. Aufbruchstimmung. Das passt gut zur aktuellen Lebenssituation von Svenja (26). Die geb\u00fcrtige S\u00e4chsin beginnt nach ihrem Referendariat im Februar als festangestellte Deutschlehrerin an der <\/strong><a href=\"https:\/\/mittelschule-sayda.de\/\" title=\"Oberschule Bergstadtschule Sayda\" target=\"_blank\" rel=\"noopener\"><strong>Oberschule Bergstadtschule Sayda<\/strong><\/a><strong>. <\/strong><\/p><p><strong>Wir trafen sie zum Interview und sprachen mit ihr \u00fcber den Lehrerberuf, das s\u00e4chsische Landleben und ihre W\u00fcnsche f\u00fcr die Zukunft. <\/strong><\/p>\t\t\t\t\t\t\t\t<\/div>\n\t\t\t\t<\/div>\n\t\t\t\t\t<\/div>\n\t\t<\/div>\n\t\t\t\t\t<\/div>\n\t\t<\/section>\n\t\t\t\t<section class=\"elementor-section elementor-top-section elementor-element elementor-element-7f4f6c4 elementor-section-boxed elementor-section-height-default elementor-section-height-default\" data-id=\"7f4f6c4\" data-element_type=\"section\" data-e-type=\"section\">\n\t\t\t\t\t\t<div class=\"elementor-container elementor-column-gap-default\">\n\t\t\t\t\t<div class=\"elementor-column elementor-col-100 elementor-top-column elementor-element elementor-element-1a06e33\" data-id=\"1a06e33\" data-element_type=\"column\" data-e-type=\"column\">\n\t\t\t<div class=\"elementor-widget-wrap elementor-element-populated\">\n\t\t\t\t\t\t<div class=\"elementor-element elementor-element-57d66d3 elementor-widget elementor-widget-text-editor\" data-id=\"57d66d3\" data-element_type=\"widget\" data-e-type=\"widget\" data-widget_type=\"text-editor.default\">\n\t\t\t\t<div class=\"elementor-widget-container\">\n\t\t\t\t\t\t\t\t\t<p>Geboren und aufgewachsen ist Svenja mit dem blonden Kurzhaarschnitt und dem einnehmenden L\u00e4cheln in Brand-Erbisdorf, s\u00fcdlich von Freiberg. Ihre Kindheit war beh\u00fctet und gepr\u00e4gt von den Vorz\u00fcgen des Landlebens. Ob Im-Wald-Spielen oder Mountainbike-Fahren, Svenja verbrachte viel Zeit in der Natur. Schon in der 10. Klasse stand f\u00fcr sie fest: Svenja will Lehrerin werden.<\/p><p>Um sich auf ihr Lehramtsstudium vorzubereiten, absolvierte sie nach dem Abitur ein FSJ P\u00e4dagogik an einer F\u00f6rderschule in Sachsen, gefolgt von weiteren Praktika. Das FSJ P\u00e4dagogik festigte ihren Wunsch, F\u00f6rderschullehrerin zu werden. 2016 begann sie an der <a href=\"https:\/\/www.uni-leipzig.de\/\" title=\"Universit\u00e4t Leipzig\" target=\"_blank\" rel=\"noopener\">Universit\u00e4t Leipzig<\/a> Lehramt Sonderp\u00e4dagogik mit den F\u00f6rderschwerpunkten emotionale und soziale Entwicklung und Sprache f\u00fcr das Fach Deutsch zu studieren.<\/p><p>W\u00e4hrend ihres Studiums in <a href=\"https:\/\/lehrer-werden-in-sachsen.de\\\\\/leipzig\" title=\"Sachsen erleben - Leipzig\" target=\"_blank\" rel=\"noopener\">Leipzig<\/a> lebte sie am Stadtrand, in der N\u00e4he eines der Leipziger Badeseen. Doch mit dem Stadtleben konnte sich Svenja nie so richtig anfreunden: \u201eIrgendwie war mir klar, dass ich nicht f\u00fcr immer in der Stadt bleiben w\u00fcrde, sondern zur\u00fcck in meine l\u00e4ndliche Heimat gehe.\u201c Das \u201a\u00dcberangebot\u2018 an M\u00f6glichkeiten des Lebens in der Stadt war f\u00fcr sie ein Stressfaktor. Die Ruhe und Gelassenheit des Landlebens konnte sie w\u00e4hrend ihrer Studienzeit in der Stadt nicht finden. Und die fehlten ihr.<\/p>\t\t\t\t\t\t\t\t<\/div>\n\t\t\t\t<\/div>\n\t\t\t\t\t<\/div>\n\t\t<\/div>\n\t\t\t\t\t<\/div>\n\t\t<\/section>\n\t\t\t\t<section class=\"elementor-section elementor-top-section elementor-element elementor-element-cbb772c elementor-section-boxed elementor-section-height-default elementor-section-height-default\" data-id=\"cbb772c\" data-element_type=\"section\" data-e-type=\"section\">\n\t\t\t\t\t\t<div class=\"elementor-container elementor-column-gap-default\">\n\t\t\t\t\t<div class=\"elementor-column elementor-col-100 elementor-top-column elementor-element elementor-element-de666ad\" data-id=\"de666ad\" data-element_type=\"column\" data-e-type=\"column\">\n\t\t\t<div class=\"elementor-widget-wrap elementor-element-populated\">\n\t\t\t\t\t\t<div class=\"elementor-element elementor-element-29917ef elementor-widget elementor-widget-heading\" data-id=\"29917ef\" data-element_type=\"widget\" data-e-type=\"widget\" data-widget_type=\"heading.default\">\n\t\t\t\t<div class=\"elementor-widget-container\">\n\t\t\t\t\t<h2 class=\"elementor-heading-title elementor-size-default\">\u201eIch liebe die Idylle, die die N\u00e4he zum Erzgebirge mit sich bringt\u201c<\/h2>\t\t\t\t<\/div>\n\t\t\t\t<\/div>\n\t\t\t\t\t<\/div>\n\t\t<\/div>\n\t\t\t\t\t<\/div>\n\t\t<\/section>\n\t\t\t\t<section class=\"elementor-section elementor-top-section elementor-element elementor-element-20f5d6f elementor-section-boxed elementor-section-height-default elementor-section-height-default\" data-id=\"20f5d6f\" data-element_type=\"section\" data-e-type=\"section\">\n\t\t\t\t\t\t<div class=\"elementor-container elementor-column-gap-default\">\n\t\t\t\t\t<div class=\"elementor-column elementor-col-100 elementor-top-column elementor-element elementor-element-387bff1\" data-id=\"387bff1\" data-element_type=\"column\" data-e-type=\"column\">\n\t\t\t<div class=\"elementor-widget-wrap elementor-element-populated\">\n\t\t\t\t\t\t<div class=\"elementor-element elementor-element-ea92e7e elementor-widget elementor-widget-text-editor\" data-id=\"ea92e7e\" data-element_type=\"widget\" data-e-type=\"widget\" data-widget_type=\"text-editor.default\">\n\t\t\t\t<div class=\"elementor-widget-container\">\n\t\t\t\t\t\t\t\t\t<p>Seit dem Sommer 2023 lebt sie nun mit ihrem Mann und der dreij\u00e4hrigen Tochter in einem Ortsteil von Sayda, einem 1.700-Seelen-Dorf in der N\u00e4he des <a href=\"https:\/\/lehrer-werden-in-sachsen.de\\\\\/sachsen-erleben\/erzgebirgskreis\/\" title=\"Sachsen erleben - Erzgebirgskreis\" target=\"_blank\" rel=\"noopener\">Erzgebirges<\/a>. Hier hat die junge Familie einen alten Hof gekauft. \u201eSayda ist wirklich klein, noch kleiner als mein Heimatort. Ich liebe die Idylle, die die N\u00e4he zum Erzgebirge mit sich bringt. Wenn ich mich in der Umgebung umschaue, f\u00fchle ich mich wie im Urlaub, nur eben zu Hause\u201c, schw\u00e4rmt die Deutschlehrerin.<\/p><p>Dennoch ist der Lehrermangel in den l\u00e4ndlichen Gebieten im Vergleich zu den st\u00e4dtischen Ballungsr\u00e4umen alarmierend hoch. Es braucht besondere Argumente, um St\u00e4dter zu motivieren, aufs Land zu ziehen. F\u00fcr Svenja ist die Mentalit\u00e4t der Menschen auf dem Land ein solches: \u201eIn der Stadt hat mich die Anonymit\u00e4t immer gest\u00f6rt. Die gibt es auf dem Land so nicht. Hier kennt sich jeder, auf der Stra\u00dfe gr\u00fc\u00dfen wir uns mit Namen, wir treffen uns regelm\u00e4\u00dfig. Wir sind eine Gemeinschaft, und als mein Mann und ich hierher kamen, wurden wir herzlich aufgenommen\u201c, erz\u00e4hlt Svenja. \u201eDas klingt wie eine Floskel, aber es stimmt: Das Miteinander auf dem Land ist einfach angenehm famili\u00e4r.\u201c<\/p><p>Svenja macht auch auf die anstrengenderen Zeiten des Lehrerdaseins aufmerksam, die sich auf dem Land aber leichter \u00fcberwinden lie\u00dfen: \u201eDer Lehrerberuf ist zwar eine besonders sch\u00f6ne, aber ab und an auch kr\u00e4ftezehrende Aufgabe. Wenn ich mir vorstelle, dass ich neben meinem stressigen Arbeitsalltag noch den Umgebungsstress des Stadtlebens h\u00e4tte, dann k\u00f6nnte ich pers\u00f6nlich der Doppelbelastung in schwierigen Phasen kaum standhalten.\u201c Die Ruhe des Landlebens entsch\u00e4dige sie f\u00fcr jeden schweren Tag und gebe ihr neue Kraft.<\/p><p>Dennoch sei das Leben au\u00dferhalb der Stadt sicher nicht f\u00fcr jeden geeignet. \u201eMan sollte schon einen Funken Liebe zum Landleben mitbringen, wenn man sich daf\u00fcr entscheidet. Wer kein Landmensch ist, sollte sich nicht gezwungen f\u00fchlen, aufs Land zu ziehen\u201c, meint Svenja.<\/p>\t\t\t\t\t\t\t\t<\/div>\n\t\t\t\t<\/div>\n\t\t\t\t\t<\/div>\n\t\t<\/div>\n\t\t\t\t\t<\/div>\n\t\t<\/section>\n\t\t\t\t<section class=\"elementor-section elementor-top-section elementor-element elementor-element-59df3f8 elementor-section-boxed elementor-section-height-default elementor-section-height-default\" data-id=\"59df3f8\" data-element_type=\"section\" data-e-type=\"section\">\n\t\t\t\t\t\t<div class=\"elementor-container elementor-column-gap-default\">\n\t\t\t\t\t<div class=\"elementor-column elementor-col-100 elementor-top-column elementor-element elementor-element-0f03a50\" data-id=\"0f03a50\" data-element_type=\"column\" data-e-type=\"column\">\n\t\t\t<div class=\"elementor-widget-wrap elementor-element-populated\">\n\t\t\t\t\t\t<div class=\"elementor-element elementor-element-477b7c0 elementor-widget elementor-widget-heading\" data-id=\"477b7c0\" data-element_type=\"widget\" data-e-type=\"widget\" data-widget_type=\"heading.default\">\n\t\t\t\t<div class=\"elementor-widget-container\">\n\t\t\t\t\t<h2 class=\"elementor-heading-title elementor-size-default\">\u201eNiemand ist ein Universalgenie. Und das ist auch gut so\u201c<\/h2>\t\t\t\t<\/div>\n\t\t\t\t<\/div>\n\t\t\t\t\t<\/div>\n\t\t<\/div>\n\t\t\t\t\t<\/div>\n\t\t<\/section>\n\t\t\t\t<section class=\"elementor-section elementor-top-section elementor-element elementor-element-d989e0d elementor-section-boxed elementor-section-height-default elementor-section-height-default\" data-id=\"d989e0d\" data-element_type=\"section\" data-e-type=\"section\">\n\t\t\t\t\t\t<div class=\"elementor-container elementor-column-gap-default\">\n\t\t\t\t\t<div class=\"elementor-column elementor-col-100 elementor-top-column elementor-element elementor-element-923b024\" data-id=\"923b024\" data-element_type=\"column\" data-e-type=\"column\">\n\t\t\t<div class=\"elementor-widget-wrap elementor-element-populated\">\n\t\t\t\t\t\t<div class=\"elementor-element elementor-element-beddcd9 elementor-widget elementor-widget-text-editor\" data-id=\"beddcd9\" data-element_type=\"widget\" data-e-type=\"widget\" data-widget_type=\"text-editor.default\">\n\t\t\t\t<div class=\"elementor-widget-container\">\n\t\t\t\t\t\t\t\t\t<p>Im Februar 2024 beginnt f\u00fcr Svenja ein aufregender neuer Lebensabschnitt: Ihr Referendariat ist beendet und sie startet ihr Abenteuer als fest angestellte Lehrerin an der Oberschule in Sayda.<\/p><p>\u00a0<\/p><p>\u201eAm meisten freue ich mich auf die neuen Erfahrungen, die ich dort sammeln werde. Von der F\u00f6rderschule, an der ich mein Referendariat absolviert habe, bin ich beispielsweise nur kleine Klassen mit etwa elf Sch\u00fclern gewohnt. An der Oberschule werden die Klassen doppelt so gro\u00df sein.\u201c Das biete ihr mehr methodische M\u00f6glichkeiten f\u00fcr den Unterricht: \u201eIch m\u00f6chte einfach noch mehr Sch\u00fclerinnen und Sch\u00fclern etwas mitgeben.\u201c Es sei ihr Traum, m\u00f6glichst viele junge Menschen mit ihrer Arbeit positiv zu beeinflussen, \u201eauch wenn das nat\u00fcrlich nicht immer klappen wird.\u201c<\/p><p>\u00a0<\/p><p>Im Zentrum ihrer Arbeit steht f\u00fcr Svenja die Wissensvermittlung. \u201eDar\u00fcber hinaus m\u00f6chte ich meinen Sch\u00fclerinnen und Sch\u00fclern aber auch Wissen f\u00fcrs Leben mitgeben. Ich m\u00f6chte der n\u00e4chsten Generation Mut und Selbstvertrauen schenken und ihnen dabei helfen, gute Menschen zu werden.\u201c<\/p><p>\u00a0<\/p><p>Sie habe nicht den Anspruch, dass alle sie und ihr Fach m\u00f6gen, denn: \u201eIch glaube, das sollte nie der Anspruch sein. Niemand ist ein Universalgenie. Und das ist auch gut so.\u201c<\/p>\t\t\t\t\t\t\t\t<\/div>\n\t\t\t\t<\/div>\n\t\t\t\t\t<\/div>\n\t\t<\/div>\n\t\t\t\t\t<\/div>\n\t\t<\/section>\n\t\t\t\t<section class=\"elementor-section elementor-top-section elementor-element elementor-element-093ceee elementor-section-boxed elementor-section-height-default elementor-section-height-default\" data-id=\"093ceee\" data-element_type=\"section\" data-e-type=\"section\">\n\t\t\t\t\t\t<div class=\"elementor-container elementor-column-gap-default\">\n\t\t\t\t\t<div class=\"elementor-column elementor-col-100 elementor-top-column elementor-element elementor-element-773fd5e\" data-id=\"773fd5e\" data-element_type=\"column\" data-e-type=\"column\">\n\t\t\t<div class=\"elementor-widget-wrap elementor-element-populated\">\n\t\t\t\t\t\t<div class=\"elementor-element elementor-element-d451427 elementor-widget elementor-widget-spacer\" data-id=\"d451427\" data-element_type=\"widget\" data-e-type=\"widget\" data-widget_type=\"spacer.default\">\n\t\t\t\t<div class=\"elementor-widget-container\">\n\t\t\t\t\t\t\t<div class=\"elementor-spacer\">\n\t\t\t<div class=\"elementor-spacer-inner\"><\/div>\n\t\t<\/div>\n\t\t\t\t\t\t<\/div>\n\t\t\t\t<\/div>\n\t\t\t\t\t<\/div>\n\t\t<\/div>\n\t\t\t\t\t<\/div>\n\t\t<\/section>\n\t\t\t\t<section class=\"elementor-section elementor-top-section elementor-element elementor-element-32cdc3c elementor-section-boxed elementor-section-height-default elementor-section-height-default\" data-id=\"32cdc3c\" data-element_type=\"section\" data-e-type=\"section\">\n\t\t\t\t\t\t<div class=\"elementor-container elementor-column-gap-default\">\n\t\t\t\t\t<div class=\"elementor-column elementor-col-100 elementor-top-column elementor-element elementor-element-c1cd103\" data-id=\"c1cd103\" data-element_type=\"column\" data-e-type=\"column\">\n\t\t\t<div class=\"elementor-widget-wrap elementor-element-populated\">\n\t\t\t\t\t\t<div class=\"elementor-element elementor-element-98d6a78 elementor-widget elementor-widget-heading\" data-id=\"98d6a78\" data-element_type=\"widget\" data-e-type=\"widget\" data-widget_type=\"heading.default\">\n\t\t\t\t<div class=\"elementor-widget-container\">\n\t\t\t\t\t<h2 class=\"elementor-heading-title elementor-size-default\">Du m\u00f6chtest mehr \u00fcber das FSJ P\u00e4dagogik erfahren?<\/h2>\t\t\t\t<\/div>\n\t\t\t\t<\/div>\n\t\t\t\t\t<\/div>\n\t\t<\/div>\n\t\t\t\t\t<\/div>\n\t\t<\/section>\n\t\t\t\t<section class=\"elementor-section elementor-top-section elementor-element elementor-element-4ceec11 elementor-section-boxed elementor-section-height-default elementor-section-height-default\" data-id=\"4ceec11\" data-element_type=\"section\" data-e-type=\"section\">\n\t\t\t\t\t\t<div class=\"elementor-container elementor-column-gap-default\">\n\t\t\t\t\t<div class=\"elementor-column elementor-col-100 elementor-top-column elementor-element elementor-element-78b527f\" data-id=\"78b527f\" data-element_type=\"column\" data-e-type=\"column\">\n\t\t\t<div class=\"elementor-widget-wrap elementor-element-populated\">\n\t\t\t\t\t\t<div class=\"elementor-element elementor-element-8a8f4a4 elementor-widget elementor-widget-button\" data-id=\"8a8f4a4\" data-element_type=\"widget\" data-e-type=\"widget\" data-widget_type=\"button.default\">\n\t\t\t\t<div class=\"elementor-widget-container\">\n\t\t\t\t\t\t\t\t\t<div class=\"elementor-button-wrapper\">\n\t\t\t\t\t<a class=\"elementor-button elementor-button-link elementor-size-sm\" href=\"https:\/\/lehrer-werden-in-sachsen.de\/fsj-paedagogik-24-25\/\" target=\"_blank\" title=\"FSJ P\u00e4dagogik\">\n\t\t\t\t\t\t<span class=\"elementor-button-content-wrapper\">\n\t\t\t\t\t\t\t\t\t<span class=\"elementor-button-text\">Hier erf\u00e4hrst du alles \u00fcber den Ablauf und das Bewerbungsverfahren<\/span>\n\t\t\t\t\t<\/span>\n\t\t\t\t\t<\/a>\n\t\t\t\t<\/div>\n\t\t\t\t\t\t\t\t<\/div>\n\t\t\t\t<\/div>\n\t\t\t\t\t<\/div>\n\t\t<\/div>\n\t\t\t\t\t<\/div>\n\t\t<\/section>\n\t\t\t\t<\/div>\n\t\t","protected":false},"excerpt":{"rendered":"<p>Wir trafen Svenja, Deutschlehrerin an der Oberschule Bergstadtschule Sayda, zum Interview und sprachen mit ihr \u00fcber den Lehrerberuf, das s\u00e4chsische Landleben und ihre W\u00fcnsche f\u00fcr die Zukunft. <\/p>\n","protected":false},"author":13,"featured_media":14409,"comment_status":"closed","ping_status":"closed","sticky":false,"template":"","format":"standard","meta":{"footnotes":""},"categories":[46],"tags":[202,114,210],"class_list":["post-14408","post","type-post","status-publish","format-standard","has-post-thumbnail","hentry","category-blog","tag-berufseinstieg","tag-oberschule","tag-saechsische-regionen"],"yoast_head":"<!-- This site is optimized with the Yoast SEO plugin v27.3 - https:\/\/yoast.com\/product\/yoast-seo-wordpress\/ -->\n<title>LEHRERIN SACHSEN | Lehrerin auf dem s\u00e4chsischen Land<\/title>\n<meta name=\"description\" content=\"Wir trafen Svenja zum Interview und sprachen mit ihr \u00fcber den Lehrerberuf, das s\u00e4chsische Landleben und ihre W\u00fcnsche f\u00fcr die Zukunft.\" \/>\n<meta name=\"robots\" content=\"index, follow, max-snippet:-1, max-image-preview:large, max-video-preview:-1\" \/>\n<link rel=\"canonical\" href=\"https:\/\/lehrer-werden-in-sachsen.de\/lehrerin-auf-dem-saechsischen-land\/\" \/>\n<meta property=\"og:locale\" content=\"de_DE\" \/>\n<meta property=\"og:type\" content=\"article\" \/>\n<meta property=\"og:title\" content=\"LEHRERIN SACHSEN | Lehrerin auf dem s\u00e4chsischen Land\" \/>\n<meta property=\"og:description\" content=\"Wir trafen Svenja zum Interview und sprachen mit ihr \u00fcber den Lehrerberuf, das s\u00e4chsische Landleben und ihre W\u00fcnsche f\u00fcr die Zukunft.\" \/>\n<meta property=\"og:url\" content=\"https:\/\/lehrer-werden-in-sachsen.de\/lehrerin-auf-dem-saechsischen-land\/\" \/>\n<meta property=\"og:site_name\" content=\"LEHRERIN SACHSEN\" \/>\n<meta property=\"article:published_time\" content=\"2024-02-07T14:24:18+00:00\" \/>\n<meta property=\"article:modified_time\" content=\"2025-12-02T20:33:36+00:00\" \/>\n<meta property=\"og:image\" content=\"https:\/\/lehrer-werden-in-sachsen.de\/wp-content\/uploads\/2024\/02\/SMK-Blog-Header-Svenja-Langer_1920x970px.jpg\" \/>\n\t<meta property=\"og:image:width\" content=\"1920\" \/>\n\t<meta property=\"og:image:height\" content=\"970\" \/>\n\t<meta property=\"og:image:type\" content=\"image\/jpeg\" \/>\n<meta name=\"author\" content=\"Maria Kretschmann\" \/>\n<meta name=\"twitter:card\" content=\"summary_large_image\" \/>\n<meta name=\"twitter:label1\" content=\"Verfasst von\" \/>\n\t<meta name=\"twitter:data1\" content=\"Maria Kretschmann\" \/>\n\t<meta name=\"twitter:label2\" content=\"Gesch\u00e4tzte Lesezeit\" \/>\n\t<meta name=\"twitter:data2\" content=\"5\u00a0Minuten\" \/>\n<script type=\"application\/ld+json\" class=\"yoast-schema-graph\">{\"@context\":\"https:\\\/\\\/schema.org\",\"@graph\":[{\"@type\":\"Article\",\"@id\":\"https:\\\/\\\/lehrer-werden-in-sachsen.de\\\/lehrerin-auf-dem-saechsischen-land\\\/#article\",\"isPartOf\":{\"@id\":\"https:\\\/\\\/lehrer-werden-in-sachsen.de\\\/lehrerin-auf-dem-saechsischen-land\\\/\"},\"author\":{\"name\":\"Maria Kretschmann\",\"@id\":\"https:\\\/\\\/lehrer-werden-in-sachsen.de\\\/#\\\/schema\\\/person\\\/4a127ffcfbf4e52ff0f66dcd7b4a5cc1\"},\"headline\":\"Lehrerin auf dem s\u00e4chsischen Land: Arbeiten, wo andere Urlaub machen\",\"datePublished\":\"2024-02-07T14:24:18+00:00\",\"dateModified\":\"2025-12-02T20:33:36+00:00\",\"mainEntityOfPage\":{\"@id\":\"https:\\\/\\\/lehrer-werden-in-sachsen.de\\\/lehrerin-auf-dem-saechsischen-land\\\/\"},\"wordCount\":867,\"publisher\":{\"@id\":\"https:\\\/\\\/lehrer-werden-in-sachsen.de\\\/#organization\"},\"image\":{\"@id\":\"https:\\\/\\\/lehrer-werden-in-sachsen.de\\\/lehrerin-auf-dem-saechsischen-land\\\/#primaryimage\"},\"thumbnailUrl\":\"https:\\\/\\\/lehrer-werden-in-sachsen.de\\\/stage\\\/wp-content\\\/uploads\\\/2024\\\/02\\\/SMK-Blog-Header-Svenja-Langer_1920x970px.jpg\",\"keywords\":[\"Berufseinstieg\",\"Oberschule\",\"S\u00e4chsische Regionen\"],\"articleSection\":[\"Blog\"],\"inLanguage\":\"de\"},{\"@type\":\"WebPage\",\"@id\":\"https:\\\/\\\/lehrer-werden-in-sachsen.de\\\/lehrerin-auf-dem-saechsischen-land\\\/\",\"url\":\"https:\\\/\\\/lehrer-werden-in-sachsen.de\\\/lehrerin-auf-dem-saechsischen-land\\\/\",\"name\":\"LEHRERIN SACHSEN | Lehrerin auf dem s\u00e4chsischen Land\",\"isPartOf\":{\"@id\":\"https:\\\/\\\/lehrer-werden-in-sachsen.de\\\/#website\"},\"primaryImageOfPage\":{\"@id\":\"https:\\\/\\\/lehrer-werden-in-sachsen.de\\\/lehrerin-auf-dem-saechsischen-land\\\/#primaryimage\"},\"image\":{\"@id\":\"https:\\\/\\\/lehrer-werden-in-sachsen.de\\\/lehrerin-auf-dem-saechsischen-land\\\/#primaryimage\"},\"thumbnailUrl\":\"https:\\\/\\\/lehrer-werden-in-sachsen.de\\\/stage\\\/wp-content\\\/uploads\\\/2024\\\/02\\\/SMK-Blog-Header-Svenja-Langer_1920x970px.jpg\",\"datePublished\":\"2024-02-07T14:24:18+00:00\",\"dateModified\":\"2025-12-02T20:33:36+00:00\",\"description\":\"Wir trafen Svenja zum Interview und sprachen mit ihr \u00fcber den Lehrerberuf, das s\u00e4chsische Landleben und ihre W\u00fcnsche f\u00fcr die Zukunft.\",\"breadcrumb\":{\"@id\":\"https:\\\/\\\/lehrer-werden-in-sachsen.de\\\/lehrerin-auf-dem-saechsischen-land\\\/#breadcrumb\"},\"inLanguage\":\"de\",\"potentialAction\":[{\"@type\":\"ReadAction\",\"target\":[\"https:\\\/\\\/lehrer-werden-in-sachsen.de\\\/lehrerin-auf-dem-saechsischen-land\\\/\"]}]},{\"@type\":\"ImageObject\",\"inLanguage\":\"de\",\"@id\":\"https:\\\/\\\/lehrer-werden-in-sachsen.de\\\/lehrerin-auf-dem-saechsischen-land\\\/#primaryimage\",\"url\":\"https:\\\/\\\/lehrer-werden-in-sachsen.de\\\/stage\\\/wp-content\\\/uploads\\\/2024\\\/02\\\/SMK-Blog-Header-Svenja-Langer_1920x970px.jpg\",\"contentUrl\":\"https:\\\/\\\/lehrer-werden-in-sachsen.de\\\/stage\\\/wp-content\\\/uploads\\\/2024\\\/02\\\/SMK-Blog-Header-Svenja-Langer_1920x970px.jpg\",\"width\":1920,\"height\":970,\"caption\":\"Svenja F., Lehrerin auf dem s\u00e4chsischen Land\"},{\"@type\":\"BreadcrumbList\",\"@id\":\"https:\\\/\\\/lehrer-werden-in-sachsen.de\\\/lehrerin-auf-dem-saechsischen-land\\\/#breadcrumb\",\"itemListElement\":[{\"@type\":\"ListItem\",\"position\":1,\"name\":\"Startseite\",\"item\":\"https:\\\/\\\/lehrer-werden-in-sachsen.de\\\/\"},{\"@type\":\"ListItem\",\"position\":2,\"name\":\"Lehrerin auf dem s\u00e4chsischen Land: Arbeiten, wo andere Urlaub machen\"}]},{\"@type\":\"WebSite\",\"@id\":\"https:\\\/\\\/lehrer-werden-in-sachsen.de\\\/#website\",\"url\":\"https:\\\/\\\/lehrer-werden-in-sachsen.de\\\/\",\"name\":\"LEHRERIN SACHSEN\",\"description\":\"Eine Klasse f\u00fcr sich.\",\"publisher\":{\"@id\":\"https:\\\/\\\/lehrer-werden-in-sachsen.de\\\/#organization\"},\"potentialAction\":[{\"@type\":\"SearchAction\",\"target\":{\"@type\":\"EntryPoint\",\"urlTemplate\":\"https:\\\/\\\/lehrer-werden-in-sachsen.de\\\/?s={search_term_string}\"},\"query-input\":{\"@type\":\"PropertyValueSpecification\",\"valueRequired\":true,\"valueName\":\"search_term_string\"}}],\"inLanguage\":\"de\"},{\"@type\":\"Organization\",\"@id\":\"https:\\\/\\\/lehrer-werden-in-sachsen.de\\\/#organization\",\"name\":\"LEHRERIN SACHSEN\",\"url\":\"https:\\\/\\\/lehrer-werden-in-sachsen.de\\\/\",\"logo\":{\"@type\":\"ImageObject\",\"inLanguage\":\"de\",\"@id\":\"https:\\\/\\\/lehrer-werden-in-sachsen.de\\\/#\\\/schema\\\/logo\\\/image\\\/\",\"url\":\"https:\\\/\\\/lehrer-werden-in-sachsen.de\\\/stage\\\/wp-content\\\/uploads\\\/2022\\\/02\\\/SMK_Leherin-Sachsen-Marke_RGB_Violett-Orange.svg\",\"contentUrl\":\"https:\\\/\\\/lehrer-werden-in-sachsen.de\\\/stage\\\/wp-content\\\/uploads\\\/2022\\\/02\\\/SMK_Leherin-Sachsen-Marke_RGB_Violett-Orange.svg\",\"caption\":\"LEHRERIN SACHSEN\"},\"image\":{\"@id\":\"https:\\\/\\\/lehrer-werden-in-sachsen.de\\\/#\\\/schema\\\/logo\\\/image\\\/\"}},{\"@type\":\"Person\",\"@id\":\"https:\\\/\\\/lehrer-werden-in-sachsen.de\\\/#\\\/schema\\\/person\\\/4a127ffcfbf4e52ff0f66dcd7b4a5cc1\",\"name\":\"Maria Kretschmann\",\"image\":{\"@type\":\"ImageObject\",\"inLanguage\":\"de\",\"@id\":\"https:\\\/\\\/secure.gravatar.com\\\/avatar\\\/785963a239158e0d036c182ccde6b24c2d0822b83af8ab1b3773045a106114df?s=96&d=mm&r=g\",\"url\":\"https:\\\/\\\/secure.gravatar.com\\\/avatar\\\/785963a239158e0d036c182ccde6b24c2d0822b83af8ab1b3773045a106114df?s=96&d=mm&r=g\",\"contentUrl\":\"https:\\\/\\\/secure.gravatar.com\\\/avatar\\\/785963a239158e0d036c182ccde6b24c2d0822b83af8ab1b3773045a106114df?s=96&d=mm&r=g\",\"caption\":\"Maria Kretschmann\"},\"url\":\"https:\\\/\\\/lehrer-werden-in-sachsen.de\\\/stage\\\/author\\\/maria-kretschmann\\\/\"}]}<\/script>\n<!-- \/ Yoast SEO plugin. -->","yoast_head_json":{"title":"LEHRERIN SACHSEN | Lehrerin auf dem s\u00e4chsischen Land","description":"Wir trafen Svenja zum Interview und sprachen mit ihr \u00fcber den Lehrerberuf, das s\u00e4chsische Landleben und ihre W\u00fcnsche f\u00fcr die Zukunft.","robots":{"index":"index","follow":"follow","max-snippet":"max-snippet:-1","max-image-preview":"max-image-preview:large","max-video-preview":"max-video-preview:-1"},"canonical":"https:\/\/lehrer-werden-in-sachsen.de\/lehrerin-auf-dem-saechsischen-land\/","og_locale":"de_DE","og_type":"article","og_title":"LEHRERIN SACHSEN | Lehrerin auf dem s\u00e4chsischen Land","og_description":"Wir trafen Svenja zum Interview und sprachen mit ihr \u00fcber den Lehrerberuf, das s\u00e4chsische Landleben und ihre W\u00fcnsche f\u00fcr die Zukunft.","og_url":"https:\/\/lehrer-werden-in-sachsen.de\/lehrerin-auf-dem-saechsischen-land\/","og_site_name":"LEHRERIN SACHSEN","article_published_time":"2024-02-07T14:24:18+00:00","article_modified_time":"2025-12-02T20:33:36+00:00","og_image":[{"width":1920,"height":970,"url":"https:\/\/lehrer-werden-in-sachsen.de\/wp-content\/uploads\/2024\/02\/SMK-Blog-Header-Svenja-Langer_1920x970px.jpg","type":"image\/jpeg"}],"author":"Maria Kretschmann","twitter_card":"summary_large_image","twitter_misc":{"Verfasst von":"Maria Kretschmann","Gesch\u00e4tzte Lesezeit":"5\u00a0Minuten"},"schema":{"@context":"https:\/\/schema.org","@graph":[{"@type":"Article","@id":"https:\/\/lehrer-werden-in-sachsen.de\/lehrerin-auf-dem-saechsischen-land\/#article","isPartOf":{"@id":"https:\/\/lehrer-werden-in-sachsen.de\/lehrerin-auf-dem-saechsischen-land\/"},"author":{"name":"Maria Kretschmann","@id":"https:\/\/lehrer-werden-in-sachsen.de\/#\/schema\/person\/4a127ffcfbf4e52ff0f66dcd7b4a5cc1"},"headline":"Lehrerin auf dem s\u00e4chsischen Land: Arbeiten, wo andere Urlaub machen","datePublished":"2024-02-07T14:24:18+00:00","dateModified":"2025-12-02T20:33:36+00:00","mainEntityOfPage":{"@id":"https:\/\/lehrer-werden-in-sachsen.de\/lehrerin-auf-dem-saechsischen-land\/"},"wordCount":867,"publisher":{"@id":"https:\/\/lehrer-werden-in-sachsen.de\/#organization"},"image":{"@id":"https:\/\/lehrer-werden-in-sachsen.de\/lehrerin-auf-dem-saechsischen-land\/#primaryimage"},"thumbnailUrl":"https:\/\/lehrer-werden-in-sachsen.de\/stage\/wp-content\/uploads\/2024\/02\/SMK-Blog-Header-Svenja-Langer_1920x970px.jpg","keywords":["Berufseinstieg","Oberschule","S\u00e4chsische Regionen"],"articleSection":["Blog"],"inLanguage":"de"},{"@type":"WebPage","@id":"https:\/\/lehrer-werden-in-sachsen.de\/lehrerin-auf-dem-saechsischen-land\/","url":"https:\/\/lehrer-werden-in-sachsen.de\/lehrerin-auf-dem-saechsischen-land\/","name":"LEHRERIN SACHSEN | Lehrerin auf dem s\u00e4chsischen Land","isPartOf":{"@id":"https:\/\/lehrer-werden-in-sachsen.de\/#website"},"primaryImageOfPage":{"@id":"https:\/\/lehrer-werden-in-sachsen.de\/lehrerin-auf-dem-saechsischen-land\/#primaryimage"},"image":{"@id":"https:\/\/lehrer-werden-in-sachsen.de\/lehrerin-auf-dem-saechsischen-land\/#primaryimage"},"thumbnailUrl":"https:\/\/lehrer-werden-in-sachsen.de\/stage\/wp-content\/uploads\/2024\/02\/SMK-Blog-Header-Svenja-Langer_1920x970px.jpg","datePublished":"2024-02-07T14:24:18+00:00","dateModified":"2025-12-02T20:33:36+00:00","description":"Wir trafen Svenja zum Interview und sprachen mit ihr \u00fcber den Lehrerberuf, das s\u00e4chsische Landleben und ihre W\u00fcnsche f\u00fcr die Zukunft.","breadcrumb":{"@id":"https:\/\/lehrer-werden-in-sachsen.de\/lehrerin-auf-dem-saechsischen-land\/#breadcrumb"},"inLanguage":"de","potentialAction":[{"@type":"ReadAction","target":["https:\/\/lehrer-werden-in-sachsen.de\/lehrerin-auf-dem-saechsischen-land\/"]}]},{"@type":"ImageObject","inLanguage":"de","@id":"https:\/\/lehrer-werden-in-sachsen.de\/lehrerin-auf-dem-saechsischen-land\/#primaryimage","url":"https:\/\/lehrer-werden-in-sachsen.de\/stage\/wp-content\/uploads\/2024\/02\/SMK-Blog-Header-Svenja-Langer_1920x970px.jpg","contentUrl":"https:\/\/lehrer-werden-in-sachsen.de\/stage\/wp-content\/uploads\/2024\/02\/SMK-Blog-Header-Svenja-Langer_1920x970px.jpg","width":1920,"height":970,"caption":"Svenja F., Lehrerin auf dem s\u00e4chsischen Land"},{"@type":"BreadcrumbList","@id":"https:\/\/lehrer-werden-in-sachsen.de\/lehrerin-auf-dem-saechsischen-land\/#breadcrumb","itemListElement":[{"@type":"ListItem","position":1,"name":"Startseite","item":"https:\/\/lehrer-werden-in-sachsen.de\/"},{"@type":"ListItem","position":2,"name":"Lehrerin auf dem s\u00e4chsischen Land: Arbeiten, wo andere Urlaub machen"}]},{"@type":"WebSite","@id":"https:\/\/lehrer-werden-in-sachsen.de\/#website","url":"https:\/\/lehrer-werden-in-sachsen.de\/","name":"LEHRERIN SACHSEN","description":"Eine Klasse f\u00fcr sich.","publisher":{"@id":"https:\/\/lehrer-werden-in-sachsen.de\/#organization"},"potentialAction":[{"@type":"SearchAction","target":{"@type":"EntryPoint","urlTemplate":"https:\/\/lehrer-werden-in-sachsen.de\/?s={search_term_string}"},"query-input":{"@type":"PropertyValueSpecification","valueRequired":true,"valueName":"search_term_string"}}],"inLanguage":"de"},{"@type":"Organization","@id":"https:\/\/lehrer-werden-in-sachsen.de\/#organization","name":"LEHRERIN SACHSEN","url":"https:\/\/lehrer-werden-in-sachsen.de\/","logo":{"@type":"ImageObject","inLanguage":"de","@id":"https:\/\/lehrer-werden-in-sachsen.de\/#\/schema\/logo\/image\/","url":"https:\/\/lehrer-werden-in-sachsen.de\/stage\/wp-content\/uploads\/2022\/02\/SMK_Leherin-Sachsen-Marke_RGB_Violett-Orange.svg","contentUrl":"https:\/\/lehrer-werden-in-sachsen.de\/stage\/wp-content\/uploads\/2022\/02\/SMK_Leherin-Sachsen-Marke_RGB_Violett-Orange.svg","caption":"LEHRERIN SACHSEN"},"image":{"@id":"https:\/\/lehrer-werden-in-sachsen.de\/#\/schema\/logo\/image\/"}},{"@type":"Person","@id":"https:\/\/lehrer-werden-in-sachsen.de\/#\/schema\/person\/4a127ffcfbf4e52ff0f66dcd7b4a5cc1","name":"Maria Kretschmann","image":{"@type":"ImageObject","inLanguage":"de","@id":"https:\/\/secure.gravatar.com\/avatar\/785963a239158e0d036c182ccde6b24c2d0822b83af8ab1b3773045a106114df?s=96&d=mm&r=g","url":"https:\/\/secure.gravatar.com\/avatar\/785963a239158e0d036c182ccde6b24c2d0822b83af8ab1b3773045a106114df?s=96&d=mm&r=g","contentUrl":"https:\/\/secure.gravatar.com\/avatar\/785963a239158e0d036c182ccde6b24c2d0822b83af8ab1b3773045a106114df?s=96&d=mm&r=g","caption":"Maria Kretschmann"},"url":"https:\/\/lehrer-werden-in-sachsen.de\/stage\/author\/maria-kretschmann\/"}]}},"_links":{"self":[{"href":"https:\/\/lehrer-werden-in-sachsen.de\/stage\/wp-json\/wp\/v2\/posts\/14408","targetHints":{"allow":["GET"]}}],"collection":[{"href":"https:\/\/lehrer-werden-in-sachsen.de\/stage\/wp-json\/wp\/v2\/posts"}],"about":[{"href":"https:\/\/lehrer-werden-in-sachsen.de\/stage\/wp-json\/wp\/v2\/types\/post"}],"author":[{"embeddable":true,"href":"https:\/\/lehrer-werden-in-sachsen.de\/stage\/wp-json\/wp\/v2\/users\/13"}],"replies":[{"embeddable":true,"href":"https:\/\/lehrer-werden-in-sachsen.de\/stage\/wp-json\/wp\/v2\/comments?post=14408"}],"version-history":[{"count":23,"href":"https:\/\/lehrer-werden-in-sachsen.de\/stage\/wp-json\/wp\/v2\/posts\/14408\/revisions"}],"predecessor-version":[{"id":25039,"href":"https:\/\/lehrer-werden-in-sachsen.de\/stage\/wp-json\/wp\/v2\/posts\/14408\/revisions\/25039"}],"wp:featuredmedia":[{"embeddable":true,"href":"https:\/\/lehrer-werden-in-sachsen.de\/stage\/wp-json\/wp\/v2\/media\/14409"}],"wp:attachment":[{"href":"https:\/\/lehrer-werden-in-sachsen.de\/stage\/wp-json\/wp\/v2\/media?parent=14408"}],"wp:term":[{"taxonomy":"category","embeddable":true,"href":"https:\/\/lehrer-werden-in-sachsen.de\/stage\/wp-json\/wp\/v2\/categories?post=14408"},{"taxonomy":"post_tag","embeddable":true,"href":"https:\/\/lehrer-werden-in-sachsen.de\/stage\/wp-json\/wp\/v2\/tags?post=14408"}],"curies":[{"name":"wp","href":"https:\/\/api.w.org\/{rel}","templated":true}]}}