{"id":14329,"date":"2024-01-18T11:15:23","date_gmt":"2024-01-18T10:15:23","guid":{"rendered":"https:\/\/lehrer-werden-in-sachsen.de\/stage\/?p=14329"},"modified":"2025-10-10T11:37:24","modified_gmt":"2025-10-10T09:37:24","slug":"sportgymnasium-dresden","status":"publish","type":"post","link":"https:\/\/lehrer-werden-in-sachsen.de\/stage\/sportgymnasium-dresden\/","title":{"rendered":"\u201eIch w\u00fcnsche mir Lehrer, die den Osten m\u00f6gen, vorurteilsfrei und hoffnungsvoll sind\u201c"},"content":{"rendered":"\t\t<div data-elementor-type=\"wp-post\" data-elementor-id=\"14329\" class=\"elementor elementor-14329\" data-elementor-post-type=\"post\">\n\t\t\t\t\t\t<section class=\"elementor-section elementor-top-section elementor-element elementor-element-77dc2d3 elementor-section-boxed elementor-section-height-default elementor-section-height-default\" data-id=\"77dc2d3\" data-element_type=\"section\" data-e-type=\"section\">\n\t\t\t\t\t\t<div class=\"elementor-container elementor-column-gap-default\">\n\t\t\t\t\t<div class=\"elementor-column elementor-col-100 elementor-top-column elementor-element elementor-element-db24ebd\" data-id=\"db24ebd\" data-element_type=\"column\" data-e-type=\"column\">\n\t\t\t<div class=\"elementor-widget-wrap elementor-element-populated\">\n\t\t\t\t\t\t<div class=\"elementor-element elementor-element-8cb6e5f elementor-widget elementor-widget-text-editor\" data-id=\"8cb6e5f\" data-element_type=\"widget\" data-e-type=\"widget\" data-widget_type=\"text-editor.default\">\n\t\t\t\t<div class=\"elementor-widget-container\">\n\t\t\t\t\t\t\t\t\t<p><strong>Ihre Lieblingsmusik ist Metalcore und Klassik, sie arbeitet ehrenamtlich in einer christlichen Gemeinde und ihr liebster Ort ist der Wald. Wenn Jana Richter (34) aus dem Erzgebirge dort nicht anzutreffen ist, dann wahrscheinlich an einem weiteren Lieblingsort, der Schule. Denn Jana, Mutter eines kleinen Kindes, ist leidenschaftliche Deutsch- und Englischlehrerin am Sportgymnasium in Dresden.\u00a0\u00a0 <\/strong><\/p>\t\t\t\t\t\t\t\t<\/div>\n\t\t\t\t<\/div>\n\t\t\t\t\t<\/div>\n\t\t<\/div>\n\t\t\t\t\t<\/div>\n\t\t<\/section>\n\t\t\t\t<section class=\"elementor-section elementor-top-section elementor-element elementor-element-2620ffc elementor-section-boxed elementor-section-height-default elementor-section-height-default\" data-id=\"2620ffc\" data-element_type=\"section\" data-e-type=\"section\">\n\t\t\t\t\t\t<div class=\"elementor-container elementor-column-gap-default\">\n\t\t\t\t\t<div class=\"elementor-column elementor-col-100 elementor-top-column elementor-element elementor-element-9f7a693\" data-id=\"9f7a693\" data-element_type=\"column\" data-e-type=\"column\">\n\t\t\t<div class=\"elementor-widget-wrap elementor-element-populated\">\n\t\t\t\t\t\t<div class=\"elementor-element elementor-element-ae09b8e elementor-widget elementor-widget-heading\" data-id=\"ae09b8e\" data-element_type=\"widget\" data-e-type=\"widget\" data-widget_type=\"heading.default\">\n\t\t\t\t<div class=\"elementor-widget-container\">\n\t\t\t\t\t<h2 class=\"elementor-heading-title elementor-size-default\">Die Schule als der Ort, an dem man seine Freunde trifft  <\/h2>\t\t\t\t<\/div>\n\t\t\t\t<\/div>\n\t\t\t\t\t<\/div>\n\t\t<\/div>\n\t\t\t\t\t<\/div>\n\t\t<\/section>\n\t\t\t\t<section class=\"elementor-section elementor-top-section elementor-element elementor-element-7f4f6c4 elementor-section-boxed elementor-section-height-default elementor-section-height-default\" data-id=\"7f4f6c4\" data-element_type=\"section\" data-e-type=\"section\">\n\t\t\t\t\t\t<div class=\"elementor-container elementor-column-gap-default\">\n\t\t\t\t\t<div class=\"elementor-column elementor-col-100 elementor-top-column elementor-element elementor-element-1a06e33\" data-id=\"1a06e33\" data-element_type=\"column\" data-e-type=\"column\">\n\t\t\t<div class=\"elementor-widget-wrap elementor-element-populated\">\n\t\t\t\t\t\t<div class=\"elementor-element elementor-element-57d66d3 elementor-widget elementor-widget-text-editor\" data-id=\"57d66d3\" data-element_type=\"widget\" data-e-type=\"widget\" data-widget_type=\"text-editor.default\">\n\t\t\t\t<div class=\"elementor-widget-container\">\n\t\t\t\t\t\t\t\t\t<p>Jana absolvierte 2008 ihr Abitur am Gymnasium in Marienberg. Eigentlich wollte sie \u00c4rztin werden, doch noch w\u00e4hrend der Schulzeit kamen vermehrt Lehrerinnen und Lehrer auf sie zu, um ihr den Lehrerberuf ans Herz zu legen: \u201eUnd ich dachte mir irgendwann: Hey, warum eigentlich nicht? Ich bin selbst immer gerne zur Schule gegangen und habe mich deshalb sogar auf das Ende der Ferien gefreut.\u201c<\/p><p>\u00a0<\/p><p>F\u00fcr die Lehrerin war und ist Schule ein Ort, an dem man seine Freunde trifft und an dem man eine gewisse Routine, aber auch die n\u00f6tige Abwechslung hat. \u201eIch habe die Schule immer als eine gute Mischung aus beruhigender Routine, neuen Herausforderungen und dem Erwachsenwerden empfunden.\u201c<\/p><p>\u00a0<\/p><p>Vorbilder aus ihrer eigenen Schulzeit sind \u201edefinitiv die Lehrer, die Humor hatten und das Leben nicht zu ernst genommen haben, aber gleichzeitig auch ein Auge daf\u00fcr hatten, dass jeder Sch\u00fcler weiterkommt. Diese Lehrer sind mir bis heute in Erinnerung geblieben.\u201c<\/p>\t\t\t\t\t\t\t\t<\/div>\n\t\t\t\t<\/div>\n\t\t\t\t\t<\/div>\n\t\t<\/div>\n\t\t\t\t\t<\/div>\n\t\t<\/section>\n\t\t\t\t<section class=\"elementor-section elementor-top-section elementor-element elementor-element-cbb772c elementor-section-boxed elementor-section-height-default elementor-section-height-default\" data-id=\"cbb772c\" data-element_type=\"section\" data-e-type=\"section\">\n\t\t\t\t\t\t<div class=\"elementor-container elementor-column-gap-default\">\n\t\t\t\t\t<div class=\"elementor-column elementor-col-100 elementor-top-column elementor-element elementor-element-de666ad\" data-id=\"de666ad\" data-element_type=\"column\" data-e-type=\"column\">\n\t\t\t<div class=\"elementor-widget-wrap elementor-element-populated\">\n\t\t\t\t\t\t<div class=\"elementor-element elementor-element-29917ef elementor-widget elementor-widget-heading\" data-id=\"29917ef\" data-element_type=\"widget\" data-e-type=\"widget\" data-widget_type=\"heading.default\">\n\t\t\t\t<div class=\"elementor-widget-container\">\n\t\t\t\t\t<h2 class=\"elementor-heading-title elementor-size-default\">Lehramtsstudium in Dresden<\/h2>\t\t\t\t<\/div>\n\t\t\t\t<\/div>\n\t\t\t\t\t<\/div>\n\t\t<\/div>\n\t\t\t\t\t<\/div>\n\t\t<\/section>\n\t\t\t\t<section class=\"elementor-section elementor-top-section elementor-element elementor-element-20f5d6f elementor-section-boxed elementor-section-height-default elementor-section-height-default\" data-id=\"20f5d6f\" data-element_type=\"section\" data-e-type=\"section\">\n\t\t\t\t\t\t<div class=\"elementor-container elementor-column-gap-default\">\n\t\t\t\t\t<div class=\"elementor-column elementor-col-100 elementor-top-column elementor-element elementor-element-387bff1\" data-id=\"387bff1\" data-element_type=\"column\" data-e-type=\"column\">\n\t\t\t<div class=\"elementor-widget-wrap elementor-element-populated\">\n\t\t\t\t\t\t<div class=\"elementor-element elementor-element-ea92e7e elementor-widget elementor-widget-text-editor\" data-id=\"ea92e7e\" data-element_type=\"widget\" data-e-type=\"widget\" data-widget_type=\"text-editor.default\">\n\t\t\t\t<div class=\"elementor-widget-container\">\n\t\t\t\t\t\t\t\t\t<p>Nach dem Abitur 2008 zieht Jana deshalb nach <a href=\"https:\/\/lehrer-werden-in-sachsen.de\\\\\/sachsen-erleben\/dresden\/\" title=\"Sachsen erleben - Dresden\" target=\"_blank\" rel=\"noopener\">Dresden<\/a>, um an der <a href=\"https:\/\/tu-dresden.de\/\" title=\"TU Dresden\" target=\"_blank\" rel=\"noopener\">TU<\/a> ihr Studium der <a href=\"https:\/\/tu-dresden.de\/gsw\/ew?set_language=de\" title=\"TU Dresden - Erziehungswissenschaften\" target=\"_blank\" rel=\"noopener\">Erziehungswissenschaften<\/a>, Germanistik und Ethik \/ Philosophie zu beginnen. Ihre F\u00e4cherwahl war eine logische Konsequenz aus ihrer eigenen Schulzeit: \u201eIch habe die F\u00e4cher gew\u00e4hlt, die mir als Sch\u00fclerin Spa\u00df gemacht haben. Deutsch lag mir und in Ethik hatte ich einfach beispielhafte Lehrerinnen, die ich als meine weiblichen Vorbilder bezeichnen w\u00fcrde. Diese Lehrerinnen haben mich inspiriert.\u201c<\/p><p>Im zweiten Semester stellt sie jedoch fest, dass Ethik vielleicht doch nicht die richtige F\u00e4cherwahl war: \u201eNach den ersten Hausarbeiten und Klausuren habe ich gemerkt, dass das nichts f\u00fcr mich ist. Ich bin dann zur Anglistik gewechselt, da mir Sprachen schon immer Freude bereitet haben. Au\u00dferdem macht es mir Spa\u00df, mein eigenes Englisch immer weiterzuentwickeln.\u201c<\/p><p>Ihr Bachelorstudium schloss sie 2012 ab, zwei Jahre sp\u00e4ter beendete sie erfolgreich ihr Masterstudium. Im Februar 2015 begann sie ihr Referendariat am Sportgymnasium Dresden, an dem sie nun im achten Jahr als erst festangestellte und mittlerweile verbeamtete Lehrerin unterrichtet.<\/p>\t\t\t\t\t\t\t\t<\/div>\n\t\t\t\t<\/div>\n\t\t\t\t\t<\/div>\n\t\t<\/div>\n\t\t\t\t\t<\/div>\n\t\t<\/section>\n\t\t\t\t<section class=\"elementor-section elementor-top-section elementor-element elementor-element-59df3f8 elementor-section-boxed elementor-section-height-default elementor-section-height-default\" data-id=\"59df3f8\" data-element_type=\"section\" data-e-type=\"section\">\n\t\t\t\t\t\t<div class=\"elementor-container elementor-column-gap-default\">\n\t\t\t\t\t<div class=\"elementor-column elementor-col-100 elementor-top-column elementor-element elementor-element-0f03a50\" data-id=\"0f03a50\" data-element_type=\"column\" data-e-type=\"column\">\n\t\t\t<div class=\"elementor-widget-wrap elementor-element-populated\">\n\t\t\t\t\t\t<div class=\"elementor-element elementor-element-477b7c0 elementor-widget elementor-widget-heading\" data-id=\"477b7c0\" data-element_type=\"widget\" data-e-type=\"widget\" data-widget_type=\"heading.default\">\n\t\t\t\t<div class=\"elementor-widget-container\">\n\t\t\t\t\t<h2 class=\"elementor-heading-title elementor-size-default\">Heute Sportgymnasium in Dresden, morgen Olympia oder Bundesliga <\/h2>\t\t\t\t<\/div>\n\t\t\t\t<\/div>\n\t\t\t\t\t<\/div>\n\t\t<\/div>\n\t\t\t\t\t<\/div>\n\t\t<\/section>\n\t\t\t\t<section class=\"elementor-section elementor-top-section elementor-element elementor-element-d989e0d elementor-section-boxed elementor-section-height-default elementor-section-height-default\" data-id=\"d989e0d\" data-element_type=\"section\" data-e-type=\"section\">\n\t\t\t\t\t\t<div class=\"elementor-container elementor-column-gap-default\">\n\t\t\t\t\t<div class=\"elementor-column elementor-col-100 elementor-top-column elementor-element elementor-element-923b024\" data-id=\"923b024\" data-element_type=\"column\" data-e-type=\"column\">\n\t\t\t<div class=\"elementor-widget-wrap elementor-element-populated\">\n\t\t\t\t\t\t<div class=\"elementor-element elementor-element-beddcd9 elementor-widget elementor-widget-text-editor\" data-id=\"beddcd9\" data-element_type=\"widget\" data-e-type=\"widget\" data-widget_type=\"text-editor.default\">\n\t\t\t\t<div class=\"elementor-widget-container\">\n\t\t\t\t\t\t\t\t\t<p>Das <a href=\"https:\/\/www.sportgymnasium.de\/schule\/schule\" title=\"Sportgymnasium Dresden\" target=\"_blank\" rel=\"noopener\">Sportgymnasium in Dresden<\/a> hat eine Besonderheit: Es ist eine \u201aParagraf-4-Schule\u2018. Das bedeutet, dass die Einrichtung nach der s\u00e4chsischen Schulordnung eine vertiefte sportliche Ausbildung garantiert, um ein intensives, leistungsorientiertes Training mit der gymnasialen Ausbildung zu verbinden.<\/p><p>\u201eDas gesamte Schulleben muss sich um den Sport herum entwickeln: In erster Linie geht es darum, dass die Sch\u00fclerinnen und Sch\u00fcler trainieren und ihre sportlichen Erfolge verfolgen k\u00f6nnen\u201c, erkl\u00e4rt Jana. Das bedeute zum Beispiel viele Trainingsstunden und somit Fehlzeiten einzelner Sch\u00fclerinnen und Sch\u00fcler. \u201eDeshalb arbeiten wir noch intensiver mit den Sch\u00fclerinnen und Sch\u00fclern, die unterwegs sind. Teilweise stehen wir \u00fcber digitale Medien mit ihnen in Kontakt.\u201c<\/p><p>F\u00fcr die Lehrkr\u00e4fte bedeutet diese besondere Aufmerksamkeit im Einzelfall mehr Arbeit: \u201eEs kann vorkommen, dass Sch\u00fclerinnen und Sch\u00fcler in den Ferien Stoff nachholen m\u00fcssen. Dann muss ich manchmal in den Ferien arbeiten. Ich bin darauf vorbereitet und mache das gerne. Ich will meine Sch\u00fclerinnen und Sch\u00fcler weiterbringen und sie in ihren Tr\u00e4umen unterst\u00fctzen.\u201c<\/p><p>Als zus\u00e4tzliche F\u00f6rderung bietet das Gymnasium das \u201aLernatelier\u2018 und die drei \u201aStudierzeiten\u2018 an. Im \u201aLernatelier\u2018 trainieren die Kinder verschiedene Lernmethoden f\u00fcr die Hauptf\u00e4cher Mathematik, Deutsch und Englisch. In den \u201aStudierzeiten\u2018, die \u00fcber das Schuljahr verteilt jeweils eine Woche stattfinden, erarbeiten die Sch\u00fclerinnen und Sch\u00fcler f\u00e4cher\u00fcbergreifend Produkte und setzen sich intensiv mit einem oder mehreren Themen der Lehrpl\u00e4ne auseinander.<\/p><p>Muss man denn selbst ein Sportgenie sein, um an dem Dresdner Sportgymnasium zu arbeiten? \u201eNein\u201c, sagt Jana, \u201eaber pers\u00f6nlich finde ich es manchmal schade, dass ich logischerweise nicht nachempfinden kann, wie es den Sch\u00fclerinnen und Sch\u00fclern wirklich geht, weil ich selbst nie Profisportlerin war.\u201c Sie habe zwar hobbym\u00e4\u00dfig Schwimmunterricht bei der Wasserwacht genommen, aber das sei kein Vergleich zu den Anstrengungen, die ihre Sch\u00fclerinnen und Sch\u00fcler auf sich n\u00e4hmen. \u201eDa fehlt mir manchmal die Sensibilit\u00e4t f\u00fcr die Tatsache, dass sie einen richtig harten Alltag haben und hohe Ziele verfolgen, wie beispielsweise die Teilnahme an den Olympischen Spielen oder das Spielen in der Bundesliga.\u201c<\/p><p>Andererseits sei es vielleicht gut, dass nicht alle Schulakteure aus dem Sportbereich kommen: \u201eAn der Schule gef\u00e4llt mir eben auch die gelebte Vielfalt, die man nicht nur im Vorbeigehen auf der Stra\u00dfe trifft, sondern wirklich kennenlernt.\u201c<\/p>\t\t\t\t\t\t\t\t<\/div>\n\t\t\t\t<\/div>\n\t\t\t\t\t<\/div>\n\t\t<\/div>\n\t\t\t\t\t<\/div>\n\t\t<\/section>\n\t\t\t\t<section class=\"elementor-section elementor-top-section elementor-element elementor-element-61f1be0 elementor-section-boxed elementor-section-height-default elementor-section-height-default\" data-id=\"61f1be0\" data-element_type=\"section\" data-e-type=\"section\">\n\t\t\t\t\t\t<div class=\"elementor-container elementor-column-gap-default\">\n\t\t\t\t\t<div class=\"elementor-column elementor-col-100 elementor-top-column elementor-element elementor-element-ad902be\" data-id=\"ad902be\" data-element_type=\"column\" data-e-type=\"column\">\n\t\t\t<div class=\"elementor-widget-wrap elementor-element-populated\">\n\t\t\t\t\t\t<div class=\"elementor-element elementor-element-52df935 elementor-widget elementor-widget-heading\" data-id=\"52df935\" data-element_type=\"widget\" data-e-type=\"widget\" data-widget_type=\"heading.default\">\n\t\t\t\t<div class=\"elementor-widget-container\">\n\t\t\t\t\t<h2 class=\"elementor-heading-title elementor-size-default\">Lese-Rechtschreibst\u00f6rung: Diagnostik und gezielte F\u00f6rderung<\/h2>\t\t\t\t<\/div>\n\t\t\t\t<\/div>\n\t\t\t\t\t<\/div>\n\t\t<\/div>\n\t\t\t\t\t<\/div>\n\t\t<\/section>\n\t\t\t\t<section class=\"elementor-section elementor-top-section elementor-element elementor-element-e139d54 elementor-section-boxed elementor-section-height-default elementor-section-height-default\" data-id=\"e139d54\" data-element_type=\"section\" data-e-type=\"section\">\n\t\t\t\t\t\t<div class=\"elementor-container elementor-column-gap-default\">\n\t\t\t\t\t<div class=\"elementor-column elementor-col-100 elementor-top-column elementor-element elementor-element-e566fe4\" data-id=\"e566fe4\" data-element_type=\"column\" data-e-type=\"column\">\n\t\t\t<div class=\"elementor-widget-wrap elementor-element-populated\">\n\t\t\t\t\t\t<div class=\"elementor-element elementor-element-2590fa7 elementor-widget elementor-widget-text-editor\" data-id=\"2590fa7\" data-element_type=\"widget\" data-e-type=\"widget\" data-widget_type=\"text-editor.default\">\n\t\t\t\t<div class=\"elementor-widget-container\">\n\t\t\t\t\t\t\t\t\t<p>Janas St\u00e4rken liegen vielleicht nicht im sportlichen, daf\u00fcr aber im sprachlichen Bereich: An der Dresdner Schule ist Richter n\u00e4mlich nicht nur Lehrerin f\u00fcr Deutsch und Englisch, sondern ebenso f\u00fcr die Lese-Rechtschreib-Diagnostik und -F\u00f6rderung (<a href=\"https:\/\/www.revosax.sachsen.de\/vorschrift\/5441-VwV-LRS-Foerderung\" title=\"Sachsen.de - REVOSax\" target=\"_blank\" rel=\"noopener\">LRS<\/a>) verantwortlich.<\/p><p>Den Weg dorthin ebnet die Schulleitung, als Jana neu an die Schule kommt. Die Leitung fragt sie, ob sie am Zertifikatskursus Lese-Rechtschreib-Schw\u00e4che teilnehmen m\u00f6chte. Sie sagt zu. Der <a href=\"https:\/\/www.sachsen.de\/\" title=\"Sachsen.de\" target=\"_blank\" rel=\"noopener\">Freistaat Sachsen<\/a> f\u00f6rdert den Kursus und f\u00fchrt ihn durch. Die Kurse laufen \u00fcber zweieinhalb Jahre und finden jeweils in einer Ferienwoche statt. 2018 beendet Jana ihre Weiterbildung.<\/p><p>Wie sieht ihre Arbeit in der Lese-Rechtschreib-F\u00f6rderung am Sportgymnasium konkret aus? \u201eIch habe ein bis zwei F\u00f6rderstunden pro Woche, um herauszufinden, welche Sch\u00fclerinnen und Sch\u00fcler Tendenzen in Richtung Lese-Rechtschreib-Schw\u00e4che haben. Dabei bin ich auch auf die Mitarbeit des Kollegiums angewiesen, das mir Schreibproben zukommen l\u00e4sst. Nach einer Diagnose kann die gezielte F\u00f6rderung beginnen.\u201c<\/p><p>Im F\u00f6rderunterricht \u00fcbt Jana mit ihren Sch\u00fctzlingen das Lesen, sozusagen die Gew\u00f6hnung an die Buchstaben. Sie erarbeitet mit ihnen ebenfalls Strategien, um sogenannte Problemw\u00f6rter, also W\u00f6rter, die immer wieder falsch geschrieben werden, regelm\u00e4\u00dfig richtig zu schreiben. \u201eDas braucht nat\u00fcrlich Zeit. Die Lese-Rechtschreib-Schw\u00e4che ist nicht heilbar und ich m\u00f6chte den Sch\u00fclerinnen und Sch\u00fclern vermitteln, dass das heutzutage gar nicht mehr schlimm ist.\u201c<\/p><p>Ihr Ziel ist es, den Sch\u00fclerinnen und Sch\u00fclern Selbstbewusstsein zu vermitteln, damit sie sich selbst akzeptieren und Strategien finden, um das Beste aus ihren F\u00e4higkeiten zu machen.<\/p>\t\t\t\t\t\t\t\t<\/div>\n\t\t\t\t<\/div>\n\t\t\t\t\t<\/div>\n\t\t<\/div>\n\t\t\t\t\t<\/div>\n\t\t<\/section>\n\t\t\t\t<section class=\"elementor-section elementor-top-section elementor-element elementor-element-925f9db elementor-section-boxed elementor-section-height-default elementor-section-height-default\" data-id=\"925f9db\" data-element_type=\"section\" data-e-type=\"section\">\n\t\t\t\t\t\t<div class=\"elementor-container elementor-column-gap-default\">\n\t\t\t\t\t<div class=\"elementor-column elementor-col-100 elementor-top-column elementor-element elementor-element-68fbac6\" data-id=\"68fbac6\" data-element_type=\"column\" data-e-type=\"column\">\n\t\t\t<div class=\"elementor-widget-wrap elementor-element-populated\">\n\t\t\t\t\t\t<div class=\"elementor-element elementor-element-cd4882a elementor-widget elementor-widget-heading\" data-id=\"cd4882a\" data-element_type=\"widget\" data-e-type=\"widget\" data-widget_type=\"heading.default\">\n\t\t\t\t<div class=\"elementor-widget-container\">\n\t\t\t\t\t<h2 class=\"elementor-heading-title elementor-size-default\">\u201eWer will schon lernen, wenn es keine Hoffnung mehr gibt?\u201c<\/h2>\t\t\t\t<\/div>\n\t\t\t\t<\/div>\n\t\t\t\t\t<\/div>\n\t\t<\/div>\n\t\t\t\t\t<\/div>\n\t\t<\/section>\n\t\t\t\t<section class=\"elementor-section elementor-top-section elementor-element elementor-element-0d62432 elementor-section-boxed elementor-section-height-default elementor-section-height-default\" data-id=\"0d62432\" data-element_type=\"section\" data-e-type=\"section\">\n\t\t\t\t\t\t<div class=\"elementor-container elementor-column-gap-default\">\n\t\t\t\t\t<div class=\"elementor-column elementor-col-100 elementor-top-column elementor-element elementor-element-f13591a\" data-id=\"f13591a\" data-element_type=\"column\" data-e-type=\"column\">\n\t\t\t<div class=\"elementor-widget-wrap elementor-element-populated\">\n\t\t\t\t\t\t<div class=\"elementor-element elementor-element-29a6fb3 elementor-widget elementor-widget-text-editor\" data-id=\"29a6fb3\" data-element_type=\"widget\" data-e-type=\"widget\" data-widget_type=\"text-editor.default\">\n\t\t\t\t<div class=\"elementor-widget-container\">\n\t\t\t\t\t\t\t\t\t<p>Obgleich der Lehrermangel in den l\u00e4ndlichen Regionen besonders gro\u00df ist, geht dieses Problem nicht an den st\u00e4dtischen Schulen vorbei. Das gro\u00dfe Ganze k\u00f6nne man nicht \u00e4ndern, aber in kleinen Schritten k\u00f6nne Schule angenehmer und sch\u00f6ner gestaltet werden, findet Jana. F\u00fcr sie steht vor allem der Mensch im Mittelpunkt: Es gehe ihr um das Miteinander, um die Familien hinter den Kindern. Sie glaubt fest daran, dass jeder lernf\u00e4hig ist, \u201ewenn wir Wege finden, dass sich alle in ihrem eigenen Tempo entfalten und sich nach ihren M\u00f6glichkeiten individuell entwickeln k\u00f6nnen.\u201c<\/p><p>\u00a0<\/p><p>Daf\u00fcr braucht es gen\u00fcgend Lehrkr\u00e4fte, an denen es in Sachsen derzeit mangelt. \u201eIch w\u00fcnsche mir f\u00fcr den Lehrerberuf Menschen, die den Osten Deutschlands nicht abgeschrieben haben und in ihm mehr sehen als das rechte Klischee. Ich w\u00fcnsche mir Lehrerinnen und Lehrer, die den Osten m\u00f6gen und gerne hier leben, die vorurteilsfrei und hoffnungsvoll sind.\u201c<\/p><p>\u00a0<\/p><p>Denn Lehrer zu sein bedeute, sich selbst immer wieder zu motivieren und diese Motivation an die Sch\u00fclerschaft weiterzugeben. \u201eUnd damit selbst auch eine Art Hoffnungstr\u00e4ger zu sein und vor allem zu bleiben. Wer will schon lernen, wenn es keine Hoffnung mehr gibt?\u201c<\/p>\t\t\t\t\t\t\t\t<\/div>\n\t\t\t\t<\/div>\n\t\t\t\t\t<\/div>\n\t\t<\/div>\n\t\t\t\t\t<\/div>\n\t\t<\/section>\n\t\t\t\t<section class=\"elementor-section elementor-top-section elementor-element elementor-element-093ceee elementor-section-boxed elementor-section-height-default elementor-section-height-default\" data-id=\"093ceee\" data-element_type=\"section\" data-e-type=\"section\">\n\t\t\t\t\t\t<div class=\"elementor-container elementor-column-gap-default\">\n\t\t\t\t\t<div class=\"elementor-column elementor-col-100 elementor-top-column elementor-element elementor-element-773fd5e\" data-id=\"773fd5e\" data-element_type=\"column\" data-e-type=\"column\">\n\t\t\t<div class=\"elementor-widget-wrap elementor-element-populated\">\n\t\t\t\t\t\t<div class=\"elementor-element elementor-element-d451427 elementor-widget elementor-widget-spacer\" data-id=\"d451427\" data-element_type=\"widget\" data-e-type=\"widget\" data-widget_type=\"spacer.default\">\n\t\t\t\t<div class=\"elementor-widget-container\">\n\t\t\t\t\t\t\t<div class=\"elementor-spacer\">\n\t\t\t<div class=\"elementor-spacer-inner\"><\/div>\n\t\t<\/div>\n\t\t\t\t\t\t<\/div>\n\t\t\t\t<\/div>\n\t\t\t\t\t<\/div>\n\t\t<\/div>\n\t\t\t\t\t<\/div>\n\t\t<\/section>\n\t\t\t\t<section class=\"elementor-section elementor-top-section elementor-element elementor-element-32cdc3c elementor-section-boxed elementor-section-height-default elementor-section-height-default\" data-id=\"32cdc3c\" data-element_type=\"section\" data-e-type=\"section\">\n\t\t\t\t\t\t<div class=\"elementor-container elementor-column-gap-default\">\n\t\t\t\t\t<div class=\"elementor-column elementor-col-100 elementor-top-column elementor-element elementor-element-c1cd103\" data-id=\"c1cd103\" data-element_type=\"column\" data-e-type=\"column\">\n\t\t\t<div class=\"elementor-widget-wrap elementor-element-populated\">\n\t\t\t\t\t\t<div class=\"elementor-element elementor-element-98d6a78 elementor-widget elementor-widget-heading\" data-id=\"98d6a78\" data-element_type=\"widget\" data-e-type=\"widget\" data-widget_type=\"heading.default\">\n\t\t\t\t<div class=\"elementor-widget-container\">\n\t\t\t\t\t<h2 class=\"elementor-heading-title elementor-size-default\">Du m\u00f6chtest LEHRERIN SACHSEN werden?<\/h2>\t\t\t\t<\/div>\n\t\t\t\t<\/div>\n\t\t\t\t\t<\/div>\n\t\t<\/div>\n\t\t\t\t\t<\/div>\n\t\t<\/section>\n\t\t\t\t<section class=\"elementor-section elementor-top-section elementor-element elementor-element-4ceec11 elementor-section-boxed elementor-section-height-default elementor-section-height-default\" data-id=\"4ceec11\" data-element_type=\"section\" data-e-type=\"section\">\n\t\t\t\t\t\t<div class=\"elementor-container elementor-column-gap-default\">\n\t\t\t\t\t<div class=\"elementor-column elementor-col-100 elementor-top-column elementor-element elementor-element-78b527f\" data-id=\"78b527f\" data-element_type=\"column\" data-e-type=\"column\">\n\t\t\t<div class=\"elementor-widget-wrap elementor-element-populated\">\n\t\t\t\t\t\t<div class=\"elementor-element elementor-element-8a8f4a4 elementor-widget elementor-widget-button\" data-id=\"8a8f4a4\" data-element_type=\"widget\" data-e-type=\"widget\" data-widget_type=\"button.default\">\n\t\t\t\t<div class=\"elementor-widget-container\">\n\t\t\t\t\t\t\t\t\t<div class=\"elementor-button-wrapper\">\n\t\t\t\t\t<a class=\"elementor-button elementor-button-link elementor-size-sm\" href=\"https:\/\/lehrer-werden-in-sachsen.de\/infos-zur-beruflichen-orientierung\/\" target=\"_blank\" title=\"Infos zur beruflichen Orientierung\">\n\t\t\t\t\t\t<span class=\"elementor-button-content-wrapper\">\n\t\t\t\t\t\t\t\t\t<span class=\"elementor-button-text\">Dann informiere dich jetzt \u00fcber deine M\u00f6glichkeiten.<\/span>\n\t\t\t\t\t<\/span>\n\t\t\t\t\t<\/a>\n\t\t\t\t<\/div>\n\t\t\t\t\t\t\t\t<\/div>\n\t\t\t\t<\/div>\n\t\t\t\t\t<\/div>\n\t\t<\/div>\n\t\t\t\t\t<\/div>\n\t\t<\/section>\n\t\t\t\t<\/div>\n\t\t","protected":false},"excerpt":{"rendered":"<p>Jana unterrichtet Deutsch und Englisch am Sportgymnasium in Dresden. Im Interview erz\u00e4hlt sie, warum sie Lehrerin geworden ist, was das Besondere an ihrer Schule ist und welche Art von Lehrer sie sich f\u00fcr Sachsen w\u00fcnscht.<\/p>\n","protected":false},"author":13,"featured_media":14330,"comment_status":"closed","ping_status":"closed","sticky":false,"template":"","format":"standard","meta":{"footnotes":""},"categories":[46],"tags":[124,203,201],"class_list":["post-14329","post","type-post","status-publish","format-standard","has-post-thumbnail","hentry","category-blog","tag-gymnasium","tag-inklusion","tag-weiterbildung"],"yoast_head":"<!-- This site is optimized with the Yoast SEO plugin v27.3 - https:\/\/yoast.com\/product\/yoast-seo-wordpress\/ -->\n<title>LEHRERIN SACHSEN | Sportgymnasium Dresden<\/title>\n<meta name=\"description\" content=\"Jana unterrichtet am Sportgymnasium in Dresden. Wir haben sie zum Interview getroffen und gefragt, warum sie Lehrerin geworden ist.\" \/>\n<meta name=\"robots\" content=\"index, follow, max-snippet:-1, max-image-preview:large, max-video-preview:-1\" \/>\n<link rel=\"canonical\" href=\"https:\/\/lehrer-werden-in-sachsen.de\/sportgymnasium-dresden\/\" \/>\n<meta property=\"og:locale\" content=\"de_DE\" \/>\n<meta property=\"og:type\" content=\"article\" \/>\n<meta property=\"og:title\" content=\"LEHRERIN SACHSEN | Sportgymnasium Dresden\" \/>\n<meta property=\"og:description\" content=\"Jana unterrichtet am Sportgymnasium in Dresden. Wir haben sie zum Interview getroffen und gefragt, warum sie Lehrerin geworden ist.\" \/>\n<meta property=\"og:url\" content=\"https:\/\/lehrer-werden-in-sachsen.de\/sportgymnasium-dresden\/\" \/>\n<meta property=\"og:site_name\" content=\"LEHRERIN SACHSEN\" \/>\n<meta property=\"article:published_time\" content=\"2024-01-18T10:15:23+00:00\" \/>\n<meta property=\"article:modified_time\" content=\"2025-10-10T09:37:24+00:00\" \/>\n<meta property=\"og:image\" content=\"https:\/\/lehrer-werden-in-sachsen.de\/wp-content\/uploads\/2024\/01\/SMK-Blog-Header-Jana-Richter-01_1920x970px.jpg\" \/>\n\t<meta property=\"og:image:width\" content=\"1920\" \/>\n\t<meta property=\"og:image:height\" content=\"970\" \/>\n\t<meta property=\"og:image:type\" content=\"image\/jpeg\" \/>\n<meta name=\"author\" content=\"Maria Kretschmann\" \/>\n<meta name=\"twitter:card\" content=\"summary_large_image\" \/>\n<meta name=\"twitter:label1\" content=\"Verfasst von\" \/>\n\t<meta name=\"twitter:data1\" content=\"Maria Kretschmann\" \/>\n\t<meta name=\"twitter:label2\" content=\"Gesch\u00e4tzte Lesezeit\" \/>\n\t<meta name=\"twitter:data2\" content=\"7\u00a0Minuten\" \/>\n<script type=\"application\/ld+json\" class=\"yoast-schema-graph\">{\"@context\":\"https:\\\/\\\/schema.org\",\"@graph\":[{\"@type\":\"Article\",\"@id\":\"https:\\\/\\\/lehrer-werden-in-sachsen.de\\\/sportgymnasium-dresden\\\/#article\",\"isPartOf\":{\"@id\":\"https:\\\/\\\/lehrer-werden-in-sachsen.de\\\/sportgymnasium-dresden\\\/\"},\"author\":{\"name\":\"Maria Kretschmann\",\"@id\":\"https:\\\/\\\/lehrer-werden-in-sachsen.de\\\/#\\\/schema\\\/person\\\/4a127ffcfbf4e52ff0f66dcd7b4a5cc1\"},\"headline\":\"\u201eIch w\u00fcnsche mir Lehrer, die den Osten m\u00f6gen, vorurteilsfrei und hoffnungsvoll sind\u201c\",\"datePublished\":\"2024-01-18T10:15:23+00:00\",\"dateModified\":\"2025-10-10T09:37:24+00:00\",\"mainEntityOfPage\":{\"@id\":\"https:\\\/\\\/lehrer-werden-in-sachsen.de\\\/sportgymnasium-dresden\\\/\"},\"wordCount\":1297,\"publisher\":{\"@id\":\"https:\\\/\\\/lehrer-werden-in-sachsen.de\\\/#organization\"},\"image\":{\"@id\":\"https:\\\/\\\/lehrer-werden-in-sachsen.de\\\/sportgymnasium-dresden\\\/#primaryimage\"},\"thumbnailUrl\":\"https:\\\/\\\/lehrer-werden-in-sachsen.de\\\/stage\\\/wp-content\\\/uploads\\\/2024\\\/01\\\/SMK-Blog-Header-Jana-Richter-01_1920x970px.jpg\",\"keywords\":[\"Gymnasium\",\"Inklusion\",\"Weiterbildung\"],\"articleSection\":[\"Blog\"],\"inLanguage\":\"de\"},{\"@type\":\"WebPage\",\"@id\":\"https:\\\/\\\/lehrer-werden-in-sachsen.de\\\/sportgymnasium-dresden\\\/\",\"url\":\"https:\\\/\\\/lehrer-werden-in-sachsen.de\\\/sportgymnasium-dresden\\\/\",\"name\":\"LEHRERIN SACHSEN | Sportgymnasium Dresden\",\"isPartOf\":{\"@id\":\"https:\\\/\\\/lehrer-werden-in-sachsen.de\\\/#website\"},\"primaryImageOfPage\":{\"@id\":\"https:\\\/\\\/lehrer-werden-in-sachsen.de\\\/sportgymnasium-dresden\\\/#primaryimage\"},\"image\":{\"@id\":\"https:\\\/\\\/lehrer-werden-in-sachsen.de\\\/sportgymnasium-dresden\\\/#primaryimage\"},\"thumbnailUrl\":\"https:\\\/\\\/lehrer-werden-in-sachsen.de\\\/stage\\\/wp-content\\\/uploads\\\/2024\\\/01\\\/SMK-Blog-Header-Jana-Richter-01_1920x970px.jpg\",\"datePublished\":\"2024-01-18T10:15:23+00:00\",\"dateModified\":\"2025-10-10T09:37:24+00:00\",\"description\":\"Jana unterrichtet am Sportgymnasium in Dresden. Wir haben sie zum Interview getroffen und gefragt, warum sie Lehrerin geworden ist.\",\"breadcrumb\":{\"@id\":\"https:\\\/\\\/lehrer-werden-in-sachsen.de\\\/sportgymnasium-dresden\\\/#breadcrumb\"},\"inLanguage\":\"de\",\"potentialAction\":[{\"@type\":\"ReadAction\",\"target\":[\"https:\\\/\\\/lehrer-werden-in-sachsen.de\\\/sportgymnasium-dresden\\\/\"]}]},{\"@type\":\"ImageObject\",\"inLanguage\":\"de\",\"@id\":\"https:\\\/\\\/lehrer-werden-in-sachsen.de\\\/sportgymnasium-dresden\\\/#primaryimage\",\"url\":\"https:\\\/\\\/lehrer-werden-in-sachsen.de\\\/stage\\\/wp-content\\\/uploads\\\/2024\\\/01\\\/SMK-Blog-Header-Jana-Richter-01_1920x970px.jpg\",\"contentUrl\":\"https:\\\/\\\/lehrer-werden-in-sachsen.de\\\/stage\\\/wp-content\\\/uploads\\\/2024\\\/01\\\/SMK-Blog-Header-Jana-Richter-01_1920x970px.jpg\",\"width\":1920,\"height\":970,\"caption\":\"Jana Richter ist Lehrerin am Sportgymnasium Dresden\"},{\"@type\":\"BreadcrumbList\",\"@id\":\"https:\\\/\\\/lehrer-werden-in-sachsen.de\\\/sportgymnasium-dresden\\\/#breadcrumb\",\"itemListElement\":[{\"@type\":\"ListItem\",\"position\":1,\"name\":\"Startseite\",\"item\":\"https:\\\/\\\/lehrer-werden-in-sachsen.de\\\/\"},{\"@type\":\"ListItem\",\"position\":2,\"name\":\"\u201eIch w\u00fcnsche mir Lehrer, die den Osten m\u00f6gen, vorurteilsfrei und hoffnungsvoll sind\u201c\"}]},{\"@type\":\"WebSite\",\"@id\":\"https:\\\/\\\/lehrer-werden-in-sachsen.de\\\/#website\",\"url\":\"https:\\\/\\\/lehrer-werden-in-sachsen.de\\\/\",\"name\":\"LEHRERIN SACHSEN\",\"description\":\"Eine Klasse f\u00fcr sich.\",\"publisher\":{\"@id\":\"https:\\\/\\\/lehrer-werden-in-sachsen.de\\\/#organization\"},\"potentialAction\":[{\"@type\":\"SearchAction\",\"target\":{\"@type\":\"EntryPoint\",\"urlTemplate\":\"https:\\\/\\\/lehrer-werden-in-sachsen.de\\\/?s={search_term_string}\"},\"query-input\":{\"@type\":\"PropertyValueSpecification\",\"valueRequired\":true,\"valueName\":\"search_term_string\"}}],\"inLanguage\":\"de\"},{\"@type\":\"Organization\",\"@id\":\"https:\\\/\\\/lehrer-werden-in-sachsen.de\\\/#organization\",\"name\":\"LEHRERIN SACHSEN\",\"url\":\"https:\\\/\\\/lehrer-werden-in-sachsen.de\\\/\",\"logo\":{\"@type\":\"ImageObject\",\"inLanguage\":\"de\",\"@id\":\"https:\\\/\\\/lehrer-werden-in-sachsen.de\\\/#\\\/schema\\\/logo\\\/image\\\/\",\"url\":\"https:\\\/\\\/lehrer-werden-in-sachsen.de\\\/stage\\\/wp-content\\\/uploads\\\/2022\\\/02\\\/SMK_Leherin-Sachsen-Marke_RGB_Violett-Orange.svg\",\"contentUrl\":\"https:\\\/\\\/lehrer-werden-in-sachsen.de\\\/stage\\\/wp-content\\\/uploads\\\/2022\\\/02\\\/SMK_Leherin-Sachsen-Marke_RGB_Violett-Orange.svg\",\"caption\":\"LEHRERIN SACHSEN\"},\"image\":{\"@id\":\"https:\\\/\\\/lehrer-werden-in-sachsen.de\\\/#\\\/schema\\\/logo\\\/image\\\/\"}},{\"@type\":\"Person\",\"@id\":\"https:\\\/\\\/lehrer-werden-in-sachsen.de\\\/#\\\/schema\\\/person\\\/4a127ffcfbf4e52ff0f66dcd7b4a5cc1\",\"name\":\"Maria Kretschmann\",\"image\":{\"@type\":\"ImageObject\",\"inLanguage\":\"de\",\"@id\":\"https:\\\/\\\/secure.gravatar.com\\\/avatar\\\/785963a239158e0d036c182ccde6b24c2d0822b83af8ab1b3773045a106114df?s=96&d=mm&r=g\",\"url\":\"https:\\\/\\\/secure.gravatar.com\\\/avatar\\\/785963a239158e0d036c182ccde6b24c2d0822b83af8ab1b3773045a106114df?s=96&d=mm&r=g\",\"contentUrl\":\"https:\\\/\\\/secure.gravatar.com\\\/avatar\\\/785963a239158e0d036c182ccde6b24c2d0822b83af8ab1b3773045a106114df?s=96&d=mm&r=g\",\"caption\":\"Maria Kretschmann\"},\"url\":\"https:\\\/\\\/lehrer-werden-in-sachsen.de\\\/stage\\\/author\\\/maria-kretschmann\\\/\"}]}<\/script>\n<!-- \/ Yoast SEO plugin. -->","yoast_head_json":{"title":"LEHRERIN SACHSEN | Sportgymnasium Dresden","description":"Jana unterrichtet am Sportgymnasium in Dresden. Wir haben sie zum Interview getroffen und gefragt, warum sie Lehrerin geworden ist.","robots":{"index":"index","follow":"follow","max-snippet":"max-snippet:-1","max-image-preview":"max-image-preview:large","max-video-preview":"max-video-preview:-1"},"canonical":"https:\/\/lehrer-werden-in-sachsen.de\/sportgymnasium-dresden\/","og_locale":"de_DE","og_type":"article","og_title":"LEHRERIN SACHSEN | Sportgymnasium Dresden","og_description":"Jana unterrichtet am Sportgymnasium in Dresden. Wir haben sie zum Interview getroffen und gefragt, warum sie Lehrerin geworden ist.","og_url":"https:\/\/lehrer-werden-in-sachsen.de\/sportgymnasium-dresden\/","og_site_name":"LEHRERIN SACHSEN","article_published_time":"2024-01-18T10:15:23+00:00","article_modified_time":"2025-10-10T09:37:24+00:00","og_image":[{"width":1920,"height":970,"url":"https:\/\/lehrer-werden-in-sachsen.de\/wp-content\/uploads\/2024\/01\/SMK-Blog-Header-Jana-Richter-01_1920x970px.jpg","type":"image\/jpeg"}],"author":"Maria Kretschmann","twitter_card":"summary_large_image","twitter_misc":{"Verfasst von":"Maria Kretschmann","Gesch\u00e4tzte Lesezeit":"7\u00a0Minuten"},"schema":{"@context":"https:\/\/schema.org","@graph":[{"@type":"Article","@id":"https:\/\/lehrer-werden-in-sachsen.de\/sportgymnasium-dresden\/#article","isPartOf":{"@id":"https:\/\/lehrer-werden-in-sachsen.de\/sportgymnasium-dresden\/"},"author":{"name":"Maria Kretschmann","@id":"https:\/\/lehrer-werden-in-sachsen.de\/#\/schema\/person\/4a127ffcfbf4e52ff0f66dcd7b4a5cc1"},"headline":"\u201eIch w\u00fcnsche mir Lehrer, die den Osten m\u00f6gen, vorurteilsfrei und hoffnungsvoll sind\u201c","datePublished":"2024-01-18T10:15:23+00:00","dateModified":"2025-10-10T09:37:24+00:00","mainEntityOfPage":{"@id":"https:\/\/lehrer-werden-in-sachsen.de\/sportgymnasium-dresden\/"},"wordCount":1297,"publisher":{"@id":"https:\/\/lehrer-werden-in-sachsen.de\/#organization"},"image":{"@id":"https:\/\/lehrer-werden-in-sachsen.de\/sportgymnasium-dresden\/#primaryimage"},"thumbnailUrl":"https:\/\/lehrer-werden-in-sachsen.de\/stage\/wp-content\/uploads\/2024\/01\/SMK-Blog-Header-Jana-Richter-01_1920x970px.jpg","keywords":["Gymnasium","Inklusion","Weiterbildung"],"articleSection":["Blog"],"inLanguage":"de"},{"@type":"WebPage","@id":"https:\/\/lehrer-werden-in-sachsen.de\/sportgymnasium-dresden\/","url":"https:\/\/lehrer-werden-in-sachsen.de\/sportgymnasium-dresden\/","name":"LEHRERIN SACHSEN | Sportgymnasium Dresden","isPartOf":{"@id":"https:\/\/lehrer-werden-in-sachsen.de\/#website"},"primaryImageOfPage":{"@id":"https:\/\/lehrer-werden-in-sachsen.de\/sportgymnasium-dresden\/#primaryimage"},"image":{"@id":"https:\/\/lehrer-werden-in-sachsen.de\/sportgymnasium-dresden\/#primaryimage"},"thumbnailUrl":"https:\/\/lehrer-werden-in-sachsen.de\/stage\/wp-content\/uploads\/2024\/01\/SMK-Blog-Header-Jana-Richter-01_1920x970px.jpg","datePublished":"2024-01-18T10:15:23+00:00","dateModified":"2025-10-10T09:37:24+00:00","description":"Jana unterrichtet am Sportgymnasium in Dresden. Wir haben sie zum Interview getroffen und gefragt, warum sie Lehrerin geworden ist.","breadcrumb":{"@id":"https:\/\/lehrer-werden-in-sachsen.de\/sportgymnasium-dresden\/#breadcrumb"},"inLanguage":"de","potentialAction":[{"@type":"ReadAction","target":["https:\/\/lehrer-werden-in-sachsen.de\/sportgymnasium-dresden\/"]}]},{"@type":"ImageObject","inLanguage":"de","@id":"https:\/\/lehrer-werden-in-sachsen.de\/sportgymnasium-dresden\/#primaryimage","url":"https:\/\/lehrer-werden-in-sachsen.de\/stage\/wp-content\/uploads\/2024\/01\/SMK-Blog-Header-Jana-Richter-01_1920x970px.jpg","contentUrl":"https:\/\/lehrer-werden-in-sachsen.de\/stage\/wp-content\/uploads\/2024\/01\/SMK-Blog-Header-Jana-Richter-01_1920x970px.jpg","width":1920,"height":970,"caption":"Jana Richter ist Lehrerin am Sportgymnasium Dresden"},{"@type":"BreadcrumbList","@id":"https:\/\/lehrer-werden-in-sachsen.de\/sportgymnasium-dresden\/#breadcrumb","itemListElement":[{"@type":"ListItem","position":1,"name":"Startseite","item":"https:\/\/lehrer-werden-in-sachsen.de\/"},{"@type":"ListItem","position":2,"name":"\u201eIch w\u00fcnsche mir Lehrer, die den Osten m\u00f6gen, vorurteilsfrei und hoffnungsvoll sind\u201c"}]},{"@type":"WebSite","@id":"https:\/\/lehrer-werden-in-sachsen.de\/#website","url":"https:\/\/lehrer-werden-in-sachsen.de\/","name":"LEHRERIN SACHSEN","description":"Eine Klasse f\u00fcr sich.","publisher":{"@id":"https:\/\/lehrer-werden-in-sachsen.de\/#organization"},"potentialAction":[{"@type":"SearchAction","target":{"@type":"EntryPoint","urlTemplate":"https:\/\/lehrer-werden-in-sachsen.de\/?s={search_term_string}"},"query-input":{"@type":"PropertyValueSpecification","valueRequired":true,"valueName":"search_term_string"}}],"inLanguage":"de"},{"@type":"Organization","@id":"https:\/\/lehrer-werden-in-sachsen.de\/#organization","name":"LEHRERIN SACHSEN","url":"https:\/\/lehrer-werden-in-sachsen.de\/","logo":{"@type":"ImageObject","inLanguage":"de","@id":"https:\/\/lehrer-werden-in-sachsen.de\/#\/schema\/logo\/image\/","url":"https:\/\/lehrer-werden-in-sachsen.de\/stage\/wp-content\/uploads\/2022\/02\/SMK_Leherin-Sachsen-Marke_RGB_Violett-Orange.svg","contentUrl":"https:\/\/lehrer-werden-in-sachsen.de\/stage\/wp-content\/uploads\/2022\/02\/SMK_Leherin-Sachsen-Marke_RGB_Violett-Orange.svg","caption":"LEHRERIN SACHSEN"},"image":{"@id":"https:\/\/lehrer-werden-in-sachsen.de\/#\/schema\/logo\/image\/"}},{"@type":"Person","@id":"https:\/\/lehrer-werden-in-sachsen.de\/#\/schema\/person\/4a127ffcfbf4e52ff0f66dcd7b4a5cc1","name":"Maria Kretschmann","image":{"@type":"ImageObject","inLanguage":"de","@id":"https:\/\/secure.gravatar.com\/avatar\/785963a239158e0d036c182ccde6b24c2d0822b83af8ab1b3773045a106114df?s=96&d=mm&r=g","url":"https:\/\/secure.gravatar.com\/avatar\/785963a239158e0d036c182ccde6b24c2d0822b83af8ab1b3773045a106114df?s=96&d=mm&r=g","contentUrl":"https:\/\/secure.gravatar.com\/avatar\/785963a239158e0d036c182ccde6b24c2d0822b83af8ab1b3773045a106114df?s=96&d=mm&r=g","caption":"Maria Kretschmann"},"url":"https:\/\/lehrer-werden-in-sachsen.de\/stage\/author\/maria-kretschmann\/"}]}},"_links":{"self":[{"href":"https:\/\/lehrer-werden-in-sachsen.de\/stage\/wp-json\/wp\/v2\/posts\/14329","targetHints":{"allow":["GET"]}}],"collection":[{"href":"https:\/\/lehrer-werden-in-sachsen.de\/stage\/wp-json\/wp\/v2\/posts"}],"about":[{"href":"https:\/\/lehrer-werden-in-sachsen.de\/stage\/wp-json\/wp\/v2\/types\/post"}],"author":[{"embeddable":true,"href":"https:\/\/lehrer-werden-in-sachsen.de\/stage\/wp-json\/wp\/v2\/users\/13"}],"replies":[{"embeddable":true,"href":"https:\/\/lehrer-werden-in-sachsen.de\/stage\/wp-json\/wp\/v2\/comments?post=14329"}],"version-history":[{"count":35,"href":"https:\/\/lehrer-werden-in-sachsen.de\/stage\/wp-json\/wp\/v2\/posts\/14329\/revisions"}],"predecessor-version":[{"id":23921,"href":"https:\/\/lehrer-werden-in-sachsen.de\/stage\/wp-json\/wp\/v2\/posts\/14329\/revisions\/23921"}],"wp:featuredmedia":[{"embeddable":true,"href":"https:\/\/lehrer-werden-in-sachsen.de\/stage\/wp-json\/wp\/v2\/media\/14330"}],"wp:attachment":[{"href":"https:\/\/lehrer-werden-in-sachsen.de\/stage\/wp-json\/wp\/v2\/media?parent=14329"}],"wp:term":[{"taxonomy":"category","embeddable":true,"href":"https:\/\/lehrer-werden-in-sachsen.de\/stage\/wp-json\/wp\/v2\/categories?post=14329"},{"taxonomy":"post_tag","embeddable":true,"href":"https:\/\/lehrer-werden-in-sachsen.de\/stage\/wp-json\/wp\/v2\/tags?post=14329"}],"curies":[{"name":"wp","href":"https:\/\/api.w.org\/{rel}","templated":true}]}}