{"id":14241,"date":"2023-12-22T09:14:51","date_gmt":"2023-12-22T08:14:51","guid":{"rendered":"https:\/\/lehrer-werden-in-sachsen.de\/stage\/?p=14241"},"modified":"2025-10-10T12:33:59","modified_gmt":"2025-10-10T10:33:59","slug":"von-minsk-nach-falkenstein-viktoryia-ist-lehrerin-auf-dem-saechsischen-land","status":"publish","type":"post","link":"https:\/\/lehrer-werden-in-sachsen.de\/stage\/von-minsk-nach-falkenstein-viktoryia-ist-lehrerin-auf-dem-saechsischen-land\/","title":{"rendered":"Von Minsk nach Falkenstein: Viktoryia ist Lehrerin auf dem s\u00e4chsischen Land"},"content":{"rendered":"\t\t<div data-elementor-type=\"wp-post\" data-elementor-id=\"14241\" class=\"elementor elementor-14241\" data-elementor-post-type=\"post\">\n\t\t\t\t\t\t<section class=\"elementor-section elementor-top-section elementor-element elementor-element-77dc2d3 elementor-section-boxed elementor-section-height-default elementor-section-height-default\" data-id=\"77dc2d3\" data-element_type=\"section\" data-e-type=\"section\">\n\t\t\t\t\t\t<div class=\"elementor-container elementor-column-gap-default\">\n\t\t\t\t\t<div class=\"elementor-column elementor-col-100 elementor-top-column elementor-element elementor-element-db24ebd\" data-id=\"db24ebd\" data-element_type=\"column\" data-e-type=\"column\">\n\t\t\t<div class=\"elementor-widget-wrap elementor-element-populated\">\n\t\t\t\t\t\t<div class=\"elementor-element elementor-element-8cb6e5f elementor-widget elementor-widget-text-editor\" data-id=\"8cb6e5f\" data-element_type=\"widget\" data-e-type=\"widget\" data-widget_type=\"text-editor.default\">\n\t\t\t\t<div class=\"elementor-widget-container\">\n\t\t\t\t\t\t\t\t\t<p><strong>Viktoryia, Mitte 30, mit glattem roten Haar und sch\u00fcchternem L\u00e4cheln, ist seit Sommer 2023 Lehrerin an der <\/strong><a href=\"https:\/\/www.os-falkenstein.de\/\" title=\"Wilhelm-Adolph-von Tr\u00fctzschler Oberschule\" target=\"_blank\" rel=\"noopener\"><strong>Wilhelm-Adolph-von Tr\u00fctzschler Oberschule<\/strong><\/a><strong> in der Kleinstadt Falkenstein im s\u00e4chsischen <\/strong><a href=\"https:\/\/lehrer-werden-in-sachsen.de\\\\\/sachsen-erleben\/vogtlandkreis\/\" title=\"Sachsen erleben - Vogtlandkreis\" target=\"_blank\" rel=\"noopener\"><strong>Vogtland<\/strong><\/a><strong>. Vor f\u00fcnf Jahren verlie\u00df sie ihre Heimat Belarus und zog mit ihrem Mann nach Sachsen.<\/strong><\/p><p><strong>Wie ihr Weg in den s\u00e4chsischen Schuldienst verlief, welche H\u00fcrden noch zu \u00fcberwinden sind und was sie sich f\u00fcr die Zukunft w\u00fcnscht, hat sie uns erz\u00e4hlt. Und auch mit der deutschen Sprache machte sie so manche \u00fcberraschende Erfahrung.<\/strong><\/p>\t\t\t\t\t\t\t\t<\/div>\n\t\t\t\t<\/div>\n\t\t\t\t\t<\/div>\n\t\t<\/div>\n\t\t\t\t\t<\/div>\n\t\t<\/section>\n\t\t\t\t<section class=\"elementor-section elementor-top-section elementor-element elementor-element-2620ffc elementor-section-boxed elementor-section-height-default elementor-section-height-default\" data-id=\"2620ffc\" data-element_type=\"section\" data-e-type=\"section\">\n\t\t\t\t\t\t<div class=\"elementor-container elementor-column-gap-default\">\n\t\t\t\t\t<div class=\"elementor-column elementor-col-100 elementor-top-column elementor-element elementor-element-9f7a693\" data-id=\"9f7a693\" data-element_type=\"column\" data-e-type=\"column\">\n\t\t\t<div class=\"elementor-widget-wrap elementor-element-populated\">\n\t\t\t\t\t\t<div class=\"elementor-element elementor-element-ae09b8e elementor-widget elementor-widget-heading\" data-id=\"ae09b8e\" data-element_type=\"widget\" data-e-type=\"widget\" data-widget_type=\"heading.default\">\n\t\t\t\t<div class=\"elementor-widget-container\">\n\t\t\t\t\t<h2 class=\"elementor-heading-title elementor-size-default\">Erste Schritte in Sachsen<\/h2>\t\t\t\t<\/div>\n\t\t\t\t<\/div>\n\t\t\t\t\t<\/div>\n\t\t<\/div>\n\t\t\t\t\t<\/div>\n\t\t<\/section>\n\t\t\t\t<section class=\"elementor-section elementor-top-section elementor-element elementor-element-7f4f6c4 elementor-section-boxed elementor-section-height-default elementor-section-height-default\" data-id=\"7f4f6c4\" data-element_type=\"section\" data-e-type=\"section\">\n\t\t\t\t\t\t<div class=\"elementor-container elementor-column-gap-default\">\n\t\t\t\t\t<div class=\"elementor-column elementor-col-100 elementor-top-column elementor-element elementor-element-1a06e33\" data-id=\"1a06e33\" data-element_type=\"column\" data-e-type=\"column\">\n\t\t\t<div class=\"elementor-widget-wrap elementor-element-populated\">\n\t\t\t\t\t\t<div class=\"elementor-element elementor-element-57d66d3 elementor-widget elementor-widget-text-editor\" data-id=\"57d66d3\" data-element_type=\"widget\" data-e-type=\"widget\" data-widget_type=\"text-editor.default\">\n\t\t\t\t<div class=\"elementor-widget-container\">\n\t\t\t\t\t\t\t\t\t<p>Nach ihrem P\u00e4dagogikstudium der russischen und wei\u00dfrussischen Sprache und Literatur an der Universit\u00e4t Minsk arbeitete Viktoryia als Lehrerin an verschiedenen Schulen in Minsk.<\/p><p>\u00a0<\/p><p>Als sie 2018 mit ihrem Mann, der eine Stelle als Arzt angenommen hatte, nach Deutschland kam, war schnell klar, dass sie ihre Arbeit hier fortsetzen und Lehrerin in Sachsen werden m\u00f6chte.<\/p><p>\u00a0<\/p><p>\u201eIch musste mich zun\u00e4chst um die Anerkennung meiner Abschl\u00fcsse in Deutschland k\u00fcmmern.\u201c Das dauerte, denn es tauchten unerwartete Schwierigkeiten auf, wie zum Beispiel der durch die Heirat ge\u00e4nderte Nachname. \u201eAuf meinen Zeugnissen stand noch mein Geburtsname. Ich musste also erst beweisen, dass es wirklich meine Zeugnisse sind\u201c, erz\u00e4hlt sie lachend.<\/p><p>\u00a0<\/p><p>Was r\u00e4t sie Lehrkr\u00e4ften im Ausland, die in Sachsen Lehrer werden wollen? \u201eHabt alle eure Dokumente zusammen!\u201c<\/p>\t\t\t\t\t\t\t\t<\/div>\n\t\t\t\t<\/div>\n\t\t\t\t\t<\/div>\n\t\t<\/div>\n\t\t\t\t\t<\/div>\n\t\t<\/section>\n\t\t\t\t<section class=\"elementor-section elementor-top-section elementor-element elementor-element-cbb772c elementor-section-boxed elementor-section-height-default elementor-section-height-default\" data-id=\"cbb772c\" data-element_type=\"section\" data-e-type=\"section\">\n\t\t\t\t\t\t<div class=\"elementor-container elementor-column-gap-default\">\n\t\t\t\t\t<div class=\"elementor-column elementor-col-100 elementor-top-column elementor-element elementor-element-de666ad\" data-id=\"de666ad\" data-element_type=\"column\" data-e-type=\"column\">\n\t\t\t<div class=\"elementor-widget-wrap elementor-element-populated\">\n\t\t\t\t\t\t<div class=\"elementor-element elementor-element-29917ef elementor-widget elementor-widget-heading\" data-id=\"29917ef\" data-element_type=\"widget\" data-e-type=\"widget\" data-widget_type=\"heading.default\">\n\t\t\t\t<div class=\"elementor-widget-container\">\n\t\t\t\t\t<h2 class=\"elementor-heading-title elementor-size-default\">Die Schulgemeinschaft als Integrationsst\u00fctze<\/h2>\t\t\t\t<\/div>\n\t\t\t\t<\/div>\n\t\t\t\t\t<\/div>\n\t\t<\/div>\n\t\t\t\t\t<\/div>\n\t\t<\/section>\n\t\t\t\t<section class=\"elementor-section elementor-top-section elementor-element elementor-element-20f5d6f elementor-section-boxed elementor-section-height-default elementor-section-height-default\" data-id=\"20f5d6f\" data-element_type=\"section\" data-e-type=\"section\">\n\t\t\t\t\t\t<div class=\"elementor-container elementor-column-gap-default\">\n\t\t\t\t\t<div class=\"elementor-column elementor-col-100 elementor-top-column elementor-element elementor-element-387bff1\" data-id=\"387bff1\" data-element_type=\"column\" data-e-type=\"column\">\n\t\t\t<div class=\"elementor-widget-wrap elementor-element-populated\">\n\t\t\t\t\t\t<div class=\"elementor-element elementor-element-ea92e7e elementor-widget elementor-widget-text-editor\" data-id=\"ea92e7e\" data-element_type=\"widget\" data-e-type=\"widget\" data-widget_type=\"text-editor.default\">\n\t\t\t\t<div class=\"elementor-widget-container\">\n\t\t\t\t\t\t\t\t\t<p>Viktoryia hat eine aufregende Woche als Lehrerin an der Wilhelm-Adolph-von-Tr\u00fctzschler-Oberschule hinter sich: \u201eGestern war mein erstes Elterngespr\u00e4ch und heute habe ich meine erste Klassenarbeit schreiben lassen\u201c, berichtet sie euphorisch.<\/p><p>\u00a0<\/p><p>Aber auch ein bisschen m\u00fcde. Denn Viktoryias Alltag ist akribisch durchgeplant. \u201eSobald ich von der Schule nach Hause komme, bereite ich mich auf den n\u00e4chsten Tag vor. Meistens telefoniere ich noch mit meiner Schwester und meiner Mutter zu Hause in Belarus. Au\u00dferdem habe ich noch zweimal in der Woche Englischunterricht bei einer Privatlehrerin.\u201c<\/p><p>\u00a0<\/p><p>Bevor die Belarussin als Lehrerin an die Oberschule in Falkenstein kam, durchlief sie zwei weitere Stationen im s\u00e4chsischen Schuldienst. 2021 begann sie mit einer Hospitanz am Johann-Heinrich-Pestalozzi-Gymnasium in Rodewisch und wurde dann Schulassistentin an der Oberschule in Oelsnitz. Schlie\u00dflich wechselte sie als Lehrerin f\u00fcr Deutsch als Zweitsprache (DaZ) und Englisch an die Wilhelm-Adolph-von-Tr\u00fctzschler-Oberschule. \u201eDa Wei\u00dfrussisch in Deutschland kein Schulfach ist, musste ich mich f\u00fcr ein zweites Fach entscheiden. Ich habe Englisch gew\u00e4hlt.\u201c<\/p><p>\u00a0<\/p><p>Als ausl\u00e4ndische Lehrkraft erlebt Viktoryia aber auch Situationen der Unsicherheit durch sprachliche oder kulturelle Unterschiede. Sie brauchte ihre Zeit f\u00fcr die Einarbeitung. Ihren Schulalltag sieht sie so: \u201eIch stehe immer in Kontakt mit dem Schulleiter. Er ist eine wichtige St\u00fctze f\u00fcr meine Arbeit. Wir tauschen uns regelm\u00e4\u00dfig \u00fcber meinen Unterricht aus, und er gibt mir wichtige R\u00fcckmeldungen: Was mache ich schon gut? Wo kann ich mich noch verbessern?\u201c Ebenso sehr sch\u00e4tzt Viktoryia das Kollegium, das sie tatkr\u00e4ftig unterst\u00fctzt und immer ein offenes Ohr f\u00fcr sie hat.<\/p>\t\t\t\t\t\t\t\t<\/div>\n\t\t\t\t<\/div>\n\t\t\t\t\t<\/div>\n\t\t<\/div>\n\t\t\t\t\t<\/div>\n\t\t<\/section>\n\t\t\t\t<section class=\"elementor-section elementor-top-section elementor-element elementor-element-59df3f8 elementor-section-boxed elementor-section-height-default elementor-section-height-default\" data-id=\"59df3f8\" data-element_type=\"section\" data-e-type=\"section\">\n\t\t\t\t\t\t<div class=\"elementor-container elementor-column-gap-default\">\n\t\t\t\t\t<div class=\"elementor-column elementor-col-100 elementor-top-column elementor-element elementor-element-0f03a50\" data-id=\"0f03a50\" data-element_type=\"column\" data-e-type=\"column\">\n\t\t\t<div class=\"elementor-widget-wrap elementor-element-populated\">\n\t\t\t\t\t\t<div class=\"elementor-element elementor-element-477b7c0 elementor-widget elementor-widget-heading\" data-id=\"477b7c0\" data-element_type=\"widget\" data-e-type=\"widget\" data-widget_type=\"heading.default\">\n\t\t\t\t<div class=\"elementor-widget-container\">\n\t\t\t\t\t<h2 class=\"elementor-heading-title elementor-size-default\">Viktoryias gro\u00dfes Ziel: Das Erlernen der deutschen Sprache <\/h2>\t\t\t\t<\/div>\n\t\t\t\t<\/div>\n\t\t\t\t\t<\/div>\n\t\t<\/div>\n\t\t\t\t\t<\/div>\n\t\t<\/section>\n\t\t\t\t<section class=\"elementor-section elementor-top-section elementor-element elementor-element-d989e0d elementor-section-boxed elementor-section-height-default elementor-section-height-default\" data-id=\"d989e0d\" data-element_type=\"section\" data-e-type=\"section\">\n\t\t\t\t\t\t<div class=\"elementor-container elementor-column-gap-default\">\n\t\t\t\t\t<div class=\"elementor-column elementor-col-100 elementor-top-column elementor-element elementor-element-923b024\" data-id=\"923b024\" data-element_type=\"column\" data-e-type=\"column\">\n\t\t\t<div class=\"elementor-widget-wrap elementor-element-populated\">\n\t\t\t\t\t\t<div class=\"elementor-element elementor-element-beddcd9 elementor-widget elementor-widget-text-editor\" data-id=\"beddcd9\" data-element_type=\"widget\" data-e-type=\"widget\" data-widget_type=\"text-editor.default\">\n\t\t\t\t<div class=\"elementor-widget-container\">\n\t\t\t\t\t\t\t\t\t<p>Viktoryia ist eine ehrgeizige junge Frau. Ihr erstes gro\u00dfes Ziel, als sie nach Sachsen kam: Deutsch lernen. \u201eDas war ein bisher langer Weg. Ich habe mich bem\u00fcht, so schnell wie m\u00f6glich eine Sprachschule zu finden. Nachdem ich das B1-Niveau erreicht hatte, entschied ich mich, mit einer Privatlehrerin weiterzumachen, um noch intensiver lernen zu k\u00f6nnen.\u201c<\/p><p>\u00a0<\/p><p>So erreichte sie in kurzer Zeit das Sprachniveau C1. \u201eDaf\u00fcr habe ich etwa drei Jahre gebraucht\u201c, sagt sie. Sie wirkt dennoch ein wenig unzufrieden. Warum? \u201eIch bin Perfektionistin. Meine Aussprache ist noch nicht perfekt. Ich will immer alles \u201aausgezeichnet\u2018 machen.\u201c<\/p><p>\u00a0<\/p><p>In den ersten Unterrichtsstunden habe sie noch sehr mit ihrer Redeweise gek\u00e4mpft. Doch das bessere sich &#8211; auch dank ihrer Sch\u00fclerinnen und Sch\u00fcler: \u201eEs ist beeindruckend; sie haben nicht lange gebraucht, um sich an meinen Akzent zu gew\u00f6hnen. Und das gilt umgekehrt genauso f\u00fcr mich. Manchmal benutzen die Sch\u00fclerinnen und Sch\u00fcler Ausdr\u00fccke, die ich einfach noch nicht kenne. Dann helfen sie mir aktiv und erkl\u00e4ren sie mir.\u201c<\/p><p>\u00a0<\/p><p>Auch f\u00fcr die Sch\u00fclerinnen und Sch\u00fcler aus der Ukraine ist Viktoryias Mehrsprachigkeit ein Vorteil: \u201eIch kann zwar kein Ukrainisch, aber \u00fcber Russisch k\u00f6nnen wir uns verst\u00e4ndigen und gegenseitig helfen.\u201c<\/p><p>\u00a0<\/p><p>Die Lehrerin erlebt zudem auch einige sprachliche \u00dcberraschungen. \u201eAls ich anfing Deutsch zu lernen, lernte ich nat\u00fcrlich Hochdeutsch und keinen Dialekt. Das kann auf dem s\u00e4chsischen Land zu lustigen Situationen f\u00fchren. F\u00fcr mich klingt der s\u00e4chsische Dialekt sehr stark. Meine Kolleginnen und Kollegen sagten zum Beispiel ab und zu \u201aAnnett\u2018. Ich fragte mich: Wer ist diese Frau? Warum sagen alle immer ihren Namen?\u201c Schlie\u00dflich wurde ihr klar: Das ist die s\u00e4chsische Aussprache f\u00fcr \u201aauch nicht\u2018.<\/p>\t\t\t\t\t\t\t\t<\/div>\n\t\t\t\t<\/div>\n\t\t\t\t\t<\/div>\n\t\t<\/div>\n\t\t\t\t\t<\/div>\n\t\t<\/section>\n\t\t\t\t<section class=\"elementor-section elementor-top-section elementor-element elementor-element-61f1be0 elementor-section-boxed elementor-section-height-default elementor-section-height-default\" data-id=\"61f1be0\" data-element_type=\"section\" data-e-type=\"section\">\n\t\t\t\t\t\t<div class=\"elementor-container elementor-column-gap-default\">\n\t\t\t\t\t<div class=\"elementor-column elementor-col-100 elementor-top-column elementor-element elementor-element-ad902be\" data-id=\"ad902be\" data-element_type=\"column\" data-e-type=\"column\">\n\t\t\t<div class=\"elementor-widget-wrap elementor-element-populated\">\n\t\t\t\t\t\t<div class=\"elementor-element elementor-element-52df935 elementor-widget elementor-widget-heading\" data-id=\"52df935\" data-element_type=\"widget\" data-e-type=\"widget\" data-widget_type=\"heading.default\">\n\t\t\t\t<div class=\"elementor-widget-container\">\n\t\t\t\t\t<h2 class=\"elementor-heading-title elementor-size-default\">Auf dem Weg zum Gl\u00fcck<\/h2>\t\t\t\t<\/div>\n\t\t\t\t<\/div>\n\t\t\t\t\t<\/div>\n\t\t<\/div>\n\t\t\t\t\t<\/div>\n\t\t<\/section>\n\t\t\t\t<section class=\"elementor-section elementor-top-section elementor-element elementor-element-e139d54 elementor-section-boxed elementor-section-height-default elementor-section-height-default\" data-id=\"e139d54\" data-element_type=\"section\" data-e-type=\"section\">\n\t\t\t\t\t\t<div class=\"elementor-container elementor-column-gap-default\">\n\t\t\t\t\t<div class=\"elementor-column elementor-col-100 elementor-top-column elementor-element elementor-element-e566fe4\" data-id=\"e566fe4\" data-element_type=\"column\" data-e-type=\"column\">\n\t\t\t<div class=\"elementor-widget-wrap elementor-element-populated\">\n\t\t\t\t\t\t<div class=\"elementor-element elementor-element-2590fa7 elementor-widget elementor-widget-text-editor\" data-id=\"2590fa7\" data-element_type=\"widget\" data-e-type=\"widget\" data-widget_type=\"text-editor.default\">\n\t\t\t\t<div class=\"elementor-widget-container\">\n\t\t\t\t\t\t\t\t\t<p>Und wie geht es ihr jetzt in Sachsen? \u00a0\u201eNat\u00fcrlich vermisse ich meine Familie und meine Freunde in Minsk. Aber mir gef\u00e4llt es hier. Abends h\u00f6re ich die V\u00f6gel zwitschern; es ist ruhiger als in der Gro\u00dfstadt. Ich mag das Landleben.\u201c<\/p><p>\u00a0<\/p><p>Sie und ihr Mann wollen in Sachsen bleiben. \u201eJetzt bin ich auf dem Weg zum Gl\u00fcck, zur Zufriedenheit. Kann man das so sagen?\u201c<\/p>\t\t\t\t\t\t\t\t<\/div>\n\t\t\t\t<\/div>\n\t\t\t\t\t<\/div>\n\t\t<\/div>\n\t\t\t\t\t<\/div>\n\t\t<\/section>\n\t\t\t\t<section class=\"elementor-section elementor-top-section elementor-element elementor-element-63196ba elementor-section-boxed elementor-section-height-default elementor-section-height-default\" data-id=\"63196ba\" data-element_type=\"section\" data-e-type=\"section\">\n\t\t\t\t\t\t<div class=\"elementor-container elementor-column-gap-default\">\n\t\t\t\t\t<div class=\"elementor-column elementor-col-100 elementor-top-column elementor-element elementor-element-29da14b\" data-id=\"29da14b\" data-element_type=\"column\" data-e-type=\"column\">\n\t\t\t<div class=\"elementor-widget-wrap elementor-element-populated\">\n\t\t\t\t\t\t<div class=\"elementor-element elementor-element-e725eae elementor-widget elementor-widget-spacer\" data-id=\"e725eae\" data-element_type=\"widget\" data-e-type=\"widget\" data-widget_type=\"spacer.default\">\n\t\t\t\t<div class=\"elementor-widget-container\">\n\t\t\t\t\t\t\t<div class=\"elementor-spacer\">\n\t\t\t<div class=\"elementor-spacer-inner\"><\/div>\n\t\t<\/div>\n\t\t\t\t\t\t<\/div>\n\t\t\t\t<\/div>\n\t\t\t\t\t<\/div>\n\t\t<\/div>\n\t\t\t\t\t<\/div>\n\t\t<\/section>\n\t\t\t\t<section class=\"elementor-section elementor-top-section elementor-element elementor-element-32cdc3c elementor-section-boxed elementor-section-height-default elementor-section-height-default\" data-id=\"32cdc3c\" data-element_type=\"section\" data-e-type=\"section\">\n\t\t\t\t\t\t<div class=\"elementor-container elementor-column-gap-default\">\n\t\t\t\t\t<div class=\"elementor-column elementor-col-100 elementor-top-column elementor-element elementor-element-c1cd103\" data-id=\"c1cd103\" data-element_type=\"column\" data-e-type=\"column\">\n\t\t\t<div class=\"elementor-widget-wrap elementor-element-populated\">\n\t\t\t\t\t\t<div class=\"elementor-element elementor-element-98d6a78 elementor-widget elementor-widget-heading\" data-id=\"98d6a78\" data-element_type=\"widget\" data-e-type=\"widget\" data-widget_type=\"heading.default\">\n\t\t\t\t<div class=\"elementor-widget-container\">\n\t\t\t\t\t<h2 class=\"elementor-heading-title elementor-size-default\">Du bist Lehrkraft aus dem Ausland und willst LEHRERIN SACHSEN werden?<\/h2>\t\t\t\t<\/div>\n\t\t\t\t<\/div>\n\t\t\t\t\t<\/div>\n\t\t<\/div>\n\t\t\t\t\t<\/div>\n\t\t<\/section>\n\t\t\t\t<section class=\"elementor-section elementor-top-section elementor-element elementor-element-4ceec11 elementor-section-boxed elementor-section-height-default elementor-section-height-default\" data-id=\"4ceec11\" data-element_type=\"section\" data-e-type=\"section\">\n\t\t\t\t\t\t<div class=\"elementor-container elementor-column-gap-default\">\n\t\t\t\t\t<div class=\"elementor-column elementor-col-100 elementor-top-column elementor-element elementor-element-78b527f\" data-id=\"78b527f\" data-element_type=\"column\" data-e-type=\"column\">\n\t\t\t<div class=\"elementor-widget-wrap elementor-element-populated\">\n\t\t\t\t\t\t<div class=\"elementor-element elementor-element-8a8f4a4 elementor-widget elementor-widget-button\" data-id=\"8a8f4a4\" data-element_type=\"widget\" data-e-type=\"widget\" data-widget_type=\"button.default\">\n\t\t\t\t<div class=\"elementor-widget-container\">\n\t\t\t\t\t\t\t\t\t<div class=\"elementor-button-wrapper\">\n\t\t\t\t\t<a class=\"elementor-button elementor-button-link elementor-size-sm\" href=\"https:\/\/lehrer-werden-in-sachsen.de\/sprach-und-integrationsmittler-in-sachsen\/\" target=\"_blank\" title=\"Sprach- und Integrationsmittler in Sachsen\">\n\t\t\t\t\t\t<span class=\"elementor-button-content-wrapper\">\n\t\t\t\t\t\t\t\t\t<span class=\"elementor-button-text\">Dann lass dich von Fidaa inspirieren.<\/span>\n\t\t\t\t\t<\/span>\n\t\t\t\t\t<\/a>\n\t\t\t\t<\/div>\n\t\t\t\t\t\t\t\t<\/div>\n\t\t\t\t<\/div>\n\t\t\t\t\t<\/div>\n\t\t<\/div>\n\t\t\t\t\t<\/div>\n\t\t<\/section>\n\t\t\t\t<\/div>\n\t\t","protected":false},"excerpt":{"rendered":"<p>Wie Viktoryias Weg in den s\u00e4chsischen Schuldienst verlief und was sie sich f\u00fcr die Zukunft w\u00fcnscht, hat uns die Belarussin im Interview erz\u00e4hlt.<\/p>\n","protected":false},"author":13,"featured_media":14242,"comment_status":"closed","ping_status":"closed","sticky":false,"template":"","format":"standard","meta":{"footnotes":""},"categories":[46],"tags":[202,120,114,210],"class_list":["post-14241","post","type-post","status-publish","format-standard","has-post-thumbnail","hentry","category-blog","tag-berufseinstieg","tag-integration","tag-oberschule","tag-saechsische-regionen"],"yoast_head":"<!-- This site is optimized with the Yoast SEO plugin v27.3 - https:\/\/yoast.com\/product\/yoast-seo-wordpress\/ -->\n<title>LEHRERIN SACHSEN | Von Minsk nach Falkenstein<\/title>\n<meta name=\"description\" content=\"Wie Viktoryias Weg in den s\u00e4chsischen Schuldienst verlief, erz\u00e4hlt uns die geb\u00fcrtige Belarussin im Interview.\" \/>\n<meta name=\"robots\" content=\"index, follow, max-snippet:-1, max-image-preview:large, max-video-preview:-1\" \/>\n<link rel=\"canonical\" href=\"https:\/\/lehrer-werden-in-sachsen.de\/von-minsk-nach-falkenstein-viktoryia-ist-lehrerin-auf-dem-saechsischen-land\/\" \/>\n<meta property=\"og:locale\" content=\"de_DE\" \/>\n<meta property=\"og:type\" content=\"article\" \/>\n<meta property=\"og:title\" content=\"LEHRERIN SACHSEN | Von Minsk nach Falkenstein\" \/>\n<meta property=\"og:description\" content=\"Wie Viktoryias Weg in den s\u00e4chsischen Schuldienst verlief, erz\u00e4hlt uns die geb\u00fcrtige Belarussin im Interview.\" \/>\n<meta property=\"og:url\" content=\"https:\/\/lehrer-werden-in-sachsen.de\/von-minsk-nach-falkenstein-viktoryia-ist-lehrerin-auf-dem-saechsischen-land\/\" \/>\n<meta property=\"og:site_name\" content=\"LEHRERIN SACHSEN\" \/>\n<meta property=\"article:published_time\" content=\"2023-12-22T08:14:51+00:00\" \/>\n<meta property=\"article:modified_time\" content=\"2025-10-10T10:33:59+00:00\" \/>\n<meta property=\"og:image\" content=\"https:\/\/lehrer-werden-in-sachsen.de\/wp-content\/uploads\/2023\/12\/SMK-Blog-Header_1920x970px_Viktoryia-Jyhirys.jpg\" \/>\n\t<meta property=\"og:image:width\" content=\"1920\" \/>\n\t<meta property=\"og:image:height\" content=\"970\" \/>\n\t<meta property=\"og:image:type\" content=\"image\/jpeg\" \/>\n<meta name=\"author\" content=\"Maria Kretschmann\" \/>\n<meta name=\"twitter:card\" content=\"summary_large_image\" \/>\n<meta name=\"twitter:label1\" content=\"Verfasst von\" \/>\n\t<meta name=\"twitter:data1\" content=\"Maria Kretschmann\" \/>\n\t<meta name=\"twitter:label2\" content=\"Gesch\u00e4tzte Lesezeit\" \/>\n\t<meta name=\"twitter:data2\" content=\"5\u00a0Minuten\" \/>\n<script type=\"application\/ld+json\" class=\"yoast-schema-graph\">{\"@context\":\"https:\\\/\\\/schema.org\",\"@graph\":[{\"@type\":\"Article\",\"@id\":\"https:\\\/\\\/lehrer-werden-in-sachsen.de\\\/von-minsk-nach-falkenstein-viktoryia-ist-lehrerin-auf-dem-saechsischen-land\\\/#article\",\"isPartOf\":{\"@id\":\"https:\\\/\\\/lehrer-werden-in-sachsen.de\\\/von-minsk-nach-falkenstein-viktoryia-ist-lehrerin-auf-dem-saechsischen-land\\\/\"},\"author\":{\"name\":\"Maria Kretschmann\",\"@id\":\"https:\\\/\\\/lehrer-werden-in-sachsen.de\\\/#\\\/schema\\\/person\\\/4a127ffcfbf4e52ff0f66dcd7b4a5cc1\"},\"headline\":\"Von Minsk nach Falkenstein: Viktoryia ist Lehrerin auf dem s\u00e4chsischen Land\",\"datePublished\":\"2023-12-22T08:14:51+00:00\",\"dateModified\":\"2025-10-10T10:33:59+00:00\",\"mainEntityOfPage\":{\"@id\":\"https:\\\/\\\/lehrer-werden-in-sachsen.de\\\/von-minsk-nach-falkenstein-viktoryia-ist-lehrerin-auf-dem-saechsischen-land\\\/\"},\"wordCount\":895,\"publisher\":{\"@id\":\"https:\\\/\\\/lehrer-werden-in-sachsen.de\\\/#organization\"},\"image\":{\"@id\":\"https:\\\/\\\/lehrer-werden-in-sachsen.de\\\/von-minsk-nach-falkenstein-viktoryia-ist-lehrerin-auf-dem-saechsischen-land\\\/#primaryimage\"},\"thumbnailUrl\":\"https:\\\/\\\/lehrer-werden-in-sachsen.de\\\/stage\\\/wp-content\\\/uploads\\\/2023\\\/12\\\/SMK-Blog-Header_1920x970px_Viktoryia-Jyhirys.jpg\",\"keywords\":[\"Berufseinstieg\",\"Integration\",\"Oberschule\",\"S\u00e4chsische Regionen\"],\"articleSection\":[\"Blog\"],\"inLanguage\":\"de\"},{\"@type\":\"WebPage\",\"@id\":\"https:\\\/\\\/lehrer-werden-in-sachsen.de\\\/von-minsk-nach-falkenstein-viktoryia-ist-lehrerin-auf-dem-saechsischen-land\\\/\",\"url\":\"https:\\\/\\\/lehrer-werden-in-sachsen.de\\\/von-minsk-nach-falkenstein-viktoryia-ist-lehrerin-auf-dem-saechsischen-land\\\/\",\"name\":\"LEHRERIN SACHSEN | Von Minsk nach Falkenstein\",\"isPartOf\":{\"@id\":\"https:\\\/\\\/lehrer-werden-in-sachsen.de\\\/#website\"},\"primaryImageOfPage\":{\"@id\":\"https:\\\/\\\/lehrer-werden-in-sachsen.de\\\/von-minsk-nach-falkenstein-viktoryia-ist-lehrerin-auf-dem-saechsischen-land\\\/#primaryimage\"},\"image\":{\"@id\":\"https:\\\/\\\/lehrer-werden-in-sachsen.de\\\/von-minsk-nach-falkenstein-viktoryia-ist-lehrerin-auf-dem-saechsischen-land\\\/#primaryimage\"},\"thumbnailUrl\":\"https:\\\/\\\/lehrer-werden-in-sachsen.de\\\/stage\\\/wp-content\\\/uploads\\\/2023\\\/12\\\/SMK-Blog-Header_1920x970px_Viktoryia-Jyhirys.jpg\",\"datePublished\":\"2023-12-22T08:14:51+00:00\",\"dateModified\":\"2025-10-10T10:33:59+00:00\",\"description\":\"Wie Viktoryias Weg in den s\u00e4chsischen Schuldienst verlief, erz\u00e4hlt uns die geb\u00fcrtige Belarussin im Interview.\",\"breadcrumb\":{\"@id\":\"https:\\\/\\\/lehrer-werden-in-sachsen.de\\\/von-minsk-nach-falkenstein-viktoryia-ist-lehrerin-auf-dem-saechsischen-land\\\/#breadcrumb\"},\"inLanguage\":\"de\",\"potentialAction\":[{\"@type\":\"ReadAction\",\"target\":[\"https:\\\/\\\/lehrer-werden-in-sachsen.de\\\/von-minsk-nach-falkenstein-viktoryia-ist-lehrerin-auf-dem-saechsischen-land\\\/\"]}]},{\"@type\":\"ImageObject\",\"inLanguage\":\"de\",\"@id\":\"https:\\\/\\\/lehrer-werden-in-sachsen.de\\\/von-minsk-nach-falkenstein-viktoryia-ist-lehrerin-auf-dem-saechsischen-land\\\/#primaryimage\",\"url\":\"https:\\\/\\\/lehrer-werden-in-sachsen.de\\\/stage\\\/wp-content\\\/uploads\\\/2023\\\/12\\\/SMK-Blog-Header_1920x970px_Viktoryia-Jyhirys.jpg\",\"contentUrl\":\"https:\\\/\\\/lehrer-werden-in-sachsen.de\\\/stage\\\/wp-content\\\/uploads\\\/2023\\\/12\\\/SMK-Blog-Header_1920x970px_Viktoryia-Jyhirys.jpg\",\"width\":1920,\"height\":970,\"caption\":\"Viktoryia Jyhirys ist Lehrerin auf dem s\u00e4chsischen Land.\"},{\"@type\":\"BreadcrumbList\",\"@id\":\"https:\\\/\\\/lehrer-werden-in-sachsen.de\\\/von-minsk-nach-falkenstein-viktoryia-ist-lehrerin-auf-dem-saechsischen-land\\\/#breadcrumb\",\"itemListElement\":[{\"@type\":\"ListItem\",\"position\":1,\"name\":\"Startseite\",\"item\":\"https:\\\/\\\/lehrer-werden-in-sachsen.de\\\/\"},{\"@type\":\"ListItem\",\"position\":2,\"name\":\"Von Minsk nach Falkenstein: Viktoryia ist Lehrerin auf dem s\u00e4chsischen Land\"}]},{\"@type\":\"WebSite\",\"@id\":\"https:\\\/\\\/lehrer-werden-in-sachsen.de\\\/#website\",\"url\":\"https:\\\/\\\/lehrer-werden-in-sachsen.de\\\/\",\"name\":\"LEHRERIN SACHSEN\",\"description\":\"Eine Klasse f\u00fcr sich.\",\"publisher\":{\"@id\":\"https:\\\/\\\/lehrer-werden-in-sachsen.de\\\/#organization\"},\"potentialAction\":[{\"@type\":\"SearchAction\",\"target\":{\"@type\":\"EntryPoint\",\"urlTemplate\":\"https:\\\/\\\/lehrer-werden-in-sachsen.de\\\/?s={search_term_string}\"},\"query-input\":{\"@type\":\"PropertyValueSpecification\",\"valueRequired\":true,\"valueName\":\"search_term_string\"}}],\"inLanguage\":\"de\"},{\"@type\":\"Organization\",\"@id\":\"https:\\\/\\\/lehrer-werden-in-sachsen.de\\\/#organization\",\"name\":\"LEHRERIN SACHSEN\",\"url\":\"https:\\\/\\\/lehrer-werden-in-sachsen.de\\\/\",\"logo\":{\"@type\":\"ImageObject\",\"inLanguage\":\"de\",\"@id\":\"https:\\\/\\\/lehrer-werden-in-sachsen.de\\\/#\\\/schema\\\/logo\\\/image\\\/\",\"url\":\"https:\\\/\\\/lehrer-werden-in-sachsen.de\\\/stage\\\/wp-content\\\/uploads\\\/2022\\\/02\\\/SMK_Leherin-Sachsen-Marke_RGB_Violett-Orange.svg\",\"contentUrl\":\"https:\\\/\\\/lehrer-werden-in-sachsen.de\\\/stage\\\/wp-content\\\/uploads\\\/2022\\\/02\\\/SMK_Leherin-Sachsen-Marke_RGB_Violett-Orange.svg\",\"caption\":\"LEHRERIN SACHSEN\"},\"image\":{\"@id\":\"https:\\\/\\\/lehrer-werden-in-sachsen.de\\\/#\\\/schema\\\/logo\\\/image\\\/\"}},{\"@type\":\"Person\",\"@id\":\"https:\\\/\\\/lehrer-werden-in-sachsen.de\\\/#\\\/schema\\\/person\\\/4a127ffcfbf4e52ff0f66dcd7b4a5cc1\",\"name\":\"Maria Kretschmann\",\"image\":{\"@type\":\"ImageObject\",\"inLanguage\":\"de\",\"@id\":\"https:\\\/\\\/secure.gravatar.com\\\/avatar\\\/785963a239158e0d036c182ccde6b24c2d0822b83af8ab1b3773045a106114df?s=96&d=mm&r=g\",\"url\":\"https:\\\/\\\/secure.gravatar.com\\\/avatar\\\/785963a239158e0d036c182ccde6b24c2d0822b83af8ab1b3773045a106114df?s=96&d=mm&r=g\",\"contentUrl\":\"https:\\\/\\\/secure.gravatar.com\\\/avatar\\\/785963a239158e0d036c182ccde6b24c2d0822b83af8ab1b3773045a106114df?s=96&d=mm&r=g\",\"caption\":\"Maria Kretschmann\"},\"url\":\"https:\\\/\\\/lehrer-werden-in-sachsen.de\\\/stage\\\/author\\\/maria-kretschmann\\\/\"}]}<\/script>\n<!-- \/ Yoast SEO plugin. -->","yoast_head_json":{"title":"LEHRERIN SACHSEN | Von Minsk nach Falkenstein","description":"Wie Viktoryias Weg in den s\u00e4chsischen Schuldienst verlief, erz\u00e4hlt uns die geb\u00fcrtige Belarussin im Interview.","robots":{"index":"index","follow":"follow","max-snippet":"max-snippet:-1","max-image-preview":"max-image-preview:large","max-video-preview":"max-video-preview:-1"},"canonical":"https:\/\/lehrer-werden-in-sachsen.de\/von-minsk-nach-falkenstein-viktoryia-ist-lehrerin-auf-dem-saechsischen-land\/","og_locale":"de_DE","og_type":"article","og_title":"LEHRERIN SACHSEN | Von Minsk nach Falkenstein","og_description":"Wie Viktoryias Weg in den s\u00e4chsischen Schuldienst verlief, erz\u00e4hlt uns die geb\u00fcrtige Belarussin im Interview.","og_url":"https:\/\/lehrer-werden-in-sachsen.de\/von-minsk-nach-falkenstein-viktoryia-ist-lehrerin-auf-dem-saechsischen-land\/","og_site_name":"LEHRERIN SACHSEN","article_published_time":"2023-12-22T08:14:51+00:00","article_modified_time":"2025-10-10T10:33:59+00:00","og_image":[{"width":1920,"height":970,"url":"https:\/\/lehrer-werden-in-sachsen.de\/wp-content\/uploads\/2023\/12\/SMK-Blog-Header_1920x970px_Viktoryia-Jyhirys.jpg","type":"image\/jpeg"}],"author":"Maria Kretschmann","twitter_card":"summary_large_image","twitter_misc":{"Verfasst von":"Maria Kretschmann","Gesch\u00e4tzte Lesezeit":"5\u00a0Minuten"},"schema":{"@context":"https:\/\/schema.org","@graph":[{"@type":"Article","@id":"https:\/\/lehrer-werden-in-sachsen.de\/von-minsk-nach-falkenstein-viktoryia-ist-lehrerin-auf-dem-saechsischen-land\/#article","isPartOf":{"@id":"https:\/\/lehrer-werden-in-sachsen.de\/von-minsk-nach-falkenstein-viktoryia-ist-lehrerin-auf-dem-saechsischen-land\/"},"author":{"name":"Maria Kretschmann","@id":"https:\/\/lehrer-werden-in-sachsen.de\/#\/schema\/person\/4a127ffcfbf4e52ff0f66dcd7b4a5cc1"},"headline":"Von Minsk nach Falkenstein: Viktoryia ist Lehrerin auf dem s\u00e4chsischen Land","datePublished":"2023-12-22T08:14:51+00:00","dateModified":"2025-10-10T10:33:59+00:00","mainEntityOfPage":{"@id":"https:\/\/lehrer-werden-in-sachsen.de\/von-minsk-nach-falkenstein-viktoryia-ist-lehrerin-auf-dem-saechsischen-land\/"},"wordCount":895,"publisher":{"@id":"https:\/\/lehrer-werden-in-sachsen.de\/#organization"},"image":{"@id":"https:\/\/lehrer-werden-in-sachsen.de\/von-minsk-nach-falkenstein-viktoryia-ist-lehrerin-auf-dem-saechsischen-land\/#primaryimage"},"thumbnailUrl":"https:\/\/lehrer-werden-in-sachsen.de\/stage\/wp-content\/uploads\/2023\/12\/SMK-Blog-Header_1920x970px_Viktoryia-Jyhirys.jpg","keywords":["Berufseinstieg","Integration","Oberschule","S\u00e4chsische Regionen"],"articleSection":["Blog"],"inLanguage":"de"},{"@type":"WebPage","@id":"https:\/\/lehrer-werden-in-sachsen.de\/von-minsk-nach-falkenstein-viktoryia-ist-lehrerin-auf-dem-saechsischen-land\/","url":"https:\/\/lehrer-werden-in-sachsen.de\/von-minsk-nach-falkenstein-viktoryia-ist-lehrerin-auf-dem-saechsischen-land\/","name":"LEHRERIN SACHSEN | Von Minsk nach Falkenstein","isPartOf":{"@id":"https:\/\/lehrer-werden-in-sachsen.de\/#website"},"primaryImageOfPage":{"@id":"https:\/\/lehrer-werden-in-sachsen.de\/von-minsk-nach-falkenstein-viktoryia-ist-lehrerin-auf-dem-saechsischen-land\/#primaryimage"},"image":{"@id":"https:\/\/lehrer-werden-in-sachsen.de\/von-minsk-nach-falkenstein-viktoryia-ist-lehrerin-auf-dem-saechsischen-land\/#primaryimage"},"thumbnailUrl":"https:\/\/lehrer-werden-in-sachsen.de\/stage\/wp-content\/uploads\/2023\/12\/SMK-Blog-Header_1920x970px_Viktoryia-Jyhirys.jpg","datePublished":"2023-12-22T08:14:51+00:00","dateModified":"2025-10-10T10:33:59+00:00","description":"Wie Viktoryias Weg in den s\u00e4chsischen Schuldienst verlief, erz\u00e4hlt uns die geb\u00fcrtige Belarussin im Interview.","breadcrumb":{"@id":"https:\/\/lehrer-werden-in-sachsen.de\/von-minsk-nach-falkenstein-viktoryia-ist-lehrerin-auf-dem-saechsischen-land\/#breadcrumb"},"inLanguage":"de","potentialAction":[{"@type":"ReadAction","target":["https:\/\/lehrer-werden-in-sachsen.de\/von-minsk-nach-falkenstein-viktoryia-ist-lehrerin-auf-dem-saechsischen-land\/"]}]},{"@type":"ImageObject","inLanguage":"de","@id":"https:\/\/lehrer-werden-in-sachsen.de\/von-minsk-nach-falkenstein-viktoryia-ist-lehrerin-auf-dem-saechsischen-land\/#primaryimage","url":"https:\/\/lehrer-werden-in-sachsen.de\/stage\/wp-content\/uploads\/2023\/12\/SMK-Blog-Header_1920x970px_Viktoryia-Jyhirys.jpg","contentUrl":"https:\/\/lehrer-werden-in-sachsen.de\/stage\/wp-content\/uploads\/2023\/12\/SMK-Blog-Header_1920x970px_Viktoryia-Jyhirys.jpg","width":1920,"height":970,"caption":"Viktoryia Jyhirys ist Lehrerin auf dem s\u00e4chsischen Land."},{"@type":"BreadcrumbList","@id":"https:\/\/lehrer-werden-in-sachsen.de\/von-minsk-nach-falkenstein-viktoryia-ist-lehrerin-auf-dem-saechsischen-land\/#breadcrumb","itemListElement":[{"@type":"ListItem","position":1,"name":"Startseite","item":"https:\/\/lehrer-werden-in-sachsen.de\/"},{"@type":"ListItem","position":2,"name":"Von Minsk nach Falkenstein: Viktoryia ist Lehrerin auf dem s\u00e4chsischen Land"}]},{"@type":"WebSite","@id":"https:\/\/lehrer-werden-in-sachsen.de\/#website","url":"https:\/\/lehrer-werden-in-sachsen.de\/","name":"LEHRERIN SACHSEN","description":"Eine Klasse f\u00fcr sich.","publisher":{"@id":"https:\/\/lehrer-werden-in-sachsen.de\/#organization"},"potentialAction":[{"@type":"SearchAction","target":{"@type":"EntryPoint","urlTemplate":"https:\/\/lehrer-werden-in-sachsen.de\/?s={search_term_string}"},"query-input":{"@type":"PropertyValueSpecification","valueRequired":true,"valueName":"search_term_string"}}],"inLanguage":"de"},{"@type":"Organization","@id":"https:\/\/lehrer-werden-in-sachsen.de\/#organization","name":"LEHRERIN SACHSEN","url":"https:\/\/lehrer-werden-in-sachsen.de\/","logo":{"@type":"ImageObject","inLanguage":"de","@id":"https:\/\/lehrer-werden-in-sachsen.de\/#\/schema\/logo\/image\/","url":"https:\/\/lehrer-werden-in-sachsen.de\/stage\/wp-content\/uploads\/2022\/02\/SMK_Leherin-Sachsen-Marke_RGB_Violett-Orange.svg","contentUrl":"https:\/\/lehrer-werden-in-sachsen.de\/stage\/wp-content\/uploads\/2022\/02\/SMK_Leherin-Sachsen-Marke_RGB_Violett-Orange.svg","caption":"LEHRERIN SACHSEN"},"image":{"@id":"https:\/\/lehrer-werden-in-sachsen.de\/#\/schema\/logo\/image\/"}},{"@type":"Person","@id":"https:\/\/lehrer-werden-in-sachsen.de\/#\/schema\/person\/4a127ffcfbf4e52ff0f66dcd7b4a5cc1","name":"Maria Kretschmann","image":{"@type":"ImageObject","inLanguage":"de","@id":"https:\/\/secure.gravatar.com\/avatar\/785963a239158e0d036c182ccde6b24c2d0822b83af8ab1b3773045a106114df?s=96&d=mm&r=g","url":"https:\/\/secure.gravatar.com\/avatar\/785963a239158e0d036c182ccde6b24c2d0822b83af8ab1b3773045a106114df?s=96&d=mm&r=g","contentUrl":"https:\/\/secure.gravatar.com\/avatar\/785963a239158e0d036c182ccde6b24c2d0822b83af8ab1b3773045a106114df?s=96&d=mm&r=g","caption":"Maria Kretschmann"},"url":"https:\/\/lehrer-werden-in-sachsen.de\/stage\/author\/maria-kretschmann\/"}]}},"_links":{"self":[{"href":"https:\/\/lehrer-werden-in-sachsen.de\/stage\/wp-json\/wp\/v2\/posts\/14241","targetHints":{"allow":["GET"]}}],"collection":[{"href":"https:\/\/lehrer-werden-in-sachsen.de\/stage\/wp-json\/wp\/v2\/posts"}],"about":[{"href":"https:\/\/lehrer-werden-in-sachsen.de\/stage\/wp-json\/wp\/v2\/types\/post"}],"author":[{"embeddable":true,"href":"https:\/\/lehrer-werden-in-sachsen.de\/stage\/wp-json\/wp\/v2\/users\/13"}],"replies":[{"embeddable":true,"href":"https:\/\/lehrer-werden-in-sachsen.de\/stage\/wp-json\/wp\/v2\/comments?post=14241"}],"version-history":[{"count":29,"href":"https:\/\/lehrer-werden-in-sachsen.de\/stage\/wp-json\/wp\/v2\/posts\/14241\/revisions"}],"predecessor-version":[{"id":23923,"href":"https:\/\/lehrer-werden-in-sachsen.de\/stage\/wp-json\/wp\/v2\/posts\/14241\/revisions\/23923"}],"wp:featuredmedia":[{"embeddable":true,"href":"https:\/\/lehrer-werden-in-sachsen.de\/stage\/wp-json\/wp\/v2\/media\/14242"}],"wp:attachment":[{"href":"https:\/\/lehrer-werden-in-sachsen.de\/stage\/wp-json\/wp\/v2\/media?parent=14241"}],"wp:term":[{"taxonomy":"category","embeddable":true,"href":"https:\/\/lehrer-werden-in-sachsen.de\/stage\/wp-json\/wp\/v2\/categories?post=14241"},{"taxonomy":"post_tag","embeddable":true,"href":"https:\/\/lehrer-werden-in-sachsen.de\/stage\/wp-json\/wp\/v2\/tags?post=14241"}],"curies":[{"name":"wp","href":"https:\/\/api.w.org\/{rel}","templated":true}]}}