{"id":14220,"date":"2023-11-23T12:43:05","date_gmt":"2023-11-23T11:43:05","guid":{"rendered":"https:\/\/lehrer-werden-in-sachsen.de\/stage\/?p=11438"},"modified":"2025-10-10T12:35:10","modified_gmt":"2025-10-10T10:35:10","slug":"schulhoftraeume-martin-luther-gymnasium-hartha","status":"publish","type":"post","link":"https:\/\/lehrer-werden-in-sachsen.de\/stage\/schulhoftraeume-martin-luther-gymnasium-hartha\/","title":{"rendered":"Der Schulhof des Martin-Luther-Gymnasiums Hartha: \u201eBetonw\u00fcste ade \u2013 wir schaffen uns eine gr\u00fcne Oase!\u201c"},"content":{"rendered":"\t\t<div data-elementor-type=\"wp-post\" data-elementor-id=\"14220\" class=\"elementor elementor-14220\" data-elementor-post-type=\"post\">\n\t\t\t\t\t\t<section class=\"elementor-section elementor-top-section elementor-element elementor-element-77dc2d3 elementor-section-boxed elementor-section-height-default elementor-section-height-default\" data-id=\"77dc2d3\" data-element_type=\"section\" data-e-type=\"section\">\n\t\t\t\t\t\t<div class=\"elementor-container elementor-column-gap-default\">\n\t\t\t\t\t<div class=\"elementor-column elementor-col-100 elementor-top-column elementor-element elementor-element-db24ebd\" data-id=\"db24ebd\" data-element_type=\"column\" data-e-type=\"column\">\n\t\t\t<div class=\"elementor-widget-wrap elementor-element-populated\">\n\t\t\t\t\t\t<div class=\"elementor-element elementor-element-8cb6e5f elementor-widget elementor-widget-text-editor\" data-id=\"8cb6e5f\" data-element_type=\"widget\" data-e-type=\"widget\" data-widget_type=\"text-editor.default\">\n\t\t\t\t<div class=\"elementor-widget-container\">\n\t\t\t\t\t\t\t\t\t<p><strong>Hartha, Kleinstadt mit rund 7.000 Einwohnern, gelegen am sogenannten Sachsenkreuz in der Mitte zwischen <a href=\"\/sachsen-erleben\/leipzig\/\" title=\"Sachsen erleben - Leipzig\" target=\"_blank\" rel=\"noopener\">Leipzig<\/a>, <a href=\"https:\/\/21-swdc-094.stage.kocmoc.cloud\/sachsen-erleben\/dresden\/\" title=\"Sachsen erleben - Dresden\" target=\"_blank\" rel=\"noopener\">Dresden<\/a> und <a href=\"\/sachsen-erleben\/chemnitz\/\" title=\"Sachsen erleben - Chemnitz\" target=\"_blank\" rel=\"noopener\">Chemnitz<\/a>. Keine Spur von Gro\u00dfstadthektik, sondern beschauliche Landidylle in herrlicher Natur. Hier befindet sich das Martin-Luther-Gymnasium, dessen Schulhof bis vor einem Jahr wenig von dieser Idylle widerspiegelte. Kurzerhand machte die Schule bei \u201a<a href=\"https:\/\/www.dkhw.de\/aktionen\/aktion-schulhoftraeume\/\" title=\"Deutsches Kinderhilfswerk - Schulhoftr\u00e4ume\" target=\"_blank\" rel=\"noopener\">Schulhoftr\u00e4ume<\/a>\u2018 mit.<\/strong><\/p><p>Bei der Aktion des <a href=\"https:\/\/www.dkhw.de\/\" title=\"Deutsches Kinderhilfswerk\" target=\"_blank\" rel=\"noopener\">Deutschen Kinderhilfswerks<\/a>, <a href=\"https:\/\/www.rossmann.de\/de\/\" title=\"Rossmann\" target=\"_blank\" rel=\"noopener\">Rossmann<\/a> und <a href=\"https:\/\/de.pg.com\/\" title=\"Procter &amp; Gamble\" target=\"_blank\" rel=\"noopener\">Procter &amp; Gamble (P&amp;G)<\/a> k\u00f6nnen sich Schulen aus ganz Deutschland mit Konzepten bewerben, wie sie ihre in die Jahre gekommenen Au\u00dfenanlagen in Richtung mehr Nachhaltigkeit und Natur optimieren und \u201agr\u00fcne Klassenzimmer\u2018 oder Schulg\u00e4rten anlegen wollen.<\/p><p>Das Konzept \u201aBetonw\u00fcste ade &#8211; wir schaffen uns eine gr\u00fcne Oase\u2018 des Martin-Luther-Gymnasiums setzte sich 2023 gegen 300 weitere Schulen aus ganz Deutschland durch und gewann den mit 15.000 Euro dotierten Hauptpreis von \u201aSchulhoftr\u00e4ume\u2018.<\/p><p>Wie kam es zu diesem Erfolgsprojekt, welche Unterst\u00fctzer fand es auf dem Weg zur Umsetzung, welche Stolpersteine mussten \u00fcberwunden werden und wie geht es weiter?<\/p>\t\t\t\t\t\t\t\t<\/div>\n\t\t\t\t<\/div>\n\t\t\t\t\t<\/div>\n\t\t<\/div>\n\t\t\t\t\t<\/div>\n\t\t<\/section>\n\t\t\t\t<section class=\"elementor-section elementor-top-section elementor-element elementor-element-a6eec23 elementor-section-boxed elementor-section-height-default elementor-section-height-default\" data-id=\"a6eec23\" data-element_type=\"section\" data-e-type=\"section\">\n\t\t\t\t\t\t<div class=\"elementor-container elementor-column-gap-default\">\n\t\t\t\t\t<div class=\"elementor-column elementor-col-100 elementor-top-column elementor-element elementor-element-cdbbc91\" data-id=\"cdbbc91\" data-element_type=\"column\" data-e-type=\"column\">\n\t\t\t<div class=\"elementor-widget-wrap elementor-element-populated\">\n\t\t\t\t\t\t<div class=\"elementor-element elementor-element-a3501a0 elementor-widget elementor-widget-spacer\" data-id=\"a3501a0\" data-element_type=\"widget\" data-e-type=\"widget\" data-widget_type=\"spacer.default\">\n\t\t\t\t<div class=\"elementor-widget-container\">\n\t\t\t\t\t\t\t<div class=\"elementor-spacer\">\n\t\t\t<div class=\"elementor-spacer-inner\"><\/div>\n\t\t<\/div>\n\t\t\t\t\t\t<\/div>\n\t\t\t\t<\/div>\n\t\t\t\t\t<\/div>\n\t\t<\/div>\n\t\t\t\t\t<\/div>\n\t\t<\/section>\n\t\t\t\t<section class=\"elementor-section elementor-top-section elementor-element elementor-element-2620ffc elementor-section-boxed elementor-section-height-default elementor-section-height-default\" data-id=\"2620ffc\" data-element_type=\"section\" data-e-type=\"section\">\n\t\t\t\t\t\t<div class=\"elementor-container elementor-column-gap-default\">\n\t\t\t\t\t<div class=\"elementor-column elementor-col-100 elementor-top-column elementor-element elementor-element-9f7a693\" data-id=\"9f7a693\" data-element_type=\"column\" data-e-type=\"column\">\n\t\t\t<div class=\"elementor-widget-wrap elementor-element-populated\">\n\t\t\t\t\t\t<div class=\"elementor-element elementor-element-ae09b8e elementor-widget elementor-widget-heading\" data-id=\"ae09b8e\" data-element_type=\"widget\" data-e-type=\"widget\" data-widget_type=\"heading.default\">\n\t\t\t\t<div class=\"elementor-widget-container\">\n\t\t\t\t\t<h2 class=\"elementor-heading-title elementor-size-default\">Aus einem Wunsch wird ein Herzensprojekt <\/h2>\t\t\t\t<\/div>\n\t\t\t\t<\/div>\n\t\t\t\t\t<\/div>\n\t\t<\/div>\n\t\t\t\t\t<\/div>\n\t\t<\/section>\n\t\t\t\t<section class=\"elementor-section elementor-top-section elementor-element elementor-element-3c009d0 elementor-section-boxed elementor-section-height-default elementor-section-height-default\" data-id=\"3c009d0\" data-element_type=\"section\" data-e-type=\"section\">\n\t\t\t\t\t\t<div class=\"elementor-container elementor-column-gap-default\">\n\t\t\t\t\t<div class=\"elementor-column elementor-col-100 elementor-top-column elementor-element elementor-element-4177b8c\" data-id=\"4177b8c\" data-element_type=\"column\" data-e-type=\"column\">\n\t\t\t<div class=\"elementor-widget-wrap elementor-element-populated\">\n\t\t\t\t\t\t<div class=\"elementor-element elementor-element-6e78521 elementor-widget elementor-widget-spacer\" data-id=\"6e78521\" data-element_type=\"widget\" data-e-type=\"widget\" data-widget_type=\"spacer.default\">\n\t\t\t\t<div class=\"elementor-widget-container\">\n\t\t\t\t\t\t\t<div class=\"elementor-spacer\">\n\t\t\t<div class=\"elementor-spacer-inner\"><\/div>\n\t\t<\/div>\n\t\t\t\t\t\t<\/div>\n\t\t\t\t<\/div>\n\t\t\t\t\t<\/div>\n\t\t<\/div>\n\t\t\t\t\t<\/div>\n\t\t<\/section>\n\t\t\t\t<section class=\"elementor-section elementor-top-section elementor-element elementor-element-65e8638 elementor-section-boxed elementor-section-height-default elementor-section-height-default\" data-id=\"65e8638\" data-element_type=\"section\" data-e-type=\"section\">\n\t\t\t\t\t\t<div class=\"elementor-container elementor-column-gap-default\">\n\t\t\t\t\t<div class=\"elementor-column elementor-col-50 elementor-top-column elementor-element elementor-element-45dc4b3\" data-id=\"45dc4b3\" data-element_type=\"column\" data-e-type=\"column\">\n\t\t\t<div class=\"elementor-widget-wrap elementor-element-populated\">\n\t\t\t\t\t\t<div class=\"elementor-element elementor-element-c14cb90 elementor-widget elementor-widget-text-editor\" data-id=\"c14cb90\" data-element_type=\"widget\" data-e-type=\"widget\" data-widget_type=\"text-editor.default\">\n\t\t\t\t<div class=\"elementor-widget-container\">\n\t\t\t\t\t\t\t\t\t<p>Die Initiative zur Teilnahme an der Aktion ging von den Sch\u00fclerinnen und Sch\u00fclern sowie den Lehrerinnen Sandra V\u00f6ls und Mareike Gerhardt gemeinsam mit der Direktorin Heike Gei\u00dfler aus.<\/p><p>\u00a0<\/p><p>Sandra V\u00f6ls, Fachleiterin f\u00fcr den musisch-k\u00fcnstlerischen Bereich an der Schule, erz\u00e4hlt: \u201eDie Idee, etwas am tristen Grau unseres Schulhofes zu \u00e4ndern, entstand w\u00e4hrend der Corona-Zeit. Durch die vermehrten Pausen im Freien stellten wir fest, dass unsere Sch\u00fcler kaum M\u00f6glichkeiten zum Spielen, Bewegen und Kommunizieren in der Natur hatten &#8211; ein trauriges Bild\u201c, so die Lehrerin.<\/p>\t\t\t\t\t\t\t\t<\/div>\n\t\t\t\t<\/div>\n\t\t\t\t\t<\/div>\n\t\t<\/div>\n\t\t\t\t<div class=\"elementor-column elementor-col-50 elementor-top-column elementor-element elementor-element-92512d9\" data-id=\"92512d9\" data-element_type=\"column\" data-e-type=\"column\">\n\t\t\t<div class=\"elementor-widget-wrap elementor-element-populated\">\n\t\t\t\t\t\t<div class=\"elementor-element elementor-element-2ff7f88 elementor-widget elementor-widget-image\" data-id=\"2ff7f88\" data-element_type=\"widget\" data-e-type=\"widget\" data-widget_type=\"image.default\">\n\t\t\t\t<div class=\"elementor-widget-container\">\n\t\t\t\t\t\t\t\t\t\t\t\t<figure class=\"wp-caption\">\n\t\t\t\t\t\t\t\t\t\t<img fetchpriority=\"high\" decoding=\"async\" width=\"768\" height=\"624\" src=\"https:\/\/lehrer-werden-in-sachsen.de\/stage\/wp-content\/uploads\/2023\/12\/SH-7-scaled-e1700737376939-768x624.jpg\" class=\"attachment-medium_large size-medium_large wp-image-14205\" alt=\"Eine Gruppe von Kindern h\u00e4lt S\u00e4cke mit Blumenerde vor einer bunten Wand.\" srcset=\"https:\/\/lehrer-werden-in-sachsen.de\/stage\/wp-content\/uploads\/2023\/12\/SH-7-scaled-e1700737376939-768x624.jpg 768w, https:\/\/lehrer-werden-in-sachsen.de\/stage\/wp-content\/uploads\/2023\/12\/SH-7-scaled-e1700737376939-300x244.jpg 300w, https:\/\/lehrer-werden-in-sachsen.de\/stage\/wp-content\/uploads\/2023\/12\/SH-7-scaled-e1700737376939-1024x832.jpg 1024w, https:\/\/lehrer-werden-in-sachsen.de\/stage\/wp-content\/uploads\/2023\/12\/SH-7-scaled-e1700737376939-1536x1248.jpg 1536w, https:\/\/lehrer-werden-in-sachsen.de\/stage\/wp-content\/uploads\/2023\/12\/SH-7-scaled-e1700737376939-2048x1664.jpg 2048w\" sizes=\"(max-width: 768px) 100vw, 768px\" \/>\t\t\t\t\t\t\t\t\t\t\t<figcaption class=\"widget-image-caption wp-caption-text\"><\/figcaption>\n\t\t\t\t\t\t\t\t\t\t<\/figure>\n\t\t\t\t\t\t\t\t\t<\/div>\n\t\t\t\t<\/div>\n\t\t\t\t\t<\/div>\n\t\t<\/div>\n\t\t\t\t\t<\/div>\n\t\t<\/section>\n\t\t\t\t<section class=\"elementor-section elementor-top-section elementor-element elementor-element-d6174ff elementor-section-boxed elementor-section-height-default elementor-section-height-default\" data-id=\"d6174ff\" data-element_type=\"section\" data-e-type=\"section\">\n\t\t\t\t\t\t<div class=\"elementor-container elementor-column-gap-default\">\n\t\t\t\t\t<div class=\"elementor-column elementor-col-100 elementor-top-column elementor-element elementor-element-6996e6e\" data-id=\"6996e6e\" data-element_type=\"column\" data-e-type=\"column\">\n\t\t\t<div class=\"elementor-widget-wrap elementor-element-populated\">\n\t\t\t\t\t\t<div class=\"elementor-element elementor-element-46bd857 elementor-widget elementor-widget-text-editor\" data-id=\"46bd857\" data-element_type=\"widget\" data-e-type=\"widget\" data-widget_type=\"text-editor.default\">\n\t\t\t\t<div class=\"elementor-widget-container\">\n\t\t\t\t\t\t\t\t\t<p>Und auch in der Sch\u00fclerschaft machte sich Unmut \u00fcber den \u201aBetonhof\u2018 breit. Die Sch\u00fclervertretung wurde aktiv und trat mit Verbesserungsvorschl\u00e4gen an die Schulleitung heran. \u201eAuf der Wunschliste standen mehr Sitz- und Spielm\u00f6glichkeiten, aber auch mehr Gr\u00fcn und bl\u00fchende Pflanzen. Wir haben beschlossen, dass etwas getan werden muss und dass ein \u201aWeiter so\u2018 einem zeitgem\u00e4\u00dfen Schulhof im Sinne von Bewegung, Kommunikation und Naturerfahrung nicht entspricht\u201c, berichtet Frau V\u00f6ls.<\/p><p>\u00a0<\/p><p>Nachdem die gesamte Schulgemeinschaft das Problem erkannt hatte, galt es zu handeln. \u201eAm Anfang standen wir vor vielen offenen Fragen\u201c, erinnert sich Sandra V\u00f6ls. \u201eWo fangen wir an? Was genau wollen wir umsetzen? Was bedeutet Nachhaltigkeit in Bezug auf Schulh\u00f6fe? Wer k\u00fcmmert sich um die Pflege und wie k\u00f6nnen wir das finanzieren?\u201c<\/p>\t\t\t\t\t\t\t\t<\/div>\n\t\t\t\t<\/div>\n\t\t\t\t\t<\/div>\n\t\t<\/div>\n\t\t\t\t\t<\/div>\n\t\t<\/section>\n\t\t\t\t<section class=\"elementor-section elementor-top-section elementor-element elementor-element-ab1037d elementor-section-boxed elementor-section-height-default elementor-section-height-default\" data-id=\"ab1037d\" data-element_type=\"section\" data-e-type=\"section\">\n\t\t\t\t\t\t<div class=\"elementor-container elementor-column-gap-default\">\n\t\t\t\t\t<div class=\"elementor-column elementor-col-100 elementor-top-column elementor-element elementor-element-24d9595\" data-id=\"24d9595\" data-element_type=\"column\" data-e-type=\"column\">\n\t\t\t<div class=\"elementor-widget-wrap elementor-element-populated\">\n\t\t\t\t\t\t<div class=\"elementor-element elementor-element-d558ed2 elementor-widget elementor-widget-spacer\" data-id=\"d558ed2\" data-element_type=\"widget\" data-e-type=\"widget\" data-widget_type=\"spacer.default\">\n\t\t\t\t<div class=\"elementor-widget-container\">\n\t\t\t\t\t\t\t<div class=\"elementor-spacer\">\n\t\t\t<div class=\"elementor-spacer-inner\"><\/div>\n\t\t<\/div>\n\t\t\t\t\t\t<\/div>\n\t\t\t\t<\/div>\n\t\t\t\t\t<\/div>\n\t\t<\/div>\n\t\t\t\t\t<\/div>\n\t\t<\/section>\n\t\t\t\t<section class=\"elementor-section elementor-top-section elementor-element elementor-element-9567663 elementor-section-boxed elementor-section-height-default elementor-section-height-default\" data-id=\"9567663\" data-element_type=\"section\" data-e-type=\"section\">\n\t\t\t\t\t\t<div class=\"elementor-container elementor-column-gap-default\">\n\t\t\t\t\t<div class=\"elementor-column elementor-col-100 elementor-top-column elementor-element elementor-element-805540b\" data-id=\"805540b\" data-element_type=\"column\" data-e-type=\"column\">\n\t\t\t<div class=\"elementor-widget-wrap elementor-element-populated\">\n\t\t\t\t\t\t<div class=\"elementor-element elementor-element-3f3d11f elementor-widget elementor-widget-heading\" data-id=\"3f3d11f\" data-element_type=\"widget\" data-e-type=\"widget\" data-widget_type=\"heading.default\">\n\t\t\t\t<div class=\"elementor-widget-container\">\n\t\t\t\t\t<h2 class=\"elementor-heading-title elementor-size-default\">Der neue Schulhof: Ein Ort zum Treffen, Wohlf\u00fchlen, Entspannen und Lernen<\/h2>\t\t\t\t<\/div>\n\t\t\t\t<\/div>\n\t\t\t\t\t<\/div>\n\t\t<\/div>\n\t\t\t\t\t<\/div>\n\t\t<\/section>\n\t\t\t\t<section class=\"elementor-section elementor-top-section elementor-element elementor-element-c5e6b8a elementor-section-boxed elementor-section-height-default elementor-section-height-default\" data-id=\"c5e6b8a\" data-element_type=\"section\" data-e-type=\"section\">\n\t\t\t\t\t\t<div class=\"elementor-container elementor-column-gap-default\">\n\t\t\t\t\t<div class=\"elementor-column elementor-col-100 elementor-top-column elementor-element elementor-element-9d3f171\" data-id=\"9d3f171\" data-element_type=\"column\" data-e-type=\"column\">\n\t\t\t<div class=\"elementor-widget-wrap elementor-element-populated\">\n\t\t\t\t\t\t<div class=\"elementor-element elementor-element-1508e9c elementor-widget elementor-widget-spacer\" data-id=\"1508e9c\" data-element_type=\"widget\" data-e-type=\"widget\" data-widget_type=\"spacer.default\">\n\t\t\t\t<div class=\"elementor-widget-container\">\n\t\t\t\t\t\t\t<div class=\"elementor-spacer\">\n\t\t\t<div class=\"elementor-spacer-inner\"><\/div>\n\t\t<\/div>\n\t\t\t\t\t\t<\/div>\n\t\t\t\t<\/div>\n\t\t\t\t\t<\/div>\n\t\t<\/div>\n\t\t\t\t\t<\/div>\n\t\t<\/section>\n\t\t\t\t<section class=\"elementor-section elementor-top-section elementor-element elementor-element-0349067 elementor-section-boxed elementor-section-height-default elementor-section-height-default\" data-id=\"0349067\" data-element_type=\"section\" data-e-type=\"section\">\n\t\t\t\t\t\t<div class=\"elementor-container elementor-column-gap-default\">\n\t\t\t\t\t<div class=\"elementor-column elementor-col-100 elementor-top-column elementor-element elementor-element-72a86d3\" data-id=\"72a86d3\" data-element_type=\"column\" data-e-type=\"column\">\n\t\t\t<div class=\"elementor-widget-wrap elementor-element-populated\">\n\t\t\t\t\t\t<div class=\"elementor-element elementor-element-ac9ded5 elementor-widget elementor-widget-text-editor\" data-id=\"ac9ded5\" data-element_type=\"widget\" data-e-type=\"widget\" data-widget_type=\"text-editor.default\">\n\t\t\t\t<div class=\"elementor-widget-container\">\n\t\t\t\t\t\t\t\t\t<p>Das Trio aus Frau Gei\u00dfler, Frau Gerhardt und Frau V\u00f6ls nahm daraufhin an der zweit\u00e4gigen Fortbildung des Freistaates Sachsen zum Thema <a href=\"https:\/\/www.medienservice.sachsen.de\/medien\/news\/1044830\" title=\"AUS GRAU MACHT GR\u00dcN! Naturnahe Schulgel\u00e4nde in Sachsen gesucht\" target=\"_blank\" rel=\"noopener\">\u201aAUS GRAU MACHT GR\u00dcN!\u2018<\/a> teil. Der erste Schritt in Richtung gr\u00fcner Schulhof, denn hier fanden die drei Frauen Inspiration zum Thema Nachhaltigkeit, aber auch erstmals Antworten zur Kl\u00e4rung rechtlicher Fragen.<\/p><p>Parallel dazu ging die Schulleiterin, Frau Gei\u00dfler, den W\u00fcnschen der Sch\u00fclerinnen und Sch\u00fcler auf den Grund: \u201eW\u00e4hrend unserer Projektwoche wurde eine Umfrage unter den Sch\u00fclern durchgef\u00fchrt; wir wollten konkret von ihnen wissen, was nach einer Umgestaltung des Schulhofes auf keinen Fall fehlen darf\u201c. Die Antworten fielen ebenso einfach wie verantwortungsbewusst aus: Ein Basketballkorb, B\u00e4nke und Tische, ein Insektenhotel und viele bl\u00fchende Pflanzen.<\/p><p>Und damit schien alles da zu sein, was es f\u00fcr eine Neugestaltung braucht: Eine Gemeinschaft, die der Wunsch nach Ver\u00e4nderung eint, Ideen und Motivation. Offen blieb jedoch die Frage nach den finanziellen Mitteln.<\/p><p>So kam der Schulleiterin die Idee, das Konzept zur Umgestaltung bei \u201aSchulhoftr\u00e4ume\u2018 einzureichen. Nicht nur die gesamte Sch\u00fcler-, Lehrer- und Elternschaft, sondern auch Firmen und Institutionen aus Hartha wollten sich beteiligen. \u201eSo r\u00fcckten wir als Schulgemeinschaft mit externen Kr\u00e4ften wie Fremdfirmen und dem B\u00fcrgermeister Ronald Kunze n\u00e4her zusammen\u201c, sagt Sandra V\u00f6ls. \u201eAus dem anf\u00e4nglichen \u201aWir schaffen etwas als Gemeinschaft\u2018 wurde eine noch gr\u00f6\u00dfere Gemeinschaftsleistung.\u201c<\/p><p>Mit dem Konzept \u201aBetonw\u00fcste ade &#8211; wir schaffen uns eine gr\u00fcne Oase\u2018, gewann das Gymnasium Hartha 2023 den mit 15.000 Euro dotierten Hauptpreis von \u201aSchulhoftr\u00e4ume\u2018.<\/p><p>Im September war es dann so weit: Der lang ersehnte Spatenstich fand statt, begleitet von Feiern, Chor- und Klaviermusik sowie Reden der Schulleiterin und des Sch\u00fclersprechers Julius May.<\/p>\t\t\t\t\t\t\t\t<\/div>\n\t\t\t\t<\/div>\n\t\t\t\t\t<\/div>\n\t\t<\/div>\n\t\t\t\t\t<\/div>\n\t\t<\/section>\n\t\t\t\t<section class=\"elementor-section elementor-top-section elementor-element elementor-element-504f151 elementor-section-boxed elementor-section-height-default elementor-section-height-default\" data-id=\"504f151\" data-element_type=\"section\" data-e-type=\"section\">\n\t\t\t\t\t\t<div class=\"elementor-container elementor-column-gap-default\">\n\t\t\t\t\t<div class=\"elementor-column elementor-col-100 elementor-top-column elementor-element elementor-element-e432f34\" data-id=\"e432f34\" data-element_type=\"column\" data-e-type=\"column\">\n\t\t\t<div class=\"elementor-widget-wrap elementor-element-populated\">\n\t\t\t\t\t\t<div class=\"elementor-element elementor-element-239cd54 elementor-widget elementor-widget-image\" data-id=\"239cd54\" data-element_type=\"widget\" data-e-type=\"widget\" data-widget_type=\"image.default\">\n\t\t\t\t<div class=\"elementor-widget-container\">\n\t\t\t\t\t\t\t\t\t\t\t\t\t\t\t<img decoding=\"async\" width=\"1024\" height=\"683\" src=\"https:\/\/lehrer-werden-in-sachsen.de\/stage\/wp-content\/uploads\/2023\/12\/IMG_3526-scaled-1-1024x683.jpg\" class=\"attachment-large size-large wp-image-14206\" alt=\"Gruppe von Sch\u00fclern, die im Freien mit Werkzeugen im Garten arbeiten.\" srcset=\"https:\/\/lehrer-werden-in-sachsen.de\/stage\/wp-content\/uploads\/2023\/12\/IMG_3526-scaled-1-1024x683.jpg 1024w, https:\/\/lehrer-werden-in-sachsen.de\/stage\/wp-content\/uploads\/2023\/12\/IMG_3526-scaled-1-300x200.jpg 300w, https:\/\/lehrer-werden-in-sachsen.de\/stage\/wp-content\/uploads\/2023\/12\/IMG_3526-scaled-1-768x512.jpg 768w, https:\/\/lehrer-werden-in-sachsen.de\/stage\/wp-content\/uploads\/2023\/12\/IMG_3526-scaled-1-1536x1024.jpg 1536w, https:\/\/lehrer-werden-in-sachsen.de\/stage\/wp-content\/uploads\/2023\/12\/IMG_3526-scaled-1-2048x1366.jpg 2048w\" sizes=\"(max-width: 1024px) 100vw, 1024px\" \/>\t\t\t\t\t\t\t\t\t\t\t\t\t\t\t<\/div>\n\t\t\t\t<\/div>\n\t\t\t\t\t<\/div>\n\t\t<\/div>\n\t\t\t\t\t<\/div>\n\t\t<\/section>\n\t\t\t\t<section class=\"elementor-section elementor-top-section elementor-element elementor-element-fa0c4ee elementor-section-boxed elementor-section-height-default elementor-section-height-default\" data-id=\"fa0c4ee\" data-element_type=\"section\" data-e-type=\"section\">\n\t\t\t\t\t\t<div class=\"elementor-container elementor-column-gap-default\">\n\t\t\t\t\t<div class=\"elementor-column elementor-col-100 elementor-top-column elementor-element elementor-element-2fef33d\" data-id=\"2fef33d\" data-element_type=\"column\" data-e-type=\"column\">\n\t\t\t<div class=\"elementor-widget-wrap elementor-element-populated\">\n\t\t\t\t\t\t<div class=\"elementor-element elementor-element-5d1a5b7 elementor-widget elementor-widget-text-editor\" data-id=\"5d1a5b7\" data-element_type=\"widget\" data-e-type=\"widget\" data-widget_type=\"text-editor.default\">\n\t\t\t\t<div class=\"elementor-widget-container\">\n\t\t\t\t\t\t\t\t\t<p>Danach ging es gleich ans Werk: Gemeinsam wurden Baumst\u00fcmpfe entfernt, Unkraut gej\u00e4tet, Hecken geschnitten, B\u00e4nke abgeschliffen und frisch gestrichen.<\/p><p>\u00a0<\/p><p>Nat\u00fcrlich pflegt sich so ein gr\u00fcner und nachhaltiger Schulhof nicht von allein. Deshalb erh\u00e4lt der Wahlpflichtbereich \u201aLernen, Tanzen, Kreativ sein\u2018 eine Stunde pro Woche f\u00fcr die Gestaltung und Pflege des Gel\u00e4ndes.<\/p>\t\t\t\t\t\t\t\t<\/div>\n\t\t\t\t<\/div>\n\t\t\t\t\t<\/div>\n\t\t<\/div>\n\t\t\t\t\t<\/div>\n\t\t<\/section>\n\t\t\t\t<section class=\"elementor-section elementor-top-section elementor-element elementor-element-d74728f elementor-section-boxed elementor-section-height-default elementor-section-height-default\" data-id=\"d74728f\" data-element_type=\"section\" data-e-type=\"section\">\n\t\t\t\t\t\t<div class=\"elementor-container elementor-column-gap-default\">\n\t\t\t\t\t<div class=\"elementor-column elementor-col-100 elementor-top-column elementor-element elementor-element-c69e638\" data-id=\"c69e638\" data-element_type=\"column\" data-e-type=\"column\">\n\t\t\t<div class=\"elementor-widget-wrap elementor-element-populated\">\n\t\t\t\t\t\t<div class=\"elementor-element elementor-element-afe7146 elementor-widget elementor-widget-spacer\" data-id=\"afe7146\" data-element_type=\"widget\" data-e-type=\"widget\" data-widget_type=\"spacer.default\">\n\t\t\t\t<div class=\"elementor-widget-container\">\n\t\t\t\t\t\t\t<div class=\"elementor-spacer\">\n\t\t\t<div class=\"elementor-spacer-inner\"><\/div>\n\t\t<\/div>\n\t\t\t\t\t\t<\/div>\n\t\t\t\t<\/div>\n\t\t\t\t\t<\/div>\n\t\t<\/div>\n\t\t\t\t\t<\/div>\n\t\t<\/section>\n\t\t\t\t<section class=\"elementor-section elementor-top-section elementor-element elementor-element-4149244 elementor-section-boxed elementor-section-height-default elementor-section-height-default\" data-id=\"4149244\" data-element_type=\"section\" data-e-type=\"section\">\n\t\t\t\t\t\t<div class=\"elementor-container elementor-column-gap-default\">\n\t\t\t\t\t<div class=\"elementor-column elementor-col-100 elementor-top-column elementor-element elementor-element-3eae303\" data-id=\"3eae303\" data-element_type=\"column\" data-e-type=\"column\">\n\t\t\t<div class=\"elementor-widget-wrap elementor-element-populated\">\n\t\t\t\t\t\t<div class=\"elementor-element elementor-element-a886b91 elementor-widget elementor-widget-heading\" data-id=\"a886b91\" data-element_type=\"widget\" data-e-type=\"widget\" data-widget_type=\"heading.default\">\n\t\t\t\t<div class=\"elementor-widget-container\">\n\t\t\t\t\t<h2 class=\"elementor-heading-title elementor-size-default\">\u201eWir wollen keine Einzelk\u00e4mpfer\u201c<\/h2>\t\t\t\t<\/div>\n\t\t\t\t<\/div>\n\t\t\t\t\t<\/div>\n\t\t<\/div>\n\t\t\t\t\t<\/div>\n\t\t<\/section>\n\t\t\t\t<section class=\"elementor-section elementor-top-section elementor-element elementor-element-95f78d8 elementor-section-boxed elementor-section-height-default elementor-section-height-default\" data-id=\"95f78d8\" data-element_type=\"section\" data-e-type=\"section\">\n\t\t\t\t\t\t<div class=\"elementor-container elementor-column-gap-default\">\n\t\t\t\t\t<div class=\"elementor-column elementor-col-100 elementor-top-column elementor-element elementor-element-bfc9345\" data-id=\"bfc9345\" data-element_type=\"column\" data-e-type=\"column\">\n\t\t\t<div class=\"elementor-widget-wrap elementor-element-populated\">\n\t\t\t\t\t\t<div class=\"elementor-element elementor-element-a63137d elementor-widget elementor-widget-spacer\" data-id=\"a63137d\" data-element_type=\"widget\" data-e-type=\"widget\" data-widget_type=\"spacer.default\">\n\t\t\t\t<div class=\"elementor-widget-container\">\n\t\t\t\t\t\t\t<div class=\"elementor-spacer\">\n\t\t\t<div class=\"elementor-spacer-inner\"><\/div>\n\t\t<\/div>\n\t\t\t\t\t\t<\/div>\n\t\t\t\t<\/div>\n\t\t\t\t\t<\/div>\n\t\t<\/div>\n\t\t\t\t\t<\/div>\n\t\t<\/section>\n\t\t\t\t<section class=\"elementor-section elementor-top-section elementor-element elementor-element-d266bc6 elementor-section-boxed elementor-section-height-default elementor-section-height-default\" data-id=\"d266bc6\" data-element_type=\"section\" data-e-type=\"section\">\n\t\t\t\t\t\t<div class=\"elementor-container elementor-column-gap-default\">\n\t\t\t\t\t<div class=\"elementor-column elementor-col-100 elementor-top-column elementor-element elementor-element-e63ce20\" data-id=\"e63ce20\" data-element_type=\"column\" data-e-type=\"column\">\n\t\t\t<div class=\"elementor-widget-wrap elementor-element-populated\">\n\t\t\t\t\t\t<div class=\"elementor-element elementor-element-67984d9 elementor-widget elementor-widget-text-editor\" data-id=\"67984d9\" data-element_type=\"widget\" data-e-type=\"widget\" data-widget_type=\"text-editor.default\">\n\t\t\t\t<div class=\"elementor-widget-container\">\n\t\t\t\t\t\t\t\t\t<p>Ein Schulhof, der sich sehen lassen kann und auf dem sich die Sch\u00fclerschaft und das Lehrerkollegium wohlf\u00fchlen, ist nicht der einzige positive Effekt des gemeinschaftlichen Schulprojekts. \u201eDie Sch\u00fcler haben endlich die M\u00f6glichkeit bekommen, aktiv etwas zu ver\u00e4ndern, mit anzupacken und so eine Verbesserung f\u00fcr die Gemeinschaft zu erreichen\u201c, erl\u00e4utert Fachleiterin V\u00f6ls, \u201ewir wollen keine Einzelk\u00e4mpfer, sondern Menschen, die in der Gemeinschaft an Probleml\u00f6sungen arbeiten &#8211; und nat\u00fcrlich auch exzellentes Fachwissen mitbringen\u201c.\u00a0<\/p>\t\t\t\t\t\t\t\t<\/div>\n\t\t\t\t<\/div>\n\t\t\t\t\t<\/div>\n\t\t<\/div>\n\t\t\t\t\t<\/div>\n\t\t<\/section>\n\t\t\t\t<section class=\"elementor-section elementor-top-section elementor-element elementor-element-0af78ce elementor-section-boxed elementor-section-height-default elementor-section-height-default\" data-id=\"0af78ce\" data-element_type=\"section\" data-e-type=\"section\">\n\t\t\t\t\t\t<div class=\"elementor-container elementor-column-gap-default\">\n\t\t\t\t\t<div class=\"elementor-column elementor-col-50 elementor-top-column elementor-element elementor-element-8ce9084\" data-id=\"8ce9084\" data-element_type=\"column\" data-e-type=\"column\">\n\t\t\t<div class=\"elementor-widget-wrap elementor-element-populated\">\n\t\t\t\t\t\t<div class=\"elementor-element elementor-element-3c669ea elementor-widget elementor-widget-text-editor\" data-id=\"3c669ea\" data-element_type=\"widget\" data-e-type=\"widget\" data-widget_type=\"text-editor.default\">\n\t\t\t\t<div class=\"elementor-widget-container\">\n\t\t\t\t\t\t\t\t\t<p>Gerade bei der Spatenstichveranstaltung sei ihr bewusst geworden, wie viel Spa\u00df es den Sch\u00fclerinnen und Sch\u00fclern macht, ein \u201astaubtrockenes Beet\u2018 umzugraben, einen \u201abl\u00fchenden H\u00fcgel\u2018 anzulegen oder \u201astacheliges Gestr\u00fcpp\u2018 zu schneiden: \u201eAm Ende des Tages waren alle schmutzig und verschwitzt, aber gl\u00fccklich \u00fcber ihr bl\u00fchendes Beet. Die Sch\u00fcler lernen so, stolz auf ihre eigene Leistung zu sein\u201c.<\/p>\t\t\t\t\t\t\t\t<\/div>\n\t\t\t\t<\/div>\n\t\t\t\t\t<\/div>\n\t\t<\/div>\n\t\t\t\t<div class=\"elementor-column elementor-col-50 elementor-top-column elementor-element elementor-element-869f05d\" data-id=\"869f05d\" data-element_type=\"column\" data-e-type=\"column\">\n\t\t\t<div class=\"elementor-widget-wrap elementor-element-populated\">\n\t\t\t\t\t\t<div class=\"elementor-element elementor-element-b21b94c elementor-widget__width-initial elementor-widget elementor-widget-image\" data-id=\"b21b94c\" data-element_type=\"widget\" data-e-type=\"widget\" data-widget_type=\"image.default\">\n\t\t\t\t<div class=\"elementor-widget-container\">\n\t\t\t\t\t\t\t\t\t\t\t\t\t\t\t<img decoding=\"async\" src=\"https:\/\/lehrer-werden-in-sachsen.de\/stage\/wp-content\/uploads\/elementor\/thumbs\/SH-13-rgdmgrx2cnzpwyrtprbz9wbjtrxr1bmaix9kezeijs.jpg\" title=\"SH-13\" alt=\"Eine Gruppe von acht Personen steht im Garten und h\u00e4lt Gartenger\u00e4te in der Hand.\" loading=\"lazy\" \/>\t\t\t\t\t\t\t\t\t\t\t\t\t\t\t<\/div>\n\t\t\t\t<\/div>\n\t\t\t\t\t<\/div>\n\t\t<\/div>\n\t\t\t\t\t<\/div>\n\t\t<\/section>\n\t\t\t\t<section class=\"elementor-section elementor-top-section elementor-element elementor-element-947dcb1 elementor-section-boxed elementor-section-height-default elementor-section-height-default\" data-id=\"947dcb1\" data-element_type=\"section\" data-e-type=\"section\">\n\t\t\t\t\t\t<div class=\"elementor-container elementor-column-gap-default\">\n\t\t\t\t\t<div class=\"elementor-column elementor-col-100 elementor-top-column elementor-element elementor-element-93cc813\" data-id=\"93cc813\" data-element_type=\"column\" data-e-type=\"column\">\n\t\t\t<div class=\"elementor-widget-wrap elementor-element-populated\">\n\t\t\t\t\t\t<div class=\"elementor-element elementor-element-5acbd88 elementor-widget elementor-widget-text-editor\" data-id=\"5acbd88\" data-element_type=\"widget\" data-e-type=\"widget\" data-widget_type=\"text-editor.default\">\n\t\t\t\t<div class=\"elementor-widget-container\">\n\t\t\t\t\t\t\t\t\t<p><span style=\"color: var( --e-global-color-text ); font-family: var( --e-global-typography-text-font-family ), Sans-serif; font-size: var( --e-global-typography-text-font-size ); font-weight: var( --e-global-typography-text-font-weight );\">Diese gemeinsamen Aktionen w\u00fcrden alle als Schulgemeinschaft n\u00e4her zusammenbringen und man lerne, die Sch\u00fclerinnen und Sch\u00fcler mit anderen Augen zu sehen: \u201eDie, die sonst eher still auf der Schulbank sitzen, sind pl\u00f6tzlich Experten beim Blumenzwiebelpflanzen und leiten andere an.\u201c<\/span><\/p><p>Und auch die Elternschaft habe ein ganz neues Verh\u00e4ltnis zum Kollegium entwickelt, mit viel weniger Vorbehalt und Distanz. \u201eInsgesamt ist unsere Schule enger zusammenger\u00fcckt\u201c, zieht Sandra V\u00f6ls ein Zwischenres\u00fcmee.<\/p><p>\u00a0<\/p><p>Die Schulleiterin Frau Gei\u00dfler hofft, durch das Projekt neue Lehrkr\u00e4fte f\u00fcr ihre Schule im l\u00e4ndlichen Raum begeistern zu k\u00f6nnen: \u201eBei diesem Projekt habe ich das Herzblut des kleinen Kollegiums und der beteiligten Sch\u00fcler und Eltern gesp\u00fcrt. Das Miteinander, die kurzen Wege zu den Verantwortlichen, denen die Schule als Ort des geistig-kulturellen Lebens und Motor der Region wichtig ist, zeichnet uns als Schule im l\u00e4ndlichen Raum aus\u201c.<\/p><p>\u00a0<\/p><p>Bis zum Fr\u00fchjahr soll das Projekt \u201aBetonw\u00fcste ade &#8211; wir schaffen uns eine gr\u00fcne Oase\u2018 umgesetzt sein. Wir bleiben dran!<\/p>\t\t\t\t\t\t\t\t<\/div>\n\t\t\t\t<\/div>\n\t\t\t\t\t<\/div>\n\t\t<\/div>\n\t\t\t\t\t<\/div>\n\t\t<\/section>\n\t\t\t\t<section class=\"elementor-section elementor-top-section elementor-element elementor-element-63196ba elementor-section-boxed elementor-section-height-default elementor-section-height-default\" data-id=\"63196ba\" data-element_type=\"section\" data-e-type=\"section\">\n\t\t\t\t\t\t<div class=\"elementor-container elementor-column-gap-default\">\n\t\t\t\t\t<div class=\"elementor-column elementor-col-100 elementor-top-column elementor-element elementor-element-29da14b\" data-id=\"29da14b\" data-element_type=\"column\" data-e-type=\"column\">\n\t\t\t<div class=\"elementor-widget-wrap elementor-element-populated\">\n\t\t\t\t\t\t<div class=\"elementor-element elementor-element-e725eae elementor-widget elementor-widget-spacer\" data-id=\"e725eae\" data-element_type=\"widget\" data-e-type=\"widget\" data-widget_type=\"spacer.default\">\n\t\t\t\t<div class=\"elementor-widget-container\">\n\t\t\t\t\t\t\t<div class=\"elementor-spacer\">\n\t\t\t<div class=\"elementor-spacer-inner\"><\/div>\n\t\t<\/div>\n\t\t\t\t\t\t<\/div>\n\t\t\t\t<\/div>\n\t\t\t\t\t<\/div>\n\t\t<\/div>\n\t\t\t\t\t<\/div>\n\t\t<\/section>\n\t\t\t\t<section class=\"elementor-section elementor-top-section elementor-element elementor-element-32cdc3c elementor-section-boxed elementor-section-height-default elementor-section-height-default\" data-id=\"32cdc3c\" data-element_type=\"section\" data-e-type=\"section\">\n\t\t\t\t\t\t<div class=\"elementor-container elementor-column-gap-default\">\n\t\t\t\t\t<div class=\"elementor-column elementor-col-100 elementor-top-column elementor-element elementor-element-c1cd103\" data-id=\"c1cd103\" data-element_type=\"column\" data-e-type=\"column\">\n\t\t\t<div class=\"elementor-widget-wrap elementor-element-populated\">\n\t\t\t\t\t\t<div class=\"elementor-element elementor-element-98d6a78 elementor-widget elementor-widget-heading\" data-id=\"98d6a78\" data-element_type=\"widget\" data-e-type=\"widget\" data-widget_type=\"heading.default\">\n\t\t\t\t<div class=\"elementor-widget-container\">\n\t\t\t\t\t<h2 class=\"elementor-heading-title elementor-size-default\">Du m\u00f6chtest mehr \u00fcber die unterschiedlichen Regionen in Sachsen erfahren?<\/h2>\t\t\t\t<\/div>\n\t\t\t\t<\/div>\n\t\t\t\t\t<\/div>\n\t\t<\/div>\n\t\t\t\t\t<\/div>\n\t\t<\/section>\n\t\t\t\t<section class=\"elementor-section elementor-top-section elementor-element elementor-element-4ceec11 elementor-section-boxed elementor-section-height-default elementor-section-height-default\" data-id=\"4ceec11\" data-element_type=\"section\" data-e-type=\"section\">\n\t\t\t\t\t\t<div class=\"elementor-container elementor-column-gap-default\">\n\t\t\t\t\t<div class=\"elementor-column elementor-col-100 elementor-top-column elementor-element elementor-element-78b527f\" data-id=\"78b527f\" data-element_type=\"column\" data-e-type=\"column\">\n\t\t\t<div class=\"elementor-widget-wrap elementor-element-populated\">\n\t\t\t\t\t\t<div class=\"elementor-element elementor-element-8a8f4a4 elementor-widget elementor-widget-button\" data-id=\"8a8f4a4\" data-element_type=\"widget\" data-e-type=\"widget\" data-widget_type=\"button.default\">\n\t\t\t\t<div class=\"elementor-widget-container\">\n\t\t\t\t\t\t\t\t\t<div class=\"elementor-button-wrapper\">\n\t\t\t\t\t<a class=\"elementor-button elementor-button-link elementor-size-sm\" href=\"\/sachsen-erleben\/#sachsenkarte\" target=\"_blank\" title=\"Sachsen erleben\">\n\t\t\t\t\t\t<span class=\"elementor-button-content-wrapper\">\n\t\t\t\t\t\t\t\t\t<span class=\"elementor-button-text\">Dann finde hier deine Traumregion.<\/span>\n\t\t\t\t\t<\/span>\n\t\t\t\t\t<\/a>\n\t\t\t\t<\/div>\n\t\t\t\t\t\t\t\t<\/div>\n\t\t\t\t<\/div>\n\t\t\t\t\t<\/div>\n\t\t<\/div>\n\t\t\t\t\t<\/div>\n\t\t<\/section>\n\t\t\t\t<\/div>\n\t\t","protected":false},"excerpt":{"rendered":"<p>Der Schulhof des s\u00e4chsischen Gymnasiums glich bis vor einem Jahr einer Betonw\u00fcste. Kurzerhand machte die Schule im vergangenen Jahr bei \u201aSchulhoftr\u00e4ume\u2018 mit &#8211; und gewann. <\/p>\n","protected":false},"author":13,"featured_media":14204,"comment_status":"closed","ping_status":"closed","sticky":false,"template":"","format":"standard","meta":{"footnotes":""},"categories":[46],"tags":[124,204,210],"class_list":["post-14220","post","type-post","status-publish","format-standard","has-post-thumbnail","hentry","category-blog","tag-gymnasium","tag-projekt","tag-saechsische-regionen"],"yoast_head":"<!-- This site is optimized with the Yoast SEO plugin v27.3 - https:\/\/yoast.com\/product\/yoast-seo-wordpress\/ -->\n<title>LEHRERIN SACHSEN | Schulhoftr\u00e4ume<\/title>\n<meta name=\"description\" content=\"Das Konzept \u201aBetonw\u00fcste ade - wir schaffen uns eine gr\u00fcne Oase\u2018 des Martin-Luther-Gymnasiums Hartha gewinnt bei der Aktion \u201aSchulhoftr\u00e4ume\u2018.\" \/>\n<meta name=\"robots\" content=\"index, follow, max-snippet:-1, max-image-preview:large, max-video-preview:-1\" \/>\n<link rel=\"canonical\" href=\"https:\/\/lehrer-werden-in-sachsen.de\/schulhoftraeume-martin-luther-gymnasium-hartha\/\" \/>\n<meta property=\"og:locale\" content=\"de_DE\" \/>\n<meta property=\"og:type\" content=\"article\" \/>\n<meta property=\"og:title\" content=\"LEHRERIN SACHSEN | Schulhoftr\u00e4ume\" \/>\n<meta property=\"og:description\" content=\"Das Konzept \u201aBetonw\u00fcste ade - wir schaffen uns eine gr\u00fcne Oase\u2018 des Martin-Luther-Gymnasiums Hartha gewinnt bei der Aktion \u201aSchulhoftr\u00e4ume\u2018.\" \/>\n<meta property=\"og:url\" content=\"https:\/\/lehrer-werden-in-sachsen.de\/schulhoftraeume-martin-luther-gymnasium-hartha\/\" \/>\n<meta property=\"og:site_name\" content=\"LEHRERIN SACHSEN\" \/>\n<meta property=\"article:published_time\" content=\"2023-11-23T11:43:05+00:00\" \/>\n<meta property=\"article:modified_time\" content=\"2025-10-10T10:35:10+00:00\" \/>\n<meta property=\"og:image\" content=\"https:\/\/lehrer-werden-in-sachsen.de\/wp-content\/uploads\/2023\/12\/SH1-scaled-e1700739764472.jpg\" \/>\n\t<meta property=\"og:image:width\" content=\"2560\" \/>\n\t<meta property=\"og:image:height\" content=\"1440\" \/>\n\t<meta property=\"og:image:type\" content=\"image\/jpeg\" \/>\n<meta name=\"author\" content=\"Maria Kretschmann\" \/>\n<meta name=\"twitter:card\" content=\"summary_large_image\" \/>\n<meta name=\"twitter:label1\" content=\"Verfasst von\" \/>\n\t<meta name=\"twitter:data1\" content=\"Maria Kretschmann\" \/>\n\t<meta name=\"twitter:label2\" content=\"Gesch\u00e4tzte Lesezeit\" \/>\n\t<meta name=\"twitter:data2\" content=\"7\u00a0Minuten\" \/>\n<script type=\"application\/ld+json\" class=\"yoast-schema-graph\">{\"@context\":\"https:\\\/\\\/schema.org\",\"@graph\":[{\"@type\":\"Article\",\"@id\":\"https:\\\/\\\/lehrer-werden-in-sachsen.de\\\/schulhoftraeume-martin-luther-gymnasium-hartha\\\/#article\",\"isPartOf\":{\"@id\":\"https:\\\/\\\/lehrer-werden-in-sachsen.de\\\/schulhoftraeume-martin-luther-gymnasium-hartha\\\/\"},\"author\":{\"name\":\"Maria Kretschmann\",\"@id\":\"https:\\\/\\\/lehrer-werden-in-sachsen.de\\\/#\\\/schema\\\/person\\\/4a127ffcfbf4e52ff0f66dcd7b4a5cc1\"},\"headline\":\"Der Schulhof des Martin-Luther-Gymnasiums Hartha: \u201eBetonw\u00fcste ade \u2013 wir schaffen uns eine gr\u00fcne Oase!\u201c\",\"datePublished\":\"2023-11-23T11:43:05+00:00\",\"dateModified\":\"2025-10-10T10:35:10+00:00\",\"mainEntityOfPage\":{\"@id\":\"https:\\\/\\\/lehrer-werden-in-sachsen.de\\\/schulhoftraeume-martin-luther-gymnasium-hartha\\\/\"},\"wordCount\":1109,\"publisher\":{\"@id\":\"https:\\\/\\\/lehrer-werden-in-sachsen.de\\\/#organization\"},\"image\":{\"@id\":\"https:\\\/\\\/lehrer-werden-in-sachsen.de\\\/schulhoftraeume-martin-luther-gymnasium-hartha\\\/#primaryimage\"},\"thumbnailUrl\":\"https:\\\/\\\/lehrer-werden-in-sachsen.de\\\/stage\\\/wp-content\\\/uploads\\\/2023\\\/12\\\/SH1-scaled-e1700739764472.jpg\",\"keywords\":[\"Gymnasium\",\"Projekt\",\"S\u00e4chsische Regionen\"],\"articleSection\":[\"Blog\"],\"inLanguage\":\"de\"},{\"@type\":\"WebPage\",\"@id\":\"https:\\\/\\\/lehrer-werden-in-sachsen.de\\\/schulhoftraeume-martin-luther-gymnasium-hartha\\\/\",\"url\":\"https:\\\/\\\/lehrer-werden-in-sachsen.de\\\/schulhoftraeume-martin-luther-gymnasium-hartha\\\/\",\"name\":\"LEHRERIN SACHSEN | Schulhoftr\u00e4ume\",\"isPartOf\":{\"@id\":\"https:\\\/\\\/lehrer-werden-in-sachsen.de\\\/#website\"},\"primaryImageOfPage\":{\"@id\":\"https:\\\/\\\/lehrer-werden-in-sachsen.de\\\/schulhoftraeume-martin-luther-gymnasium-hartha\\\/#primaryimage\"},\"image\":{\"@id\":\"https:\\\/\\\/lehrer-werden-in-sachsen.de\\\/schulhoftraeume-martin-luther-gymnasium-hartha\\\/#primaryimage\"},\"thumbnailUrl\":\"https:\\\/\\\/lehrer-werden-in-sachsen.de\\\/stage\\\/wp-content\\\/uploads\\\/2023\\\/12\\\/SH1-scaled-e1700739764472.jpg\",\"datePublished\":\"2023-11-23T11:43:05+00:00\",\"dateModified\":\"2025-10-10T10:35:10+00:00\",\"description\":\"Das Konzept \u201aBetonw\u00fcste ade - wir schaffen uns eine gr\u00fcne Oase\u2018 des Martin-Luther-Gymnasiums Hartha gewinnt bei der Aktion \u201aSchulhoftr\u00e4ume\u2018.\",\"breadcrumb\":{\"@id\":\"https:\\\/\\\/lehrer-werden-in-sachsen.de\\\/schulhoftraeume-martin-luther-gymnasium-hartha\\\/#breadcrumb\"},\"inLanguage\":\"de\",\"potentialAction\":[{\"@type\":\"ReadAction\",\"target\":[\"https:\\\/\\\/lehrer-werden-in-sachsen.de\\\/schulhoftraeume-martin-luther-gymnasium-hartha\\\/\"]}]},{\"@type\":\"ImageObject\",\"inLanguage\":\"de\",\"@id\":\"https:\\\/\\\/lehrer-werden-in-sachsen.de\\\/schulhoftraeume-martin-luther-gymnasium-hartha\\\/#primaryimage\",\"url\":\"https:\\\/\\\/lehrer-werden-in-sachsen.de\\\/stage\\\/wp-content\\\/uploads\\\/2023\\\/12\\\/SH1-scaled-e1700739764472.jpg\",\"contentUrl\":\"https:\\\/\\\/lehrer-werden-in-sachsen.de\\\/stage\\\/wp-content\\\/uploads\\\/2023\\\/12\\\/SH1-scaled-e1700739764472.jpg\",\"width\":2560,\"height\":1440,\"caption\":\"Gruppenfoto von Sch\u00fclern und Erwachsenen mit Schaufeln und einem Banner f\u00fcr ein Schulhofprojekt.\"},{\"@type\":\"BreadcrumbList\",\"@id\":\"https:\\\/\\\/lehrer-werden-in-sachsen.de\\\/schulhoftraeume-martin-luther-gymnasium-hartha\\\/#breadcrumb\",\"itemListElement\":[{\"@type\":\"ListItem\",\"position\":1,\"name\":\"Startseite\",\"item\":\"https:\\\/\\\/lehrer-werden-in-sachsen.de\\\/\"},{\"@type\":\"ListItem\",\"position\":2,\"name\":\"Der Schulhof des Martin-Luther-Gymnasiums Hartha: \u201eBetonw\u00fcste ade \u2013 wir schaffen uns eine gr\u00fcne Oase!\u201c\"}]},{\"@type\":\"WebSite\",\"@id\":\"https:\\\/\\\/lehrer-werden-in-sachsen.de\\\/#website\",\"url\":\"https:\\\/\\\/lehrer-werden-in-sachsen.de\\\/\",\"name\":\"LEHRERIN SACHSEN\",\"description\":\"Eine Klasse f\u00fcr sich.\",\"publisher\":{\"@id\":\"https:\\\/\\\/lehrer-werden-in-sachsen.de\\\/#organization\"},\"potentialAction\":[{\"@type\":\"SearchAction\",\"target\":{\"@type\":\"EntryPoint\",\"urlTemplate\":\"https:\\\/\\\/lehrer-werden-in-sachsen.de\\\/?s={search_term_string}\"},\"query-input\":{\"@type\":\"PropertyValueSpecification\",\"valueRequired\":true,\"valueName\":\"search_term_string\"}}],\"inLanguage\":\"de\"},{\"@type\":\"Organization\",\"@id\":\"https:\\\/\\\/lehrer-werden-in-sachsen.de\\\/#organization\",\"name\":\"LEHRERIN SACHSEN\",\"url\":\"https:\\\/\\\/lehrer-werden-in-sachsen.de\\\/\",\"logo\":{\"@type\":\"ImageObject\",\"inLanguage\":\"de\",\"@id\":\"https:\\\/\\\/lehrer-werden-in-sachsen.de\\\/#\\\/schema\\\/logo\\\/image\\\/\",\"url\":\"https:\\\/\\\/lehrer-werden-in-sachsen.de\\\/stage\\\/wp-content\\\/uploads\\\/2022\\\/02\\\/SMK_Leherin-Sachsen-Marke_RGB_Violett-Orange.svg\",\"contentUrl\":\"https:\\\/\\\/lehrer-werden-in-sachsen.de\\\/stage\\\/wp-content\\\/uploads\\\/2022\\\/02\\\/SMK_Leherin-Sachsen-Marke_RGB_Violett-Orange.svg\",\"caption\":\"LEHRERIN SACHSEN\"},\"image\":{\"@id\":\"https:\\\/\\\/lehrer-werden-in-sachsen.de\\\/#\\\/schema\\\/logo\\\/image\\\/\"}},{\"@type\":\"Person\",\"@id\":\"https:\\\/\\\/lehrer-werden-in-sachsen.de\\\/#\\\/schema\\\/person\\\/4a127ffcfbf4e52ff0f66dcd7b4a5cc1\",\"name\":\"Maria Kretschmann\",\"image\":{\"@type\":\"ImageObject\",\"inLanguage\":\"de\",\"@id\":\"https:\\\/\\\/secure.gravatar.com\\\/avatar\\\/785963a239158e0d036c182ccde6b24c2d0822b83af8ab1b3773045a106114df?s=96&d=mm&r=g\",\"url\":\"https:\\\/\\\/secure.gravatar.com\\\/avatar\\\/785963a239158e0d036c182ccde6b24c2d0822b83af8ab1b3773045a106114df?s=96&d=mm&r=g\",\"contentUrl\":\"https:\\\/\\\/secure.gravatar.com\\\/avatar\\\/785963a239158e0d036c182ccde6b24c2d0822b83af8ab1b3773045a106114df?s=96&d=mm&r=g\",\"caption\":\"Maria Kretschmann\"},\"url\":\"https:\\\/\\\/lehrer-werden-in-sachsen.de\\\/stage\\\/author\\\/maria-kretschmann\\\/\"}]}<\/script>\n<!-- \/ Yoast SEO plugin. -->","yoast_head_json":{"title":"LEHRERIN SACHSEN | Schulhoftr\u00e4ume","description":"Das Konzept \u201aBetonw\u00fcste ade - wir schaffen uns eine gr\u00fcne Oase\u2018 des Martin-Luther-Gymnasiums Hartha gewinnt bei der Aktion \u201aSchulhoftr\u00e4ume\u2018.","robots":{"index":"index","follow":"follow","max-snippet":"max-snippet:-1","max-image-preview":"max-image-preview:large","max-video-preview":"max-video-preview:-1"},"canonical":"https:\/\/lehrer-werden-in-sachsen.de\/schulhoftraeume-martin-luther-gymnasium-hartha\/","og_locale":"de_DE","og_type":"article","og_title":"LEHRERIN SACHSEN | Schulhoftr\u00e4ume","og_description":"Das Konzept \u201aBetonw\u00fcste ade - wir schaffen uns eine gr\u00fcne Oase\u2018 des Martin-Luther-Gymnasiums Hartha gewinnt bei der Aktion \u201aSchulhoftr\u00e4ume\u2018.","og_url":"https:\/\/lehrer-werden-in-sachsen.de\/schulhoftraeume-martin-luther-gymnasium-hartha\/","og_site_name":"LEHRERIN SACHSEN","article_published_time":"2023-11-23T11:43:05+00:00","article_modified_time":"2025-10-10T10:35:10+00:00","og_image":[{"width":2560,"height":1440,"url":"https:\/\/lehrer-werden-in-sachsen.de\/wp-content\/uploads\/2023\/12\/SH1-scaled-e1700739764472.jpg","type":"image\/jpeg"}],"author":"Maria Kretschmann","twitter_card":"summary_large_image","twitter_misc":{"Verfasst von":"Maria Kretschmann","Gesch\u00e4tzte Lesezeit":"7\u00a0Minuten"},"schema":{"@context":"https:\/\/schema.org","@graph":[{"@type":"Article","@id":"https:\/\/lehrer-werden-in-sachsen.de\/schulhoftraeume-martin-luther-gymnasium-hartha\/#article","isPartOf":{"@id":"https:\/\/lehrer-werden-in-sachsen.de\/schulhoftraeume-martin-luther-gymnasium-hartha\/"},"author":{"name":"Maria Kretschmann","@id":"https:\/\/lehrer-werden-in-sachsen.de\/#\/schema\/person\/4a127ffcfbf4e52ff0f66dcd7b4a5cc1"},"headline":"Der Schulhof des Martin-Luther-Gymnasiums Hartha: \u201eBetonw\u00fcste ade \u2013 wir schaffen uns eine gr\u00fcne Oase!\u201c","datePublished":"2023-11-23T11:43:05+00:00","dateModified":"2025-10-10T10:35:10+00:00","mainEntityOfPage":{"@id":"https:\/\/lehrer-werden-in-sachsen.de\/schulhoftraeume-martin-luther-gymnasium-hartha\/"},"wordCount":1109,"publisher":{"@id":"https:\/\/lehrer-werden-in-sachsen.de\/#organization"},"image":{"@id":"https:\/\/lehrer-werden-in-sachsen.de\/schulhoftraeume-martin-luther-gymnasium-hartha\/#primaryimage"},"thumbnailUrl":"https:\/\/lehrer-werden-in-sachsen.de\/stage\/wp-content\/uploads\/2023\/12\/SH1-scaled-e1700739764472.jpg","keywords":["Gymnasium","Projekt","S\u00e4chsische Regionen"],"articleSection":["Blog"],"inLanguage":"de"},{"@type":"WebPage","@id":"https:\/\/lehrer-werden-in-sachsen.de\/schulhoftraeume-martin-luther-gymnasium-hartha\/","url":"https:\/\/lehrer-werden-in-sachsen.de\/schulhoftraeume-martin-luther-gymnasium-hartha\/","name":"LEHRERIN SACHSEN | Schulhoftr\u00e4ume","isPartOf":{"@id":"https:\/\/lehrer-werden-in-sachsen.de\/#website"},"primaryImageOfPage":{"@id":"https:\/\/lehrer-werden-in-sachsen.de\/schulhoftraeume-martin-luther-gymnasium-hartha\/#primaryimage"},"image":{"@id":"https:\/\/lehrer-werden-in-sachsen.de\/schulhoftraeume-martin-luther-gymnasium-hartha\/#primaryimage"},"thumbnailUrl":"https:\/\/lehrer-werden-in-sachsen.de\/stage\/wp-content\/uploads\/2023\/12\/SH1-scaled-e1700739764472.jpg","datePublished":"2023-11-23T11:43:05+00:00","dateModified":"2025-10-10T10:35:10+00:00","description":"Das Konzept \u201aBetonw\u00fcste ade - wir schaffen uns eine gr\u00fcne Oase\u2018 des Martin-Luther-Gymnasiums Hartha gewinnt bei der Aktion \u201aSchulhoftr\u00e4ume\u2018.","breadcrumb":{"@id":"https:\/\/lehrer-werden-in-sachsen.de\/schulhoftraeume-martin-luther-gymnasium-hartha\/#breadcrumb"},"inLanguage":"de","potentialAction":[{"@type":"ReadAction","target":["https:\/\/lehrer-werden-in-sachsen.de\/schulhoftraeume-martin-luther-gymnasium-hartha\/"]}]},{"@type":"ImageObject","inLanguage":"de","@id":"https:\/\/lehrer-werden-in-sachsen.de\/schulhoftraeume-martin-luther-gymnasium-hartha\/#primaryimage","url":"https:\/\/lehrer-werden-in-sachsen.de\/stage\/wp-content\/uploads\/2023\/12\/SH1-scaled-e1700739764472.jpg","contentUrl":"https:\/\/lehrer-werden-in-sachsen.de\/stage\/wp-content\/uploads\/2023\/12\/SH1-scaled-e1700739764472.jpg","width":2560,"height":1440,"caption":"Gruppenfoto von Sch\u00fclern und Erwachsenen mit Schaufeln und einem Banner f\u00fcr ein Schulhofprojekt."},{"@type":"BreadcrumbList","@id":"https:\/\/lehrer-werden-in-sachsen.de\/schulhoftraeume-martin-luther-gymnasium-hartha\/#breadcrumb","itemListElement":[{"@type":"ListItem","position":1,"name":"Startseite","item":"https:\/\/lehrer-werden-in-sachsen.de\/"},{"@type":"ListItem","position":2,"name":"Der Schulhof des Martin-Luther-Gymnasiums Hartha: \u201eBetonw\u00fcste ade \u2013 wir schaffen uns eine gr\u00fcne Oase!\u201c"}]},{"@type":"WebSite","@id":"https:\/\/lehrer-werden-in-sachsen.de\/#website","url":"https:\/\/lehrer-werden-in-sachsen.de\/","name":"LEHRERIN SACHSEN","description":"Eine Klasse f\u00fcr sich.","publisher":{"@id":"https:\/\/lehrer-werden-in-sachsen.de\/#organization"},"potentialAction":[{"@type":"SearchAction","target":{"@type":"EntryPoint","urlTemplate":"https:\/\/lehrer-werden-in-sachsen.de\/?s={search_term_string}"},"query-input":{"@type":"PropertyValueSpecification","valueRequired":true,"valueName":"search_term_string"}}],"inLanguage":"de"},{"@type":"Organization","@id":"https:\/\/lehrer-werden-in-sachsen.de\/#organization","name":"LEHRERIN SACHSEN","url":"https:\/\/lehrer-werden-in-sachsen.de\/","logo":{"@type":"ImageObject","inLanguage":"de","@id":"https:\/\/lehrer-werden-in-sachsen.de\/#\/schema\/logo\/image\/","url":"https:\/\/lehrer-werden-in-sachsen.de\/stage\/wp-content\/uploads\/2022\/02\/SMK_Leherin-Sachsen-Marke_RGB_Violett-Orange.svg","contentUrl":"https:\/\/lehrer-werden-in-sachsen.de\/stage\/wp-content\/uploads\/2022\/02\/SMK_Leherin-Sachsen-Marke_RGB_Violett-Orange.svg","caption":"LEHRERIN SACHSEN"},"image":{"@id":"https:\/\/lehrer-werden-in-sachsen.de\/#\/schema\/logo\/image\/"}},{"@type":"Person","@id":"https:\/\/lehrer-werden-in-sachsen.de\/#\/schema\/person\/4a127ffcfbf4e52ff0f66dcd7b4a5cc1","name":"Maria Kretschmann","image":{"@type":"ImageObject","inLanguage":"de","@id":"https:\/\/secure.gravatar.com\/avatar\/785963a239158e0d036c182ccde6b24c2d0822b83af8ab1b3773045a106114df?s=96&d=mm&r=g","url":"https:\/\/secure.gravatar.com\/avatar\/785963a239158e0d036c182ccde6b24c2d0822b83af8ab1b3773045a106114df?s=96&d=mm&r=g","contentUrl":"https:\/\/secure.gravatar.com\/avatar\/785963a239158e0d036c182ccde6b24c2d0822b83af8ab1b3773045a106114df?s=96&d=mm&r=g","caption":"Maria Kretschmann"},"url":"https:\/\/lehrer-werden-in-sachsen.de\/stage\/author\/maria-kretschmann\/"}]}},"_links":{"self":[{"href":"https:\/\/lehrer-werden-in-sachsen.de\/stage\/wp-json\/wp\/v2\/posts\/14220","targetHints":{"allow":["GET"]}}],"collection":[{"href":"https:\/\/lehrer-werden-in-sachsen.de\/stage\/wp-json\/wp\/v2\/posts"}],"about":[{"href":"https:\/\/lehrer-werden-in-sachsen.de\/stage\/wp-json\/wp\/v2\/types\/post"}],"author":[{"embeddable":true,"href":"https:\/\/lehrer-werden-in-sachsen.de\/stage\/wp-json\/wp\/v2\/users\/13"}],"replies":[{"embeddable":true,"href":"https:\/\/lehrer-werden-in-sachsen.de\/stage\/wp-json\/wp\/v2\/comments?post=14220"}],"version-history":[{"count":26,"href":"https:\/\/lehrer-werden-in-sachsen.de\/stage\/wp-json\/wp\/v2\/posts\/14220\/revisions"}],"predecessor-version":[{"id":23961,"href":"https:\/\/lehrer-werden-in-sachsen.de\/stage\/wp-json\/wp\/v2\/posts\/14220\/revisions\/23961"}],"wp:featuredmedia":[{"embeddable":true,"href":"https:\/\/lehrer-werden-in-sachsen.de\/stage\/wp-json\/wp\/v2\/media\/14204"}],"wp:attachment":[{"href":"https:\/\/lehrer-werden-in-sachsen.de\/stage\/wp-json\/wp\/v2\/media?parent=14220"}],"wp:term":[{"taxonomy":"category","embeddable":true,"href":"https:\/\/lehrer-werden-in-sachsen.de\/stage\/wp-json\/wp\/v2\/categories?post=14220"},{"taxonomy":"post_tag","embeddable":true,"href":"https:\/\/lehrer-werden-in-sachsen.de\/stage\/wp-json\/wp\/v2\/tags?post=14220"}],"curies":[{"name":"wp","href":"https:\/\/api.w.org\/{rel}","templated":true}]}}