{"id":14216,"date":"2023-10-23T11:49:44","date_gmt":"2023-10-23T09:49:44","guid":{"rendered":"https:\/\/lehrer-werden-in-sachsen.de\/stage\/?p=11229"},"modified":"2025-10-10T11:41:56","modified_gmt":"2025-10-10T09:41:56","slug":"das-schulradio-projekt-oberschule-frohburg","status":"publish","type":"post","link":"https:\/\/lehrer-werden-in-sachsen.de\/stage\/das-schulradio-projekt-oberschule-frohburg\/","title":{"rendered":"Das Schulradio-Projekt: Wie ein Musiker zum AG-Leiter wurde"},"content":{"rendered":"\t\t<div data-elementor-type=\"wp-post\" data-elementor-id=\"14216\" class=\"elementor elementor-14216\" data-elementor-post-type=\"post\">\n\t\t\t\t\t\t<section class=\"elementor-section elementor-top-section elementor-element elementor-element-77dc2d3 elementor-section-boxed elementor-section-height-default elementor-section-height-default\" data-id=\"77dc2d3\" data-element_type=\"section\" data-e-type=\"section\">\n\t\t\t\t\t\t<div class=\"elementor-container elementor-column-gap-default\">\n\t\t\t\t\t<div class=\"elementor-column elementor-col-100 elementor-top-column elementor-element elementor-element-db24ebd\" data-id=\"db24ebd\" data-element_type=\"column\" data-e-type=\"column\">\n\t\t\t<div class=\"elementor-widget-wrap elementor-element-populated\">\n\t\t\t\t\t\t<div class=\"elementor-element elementor-element-8cb6e5f elementor-widget elementor-widget-text-editor\" data-id=\"8cb6e5f\" data-element_type=\"widget\" data-e-type=\"widget\" data-widget_type=\"text-editor.default\">\n\t\t\t\t<div class=\"elementor-widget-container\">\n\t\t\t\t\t\t\t\t\t<p><strong>Tino Kulisch, 38, ist Produzent, Komponist und Arrangeur. Sein Spezialgebiet ist die elektronische Musik. Aber egal ob Rock, Punk, Post-Core, Hardcore, Techno, House, Wave oder 80er Synthiepop: Tino hat \u00fcber 20 Jahre B\u00fchnenerfahrung mit verschiedenen musikalischen Genres.<\/strong><\/p><p>Seit Juni 2023 leitet der geb\u00fcrtige Th\u00fcringer eine Beats-Building- und Radio-AG an der <a href=\"https:\/\/schuldatenbank.sachsen.de\/index.php?id=100&amp;institution_key=4430104\" title=\"Oberschule \u201aMaxim Gorki\u2018 Frohburg\" target=\"_blank\" rel=\"noopener\">Oberschule \u201aMaxim Gorki\u2018 Frohburg<\/a> im Landkreis <a href=\"\/sachsen-erleben\/leipzig\/\" title=\"Sachsen erleben - Leipzig\">Leipzig<\/a>. Sein Ziel: den Sch\u00fclerinnen und Sch\u00fclern das Radio und seine Leidenschaft, die elektronische Musik und das Auflegen n\u00e4her zu bringen. Im Interview erz\u00e4hlt er, wie die Idee zur AG entstand, wie man auch au\u00dferhalb des Lehrplans kreativ sein kann und was er sich von angehenden Lehrerinnen und Lehrern w\u00fcnscht.<\/p>\t\t\t\t\t\t\t\t<\/div>\n\t\t\t\t<\/div>\n\t\t\t\t\t<\/div>\n\t\t<\/div>\n\t\t\t\t\t<\/div>\n\t\t<\/section>\n\t\t\t\t<section class=\"elementor-section elementor-top-section elementor-element elementor-element-8220123 elementor-section-boxed elementor-section-height-default elementor-section-height-default\" data-id=\"8220123\" data-element_type=\"section\" data-e-type=\"section\">\n\t\t\t\t\t\t<div class=\"elementor-container elementor-column-gap-default\">\n\t\t\t\t\t<div class=\"elementor-column elementor-col-100 elementor-top-column elementor-element elementor-element-8b4d1ab\" data-id=\"8b4d1ab\" data-element_type=\"column\" data-e-type=\"column\">\n\t\t\t<div class=\"elementor-widget-wrap elementor-element-populated\">\n\t\t\t\t\t\t<div class=\"elementor-element elementor-element-76aeb48 elementor-widget elementor-widget-spacer\" data-id=\"76aeb48\" data-element_type=\"widget\" data-e-type=\"widget\" data-widget_type=\"spacer.default\">\n\t\t\t\t<div class=\"elementor-widget-container\">\n\t\t\t\t\t\t\t<div class=\"elementor-spacer\">\n\t\t\t<div class=\"elementor-spacer-inner\"><\/div>\n\t\t<\/div>\n\t\t\t\t\t\t<\/div>\n\t\t\t\t<\/div>\n\t\t\t\t\t<\/div>\n\t\t<\/div>\n\t\t\t\t\t<\/div>\n\t\t<\/section>\n\t\t\t\t<section class=\"elementor-section elementor-top-section elementor-element elementor-element-8cf9426 elementor-section-boxed elementor-section-height-default elementor-section-height-default\" data-id=\"8cf9426\" data-element_type=\"section\" data-e-type=\"section\">\n\t\t\t\t\t\t<div class=\"elementor-container elementor-column-gap-default\">\n\t\t\t\t\t<div class=\"elementor-column elementor-col-100 elementor-top-column elementor-element elementor-element-8e4ca5f\" data-id=\"8e4ca5f\" data-element_type=\"column\" data-e-type=\"column\">\n\t\t\t<div class=\"elementor-widget-wrap elementor-element-populated\">\n\t\t\t\t\t\t<div class=\"elementor-element elementor-element-3e78b49 elementor-widget elementor-widget-heading\" data-id=\"3e78b49\" data-element_type=\"widget\" data-e-type=\"widget\" data-widget_type=\"heading.default\">\n\t\t\t\t<div class=\"elementor-widget-container\">\n\t\t\t\t\t<h2 class=\"elementor-heading-title elementor-size-default\">Die Geschichte hinter dem Schulradio-Projekt<\/h2>\t\t\t\t<\/div>\n\t\t\t\t<\/div>\n\t\t\t\t\t<\/div>\n\t\t<\/div>\n\t\t\t\t\t<\/div>\n\t\t<\/section>\n\t\t\t\t<section class=\"elementor-section elementor-top-section elementor-element elementor-element-ba83a44 elementor-section-boxed elementor-section-height-default elementor-section-height-default\" data-id=\"ba83a44\" data-element_type=\"section\" data-e-type=\"section\">\n\t\t\t\t\t\t<div class=\"elementor-container elementor-column-gap-default\">\n\t\t\t\t\t<div class=\"elementor-column elementor-col-100 elementor-top-column elementor-element elementor-element-000cc03\" data-id=\"000cc03\" data-element_type=\"column\" data-e-type=\"column\">\n\t\t\t<div class=\"elementor-widget-wrap elementor-element-populated\">\n\t\t\t\t\t\t<div class=\"elementor-element elementor-element-41bf126 elementor-widget elementor-widget-text-editor\" data-id=\"41bf126\" data-element_type=\"widget\" data-e-type=\"widget\" data-widget_type=\"text-editor.default\">\n\t\t\t\t<div class=\"elementor-widget-container\">\n\t\t\t\t\t\t\t\t\t<p>Schon vor der Corona-Pandemie unterrichtete Tino als Honorarkraft Musik an der Oberschule in Frohburg. Die Arbeit mit den Kindern machte ihm viel Spa\u00df. Aufgrund der pandemiebedingten Einschr\u00e4nkungen entschied er sich jedoch, zum Rundfunk zu wechseln. Die Freude am Unterrichten lie\u00df ihn aber nicht los: \u201eIch hatte schnell wieder Lust, mit Kindern zu arbeiten und zu unterrichten, aber ich konnte mir auch nicht vorstellen, wieder ganz Lehrer zu werden\u201c.<\/p><p>Aus dem Wunsch heraus, die allgemeine Medienkompetenz an Schulen zu f\u00f6rdern, entwickelt er schlie\u00dflich ein Konzept f\u00fcr eine Beats-Building- und Radio-AG. Seine ausgereifte Idee stellt er der Schulleitung der OS Frohburg vor &#8211; die ist begeistert und unterst\u00fctzt Tinos Vorhaben, der <a href=\"https:\/\/www.sachsen.de\/\" title=\"sachsen.de\" target=\"_blank\" rel=\"noopener\">Freistaat Sachsen<\/a> stellt die F\u00f6rdermittel bereit. Die Schulradio-AG ist geboren und Tino wird ihr Leiter: \u201eEs ist toll zu sehen, wie meine Arbeit jetzt Fr\u00fcchte tr\u00e4gt. Und das Wichtigste: Die Kinder sind begeistert!\u201c.<\/p><p>Neben der Begeisterung fordert die Arbeit im Schulradio die Sch\u00fclerinnen und Sch\u00fcler aber auch heraus: \u201eSie m\u00fcssen lernen, sich selbst zu organisieren. Sie erstellen eigenst\u00e4ndig Pl\u00e4ne f\u00fcr die Musikredaktion und w\u00e4hlen ganz demokratisch ihre Musikredakteure.\u201c<\/p><p>So bringt Tino seinen AG-Teilnehmern nicht nur Radio und elektronische Musik n\u00e4her, sondern vermittelt ihnen ganz nebenbei wichtige Kompetenzen und macht sie fit f\u00fcr die Zukunft.<\/p>\t\t\t\t\t\t\t\t<\/div>\n\t\t\t\t<\/div>\n\t\t\t\t\t<\/div>\n\t\t<\/div>\n\t\t\t\t\t<\/div>\n\t\t<\/section>\n\t\t\t\t<section class=\"elementor-section elementor-top-section elementor-element elementor-element-bfc38fb elementor-section-boxed elementor-section-height-default elementor-section-height-default\" data-id=\"bfc38fb\" data-element_type=\"section\" data-e-type=\"section\">\n\t\t\t\t\t\t<div class=\"elementor-container elementor-column-gap-default\">\n\t\t\t\t\t<div class=\"elementor-column elementor-col-100 elementor-top-column elementor-element elementor-element-0130cf9\" data-id=\"0130cf9\" data-element_type=\"column\" data-e-type=\"column\">\n\t\t\t<div class=\"elementor-widget-wrap elementor-element-populated\">\n\t\t\t\t\t\t<div class=\"elementor-element elementor-element-a26aeb4 elementor-widget elementor-widget-spacer\" data-id=\"a26aeb4\" data-element_type=\"widget\" data-e-type=\"widget\" data-widget_type=\"spacer.default\">\n\t\t\t\t<div class=\"elementor-widget-container\">\n\t\t\t\t\t\t\t<div class=\"elementor-spacer\">\n\t\t\t<div class=\"elementor-spacer-inner\"><\/div>\n\t\t<\/div>\n\t\t\t\t\t\t<\/div>\n\t\t\t\t<\/div>\n\t\t\t\t\t<\/div>\n\t\t<\/div>\n\t\t\t\t\t<\/div>\n\t\t<\/section>\n\t\t\t\t<section class=\"elementor-section elementor-top-section elementor-element elementor-element-cb0308d elementor-section-boxed elementor-section-height-default elementor-section-height-default\" data-id=\"cb0308d\" data-element_type=\"section\" data-e-type=\"section\">\n\t\t\t\t\t\t<div class=\"elementor-container elementor-column-gap-default\">\n\t\t\t\t\t<div class=\"elementor-column elementor-col-100 elementor-top-column elementor-element elementor-element-d2b2eb0\" data-id=\"d2b2eb0\" data-element_type=\"column\" data-e-type=\"column\">\n\t\t\t<div class=\"elementor-widget-wrap elementor-element-populated\">\n\t\t\t\t\t\t<div class=\"elementor-element elementor-element-20f64b0 elementor-widget elementor-widget-heading\" data-id=\"20f64b0\" data-element_type=\"widget\" data-e-type=\"widget\" data-widget_type=\"heading.default\">\n\t\t\t\t<div class=\"elementor-widget-container\">\n\t\t\t\t\t<h2 class=\"elementor-heading-title elementor-size-default\">Aus einer Idee wird ein Produkt <\/h2>\t\t\t\t<\/div>\n\t\t\t\t<\/div>\n\t\t\t\t\t<\/div>\n\t\t<\/div>\n\t\t\t\t\t<\/div>\n\t\t<\/section>\n\t\t\t\t<section class=\"elementor-section elementor-top-section elementor-element elementor-element-0262f42 elementor-section-boxed elementor-section-height-default elementor-section-height-default\" data-id=\"0262f42\" data-element_type=\"section\" data-e-type=\"section\">\n\t\t\t\t\t\t<div class=\"elementor-container elementor-column-gap-default\">\n\t\t\t\t\t<div class=\"elementor-column elementor-col-100 elementor-top-column elementor-element elementor-element-48b0f02\" data-id=\"48b0f02\" data-element_type=\"column\" data-e-type=\"column\">\n\t\t\t<div class=\"elementor-widget-wrap elementor-element-populated\">\n\t\t\t\t\t\t<div class=\"elementor-element elementor-element-280267d elementor-widget elementor-widget-text-editor\" data-id=\"280267d\" data-element_type=\"widget\" data-e-type=\"widget\" data-widget_type=\"text-editor.default\">\n\t\t\t\t<div class=\"elementor-widget-container\">\n\t\t\t\t\t\t\t\t\t<p>Nach einem erfolgreichen Projektstart an der OS Frohburg kam Tino und seinen Kollegen von der Rundfunkfirma <a href=\"https:\/\/www.divicon-media.com\/\" title=\"DIVICON MEDIA\" target=\"_blank\" rel=\"noopener\">DIVICON MEDIA<\/a> die Idee: Warum nicht aus der Schulradio-AG ein richtiges Produkt entwickeln, das auch an anderen Schulen umgesetzt werden kann?<\/p><p>Tino erkl\u00e4rt das konkrete Ziel: \u201eWir wollen den Sch\u00fclerinnen und Sch\u00fclern in Sachsen wichtige Erfahrungen im multimedialen Bereich vermitteln, die sonst im Lehrplan zu kurz kommen. Au\u00dferdem sollen die Kids durch das Projekt erste journalistische und technische Fertigkeiten erlernen. Kurz: Medienkompetenz neu denken und gemeinsam gestalten!\u201c.<\/p><p>So entstand ein Programm, das die individuelle Umsetzung von Schulradioprojekten erm\u00f6glicht. DIVICON MEDIA unterst\u00fctzt die Schulen bei der Umsetzung: Das Unternehmen stattet sie mit Hard- und Software aus, bietet Workshops f\u00fcr Lehrerinnen und Lehrer an und hilft bei der Erstellung von inhaltlichen Konzepten.<\/p><p>\u201eDas Coole ist, dass aus meiner urspr\u00fcnglichen Idee ein ganz neuer Ansatz entstanden ist\u201c, sagt Tino sichtlich gl\u00fccklich und stolz \u00fcber den Erfolg des Schulradio-Projekts.<\/p>\t\t\t\t\t\t\t\t<\/div>\n\t\t\t\t<\/div>\n\t\t\t\t<div class=\"elementor-element elementor-element-8bb5364 elementor-widget elementor-widget-spacer\" data-id=\"8bb5364\" data-element_type=\"widget\" data-e-type=\"widget\" data-widget_type=\"spacer.default\">\n\t\t\t\t<div class=\"elementor-widget-container\">\n\t\t\t\t\t\t\t<div class=\"elementor-spacer\">\n\t\t\t<div class=\"elementor-spacer-inner\"><\/div>\n\t\t<\/div>\n\t\t\t\t\t\t<\/div>\n\t\t\t\t<\/div>\n\t\t\t\t\t<\/div>\n\t\t<\/div>\n\t\t\t\t\t<\/div>\n\t\t<\/section>\n\t\t\t\t<section class=\"elementor-section elementor-top-section elementor-element elementor-element-92f4839 elementor-section-boxed elementor-section-height-default elementor-section-height-default\" data-id=\"92f4839\" data-element_type=\"section\" data-e-type=\"section\">\n\t\t\t\t\t\t<div class=\"elementor-container elementor-column-gap-default\">\n\t\t\t\t\t<div class=\"elementor-column elementor-col-100 elementor-top-column elementor-element elementor-element-ccd1cba\" data-id=\"ccd1cba\" data-element_type=\"column\" data-e-type=\"column\">\n\t\t\t<div class=\"elementor-widget-wrap elementor-element-populated\">\n\t\t\t\t\t\t<div class=\"elementor-element elementor-element-df5bd85 elementor-widget elementor-widget-heading\" data-id=\"df5bd85\" data-element_type=\"widget\" data-e-type=\"widget\" data-widget_type=\"heading.default\">\n\t\t\t\t<div class=\"elementor-widget-container\">\n\t\t\t\t\t<h2 class=\"elementor-heading-title elementor-size-default\">\u201eIch m\u00f6chte eine Inspiration f\u00fcr andere sein\u201c <\/h2>\t\t\t\t<\/div>\n\t\t\t\t<\/div>\n\t\t\t\t\t<\/div>\n\t\t<\/div>\n\t\t\t\t\t<\/div>\n\t\t<\/section>\n\t\t\t\t<section class=\"elementor-section elementor-top-section elementor-element elementor-element-32cb6f1 elementor-section-boxed elementor-section-height-default elementor-section-height-default\" data-id=\"32cb6f1\" data-element_type=\"section\" data-e-type=\"section\">\n\t\t\t\t\t\t<div class=\"elementor-container elementor-column-gap-default\">\n\t\t\t\t\t<div class=\"elementor-column elementor-col-100 elementor-top-column elementor-element elementor-element-c6d3d8b\" data-id=\"c6d3d8b\" data-element_type=\"column\" data-e-type=\"column\">\n\t\t\t<div class=\"elementor-widget-wrap elementor-element-populated\">\n\t\t\t\t\t\t<div class=\"elementor-element elementor-element-d1603b4 elementor-widget elementor-widget-text-editor\" data-id=\"d1603b4\" data-element_type=\"widget\" data-e-type=\"widget\" data-widget_type=\"text-editor.default\">\n\t\t\t\t<div class=\"elementor-widget-container\">\n\t\t\t\t\t\t\t\t\t<p>F\u00fcr Tino ist das Schulradio-Projekt auch eine pers\u00f6nliche Herzensangelegenheit: \u201eIch m\u00f6chte andere inspirieren, selbst aktiv und kreativ Schule zu gestalten\u201c.<\/p><p>\u00a0<\/p><p>Der leidenschaftliche Musiker hofft, dass sein Ansatz vor allem auch bei angehenden Lehrerinnen und Lehrern Anklang findet:<\/p><p>\u00a0<\/p><p>\u201eEs ist immer sch\u00f6n zu sehen, dass es Menschen gibt, die neben ihren regul\u00e4ren Aufgaben innovative Projekte vorantreiben. Unser Ansatz ist modern und nicht nur f\u00fcr den Unterricht an Schulen, sondern auch f\u00fcr die Ausbildung zuk\u00fcnftiger Lehrer gedacht\u201c, erg\u00e4nzt der AG-Leiter und f\u00fcgt hinzu: \u201eSolche Initiativen bringen frischen Wind in den Unterricht und erweitern den Horizont. Sie k\u00f6nnen dazu beitragen, den Lernprozess sowohl f\u00fcr Lehrerinnen und Lehrer als auch f\u00fcr Sch\u00fclerinnen und Sch\u00fcler inspirierender und motivierender zu gestalten\u201c.<\/p>\t\t\t\t\t\t\t\t<\/div>\n\t\t\t\t<\/div>\n\t\t\t\t\t<\/div>\n\t\t<\/div>\n\t\t\t\t\t<\/div>\n\t\t<\/section>\n\t\t\t\t<section class=\"elementor-section elementor-top-section elementor-element elementor-element-f747a0c elementor-section-boxed elementor-section-height-default elementor-section-height-default\" data-id=\"f747a0c\" data-element_type=\"section\" data-e-type=\"section\">\n\t\t\t\t\t\t<div class=\"elementor-container elementor-column-gap-default\">\n\t\t\t\t\t<div class=\"elementor-column elementor-col-100 elementor-top-column elementor-element elementor-element-92a87c4\" data-id=\"92a87c4\" data-element_type=\"column\" data-e-type=\"column\">\n\t\t\t<div class=\"elementor-widget-wrap elementor-element-populated\">\n\t\t\t\t\t\t<div class=\"elementor-element elementor-element-e62303d elementor-widget elementor-widget-spacer\" data-id=\"e62303d\" data-element_type=\"widget\" data-e-type=\"widget\" data-widget_type=\"spacer.default\">\n\t\t\t\t<div class=\"elementor-widget-container\">\n\t\t\t\t\t\t\t<div class=\"elementor-spacer\">\n\t\t\t<div class=\"elementor-spacer-inner\"><\/div>\n\t\t<\/div>\n\t\t\t\t\t\t<\/div>\n\t\t\t\t<\/div>\n\t\t\t\t\t<\/div>\n\t\t<\/div>\n\t\t\t\t\t<\/div>\n\t\t<\/section>\n\t\t\t\t<section class=\"elementor-section elementor-top-section elementor-element elementor-element-0f73298 elementor-section-boxed elementor-section-height-default elementor-section-height-default\" data-id=\"0f73298\" data-element_type=\"section\" data-e-type=\"section\">\n\t\t\t\t\t\t<div class=\"elementor-container elementor-column-gap-default\">\n\t\t\t\t\t<div class=\"elementor-column elementor-col-100 elementor-top-column elementor-element elementor-element-3469fe0\" data-id=\"3469fe0\" data-element_type=\"column\" data-e-type=\"column\">\n\t\t\t<div class=\"elementor-widget-wrap elementor-element-populated\">\n\t\t\t\t\t\t<div class=\"elementor-element elementor-element-d741ab3 elementor-widget elementor-widget-text-editor\" data-id=\"d741ab3\" data-element_type=\"widget\" data-e-type=\"widget\" data-widget_type=\"text-editor.default\">\n\t\t\t\t<div class=\"elementor-widget-container\">\n\t\t\t\t\t\t\t\t\t<p><strong>Zur Person:<\/strong><\/p><p>Tino Kulisch ist neben seiner T\u00e4tigkeit als AG-Leiter Live Trainer von <a href=\"https:\/\/www.ableton.com\/en\/education\/certification-program\/\" title=\"Ableton\" target=\"_blank\" rel=\"noopener\">Ableton<\/a>, eine marktf\u00fchrende Software zur Erstellung elektronischer Musik.<\/p><p>Dar\u00fcber hinaus ist er als Solution Engineer bei der <a href=\"https:\/\/www.divicon-media.com\/\" title=\"DIVICON MEDIA\" target=\"_blank\" rel=\"noopener\">DIVICON MEDIA<\/a> t\u00e4tig: Als Honorardozent am <a href=\"https:\/\/www.sae.edu\/deu\/campuses\/leipzig\/?utm_campaign=SAE-DEU-LEI-SALL-PSE-BRNWR-GGLBRANDSRCH-CDNOTSET-20221128&amp;utm_source=google&amp;utm_medium=cpc&amp;gclid=Cj0KCQjw4bipBhCyARIsAFsieCxc-NKwkPR_yYFzDGk6ygS4ROvxrdEw9lq82lEIMtGX2AMAQNctUJYaAk4GEALw_wcB\" title=\"SAE Institut Leipzig\" target=\"_blank\" rel=\"noopener\">SAE Institut Leipzig<\/a> teilt er sein Wissen und seine Erfahrung mit aufstrebenden K\u00fcnstlerinnen und K\u00fcnstlern sowie Musikproduzentinnen und -produzenten.<\/p><p>Mehr Infos zum Projekt \u201aSchulradio\u2018 der DIVICON MEDIA findet ihr hier: <a href=\"https:\/\/www.divicon-media.com\/schulradio\/\" title=\"Schulradio - DIVICON MEDIA\">Landingpage Schulradio &#8211; DIVICON MEDIA<\/a><\/p>\t\t\t\t\t\t\t\t<\/div>\n\t\t\t\t<\/div>\n\t\t\t\t\t<\/div>\n\t\t<\/div>\n\t\t\t\t\t<\/div>\n\t\t<\/section>\n\t\t\t\t<section class=\"elementor-section elementor-top-section elementor-element elementor-element-32cdc3c elementor-section-boxed elementor-section-height-default elementor-section-height-default\" data-id=\"32cdc3c\" data-element_type=\"section\" data-e-type=\"section\">\n\t\t\t\t\t\t<div class=\"elementor-container elementor-column-gap-default\">\n\t\t\t\t\t<div class=\"elementor-column elementor-col-100 elementor-top-column elementor-element elementor-element-c1cd103\" data-id=\"c1cd103\" data-element_type=\"column\" data-e-type=\"column\">\n\t\t\t<div class=\"elementor-widget-wrap elementor-element-populated\">\n\t\t\t\t\t\t<div class=\"elementor-element elementor-element-98d6a78 elementor-widget elementor-widget-heading\" data-id=\"98d6a78\" data-element_type=\"widget\" data-e-type=\"widget\" data-widget_type=\"heading.default\">\n\t\t\t\t<div class=\"elementor-widget-container\">\n\t\t\t\t\t<h2 class=\"elementor-heading-title elementor-size-default\">Du interessierst dich f\u00fcr Schulen im Leipziger Umland?<\/h2>\t\t\t\t<\/div>\n\t\t\t\t<\/div>\n\t\t\t\t\t<\/div>\n\t\t<\/div>\n\t\t\t\t\t<\/div>\n\t\t<\/section>\n\t\t\t\t<section class=\"elementor-section elementor-top-section elementor-element elementor-element-4ceec11 elementor-section-boxed elementor-section-height-default elementor-section-height-default\" data-id=\"4ceec11\" data-element_type=\"section\" data-e-type=\"section\">\n\t\t\t\t\t\t<div class=\"elementor-container elementor-column-gap-default\">\n\t\t\t\t\t<div class=\"elementor-column elementor-col-100 elementor-top-column elementor-element elementor-element-78b527f\" data-id=\"78b527f\" data-element_type=\"column\" data-e-type=\"column\">\n\t\t\t<div class=\"elementor-widget-wrap elementor-element-populated\">\n\t\t\t\t\t\t<div class=\"elementor-element elementor-element-8a8f4a4 elementor-align-left elementor-widget elementor-widget-button\" data-id=\"8a8f4a4\" data-element_type=\"widget\" data-e-type=\"widget\" data-widget_type=\"button.default\">\n\t\t\t\t<div class=\"elementor-widget-container\">\n\t\t\t\t\t\t\t\t\t<div class=\"elementor-button-wrapper\">\n\t\t\t\t\t<a class=\"elementor-button elementor-button-link elementor-size-sm\" href=\"\/sachsen-erleben\/landkreis-leipzig\/\" target=\"_blank\" title=\"Sachsen erleben - Landkreis Leipzig\">\n\t\t\t\t\t\t<span class=\"elementor-button-content-wrapper\">\n\t\t\t\t\t\t\t\t\t<span class=\"elementor-button-text\">Erfahre alles \u00fcber den Landkreis Leipzig!<\/span>\n\t\t\t\t\t<\/span>\n\t\t\t\t\t<\/a>\n\t\t\t\t<\/div>\n\t\t\t\t\t\t\t\t<\/div>\n\t\t\t\t<\/div>\n\t\t\t\t\t<\/div>\n\t\t<\/div>\n\t\t\t\t\t<\/div>\n\t\t<\/section>\n\t\t\t\t<section class=\"elementor-section elementor-top-section elementor-element elementor-element-38f5e5c elementor-section-boxed elementor-section-height-default elementor-section-height-default\" data-id=\"38f5e5c\" data-element_type=\"section\" data-e-type=\"section\">\n\t\t\t\t\t\t<div class=\"elementor-container elementor-column-gap-default\">\n\t\t\t\t\t<div class=\"elementor-column elementor-col-100 elementor-top-column elementor-element elementor-element-afe1d5d\" data-id=\"afe1d5d\" data-element_type=\"column\" data-e-type=\"column\">\n\t\t\t<div class=\"elementor-widget-wrap elementor-element-populated\">\n\t\t\t\t\t\t<div class=\"elementor-element elementor-element-df8b35b elementor-widget elementor-widget-spacer\" data-id=\"df8b35b\" data-element_type=\"widget\" data-e-type=\"widget\" data-widget_type=\"spacer.default\">\n\t\t\t\t<div class=\"elementor-widget-container\">\n\t\t\t\t\t\t\t<div class=\"elementor-spacer\">\n\t\t\t<div class=\"elementor-spacer-inner\"><\/div>\n\t\t<\/div>\n\t\t\t\t\t\t<\/div>\n\t\t\t\t<\/div>\n\t\t\t\t\t<\/div>\n\t\t<\/div>\n\t\t\t\t\t<\/div>\n\t\t<\/section>\n\t\t\t\t<\/div>\n\t\t","protected":false},"excerpt":{"rendered":"<p>Seit Juni leitet Tino Kulisch die Schulradio-AG. Sein Ziel: den Sch\u00fclern das Radio und seine Leidenschaft, die elektronische Musik, n\u00e4her zu bringen.<\/p>\n","protected":false},"author":13,"featured_media":14200,"comment_status":"closed","ping_status":"closed","sticky":false,"template":"","format":"standard","meta":{"footnotes":""},"categories":[46],"tags":[114,204],"class_list":["post-14216","post","type-post","status-publish","format-standard","has-post-thumbnail","hentry","category-blog","tag-oberschule","tag-projekt"],"yoast_head":"<!-- This site is optimized with the Yoast SEO plugin v27.3 - https:\/\/yoast.com\/product\/yoast-seo-wordpress\/ -->\n<title>LEHRERIN SACHSEN | Das Schulradio-Projekt<\/title>\n<meta name=\"description\" content=\"Tino Kulisch leitet eine Schulradio-AG. Sein Ziel: den Sch\u00fclern das Radio und seine Leidenschaft, die elektronische Musik, n\u00e4her zu bringen.\" \/>\n<meta name=\"robots\" content=\"index, follow, max-snippet:-1, max-image-preview:large, max-video-preview:-1\" \/>\n<link rel=\"canonical\" href=\"https:\/\/lehrer-werden-in-sachsen.de\/das-schulradio-projekt-oberschule-frohburg\/\" \/>\n<meta property=\"og:locale\" content=\"de_DE\" \/>\n<meta property=\"og:type\" content=\"article\" \/>\n<meta property=\"og:title\" content=\"LEHRERIN SACHSEN | Das Schulradio-Projekt\" \/>\n<meta property=\"og:description\" content=\"Tino Kulisch leitet eine Schulradio-AG. Sein Ziel: den Sch\u00fclern das Radio und seine Leidenschaft, die elektronische Musik, n\u00e4her zu bringen.\" \/>\n<meta property=\"og:url\" content=\"https:\/\/lehrer-werden-in-sachsen.de\/das-schulradio-projekt-oberschule-frohburg\/\" \/>\n<meta property=\"og:site_name\" content=\"LEHRERIN SACHSEN\" \/>\n<meta property=\"article:published_time\" content=\"2023-10-23T09:49:44+00:00\" \/>\n<meta property=\"article:modified_time\" content=\"2025-10-10T09:41:56+00:00\" \/>\n<meta property=\"og:image\" content=\"https:\/\/lehrer-werden-in-sachsen.de\/wp-content\/uploads\/2023\/12\/Kulisch_Schulradio_AG_Maxim-Gorki-1024x768.jpg\" \/>\n\t<meta property=\"og:image:width\" content=\"1024\" \/>\n\t<meta property=\"og:image:height\" content=\"768\" \/>\n\t<meta property=\"og:image:type\" content=\"image\/jpeg\" \/>\n<meta name=\"author\" content=\"Maria Kretschmann\" \/>\n<meta name=\"twitter:card\" content=\"summary_large_image\" \/>\n<meta name=\"twitter:label1\" content=\"Verfasst von\" \/>\n\t<meta name=\"twitter:data1\" content=\"Maria Kretschmann\" \/>\n\t<meta name=\"twitter:label2\" content=\"Gesch\u00e4tzte Lesezeit\" \/>\n\t<meta name=\"twitter:data2\" content=\"4\u00a0Minuten\" \/>\n<script type=\"application\/ld+json\" class=\"yoast-schema-graph\">{\"@context\":\"https:\\\/\\\/schema.org\",\"@graph\":[{\"@type\":\"Article\",\"@id\":\"https:\\\/\\\/lehrer-werden-in-sachsen.de\\\/das-schulradio-projekt-oberschule-frohburg\\\/#article\",\"isPartOf\":{\"@id\":\"https:\\\/\\\/lehrer-werden-in-sachsen.de\\\/das-schulradio-projekt-oberschule-frohburg\\\/\"},\"author\":{\"name\":\"Maria Kretschmann\",\"@id\":\"https:\\\/\\\/lehrer-werden-in-sachsen.de\\\/#\\\/schema\\\/person\\\/4a127ffcfbf4e52ff0f66dcd7b4a5cc1\"},\"headline\":\"Das Schulradio-Projekt: Wie ein Musiker zum AG-Leiter wurde\",\"datePublished\":\"2023-10-23T09:49:44+00:00\",\"dateModified\":\"2025-10-10T09:41:56+00:00\",\"mainEntityOfPage\":{\"@id\":\"https:\\\/\\\/lehrer-werden-in-sachsen.de\\\/das-schulradio-projekt-oberschule-frohburg\\\/\"},\"wordCount\":742,\"publisher\":{\"@id\":\"https:\\\/\\\/lehrer-werden-in-sachsen.de\\\/#organization\"},\"image\":{\"@id\":\"https:\\\/\\\/lehrer-werden-in-sachsen.de\\\/das-schulradio-projekt-oberschule-frohburg\\\/#primaryimage\"},\"thumbnailUrl\":\"https:\\\/\\\/lehrer-werden-in-sachsen.de\\\/stage\\\/wp-content\\\/uploads\\\/2023\\\/12\\\/Kulisch_Schulradio_AG_Maxim-Gorki.jpg\",\"keywords\":[\"Oberschule\",\"Projekt\"],\"articleSection\":[\"Blog\"],\"inLanguage\":\"de\"},{\"@type\":\"WebPage\",\"@id\":\"https:\\\/\\\/lehrer-werden-in-sachsen.de\\\/das-schulradio-projekt-oberschule-frohburg\\\/\",\"url\":\"https:\\\/\\\/lehrer-werden-in-sachsen.de\\\/das-schulradio-projekt-oberschule-frohburg\\\/\",\"name\":\"LEHRERIN SACHSEN | Das Schulradio-Projekt\",\"isPartOf\":{\"@id\":\"https:\\\/\\\/lehrer-werden-in-sachsen.de\\\/#website\"},\"primaryImageOfPage\":{\"@id\":\"https:\\\/\\\/lehrer-werden-in-sachsen.de\\\/das-schulradio-projekt-oberschule-frohburg\\\/#primaryimage\"},\"image\":{\"@id\":\"https:\\\/\\\/lehrer-werden-in-sachsen.de\\\/das-schulradio-projekt-oberschule-frohburg\\\/#primaryimage\"},\"thumbnailUrl\":\"https:\\\/\\\/lehrer-werden-in-sachsen.de\\\/stage\\\/wp-content\\\/uploads\\\/2023\\\/12\\\/Kulisch_Schulradio_AG_Maxim-Gorki.jpg\",\"datePublished\":\"2023-10-23T09:49:44+00:00\",\"dateModified\":\"2025-10-10T09:41:56+00:00\",\"description\":\"Tino Kulisch leitet eine Schulradio-AG. Sein Ziel: den Sch\u00fclern das Radio und seine Leidenschaft, die elektronische Musik, n\u00e4her zu bringen.\",\"breadcrumb\":{\"@id\":\"https:\\\/\\\/lehrer-werden-in-sachsen.de\\\/das-schulradio-projekt-oberschule-frohburg\\\/#breadcrumb\"},\"inLanguage\":\"de\",\"potentialAction\":[{\"@type\":\"ReadAction\",\"target\":[\"https:\\\/\\\/lehrer-werden-in-sachsen.de\\\/das-schulradio-projekt-oberschule-frohburg\\\/\"]}]},{\"@type\":\"ImageObject\",\"inLanguage\":\"de\",\"@id\":\"https:\\\/\\\/lehrer-werden-in-sachsen.de\\\/das-schulradio-projekt-oberschule-frohburg\\\/#primaryimage\",\"url\":\"https:\\\/\\\/lehrer-werden-in-sachsen.de\\\/stage\\\/wp-content\\\/uploads\\\/2023\\\/12\\\/Kulisch_Schulradio_AG_Maxim-Gorki.jpg\",\"contentUrl\":\"https:\\\/\\\/lehrer-werden-in-sachsen.de\\\/stage\\\/wp-content\\\/uploads\\\/2023\\\/12\\\/Kulisch_Schulradio_AG_Maxim-Gorki.jpg\",\"width\":2436,\"height\":1827,\"caption\":\"Gruppe von Sch\u00fclern und einem Lehrer in einem Klassenzimmer mit Musikger\u00e4ten f\u00fcr das Schulradio.\"},{\"@type\":\"BreadcrumbList\",\"@id\":\"https:\\\/\\\/lehrer-werden-in-sachsen.de\\\/das-schulradio-projekt-oberschule-frohburg\\\/#breadcrumb\",\"itemListElement\":[{\"@type\":\"ListItem\",\"position\":1,\"name\":\"Startseite\",\"item\":\"https:\\\/\\\/lehrer-werden-in-sachsen.de\\\/\"},{\"@type\":\"ListItem\",\"position\":2,\"name\":\"Das Schulradio-Projekt: Wie ein Musiker zum AG-Leiter wurde\"}]},{\"@type\":\"WebSite\",\"@id\":\"https:\\\/\\\/lehrer-werden-in-sachsen.de\\\/#website\",\"url\":\"https:\\\/\\\/lehrer-werden-in-sachsen.de\\\/\",\"name\":\"LEHRERIN SACHSEN\",\"description\":\"Eine Klasse f\u00fcr sich.\",\"publisher\":{\"@id\":\"https:\\\/\\\/lehrer-werden-in-sachsen.de\\\/#organization\"},\"potentialAction\":[{\"@type\":\"SearchAction\",\"target\":{\"@type\":\"EntryPoint\",\"urlTemplate\":\"https:\\\/\\\/lehrer-werden-in-sachsen.de\\\/?s={search_term_string}\"},\"query-input\":{\"@type\":\"PropertyValueSpecification\",\"valueRequired\":true,\"valueName\":\"search_term_string\"}}],\"inLanguage\":\"de\"},{\"@type\":\"Organization\",\"@id\":\"https:\\\/\\\/lehrer-werden-in-sachsen.de\\\/#organization\",\"name\":\"LEHRERIN SACHSEN\",\"url\":\"https:\\\/\\\/lehrer-werden-in-sachsen.de\\\/\",\"logo\":{\"@type\":\"ImageObject\",\"inLanguage\":\"de\",\"@id\":\"https:\\\/\\\/lehrer-werden-in-sachsen.de\\\/#\\\/schema\\\/logo\\\/image\\\/\",\"url\":\"https:\\\/\\\/lehrer-werden-in-sachsen.de\\\/stage\\\/wp-content\\\/uploads\\\/2022\\\/02\\\/SMK_Leherin-Sachsen-Marke_RGB_Violett-Orange.svg\",\"contentUrl\":\"https:\\\/\\\/lehrer-werden-in-sachsen.de\\\/stage\\\/wp-content\\\/uploads\\\/2022\\\/02\\\/SMK_Leherin-Sachsen-Marke_RGB_Violett-Orange.svg\",\"caption\":\"LEHRERIN SACHSEN\"},\"image\":{\"@id\":\"https:\\\/\\\/lehrer-werden-in-sachsen.de\\\/#\\\/schema\\\/logo\\\/image\\\/\"}},{\"@type\":\"Person\",\"@id\":\"https:\\\/\\\/lehrer-werden-in-sachsen.de\\\/#\\\/schema\\\/person\\\/4a127ffcfbf4e52ff0f66dcd7b4a5cc1\",\"name\":\"Maria Kretschmann\",\"image\":{\"@type\":\"ImageObject\",\"inLanguage\":\"de\",\"@id\":\"https:\\\/\\\/secure.gravatar.com\\\/avatar\\\/785963a239158e0d036c182ccde6b24c2d0822b83af8ab1b3773045a106114df?s=96&d=mm&r=g\",\"url\":\"https:\\\/\\\/secure.gravatar.com\\\/avatar\\\/785963a239158e0d036c182ccde6b24c2d0822b83af8ab1b3773045a106114df?s=96&d=mm&r=g\",\"contentUrl\":\"https:\\\/\\\/secure.gravatar.com\\\/avatar\\\/785963a239158e0d036c182ccde6b24c2d0822b83af8ab1b3773045a106114df?s=96&d=mm&r=g\",\"caption\":\"Maria Kretschmann\"},\"url\":\"https:\\\/\\\/lehrer-werden-in-sachsen.de\\\/stage\\\/author\\\/maria-kretschmann\\\/\"}]}<\/script>\n<!-- \/ Yoast SEO plugin. -->","yoast_head_json":{"title":"LEHRERIN SACHSEN | Das Schulradio-Projekt","description":"Tino Kulisch leitet eine Schulradio-AG. Sein Ziel: den Sch\u00fclern das Radio und seine Leidenschaft, die elektronische Musik, n\u00e4her zu bringen.","robots":{"index":"index","follow":"follow","max-snippet":"max-snippet:-1","max-image-preview":"max-image-preview:large","max-video-preview":"max-video-preview:-1"},"canonical":"https:\/\/lehrer-werden-in-sachsen.de\/das-schulradio-projekt-oberschule-frohburg\/","og_locale":"de_DE","og_type":"article","og_title":"LEHRERIN SACHSEN | Das Schulradio-Projekt","og_description":"Tino Kulisch leitet eine Schulradio-AG. Sein Ziel: den Sch\u00fclern das Radio und seine Leidenschaft, die elektronische Musik, n\u00e4her zu bringen.","og_url":"https:\/\/lehrer-werden-in-sachsen.de\/das-schulradio-projekt-oberschule-frohburg\/","og_site_name":"LEHRERIN SACHSEN","article_published_time":"2023-10-23T09:49:44+00:00","article_modified_time":"2025-10-10T09:41:56+00:00","og_image":[{"width":1024,"height":768,"url":"https:\/\/lehrer-werden-in-sachsen.de\/wp-content\/uploads\/2023\/12\/Kulisch_Schulradio_AG_Maxim-Gorki-1024x768.jpg","type":"image\/jpeg"}],"author":"Maria Kretschmann","twitter_card":"summary_large_image","twitter_misc":{"Verfasst von":"Maria Kretschmann","Gesch\u00e4tzte Lesezeit":"4\u00a0Minuten"},"schema":{"@context":"https:\/\/schema.org","@graph":[{"@type":"Article","@id":"https:\/\/lehrer-werden-in-sachsen.de\/das-schulradio-projekt-oberschule-frohburg\/#article","isPartOf":{"@id":"https:\/\/lehrer-werden-in-sachsen.de\/das-schulradio-projekt-oberschule-frohburg\/"},"author":{"name":"Maria Kretschmann","@id":"https:\/\/lehrer-werden-in-sachsen.de\/#\/schema\/person\/4a127ffcfbf4e52ff0f66dcd7b4a5cc1"},"headline":"Das Schulradio-Projekt: Wie ein Musiker zum AG-Leiter wurde","datePublished":"2023-10-23T09:49:44+00:00","dateModified":"2025-10-10T09:41:56+00:00","mainEntityOfPage":{"@id":"https:\/\/lehrer-werden-in-sachsen.de\/das-schulradio-projekt-oberschule-frohburg\/"},"wordCount":742,"publisher":{"@id":"https:\/\/lehrer-werden-in-sachsen.de\/#organization"},"image":{"@id":"https:\/\/lehrer-werden-in-sachsen.de\/das-schulradio-projekt-oberschule-frohburg\/#primaryimage"},"thumbnailUrl":"https:\/\/lehrer-werden-in-sachsen.de\/stage\/wp-content\/uploads\/2023\/12\/Kulisch_Schulradio_AG_Maxim-Gorki.jpg","keywords":["Oberschule","Projekt"],"articleSection":["Blog"],"inLanguage":"de"},{"@type":"WebPage","@id":"https:\/\/lehrer-werden-in-sachsen.de\/das-schulradio-projekt-oberschule-frohburg\/","url":"https:\/\/lehrer-werden-in-sachsen.de\/das-schulradio-projekt-oberschule-frohburg\/","name":"LEHRERIN SACHSEN | Das Schulradio-Projekt","isPartOf":{"@id":"https:\/\/lehrer-werden-in-sachsen.de\/#website"},"primaryImageOfPage":{"@id":"https:\/\/lehrer-werden-in-sachsen.de\/das-schulradio-projekt-oberschule-frohburg\/#primaryimage"},"image":{"@id":"https:\/\/lehrer-werden-in-sachsen.de\/das-schulradio-projekt-oberschule-frohburg\/#primaryimage"},"thumbnailUrl":"https:\/\/lehrer-werden-in-sachsen.de\/stage\/wp-content\/uploads\/2023\/12\/Kulisch_Schulradio_AG_Maxim-Gorki.jpg","datePublished":"2023-10-23T09:49:44+00:00","dateModified":"2025-10-10T09:41:56+00:00","description":"Tino Kulisch leitet eine Schulradio-AG. Sein Ziel: den Sch\u00fclern das Radio und seine Leidenschaft, die elektronische Musik, n\u00e4her zu bringen.","breadcrumb":{"@id":"https:\/\/lehrer-werden-in-sachsen.de\/das-schulradio-projekt-oberschule-frohburg\/#breadcrumb"},"inLanguage":"de","potentialAction":[{"@type":"ReadAction","target":["https:\/\/lehrer-werden-in-sachsen.de\/das-schulradio-projekt-oberschule-frohburg\/"]}]},{"@type":"ImageObject","inLanguage":"de","@id":"https:\/\/lehrer-werden-in-sachsen.de\/das-schulradio-projekt-oberschule-frohburg\/#primaryimage","url":"https:\/\/lehrer-werden-in-sachsen.de\/stage\/wp-content\/uploads\/2023\/12\/Kulisch_Schulradio_AG_Maxim-Gorki.jpg","contentUrl":"https:\/\/lehrer-werden-in-sachsen.de\/stage\/wp-content\/uploads\/2023\/12\/Kulisch_Schulradio_AG_Maxim-Gorki.jpg","width":2436,"height":1827,"caption":"Gruppe von Sch\u00fclern und einem Lehrer in einem Klassenzimmer mit Musikger\u00e4ten f\u00fcr das Schulradio."},{"@type":"BreadcrumbList","@id":"https:\/\/lehrer-werden-in-sachsen.de\/das-schulradio-projekt-oberschule-frohburg\/#breadcrumb","itemListElement":[{"@type":"ListItem","position":1,"name":"Startseite","item":"https:\/\/lehrer-werden-in-sachsen.de\/"},{"@type":"ListItem","position":2,"name":"Das Schulradio-Projekt: Wie ein Musiker zum AG-Leiter wurde"}]},{"@type":"WebSite","@id":"https:\/\/lehrer-werden-in-sachsen.de\/#website","url":"https:\/\/lehrer-werden-in-sachsen.de\/","name":"LEHRERIN SACHSEN","description":"Eine Klasse f\u00fcr sich.","publisher":{"@id":"https:\/\/lehrer-werden-in-sachsen.de\/#organization"},"potentialAction":[{"@type":"SearchAction","target":{"@type":"EntryPoint","urlTemplate":"https:\/\/lehrer-werden-in-sachsen.de\/?s={search_term_string}"},"query-input":{"@type":"PropertyValueSpecification","valueRequired":true,"valueName":"search_term_string"}}],"inLanguage":"de"},{"@type":"Organization","@id":"https:\/\/lehrer-werden-in-sachsen.de\/#organization","name":"LEHRERIN SACHSEN","url":"https:\/\/lehrer-werden-in-sachsen.de\/","logo":{"@type":"ImageObject","inLanguage":"de","@id":"https:\/\/lehrer-werden-in-sachsen.de\/#\/schema\/logo\/image\/","url":"https:\/\/lehrer-werden-in-sachsen.de\/stage\/wp-content\/uploads\/2022\/02\/SMK_Leherin-Sachsen-Marke_RGB_Violett-Orange.svg","contentUrl":"https:\/\/lehrer-werden-in-sachsen.de\/stage\/wp-content\/uploads\/2022\/02\/SMK_Leherin-Sachsen-Marke_RGB_Violett-Orange.svg","caption":"LEHRERIN SACHSEN"},"image":{"@id":"https:\/\/lehrer-werden-in-sachsen.de\/#\/schema\/logo\/image\/"}},{"@type":"Person","@id":"https:\/\/lehrer-werden-in-sachsen.de\/#\/schema\/person\/4a127ffcfbf4e52ff0f66dcd7b4a5cc1","name":"Maria Kretschmann","image":{"@type":"ImageObject","inLanguage":"de","@id":"https:\/\/secure.gravatar.com\/avatar\/785963a239158e0d036c182ccde6b24c2d0822b83af8ab1b3773045a106114df?s=96&d=mm&r=g","url":"https:\/\/secure.gravatar.com\/avatar\/785963a239158e0d036c182ccde6b24c2d0822b83af8ab1b3773045a106114df?s=96&d=mm&r=g","contentUrl":"https:\/\/secure.gravatar.com\/avatar\/785963a239158e0d036c182ccde6b24c2d0822b83af8ab1b3773045a106114df?s=96&d=mm&r=g","caption":"Maria Kretschmann"},"url":"https:\/\/lehrer-werden-in-sachsen.de\/stage\/author\/maria-kretschmann\/"}]}},"_links":{"self":[{"href":"https:\/\/lehrer-werden-in-sachsen.de\/stage\/wp-json\/wp\/v2\/posts\/14216","targetHints":{"allow":["GET"]}}],"collection":[{"href":"https:\/\/lehrer-werden-in-sachsen.de\/stage\/wp-json\/wp\/v2\/posts"}],"about":[{"href":"https:\/\/lehrer-werden-in-sachsen.de\/stage\/wp-json\/wp\/v2\/types\/post"}],"author":[{"embeddable":true,"href":"https:\/\/lehrer-werden-in-sachsen.de\/stage\/wp-json\/wp\/v2\/users\/13"}],"replies":[{"embeddable":true,"href":"https:\/\/lehrer-werden-in-sachsen.de\/stage\/wp-json\/wp\/v2\/comments?post=14216"}],"version-history":[{"count":11,"href":"https:\/\/lehrer-werden-in-sachsen.de\/stage\/wp-json\/wp\/v2\/posts\/14216\/revisions"}],"predecessor-version":[{"id":23926,"href":"https:\/\/lehrer-werden-in-sachsen.de\/stage\/wp-json\/wp\/v2\/posts\/14216\/revisions\/23926"}],"wp:featuredmedia":[{"embeddable":true,"href":"https:\/\/lehrer-werden-in-sachsen.de\/stage\/wp-json\/wp\/v2\/media\/14200"}],"wp:attachment":[{"href":"https:\/\/lehrer-werden-in-sachsen.de\/stage\/wp-json\/wp\/v2\/media?parent=14216"}],"wp:term":[{"taxonomy":"category","embeddable":true,"href":"https:\/\/lehrer-werden-in-sachsen.de\/stage\/wp-json\/wp\/v2\/categories?post=14216"},{"taxonomy":"post_tag","embeddable":true,"href":"https:\/\/lehrer-werden-in-sachsen.de\/stage\/wp-json\/wp\/v2\/tags?post=14216"}],"curies":[{"name":"wp","href":"https:\/\/api.w.org\/{rel}","templated":true}]}}