{"id":14214,"date":"2023-08-30T12:06:03","date_gmt":"2023-08-30T10:06:03","guid":{"rendered":"https:\/\/lehrer-werden-in-sachsen.de\/stage\/?p=10969"},"modified":"2025-10-10T11:47:39","modified_gmt":"2025-10-10T09:47:39","slug":"nachhaltige-werbemittel","status":"publish","type":"post","link":"https:\/\/lehrer-werden-in-sachsen.de\/stage\/nachhaltige-werbemittel\/","title":{"rendered":"Nachhaltige Werbemittel: unser Beitrag zu mehr Klimaschutz"},"content":{"rendered":"\t\t<div data-elementor-type=\"wp-post\" data-elementor-id=\"14214\" class=\"elementor elementor-14214\" data-elementor-post-type=\"post\">\n\t\t\t\t\t\t<section class=\"elementor-section elementor-top-section elementor-element elementor-element-ba83a44 elementor-section-boxed elementor-section-height-default elementor-section-height-default\" data-id=\"ba83a44\" data-element_type=\"section\" data-e-type=\"section\">\n\t\t\t\t\t\t<div class=\"elementor-container elementor-column-gap-default\">\n\t\t\t\t\t<div class=\"elementor-column elementor-col-100 elementor-top-column elementor-element elementor-element-000cc03\" data-id=\"000cc03\" data-element_type=\"column\" data-e-type=\"column\">\n\t\t\t<div class=\"elementor-widget-wrap elementor-element-populated\">\n\t\t\t\t\t\t<div class=\"elementor-element elementor-element-41bf126 elementor-widget elementor-widget-text-editor\" data-id=\"41bf126\" data-element_type=\"widget\" data-e-type=\"widget\" data-widget_type=\"text-editor.default\">\n\t\t\t\t<div class=\"elementor-widget-container\">\n\t\t\t\t\t\t\t\t\t<p><strong>Das Ziel unserer Lehrerwerbekampagne ist klar definiert: Menschen f\u00fcr den Lehrerberuf in Sachsen begeistern, um dem akuten Lehrermangel entgegenzuwirken. Um dieses Ziel zu erreichen, ist ein breit angelegtes Marketing unerl\u00e4sslich. Denn so schaffen wir Sichtbarkeit und gewinnen wertvolle Menschen f\u00fcr diesen wunderbaren Beruf. \u00a0<\/strong><\/p><p>\u00a0<\/p><p><span data-contrast=\"none\">Da der Klimawandel auch vor Sachsen nicht Halt macht, stellt sich uns nat\u00fcrlich die Frage: Wie nachhaltig sind wir eigentlich in unseren Werbema\u00dfnahmen? Denn auch wenn Werbemittel ein ehrenwertes Ziel verfolgen, haben sie meist nur eine kurze Lebensdauer und stellen somit eine Belastung f\u00fcr die Umwelt dar. Genau an dieser Schwachstelle setzt das Konzept des Recyclings beziehungsweise Upcyclings an \u2013 ein kreativer und nachhaltiger Ansatz, der nicht nur Deponien entlastet, sondern auch wertvolle Ressourcen einspart und dadurch unsere Natur schont.<\/span><span data-ccp-props=\"{&quot;201341983&quot;:0,&quot;335559739&quot;:160,&quot;335559740&quot;:276}\">\u00a0<\/span><\/p>\t\t\t\t\t\t\t\t<\/div>\n\t\t\t\t<\/div>\n\t\t\t\t\t<\/div>\n\t\t<\/div>\n\t\t\t\t\t<\/div>\n\t\t<\/section>\n\t\t\t\t<section class=\"elementor-section elementor-top-section elementor-element elementor-element-bfc38fb elementor-section-boxed elementor-section-height-default elementor-section-height-default\" data-id=\"bfc38fb\" data-element_type=\"section\" data-e-type=\"section\">\n\t\t\t\t\t\t<div class=\"elementor-container elementor-column-gap-default\">\n\t\t\t\t\t<div class=\"elementor-column elementor-col-100 elementor-top-column elementor-element elementor-element-0130cf9\" data-id=\"0130cf9\" data-element_type=\"column\" data-e-type=\"column\">\n\t\t\t<div class=\"elementor-widget-wrap elementor-element-populated\">\n\t\t\t\t\t\t<div class=\"elementor-element elementor-element-a26aeb4 elementor-widget elementor-widget-spacer\" data-id=\"a26aeb4\" data-element_type=\"widget\" data-e-type=\"widget\" data-widget_type=\"spacer.default\">\n\t\t\t\t<div class=\"elementor-widget-container\">\n\t\t\t\t\t\t\t<div class=\"elementor-spacer\">\n\t\t\t<div class=\"elementor-spacer-inner\"><\/div>\n\t\t<\/div>\n\t\t\t\t\t\t<\/div>\n\t\t\t\t<\/div>\n\t\t\t\t\t<\/div>\n\t\t<\/div>\n\t\t\t\t\t<\/div>\n\t\t<\/section>\n\t\t\t\t<section class=\"elementor-section elementor-top-section elementor-element elementor-element-cb0308d elementor-section-boxed elementor-section-height-default elementor-section-height-default\" data-id=\"cb0308d\" data-element_type=\"section\" data-e-type=\"section\">\n\t\t\t\t\t\t<div class=\"elementor-container elementor-column-gap-default\">\n\t\t\t\t\t<div class=\"elementor-column elementor-col-100 elementor-top-column elementor-element elementor-element-d2b2eb0\" data-id=\"d2b2eb0\" data-element_type=\"column\" data-e-type=\"column\">\n\t\t\t<div class=\"elementor-widget-wrap elementor-element-populated\">\n\t\t\t\t\t\t<div class=\"elementor-element elementor-element-20f64b0 elementor-widget elementor-widget-heading\" data-id=\"20f64b0\" data-element_type=\"widget\" data-e-type=\"widget\" data-widget_type=\"heading.default\">\n\t\t\t\t<div class=\"elementor-widget-container\">\n\t\t\t\t\t<h2 class=\"elementor-heading-title elementor-size-default\">Aus Werbebannern werden Taschen und Federm\u00e4ppchen <\/h2>\t\t\t\t<\/div>\n\t\t\t\t<\/div>\n\t\t\t\t\t<\/div>\n\t\t<\/div>\n\t\t\t\t\t<\/div>\n\t\t<\/section>\n\t\t\t\t<section class=\"elementor-section elementor-top-section elementor-element elementor-element-0262f42 elementor-section-boxed elementor-section-height-default elementor-section-height-default\" data-id=\"0262f42\" data-element_type=\"section\" data-e-type=\"section\">\n\t\t\t\t\t\t<div class=\"elementor-container elementor-column-gap-default\">\n\t\t\t\t\t<div class=\"elementor-column elementor-col-100 elementor-top-column elementor-element elementor-element-48b0f02\" data-id=\"48b0f02\" data-element_type=\"column\" data-e-type=\"column\">\n\t\t\t<div class=\"elementor-widget-wrap elementor-element-populated\">\n\t\t\t\t\t\t<div class=\"elementor-element elementor-element-280267d elementor-widget elementor-widget-text-editor\" data-id=\"280267d\" data-element_type=\"widget\" data-e-type=\"widget\" data-widget_type=\"text-editor.default\">\n\t\t\t\t<div class=\"elementor-widget-container\">\n\t\t\t\t\t\t\t\t\t<p><span data-contrast=\"none\">Zu unseren Marketingma\u00dfnahmen geh\u00f6ren neben n\u00fctzlichem Merch f\u00fcr den Schulalltag und Infomaterial zum Studium auch Werbebanner an \u00f6ffentlichen Orten. Solche Banner haben wie wir zuletzt im <\/span><a href=\"\/winterkampagne\/\" title=\"Werde Lehrer, wo andere Urlaub machen\" target=\"_blank\" rel=\"noopener\"><span data-contrast=\"none\">Winter<\/span><\/a><span data-contrast=\"none\"> in den s\u00e4chsischen Skigebieten platziert. Nach der Wintersaison hatten diese Werbemittel dann aber schnell ausgedient.<\/span><span data-ccp-props=\"{&quot;201341983&quot;:0,&quot;335559739&quot;:160,&quot;335559740&quot;:276}\">\u00a0<\/span><\/p><p><span data-contrast=\"none\">Wir haben uns daraufhin unserer sozialen und \u00f6kologischen Verantwortung gestellt und unseren ausgedienten Bannern aus dem Winter ein neues Leben geschenkt: Entstanden sind neben Umh\u00e4ngetaschen auch Federm\u00e4ppchen f\u00fcr den t\u00e4glichen und hoffentlich dauerhaften Einsatz im Schulalltag. Diese neuen nachhaltigen Werbemittel wurden zudem integrativ in einer <\/span><a href=\"https:\/\/www.lebenshilfe.de\/informieren\/arbeiten\/wie-viel-geld-bekommen-beschaeftigte-in-wfbm\/\" title=\"Lebenshilfe\" target=\"_blank\" rel=\"noopener\"><span data-contrast=\"none\">Werkstatt f\u00fcr behinderte Menschen (WfbM)<\/span><\/a> <span data-contrast=\"none\">zusammengen\u00e4ht. So leisteten unsere Werbebanner nicht nur einen \u00f6kologischen, sondern auch einen sozialen Beitrag. Im Rahmen eines Social Media Gewinnspiels wurden die Upcycling-Produkte p\u00fcnktlich zum Schulbeginn unter allen Teilnehmenden verlost.<\/span><span data-ccp-props=\"{&quot;134233117&quot;:false,&quot;134233118&quot;:false,&quot;201341983&quot;:0,&quot;335551550&quot;:1,&quot;335551620&quot;:1,&quot;335559685&quot;:0,&quot;335559737&quot;:0,&quot;335559738&quot;:0,&quot;335559739&quot;:160,&quot;335559740&quot;:259}\">\u00a0<\/span><\/p><p><span data-contrast=\"none\">Ihr habt davon nichts mitbekommen? So sehen unsere nachhaltigen Schmuckst\u00fccke aus den alten Werbemitteln aus: <\/span><\/p>\t\t\t\t\t\t\t\t<\/div>\n\t\t\t\t<\/div>\n\t\t\t\t<div class=\"elementor-element elementor-element-8bb5364 elementor-widget elementor-widget-spacer\" data-id=\"8bb5364\" data-element_type=\"widget\" data-e-type=\"widget\" data-widget_type=\"spacer.default\">\n\t\t\t\t<div class=\"elementor-widget-container\">\n\t\t\t\t\t\t\t<div class=\"elementor-spacer\">\n\t\t\t<div class=\"elementor-spacer-inner\"><\/div>\n\t\t<\/div>\n\t\t\t\t\t\t<\/div>\n\t\t\t\t<\/div>\n\t\t\t\t\t<\/div>\n\t\t<\/div>\n\t\t\t\t\t<\/div>\n\t\t<\/section>\n\t\t\t\t<section class=\"elementor-section elementor-top-section elementor-element elementor-element-8e57a5e elementor-section-boxed elementor-section-height-default elementor-section-height-default\" data-id=\"8e57a5e\" data-element_type=\"section\" data-e-type=\"section\">\n\t\t\t\t\t\t<div class=\"elementor-container elementor-column-gap-default\">\n\t\t\t\t\t<div class=\"elementor-column elementor-col-50 elementor-top-column elementor-element elementor-element-7102bab\" data-id=\"7102bab\" data-element_type=\"column\" data-e-type=\"column\">\n\t\t\t<div class=\"elementor-widget-wrap elementor-element-populated\">\n\t\t\t\t\t\t<div class=\"elementor-element elementor-element-5c48a9e elementor-widget elementor-widget-image\" data-id=\"5c48a9e\" data-element_type=\"widget\" data-e-type=\"widget\" data-widget_type=\"image.default\">\n\t\t\t\t<div class=\"elementor-widget-container\">\n\t\t\t\t\t\t\t\t\t\t\t\t\t\t\t<img decoding=\"async\" src=\"https:\/\/lehrer-werden-in-sachsen.de\/wp-content\/uploads\/2023\/12\/IMG_0080-scaled-1.jpg\" title=\"\" alt=\"\" loading=\"lazy\" \/>\t\t\t\t\t\t\t\t\t\t\t\t\t\t\t<\/div>\n\t\t\t\t<\/div>\n\t\t\t\t\t<\/div>\n\t\t<\/div>\n\t\t\t\t<div class=\"elementor-column elementor-col-50 elementor-top-column elementor-element elementor-element-07152f7\" data-id=\"07152f7\" data-element_type=\"column\" data-e-type=\"column\">\n\t\t\t<div class=\"elementor-widget-wrap elementor-element-populated\">\n\t\t\t\t\t\t<div class=\"elementor-element elementor-element-415d79a elementor-widget elementor-widget-image\" data-id=\"415d79a\" data-element_type=\"widget\" data-e-type=\"widget\" data-widget_type=\"image.default\">\n\t\t\t\t<div class=\"elementor-widget-container\">\n\t\t\t\t\t\t\t\t\t\t\t\t\t\t\t<img fetchpriority=\"high\" decoding=\"async\" width=\"1024\" height=\"683\" src=\"https:\/\/lehrer-werden-in-sachsen.de\/stage\/wp-content\/uploads\/2023\/12\/IMG_0069-scaled-1-1024x683.jpg\" class=\"attachment-large size-large wp-image-14190\" alt=\"Verschiedene lila und wei\u00dfe Schreibwaren mit Text auf einer Tischoberfl\u00e4che angeordnet.\" srcset=\"https:\/\/lehrer-werden-in-sachsen.de\/stage\/wp-content\/uploads\/2023\/12\/IMG_0069-scaled-1-1024x683.jpg 1024w, https:\/\/lehrer-werden-in-sachsen.de\/stage\/wp-content\/uploads\/2023\/12\/IMG_0069-scaled-1-300x200.jpg 300w, https:\/\/lehrer-werden-in-sachsen.de\/stage\/wp-content\/uploads\/2023\/12\/IMG_0069-scaled-1-768x512.jpg 768w, https:\/\/lehrer-werden-in-sachsen.de\/stage\/wp-content\/uploads\/2023\/12\/IMG_0069-scaled-1-1536x1024.jpg 1536w, https:\/\/lehrer-werden-in-sachsen.de\/stage\/wp-content\/uploads\/2023\/12\/IMG_0069-scaled-1-2048x1366.jpg 2048w\" sizes=\"(max-width: 1024px) 100vw, 1024px\" \/>\t\t\t\t\t\t\t\t\t\t\t\t\t\t\t<\/div>\n\t\t\t\t<\/div>\n\t\t\t\t\t<\/div>\n\t\t<\/div>\n\t\t\t\t\t<\/div>\n\t\t<\/section>\n\t\t\t\t<section class=\"elementor-section elementor-top-section elementor-element elementor-element-f359d11 elementor-section-boxed elementor-section-height-default elementor-section-height-default\" data-id=\"f359d11\" data-element_type=\"section\" data-e-type=\"section\">\n\t\t\t\t\t\t<div class=\"elementor-container elementor-column-gap-default\">\n\t\t\t\t\t<div class=\"elementor-column elementor-col-50 elementor-top-column elementor-element elementor-element-9912323\" data-id=\"9912323\" data-element_type=\"column\" data-e-type=\"column\">\n\t\t\t<div class=\"elementor-widget-wrap elementor-element-populated\">\n\t\t\t\t\t\t<div class=\"elementor-element elementor-element-9ca8d11 elementor-widget elementor-widget-image\" data-id=\"9ca8d11\" data-element_type=\"widget\" data-e-type=\"widget\" data-widget_type=\"image.default\">\n\t\t\t\t<div class=\"elementor-widget-container\">\n\t\t\t\t\t\t\t\t\t\t\t\t\t\t\t<img decoding=\"async\" src=\"https:\/\/lehrer-werden-in-sachsen.de\/wp-content\/uploads\/2023\/12\/IMG_0063-scaled-1.jpg\" title=\"\" alt=\"\" loading=\"lazy\" \/>\t\t\t\t\t\t\t\t\t\t\t\t\t\t\t<\/div>\n\t\t\t\t<\/div>\n\t\t\t\t\t<\/div>\n\t\t<\/div>\n\t\t\t\t<div class=\"elementor-column elementor-col-50 elementor-top-column elementor-element elementor-element-01c704a\" data-id=\"01c704a\" data-element_type=\"column\" data-e-type=\"column\">\n\t\t\t<div class=\"elementor-widget-wrap elementor-element-populated\">\n\t\t\t\t\t\t<div class=\"elementor-element elementor-element-a375f1d elementor-widget elementor-widget-image\" data-id=\"a375f1d\" data-element_type=\"widget\" data-e-type=\"widget\" data-widget_type=\"image.default\">\n\t\t\t\t<div class=\"elementor-widget-container\">\n\t\t\t\t\t\t\t\t\t\t\t\t\t\t\t<img decoding=\"async\" src=\"https:\/\/21-swdc-094.stage.kocmoc.cloud\/wp-content\/uploads\/2023\/08\/IMG_0079-scaled.jpg\" title=\"\" alt=\"\" loading=\"lazy\" \/>\t\t\t\t\t\t\t\t\t\t\t\t\t\t\t<\/div>\n\t\t\t\t<\/div>\n\t\t\t\t\t<\/div>\n\t\t<\/div>\n\t\t\t\t\t<\/div>\n\t\t<\/section>\n\t\t\t\t<\/div>\n\t\t","protected":false},"excerpt":{"rendered":"<p>Da der Klimawandel auch vor Sachsen nicht Halt macht, stellt sich die Frage: Wie nachhaltig sind wir in unseren Werbema\u00dfnahmen? Hier erfahrt ihr es!<\/p>\n","protected":false},"author":13,"featured_media":14189,"comment_status":"closed","ping_status":"closed","sticky":false,"template":"","format":"standard","meta":{"footnotes":""},"categories":[46],"tags":[203,204],"class_list":["post-14214","post","type-post","status-publish","format-standard","has-post-thumbnail","hentry","category-blog","tag-inklusion","tag-projekt"],"yoast_head":"<!-- This site is optimized with the Yoast SEO plugin v27.3 - https:\/\/yoast.com\/product\/yoast-seo-wordpress\/ -->\n<title>LEHRERIN SACHSEN | Nachhaltige Werbemittel<\/title>\n<meta name=\"description\" content=\"Der Klimawandel macht vor Sachsen nicht Halt. Daher stellt sich uns die Frage: Wie nachhaltig sind wir eigentlich in unseren Werbema\u00dfnahmen?\" \/>\n<meta name=\"robots\" content=\"index, follow, max-snippet:-1, max-image-preview:large, max-video-preview:-1\" \/>\n<link rel=\"canonical\" href=\"https:\/\/lehrer-werden-in-sachsen.de\/nachhaltige-werbemittel\/\" \/>\n<meta property=\"og:locale\" content=\"de_DE\" \/>\n<meta property=\"og:type\" content=\"article\" \/>\n<meta property=\"og:title\" content=\"LEHRERIN SACHSEN | Nachhaltige Werbemittel\" \/>\n<meta property=\"og:description\" content=\"Der Klimawandel macht vor Sachsen nicht Halt. Daher stellt sich uns die Frage: Wie nachhaltig sind wir eigentlich in unseren Werbema\u00dfnahmen?\" \/>\n<meta property=\"og:url\" content=\"https:\/\/lehrer-werden-in-sachsen.de\/nachhaltige-werbemittel\/\" \/>\n<meta property=\"og:site_name\" content=\"LEHRERIN SACHSEN\" \/>\n<meta property=\"article:published_time\" content=\"2023-08-30T10:06:03+00:00\" \/>\n<meta property=\"article:modified_time\" content=\"2025-10-10T09:47:39+00:00\" \/>\n<meta property=\"og:image\" content=\"https:\/\/lehrer-werden-in-sachsen.de\/wp-content\/uploads\/2023\/12\/IMG_0079-scaled-1.jpg\" \/>\n\t<meta property=\"og:image:width\" content=\"2560\" \/>\n\t<meta property=\"og:image:height\" content=\"1707\" \/>\n\t<meta property=\"og:image:type\" content=\"image\/jpeg\" \/>\n<meta name=\"author\" content=\"Maria Kretschmann\" \/>\n<meta name=\"twitter:card\" content=\"summary_large_image\" \/>\n<meta name=\"twitter:label1\" content=\"Verfasst von\" \/>\n\t<meta name=\"twitter:data1\" content=\"Maria Kretschmann\" \/>\n\t<meta name=\"twitter:label2\" content=\"Gesch\u00e4tzte Lesezeit\" \/>\n\t<meta name=\"twitter:data2\" content=\"3\u00a0Minuten\" \/>\n<script type=\"application\/ld+json\" class=\"yoast-schema-graph\">{\"@context\":\"https:\\\/\\\/schema.org\",\"@graph\":[{\"@type\":\"Article\",\"@id\":\"https:\\\/\\\/lehrer-werden-in-sachsen.de\\\/nachhaltige-werbemittel\\\/#article\",\"isPartOf\":{\"@id\":\"https:\\\/\\\/lehrer-werden-in-sachsen.de\\\/nachhaltige-werbemittel\\\/\"},\"author\":{\"name\":\"Maria Kretschmann\",\"@id\":\"https:\\\/\\\/lehrer-werden-in-sachsen.de\\\/#\\\/schema\\\/person\\\/4a127ffcfbf4e52ff0f66dcd7b4a5cc1\"},\"headline\":\"Nachhaltige Werbemittel: unser Beitrag zu mehr Klimaschutz\",\"datePublished\":\"2023-08-30T10:06:03+00:00\",\"dateModified\":\"2025-10-10T09:47:39+00:00\",\"mainEntityOfPage\":{\"@id\":\"https:\\\/\\\/lehrer-werden-in-sachsen.de\\\/nachhaltige-werbemittel\\\/\"},\"wordCount\":292,\"publisher\":{\"@id\":\"https:\\\/\\\/lehrer-werden-in-sachsen.de\\\/#organization\"},\"image\":{\"@id\":\"https:\\\/\\\/lehrer-werden-in-sachsen.de\\\/nachhaltige-werbemittel\\\/#primaryimage\"},\"thumbnailUrl\":\"https:\\\/\\\/lehrer-werden-in-sachsen.de\\\/stage\\\/wp-content\\\/uploads\\\/2023\\\/12\\\/IMG_0079-scaled-1.jpg\",\"keywords\":[\"Inklusion\",\"Projekt\"],\"articleSection\":[\"Blog\"],\"inLanguage\":\"de\"},{\"@type\":\"WebPage\",\"@id\":\"https:\\\/\\\/lehrer-werden-in-sachsen.de\\\/nachhaltige-werbemittel\\\/\",\"url\":\"https:\\\/\\\/lehrer-werden-in-sachsen.de\\\/nachhaltige-werbemittel\\\/\",\"name\":\"LEHRERIN SACHSEN | Nachhaltige Werbemittel\",\"isPartOf\":{\"@id\":\"https:\\\/\\\/lehrer-werden-in-sachsen.de\\\/#website\"},\"primaryImageOfPage\":{\"@id\":\"https:\\\/\\\/lehrer-werden-in-sachsen.de\\\/nachhaltige-werbemittel\\\/#primaryimage\"},\"image\":{\"@id\":\"https:\\\/\\\/lehrer-werden-in-sachsen.de\\\/nachhaltige-werbemittel\\\/#primaryimage\"},\"thumbnailUrl\":\"https:\\\/\\\/lehrer-werden-in-sachsen.de\\\/stage\\\/wp-content\\\/uploads\\\/2023\\\/12\\\/IMG_0079-scaled-1.jpg\",\"datePublished\":\"2023-08-30T10:06:03+00:00\",\"dateModified\":\"2025-10-10T09:47:39+00:00\",\"description\":\"Der Klimawandel macht vor Sachsen nicht Halt. Daher stellt sich uns die Frage: Wie nachhaltig sind wir eigentlich in unseren Werbema\u00dfnahmen?\",\"breadcrumb\":{\"@id\":\"https:\\\/\\\/lehrer-werden-in-sachsen.de\\\/nachhaltige-werbemittel\\\/#breadcrumb\"},\"inLanguage\":\"de\",\"potentialAction\":[{\"@type\":\"ReadAction\",\"target\":[\"https:\\\/\\\/lehrer-werden-in-sachsen.de\\\/nachhaltige-werbemittel\\\/\"]}]},{\"@type\":\"ImageObject\",\"inLanguage\":\"de\",\"@id\":\"https:\\\/\\\/lehrer-werden-in-sachsen.de\\\/nachhaltige-werbemittel\\\/#primaryimage\",\"url\":\"https:\\\/\\\/lehrer-werden-in-sachsen.de\\\/stage\\\/wp-content\\\/uploads\\\/2023\\\/12\\\/IMG_0079-scaled-1.jpg\",\"contentUrl\":\"https:\\\/\\\/lehrer-werden-in-sachsen.de\\\/stage\\\/wp-content\\\/uploads\\\/2023\\\/12\\\/IMG_0079-scaled-1.jpg\",\"width\":2560,\"height\":1707,\"caption\":\"Person h\u00e4lt eine lila Tasche mit zwei passenden Zubeh\u00f6rteilen in den H\u00e4nden.\"},{\"@type\":\"BreadcrumbList\",\"@id\":\"https:\\\/\\\/lehrer-werden-in-sachsen.de\\\/nachhaltige-werbemittel\\\/#breadcrumb\",\"itemListElement\":[{\"@type\":\"ListItem\",\"position\":1,\"name\":\"Startseite\",\"item\":\"https:\\\/\\\/lehrer-werden-in-sachsen.de\\\/\"},{\"@type\":\"ListItem\",\"position\":2,\"name\":\"Nachhaltige Werbemittel: unser Beitrag zu mehr Klimaschutz\"}]},{\"@type\":\"WebSite\",\"@id\":\"https:\\\/\\\/lehrer-werden-in-sachsen.de\\\/#website\",\"url\":\"https:\\\/\\\/lehrer-werden-in-sachsen.de\\\/\",\"name\":\"LEHRERIN SACHSEN\",\"description\":\"Eine Klasse f\u00fcr sich.\",\"publisher\":{\"@id\":\"https:\\\/\\\/lehrer-werden-in-sachsen.de\\\/#organization\"},\"potentialAction\":[{\"@type\":\"SearchAction\",\"target\":{\"@type\":\"EntryPoint\",\"urlTemplate\":\"https:\\\/\\\/lehrer-werden-in-sachsen.de\\\/?s={search_term_string}\"},\"query-input\":{\"@type\":\"PropertyValueSpecification\",\"valueRequired\":true,\"valueName\":\"search_term_string\"}}],\"inLanguage\":\"de\"},{\"@type\":\"Organization\",\"@id\":\"https:\\\/\\\/lehrer-werden-in-sachsen.de\\\/#organization\",\"name\":\"LEHRERIN SACHSEN\",\"url\":\"https:\\\/\\\/lehrer-werden-in-sachsen.de\\\/\",\"logo\":{\"@type\":\"ImageObject\",\"inLanguage\":\"de\",\"@id\":\"https:\\\/\\\/lehrer-werden-in-sachsen.de\\\/#\\\/schema\\\/logo\\\/image\\\/\",\"url\":\"https:\\\/\\\/lehrer-werden-in-sachsen.de\\\/stage\\\/wp-content\\\/uploads\\\/2022\\\/02\\\/SMK_Leherin-Sachsen-Marke_RGB_Violett-Orange.svg\",\"contentUrl\":\"https:\\\/\\\/lehrer-werden-in-sachsen.de\\\/stage\\\/wp-content\\\/uploads\\\/2022\\\/02\\\/SMK_Leherin-Sachsen-Marke_RGB_Violett-Orange.svg\",\"caption\":\"LEHRERIN SACHSEN\"},\"image\":{\"@id\":\"https:\\\/\\\/lehrer-werden-in-sachsen.de\\\/#\\\/schema\\\/logo\\\/image\\\/\"}},{\"@type\":\"Person\",\"@id\":\"https:\\\/\\\/lehrer-werden-in-sachsen.de\\\/#\\\/schema\\\/person\\\/4a127ffcfbf4e52ff0f66dcd7b4a5cc1\",\"name\":\"Maria Kretschmann\",\"image\":{\"@type\":\"ImageObject\",\"inLanguage\":\"de\",\"@id\":\"https:\\\/\\\/secure.gravatar.com\\\/avatar\\\/785963a239158e0d036c182ccde6b24c2d0822b83af8ab1b3773045a106114df?s=96&d=mm&r=g\",\"url\":\"https:\\\/\\\/secure.gravatar.com\\\/avatar\\\/785963a239158e0d036c182ccde6b24c2d0822b83af8ab1b3773045a106114df?s=96&d=mm&r=g\",\"contentUrl\":\"https:\\\/\\\/secure.gravatar.com\\\/avatar\\\/785963a239158e0d036c182ccde6b24c2d0822b83af8ab1b3773045a106114df?s=96&d=mm&r=g\",\"caption\":\"Maria Kretschmann\"},\"url\":\"https:\\\/\\\/lehrer-werden-in-sachsen.de\\\/stage\\\/author\\\/maria-kretschmann\\\/\"}]}<\/script>\n<!-- \/ Yoast SEO plugin. -->","yoast_head_json":{"title":"LEHRERIN SACHSEN | Nachhaltige Werbemittel","description":"Der Klimawandel macht vor Sachsen nicht Halt. Daher stellt sich uns die Frage: Wie nachhaltig sind wir eigentlich in unseren Werbema\u00dfnahmen?","robots":{"index":"index","follow":"follow","max-snippet":"max-snippet:-1","max-image-preview":"max-image-preview:large","max-video-preview":"max-video-preview:-1"},"canonical":"https:\/\/lehrer-werden-in-sachsen.de\/nachhaltige-werbemittel\/","og_locale":"de_DE","og_type":"article","og_title":"LEHRERIN SACHSEN | Nachhaltige Werbemittel","og_description":"Der Klimawandel macht vor Sachsen nicht Halt. Daher stellt sich uns die Frage: Wie nachhaltig sind wir eigentlich in unseren Werbema\u00dfnahmen?","og_url":"https:\/\/lehrer-werden-in-sachsen.de\/nachhaltige-werbemittel\/","og_site_name":"LEHRERIN SACHSEN","article_published_time":"2023-08-30T10:06:03+00:00","article_modified_time":"2025-10-10T09:47:39+00:00","og_image":[{"width":2560,"height":1707,"url":"https:\/\/lehrer-werden-in-sachsen.de\/wp-content\/uploads\/2023\/12\/IMG_0079-scaled-1.jpg","type":"image\/jpeg"}],"author":"Maria Kretschmann","twitter_card":"summary_large_image","twitter_misc":{"Verfasst von":"Maria Kretschmann","Gesch\u00e4tzte Lesezeit":"3\u00a0Minuten"},"schema":{"@context":"https:\/\/schema.org","@graph":[{"@type":"Article","@id":"https:\/\/lehrer-werden-in-sachsen.de\/nachhaltige-werbemittel\/#article","isPartOf":{"@id":"https:\/\/lehrer-werden-in-sachsen.de\/nachhaltige-werbemittel\/"},"author":{"name":"Maria Kretschmann","@id":"https:\/\/lehrer-werden-in-sachsen.de\/#\/schema\/person\/4a127ffcfbf4e52ff0f66dcd7b4a5cc1"},"headline":"Nachhaltige Werbemittel: unser Beitrag zu mehr Klimaschutz","datePublished":"2023-08-30T10:06:03+00:00","dateModified":"2025-10-10T09:47:39+00:00","mainEntityOfPage":{"@id":"https:\/\/lehrer-werden-in-sachsen.de\/nachhaltige-werbemittel\/"},"wordCount":292,"publisher":{"@id":"https:\/\/lehrer-werden-in-sachsen.de\/#organization"},"image":{"@id":"https:\/\/lehrer-werden-in-sachsen.de\/nachhaltige-werbemittel\/#primaryimage"},"thumbnailUrl":"https:\/\/lehrer-werden-in-sachsen.de\/stage\/wp-content\/uploads\/2023\/12\/IMG_0079-scaled-1.jpg","keywords":["Inklusion","Projekt"],"articleSection":["Blog"],"inLanguage":"de"},{"@type":"WebPage","@id":"https:\/\/lehrer-werden-in-sachsen.de\/nachhaltige-werbemittel\/","url":"https:\/\/lehrer-werden-in-sachsen.de\/nachhaltige-werbemittel\/","name":"LEHRERIN SACHSEN | Nachhaltige Werbemittel","isPartOf":{"@id":"https:\/\/lehrer-werden-in-sachsen.de\/#website"},"primaryImageOfPage":{"@id":"https:\/\/lehrer-werden-in-sachsen.de\/nachhaltige-werbemittel\/#primaryimage"},"image":{"@id":"https:\/\/lehrer-werden-in-sachsen.de\/nachhaltige-werbemittel\/#primaryimage"},"thumbnailUrl":"https:\/\/lehrer-werden-in-sachsen.de\/stage\/wp-content\/uploads\/2023\/12\/IMG_0079-scaled-1.jpg","datePublished":"2023-08-30T10:06:03+00:00","dateModified":"2025-10-10T09:47:39+00:00","description":"Der Klimawandel macht vor Sachsen nicht Halt. Daher stellt sich uns die Frage: Wie nachhaltig sind wir eigentlich in unseren Werbema\u00dfnahmen?","breadcrumb":{"@id":"https:\/\/lehrer-werden-in-sachsen.de\/nachhaltige-werbemittel\/#breadcrumb"},"inLanguage":"de","potentialAction":[{"@type":"ReadAction","target":["https:\/\/lehrer-werden-in-sachsen.de\/nachhaltige-werbemittel\/"]}]},{"@type":"ImageObject","inLanguage":"de","@id":"https:\/\/lehrer-werden-in-sachsen.de\/nachhaltige-werbemittel\/#primaryimage","url":"https:\/\/lehrer-werden-in-sachsen.de\/stage\/wp-content\/uploads\/2023\/12\/IMG_0079-scaled-1.jpg","contentUrl":"https:\/\/lehrer-werden-in-sachsen.de\/stage\/wp-content\/uploads\/2023\/12\/IMG_0079-scaled-1.jpg","width":2560,"height":1707,"caption":"Person h\u00e4lt eine lila Tasche mit zwei passenden Zubeh\u00f6rteilen in den H\u00e4nden."},{"@type":"BreadcrumbList","@id":"https:\/\/lehrer-werden-in-sachsen.de\/nachhaltige-werbemittel\/#breadcrumb","itemListElement":[{"@type":"ListItem","position":1,"name":"Startseite","item":"https:\/\/lehrer-werden-in-sachsen.de\/"},{"@type":"ListItem","position":2,"name":"Nachhaltige Werbemittel: unser Beitrag zu mehr Klimaschutz"}]},{"@type":"WebSite","@id":"https:\/\/lehrer-werden-in-sachsen.de\/#website","url":"https:\/\/lehrer-werden-in-sachsen.de\/","name":"LEHRERIN SACHSEN","description":"Eine Klasse f\u00fcr sich.","publisher":{"@id":"https:\/\/lehrer-werden-in-sachsen.de\/#organization"},"potentialAction":[{"@type":"SearchAction","target":{"@type":"EntryPoint","urlTemplate":"https:\/\/lehrer-werden-in-sachsen.de\/?s={search_term_string}"},"query-input":{"@type":"PropertyValueSpecification","valueRequired":true,"valueName":"search_term_string"}}],"inLanguage":"de"},{"@type":"Organization","@id":"https:\/\/lehrer-werden-in-sachsen.de\/#organization","name":"LEHRERIN SACHSEN","url":"https:\/\/lehrer-werden-in-sachsen.de\/","logo":{"@type":"ImageObject","inLanguage":"de","@id":"https:\/\/lehrer-werden-in-sachsen.de\/#\/schema\/logo\/image\/","url":"https:\/\/lehrer-werden-in-sachsen.de\/stage\/wp-content\/uploads\/2022\/02\/SMK_Leherin-Sachsen-Marke_RGB_Violett-Orange.svg","contentUrl":"https:\/\/lehrer-werden-in-sachsen.de\/stage\/wp-content\/uploads\/2022\/02\/SMK_Leherin-Sachsen-Marke_RGB_Violett-Orange.svg","caption":"LEHRERIN SACHSEN"},"image":{"@id":"https:\/\/lehrer-werden-in-sachsen.de\/#\/schema\/logo\/image\/"}},{"@type":"Person","@id":"https:\/\/lehrer-werden-in-sachsen.de\/#\/schema\/person\/4a127ffcfbf4e52ff0f66dcd7b4a5cc1","name":"Maria Kretschmann","image":{"@type":"ImageObject","inLanguage":"de","@id":"https:\/\/secure.gravatar.com\/avatar\/785963a239158e0d036c182ccde6b24c2d0822b83af8ab1b3773045a106114df?s=96&d=mm&r=g","url":"https:\/\/secure.gravatar.com\/avatar\/785963a239158e0d036c182ccde6b24c2d0822b83af8ab1b3773045a106114df?s=96&d=mm&r=g","contentUrl":"https:\/\/secure.gravatar.com\/avatar\/785963a239158e0d036c182ccde6b24c2d0822b83af8ab1b3773045a106114df?s=96&d=mm&r=g","caption":"Maria Kretschmann"},"url":"https:\/\/lehrer-werden-in-sachsen.de\/stage\/author\/maria-kretschmann\/"}]}},"_links":{"self":[{"href":"https:\/\/lehrer-werden-in-sachsen.de\/stage\/wp-json\/wp\/v2\/posts\/14214","targetHints":{"allow":["GET"]}}],"collection":[{"href":"https:\/\/lehrer-werden-in-sachsen.de\/stage\/wp-json\/wp\/v2\/posts"}],"about":[{"href":"https:\/\/lehrer-werden-in-sachsen.de\/stage\/wp-json\/wp\/v2\/types\/post"}],"author":[{"embeddable":true,"href":"https:\/\/lehrer-werden-in-sachsen.de\/stage\/wp-json\/wp\/v2\/users\/13"}],"replies":[{"embeddable":true,"href":"https:\/\/lehrer-werden-in-sachsen.de\/stage\/wp-json\/wp\/v2\/comments?post=14214"}],"version-history":[{"count":14,"href":"https:\/\/lehrer-werden-in-sachsen.de\/stage\/wp-json\/wp\/v2\/posts\/14214\/revisions"}],"predecessor-version":[{"id":23933,"href":"https:\/\/lehrer-werden-in-sachsen.de\/stage\/wp-json\/wp\/v2\/posts\/14214\/revisions\/23933"}],"wp:featuredmedia":[{"embeddable":true,"href":"https:\/\/lehrer-werden-in-sachsen.de\/stage\/wp-json\/wp\/v2\/media\/14189"}],"wp:attachment":[{"href":"https:\/\/lehrer-werden-in-sachsen.de\/stage\/wp-json\/wp\/v2\/media?parent=14214"}],"wp:term":[{"taxonomy":"category","embeddable":true,"href":"https:\/\/lehrer-werden-in-sachsen.de\/stage\/wp-json\/wp\/v2\/categories?post=14214"},{"taxonomy":"post_tag","embeddable":true,"href":"https:\/\/lehrer-werden-in-sachsen.de\/stage\/wp-json\/wp\/v2\/tags?post=14214"}],"curies":[{"name":"wp","href":"https:\/\/api.w.org\/{rel}","templated":true}]}}