{"id":14213,"date":"2023-08-25T16:11:35","date_gmt":"2023-08-25T14:11:35","guid":{"rendered":"https:\/\/lehrer-werden-in-sachsen.de\/stage\/?p=10834"},"modified":"2025-07-11T14:51:44","modified_gmt":"2025-07-11T12:51:44","slug":"mint-carsten-albert-ueber-die-schoenheit-der-logik","status":"publish","type":"post","link":"https:\/\/lehrer-werden-in-sachsen.de\/stage\/mint-carsten-albert-ueber-die-schoenheit-der-logik\/","title":{"rendered":"MINT: Carsten Albert \u00fcber die Sch\u00f6nheit der Logik"},"content":{"rendered":"\t\t<div data-elementor-type=\"wp-post\" data-elementor-id=\"14213\" class=\"elementor elementor-14213\" data-elementor-post-type=\"post\">\n\t\t\t\t\t\t<section class=\"elementor-section elementor-top-section elementor-element elementor-element-77dc2d3 elementor-section-boxed elementor-section-height-default elementor-section-height-default\" data-id=\"77dc2d3\" data-element_type=\"section\" data-e-type=\"section\">\n\t\t\t\t\t\t<div class=\"elementor-container elementor-column-gap-default\">\n\t\t\t\t\t<div class=\"elementor-column elementor-col-100 elementor-top-column elementor-element elementor-element-db24ebd\" data-id=\"db24ebd\" data-element_type=\"column\" data-e-type=\"column\">\n\t\t\t<div class=\"elementor-widget-wrap elementor-element-populated\">\n\t\t\t\t\t\t<div class=\"elementor-element elementor-element-8cb6e5f elementor-widget elementor-widget-text-editor\" data-id=\"8cb6e5f\" data-element_type=\"widget\" data-e-type=\"widget\" data-widget_type=\"text-editor.default\">\n\t\t\t\t<div class=\"elementor-widget-container\">\n\t\t\t\t\t\t\t\t\t<p><strong>Der Lehrermangel betrifft alle F\u00e4cher und Schularten in Sachsen, doch in einem Bereich ist er besonders dramatisch: den MINT-F\u00e4chern. Und doch gibt es sie, die jungen, frischen und modernen Lehrer, die die Sch\u00f6nheit des logischen Denkens an neue Generationen weitergeben wollen. Einer von ihnen ist Carsten Albert, der gerade am Leibniz-Institut (IFW) in Dresden promoviert. <\/strong><strong>Warum er Physik und Mathematik auf Lehramt studiert hat, aus welchen Gr\u00fcnden Sachsen f\u00fcr ihn als Wohnort alternativlos ist und wie er als erster Lehramtsstudent \u00fcberhaupt den Dresden Excellence Award gewonnen hat, erfahrt ihr hier.<\/strong><\/p>\t\t\t\t\t\t\t\t<\/div>\n\t\t\t\t<\/div>\n\t\t\t\t\t<\/div>\n\t\t<\/div>\n\t\t\t\t\t<\/div>\n\t\t<\/section>\n\t\t\t\t<section class=\"elementor-section elementor-top-section elementor-element elementor-element-8220123 elementor-section-boxed elementor-section-height-default elementor-section-height-default\" data-id=\"8220123\" data-element_type=\"section\" data-e-type=\"section\">\n\t\t\t\t\t\t<div class=\"elementor-container elementor-column-gap-default\">\n\t\t\t\t\t<div class=\"elementor-column elementor-col-100 elementor-top-column elementor-element elementor-element-8b4d1ab\" data-id=\"8b4d1ab\" data-element_type=\"column\" data-e-type=\"column\">\n\t\t\t<div class=\"elementor-widget-wrap elementor-element-populated\">\n\t\t\t\t\t\t<div class=\"elementor-element elementor-element-76aeb48 elementor-widget elementor-widget-spacer\" data-id=\"76aeb48\" data-element_type=\"widget\" data-e-type=\"widget\" data-widget_type=\"spacer.default\">\n\t\t\t\t<div class=\"elementor-widget-container\">\n\t\t\t\t\t\t\t<div class=\"elementor-spacer\">\n\t\t\t<div class=\"elementor-spacer-inner\"><\/div>\n\t\t<\/div>\n\t\t\t\t\t\t<\/div>\n\t\t\t\t<\/div>\n\t\t\t\t\t<\/div>\n\t\t<\/div>\n\t\t\t\t\t<\/div>\n\t\t<\/section>\n\t\t\t\t<section class=\"elementor-section elementor-top-section elementor-element elementor-element-8cf9426 elementor-section-boxed elementor-section-height-default elementor-section-height-default\" data-id=\"8cf9426\" data-element_type=\"section\" data-e-type=\"section\">\n\t\t\t\t\t\t<div class=\"elementor-container elementor-column-gap-default\">\n\t\t\t\t\t<div class=\"elementor-column elementor-col-100 elementor-top-column elementor-element elementor-element-8e4ca5f\" data-id=\"8e4ca5f\" data-element_type=\"column\" data-e-type=\"column\">\n\t\t\t<div class=\"elementor-widget-wrap elementor-element-populated\">\n\t\t\t\t\t\t<div class=\"elementor-element elementor-element-3e78b49 elementor-widget elementor-widget-heading\" data-id=\"3e78b49\" data-element_type=\"widget\" data-e-type=\"widget\" data-widget_type=\"heading.default\">\n\t\t\t\t<div class=\"elementor-widget-container\">\n\t\t\t\t\t<h2 class=\"elementor-heading-title elementor-size-default\">Physik und Mathematik auf Lehramt: Fachliches trifft Soziales <\/h2>\t\t\t\t<\/div>\n\t\t\t\t<\/div>\n\t\t\t\t\t<\/div>\n\t\t<\/div>\n\t\t\t\t\t<\/div>\n\t\t<\/section>\n\t\t\t\t<section class=\"elementor-section elementor-top-section elementor-element elementor-element-ba83a44 elementor-section-boxed elementor-section-height-default elementor-section-height-default\" data-id=\"ba83a44\" data-element_type=\"section\" data-e-type=\"section\">\n\t\t\t\t\t\t<div class=\"elementor-container elementor-column-gap-default\">\n\t\t\t\t\t<div class=\"elementor-column elementor-col-100 elementor-top-column elementor-element elementor-element-000cc03\" data-id=\"000cc03\" data-element_type=\"column\" data-e-type=\"column\">\n\t\t\t<div class=\"elementor-widget-wrap elementor-element-populated\">\n\t\t\t\t\t\t<div class=\"elementor-element elementor-element-41bf126 elementor-widget elementor-widget-text-editor\" data-id=\"41bf126\" data-element_type=\"widget\" data-e-type=\"widget\" data-widget_type=\"text-editor.default\">\n\t\t\t\t<div class=\"elementor-widget-container\">\n\t\t\t\t\t\t\t\t\t<p>Carsten Albert ist ein junger Mann von Mitte 20, der eine angenehme Ruhe ausstrahlt \u2013 und eine sp\u00fcrbare Leidenschaft f\u00fcr seinen Beruf. Im Gespr\u00e4ch \u00fcber sein Lehramtsstudium in den MINT-F\u00e4chern Physik und Mathematik und seine Promotion wird schnell klar: Er wei\u00df, wovon er spricht, wo er herkommt und wohin er will.<\/p><p>Geboren und aufgewachsen im Vogtland, zieht Carsten 2015 in die s\u00e4chsische Landeshauptstadt, um an der <a href=\"https:\/\/tu-dresden.de\/\" title=\"TU Dresden\" target=\"_blank\" rel=\"noopener\">TU Dresden<\/a> Physik zu studieren. Ein Jahr sp\u00e4ter wechselt er an derselben Universit\u00e4t auf Lehramt und w\u00e4hlt Mathematik als zweites Fach: \u201ePhysik hat mich schon immer fasziniert, deshalb habe ich damit angefangen. Mathe und Physik waren schon in der Schule meine Lieblingsf\u00e4cher und ich hatte sie als Leistungskurse. Schon w\u00e4hrend meiner Schulzeit habe ich gerne Pr\u00fcfungsvorbereitungskurse f\u00fcr meine Mitsch\u00fcler abgehalten oder Nachhilfe gegeben.\u201c<\/p><p>Als Carsten im ersten Semester Physik studiert, merkt er schnell, dass ihm die soziale Komponente des Erkl\u00e4rens und die Arbeit mit Kindern und Jugendlichen fehlen. Das Lehramt f\u00fcr Physik und Mathematik war f\u00fcr ihn die perfekte L\u00f6sung, um das Fachliche mit der f\u00fcr ihn wichtigen sozialen Aspekten zu verbinden. Aus fachlichem Interesse schloss Carsten parallel zu seinem Lehramtsstudium den Bachelor in Physik ab.<\/p><p>Und warum <a href=\"\/sachsen-erleben\/dresden\/\" title=\"Sachsen erleben - Dresden\" target=\"_blank\" rel=\"noopener\">Dresden<\/a>? \u201eDaf\u00fcr gab es mehrere Gr\u00fcnde, aber vor allem die N\u00e4he zu meinem Heimatort und meinen Eltern. Die attraktive Stadt und der gute Ruf der Universit\u00e4t waren weitere Faktoren, die f\u00fcr Dresden sprachen.\u201c<\/p><p>Seine Studienzeit in der Elbstadt beschreibt er dank des vielf\u00e4ltigen Kultur- und Freizeitangebots als \u201erundum sch\u00f6n\u201c. Auch die TU Dresden selbst sei empfehlenswert &#8211; vor allem in den F\u00e4chern Mathematik und Physik. \u201eAu\u00dferdem ist Dresden ein florierender Wissenschaftsstandort. Aus all diesen Gr\u00fcnden und wegen meiner aktuell laufenden Promotion steht es aktuell nicht zur Diskussion, die Region zu verlassen\u201c, erg\u00e4nzt der angehende Lehrer.<\/p>\t\t\t\t\t\t\t\t<\/div>\n\t\t\t\t<\/div>\n\t\t\t\t\t<\/div>\n\t\t<\/div>\n\t\t\t\t\t<\/div>\n\t\t<\/section>\n\t\t\t\t<section class=\"elementor-section elementor-top-section elementor-element elementor-element-bfc38fb elementor-section-boxed elementor-section-height-default elementor-section-height-default\" data-id=\"bfc38fb\" data-element_type=\"section\" data-e-type=\"section\">\n\t\t\t\t\t\t<div class=\"elementor-container elementor-column-gap-default\">\n\t\t\t\t\t<div class=\"elementor-column elementor-col-100 elementor-top-column elementor-element elementor-element-0130cf9\" data-id=\"0130cf9\" data-element_type=\"column\" data-e-type=\"column\">\n\t\t\t<div class=\"elementor-widget-wrap elementor-element-populated\">\n\t\t\t\t\t\t<div class=\"elementor-element elementor-element-a26aeb4 elementor-widget elementor-widget-spacer\" data-id=\"a26aeb4\" data-element_type=\"widget\" data-e-type=\"widget\" data-widget_type=\"spacer.default\">\n\t\t\t\t<div class=\"elementor-widget-container\">\n\t\t\t\t\t\t\t<div class=\"elementor-spacer\">\n\t\t\t<div class=\"elementor-spacer-inner\"><\/div>\n\t\t<\/div>\n\t\t\t\t\t\t<\/div>\n\t\t\t\t<\/div>\n\t\t\t\t\t<\/div>\n\t\t<\/div>\n\t\t\t\t\t<\/div>\n\t\t<\/section>\n\t\t\t\t<section class=\"elementor-section elementor-top-section elementor-element elementor-element-cb0308d elementor-section-boxed elementor-section-height-default elementor-section-height-default\" data-id=\"cb0308d\" data-element_type=\"section\" data-e-type=\"section\">\n\t\t\t\t\t\t<div class=\"elementor-container elementor-column-gap-default\">\n\t\t\t\t\t<div class=\"elementor-column elementor-col-100 elementor-top-column elementor-element elementor-element-d2b2eb0\" data-id=\"d2b2eb0\" data-element_type=\"column\" data-e-type=\"column\">\n\t\t\t<div class=\"elementor-widget-wrap elementor-element-populated\">\n\t\t\t\t\t\t<div class=\"elementor-element elementor-element-20f64b0 elementor-widget elementor-widget-heading\" data-id=\"20f64b0\" data-element_type=\"widget\" data-e-type=\"widget\" data-widget_type=\"heading.default\">\n\t\t\t\t<div class=\"elementor-widget-container\">\n\t\t\t\t\t<h2 class=\"elementor-heading-title elementor-size-default\">MINT: L\u00f6sungen f\u00fcr die komplexen Probleme unserer Zeit? <\/h2>\t\t\t\t<\/div>\n\t\t\t\t<\/div>\n\t\t\t\t\t<\/div>\n\t\t<\/div>\n\t\t\t\t\t<\/div>\n\t\t<\/section>\n\t\t\t\t<section class=\"elementor-section elementor-top-section elementor-element elementor-element-0262f42 elementor-section-boxed elementor-section-height-default elementor-section-height-default\" data-id=\"0262f42\" data-element_type=\"section\" data-e-type=\"section\">\n\t\t\t\t\t\t<div class=\"elementor-container elementor-column-gap-default\">\n\t\t\t\t\t<div class=\"elementor-column elementor-col-100 elementor-top-column elementor-element elementor-element-48b0f02\" data-id=\"48b0f02\" data-element_type=\"column\" data-e-type=\"column\">\n\t\t\t<div class=\"elementor-widget-wrap elementor-element-populated\">\n\t\t\t\t\t\t<div class=\"elementor-element elementor-element-280267d elementor-widget elementor-widget-text-editor\" data-id=\"280267d\" data-element_type=\"widget\" data-e-type=\"widget\" data-widget_type=\"text-editor.default\">\n\t\t\t\t<div class=\"elementor-widget-container\">\n\t\t\t\t\t\t\t\t\t<p>An den Naturwissenschaften fasziniert Carsten vor allem \u201edie klare Logik\u201c. Er selbst sei ein strukturierter Denker, was gut zu den F\u00e4chern passe: \u201eSie erfordern das Verst\u00e4ndnis von Konzepten und bieten oft die M\u00f6glichkeit, komplexe Probleme auf grundlegende Prinzipien zur\u00fcckzuf\u00fchren. Es sind keine reinen \u201aAuswendiglernf\u00e4cher\u2018. Das Sch\u00f6ne ist, dass man durch die MINT-F\u00e4cher lernt, dass komplexe Dinge in sich logisch aufgebaut sind.\u201c<\/p><p>\u00a0<\/p><p>Ob Klimawandel, Hungersn\u00f6te oder Bev\u00f6lkerungswachstum: Die jungen Generationen sehen einer Zukunft voller Krisen entgegen. Wo liegen die L\u00f6sungsans\u00e4tze? \u201eZu einem gro\u00dfen Teil in den Inhalten der MINT-F\u00e4cher\u201c, sagt Carsten. Aber warum? Er nennt zwei Hauptgr\u00fcnde:<\/p><p>\u00a0<\/p><p>\u201eErstens sind die MINT-F\u00e4cher eine Art Denkschule. Das gilt vor allem f\u00fcr die Mathematik. Neben dem Lernen von Inhalten geht es darum, wie man Probleme angeht und l\u00f6st. Man erwirbt viele \u00fcbergeordnete F\u00e4higkeiten, die sich nicht nur auf die Inhalte beschr\u00e4nken\u201c, so der angehende Physik- und Mathematiklehrer: \u201eUnd zweitens sind MINT die Basis f\u00fcr alle Technologien von heute und morgen.\u201c<\/p><p>\u00a0<\/p><p>Angesichts der vielf\u00e4ltigen Herausforderungen, vor denen wir stehen, sei ein technologischer Ansatz in vielerlei Hinsicht unverzichtbar: \u201eMINT ist die Basis f\u00fcr diese Technologien.\u201c<\/p>\t\t\t\t\t\t\t\t<\/div>\n\t\t\t\t<\/div>\n\t\t\t\t<div class=\"elementor-element elementor-element-8bb5364 elementor-widget elementor-widget-spacer\" data-id=\"8bb5364\" data-element_type=\"widget\" data-e-type=\"widget\" data-widget_type=\"spacer.default\">\n\t\t\t\t<div class=\"elementor-widget-container\">\n\t\t\t\t\t\t\t<div class=\"elementor-spacer\">\n\t\t\t<div class=\"elementor-spacer-inner\"><\/div>\n\t\t<\/div>\n\t\t\t\t\t\t<\/div>\n\t\t\t\t<\/div>\n\t\t\t\t\t<\/div>\n\t\t<\/div>\n\t\t\t\t\t<\/div>\n\t\t<\/section>\n\t\t\t\t<section class=\"elementor-section elementor-top-section elementor-element elementor-element-92f4839 elementor-section-boxed elementor-section-height-default elementor-section-height-default\" data-id=\"92f4839\" data-element_type=\"section\" data-e-type=\"section\">\n\t\t\t\t\t\t<div class=\"elementor-container elementor-column-gap-default\">\n\t\t\t\t\t<div class=\"elementor-column elementor-col-100 elementor-top-column elementor-element elementor-element-ccd1cba\" data-id=\"ccd1cba\" data-element_type=\"column\" data-e-type=\"column\">\n\t\t\t<div class=\"elementor-widget-wrap elementor-element-populated\">\n\t\t\t\t\t\t<div class=\"elementor-element elementor-element-df5bd85 elementor-widget elementor-widget-heading\" data-id=\"df5bd85\" data-element_type=\"widget\" data-e-type=\"widget\" data-widget_type=\"heading.default\">\n\t\t\t\t<div class=\"elementor-widget-container\">\n\t\t\t\t\t<h2 class=\"elementor-heading-title elementor-size-default\">Wie sich Lehrt\u00e4tigkeit und Bildungsforschung vereinen lassen<\/h2>\t\t\t\t<\/div>\n\t\t\t\t<\/div>\n\t\t\t\t\t<\/div>\n\t\t<\/div>\n\t\t\t\t\t<\/div>\n\t\t<\/section>\n\t\t\t\t<section class=\"elementor-section elementor-top-section elementor-element elementor-element-32cb6f1 elementor-section-boxed elementor-section-height-default elementor-section-height-default\" data-id=\"32cb6f1\" data-element_type=\"section\" data-e-type=\"section\">\n\t\t\t\t\t\t<div class=\"elementor-container elementor-column-gap-default\">\n\t\t\t\t\t<div class=\"elementor-column elementor-col-100 elementor-top-column elementor-element elementor-element-c6d3d8b\" data-id=\"c6d3d8b\" data-element_type=\"column\" data-e-type=\"column\">\n\t\t\t<div class=\"elementor-widget-wrap elementor-element-populated\">\n\t\t\t\t\t\t<div class=\"elementor-element elementor-element-d1603b4 elementor-widget elementor-widget-text-editor\" data-id=\"d1603b4\" data-element_type=\"widget\" data-e-type=\"widget\" data-widget_type=\"text-editor.default\">\n\t\t\t\t<div class=\"elementor-widget-container\">\n\t\t\t\t\t\t\t\t\t<p>Carstens Leidenschaft f\u00fcr die MINT-F\u00e4cher und den Lehrerberuf spiegelt sich auch in seinem Engagement in diesem Bereich wider: \u201eDie Arbeit im Bildungsbereich macht mir sehr viel Spa\u00df. Ich interessiere mich nicht nur f\u00fcr das Unterrichten, sondern auch f\u00fcr die Forschung.\u201c<\/p><p>Bereits w\u00e4hrend seines Studiums arbeitet Carsten deswegen als studentische Hilfskraft am <a href=\"https:\/\/www.leibniz-gemeinschaft.de\/institute\/leibniz-institute-alle-listen\" title=\"Institute der Leibniz-Gemeinschaft\" target=\"_blank\" rel=\"noopener\">Leibniz-Institut<\/a>* f\u00fcr Festk\u00f6rper- und Werkstoffforschung in der Wissenschaftskommunikation. Nach Carstens Staatsexamen bietet ihm das Institut in einer besonderen Kooperation mit der TU Dresden und dem von Bund und L\u00e4ndern gef\u00f6rderten Exzellenzcluster <a href=\"https:\/\/tu-dresden.de\/tu-dresden\/profil\/exzellenz\/cluster#section-2\" title=\"Exzellenzcluster der TU Dresden\" target=\"_blank\" rel=\"noopener\">ct.qmat<\/a> eine Promotion im Bereich der Bildungsforschung mit dem Schwerpunkt Physikdidaktik an. \u201eNormalerweise steht das Institut f\u00fcr Physik- und Materialforschung, aber indem es die Forschung in diesem Bereich unterst\u00fctzt, f\u00f6rdert es langfristig auch den eigenen wissenschaftlichen Nachwuchs und st\u00e4rkt die Wissenschaftskommunikation.\u201c<\/p><p>Als Forschungsthema hat er sich die Vermittlung von Quantenphysik in der Schule ausgesucht. Das Thema habe er w\u00e4hrend seiner Staatsexamensarbeit entdeckt und als \u00e4u\u00dferst spannend empfunden. Sein Forschungsziel: die Entwicklung eines Lehrkonzepts, um jungen Sch\u00fclern, insbesondere der 9.\u00a0Klasse, die Grundlagen der Quantenphysik zu vermitteln: \u201eDie Chance, die mir das Leibniz-Institut \u00a0zusammen mit der Professur f\u00fcr Didaktik der Physik an der TU Dresden und dem Exzellenzcluster ct.qmat bietet, aktiv an der Gestaltung zuk\u00fcnftiger Bildung mitzuwirken, musste ich daher einfach nutzen. Zumal ich durch meine Forschung mit vielen verschiedenen Schulen zusammenarbeiten kann, was ich bereichernd finde.\u201c<\/p>\t\t\t\t\t\t\t\t<\/div>\n\t\t\t\t<\/div>\n\t\t\t\t\t<\/div>\n\t\t<\/div>\n\t\t\t\t\t<\/div>\n\t\t<\/section>\n\t\t\t\t<section class=\"elementor-section elementor-top-section elementor-element elementor-element-8bd96f2 elementor-section-boxed elementor-section-height-default elementor-section-height-default\" data-id=\"8bd96f2\" data-element_type=\"section\" data-e-type=\"section\">\n\t\t\t\t\t\t<div class=\"elementor-container elementor-column-gap-default\">\n\t\t\t\t\t<div class=\"elementor-column elementor-col-100 elementor-top-column elementor-element elementor-element-715ceb4\" data-id=\"715ceb4\" data-element_type=\"column\" data-e-type=\"column\">\n\t\t\t<div class=\"elementor-widget-wrap elementor-element-populated\">\n\t\t\t\t\t\t<div class=\"elementor-element elementor-element-2847e92 elementor-widget elementor-widget-spacer\" data-id=\"2847e92\" data-element_type=\"widget\" data-e-type=\"widget\" data-widget_type=\"spacer.default\">\n\t\t\t\t<div class=\"elementor-widget-container\">\n\t\t\t\t\t\t\t<div class=\"elementor-spacer\">\n\t\t\t<div class=\"elementor-spacer-inner\"><\/div>\n\t\t<\/div>\n\t\t\t\t\t\t<\/div>\n\t\t\t\t<\/div>\n\t\t\t\t\t<\/div>\n\t\t<\/div>\n\t\t\t\t\t<\/div>\n\t\t<\/section>\n\t\t\t\t<section class=\"elementor-section elementor-top-section elementor-element elementor-element-4ac5d3a elementor-section-boxed elementor-section-height-default elementor-section-height-default\" data-id=\"4ac5d3a\" data-element_type=\"section\" data-e-type=\"section\">\n\t\t\t\t\t\t<div class=\"elementor-container elementor-column-gap-default\">\n\t\t\t\t\t<div class=\"elementor-column elementor-col-100 elementor-top-column elementor-element elementor-element-de67a3d\" data-id=\"de67a3d\" data-element_type=\"column\" data-e-type=\"column\">\n\t\t\t<div class=\"elementor-widget-wrap elementor-element-populated\">\n\t\t\t\t\t\t<div class=\"elementor-element elementor-element-abfbf3e elementor-widget elementor-widget-heading\" data-id=\"abfbf3e\" data-element_type=\"widget\" data-e-type=\"widget\" data-widget_type=\"heading.default\">\n\t\t\t\t<div class=\"elementor-widget-container\">\n\t\t\t\t\t<h2 class=\"elementor-heading-title elementor-size-default\">Wichtiges Zeichen: Die Verleihung des Dresden Excellence Award<\/h2>\t\t\t\t<\/div>\n\t\t\t\t<\/div>\n\t\t\t\t\t<\/div>\n\t\t<\/div>\n\t\t\t\t\t<\/div>\n\t\t<\/section>\n\t\t\t\t<section class=\"elementor-section elementor-top-section elementor-element elementor-element-f747a0c elementor-section-boxed elementor-section-height-default elementor-section-height-default\" data-id=\"f747a0c\" data-element_type=\"section\" data-e-type=\"section\">\n\t\t\t\t\t\t<div class=\"elementor-container elementor-column-gap-default\">\n\t\t\t\t\t<div class=\"elementor-column elementor-col-100 elementor-top-column elementor-element elementor-element-92a87c4\" data-id=\"92a87c4\" data-element_type=\"column\" data-e-type=\"column\">\n\t\t\t<div class=\"elementor-widget-wrap elementor-element-populated\">\n\t\t\t\t\t\t<div class=\"elementor-element elementor-element-d741ab3 elementor-widget elementor-widget-text-editor\" data-id=\"d741ab3\" data-element_type=\"widget\" data-e-type=\"widget\" data-widget_type=\"text-editor.default\">\n\t\t\t\t<div class=\"elementor-widget-container\">\n\t\t\t\t\t\t\t\t\t<p>Carstens Einsatz f\u00fcr die MINT-F\u00e4cher an s\u00e4chsischen Schulen wurde bereits mehrmals ausgezeichnet. Im Fr\u00fchjahr 2023 wurde er vom Dresdner Oberb\u00fcrgermeister Dirk Hilbert mit dem Dresden Excellence Award speziell f\u00fcr seine Abschlussarbeit im ersten Staatsexamen ausgezeichnet: \u201eIch war der erste Lehramtsstudent, der diesen Preis bekommen hat. Das zeigt, dass das Lehramtsstudium, obwohl es manchmal von anderen Studieng\u00e4ngen untersch\u00e4tzt wird, auch fachliche Anerkennung verdient und bekommen kann\u201c, meint Carsten.<\/p><p>Kurz zuvor bekam er die Victor-Klemperer-Urkunde verliehen: Eine Auszeichnung f\u00fcr hervorragende Studienleistungen als einer der besten Absolventen des Studienjahres 2021\/2022 am Zentrum f\u00fcr Lehrerbildung, Schul- und Berufsbildungsforschung (ZLSB), verliehen von der Rektorin der TU Dresden, Prof. Dr. Ursula M. Staudinger.<\/p>\t\t\t\t\t\t\t\t<\/div>\n\t\t\t\t<\/div>\n\t\t\t\t\t<\/div>\n\t\t<\/div>\n\t\t\t\t\t<\/div>\n\t\t<\/section>\n\t\t\t\t<section class=\"elementor-section elementor-top-section elementor-element elementor-element-9289ef7 elementor-section-boxed elementor-section-height-default elementor-section-height-default\" data-id=\"9289ef7\" data-element_type=\"section\" data-e-type=\"section\">\n\t\t\t\t\t\t<div class=\"elementor-container elementor-column-gap-default\">\n\t\t\t\t\t<div class=\"elementor-column elementor-col-100 elementor-top-column elementor-element elementor-element-b7e7f5e\" data-id=\"b7e7f5e\" data-element_type=\"column\" data-e-type=\"column\">\n\t\t\t<div class=\"elementor-widget-wrap elementor-element-populated\">\n\t\t\t\t\t\t<div class=\"elementor-element elementor-element-06e9de7 elementor-widget elementor-widget-spacer\" data-id=\"06e9de7\" data-element_type=\"widget\" data-e-type=\"widget\" data-widget_type=\"spacer.default\">\n\t\t\t\t<div class=\"elementor-widget-container\">\n\t\t\t\t\t\t\t<div class=\"elementor-spacer\">\n\t\t\t<div class=\"elementor-spacer-inner\"><\/div>\n\t\t<\/div>\n\t\t\t\t\t\t<\/div>\n\t\t\t\t<\/div>\n\t\t\t\t\t<\/div>\n\t\t<\/div>\n\t\t\t\t\t<\/div>\n\t\t<\/section>\n\t\t\t\t<section class=\"elementor-section elementor-top-section elementor-element elementor-element-95eac8b elementor-section-boxed elementor-section-height-default elementor-section-height-default\" data-id=\"95eac8b\" data-element_type=\"section\" data-e-type=\"section\">\n\t\t\t\t\t\t<div class=\"elementor-container elementor-column-gap-default\">\n\t\t\t\t\t<div class=\"elementor-column elementor-col-100 elementor-top-column elementor-element elementor-element-2a97138\" data-id=\"2a97138\" data-element_type=\"column\" data-e-type=\"column\">\n\t\t\t<div class=\"elementor-widget-wrap elementor-element-populated\">\n\t\t\t\t\t\t<div class=\"elementor-element elementor-element-6aea941 elementor-widget elementor-widget-heading\" data-id=\"6aea941\" data-element_type=\"widget\" data-e-type=\"widget\" data-widget_type=\"heading.default\">\n\t\t\t\t<div class=\"elementor-widget-container\">\n\t\t\t\t\t<h2 class=\"elementor-heading-title elementor-size-default\">Tipps f\u00fcr das Studium der MINT-F\u00e4cher auf Lehramt <\/h2>\t\t\t\t<\/div>\n\t\t\t\t<\/div>\n\t\t\t\t\t<\/div>\n\t\t<\/div>\n\t\t\t\t\t<\/div>\n\t\t<\/section>\n\t\t\t\t<section class=\"elementor-section elementor-top-section elementor-element elementor-element-d9798dd elementor-section-boxed elementor-section-height-default elementor-section-height-default\" data-id=\"d9798dd\" data-element_type=\"section\" data-e-type=\"section\">\n\t\t\t\t\t\t<div class=\"elementor-container elementor-column-gap-default\">\n\t\t\t\t\t<div class=\"elementor-column elementor-col-100 elementor-top-column elementor-element elementor-element-a7766d3\" data-id=\"a7766d3\" data-element_type=\"column\" data-e-type=\"column\">\n\t\t\t<div class=\"elementor-widget-wrap elementor-element-populated\">\n\t\t\t\t\t\t<div class=\"elementor-element elementor-element-2971f4e elementor-widget elementor-widget-text-editor\" data-id=\"2971f4e\" data-element_type=\"widget\" data-e-type=\"widget\" data-widget_type=\"text-editor.default\">\n\t\t\t\t<div class=\"elementor-widget-container\">\n\t\t\t\t\t\t\t\t\t<p>Ob er einen Tipp f\u00fcr diejenigen hat, die \u00fcber ein MINT-Lehramtsstudium nachdenken? \u201eFr\u00fch \u00fcbt sich! Denn unsere Abbrecherquoten sind ein gro\u00dfes Problem.\u201c Au\u00dferdem sollte man sich dar\u00fcber im Klaren sein, dass die Organisation eine Herausforderung sein kann: \u201eDas Lehramtsstudium sollte nicht untersch\u00e4tzt werden, genauso wie der Lehrerberuf insgesamt nicht untersch\u00e4tzt werden darf\u201c, empfiehlt Carsten: \u201eEs braucht mehr Anerkennung f\u00fcr den Lehrerberuf, aber insbesondere auch f\u00fcr das Studium der MINT-F\u00e4cher auf Lehramt. Das Studium ist durch die Kombination von zwei F\u00e4chern und den Bildungswissenschaften fachlich hoch anspruchsvoll.\u201c<\/p><p>\u00a0<\/p><p>W\u00e4hrend des Studiums hat er selbst bereits an einer benachbarten Schule angefangen, Nachhilfe in Mathematik im GTA-Bereich zu geben. \u201eDas Studium an der Universit\u00e4t bleibt theoretisch, auch wenn es Praktika gibt. Die w\u00f6chentliche Arbeit in der Schule hat mir geholfen, in der Schulpraxis und im Rhythmus des Erkl\u00e4rens zu bleiben.\u201c Die Lehrerschaft sei sehr offen gewesen und habe ihn direkt eingebunden.<\/p><p>\u00a0<\/p><p>Im vergangenen Schuljahr hat er neben dem allgemeinen F\u00f6rderunterricht sogar die Begabtenf\u00f6rderung an dieser Schule \u00fcbernommen. Ab diesem Schuljahr stellt er sich einer neuen Herausforderung und \u00fcbernimmt eine 8. Klasse in Mathematik: \u201eAnstatt des F\u00f6rderunterrichts werde ich nebenberuflich einen regul\u00e4ren Lehrauftrag an einem Dresdner Gymnasium im Rahmen der Unterrichtsversorgung \u00fcbernehmen, um Unterrichtserfahrung zu sammeln\u201c, erz\u00e4hlt Carsten und erg\u00e4nzt: \u201eSo helfe ich au\u00dferdem dabei, den Unterrichtsausfall aufgrund des Lehrermangels zu reduzieren.\u201c<\/p>\t\t\t\t\t\t\t\t<\/div>\n\t\t\t\t<\/div>\n\t\t\t\t\t<\/div>\n\t\t<\/div>\n\t\t\t\t\t<\/div>\n\t\t<\/section>\n\t\t\t\t<section class=\"elementor-section elementor-top-section elementor-element elementor-element-df439d1 elementor-section-boxed elementor-section-height-default elementor-section-height-default\" data-id=\"df439d1\" data-element_type=\"section\" data-e-type=\"section\">\n\t\t\t\t\t\t<div class=\"elementor-container elementor-column-gap-default\">\n\t\t\t\t\t<div class=\"elementor-column elementor-col-100 elementor-top-column elementor-element elementor-element-baf3fa4\" data-id=\"baf3fa4\" data-element_type=\"column\" data-e-type=\"column\">\n\t\t\t<div class=\"elementor-widget-wrap elementor-element-populated\">\n\t\t\t\t\t\t<div class=\"elementor-element elementor-element-7ca1cac elementor-widget elementor-widget-text-editor\" data-id=\"7ca1cac\" data-element_type=\"widget\" data-e-type=\"widget\" data-widget_type=\"text-editor.default\">\n\t\t\t\t<div class=\"elementor-widget-container\">\n\t\t\t\t\t\t\t\t\t<p>* Die Leibniz-Institute sind ein Zusammenschluss von 97 Instituten aus ganz Deutschland, darunter rechtlich, wissenschaftlich und wirtschaftlich selbstst\u00e4ndige Forschungseinrichtungen.<\/p>\t\t\t\t\t\t\t\t<\/div>\n\t\t\t\t<\/div>\n\t\t\t\t\t<\/div>\n\t\t<\/div>\n\t\t\t\t\t<\/div>\n\t\t<\/section>\n\t\t\t\t<section class=\"elementor-section elementor-top-section elementor-element elementor-element-eaa120f elementor-section-boxed elementor-section-height-default elementor-section-height-default\" data-id=\"eaa120f\" data-element_type=\"section\" data-e-type=\"section\">\n\t\t\t\t\t\t<div class=\"elementor-container elementor-column-gap-default\">\n\t\t\t\t\t<div class=\"elementor-column elementor-col-100 elementor-top-column elementor-element elementor-element-89a9b98\" data-id=\"89a9b98\" data-element_type=\"column\" data-e-type=\"column\">\n\t\t\t<div class=\"elementor-widget-wrap elementor-element-populated\">\n\t\t\t\t\t\t\t<\/div>\n\t\t<\/div>\n\t\t\t\t\t<\/div>\n\t\t<\/section>\n\t\t\t\t<section class=\"elementor-section elementor-top-section elementor-element elementor-element-32cdc3c elementor-section-boxed elementor-section-height-default elementor-section-height-default\" data-id=\"32cdc3c\" data-element_type=\"section\" data-e-type=\"section\">\n\t\t\t\t\t\t<div class=\"elementor-container elementor-column-gap-default\">\n\t\t\t\t\t<div class=\"elementor-column elementor-col-100 elementor-top-column elementor-element elementor-element-c1cd103\" data-id=\"c1cd103\" data-element_type=\"column\" data-e-type=\"column\">\n\t\t\t<div class=\"elementor-widget-wrap elementor-element-populated\">\n\t\t\t\t\t\t<div class=\"elementor-element elementor-element-98d6a78 elementor-widget elementor-widget-heading\" data-id=\"98d6a78\" data-element_type=\"widget\" data-e-type=\"widget\" data-widget_type=\"heading.default\">\n\t\t\t\t<div class=\"elementor-widget-container\">\n\t\t\t\t\t<h2 class=\"elementor-heading-title elementor-size-default\">Du interessierst dich f\u00fcr das MINT-Lehramt?<\/h2>\t\t\t\t<\/div>\n\t\t\t\t<\/div>\n\t\t\t\t\t<\/div>\n\t\t<\/div>\n\t\t\t\t\t<\/div>\n\t\t<\/section>\n\t\t\t\t<section class=\"elementor-section elementor-top-section elementor-element elementor-element-4ceec11 elementor-section-boxed elementor-section-height-default elementor-section-height-default\" data-id=\"4ceec11\" data-element_type=\"section\" data-e-type=\"section\">\n\t\t\t\t\t\t<div class=\"elementor-container elementor-column-gap-default\">\n\t\t\t\t\t<div class=\"elementor-column elementor-col-100 elementor-top-column elementor-element elementor-element-78b527f\" data-id=\"78b527f\" data-element_type=\"column\" data-e-type=\"column\">\n\t\t\t<div class=\"elementor-widget-wrap elementor-element-populated\">\n\t\t\t\t\t\t<div class=\"elementor-element elementor-element-8a8f4a4 elementor-align-left elementor-widget elementor-widget-button\" data-id=\"8a8f4a4\" data-element_type=\"widget\" data-e-type=\"widget\" data-widget_type=\"button.default\">\n\t\t\t\t<div class=\"elementor-widget-container\">\n\t\t\t\t\t\t\t\t\t<div class=\"elementor-button-wrapper\">\n\t\t\t\t\t<a class=\"elementor-button elementor-button-link elementor-size-sm\" href=\"\/faecher-abc-m-wie-mathematik-auf-lehramt\/\" target=\"_blank\" title=\"F\u00e4che-ABC Mathematik\">\n\t\t\t\t\t\t<span class=\"elementor-button-content-wrapper\">\n\t\t\t\t\t\t\t\t\t<span class=\"elementor-button-text\">Hier erf\u00e4hrst du alles \u00fcber das Fach Mathematik!<\/span>\n\t\t\t\t\t<\/span>\n\t\t\t\t\t<\/a>\n\t\t\t\t<\/div>\n\t\t\t\t\t\t\t\t<\/div>\n\t\t\t\t<\/div>\n\t\t\t\t\t<\/div>\n\t\t<\/div>\n\t\t\t\t\t<\/div>\n\t\t<\/section>\n\t\t\t\t<section class=\"elementor-section elementor-top-section elementor-element elementor-element-0f73298 elementor-section-boxed elementor-section-height-default elementor-section-height-default\" data-id=\"0f73298\" data-element_type=\"section\" data-e-type=\"section\">\n\t\t\t\t\t\t<div class=\"elementor-container elementor-column-gap-default\">\n\t\t\t\t\t<div class=\"elementor-column elementor-col-100 elementor-top-column elementor-element elementor-element-3469fe0\" data-id=\"3469fe0\" data-element_type=\"column\" data-e-type=\"column\">\n\t\t\t<div class=\"elementor-widget-wrap\">\n\t\t\t\t\t\t\t<\/div>\n\t\t<\/div>\n\t\t\t\t\t<\/div>\n\t\t<\/section>\n\t\t\t\t<\/div>\n\t\t","protected":false},"excerpt":{"rendered":"<p>Der Lehrermangel betrifft alle F\u00e4cher und Schularten in Sachsen, doch in einem Bereich ist er besonders dramatisch: den MINT-F\u00e4chern.  Carsten Albert, der gerade am Leibniz-Institut in Dresden promoviert, hat mit uns \u00fcber die MINT-F\u00e4cher auf Lehramt gesprochen.<\/p>\n","protected":false},"author":13,"featured_media":14174,"comment_status":"closed","ping_status":"closed","sticky":false,"template":"","format":"standard","meta":{"footnotes":""},"categories":[46],"tags":[127],"class_list":["post-14213","post","type-post","status-publish","format-standard","has-post-thumbnail","hentry","category-blog","tag-mint"],"yoast_head":"<!-- This site is optimized with the Yoast SEO plugin v27.3 - https:\/\/yoast.com\/product\/yoast-seo-wordpress\/ -->\n<title>LEHRERIN SACHSEN | MINT-F\u00e4cher: Die Sch\u00f6nheit der Logik<\/title>\n<meta name=\"description\" content=\"Carsten Albert wird Lehrer f\u00fcr Physik und Mathe. Wir haben ihn getroffen und mit ihm \u00fcber seine Leidenschaft zu den MINT-F\u00e4chern gesprochen.\" \/>\n<meta name=\"robots\" content=\"index, follow, max-snippet:-1, max-image-preview:large, max-video-preview:-1\" \/>\n<link rel=\"canonical\" href=\"https:\/\/lehrer-werden-in-sachsen.de\/mint-carsten-albert-ueber-die-schoenheit-der-logik\/\" \/>\n<meta property=\"og:locale\" content=\"de_DE\" \/>\n<meta property=\"og:type\" content=\"article\" \/>\n<meta property=\"og:title\" content=\"LEHRERIN SACHSEN | MINT-F\u00e4cher: Die Sch\u00f6nheit der Logik\" \/>\n<meta property=\"og:description\" content=\"Carsten Albert wird Lehrer f\u00fcr Physik und Mathe. Wir haben ihn getroffen und mit ihm \u00fcber seine Leidenschaft zu den MINT-F\u00e4chern gesprochen.\" \/>\n<meta property=\"og:url\" content=\"https:\/\/lehrer-werden-in-sachsen.de\/mint-carsten-albert-ueber-die-schoenheit-der-logik\/\" \/>\n<meta property=\"og:site_name\" content=\"LEHRERIN SACHSEN\" \/>\n<meta property=\"article:published_time\" content=\"2023-08-25T14:11:35+00:00\" \/>\n<meta property=\"article:modified_time\" content=\"2025-07-11T12:51:44+00:00\" \/>\n<meta property=\"og:image\" content=\"https:\/\/lehrer-werden-in-sachsen.de\/wp-content\/uploads\/2023\/12\/SMK-Blog-Header-Carsten-Albert-MINT.jpg\" \/>\n\t<meta property=\"og:image:width\" content=\"1920\" \/>\n\t<meta property=\"og:image:height\" content=\"970\" \/>\n\t<meta property=\"og:image:type\" content=\"image\/jpeg\" \/>\n<meta name=\"author\" content=\"Maria Kretschmann\" \/>\n<meta name=\"twitter:card\" content=\"summary_large_image\" \/>\n<meta name=\"twitter:label1\" content=\"Verfasst von\" \/>\n\t<meta name=\"twitter:data1\" content=\"Maria Kretschmann\" \/>\n\t<meta name=\"twitter:label2\" content=\"Gesch\u00e4tzte Lesezeit\" \/>\n\t<meta name=\"twitter:data2\" content=\"6\u00a0Minuten\" \/>\n<script type=\"application\/ld+json\" class=\"yoast-schema-graph\">{\"@context\":\"https:\\\/\\\/schema.org\",\"@graph\":[{\"@type\":\"Article\",\"@id\":\"https:\\\/\\\/lehrer-werden-in-sachsen.de\\\/mint-carsten-albert-ueber-die-schoenheit-der-logik\\\/#article\",\"isPartOf\":{\"@id\":\"https:\\\/\\\/lehrer-werden-in-sachsen.de\\\/mint-carsten-albert-ueber-die-schoenheit-der-logik\\\/\"},\"author\":{\"name\":\"Maria Kretschmann\",\"@id\":\"https:\\\/\\\/lehrer-werden-in-sachsen.de\\\/#\\\/schema\\\/person\\\/4a127ffcfbf4e52ff0f66dcd7b4a5cc1\"},\"headline\":\"MINT: Carsten Albert \u00fcber die Sch\u00f6nheit der Logik\",\"datePublished\":\"2023-08-25T14:11:35+00:00\",\"dateModified\":\"2025-07-11T12:51:44+00:00\",\"mainEntityOfPage\":{\"@id\":\"https:\\\/\\\/lehrer-werden-in-sachsen.de\\\/mint-carsten-albert-ueber-die-schoenheit-der-logik\\\/\"},\"wordCount\":1289,\"publisher\":{\"@id\":\"https:\\\/\\\/lehrer-werden-in-sachsen.de\\\/#organization\"},\"image\":{\"@id\":\"https:\\\/\\\/lehrer-werden-in-sachsen.de\\\/mint-carsten-albert-ueber-die-schoenheit-der-logik\\\/#primaryimage\"},\"thumbnailUrl\":\"https:\\\/\\\/lehrer-werden-in-sachsen.de\\\/stage\\\/wp-content\\\/uploads\\\/2023\\\/12\\\/SMK-Blog-Header-Carsten-Albert-MINT.jpg\",\"keywords\":[\"MINT\"],\"articleSection\":[\"Blog\"],\"inLanguage\":\"de\"},{\"@type\":\"WebPage\",\"@id\":\"https:\\\/\\\/lehrer-werden-in-sachsen.de\\\/mint-carsten-albert-ueber-die-schoenheit-der-logik\\\/\",\"url\":\"https:\\\/\\\/lehrer-werden-in-sachsen.de\\\/mint-carsten-albert-ueber-die-schoenheit-der-logik\\\/\",\"name\":\"LEHRERIN SACHSEN | MINT-F\u00e4cher: Die Sch\u00f6nheit der Logik\",\"isPartOf\":{\"@id\":\"https:\\\/\\\/lehrer-werden-in-sachsen.de\\\/#website\"},\"primaryImageOfPage\":{\"@id\":\"https:\\\/\\\/lehrer-werden-in-sachsen.de\\\/mint-carsten-albert-ueber-die-schoenheit-der-logik\\\/#primaryimage\"},\"image\":{\"@id\":\"https:\\\/\\\/lehrer-werden-in-sachsen.de\\\/mint-carsten-albert-ueber-die-schoenheit-der-logik\\\/#primaryimage\"},\"thumbnailUrl\":\"https:\\\/\\\/lehrer-werden-in-sachsen.de\\\/stage\\\/wp-content\\\/uploads\\\/2023\\\/12\\\/SMK-Blog-Header-Carsten-Albert-MINT.jpg\",\"datePublished\":\"2023-08-25T14:11:35+00:00\",\"dateModified\":\"2025-07-11T12:51:44+00:00\",\"description\":\"Carsten Albert wird Lehrer f\u00fcr Physik und Mathe. Wir haben ihn getroffen und mit ihm \u00fcber seine Leidenschaft zu den MINT-F\u00e4chern gesprochen.\",\"breadcrumb\":{\"@id\":\"https:\\\/\\\/lehrer-werden-in-sachsen.de\\\/mint-carsten-albert-ueber-die-schoenheit-der-logik\\\/#breadcrumb\"},\"inLanguage\":\"de\",\"potentialAction\":[{\"@type\":\"ReadAction\",\"target\":[\"https:\\\/\\\/lehrer-werden-in-sachsen.de\\\/mint-carsten-albert-ueber-die-schoenheit-der-logik\\\/\"]}]},{\"@type\":\"ImageObject\",\"inLanguage\":\"de\",\"@id\":\"https:\\\/\\\/lehrer-werden-in-sachsen.de\\\/mint-carsten-albert-ueber-die-schoenheit-der-logik\\\/#primaryimage\",\"url\":\"https:\\\/\\\/lehrer-werden-in-sachsen.de\\\/stage\\\/wp-content\\\/uploads\\\/2023\\\/12\\\/SMK-Blog-Header-Carsten-Albert-MINT.jpg\",\"contentUrl\":\"https:\\\/\\\/lehrer-werden-in-sachsen.de\\\/stage\\\/wp-content\\\/uploads\\\/2023\\\/12\\\/SMK-Blog-Header-Carsten-Albert-MINT.jpg\",\"width\":1920,\"height\":970,\"caption\":\"Mann mit Brille steht vor einer gr\u00fcnen Tafel mit bunten Notizen und Texten in einem Bildungsumfeld.\"},{\"@type\":\"BreadcrumbList\",\"@id\":\"https:\\\/\\\/lehrer-werden-in-sachsen.de\\\/mint-carsten-albert-ueber-die-schoenheit-der-logik\\\/#breadcrumb\",\"itemListElement\":[{\"@type\":\"ListItem\",\"position\":1,\"name\":\"Startseite\",\"item\":\"https:\\\/\\\/lehrer-werden-in-sachsen.de\\\/\"},{\"@type\":\"ListItem\",\"position\":2,\"name\":\"MINT: Carsten Albert \u00fcber die Sch\u00f6nheit der Logik\"}]},{\"@type\":\"WebSite\",\"@id\":\"https:\\\/\\\/lehrer-werden-in-sachsen.de\\\/#website\",\"url\":\"https:\\\/\\\/lehrer-werden-in-sachsen.de\\\/\",\"name\":\"LEHRERIN SACHSEN\",\"description\":\"Eine Klasse f\u00fcr sich.\",\"publisher\":{\"@id\":\"https:\\\/\\\/lehrer-werden-in-sachsen.de\\\/#organization\"},\"potentialAction\":[{\"@type\":\"SearchAction\",\"target\":{\"@type\":\"EntryPoint\",\"urlTemplate\":\"https:\\\/\\\/lehrer-werden-in-sachsen.de\\\/?s={search_term_string}\"},\"query-input\":{\"@type\":\"PropertyValueSpecification\",\"valueRequired\":true,\"valueName\":\"search_term_string\"}}],\"inLanguage\":\"de\"},{\"@type\":\"Organization\",\"@id\":\"https:\\\/\\\/lehrer-werden-in-sachsen.de\\\/#organization\",\"name\":\"LEHRERIN SACHSEN\",\"url\":\"https:\\\/\\\/lehrer-werden-in-sachsen.de\\\/\",\"logo\":{\"@type\":\"ImageObject\",\"inLanguage\":\"de\",\"@id\":\"https:\\\/\\\/lehrer-werden-in-sachsen.de\\\/#\\\/schema\\\/logo\\\/image\\\/\",\"url\":\"https:\\\/\\\/lehrer-werden-in-sachsen.de\\\/stage\\\/wp-content\\\/uploads\\\/2022\\\/02\\\/SMK_Leherin-Sachsen-Marke_RGB_Violett-Orange.svg\",\"contentUrl\":\"https:\\\/\\\/lehrer-werden-in-sachsen.de\\\/stage\\\/wp-content\\\/uploads\\\/2022\\\/02\\\/SMK_Leherin-Sachsen-Marke_RGB_Violett-Orange.svg\",\"caption\":\"LEHRERIN SACHSEN\"},\"image\":{\"@id\":\"https:\\\/\\\/lehrer-werden-in-sachsen.de\\\/#\\\/schema\\\/logo\\\/image\\\/\"}},{\"@type\":\"Person\",\"@id\":\"https:\\\/\\\/lehrer-werden-in-sachsen.de\\\/#\\\/schema\\\/person\\\/4a127ffcfbf4e52ff0f66dcd7b4a5cc1\",\"name\":\"Maria Kretschmann\",\"image\":{\"@type\":\"ImageObject\",\"inLanguage\":\"de\",\"@id\":\"https:\\\/\\\/secure.gravatar.com\\\/avatar\\\/785963a239158e0d036c182ccde6b24c2d0822b83af8ab1b3773045a106114df?s=96&d=mm&r=g\",\"url\":\"https:\\\/\\\/secure.gravatar.com\\\/avatar\\\/785963a239158e0d036c182ccde6b24c2d0822b83af8ab1b3773045a106114df?s=96&d=mm&r=g\",\"contentUrl\":\"https:\\\/\\\/secure.gravatar.com\\\/avatar\\\/785963a239158e0d036c182ccde6b24c2d0822b83af8ab1b3773045a106114df?s=96&d=mm&r=g\",\"caption\":\"Maria Kretschmann\"},\"url\":\"https:\\\/\\\/lehrer-werden-in-sachsen.de\\\/stage\\\/author\\\/maria-kretschmann\\\/\"}]}<\/script>\n<!-- \/ Yoast SEO plugin. -->","yoast_head_json":{"title":"LEHRERIN SACHSEN | MINT-F\u00e4cher: Die Sch\u00f6nheit der Logik","description":"Carsten Albert wird Lehrer f\u00fcr Physik und Mathe. Wir haben ihn getroffen und mit ihm \u00fcber seine Leidenschaft zu den MINT-F\u00e4chern gesprochen.","robots":{"index":"index","follow":"follow","max-snippet":"max-snippet:-1","max-image-preview":"max-image-preview:large","max-video-preview":"max-video-preview:-1"},"canonical":"https:\/\/lehrer-werden-in-sachsen.de\/mint-carsten-albert-ueber-die-schoenheit-der-logik\/","og_locale":"de_DE","og_type":"article","og_title":"LEHRERIN SACHSEN | MINT-F\u00e4cher: Die Sch\u00f6nheit der Logik","og_description":"Carsten Albert wird Lehrer f\u00fcr Physik und Mathe. Wir haben ihn getroffen und mit ihm \u00fcber seine Leidenschaft zu den MINT-F\u00e4chern gesprochen.","og_url":"https:\/\/lehrer-werden-in-sachsen.de\/mint-carsten-albert-ueber-die-schoenheit-der-logik\/","og_site_name":"LEHRERIN SACHSEN","article_published_time":"2023-08-25T14:11:35+00:00","article_modified_time":"2025-07-11T12:51:44+00:00","og_image":[{"width":1920,"height":970,"url":"https:\/\/lehrer-werden-in-sachsen.de\/wp-content\/uploads\/2023\/12\/SMK-Blog-Header-Carsten-Albert-MINT.jpg","type":"image\/jpeg"}],"author":"Maria Kretschmann","twitter_card":"summary_large_image","twitter_misc":{"Verfasst von":"Maria Kretschmann","Gesch\u00e4tzte Lesezeit":"6\u00a0Minuten"},"schema":{"@context":"https:\/\/schema.org","@graph":[{"@type":"Article","@id":"https:\/\/lehrer-werden-in-sachsen.de\/mint-carsten-albert-ueber-die-schoenheit-der-logik\/#article","isPartOf":{"@id":"https:\/\/lehrer-werden-in-sachsen.de\/mint-carsten-albert-ueber-die-schoenheit-der-logik\/"},"author":{"name":"Maria Kretschmann","@id":"https:\/\/lehrer-werden-in-sachsen.de\/#\/schema\/person\/4a127ffcfbf4e52ff0f66dcd7b4a5cc1"},"headline":"MINT: Carsten Albert \u00fcber die Sch\u00f6nheit der Logik","datePublished":"2023-08-25T14:11:35+00:00","dateModified":"2025-07-11T12:51:44+00:00","mainEntityOfPage":{"@id":"https:\/\/lehrer-werden-in-sachsen.de\/mint-carsten-albert-ueber-die-schoenheit-der-logik\/"},"wordCount":1289,"publisher":{"@id":"https:\/\/lehrer-werden-in-sachsen.de\/#organization"},"image":{"@id":"https:\/\/lehrer-werden-in-sachsen.de\/mint-carsten-albert-ueber-die-schoenheit-der-logik\/#primaryimage"},"thumbnailUrl":"https:\/\/lehrer-werden-in-sachsen.de\/stage\/wp-content\/uploads\/2023\/12\/SMK-Blog-Header-Carsten-Albert-MINT.jpg","keywords":["MINT"],"articleSection":["Blog"],"inLanguage":"de"},{"@type":"WebPage","@id":"https:\/\/lehrer-werden-in-sachsen.de\/mint-carsten-albert-ueber-die-schoenheit-der-logik\/","url":"https:\/\/lehrer-werden-in-sachsen.de\/mint-carsten-albert-ueber-die-schoenheit-der-logik\/","name":"LEHRERIN SACHSEN | MINT-F\u00e4cher: Die Sch\u00f6nheit der Logik","isPartOf":{"@id":"https:\/\/lehrer-werden-in-sachsen.de\/#website"},"primaryImageOfPage":{"@id":"https:\/\/lehrer-werden-in-sachsen.de\/mint-carsten-albert-ueber-die-schoenheit-der-logik\/#primaryimage"},"image":{"@id":"https:\/\/lehrer-werden-in-sachsen.de\/mint-carsten-albert-ueber-die-schoenheit-der-logik\/#primaryimage"},"thumbnailUrl":"https:\/\/lehrer-werden-in-sachsen.de\/stage\/wp-content\/uploads\/2023\/12\/SMK-Blog-Header-Carsten-Albert-MINT.jpg","datePublished":"2023-08-25T14:11:35+00:00","dateModified":"2025-07-11T12:51:44+00:00","description":"Carsten Albert wird Lehrer f\u00fcr Physik und Mathe. Wir haben ihn getroffen und mit ihm \u00fcber seine Leidenschaft zu den MINT-F\u00e4chern gesprochen.","breadcrumb":{"@id":"https:\/\/lehrer-werden-in-sachsen.de\/mint-carsten-albert-ueber-die-schoenheit-der-logik\/#breadcrumb"},"inLanguage":"de","potentialAction":[{"@type":"ReadAction","target":["https:\/\/lehrer-werden-in-sachsen.de\/mint-carsten-albert-ueber-die-schoenheit-der-logik\/"]}]},{"@type":"ImageObject","inLanguage":"de","@id":"https:\/\/lehrer-werden-in-sachsen.de\/mint-carsten-albert-ueber-die-schoenheit-der-logik\/#primaryimage","url":"https:\/\/lehrer-werden-in-sachsen.de\/stage\/wp-content\/uploads\/2023\/12\/SMK-Blog-Header-Carsten-Albert-MINT.jpg","contentUrl":"https:\/\/lehrer-werden-in-sachsen.de\/stage\/wp-content\/uploads\/2023\/12\/SMK-Blog-Header-Carsten-Albert-MINT.jpg","width":1920,"height":970,"caption":"Mann mit Brille steht vor einer gr\u00fcnen Tafel mit bunten Notizen und Texten in einem Bildungsumfeld."},{"@type":"BreadcrumbList","@id":"https:\/\/lehrer-werden-in-sachsen.de\/mint-carsten-albert-ueber-die-schoenheit-der-logik\/#breadcrumb","itemListElement":[{"@type":"ListItem","position":1,"name":"Startseite","item":"https:\/\/lehrer-werden-in-sachsen.de\/"},{"@type":"ListItem","position":2,"name":"MINT: Carsten Albert \u00fcber die Sch\u00f6nheit der Logik"}]},{"@type":"WebSite","@id":"https:\/\/lehrer-werden-in-sachsen.de\/#website","url":"https:\/\/lehrer-werden-in-sachsen.de\/","name":"LEHRERIN SACHSEN","description":"Eine Klasse f\u00fcr sich.","publisher":{"@id":"https:\/\/lehrer-werden-in-sachsen.de\/#organization"},"potentialAction":[{"@type":"SearchAction","target":{"@type":"EntryPoint","urlTemplate":"https:\/\/lehrer-werden-in-sachsen.de\/?s={search_term_string}"},"query-input":{"@type":"PropertyValueSpecification","valueRequired":true,"valueName":"search_term_string"}}],"inLanguage":"de"},{"@type":"Organization","@id":"https:\/\/lehrer-werden-in-sachsen.de\/#organization","name":"LEHRERIN SACHSEN","url":"https:\/\/lehrer-werden-in-sachsen.de\/","logo":{"@type":"ImageObject","inLanguage":"de","@id":"https:\/\/lehrer-werden-in-sachsen.de\/#\/schema\/logo\/image\/","url":"https:\/\/lehrer-werden-in-sachsen.de\/stage\/wp-content\/uploads\/2022\/02\/SMK_Leherin-Sachsen-Marke_RGB_Violett-Orange.svg","contentUrl":"https:\/\/lehrer-werden-in-sachsen.de\/stage\/wp-content\/uploads\/2022\/02\/SMK_Leherin-Sachsen-Marke_RGB_Violett-Orange.svg","caption":"LEHRERIN SACHSEN"},"image":{"@id":"https:\/\/lehrer-werden-in-sachsen.de\/#\/schema\/logo\/image\/"}},{"@type":"Person","@id":"https:\/\/lehrer-werden-in-sachsen.de\/#\/schema\/person\/4a127ffcfbf4e52ff0f66dcd7b4a5cc1","name":"Maria Kretschmann","image":{"@type":"ImageObject","inLanguage":"de","@id":"https:\/\/secure.gravatar.com\/avatar\/785963a239158e0d036c182ccde6b24c2d0822b83af8ab1b3773045a106114df?s=96&d=mm&r=g","url":"https:\/\/secure.gravatar.com\/avatar\/785963a239158e0d036c182ccde6b24c2d0822b83af8ab1b3773045a106114df?s=96&d=mm&r=g","contentUrl":"https:\/\/secure.gravatar.com\/avatar\/785963a239158e0d036c182ccde6b24c2d0822b83af8ab1b3773045a106114df?s=96&d=mm&r=g","caption":"Maria Kretschmann"},"url":"https:\/\/lehrer-werden-in-sachsen.de\/stage\/author\/maria-kretschmann\/"}]}},"_links":{"self":[{"href":"https:\/\/lehrer-werden-in-sachsen.de\/stage\/wp-json\/wp\/v2\/posts\/14213","targetHints":{"allow":["GET"]}}],"collection":[{"href":"https:\/\/lehrer-werden-in-sachsen.de\/stage\/wp-json\/wp\/v2\/posts"}],"about":[{"href":"https:\/\/lehrer-werden-in-sachsen.de\/stage\/wp-json\/wp\/v2\/types\/post"}],"author":[{"embeddable":true,"href":"https:\/\/lehrer-werden-in-sachsen.de\/stage\/wp-json\/wp\/v2\/users\/13"}],"replies":[{"embeddable":true,"href":"https:\/\/lehrer-werden-in-sachsen.de\/stage\/wp-json\/wp\/v2\/comments?post=14213"}],"version-history":[{"count":10,"href":"https:\/\/lehrer-werden-in-sachsen.de\/stage\/wp-json\/wp\/v2\/posts\/14213\/revisions"}],"predecessor-version":[{"id":21614,"href":"https:\/\/lehrer-werden-in-sachsen.de\/stage\/wp-json\/wp\/v2\/posts\/14213\/revisions\/21614"}],"wp:featuredmedia":[{"embeddable":true,"href":"https:\/\/lehrer-werden-in-sachsen.de\/stage\/wp-json\/wp\/v2\/media\/14174"}],"wp:attachment":[{"href":"https:\/\/lehrer-werden-in-sachsen.de\/stage\/wp-json\/wp\/v2\/media?parent=14213"}],"wp:term":[{"taxonomy":"category","embeddable":true,"href":"https:\/\/lehrer-werden-in-sachsen.de\/stage\/wp-json\/wp\/v2\/categories?post=14213"},{"taxonomy":"post_tag","embeddable":true,"href":"https:\/\/lehrer-werden-in-sachsen.de\/stage\/wp-json\/wp\/v2\/tags?post=14213"}],"curies":[{"name":"wp","href":"https:\/\/api.w.org\/{rel}","templated":true}]}}