{"id":10745,"date":"2023-07-21T15:04:14","date_gmt":"2023-07-21T13:04:14","guid":{"rendered":"https:\/\/lehrer-werden-in-sachsen.de\/stage\/?p=10745"},"modified":"2025-12-05T13:49:36","modified_gmt":"2025-12-05T12:49:36","slug":"foerderschwerpunkt-emotionale-und-soziale-entwicklung","status":"publish","type":"post","link":"https:\/\/lehrer-werden-in-sachsen.de\/stage\/foerderschwerpunkt-emotionale-und-soziale-entwicklung\/","title":{"rendered":"F\u00f6rderschwerpunkt emotionale und soziale Entwicklung: \u201eWir geben niemanden auf!\u201c\u00a0"},"content":{"rendered":"\t\t<div data-elementor-type=\"wp-post\" data-elementor-id=\"10745\" class=\"elementor elementor-10745\" data-elementor-post-type=\"post\">\n\t\t\t\t\t\t<section class=\"elementor-section elementor-top-section elementor-element elementor-element-77dc2d3 elementor-section-boxed elementor-section-height-default elementor-section-height-default\" data-id=\"77dc2d3\" data-element_type=\"section\" data-e-type=\"section\">\n\t\t\t\t\t\t<div class=\"elementor-container elementor-column-gap-default\">\n\t\t\t\t\t<div class=\"elementor-column elementor-col-100 elementor-top-column elementor-element elementor-element-db24ebd\" data-id=\"db24ebd\" data-element_type=\"column\" data-e-type=\"column\">\n\t\t\t<div class=\"elementor-widget-wrap elementor-element-populated\">\n\t\t\t\t\t\t<div class=\"elementor-element elementor-element-8cb6e5f elementor-widget elementor-widget-text-editor\" data-id=\"8cb6e5f\" data-element_type=\"widget\" data-e-type=\"widget\" data-widget_type=\"text-editor.default\">\n\t\t\t\t<div class=\"elementor-widget-container\">\n\t\t\t\t\t\t\t\t\t<h4><span class=\"TextRun SCXW51242404 BCX8\" lang=\"DE-DE\" xml:lang=\"DE-DE\" data-contrast=\"auto\"><span class=\"NormalTextRun SCXW51242404 BCX8\">Rietschen &#8211; Die Gemeinde im <\/span><\/span><a href=\"https:\/\/lehrer-werden-in-sachsen.de\\\\\/sachsen-erleben\/landkreis-goerlitz\/\" title=\"Sachsen erleben - Landkreis G\u00f6rlitz\" target=\"_blank\" rel=\"noopener\"><span class=\"FieldRange SCXW51242404 BCX8\"><span class=\"TextRun Underlined SCXW51242404 BCX8\" lang=\"DE-DE\" xml:lang=\"DE-DE\" data-contrast=\"none\"><span class=\"NormalTextRun SCXW51242404 BCX8\" data-ccp-charstyle=\"Hyperlink\">Landkreis G\u00f6rlitz<\/span><\/span><\/span><\/a><span class=\"TextRun SCXW51242404 BCX8\" lang=\"DE-DE\" xml:lang=\"DE-DE\" data-contrast=\"auto\"><span class=\"NormalTextRun SCXW51242404 BCX8\"> liegt ganz im Osten des Freistaates Sachsen. Herrliche Natur vor der Haust\u00fcr, Berlin und Polen sind nicht weit. In diesem geografischen Umfeld liegt die Hans-Fallada-Schule mit dem F\u00f6rderschwerpunkt emotionale und soziale Entwicklung &#8211; ein Alleinstellungsmerkmal f\u00fcr die Region<\/span><span class=\"NormalTextRun SCXW51242404 BCX8\">. Damit d<\/span><span class=\"NormalTextRun SCXW51242404 BCX8\">ieses Merkmal<\/span><span class=\"NormalTextRun SCXW51242404 BCX8\"> erhalten<\/span><span class=\"NormalTextRun SCXW51242404 BCX8\"> bleibt, braucht die Schule <\/span><span class=\"NormalTextRun SCXW51242404 BCX8\">dringend Unterst\u00fctzung.<\/span><\/span><span class=\"EOP SCXW51242404 BCX8\" data-ccp-props=\"{&quot;201341983&quot;:0,&quot;335559739&quot;:160,&quot;335559740&quot;:259}\">\u00a0<\/span><\/h4>\t\t\t\t\t\t\t\t<\/div>\n\t\t\t\t<\/div>\n\t\t\t\t\t<\/div>\n\t\t<\/div>\n\t\t\t\t\t<\/div>\n\t\t<\/section>\n\t\t\t\t<section class=\"elementor-section elementor-top-section elementor-element elementor-element-ba83a44 elementor-section-boxed elementor-section-height-default elementor-section-height-default\" data-id=\"ba83a44\" data-element_type=\"section\" data-e-type=\"section\">\n\t\t\t\t\t\t<div class=\"elementor-container elementor-column-gap-default\">\n\t\t\t\t\t<div class=\"elementor-column elementor-col-100 elementor-top-column elementor-element elementor-element-000cc03\" data-id=\"000cc03\" data-element_type=\"column\" data-e-type=\"column\">\n\t\t\t<div class=\"elementor-widget-wrap elementor-element-populated\">\n\t\t\t\t\t\t<div class=\"elementor-element elementor-element-41bf126 elementor-widget elementor-widget-text-editor\" data-id=\"41bf126\" data-element_type=\"widget\" data-e-type=\"widget\" data-widget_type=\"text-editor.default\">\n\t\t\t\t<div class=\"elementor-widget-container\">\n\t\t\t\t\t\t\t\t\t<p>Auf 90 Sch\u00fclerinnen und Sch\u00fcler kommen an der <a href=\"http:\/\/www.hansfalladaschule.de\/\" title=\"Hans-Fallada-Schule\" target=\"_blank\" rel=\"noopener\"><span class=\"FieldRange SCXW257231116 BCX8\"><span class=\"TextRun Underlined SCXW257231116 BCX8\" lang=\"DE-DE\" xml:lang=\"DE-DE\" data-contrast=\"none\"><span class=\"NormalTextRun SCXW257231116 BCX8\" data-ccp-charstyle=\"Hyperlink\">Hans-Fallada-Schule<\/span><\/span><\/span><\/a> 14 Lehrkr\u00e4fte, acht p\u00e4dagogische Fachkr\u00e4fte und eine Schulassistenz. Das klingt viel, ist aber angesichts der zus\u00e4tzlichen Herausforderungen, die eine F\u00f6rderschule mit sich bringt, ausbauf\u00e4hig. Hinzu kommt, dass im n\u00e4chsten Jahr drei Lehrkr\u00e4fte die Schule in den Ruhestand verlassen werden, was den Bedarf an zus\u00e4tzlichen Lehrkr\u00e4ften weiter erh\u00f6ht.<\/p><p><span data-contrast=\"auto\">Dass das Wort Engagement an der Hans-Fallada-Schule gro\u00dfgeschrieben wird, zeigt auch die Beteiligung an unserem Interview: Neben dem Schulleiter Ronny Selbiger sind Frau Monden (stellvertretende Schulelternsprecherin und Mitglied der Schulkonferenz), Frau Gresens (junge Lehrerin f\u00fcr Sport, Biologie, Englisch <\/span><span data-contrast=\"auto\">und Teil der Schulkonferenz) sowie Leon (8. Klasse, Sch\u00fclersprecher) anwesend. Sie alle eint der gemeinsame Wunsch: neue Lehrer f\u00fcr ihre Schule, da die F\u00f6rdersch\u00fclerinnen und -sch\u00fcler sonst \u201edurchs Raster fallen\u201c.<\/span><span data-ccp-props=\"{&quot;201341983&quot;:0,&quot;335559739&quot;:160,&quot;335559740&quot;:259}\">\u00a0<\/span><\/p>\t\t\t\t\t\t\t\t<\/div>\n\t\t\t\t<\/div>\n\t\t\t\t\t<\/div>\n\t\t<\/div>\n\t\t\t\t\t<\/div>\n\t\t<\/section>\n\t\t\t\t<section class=\"elementor-section elementor-top-section elementor-element elementor-element-bfc38fb elementor-section-boxed elementor-section-height-default elementor-section-height-default\" data-id=\"bfc38fb\" data-element_type=\"section\" data-e-type=\"section\">\n\t\t\t\t\t\t<div class=\"elementor-container elementor-column-gap-default\">\n\t\t\t\t\t<div class=\"elementor-column elementor-col-100 elementor-top-column elementor-element elementor-element-0130cf9\" data-id=\"0130cf9\" data-element_type=\"column\" data-e-type=\"column\">\n\t\t\t<div class=\"elementor-widget-wrap elementor-element-populated\">\n\t\t\t\t\t\t<div class=\"elementor-element elementor-element-a26aeb4 elementor-widget elementor-widget-spacer\" data-id=\"a26aeb4\" data-element_type=\"widget\" data-e-type=\"widget\" data-widget_type=\"spacer.default\">\n\t\t\t\t<div class=\"elementor-widget-container\">\n\t\t\t\t\t\t\t<div class=\"elementor-spacer\">\n\t\t\t<div class=\"elementor-spacer-inner\"><\/div>\n\t\t<\/div>\n\t\t\t\t\t\t<\/div>\n\t\t\t\t<\/div>\n\t\t\t\t\t<\/div>\n\t\t<\/div>\n\t\t\t\t\t<\/div>\n\t\t<\/section>\n\t\t\t\t<section class=\"elementor-section elementor-top-section elementor-element elementor-element-cb0308d elementor-section-boxed elementor-section-height-default elementor-section-height-default\" data-id=\"cb0308d\" data-element_type=\"section\" data-e-type=\"section\">\n\t\t\t\t\t\t<div class=\"elementor-container elementor-column-gap-default\">\n\t\t\t\t\t<div class=\"elementor-column elementor-col-100 elementor-top-column elementor-element elementor-element-d2b2eb0\" data-id=\"d2b2eb0\" data-element_type=\"column\" data-e-type=\"column\">\n\t\t\t<div class=\"elementor-widget-wrap elementor-element-populated\">\n\t\t\t\t\t\t<div class=\"elementor-element elementor-element-20f64b0 elementor-widget elementor-widget-heading\" data-id=\"20f64b0\" data-element_type=\"widget\" data-e-type=\"widget\" data-widget_type=\"heading.default\">\n\t\t\t\t<div class=\"elementor-widget-container\">\n\t\t\t\t\t<h2 class=\"elementor-heading-title elementor-size-default\">\u201eEin Buch, ein Stift, ein Kind und ein Lehrer k\u00f6nnen die Welt ver\u00e4ndern.\u201c <\/h2>\t\t\t\t<\/div>\n\t\t\t\t<\/div>\n\t\t\t\t\t<\/div>\n\t\t<\/div>\n\t\t\t\t\t<\/div>\n\t\t<\/section>\n\t\t\t\t<section class=\"elementor-section elementor-top-section elementor-element elementor-element-82840ad elementor-section-boxed elementor-section-height-default elementor-section-height-default\" data-id=\"82840ad\" data-element_type=\"section\" data-e-type=\"section\">\n\t\t\t\t\t\t<div class=\"elementor-container elementor-column-gap-default\">\n\t\t\t\t\t<div class=\"elementor-column elementor-col-100 elementor-top-column elementor-element elementor-element-cb832be\" data-id=\"cb832be\" data-element_type=\"column\" data-e-type=\"column\">\n\t\t\t<div class=\"elementor-widget-wrap elementor-element-populated\">\n\t\t\t\t\t\t<div class=\"elementor-element elementor-element-7707992 elementor-widget elementor-widget-spacer\" data-id=\"7707992\" data-element_type=\"widget\" data-e-type=\"widget\" data-widget_type=\"spacer.default\">\n\t\t\t\t<div class=\"elementor-widget-container\">\n\t\t\t\t\t\t\t<div class=\"elementor-spacer\">\n\t\t\t<div class=\"elementor-spacer-inner\"><\/div>\n\t\t<\/div>\n\t\t\t\t\t\t<\/div>\n\t\t\t\t<\/div>\n\t\t\t\t\t<\/div>\n\t\t<\/div>\n\t\t\t\t\t<\/div>\n\t\t<\/section>\n\t\t\t\t<section class=\"elementor-section elementor-top-section elementor-element elementor-element-0262f42 elementor-section-boxed elementor-section-height-default elementor-section-height-default\" data-id=\"0262f42\" data-element_type=\"section\" data-e-type=\"section\">\n\t\t\t\t\t\t<div class=\"elementor-container elementor-column-gap-default\">\n\t\t\t\t\t<div class=\"elementor-column elementor-col-100 elementor-top-column elementor-element elementor-element-48b0f02\" data-id=\"48b0f02\" data-element_type=\"column\" data-e-type=\"column\">\n\t\t\t<div class=\"elementor-widget-wrap elementor-element-populated\">\n\t\t\t\t\t\t<div class=\"elementor-element elementor-element-280267d elementor-widget elementor-widget-text-editor\" data-id=\"280267d\" data-element_type=\"widget\" data-e-type=\"widget\" data-widget_type=\"text-editor.default\">\n\t\t\t\t<div class=\"elementor-widget-container\">\n\t\t\t\t\t\t\t\t\t<p><b><span data-contrast=\"auto\">LEHRERIN SACHSEN<\/span><\/b><span data-contrast=\"auto\">: <strong>Eure Schule hat den F\u00f6rderschwerpunkt emotionale und soziale Entwicklung \u2013 was bedeutet das?<\/strong><\/span><strong>\u00a0<\/strong><\/p><p>\u00a0<\/p><p><b><span data-contrast=\"auto\">Frau Gresens:<\/span><\/b> <span data-contrast=\"auto\">Wir sind eine F\u00f6rderschule f\u00fcr verhaltensauff\u00e4llige Kinder. Das sind Kinder, die manchmal Schwierigkeiten haben, in bestimmten Situationen richtig zu handeln. Manche k\u00f6nnen mit Wut nicht richtig umgehen, andere haben einen starken Bewegungsdrang. Im normalen Schulsystem haben diese Kinder keine Chance, sie fallen durchs Raster. Wir aber haben einen anderen Blick auf diese Sch\u00fcler: Wir versuchen, sie nicht leistungsorientiert, sondern pers\u00f6nlich zu f\u00f6rdern.<\/span><span data-ccp-props=\"{&quot;201341983&quot;:0,&quot;335559739&quot;:160,&quot;335559740&quot;:259}\">\u00a0<\/span><\/p><p>\u00a0<\/p><p><b><span data-contrast=\"auto\">Herr Selbiger:<\/span><\/b> <span data-contrast=\"auto\">Unsere Schule zeichnet sich dadurch aus, dass wir mit p\u00e4dagogisch-psychologischem Sachverstand individuell f\u00f6rdern und fordern und uns dabei auf evidenzbasierte Verhaltensmodifikationen st\u00fctzen.<\/span><span data-ccp-props=\"{&quot;201341983&quot;:0,&quot;335559739&quot;:160,&quot;335559740&quot;:259}\">\u00a0<\/span><\/p><p>\u00a0<\/p><p><b><span data-contrast=\"auto\">LEHRERIN SACHSEN: <\/span><\/b><strong>Was hei\u00dft das konkret?\u00a0<\/strong><\/p><p>\u00a0<\/p><p><b><span data-contrast=\"auto\">Frau Gresens:<\/span><\/b> <span data-contrast=\"auto\">Das hei\u00dft, wir versuchen, durch verschiedene Token positive Verhaltensweisen zu entwickeln. Wir versuchen viel mit Visualisierungen zu arbeiten und direkt Konsequenzen zu ziehen.<\/span><span data-ccp-props=\"{&quot;201341983&quot;:0,&quot;335559739&quot;:160,&quot;335559740&quot;:259}\">\u00a0<\/span><\/p><p>\u00a0<\/p><p><b><span data-contrast=\"auto\">Frau Monden:<\/span><\/b> <span data-contrast=\"auto\">Aus Elternsicht kann ich sagen, dass auch die Haltung uns gegen\u00fcber eine ganz besondere ist: Die Lehrer nehmen sich unglaublich viel Zeit f\u00fcr uns, zum Beispiel bei den w\u00f6chentlichen Gespr\u00e4chen. Es ist einfach ein sch\u00f6nes Miteinander an der Schule.<\/span><span data-ccp-props=\"{&quot;201341983&quot;:0,&quot;335559739&quot;:160,&quot;335559740&quot;:259}\">\u00a0<\/span><\/p><p>\u00a0<\/p><p><b><span data-contrast=\"auto\">LEHRERIN SACHSEN:<\/span><\/b><strong> Das h\u00f6rt man gern! Was macht die Schule denn f\u00fcr neue Lehrkr\u00e4fte attraktiv?\u00a0<\/strong><\/p><p>\u00a0<\/p><p><b><span data-contrast=\"auto\">Herr Selbiger:<\/span><\/b><span data-contrast=\"auto\"> Das Lehrerkollegium ist ein junges, dynamisches und motiviertes Team. Wir schaffen Raum f\u00fcr p\u00e4dagogische Freiheit, kreatives Denken und Arbeiten. Au\u00dferdem bieten wir eine sehr gute Ausstattung.<\/span><span data-ccp-props=\"{&quot;201341983&quot;:0,&quot;335559739&quot;:160,&quot;335559740&quot;:259}\">\u00a0<\/span><\/p><p>\u00a0<\/p><p><b><span data-contrast=\"auto\">Frau Monden:<\/span><\/b> <span data-contrast=\"auto\">Hier kann sich jeder einbringen und die Kinder sind dankbar f\u00fcr jede Form von Wissen und Zuh\u00f6ren. Die Lehrer hier sind nicht nur das Augenmerk, sondern auch eine echte Augenweide! <\/span><i><span data-contrast=\"auto\">(alle lachen)<\/span><\/i><span data-ccp-props=\"{&quot;201341983&quot;:0,&quot;335559739&quot;:160,&quot;335559740&quot;:259}\">\u00a0<\/span><\/p><p>\u00a0<\/p><p><b><span data-contrast=\"auto\">Frau Gresens:<\/span><\/b> <span data-contrast=\"auto\">Als junge Lehrerin kann ich sagen: Diese Schule ist perfekt f\u00fcr Berufseinsteiger. Alle Projekte werden von der Schulleitung unterst\u00fctzt, man kann sich \u00fcberall einbringen und ausprobieren. Das macht es f\u00fcr mich sehr wertvoll, hier zu arbeiten.<\/span><span data-ccp-props=\"{&quot;201341983&quot;:0,&quot;335559739&quot;:160,&quot;335559740&quot;:259}\">\u00a0<\/span><\/p>\t\t\t\t\t\t\t\t<\/div>\n\t\t\t\t<\/div>\n\t\t\t\t\t<\/div>\n\t\t<\/div>\n\t\t\t\t\t<\/div>\n\t\t<\/section>\n\t\t\t\t<section class=\"elementor-section elementor-top-section elementor-element elementor-element-d471fbc elementor-section-boxed elementor-section-height-default elementor-section-height-default\" data-id=\"d471fbc\" data-element_type=\"section\" data-e-type=\"section\">\n\t\t\t\t\t\t<div class=\"elementor-container elementor-column-gap-default\">\n\t\t\t\t\t<div class=\"elementor-column elementor-col-100 elementor-top-column elementor-element elementor-element-5f17098\" data-id=\"5f17098\" data-element_type=\"column\" data-e-type=\"column\">\n\t\t\t<div class=\"elementor-widget-wrap elementor-element-populated\">\n\t\t\t\t\t\t<div class=\"elementor-element elementor-element-8bb5364 elementor-widget elementor-widget-spacer\" data-id=\"8bb5364\" data-element_type=\"widget\" data-e-type=\"widget\" data-widget_type=\"spacer.default\">\n\t\t\t\t<div class=\"elementor-widget-container\">\n\t\t\t\t\t\t\t<div class=\"elementor-spacer\">\n\t\t\t<div class=\"elementor-spacer-inner\"><\/div>\n\t\t<\/div>\n\t\t\t\t\t\t<\/div>\n\t\t\t\t<\/div>\n\t\t\t\t\t<\/div>\n\t\t<\/div>\n\t\t\t\t\t<\/div>\n\t\t<\/section>\n\t\t\t\t<section class=\"elementor-section elementor-top-section elementor-element elementor-element-0e7572a elementor-section-boxed elementor-section-height-default elementor-section-height-default\" data-id=\"0e7572a\" data-element_type=\"section\" data-e-type=\"section\">\n\t\t\t\t\t\t<div class=\"elementor-container elementor-column-gap-default\">\n\t\t\t\t\t<div class=\"elementor-column elementor-col-33 elementor-top-column elementor-element elementor-element-4b7e37e\" data-id=\"4b7e37e\" data-element_type=\"column\" data-e-type=\"column\">\n\t\t\t<div class=\"elementor-widget-wrap elementor-element-populated\">\n\t\t\t\t\t\t<div class=\"elementor-element elementor-element-ea45364 elementor-widget elementor-widget-image\" data-id=\"ea45364\" data-element_type=\"widget\" data-e-type=\"widget\" data-widget_type=\"image.default\">\n\t\t\t\t<div class=\"elementor-widget-container\">\n\t\t\t\t\t\t\t\t\t\t\t\t\t\t\t<img fetchpriority=\"high\" decoding=\"async\" width=\"716\" height=\"1024\" src=\"https:\/\/lehrer-werden-in-sachsen.de\/stage\/wp-content\/uploads\/2023\/07\/Kunstwerk_4-716x1024.jpeg\" class=\"attachment-large size-large wp-image-10756\" alt=\"Sonnenblumen gemalt von Sch\u00fcler*in\" srcset=\"https:\/\/lehrer-werden-in-sachsen.de\/stage\/wp-content\/uploads\/2023\/07\/Kunstwerk_4-716x1024.jpeg 716w, https:\/\/lehrer-werden-in-sachsen.de\/stage\/wp-content\/uploads\/2023\/07\/Kunstwerk_4-210x300.jpeg 210w, https:\/\/lehrer-werden-in-sachsen.de\/stage\/wp-content\/uploads\/2023\/07\/Kunstwerk_4-768x1099.jpeg 768w, https:\/\/lehrer-werden-in-sachsen.de\/stage\/wp-content\/uploads\/2023\/07\/Kunstwerk_4-1073x1536.jpeg 1073w, https:\/\/lehrer-werden-in-sachsen.de\/stage\/wp-content\/uploads\/2023\/07\/Kunstwerk_4-1431x2048.jpeg 1431w, https:\/\/lehrer-werden-in-sachsen.de\/stage\/wp-content\/uploads\/2023\/07\/Kunstwerk_4.jpeg 1490w\" sizes=\"(max-width: 716px) 100vw, 716px\" \/>\t\t\t\t\t\t\t\t\t\t\t\t\t\t\t<\/div>\n\t\t\t\t<\/div>\n\t\t\t\t\t<\/div>\n\t\t<\/div>\n\t\t\t\t<div class=\"elementor-column elementor-col-33 elementor-top-column elementor-element elementor-element-9fc93f2\" data-id=\"9fc93f2\" data-element_type=\"column\" data-e-type=\"column\">\n\t\t\t<div class=\"elementor-widget-wrap elementor-element-populated\">\n\t\t\t\t\t\t<div class=\"elementor-element elementor-element-30d390b elementor-widget elementor-widget-image\" data-id=\"30d390b\" data-element_type=\"widget\" data-e-type=\"widget\" data-widget_type=\"image.default\">\n\t\t\t\t<div class=\"elementor-widget-container\">\n\t\t\t\t\t\t\t\t\t\t\t\t<figure class=\"wp-caption\">\n\t\t\t\t\t\t\t\t\t\t<img decoding=\"async\" width=\"1024\" height=\"1001\" src=\"https:\/\/lehrer-werden-in-sachsen.de\/stage\/wp-content\/uploads\/2023\/07\/Kunstwerk_5-1024x1001.jpeg\" class=\"attachment-large size-large wp-image-10757\" alt=\"Kunstwerk eines Sch\u00fclers \/ einer Sch\u00fclerin\" srcset=\"https:\/\/lehrer-werden-in-sachsen.de\/stage\/wp-content\/uploads\/2023\/07\/Kunstwerk_5-1024x1001.jpeg 1024w, https:\/\/lehrer-werden-in-sachsen.de\/stage\/wp-content\/uploads\/2023\/07\/Kunstwerk_5-300x293.jpeg 300w, https:\/\/lehrer-werden-in-sachsen.de\/stage\/wp-content\/uploads\/2023\/07\/Kunstwerk_5-768x751.jpeg 768w, https:\/\/lehrer-werden-in-sachsen.de\/stage\/wp-content\/uploads\/2023\/07\/Kunstwerk_5.jpeg 1176w\" sizes=\"(max-width: 1024px) 100vw, 1024px\" \/>\t\t\t\t\t\t\t\t\t\t\t<figcaption class=\"widget-image-caption wp-caption-text\">Links und oben: Kunstwerke aus der Sch\u00fclerschaft, rechts: Projekt \u201eEntrinden wie im Mittelalter\"<\/figcaption>\n\t\t\t\t\t\t\t\t\t\t<\/figure>\n\t\t\t\t\t\t\t\t\t<\/div>\n\t\t\t\t<\/div>\n\t\t\t\t\t<\/div>\n\t\t<\/div>\n\t\t\t\t<div class=\"elementor-column elementor-col-33 elementor-top-column elementor-element elementor-element-4a5abd6\" data-id=\"4a5abd6\" data-element_type=\"column\" data-e-type=\"column\">\n\t\t\t<div class=\"elementor-widget-wrap elementor-element-populated\">\n\t\t\t\t\t\t<div class=\"elementor-element elementor-element-169c8dd elementor-widget elementor-widget-image\" data-id=\"169c8dd\" data-element_type=\"widget\" data-e-type=\"widget\" data-widget_type=\"image.default\">\n\t\t\t\t<div class=\"elementor-widget-container\">\n\t\t\t\t\t\t\t\t\t\t\t\t\t\t\t<img decoding=\"async\" width=\"768\" height=\"1024\" src=\"https:\/\/lehrer-werden-in-sachsen.de\/stage\/wp-content\/uploads\/2023\/07\/Entrinden-wie-im-Mittelalter-Geschichtsunterricht-768x1024.jpeg\" class=\"attachment-large size-large wp-image-10752\" alt=\"Entrinden Mittelalter\" srcset=\"https:\/\/lehrer-werden-in-sachsen.de\/stage\/wp-content\/uploads\/2023\/07\/Entrinden-wie-im-Mittelalter-Geschichtsunterricht-768x1024.jpeg 768w, https:\/\/lehrer-werden-in-sachsen.de\/stage\/wp-content\/uploads\/2023\/07\/Entrinden-wie-im-Mittelalter-Geschichtsunterricht-225x300.jpeg 225w, https:\/\/lehrer-werden-in-sachsen.de\/stage\/wp-content\/uploads\/2023\/07\/Entrinden-wie-im-Mittelalter-Geschichtsunterricht.jpeg 960w\" sizes=\"(max-width: 768px) 100vw, 768px\" \/>\t\t\t\t\t\t\t\t\t\t\t\t\t\t\t<\/div>\n\t\t\t\t<\/div>\n\t\t\t\t\t<\/div>\n\t\t<\/div>\n\t\t\t\t\t<\/div>\n\t\t<\/section>\n\t\t\t\t<section class=\"elementor-section elementor-top-section elementor-element elementor-element-2ad5428 elementor-section-boxed elementor-section-height-default elementor-section-height-default\" data-id=\"2ad5428\" data-element_type=\"section\" data-e-type=\"section\">\n\t\t\t\t\t\t<div class=\"elementor-container elementor-column-gap-default\">\n\t\t\t\t\t<div class=\"elementor-column elementor-col-100 elementor-top-column elementor-element elementor-element-24b0f01\" data-id=\"24b0f01\" data-element_type=\"column\" data-e-type=\"column\">\n\t\t\t<div class=\"elementor-widget-wrap elementor-element-populated\">\n\t\t\t\t\t\t<div class=\"elementor-element elementor-element-f4b7cfc elementor-widget elementor-widget-spacer\" data-id=\"f4b7cfc\" data-element_type=\"widget\" data-e-type=\"widget\" data-widget_type=\"spacer.default\">\n\t\t\t\t<div class=\"elementor-widget-container\">\n\t\t\t\t\t\t\t<div class=\"elementor-spacer\">\n\t\t\t<div class=\"elementor-spacer-inner\"><\/div>\n\t\t<\/div>\n\t\t\t\t\t\t<\/div>\n\t\t\t\t<\/div>\n\t\t\t\t\t<\/div>\n\t\t<\/div>\n\t\t\t\t\t<\/div>\n\t\t<\/section>\n\t\t\t\t<section class=\"elementor-section elementor-top-section elementor-element elementor-element-32cb6f1 elementor-section-boxed elementor-section-height-default elementor-section-height-default\" data-id=\"32cb6f1\" data-element_type=\"section\" data-e-type=\"section\">\n\t\t\t\t\t\t<div class=\"elementor-container elementor-column-gap-default\">\n\t\t\t\t\t<div class=\"elementor-column elementor-col-100 elementor-top-column elementor-element elementor-element-c6d3d8b\" data-id=\"c6d3d8b\" data-element_type=\"column\" data-e-type=\"column\">\n\t\t\t<div class=\"elementor-widget-wrap elementor-element-populated\">\n\t\t\t\t\t\t<div class=\"elementor-element elementor-element-d1603b4 elementor-widget elementor-widget-text-editor\" data-id=\"d1603b4\" data-element_type=\"widget\" data-e-type=\"widget\" data-widget_type=\"text-editor.default\">\n\t\t\t\t<div class=\"elementor-widget-container\">\n\t\t\t\t\t\t\t\t\t<p><b><span data-contrast=\"auto\">LEHRERIN SACHSEN: <\/span><\/b><strong>Was f\u00fcr eine Art von Lehrer braucht ihr an der Schule?\u00a0<\/strong><\/p><p>\u00a0<\/p><p><b><span data-contrast=\"auto\">Leon:<\/span><\/b> <span data-contrast=\"auto\">Nette, lustige, lockere Lehrer. Nicht zu streng sollen sie sein, aber trotzdem durchsetzungsf\u00e4hig &#8211; ein Mittelding eben.<\/span><span data-ccp-props=\"{&quot;201341983&quot;:0,&quot;335559739&quot;:160,&quot;335559740&quot;:259}\">\u00a0<\/span><\/p><p>\u00a0<\/p><p><b><span data-contrast=\"auto\">Frau Gresens:<\/span><\/b> <span data-contrast=\"auto\">Die Sch\u00fcler sind super dankbar, dass wir Lehrer auch mal zuh\u00f6ren. Man sollte also nicht an unsere Schule kommen, um den Lehrplan durchzupauken und auf Leistung zu dr\u00e4ngen, das funktioniert nicht.<\/span><span data-ccp-props=\"{&quot;201341983&quot;:0,&quot;335559739&quot;:160,&quot;335559740&quot;:259}\">\u00a0<\/span><\/p><p>\u00a0<\/p><p><b><span data-contrast=\"auto\">LEHRERIN SACHSEN:<\/span><\/b><strong> Und nicht zu vergessen: Eure p\u00e4dagogischen Fachkr\u00e4fte, die nicht nur die Lehrerinnen und Lehrer, sondern auch die Sch\u00fclerinnen und Sch\u00fcler an Eurer Schule unterst\u00fctzen und entlasten!\u00a0<\/strong><\/p><p>\u00a0<\/p><p><b><span data-contrast=\"auto\">Leon:<\/span><\/b><span data-contrast=\"auto\"> Ja, das stimmt. Sie geben sich gro\u00dfe M\u00fche und helfen, wo sie k\u00f6nnen &#8211; je nachdem, wie die Hilfe angenommen wird.<\/span><span data-ccp-props=\"{&quot;201341983&quot;:0,&quot;335559739&quot;:160,&quot;335559740&quot;:259}\">\u00a0<\/span><\/p><p>\u00a0<\/p><p><b><span data-contrast=\"auto\">Frau Gresens:<\/span><\/b> <span data-contrast=\"auto\">Da Leon schon in der 8. Klasse ist, hat er nicht mehr so viel mit den P\u00e4dagogen zu tun. Sie kommen nur noch in die h\u00f6heren Klassen, wenn es wirklich n\u00f6tig ist, zum Beispiel im Sportunterricht. Generell gew\u00e4hrleisten die p\u00e4dagogischen Fachkr\u00e4fte eine intensive Betreuung der Sch\u00fcler im Unterricht und bilden teilweise auch eine Schnittstelle zwischen den Kindern und den Lehrkr\u00e4ften.<\/span><\/p><p><span data-ccp-props=\"{&quot;201341983&quot;:0,&quot;335559739&quot;:160,&quot;335559740&quot;:259}\">\u00a0<\/span><\/p><p><b><span data-contrast=\"auto\">Frau Monden:<\/span><\/b> <span data-contrast=\"auto\">Die p\u00e4dagogische Fachkraft ist vor allem bei den J\u00fcngsten, weil dort der F\u00f6rderbedarf am gr\u00f6\u00dften ist. Das kann ein Lehrer allein oft nicht kompensieren. Die Sch\u00fclerinnen und Sch\u00fcler erkennen diese zus\u00e4tzliche Hilfe auch an.<\/span><span data-ccp-props=\"{&quot;201341983&quot;:0,&quot;335559739&quot;:160,&quot;335559740&quot;:259}\">\u00a0<\/span><\/p><p>\u00a0<\/p><p><b><span data-contrast=\"auto\">LEHRERIN SACHSEN:<\/span><\/b><strong> Und nun frei raus: Welche 3 Worte beschreiben eure Schule am besten?\u00a0<\/strong><\/p><p>\u00a0<\/p><p><b><span data-contrast=\"auto\">Herr Selbiger<\/span><\/b><span data-contrast=\"auto\">: <\/span><span data-contrast=\"auto\">Offen, agil, famili\u00e4r!<\/span><span data-ccp-props=\"{&quot;201341983&quot;:0,&quot;335559739&quot;:160,&quot;335559740&quot;:259}\">\u00a0<\/span><\/p><p>\u00a0<\/p><p><b><span data-contrast=\"auto\">Leon:<\/span><\/b> <span data-contrast=\"auto\">Lustig, famili\u00e4r, abwechslungsreich.\u00a0<\/span><span data-ccp-props=\"{&quot;201341983&quot;:0,&quot;335559739&quot;:160,&quot;335559740&quot;:259}\">\u00a0<\/span><\/p><p>\u00a0<\/p><p><b><span data-contrast=\"auto\">Frau Monden<\/span><\/b><span data-contrast=\"auto\">: <\/span><span data-contrast=\"auto\">Miteinander, nicht gegeneinander.<\/span><span data-ccp-props=\"{&quot;201341983&quot;:0,&quot;335559739&quot;:160,&quot;335559740&quot;:259}\">\u00a0<\/span><\/p><p>\u00a0<\/p><p><b><span data-contrast=\"auto\">LEHRERIN SACHSE<\/span><\/b><b><span data-contrast=\"auto\">N:<\/span><\/b><strong> Macht uns Rietschen schmackhaft! Was hat der Ort f\u00fcr Zugezogene zu bieten?\u00a0<\/strong><\/p><p>\u00a0<\/p><p><b><span data-contrast=\"auto\">Herr Selbiger:<\/span><\/b> <span data-contrast=\"auto\">Hervorragende Zusammenarbeit mit der Gemeinde und dem Landkreis G\u00f6rlitz! Dazu viel Natur und Weite, Erholung, Familienfreundlichkeit, bezahlbaren Wohnraum.<\/span><span data-ccp-props=\"{&quot;201341983&quot;:0,&quot;335559739&quot;:160,&quot;335559740&quot;:259}\">\u00a0<\/span><\/p><p>\u00a0<\/p><p><b><span data-contrast=\"auto\">Leon:<\/span><\/b> <span data-contrast=\"auto\">Rietschen ist ziemlich cool: Man kann viel machen und sehen. Und trotzdem ist es \u00fcberschaubar und man verirrt sich nicht so schnell. <\/span><i><span data-contrast=\"auto\">(lacht)<\/span><\/i><span data-ccp-props=\"{&quot;201341983&quot;:0,&quot;335559739&quot;:160,&quot;335559740&quot;:259}\">\u00a0<\/span><\/p><p>\u00a0<\/p><p><b><span data-contrast=\"auto\">Frau Gresens:<\/span><\/b> <span data-contrast=\"auto\">Unser Ort ist eine sehr kleine Gemeinde: zentral im Natur-Erholungsgebiet gelegen, sehr gr\u00fcn und trotzdem nicht weit von Cottbus oder G\u00f6rlitz entfernt. Ich habe selbst in Leipzig studiert; die Lebensqualit\u00e4t hier in Rietschen ist h\u00f6her als in der Stadt. Au\u00dferdem befindet sich die Region durch das Ende der Kohlef\u00f6rderung im Wandel: Neue Infrastrukturen sollen entstehen, was die Region noch attraktiver macht. Ausschlaggebend waren f\u00fcr mich aber vor allem die Schule und das tolle Kollegium!<\/span><span data-ccp-props=\"{&quot;201341983&quot;:0,&quot;335559739&quot;:160,&quot;335559740&quot;:259}\">\u00a0<\/span><\/p><p>\u00a0<\/p><p><b><span data-contrast=\"auto\">Frau Monden:<\/span><\/b> <span data-contrast=\"auto\">Hier werden auch Volksfeste gefeiert. Da kommen Jung und Alt zusammen. Langweilig wird es hier nie, aber wenn man mehr Action will, ist der Sprung nach Berlin oder Dresden nicht weit. Genauso wie der sch\u00f6ne Spreewald oder Polen. Ach, in Rietschen ist das Miteinander einfach sch\u00f6n!<\/span><span data-ccp-props=\"{&quot;201341983&quot;:0,&quot;335559739&quot;:160,&quot;335559740&quot;:259}\">\u00a0<\/span><\/p>\t\t\t\t\t\t\t\t<\/div>\n\t\t\t\t<\/div>\n\t\t\t\t\t<\/div>\n\t\t<\/div>\n\t\t\t\t\t<\/div>\n\t\t<\/section>\n\t\t\t\t<section class=\"elementor-section elementor-top-section elementor-element elementor-element-8bd96f2 elementor-section-boxed elementor-section-height-default elementor-section-height-default\" data-id=\"8bd96f2\" data-element_type=\"section\" data-e-type=\"section\">\n\t\t\t\t\t\t<div class=\"elementor-container elementor-column-gap-default\">\n\t\t\t\t\t<div class=\"elementor-column elementor-col-100 elementor-top-column elementor-element elementor-element-715ceb4\" data-id=\"715ceb4\" data-element_type=\"column\" data-e-type=\"column\">\n\t\t\t<div class=\"elementor-widget-wrap elementor-element-populated\">\n\t\t\t\t\t\t<div class=\"elementor-element elementor-element-2847e92 elementor-widget elementor-widget-spacer\" data-id=\"2847e92\" data-element_type=\"widget\" data-e-type=\"widget\" data-widget_type=\"spacer.default\">\n\t\t\t\t<div class=\"elementor-widget-container\">\n\t\t\t\t\t\t\t<div class=\"elementor-spacer\">\n\t\t\t<div class=\"elementor-spacer-inner\"><\/div>\n\t\t<\/div>\n\t\t\t\t\t\t<\/div>\n\t\t\t\t<\/div>\n\t\t\t\t\t<\/div>\n\t\t<\/div>\n\t\t\t\t\t<\/div>\n\t\t<\/section>\n\t\t\t\t<section class=\"elementor-section elementor-top-section elementor-element elementor-element-fd9d7d4 elementor-section-boxed elementor-section-height-default elementor-section-height-default\" data-id=\"fd9d7d4\" data-element_type=\"section\" data-e-type=\"section\">\n\t\t\t\t\t\t<div class=\"elementor-container elementor-column-gap-default\">\n\t\t\t\t\t<div class=\"elementor-column elementor-col-100 elementor-top-column elementor-element elementor-element-d65c889\" data-id=\"d65c889\" data-element_type=\"column\" data-e-type=\"column\">\n\t\t\t<div class=\"elementor-widget-wrap elementor-element-populated\">\n\t\t\t\t\t\t<div class=\"elementor-element elementor-element-5bbabfe elementor-widget elementor-widget-image\" data-id=\"5bbabfe\" data-element_type=\"widget\" data-e-type=\"widget\" data-widget_type=\"image.default\">\n\t\t\t\t<div class=\"elementor-widget-container\">\n\t\t\t\t\t\t\t\t\t\t\t\t<figure class=\"wp-caption\">\n\t\t\t\t\t\t\t\t\t\t<img loading=\"lazy\" decoding=\"async\" width=\"1024\" height=\"498\" src=\"https:\/\/lehrer-werden-in-sachsen.de\/stage\/wp-content\/uploads\/2023\/07\/Screenshot-136-1024x498.png\" class=\"attachment-large size-large wp-image-10759\" alt=\"Hans-Fallada-Schule Rietschen\" srcset=\"https:\/\/lehrer-werden-in-sachsen.de\/stage\/wp-content\/uploads\/2023\/07\/Screenshot-136-1024x498.png 1024w, https:\/\/lehrer-werden-in-sachsen.de\/stage\/wp-content\/uploads\/2023\/07\/Screenshot-136-300x146.png 300w, https:\/\/lehrer-werden-in-sachsen.de\/stage\/wp-content\/uploads\/2023\/07\/Screenshot-136-768x374.png 768w, https:\/\/lehrer-werden-in-sachsen.de\/stage\/wp-content\/uploads\/2023\/07\/Screenshot-136.png 1299w\" sizes=\"(max-width: 1024px) 100vw, 1024px\" \/>\t\t\t\t\t\t\t\t\t\t\t<figcaption class=\"widget-image-caption wp-caption-text\">Die Hans-Fallada-Schule in Rietschen<\/figcaption>\n\t\t\t\t\t\t\t\t\t\t<\/figure>\n\t\t\t\t\t\t\t\t\t<\/div>\n\t\t\t\t<\/div>\n\t\t\t\t\t<\/div>\n\t\t<\/div>\n\t\t\t\t\t<\/div>\n\t\t<\/section>\n\t\t\t\t<section class=\"elementor-section elementor-top-section elementor-element elementor-element-dab9953 elementor-section-boxed elementor-section-height-default elementor-section-height-default\" data-id=\"dab9953\" data-element_type=\"section\" data-e-type=\"section\">\n\t\t\t\t\t\t<div class=\"elementor-container elementor-column-gap-default\">\n\t\t\t\t\t<div class=\"elementor-column elementor-col-100 elementor-top-column elementor-element elementor-element-8520df6\" data-id=\"8520df6\" data-element_type=\"column\" data-e-type=\"column\">\n\t\t\t<div class=\"elementor-widget-wrap elementor-element-populated\">\n\t\t\t\t\t\t<div class=\"elementor-element elementor-element-ad61f73 elementor-widget elementor-widget-spacer\" data-id=\"ad61f73\" data-element_type=\"widget\" data-e-type=\"widget\" data-widget_type=\"spacer.default\">\n\t\t\t\t<div class=\"elementor-widget-container\">\n\t\t\t\t\t\t\t<div class=\"elementor-spacer\">\n\t\t\t<div class=\"elementor-spacer-inner\"><\/div>\n\t\t<\/div>\n\t\t\t\t\t\t<\/div>\n\t\t\t\t<\/div>\n\t\t\t\t\t<\/div>\n\t\t<\/div>\n\t\t\t\t\t<\/div>\n\t\t<\/section>\n\t\t\t\t<section class=\"elementor-section elementor-top-section elementor-element elementor-element-f747a0c elementor-section-boxed elementor-section-height-default elementor-section-height-default\" data-id=\"f747a0c\" data-element_type=\"section\" data-e-type=\"section\">\n\t\t\t\t\t\t<div class=\"elementor-container elementor-column-gap-default\">\n\t\t\t\t\t<div class=\"elementor-column elementor-col-100 elementor-top-column elementor-element elementor-element-92a87c4\" data-id=\"92a87c4\" data-element_type=\"column\" data-e-type=\"column\">\n\t\t\t<div class=\"elementor-widget-wrap elementor-element-populated\">\n\t\t\t\t\t\t<div class=\"elementor-element elementor-element-d741ab3 elementor-widget elementor-widget-text-editor\" data-id=\"d741ab3\" data-element_type=\"widget\" data-e-type=\"widget\" data-widget_type=\"text-editor.default\">\n\t\t\t\t<div class=\"elementor-widget-container\">\n\t\t\t\t\t\t\t\t\t<p><b><span data-contrast=\"auto\">LEHRERIN SACHSEN:<\/span><\/b><strong> Frau Gresens, Herr Selbiger: Haben Sie als Lehrerschaft zum Abschluss einen Appell an alle Lehramtsinteressierten da drau\u00dfen?\u00a0<\/strong><\/p><p>\u00a0<\/p><p><b><span data-contrast=\"auto\">Herr Selbiger:<\/span><\/b> <span data-contrast=\"auto\">Mir liegen Kinder und Jugendliche mit biografischen Br\u00fcchen, psychischen Auff\u00e4lligkeiten und extremen Verhaltensweisen besonders am Herzen: Dahinter steckt immer ein Schatz. Unser Prinzip ist die bedingungslose Wertsch\u00e4tzung: Wir nehmen die Kinder vorbehaltlos an und glauben an sie. Das Gl\u00fcck hat nicht jeder.<\/span><span data-ccp-props=\"{&quot;201341983&quot;:0,&quot;335559739&quot;:160,&quot;335559740&quot;:259}\">\u00a0<\/span><\/p><p>\u00a0<\/p><p><b><span data-contrast=\"auto\">Frau Gresens:<\/span><\/b> <span data-contrast=\"auto\">Lasst euch vom s\u00e4chsischen Land nicht abschrecken!<\/span><span data-ccp-props=\"{&quot;201341983&quot;:0,&quot;335559739&quot;:160,&quot;335559740&quot;:259}\">\u00a0<\/span><\/p><p>\u00a0<\/p><p><b><span data-contrast=\"auto\">Herr Selbiger:<\/span><\/b> <span data-contrast=\"auto\">Und lasst uns immer daran denken: Ein Buch, ein Stift, ein Kind und ein Lehrer k\u00f6nnen die Welt ver\u00e4ndern.<\/span><span data-ccp-props=\"{&quot;201341983&quot;:0,&quot;335559739&quot;:160,&quot;335559740&quot;:259}\">\u00a0<\/span><\/p>\t\t\t\t\t\t\t\t<\/div>\n\t\t\t\t<\/div>\n\t\t\t\t\t<\/div>\n\t\t<\/div>\n\t\t\t\t\t<\/div>\n\t\t<\/section>\n\t\t\t\t<section class=\"elementor-section elementor-top-section elementor-element elementor-element-9289ef7 elementor-section-boxed elementor-section-height-default elementor-section-height-default\" data-id=\"9289ef7\" data-element_type=\"section\" data-e-type=\"section\">\n\t\t\t\t\t\t<div class=\"elementor-container elementor-column-gap-default\">\n\t\t\t\t\t<div class=\"elementor-column elementor-col-100 elementor-top-column elementor-element elementor-element-b7e7f5e\" data-id=\"b7e7f5e\" data-element_type=\"column\" data-e-type=\"column\">\n\t\t\t<div class=\"elementor-widget-wrap elementor-element-populated\">\n\t\t\t\t\t\t<div class=\"elementor-element elementor-element-06e9de7 elementor-widget elementor-widget-spacer\" data-id=\"06e9de7\" data-element_type=\"widget\" data-e-type=\"widget\" data-widget_type=\"spacer.default\">\n\t\t\t\t<div class=\"elementor-widget-container\">\n\t\t\t\t\t\t\t<div class=\"elementor-spacer\">\n\t\t\t<div class=\"elementor-spacer-inner\"><\/div>\n\t\t<\/div>\n\t\t\t\t\t\t<\/div>\n\t\t\t\t<\/div>\n\t\t\t\t\t<\/div>\n\t\t<\/div>\n\t\t\t\t\t<\/div>\n\t\t<\/section>\n\t\t\t\t<section class=\"elementor-section elementor-top-section elementor-element elementor-element-355f29f elementor-section-boxed elementor-section-height-default elementor-section-height-default\" data-id=\"355f29f\" data-element_type=\"section\" data-e-type=\"section\">\n\t\t\t\t\t\t<div class=\"elementor-container elementor-column-gap-default\">\n\t\t\t\t\t<div class=\"elementor-column elementor-col-100 elementor-top-column elementor-element elementor-element-56c63cb\" data-id=\"56c63cb\" data-element_type=\"column\" data-e-type=\"column\">\n\t\t\t<div class=\"elementor-widget-wrap elementor-element-populated\">\n\t\t\t\t\t\t<div class=\"elementor-element elementor-element-9b1fe3e elementor-widget elementor-widget-image\" data-id=\"9b1fe3e\" data-element_type=\"widget\" data-e-type=\"widget\" data-widget_type=\"image.default\">\n\t\t\t\t<div class=\"elementor-widget-container\">\n\t\t\t\t\t\t\t\t\t\t\t\t\t\t\t<img loading=\"lazy\" decoding=\"async\" width=\"1024\" height=\"461\" src=\"https:\/\/lehrer-werden-in-sachsen.de\/stage\/wp-content\/uploads\/2023\/07\/Grundstufe-beim-Polizeiorchester-1024x461.jpg\" class=\"attachment-large size-large wp-image-10753\" alt=\"Grundstufensch\u00fcler\" srcset=\"https:\/\/lehrer-werden-in-sachsen.de\/stage\/wp-content\/uploads\/2023\/07\/Grundstufe-beim-Polizeiorchester-1024x461.jpg 1024w, https:\/\/lehrer-werden-in-sachsen.de\/stage\/wp-content\/uploads\/2023\/07\/Grundstufe-beim-Polizeiorchester-300x135.jpg 300w, https:\/\/lehrer-werden-in-sachsen.de\/stage\/wp-content\/uploads\/2023\/07\/Grundstufe-beim-Polizeiorchester-768x346.jpg 768w, https:\/\/lehrer-werden-in-sachsen.de\/stage\/wp-content\/uploads\/2023\/07\/Grundstufe-beim-Polizeiorchester.jpg 1200w\" sizes=\"(max-width: 1024px) 100vw, 1024px\" \/>\t\t\t\t\t\t\t\t\t\t\t\t\t\t\t<\/div>\n\t\t\t\t<\/div>\n\t\t\t\t\t<\/div>\n\t\t<\/div>\n\t\t\t\t\t<\/div>\n\t\t<\/section>\n\t\t\t\t<section class=\"elementor-section elementor-top-section elementor-element elementor-element-eaa120f elementor-section-boxed elementor-section-height-default elementor-section-height-default\" data-id=\"eaa120f\" data-element_type=\"section\" data-e-type=\"section\">\n\t\t\t\t\t\t<div class=\"elementor-container elementor-column-gap-default\">\n\t\t\t\t\t<div class=\"elementor-column elementor-col-100 elementor-top-column elementor-element elementor-element-89a9b98\" data-id=\"89a9b98\" data-element_type=\"column\" data-e-type=\"column\">\n\t\t\t<div class=\"elementor-widget-wrap elementor-element-populated\">\n\t\t\t\t\t\t\t<\/div>\n\t\t<\/div>\n\t\t\t\t\t<\/div>\n\t\t<\/section>\n\t\t\t\t<section class=\"elementor-section elementor-top-section elementor-element elementor-element-32cdc3c elementor-section-boxed elementor-section-height-default elementor-section-height-default\" data-id=\"32cdc3c\" data-element_type=\"section\" data-e-type=\"section\">\n\t\t\t\t\t\t<div class=\"elementor-container elementor-column-gap-default\">\n\t\t\t\t\t<div class=\"elementor-column elementor-col-100 elementor-top-column elementor-element elementor-element-c1cd103\" data-id=\"c1cd103\" data-element_type=\"column\" data-e-type=\"column\">\n\t\t\t<div class=\"elementor-widget-wrap elementor-element-populated\">\n\t\t\t\t\t\t<div class=\"elementor-element elementor-element-98d6a78 elementor-widget elementor-widget-heading\" data-id=\"98d6a78\" data-element_type=\"widget\" data-e-type=\"widget\" data-widget_type=\"heading.default\">\n\t\t\t\t<div class=\"elementor-widget-container\">\n\t\t\t\t\t<h3 class=\"elementor-heading-title elementor-size-default\">Du m\u00f6chtest noch mehr \u00fcber die Hans-Fallada-Schule erfahren?<\/h3>\t\t\t\t<\/div>\n\t\t\t\t<\/div>\n\t\t\t\t\t<\/div>\n\t\t<\/div>\n\t\t\t\t\t<\/div>\n\t\t<\/section>\n\t\t\t\t<section class=\"elementor-section elementor-top-section elementor-element elementor-element-4ceec11 elementor-section-boxed elementor-section-height-default elementor-section-height-default\" data-id=\"4ceec11\" data-element_type=\"section\" data-e-type=\"section\">\n\t\t\t\t\t\t<div class=\"elementor-container elementor-column-gap-default\">\n\t\t\t\t\t<div class=\"elementor-column elementor-col-100 elementor-top-column elementor-element elementor-element-78b527f\" data-id=\"78b527f\" data-element_type=\"column\" data-e-type=\"column\">\n\t\t\t<div class=\"elementor-widget-wrap elementor-element-populated\">\n\t\t\t\t\t\t<div class=\"elementor-element elementor-element-8a8f4a4 elementor-align-left elementor-widget elementor-widget-button\" data-id=\"8a8f4a4\" data-element_type=\"widget\" data-e-type=\"widget\" data-widget_type=\"button.default\">\n\t\t\t\t<div class=\"elementor-widget-container\">\n\t\t\t\t\t\t\t\t\t<div class=\"elementor-button-wrapper\">\n\t\t\t\t\t<a class=\"elementor-button elementor-button-link elementor-size-sm\" href=\"https:\/\/lehrer-werden-in-sachsen.de\/kontakt\" target=\"_blank\" title=\"Kontakt\">\n\t\t\t\t\t\t<span class=\"elementor-button-content-wrapper\">\n\t\t\t\t\t\t\t\t\t<span class=\"elementor-button-text\">Dann schreib uns eine Nachricht!<\/span>\n\t\t\t\t\t<\/span>\n\t\t\t\t\t<\/a>\n\t\t\t\t<\/div>\n\t\t\t\t\t\t\t\t<\/div>\n\t\t\t\t<\/div>\n\t\t\t\t\t<\/div>\n\t\t<\/div>\n\t\t\t\t\t<\/div>\n\t\t<\/section>\n\t\t\t\t<section class=\"elementor-section elementor-top-section elementor-element elementor-element-3aabbd9 elementor-section-boxed elementor-section-height-default elementor-section-height-default\" data-id=\"3aabbd9\" data-element_type=\"section\" data-e-type=\"section\">\n\t\t\t\t\t\t<div class=\"elementor-container elementor-column-gap-default\">\n\t\t\t\t\t<div class=\"elementor-column elementor-col-100 elementor-top-column elementor-element elementor-element-eedc05c\" data-id=\"eedc05c\" data-element_type=\"column\" data-e-type=\"column\">\n\t\t\t<div class=\"elementor-widget-wrap elementor-element-populated\">\n\t\t\t\t\t\t<div class=\"elementor-element elementor-element-456e6ab elementor-widget elementor-widget-spacer\" data-id=\"456e6ab\" data-element_type=\"widget\" data-e-type=\"widget\" data-widget_type=\"spacer.default\">\n\t\t\t\t<div class=\"elementor-widget-container\">\n\t\t\t\t\t\t\t<div class=\"elementor-spacer\">\n\t\t\t<div class=\"elementor-spacer-inner\"><\/div>\n\t\t<\/div>\n\t\t\t\t\t\t<\/div>\n\t\t\t\t<\/div>\n\t\t\t\t\t<\/div>\n\t\t<\/div>\n\t\t\t\t\t<\/div>\n\t\t<\/section>\n\t\t\t\t<section class=\"elementor-section elementor-top-section elementor-element elementor-element-0f73298 elementor-section-boxed elementor-section-height-default elementor-section-height-default\" data-id=\"0f73298\" data-element_type=\"section\" data-e-type=\"section\">\n\t\t\t\t\t\t<div class=\"elementor-container elementor-column-gap-default\">\n\t\t\t\t\t<div class=\"elementor-column elementor-col-100 elementor-top-column elementor-element elementor-element-3469fe0\" data-id=\"3469fe0\" data-element_type=\"column\" data-e-type=\"column\">\n\t\t\t<div class=\"elementor-widget-wrap elementor-element-populated\">\n\t\t\t\t\t\t<div class=\"elementor-element elementor-element-3007b55 elementor-widget elementor-widget-heading\" data-id=\"3007b55\" data-element_type=\"widget\" data-e-type=\"widget\" data-widget_type=\"heading.default\">\n\t\t\t\t<div class=\"elementor-widget-container\">\n\t\t\t\t\t<h3 class=\"elementor-heading-title elementor-size-default\">Studienweg zur inklusiven Schule:<\/h3>\t\t\t\t<\/div>\n\t\t\t\t<\/div>\n\t\t\t\t\t<\/div>\n\t\t<\/div>\n\t\t\t\t\t<\/div>\n\t\t<\/section>\n\t\t\t\t<section class=\"elementor-section elementor-top-section elementor-element elementor-element-804e459 elementor-section-boxed elementor-section-height-default elementor-section-height-default\" data-id=\"804e459\" data-element_type=\"section\" data-e-type=\"section\">\n\t\t\t\t\t\t<div class=\"elementor-container elementor-column-gap-default\">\n\t\t\t\t\t<div class=\"elementor-column elementor-col-100 elementor-top-column elementor-element elementor-element-e1585b5\" data-id=\"e1585b5\" data-element_type=\"column\" data-e-type=\"column\">\n\t\t\t<div class=\"elementor-widget-wrap elementor-element-populated\">\n\t\t\t\t\t\t<div class=\"elementor-element elementor-element-bc2e836 elementor-widget elementor-widget-text-editor\" data-id=\"bc2e836\" data-element_type=\"widget\" data-e-type=\"widget\" data-widget_type=\"text-editor.default\">\n\t\t\t\t<div class=\"elementor-widget-container\">\n\t\t\t\t\t\t\t\t\t<p>Wer Inklusion nicht nur begleiten, sondern aktiv gestalten m\u00f6chte, kann in Sachsen das Lehramt an Oberschulen mit Sonderp\u00e4dagogik studieren \u2013 ein gemeinsames Angebot der Hochschule Zittau\/G\u00f6rlitz und der Universit\u00e4t Leipzig.<\/p>\t\t\t\t\t\t\t\t<\/div>\n\t\t\t\t<\/div>\n\t\t\t\t\t<\/div>\n\t\t<\/div>\n\t\t\t\t\t<\/div>\n\t\t<\/section>\n\t\t\t\t<section class=\"elementor-section elementor-top-section elementor-element elementor-element-dea0703 elementor-section-boxed elementor-section-height-default elementor-section-height-default\" data-id=\"dea0703\" data-element_type=\"section\" data-e-type=\"section\">\n\t\t\t\t\t\t<div class=\"elementor-container elementor-column-gap-default\">\n\t\t\t\t\t<div class=\"elementor-column elementor-col-100 elementor-top-column elementor-element elementor-element-db75957\" data-id=\"db75957\" data-element_type=\"column\" data-e-type=\"column\">\n\t\t\t<div class=\"elementor-widget-wrap elementor-element-populated\">\n\t\t\t\t\t\t<div class=\"elementor-element elementor-element-e49acaa elementor-widget elementor-widget-button\" data-id=\"e49acaa\" data-element_type=\"widget\" data-e-type=\"widget\" data-widget_type=\"button.default\">\n\t\t\t\t<div class=\"elementor-widget-container\">\n\t\t\t\t\t\t\t\t\t<div class=\"elementor-button-wrapper\">\n\t\t\t\t\t<a class=\"elementor-button elementor-button-link elementor-size-sm\" href=\"https:\/\/www.hszg.de\/studium\/unsere-studiengaenge\/erste-staatspruefung\/lehramt-oberschule-mit-sonderpaedagogik\" target=\"_blank\" title=\"Hochschule Zittau\/G\u00f6rlitz Lehramt Oberschule mit Sonderp\u00e4dagogik\">\n\t\t\t\t\t\t<span class=\"elementor-button-content-wrapper\">\n\t\t\t\t\t\t\t\t\t<span class=\"elementor-button-text\">Mehr erfahren<\/span>\n\t\t\t\t\t<\/span>\n\t\t\t\t\t<\/a>\n\t\t\t\t<\/div>\n\t\t\t\t\t\t\t\t<\/div>\n\t\t\t\t<\/div>\n\t\t\t\t\t<\/div>\n\t\t<\/div>\n\t\t\t\t\t<\/div>\n\t\t<\/section>\n\t\t\t\t<\/div>\n\t\t","protected":false},"excerpt":{"rendered":"<p>Rietschen, im Osten des Freistaates Sachsen. Hier befindet sich die Hans-Fallada-Schule mit dem F\u00f6rderschwerpunkt emotionale und soziale Entwicklung.<\/p>\n","protected":false},"author":13,"featured_media":10747,"comment_status":"closed","ping_status":"closed","sticky":false,"template":"","format":"standard","meta":{"footnotes":""},"categories":[46],"tags":[205,101,203],"class_list":["post-10745","post","type-post","status-publish","format-standard","has-post-thumbnail","hentry","category-blog","tag-bedarf","tag-forderschule","tag-inklusion"],"yoast_head":"<!-- This site is optimized with the Yoast SEO plugin v27.3 - https:\/\/yoast.com\/product\/yoast-seo-wordpress\/ -->\n<title>LEHRERIN SACHSEN | Schule mit F\u00f6rderschwerpunkt<\/title>\n<meta name=\"description\" content=\"Die Hans-Fallada-Schule in Rietschen mit dem F\u00f6rderschwerpunkt emotionale und soziale Entwicklung braucht dringend neue Lehrkr\u00e4fte.\" \/>\n<meta name=\"robots\" content=\"index, follow, max-snippet:-1, max-image-preview:large, max-video-preview:-1\" \/>\n<link rel=\"canonical\" href=\"https:\/\/lehrer-werden-in-sachsen.de\/foerderschwerpunkt-emotionale-und-soziale-entwicklung\/\" \/>\n<meta property=\"og:locale\" content=\"de_DE\" \/>\n<meta property=\"og:type\" content=\"article\" \/>\n<meta property=\"og:title\" content=\"LEHRERIN SACHSEN | Schule mit F\u00f6rderschwerpunkt\" \/>\n<meta property=\"og:description\" content=\"Die Hans-Fallada-Schule in Rietschen mit dem F\u00f6rderschwerpunkt emotionale und soziale Entwicklung braucht dringend neue Lehrkr\u00e4fte.\" \/>\n<meta property=\"og:url\" content=\"https:\/\/lehrer-werden-in-sachsen.de\/foerderschwerpunkt-emotionale-und-soziale-entwicklung\/\" \/>\n<meta property=\"og:site_name\" content=\"LEHRERIN SACHSEN\" \/>\n<meta property=\"article:published_time\" content=\"2023-07-21T13:04:14+00:00\" \/>\n<meta property=\"article:modified_time\" content=\"2025-12-05T12:49:36+00:00\" \/>\n<meta property=\"og:image\" content=\"https:\/\/lehrer-werden-in-sachsen.de\/wp-content\/uploads\/2023\/07\/SMK-Blog-Header-Hans-Fallada-Schule.jpg\" \/>\n\t<meta property=\"og:image:width\" content=\"1920\" \/>\n\t<meta property=\"og:image:height\" content=\"970\" \/>\n\t<meta property=\"og:image:type\" content=\"image\/jpeg\" \/>\n<meta name=\"author\" content=\"Maria Kretschmann\" \/>\n<meta name=\"twitter:card\" content=\"summary_large_image\" \/>\n<meta name=\"twitter:label1\" content=\"Verfasst von\" \/>\n\t<meta name=\"twitter:data1\" content=\"Maria Kretschmann\" \/>\n\t<meta name=\"twitter:label2\" content=\"Gesch\u00e4tzte Lesezeit\" \/>\n\t<meta name=\"twitter:data2\" content=\"7\u00a0Minuten\" \/>\n<script type=\"application\/ld+json\" class=\"yoast-schema-graph\">{\"@context\":\"https:\\\/\\\/schema.org\",\"@graph\":[{\"@type\":\"Article\",\"@id\":\"https:\\\/\\\/lehrer-werden-in-sachsen.de\\\/foerderschwerpunkt-emotionale-und-soziale-entwicklung\\\/#article\",\"isPartOf\":{\"@id\":\"https:\\\/\\\/lehrer-werden-in-sachsen.de\\\/foerderschwerpunkt-emotionale-und-soziale-entwicklung\\\/\"},\"author\":{\"name\":\"Maria Kretschmann\",\"@id\":\"https:\\\/\\\/lehrer-werden-in-sachsen.de\\\/#\\\/schema\\\/person\\\/4a127ffcfbf4e52ff0f66dcd7b4a5cc1\"},\"headline\":\"F\u00f6rderschwerpunkt emotionale und soziale Entwicklung: \u201eWir geben niemanden auf!\u201c\u00a0\",\"datePublished\":\"2023-07-21T13:04:14+00:00\",\"dateModified\":\"2025-12-05T12:49:36+00:00\",\"mainEntityOfPage\":{\"@id\":\"https:\\\/\\\/lehrer-werden-in-sachsen.de\\\/foerderschwerpunkt-emotionale-und-soziale-entwicklung\\\/\"},\"wordCount\":1179,\"publisher\":{\"@id\":\"https:\\\/\\\/lehrer-werden-in-sachsen.de\\\/#organization\"},\"image\":{\"@id\":\"https:\\\/\\\/lehrer-werden-in-sachsen.de\\\/foerderschwerpunkt-emotionale-und-soziale-entwicklung\\\/#primaryimage\"},\"thumbnailUrl\":\"https:\\\/\\\/lehrer-werden-in-sachsen.de\\\/stage\\\/wp-content\\\/uploads\\\/2023\\\/07\\\/SMK-Blog-Header-Hans-Fallada-Schule.jpg\",\"keywords\":[\"Bedarf\",\"F\u00f6rderschule\",\"Inklusion\"],\"articleSection\":[\"Blog\"],\"inLanguage\":\"de\"},{\"@type\":\"WebPage\",\"@id\":\"https:\\\/\\\/lehrer-werden-in-sachsen.de\\\/foerderschwerpunkt-emotionale-und-soziale-entwicklung\\\/\",\"url\":\"https:\\\/\\\/lehrer-werden-in-sachsen.de\\\/foerderschwerpunkt-emotionale-und-soziale-entwicklung\\\/\",\"name\":\"LEHRERIN SACHSEN | Schule mit F\u00f6rderschwerpunkt\",\"isPartOf\":{\"@id\":\"https:\\\/\\\/lehrer-werden-in-sachsen.de\\\/#website\"},\"primaryImageOfPage\":{\"@id\":\"https:\\\/\\\/lehrer-werden-in-sachsen.de\\\/foerderschwerpunkt-emotionale-und-soziale-entwicklung\\\/#primaryimage\"},\"image\":{\"@id\":\"https:\\\/\\\/lehrer-werden-in-sachsen.de\\\/foerderschwerpunkt-emotionale-und-soziale-entwicklung\\\/#primaryimage\"},\"thumbnailUrl\":\"https:\\\/\\\/lehrer-werden-in-sachsen.de\\\/stage\\\/wp-content\\\/uploads\\\/2023\\\/07\\\/SMK-Blog-Header-Hans-Fallada-Schule.jpg\",\"datePublished\":\"2023-07-21T13:04:14+00:00\",\"dateModified\":\"2025-12-05T12:49:36+00:00\",\"description\":\"Die Hans-Fallada-Schule in Rietschen mit dem F\u00f6rderschwerpunkt emotionale und soziale Entwicklung braucht dringend neue Lehrkr\u00e4fte.\",\"breadcrumb\":{\"@id\":\"https:\\\/\\\/lehrer-werden-in-sachsen.de\\\/foerderschwerpunkt-emotionale-und-soziale-entwicklung\\\/#breadcrumb\"},\"inLanguage\":\"de\",\"potentialAction\":[{\"@type\":\"ReadAction\",\"target\":[\"https:\\\/\\\/lehrer-werden-in-sachsen.de\\\/foerderschwerpunkt-emotionale-und-soziale-entwicklung\\\/\"]}]},{\"@type\":\"ImageObject\",\"inLanguage\":\"de\",\"@id\":\"https:\\\/\\\/lehrer-werden-in-sachsen.de\\\/foerderschwerpunkt-emotionale-und-soziale-entwicklung\\\/#primaryimage\",\"url\":\"https:\\\/\\\/lehrer-werden-in-sachsen.de\\\/stage\\\/wp-content\\\/uploads\\\/2023\\\/07\\\/SMK-Blog-Header-Hans-Fallada-Schule.jpg\",\"contentUrl\":\"https:\\\/\\\/lehrer-werden-in-sachsen.de\\\/stage\\\/wp-content\\\/uploads\\\/2023\\\/07\\\/SMK-Blog-Header-Hans-Fallada-Schule.jpg\",\"width\":1920,\"height\":970,\"caption\":\"Das Kollegium der Hans-Fallada-Schule Rietschen\"},{\"@type\":\"BreadcrumbList\",\"@id\":\"https:\\\/\\\/lehrer-werden-in-sachsen.de\\\/foerderschwerpunkt-emotionale-und-soziale-entwicklung\\\/#breadcrumb\",\"itemListElement\":[{\"@type\":\"ListItem\",\"position\":1,\"name\":\"Startseite\",\"item\":\"https:\\\/\\\/lehrer-werden-in-sachsen.de\\\/\"},{\"@type\":\"ListItem\",\"position\":2,\"name\":\"F\u00f6rderschwerpunkt emotionale und soziale Entwicklung: \u201eWir geben niemanden auf!\u201c\u00a0\"}]},{\"@type\":\"WebSite\",\"@id\":\"https:\\\/\\\/lehrer-werden-in-sachsen.de\\\/#website\",\"url\":\"https:\\\/\\\/lehrer-werden-in-sachsen.de\\\/\",\"name\":\"LEHRERIN SACHSEN\",\"description\":\"Eine Klasse f\u00fcr sich.\",\"publisher\":{\"@id\":\"https:\\\/\\\/lehrer-werden-in-sachsen.de\\\/#organization\"},\"potentialAction\":[{\"@type\":\"SearchAction\",\"target\":{\"@type\":\"EntryPoint\",\"urlTemplate\":\"https:\\\/\\\/lehrer-werden-in-sachsen.de\\\/?s={search_term_string}\"},\"query-input\":{\"@type\":\"PropertyValueSpecification\",\"valueRequired\":true,\"valueName\":\"search_term_string\"}}],\"inLanguage\":\"de\"},{\"@type\":\"Organization\",\"@id\":\"https:\\\/\\\/lehrer-werden-in-sachsen.de\\\/#organization\",\"name\":\"LEHRERIN SACHSEN\",\"url\":\"https:\\\/\\\/lehrer-werden-in-sachsen.de\\\/\",\"logo\":{\"@type\":\"ImageObject\",\"inLanguage\":\"de\",\"@id\":\"https:\\\/\\\/lehrer-werden-in-sachsen.de\\\/#\\\/schema\\\/logo\\\/image\\\/\",\"url\":\"https:\\\/\\\/lehrer-werden-in-sachsen.de\\\/stage\\\/wp-content\\\/uploads\\\/2022\\\/02\\\/SMK_Leherin-Sachsen-Marke_RGB_Violett-Orange.svg\",\"contentUrl\":\"https:\\\/\\\/lehrer-werden-in-sachsen.de\\\/stage\\\/wp-content\\\/uploads\\\/2022\\\/02\\\/SMK_Leherin-Sachsen-Marke_RGB_Violett-Orange.svg\",\"caption\":\"LEHRERIN SACHSEN\"},\"image\":{\"@id\":\"https:\\\/\\\/lehrer-werden-in-sachsen.de\\\/#\\\/schema\\\/logo\\\/image\\\/\"}},{\"@type\":\"Person\",\"@id\":\"https:\\\/\\\/lehrer-werden-in-sachsen.de\\\/#\\\/schema\\\/person\\\/4a127ffcfbf4e52ff0f66dcd7b4a5cc1\",\"name\":\"Maria Kretschmann\",\"image\":{\"@type\":\"ImageObject\",\"inLanguage\":\"de\",\"@id\":\"https:\\\/\\\/secure.gravatar.com\\\/avatar\\\/785963a239158e0d036c182ccde6b24c2d0822b83af8ab1b3773045a106114df?s=96&d=mm&r=g\",\"url\":\"https:\\\/\\\/secure.gravatar.com\\\/avatar\\\/785963a239158e0d036c182ccde6b24c2d0822b83af8ab1b3773045a106114df?s=96&d=mm&r=g\",\"contentUrl\":\"https:\\\/\\\/secure.gravatar.com\\\/avatar\\\/785963a239158e0d036c182ccde6b24c2d0822b83af8ab1b3773045a106114df?s=96&d=mm&r=g\",\"caption\":\"Maria Kretschmann\"},\"url\":\"https:\\\/\\\/lehrer-werden-in-sachsen.de\\\/stage\\\/author\\\/maria-kretschmann\\\/\"}]}<\/script>\n<!-- \/ Yoast SEO plugin. -->","yoast_head_json":{"title":"LEHRERIN SACHSEN | Schule mit F\u00f6rderschwerpunkt","description":"Die Hans-Fallada-Schule in Rietschen mit dem F\u00f6rderschwerpunkt emotionale und soziale Entwicklung braucht dringend neue Lehrkr\u00e4fte.","robots":{"index":"index","follow":"follow","max-snippet":"max-snippet:-1","max-image-preview":"max-image-preview:large","max-video-preview":"max-video-preview:-1"},"canonical":"https:\/\/lehrer-werden-in-sachsen.de\/foerderschwerpunkt-emotionale-und-soziale-entwicklung\/","og_locale":"de_DE","og_type":"article","og_title":"LEHRERIN SACHSEN | Schule mit F\u00f6rderschwerpunkt","og_description":"Die Hans-Fallada-Schule in Rietschen mit dem F\u00f6rderschwerpunkt emotionale und soziale Entwicklung braucht dringend neue Lehrkr\u00e4fte.","og_url":"https:\/\/lehrer-werden-in-sachsen.de\/foerderschwerpunkt-emotionale-und-soziale-entwicklung\/","og_site_name":"LEHRERIN SACHSEN","article_published_time":"2023-07-21T13:04:14+00:00","article_modified_time":"2025-12-05T12:49:36+00:00","og_image":[{"width":1920,"height":970,"url":"https:\/\/lehrer-werden-in-sachsen.de\/wp-content\/uploads\/2023\/07\/SMK-Blog-Header-Hans-Fallada-Schule.jpg","type":"image\/jpeg"}],"author":"Maria Kretschmann","twitter_card":"summary_large_image","twitter_misc":{"Verfasst von":"Maria Kretschmann","Gesch\u00e4tzte Lesezeit":"7\u00a0Minuten"},"schema":{"@context":"https:\/\/schema.org","@graph":[{"@type":"Article","@id":"https:\/\/lehrer-werden-in-sachsen.de\/foerderschwerpunkt-emotionale-und-soziale-entwicklung\/#article","isPartOf":{"@id":"https:\/\/lehrer-werden-in-sachsen.de\/foerderschwerpunkt-emotionale-und-soziale-entwicklung\/"},"author":{"name":"Maria Kretschmann","@id":"https:\/\/lehrer-werden-in-sachsen.de\/#\/schema\/person\/4a127ffcfbf4e52ff0f66dcd7b4a5cc1"},"headline":"F\u00f6rderschwerpunkt emotionale und soziale Entwicklung: \u201eWir geben niemanden auf!\u201c\u00a0","datePublished":"2023-07-21T13:04:14+00:00","dateModified":"2025-12-05T12:49:36+00:00","mainEntityOfPage":{"@id":"https:\/\/lehrer-werden-in-sachsen.de\/foerderschwerpunkt-emotionale-und-soziale-entwicklung\/"},"wordCount":1179,"publisher":{"@id":"https:\/\/lehrer-werden-in-sachsen.de\/#organization"},"image":{"@id":"https:\/\/lehrer-werden-in-sachsen.de\/foerderschwerpunkt-emotionale-und-soziale-entwicklung\/#primaryimage"},"thumbnailUrl":"https:\/\/lehrer-werden-in-sachsen.de\/stage\/wp-content\/uploads\/2023\/07\/SMK-Blog-Header-Hans-Fallada-Schule.jpg","keywords":["Bedarf","F\u00f6rderschule","Inklusion"],"articleSection":["Blog"],"inLanguage":"de"},{"@type":"WebPage","@id":"https:\/\/lehrer-werden-in-sachsen.de\/foerderschwerpunkt-emotionale-und-soziale-entwicklung\/","url":"https:\/\/lehrer-werden-in-sachsen.de\/foerderschwerpunkt-emotionale-und-soziale-entwicklung\/","name":"LEHRERIN SACHSEN | Schule mit F\u00f6rderschwerpunkt","isPartOf":{"@id":"https:\/\/lehrer-werden-in-sachsen.de\/#website"},"primaryImageOfPage":{"@id":"https:\/\/lehrer-werden-in-sachsen.de\/foerderschwerpunkt-emotionale-und-soziale-entwicklung\/#primaryimage"},"image":{"@id":"https:\/\/lehrer-werden-in-sachsen.de\/foerderschwerpunkt-emotionale-und-soziale-entwicklung\/#primaryimage"},"thumbnailUrl":"https:\/\/lehrer-werden-in-sachsen.de\/stage\/wp-content\/uploads\/2023\/07\/SMK-Blog-Header-Hans-Fallada-Schule.jpg","datePublished":"2023-07-21T13:04:14+00:00","dateModified":"2025-12-05T12:49:36+00:00","description":"Die Hans-Fallada-Schule in Rietschen mit dem F\u00f6rderschwerpunkt emotionale und soziale Entwicklung braucht dringend neue Lehrkr\u00e4fte.","breadcrumb":{"@id":"https:\/\/lehrer-werden-in-sachsen.de\/foerderschwerpunkt-emotionale-und-soziale-entwicklung\/#breadcrumb"},"inLanguage":"de","potentialAction":[{"@type":"ReadAction","target":["https:\/\/lehrer-werden-in-sachsen.de\/foerderschwerpunkt-emotionale-und-soziale-entwicklung\/"]}]},{"@type":"ImageObject","inLanguage":"de","@id":"https:\/\/lehrer-werden-in-sachsen.de\/foerderschwerpunkt-emotionale-und-soziale-entwicklung\/#primaryimage","url":"https:\/\/lehrer-werden-in-sachsen.de\/stage\/wp-content\/uploads\/2023\/07\/SMK-Blog-Header-Hans-Fallada-Schule.jpg","contentUrl":"https:\/\/lehrer-werden-in-sachsen.de\/stage\/wp-content\/uploads\/2023\/07\/SMK-Blog-Header-Hans-Fallada-Schule.jpg","width":1920,"height":970,"caption":"Das Kollegium der Hans-Fallada-Schule Rietschen"},{"@type":"BreadcrumbList","@id":"https:\/\/lehrer-werden-in-sachsen.de\/foerderschwerpunkt-emotionale-und-soziale-entwicklung\/#breadcrumb","itemListElement":[{"@type":"ListItem","position":1,"name":"Startseite","item":"https:\/\/lehrer-werden-in-sachsen.de\/"},{"@type":"ListItem","position":2,"name":"F\u00f6rderschwerpunkt emotionale und soziale Entwicklung: \u201eWir geben niemanden auf!\u201c\u00a0"}]},{"@type":"WebSite","@id":"https:\/\/lehrer-werden-in-sachsen.de\/#website","url":"https:\/\/lehrer-werden-in-sachsen.de\/","name":"LEHRERIN SACHSEN","description":"Eine Klasse f\u00fcr sich.","publisher":{"@id":"https:\/\/lehrer-werden-in-sachsen.de\/#organization"},"potentialAction":[{"@type":"SearchAction","target":{"@type":"EntryPoint","urlTemplate":"https:\/\/lehrer-werden-in-sachsen.de\/?s={search_term_string}"},"query-input":{"@type":"PropertyValueSpecification","valueRequired":true,"valueName":"search_term_string"}}],"inLanguage":"de"},{"@type":"Organization","@id":"https:\/\/lehrer-werden-in-sachsen.de\/#organization","name":"LEHRERIN SACHSEN","url":"https:\/\/lehrer-werden-in-sachsen.de\/","logo":{"@type":"ImageObject","inLanguage":"de","@id":"https:\/\/lehrer-werden-in-sachsen.de\/#\/schema\/logo\/image\/","url":"https:\/\/lehrer-werden-in-sachsen.de\/stage\/wp-content\/uploads\/2022\/02\/SMK_Leherin-Sachsen-Marke_RGB_Violett-Orange.svg","contentUrl":"https:\/\/lehrer-werden-in-sachsen.de\/stage\/wp-content\/uploads\/2022\/02\/SMK_Leherin-Sachsen-Marke_RGB_Violett-Orange.svg","caption":"LEHRERIN SACHSEN"},"image":{"@id":"https:\/\/lehrer-werden-in-sachsen.de\/#\/schema\/logo\/image\/"}},{"@type":"Person","@id":"https:\/\/lehrer-werden-in-sachsen.de\/#\/schema\/person\/4a127ffcfbf4e52ff0f66dcd7b4a5cc1","name":"Maria Kretschmann","image":{"@type":"ImageObject","inLanguage":"de","@id":"https:\/\/secure.gravatar.com\/avatar\/785963a239158e0d036c182ccde6b24c2d0822b83af8ab1b3773045a106114df?s=96&d=mm&r=g","url":"https:\/\/secure.gravatar.com\/avatar\/785963a239158e0d036c182ccde6b24c2d0822b83af8ab1b3773045a106114df?s=96&d=mm&r=g","contentUrl":"https:\/\/secure.gravatar.com\/avatar\/785963a239158e0d036c182ccde6b24c2d0822b83af8ab1b3773045a106114df?s=96&d=mm&r=g","caption":"Maria Kretschmann"},"url":"https:\/\/lehrer-werden-in-sachsen.de\/stage\/author\/maria-kretschmann\/"}]}},"_links":{"self":[{"href":"https:\/\/lehrer-werden-in-sachsen.de\/stage\/wp-json\/wp\/v2\/posts\/10745","targetHints":{"allow":["GET"]}}],"collection":[{"href":"https:\/\/lehrer-werden-in-sachsen.de\/stage\/wp-json\/wp\/v2\/posts"}],"about":[{"href":"https:\/\/lehrer-werden-in-sachsen.de\/stage\/wp-json\/wp\/v2\/types\/post"}],"author":[{"embeddable":true,"href":"https:\/\/lehrer-werden-in-sachsen.de\/stage\/wp-json\/wp\/v2\/users\/13"}],"replies":[{"embeddable":true,"href":"https:\/\/lehrer-werden-in-sachsen.de\/stage\/wp-json\/wp\/v2\/comments?post=10745"}],"version-history":[{"count":51,"href":"https:\/\/lehrer-werden-in-sachsen.de\/stage\/wp-json\/wp\/v2\/posts\/10745\/revisions"}],"predecessor-version":[{"id":25340,"href":"https:\/\/lehrer-werden-in-sachsen.de\/stage\/wp-json\/wp\/v2\/posts\/10745\/revisions\/25340"}],"wp:featuredmedia":[{"embeddable":true,"href":"https:\/\/lehrer-werden-in-sachsen.de\/stage\/wp-json\/wp\/v2\/media\/10747"}],"wp:attachment":[{"href":"https:\/\/lehrer-werden-in-sachsen.de\/stage\/wp-json\/wp\/v2\/media?parent=10745"}],"wp:term":[{"taxonomy":"category","embeddable":true,"href":"https:\/\/lehrer-werden-in-sachsen.de\/stage\/wp-json\/wp\/v2\/categories?post=10745"},{"taxonomy":"post_tag","embeddable":true,"href":"https:\/\/lehrer-werden-in-sachsen.de\/stage\/wp-json\/wp\/v2\/tags?post=10745"}],"curies":[{"name":"wp","href":"https:\/\/api.w.org\/{rel}","templated":true}]}}