{"id":10694,"date":"2023-07-13T13:50:15","date_gmt":"2023-07-13T11:50:15","guid":{"rendered":"https:\/\/lehrer-werden-in-sachsen.de\/stage\/?p=10694"},"modified":"2025-07-11T14:12:53","modified_gmt":"2025-07-11T12:12:53","slug":"sprach-und-integrationsmittler-in-sachsen","status":"publish","type":"post","link":"https:\/\/lehrer-werden-in-sachsen.de\/stage\/sprach-und-integrationsmittler-in-sachsen\/","title":{"rendered":"Gelungene Integration in Sachsen: Die inspirierende Geschichte eines Sprach- und Integrationsmittlers aus Gaza"},"content":{"rendered":"\t\t<div data-elementor-type=\"wp-post\" data-elementor-id=\"10694\" class=\"elementor elementor-10694\" data-elementor-post-type=\"post\">\n\t\t\t\t\t\t<section class=\"elementor-section elementor-top-section elementor-element elementor-element-77dc2d3 elementor-section-boxed elementor-section-height-default elementor-section-height-default\" data-id=\"77dc2d3\" data-element_type=\"section\" data-e-type=\"section\">\n\t\t\t\t\t\t<div class=\"elementor-container elementor-column-gap-default\">\n\t\t\t\t\t<div class=\"elementor-column elementor-col-100 elementor-top-column elementor-element elementor-element-db24ebd\" data-id=\"db24ebd\" data-element_type=\"column\" data-e-type=\"column\">\n\t\t\t<div class=\"elementor-widget-wrap elementor-element-populated\">\n\t\t\t\t\t\t<div class=\"elementor-element elementor-element-8cb6e5f elementor-widget elementor-widget-text-editor\" data-id=\"8cb6e5f\" data-element_type=\"widget\" data-e-type=\"widget\" data-widget_type=\"text-editor.default\">\n\t\t\t\t<div class=\"elementor-widget-container\">\n\t\t\t\t\t\t\t\t\t<h4><span class=\"TextRun SCXW225328827 BCX8\" lang=\"DE-DE\" xml:lang=\"DE-DE\" data-contrast=\"auto\"><span class=\"NormalTextRun SCXW225328827 BCX8\">Fidaa Alburbar ist Sprach- und Integrationsmittler an der<\/span><span class=\"NormalTextRun SCXW225328827 BCX8\"> s\u00e4chsischen<\/span> <\/span><a href=\"https:\/\/oberschule-am-koernerplatz.de\/herzlich-willkommen\" title=\"Oberschule am K\u00f6rnerplatz\" target=\"_blank\" rel=\"noopener\"><span class=\"FieldRange SCXW225328827 BCX8\"><span class=\"TextRun Underlined SCXW225328827 BCX8\" lang=\"DE-DE\" xml:lang=\"DE-DE\" data-contrast=\"none\"><span class=\"NormalTextRun CommentStart CommentHighlightPipeRest CommentHighlightRest SCXW225328827 BCX8\" data-ccp-charstyle=\"Hyperlink\">Oberschule &#8222;Am K\u00f6rnerplatz&#8220;<\/span><\/span><\/span><\/a><span class=\"TextRun SCXW225328827 BCX8\" lang=\"DE-DE\" xml:lang=\"DE-DE\" data-contrast=\"auto\"> <span class=\"NormalTextRun SCXW225328827 BCX8\">in Chemnitz. Seine Geschichte <\/span><span class=\"NormalTextRun SCXW225328827 BCX8\">handelt<\/span><span class=\"NormalTextRun SCXW225328827 BCX8\"> von Flucht und <\/span><span class=\"NormalTextRun SCXW225328827 BCX8\">Vertreibung. <\/span><span class=\"NormalTextRun SCXW225328827 BCX8\">V<\/span><span class=\"NormalTextRun SCXW225328827 BCX8\">or allem <\/span><span class=\"NormalTextRun SCXW225328827 BCX8\">aber<\/span> <span class=\"NormalTextRun SCXW225328827 BCX8\">von <\/span><span class=\"NormalTextRun SCXW225328827 BCX8\">Neuanfang<\/span><span class=\"NormalTextRun SCXW225328827 BCX8\">, Mut <\/span><span class=\"NormalTextRun SCXW225328827 BCX8\">und gelungener Integration in Sachsen. <\/span><span class=\"NormalTextRun SCXW225328827 BCX8\">Im Interview, <\/span><\/span><span class=\"TrackedChange SCXW225328827 BCX8\"><span class=\"TextRun SCXW225328827 BCX8\" lang=\"DE-DE\" xml:lang=\"DE-DE\" data-contrast=\"none\"><span class=\"NormalTextRun SCXW225328827 BCX8\">an dem <\/span><\/span><\/span><span class=\"TrackedChange SCXW225328827 BCX8\"><span class=\"TextRun SCXW225328827 BCX8\" lang=\"DE-DE\" xml:lang=\"DE-DE\" data-contrast=\"none\"><span class=\"NormalTextRun SCXW225328827 BCX8\">auf seinen Wunsch hi<\/span><\/span><\/span><span class=\"TextRun SCXW225328827 BCX8\" lang=\"DE-DE\" xml:lang=\"DE-DE\" data-contrast=\"none\"><span class=\"NormalTextRun SCXW225328827 BCX8\">n<\/span><\/span> <span class=\"TrackedChange SCXW225328827 BCX8\"><span class=\"TextRun SCXW225328827 BCX8\" lang=\"DE-DE\" xml:lang=\"DE-DE\" data-contrast=\"none\"><span class=\"NormalTextRun SCXW225328827 BCX8\">auch<\/span><\/span><\/span><span class=\"TextRun SCXW225328827 BCX8\" lang=\"DE-DE\" xml:lang=\"DE-DE\" data-contrast=\"auto\"><span class=\"NormalTextRun SCXW225328827 BCX8\">\u00a0Claudia Elsner<\/span><span class=\"NormalTextRun SCXW225328827 BCX8\">, <\/span><\/span><span class=\"TrackedChange SCXW225328827 BCX8\"><span class=\"TextRun SCXW225328827 BCX8\" lang=\"DE-DE\" xml:lang=\"DE-DE\" data-contrast=\"none\"><span class=\"NormalTextRun SCXW225328827 BCX8\">die Koordinatorin f\u00fcr Migration <\/span><\/span><\/span><span class=\"TrackedChange SCXW225328827 BCX8\"><span class=\"TextRun SCXW225328827 BCX8\" lang=\"DE-DE\" xml:lang=\"DE-DE\" data-contrast=\"none\"><span class=\"NormalTextRun SCXW225328827 BCX8\">am Standort Chemnitz,<\/span><\/span><\/span><span class=\"TextRun SCXW225328827 BCX8\" lang=\"DE-DE\" xml:lang=\"DE-DE\" data-contrast=\"auto\"> <span class=\"NormalTextRun SCXW225328827 BCX8\">teilnimmt, <\/span><span class=\"NormalTextRun SCXW225328827 BCX8\">schildert <\/span><span class=\"NormalTextRun SCXW225328827 BCX8\">Fidaa seinen b<\/span><span class=\"NormalTextRun SCXW225328827 BCX8\">ewegenden und vor allem inspirierenden bisherigen Lebensweg<\/span><span class=\"NormalTextRun SCXW225328827 BCX8\">.<\/span><\/span><span class=\"EOP SCXW225328827 BCX8\" data-ccp-props=\"{&quot;201341983&quot;:0,&quot;335559739&quot;:160,&quot;335559740&quot;:259}\">\u00a0<\/span><\/h4>\t\t\t\t\t\t\t\t<\/div>\n\t\t\t\t<\/div>\n\t\t\t\t\t<\/div>\n\t\t<\/div>\n\t\t\t\t\t<\/div>\n\t\t<\/section>\n\t\t\t\t<section class=\"elementor-section elementor-top-section elementor-element elementor-element-ba83a44 elementor-section-boxed elementor-section-height-default elementor-section-height-default\" data-id=\"ba83a44\" data-element_type=\"section\" data-e-type=\"section\">\n\t\t\t\t\t\t<div class=\"elementor-container elementor-column-gap-default\">\n\t\t\t\t\t<div class=\"elementor-column elementor-col-100 elementor-top-column elementor-element elementor-element-000cc03\" data-id=\"000cc03\" data-element_type=\"column\" data-e-type=\"column\">\n\t\t\t<div class=\"elementor-widget-wrap elementor-element-populated\">\n\t\t\t\t\t\t<div class=\"elementor-element elementor-element-41bf126 elementor-widget elementor-widget-text-editor\" data-id=\"41bf126\" data-element_type=\"widget\" data-e-type=\"widget\" data-widget_type=\"text-editor.default\">\n\t\t\t\t<div class=\"elementor-widget-container\">\n\t\t\t\t\t\t\t\t\t<p><span class=\"TextRun SCXW81566899 BCX8\" lang=\"DE-DE\" xml:lang=\"DE-DE\" data-contrast=\"auto\"><span class=\"NormalTextRun SCXW81566899 BCX8\">Ich treffe Fidaa, einen gro\u00df gewachsenen jungen Mann mit einem breiten L\u00e4cheln auf den Lippen<\/span><span class=\"NormalTextRun SCXW81566899 BCX8\">, zum Gespr\u00e4ch <\/span><span class=\"NormalTextRun SCXW81566899 BCX8\">in seinem <\/span><span class=\"NormalTextRun SCXW81566899 BCX8\">Klassenzimmer. Claudia ist \u00fcber Videotelefonie zugeschaltet. <\/span><span class=\"NormalTextRun SCXW81566899 BCX8\">Die W\u00e4nde <\/span><span class=\"NormalTextRun SCXW81566899 BCX8\">von Fidaas Klassenzimmer <\/span><span class=\"NormalTextRun SCXW81566899 BCX8\">sind in <\/span><span class=\"NormalTextRun SCXW81566899 BCX8\">freundlichen <\/span><span class=\"NormalTextRun SCXW81566899 BCX8\">gr\u00fcnen und gelben Pastellt\u00f6nen gestrichen<\/span><span class=\"NormalTextRun SCXW81566899 BCX8\">. H<\/span><span class=\"NormalTextRun SCXW81566899 BCX8\">inter ihm Kritzeleien <\/span><span class=\"NormalTextRun SCXW81566899 BCX8\">an der Tafel<\/span><span class=\"NormalTextRun SCXW81566899 BCX8\">. Die Sonne <\/span><span class=\"NormalTextRun SCXW81566899 BCX8\">blinzelt<\/span><span class=\"NormalTextRun SCXW81566899 BCX8\"> durch die <\/span><span class=\"NormalTextRun SCXW81566899 BCX8\">Vorh\u00e4nge \u2013 ein ruhiger Fr\u00fchsommermorgen in Chemnitz.<\/span><\/span><span class=\"EOP SCXW81566899 BCX8\" data-ccp-props=\"{&quot;201341983&quot;:0,&quot;335559739&quot;:160,&quot;335559740&quot;:259}\">\u00a0<\/span><\/p>\t\t\t\t\t\t\t\t<\/div>\n\t\t\t\t<\/div>\n\t\t\t\t\t<\/div>\n\t\t<\/div>\n\t\t\t\t\t<\/div>\n\t\t<\/section>\n\t\t\t\t<section class=\"elementor-section elementor-top-section elementor-element elementor-element-bfc38fb elementor-section-boxed elementor-section-height-default elementor-section-height-default\" data-id=\"bfc38fb\" data-element_type=\"section\" data-e-type=\"section\">\n\t\t\t\t\t\t<div class=\"elementor-container elementor-column-gap-default\">\n\t\t\t\t\t<div class=\"elementor-column elementor-col-100 elementor-top-column elementor-element elementor-element-0130cf9\" data-id=\"0130cf9\" data-element_type=\"column\" data-e-type=\"column\">\n\t\t\t<div class=\"elementor-widget-wrap elementor-element-populated\">\n\t\t\t\t\t\t<div class=\"elementor-element elementor-element-a26aeb4 elementor-widget elementor-widget-spacer\" data-id=\"a26aeb4\" data-element_type=\"widget\" data-e-type=\"widget\" data-widget_type=\"spacer.default\">\n\t\t\t\t<div class=\"elementor-widget-container\">\n\t\t\t\t\t\t\t<div class=\"elementor-spacer\">\n\t\t\t<div class=\"elementor-spacer-inner\"><\/div>\n\t\t<\/div>\n\t\t\t\t\t\t<\/div>\n\t\t\t\t<\/div>\n\t\t\t\t\t<\/div>\n\t\t<\/div>\n\t\t\t\t\t<\/div>\n\t\t<\/section>\n\t\t\t\t<section class=\"elementor-section elementor-top-section elementor-element elementor-element-cb0308d elementor-section-boxed elementor-section-height-default elementor-section-height-default\" data-id=\"cb0308d\" data-element_type=\"section\" data-e-type=\"section\">\n\t\t\t\t\t\t<div class=\"elementor-container elementor-column-gap-default\">\n\t\t\t\t\t<div class=\"elementor-column elementor-col-100 elementor-top-column elementor-element elementor-element-d2b2eb0\" data-id=\"d2b2eb0\" data-element_type=\"column\" data-e-type=\"column\">\n\t\t\t<div class=\"elementor-widget-wrap elementor-element-populated\">\n\t\t\t\t\t\t<div class=\"elementor-element elementor-element-20f64b0 elementor-widget elementor-widget-heading\" data-id=\"20f64b0\" data-element_type=\"widget\" data-e-type=\"widget\" data-widget_type=\"heading.default\">\n\t\t\t\t<div class=\"elementor-widget-container\">\n\t\t\t\t\t<h2 class=\"elementor-heading-title elementor-size-default\">Vom Gefl\u00fcchteten zum Integrationshelfer<\/h2>\t\t\t\t<\/div>\n\t\t\t\t<\/div>\n\t\t\t\t\t<\/div>\n\t\t<\/div>\n\t\t\t\t\t<\/div>\n\t\t<\/section>\n\t\t\t\t<section class=\"elementor-section elementor-top-section elementor-element elementor-element-0262f42 elementor-section-boxed elementor-section-height-default elementor-section-height-default\" data-id=\"0262f42\" data-element_type=\"section\" data-e-type=\"section\">\n\t\t\t\t\t\t<div class=\"elementor-container elementor-column-gap-default\">\n\t\t\t\t\t<div class=\"elementor-column elementor-col-100 elementor-top-column elementor-element elementor-element-48b0f02\" data-id=\"48b0f02\" data-element_type=\"column\" data-e-type=\"column\">\n\t\t\t<div class=\"elementor-widget-wrap elementor-element-populated\">\n\t\t\t\t\t\t<div class=\"elementor-element elementor-element-280267d elementor-widget elementor-widget-text-editor\" data-id=\"280267d\" data-element_type=\"widget\" data-e-type=\"widget\" data-widget_type=\"text-editor.default\">\n\t\t\t\t<div class=\"elementor-widget-container\">\n\t\t\t\t\t\t\t\t\t<p><span data-contrast=\"auto\">Fidaa Alburbar wurde vor 33 Jahren in Gaza geboren. Nach seinem Abitur ging er nach \u00c4gypten, um Tourismus zu studieren. Kurz nachdem er 2014 nach Gaza zur\u00fcckkehrt, bricht der Krieg aus. Fidaa flieht \u00fcber Libyen und das Meer bis nach Deutschland, wo er Wochen sp\u00e4ter in M\u00fcnchen ankommt. Zusammen mit 15 anderen Gefl\u00fcchteten wird er der Stadt Chemnitz zugewiesen. Der Anfang ist holprig: Fidaa muss mehrmals das Heim wechseln und lebt ein Jahr lang mit drei anderen Pal\u00e4stinensern in zwei Zimmern. Sein erster Job in Deutschland: Putzen f\u00fcr 1 Euro die Stunde.<\/span><span data-ccp-props=\"{&quot;201341983&quot;:0,&quot;335559739&quot;:160,&quot;335559740&quot;:259}\">\u00a0<\/span><\/p><p><span data-contrast=\"auto\">Um in Deutschland selbstst\u00e4ndig sein zu k\u00f6nnen, hat er ein gro\u00dfes Ziel: Deutsch lernen. Er erkundigt sich gemeinsam mit einem syrischen Freund bei der Volkshochschule; wenig sp\u00e4ter beginnt er dort einen Deutschkurs, den er selbst finanziert und in Raten abbezahlt. \u201eUm Geld zu sparen, habe ich ein paar Monate auf das Busticket verzichtet und bin 45 Minuten vom Heim zum Kurs gelaufen &#8211; das war okay f\u00fcr mich. Ich habe das gerne gemacht\u201c.<\/span><span data-ccp-props=\"{&quot;201341983&quot;:0,&quot;335559739&quot;:160,&quot;335559740&quot;:259}\">\u00a0<\/span><\/p><p><span data-ccp-props=\"{&quot;134233117&quot;:false,&quot;134233118&quot;:false,&quot;201341983&quot;:0,&quot;335559738&quot;:0,&quot;335559739&quot;:0,&quot;335559740&quot;:240}\">\u00a0<\/span><\/p><p><span data-contrast=\"auto\">Bald darauf findet Fidaa \u00fcber das Sozialamt die M\u00f6glichkeit, in einer kreativen Holzwerkstatt zu arbeiten. \u201eDa waren viele Rentnerinnen, die in der Holzwerkstatt gebastelt haben, um sich die Zeit zu vertreiben <\/span><span data-contrast=\"auto\">\u2013<\/span><span data-contrast=\"auto\"> die haben viel geredet\u201c, sagt Fidaa und lacht, so habe er die ersten s\u00e4chsischen Worte gelernt. \u201eDie alten Damen waren toll! Die haben sich immer gestritten, wer mir als n\u00e4chste Geschenke mitbringen darf\u201c. Deshalb habe er sie immer liebevoll \u201emeine Omas\u201c genannt. <\/span><span data-contrast=\"auto\">Auf Bitten des Werkstattleiters bleibt Fidaa im Betrieb und hilft anderen Gefl\u00fcchteten: So hat er angefangen zu \u00fcbersetzen.\u00a0<\/span><span data-ccp-props=\"{&quot;201341983&quot;:0,&quot;335559739&quot;:160,&quot;335559740&quot;:259}\">\u00a0<\/span><\/p><p><span data-contrast=\"auto\">Als er einen weiteren Deutschkurs beginnt, besucht er vormittags den Kurs und arbeitet nachmittags ehrenamtlich als Dolmetscher: \u201eDas war eine gute Zeit. Ich habe viel \u00fcber das deutsche System gelernt\u201c. Sein Lohn? \u201eManchmal habe ich daf\u00fcr Fahrkarten bekommen\u201c.<\/span><span data-ccp-props=\"{&quot;201341983&quot;:0,&quot;335559739&quot;:160,&quot;335559740&quot;:259}\">\u00a0<\/span><\/p><p><span data-contrast=\"auto\">Im Jahr 2016 erh\u00e4lt Fidaa eines Tages einen Anruf von einem Freund: <\/span><a href=\"https:\/\/www.agiua.de\/\" title=\"AGIUA e.V.\" target=\"_blank\" rel=\"noopener\"><span data-contrast=\"none\">AGIUA e. V<\/span><\/a><span data-contrast=\"none\">.<\/span><span data-contrast=\"auto\"> sucht Sozialarbeiter f\u00fcr das Projekt \u201eSoziale Betreuung von Asylsuchenden\u201c. Er bewirbt sich und bekommt den Job. \u201eDort habe ich Familien bei Beh\u00f6rdeng\u00e4ngen geholfen, Antr\u00e4ge ausgef\u00fcllt oder ihre Kinder in der Schule angemeldet\u201c. Dreieinhalb Jahre arbeitet er dort als Betreuer \u2013 sein erster richtiger Job in Deutschland!<\/span><span data-ccp-props=\"{&quot;134233117&quot;:true,&quot;134233118&quot;:true,&quot;201341983&quot;:0,&quot;335559739&quot;:0,&quot;335559740&quot;:240}\">\u00a0<\/span><\/p><p><span data-contrast=\"auto\">Claudia Elsner ist <\/span><span data-contrast=\"none\">Koordinatorin f\u00fcr Migration <\/span><span data-contrast=\"auto\">beim s\u00e4chsischen <\/span><a href=\"https:\/\/www.lasub.smk.sachsen.de\/\" title=\"Landesamt f\u00fcr Schule und Bildung\" target=\"_blank\" rel=\"noopener\"><span data-contrast=\"none\">Landesamt f\u00fcr Schule und Bildung (LaSuB)<\/span><\/a> <span data-contrast=\"none\">am Standort Chemnitz<\/span><span data-contrast=\"auto\">. Fidaa kennt sie zu diesem Zeitpunkt bereits gut, er hat schon einige Male f\u00fcr sie im LaSuB \u00fcbersetzt. Als Fidaa bei ihr eine freie Stelle als Sprach- und Integrationsmittler in der <\/span><a href=\"https:\/\/www.schule.sachsen.de\/schulassistenz-6864.html\" target=\"_blank\" rel=\"noopener\"><span data-contrast=\"none\">Schulassistenz in Sachsen<\/span><\/a><span data-contrast=\"auto\"> sieht, bewirbt er sich direkt. \u201eAls Fidaa sich bewarb und ich ihn zum Gespr\u00e4ch einlud, dachte ich: ,Der kommt bestimmt nicht p\u00fcnktlich, weil wieder was ist&#8216; &#8211; das kann durchaus passieren, wenn man Leute aus anderen Kulturkreisen einstellt. Das ist oft ein K. O.-Kriterium; da kann der Mensch sein, wie er will. Aber das habe ich hier direkt vom Tisch genommen. Man kann nicht erwarten, dass sich jeder vom ersten Tag an wie ein Deutscher verh\u00e4lt!\u201c<\/span><span data-ccp-props=\"{&quot;134233117&quot;:true,&quot;134233118&quot;:true,&quot;201341983&quot;:0,&quot;335559739&quot;:0,&quot;335559740&quot;:240}\">\u00a0<\/span><\/p>\t\t\t\t\t\t\t\t<\/div>\n\t\t\t\t<\/div>\n\t\t\t\t\t<\/div>\n\t\t<\/div>\n\t\t\t\t\t<\/div>\n\t\t<\/section>\n\t\t\t\t<section class=\"elementor-section elementor-top-section elementor-element elementor-element-2ad5428 elementor-section-boxed elementor-section-height-default elementor-section-height-default\" data-id=\"2ad5428\" data-element_type=\"section\" data-e-type=\"section\">\n\t\t\t\t\t\t<div class=\"elementor-container elementor-column-gap-default\">\n\t\t\t\t\t<div class=\"elementor-column elementor-col-100 elementor-top-column elementor-element elementor-element-24b0f01\" data-id=\"24b0f01\" data-element_type=\"column\" data-e-type=\"column\">\n\t\t\t<div class=\"elementor-widget-wrap elementor-element-populated\">\n\t\t\t\t\t\t<div class=\"elementor-element elementor-element-f4b7cfc elementor-widget elementor-widget-spacer\" data-id=\"f4b7cfc\" data-element_type=\"widget\" data-e-type=\"widget\" data-widget_type=\"spacer.default\">\n\t\t\t\t<div class=\"elementor-widget-container\">\n\t\t\t\t\t\t\t<div class=\"elementor-spacer\">\n\t\t\t<div class=\"elementor-spacer-inner\"><\/div>\n\t\t<\/div>\n\t\t\t\t\t\t<\/div>\n\t\t\t\t<\/div>\n\t\t\t\t\t<\/div>\n\t\t<\/div>\n\t\t\t\t\t<\/div>\n\t\t<\/section>\n\t\t\t\t<section class=\"elementor-section elementor-top-section elementor-element elementor-element-3c46958 elementor-section-boxed elementor-section-height-default elementor-section-height-default\" data-id=\"3c46958\" data-element_type=\"section\" data-e-type=\"section\">\n\t\t\t\t\t\t<div class=\"elementor-container elementor-column-gap-default\">\n\t\t\t\t\t<div class=\"elementor-column elementor-col-100 elementor-top-column elementor-element elementor-element-7c6dfa5\" data-id=\"7c6dfa5\" data-element_type=\"column\" data-e-type=\"column\">\n\t\t\t<div class=\"elementor-widget-wrap elementor-element-populated\">\n\t\t\t\t\t\t<div class=\"elementor-element elementor-element-434fad5 elementor-widget elementor-widget-heading\" data-id=\"434fad5\" data-element_type=\"widget\" data-e-type=\"widget\" data-widget_type=\"heading.default\">\n\t\t\t\t<div class=\"elementor-widget-container\">\n\t\t\t\t\t<h2 class=\"elementor-heading-title elementor-size-default\">Ein Br\u00fcckenbauer zwischen den Kulturen <\/h2>\t\t\t\t<\/div>\n\t\t\t\t<\/div>\n\t\t\t\t\t<\/div>\n\t\t<\/div>\n\t\t\t\t\t<\/div>\n\t\t<\/section>\n\t\t\t\t<section class=\"elementor-section elementor-top-section elementor-element elementor-element-64a171e elementor-section-boxed elementor-section-height-default elementor-section-height-default\" data-id=\"64a171e\" data-element_type=\"section\" data-e-type=\"section\">\n\t\t\t\t\t\t<div class=\"elementor-container elementor-column-gap-default\">\n\t\t\t\t\t<div class=\"elementor-column elementor-col-100 elementor-top-column elementor-element elementor-element-3e5c7cb\" data-id=\"3e5c7cb\" data-element_type=\"column\" data-e-type=\"column\">\n\t\t\t<div class=\"elementor-widget-wrap elementor-element-populated\">\n\t\t\t\t\t\t<div class=\"elementor-element elementor-element-a50cc18 elementor-widget elementor-widget-image\" data-id=\"a50cc18\" data-element_type=\"widget\" data-e-type=\"widget\" data-widget_type=\"image.default\">\n\t\t\t\t<div class=\"elementor-widget-container\">\n\t\t\t\t\t\t\t\t\t\t\t\t\t\t\t<img fetchpriority=\"high\" decoding=\"async\" width=\"1024\" height=\"517\" src=\"https:\/\/lehrer-werden-in-sachsen.de\/stage\/wp-content\/uploads\/2023\/07\/SMK-Blog-Header-Schulassistent_1920x970px_06-1024x517.jpg\" class=\"attachment-large size-large wp-image-10702\" alt=\"Fidaa, Sprach- und Integrationsmittler in Chemnitz\" srcset=\"https:\/\/lehrer-werden-in-sachsen.de\/stage\/wp-content\/uploads\/2023\/07\/SMK-Blog-Header-Schulassistent_1920x970px_06-1024x517.jpg 1024w, https:\/\/lehrer-werden-in-sachsen.de\/stage\/wp-content\/uploads\/2023\/07\/SMK-Blog-Header-Schulassistent_1920x970px_06-300x152.jpg 300w, https:\/\/lehrer-werden-in-sachsen.de\/stage\/wp-content\/uploads\/2023\/07\/SMK-Blog-Header-Schulassistent_1920x970px_06-768x388.jpg 768w, https:\/\/lehrer-werden-in-sachsen.de\/stage\/wp-content\/uploads\/2023\/07\/SMK-Blog-Header-Schulassistent_1920x970px_06-1536x776.jpg 1536w, https:\/\/lehrer-werden-in-sachsen.de\/stage\/wp-content\/uploads\/2023\/07\/SMK-Blog-Header-Schulassistent_1920x970px_06.jpg 1920w\" sizes=\"(max-width: 1024px) 100vw, 1024px\" \/>\t\t\t\t\t\t\t\t\t\t\t\t\t\t\t<\/div>\n\t\t\t\t<\/div>\n\t\t\t\t\t<\/div>\n\t\t<\/div>\n\t\t\t\t\t<\/div>\n\t\t<\/section>\n\t\t\t\t<section class=\"elementor-section elementor-top-section elementor-element elementor-element-de8c312 elementor-section-boxed elementor-section-height-default elementor-section-height-default\" data-id=\"de8c312\" data-element_type=\"section\" data-e-type=\"section\">\n\t\t\t\t\t\t<div class=\"elementor-container elementor-column-gap-default\">\n\t\t\t\t\t<div class=\"elementor-column elementor-col-100 elementor-top-column elementor-element elementor-element-c30aad2\" data-id=\"c30aad2\" data-element_type=\"column\" data-e-type=\"column\">\n\t\t\t<div class=\"elementor-widget-wrap elementor-element-populated\">\n\t\t\t\t\t\t<div class=\"elementor-element elementor-element-e3bb646 elementor-widget elementor-widget-spacer\" data-id=\"e3bb646\" data-element_type=\"widget\" data-e-type=\"widget\" data-widget_type=\"spacer.default\">\n\t\t\t\t<div class=\"elementor-widget-container\">\n\t\t\t\t\t\t\t<div class=\"elementor-spacer\">\n\t\t\t<div class=\"elementor-spacer-inner\"><\/div>\n\t\t<\/div>\n\t\t\t\t\t\t<\/div>\n\t\t\t\t<\/div>\n\t\t\t\t\t<\/div>\n\t\t<\/div>\n\t\t\t\t\t<\/div>\n\t\t<\/section>\n\t\t\t\t<section class=\"elementor-section elementor-top-section elementor-element elementor-element-32cb6f1 elementor-section-boxed elementor-section-height-default elementor-section-height-default\" data-id=\"32cb6f1\" data-element_type=\"section\" data-e-type=\"section\">\n\t\t\t\t\t\t<div class=\"elementor-container elementor-column-gap-default\">\n\t\t\t\t\t<div class=\"elementor-column elementor-col-100 elementor-top-column elementor-element elementor-element-c6d3d8b\" data-id=\"c6d3d8b\" data-element_type=\"column\" data-e-type=\"column\">\n\t\t\t<div class=\"elementor-widget-wrap elementor-element-populated\">\n\t\t\t\t\t\t<div class=\"elementor-element elementor-element-d1603b4 elementor-widget elementor-widget-text-editor\" data-id=\"d1603b4\" data-element_type=\"widget\" data-e-type=\"widget\" data-widget_type=\"text-editor.default\">\n\t\t\t\t<div class=\"elementor-widget-container\">\n\t\t\t\t\t\t\t\t\t<p><span data-contrast=\"auto\">Seit 2019 ist Fidaa nun Sprach- und Integrationsmittler an der <\/span><a href=\"https:\/\/oberschule-am-koernerplatz.de\/herzlich-willkommen\" title=\"Oberschule am K\u00f6rnerplatz\" target=\"_blank\" rel=\"noopener\"><span data-contrast=\"none\">Oberschule &#8222;Am K\u00f6rnerplatz&#8220;<\/span><\/a><b><span data-contrast=\"auto\">\u00a0<\/span><\/b><span data-contrast=\"auto\"> in Chemnitz. Wie sieht sein Alltag aus? \u201eMein Tag beginnt um 7.30 Uhr in der Schule. Dann schaue ich, was ansteht. Mein Dienstsitz ist zwar hier an der Oberschule, aber ich unterst\u00fctze auch alle anderen Schulen im Landkreis Chemnitz, Erzgebirge und Mittelsachsen\u201c.<\/span><span data-ccp-props=\"{&quot;134233117&quot;:true,&quot;134233118&quot;:true,&quot;201341983&quot;:0,&quot;335559739&quot;:0,&quot;335559740&quot;:240}\">\u00a0<\/span><\/p><p><span data-contrast=\"auto\">Ein wichtiger Teil seiner t\u00e4glichen Arbeit: das \u00dcbersetzen. Sei es bei Elternabenden, Beurteilungsgespr\u00e4chen oder auch mal am Telefon.\u00a0<\/span><span data-ccp-props=\"{&quot;201341983&quot;:0,&quot;335559739&quot;:160,&quot;335559740&quot;:259}\">\u00a0<\/span><\/p><p><span data-contrast=\"auto\">In den Schulpausen ist Fidaa in dem ihm zugewiesenen Raum: \u201eDie Kinder kommen zu mir und stellen viele Fragen. Manchmal geht es um das Ausf\u00fcllen von Antr\u00e4gen, um die Schulfahrkarte oder Probleme mit anderen Kindern &#8211; dann trommle ich alle zusammen und versuche, das Problem zu l\u00f6sen\u201c.<\/span><span data-ccp-props=\"{&quot;201341983&quot;:0,&quot;335559739&quot;:160,&quot;335559740&quot;:259}\">\u00a0<\/span><\/p><p><span data-contrast=\"auto\">F\u00fcr seine Arbeit als Sprach- und Integrationsmittler bringt Fidaa viele Eigenschaften mit, die Lehrer nicht unbedingt haben: \u201eIch komme aus dem gleichen Kulturkreis wie viele der Kinder mit Migrationshintergrund &#8211; dadurch schaffe ich Verst\u00e4ndnis und Identifikation. Ich bin ihr Vorbild und das Bindeglied zwischen Deutschland und ihrer Herkunft, zwischen der deutschen und der arabischen Sprache.\u201c<\/span><span data-ccp-props=\"{&quot;134233117&quot;:true,&quot;134233118&quot;:true,&quot;201341983&quot;:0,&quot;335559739&quot;:0,&quot;335559740&quot;:240}\">\u00a0<\/span><\/p>\t\t\t\t\t\t\t\t<\/div>\n\t\t\t\t<\/div>\n\t\t\t\t\t<\/div>\n\t\t<\/div>\n\t\t\t\t\t<\/div>\n\t\t<\/section>\n\t\t\t\t<section class=\"elementor-section elementor-top-section elementor-element elementor-element-d748213 elementor-section-boxed elementor-section-height-default elementor-section-height-default\" data-id=\"d748213\" data-element_type=\"section\" data-e-type=\"section\">\n\t\t\t\t\t\t<div class=\"elementor-container elementor-column-gap-default\">\n\t\t\t\t\t<div class=\"elementor-column elementor-col-100 elementor-top-column elementor-element elementor-element-8b35497\" data-id=\"8b35497\" data-element_type=\"column\" data-e-type=\"column\">\n\t\t\t<div class=\"elementor-widget-wrap elementor-element-populated\">\n\t\t\t\t\t\t<div class=\"elementor-element elementor-element-3d5e50a elementor-widget elementor-widget-heading\" data-id=\"3d5e50a\" data-element_type=\"widget\" data-e-type=\"widget\" data-widget_type=\"heading.default\">\n\t\t\t\t<div class=\"elementor-widget-container\">\n\t\t\t\t\t<h2 class=\"elementor-heading-title elementor-size-default\">Die Kinder glauben ihm, wenn er sagt: Ich war einer von euch! <\/h2>\t\t\t\t<\/div>\n\t\t\t\t<\/div>\n\t\t\t\t\t<\/div>\n\t\t<\/div>\n\t\t\t\t\t<\/div>\n\t\t<\/section>\n\t\t\t\t<section class=\"elementor-section elementor-top-section elementor-element elementor-element-06fdb31 elementor-section-boxed elementor-section-height-default elementor-section-height-default\" data-id=\"06fdb31\" data-element_type=\"section\" data-e-type=\"section\">\n\t\t\t\t\t\t<div class=\"elementor-container elementor-column-gap-default\">\n\t\t\t\t\t<div class=\"elementor-column elementor-col-50 elementor-top-column elementor-element elementor-element-b17fc4c\" data-id=\"b17fc4c\" data-element_type=\"column\" data-e-type=\"column\">\n\t\t\t<div class=\"elementor-widget-wrap elementor-element-populated\">\n\t\t\t\t\t\t<div class=\"elementor-element elementor-element-335bb5f elementor-widget elementor-widget-text-editor\" data-id=\"335bb5f\" data-element_type=\"widget\" data-e-type=\"widget\" data-widget_type=\"text-editor.default\">\n\t\t\t\t<div class=\"elementor-widget-container\">\n\t\t\t\t\t\t\t\t\t<p><span data-contrast=\"auto\">Wenn es an der Schule Probleme gibt, denkt Fidaa manchmal an seine eigene Schulzeit zur\u00fcck: \u201eIch erinnere mich noch gut und wei\u00df, dass man manchmal nicht alles so meint, wie man es sagt. Ich hatte fr\u00fcher auch ab und an Schwierigkeiten und wei\u00df daher, dass man die Menschen, die einem aus der Patsche helfen, nie vergisst\u201c.\u00a0<\/span><span data-ccp-props=\"{&quot;134233117&quot;:false,&quot;134233118&quot;:false,&quot;201341983&quot;:0,&quot;335559738&quot;:0,&quot;335559739&quot;:0,&quot;335559740&quot;:240}\">\u00a0<\/span><\/p><p>\u00a0<\/p>\t\t\t\t\t\t\t\t<\/div>\n\t\t\t\t<\/div>\n\t\t\t\t\t<\/div>\n\t\t<\/div>\n\t\t\t\t<div class=\"elementor-column elementor-col-50 elementor-top-column elementor-element elementor-element-f68bf63\" data-id=\"f68bf63\" data-element_type=\"column\" data-e-type=\"column\">\n\t\t\t<div class=\"elementor-widget-wrap elementor-element-populated\">\n\t\t\t\t\t\t<div class=\"elementor-element elementor-element-2e07c1a elementor-widget elementor-widget-image\" data-id=\"2e07c1a\" data-element_type=\"widget\" data-e-type=\"widget\" data-widget_type=\"image.default\">\n\t\t\t\t<div class=\"elementor-widget-container\">\n\t\t\t\t\t\t\t\t\t\t\t\t\t\t\t<img decoding=\"async\" width=\"1024\" height=\"517\" src=\"https:\/\/lehrer-werden-in-sachsen.de\/stage\/wp-content\/uploads\/2023\/07\/SMK-Blog-Header-Schulassistent_1920x970px_02-1024x517.jpg\" class=\"attachment-large size-large wp-image-10698\" alt=\"Fidaa, Sprach- und Integrationsmittler in Chemnitz\" srcset=\"https:\/\/lehrer-werden-in-sachsen.de\/stage\/wp-content\/uploads\/2023\/07\/SMK-Blog-Header-Schulassistent_1920x970px_02-1024x517.jpg 1024w, https:\/\/lehrer-werden-in-sachsen.de\/stage\/wp-content\/uploads\/2023\/07\/SMK-Blog-Header-Schulassistent_1920x970px_02-300x152.jpg 300w, https:\/\/lehrer-werden-in-sachsen.de\/stage\/wp-content\/uploads\/2023\/07\/SMK-Blog-Header-Schulassistent_1920x970px_02-768x388.jpg 768w, https:\/\/lehrer-werden-in-sachsen.de\/stage\/wp-content\/uploads\/2023\/07\/SMK-Blog-Header-Schulassistent_1920x970px_02-1536x776.jpg 1536w, https:\/\/lehrer-werden-in-sachsen.de\/stage\/wp-content\/uploads\/2023\/07\/SMK-Blog-Header-Schulassistent_1920x970px_02.jpg 1920w\" sizes=\"(max-width: 1024px) 100vw, 1024px\" \/>\t\t\t\t\t\t\t\t\t\t\t\t\t\t\t<\/div>\n\t\t\t\t<\/div>\n\t\t\t\t\t<\/div>\n\t\t<\/div>\n\t\t\t\t\t<\/div>\n\t\t<\/section>\n\t\t\t\t<section class=\"elementor-section elementor-top-section elementor-element elementor-element-f747a0c elementor-section-boxed elementor-section-height-default elementor-section-height-default\" data-id=\"f747a0c\" data-element_type=\"section\" data-e-type=\"section\">\n\t\t\t\t\t\t<div class=\"elementor-container elementor-column-gap-default\">\n\t\t\t\t\t<div class=\"elementor-column elementor-col-100 elementor-top-column elementor-element elementor-element-92a87c4\" data-id=\"92a87c4\" data-element_type=\"column\" data-e-type=\"column\">\n\t\t\t<div class=\"elementor-widget-wrap elementor-element-populated\">\n\t\t\t\t\t\t<div class=\"elementor-element elementor-element-d741ab3 elementor-widget elementor-widget-text-editor\" data-id=\"d741ab3\" data-element_type=\"widget\" data-e-type=\"widget\" data-widget_type=\"text-editor.default\">\n\t\t\t\t<div class=\"elementor-widget-container\">\n\t\t\t\t\t\t\t\t\t<p><span data-contrast=\"auto\">Frau Elsner f\u00fcgt anerkennend hinzu, dass Fidaa einen einzigartigen Einfluss habe: \u201eEs gibt noch weitere arabische Sprachmittler, zwei von ihnen waren in ihrem Heimatland bereits Lehrer &#8211; aber die Position des Lehrers ist nicht dieselbe wie die des Sprach- und Integrationsmittlers\u201c. Nicht umsonst geh\u00f6re diese Position zu den Schulassistenten; das sei ein anderer Menschenschlag als Lehrer, n\u00e4mlich auf Augenh\u00f6he mit den Sch\u00fclern. \u201eDie Kinder glauben Fidaa, wenn er sagt: ,Ich war einer von euch!\u2018\u201c<\/span><span data-ccp-props=\"{&quot;134233117&quot;:true,&quot;134233118&quot;:true,&quot;201341983&quot;:0,&quot;335559739&quot;:0,&quot;335559740&quot;:240}\">\u00a0<\/span><\/p>\t\t\t\t\t\t\t\t<\/div>\n\t\t\t\t<\/div>\n\t\t\t\t\t<\/div>\n\t\t<\/div>\n\t\t\t\t\t<\/div>\n\t\t<\/section>\n\t\t\t\t<section class=\"elementor-section elementor-top-section elementor-element elementor-element-8631c6e elementor-section-boxed elementor-section-height-default elementor-section-height-default\" data-id=\"8631c6e\" data-element_type=\"section\" data-e-type=\"section\">\n\t\t\t\t\t\t<div class=\"elementor-container elementor-column-gap-default\">\n\t\t\t\t\t<div class=\"elementor-column elementor-col-100 elementor-top-column elementor-element elementor-element-f7a3ef5\" data-id=\"f7a3ef5\" data-element_type=\"column\" data-e-type=\"column\">\n\t\t\t<div class=\"elementor-widget-wrap elementor-element-populated\">\n\t\t\t\t\t\t\t<\/div>\n\t\t<\/div>\n\t\t\t\t\t<\/div>\n\t\t<\/section>\n\t\t\t\t<section class=\"elementor-section elementor-top-section elementor-element elementor-element-fd72123 elementor-section-boxed elementor-section-height-default elementor-section-height-default\" data-id=\"fd72123\" data-element_type=\"section\" data-e-type=\"section\">\n\t\t\t\t\t\t<div class=\"elementor-container elementor-column-gap-default\">\n\t\t\t\t\t<div class=\"elementor-column elementor-col-100 elementor-top-column elementor-element elementor-element-e6729e7\" data-id=\"e6729e7\" data-element_type=\"column\" data-e-type=\"column\">\n\t\t\t<div class=\"elementor-widget-wrap elementor-element-populated\">\n\t\t\t\t\t\t<div class=\"elementor-element elementor-element-3b65487 elementor-widget elementor-widget-heading\" data-id=\"3b65487\" data-element_type=\"widget\" data-e-type=\"widget\" data-widget_type=\"heading.default\">\n\t\t\t\t<div class=\"elementor-widget-container\">\n\t\t\t\t\t<h2 class=\"elementor-heading-title elementor-size-default\">Integration durch Verst\u00e4ndigung und Sport<\/h2>\t\t\t\t<\/div>\n\t\t\t\t<\/div>\n\t\t\t\t\t<\/div>\n\t\t<\/div>\n\t\t\t\t\t<\/div>\n\t\t<\/section>\n\t\t\t\t<section class=\"elementor-section elementor-top-section elementor-element elementor-element-2c5382f elementor-section-boxed elementor-section-height-default elementor-section-height-default\" data-id=\"2c5382f\" data-element_type=\"section\" data-e-type=\"section\">\n\t\t\t\t\t\t<div class=\"elementor-container elementor-column-gap-default\">\n\t\t\t\t\t<div class=\"elementor-column elementor-col-100 elementor-top-column elementor-element elementor-element-28bf2fd\" data-id=\"28bf2fd\" data-element_type=\"column\" data-e-type=\"column\">\n\t\t\t<div class=\"elementor-widget-wrap elementor-element-populated\">\n\t\t\t\t\t\t<div class=\"elementor-element elementor-element-b5ffc37 elementor-widget elementor-widget-text-editor\" data-id=\"b5ffc37\" data-element_type=\"widget\" data-e-type=\"widget\" data-widget_type=\"text-editor.default\">\n\t\t\t\t<div class=\"elementor-widget-container\">\n\t\t\t\t\t\t\t\t\t<p><span data-contrast=\"auto\">Eine von Fidaas gro\u00dfen Herausforderungen ist es, gegenseitiges Verst\u00e4ndnis zu schaffen: bei den arabischen Familien f\u00fcr das System in Deutschland, bei den Deutschen f\u00fcr die Kultur dieser Menschen. Um dies zu erreichen, initiierte er einen arabischen Elternabend in der Stadt Chemnitz. Die <\/span><a href=\"https:\/\/www.vhs-chemnitz.de\/\" title=\"Volkshochschule Chemnitz\" target=\"_blank\" rel=\"noopener\"><span data-contrast=\"none\">Volkshochschule<\/span><\/a><span data-contrast=\"auto\"> stellte einen Raum zur Verf\u00fcgung, der Imam wurde eingeladen. Claudia Elsner \u00fcbernahm den rechtlichen Teil, die Hauptverantwortung f\u00fcr die Organisation lag bei Fidaa.<\/span><\/p><p><span data-contrast=\"auto\"> \u201eMein Ziel war es, zu zeigen, dass die Schule nichts B\u00f6ses will, dass auch das deutsche Jugendamt nichts B\u00f6ses will\u201c, sagt Fidaa. Und Frau Elsner erg\u00e4nzt: \u201eWir wissen, dass es in Sachsen viel Ausl\u00e4nderfeindlichkeit gibt, aber man kann auch nicht immer alles darauf schieben\u201c.<\/span><span data-ccp-props=\"{&quot;134233117&quot;:false,&quot;134233118&quot;:false,&quot;201341983&quot;:0,&quot;335559738&quot;:0,&quot;335559739&quot;:0,&quot;335559740&quot;:240}\">\u00a0<\/span><\/p><p><span data-contrast=\"auto\">Und Fidaas Engagement geht noch weiter: Seit diesem Schuljahr hat er die Basketball-AG der Schule \u00fcbernommen. Beim letzten Ostercamp in Chemnitz, der <\/span><a href=\"https:\/\/raiseupacademy.com\/\" title=\"Raise Up Academy\" target=\"_blank\" rel=\"noopener\"><span data-contrast=\"none\">\u201aRaise Up Academy\u2018<\/span><\/a><span data-contrast=\"auto\"> unter der Leitung von Profispieler Malte Ziegenhagen, nahmen auch Fl\u00fcchtlingskinder teil. Darunter ein Kind aus Venezuela, das vorher noch nie Basketball gespielt hatte. \u201eSchon am zweiten Tag war er einer der Besten! Das war eine gro\u00dfe \u00dcberraschung. Sogar Bundesligaspieler sind auf ihn aufmerksam geworden und er hat einen Preis gewonnen. Da war ich einen Monat lang gl\u00fccklich\u201c, berichtet Fidaa ger\u00fchrt. Und weiter: \u201eIch versuche, so viel wie m\u00f6glich f\u00fcr die Kinder zu tun. Ich selbst komme aus einem Fl\u00fcchtlingsgebiet. Dort haben wir auch Sport getrieben: auf der Stra\u00dfe mit einer Socke statt einem Ball\u201c. <\/span><span data-contrast=\"auto\">F\u00fcr viele Kinder sei Sport selbstverst\u00e4ndlich, f\u00fcr manche sei er ein Wunder.<\/span><span data-ccp-props=\"{&quot;134233117&quot;:true,&quot;134233118&quot;:true,&quot;201341983&quot;:0,&quot;335559739&quot;:0,&quot;335559740&quot;:240}\">\u00a0<\/span><\/p><p><span data-contrast=\"auto\">Fragt man Fidaa, wie er das alles geschafft hat, antwortet er ernst, aber mit sanfter Stimme: \u201eWeil ich bisher viele gute Menschen um mich hatte. Dank ihnen konnte ich viel Gutes erreichen. Daf\u00fcr bin ich sehr dankbar\u201c.<\/span><span data-ccp-props=\"{&quot;201341983&quot;:0,&quot;335559739&quot;:160,&quot;335559740&quot;:259}\">\u00a0<\/span><\/p>\t\t\t\t\t\t\t\t<\/div>\n\t\t\t\t<\/div>\n\t\t\t\t\t<\/div>\n\t\t<\/div>\n\t\t\t\t\t<\/div>\n\t\t<\/section>\n\t\t\t\t<section class=\"elementor-section elementor-top-section elementor-element elementor-element-dfea432 elementor-section-boxed elementor-section-height-default elementor-section-height-default\" data-id=\"dfea432\" data-element_type=\"section\" data-e-type=\"section\">\n\t\t\t\t\t\t<div class=\"elementor-container elementor-column-gap-default\">\n\t\t\t\t\t<div class=\"elementor-column elementor-col-100 elementor-top-column elementor-element elementor-element-9b9c660\" data-id=\"9b9c660\" data-element_type=\"column\" data-e-type=\"column\">\n\t\t\t<div class=\"elementor-widget-wrap elementor-element-populated\">\n\t\t\t\t\t\t<div class=\"elementor-element elementor-element-5ef13c7 elementor-widget elementor-widget-text-editor\" data-id=\"5ef13c7\" data-element_type=\"widget\" data-e-type=\"widget\" data-widget_type=\"text-editor.default\">\n\t\t\t\t<div class=\"elementor-widget-container\">\n\t\t\t\t\t\t\t\t\t<p><span class=\"TextRun SCXW228581039 BCX8\" lang=\"DE-DE\" xml:lang=\"DE-DE\" data-contrast=\"auto\"><span class=\"NormalTextRun SCXW228581039 BCX8\">Dank seiner <\/span><span class=\"NormalTextRun SCXW228581039 BCX8\">Ausdauer<\/span><span class=\"NormalTextRun SCXW228581039 BCX8\"> und seines Engagements hat<\/span><span class=\"NormalTextRun SCXW228581039 BCX8\"> Fidaa<\/span><span class=\"NormalTextRun SCXW228581039 BCX8\"> inzwischen sogar die deutsche Staatsb\u00fcrgerschaft erhalten.<\/span><\/span><span class=\"EOP SCXW228581039 BCX8\" data-ccp-props=\"{&quot;201341983&quot;:0,&quot;335559739&quot;:160,&quot;335559740&quot;:259}\">\u00a0<\/span><\/p>\t\t\t\t\t\t\t\t<\/div>\n\t\t\t\t<\/div>\n\t\t\t\t\t<\/div>\n\t\t<\/div>\n\t\t\t\t\t<\/div>\n\t\t<\/section>\n\t\t\t\t<section class=\"elementor-section elementor-top-section elementor-element elementor-element-eaa120f elementor-section-boxed elementor-section-height-default elementor-section-height-default\" data-id=\"eaa120f\" data-element_type=\"section\" data-e-type=\"section\">\n\t\t\t\t\t\t<div class=\"elementor-container elementor-column-gap-default\">\n\t\t\t\t\t<div class=\"elementor-column elementor-col-100 elementor-top-column elementor-element elementor-element-89a9b98\" data-id=\"89a9b98\" data-element_type=\"column\" data-e-type=\"column\">\n\t\t\t<div class=\"elementor-widget-wrap elementor-element-populated\">\n\t\t\t\t\t\t\t<\/div>\n\t\t<\/div>\n\t\t\t\t\t<\/div>\n\t\t<\/section>\n\t\t\t\t<section class=\"elementor-section elementor-top-section elementor-element elementor-element-32cdc3c elementor-section-boxed elementor-section-height-default elementor-section-height-default\" data-id=\"32cdc3c\" data-element_type=\"section\" data-e-type=\"section\">\n\t\t\t\t\t\t<div class=\"elementor-container elementor-column-gap-default\">\n\t\t\t\t\t<div class=\"elementor-column elementor-col-100 elementor-top-column elementor-element elementor-element-c1cd103\" data-id=\"c1cd103\" data-element_type=\"column\" data-e-type=\"column\">\n\t\t\t<div class=\"elementor-widget-wrap elementor-element-populated\">\n\t\t\t\t\t\t<div class=\"elementor-element elementor-element-98d6a78 elementor-widget elementor-widget-heading\" data-id=\"98d6a78\" data-element_type=\"widget\" data-e-type=\"widget\" data-widget_type=\"heading.default\">\n\t\t\t\t<div class=\"elementor-widget-container\">\n\t\t\t\t\t<h2 class=\"elementor-heading-title elementor-size-default\">Du m\u00f6chtest Sprach- und Integrationsmittler werden? <\/h2>\t\t\t\t<\/div>\n\t\t\t\t<\/div>\n\t\t\t\t\t<\/div>\n\t\t<\/div>\n\t\t\t\t\t<\/div>\n\t\t<\/section>\n\t\t\t\t<section class=\"elementor-section elementor-top-section elementor-element elementor-element-4ceec11 elementor-section-boxed elementor-section-height-default elementor-section-height-default\" data-id=\"4ceec11\" data-element_type=\"section\" data-e-type=\"section\">\n\t\t\t\t\t\t<div class=\"elementor-container elementor-column-gap-default\">\n\t\t\t\t\t<div class=\"elementor-column elementor-col-100 elementor-top-column elementor-element elementor-element-78b527f\" data-id=\"78b527f\" data-element_type=\"column\" data-e-type=\"column\">\n\t\t\t<div class=\"elementor-widget-wrap elementor-element-populated\">\n\t\t\t\t\t\t<div class=\"elementor-element elementor-element-8a8f4a4 elementor-align-left elementor-widget elementor-widget-button\" data-id=\"8a8f4a4\" data-element_type=\"widget\" data-e-type=\"widget\" data-widget_type=\"button.default\">\n\t\t\t\t<div class=\"elementor-widget-container\">\n\t\t\t\t\t\t\t\t\t<div class=\"elementor-button-wrapper\">\n\t\t\t\t\t<a class=\"elementor-button elementor-button-link elementor-size-sm\" href=\"https:\/\/lehrer-werden-in-sachsen.de\/die-schulassistenz-in-sachsen\/\" target=\"_blank\" title=\"Schulassistenz in Sachsen\">\n\t\t\t\t\t\t<span class=\"elementor-button-content-wrapper\">\n\t\t\t\t\t\t\t\t\t<span class=\"elementor-button-text\">Dann informiere dich hier zur Schulassistenz in Sachsen! <\/span>\n\t\t\t\t\t<\/span>\n\t\t\t\t\t<\/a>\n\t\t\t\t<\/div>\n\t\t\t\t\t\t\t\t<\/div>\n\t\t\t\t<\/div>\n\t\t\t\t\t<\/div>\n\t\t<\/div>\n\t\t\t\t\t<\/div>\n\t\t<\/section>\n\t\t\t\t<section class=\"elementor-section elementor-top-section elementor-element elementor-element-0f73298 elementor-section-boxed elementor-section-height-default elementor-section-height-default\" data-id=\"0f73298\" data-element_type=\"section\" data-e-type=\"section\">\n\t\t\t\t\t\t<div class=\"elementor-container elementor-column-gap-default\">\n\t\t\t\t\t<div class=\"elementor-column elementor-col-100 elementor-top-column elementor-element elementor-element-3469fe0\" data-id=\"3469fe0\" data-element_type=\"column\" data-e-type=\"column\">\n\t\t\t<div class=\"elementor-widget-wrap\">\n\t\t\t\t\t\t\t<\/div>\n\t\t<\/div>\n\t\t\t\t\t<\/div>\n\t\t<\/section>\n\t\t\t\t<\/div>\n\t\t","protected":false},"excerpt":{"rendered":"<p>Fidaa Alburbars Geschichte handelt von Flucht und Vertreibung. Vor allem aber von Neuanfang, Mut und gelungener Integration in Sachsen.<\/p>\n","protected":false},"author":13,"featured_media":10697,"comment_status":"closed","ping_status":"closed","sticky":false,"template":"","format":"standard","meta":{"footnotes":""},"categories":[46],"tags":[124,120,114,119],"class_list":["post-10694","post","type-post","status-publish","format-standard","has-post-thumbnail","hentry","category-blog","tag-gymnasium","tag-integration","tag-oberschule","tag-schulassistenz"],"yoast_head":"<!-- This site is optimized with the Yoast SEO plugin v27.3 - https:\/\/yoast.com\/product\/yoast-seo-wordpress\/ -->\n<title>LEHRERIN SACHSEN | Sprach- und Integrationsmittler in Sachsen<\/title>\n<meta name=\"description\" content=\"Wir haben den Sprach- und Integrationsmittler aus Gaza zum Interview getroffen. Er hat uns seine inspirierende Geschichte erz\u00e4hlt.\" \/>\n<meta name=\"robots\" content=\"index, follow, max-snippet:-1, max-image-preview:large, max-video-preview:-1\" \/>\n<link rel=\"canonical\" href=\"https:\/\/lehrer-werden-in-sachsen.de\/sprach-und-integrationsmittler-in-sachsen\/\" \/>\n<meta property=\"og:locale\" content=\"de_DE\" \/>\n<meta property=\"og:type\" content=\"article\" \/>\n<meta property=\"og:title\" content=\"LEHRERIN SACHSEN | Sprach- und Integrationsmittler in Sachsen\" \/>\n<meta property=\"og:description\" content=\"Wir haben den Sprach- und Integrationsmittler aus Gaza zum Interview getroffen. Er hat uns seine inspirierende Geschichte erz\u00e4hlt.\" \/>\n<meta property=\"og:url\" content=\"https:\/\/lehrer-werden-in-sachsen.de\/sprach-und-integrationsmittler-in-sachsen\/\" \/>\n<meta property=\"og:site_name\" content=\"LEHRERIN SACHSEN\" \/>\n<meta property=\"article:published_time\" content=\"2023-07-13T11:50:15+00:00\" \/>\n<meta property=\"article:modified_time\" content=\"2025-07-11T12:12:53+00:00\" \/>\n<meta property=\"og:image\" content=\"https:\/\/lehrer-werden-in-sachsen.de\/wp-content\/uploads\/2023\/07\/SMK-Blog-Header-Schulassistent_1920x970px_01.jpg\" \/>\n\t<meta property=\"og:image:width\" content=\"1920\" \/>\n\t<meta property=\"og:image:height\" content=\"970\" \/>\n\t<meta property=\"og:image:type\" content=\"image\/jpeg\" \/>\n<meta name=\"author\" content=\"Maria Kretschmann\" \/>\n<meta name=\"twitter:card\" content=\"summary_large_image\" \/>\n<meta name=\"twitter:label1\" content=\"Verfasst von\" \/>\n\t<meta name=\"twitter:data1\" content=\"Maria Kretschmann\" \/>\n\t<meta name=\"twitter:label2\" content=\"Gesch\u00e4tzte Lesezeit\" \/>\n\t<meta name=\"twitter:data2\" content=\"6\u00a0Minuten\" \/>\n<script type=\"application\/ld+json\" class=\"yoast-schema-graph\">{\"@context\":\"https:\\\/\\\/schema.org\",\"@graph\":[{\"@type\":\"Article\",\"@id\":\"https:\\\/\\\/lehrer-werden-in-sachsen.de\\\/sprach-und-integrationsmittler-in-sachsen\\\/#article\",\"isPartOf\":{\"@id\":\"https:\\\/\\\/lehrer-werden-in-sachsen.de\\\/sprach-und-integrationsmittler-in-sachsen\\\/\"},\"author\":{\"name\":\"Maria Kretschmann\",\"@id\":\"https:\\\/\\\/lehrer-werden-in-sachsen.de\\\/#\\\/schema\\\/person\\\/4a127ffcfbf4e52ff0f66dcd7b4a5cc1\"},\"headline\":\"Gelungene Integration in Sachsen: Die inspirierende Geschichte eines Sprach- und Integrationsmittlers aus Gaza\",\"datePublished\":\"2023-07-13T11:50:15+00:00\",\"dateModified\":\"2025-07-11T12:12:53+00:00\",\"mainEntityOfPage\":{\"@id\":\"https:\\\/\\\/lehrer-werden-in-sachsen.de\\\/sprach-und-integrationsmittler-in-sachsen\\\/\"},\"wordCount\":1322,\"publisher\":{\"@id\":\"https:\\\/\\\/lehrer-werden-in-sachsen.de\\\/#organization\"},\"image\":{\"@id\":\"https:\\\/\\\/lehrer-werden-in-sachsen.de\\\/sprach-und-integrationsmittler-in-sachsen\\\/#primaryimage\"},\"thumbnailUrl\":\"https:\\\/\\\/lehrer-werden-in-sachsen.de\\\/stage\\\/wp-content\\\/uploads\\\/2023\\\/07\\\/SMK-Blog-Header-Schulassistent_1920x970px_01.jpg\",\"keywords\":[\"Gymnasium\",\"Integration\",\"Oberschule\",\"Schulassistenz\"],\"articleSection\":[\"Blog\"],\"inLanguage\":\"de\"},{\"@type\":\"WebPage\",\"@id\":\"https:\\\/\\\/lehrer-werden-in-sachsen.de\\\/sprach-und-integrationsmittler-in-sachsen\\\/\",\"url\":\"https:\\\/\\\/lehrer-werden-in-sachsen.de\\\/sprach-und-integrationsmittler-in-sachsen\\\/\",\"name\":\"LEHRERIN SACHSEN | Sprach- und Integrationsmittler in Sachsen\",\"isPartOf\":{\"@id\":\"https:\\\/\\\/lehrer-werden-in-sachsen.de\\\/#website\"},\"primaryImageOfPage\":{\"@id\":\"https:\\\/\\\/lehrer-werden-in-sachsen.de\\\/sprach-und-integrationsmittler-in-sachsen\\\/#primaryimage\"},\"image\":{\"@id\":\"https:\\\/\\\/lehrer-werden-in-sachsen.de\\\/sprach-und-integrationsmittler-in-sachsen\\\/#primaryimage\"},\"thumbnailUrl\":\"https:\\\/\\\/lehrer-werden-in-sachsen.de\\\/stage\\\/wp-content\\\/uploads\\\/2023\\\/07\\\/SMK-Blog-Header-Schulassistent_1920x970px_01.jpg\",\"datePublished\":\"2023-07-13T11:50:15+00:00\",\"dateModified\":\"2025-07-11T12:12:53+00:00\",\"description\":\"Wir haben den Sprach- und Integrationsmittler aus Gaza zum Interview getroffen. Er hat uns seine inspirierende Geschichte erz\u00e4hlt.\",\"breadcrumb\":{\"@id\":\"https:\\\/\\\/lehrer-werden-in-sachsen.de\\\/sprach-und-integrationsmittler-in-sachsen\\\/#breadcrumb\"},\"inLanguage\":\"de\",\"potentialAction\":[{\"@type\":\"ReadAction\",\"target\":[\"https:\\\/\\\/lehrer-werden-in-sachsen.de\\\/sprach-und-integrationsmittler-in-sachsen\\\/\"]}]},{\"@type\":\"ImageObject\",\"inLanguage\":\"de\",\"@id\":\"https:\\\/\\\/lehrer-werden-in-sachsen.de\\\/sprach-und-integrationsmittler-in-sachsen\\\/#primaryimage\",\"url\":\"https:\\\/\\\/lehrer-werden-in-sachsen.de\\\/stage\\\/wp-content\\\/uploads\\\/2023\\\/07\\\/SMK-Blog-Header-Schulassistent_1920x970px_01.jpg\",\"contentUrl\":\"https:\\\/\\\/lehrer-werden-in-sachsen.de\\\/stage\\\/wp-content\\\/uploads\\\/2023\\\/07\\\/SMK-Blog-Header-Schulassistent_1920x970px_01.jpg\",\"width\":1920,\"height\":970,\"caption\":\"Fidaa, Sprach- und Integrationsmittler in Chemnitz im Gespr\u00e4ch\"},{\"@type\":\"BreadcrumbList\",\"@id\":\"https:\\\/\\\/lehrer-werden-in-sachsen.de\\\/sprach-und-integrationsmittler-in-sachsen\\\/#breadcrumb\",\"itemListElement\":[{\"@type\":\"ListItem\",\"position\":1,\"name\":\"Startseite\",\"item\":\"https:\\\/\\\/lehrer-werden-in-sachsen.de\\\/\"},{\"@type\":\"ListItem\",\"position\":2,\"name\":\"Gelungene Integration in Sachsen: Die inspirierende Geschichte eines Sprach- und Integrationsmittlers aus Gaza\"}]},{\"@type\":\"WebSite\",\"@id\":\"https:\\\/\\\/lehrer-werden-in-sachsen.de\\\/#website\",\"url\":\"https:\\\/\\\/lehrer-werden-in-sachsen.de\\\/\",\"name\":\"LEHRERIN SACHSEN\",\"description\":\"Eine Klasse f\u00fcr sich.\",\"publisher\":{\"@id\":\"https:\\\/\\\/lehrer-werden-in-sachsen.de\\\/#organization\"},\"potentialAction\":[{\"@type\":\"SearchAction\",\"target\":{\"@type\":\"EntryPoint\",\"urlTemplate\":\"https:\\\/\\\/lehrer-werden-in-sachsen.de\\\/?s={search_term_string}\"},\"query-input\":{\"@type\":\"PropertyValueSpecification\",\"valueRequired\":true,\"valueName\":\"search_term_string\"}}],\"inLanguage\":\"de\"},{\"@type\":\"Organization\",\"@id\":\"https:\\\/\\\/lehrer-werden-in-sachsen.de\\\/#organization\",\"name\":\"LEHRERIN SACHSEN\",\"url\":\"https:\\\/\\\/lehrer-werden-in-sachsen.de\\\/\",\"logo\":{\"@type\":\"ImageObject\",\"inLanguage\":\"de\",\"@id\":\"https:\\\/\\\/lehrer-werden-in-sachsen.de\\\/#\\\/schema\\\/logo\\\/image\\\/\",\"url\":\"https:\\\/\\\/lehrer-werden-in-sachsen.de\\\/stage\\\/wp-content\\\/uploads\\\/2022\\\/02\\\/SMK_Leherin-Sachsen-Marke_RGB_Violett-Orange.svg\",\"contentUrl\":\"https:\\\/\\\/lehrer-werden-in-sachsen.de\\\/stage\\\/wp-content\\\/uploads\\\/2022\\\/02\\\/SMK_Leherin-Sachsen-Marke_RGB_Violett-Orange.svg\",\"caption\":\"LEHRERIN SACHSEN\"},\"image\":{\"@id\":\"https:\\\/\\\/lehrer-werden-in-sachsen.de\\\/#\\\/schema\\\/logo\\\/image\\\/\"}},{\"@type\":\"Person\",\"@id\":\"https:\\\/\\\/lehrer-werden-in-sachsen.de\\\/#\\\/schema\\\/person\\\/4a127ffcfbf4e52ff0f66dcd7b4a5cc1\",\"name\":\"Maria Kretschmann\",\"image\":{\"@type\":\"ImageObject\",\"inLanguage\":\"de\",\"@id\":\"https:\\\/\\\/secure.gravatar.com\\\/avatar\\\/785963a239158e0d036c182ccde6b24c2d0822b83af8ab1b3773045a106114df?s=96&d=mm&r=g\",\"url\":\"https:\\\/\\\/secure.gravatar.com\\\/avatar\\\/785963a239158e0d036c182ccde6b24c2d0822b83af8ab1b3773045a106114df?s=96&d=mm&r=g\",\"contentUrl\":\"https:\\\/\\\/secure.gravatar.com\\\/avatar\\\/785963a239158e0d036c182ccde6b24c2d0822b83af8ab1b3773045a106114df?s=96&d=mm&r=g\",\"caption\":\"Maria Kretschmann\"},\"url\":\"https:\\\/\\\/lehrer-werden-in-sachsen.de\\\/stage\\\/author\\\/maria-kretschmann\\\/\"}]}<\/script>\n<!-- \/ Yoast SEO plugin. -->","yoast_head_json":{"title":"LEHRERIN SACHSEN | Sprach- und Integrationsmittler in Sachsen","description":"Wir haben den Sprach- und Integrationsmittler aus Gaza zum Interview getroffen. Er hat uns seine inspirierende Geschichte erz\u00e4hlt.","robots":{"index":"index","follow":"follow","max-snippet":"max-snippet:-1","max-image-preview":"max-image-preview:large","max-video-preview":"max-video-preview:-1"},"canonical":"https:\/\/lehrer-werden-in-sachsen.de\/sprach-und-integrationsmittler-in-sachsen\/","og_locale":"de_DE","og_type":"article","og_title":"LEHRERIN SACHSEN | Sprach- und Integrationsmittler in Sachsen","og_description":"Wir haben den Sprach- und Integrationsmittler aus Gaza zum Interview getroffen. Er hat uns seine inspirierende Geschichte erz\u00e4hlt.","og_url":"https:\/\/lehrer-werden-in-sachsen.de\/sprach-und-integrationsmittler-in-sachsen\/","og_site_name":"LEHRERIN SACHSEN","article_published_time":"2023-07-13T11:50:15+00:00","article_modified_time":"2025-07-11T12:12:53+00:00","og_image":[{"width":1920,"height":970,"url":"https:\/\/lehrer-werden-in-sachsen.de\/wp-content\/uploads\/2023\/07\/SMK-Blog-Header-Schulassistent_1920x970px_01.jpg","type":"image\/jpeg"}],"author":"Maria Kretschmann","twitter_card":"summary_large_image","twitter_misc":{"Verfasst von":"Maria Kretschmann","Gesch\u00e4tzte Lesezeit":"6\u00a0Minuten"},"schema":{"@context":"https:\/\/schema.org","@graph":[{"@type":"Article","@id":"https:\/\/lehrer-werden-in-sachsen.de\/sprach-und-integrationsmittler-in-sachsen\/#article","isPartOf":{"@id":"https:\/\/lehrer-werden-in-sachsen.de\/sprach-und-integrationsmittler-in-sachsen\/"},"author":{"name":"Maria Kretschmann","@id":"https:\/\/lehrer-werden-in-sachsen.de\/#\/schema\/person\/4a127ffcfbf4e52ff0f66dcd7b4a5cc1"},"headline":"Gelungene Integration in Sachsen: Die inspirierende Geschichte eines Sprach- und Integrationsmittlers aus Gaza","datePublished":"2023-07-13T11:50:15+00:00","dateModified":"2025-07-11T12:12:53+00:00","mainEntityOfPage":{"@id":"https:\/\/lehrer-werden-in-sachsen.de\/sprach-und-integrationsmittler-in-sachsen\/"},"wordCount":1322,"publisher":{"@id":"https:\/\/lehrer-werden-in-sachsen.de\/#organization"},"image":{"@id":"https:\/\/lehrer-werden-in-sachsen.de\/sprach-und-integrationsmittler-in-sachsen\/#primaryimage"},"thumbnailUrl":"https:\/\/lehrer-werden-in-sachsen.de\/stage\/wp-content\/uploads\/2023\/07\/SMK-Blog-Header-Schulassistent_1920x970px_01.jpg","keywords":["Gymnasium","Integration","Oberschule","Schulassistenz"],"articleSection":["Blog"],"inLanguage":"de"},{"@type":"WebPage","@id":"https:\/\/lehrer-werden-in-sachsen.de\/sprach-und-integrationsmittler-in-sachsen\/","url":"https:\/\/lehrer-werden-in-sachsen.de\/sprach-und-integrationsmittler-in-sachsen\/","name":"LEHRERIN SACHSEN | Sprach- und Integrationsmittler in Sachsen","isPartOf":{"@id":"https:\/\/lehrer-werden-in-sachsen.de\/#website"},"primaryImageOfPage":{"@id":"https:\/\/lehrer-werden-in-sachsen.de\/sprach-und-integrationsmittler-in-sachsen\/#primaryimage"},"image":{"@id":"https:\/\/lehrer-werden-in-sachsen.de\/sprach-und-integrationsmittler-in-sachsen\/#primaryimage"},"thumbnailUrl":"https:\/\/lehrer-werden-in-sachsen.de\/stage\/wp-content\/uploads\/2023\/07\/SMK-Blog-Header-Schulassistent_1920x970px_01.jpg","datePublished":"2023-07-13T11:50:15+00:00","dateModified":"2025-07-11T12:12:53+00:00","description":"Wir haben den Sprach- und Integrationsmittler aus Gaza zum Interview getroffen. Er hat uns seine inspirierende Geschichte erz\u00e4hlt.","breadcrumb":{"@id":"https:\/\/lehrer-werden-in-sachsen.de\/sprach-und-integrationsmittler-in-sachsen\/#breadcrumb"},"inLanguage":"de","potentialAction":[{"@type":"ReadAction","target":["https:\/\/lehrer-werden-in-sachsen.de\/sprach-und-integrationsmittler-in-sachsen\/"]}]},{"@type":"ImageObject","inLanguage":"de","@id":"https:\/\/lehrer-werden-in-sachsen.de\/sprach-und-integrationsmittler-in-sachsen\/#primaryimage","url":"https:\/\/lehrer-werden-in-sachsen.de\/stage\/wp-content\/uploads\/2023\/07\/SMK-Blog-Header-Schulassistent_1920x970px_01.jpg","contentUrl":"https:\/\/lehrer-werden-in-sachsen.de\/stage\/wp-content\/uploads\/2023\/07\/SMK-Blog-Header-Schulassistent_1920x970px_01.jpg","width":1920,"height":970,"caption":"Fidaa, Sprach- und Integrationsmittler in Chemnitz im Gespr\u00e4ch"},{"@type":"BreadcrumbList","@id":"https:\/\/lehrer-werden-in-sachsen.de\/sprach-und-integrationsmittler-in-sachsen\/#breadcrumb","itemListElement":[{"@type":"ListItem","position":1,"name":"Startseite","item":"https:\/\/lehrer-werden-in-sachsen.de\/"},{"@type":"ListItem","position":2,"name":"Gelungene Integration in Sachsen: Die inspirierende Geschichte eines Sprach- und Integrationsmittlers aus Gaza"}]},{"@type":"WebSite","@id":"https:\/\/lehrer-werden-in-sachsen.de\/#website","url":"https:\/\/lehrer-werden-in-sachsen.de\/","name":"LEHRERIN SACHSEN","description":"Eine Klasse f\u00fcr sich.","publisher":{"@id":"https:\/\/lehrer-werden-in-sachsen.de\/#organization"},"potentialAction":[{"@type":"SearchAction","target":{"@type":"EntryPoint","urlTemplate":"https:\/\/lehrer-werden-in-sachsen.de\/?s={search_term_string}"},"query-input":{"@type":"PropertyValueSpecification","valueRequired":true,"valueName":"search_term_string"}}],"inLanguage":"de"},{"@type":"Organization","@id":"https:\/\/lehrer-werden-in-sachsen.de\/#organization","name":"LEHRERIN SACHSEN","url":"https:\/\/lehrer-werden-in-sachsen.de\/","logo":{"@type":"ImageObject","inLanguage":"de","@id":"https:\/\/lehrer-werden-in-sachsen.de\/#\/schema\/logo\/image\/","url":"https:\/\/lehrer-werden-in-sachsen.de\/stage\/wp-content\/uploads\/2022\/02\/SMK_Leherin-Sachsen-Marke_RGB_Violett-Orange.svg","contentUrl":"https:\/\/lehrer-werden-in-sachsen.de\/stage\/wp-content\/uploads\/2022\/02\/SMK_Leherin-Sachsen-Marke_RGB_Violett-Orange.svg","caption":"LEHRERIN SACHSEN"},"image":{"@id":"https:\/\/lehrer-werden-in-sachsen.de\/#\/schema\/logo\/image\/"}},{"@type":"Person","@id":"https:\/\/lehrer-werden-in-sachsen.de\/#\/schema\/person\/4a127ffcfbf4e52ff0f66dcd7b4a5cc1","name":"Maria Kretschmann","image":{"@type":"ImageObject","inLanguage":"de","@id":"https:\/\/secure.gravatar.com\/avatar\/785963a239158e0d036c182ccde6b24c2d0822b83af8ab1b3773045a106114df?s=96&d=mm&r=g","url":"https:\/\/secure.gravatar.com\/avatar\/785963a239158e0d036c182ccde6b24c2d0822b83af8ab1b3773045a106114df?s=96&d=mm&r=g","contentUrl":"https:\/\/secure.gravatar.com\/avatar\/785963a239158e0d036c182ccde6b24c2d0822b83af8ab1b3773045a106114df?s=96&d=mm&r=g","caption":"Maria Kretschmann"},"url":"https:\/\/lehrer-werden-in-sachsen.de\/stage\/author\/maria-kretschmann\/"}]}},"_links":{"self":[{"href":"https:\/\/lehrer-werden-in-sachsen.de\/stage\/wp-json\/wp\/v2\/posts\/10694","targetHints":{"allow":["GET"]}}],"collection":[{"href":"https:\/\/lehrer-werden-in-sachsen.de\/stage\/wp-json\/wp\/v2\/posts"}],"about":[{"href":"https:\/\/lehrer-werden-in-sachsen.de\/stage\/wp-json\/wp\/v2\/types\/post"}],"author":[{"embeddable":true,"href":"https:\/\/lehrer-werden-in-sachsen.de\/stage\/wp-json\/wp\/v2\/users\/13"}],"replies":[{"embeddable":true,"href":"https:\/\/lehrer-werden-in-sachsen.de\/stage\/wp-json\/wp\/v2\/comments?post=10694"}],"version-history":[{"count":51,"href":"https:\/\/lehrer-werden-in-sachsen.de\/stage\/wp-json\/wp\/v2\/posts\/10694\/revisions"}],"predecessor-version":[{"id":21605,"href":"https:\/\/lehrer-werden-in-sachsen.de\/stage\/wp-json\/wp\/v2\/posts\/10694\/revisions\/21605"}],"wp:featuredmedia":[{"embeddable":true,"href":"https:\/\/lehrer-werden-in-sachsen.de\/stage\/wp-json\/wp\/v2\/media\/10697"}],"wp:attachment":[{"href":"https:\/\/lehrer-werden-in-sachsen.de\/stage\/wp-json\/wp\/v2\/media?parent=10694"}],"wp:term":[{"taxonomy":"category","embeddable":true,"href":"https:\/\/lehrer-werden-in-sachsen.de\/stage\/wp-json\/wp\/v2\/categories?post=10694"},{"taxonomy":"post_tag","embeddable":true,"href":"https:\/\/lehrer-werden-in-sachsen.de\/stage\/wp-json\/wp\/v2\/tags?post=10694"}],"curies":[{"name":"wp","href":"https:\/\/api.w.org\/{rel}","templated":true}]}}