{"id":10539,"date":"2023-06-20T15:38:56","date_gmt":"2023-06-20T13:38:56","guid":{"rendered":"https:\/\/lehrer-werden-in-sachsen.de\/stage\/?p=10539"},"modified":"2025-10-10T12:36:58","modified_gmt":"2025-10-10T10:36:58","slug":"oberland-gymnasium-seifhennersdorf-sachsen","status":"publish","type":"post","link":"https:\/\/lehrer-werden-in-sachsen.de\/stage\/oberland-gymnasium-seifhennersdorf-sachsen\/","title":{"rendered":"Verankert in der Heimat, offen f\u00fcr die Welt"},"content":{"rendered":"\t\t<div data-elementor-type=\"wp-post\" data-elementor-id=\"10539\" class=\"elementor elementor-10539\" data-elementor-post-type=\"post\">\n\t\t\t\t\t\t<section class=\"elementor-section elementor-top-section elementor-element elementor-element-77dc2d3 elementor-section-boxed elementor-section-height-default elementor-section-height-default\" data-id=\"77dc2d3\" data-element_type=\"section\" data-e-type=\"section\">\n\t\t\t\t\t\t<div class=\"elementor-container elementor-column-gap-default\">\n\t\t\t\t\t<div class=\"elementor-column elementor-col-100 elementor-top-column elementor-element elementor-element-db24ebd\" data-id=\"db24ebd\" data-element_type=\"column\" data-e-type=\"column\">\n\t\t\t<div class=\"elementor-widget-wrap elementor-element-populated\">\n\t\t\t\t\t\t<div class=\"elementor-element elementor-element-8cb6e5f elementor-widget elementor-widget-text-editor\" data-id=\"8cb6e5f\" data-element_type=\"widget\" data-e-type=\"widget\" data-widget_type=\"text-editor.default\">\n\t\t\t\t<div class=\"elementor-widget-container\">\n\t\t\t\t\t\t\t\t\t<h4><span class=\"TextRun SCXW210184225 BCX8\" lang=\"DE-DE\" xml:lang=\"DE-DE\" data-contrast=\"auto\"><span class=\"NormalTextRun SCXW210184225 BCX8\">Seifhennersdorf im polnisch-tschechischen Dreil\u00e4ndereck: Das steht f\u00fcr gelebtes Europa und l\u00e4ndliche M\u00e4rchenidylle. Hier leben Menschen mit ehrgeizigen Visionen wie Katrin Keller. Doch die Schulleiterin des Oberland-Gymnasiums Seifhennersdorf hat ein Problem: akuten Lehrermangel.\u00a0<\/span><\/span><span class=\"EOP SCXW210184225 BCX8\" data-ccp-props=\"{&quot;134233118&quot;:false,&quot;201341983&quot;:0,&quot;335559739&quot;:160,&quot;335559740&quot;:276}\">\u00a0<\/span><\/h4>\t\t\t\t\t\t\t\t<\/div>\n\t\t\t\t<\/div>\n\t\t\t\t\t<\/div>\n\t\t<\/div>\n\t\t\t\t\t<\/div>\n\t\t<\/section>\n\t\t\t\t<section class=\"elementor-section elementor-top-section elementor-element elementor-element-cb0308d elementor-section-boxed elementor-section-height-default elementor-section-height-default\" data-id=\"cb0308d\" data-element_type=\"section\" data-e-type=\"section\">\n\t\t\t\t\t\t<div class=\"elementor-container elementor-column-gap-default\">\n\t\t\t\t\t<div class=\"elementor-column elementor-col-100 elementor-top-column elementor-element elementor-element-d2b2eb0\" data-id=\"d2b2eb0\" data-element_type=\"column\" data-e-type=\"column\">\n\t\t\t<div class=\"elementor-widget-wrap elementor-element-populated\">\n\t\t\t\t\t\t<div class=\"elementor-element elementor-element-20f64b0 elementor-widget elementor-widget-heading\" data-id=\"20f64b0\" data-element_type=\"widget\" data-e-type=\"widget\" data-widget_type=\"heading.default\">\n\t\t\t\t<div class=\"elementor-widget-container\">\n\t\t\t\t\t<h2 class=\"elementor-heading-title elementor-size-default\">Gelebtes Europa auf dem s\u00e4chsischen Land <\/h2>\t\t\t\t<\/div>\n\t\t\t\t<\/div>\n\t\t\t\t\t<\/div>\n\t\t<\/div>\n\t\t\t\t\t<\/div>\n\t\t<\/section>\n\t\t\t\t<section class=\"elementor-section elementor-top-section elementor-element elementor-element-0262f42 elementor-section-boxed elementor-section-height-default elementor-section-height-default\" data-id=\"0262f42\" data-element_type=\"section\" data-e-type=\"section\">\n\t\t\t\t\t\t<div class=\"elementor-container elementor-column-gap-default\">\n\t\t\t\t\t<div class=\"elementor-column elementor-col-100 elementor-top-column elementor-element elementor-element-48b0f02\" data-id=\"48b0f02\" data-element_type=\"column\" data-e-type=\"column\">\n\t\t\t<div class=\"elementor-widget-wrap elementor-element-populated\">\n\t\t\t\t\t\t<div class=\"elementor-element elementor-element-280267d elementor-widget elementor-widget-text-editor\" data-id=\"280267d\" data-element_type=\"widget\" data-e-type=\"widget\" data-widget_type=\"text-editor.default\">\n\t\t\t\t<div class=\"elementor-widget-container\">\n\t\t\t\t\t\t\t\t\t<p><span data-contrast=\"auto\">In den sch\u00f6nen T\u00e4lern der Mandau und des Leutersdorfer Wassers liegt das s\u00e4chsische Seifhennersdorf im Landkreis von <\/span><a href=\"https:\/\/lehrer-werden-in-sachsen.de\\\\\/sachsen-erleben\/landkreis-goerlitz\/\" title=\"Sachsen erleben - Landkreis G\u00f6rlitz\" target=\"_blank\" rel=\"noopener\"><span data-contrast=\"none\">G\u00f6rlitz<\/span><\/a><span data-contrast=\"auto\">. Die Tschechische Republik ist nur einen Katzensprung entfernt, und auch nach Polen ist es nicht weit. Hier befindet sich das Oberland- <\/span><a href=\"https:\/\/gymnasium-seifhennersdorf.de\/\" title=\"Gymnasium Seifhennersdorf\" target=\"_blank\" rel=\"noopener\"><span data-contrast=\"none\">Gymnasium Seifhennersdorf<\/span><\/a><span data-contrast=\"auto\">, das derzeit rund 500 Sch\u00fclerinnen und Sch\u00fcler unterschiedlichster Herkunft besuchen: Neben italienisch-, russisch-, englisch- oder polnischsprachigen auch zahlreiche Kinder und Jugendliche aus dem benachbarten Tschechien: \u201eWir sind ein Sinnbild f\u00fcr gelebte Euroregion\u201c, so die Schulleiterin Frau Keller.<\/span><span data-contrast=\"none\">\u00a0<\/span><span data-ccp-props=\"{&quot;134233118&quot;:false,&quot;201341983&quot;:0,&quot;335559739&quot;:160,&quot;335559740&quot;:276}\">\u00a0<\/span><\/p><p><span data-contrast=\"auto\">Die sprachliche Einzigartigkeit beeinflusst den Schulalltag positiv: Mit dem tschechischen Gymnasium in Rumburk besteht eine Partnerschaft, die Schule bietet verschiedene Austauschprojekte an und nimmt jedes Jahr am trinationalen <\/span><a href=\"https:\/\/www.lanternafuturi.net\/de\/\" title=\"Camp Lanterna Futuri\" target=\"_blank\" rel=\"noopener\"><span data-contrast=\"none\">Camp Lanterna Futuri<\/span><\/a> <span data-contrast=\"auto\">teil. Das Programm vernetzt Lernorte im Dreil\u00e4ndereck und schafft Begegnungen zwischen Menschen in der Nei\u00dferegion.\u00a0<\/span><span data-ccp-props=\"{&quot;134233118&quot;:false,&quot;201341983&quot;:0,&quot;335559739&quot;:160,&quot;335559740&quot;:276}\">\u00a0<\/span><\/p>\t\t\t\t\t\t\t\t<\/div>\n\t\t\t\t<\/div>\n\t\t\t\t\t<\/div>\n\t\t<\/div>\n\t\t\t\t\t<\/div>\n\t\t<\/section>\n\t\t\t\t<section class=\"elementor-section elementor-top-section elementor-element elementor-element-11d43e0 elementor-section-boxed elementor-section-height-default elementor-section-height-default\" data-id=\"11d43e0\" data-element_type=\"section\" data-e-type=\"section\">\n\t\t\t\t\t\t<div class=\"elementor-container elementor-column-gap-default\">\n\t\t\t\t\t<div class=\"elementor-column elementor-col-100 elementor-top-column elementor-element elementor-element-f35221e\" data-id=\"f35221e\" data-element_type=\"column\" data-e-type=\"column\">\n\t\t\t<div class=\"elementor-widget-wrap\">\n\t\t\t\t\t\t\t<\/div>\n\t\t<\/div>\n\t\t\t\t\t<\/div>\n\t\t<\/section>\n\t\t\t\t<section class=\"elementor-section elementor-top-section elementor-element elementor-element-3c46958 elementor-section-boxed elementor-section-height-default elementor-section-height-default\" data-id=\"3c46958\" data-element_type=\"section\" data-e-type=\"section\">\n\t\t\t\t\t\t<div class=\"elementor-container elementor-column-gap-default\">\n\t\t\t\t\t<div class=\"elementor-column elementor-col-100 elementor-top-column elementor-element elementor-element-7c6dfa5\" data-id=\"7c6dfa5\" data-element_type=\"column\" data-e-type=\"column\">\n\t\t\t<div class=\"elementor-widget-wrap elementor-element-populated\">\n\t\t\t\t\t\t<div class=\"elementor-element elementor-element-434fad5 elementor-widget elementor-widget-heading\" data-id=\"434fad5\" data-element_type=\"widget\" data-e-type=\"widget\" data-widget_type=\"heading.default\">\n\t\t\t\t<div class=\"elementor-widget-container\">\n\t\t\t\t\t<h2 class=\"elementor-heading-title elementor-size-default\">\u201eHier gibt es keine Einzelk\u00e4mpfer\u201c  <\/h2>\t\t\t\t<\/div>\n\t\t\t\t<\/div>\n\t\t\t\t\t<\/div>\n\t\t<\/div>\n\t\t\t\t\t<\/div>\n\t\t<\/section>\n\t\t\t\t<section class=\"elementor-section elementor-top-section elementor-element elementor-element-32cb6f1 elementor-section-boxed elementor-section-height-default elementor-section-height-default\" data-id=\"32cb6f1\" data-element_type=\"section\" data-e-type=\"section\">\n\t\t\t\t\t\t<div class=\"elementor-container elementor-column-gap-default\">\n\t\t\t\t\t<div class=\"elementor-column elementor-col-100 elementor-top-column elementor-element elementor-element-c6d3d8b\" data-id=\"c6d3d8b\" data-element_type=\"column\" data-e-type=\"column\">\n\t\t\t<div class=\"elementor-widget-wrap elementor-element-populated\">\n\t\t\t\t\t\t<div class=\"elementor-element elementor-element-d1603b4 elementor-widget elementor-widget-text-editor\" data-id=\"d1603b4\" data-element_type=\"widget\" data-e-type=\"widget\" data-widget_type=\"text-editor.default\">\n\t\t\t\t<div class=\"elementor-widget-container\">\n\t\t\t\t\t\t\t\t\t<p><span data-contrast=\"auto\">Neben dem gelebten Europagedanken engagiert sich die Schule &#8211; auch auf Initiative der Sch\u00fclerinnen und Sch\u00fcler &#8211; in Fragen der \u00f6kologischen Nachhaltigkeit: \u201eDer Antrag zur <\/span><a href=\"https:\/\/www.klima.sachsen.de\/klimaschulen-in-sachsen-12616.html\" title=\"Klimaschulen in Sachsen\" target=\"_blank\" rel=\"noopener\"><span data-contrast=\"none\">Klimaschule<\/span><\/a><span data-contrast=\"auto\"> ist durch! Wir haben einen \u00d6kogarten und seit Juni haben wir die \u201aSchulbienen\u2018, die von unseren Imker-GTA betreut werden. Hier arbeiten wir fachlich eng mit dem <\/span><a href=\"https:\/\/www.ibz-marienthal.de\/naturschutzstation-umweltbildung\/pro-biene\/\" title=\"PRO BIENE St. Marienthal\" target=\"_blank\" rel=\"noopener\"><span data-contrast=\"none\">Zentrum Ostritz<\/span><\/a><span data-contrast=\"auto\"> zusammen\u201c, so Frau Keller stolz.\u00a0<\/span><span data-ccp-props=\"{&quot;134233118&quot;:false,&quot;201341983&quot;:0,&quot;335559739&quot;:160,&quot;335559740&quot;:276}\">\u00a0<\/span><\/p>\t\t\t\t\t\t\t\t<\/div>\n\t\t\t\t<\/div>\n\t\t\t\t\t<\/div>\n\t\t<\/div>\n\t\t\t\t\t<\/div>\n\t\t<\/section>\n\t\t\t\t<section class=\"elementor-section elementor-top-section elementor-element elementor-element-6421b18 elementor-section-boxed elementor-section-height-default elementor-section-height-default\" data-id=\"6421b18\" data-element_type=\"section\" data-e-type=\"section\">\n\t\t\t\t\t\t<div class=\"elementor-container elementor-column-gap-default\">\n\t\t\t\t\t<div class=\"elementor-column elementor-col-50 elementor-top-column elementor-element elementor-element-b4c2385\" data-id=\"b4c2385\" data-element_type=\"column\" data-e-type=\"column\">\n\t\t\t<div class=\"elementor-widget-wrap elementor-element-populated\">\n\t\t\t\t\t\t<div class=\"elementor-element elementor-element-13c2afd elementor-widget elementor-widget-text-editor\" data-id=\"13c2afd\" data-element_type=\"widget\" data-e-type=\"widget\" data-widget_type=\"text-editor.default\">\n\t\t\t\t<div class=\"elementor-widget-container\">\n\t\t\t\t\t\t\t\t\t<p><span data-contrast=\"auto\">Ganz im Sinne des Teamgeistes bietet das s\u00e4chsische Gymnasium ein breit gef\u00e4chertes Sportangebot: Von Skikursen \u00fcber Inlineskating und Floorball bis hin zu Leichtathletik und Ger\u00e4teturnen. Nicht unerw\u00e4hnt bleiben soll die lange Volleyballtradition der Schule, die neben modernen Au\u00dfensportanlagen auch \u00fcber einen Kraftraum verf\u00fcgt \u2013 f\u00fcr Sch\u00fcler und Lehrer!<\/span><span data-ccp-props=\"{&quot;134233118&quot;:false,&quot;201341983&quot;:0,&quot;335559739&quot;:160,&quot;335559740&quot;:276}\">\u00a0<\/span><\/p><p><span data-contrast=\"auto\">Neben dem Gemeinschaftssinn innerhalb der Schule spielt auch das soziale Engagement nach au\u00dfen eine gro\u00dfe Rolle: Beim \u201aLauf gegen den Hunger\u2018 werden unter anderem 50 Prozent an den <\/span><a href=\"https:\/\/kinderschutzbund-zittau.de\/\" title=\"Kinderschutzbund Zittau\" target=\"_blank\" rel=\"noopener\"><span data-contrast=\"none\">Kinderschutzbund in Zittau<\/span><\/a><span data-contrast=\"auto\"> gespendet: \u201eDie Sch\u00fclerinnen und Sch\u00fcler stehen voll dahinter und fordern das soziale Engagement auch ein; ihnen ist bewusst, dass es ihnen hier in Seifhennersdorf besser geht als anderen\u201c, so Frau Keller und weiter: \u201eHier gibt es keine Einzelk\u00e4mpfer, wir packen die Dinge gemeinsam an!\u201c\u00a0<\/span><span data-ccp-props=\"{&quot;134233118&quot;:false,&quot;201341983&quot;:0,&quot;335559739&quot;:160,&quot;335559740&quot;:257}\">\u00a0<\/span><\/p>\t\t\t\t\t\t\t\t<\/div>\n\t\t\t\t<\/div>\n\t\t\t\t\t<\/div>\n\t\t<\/div>\n\t\t\t\t<div class=\"elementor-column elementor-col-50 elementor-top-column elementor-element elementor-element-a6b10e1\" data-id=\"a6b10e1\" data-element_type=\"column\" data-e-type=\"column\">\n\t\t\t<div class=\"elementor-widget-wrap elementor-element-populated\">\n\t\t\t\t\t\t<div class=\"elementor-element elementor-element-a3c289f elementor-widget elementor-widget-image\" data-id=\"a3c289f\" data-element_type=\"widget\" data-e-type=\"widget\" data-widget_type=\"image.default\">\n\t\t\t\t<div class=\"elementor-widget-container\">\n\t\t\t\t\t\t\t\t\t\t\t\t<figure class=\"wp-caption\">\n\t\t\t\t\t\t\t\t\t\t<img fetchpriority=\"high\" decoding=\"async\" width=\"856\" height=\"1024\" src=\"https:\/\/lehrer-werden-in-sachsen.de\/stage\/wp-content\/uploads\/2023\/06\/DF534EC3-BD19-4CB8-AFB9-3DE9342F70DC-1-1-856x1024.jpeg\" class=\"attachment-large size-large wp-image-10549\" alt=\"Die Sch\u00fclerinnen und Sch\u00fcler des Oberland-Gymnasiums Seifhennersdorf beim &#039;Lauf gegen den Hunger&#039;\" srcset=\"https:\/\/lehrer-werden-in-sachsen.de\/stage\/wp-content\/uploads\/2023\/06\/DF534EC3-BD19-4CB8-AFB9-3DE9342F70DC-1-1-856x1024.jpeg 856w, https:\/\/lehrer-werden-in-sachsen.de\/stage\/wp-content\/uploads\/2023\/06\/DF534EC3-BD19-4CB8-AFB9-3DE9342F70DC-1-1-251x300.jpeg 251w, https:\/\/lehrer-werden-in-sachsen.de\/stage\/wp-content\/uploads\/2023\/06\/DF534EC3-BD19-4CB8-AFB9-3DE9342F70DC-1-1-768x919.jpeg 768w, https:\/\/lehrer-werden-in-sachsen.de\/stage\/wp-content\/uploads\/2023\/06\/DF534EC3-BD19-4CB8-AFB9-3DE9342F70DC-1-1-1284x1536.jpeg 1284w, https:\/\/lehrer-werden-in-sachsen.de\/stage\/wp-content\/uploads\/2023\/06\/DF534EC3-BD19-4CB8-AFB9-3DE9342F70DC-1-1-1712x2048.jpeg 1712w\" sizes=\"(max-width: 856px) 100vw, 856px\" \/>\t\t\t\t\t\t\t\t\t\t\t<figcaption class=\"widget-image-caption wp-caption-text\">Sch\u00fclerinnen und Sch\u00fcler beim ,Lauf gegen den Hunger'<\/figcaption>\n\t\t\t\t\t\t\t\t\t\t<\/figure>\n\t\t\t\t\t\t\t\t\t<\/div>\n\t\t\t\t<\/div>\n\t\t\t\t\t<\/div>\n\t\t<\/div>\n\t\t\t\t\t<\/div>\n\t\t<\/section>\n\t\t\t\t<section class=\"elementor-section elementor-top-section elementor-element elementor-element-9779c97 elementor-section-boxed elementor-section-height-default elementor-section-height-default\" data-id=\"9779c97\" data-element_type=\"section\" data-e-type=\"section\">\n\t\t\t\t\t\t<div class=\"elementor-container elementor-column-gap-default\">\n\t\t\t\t\t<div class=\"elementor-column elementor-col-100 elementor-top-column elementor-element elementor-element-02f7c69\" data-id=\"02f7c69\" data-element_type=\"column\" data-e-type=\"column\">\n\t\t\t<div class=\"elementor-widget-wrap\">\n\t\t\t\t\t\t\t<\/div>\n\t\t<\/div>\n\t\t\t\t\t<\/div>\n\t\t<\/section>\n\t\t\t\t<section class=\"elementor-section elementor-top-section elementor-element elementor-element-d748213 elementor-section-boxed elementor-section-height-default elementor-section-height-default\" data-id=\"d748213\" data-element_type=\"section\" data-e-type=\"section\">\n\t\t\t\t\t\t<div class=\"elementor-container elementor-column-gap-default\">\n\t\t\t\t\t<div class=\"elementor-column elementor-col-100 elementor-top-column elementor-element elementor-element-8b35497\" data-id=\"8b35497\" data-element_type=\"column\" data-e-type=\"column\">\n\t\t\t<div class=\"elementor-widget-wrap elementor-element-populated\">\n\t\t\t\t\t\t<div class=\"elementor-element elementor-element-3d5e50a elementor-widget elementor-widget-heading\" data-id=\"3d5e50a\" data-element_type=\"widget\" data-e-type=\"widget\" data-widget_type=\"heading.default\">\n\t\t\t\t<div class=\"elementor-widget-container\">\n\t\t\t\t\t<h2 class=\"elementor-heading-title elementor-size-default\">Drei Worte: famili\u00e4r, innovativ, offen  <\/h2>\t\t\t\t<\/div>\n\t\t\t\t<\/div>\n\t\t\t\t\t<\/div>\n\t\t<\/div>\n\t\t\t\t\t<\/div>\n\t\t<\/section>\n\t\t\t\t<section class=\"elementor-section elementor-top-section elementor-element elementor-element-f747a0c elementor-section-boxed elementor-section-height-default elementor-section-height-default\" data-id=\"f747a0c\" data-element_type=\"section\" data-e-type=\"section\">\n\t\t\t\t\t\t<div class=\"elementor-container elementor-column-gap-default\">\n\t\t\t\t\t<div class=\"elementor-column elementor-col-100 elementor-top-column elementor-element elementor-element-92a87c4\" data-id=\"92a87c4\" data-element_type=\"column\" data-e-type=\"column\">\n\t\t\t<div class=\"elementor-widget-wrap elementor-element-populated\">\n\t\t\t\t\t\t<div class=\"elementor-element elementor-element-d741ab3 elementor-widget elementor-widget-text-editor\" data-id=\"d741ab3\" data-element_type=\"widget\" data-e-type=\"widget\" data-widget_type=\"text-editor.default\">\n\t\t\t\t<div class=\"elementor-widget-container\">\n\t\t\t\t\t\t\t\t\t<p><span data-contrast=\"auto\">Fragt man die Schulleiterin, was das Leben an ihrer Schule ausmacht, z\u00f6gert sie nicht lange: \u201eWir sind wie eine Familie!\u201c An der Schule gebe es kurze Wege zu allen Ansprechpartnern, immer ein offenes Ohr und man kenne sich schnell sehr gut. \u201eBei uns ist niemand nur eine Nummer. Hier wird jeder geh\u00f6rt, kann sich einbringen und wird dabei von uns unterst\u00fctzt. Unsere Schule ist famili\u00e4r, innovativ und offen\u201c.<\/span><span data-ccp-props=\"{&quot;134233118&quot;:false,&quot;201341983&quot;:0,&quot;335559739&quot;:160,&quot;335559740&quot;:276}\">\u00a0<\/span><\/p><p><span data-contrast=\"auto\">Viele der Sch\u00fclerinnen und Sch\u00fcler seien zudem sehr heimatverbunden, also \u201eDorfkinder im positiven Sinne\u201c. Das Gewaltpotenzial sei gering und Probleme im Schulalltag gebe es selten. Damit das auch so bleibt, wird in unterschiedliche Pr\u00e4ventionsma\u00dfnahmen investiert.\u00a0<\/span><span data-ccp-props=\"{&quot;134233118&quot;:false,&quot;201341983&quot;:0,&quot;335559739&quot;:160,&quot;335559740&quot;:276}\">\u00a0<\/span><\/p><p><span data-contrast=\"auto\">Warum es sich au\u00dferdem lohnt, f\u00fcr ein Praktikum, ein Referendariat oder gar als Lehrer nach Seifhennersdorf zu kommen? \u201eGanz klar wegen der Natur: Das Zittauer Gebirge liegt vor der Haust\u00fcr und zahlreiche Seen in der Umgebung \u2013 ein wahres Paradies f\u00fcr Sportler!\u201c\u00a0<\/span><span data-ccp-props=\"{&quot;134233118&quot;:false,&quot;201341983&quot;:0,&quot;335559739&quot;:160,&quot;335559740&quot;:276}\">\u00a0<\/span><\/p><p><span data-contrast=\"auto\">Wer glaubt, in der Region kulturell isoliert zu sein, der irrt; <a href=\"https:\/\/lehrer-werden-in-sachsen.de\\\\\/sachsen-erleben\/dresden\/\" title=\"Sachsen erleben - Dresden\" target=\"_blank\" rel=\"noopener\">Dresden<\/a> mit seinem wertvollen Kulturangebot liegt gleich um die Ecke. Ein weiterer Pluspunkt ist der verf\u00fcgbare und vergleichsweise g\u00fcnstige Wohnraum.\u00a0<\/span><span data-ccp-props=\"{&quot;134233118&quot;:false,&quot;201341983&quot;:0,&quot;335559739&quot;:160,&quot;335559740&quot;:276}\">\u00a0<\/span><\/p>\t\t\t\t\t\t\t\t<\/div>\n\t\t\t\t<\/div>\n\t\t\t\t\t<\/div>\n\t\t<\/div>\n\t\t\t\t\t<\/div>\n\t\t<\/section>\n\t\t\t\t<section class=\"elementor-section elementor-top-section elementor-element elementor-element-8631c6e elementor-section-boxed elementor-section-height-default elementor-section-height-default\" data-id=\"8631c6e\" data-element_type=\"section\" data-e-type=\"section\">\n\t\t\t\t\t\t<div class=\"elementor-container elementor-column-gap-default\">\n\t\t\t\t\t<div class=\"elementor-column elementor-col-100 elementor-top-column elementor-element elementor-element-f7a3ef5\" data-id=\"f7a3ef5\" data-element_type=\"column\" data-e-type=\"column\">\n\t\t\t<div class=\"elementor-widget-wrap elementor-element-populated\">\n\t\t\t\t\t\t\t<\/div>\n\t\t<\/div>\n\t\t\t\t\t<\/div>\n\t\t<\/section>\n\t\t\t\t<section class=\"elementor-section elementor-top-section elementor-element elementor-element-fd72123 elementor-section-boxed elementor-section-height-default elementor-section-height-default\" data-id=\"fd72123\" data-element_type=\"section\" data-e-type=\"section\">\n\t\t\t\t\t\t<div class=\"elementor-container elementor-column-gap-default\">\n\t\t\t\t\t<div class=\"elementor-column elementor-col-100 elementor-top-column elementor-element elementor-element-e6729e7\" data-id=\"e6729e7\" data-element_type=\"column\" data-e-type=\"column\">\n\t\t\t<div class=\"elementor-widget-wrap elementor-element-populated\">\n\t\t\t\t\t\t<div class=\"elementor-element elementor-element-3b65487 elementor-widget elementor-widget-heading\" data-id=\"3b65487\" data-element_type=\"widget\" data-e-type=\"widget\" data-widget_type=\"heading.default\">\n\t\t\t\t<div class=\"elementor-widget-container\">\n\t\t\t\t\t<h2 class=\"elementor-heading-title elementor-size-default\">\u201eHabt Mut!\u201c <\/h2>\t\t\t\t<\/div>\n\t\t\t\t<\/div>\n\t\t\t\t\t<\/div>\n\t\t<\/div>\n\t\t\t\t\t<\/div>\n\t\t<\/section>\n\t\t\t\t<section class=\"elementor-section elementor-top-section elementor-element elementor-element-2c5382f elementor-section-boxed elementor-section-height-default elementor-section-height-default\" data-id=\"2c5382f\" data-element_type=\"section\" data-e-type=\"section\">\n\t\t\t\t\t\t<div class=\"elementor-container elementor-column-gap-default\">\n\t\t\t\t\t<div class=\"elementor-column elementor-col-100 elementor-top-column elementor-element elementor-element-28bf2fd\" data-id=\"28bf2fd\" data-element_type=\"column\" data-e-type=\"column\">\n\t\t\t<div class=\"elementor-widget-wrap elementor-element-populated\">\n\t\t\t\t\t\t<div class=\"elementor-element elementor-element-b5ffc37 elementor-widget elementor-widget-text-editor\" data-id=\"b5ffc37\" data-element_type=\"widget\" data-e-type=\"widget\" data-widget_type=\"text-editor.default\">\n\t\t\t\t<div class=\"elementor-widget-container\">\n\t\t\t\t\t\t\t\t\t<p><span class=\"TextRun SCXW129126714 BCX8\" lang=\"DE-DE\" xml:lang=\"DE-DE\" data-contrast=\"auto\"><span class=\"NormalTextRun SCXW129126714 BCX8\">Was w\u00fcnschen sich Frau Keller und ihre Kolleginnen und Kollegen f\u00fcr die Zukunft des Oberland-Gymnasiums Seifhennersdorf? \u201eOffene und engagierte Lehrerinnen und Lehrer, die die weite Welt nach Seifhennersdorf bringen, damit unsere Sch\u00fclerinnen und Sch\u00fcler Seifhennersdorf in die Welt hinaustragen k\u00f6nnen\u201c. <\/span><\/span><\/p><p>\u00a0<\/p><p><span class=\"TextRun SCXW129126714 BCX8\" lang=\"DE-DE\" xml:lang=\"DE-DE\" data-contrast=\"auto\"><span class=\"NormalTextRun SCXW129126714 BCX8\">Der Mensch bleibe zu h\u00e4ufig in seiner Komfortzone und gerade der l\u00e4ndliche Raum biete ungeahnte Chancen f\u00fcr St\u00e4dter &#8211; \u201eHabt Mut!\u201c lautet der Appell aus dem kleinen, aber feinen Seifhennersdorf in die Welt<\/span><\/span><span class=\"TextRun SCXW129126714 BCX8\" lang=\"DE-DE\" xml:lang=\"DE-DE\" data-contrast=\"auto\"><span class=\"NormalTextRun SCXW129126714 BCX8\">.<\/span><\/span><span class=\"EOP SCXW129126714 BCX8\" data-ccp-props=\"{&quot;134233118&quot;:false,&quot;201341983&quot;:0,&quot;335559739&quot;:160,&quot;335559740&quot;:276}\">\u00a0<\/span><\/p>\t\t\t\t\t\t\t\t<\/div>\n\t\t\t\t<\/div>\n\t\t\t\t\t<\/div>\n\t\t<\/div>\n\t\t\t\t\t<\/div>\n\t\t<\/section>\n\t\t\t\t<section class=\"elementor-section elementor-top-section elementor-element elementor-element-dfea432 elementor-section-boxed elementor-section-height-default elementor-section-height-default\" data-id=\"dfea432\" data-element_type=\"section\" data-e-type=\"section\">\n\t\t\t\t\t\t<div class=\"elementor-container elementor-column-gap-default\">\n\t\t\t\t\t<div class=\"elementor-column elementor-col-100 elementor-top-column elementor-element elementor-element-9b9c660\" data-id=\"9b9c660\" data-element_type=\"column\" data-e-type=\"column\">\n\t\t\t<div class=\"elementor-widget-wrap\">\n\t\t\t\t\t\t\t<\/div>\n\t\t<\/div>\n\t\t\t\t\t<\/div>\n\t\t<\/section>\n\t\t\t\t<section class=\"elementor-section elementor-top-section elementor-element elementor-element-3913b54 elementor-section-boxed elementor-section-height-default elementor-section-height-default\" data-id=\"3913b54\" data-element_type=\"section\" data-e-type=\"section\">\n\t\t\t\t\t\t<div class=\"elementor-container elementor-column-gap-default\">\n\t\t\t\t\t<div class=\"elementor-column elementor-col-50 elementor-top-column elementor-element elementor-element-0cd2a06\" data-id=\"0cd2a06\" data-element_type=\"column\" data-e-type=\"column\">\n\t\t\t<div class=\"elementor-widget-wrap elementor-element-populated\">\n\t\t\t\t\t\t<div class=\"elementor-element elementor-element-7e3dff5 elementor-widget__width-initial elementor-widget elementor-widget-image\" data-id=\"7e3dff5\" data-element_type=\"widget\" data-e-type=\"widget\" data-widget_type=\"image.default\">\n\t\t\t\t<div class=\"elementor-widget-container\">\n\t\t\t\t\t\t\t\t\t\t\t\t<figure class=\"wp-caption\">\n\t\t\t\t\t\t\t\t\t\t<img decoding=\"async\" width=\"1024\" height=\"517\" src=\"https:\/\/lehrer-werden-in-sachsen.de\/stage\/wp-content\/uploads\/2023\/06\/SMK-Blog-Header-Seifhennersdorf_1920x970px-\u2013-1-1024x517.jpg\" class=\"attachment-large size-large wp-image-10546\" alt=\"Der Musikraum im Oberland-Gymnasium Seifhennersdorf\" srcset=\"https:\/\/lehrer-werden-in-sachsen.de\/stage\/wp-content\/uploads\/2023\/06\/SMK-Blog-Header-Seifhennersdorf_1920x970px-\u2013-1-1024x517.jpg 1024w, https:\/\/lehrer-werden-in-sachsen.de\/stage\/wp-content\/uploads\/2023\/06\/SMK-Blog-Header-Seifhennersdorf_1920x970px-\u2013-1-300x152.jpg 300w, https:\/\/lehrer-werden-in-sachsen.de\/stage\/wp-content\/uploads\/2023\/06\/SMK-Blog-Header-Seifhennersdorf_1920x970px-\u2013-1-768x388.jpg 768w, https:\/\/lehrer-werden-in-sachsen.de\/stage\/wp-content\/uploads\/2023\/06\/SMK-Blog-Header-Seifhennersdorf_1920x970px-\u2013-1-1536x776.jpg 1536w, https:\/\/lehrer-werden-in-sachsen.de\/stage\/wp-content\/uploads\/2023\/06\/SMK-Blog-Header-Seifhennersdorf_1920x970px-\u2013-1.jpg 1920w\" sizes=\"(max-width: 1024px) 100vw, 1024px\" \/>\t\t\t\t\t\t\t\t\t\t\t<figcaption class=\"widget-image-caption wp-caption-text\">Oben: der Musikraum, rechts: der Kunstraum <\/figcaption>\n\t\t\t\t\t\t\t\t\t\t<\/figure>\n\t\t\t\t\t\t\t\t\t<\/div>\n\t\t\t\t<\/div>\n\t\t\t\t\t<\/div>\n\t\t<\/div>\n\t\t\t\t<div class=\"elementor-column elementor-col-50 elementor-top-column elementor-element elementor-element-1cf0630\" data-id=\"1cf0630\" data-element_type=\"column\" data-e-type=\"column\">\n\t\t\t<div class=\"elementor-widget-wrap elementor-element-populated\">\n\t\t\t\t\t\t<div class=\"elementor-element elementor-element-9130770 elementor-widget elementor-widget-image\" data-id=\"9130770\" data-element_type=\"widget\" data-e-type=\"widget\" data-widget_type=\"image.default\">\n\t\t\t\t<div class=\"elementor-widget-container\">\n\t\t\t\t\t\t\t\t\t\t\t\t\t\t\t<img decoding=\"async\" width=\"1024\" height=\"771\" src=\"https:\/\/lehrer-werden-in-sachsen.de\/stage\/wp-content\/uploads\/2023\/06\/D6BF743A-76AE-4C75-B7C6-5A7D38BFA892-1-1024x771.jpeg\" class=\"attachment-large size-large wp-image-10544\" alt=\"Kunstraum im Oberland-Gymnasium Seifhennersdorf\" srcset=\"https:\/\/lehrer-werden-in-sachsen.de\/stage\/wp-content\/uploads\/2023\/06\/D6BF743A-76AE-4C75-B7C6-5A7D38BFA892-1-1024x771.jpeg 1024w, https:\/\/lehrer-werden-in-sachsen.de\/stage\/wp-content\/uploads\/2023\/06\/D6BF743A-76AE-4C75-B7C6-5A7D38BFA892-1-300x226.jpeg 300w, https:\/\/lehrer-werden-in-sachsen.de\/stage\/wp-content\/uploads\/2023\/06\/D6BF743A-76AE-4C75-B7C6-5A7D38BFA892-1-768x578.jpeg 768w, https:\/\/lehrer-werden-in-sachsen.de\/stage\/wp-content\/uploads\/2023\/06\/D6BF743A-76AE-4C75-B7C6-5A7D38BFA892-1-1536x1157.jpeg 1536w, https:\/\/lehrer-werden-in-sachsen.de\/stage\/wp-content\/uploads\/2023\/06\/D6BF743A-76AE-4C75-B7C6-5A7D38BFA892-1.jpeg 2048w\" sizes=\"(max-width: 1024px) 100vw, 1024px\" \/>\t\t\t\t\t\t\t\t\t\t\t\t\t\t\t<\/div>\n\t\t\t\t<\/div>\n\t\t\t\t\t<\/div>\n\t\t<\/div>\n\t\t\t\t\t<\/div>\n\t\t<\/section>\n\t\t\t\t<section class=\"elementor-section elementor-top-section elementor-element elementor-element-eaa120f elementor-section-boxed elementor-section-height-default elementor-section-height-default\" data-id=\"eaa120f\" data-element_type=\"section\" data-e-type=\"section\">\n\t\t\t\t\t\t<div class=\"elementor-container elementor-column-gap-default\">\n\t\t\t\t\t<div class=\"elementor-column elementor-col-100 elementor-top-column elementor-element elementor-element-89a9b98\" data-id=\"89a9b98\" data-element_type=\"column\" data-e-type=\"column\">\n\t\t\t<div class=\"elementor-widget-wrap elementor-element-populated\">\n\t\t\t\t\t\t\t<\/div>\n\t\t<\/div>\n\t\t\t\t\t<\/div>\n\t\t<\/section>\n\t\t\t\t<section class=\"elementor-section elementor-top-section elementor-element elementor-element-32cdc3c elementor-section-boxed elementor-section-height-default elementor-section-height-default\" data-id=\"32cdc3c\" data-element_type=\"section\" data-e-type=\"section\">\n\t\t\t\t\t\t<div class=\"elementor-container elementor-column-gap-default\">\n\t\t\t\t\t<div class=\"elementor-column elementor-col-100 elementor-top-column elementor-element elementor-element-c1cd103\" data-id=\"c1cd103\" data-element_type=\"column\" data-e-type=\"column\">\n\t\t\t<div class=\"elementor-widget-wrap elementor-element-populated\">\n\t\t\t\t\t\t<div class=\"elementor-element elementor-element-98d6a78 elementor-widget elementor-widget-heading\" data-id=\"98d6a78\" data-element_type=\"widget\" data-e-type=\"widget\" data-widget_type=\"heading.default\">\n\t\t\t\t<div class=\"elementor-widget-container\">\n\t\t\t\t\t<h2 class=\"elementor-heading-title elementor-size-default\">Du interessierst dich f\u00fcr die Region? <\/h2>\t\t\t\t<\/div>\n\t\t\t\t<\/div>\n\t\t\t\t\t<\/div>\n\t\t<\/div>\n\t\t\t\t\t<\/div>\n\t\t<\/section>\n\t\t\t\t<section class=\"elementor-section elementor-top-section elementor-element elementor-element-4ceec11 elementor-section-boxed elementor-section-height-default elementor-section-height-default\" data-id=\"4ceec11\" data-element_type=\"section\" data-e-type=\"section\">\n\t\t\t\t\t\t<div class=\"elementor-container elementor-column-gap-default\">\n\t\t\t\t\t<div class=\"elementor-column elementor-col-100 elementor-top-column elementor-element elementor-element-78b527f\" data-id=\"78b527f\" data-element_type=\"column\" data-e-type=\"column\">\n\t\t\t<div class=\"elementor-widget-wrap elementor-element-populated\">\n\t\t\t\t\t\t<div class=\"elementor-element elementor-element-8a8f4a4 elementor-align-left elementor-widget elementor-widget-button\" data-id=\"8a8f4a4\" data-element_type=\"widget\" data-e-type=\"widget\" data-widget_type=\"button.default\">\n\t\t\t\t<div class=\"elementor-widget-container\">\n\t\t\t\t\t\t\t\t\t<div class=\"elementor-button-wrapper\">\n\t\t\t\t\t<a class=\"elementor-button elementor-button-link elementor-size-sm\" href=\"https:\/\/lehrer-werden-in-sachsen.de\/sachsen-erleben\/landkreis-goerlitz\/\" target=\"_blank\" title=\"Sachsen erleben - Landkreis G\u00f6rlitz\">\n\t\t\t\t\t\t<span class=\"elementor-button-content-wrapper\">\n\t\t\t\t\t\t\t\t\t<span class=\"elementor-button-text\">Hier findest du Wissenswertes zum Landkreis G\u00f6rlitz! <\/span>\n\t\t\t\t\t<\/span>\n\t\t\t\t\t<\/a>\n\t\t\t\t<\/div>\n\t\t\t\t\t\t\t\t<\/div>\n\t\t\t\t<\/div>\n\t\t\t\t\t<\/div>\n\t\t<\/div>\n\t\t\t\t\t<\/div>\n\t\t<\/section>\n\t\t\t\t<section class=\"elementor-section elementor-top-section elementor-element elementor-element-0f73298 elementor-section-boxed elementor-section-height-default elementor-section-height-default\" data-id=\"0f73298\" data-element_type=\"section\" data-e-type=\"section\">\n\t\t\t\t\t\t<div class=\"elementor-container elementor-column-gap-default\">\n\t\t\t\t\t<div class=\"elementor-column elementor-col-100 elementor-top-column elementor-element elementor-element-3469fe0\" data-id=\"3469fe0\" data-element_type=\"column\" data-e-type=\"column\">\n\t\t\t<div class=\"elementor-widget-wrap\">\n\t\t\t\t\t\t\t<\/div>\n\t\t<\/div>\n\t\t\t\t\t<\/div>\n\t\t<\/section>\n\t\t\t\t<\/div>\n\t\t","protected":false},"excerpt":{"rendered":"<p>Seifhennersdorf liegt im polnisch-tschechischen Dreil\u00e4ndereck. Die Schulleiterin des Oberland-Gymnasiums Seifhennersdorf hat uns verraten, warum es sich lohnt, als Lehrer hierher zu ziehen. <\/p>\n","protected":false},"author":13,"featured_media":10547,"comment_status":"closed","ping_status":"closed","sticky":false,"template":"","format":"standard","meta":{"footnotes":""},"categories":[46],"tags":[124,210],"class_list":["post-10539","post","type-post","status-publish","format-standard","has-post-thumbnail","hentry","category-blog","tag-gymnasium","tag-saechsische-regionen"],"yoast_head":"<!-- This site is optimized with the Yoast SEO plugin v27.3 - https:\/\/yoast.com\/product\/yoast-seo-wordpress\/ -->\n<title>LEHRERIN SACHSEN | Oberland-Gymnasium Seifhennsersdorf<\/title>\n<meta name=\"description\" content=\"Warum sollte man als Lehrer aufs s\u00e4chsische Land ziehen? Die Schulleiterin des Oberland-Gymnasiums Seifhennersdorf verr\u00e4t es dir!\" \/>\n<meta name=\"robots\" content=\"index, follow, max-snippet:-1, max-image-preview:large, max-video-preview:-1\" \/>\n<link rel=\"canonical\" href=\"https:\/\/lehrer-werden-in-sachsen.de\/oberland-gymnasium-seifhennersdorf-sachsen\/\" \/>\n<meta property=\"og:locale\" content=\"de_DE\" \/>\n<meta property=\"og:type\" content=\"article\" \/>\n<meta property=\"og:title\" content=\"LEHRERIN SACHSEN | Oberland-Gymnasium Seifhennsersdorf\" \/>\n<meta property=\"og:description\" content=\"Warum sollte man als Lehrer aufs s\u00e4chsische Land ziehen? Die Schulleiterin des Oberland-Gymnasiums Seifhennersdorf verr\u00e4t es dir!\" \/>\n<meta property=\"og:url\" content=\"https:\/\/lehrer-werden-in-sachsen.de\/oberland-gymnasium-seifhennersdorf-sachsen\/\" \/>\n<meta property=\"og:site_name\" content=\"LEHRERIN SACHSEN\" \/>\n<meta property=\"article:published_time\" content=\"2023-06-20T13:38:56+00:00\" \/>\n<meta property=\"article:modified_time\" content=\"2025-10-10T10:36:58+00:00\" \/>\n<meta property=\"og:image\" content=\"https:\/\/lehrer-werden-in-sachsen.de\/wp-content\/uploads\/2023\/06\/SMK-Blog-Header-Seifhennersdorf_1920x970px-\u2013-2.jpg\" \/>\n\t<meta property=\"og:image:width\" content=\"1920\" \/>\n\t<meta property=\"og:image:height\" content=\"970\" \/>\n\t<meta property=\"og:image:type\" content=\"image\/jpeg\" \/>\n<meta name=\"author\" content=\"Maria Kretschmann\" \/>\n<meta name=\"twitter:card\" content=\"summary_large_image\" \/>\n<meta name=\"twitter:label1\" content=\"Verfasst von\" \/>\n\t<meta name=\"twitter:data1\" content=\"Maria Kretschmann\" \/>\n\t<meta name=\"twitter:label2\" content=\"Gesch\u00e4tzte Lesezeit\" \/>\n\t<meta name=\"twitter:data2\" content=\"5\u00a0Minuten\" \/>\n<script type=\"application\/ld+json\" class=\"yoast-schema-graph\">{\"@context\":\"https:\\\/\\\/schema.org\",\"@graph\":[{\"@type\":\"Article\",\"@id\":\"https:\\\/\\\/lehrer-werden-in-sachsen.de\\\/oberland-gymnasium-seifhennersdorf-sachsen\\\/#article\",\"isPartOf\":{\"@id\":\"https:\\\/\\\/lehrer-werden-in-sachsen.de\\\/oberland-gymnasium-seifhennersdorf-sachsen\\\/\"},\"author\":{\"name\":\"Maria Kretschmann\",\"@id\":\"https:\\\/\\\/lehrer-werden-in-sachsen.de\\\/#\\\/schema\\\/person\\\/4a127ffcfbf4e52ff0f66dcd7b4a5cc1\"},\"headline\":\"Verankert in der Heimat, offen f\u00fcr die Welt\",\"datePublished\":\"2023-06-20T13:38:56+00:00\",\"dateModified\":\"2025-10-10T10:36:58+00:00\",\"mainEntityOfPage\":{\"@id\":\"https:\\\/\\\/lehrer-werden-in-sachsen.de\\\/oberland-gymnasium-seifhennersdorf-sachsen\\\/\"},\"wordCount\":695,\"publisher\":{\"@id\":\"https:\\\/\\\/lehrer-werden-in-sachsen.de\\\/#organization\"},\"image\":{\"@id\":\"https:\\\/\\\/lehrer-werden-in-sachsen.de\\\/oberland-gymnasium-seifhennersdorf-sachsen\\\/#primaryimage\"},\"thumbnailUrl\":\"https:\\\/\\\/lehrer-werden-in-sachsen.de\\\/stage\\\/wp-content\\\/uploads\\\/2023\\\/06\\\/SMK-Blog-Header-Seifhennersdorf_1920x970px-\u2013-2.jpg\",\"keywords\":[\"Gymnasium\",\"S\u00e4chsische Regionen\"],\"articleSection\":[\"Blog\"],\"inLanguage\":\"de\"},{\"@type\":\"WebPage\",\"@id\":\"https:\\\/\\\/lehrer-werden-in-sachsen.de\\\/oberland-gymnasium-seifhennersdorf-sachsen\\\/\",\"url\":\"https:\\\/\\\/lehrer-werden-in-sachsen.de\\\/oberland-gymnasium-seifhennersdorf-sachsen\\\/\",\"name\":\"LEHRERIN SACHSEN | Oberland-Gymnasium Seifhennsersdorf\",\"isPartOf\":{\"@id\":\"https:\\\/\\\/lehrer-werden-in-sachsen.de\\\/#website\"},\"primaryImageOfPage\":{\"@id\":\"https:\\\/\\\/lehrer-werden-in-sachsen.de\\\/oberland-gymnasium-seifhennersdorf-sachsen\\\/#primaryimage\"},\"image\":{\"@id\":\"https:\\\/\\\/lehrer-werden-in-sachsen.de\\\/oberland-gymnasium-seifhennersdorf-sachsen\\\/#primaryimage\"},\"thumbnailUrl\":\"https:\\\/\\\/lehrer-werden-in-sachsen.de\\\/stage\\\/wp-content\\\/uploads\\\/2023\\\/06\\\/SMK-Blog-Header-Seifhennersdorf_1920x970px-\u2013-2.jpg\",\"datePublished\":\"2023-06-20T13:38:56+00:00\",\"dateModified\":\"2025-10-10T10:36:58+00:00\",\"description\":\"Warum sollte man als Lehrer aufs s\u00e4chsische Land ziehen? Die Schulleiterin des Oberland-Gymnasiums Seifhennersdorf verr\u00e4t es dir!\",\"breadcrumb\":{\"@id\":\"https:\\\/\\\/lehrer-werden-in-sachsen.de\\\/oberland-gymnasium-seifhennersdorf-sachsen\\\/#breadcrumb\"},\"inLanguage\":\"de\",\"potentialAction\":[{\"@type\":\"ReadAction\",\"target\":[\"https:\\\/\\\/lehrer-werden-in-sachsen.de\\\/oberland-gymnasium-seifhennersdorf-sachsen\\\/\"]}]},{\"@type\":\"ImageObject\",\"inLanguage\":\"de\",\"@id\":\"https:\\\/\\\/lehrer-werden-in-sachsen.de\\\/oberland-gymnasium-seifhennersdorf-sachsen\\\/#primaryimage\",\"url\":\"https:\\\/\\\/lehrer-werden-in-sachsen.de\\\/stage\\\/wp-content\\\/uploads\\\/2023\\\/06\\\/SMK-Blog-Header-Seifhennersdorf_1920x970px-\u2013-2.jpg\",\"contentUrl\":\"https:\\\/\\\/lehrer-werden-in-sachsen.de\\\/stage\\\/wp-content\\\/uploads\\\/2023\\\/06\\\/SMK-Blog-Header-Seifhennersdorf_1920x970px-\u2013-2.jpg\",\"width\":1920,\"height\":970,\"caption\":\"Das Oberland-Gymnasium in Seifhennersdorf aus der Vogelperspektive\"},{\"@type\":\"BreadcrumbList\",\"@id\":\"https:\\\/\\\/lehrer-werden-in-sachsen.de\\\/oberland-gymnasium-seifhennersdorf-sachsen\\\/#breadcrumb\",\"itemListElement\":[{\"@type\":\"ListItem\",\"position\":1,\"name\":\"Startseite\",\"item\":\"https:\\\/\\\/lehrer-werden-in-sachsen.de\\\/\"},{\"@type\":\"ListItem\",\"position\":2,\"name\":\"Verankert in der Heimat, offen f\u00fcr die Welt\"}]},{\"@type\":\"WebSite\",\"@id\":\"https:\\\/\\\/lehrer-werden-in-sachsen.de\\\/#website\",\"url\":\"https:\\\/\\\/lehrer-werden-in-sachsen.de\\\/\",\"name\":\"LEHRERIN SACHSEN\",\"description\":\"Eine Klasse f\u00fcr sich.\",\"publisher\":{\"@id\":\"https:\\\/\\\/lehrer-werden-in-sachsen.de\\\/#organization\"},\"potentialAction\":[{\"@type\":\"SearchAction\",\"target\":{\"@type\":\"EntryPoint\",\"urlTemplate\":\"https:\\\/\\\/lehrer-werden-in-sachsen.de\\\/?s={search_term_string}\"},\"query-input\":{\"@type\":\"PropertyValueSpecification\",\"valueRequired\":true,\"valueName\":\"search_term_string\"}}],\"inLanguage\":\"de\"},{\"@type\":\"Organization\",\"@id\":\"https:\\\/\\\/lehrer-werden-in-sachsen.de\\\/#organization\",\"name\":\"LEHRERIN SACHSEN\",\"url\":\"https:\\\/\\\/lehrer-werden-in-sachsen.de\\\/\",\"logo\":{\"@type\":\"ImageObject\",\"inLanguage\":\"de\",\"@id\":\"https:\\\/\\\/lehrer-werden-in-sachsen.de\\\/#\\\/schema\\\/logo\\\/image\\\/\",\"url\":\"https:\\\/\\\/lehrer-werden-in-sachsen.de\\\/stage\\\/wp-content\\\/uploads\\\/2022\\\/02\\\/SMK_Leherin-Sachsen-Marke_RGB_Violett-Orange.svg\",\"contentUrl\":\"https:\\\/\\\/lehrer-werden-in-sachsen.de\\\/stage\\\/wp-content\\\/uploads\\\/2022\\\/02\\\/SMK_Leherin-Sachsen-Marke_RGB_Violett-Orange.svg\",\"caption\":\"LEHRERIN SACHSEN\"},\"image\":{\"@id\":\"https:\\\/\\\/lehrer-werden-in-sachsen.de\\\/#\\\/schema\\\/logo\\\/image\\\/\"}},{\"@type\":\"Person\",\"@id\":\"https:\\\/\\\/lehrer-werden-in-sachsen.de\\\/#\\\/schema\\\/person\\\/4a127ffcfbf4e52ff0f66dcd7b4a5cc1\",\"name\":\"Maria Kretschmann\",\"image\":{\"@type\":\"ImageObject\",\"inLanguage\":\"de\",\"@id\":\"https:\\\/\\\/secure.gravatar.com\\\/avatar\\\/785963a239158e0d036c182ccde6b24c2d0822b83af8ab1b3773045a106114df?s=96&d=mm&r=g\",\"url\":\"https:\\\/\\\/secure.gravatar.com\\\/avatar\\\/785963a239158e0d036c182ccde6b24c2d0822b83af8ab1b3773045a106114df?s=96&d=mm&r=g\",\"contentUrl\":\"https:\\\/\\\/secure.gravatar.com\\\/avatar\\\/785963a239158e0d036c182ccde6b24c2d0822b83af8ab1b3773045a106114df?s=96&d=mm&r=g\",\"caption\":\"Maria Kretschmann\"},\"url\":\"https:\\\/\\\/lehrer-werden-in-sachsen.de\\\/stage\\\/author\\\/maria-kretschmann\\\/\"}]}<\/script>\n<!-- \/ Yoast SEO plugin. -->","yoast_head_json":{"title":"LEHRERIN SACHSEN | Oberland-Gymnasium Seifhennsersdorf","description":"Warum sollte man als Lehrer aufs s\u00e4chsische Land ziehen? Die Schulleiterin des Oberland-Gymnasiums Seifhennersdorf verr\u00e4t es dir!","robots":{"index":"index","follow":"follow","max-snippet":"max-snippet:-1","max-image-preview":"max-image-preview:large","max-video-preview":"max-video-preview:-1"},"canonical":"https:\/\/lehrer-werden-in-sachsen.de\/oberland-gymnasium-seifhennersdorf-sachsen\/","og_locale":"de_DE","og_type":"article","og_title":"LEHRERIN SACHSEN | Oberland-Gymnasium Seifhennsersdorf","og_description":"Warum sollte man als Lehrer aufs s\u00e4chsische Land ziehen? Die Schulleiterin des Oberland-Gymnasiums Seifhennersdorf verr\u00e4t es dir!","og_url":"https:\/\/lehrer-werden-in-sachsen.de\/oberland-gymnasium-seifhennersdorf-sachsen\/","og_site_name":"LEHRERIN SACHSEN","article_published_time":"2023-06-20T13:38:56+00:00","article_modified_time":"2025-10-10T10:36:58+00:00","og_image":[{"width":1920,"height":970,"url":"https:\/\/lehrer-werden-in-sachsen.de\/wp-content\/uploads\/2023\/06\/SMK-Blog-Header-Seifhennersdorf_1920x970px-\u2013-2.jpg","type":"image\/jpeg"}],"author":"Maria Kretschmann","twitter_card":"summary_large_image","twitter_misc":{"Verfasst von":"Maria Kretschmann","Gesch\u00e4tzte Lesezeit":"5\u00a0Minuten"},"schema":{"@context":"https:\/\/schema.org","@graph":[{"@type":"Article","@id":"https:\/\/lehrer-werden-in-sachsen.de\/oberland-gymnasium-seifhennersdorf-sachsen\/#article","isPartOf":{"@id":"https:\/\/lehrer-werden-in-sachsen.de\/oberland-gymnasium-seifhennersdorf-sachsen\/"},"author":{"name":"Maria Kretschmann","@id":"https:\/\/lehrer-werden-in-sachsen.de\/#\/schema\/person\/4a127ffcfbf4e52ff0f66dcd7b4a5cc1"},"headline":"Verankert in der Heimat, offen f\u00fcr die Welt","datePublished":"2023-06-20T13:38:56+00:00","dateModified":"2025-10-10T10:36:58+00:00","mainEntityOfPage":{"@id":"https:\/\/lehrer-werden-in-sachsen.de\/oberland-gymnasium-seifhennersdorf-sachsen\/"},"wordCount":695,"publisher":{"@id":"https:\/\/lehrer-werden-in-sachsen.de\/#organization"},"image":{"@id":"https:\/\/lehrer-werden-in-sachsen.de\/oberland-gymnasium-seifhennersdorf-sachsen\/#primaryimage"},"thumbnailUrl":"https:\/\/lehrer-werden-in-sachsen.de\/stage\/wp-content\/uploads\/2023\/06\/SMK-Blog-Header-Seifhennersdorf_1920x970px-\u2013-2.jpg","keywords":["Gymnasium","S\u00e4chsische Regionen"],"articleSection":["Blog"],"inLanguage":"de"},{"@type":"WebPage","@id":"https:\/\/lehrer-werden-in-sachsen.de\/oberland-gymnasium-seifhennersdorf-sachsen\/","url":"https:\/\/lehrer-werden-in-sachsen.de\/oberland-gymnasium-seifhennersdorf-sachsen\/","name":"LEHRERIN SACHSEN | Oberland-Gymnasium Seifhennsersdorf","isPartOf":{"@id":"https:\/\/lehrer-werden-in-sachsen.de\/#website"},"primaryImageOfPage":{"@id":"https:\/\/lehrer-werden-in-sachsen.de\/oberland-gymnasium-seifhennersdorf-sachsen\/#primaryimage"},"image":{"@id":"https:\/\/lehrer-werden-in-sachsen.de\/oberland-gymnasium-seifhennersdorf-sachsen\/#primaryimage"},"thumbnailUrl":"https:\/\/lehrer-werden-in-sachsen.de\/stage\/wp-content\/uploads\/2023\/06\/SMK-Blog-Header-Seifhennersdorf_1920x970px-\u2013-2.jpg","datePublished":"2023-06-20T13:38:56+00:00","dateModified":"2025-10-10T10:36:58+00:00","description":"Warum sollte man als Lehrer aufs s\u00e4chsische Land ziehen? Die Schulleiterin des Oberland-Gymnasiums Seifhennersdorf verr\u00e4t es dir!","breadcrumb":{"@id":"https:\/\/lehrer-werden-in-sachsen.de\/oberland-gymnasium-seifhennersdorf-sachsen\/#breadcrumb"},"inLanguage":"de","potentialAction":[{"@type":"ReadAction","target":["https:\/\/lehrer-werden-in-sachsen.de\/oberland-gymnasium-seifhennersdorf-sachsen\/"]}]},{"@type":"ImageObject","inLanguage":"de","@id":"https:\/\/lehrer-werden-in-sachsen.de\/oberland-gymnasium-seifhennersdorf-sachsen\/#primaryimage","url":"https:\/\/lehrer-werden-in-sachsen.de\/stage\/wp-content\/uploads\/2023\/06\/SMK-Blog-Header-Seifhennersdorf_1920x970px-\u2013-2.jpg","contentUrl":"https:\/\/lehrer-werden-in-sachsen.de\/stage\/wp-content\/uploads\/2023\/06\/SMK-Blog-Header-Seifhennersdorf_1920x970px-\u2013-2.jpg","width":1920,"height":970,"caption":"Das Oberland-Gymnasium in Seifhennersdorf aus der Vogelperspektive"},{"@type":"BreadcrumbList","@id":"https:\/\/lehrer-werden-in-sachsen.de\/oberland-gymnasium-seifhennersdorf-sachsen\/#breadcrumb","itemListElement":[{"@type":"ListItem","position":1,"name":"Startseite","item":"https:\/\/lehrer-werden-in-sachsen.de\/"},{"@type":"ListItem","position":2,"name":"Verankert in der Heimat, offen f\u00fcr die Welt"}]},{"@type":"WebSite","@id":"https:\/\/lehrer-werden-in-sachsen.de\/#website","url":"https:\/\/lehrer-werden-in-sachsen.de\/","name":"LEHRERIN SACHSEN","description":"Eine Klasse f\u00fcr sich.","publisher":{"@id":"https:\/\/lehrer-werden-in-sachsen.de\/#organization"},"potentialAction":[{"@type":"SearchAction","target":{"@type":"EntryPoint","urlTemplate":"https:\/\/lehrer-werden-in-sachsen.de\/?s={search_term_string}"},"query-input":{"@type":"PropertyValueSpecification","valueRequired":true,"valueName":"search_term_string"}}],"inLanguage":"de"},{"@type":"Organization","@id":"https:\/\/lehrer-werden-in-sachsen.de\/#organization","name":"LEHRERIN SACHSEN","url":"https:\/\/lehrer-werden-in-sachsen.de\/","logo":{"@type":"ImageObject","inLanguage":"de","@id":"https:\/\/lehrer-werden-in-sachsen.de\/#\/schema\/logo\/image\/","url":"https:\/\/lehrer-werden-in-sachsen.de\/stage\/wp-content\/uploads\/2022\/02\/SMK_Leherin-Sachsen-Marke_RGB_Violett-Orange.svg","contentUrl":"https:\/\/lehrer-werden-in-sachsen.de\/stage\/wp-content\/uploads\/2022\/02\/SMK_Leherin-Sachsen-Marke_RGB_Violett-Orange.svg","caption":"LEHRERIN SACHSEN"},"image":{"@id":"https:\/\/lehrer-werden-in-sachsen.de\/#\/schema\/logo\/image\/"}},{"@type":"Person","@id":"https:\/\/lehrer-werden-in-sachsen.de\/#\/schema\/person\/4a127ffcfbf4e52ff0f66dcd7b4a5cc1","name":"Maria Kretschmann","image":{"@type":"ImageObject","inLanguage":"de","@id":"https:\/\/secure.gravatar.com\/avatar\/785963a239158e0d036c182ccde6b24c2d0822b83af8ab1b3773045a106114df?s=96&d=mm&r=g","url":"https:\/\/secure.gravatar.com\/avatar\/785963a239158e0d036c182ccde6b24c2d0822b83af8ab1b3773045a106114df?s=96&d=mm&r=g","contentUrl":"https:\/\/secure.gravatar.com\/avatar\/785963a239158e0d036c182ccde6b24c2d0822b83af8ab1b3773045a106114df?s=96&d=mm&r=g","caption":"Maria Kretschmann"},"url":"https:\/\/lehrer-werden-in-sachsen.de\/stage\/author\/maria-kretschmann\/"}]}},"_links":{"self":[{"href":"https:\/\/lehrer-werden-in-sachsen.de\/stage\/wp-json\/wp\/v2\/posts\/10539","targetHints":{"allow":["GET"]}}],"collection":[{"href":"https:\/\/lehrer-werden-in-sachsen.de\/stage\/wp-json\/wp\/v2\/posts"}],"about":[{"href":"https:\/\/lehrer-werden-in-sachsen.de\/stage\/wp-json\/wp\/v2\/types\/post"}],"author":[{"embeddable":true,"href":"https:\/\/lehrer-werden-in-sachsen.de\/stage\/wp-json\/wp\/v2\/users\/13"}],"replies":[{"embeddable":true,"href":"https:\/\/lehrer-werden-in-sachsen.de\/stage\/wp-json\/wp\/v2\/comments?post=10539"}],"version-history":[{"count":34,"href":"https:\/\/lehrer-werden-in-sachsen.de\/stage\/wp-json\/wp\/v2\/posts\/10539\/revisions"}],"predecessor-version":[{"id":23937,"href":"https:\/\/lehrer-werden-in-sachsen.de\/stage\/wp-json\/wp\/v2\/posts\/10539\/revisions\/23937"}],"wp:featuredmedia":[{"embeddable":true,"href":"https:\/\/lehrer-werden-in-sachsen.de\/stage\/wp-json\/wp\/v2\/media\/10547"}],"wp:attachment":[{"href":"https:\/\/lehrer-werden-in-sachsen.de\/stage\/wp-json\/wp\/v2\/media?parent=10539"}],"wp:term":[{"taxonomy":"category","embeddable":true,"href":"https:\/\/lehrer-werden-in-sachsen.de\/stage\/wp-json\/wp\/v2\/categories?post=10539"},{"taxonomy":"post_tag","embeddable":true,"href":"https:\/\/lehrer-werden-in-sachsen.de\/stage\/wp-json\/wp\/v2\/tags?post=10539"}],"curies":[{"name":"wp","href":"https:\/\/api.w.org\/{rel}","templated":true}]}}