{"id":10476,"date":"2023-06-05T13:21:16","date_gmt":"2023-06-05T11:21:16","guid":{"rendered":"https:\/\/lehrer-werden-in-sachsen.de\/stage\/?p=10476"},"modified":"2025-07-11T13:52:16","modified_gmt":"2025-07-11T11:52:16","slug":"sorbisch-eine-herzensangelegenheit","status":"publish","type":"post","link":"https:\/\/lehrer-werden-in-sachsen.de\/stage\/sorbisch-eine-herzensangelegenheit\/","title":{"rendered":"Sorbisch, eine Herzensangelegenheit"},"content":{"rendered":"\t\t<div data-elementor-type=\"wp-post\" data-elementor-id=\"10476\" class=\"elementor elementor-10476\" data-elementor-post-type=\"post\">\n\t\t\t\t\t\t<section class=\"elementor-section elementor-top-section elementor-element elementor-element-77dc2d3 elementor-section-boxed elementor-section-height-default elementor-section-height-default\" data-id=\"77dc2d3\" data-element_type=\"section\" data-e-type=\"section\">\n\t\t\t\t\t\t<div class=\"elementor-container elementor-column-gap-default\">\n\t\t\t\t\t<div class=\"elementor-column elementor-col-100 elementor-top-column elementor-element elementor-element-db24ebd\" data-id=\"db24ebd\" data-element_type=\"column\" data-e-type=\"column\">\n\t\t\t<div class=\"elementor-widget-wrap elementor-element-populated\">\n\t\t\t\t\t\t<div class=\"elementor-element elementor-element-8cb6e5f elementor-widget elementor-widget-text-editor\" data-id=\"8cb6e5f\" data-element_type=\"widget\" data-e-type=\"widget\" data-widget_type=\"text-editor.default\">\n\t\t\t\t<div class=\"elementor-widget-container\">\n\t\t\t\t\t\t\t\t\t<p><b><span data-contrast=\"auto\">,Wuj Ludwig\u2019 (,Onkel Ludwig\u2019) &#8211; so wird Ludwig Eckert, 36, oft genannt<\/span><\/b><b><i><span data-contrast=\"auto\">.<\/span><\/i><\/b><b><span data-contrast=\"auto\"> Schon immer scharten sich die J\u00fcngeren um ihn, schauten zu ihm auf, f\u00fchlten sich wohl bei ihm. Das hat sich nicht ge\u00e4ndert: Heute ist er Sorbisch- und Geschichtslehrer an der Oberschule in Schleife, obwohl er sich selbst als Sch\u00fcler im Unterricht nicht immer wirklich wohl gef\u00fchlt hat \u2013 oder ist er vielleicht gerade deswegen an die Schule zur\u00fcckgekehrt?<\/span><\/b><span data-ccp-props=\"{&quot;201341983&quot;:0,&quot;335559739&quot;:160,&quot;335559740&quot;:276}\">\u00a0<\/span><\/p><p><span data-ccp-props=\"{&quot;201341983&quot;:0,&quot;335559739&quot;:160,&quot;335559740&quot;:276}\">\u00a0<\/span><\/p>\t\t\t\t\t\t\t\t<\/div>\n\t\t\t\t<\/div>\n\t\t\t\t\t<\/div>\n\t\t<\/div>\n\t\t\t\t\t<\/div>\n\t\t<\/section>\n\t\t\t\t<section class=\"elementor-section elementor-top-section elementor-element elementor-element-cb0308d elementor-section-boxed elementor-section-height-default elementor-section-height-default\" data-id=\"cb0308d\" data-element_type=\"section\" data-e-type=\"section\">\n\t\t\t\t\t\t<div class=\"elementor-container elementor-column-gap-default\">\n\t\t\t\t\t<div class=\"elementor-column elementor-col-100 elementor-top-column elementor-element elementor-element-d2b2eb0\" data-id=\"d2b2eb0\" data-element_type=\"column\" data-e-type=\"column\">\n\t\t\t<div class=\"elementor-widget-wrap elementor-element-populated\">\n\t\t\t\t\t\t<div class=\"elementor-element elementor-element-20f64b0 elementor-widget elementor-widget-heading\" data-id=\"20f64b0\" data-element_type=\"widget\" data-e-type=\"widget\" data-widget_type=\"heading.default\">\n\t\t\t\t<div class=\"elementor-widget-container\">\n\t\t\t\t\t<h2 class=\"elementor-heading-title elementor-size-default\">Beh\u00fctete Kindheit in der Lausitz <\/h2>\t\t\t\t<\/div>\n\t\t\t\t<\/div>\n\t\t\t\t\t<\/div>\n\t\t<\/div>\n\t\t\t\t\t<\/div>\n\t\t<\/section>\n\t\t\t\t<section class=\"elementor-section elementor-top-section elementor-element elementor-element-0262f42 elementor-section-boxed elementor-section-height-default elementor-section-height-default\" data-id=\"0262f42\" data-element_type=\"section\" data-e-type=\"section\">\n\t\t\t\t\t\t<div class=\"elementor-container elementor-column-gap-default\">\n\t\t\t\t\t<div class=\"elementor-column elementor-col-100 elementor-top-column elementor-element elementor-element-48b0f02\" data-id=\"48b0f02\" data-element_type=\"column\" data-e-type=\"column\">\n\t\t\t<div class=\"elementor-widget-wrap elementor-element-populated\">\n\t\t\t\t\t\t<div class=\"elementor-element elementor-element-280267d elementor-widget elementor-widget-text-editor\" data-id=\"280267d\" data-element_type=\"widget\" data-e-type=\"widget\" data-widget_type=\"text-editor.default\">\n\t\t\t\t<div class=\"elementor-widget-container\">\n\t\t\t\t\t\t\t\t\t<p><span data-contrast=\"auto\">Als Sohn einer sorbischen Mutter und eines deutschen Vaters in Cottbus geboren, zog Ludwigs Familie in das sorbische Dorf R\u00e4ckelwitz, da war er drei Jahre alt. Seine Kindheit in der kleinen Dorfgemeinschaft beschreibt er als \u201esch\u00f6n und unkompliziert, mit viel Liebe und Verst\u00e4ndnis\u201c. Seitdem ist Sorbisch aus seinem Leben nicht mehr wegzudenken. Er lernte die Sprache von seiner Mutter und seiner Gro\u00dfmutter, vor allem aber einfach \u201enebenbei\u201c. Die Sprache war im l\u00e4ndlichen Alltag allgegenw\u00e4rtig: ob beim B\u00e4cker, auf dem Schulhof<\/span><i><span data-contrast=\"auto\">, <\/span><\/i><span data-contrast=\"auto\">im Sportverein oder sogar im Gespr\u00e4ch mit dem Versicherungsvertreter.\u00a0<\/span><span data-ccp-props=\"{&quot;201341983&quot;:0,&quot;335559739&quot;:160,&quot;335559740&quot;:276}\">\u00a0<\/span><\/p><p><span data-contrast=\"auto\">Lange Zeit war Ludwig Mitglied in sorbischen Tanzgruppen (in <\/span><a href=\"https:\/\/lehrer-werden-in-sachsen.de\\\\\/sachsen-erleben\/landkreis-bautzen\/\" title=\"Sachsen erleben - Bautzen\" target=\"_blank\" rel=\"noopener\"><span data-contrast=\"none\">Bautzen<\/span><\/a><span data-contrast=\"auto\"> und Schmerlitz) und sogar 19 Jahre lang einer der<\/span> <a href=\"https:\/\/www.sorbisch-na-klar.de\/osterbraeuche-man-muss-das-einfach-erleben-nicht-erzaehlen-ein-interview-mit-andrea-pawlikowa-paulik\/\" title=\"Sorbisch? Na klar. - Osterbr\u00e4uche\" target=\"_blank\" rel=\"noopener\"><span data-contrast=\"none\">Osterreiter<\/span><\/a><span data-contrast=\"auto\"> in der traditionellen Prozession.<\/span><span data-ccp-props=\"{&quot;201341983&quot;:0,&quot;335559739&quot;:160,&quot;335559740&quot;:276}\">\u00a0<\/span><span data-contrast=\"auto\">Ludwigs Kindheits- und Jugendidylle wurde allerdings durch seine eigene Schulzeit manchmal auch getr\u00fcbt: \u201eDie Schule hat mir 12 Jahre lang nicht wirklich Spa\u00df gemacht, obwohl ich die meisten F\u00e4cher interessant fand. Doch der Unterricht hat mich selten abgeholt, geschweige denn begeistert. Es gab allerdings einige Vorbilder, die mir gezeigt haben, dass es auch anders geht\u201c. Diese Vorbilder spornten ihn an, es selbst besser zu machen.<\/span><span data-ccp-props=\"{&quot;201341983&quot;:0,&quot;335559739&quot;:160,&quot;335559740&quot;:276}\">\u00a0<\/span><\/p><p><span data-contrast=\"auto\">Nach dem Abitur wollte Ludwig etwas \u201eSinnvolles\u201c tun, der Gesellschaft etwas zur\u00fcckgeben, denn der Wehrdienst kam f\u00fcr ihn damals nicht infrage: \u201eIch wollte lernen, wie man Leben rettet und nicht, wie man es nimmt!\u201c Also leistete er seinen Zivildienst im Krankenhaus. F\u00fcr \u201eTante Ludwig\u201c war nach dieser Zeit klar: \u201eIch will der Gesellschaft dienen, ich werde Lehrer! \u201c<\/span><span data-ccp-props=\"{&quot;201341983&quot;:0,&quot;335559739&quot;:160,&quot;335559740&quot;:276}\">\u00a0<\/span><\/p>\t\t\t\t\t\t\t\t<\/div>\n\t\t\t\t<\/div>\n\t\t\t\t\t<\/div>\n\t\t<\/div>\n\t\t\t\t\t<\/div>\n\t\t<\/section>\n\t\t\t\t<section class=\"elementor-section elementor-top-section elementor-element elementor-element-11d43e0 elementor-section-boxed elementor-section-height-default elementor-section-height-default\" data-id=\"11d43e0\" data-element_type=\"section\" data-e-type=\"section\">\n\t\t\t\t\t\t<div class=\"elementor-container elementor-column-gap-default\">\n\t\t\t\t\t<div class=\"elementor-column elementor-col-100 elementor-top-column elementor-element elementor-element-f35221e\" data-id=\"f35221e\" data-element_type=\"column\" data-e-type=\"column\">\n\t\t\t<div class=\"elementor-widget-wrap\">\n\t\t\t\t\t\t\t<\/div>\n\t\t<\/div>\n\t\t\t\t\t<\/div>\n\t\t<\/section>\n\t\t\t\t<section class=\"elementor-section elementor-top-section elementor-element elementor-element-3c46958 elementor-section-boxed elementor-section-height-default elementor-section-height-default\" data-id=\"3c46958\" data-element_type=\"section\" data-e-type=\"section\">\n\t\t\t\t\t\t<div class=\"elementor-container elementor-column-gap-default\">\n\t\t\t\t\t<div class=\"elementor-column elementor-col-100 elementor-top-column elementor-element elementor-element-7c6dfa5\" data-id=\"7c6dfa5\" data-element_type=\"column\" data-e-type=\"column\">\n\t\t\t<div class=\"elementor-widget-wrap elementor-element-populated\">\n\t\t\t\t\t\t<div class=\"elementor-element elementor-element-434fad5 elementor-widget elementor-widget-heading\" data-id=\"434fad5\" data-element_type=\"widget\" data-e-type=\"widget\" data-widget_type=\"heading.default\">\n\t\t\t\t<div class=\"elementor-widget-container\">\n\t\t\t\t\t<h2 class=\"elementor-heading-title elementor-size-default\">Tropfen im Ozean <\/h2>\t\t\t\t<\/div>\n\t\t\t\t<\/div>\n\t\t\t\t\t<\/div>\n\t\t<\/div>\n\t\t\t\t\t<\/div>\n\t\t<\/section>\n\t\t\t\t<section class=\"elementor-section elementor-top-section elementor-element elementor-element-32cb6f1 elementor-section-boxed elementor-section-height-default elementor-section-height-default\" data-id=\"32cb6f1\" data-element_type=\"section\" data-e-type=\"section\">\n\t\t\t\t\t\t<div class=\"elementor-container elementor-column-gap-default\">\n\t\t\t\t\t<div class=\"elementor-column elementor-col-100 elementor-top-column elementor-element elementor-element-c6d3d8b\" data-id=\"c6d3d8b\" data-element_type=\"column\" data-e-type=\"column\">\n\t\t\t<div class=\"elementor-widget-wrap elementor-element-populated\">\n\t\t\t\t\t\t<div class=\"elementor-element elementor-element-d1603b4 elementor-widget elementor-widget-text-editor\" data-id=\"d1603b4\" data-element_type=\"widget\" data-e-type=\"widget\" data-widget_type=\"text-editor.default\">\n\t\t\t\t<div class=\"elementor-widget-container\">\n\t\t\t\t\t\t\t\t\t<p><span data-contrast=\"auto\">Ludwig studierte an der Universit\u00e4t Leipzig Sorbisch und Tschechisch auf Lehramt. Da es an seiner jetzigen Schule aber aktuell<\/span> <span data-contrast=\"auto\">zu wenig Interessenten f\u00fcr Tschechisch gibt, unterrichtet er stattdessen Geschichte und wurde hier fachfremd eingearbeitet: \u201eDas war f\u00fcr mich kein Problem, da Geschichte mein absolutes Steckenpferd ist und mich auch privat sehr interessiert. Ich habe auch schon Deutsch an einem tschechischen Gymnasium unterrichtet und mich auch in verschiedenen anderen F\u00e4cher ausprobiert.\u201c<\/span><span data-ccp-props=\"{&quot;201341983&quot;:0,&quot;335559739&quot;:160,&quot;335559740&quot;:276}\">\u00a0<\/span><\/p><p>\u00a0<\/p><p><span data-contrast=\"auto\">Das Fach Sorbisch ist f\u00fcr ihn eine Herzensangelegenheit, wie er selbst sagt: \u201eDie Sprache ist f\u00fcr mich unglaublich wertvoll und ich finde es wichtig, sie zu erhalten. Sie ist ein Mehrwert nicht nur f\u00fcr Sachsen, sondern f\u00fcr ganz Deutschland &#8211; sie macht unser Land bunter.\u201c Sein Ziel: Bewusstsein schaffen f\u00fcr diesen einmaligen kulturellen und sprachlichen Schatz und die sch\u00f6ne Lausitz. <\/span><span data-contrast=\"auto\">Auch wenn sein Beitrag zum gro\u00dfen Ganzen klein ist, kann er als Lehrer viel bewegen. Frei nach Blaise Pascal: <\/span><span data-contrast=\"auto\">\u201eJeder Stein ver\u00e4ndert das Meer.\u201c &#8211; Denn auch die kleinen Dinge wirken sich auf das gro\u00dfe Ganze aus.\u201c<\/span><i><span data-contrast=\"auto\">\u00a0<\/span><\/i><span data-ccp-props=\"{&quot;201341983&quot;:0,&quot;335559739&quot;:160,&quot;335559740&quot;:276}\">\u00a0<\/span><\/p>\t\t\t\t\t\t\t\t<\/div>\n\t\t\t\t<\/div>\n\t\t\t\t\t<\/div>\n\t\t<\/div>\n\t\t\t\t\t<\/div>\n\t\t<\/section>\n\t\t\t\t<section class=\"elementor-section elementor-top-section elementor-element elementor-element-9779c97 elementor-section-boxed elementor-section-height-default elementor-section-height-default\" data-id=\"9779c97\" data-element_type=\"section\" data-e-type=\"section\">\n\t\t\t\t\t\t<div class=\"elementor-container elementor-column-gap-default\">\n\t\t\t\t\t<div class=\"elementor-column elementor-col-100 elementor-top-column elementor-element elementor-element-02f7c69\" data-id=\"02f7c69\" data-element_type=\"column\" data-e-type=\"column\">\n\t\t\t<div class=\"elementor-widget-wrap\">\n\t\t\t\t\t\t\t<\/div>\n\t\t<\/div>\n\t\t\t\t\t<\/div>\n\t\t<\/section>\n\t\t\t\t<section class=\"elementor-section elementor-top-section elementor-element elementor-element-d748213 elementor-section-boxed elementor-section-height-default elementor-section-height-default\" data-id=\"d748213\" data-element_type=\"section\" data-e-type=\"section\">\n\t\t\t\t\t\t<div class=\"elementor-container elementor-column-gap-default\">\n\t\t\t\t\t<div class=\"elementor-column elementor-col-100 elementor-top-column elementor-element elementor-element-8b35497\" data-id=\"8b35497\" data-element_type=\"column\" data-e-type=\"column\">\n\t\t\t<div class=\"elementor-widget-wrap elementor-element-populated\">\n\t\t\t\t\t\t<div class=\"elementor-element elementor-element-3d5e50a elementor-widget elementor-widget-heading\" data-id=\"3d5e50a\" data-element_type=\"widget\" data-e-type=\"widget\" data-widget_type=\"heading.default\">\n\t\t\t\t<div class=\"elementor-widget-container\">\n\t\t\t\t\t<h2 class=\"elementor-heading-title elementor-size-default\">Gl\u00fccksmomente eines Lehrers <\/h2>\t\t\t\t<\/div>\n\t\t\t\t<\/div>\n\t\t\t\t\t<\/div>\n\t\t<\/div>\n\t\t\t\t\t<\/div>\n\t\t<\/section>\n\t\t\t\t<section class=\"elementor-section elementor-top-section elementor-element elementor-element-de9d14d elementor-section-boxed elementor-section-height-default elementor-section-height-default\" data-id=\"de9d14d\" data-element_type=\"section\" data-e-type=\"section\">\n\t\t\t\t\t\t<div class=\"elementor-container elementor-column-gap-default\">\n\t\t\t\t\t<div class=\"elementor-column elementor-col-100 elementor-top-column elementor-element elementor-element-8c0016b\" data-id=\"8c0016b\" data-element_type=\"column\" data-e-type=\"column\">\n\t\t\t<div class=\"elementor-widget-wrap\">\n\t\t\t\t\t\t\t<\/div>\n\t\t<\/div>\n\t\t\t\t\t<\/div>\n\t\t<\/section>\n\t\t\t\t<section class=\"elementor-section elementor-top-section elementor-element elementor-element-a1165e4 elementor-section-boxed elementor-section-height-default elementor-section-height-default\" data-id=\"a1165e4\" data-element_type=\"section\" data-e-type=\"section\">\n\t\t\t\t\t\t<div class=\"elementor-container elementor-column-gap-default\">\n\t\t\t\t\t<div class=\"elementor-column elementor-col-50 elementor-top-column elementor-element elementor-element-3fbf53b\" data-id=\"3fbf53b\" data-element_type=\"column\" data-e-type=\"column\">\n\t\t\t<div class=\"elementor-widget-wrap elementor-element-populated\">\n\t\t\t\t\t\t<div class=\"elementor-element elementor-element-48dcfa0 elementor-widget__width-initial elementor-widget elementor-widget-text-editor\" data-id=\"48dcfa0\" data-element_type=\"widget\" data-e-type=\"widget\" data-widget_type=\"text-editor.default\">\n\t\t\t\t<div class=\"elementor-widget-container\">\n\t\t\t\t\t\t\t\t\t<p><span data-contrast=\"auto\">Auf die Frage, welcher Lehrertyp er sei, antwortet er mit einem L\u00e4cheln: \u201eIch bin eher der lockere Lehrertyp, aber das war ich nicht immer. Wo ich anfangs aus Unsicherheit Strenge gezeigt habe, bin ich mit der Zeit und durch die Erfahrung entspannter geworden. Wichtig ist mir in der Arbeit das gegenseitige Vertrauen. Aber: Grenzen bleiben wichtig!\u201c<\/span><span data-ccp-props=\"{&quot;201341983&quot;:0,&quot;335559739&quot;:160,&quot;335559740&quot;:276}\">\u00a0<\/span><\/p>\t\t\t\t\t\t\t\t<\/div>\n\t\t\t\t<\/div>\n\t\t\t\t\t<\/div>\n\t\t<\/div>\n\t\t\t\t<div class=\"elementor-column elementor-col-50 elementor-top-column elementor-element elementor-element-f15bbe1\" data-id=\"f15bbe1\" data-element_type=\"column\" data-e-type=\"column\">\n\t\t\t<div class=\"elementor-widget-wrap elementor-element-populated\">\n\t\t\t\t\t\t<div class=\"elementor-element elementor-element-d480590 elementor-widget elementor-widget-image\" data-id=\"d480590\" data-element_type=\"widget\" data-e-type=\"widget\" data-widget_type=\"image.default\">\n\t\t\t\t<div class=\"elementor-widget-container\">\n\t\t\t\t\t\t\t\t\t\t\t\t<figure class=\"wp-caption\">\n\t\t\t\t\t\t\t\t\t\t<img fetchpriority=\"high\" decoding=\"async\" width=\"1024\" height=\"517\" src=\"https:\/\/lehrer-werden-in-sachsen.de\/stage\/wp-content\/uploads\/2023\/06\/SMK-Blog-Header-Ludwig-Eckert-01-1-1024x517.jpg\" class=\"attachment-large size-large wp-image-10491\" alt=\"Ludwig Eckert in der Oberschule in Schleife\" srcset=\"https:\/\/lehrer-werden-in-sachsen.de\/stage\/wp-content\/uploads\/2023\/06\/SMK-Blog-Header-Ludwig-Eckert-01-1-1024x517.jpg 1024w, https:\/\/lehrer-werden-in-sachsen.de\/stage\/wp-content\/uploads\/2023\/06\/SMK-Blog-Header-Ludwig-Eckert-01-1-300x152.jpg 300w, https:\/\/lehrer-werden-in-sachsen.de\/stage\/wp-content\/uploads\/2023\/06\/SMK-Blog-Header-Ludwig-Eckert-01-1-768x388.jpg 768w, https:\/\/lehrer-werden-in-sachsen.de\/stage\/wp-content\/uploads\/2023\/06\/SMK-Blog-Header-Ludwig-Eckert-01-1-1536x776.jpg 1536w, https:\/\/lehrer-werden-in-sachsen.de\/stage\/wp-content\/uploads\/2023\/06\/SMK-Blog-Header-Ludwig-Eckert-01-1.jpg 1920w\" sizes=\"(max-width: 1024px) 100vw, 1024px\" \/>\t\t\t\t\t\t\t\t\t\t\t<figcaption class=\"widget-image-caption wp-caption-text\">Oberschullehrer Ludwig Eckert<\/figcaption>\n\t\t\t\t\t\t\t\t\t\t<\/figure>\n\t\t\t\t\t\t\t\t\t<\/div>\n\t\t\t\t<\/div>\n\t\t\t\t\t<\/div>\n\t\t<\/div>\n\t\t\t\t\t<\/div>\n\t\t<\/section>\n\t\t\t\t<section class=\"elementor-section elementor-top-section elementor-element elementor-element-6569ea5 elementor-section-boxed elementor-section-height-default elementor-section-height-default\" data-id=\"6569ea5\" data-element_type=\"section\" data-e-type=\"section\">\n\t\t\t\t\t\t<div class=\"elementor-container elementor-column-gap-default\">\n\t\t\t\t\t<div class=\"elementor-column elementor-col-100 elementor-top-column elementor-element elementor-element-84211c8\" data-id=\"84211c8\" data-element_type=\"column\" data-e-type=\"column\">\n\t\t\t<div class=\"elementor-widget-wrap elementor-element-populated\">\n\t\t\t\t\t\t<div class=\"elementor-element elementor-element-c55c737 elementor-widget elementor-widget-text-editor\" data-id=\"c55c737\" data-element_type=\"widget\" data-e-type=\"widget\" data-widget_type=\"text-editor.default\">\n\t\t\t\t<div class=\"elementor-widget-container\">\n\t\t\t\t\t\t\t\t\t<p><span data-contrast=\"auto\">Zu sehen, wie aus Kindern junge Erwachsene werden, macht Ludwig gro\u00dfe Freude. Und wenn dann noch ein Sch\u00fcler oder eine Sch\u00fclerin zu ihm sagt: \u201eBei Ihnen macht es Spa\u00df, weil ich immer so viel lerne\u201c, ist er zwei Wochen lang gl\u00fccklich, sagt er.<\/span><span data-ccp-props=\"{&quot;201341983&quot;:0,&quot;335559739&quot;:160,&quot;335559740&quot;:276}\">\u00a0<\/span><\/p><p>\u00a0<\/p><p><span data-contrast=\"auto\">Ludwigs Botschaft an alle, die sich f\u00fcr den Lehrerberuf interessieren: \u201eWir brauchen jede und jeden von euch!\u201c Sein Rat an alle Studieninteressierten: \u201eSeid mutig, probiert euch aus, fragt proaktiv nach Praktika!\u201c Jedes Fach lasse sich spannend gestalten, egal wie schwierig die Lehrpl\u00e4ne seien &#8211; und das motiviere ihn jeden Tag aufs Neue.<\/span><span data-ccp-props=\"{&quot;201341983&quot;:0,&quot;335559739&quot;:160,&quot;335559740&quot;:276}\">\u00a0<\/span><\/p>\t\t\t\t\t\t\t\t<\/div>\n\t\t\t\t<\/div>\n\t\t\t\t\t<\/div>\n\t\t<\/div>\n\t\t\t\t\t<\/div>\n\t\t<\/section>\n\t\t\t\t<section class=\"elementor-section elementor-top-section elementor-element elementor-element-c7ef4e4 elementor-section-boxed elementor-section-height-default elementor-section-height-default\" data-id=\"c7ef4e4\" data-element_type=\"section\" data-e-type=\"section\">\n\t\t\t\t\t\t<div class=\"elementor-container elementor-column-gap-default\">\n\t\t\t\t\t<div class=\"elementor-column elementor-col-100 elementor-top-column elementor-element elementor-element-09c60af\" data-id=\"09c60af\" data-element_type=\"column\" data-e-type=\"column\">\n\t\t\t<div class=\"elementor-widget-wrap\">\n\t\t\t\t\t\t\t<\/div>\n\t\t<\/div>\n\t\t\t\t\t<\/div>\n\t\t<\/section>\n\t\t\t\t<section class=\"elementor-section elementor-top-section elementor-element elementor-element-fd72123 elementor-section-boxed elementor-section-height-default elementor-section-height-default\" data-id=\"fd72123\" data-element_type=\"section\" data-e-type=\"section\">\n\t\t\t\t\t\t<div class=\"elementor-container elementor-column-gap-default\">\n\t\t\t\t\t<div class=\"elementor-column elementor-col-100 elementor-top-column elementor-element elementor-element-e6729e7\" data-id=\"e6729e7\" data-element_type=\"column\" data-e-type=\"column\">\n\t\t\t<div class=\"elementor-widget-wrap elementor-element-populated\">\n\t\t\t\t\t\t<div class=\"elementor-element elementor-element-3b65487 elementor-widget elementor-widget-heading\" data-id=\"3b65487\" data-element_type=\"widget\" data-e-type=\"widget\" data-widget_type=\"heading.default\">\n\t\t\t\t<div class=\"elementor-widget-container\">\n\t\t\t\t\t<h2 class=\"elementor-heading-title elementor-size-default\">Schule am Puls der Zeit  <\/h2>\t\t\t\t<\/div>\n\t\t\t\t<\/div>\n\t\t\t\t\t<\/div>\n\t\t<\/div>\n\t\t\t\t\t<\/div>\n\t\t<\/section>\n\t\t\t\t<section class=\"elementor-section elementor-top-section elementor-element elementor-element-2c5382f elementor-section-boxed elementor-section-height-default elementor-section-height-default\" data-id=\"2c5382f\" data-element_type=\"section\" data-e-type=\"section\">\n\t\t\t\t\t\t<div class=\"elementor-container elementor-column-gap-default\">\n\t\t\t\t\t<div class=\"elementor-column elementor-col-100 elementor-top-column elementor-element elementor-element-28bf2fd\" data-id=\"28bf2fd\" data-element_type=\"column\" data-e-type=\"column\">\n\t\t\t<div class=\"elementor-widget-wrap elementor-element-populated\">\n\t\t\t\t\t\t<div class=\"elementor-element elementor-element-b5ffc37 elementor-widget elementor-widget-text-editor\" data-id=\"b5ffc37\" data-element_type=\"widget\" data-e-type=\"widget\" data-widget_type=\"text-editor.default\">\n\t\t\t\t<div class=\"elementor-widget-container\">\n\t\t\t\t\t\t\t\t\t<p><span class=\"TextRun SCXW104691079 BCX8\" lang=\"DE-DE\" xml:lang=\"DE-DE\" data-contrast=\"auto\"><span class=\"NormalTextRun SCXW104691079 BCX8\">Die <\/span><\/span><a href=\"https:\/\/www.sachsen.schule\/~ms-schleife\/\" title=\"Oberschule Schleife\" target=\"_blank\" rel=\"noopener\"><span class=\"TextRun Underlined SCXW104691079 BCX8\" lang=\"DE-DE\" xml:lang=\"DE-DE\" data-contrast=\"none\"><span class=\"NormalTextRun SCXW104691079 BCX8\">Oberschule in Schleife<\/span><\/span><\/a><span class=\"TextRun SCXW104691079 BCX8\" lang=\"DE-DE\" xml:lang=\"DE-DE\" data-contrast=\"auto\"><span class=\"NormalTextRun SCXW104691079 BCX8\">, an <\/span><span class=\"NormalTextRun SCXW104691079 BCX8\">der Ludwig<\/span><span class=\"NormalTextRun SCXW104691079 BCX8\"> unterrichtet, ist kreidefrei, digital auf dem neuesten Stand, das Kollegium ist jung. Was die Schule auf dem s\u00e4chsischen <\/span><span class=\"NormalTextRun SCXW104691079 BCX8\">Land noch besonders macht? Die Zweisprachigkeit: Im Kollegium gibt es f\u00fcnf sorbische Muttersprachler, und auch die anderen Kolleginnen und Kollegen bem\u00fchen sich, die Sprache zu lernen. Der Schulleiter ist selbst Sorbe und lebt der Sch\u00fclergeneration die sorbische Lebensart vor &#8211; so ist es ganz normal, dass man sich auf dem Schulflur auf Sorbisch begr\u00fc\u00dft oder dass die Beschriftungen in der Schule zweisprachig sind. Von den <\/span><span class=\"NormalTextRun SCXW104691079 BCX8\">290 <\/span><span class=\"NormalTextRun SCXW104691079 BCX8\">Sch\u00fclerinnen und Sch\u00fclern besucht zudem etwa die H\u00e4lfte <\/span><span class=\"NormalTextRun SCXW104691079 BCX8\">Klassen mit sorbischem Unterricht<\/span><span class=\"NormalTextRun SCXW104691079 BCX8\">\u2013 in diesem Jahr gab es sogar erstmals <\/span><span class=\"NormalTextRun SCXW104691079 BCX8\">deutlich<\/span><\/span> <span class=\"TextRun SCXW104691079 BCX8\" lang=\"DE-DE\" xml:lang=\"DE-DE\" data-contrast=\"auto\"><span class=\"NormalTextRun SCXW104691079 BCX8\">mehr Anmeldungen f\u00fcr die <\/span><span class=\"NormalTextRun SpellingErrorV2Themed SCXW104691079 BCX8\">Sorbischklassen<\/span><span class=\"NormalTextRun SCXW104691079 BCX8\"> als f\u00fcr die Deutschklassen!<\/span><\/span><span class=\"EOP SCXW104691079 BCX8\" data-ccp-props=\"{&quot;201341983&quot;:0,&quot;335559739&quot;:160,&quot;335559740&quot;:276}\">\u00a0<\/span><\/p>\t\t\t\t\t\t\t\t<\/div>\n\t\t\t\t<\/div>\n\t\t\t\t\t<\/div>\n\t\t<\/div>\n\t\t\t\t\t<\/div>\n\t\t<\/section>\n\t\t\t\t<section class=\"elementor-section elementor-top-section elementor-element elementor-element-df456f4 elementor-section-boxed elementor-section-height-default elementor-section-height-default\" data-id=\"df456f4\" data-element_type=\"section\" data-e-type=\"section\">\n\t\t\t\t\t\t<div class=\"elementor-container elementor-column-gap-default\">\n\t\t\t\t\t<div class=\"elementor-column elementor-col-100 elementor-top-column elementor-element elementor-element-fc11e79\" data-id=\"fc11e79\" data-element_type=\"column\" data-e-type=\"column\">\n\t\t\t<div class=\"elementor-widget-wrap\">\n\t\t\t\t\t\t\t<\/div>\n\t\t<\/div>\n\t\t\t\t\t<\/div>\n\t\t<\/section>\n\t\t\t\t<section class=\"elementor-section elementor-top-section elementor-element elementor-element-32cdc3c elementor-section-boxed elementor-section-height-default elementor-section-height-default\" data-id=\"32cdc3c\" data-element_type=\"section\" data-e-type=\"section\">\n\t\t\t\t\t\t<div class=\"elementor-container elementor-column-gap-default\">\n\t\t\t\t\t<div class=\"elementor-column elementor-col-100 elementor-top-column elementor-element elementor-element-c1cd103\" data-id=\"c1cd103\" data-element_type=\"column\" data-e-type=\"column\">\n\t\t\t<div class=\"elementor-widget-wrap elementor-element-populated\">\n\t\t\t\t\t\t<div class=\"elementor-element elementor-element-98d6a78 elementor-widget elementor-widget-heading\" data-id=\"98d6a78\" data-element_type=\"widget\" data-e-type=\"widget\" data-widget_type=\"heading.default\">\n\t\t\t\t<div class=\"elementor-widget-container\">\n\t\t\t\t\t<h2 class=\"elementor-heading-title elementor-size-default\">Du m\u00f6chtest Sorbischlehrerin oder -lehrer werden? \n\nHier findest du alles \u00fcber  <\/h2>\t\t\t\t<\/div>\n\t\t\t\t<\/div>\n\t\t\t\t\t<\/div>\n\t\t<\/div>\n\t\t\t\t\t<\/div>\n\t\t<\/section>\n\t\t\t\t<section class=\"elementor-section elementor-top-section elementor-element elementor-element-4ceec11 elementor-section-boxed elementor-section-height-default elementor-section-height-default\" data-id=\"4ceec11\" data-element_type=\"section\" data-e-type=\"section\">\n\t\t\t\t\t\t<div class=\"elementor-container elementor-column-gap-default\">\n\t\t\t\t\t<div class=\"elementor-column elementor-col-100 elementor-top-column elementor-element elementor-element-78b527f\" data-id=\"78b527f\" data-element_type=\"column\" data-e-type=\"column\">\n\t\t\t<div class=\"elementor-widget-wrap elementor-element-populated\">\n\t\t\t\t\t\t<div class=\"elementor-element elementor-element-8a8f4a4 elementor-align-left elementor-widget elementor-widget-button\" data-id=\"8a8f4a4\" data-element_type=\"widget\" data-e-type=\"widget\" data-widget_type=\"button.default\">\n\t\t\t\t<div class=\"elementor-widget-container\">\n\t\t\t\t\t\t\t\t\t<div class=\"elementor-button-wrapper\">\n\t\t\t\t\t<a class=\"elementor-button elementor-button-link elementor-size-sm\" href=\"https:\/\/www.philol.uni-leipzig.de\/sorabistik\" target=\"_blank\" title=\"Sorabistik an der Universit\u00e4t Leipzig\">\n\t\t\t\t\t\t<span class=\"elementor-button-content-wrapper\">\n\t\t\t\t\t\t\t\t\t<span class=\"elementor-button-text\">Das Sorabistik-Studium <\/span>\n\t\t\t\t\t<\/span>\n\t\t\t\t\t<\/a>\n\t\t\t\t<\/div>\n\t\t\t\t\t\t\t\t<\/div>\n\t\t\t\t<\/div>\n\t\t\t\t\t<\/div>\n\t\t<\/div>\n\t\t\t\t\t<\/div>\n\t\t<\/section>\n\t\t\t\t<section class=\"elementor-section elementor-top-section elementor-element elementor-element-0f73298 elementor-section-boxed elementor-section-height-default elementor-section-height-default\" data-id=\"0f73298\" data-element_type=\"section\" data-e-type=\"section\">\n\t\t\t\t\t\t<div class=\"elementor-container elementor-column-gap-default\">\n\t\t\t\t\t<div class=\"elementor-column elementor-col-100 elementor-top-column elementor-element elementor-element-3469fe0\" data-id=\"3469fe0\" data-element_type=\"column\" data-e-type=\"column\">\n\t\t\t<div class=\"elementor-widget-wrap\">\n\t\t\t\t\t\t\t<\/div>\n\t\t<\/div>\n\t\t\t\t\t<\/div>\n\t\t<\/section>\n\t\t\t\t<\/div>\n\t\t","protected":false},"excerpt":{"rendered":"<p>,Wuj Ludwig&#8216; ist Sorbisch- und Geschichtslehrer an der Oberschule in Schleife, obwohl er sich selbst als Sch\u00fcler im Unterricht nicht immer wohl gef\u00fchlt hat \u2013 ist er vielleicht gerade deswegen an die Schule zur\u00fcckgekehrt? <\/p>\n","protected":false},"author":13,"featured_media":10479,"comment_status":"open","ping_status":"open","sticky":false,"template":"","format":"standard","meta":{"footnotes":""},"categories":[46],"tags":[114],"class_list":["post-10476","post","type-post","status-publish","format-standard","has-post-thumbnail","hentry","category-blog","tag-oberschule"],"yoast_head":"<!-- This site is optimized with the Yoast SEO plugin v27.3 - https:\/\/yoast.com\/product\/yoast-seo-wordpress\/ -->\n<title>LEHRERIN SACHSEN | Sorbisch, eine Herzensangelegenheit<\/title>\n<meta name=\"description\" content=\"Wir haben Ludwig Eckert getroffen und ihn gefragt, warum er Lehrer geworden ist und wie sorbische Identit\u00e4t den Schulalltag bereichert.\" \/>\n<meta name=\"robots\" content=\"index, follow, max-snippet:-1, max-image-preview:large, max-video-preview:-1\" \/>\n<link rel=\"canonical\" href=\"https:\/\/lehrer-werden-in-sachsen.de\/sorbisch-eine-herzensangelegenheit\/\" \/>\n<meta property=\"og:locale\" content=\"de_DE\" \/>\n<meta property=\"og:type\" content=\"article\" \/>\n<meta property=\"og:title\" content=\"LEHRERIN SACHSEN | Sorbisch, eine Herzensangelegenheit\" \/>\n<meta property=\"og:description\" content=\"Wir haben Ludwig Eckert getroffen und ihn gefragt, warum er Lehrer geworden ist und wie sorbische Identit\u00e4t den Schulalltag bereichert.\" \/>\n<meta property=\"og:url\" content=\"https:\/\/lehrer-werden-in-sachsen.de\/sorbisch-eine-herzensangelegenheit\/\" \/>\n<meta property=\"og:site_name\" content=\"LEHRERIN SACHSEN\" \/>\n<meta property=\"article:published_time\" content=\"2023-06-05T11:21:16+00:00\" \/>\n<meta property=\"article:modified_time\" content=\"2025-07-11T11:52:16+00:00\" \/>\n<meta property=\"og:image\" content=\"https:\/\/lehrer-werden-in-sachsen.de\/wp-content\/uploads\/2023\/06\/SMK-Blog-Header-Ludwig-Eckert-02.jpg\" \/>\n\t<meta property=\"og:image:width\" content=\"1920\" \/>\n\t<meta property=\"og:image:height\" content=\"970\" \/>\n\t<meta property=\"og:image:type\" content=\"image\/jpeg\" \/>\n<meta name=\"author\" content=\"Maria Kretschmann\" \/>\n<meta name=\"twitter:card\" content=\"summary_large_image\" \/>\n<meta name=\"twitter:label1\" content=\"Verfasst von\" \/>\n\t<meta name=\"twitter:data1\" content=\"Maria Kretschmann\" \/>\n\t<meta name=\"twitter:label2\" content=\"Gesch\u00e4tzte Lesezeit\" \/>\n\t<meta name=\"twitter:data2\" content=\"6\u00a0Minuten\" \/>\n<script type=\"application\/ld+json\" class=\"yoast-schema-graph\">{\"@context\":\"https:\\\/\\\/schema.org\",\"@graph\":[{\"@type\":\"Article\",\"@id\":\"https:\\\/\\\/lehrer-werden-in-sachsen.de\\\/sorbisch-eine-herzensangelegenheit\\\/#article\",\"isPartOf\":{\"@id\":\"https:\\\/\\\/lehrer-werden-in-sachsen.de\\\/sorbisch-eine-herzensangelegenheit\\\/\"},\"author\":{\"name\":\"Maria Kretschmann\",\"@id\":\"https:\\\/\\\/lehrer-werden-in-sachsen.de\\\/#\\\/schema\\\/person\\\/4a127ffcfbf4e52ff0f66dcd7b4a5cc1\"},\"headline\":\"Sorbisch, eine Herzensangelegenheit\",\"datePublished\":\"2023-06-05T11:21:16+00:00\",\"dateModified\":\"2025-07-11T11:52:16+00:00\",\"mainEntityOfPage\":{\"@id\":\"https:\\\/\\\/lehrer-werden-in-sachsen.de\\\/sorbisch-eine-herzensangelegenheit\\\/\"},\"wordCount\":825,\"commentCount\":0,\"publisher\":{\"@id\":\"https:\\\/\\\/lehrer-werden-in-sachsen.de\\\/#organization\"},\"image\":{\"@id\":\"https:\\\/\\\/lehrer-werden-in-sachsen.de\\\/sorbisch-eine-herzensangelegenheit\\\/#primaryimage\"},\"thumbnailUrl\":\"https:\\\/\\\/lehrer-werden-in-sachsen.de\\\/stage\\\/wp-content\\\/uploads\\\/2023\\\/06\\\/SMK-Blog-Header-Ludwig-Eckert-02.jpg\",\"keywords\":[\"Oberschule\"],\"articleSection\":[\"Blog\"],\"inLanguage\":\"de\",\"potentialAction\":[{\"@type\":\"CommentAction\",\"name\":\"Comment\",\"target\":[\"https:\\\/\\\/lehrer-werden-in-sachsen.de\\\/sorbisch-eine-herzensangelegenheit\\\/#respond\"]}]},{\"@type\":\"WebPage\",\"@id\":\"https:\\\/\\\/lehrer-werden-in-sachsen.de\\\/sorbisch-eine-herzensangelegenheit\\\/\",\"url\":\"https:\\\/\\\/lehrer-werden-in-sachsen.de\\\/sorbisch-eine-herzensangelegenheit\\\/\",\"name\":\"LEHRERIN SACHSEN | Sorbisch, eine Herzensangelegenheit\",\"isPartOf\":{\"@id\":\"https:\\\/\\\/lehrer-werden-in-sachsen.de\\\/#website\"},\"primaryImageOfPage\":{\"@id\":\"https:\\\/\\\/lehrer-werden-in-sachsen.de\\\/sorbisch-eine-herzensangelegenheit\\\/#primaryimage\"},\"image\":{\"@id\":\"https:\\\/\\\/lehrer-werden-in-sachsen.de\\\/sorbisch-eine-herzensangelegenheit\\\/#primaryimage\"},\"thumbnailUrl\":\"https:\\\/\\\/lehrer-werden-in-sachsen.de\\\/stage\\\/wp-content\\\/uploads\\\/2023\\\/06\\\/SMK-Blog-Header-Ludwig-Eckert-02.jpg\",\"datePublished\":\"2023-06-05T11:21:16+00:00\",\"dateModified\":\"2025-07-11T11:52:16+00:00\",\"description\":\"Wir haben Ludwig Eckert getroffen und ihn gefragt, warum er Lehrer geworden ist und wie sorbische Identit\u00e4t den Schulalltag bereichert.\",\"breadcrumb\":{\"@id\":\"https:\\\/\\\/lehrer-werden-in-sachsen.de\\\/sorbisch-eine-herzensangelegenheit\\\/#breadcrumb\"},\"inLanguage\":\"de\",\"potentialAction\":[{\"@type\":\"ReadAction\",\"target\":[\"https:\\\/\\\/lehrer-werden-in-sachsen.de\\\/sorbisch-eine-herzensangelegenheit\\\/\"]}]},{\"@type\":\"ImageObject\",\"inLanguage\":\"de\",\"@id\":\"https:\\\/\\\/lehrer-werden-in-sachsen.de\\\/sorbisch-eine-herzensangelegenheit\\\/#primaryimage\",\"url\":\"https:\\\/\\\/lehrer-werden-in-sachsen.de\\\/stage\\\/wp-content\\\/uploads\\\/2023\\\/06\\\/SMK-Blog-Header-Ludwig-Eckert-02.jpg\",\"contentUrl\":\"https:\\\/\\\/lehrer-werden-in-sachsen.de\\\/stage\\\/wp-content\\\/uploads\\\/2023\\\/06\\\/SMK-Blog-Header-Ludwig-Eckert-02.jpg\",\"width\":1920,\"height\":970,\"caption\":\"Ludwig Eckert mit seinen Kollegen in der Oberschule in Schleife\"},{\"@type\":\"BreadcrumbList\",\"@id\":\"https:\\\/\\\/lehrer-werden-in-sachsen.de\\\/sorbisch-eine-herzensangelegenheit\\\/#breadcrumb\",\"itemListElement\":[{\"@type\":\"ListItem\",\"position\":1,\"name\":\"Startseite\",\"item\":\"https:\\\/\\\/lehrer-werden-in-sachsen.de\\\/\"},{\"@type\":\"ListItem\",\"position\":2,\"name\":\"Sorbisch, eine Herzensangelegenheit\"}]},{\"@type\":\"WebSite\",\"@id\":\"https:\\\/\\\/lehrer-werden-in-sachsen.de\\\/#website\",\"url\":\"https:\\\/\\\/lehrer-werden-in-sachsen.de\\\/\",\"name\":\"LEHRERIN SACHSEN\",\"description\":\"Eine Klasse f\u00fcr sich.\",\"publisher\":{\"@id\":\"https:\\\/\\\/lehrer-werden-in-sachsen.de\\\/#organization\"},\"potentialAction\":[{\"@type\":\"SearchAction\",\"target\":{\"@type\":\"EntryPoint\",\"urlTemplate\":\"https:\\\/\\\/lehrer-werden-in-sachsen.de\\\/?s={search_term_string}\"},\"query-input\":{\"@type\":\"PropertyValueSpecification\",\"valueRequired\":true,\"valueName\":\"search_term_string\"}}],\"inLanguage\":\"de\"},{\"@type\":\"Organization\",\"@id\":\"https:\\\/\\\/lehrer-werden-in-sachsen.de\\\/#organization\",\"name\":\"LEHRERIN SACHSEN\",\"url\":\"https:\\\/\\\/lehrer-werden-in-sachsen.de\\\/\",\"logo\":{\"@type\":\"ImageObject\",\"inLanguage\":\"de\",\"@id\":\"https:\\\/\\\/lehrer-werden-in-sachsen.de\\\/#\\\/schema\\\/logo\\\/image\\\/\",\"url\":\"https:\\\/\\\/lehrer-werden-in-sachsen.de\\\/stage\\\/wp-content\\\/uploads\\\/2022\\\/02\\\/SMK_Leherin-Sachsen-Marke_RGB_Violett-Orange.svg\",\"contentUrl\":\"https:\\\/\\\/lehrer-werden-in-sachsen.de\\\/stage\\\/wp-content\\\/uploads\\\/2022\\\/02\\\/SMK_Leherin-Sachsen-Marke_RGB_Violett-Orange.svg\",\"caption\":\"LEHRERIN SACHSEN\"},\"image\":{\"@id\":\"https:\\\/\\\/lehrer-werden-in-sachsen.de\\\/#\\\/schema\\\/logo\\\/image\\\/\"}},{\"@type\":\"Person\",\"@id\":\"https:\\\/\\\/lehrer-werden-in-sachsen.de\\\/#\\\/schema\\\/person\\\/4a127ffcfbf4e52ff0f66dcd7b4a5cc1\",\"name\":\"Maria Kretschmann\",\"image\":{\"@type\":\"ImageObject\",\"inLanguage\":\"de\",\"@id\":\"https:\\\/\\\/secure.gravatar.com\\\/avatar\\\/785963a239158e0d036c182ccde6b24c2d0822b83af8ab1b3773045a106114df?s=96&d=mm&r=g\",\"url\":\"https:\\\/\\\/secure.gravatar.com\\\/avatar\\\/785963a239158e0d036c182ccde6b24c2d0822b83af8ab1b3773045a106114df?s=96&d=mm&r=g\",\"contentUrl\":\"https:\\\/\\\/secure.gravatar.com\\\/avatar\\\/785963a239158e0d036c182ccde6b24c2d0822b83af8ab1b3773045a106114df?s=96&d=mm&r=g\",\"caption\":\"Maria Kretschmann\"},\"url\":\"https:\\\/\\\/lehrer-werden-in-sachsen.de\\\/stage\\\/author\\\/maria-kretschmann\\\/\"}]}<\/script>\n<!-- \/ Yoast SEO plugin. -->","yoast_head_json":{"title":"LEHRERIN SACHSEN | Sorbisch, eine Herzensangelegenheit","description":"Wir haben Ludwig Eckert getroffen und ihn gefragt, warum er Lehrer geworden ist und wie sorbische Identit\u00e4t den Schulalltag bereichert.","robots":{"index":"index","follow":"follow","max-snippet":"max-snippet:-1","max-image-preview":"max-image-preview:large","max-video-preview":"max-video-preview:-1"},"canonical":"https:\/\/lehrer-werden-in-sachsen.de\/sorbisch-eine-herzensangelegenheit\/","og_locale":"de_DE","og_type":"article","og_title":"LEHRERIN SACHSEN | Sorbisch, eine Herzensangelegenheit","og_description":"Wir haben Ludwig Eckert getroffen und ihn gefragt, warum er Lehrer geworden ist und wie sorbische Identit\u00e4t den Schulalltag bereichert.","og_url":"https:\/\/lehrer-werden-in-sachsen.de\/sorbisch-eine-herzensangelegenheit\/","og_site_name":"LEHRERIN SACHSEN","article_published_time":"2023-06-05T11:21:16+00:00","article_modified_time":"2025-07-11T11:52:16+00:00","og_image":[{"width":1920,"height":970,"url":"https:\/\/lehrer-werden-in-sachsen.de\/wp-content\/uploads\/2023\/06\/SMK-Blog-Header-Ludwig-Eckert-02.jpg","type":"image\/jpeg"}],"author":"Maria Kretschmann","twitter_card":"summary_large_image","twitter_misc":{"Verfasst von":"Maria Kretschmann","Gesch\u00e4tzte Lesezeit":"6\u00a0Minuten"},"schema":{"@context":"https:\/\/schema.org","@graph":[{"@type":"Article","@id":"https:\/\/lehrer-werden-in-sachsen.de\/sorbisch-eine-herzensangelegenheit\/#article","isPartOf":{"@id":"https:\/\/lehrer-werden-in-sachsen.de\/sorbisch-eine-herzensangelegenheit\/"},"author":{"name":"Maria Kretschmann","@id":"https:\/\/lehrer-werden-in-sachsen.de\/#\/schema\/person\/4a127ffcfbf4e52ff0f66dcd7b4a5cc1"},"headline":"Sorbisch, eine Herzensangelegenheit","datePublished":"2023-06-05T11:21:16+00:00","dateModified":"2025-07-11T11:52:16+00:00","mainEntityOfPage":{"@id":"https:\/\/lehrer-werden-in-sachsen.de\/sorbisch-eine-herzensangelegenheit\/"},"wordCount":825,"commentCount":0,"publisher":{"@id":"https:\/\/lehrer-werden-in-sachsen.de\/#organization"},"image":{"@id":"https:\/\/lehrer-werden-in-sachsen.de\/sorbisch-eine-herzensangelegenheit\/#primaryimage"},"thumbnailUrl":"https:\/\/lehrer-werden-in-sachsen.de\/stage\/wp-content\/uploads\/2023\/06\/SMK-Blog-Header-Ludwig-Eckert-02.jpg","keywords":["Oberschule"],"articleSection":["Blog"],"inLanguage":"de","potentialAction":[{"@type":"CommentAction","name":"Comment","target":["https:\/\/lehrer-werden-in-sachsen.de\/sorbisch-eine-herzensangelegenheit\/#respond"]}]},{"@type":"WebPage","@id":"https:\/\/lehrer-werden-in-sachsen.de\/sorbisch-eine-herzensangelegenheit\/","url":"https:\/\/lehrer-werden-in-sachsen.de\/sorbisch-eine-herzensangelegenheit\/","name":"LEHRERIN SACHSEN | Sorbisch, eine Herzensangelegenheit","isPartOf":{"@id":"https:\/\/lehrer-werden-in-sachsen.de\/#website"},"primaryImageOfPage":{"@id":"https:\/\/lehrer-werden-in-sachsen.de\/sorbisch-eine-herzensangelegenheit\/#primaryimage"},"image":{"@id":"https:\/\/lehrer-werden-in-sachsen.de\/sorbisch-eine-herzensangelegenheit\/#primaryimage"},"thumbnailUrl":"https:\/\/lehrer-werden-in-sachsen.de\/stage\/wp-content\/uploads\/2023\/06\/SMK-Blog-Header-Ludwig-Eckert-02.jpg","datePublished":"2023-06-05T11:21:16+00:00","dateModified":"2025-07-11T11:52:16+00:00","description":"Wir haben Ludwig Eckert getroffen und ihn gefragt, warum er Lehrer geworden ist und wie sorbische Identit\u00e4t den Schulalltag bereichert.","breadcrumb":{"@id":"https:\/\/lehrer-werden-in-sachsen.de\/sorbisch-eine-herzensangelegenheit\/#breadcrumb"},"inLanguage":"de","potentialAction":[{"@type":"ReadAction","target":["https:\/\/lehrer-werden-in-sachsen.de\/sorbisch-eine-herzensangelegenheit\/"]}]},{"@type":"ImageObject","inLanguage":"de","@id":"https:\/\/lehrer-werden-in-sachsen.de\/sorbisch-eine-herzensangelegenheit\/#primaryimage","url":"https:\/\/lehrer-werden-in-sachsen.de\/stage\/wp-content\/uploads\/2023\/06\/SMK-Blog-Header-Ludwig-Eckert-02.jpg","contentUrl":"https:\/\/lehrer-werden-in-sachsen.de\/stage\/wp-content\/uploads\/2023\/06\/SMK-Blog-Header-Ludwig-Eckert-02.jpg","width":1920,"height":970,"caption":"Ludwig Eckert mit seinen Kollegen in der Oberschule in Schleife"},{"@type":"BreadcrumbList","@id":"https:\/\/lehrer-werden-in-sachsen.de\/sorbisch-eine-herzensangelegenheit\/#breadcrumb","itemListElement":[{"@type":"ListItem","position":1,"name":"Startseite","item":"https:\/\/lehrer-werden-in-sachsen.de\/"},{"@type":"ListItem","position":2,"name":"Sorbisch, eine Herzensangelegenheit"}]},{"@type":"WebSite","@id":"https:\/\/lehrer-werden-in-sachsen.de\/#website","url":"https:\/\/lehrer-werden-in-sachsen.de\/","name":"LEHRERIN SACHSEN","description":"Eine Klasse f\u00fcr sich.","publisher":{"@id":"https:\/\/lehrer-werden-in-sachsen.de\/#organization"},"potentialAction":[{"@type":"SearchAction","target":{"@type":"EntryPoint","urlTemplate":"https:\/\/lehrer-werden-in-sachsen.de\/?s={search_term_string}"},"query-input":{"@type":"PropertyValueSpecification","valueRequired":true,"valueName":"search_term_string"}}],"inLanguage":"de"},{"@type":"Organization","@id":"https:\/\/lehrer-werden-in-sachsen.de\/#organization","name":"LEHRERIN SACHSEN","url":"https:\/\/lehrer-werden-in-sachsen.de\/","logo":{"@type":"ImageObject","inLanguage":"de","@id":"https:\/\/lehrer-werden-in-sachsen.de\/#\/schema\/logo\/image\/","url":"https:\/\/lehrer-werden-in-sachsen.de\/stage\/wp-content\/uploads\/2022\/02\/SMK_Leherin-Sachsen-Marke_RGB_Violett-Orange.svg","contentUrl":"https:\/\/lehrer-werden-in-sachsen.de\/stage\/wp-content\/uploads\/2022\/02\/SMK_Leherin-Sachsen-Marke_RGB_Violett-Orange.svg","caption":"LEHRERIN SACHSEN"},"image":{"@id":"https:\/\/lehrer-werden-in-sachsen.de\/#\/schema\/logo\/image\/"}},{"@type":"Person","@id":"https:\/\/lehrer-werden-in-sachsen.de\/#\/schema\/person\/4a127ffcfbf4e52ff0f66dcd7b4a5cc1","name":"Maria Kretschmann","image":{"@type":"ImageObject","inLanguage":"de","@id":"https:\/\/secure.gravatar.com\/avatar\/785963a239158e0d036c182ccde6b24c2d0822b83af8ab1b3773045a106114df?s=96&d=mm&r=g","url":"https:\/\/secure.gravatar.com\/avatar\/785963a239158e0d036c182ccde6b24c2d0822b83af8ab1b3773045a106114df?s=96&d=mm&r=g","contentUrl":"https:\/\/secure.gravatar.com\/avatar\/785963a239158e0d036c182ccde6b24c2d0822b83af8ab1b3773045a106114df?s=96&d=mm&r=g","caption":"Maria Kretschmann"},"url":"https:\/\/lehrer-werden-in-sachsen.de\/stage\/author\/maria-kretschmann\/"}]}},"_links":{"self":[{"href":"https:\/\/lehrer-werden-in-sachsen.de\/stage\/wp-json\/wp\/v2\/posts\/10476","targetHints":{"allow":["GET"]}}],"collection":[{"href":"https:\/\/lehrer-werden-in-sachsen.de\/stage\/wp-json\/wp\/v2\/posts"}],"about":[{"href":"https:\/\/lehrer-werden-in-sachsen.de\/stage\/wp-json\/wp\/v2\/types\/post"}],"author":[{"embeddable":true,"href":"https:\/\/lehrer-werden-in-sachsen.de\/stage\/wp-json\/wp\/v2\/users\/13"}],"replies":[{"embeddable":true,"href":"https:\/\/lehrer-werden-in-sachsen.de\/stage\/wp-json\/wp\/v2\/comments?post=10476"}],"version-history":[{"count":74,"href":"https:\/\/lehrer-werden-in-sachsen.de\/stage\/wp-json\/wp\/v2\/posts\/10476\/revisions"}],"predecessor-version":[{"id":21593,"href":"https:\/\/lehrer-werden-in-sachsen.de\/stage\/wp-json\/wp\/v2\/posts\/10476\/revisions\/21593"}],"wp:featuredmedia":[{"embeddable":true,"href":"https:\/\/lehrer-werden-in-sachsen.de\/stage\/wp-json\/wp\/v2\/media\/10479"}],"wp:attachment":[{"href":"https:\/\/lehrer-werden-in-sachsen.de\/stage\/wp-json\/wp\/v2\/media?parent=10476"}],"wp:term":[{"taxonomy":"category","embeddable":true,"href":"https:\/\/lehrer-werden-in-sachsen.de\/stage\/wp-json\/wp\/v2\/categories?post=10476"},{"taxonomy":"post_tag","embeddable":true,"href":"https:\/\/lehrer-werden-in-sachsen.de\/stage\/wp-json\/wp\/v2\/tags?post=10476"}],"curies":[{"name":"wp","href":"https:\/\/api.w.org\/{rel}","templated":true}]}}