{"id":10414,"date":"2023-05-24T16:49:14","date_gmt":"2023-05-24T14:49:14","guid":{"rendered":"https:\/\/lehrer-werden-in-sachsen.de\/stage\/?p=10414"},"modified":"2025-10-10T12:38:00","modified_gmt":"2025-10-10T10:38:00","slug":"lehramt-an-oberschulen-sorbisch-geschichte","status":"publish","type":"post","link":"https:\/\/lehrer-werden-in-sachsen.de\/stage\/lehramt-an-oberschulen-sorbisch-geschichte\/","title":{"rendered":"\u201eIch habe ein gro\u00dfes Ziel: das Sorbische zu erhalten.\u201c"},"content":{"rendered":"\t\t<div data-elementor-type=\"wp-post\" data-elementor-id=\"10414\" class=\"elementor elementor-10414\" data-elementor-post-type=\"post\">\n\t\t\t\t\t\t<section class=\"elementor-section elementor-top-section elementor-element elementor-element-77dc2d3 elementor-section-boxed elementor-section-height-default elementor-section-height-default\" data-id=\"77dc2d3\" data-element_type=\"section\" data-e-type=\"section\">\n\t\t\t\t\t\t<div class=\"elementor-container elementor-column-gap-default\">\n\t\t\t\t\t<div class=\"elementor-column elementor-col-100 elementor-top-column elementor-element elementor-element-db24ebd\" data-id=\"db24ebd\" data-element_type=\"column\" data-e-type=\"column\">\n\t\t\t<div class=\"elementor-widget-wrap elementor-element-populated\">\n\t\t\t\t\t\t<div class=\"elementor-element elementor-element-8cb6e5f elementor-widget elementor-widget-text-editor\" data-id=\"8cb6e5f\" data-element_type=\"widget\" data-e-type=\"widget\" data-widget_type=\"text-editor.default\">\n\t\t\t\t<div class=\"elementor-widget-container\">\n\t\t\t\t\t\t\t\t\t<p><strong>Lausitz: Region in Deutschland zwischen Brandenburg und Sachsen, landschaftlich gepr\u00e4gt durch Fl\u00fcsse und Seen, historisch gepr\u00e4gt durch die sorbische Kultur. Hier im Landkreis Bautzen liegt der kleine Ort Laske, in dem die 25-j\u00e4hrige Lehramtsstudentin Lydia Mattick geboren und aufgewachsen ist. Wir haben sie zum Interview getroffen und gefragt, was die Sorbin mit ihrer Heimat verbindet, wie sie durch ihre Herkunft gepr\u00e4gt wird und warum sie Sorbisch und Geschichte auf Lehramt studiert.<\/strong><\/p>\t\t\t\t\t\t\t\t<\/div>\n\t\t\t\t<\/div>\n\t\t\t\t\t<\/div>\n\t\t<\/div>\n\t\t\t\t\t<\/div>\n\t\t<\/section>\n\t\t\t\t<section class=\"elementor-section elementor-top-section elementor-element elementor-element-4f9fe3f elementor-section-boxed elementor-section-height-default elementor-section-height-default\" data-id=\"4f9fe3f\" data-element_type=\"section\" data-e-type=\"section\">\n\t\t\t\t\t\t<div class=\"elementor-container elementor-column-gap-default\">\n\t\t\t\t\t<div class=\"elementor-column elementor-col-100 elementor-top-column elementor-element elementor-element-9de108c\" data-id=\"9de108c\" data-element_type=\"column\" data-e-type=\"column\">\n\t\t\t<div class=\"elementor-widget-wrap elementor-element-populated\">\n\t\t\t\t\t\t\t<\/div>\n\t\t<\/div>\n\t\t\t\t\t<\/div>\n\t\t<\/section>\n\t\t\t\t<section class=\"elementor-section elementor-top-section elementor-element elementor-element-90aeafd elementor-section-boxed elementor-section-height-default elementor-section-height-default\" data-id=\"90aeafd\" data-element_type=\"section\" data-e-type=\"section\">\n\t\t\t\t\t\t<div class=\"elementor-container elementor-column-gap-default\">\n\t\t\t\t\t<div class=\"elementor-column elementor-col-100 elementor-top-column elementor-element elementor-element-908420b\" data-id=\"908420b\" data-element_type=\"column\" data-e-type=\"column\">\n\t\t\t<div class=\"elementor-widget-wrap\">\n\t\t\t\t\t\t\t<\/div>\n\t\t<\/div>\n\t\t\t\t\t<\/div>\n\t\t<\/section>\n\t\t\t\t<section class=\"elementor-section elementor-top-section elementor-element elementor-element-1ef0fc1 elementor-section-boxed elementor-section-height-default elementor-section-height-default\" data-id=\"1ef0fc1\" data-element_type=\"section\" data-e-type=\"section\">\n\t\t\t\t\t\t<div class=\"elementor-container elementor-column-gap-default\">\n\t\t\t\t\t<div class=\"elementor-column elementor-col-100 elementor-top-column elementor-element elementor-element-3a91336\" data-id=\"3a91336\" data-element_type=\"column\" data-e-type=\"column\">\n\t\t\t<div class=\"elementor-widget-wrap elementor-element-populated\">\n\t\t\t\t\t\t<div class=\"elementor-element elementor-element-5dbef77 elementor-widget elementor-widget-text-editor\" data-id=\"5dbef77\" data-element_type=\"widget\" data-e-type=\"widget\" data-widget_type=\"text-editor.default\">\n\t\t\t\t<div class=\"elementor-widget-container\">\n\t\t\t\t\t\t\t\t\t<p><strong>LEHRERIN SACHSEN: <\/strong><em>Liebe Lydia, du kommst aus der Lausitz, bist dort geboren und aufgewachsen. Wie w\u00fcrdest du deine Heimat beschreiben?<\/em><\/p><p>\u00a0<\/p><p><strong>Lydia: <\/strong>In der Lausitz geht es sehr famili\u00e4r und trotzdem bunt zu: Jeder kennt jeden, man f\u00fchlt sich verstanden und akzeptiert und es gibt viele gemeinsame Projekte. Schon deshalb komme ich immer wieder gerne in meine Heimat zur\u00fcck.<\/p><p>\u00a0<\/p><p><strong>LEHRERIN SACHSEN: <\/strong><em>Du hast als Kind eine sorbische Grund- und Mittelschule und als Jugendliche ein sorbisches Gymnasium besucht. Wie pr\u00e4sent war die sorbische Sprache und Kultur f\u00fcr dich in diesen Schulen?<\/em><\/p><p>\u00a0<\/p><p><strong>Lydia:<\/strong> Sehr pr\u00e4sent! Fast alle Sch\u00fclerinnen und Sch\u00fcler und fast alle Lehrerinnen und Lehrer waren sorbische Muttersprachler. Abgesehen davon, dass wir mindestens zweimal in der Woche sorbischen Unterricht hatten, haben wir auch untereinander auf dem Schulhof sorbisch gesprochen.<\/p><p>\u00a0<\/p><p><strong>LEHERERIN SACHSEN:<\/strong> <em>Und wie pr\u00e4sent ist die sorbische Sprache und Kultur f\u00fcr dich heute im Alltag in der Lausitz?<\/em><\/p><p>\u00a0<\/p><p><strong>Lydia:<\/strong> Das kommt ganz darauf an, wo man lebt. Die Lausitz erstreckt sich \u00fcber zwei Bundesl\u00e4nder, Brandenburg und Sachsen, und die Region selbst gliedert sich in die Ober- und die Niederlausitz. In der l\u00e4ndlichen Oberlausitz wird im Alltag noch viel Sorbisch gesprochen und sorbische Traditionen gepflegt. In den St\u00e4dten wie Kamenz, <a href=\"https:\/\/lehrer-werden-in-sachsen.de\\\\\/sachsen-erleben\/landkreis-bautzen\/\" title=\"Sachsen erleben - Bautzen\" target=\"_blank\" rel=\"noopener\">Bautzen<\/a> oder Hoyerswerda hingegen ist die Alltagssprache inzwischen eher deutsch.<\/p><p>\u00a0<\/p><p>Wieder anders verh\u00e4lt es sich in der Niederlausitz: Hier wird im Alltag eher wenig Sorbisch gesprochen, aber auch hier werden sorbische Br\u00e4uche und Traditionen noch stark gepflegt. Sorbisch ist hier eher Zweit- als Muttersprache.<\/p><p>\u00a0<\/p>\t\t\t\t\t\t\t\t<\/div>\n\t\t\t\t<\/div>\n\t\t\t\t\t<\/div>\n\t\t<\/div>\n\t\t\t\t\t<\/div>\n\t\t<\/section>\n\t\t\t\t<section class=\"elementor-section elementor-top-section elementor-element elementor-element-f21376a elementor-section-boxed elementor-section-height-default elementor-section-height-default\" data-id=\"f21376a\" data-element_type=\"section\" data-e-type=\"section\">\n\t\t\t\t\t\t<div class=\"elementor-container elementor-column-gap-default\">\n\t\t\t\t\t<div class=\"elementor-column elementor-col-100 elementor-top-column elementor-element elementor-element-234a0e9\" data-id=\"234a0e9\" data-element_type=\"column\" data-e-type=\"column\">\n\t\t\t<div class=\"elementor-widget-wrap\">\n\t\t\t\t\t\t\t<\/div>\n\t\t<\/div>\n\t\t\t\t\t<\/div>\n\t\t<\/section>\n\t\t\t\t<section class=\"elementor-section elementor-top-section elementor-element elementor-element-2327230 elementor-section-boxed elementor-section-height-default elementor-section-height-default\" data-id=\"2327230\" data-element_type=\"section\" data-e-type=\"section\">\n\t\t\t\t\t\t<div class=\"elementor-container elementor-column-gap-default\">\n\t\t\t\t\t<div class=\"elementor-column elementor-col-50 elementor-top-column elementor-element elementor-element-d7cdc25\" data-id=\"d7cdc25\" data-element_type=\"column\" data-e-type=\"column\">\n\t\t\t<div class=\"elementor-widget-wrap elementor-element-populated\">\n\t\t\t\t\t\t<div class=\"elementor-element elementor-element-a1af913 elementor-widget elementor-widget-text-editor\" data-id=\"a1af913\" data-element_type=\"widget\" data-e-type=\"widget\" data-widget_type=\"text-editor.default\">\n\t\t\t\t<div class=\"elementor-widget-container\">\n\t\t\t\t\t\t\t\t\t<p><strong>LEHRERIN SACHSEN:<\/strong> <em>Wie lebst du beziehungsweise deine Familie die sorbische Sprache und Kultur?<\/em><\/p><p>\u00a0<\/p><p><strong>Lydia: <\/strong>Wir sprechen zu Hause Sorbisch. Au\u00dferdem pflegen wir in unserem Dorf die sorbischen Traditionen im Jahreslauf, wie zum Beispiel das Maibaumaufstellen oder die traditionellen Osterbr\u00e4uche. Zu besonderen Festtagen tragen wir die sorbisch-katholische Tracht. Der katholische Glaube und die sorbische Tradition bilden eine Art Symbiose. Au\u00dferdem sind viele Mitglieder <a href=\"https:\/\/www.domowina.de\/mitgliedschaft\/mitgliedsvereine\/schmerlitz\" title=\"Sorbische Volkstanzgruppe Schmerlitz e.V.\">der sorbischen Volkstanzgruppe Schmerlitz<\/a> \u2013 so auch ich.<\/p><p>\u00a0<\/p>\t\t\t\t\t\t\t\t<\/div>\n\t\t\t\t<\/div>\n\t\t\t\t\t<\/div>\n\t\t<\/div>\n\t\t\t\t<div class=\"elementor-column elementor-col-50 elementor-top-column elementor-element elementor-element-2955852\" data-id=\"2955852\" data-element_type=\"column\" data-e-type=\"column\">\n\t\t\t<div class=\"elementor-widget-wrap elementor-element-populated\">\n\t\t\t\t\t\t<div class=\"elementor-element elementor-element-4e37dad elementor-widget elementor-widget-image\" data-id=\"4e37dad\" data-element_type=\"widget\" data-e-type=\"widget\" data-widget_type=\"image.default\">\n\t\t\t\t<div class=\"elementor-widget-container\">\n\t\t\t\t\t\t\t\t\t\t\t\t<figure class=\"wp-caption\">\n\t\t\t\t\t\t\t\t\t\t<img fetchpriority=\"high\" decoding=\"async\" width=\"1024\" height=\"683\" src=\"https:\/\/lehrer-werden-in-sachsen.de\/stage\/wp-content\/uploads\/2023\/05\/IMG-20190705-WA0005-1024x683.jpg\" class=\"attachment-large size-large wp-image-10422\" alt=\"Gruppe von Menschen in traditioneller Tracht w\u00e4hrend eines Festumzugs, einige mit Instrumenten.\" srcset=\"https:\/\/lehrer-werden-in-sachsen.de\/stage\/wp-content\/uploads\/2023\/05\/IMG-20190705-WA0005-1024x683.jpg 1024w, https:\/\/lehrer-werden-in-sachsen.de\/stage\/wp-content\/uploads\/2023\/05\/IMG-20190705-WA0005-300x200.jpg 300w, https:\/\/lehrer-werden-in-sachsen.de\/stage\/wp-content\/uploads\/2023\/05\/IMG-20190705-WA0005-768x512.jpg 768w, https:\/\/lehrer-werden-in-sachsen.de\/stage\/wp-content\/uploads\/2023\/05\/IMG-20190705-WA0005.jpg 1080w\" sizes=\"(max-width: 1024px) 100vw, 1024px\" \/>\t\t\t\t\t\t\t\t\t\t\t<figcaption class=\"widget-image-caption wp-caption-text\">Volkstanzgruppe Schmerlitz mit Lydia in der Mitte<\/figcaption>\n\t\t\t\t\t\t\t\t\t\t<\/figure>\n\t\t\t\t\t\t\t\t\t<\/div>\n\t\t\t\t<\/div>\n\t\t\t\t\t<\/div>\n\t\t<\/div>\n\t\t\t\t\t<\/div>\n\t\t<\/section>\n\t\t\t\t<section class=\"elementor-section elementor-top-section elementor-element elementor-element-0262f42 elementor-section-boxed elementor-section-height-default elementor-section-height-default\" data-id=\"0262f42\" data-element_type=\"section\" data-e-type=\"section\">\n\t\t\t\t\t\t<div class=\"elementor-container elementor-column-gap-default\">\n\t\t\t\t\t<div class=\"elementor-column elementor-col-100 elementor-top-column elementor-element elementor-element-48b0f02\" data-id=\"48b0f02\" data-element_type=\"column\" data-e-type=\"column\">\n\t\t\t<div class=\"elementor-widget-wrap elementor-element-populated\">\n\t\t\t\t\t\t<div class=\"elementor-element elementor-element-280267d elementor-widget elementor-widget-text-editor\" data-id=\"280267d\" data-element_type=\"widget\" data-e-type=\"widget\" data-widget_type=\"text-editor.default\">\n\t\t\t\t<div class=\"elementor-widget-container\">\n\t\t\t\t\t\t\t\t\t<p><strong>LEHRERIN SACHSEN:<\/strong> <em>Erz\u00e4hl uns davon!<\/em><\/p><p>\u00a0<\/p><p><strong>Lydia:<\/strong> Die Tanzgruppe besteht seit 1964 und wir treffen uns jeden Samstag mit dem gemeinsamen Ziel, die sorbische Folklore zu erhalten. Mit unseren T\u00e4nzen stellen wir sorbische Traditionen t\u00e4nzerisch dar &#8211; das st\u00e4rkt automatisch den Wunsch, die wundersch\u00f6nen sorbischen Lieder und Melodien zu erhalten und weiterzugeben.<\/p><p>\u00a0<\/p><p>Wem das altmodisch vorkommt: Das ist es nicht! Unser Choreograf Herr Wendisch versucht, die Tradition mit modernen Tanzeinfl\u00fcssen neu zu interpretieren.<\/p><p>\u00a0<\/p><p><strong>LEHERIN SACHSEN:<\/strong> <em>Wie kann man sich das vorstellen?<\/em><\/p><p>\u00a0<\/p><p><strong>Lydia: <\/strong>Wir versuchen, neue Tanzelemente oder auch slawische Tanzstile mit unseren traditionellen Elementen zu mischen und so Moderne und Folklore zu verbinden. Wir tanzen \u00fcbrigens nicht nur in der Lausitz! Jedes Jahr machen wir eine Auslandstournee und treten auf verschiedenen Folklorefestivals auf. Sogar in Peru waren wir schon! Dieses Jahr geht es nach Serbien oder Korea und in der Lausitz haben wir unser eigenes <a href=\"https:\/\/www.festivalticker.de\/festivals\/folklorefestival_lausitz\/\" title=\"Folklorefestival Crostwitz\" target=\"_blank\" rel=\"noopener\">Folklorefestival in Crostwitz<\/a>.<\/p><p>\u00a0<\/p>\t\t\t\t\t\t\t\t<\/div>\n\t\t\t\t<\/div>\n\t\t\t\t\t<\/div>\n\t\t<\/div>\n\t\t\t\t\t<\/div>\n\t\t<\/section>\n\t\t\t\t<section class=\"elementor-section elementor-top-section elementor-element elementor-element-9677858 elementor-section-boxed elementor-section-height-default elementor-section-height-default\" data-id=\"9677858\" data-element_type=\"section\" data-e-type=\"section\">\n\t\t\t\t\t\t<div class=\"elementor-container elementor-column-gap-default\">\n\t\t\t\t\t<div class=\"elementor-column elementor-col-100 elementor-top-column elementor-element elementor-element-9af6e4d\" data-id=\"9af6e4d\" data-element_type=\"column\" data-e-type=\"column\">\n\t\t\t<div class=\"elementor-widget-wrap elementor-element-populated\">\n\t\t\t\t\t\t<div class=\"elementor-element elementor-element-8ff6b40 elementor-widget elementor-widget-text-editor\" data-id=\"8ff6b40\" data-element_type=\"widget\" data-e-type=\"widget\" data-widget_type=\"text-editor.default\">\n\t\t\t\t<div class=\"elementor-widget-container\">\n\t\t\t\t\t\t\t\t\t<p><strong>LEHRERIN SACHSEN:<\/strong> <em>\u00dcber deine Heimatregion hinaus engagierst du dich auch in Leipzig f\u00fcr die sorbische Sprache und bist Mitglied des sorbischen Studentenvereins \u201e<\/em><a href=\"https:\/\/www.instagram.com\/sorabija_lipsk\/?hl=de\" title=\"Instagram @sorabija_lipsk\" target=\"_blank\" rel=\"noopener\"><em>Sorabija Lipsk<\/em><\/a><em>\u201c. Erz\u00e4hl uns mehr dar\u00fcber!<\/em><\/p><p>\u00a0<\/p><p><strong>Lydia: <\/strong>Die Studentenverbindung besteht seit 1716 und ist die \u00e4lteste in Leipzig. Wir haben 65 Mitglieder und bieten ihnen unter anderem Wohnraum mit eigenem Klubraum. Wir sind offen f\u00fcr Sorben und Nicht-Sorben, aber die Sorben sind in der \u00dcberzahl. Nat\u00fcrlich haben wir auch ein geheimes Aufnahmeritual!\u00a0<\/p><p>\u00a0<\/p><p>Besonders bekannt sind wir bei allen Studierenden durch unseren Faschingsverein, der 1980 gegr\u00fcndet wurde und jedes Jahr im Februar eine Faschingsfeier mit einem Motto und einem abwechslungsreichen Programm veranstaltet.<\/p><p>\u00a0<\/p><p><strong>LEHERIN SACHSEN: <\/strong><em>Und was ist euer Ziel?<\/em><\/p><p>\u00a0<\/p><p><strong>Lydia: <\/strong>Die sorbische Kultursprache auch au\u00dferhalb der Heimat zu pflegen und zu leben, aber auch anderen n\u00e4her zu bringen. Wir pflegen unsere Traditionen auch in Leipzig, indem wir z. B. die Kirmes feiern oder einen Maibaum aufstellen.<\/p><p>\u00a0<\/p>\t\t\t\t\t\t\t\t<\/div>\n\t\t\t\t<\/div>\n\t\t\t\t\t<\/div>\n\t\t<\/div>\n\t\t\t\t\t<\/div>\n\t\t<\/section>\n\t\t\t\t<section class=\"elementor-section elementor-top-section elementor-element elementor-element-32cb6f1 elementor-section-boxed elementor-section-height-default elementor-section-height-default\" data-id=\"32cb6f1\" data-element_type=\"section\" data-e-type=\"section\">\n\t\t\t\t\t\t<div class=\"elementor-container elementor-column-gap-default\">\n\t\t\t\t\t<div class=\"elementor-column elementor-col-100 elementor-top-column elementor-element elementor-element-c6d3d8b\" data-id=\"c6d3d8b\" data-element_type=\"column\" data-e-type=\"column\">\n\t\t\t<div class=\"elementor-widget-wrap elementor-element-populated\">\n\t\t\t\t\t\t\t<\/div>\n\t\t<\/div>\n\t\t\t\t\t<\/div>\n\t\t<\/section>\n\t\t\t\t<section class=\"elementor-section elementor-top-section elementor-element elementor-element-8235938 elementor-section-boxed elementor-section-height-default elementor-section-height-default\" data-id=\"8235938\" data-element_type=\"section\" data-e-type=\"section\">\n\t\t\t\t\t\t<div class=\"elementor-container elementor-column-gap-default\">\n\t\t\t\t\t<div class=\"elementor-column elementor-col-50 elementor-top-column elementor-element elementor-element-10dda4b\" data-id=\"10dda4b\" data-element_type=\"column\" data-e-type=\"column\">\n\t\t\t<div class=\"elementor-widget-wrap elementor-element-populated\">\n\t\t\t\t\t\t<div class=\"elementor-element elementor-element-50a1e18 elementor-widget elementor-widget-text-editor\" data-id=\"50a1e18\" data-element_type=\"widget\" data-e-type=\"widget\" data-widget_type=\"text-editor.default\">\n\t\t\t\t<div class=\"elementor-widget-container\">\n\t\t\t\t\t\t\t\t\t<p><em><strong>LEHRERIN SACHSEN:<\/strong> Was gef\u00e4llt dir an der sorbischen Sprache und Kultur besonders?<\/em><\/p><p>\u00a0<\/p><p><strong>Lydia:<\/strong> Die sorbischen Trachten! Ich trage sie allzu gerne und kann mich mittlerweile sogar selbst einkleiden \u2013 das habe ich von meiner Oma gelernt!<\/p><p>\u00a0<\/p><p>Aber auch die sorbischen Volkslieder geh\u00f6ren f\u00fcr mich unbedingt dazu: Auf fast jedem Dorffest werden sie irgendwann angestimmt. Sie haben einen einfachen Klang und wiederholen sich im Text &#8211; so rei\u00dfen sie alle mit! Wenn die Stimmung dann richtig kocht, wird oft Polka dazu getanzt. Das macht einfach Spa\u00df.<\/p><p>\u00a0<\/p><p><strong>LEHRERIN SACHSEN:<\/strong> <em>Mit welchem Klischee \u00fcber Sorbisch m\u00f6chtest du aufr\u00e4umen?<\/em><\/p><p><strong>Lydia:<\/strong> Dass die sorbische Sprache tot ist. Denn sie lebt &#8211; vor allem das Obersorbische!<\/p><p>\u00a0<\/p><p>\u00a0<\/p>\t\t\t\t\t\t\t\t<\/div>\n\t\t\t\t<\/div>\n\t\t\t\t\t<\/div>\n\t\t<\/div>\n\t\t\t\t<div class=\"elementor-column elementor-col-50 elementor-top-column elementor-element elementor-element-526739f\" data-id=\"526739f\" data-element_type=\"column\" data-e-type=\"column\">\n\t\t\t<div class=\"elementor-widget-wrap elementor-element-populated\">\n\t\t\t\t\t\t<div class=\"elementor-element elementor-element-d4cd6ab elementor-widget elementor-widget-image\" data-id=\"d4cd6ab\" data-element_type=\"widget\" data-e-type=\"widget\" data-widget_type=\"image.default\">\n\t\t\t\t<div class=\"elementor-widget-container\">\n\t\t\t\t\t\t\t\t\t\t\t\t\t\t\t<img decoding=\"async\" width=\"768\" height=\"945\" src=\"https:\/\/lehrer-werden-in-sachsen.de\/stage\/wp-content\/uploads\/2023\/05\/FB_IMG_1559642880834-e1684939622955-768x945.jpg\" class=\"attachment-medium_large size-medium_large wp-image-10426\" alt=\"Zwei Personen in traditioneller Tracht tanzen auf einer B\u00fchne w\u00e4hrend einer Auff\u00fchrung.\" srcset=\"https:\/\/lehrer-werden-in-sachsen.de\/stage\/wp-content\/uploads\/2023\/05\/FB_IMG_1559642880834-e1684939622955-768x945.jpg 768w, https:\/\/lehrer-werden-in-sachsen.de\/stage\/wp-content\/uploads\/2023\/05\/FB_IMG_1559642880834-e1684939622955-244x300.jpg 244w, https:\/\/lehrer-werden-in-sachsen.de\/stage\/wp-content\/uploads\/2023\/05\/FB_IMG_1559642880834-e1684939622955-833x1024.jpg 833w, https:\/\/lehrer-werden-in-sachsen.de\/stage\/wp-content\/uploads\/2023\/05\/FB_IMG_1559642880834-e1684939622955.jpg 1126w\" sizes=\"(max-width: 768px) 100vw, 768px\" \/>\t\t\t\t\t\t\t\t\t\t\t\t\t\t\t<\/div>\n\t\t\t\t<\/div>\n\t\t\t\t\t<\/div>\n\t\t<\/div>\n\t\t\t\t\t<\/div>\n\t\t<\/section>\n\t\t\t\t<section class=\"elementor-section elementor-top-section elementor-element elementor-element-98e09ac elementor-section-boxed elementor-section-height-default elementor-section-height-default\" data-id=\"98e09ac\" data-element_type=\"section\" data-e-type=\"section\">\n\t\t\t\t\t\t<div class=\"elementor-container elementor-column-gap-default\">\n\t\t\t\t\t<div class=\"elementor-column elementor-col-100 elementor-top-column elementor-element elementor-element-82a28cf\" data-id=\"82a28cf\" data-element_type=\"column\" data-e-type=\"column\">\n\t\t\t<div class=\"elementor-widget-wrap elementor-element-populated\">\n\t\t\t\t\t\t\t<\/div>\n\t\t<\/div>\n\t\t\t\t\t<\/div>\n\t\t<\/section>\n\t\t\t\t<section class=\"elementor-section elementor-top-section elementor-element elementor-element-2c5382f elementor-section-boxed elementor-section-height-default elementor-section-height-default\" data-id=\"2c5382f\" data-element_type=\"section\" data-e-type=\"section\">\n\t\t\t\t\t\t<div class=\"elementor-container elementor-column-gap-default\">\n\t\t\t\t\t<div class=\"elementor-column elementor-col-100 elementor-top-column elementor-element elementor-element-28bf2fd\" data-id=\"28bf2fd\" data-element_type=\"column\" data-e-type=\"column\">\n\t\t\t<div class=\"elementor-widget-wrap elementor-element-populated\">\n\t\t\t\t\t\t<div class=\"elementor-element elementor-element-b5ffc37 elementor-widget elementor-widget-text-editor\" data-id=\"b5ffc37\" data-element_type=\"widget\" data-e-type=\"widget\" data-widget_type=\"text-editor.default\">\n\t\t\t\t<div class=\"elementor-widget-container\">\n\t\t\t\t\t\t\t\t\t<p><strong>LEHRERIN SACHSEN:<\/strong> <em>Kommen wir zu deiner Berufswahl.<\/em> <em>Du studierst im 10. Semester Oberschullehramt in den F\u00e4chern Geschichte und Sorbisch an der Universit\u00e4t Leipzig. Warum m\u00f6chtest du Lehrerin werden?<\/em><\/p><p>\u00a0<\/p><p><strong>Lydia: <\/strong>Ich habe ein gro\u00dfes Ziel vor Augen: das Sorbische zu erhalten. Es ist zwar noch sehr lebendig, aber vom Aussterben bedroht. Deshalb habe ich mir die Frage gestellt: Wie kann man eine aussterbende Sprache und Kultur erhalten? &#8211; Indem man sie an die jungen Generationen weitergibt und die Geschichte der Sorben vermittelt.<\/p><p>\u00a0<\/p><p>Au\u00dferdem wurde mir schon w\u00e4hrend meiner Schulzeit immer wieder zur\u00fcckgemeldet, dass ich Sachverhalte gut erkl\u00e4ren kann und meine Vortr\u00e4ge wurden oft gelobt. Wann immer ich konnte, habe ich meinen Mitsch\u00fclerinnen und Mitsch\u00fclern geholfen und da war mir klar, dass der Lehrerberuf eine gute Wahl f\u00fcr mich ist.<\/p><p>\u00a0<\/p><p><strong>LEHRERIN SACHSEN:\u00a0 <\/strong><em>Warum hast du dich f\u00fcr die Schulform Oberschule entschieden?<\/em><\/p><p>\u00a0<\/p><p><strong>Lydia: <\/strong>Das hatte vor allem praktische Gr\u00fcnde: Auf dem Land gibt es viele gute Oberschulen, so auch in meiner Heimatregion. Und da ich dorthin zur\u00fcckkehren m\u00f6chte, lag die Wahl dieser Schulform quasi auf der Hand.<\/p><p>\u00a0<\/p><p>Au\u00dferdem gibt es nur zwei sorbische Gymnasien: eines in Bautzen und eines in Cottbus. Diese sind aber bereits gut mit jungen Lehrerinnen und Lehrern mit meiner F\u00e4cherkombination versorgt.<\/p><p>\u00a0<\/p><p><strong>LEHRERIN SACHSEN: \u00a0<\/strong><em>Du konntest bereits praktische Erfahrungen im Unterrichten sammeln. Was war dein bisher sch\u00f6nstes Erlebnis?<\/em><\/p><p>\u00a0<\/p><p><strong>Lydia:<\/strong> Als ich gemerkt habe, dass es bei den Sch\u00fclern \u201eKlick\u201c macht. In meiner 2. Stunde Sorbisch als Fremdsprache in einer 10. Klasse z. B. entstand pl\u00f6tzlich ein \u201eInside-Joke\u201c zwischen einer Sch\u00fclerin und mir auf Sorbisch. Da habe ich gemerkt, dass sich meine Vorbereitungen gelohnt haben und ich etwas vermitteln konnte.<\/p><p>\u00a0<\/p><p><strong>LEHRERIN SACHSEN:<\/strong> <em>Zum Schluss: Welche Art von Lehrerin m\u00f6chtest du werden?<\/em><\/p><p>\u00a0<\/p><p><strong>Lydia:<\/strong> Ich m\u00f6chte in meinem Unterricht Spiel und Struktur verbinden, immer ein offenes Ohr haben, freundlich und motivierend sein. In meinem Unterricht soll gemeinsam gelacht und gelernt werden!<\/p><p>\u00a0<\/p>\t\t\t\t\t\t\t\t<\/div>\n\t\t\t\t<\/div>\n\t\t\t\t\t<\/div>\n\t\t<\/div>\n\t\t\t\t\t<\/div>\n\t\t<\/section>\n\t\t\t\t<section class=\"elementor-section elementor-top-section elementor-element elementor-element-eaa120f elementor-section-boxed elementor-section-height-default elementor-section-height-default\" data-id=\"eaa120f\" data-element_type=\"section\" data-e-type=\"section\">\n\t\t\t\t\t\t<div class=\"elementor-container elementor-column-gap-default\">\n\t\t\t\t\t<div class=\"elementor-column elementor-col-100 elementor-top-column elementor-element elementor-element-89a9b98\" data-id=\"89a9b98\" data-element_type=\"column\" data-e-type=\"column\">\n\t\t\t<div class=\"elementor-widget-wrap elementor-element-populated\">\n\t\t\t\t\t\t\t<\/div>\n\t\t<\/div>\n\t\t\t\t\t<\/div>\n\t\t<\/section>\n\t\t\t\t<section class=\"elementor-section elementor-top-section elementor-element elementor-element-32cdc3c elementor-section-boxed elementor-section-height-default elementor-section-height-default\" data-id=\"32cdc3c\" data-element_type=\"section\" data-e-type=\"section\">\n\t\t\t\t\t\t<div class=\"elementor-container elementor-column-gap-default\">\n\t\t\t\t\t<div class=\"elementor-column elementor-col-100 elementor-top-column elementor-element elementor-element-c1cd103\" data-id=\"c1cd103\" data-element_type=\"column\" data-e-type=\"column\">\n\t\t\t<div class=\"elementor-widget-wrap elementor-element-populated\">\n\t\t\t\t\t\t<div class=\"elementor-element elementor-element-98d6a78 elementor-widget elementor-widget-heading\" data-id=\"98d6a78\" data-element_type=\"widget\" data-e-type=\"widget\" data-widget_type=\"heading.default\">\n\t\t\t\t<div class=\"elementor-widget-container\">\n\t\t\t\t\t<h2 class=\"elementor-heading-title elementor-size-default\">Du m\u00f6chtest mehr \u00fcber das Oberschullehramt erfahren? Lass dich inspirieren!<\/h2>\t\t\t\t<\/div>\n\t\t\t\t<\/div>\n\t\t\t\t\t<\/div>\n\t\t<\/div>\n\t\t\t\t\t<\/div>\n\t\t<\/section>\n\t\t\t\t<section class=\"elementor-section elementor-top-section elementor-element elementor-element-4ceec11 elementor-section-boxed elementor-section-height-default elementor-section-height-default\" data-id=\"4ceec11\" data-element_type=\"section\" data-e-type=\"section\">\n\t\t\t\t\t\t<div class=\"elementor-container elementor-column-gap-default\">\n\t\t\t\t\t<div class=\"elementor-column elementor-col-100 elementor-top-column elementor-element elementor-element-78b527f\" data-id=\"78b527f\" data-element_type=\"column\" data-e-type=\"column\">\n\t\t\t<div class=\"elementor-widget-wrap elementor-element-populated\">\n\t\t\t\t\t\t<div class=\"elementor-element elementor-element-8a8f4a4 elementor-align-left elementor-widget elementor-widget-button\" data-id=\"8a8f4a4\" data-element_type=\"widget\" data-e-type=\"widget\" data-widget_type=\"button.default\">\n\t\t\t\t<div class=\"elementor-widget-container\">\n\t\t\t\t\t\t\t\t\t<div class=\"elementor-button-wrapper\">\n\t\t\t\t\t<a class=\"elementor-button elementor-button-link elementor-size-sm\" href=\"https:\/\/lehrer-werden-in-sachsen.de\/lehramt-an-der-oberschule\/\" target=\"_blank\" title=\"Lehramt an der Oberschule\">\n\t\t\t\t\t\t<span class=\"elementor-button-content-wrapper\">\n\t\t\t\t\t\t\t\t\t<span class=\"elementor-button-text\">Lehramt an der Oberschule<\/span>\n\t\t\t\t\t<\/span>\n\t\t\t\t\t<\/a>\n\t\t\t\t<\/div>\n\t\t\t\t\t\t\t\t<\/div>\n\t\t\t\t<\/div>\n\t\t\t\t\t<\/div>\n\t\t<\/div>\n\t\t\t\t\t<\/div>\n\t\t<\/section>\n\t\t\t\t<\/div>\n\t\t","protected":false},"excerpt":{"rendered":"<p>Wir haben die 25-j\u00e4hrige Lehramtsstudentin Lydia Mattick zum Interview getroffen und gefragt, was sie mit ihrer Heimat Lausitz verbindet, wie sie durch ihre Herkunft gepr\u00e4gt wird und weshalb sie Sorbisch und Geschichte auf Lehramt studiert.<\/p>\n","protected":false},"author":13,"featured_media":10415,"comment_status":"closed","ping_status":"closed","sticky":false,"template":"","format":"standard","meta":{"footnotes":""},"categories":[46],"tags":[94,210,199],"class_list":["post-10414","post","type-post","status-publish","format-standard","has-post-thumbnail","hentry","category-blog","tag-lehramtsstudium","tag-saechsische-regionen","tag-schulfach"],"yoast_head":"<!-- This site is optimized with the Yoast SEO plugin v27.3 - https:\/\/yoast.com\/product\/yoast-seo-wordpress\/ -->\n<title>LEHRERIN SACHSEN | Lydia wird Lehrerin f\u00fcr Sorbisch<\/title>\n<meta name=\"description\" content=\"Wir haben Lydia Mattick gefragt, was sie als Sorbin mit ihrer Heimat verbindet und weshalb sie Sorbisch und Geschichte auf Lehramt studiert.\" \/>\n<meta name=\"robots\" content=\"index, follow, max-snippet:-1, max-image-preview:large, max-video-preview:-1\" \/>\n<link rel=\"canonical\" href=\"https:\/\/lehrer-werden-in-sachsen.de\/lehramt-an-oberschulen-sorbisch-geschichte\/\" \/>\n<meta property=\"og:locale\" content=\"de_DE\" \/>\n<meta property=\"og:type\" content=\"article\" \/>\n<meta property=\"og:title\" content=\"LEHRERIN SACHSEN | Lydia wird Lehrerin f\u00fcr Sorbisch\" \/>\n<meta property=\"og:description\" content=\"Wir haben Lydia Mattick gefragt, was sie als Sorbin mit ihrer Heimat verbindet und weshalb sie Sorbisch und Geschichte auf Lehramt studiert.\" \/>\n<meta property=\"og:url\" content=\"https:\/\/lehrer-werden-in-sachsen.de\/lehramt-an-oberschulen-sorbisch-geschichte\/\" \/>\n<meta property=\"og:site_name\" content=\"LEHRERIN SACHSEN\" \/>\n<meta property=\"article:published_time\" content=\"2023-05-24T14:49:14+00:00\" \/>\n<meta property=\"article:modified_time\" content=\"2025-10-10T10:38:00+00:00\" \/>\n<meta property=\"og:image\" content=\"https:\/\/lehrer-werden-in-sachsen.de\/wp-content\/uploads\/2023\/05\/SMK-Blog-Header-Lydia-Mattick-01.jpg\" \/>\n\t<meta property=\"og:image:width\" content=\"1920\" \/>\n\t<meta property=\"og:image:height\" content=\"970\" \/>\n\t<meta property=\"og:image:type\" content=\"image\/jpeg\" \/>\n<meta name=\"author\" content=\"Maria Kretschmann\" \/>\n<meta name=\"twitter:card\" content=\"summary_large_image\" \/>\n<meta name=\"twitter:label1\" content=\"Verfasst von\" \/>\n\t<meta name=\"twitter:data1\" content=\"Maria Kretschmann\" \/>\n\t<meta name=\"twitter:label2\" content=\"Gesch\u00e4tzte Lesezeit\" \/>\n\t<meta name=\"twitter:data2\" content=\"7\u00a0Minuten\" \/>\n<script type=\"application\/ld+json\" class=\"yoast-schema-graph\">{\"@context\":\"https:\\\/\\\/schema.org\",\"@graph\":[{\"@type\":\"Article\",\"@id\":\"https:\\\/\\\/lehrer-werden-in-sachsen.de\\\/lehramt-an-oberschulen-sorbisch-geschichte\\\/#article\",\"isPartOf\":{\"@id\":\"https:\\\/\\\/lehrer-werden-in-sachsen.de\\\/lehramt-an-oberschulen-sorbisch-geschichte\\\/\"},\"author\":{\"name\":\"Maria Kretschmann\",\"@id\":\"https:\\\/\\\/lehrer-werden-in-sachsen.de\\\/#\\\/schema\\\/person\\\/4a127ffcfbf4e52ff0f66dcd7b4a5cc1\"},\"headline\":\"\u201eIch habe ein gro\u00dfes Ziel: das Sorbische zu erhalten.\u201c\",\"datePublished\":\"2023-05-24T14:49:14+00:00\",\"dateModified\":\"2025-10-10T10:38:00+00:00\",\"mainEntityOfPage\":{\"@id\":\"https:\\\/\\\/lehrer-werden-in-sachsen.de\\\/lehramt-an-oberschulen-sorbisch-geschichte\\\/\"},\"wordCount\":1185,\"publisher\":{\"@id\":\"https:\\\/\\\/lehrer-werden-in-sachsen.de\\\/#organization\"},\"image\":{\"@id\":\"https:\\\/\\\/lehrer-werden-in-sachsen.de\\\/lehramt-an-oberschulen-sorbisch-geschichte\\\/#primaryimage\"},\"thumbnailUrl\":\"https:\\\/\\\/lehrer-werden-in-sachsen.de\\\/stage\\\/wp-content\\\/uploads\\\/2023\\\/05\\\/SMK-Blog-Header-Lydia-Mattick-01.jpg\",\"keywords\":[\"Lehramtsstudium\",\"S\u00e4chsische Regionen\",\"Schulfach\"],\"articleSection\":[\"Blog\"],\"inLanguage\":\"de\"},{\"@type\":\"WebPage\",\"@id\":\"https:\\\/\\\/lehrer-werden-in-sachsen.de\\\/lehramt-an-oberschulen-sorbisch-geschichte\\\/\",\"url\":\"https:\\\/\\\/lehrer-werden-in-sachsen.de\\\/lehramt-an-oberschulen-sorbisch-geschichte\\\/\",\"name\":\"LEHRERIN SACHSEN | Lydia wird Lehrerin f\u00fcr Sorbisch\",\"isPartOf\":{\"@id\":\"https:\\\/\\\/lehrer-werden-in-sachsen.de\\\/#website\"},\"primaryImageOfPage\":{\"@id\":\"https:\\\/\\\/lehrer-werden-in-sachsen.de\\\/lehramt-an-oberschulen-sorbisch-geschichte\\\/#primaryimage\"},\"image\":{\"@id\":\"https:\\\/\\\/lehrer-werden-in-sachsen.de\\\/lehramt-an-oberschulen-sorbisch-geschichte\\\/#primaryimage\"},\"thumbnailUrl\":\"https:\\\/\\\/lehrer-werden-in-sachsen.de\\\/stage\\\/wp-content\\\/uploads\\\/2023\\\/05\\\/SMK-Blog-Header-Lydia-Mattick-01.jpg\",\"datePublished\":\"2023-05-24T14:49:14+00:00\",\"dateModified\":\"2025-10-10T10:38:00+00:00\",\"description\":\"Wir haben Lydia Mattick gefragt, was sie als Sorbin mit ihrer Heimat verbindet und weshalb sie Sorbisch und Geschichte auf Lehramt studiert.\",\"breadcrumb\":{\"@id\":\"https:\\\/\\\/lehrer-werden-in-sachsen.de\\\/lehramt-an-oberschulen-sorbisch-geschichte\\\/#breadcrumb\"},\"inLanguage\":\"de\",\"potentialAction\":[{\"@type\":\"ReadAction\",\"target\":[\"https:\\\/\\\/lehrer-werden-in-sachsen.de\\\/lehramt-an-oberschulen-sorbisch-geschichte\\\/\"]}]},{\"@type\":\"ImageObject\",\"inLanguage\":\"de\",\"@id\":\"https:\\\/\\\/lehrer-werden-in-sachsen.de\\\/lehramt-an-oberschulen-sorbisch-geschichte\\\/#primaryimage\",\"url\":\"https:\\\/\\\/lehrer-werden-in-sachsen.de\\\/stage\\\/wp-content\\\/uploads\\\/2023\\\/05\\\/SMK-Blog-Header-Lydia-Mattick-01.jpg\",\"contentUrl\":\"https:\\\/\\\/lehrer-werden-in-sachsen.de\\\/stage\\\/wp-content\\\/uploads\\\/2023\\\/05\\\/SMK-Blog-Header-Lydia-Mattick-01.jpg\",\"width\":1920,\"height\":970,\"caption\":\"Lydia Mattick l\u00e4chelt in die Kamera\"},{\"@type\":\"BreadcrumbList\",\"@id\":\"https:\\\/\\\/lehrer-werden-in-sachsen.de\\\/lehramt-an-oberschulen-sorbisch-geschichte\\\/#breadcrumb\",\"itemListElement\":[{\"@type\":\"ListItem\",\"position\":1,\"name\":\"Startseite\",\"item\":\"https:\\\/\\\/lehrer-werden-in-sachsen.de\\\/\"},{\"@type\":\"ListItem\",\"position\":2,\"name\":\"\u201eIch habe ein gro\u00dfes Ziel: das Sorbische zu erhalten.\u201c\"}]},{\"@type\":\"WebSite\",\"@id\":\"https:\\\/\\\/lehrer-werden-in-sachsen.de\\\/#website\",\"url\":\"https:\\\/\\\/lehrer-werden-in-sachsen.de\\\/\",\"name\":\"LEHRERIN SACHSEN\",\"description\":\"Eine Klasse f\u00fcr sich.\",\"publisher\":{\"@id\":\"https:\\\/\\\/lehrer-werden-in-sachsen.de\\\/#organization\"},\"potentialAction\":[{\"@type\":\"SearchAction\",\"target\":{\"@type\":\"EntryPoint\",\"urlTemplate\":\"https:\\\/\\\/lehrer-werden-in-sachsen.de\\\/?s={search_term_string}\"},\"query-input\":{\"@type\":\"PropertyValueSpecification\",\"valueRequired\":true,\"valueName\":\"search_term_string\"}}],\"inLanguage\":\"de\"},{\"@type\":\"Organization\",\"@id\":\"https:\\\/\\\/lehrer-werden-in-sachsen.de\\\/#organization\",\"name\":\"LEHRERIN SACHSEN\",\"url\":\"https:\\\/\\\/lehrer-werden-in-sachsen.de\\\/\",\"logo\":{\"@type\":\"ImageObject\",\"inLanguage\":\"de\",\"@id\":\"https:\\\/\\\/lehrer-werden-in-sachsen.de\\\/#\\\/schema\\\/logo\\\/image\\\/\",\"url\":\"https:\\\/\\\/lehrer-werden-in-sachsen.de\\\/stage\\\/wp-content\\\/uploads\\\/2022\\\/02\\\/SMK_Leherin-Sachsen-Marke_RGB_Violett-Orange.svg\",\"contentUrl\":\"https:\\\/\\\/lehrer-werden-in-sachsen.de\\\/stage\\\/wp-content\\\/uploads\\\/2022\\\/02\\\/SMK_Leherin-Sachsen-Marke_RGB_Violett-Orange.svg\",\"caption\":\"LEHRERIN SACHSEN\"},\"image\":{\"@id\":\"https:\\\/\\\/lehrer-werden-in-sachsen.de\\\/#\\\/schema\\\/logo\\\/image\\\/\"}},{\"@type\":\"Person\",\"@id\":\"https:\\\/\\\/lehrer-werden-in-sachsen.de\\\/#\\\/schema\\\/person\\\/4a127ffcfbf4e52ff0f66dcd7b4a5cc1\",\"name\":\"Maria Kretschmann\",\"image\":{\"@type\":\"ImageObject\",\"inLanguage\":\"de\",\"@id\":\"https:\\\/\\\/secure.gravatar.com\\\/avatar\\\/785963a239158e0d036c182ccde6b24c2d0822b83af8ab1b3773045a106114df?s=96&d=mm&r=g\",\"url\":\"https:\\\/\\\/secure.gravatar.com\\\/avatar\\\/785963a239158e0d036c182ccde6b24c2d0822b83af8ab1b3773045a106114df?s=96&d=mm&r=g\",\"contentUrl\":\"https:\\\/\\\/secure.gravatar.com\\\/avatar\\\/785963a239158e0d036c182ccde6b24c2d0822b83af8ab1b3773045a106114df?s=96&d=mm&r=g\",\"caption\":\"Maria Kretschmann\"},\"url\":\"https:\\\/\\\/lehrer-werden-in-sachsen.de\\\/stage\\\/author\\\/maria-kretschmann\\\/\"}]}<\/script>\n<!-- \/ Yoast SEO plugin. -->","yoast_head_json":{"title":"LEHRERIN SACHSEN | Lydia wird Lehrerin f\u00fcr Sorbisch","description":"Wir haben Lydia Mattick gefragt, was sie als Sorbin mit ihrer Heimat verbindet und weshalb sie Sorbisch und Geschichte auf Lehramt studiert.","robots":{"index":"index","follow":"follow","max-snippet":"max-snippet:-1","max-image-preview":"max-image-preview:large","max-video-preview":"max-video-preview:-1"},"canonical":"https:\/\/lehrer-werden-in-sachsen.de\/lehramt-an-oberschulen-sorbisch-geschichte\/","og_locale":"de_DE","og_type":"article","og_title":"LEHRERIN SACHSEN | Lydia wird Lehrerin f\u00fcr Sorbisch","og_description":"Wir haben Lydia Mattick gefragt, was sie als Sorbin mit ihrer Heimat verbindet und weshalb sie Sorbisch und Geschichte auf Lehramt studiert.","og_url":"https:\/\/lehrer-werden-in-sachsen.de\/lehramt-an-oberschulen-sorbisch-geschichte\/","og_site_name":"LEHRERIN SACHSEN","article_published_time":"2023-05-24T14:49:14+00:00","article_modified_time":"2025-10-10T10:38:00+00:00","og_image":[{"width":1920,"height":970,"url":"https:\/\/lehrer-werden-in-sachsen.de\/wp-content\/uploads\/2023\/05\/SMK-Blog-Header-Lydia-Mattick-01.jpg","type":"image\/jpeg"}],"author":"Maria Kretschmann","twitter_card":"summary_large_image","twitter_misc":{"Verfasst von":"Maria Kretschmann","Gesch\u00e4tzte Lesezeit":"7\u00a0Minuten"},"schema":{"@context":"https:\/\/schema.org","@graph":[{"@type":"Article","@id":"https:\/\/lehrer-werden-in-sachsen.de\/lehramt-an-oberschulen-sorbisch-geschichte\/#article","isPartOf":{"@id":"https:\/\/lehrer-werden-in-sachsen.de\/lehramt-an-oberschulen-sorbisch-geschichte\/"},"author":{"name":"Maria Kretschmann","@id":"https:\/\/lehrer-werden-in-sachsen.de\/#\/schema\/person\/4a127ffcfbf4e52ff0f66dcd7b4a5cc1"},"headline":"\u201eIch habe ein gro\u00dfes Ziel: das Sorbische zu erhalten.\u201c","datePublished":"2023-05-24T14:49:14+00:00","dateModified":"2025-10-10T10:38:00+00:00","mainEntityOfPage":{"@id":"https:\/\/lehrer-werden-in-sachsen.de\/lehramt-an-oberschulen-sorbisch-geschichte\/"},"wordCount":1185,"publisher":{"@id":"https:\/\/lehrer-werden-in-sachsen.de\/#organization"},"image":{"@id":"https:\/\/lehrer-werden-in-sachsen.de\/lehramt-an-oberschulen-sorbisch-geschichte\/#primaryimage"},"thumbnailUrl":"https:\/\/lehrer-werden-in-sachsen.de\/stage\/wp-content\/uploads\/2023\/05\/SMK-Blog-Header-Lydia-Mattick-01.jpg","keywords":["Lehramtsstudium","S\u00e4chsische Regionen","Schulfach"],"articleSection":["Blog"],"inLanguage":"de"},{"@type":"WebPage","@id":"https:\/\/lehrer-werden-in-sachsen.de\/lehramt-an-oberschulen-sorbisch-geschichte\/","url":"https:\/\/lehrer-werden-in-sachsen.de\/lehramt-an-oberschulen-sorbisch-geschichte\/","name":"LEHRERIN SACHSEN | Lydia wird Lehrerin f\u00fcr Sorbisch","isPartOf":{"@id":"https:\/\/lehrer-werden-in-sachsen.de\/#website"},"primaryImageOfPage":{"@id":"https:\/\/lehrer-werden-in-sachsen.de\/lehramt-an-oberschulen-sorbisch-geschichte\/#primaryimage"},"image":{"@id":"https:\/\/lehrer-werden-in-sachsen.de\/lehramt-an-oberschulen-sorbisch-geschichte\/#primaryimage"},"thumbnailUrl":"https:\/\/lehrer-werden-in-sachsen.de\/stage\/wp-content\/uploads\/2023\/05\/SMK-Blog-Header-Lydia-Mattick-01.jpg","datePublished":"2023-05-24T14:49:14+00:00","dateModified":"2025-10-10T10:38:00+00:00","description":"Wir haben Lydia Mattick gefragt, was sie als Sorbin mit ihrer Heimat verbindet und weshalb sie Sorbisch und Geschichte auf Lehramt studiert.","breadcrumb":{"@id":"https:\/\/lehrer-werden-in-sachsen.de\/lehramt-an-oberschulen-sorbisch-geschichte\/#breadcrumb"},"inLanguage":"de","potentialAction":[{"@type":"ReadAction","target":["https:\/\/lehrer-werden-in-sachsen.de\/lehramt-an-oberschulen-sorbisch-geschichte\/"]}]},{"@type":"ImageObject","inLanguage":"de","@id":"https:\/\/lehrer-werden-in-sachsen.de\/lehramt-an-oberschulen-sorbisch-geschichte\/#primaryimage","url":"https:\/\/lehrer-werden-in-sachsen.de\/stage\/wp-content\/uploads\/2023\/05\/SMK-Blog-Header-Lydia-Mattick-01.jpg","contentUrl":"https:\/\/lehrer-werden-in-sachsen.de\/stage\/wp-content\/uploads\/2023\/05\/SMK-Blog-Header-Lydia-Mattick-01.jpg","width":1920,"height":970,"caption":"Lydia Mattick l\u00e4chelt in die Kamera"},{"@type":"BreadcrumbList","@id":"https:\/\/lehrer-werden-in-sachsen.de\/lehramt-an-oberschulen-sorbisch-geschichte\/#breadcrumb","itemListElement":[{"@type":"ListItem","position":1,"name":"Startseite","item":"https:\/\/lehrer-werden-in-sachsen.de\/"},{"@type":"ListItem","position":2,"name":"\u201eIch habe ein gro\u00dfes Ziel: das Sorbische zu erhalten.\u201c"}]},{"@type":"WebSite","@id":"https:\/\/lehrer-werden-in-sachsen.de\/#website","url":"https:\/\/lehrer-werden-in-sachsen.de\/","name":"LEHRERIN SACHSEN","description":"Eine Klasse f\u00fcr sich.","publisher":{"@id":"https:\/\/lehrer-werden-in-sachsen.de\/#organization"},"potentialAction":[{"@type":"SearchAction","target":{"@type":"EntryPoint","urlTemplate":"https:\/\/lehrer-werden-in-sachsen.de\/?s={search_term_string}"},"query-input":{"@type":"PropertyValueSpecification","valueRequired":true,"valueName":"search_term_string"}}],"inLanguage":"de"},{"@type":"Organization","@id":"https:\/\/lehrer-werden-in-sachsen.de\/#organization","name":"LEHRERIN SACHSEN","url":"https:\/\/lehrer-werden-in-sachsen.de\/","logo":{"@type":"ImageObject","inLanguage":"de","@id":"https:\/\/lehrer-werden-in-sachsen.de\/#\/schema\/logo\/image\/","url":"https:\/\/lehrer-werden-in-sachsen.de\/stage\/wp-content\/uploads\/2022\/02\/SMK_Leherin-Sachsen-Marke_RGB_Violett-Orange.svg","contentUrl":"https:\/\/lehrer-werden-in-sachsen.de\/stage\/wp-content\/uploads\/2022\/02\/SMK_Leherin-Sachsen-Marke_RGB_Violett-Orange.svg","caption":"LEHRERIN SACHSEN"},"image":{"@id":"https:\/\/lehrer-werden-in-sachsen.de\/#\/schema\/logo\/image\/"}},{"@type":"Person","@id":"https:\/\/lehrer-werden-in-sachsen.de\/#\/schema\/person\/4a127ffcfbf4e52ff0f66dcd7b4a5cc1","name":"Maria Kretschmann","image":{"@type":"ImageObject","inLanguage":"de","@id":"https:\/\/secure.gravatar.com\/avatar\/785963a239158e0d036c182ccde6b24c2d0822b83af8ab1b3773045a106114df?s=96&d=mm&r=g","url":"https:\/\/secure.gravatar.com\/avatar\/785963a239158e0d036c182ccde6b24c2d0822b83af8ab1b3773045a106114df?s=96&d=mm&r=g","contentUrl":"https:\/\/secure.gravatar.com\/avatar\/785963a239158e0d036c182ccde6b24c2d0822b83af8ab1b3773045a106114df?s=96&d=mm&r=g","caption":"Maria Kretschmann"},"url":"https:\/\/lehrer-werden-in-sachsen.de\/stage\/author\/maria-kretschmann\/"}]}},"_links":{"self":[{"href":"https:\/\/lehrer-werden-in-sachsen.de\/stage\/wp-json\/wp\/v2\/posts\/10414","targetHints":{"allow":["GET"]}}],"collection":[{"href":"https:\/\/lehrer-werden-in-sachsen.de\/stage\/wp-json\/wp\/v2\/posts"}],"about":[{"href":"https:\/\/lehrer-werden-in-sachsen.de\/stage\/wp-json\/wp\/v2\/types\/post"}],"author":[{"embeddable":true,"href":"https:\/\/lehrer-werden-in-sachsen.de\/stage\/wp-json\/wp\/v2\/users\/13"}],"replies":[{"embeddable":true,"href":"https:\/\/lehrer-werden-in-sachsen.de\/stage\/wp-json\/wp\/v2\/comments?post=10414"}],"version-history":[{"count":85,"href":"https:\/\/lehrer-werden-in-sachsen.de\/stage\/wp-json\/wp\/v2\/posts\/10414\/revisions"}],"predecessor-version":[{"id":23938,"href":"https:\/\/lehrer-werden-in-sachsen.de\/stage\/wp-json\/wp\/v2\/posts\/10414\/revisions\/23938"}],"wp:featuredmedia":[{"embeddable":true,"href":"https:\/\/lehrer-werden-in-sachsen.de\/stage\/wp-json\/wp\/v2\/media\/10415"}],"wp:attachment":[{"href":"https:\/\/lehrer-werden-in-sachsen.de\/stage\/wp-json\/wp\/v2\/media?parent=10414"}],"wp:term":[{"taxonomy":"category","embeddable":true,"href":"https:\/\/lehrer-werden-in-sachsen.de\/stage\/wp-json\/wp\/v2\/categories?post=10414"},{"taxonomy":"post_tag","embeddable":true,"href":"https:\/\/lehrer-werden-in-sachsen.de\/stage\/wp-json\/wp\/v2\/tags?post=10414"}],"curies":[{"name":"wp","href":"https:\/\/api.w.org\/{rel}","templated":true}]}}