{"id":10187,"date":"2023-04-20T11:49:22","date_gmt":"2023-04-20T09:49:22","guid":{"rendered":"https:\/\/lehrer-werden-in-sachsen.de\/stage\/?p=10187"},"modified":"2025-10-10T11:57:48","modified_gmt":"2025-10-10T09:57:48","slug":"lehrergewinnung-goes-leipziger-buchmesse","status":"publish","type":"post","link":"https:\/\/lehrer-werden-in-sachsen.de\/stage\/lehrergewinnung-goes-leipziger-buchmesse\/","title":{"rendered":"Lehrergewinnung goes Leipziger Buchmesse"},"content":{"rendered":"\t\t<div data-elementor-type=\"wp-post\" data-elementor-id=\"10187\" class=\"elementor elementor-10187\" data-elementor-post-type=\"post\">\n\t\t\t\t\t\t<section class=\"elementor-section elementor-top-section elementor-element elementor-element-77dc2d3 elementor-section-boxed elementor-section-height-default elementor-section-height-default\" data-id=\"77dc2d3\" data-element_type=\"section\" data-e-type=\"section\">\n\t\t\t\t\t\t<div class=\"elementor-container elementor-column-gap-default\">\n\t\t\t\t\t<div class=\"elementor-column elementor-col-100 elementor-top-column elementor-element elementor-element-db24ebd\" data-id=\"db24ebd\" data-element_type=\"column\" data-e-type=\"column\">\n\t\t\t<div class=\"elementor-widget-wrap elementor-element-populated\">\n\t\t\t\t\t\t<div class=\"elementor-element elementor-element-8cb6e5f elementor-widget elementor-widget-text-editor\" data-id=\"8cb6e5f\" data-element_type=\"widget\" data-e-type=\"widget\" data-widget_type=\"text-editor.default\">\n\t\t\t\t<div class=\"elementor-widget-container\">\n\t\t\t\t\t\t\t\t\t<p><strong><span class=\"TextRun SCXW48420905 BCX8\" lang=\"DE-DE\" xml:lang=\"DE-DE\" data-contrast=\"auto\"><span class=\"NormalTextRun SCXW48420905 BCX8\">Nach drei langen Pandemiejahren kehrt auch in der Welt der Buchmessen wieder Normalit\u00e4t ein: Die <\/span><\/span><a href=\"https:\/\/www.leipziger-buchmesse.de\/de\/\" title=\"Leipziger Buchmesse\" target=\"_blank\" rel=\"noopener\"><span class=\"TextRun Underlined SCXW48420905 BCX8\" lang=\"DE-DE\" xml:lang=\"DE-DE\" data-contrast=\"none\"><span class=\"NormalTextRun SCXW48420905 BCX8\" data-ccp-charstyle=\"Hyperlink\">Leipziger Buchmesse<\/span><\/span><\/a><\/strong><span class=\"TextRun SCXW48420905 BCX8\" lang=\"DE-DE\" xml:lang=\"DE-DE\" data-contrast=\"auto\"><span class=\"NormalTextRun SCXW48420905 BCX8\"><strong> findet 2023 endlich wieder statt!<\/strong>\u00a0<\/span><\/span><span class=\"EOP SCXW48420905 BCX8\" data-ccp-props=\"{&quot;201341983&quot;:0,&quot;335551550&quot;:6,&quot;335551620&quot;:6,&quot;335559739&quot;:160,&quot;335559740&quot;:259}\">\u00a0<\/span><\/p>\t\t\t\t\t\t\t\t<\/div>\n\t\t\t\t<\/div>\n\t\t\t\t\t<\/div>\n\t\t<\/div>\n\t\t\t\t\t<\/div>\n\t\t<\/section>\n\t\t\t\t<section class=\"elementor-section elementor-top-section elementor-element elementor-element-1ef0fc1 elementor-section-boxed elementor-section-height-default elementor-section-height-default\" data-id=\"1ef0fc1\" data-element_type=\"section\" data-e-type=\"section\">\n\t\t\t\t\t\t<div class=\"elementor-container elementor-column-gap-default\">\n\t\t\t\t\t<div class=\"elementor-column elementor-col-100 elementor-top-column elementor-element elementor-element-3a91336\" data-id=\"3a91336\" data-element_type=\"column\" data-e-type=\"column\">\n\t\t\t<div class=\"elementor-widget-wrap elementor-element-populated\">\n\t\t\t\t\t\t<div class=\"elementor-element elementor-element-5dbef77 elementor-widget elementor-widget-text-editor\" data-id=\"5dbef77\" data-element_type=\"widget\" data-e-type=\"widget\" data-widget_type=\"text-editor.default\">\n\t\t\t\t<div class=\"elementor-widget-container\">\n\t\t\t\t\t\t\t\t\t<p><span class=\"TextRun SCXW164065530 BCX8\" lang=\"DE-DE\" xml:lang=\"DE-DE\" data-contrast=\"auto\"><span class=\"NormalTextRun SCXW164065530 BCX8\">Am 27. April <\/span><span class=\"NormalTextRun SCXW164065530 BCX8\">gehts los<\/span><span class=\"NormalTextRun SCXW164065530 BCX8\"> und das S\u00e4chsische Staatsministerium <\/span><span class=\"NormalTextRun SCXW164065530 BCX8\">f\u00fcr Kultus <\/span><span class=\"NormalTextRun SCXW164065530 BCX8\">(SMK) hat es sich nicht nehmen lassen, in diesem Jahr gleich mit zwei St\u00e4nden auf dem wichtigsten Fr\u00fchjahrstreff der Branche vertreten zu sein<\/span><span class=\"NormalTextRun SCXW164065530 BCX8\">;<\/span><span class=\"NormalTextRun SCXW164065530 BCX8\"> neben der Koordinierungsstelle Sachsen ist erstmals auch \u201eEine Klasse f\u00fcr sich &#8211; LEHRERIN SACHSEN\u201c mit einem eigenen Stand dabei.<\/span><\/span><span class=\"TrackChangeTextDeletionMarker TrackedChange SCXW164065530 BCX8\"><span class=\"TrackedChange SCXW164065530 BCX8\"><span class=\"TextRun SCXW164065530 BCX8\" lang=\"DE-DE\" xml:lang=\"DE-DE\" data-contrast=\"auto\"><span class=\"NormalTextRun TrackChangeTextDeletion SCXW164065530 BCX8\">\u00a0<\/span><\/span><\/span><\/span><span class=\"EOP SCXW164065530 BCX8\" data-ccp-props=\"{&quot;201341983&quot;:0,&quot;335551550&quot;:6,&quot;335551620&quot;:6,&quot;335559739&quot;:160,&quot;335559740&quot;:259}\">\u00a0<\/span><\/p>\t\t\t\t\t\t\t\t<\/div>\n\t\t\t\t<\/div>\n\t\t\t\t\t<\/div>\n\t\t<\/div>\n\t\t\t\t\t<\/div>\n\t\t<\/section>\n\t\t\t\t<section class=\"elementor-section elementor-top-section elementor-element elementor-element-b99ea21 elementor-section-boxed elementor-section-height-default elementor-section-height-default\" data-id=\"b99ea21\" data-element_type=\"section\" data-e-type=\"section\">\n\t\t\t\t\t\t<div class=\"elementor-container elementor-column-gap-default\">\n\t\t\t\t\t<div class=\"elementor-column elementor-col-100 elementor-top-column elementor-element elementor-element-5de90f6\" data-id=\"5de90f6\" data-element_type=\"column\" data-e-type=\"column\">\n\t\t\t<div class=\"elementor-widget-wrap elementor-element-populated\">\n\t\t\t\t\t\t\t<\/div>\n\t\t<\/div>\n\t\t\t\t\t<\/div>\n\t\t<\/section>\n\t\t\t\t<section class=\"elementor-section elementor-top-section elementor-element elementor-element-0287271 elementor-section-boxed elementor-section-height-default elementor-section-height-default\" data-id=\"0287271\" data-element_type=\"section\" data-e-type=\"section\">\n\t\t\t\t\t\t<div class=\"elementor-container elementor-column-gap-default\">\n\t\t\t\t\t<div class=\"elementor-column elementor-col-100 elementor-top-column elementor-element elementor-element-924569d\" data-id=\"924569d\" data-element_type=\"column\" data-e-type=\"column\">\n\t\t\t<div class=\"elementor-widget-wrap elementor-element-populated\">\n\t\t\t\t\t\t<div class=\"elementor-element elementor-element-0380894 elementor-widget elementor-widget-heading\" data-id=\"0380894\" data-element_type=\"widget\" data-e-type=\"widget\" data-widget_type=\"heading.default\">\n\t\t\t\t<div class=\"elementor-widget-container\">\n\t\t\t\t\t<h2 class=\"elementor-heading-title elementor-size-default\">Erlebe LEHRERIN SACHSEN hautnah! <\/h2>\t\t\t\t<\/div>\n\t\t\t\t<\/div>\n\t\t\t\t\t<\/div>\n\t\t<\/div>\n\t\t\t\t\t<\/div>\n\t\t<\/section>\n\t\t\t\t<section class=\"elementor-section elementor-top-section elementor-element elementor-element-e19c773 elementor-section-boxed elementor-section-height-default elementor-section-height-default\" data-id=\"e19c773\" data-element_type=\"section\" data-e-type=\"section\">\n\t\t\t\t\t\t<div class=\"elementor-container elementor-column-gap-default\">\n\t\t\t\t\t<div class=\"elementor-column elementor-col-100 elementor-top-column elementor-element elementor-element-fbab971\" data-id=\"fbab971\" data-element_type=\"column\" data-e-type=\"column\">\n\t\t\t<div class=\"elementor-widget-wrap\">\n\t\t\t\t\t\t\t<\/div>\n\t\t<\/div>\n\t\t\t\t\t<\/div>\n\t\t<\/section>\n\t\t\t\t<section class=\"elementor-section elementor-top-section elementor-element elementor-element-973ddb4 elementor-section-boxed elementor-section-height-default elementor-section-height-default\" data-id=\"973ddb4\" data-element_type=\"section\" data-e-type=\"section\">\n\t\t\t\t\t\t<div class=\"elementor-container elementor-column-gap-default\">\n\t\t\t\t\t<div class=\"elementor-column elementor-col-100 elementor-top-column elementor-element elementor-element-60485bf\" data-id=\"60485bf\" data-element_type=\"column\" data-e-type=\"column\">\n\t\t\t<div class=\"elementor-widget-wrap elementor-element-populated\">\n\t\t\t\t\t\t<div class=\"elementor-element elementor-element-458fd7b elementor-widget elementor-widget-image\" data-id=\"458fd7b\" data-element_type=\"widget\" data-e-type=\"widget\" data-widget_type=\"image.default\">\n\t\t\t\t<div class=\"elementor-widget-container\">\n\t\t\t\t\t\t\t\t\t\t\t\t\t\t\t<img fetchpriority=\"high\" decoding=\"async\" width=\"1024\" height=\"517\" src=\"https:\/\/lehrer-werden-in-sachsen.de\/stage\/wp-content\/uploads\/2023\/04\/SMK-Blog-Header-Buchmesse_1920x970px-\u2013-5-1024x517.jpg\" class=\"attachment-large size-large wp-image-10188\" alt=\"Menschen in einem Messebereich mit verschiedenen St\u00e4nden und Informationsmaterialien.\" srcset=\"https:\/\/lehrer-werden-in-sachsen.de\/stage\/wp-content\/uploads\/2023\/04\/SMK-Blog-Header-Buchmesse_1920x970px-\u2013-5-1024x517.jpg 1024w, https:\/\/lehrer-werden-in-sachsen.de\/stage\/wp-content\/uploads\/2023\/04\/SMK-Blog-Header-Buchmesse_1920x970px-\u2013-5-300x152.jpg 300w, https:\/\/lehrer-werden-in-sachsen.de\/stage\/wp-content\/uploads\/2023\/04\/SMK-Blog-Header-Buchmesse_1920x970px-\u2013-5-768x388.jpg 768w, https:\/\/lehrer-werden-in-sachsen.de\/stage\/wp-content\/uploads\/2023\/04\/SMK-Blog-Header-Buchmesse_1920x970px-\u2013-5-1536x776.jpg 1536w, https:\/\/lehrer-werden-in-sachsen.de\/stage\/wp-content\/uploads\/2023\/04\/SMK-Blog-Header-Buchmesse_1920x970px-\u2013-5.jpg 1920w\" sizes=\"(max-width: 1024px) 100vw, 1024px\" \/>\t\t\t\t\t\t\t\t\t\t\t\t\t\t\t<\/div>\n\t\t\t\t<\/div>\n\t\t\t\t\t<\/div>\n\t\t<\/div>\n\t\t\t\t\t<\/div>\n\t\t<\/section>\n\t\t\t\t<section class=\"elementor-section elementor-top-section elementor-element elementor-element-176c68c elementor-section-boxed elementor-section-height-default elementor-section-height-default\" data-id=\"176c68c\" data-element_type=\"section\" data-e-type=\"section\">\n\t\t\t\t\t\t<div class=\"elementor-container elementor-column-gap-default\">\n\t\t\t\t\t<div class=\"elementor-column elementor-col-100 elementor-top-column elementor-element elementor-element-37598c3\" data-id=\"37598c3\" data-element_type=\"column\" data-e-type=\"column\">\n\t\t\t<div class=\"elementor-widget-wrap\">\n\t\t\t\t\t\t\t<\/div>\n\t\t<\/div>\n\t\t\t\t\t<\/div>\n\t\t<\/section>\n\t\t\t\t<section class=\"elementor-section elementor-top-section elementor-element elementor-element-98e09ac elementor-section-boxed elementor-section-height-default elementor-section-height-default\" data-id=\"98e09ac\" data-element_type=\"section\" data-e-type=\"section\">\n\t\t\t\t\t\t<div class=\"elementor-container elementor-column-gap-default\">\n\t\t\t\t\t<div class=\"elementor-column elementor-col-100 elementor-top-column elementor-element elementor-element-82a28cf\" data-id=\"82a28cf\" data-element_type=\"column\" data-e-type=\"column\">\n\t\t\t<div class=\"elementor-widget-wrap elementor-element-populated\">\n\t\t\t\t\t\t<div class=\"elementor-element elementor-element-431c6fb elementor-widget elementor-widget-text-editor\" data-id=\"431c6fb\" data-element_type=\"widget\" data-e-type=\"widget\" data-widget_type=\"text-editor.default\">\n\t\t\t\t<div class=\"elementor-widget-container\">\n\t\t\t\t\t\t\t\t\t<p><span data-contrast=\"auto\">Was bedeutet das f\u00fcr dich? <\/span><span data-contrast=\"auto\">Du hast die M\u00f6glichkeit, dich <strong>vom 27. &#8211; 30. April<\/strong> an unseren St\u00e4nden (<strong>Halle 2, Stand C203 und C205<\/strong>) ausf\u00fchrlich \u00fcber den Lehrerberuf in Sachsen und die Wege dorthin zu informieren.<\/span><\/p><p>\u00a0<\/p><p><span data-contrast=\"auto\">Wir beantworten dir alle Fragen rund um: \u201eWo kann ich Lehramt studieren?\u201c, \u201eWelche M\u00f6glichkeiten habe ich beim Seiteneinstieg?\u201c, \u201eWas erwartet mich im l\u00e4ndlichen Raum?\u201c und vieles mehr.\u00a0<\/span><span data-ccp-props=\"{&quot;201341983&quot;:0,&quot;335551550&quot;:6,&quot;335551620&quot;:6,&quot;335559739&quot;:160,&quot;335559740&quot;:259}\">\u00a0<\/span><\/p><p>\u00a0<\/p><p><span data-contrast=\"auto\">Zudem kannst du auf der Leipziger Buchmesse an Workshops teilnehmen. Insgesamt finden sechs Workshops zu den Themen Lehramtsstudium, Seiteneinstieg und Vorbereitungsdienst statt. Diese geben dir die M\u00f6glichkeit, dich noch intensiver mit dem Thema Lehramt in Sachsen auseinanderzusetzen.<\/span><\/p>\t\t\t\t\t\t\t\t<\/div>\n\t\t\t\t<\/div>\n\t\t\t\t\t<\/div>\n\t\t<\/div>\n\t\t\t\t\t<\/div>\n\t\t<\/section>\n\t\t\t\t<section class=\"elementor-section elementor-top-section elementor-element elementor-element-a9b6b50 elementor-section-boxed elementor-section-height-default elementor-section-height-default\" data-id=\"a9b6b50\" data-element_type=\"section\" data-e-type=\"section\">\n\t\t\t\t\t\t<div class=\"elementor-container elementor-column-gap-default\">\n\t\t\t\t\t<div class=\"elementor-column elementor-col-100 elementor-top-column elementor-element elementor-element-ad12ff0\" data-id=\"ad12ff0\" data-element_type=\"column\" data-e-type=\"column\">\n\t\t\t<div class=\"elementor-widget-wrap elementor-element-populated\">\n\t\t\t\t\t\t\t<\/div>\n\t\t<\/div>\n\t\t\t\t\t<\/div>\n\t\t<\/section>\n\t\t\t\t<section class=\"elementor-section elementor-inner-section elementor-element elementor-element-366a83b7 elementor-reverse-mobile elementor-section-boxed elementor-section-height-default elementor-section-height-default\" data-id=\"366a83b7\" data-element_type=\"section\" data-e-type=\"section\" data-settings=\"{&quot;background_background&quot;:&quot;classic&quot;}\">\n\t\t\t\t\t\t<div class=\"elementor-container elementor-column-gap-default\">\n\t\t\t\t\t<div class=\"elementor-column elementor-col-50 elementor-inner-column elementor-element elementor-element-1c47f45f\" data-id=\"1c47f45f\" data-element_type=\"column\" data-e-type=\"column\">\n\t\t\t<div class=\"elementor-widget-wrap elementor-element-populated\">\n\t\t\t\t\t\t<div class=\"elementor-element elementor-element-7fbcfc73 elementor-widget elementor-widget-heading\" data-id=\"7fbcfc73\" data-element_type=\"widget\" data-e-type=\"widget\" data-widget_type=\"heading.default\">\n\t\t\t\t<div class=\"elementor-widget-container\">\n\t\t\t\t\t<h2 class=\"elementor-heading-title elementor-size-default\">Unsere Workshops auf der Leipziger Buchmesse im \u00dcberblick<\/h2>\t\t\t\t<\/div>\n\t\t\t\t<\/div>\n\t\t\t\t<div class=\"elementor-element elementor-element-326a340b elementor-widget elementor-widget-text-editor\" data-id=\"326a340b\" data-element_type=\"widget\" data-e-type=\"widget\" data-widget_type=\"text-editor.default\">\n\t\t\t\t<div class=\"elementor-widget-container\">\n\t\t\t\t\t\t\t\t\t<ul><li><span data-contrast=\"auto\">28. April 2023, 12:00 &#8211; 12.30 Uhr:\u00a0<\/span><b><span data-contrast=\"auto\">Lehramt studieren \u2013 Alles nur Theorie?<\/span><\/b><span data-contrast=\"auto\"><span data-contrast=\"auto\"><span data-contrast=\"auto\"><span data-contrast=\"auto\"><span data-contrast=\"auto\">\u00a0<br \/>Wo? Im Trendforum Bildung in Halle 2, Stand A505<br \/><br \/><\/span><\/span><\/span><\/span><\/span><\/li><li><span data-contrast=\"auto\"><span data-contrast=\"auto\">28. April 2023, 13:30 &#8211; 14:00 Uhr: <b><span data-contrast=\"auto\">Lehramt studieren \u2013 Alles nur Theorie?<\/span><\/b><span data-contrast=\"auto\">\u00a0<\/span><br \/><\/span><\/span>Wo? Im Trendforum Bildung in Halle 2, Stand A505<br \/><br \/><\/li><li><span data-contrast=\"auto\">28. April 2023 14:00 \u2013 15:00 Uhr:\u00a0<\/span><b><span data-contrast=\"auto\">\u201eEndlich eine Klasse f\u00fcr Dich \u2013 Vorbereitungsdienst f\u00fcr Lehrkr\u00e4fte in Sachsen.\u201c<\/span><\/b><span data-contrast=\"auto\">\u00a0(LaSuB)\u00a0<\/span>\u00a0<br \/>Wo? Im Congress Center Leipzig, Bankettraum<br \/><br \/><\/li><li><span data-contrast=\"auto\">29. April 2023 13:00 \u2013 14:00 Uhr:\u00a0<\/span><b><span data-contrast=\"auto\">Informationen zum Seiteneinstieg<\/span><\/b><span data-contrast=\"auto\">\u00a0(LaSuB)<br \/><\/span>Wo? Im Trendforum Bildung | Halle: 2, Stand A505<br \/><br \/><\/li><li>29. April 2023 14:30 &#8211; 15:00 Uhr:\u00a0<b><span data-contrast=\"auto\">Lehramt studieren \u2013 Alles nur Theorie?<\/span><\/b><span data-contrast=\"auto\"><span data-contrast=\"auto\"><span data-contrast=\"auto\"><span data-contrast=\"auto\"><span data-contrast=\"auto\"><span data-contrast=\"auto\">\u00a0<br \/>Wo? Im Trendforum Bildung in Halle 2, Stand A505<br \/><br \/><\/span><\/span><\/span><\/span><\/span><\/span><\/li><li>30. April 2023 13:30 &#8211; 14:00 Uhr:\u00a0<b><span data-contrast=\"auto\">Informationen zum Seiteneinstieg<\/span><\/b><span data-contrast=\"auto\">\u00a0(LaSuB)<\/span>\u00a0<br \/>Wo? Im Trendforum Bildung in Halle 2, Stand A505<\/li><\/ul>\t\t\t\t\t\t\t\t<\/div>\n\t\t\t\t<\/div>\n\t\t\t\t\t<\/div>\n\t\t<\/div>\n\t\t\t\t<div class=\"elementor-column elementor-col-50 elementor-inner-column elementor-element elementor-element-4d989ca5\" data-id=\"4d989ca5\" data-element_type=\"column\" data-e-type=\"column\">\n\t\t\t<div class=\"elementor-widget-wrap elementor-element-populated\">\n\t\t\t\t\t\t<div class=\"elementor-element elementor-element-5896f621 elementor-view-stacked elementor-shape-circle elementor-widget elementor-widget-icon\" data-id=\"5896f621\" data-element_type=\"widget\" data-e-type=\"widget\" data-widget_type=\"icon.default\">\n\t\t\t\t<div class=\"elementor-widget-container\">\n\t\t\t\t\t\t\t<div class=\"elementor-icon-wrapper\">\n\t\t\t<div class=\"elementor-icon\">\n\t\t\t<svg xmlns=\"http:\/\/www.w3.org\/2000\/svg\" xmlns:xlink=\"http:\/\/www.w3.org\/1999\/xlink\" id=\"Ebene_1\" x=\"0px\" y=\"0px\" viewBox=\"0 0 126.8 126.8\" style=\"enable-background:new 0 0 126.8 126.8;\" xml:space=\"preserve\"><style type=\"text\/css\">\t.st0{fill:none;}<\/style><path id=\"Pfad_9897\" class=\"st0\" d=\"M0.6,0.3h126v126H0.6V0.3z\"><\/path><path id=\"Pfad_9898\" d=\"M84.7,52.9h-42c-2.9,0-5.3,2.3-5.3,5.2c0,2.9,2.3,5.3,5.2,5.3c0,0,0,0,0,0h42c2.9,0,5.3-2.3,5.3-5.2 C89.9,55.2,87.6,52.9,84.7,52.9C84.7,52.9,84.7,52.9,84.7,52.9z M100.4,16.1h-5.3v-5.3c0-2.9-2.3-5.3-5.2-5.3s-5.3,2.3-5.3,5.2 c0,0,0,0,0,0v5.3h-42v-5.3c0-2.9-2.4-5.3-5.3-5.3c-2.9,0-5.3,2.4-5.3,5.3v5.3h-5.3c-5.8,0-10.5,4.7-10.5,10.5c0,0,0,0,0,0v73.5 c0,5.8,4.7,10.5,10.5,10.5c0,0,0,0,0,0h73.5c5.8,0,10.5-4.7,10.5-10.5V26.6C110.9,20.8,106.2,16.1,100.4,16.1z M95.2,100.1h-63 c-2.9,0-5.2-2.4-5.3-5.3V42.4h73.5v52.5C100.4,97.8,98.1,100.1,95.2,100.1z M68.9,73.9H42.7c-2.9,0-5.3,2.3-5.3,5.2s2.3,5.3,5.2,5.3 c0,0,0,0,0,0h26.3c2.9,0,5.3-2.3,5.3-5.2C74.2,76.2,71.8,73.9,68.9,73.9C68.9,73.9,68.9,73.9,68.9,73.9z\"><\/path><\/svg>\t\t\t<\/div>\n\t\t<\/div>\n\t\t\t\t\t\t<\/div>\n\t\t\t\t<\/div>\n\t\t\t\t\t<\/div>\n\t\t<\/div>\n\t\t\t\t\t<\/div>\n\t\t<\/section>\n\t\t\t\t<section class=\"elementor-section elementor-top-section elementor-element elementor-element-ab852f0 elementor-section-boxed elementor-section-height-default elementor-section-height-default\" data-id=\"ab852f0\" data-element_type=\"section\" data-e-type=\"section\">\n\t\t\t\t\t\t<div class=\"elementor-container elementor-column-gap-default\">\n\t\t\t\t\t<div class=\"elementor-column elementor-col-100 elementor-top-column elementor-element elementor-element-97cf3d0\" data-id=\"97cf3d0\" data-element_type=\"column\" data-e-type=\"column\">\n\t\t\t<div class=\"elementor-widget-wrap elementor-element-populated\">\n\t\t\t\t\t\t<div class=\"elementor-element elementor-element-9139e00 elementor-widget elementor-widget-spacer\" data-id=\"9139e00\" data-element_type=\"widget\" data-e-type=\"widget\" data-widget_type=\"spacer.default\">\n\t\t\t\t<div class=\"elementor-widget-container\">\n\t\t\t\t\t\t\t<div class=\"elementor-spacer\">\n\t\t\t<div class=\"elementor-spacer-inner\"><\/div>\n\t\t<\/div>\n\t\t\t\t\t\t<\/div>\n\t\t\t\t<\/div>\n\t\t\t\t\t<\/div>\n\t\t<\/div>\n\t\t\t\t\t<\/div>\n\t\t<\/section>\n\t\t\t\t<section class=\"elementor-section elementor-top-section elementor-element elementor-element-9194b14 elementor-section-boxed elementor-section-height-default elementor-section-height-default\" data-id=\"9194b14\" data-element_type=\"section\" data-e-type=\"section\">\n\t\t\t\t\t\t<div class=\"elementor-container elementor-column-gap-default\">\n\t\t\t\t\t<div class=\"elementor-column elementor-col-100 elementor-top-column elementor-element elementor-element-551798a\" data-id=\"551798a\" data-element_type=\"column\" data-e-type=\"column\">\n\t\t\t<div class=\"elementor-widget-wrap elementor-element-populated\">\n\t\t\t\t\t\t<div class=\"elementor-element elementor-element-103e556 elementor-widget elementor-widget-heading\" data-id=\"103e556\" data-element_type=\"widget\" data-e-type=\"widget\" data-widget_type=\"heading.default\">\n\t\t\t\t<div class=\"elementor-widget-container\">\n\t\t\t\t\t<h2 class=\"elementor-heading-title elementor-size-default\">Bildungspolitik live: S\u00e4chsischer Kultusminister Christian Piwarz ebenfalls vor Ort <\/h2>\t\t\t\t<\/div>\n\t\t\t\t<\/div>\n\t\t\t\t\t<\/div>\n\t\t<\/div>\n\t\t\t\t\t<\/div>\n\t\t<\/section>\n\t\t\t\t<section class=\"elementor-section elementor-top-section elementor-element elementor-element-7f4f6c4 elementor-section-boxed elementor-section-height-default elementor-section-height-default\" data-id=\"7f4f6c4\" data-element_type=\"section\" data-e-type=\"section\">\n\t\t\t\t\t\t<div class=\"elementor-container elementor-column-gap-default\">\n\t\t\t\t\t<div class=\"elementor-column elementor-col-100 elementor-top-column elementor-element elementor-element-1a06e33\" data-id=\"1a06e33\" data-element_type=\"column\" data-e-type=\"column\">\n\t\t\t<div class=\"elementor-widget-wrap elementor-element-populated\">\n\t\t\t\t\t\t<div class=\"elementor-element elementor-element-57d66d3 elementor-widget elementor-widget-text-editor\" data-id=\"57d66d3\" data-element_type=\"widget\" data-e-type=\"widget\" data-widget_type=\"text-editor.default\">\n\t\t\t\t<div class=\"elementor-widget-container\">\n\t\t\t\t\t\t\t\t\t<p><span data-contrast=\"auto\">Am 28. April 2023 hast du zudem die M\u00f6glichkeit, dich direkt mit dem s\u00e4chsischen Kultusminister Christian Piwarz (CDU) auszutauschen: Ab 12:00 Uhr findet im Forum Bildung eine Diskussion zum Thema \u201eUnterricht im Zeichen einer Kultur der Digitalit\u00e4t in Sachsen\u201c statt.\u00a0<\/span><span data-ccp-props=\"{&quot;201341983&quot;:0,&quot;335551550&quot;:6,&quot;335551620&quot;:6,&quot;335559739&quot;:160,&quot;335559740&quot;:259}\">\u00a0<\/span><\/p><p>\u00a0<\/p><p><span data-contrast=\"auto\">&#8222;Wir d\u00fcrfen nicht nachlassen, die Leistungsf\u00e4higkeit des s\u00e4chsischen Bildungssystems weiter voranzutreiben. Dazu m\u00fcssen wir die Chancengerechtigkeit im Blick behalten und die digitale Bildung weiter verbessern&#8220;, so Kultusminister Christian Piwarz.<\/span><span data-ccp-props=\"{&quot;201341983&quot;:0,&quot;335551550&quot;:6,&quot;335551620&quot;:6,&quot;335559685&quot;:708,&quot;335559739&quot;:160,&quot;335559740&quot;:276}\">\u00a0<\/span><\/p><p>\u00a0<\/p><p><span data-contrast=\"auto\">Wie du siehst, lohnt sich die diesj\u00e4hrige Leipziger Buchmesse nicht nur zum B\u00fccher-Shoppen! Wir freuen uns auf deinen Besuch an unseren St\u00e4nden und w\u00fcnschen dir viel Spa\u00df beim Informieren, Austauschen und Entdecken.\u00a0<\/span><span data-ccp-props=\"{&quot;201341983&quot;:0,&quot;335551550&quot;:6,&quot;335551620&quot;:6,&quot;335559739&quot;:160,&quot;335559740&quot;:259}\">\u00a0<\/span><\/p>\t\t\t\t\t\t\t\t<\/div>\n\t\t\t\t<\/div>\n\t\t\t\t\t<\/div>\n\t\t<\/div>\n\t\t\t\t\t<\/div>\n\t\t<\/section>\n\t\t\t\t<section class=\"elementor-section elementor-top-section elementor-element elementor-element-2de7dae elementor-section-boxed elementor-section-height-default elementor-section-height-default\" data-id=\"2de7dae\" data-element_type=\"section\" data-e-type=\"section\">\n\t\t\t\t\t\t<div class=\"elementor-container elementor-column-gap-default\">\n\t\t\t\t\t<div class=\"elementor-column elementor-col-100 elementor-top-column elementor-element elementor-element-f656443\" data-id=\"f656443\" data-element_type=\"column\" data-e-type=\"column\">\n\t\t\t<div class=\"elementor-widget-wrap elementor-element-populated\">\n\t\t\t\t\t\t\t<\/div>\n\t\t<\/div>\n\t\t\t\t\t<\/div>\n\t\t<\/section>\n\t\t\t\t<section class=\"elementor-section elementor-top-section elementor-element elementor-element-32cdc3c elementor-section-boxed elementor-section-height-default elementor-section-height-default\" data-id=\"32cdc3c\" data-element_type=\"section\" data-e-type=\"section\">\n\t\t\t\t\t\t<div class=\"elementor-container elementor-column-gap-default\">\n\t\t\t\t\t<div class=\"elementor-column elementor-col-100 elementor-top-column elementor-element elementor-element-c1cd103\" data-id=\"c1cd103\" data-element_type=\"column\" data-e-type=\"column\">\n\t\t\t<div class=\"elementor-widget-wrap elementor-element-populated\">\n\t\t\t\t\t\t<div class=\"elementor-element elementor-element-98d6a78 elementor-widget elementor-widget-heading\" data-id=\"98d6a78\" data-element_type=\"widget\" data-e-type=\"widget\" data-widget_type=\"heading.default\">\n\t\t\t\t<div class=\"elementor-widget-container\">\n\t\t\t\t\t<h2 class=\"elementor-heading-title elementor-size-default\">Du m\u00f6chtest einen Eindruck dar\u00fcber bekommen, was wir so auf Messen machen? Dann lies dir unseren Recap zur KarriereStart durch! <\/h2>\t\t\t\t<\/div>\n\t\t\t\t<\/div>\n\t\t\t\t\t<\/div>\n\t\t<\/div>\n\t\t\t\t\t<\/div>\n\t\t<\/section>\n\t\t\t\t<section class=\"elementor-section elementor-top-section elementor-element elementor-element-4ceec11 elementor-section-boxed elementor-section-height-default elementor-section-height-default\" data-id=\"4ceec11\" data-element_type=\"section\" data-e-type=\"section\">\n\t\t\t\t\t\t<div class=\"elementor-container elementor-column-gap-default\">\n\t\t\t\t\t<div class=\"elementor-column elementor-col-100 elementor-top-column elementor-element elementor-element-78b527f\" data-id=\"78b527f\" data-element_type=\"column\" data-e-type=\"column\">\n\t\t\t<div class=\"elementor-widget-wrap elementor-element-populated\">\n\t\t\t\t\t\t<div class=\"elementor-element elementor-element-8a8f4a4 elementor-align-left elementor-widget elementor-widget-button\" data-id=\"8a8f4a4\" data-element_type=\"widget\" data-e-type=\"widget\" data-widget_type=\"button.default\">\n\t\t\t\t<div class=\"elementor-widget-container\">\n\t\t\t\t\t\t\t\t\t<div class=\"elementor-button-wrapper\">\n\t\t\t\t\t<a class=\"elementor-button elementor-button-link elementor-size-sm\" href=\"https:\/\/lehrer-werden-in-sachsen.de\/karrierestart-tipps-schuldienst\/\" target=\"_blank\" title=\"Tipps von der Messe KarriereStart in Dresden\">\n\t\t\t\t\t\t<span class=\"elementor-button-content-wrapper\">\n\t\t\t\t\t\t\t\t\t<span class=\"elementor-button-text\">Recap KarriereStart 2023<\/span>\n\t\t\t\t\t<\/span>\n\t\t\t\t\t<\/a>\n\t\t\t\t<\/div>\n\t\t\t\t\t\t\t\t<\/div>\n\t\t\t\t<\/div>\n\t\t\t\t\t<\/div>\n\t\t<\/div>\n\t\t\t\t\t<\/div>\n\t\t<\/section>\n\t\t\t\t<\/div>\n\t\t","protected":false},"excerpt":{"rendered":"<p>Die Leipziger Buchmesse findet 2023 endlich wieder statt! Das S\u00e4chsische Staatsministerium f\u00fcr Kultus (SMK) wird in diesem Jahr mit zwei St\u00e4nden auf dem wichtigsten Fr\u00fchjahrstreff der Branche vertreten sein.<\/p>\n","protected":false},"author":13,"featured_media":10189,"comment_status":"closed","ping_status":"closed","sticky":false,"template":"","format":"standard","meta":{"footnotes":""},"categories":[46],"tags":[206,94,208,146],"class_list":["post-10187","post","type-post","status-publish","format-standard","has-post-thumbnail","hentry","category-blog","tag-bildungspolitik","tag-lehramtsstudium","tag-veranstaltung","tag-vorbereitungsdienst"],"yoast_head":"<!-- This site is optimized with the Yoast SEO plugin v27.3 - https:\/\/yoast.com\/product\/yoast-seo-wordpress\/ -->\n<title>LEHRERIN SACHSEN | Leipziger Buchmesse<\/title>\n<meta name=\"description\" content=\"Nach drei Pandemiejahren kehrt in der Welt der Buchmessen wieder Normalit\u00e4t ein: Die Leipziger Buchmesse findet 2023 endlich wieder statt!\" \/>\n<meta name=\"robots\" content=\"index, follow, max-snippet:-1, max-image-preview:large, max-video-preview:-1\" \/>\n<link rel=\"canonical\" href=\"https:\/\/lehrer-werden-in-sachsen.de\/lehrergewinnung-goes-leipziger-buchmesse\/\" \/>\n<meta property=\"og:locale\" content=\"de_DE\" \/>\n<meta property=\"og:type\" content=\"article\" \/>\n<meta property=\"og:title\" content=\"LEHRERIN SACHSEN | Leipziger Buchmesse\" \/>\n<meta property=\"og:description\" content=\"Nach drei Pandemiejahren kehrt in der Welt der Buchmessen wieder Normalit\u00e4t ein: Die Leipziger Buchmesse findet 2023 endlich wieder statt!\" \/>\n<meta property=\"og:url\" content=\"https:\/\/lehrer-werden-in-sachsen.de\/lehrergewinnung-goes-leipziger-buchmesse\/\" \/>\n<meta property=\"og:site_name\" content=\"LEHRERIN SACHSEN\" \/>\n<meta property=\"article:published_time\" content=\"2023-04-20T09:49:22+00:00\" \/>\n<meta property=\"article:modified_time\" content=\"2025-10-10T09:57:48+00:00\" \/>\n<meta property=\"og:image\" content=\"https:\/\/lehrer-werden-in-sachsen.de\/wp-content\/uploads\/2023\/04\/SMK-Blog-Header-Buchmesse_1920x970px-\u2013-4.jpg\" \/>\n\t<meta property=\"og:image:width\" content=\"1920\" \/>\n\t<meta property=\"og:image:height\" content=\"970\" \/>\n\t<meta property=\"og:image:type\" content=\"image\/jpeg\" \/>\n<meta name=\"author\" content=\"Maria Kretschmann\" \/>\n<meta name=\"twitter:card\" content=\"summary_large_image\" \/>\n<meta name=\"twitter:label1\" content=\"Verfasst von\" \/>\n\t<meta name=\"twitter:data1\" content=\"Maria Kretschmann\" \/>\n\t<meta name=\"twitter:label2\" content=\"Gesch\u00e4tzte Lesezeit\" \/>\n\t<meta name=\"twitter:data2\" content=\"3\u00a0Minuten\" \/>\n<script type=\"application\/ld+json\" class=\"yoast-schema-graph\">{\"@context\":\"https:\\\/\\\/schema.org\",\"@graph\":[{\"@type\":\"Article\",\"@id\":\"https:\\\/\\\/lehrer-werden-in-sachsen.de\\\/lehrergewinnung-goes-leipziger-buchmesse\\\/#article\",\"isPartOf\":{\"@id\":\"https:\\\/\\\/lehrer-werden-in-sachsen.de\\\/lehrergewinnung-goes-leipziger-buchmesse\\\/\"},\"author\":{\"name\":\"Maria Kretschmann\",\"@id\":\"https:\\\/\\\/lehrer-werden-in-sachsen.de\\\/#\\\/schema\\\/person\\\/4a127ffcfbf4e52ff0f66dcd7b4a5cc1\"},\"headline\":\"Lehrergewinnung goes Leipziger Buchmesse\",\"datePublished\":\"2023-04-20T09:49:22+00:00\",\"dateModified\":\"2025-10-10T09:57:48+00:00\",\"mainEntityOfPage\":{\"@id\":\"https:\\\/\\\/lehrer-werden-in-sachsen.de\\\/lehrergewinnung-goes-leipziger-buchmesse\\\/\"},\"wordCount\":442,\"publisher\":{\"@id\":\"https:\\\/\\\/lehrer-werden-in-sachsen.de\\\/#organization\"},\"image\":{\"@id\":\"https:\\\/\\\/lehrer-werden-in-sachsen.de\\\/lehrergewinnung-goes-leipziger-buchmesse\\\/#primaryimage\"},\"thumbnailUrl\":\"https:\\\/\\\/lehrer-werden-in-sachsen.de\\\/stage\\\/wp-content\\\/uploads\\\/2023\\\/04\\\/SMK-Blog-Header-Buchmesse_1920x970px-\u2013-4.jpg\",\"keywords\":[\"Bildungspolitik\",\"Lehramtsstudium\",\"Veranstaltung\",\"Vorbereitungsdienst\"],\"articleSection\":[\"Blog\"],\"inLanguage\":\"de\"},{\"@type\":\"WebPage\",\"@id\":\"https:\\\/\\\/lehrer-werden-in-sachsen.de\\\/lehrergewinnung-goes-leipziger-buchmesse\\\/\",\"url\":\"https:\\\/\\\/lehrer-werden-in-sachsen.de\\\/lehrergewinnung-goes-leipziger-buchmesse\\\/\",\"name\":\"LEHRERIN SACHSEN | Leipziger Buchmesse\",\"isPartOf\":{\"@id\":\"https:\\\/\\\/lehrer-werden-in-sachsen.de\\\/#website\"},\"primaryImageOfPage\":{\"@id\":\"https:\\\/\\\/lehrer-werden-in-sachsen.de\\\/lehrergewinnung-goes-leipziger-buchmesse\\\/#primaryimage\"},\"image\":{\"@id\":\"https:\\\/\\\/lehrer-werden-in-sachsen.de\\\/lehrergewinnung-goes-leipziger-buchmesse\\\/#primaryimage\"},\"thumbnailUrl\":\"https:\\\/\\\/lehrer-werden-in-sachsen.de\\\/stage\\\/wp-content\\\/uploads\\\/2023\\\/04\\\/SMK-Blog-Header-Buchmesse_1920x970px-\u2013-4.jpg\",\"datePublished\":\"2023-04-20T09:49:22+00:00\",\"dateModified\":\"2025-10-10T09:57:48+00:00\",\"description\":\"Nach drei Pandemiejahren kehrt in der Welt der Buchmessen wieder Normalit\u00e4t ein: Die Leipziger Buchmesse findet 2023 endlich wieder statt!\",\"breadcrumb\":{\"@id\":\"https:\\\/\\\/lehrer-werden-in-sachsen.de\\\/lehrergewinnung-goes-leipziger-buchmesse\\\/#breadcrumb\"},\"inLanguage\":\"de\",\"potentialAction\":[{\"@type\":\"ReadAction\",\"target\":[\"https:\\\/\\\/lehrer-werden-in-sachsen.de\\\/lehrergewinnung-goes-leipziger-buchmesse\\\/\"]}]},{\"@type\":\"ImageObject\",\"inLanguage\":\"de\",\"@id\":\"https:\\\/\\\/lehrer-werden-in-sachsen.de\\\/lehrergewinnung-goes-leipziger-buchmesse\\\/#primaryimage\",\"url\":\"https:\\\/\\\/lehrer-werden-in-sachsen.de\\\/stage\\\/wp-content\\\/uploads\\\/2023\\\/04\\\/SMK-Blog-Header-Buchmesse_1920x970px-\u2013-4.jpg\",\"contentUrl\":\"https:\\\/\\\/lehrer-werden-in-sachsen.de\\\/stage\\\/wp-content\\\/uploads\\\/2023\\\/04\\\/SMK-Blog-Header-Buchmesse_1920x970px-\u2013-4.jpg\",\"width\":1920,\"height\":970,\"caption\":\"Frau h\u00e4lt eine gelbe Inspirationskarte mit dem Text 'INSPIRATION' in der Hand.\"},{\"@type\":\"BreadcrumbList\",\"@id\":\"https:\\\/\\\/lehrer-werden-in-sachsen.de\\\/lehrergewinnung-goes-leipziger-buchmesse\\\/#breadcrumb\",\"itemListElement\":[{\"@type\":\"ListItem\",\"position\":1,\"name\":\"Startseite\",\"item\":\"https:\\\/\\\/lehrer-werden-in-sachsen.de\\\/\"},{\"@type\":\"ListItem\",\"position\":2,\"name\":\"Lehrergewinnung goes Leipziger Buchmesse\"}]},{\"@type\":\"WebSite\",\"@id\":\"https:\\\/\\\/lehrer-werden-in-sachsen.de\\\/#website\",\"url\":\"https:\\\/\\\/lehrer-werden-in-sachsen.de\\\/\",\"name\":\"LEHRERIN SACHSEN\",\"description\":\"Eine Klasse f\u00fcr sich.\",\"publisher\":{\"@id\":\"https:\\\/\\\/lehrer-werden-in-sachsen.de\\\/#organization\"},\"potentialAction\":[{\"@type\":\"SearchAction\",\"target\":{\"@type\":\"EntryPoint\",\"urlTemplate\":\"https:\\\/\\\/lehrer-werden-in-sachsen.de\\\/?s={search_term_string}\"},\"query-input\":{\"@type\":\"PropertyValueSpecification\",\"valueRequired\":true,\"valueName\":\"search_term_string\"}}],\"inLanguage\":\"de\"},{\"@type\":\"Organization\",\"@id\":\"https:\\\/\\\/lehrer-werden-in-sachsen.de\\\/#organization\",\"name\":\"LEHRERIN SACHSEN\",\"url\":\"https:\\\/\\\/lehrer-werden-in-sachsen.de\\\/\",\"logo\":{\"@type\":\"ImageObject\",\"inLanguage\":\"de\",\"@id\":\"https:\\\/\\\/lehrer-werden-in-sachsen.de\\\/#\\\/schema\\\/logo\\\/image\\\/\",\"url\":\"https:\\\/\\\/lehrer-werden-in-sachsen.de\\\/stage\\\/wp-content\\\/uploads\\\/2022\\\/02\\\/SMK_Leherin-Sachsen-Marke_RGB_Violett-Orange.svg\",\"contentUrl\":\"https:\\\/\\\/lehrer-werden-in-sachsen.de\\\/stage\\\/wp-content\\\/uploads\\\/2022\\\/02\\\/SMK_Leherin-Sachsen-Marke_RGB_Violett-Orange.svg\",\"caption\":\"LEHRERIN SACHSEN\"},\"image\":{\"@id\":\"https:\\\/\\\/lehrer-werden-in-sachsen.de\\\/#\\\/schema\\\/logo\\\/image\\\/\"}},{\"@type\":\"Person\",\"@id\":\"https:\\\/\\\/lehrer-werden-in-sachsen.de\\\/#\\\/schema\\\/person\\\/4a127ffcfbf4e52ff0f66dcd7b4a5cc1\",\"name\":\"Maria Kretschmann\",\"image\":{\"@type\":\"ImageObject\",\"inLanguage\":\"de\",\"@id\":\"https:\\\/\\\/secure.gravatar.com\\\/avatar\\\/785963a239158e0d036c182ccde6b24c2d0822b83af8ab1b3773045a106114df?s=96&d=mm&r=g\",\"url\":\"https:\\\/\\\/secure.gravatar.com\\\/avatar\\\/785963a239158e0d036c182ccde6b24c2d0822b83af8ab1b3773045a106114df?s=96&d=mm&r=g\",\"contentUrl\":\"https:\\\/\\\/secure.gravatar.com\\\/avatar\\\/785963a239158e0d036c182ccde6b24c2d0822b83af8ab1b3773045a106114df?s=96&d=mm&r=g\",\"caption\":\"Maria Kretschmann\"},\"url\":\"https:\\\/\\\/lehrer-werden-in-sachsen.de\\\/stage\\\/author\\\/maria-kretschmann\\\/\"}]}<\/script>\n<!-- \/ Yoast SEO plugin. -->","yoast_head_json":{"title":"LEHRERIN SACHSEN | Leipziger Buchmesse","description":"Nach drei Pandemiejahren kehrt in der Welt der Buchmessen wieder Normalit\u00e4t ein: Die Leipziger Buchmesse findet 2023 endlich wieder statt!","robots":{"index":"index","follow":"follow","max-snippet":"max-snippet:-1","max-image-preview":"max-image-preview:large","max-video-preview":"max-video-preview:-1"},"canonical":"https:\/\/lehrer-werden-in-sachsen.de\/lehrergewinnung-goes-leipziger-buchmesse\/","og_locale":"de_DE","og_type":"article","og_title":"LEHRERIN SACHSEN | Leipziger Buchmesse","og_description":"Nach drei Pandemiejahren kehrt in der Welt der Buchmessen wieder Normalit\u00e4t ein: Die Leipziger Buchmesse findet 2023 endlich wieder statt!","og_url":"https:\/\/lehrer-werden-in-sachsen.de\/lehrergewinnung-goes-leipziger-buchmesse\/","og_site_name":"LEHRERIN SACHSEN","article_published_time":"2023-04-20T09:49:22+00:00","article_modified_time":"2025-10-10T09:57:48+00:00","og_image":[{"width":1920,"height":970,"url":"https:\/\/lehrer-werden-in-sachsen.de\/wp-content\/uploads\/2023\/04\/SMK-Blog-Header-Buchmesse_1920x970px-\u2013-4.jpg","type":"image\/jpeg"}],"author":"Maria Kretschmann","twitter_card":"summary_large_image","twitter_misc":{"Verfasst von":"Maria Kretschmann","Gesch\u00e4tzte Lesezeit":"3\u00a0Minuten"},"schema":{"@context":"https:\/\/schema.org","@graph":[{"@type":"Article","@id":"https:\/\/lehrer-werden-in-sachsen.de\/lehrergewinnung-goes-leipziger-buchmesse\/#article","isPartOf":{"@id":"https:\/\/lehrer-werden-in-sachsen.de\/lehrergewinnung-goes-leipziger-buchmesse\/"},"author":{"name":"Maria Kretschmann","@id":"https:\/\/lehrer-werden-in-sachsen.de\/#\/schema\/person\/4a127ffcfbf4e52ff0f66dcd7b4a5cc1"},"headline":"Lehrergewinnung goes Leipziger Buchmesse","datePublished":"2023-04-20T09:49:22+00:00","dateModified":"2025-10-10T09:57:48+00:00","mainEntityOfPage":{"@id":"https:\/\/lehrer-werden-in-sachsen.de\/lehrergewinnung-goes-leipziger-buchmesse\/"},"wordCount":442,"publisher":{"@id":"https:\/\/lehrer-werden-in-sachsen.de\/#organization"},"image":{"@id":"https:\/\/lehrer-werden-in-sachsen.de\/lehrergewinnung-goes-leipziger-buchmesse\/#primaryimage"},"thumbnailUrl":"https:\/\/lehrer-werden-in-sachsen.de\/stage\/wp-content\/uploads\/2023\/04\/SMK-Blog-Header-Buchmesse_1920x970px-\u2013-4.jpg","keywords":["Bildungspolitik","Lehramtsstudium","Veranstaltung","Vorbereitungsdienst"],"articleSection":["Blog"],"inLanguage":"de"},{"@type":"WebPage","@id":"https:\/\/lehrer-werden-in-sachsen.de\/lehrergewinnung-goes-leipziger-buchmesse\/","url":"https:\/\/lehrer-werden-in-sachsen.de\/lehrergewinnung-goes-leipziger-buchmesse\/","name":"LEHRERIN SACHSEN | Leipziger Buchmesse","isPartOf":{"@id":"https:\/\/lehrer-werden-in-sachsen.de\/#website"},"primaryImageOfPage":{"@id":"https:\/\/lehrer-werden-in-sachsen.de\/lehrergewinnung-goes-leipziger-buchmesse\/#primaryimage"},"image":{"@id":"https:\/\/lehrer-werden-in-sachsen.de\/lehrergewinnung-goes-leipziger-buchmesse\/#primaryimage"},"thumbnailUrl":"https:\/\/lehrer-werden-in-sachsen.de\/stage\/wp-content\/uploads\/2023\/04\/SMK-Blog-Header-Buchmesse_1920x970px-\u2013-4.jpg","datePublished":"2023-04-20T09:49:22+00:00","dateModified":"2025-10-10T09:57:48+00:00","description":"Nach drei Pandemiejahren kehrt in der Welt der Buchmessen wieder Normalit\u00e4t ein: Die Leipziger Buchmesse findet 2023 endlich wieder statt!","breadcrumb":{"@id":"https:\/\/lehrer-werden-in-sachsen.de\/lehrergewinnung-goes-leipziger-buchmesse\/#breadcrumb"},"inLanguage":"de","potentialAction":[{"@type":"ReadAction","target":["https:\/\/lehrer-werden-in-sachsen.de\/lehrergewinnung-goes-leipziger-buchmesse\/"]}]},{"@type":"ImageObject","inLanguage":"de","@id":"https:\/\/lehrer-werden-in-sachsen.de\/lehrergewinnung-goes-leipziger-buchmesse\/#primaryimage","url":"https:\/\/lehrer-werden-in-sachsen.de\/stage\/wp-content\/uploads\/2023\/04\/SMK-Blog-Header-Buchmesse_1920x970px-\u2013-4.jpg","contentUrl":"https:\/\/lehrer-werden-in-sachsen.de\/stage\/wp-content\/uploads\/2023\/04\/SMK-Blog-Header-Buchmesse_1920x970px-\u2013-4.jpg","width":1920,"height":970,"caption":"Frau h\u00e4lt eine gelbe Inspirationskarte mit dem Text 'INSPIRATION' in der Hand."},{"@type":"BreadcrumbList","@id":"https:\/\/lehrer-werden-in-sachsen.de\/lehrergewinnung-goes-leipziger-buchmesse\/#breadcrumb","itemListElement":[{"@type":"ListItem","position":1,"name":"Startseite","item":"https:\/\/lehrer-werden-in-sachsen.de\/"},{"@type":"ListItem","position":2,"name":"Lehrergewinnung goes Leipziger Buchmesse"}]},{"@type":"WebSite","@id":"https:\/\/lehrer-werden-in-sachsen.de\/#website","url":"https:\/\/lehrer-werden-in-sachsen.de\/","name":"LEHRERIN SACHSEN","description":"Eine Klasse f\u00fcr sich.","publisher":{"@id":"https:\/\/lehrer-werden-in-sachsen.de\/#organization"},"potentialAction":[{"@type":"SearchAction","target":{"@type":"EntryPoint","urlTemplate":"https:\/\/lehrer-werden-in-sachsen.de\/?s={search_term_string}"},"query-input":{"@type":"PropertyValueSpecification","valueRequired":true,"valueName":"search_term_string"}}],"inLanguage":"de"},{"@type":"Organization","@id":"https:\/\/lehrer-werden-in-sachsen.de\/#organization","name":"LEHRERIN SACHSEN","url":"https:\/\/lehrer-werden-in-sachsen.de\/","logo":{"@type":"ImageObject","inLanguage":"de","@id":"https:\/\/lehrer-werden-in-sachsen.de\/#\/schema\/logo\/image\/","url":"https:\/\/lehrer-werden-in-sachsen.de\/stage\/wp-content\/uploads\/2022\/02\/SMK_Leherin-Sachsen-Marke_RGB_Violett-Orange.svg","contentUrl":"https:\/\/lehrer-werden-in-sachsen.de\/stage\/wp-content\/uploads\/2022\/02\/SMK_Leherin-Sachsen-Marke_RGB_Violett-Orange.svg","caption":"LEHRERIN SACHSEN"},"image":{"@id":"https:\/\/lehrer-werden-in-sachsen.de\/#\/schema\/logo\/image\/"}},{"@type":"Person","@id":"https:\/\/lehrer-werden-in-sachsen.de\/#\/schema\/person\/4a127ffcfbf4e52ff0f66dcd7b4a5cc1","name":"Maria Kretschmann","image":{"@type":"ImageObject","inLanguage":"de","@id":"https:\/\/secure.gravatar.com\/avatar\/785963a239158e0d036c182ccde6b24c2d0822b83af8ab1b3773045a106114df?s=96&d=mm&r=g","url":"https:\/\/secure.gravatar.com\/avatar\/785963a239158e0d036c182ccde6b24c2d0822b83af8ab1b3773045a106114df?s=96&d=mm&r=g","contentUrl":"https:\/\/secure.gravatar.com\/avatar\/785963a239158e0d036c182ccde6b24c2d0822b83af8ab1b3773045a106114df?s=96&d=mm&r=g","caption":"Maria Kretschmann"},"url":"https:\/\/lehrer-werden-in-sachsen.de\/stage\/author\/maria-kretschmann\/"}]}},"_links":{"self":[{"href":"https:\/\/lehrer-werden-in-sachsen.de\/stage\/wp-json\/wp\/v2\/posts\/10187","targetHints":{"allow":["GET"]}}],"collection":[{"href":"https:\/\/lehrer-werden-in-sachsen.de\/stage\/wp-json\/wp\/v2\/posts"}],"about":[{"href":"https:\/\/lehrer-werden-in-sachsen.de\/stage\/wp-json\/wp\/v2\/types\/post"}],"author":[{"embeddable":true,"href":"https:\/\/lehrer-werden-in-sachsen.de\/stage\/wp-json\/wp\/v2\/users\/13"}],"replies":[{"embeddable":true,"href":"https:\/\/lehrer-werden-in-sachsen.de\/stage\/wp-json\/wp\/v2\/comments?post=10187"}],"version-history":[{"count":88,"href":"https:\/\/lehrer-werden-in-sachsen.de\/stage\/wp-json\/wp\/v2\/posts\/10187\/revisions"}],"predecessor-version":[{"id":23939,"href":"https:\/\/lehrer-werden-in-sachsen.de\/stage\/wp-json\/wp\/v2\/posts\/10187\/revisions\/23939"}],"wp:featuredmedia":[{"embeddable":true,"href":"https:\/\/lehrer-werden-in-sachsen.de\/stage\/wp-json\/wp\/v2\/media\/10189"}],"wp:attachment":[{"href":"https:\/\/lehrer-werden-in-sachsen.de\/stage\/wp-json\/wp\/v2\/media?parent=10187"}],"wp:term":[{"taxonomy":"category","embeddable":true,"href":"https:\/\/lehrer-werden-in-sachsen.de\/stage\/wp-json\/wp\/v2\/categories?post=10187"},{"taxonomy":"post_tag","embeddable":true,"href":"https:\/\/lehrer-werden-in-sachsen.de\/stage\/wp-json\/wp\/v2\/tags?post=10187"}],"curies":[{"name":"wp","href":"https:\/\/api.w.org\/{rel}","templated":true}]}}